{"id":30685,"date":"2021-10-20T01:31:52","date_gmt":"2021-10-20T04:31:52","guid":{"rendered":"https:\/\/www.cidademarketing.com.br\/marketing\/?p=30685"},"modified":"2022-03-04T01:00:04","modified_gmt":"2022-03-04T04:00:04","slug":"podcast-supermercados-extra-em-sp-a-bandeja-vazia-sem-carne-procon-sp-vai-multar-varejista","status":"publish","type":"post","link":"https:\/\/www.cidademarketing.com.br\/marketing\/2021\/10\/20\/podcast-supermercados-extra-em-sp-a-bandeja-vazia-sem-carne-procon-sp-vai-multar-varejista\/","title":{"rendered":"Podcast: Supermercados Extra em SP: A bandeja &#8220;vazia&#8221; sem carne; Procon-SP vai multar o varejista"},"content":{"rendered":"\r\n<p>&nbsp;<\/p>\r\n<iframe style=\"border-radius:12px\" src=\"https:\/\/open.spotify.com\/embed\/episode\/03okS3k7AIp2DyPdBzsE2I?utm_source=generator&#038;t=0\" width=\"100%\" height=\"232\" frameBorder=\"0\" allowfullscreen=\"\" allow=\"autoplay; clipboard-write; encrypted-media; fullscreen; picture-in-picture\"><\/iframe>\r\n\r\n\r\n\r\n<p>O Supermercado Extra no Jardim \u00c2ngela, na Zona Sul de S\u00e3o Paulo, foi <a href=\"https:\/\/www.facebook.com\/fabiana.ivo.1\" target=\"_blank\" rel=\"noreferrer noopener\" data-type=\"URL\" data-id=\"https:\/\/www.facebook.com\/fabiana.ivo.1\">denunciado nas redes sociais<\/a> na \u00faltima quinta (14) pela educadora e ativista Fabiana Ivo. Ela contou pelo Facebook, que recebeu uma bandeja de carne vazia no supermercado e foi comunicada que receberia o produto apenas ap\u00f3s o pagamento no caixa.<br \/>A pr\u00e1tica se repetiu tamb\u00e9m na unidade do Cambuci, na regi\u00e3o central, nesta segunda (18) &#8211; fato relatado pela equipe do G1.<br \/>O Extra comunicou que a pr\u00e1tica \u00e9 uma \u201cfalha de procedimento\u201d, que \u201cn\u00e3o faz parte da pol\u00edtica de atendimento\u201d da empresa. Acrescentou que, \u201cao tomar conhecimento do fato, tomou provid\u00eancias para que a pr\u00e1tica fosse imediatamente descontinuada\u201d.<br \/>Procon comunicou que ir\u00e1 multar o Extra por discrimina\u00e7\u00e3o e m\u00e9todo vexat\u00f3rio de cobran\u00e7a ap\u00f3s entrega de bandeja sem carne em SP.<\/p>\r\n\r\n\r\n\r\n<p>&nbsp;<\/p>\r\n\r\n\r\n\r\n<p><strong>Podcast CidadeMarketing<\/strong><\/p>\r\n\r\n\r\n\r\n<p>Basicamente, o podcast \u00e9 um arquivo de \u00e1udio que fala sobre um determinado tema. S\u00e3o semelhantes aos programas de r\u00e1dio criados para o mercado digital, onde voc\u00ea pode fazer downloads e escutar direto no seu smartphone, tablet ou notebook. Ouvindo os Podcasts do CidadeMarketing voc\u00ea ganha um precioso tempo assimilando conhecimento.<\/p>\r\n\r\n\r\n\r\n<p>Aqui voc\u00ea encontra os podcasts produzidos pela equipe do Portal CidadeMarketing. Conhe\u00e7a mais sobre marketing, empreendedorismo, inova\u00e7\u00e3o, estrat\u00e9gias, lideran\u00e7a, marcas e muitos outros assunto do mundo dos neg\u00f3cios. Toda semana temos um resumo das principais not\u00edcias em formato de conte\u00fado falado.<\/p>\r\n\r\n\r\n\r\n<p>Nosso conte\u00fado \u00e9 desenvolvido com exclusividade para as plataformas digitais e fica dispon\u00edvel toda semana durante todo o ano. Durante a semana, v\u00e1rios programas s\u00e3o\u00a0 gravados sob o comando no nosso editor executivo Thales Brand\u00e3o e convidados.\u00a0 Todos os entrevistados dos programas s\u00e3o profissionais e professores renomados no mercado e contam sobre suas experi\u00eancias ou comentam as mat\u00e9rias que foram destaques no portal.<\/p>\r\n\r\n\r\n\r\n<p>O nosso canal de \u00e1udio segue o modelo dos principais Podcasts de sucesso no Brasil e no mundo e focado no comportamento do novo consumidor que preferem baixar programas e ouvir quando e onde quiser, ficando assim bem informado sobre o mundo dos neg\u00f3cios, mesmo sem sinal de r\u00e1dio ou de internet.<\/p>\r\n\r\n\r\n\r\n<p><strong>Como Assinar:<\/strong><\/p>\r\n\r\n\r\n\r\n<p>Fique por dentro de tudo que acontece no mundo dos neg\u00f3cios. Siga as dicas deste r\u00e1pido tutorial para assinar os podcasts do CidadeMarketing diretamente pelo seu smartphone, tablet ou notebook! \u00c9 simples e r\u00e1pido.<\/p>\r\n\r\n\r\n\r\n\r\n\r\n<figure class=\"wp-block-image\"><a href=\"https:\/\/podcasts.apple.com\/br\/podcast\/podcast-cidademarketing\/id1371923283\" target=\"_blank\" rel=\"noreferrer noopener\"><img decoding=\"async\" width=\"165\" height=\"45\" class=\"wp-image-29764\" src=\"https:\/\/www.cidademarketing.com.br\/marketing\/wp-content\/uploads\/2021\/09\/listen_podcast_cidademarketing_apple.jpg\" alt=\"\" \/><\/a><\/figure>\r\n\r\n\r\n\r\n<figure class=\"wp-block-image\"><a href=\"https:\/\/soundcloud.com\/cidademarketing\" target=\"_blank\" rel=\"noreferrer noopener\"><img decoding=\"async\" width=\"165\" height=\"55\" class=\"wp-image-29766\" src=\"https:\/\/www.cidademarketing.com.br\/marketing\/wp-content\/uploads\/2021\/09\/soundcloud-cidademarketing.jpg\" alt=\"\" \/><\/a><\/figure>\r\n\r\n\r\n\r\n<figure class=\"wp-block-image\"><a href=\"https:\/\/bit.ly\/3CPTX88\" target=\"_blank\" rel=\"noreferrer noopener\"><img decoding=\"async\" width=\"165\" height=\"39\" class=\"wp-image-29767\" src=\"https:\/\/www.cidademarketing.com.br\/marketing\/wp-content\/uploads\/2021\/09\/podcast_google_cidademarketing.jpg\" alt=\"\" \/><\/a><br \/><br \/><a href=\"https:\/\/amzn.to\/3JliXHG\" target=\"_blank\" rel=\"noopener\"><img loading=\"lazy\" decoding=\"async\" class=\"wp-image-34386 alignnone\" src=\"https:\/\/www.cidademarketing.com.br\/marketing\/wp-content\/uploads\/2021\/10\/amazonmusic_podcast-300x106.jpg\" alt=\"\" width=\"165\" height=\"58\" srcset=\"https:\/\/www.cidademarketing.com.br\/marketing\/wp-content\/uploads\/2021\/10\/amazonmusic_podcast-300x106.jpg 300w, https:\/\/www.cidademarketing.com.br\/marketing\/wp-content\/uploads\/2021\/10\/amazonmusic_podcast-768x270.jpg 768w, https:\/\/www.cidademarketing.com.br\/marketing\/wp-content\/uploads\/2021\/10\/amazonmusic_podcast-640x225.jpg 640w, https:\/\/www.cidademarketing.com.br\/marketing\/wp-content\/uploads\/2021\/10\/amazonmusic_podcast-681x240.jpg 681w, https:\/\/www.cidademarketing.com.br\/marketing\/wp-content\/uploads\/2021\/10\/amazonmusic_podcast.jpg 835w\" sizes=\"(max-width: 165px) 100vw, 165px\" \/><\/a><\/figure>\r\n\r\n\r\n\r\n<p>&nbsp;<\/p>\r\n<p><iframe style=\"width: 100%; max-width: 660px; overflow: hidden; background: transparent;\" src=\"https:\/\/embed.podcasts.apple.com\/br\/podcast\/podcast-cidademarketing\/id1371923283\" height=\"450\" frameborder=\"0\" sandbox=\"allow-forms allow-popups allow-same-origin allow-scripts allow-storage-access-by-user-activation allow-top-navigation-by-user-activation\"><\/iframe><\/p>\r\n","protected":false},"excerpt":{"rendered":"<p>&nbsp; O Supermercado Extra no Jardim \u00c2ngela, na Zona Sul de S\u00e3o Paulo, foi denunciado nas redes sociais na \u00faltima quinta (14) pela educadora e ativista Fabiana Ivo. Ela contou pelo Facebook, que recebeu uma bandeja de carne vazia no supermercado e foi comunicada que receberia o produto apenas ap\u00f3s o pagamento no caixa.A pr\u00e1tica [&hellip;]<\/p>\n","protected":false},"author":1,"featured_media":30686,"comment_status":"open","ping_status":"open","sticky":false,"template":"","format":"standard","meta":{"tdm_status":"","tdm_grid_status":"","footnotes":""},"categories":[41],"tags":[135,428,42,1692,4748,219],"class_list":["post-30685","post","type-post","status-publish","format-standard","has-post-thumbnail","hentry","category-podcast","tag-comportamento-do-consumidor","tag-extra","tag-podcast","tag-procon-sp-2","tag-supermercado-extra","tag-varejista"],"yoast_head":"<!-- This site is optimized with the Yoast SEO plugin v27.5 - https:\/\/yoast.com\/product\/yoast-seo-wordpress\/ -->\n<title>Podcast: Supermercados Extra em SP: A bandeja &quot;vazia&quot; sem carne; Procon-SP vai multar o varejista - CidadeMarketing<\/title>\n<meta name=\"robots\" content=\"index, follow, max-snippet:-1, max-image-preview:large, max-video-preview:-1\" \/>\n<link rel=\"canonical\" href=\"https:\/\/www.cidademarketing.com.br\/marketing\/2021\/10\/20\/podcast-supermercados-extra-em-sp-a-bandeja-vazia-sem-carne-procon-sp-vai-multar-varejista\/\" \/>\n<meta property=\"og:locale\" content=\"pt_BR\" \/>\n<meta property=\"og:type\" content=\"article\" \/>\n<meta property=\"og:title\" content=\"Podcast: Supermercados Extra em SP: A bandeja &quot;vazia&quot; sem carne; Procon-SP vai multar o varejista - CidadeMarketing\" \/>\n<meta property=\"og:description\" content=\"&nbsp; O Supermercado Extra no Jardim \u00c2ngela, na Zona Sul de S\u00e3o Paulo, foi denunciado nas redes sociais na \u00faltima quinta (14) pela educadora e ativista Fabiana Ivo. Ela contou pelo Facebook, que recebeu uma bandeja de carne vazia no supermercado e foi comunicada que receberia o produto apenas ap\u00f3s o pagamento no caixa.A pr\u00e1tica [&hellip;]\" \/>\n<meta property=\"og:url\" content=\"https:\/\/www.cidademarketing.com.br\/marketing\/2021\/10\/20\/podcast-supermercados-extra-em-sp-a-bandeja-vazia-sem-carne-procon-sp-vai-multar-varejista\/\" \/>\n<meta property=\"og:site_name\" content=\"CidadeMarketing\" \/>\n<meta property=\"article:publisher\" content=\"https:\/\/www.facebook.com\/portalcidademarketing\" \/>\n<meta property=\"article:author\" content=\"https:\/\/www.facebook.com\/thalesbrandao\" \/>\n<meta property=\"article:published_time\" content=\"2021-10-20T04:31:52+00:00\" \/>\n<meta property=\"article:modified_time\" content=\"2022-03-04T04:00:04+00:00\" \/>\n<meta property=\"og:image\" content=\"https:\/\/www.cidademarketing.com.br\/marketing\/wp-content\/uploads\/2021\/10\/extra_bandejasemcarne.png\" \/>\n\t<meta property=\"og:image:width\" content=\"1080\" \/>\n\t<meta property=\"og:image:height\" content=\"1080\" \/>\n\t<meta property=\"og:image:type\" content=\"image\/png\" \/>\n<meta name=\"author\" content=\"Thales Brand\u00e3o\" \/>\n<meta name=\"twitter:card\" content=\"summary_large_image\" \/>\n<meta name=\"twitter:creator\" content=\"@http:\/\/www.twitter.com\/thalesbrandao\" \/>\n<meta name=\"twitter:site\" content=\"@CidadeMarketing\" \/>\n<meta name=\"twitter:label1\" content=\"Escrito por\" \/>\n\t<meta name=\"twitter:data1\" content=\"Thales Brand\u00e3o\" \/>\n\t<meta name=\"twitter:label2\" content=\"Est. tempo de leitura\" \/>\n\t<meta name=\"twitter:data2\" content=\"2 minutos\" \/>\n<script type=\"application\/ld+json\" class=\"yoast-schema-graph\">{\"@context\":\"https:\\\/\\\/schema.org\",\"@graph\":[{\"@type\":\"Article\",\"@id\":\"https:\\\/\\\/www.cidademarketing.com.br\\\/marketing\\\/2021\\\/10\\\/20\\\/podcast-supermercados-extra-em-sp-a-bandeja-vazia-sem-carne-procon-sp-vai-multar-varejista\\\/#article\",\"isPartOf\":{\"@id\":\"https:\\\/\\\/www.cidademarketing.com.br\\\/marketing\\\/2021\\\/10\\\/20\\\/podcast-supermercados-extra-em-sp-a-bandeja-vazia-sem-carne-procon-sp-vai-multar-varejista\\\/\"},\"author\":{\"name\":\"Thales Brand\u00e3o\",\"@id\":\"https:\\\/\\\/www.cidademarketing.com.br\\\/marketing\\\/#\\\/schema\\\/person\\\/02daff9f18bd9378c9e01eb6b2db155f\"},\"headline\":\"Podcast: Supermercados Extra em SP: A bandeja &#8220;vazia&#8221; sem carne; Procon-SP vai multar o varejista\",\"datePublished\":\"2021-10-20T04:31:52+00:00\",\"dateModified\":\"2022-03-04T04:00:04+00:00\",\"mainEntityOfPage\":{\"@id\":\"https:\\\/\\\/www.cidademarketing.com.br\\\/marketing\\\/2021\\\/10\\\/20\\\/podcast-supermercados-extra-em-sp-a-bandeja-vazia-sem-carne-procon-sp-vai-multar-varejista\\\/\"},\"wordCount\":428,\"commentCount\":0,\"publisher\":{\"@id\":\"https:\\\/\\\/www.cidademarketing.com.br\\\/marketing\\\/#organization\"},\"image\":{\"@id\":\"https:\\\/\\\/www.cidademarketing.com.br\\\/marketing\\\/2021\\\/10\\\/20\\\/podcast-supermercados-extra-em-sp-a-bandeja-vazia-sem-carne-procon-sp-vai-multar-varejista\\\/#primaryimage\"},\"thumbnailUrl\":\"https:\\\/\\\/www.cidademarketing.com.br\\\/marketing\\\/wp-content\\\/uploads\\\/2021\\\/10\\\/extra_bandejasemcarne.png\",\"keywords\":[\"comportamento do consumidor\",\"Extra\",\"podcast\",\"Procon-SP\",\"supermercado Extra\",\"varejista\"],\"articleSection\":[\"Podcast\"],\"inLanguage\":\"pt-BR\",\"potentialAction\":[{\"@type\":\"CommentAction\",\"name\":\"Comment\",\"target\":[\"https:\\\/\\\/www.cidademarketing.com.br\\\/marketing\\\/2021\\\/10\\\/20\\\/podcast-supermercados-extra-em-sp-a-bandeja-vazia-sem-carne-procon-sp-vai-multar-varejista\\\/#respond\"]}]},{\"@type\":\"WebPage\",\"@id\":\"https:\\\/\\\/www.cidademarketing.com.br\\\/marketing\\\/2021\\\/10\\\/20\\\/podcast-supermercados-extra-em-sp-a-bandeja-vazia-sem-carne-procon-sp-vai-multar-varejista\\\/\",\"url\":\"https:\\\/\\\/www.cidademarketing.com.br\\\/marketing\\\/2021\\\/10\\\/20\\\/podcast-supermercados-extra-em-sp-a-bandeja-vazia-sem-carne-procon-sp-vai-multar-varejista\\\/\",\"name\":\"Podcast: Supermercados Extra em SP: A bandeja \\\"vazia\\\" sem carne; Procon-SP vai multar o varejista - CidadeMarketing\",\"isPartOf\":{\"@id\":\"https:\\\/\\\/www.cidademarketing.com.br\\\/marketing\\\/#website\"},\"primaryImageOfPage\":{\"@id\":\"https:\\\/\\\/www.cidademarketing.com.br\\\/marketing\\\/2021\\\/10\\\/20\\\/podcast-supermercados-extra-em-sp-a-bandeja-vazia-sem-carne-procon-sp-vai-multar-varejista\\\/#primaryimage\"},\"image\":{\"@id\":\"https:\\\/\\\/www.cidademarketing.com.br\\\/marketing\\\/2021\\\/10\\\/20\\\/podcast-supermercados-extra-em-sp-a-bandeja-vazia-sem-carne-procon-sp-vai-multar-varejista\\\/#primaryimage\"},\"thumbnailUrl\":\"https:\\\/\\\/www.cidademarketing.com.br\\\/marketing\\\/wp-content\\\/uploads\\\/2021\\\/10\\\/extra_bandejasemcarne.png\",\"datePublished\":\"2021-10-20T04:31:52+00:00\",\"dateModified\":\"2022-03-04T04:00:04+00:00\",\"breadcrumb\":{\"@id\":\"https:\\\/\\\/www.cidademarketing.com.br\\\/marketing\\\/2021\\\/10\\\/20\\\/podcast-supermercados-extra-em-sp-a-bandeja-vazia-sem-carne-procon-sp-vai-multar-varejista\\\/#breadcrumb\"},\"inLanguage\":\"pt-BR\",\"potentialAction\":[{\"@type\":\"ReadAction\",\"target\":[\"https:\\\/\\\/www.cidademarketing.com.br\\\/marketing\\\/2021\\\/10\\\/20\\\/podcast-supermercados-extra-em-sp-a-bandeja-vazia-sem-carne-procon-sp-vai-multar-varejista\\\/\"]}]},{\"@type\":\"ImageObject\",\"inLanguage\":\"pt-BR\",\"@id\":\"https:\\\/\\\/www.cidademarketing.com.br\\\/marketing\\\/2021\\\/10\\\/20\\\/podcast-supermercados-extra-em-sp-a-bandeja-vazia-sem-carne-procon-sp-vai-multar-varejista\\\/#primaryimage\",\"url\":\"https:\\\/\\\/www.cidademarketing.com.br\\\/marketing\\\/wp-content\\\/uploads\\\/2021\\\/10\\\/extra_bandejasemcarne.png\",\"contentUrl\":\"https:\\\/\\\/www.cidademarketing.com.br\\\/marketing\\\/wp-content\\\/uploads\\\/2021\\\/10\\\/extra_bandejasemcarne.png\",\"width\":1080,\"height\":1080,\"caption\":\"Reprodu\u00e7\u00e3o\\\/Fabiana Ivo\\\/Facebook\"},{\"@type\":\"BreadcrumbList\",\"@id\":\"https:\\\/\\\/www.cidademarketing.com.br\\\/marketing\\\/2021\\\/10\\\/20\\\/podcast-supermercados-extra-em-sp-a-bandeja-vazia-sem-carne-procon-sp-vai-multar-varejista\\\/#breadcrumb\",\"itemListElement\":[{\"@type\":\"ListItem\",\"position\":1,\"name\":\"In\u00edcio\",\"item\":\"https:\\\/\\\/www.cidademarketing.com.br\\\/marketing\\\/\"},{\"@type\":\"ListItem\",\"position\":2,\"name\":\"Podcast: Supermercados Extra em SP: A bandeja &#8220;vazia&#8221; sem carne; Procon-SP vai multar o varejista\"}]},{\"@type\":\"WebSite\",\"@id\":\"https:\\\/\\\/www.cidademarketing.com.br\\\/marketing\\\/#website\",\"url\":\"https:\\\/\\\/www.cidademarketing.com.br\\\/marketing\\\/\",\"name\":\"CidadeMarketing\",\"description\":\"Somos um ve\u00edculo de comunica\u00e7\u00e3o de destaque no Brasil, reconhecido por conte\u00fados nos segmentos de marketing, empreendedorismo e inova\u00e7\u00e3o.\",\"publisher\":{\"@id\":\"https:\\\/\\\/www.cidademarketing.com.br\\\/marketing\\\/#organization\"},\"alternateName\":\"CidadeMarketing\",\"potentialAction\":[{\"@type\":\"SearchAction\",\"target\":{\"@type\":\"EntryPoint\",\"urlTemplate\":\"https:\\\/\\\/www.cidademarketing.com.br\\\/marketing\\\/?s={search_term_string}\"},\"query-input\":{\"@type\":\"PropertyValueSpecification\",\"valueRequired\":true,\"valueName\":\"search_term_string\"}}],\"inLanguage\":\"pt-BR\"},{\"@type\":\"Organization\",\"@id\":\"https:\\\/\\\/www.cidademarketing.com.br\\\/marketing\\\/#organization\",\"name\":\"CidadeMarketing\",\"alternateName\":\"CidadeMarketing\",\"url\":\"https:\\\/\\\/www.cidademarketing.com.br\\\/marketing\\\/\",\"logo\":{\"@type\":\"ImageObject\",\"inLanguage\":\"pt-BR\",\"@id\":\"https:\\\/\\\/www.cidademarketing.com.br\\\/marketing\\\/#\\\/schema\\\/logo\\\/image\\\/\",\"url\":\"https:\\\/\\\/www.cidademarketing.com.br\\\/marketing\\\/wp-content\\\/uploads\\\/2020\\\/01\\\/cidademarketing_marca_mobile.png\",\"contentUrl\":\"https:\\\/\\\/www.cidademarketing.com.br\\\/marketing\\\/wp-content\\\/uploads\\\/2020\\\/01\\\/cidademarketing_marca_mobile.png\",\"width\":230,\"height\":92,\"caption\":\"CidadeMarketing\"},\"image\":{\"@id\":\"https:\\\/\\\/www.cidademarketing.com.br\\\/marketing\\\/#\\\/schema\\\/logo\\\/image\\\/\"},\"sameAs\":[\"https:\\\/\\\/www.facebook.com\\\/portalcidademarketing\",\"https:\\\/\\\/x.com\\\/CidadeMarketing\",\"https:\\\/\\\/www.instagram.com\\\/cidademarketing\\\/\"]},{\"@type\":\"Person\",\"@id\":\"https:\\\/\\\/www.cidademarketing.com.br\\\/marketing\\\/#\\\/schema\\\/person\\\/02daff9f18bd9378c9e01eb6b2db155f\",\"name\":\"Thales Brand\u00e3o\",\"image\":{\"@type\":\"ImageObject\",\"inLanguage\":\"pt-BR\",\"@id\":\"https:\\\/\\\/secure.gravatar.com\\\/avatar\\\/7ca3206950207cc3cb48feec56a8a7898741ab725c368d99d5d7a5a50aab80c6?s=96&d=mm&r=g\",\"url\":\"https:\\\/\\\/secure.gravatar.com\\\/avatar\\\/7ca3206950207cc3cb48feec56a8a7898741ab725c368d99d5d7a5a50aab80c6?s=96&d=mm&r=g\",\"contentUrl\":\"https:\\\/\\\/secure.gravatar.com\\\/avatar\\\/7ca3206950207cc3cb48feec56a8a7898741ab725c368d99d5d7a5a50aab80c6?s=96&d=mm&r=g\",\"caption\":\"Thales Brand\u00e3o\"},\"description\":\"Editor Executivo do Portal CidadeMarketing.com.br &gt; Mestre em Comunica\u00e7\u00e3o e Sociedade pela Universidade Federal de Sergipe. Possui MBA Executivo em Administra\u00e7\u00e3o com \u00eanfase em Marketing pela Funda\u00e7\u00e3o Get\u00falio Vargas - Rio de Janeiro. Consultor, Palestrante e Pesquisador sobre Empreendedorismo, Marketing, Redes Sociais e Neg\u00f3cios Digitais. Professor, Palestrante TedxTalks e Campus Party. Twitter: @ThalesBrandao\",\"sameAs\":[\"http:\\\/\\\/www.mandacaru.com.br\",\"https:\\\/\\\/www.facebook.com\\\/thalesbrandao\",\"http:\\\/\\\/www.instagram.com.br\\\/thalesbrandaoferreira\",\"https:\\\/\\\/www.linkedin.com\\\/in\\\/thales-brand\u00e3o-3948609\\\/\",\"https:\\\/\\\/x.com\\\/http:\\\/\\\/www.twitter.com\\\/thalesbrandao\"],\"url\":\"https:\\\/\\\/www.cidademarketing.com.br\\\/marketing\\\/author\\\/thalesbrandao\\\/\"}]}<\/script>\n<!-- \/ Yoast SEO plugin. -->","yoast_head_json":{"title":"Podcast: Supermercados Extra em SP: A bandeja \"vazia\" sem carne; Procon-SP vai multar o varejista - CidadeMarketing","robots":{"index":"index","follow":"follow","max-snippet":"max-snippet:-1","max-image-preview":"max-image-preview:large","max-video-preview":"max-video-preview:-1"},"canonical":"https:\/\/www.cidademarketing.com.br\/marketing\/2021\/10\/20\/podcast-supermercados-extra-em-sp-a-bandeja-vazia-sem-carne-procon-sp-vai-multar-varejista\/","og_locale":"pt_BR","og_type":"article","og_title":"Podcast: Supermercados Extra em SP: A bandeja \"vazia\" sem carne; Procon-SP vai multar o varejista - CidadeMarketing","og_description":"&nbsp; O Supermercado Extra no Jardim \u00c2ngela, na Zona Sul de S\u00e3o Paulo, foi denunciado nas redes sociais na \u00faltima quinta (14) pela educadora e ativista Fabiana Ivo. Ela contou pelo Facebook, que recebeu uma bandeja de carne vazia no supermercado e foi comunicada que receberia o produto apenas ap\u00f3s o pagamento no caixa.A pr\u00e1tica [&hellip;]","og_url":"https:\/\/www.cidademarketing.com.br\/marketing\/2021\/10\/20\/podcast-supermercados-extra-em-sp-a-bandeja-vazia-sem-carne-procon-sp-vai-multar-varejista\/","og_site_name":"CidadeMarketing","article_publisher":"https:\/\/www.facebook.com\/portalcidademarketing","article_author":"https:\/\/www.facebook.com\/thalesbrandao","article_published_time":"2021-10-20T04:31:52+00:00","article_modified_time":"2022-03-04T04:00:04+00:00","og_image":[{"width":1080,"height":1080,"url":"https:\/\/www.cidademarketing.com.br\/marketing\/wp-content\/uploads\/2021\/10\/extra_bandejasemcarne.png","type":"image\/png"}],"author":"Thales Brand\u00e3o","twitter_card":"summary_large_image","twitter_creator":"@http:\/\/www.twitter.com\/thalesbrandao","twitter_site":"@CidadeMarketing","twitter_misc":{"Escrito por":"Thales Brand\u00e3o","Est. tempo de leitura":"2 minutos"},"schema":{"@context":"https:\/\/schema.org","@graph":[{"@type":"Article","@id":"https:\/\/www.cidademarketing.com.br\/marketing\/2021\/10\/20\/podcast-supermercados-extra-em-sp-a-bandeja-vazia-sem-carne-procon-sp-vai-multar-varejista\/#article","isPartOf":{"@id":"https:\/\/www.cidademarketing.com.br\/marketing\/2021\/10\/20\/podcast-supermercados-extra-em-sp-a-bandeja-vazia-sem-carne-procon-sp-vai-multar-varejista\/"},"author":{"name":"Thales Brand\u00e3o","@id":"https:\/\/www.cidademarketing.com.br\/marketing\/#\/schema\/person\/02daff9f18bd9378c9e01eb6b2db155f"},"headline":"Podcast: Supermercados Extra em SP: A bandeja &#8220;vazia&#8221; sem carne; Procon-SP vai multar o varejista","datePublished":"2021-10-20T04:31:52+00:00","dateModified":"2022-03-04T04:00:04+00:00","mainEntityOfPage":{"@id":"https:\/\/www.cidademarketing.com.br\/marketing\/2021\/10\/20\/podcast-supermercados-extra-em-sp-a-bandeja-vazia-sem-carne-procon-sp-vai-multar-varejista\/"},"wordCount":428,"commentCount":0,"publisher":{"@id":"https:\/\/www.cidademarketing.com.br\/marketing\/#organization"},"image":{"@id":"https:\/\/www.cidademarketing.com.br\/marketing\/2021\/10\/20\/podcast-supermercados-extra-em-sp-a-bandeja-vazia-sem-carne-procon-sp-vai-multar-varejista\/#primaryimage"},"thumbnailUrl":"https:\/\/www.cidademarketing.com.br\/marketing\/wp-content\/uploads\/2021\/10\/extra_bandejasemcarne.png","keywords":["comportamento do consumidor","Extra","podcast","Procon-SP","supermercado Extra","varejista"],"articleSection":["Podcast"],"inLanguage":"pt-BR","potentialAction":[{"@type":"CommentAction","name":"Comment","target":["https:\/\/www.cidademarketing.com.br\/marketing\/2021\/10\/20\/podcast-supermercados-extra-em-sp-a-bandeja-vazia-sem-carne-procon-sp-vai-multar-varejista\/#respond"]}]},{"@type":"WebPage","@id":"https:\/\/www.cidademarketing.com.br\/marketing\/2021\/10\/20\/podcast-supermercados-extra-em-sp-a-bandeja-vazia-sem-carne-procon-sp-vai-multar-varejista\/","url":"https:\/\/www.cidademarketing.com.br\/marketing\/2021\/10\/20\/podcast-supermercados-extra-em-sp-a-bandeja-vazia-sem-carne-procon-sp-vai-multar-varejista\/","name":"Podcast: Supermercados Extra em SP: A bandeja \"vazia\" sem carne; Procon-SP vai multar o varejista - CidadeMarketing","isPartOf":{"@id":"https:\/\/www.cidademarketing.com.br\/marketing\/#website"},"primaryImageOfPage":{"@id":"https:\/\/www.cidademarketing.com.br\/marketing\/2021\/10\/20\/podcast-supermercados-extra-em-sp-a-bandeja-vazia-sem-carne-procon-sp-vai-multar-varejista\/#primaryimage"},"image":{"@id":"https:\/\/www.cidademarketing.com.br\/marketing\/2021\/10\/20\/podcast-supermercados-extra-em-sp-a-bandeja-vazia-sem-carne-procon-sp-vai-multar-varejista\/#primaryimage"},"thumbnailUrl":"https:\/\/www.cidademarketing.com.br\/marketing\/wp-content\/uploads\/2021\/10\/extra_bandejasemcarne.png","datePublished":"2021-10-20T04:31:52+00:00","dateModified":"2022-03-04T04:00:04+00:00","breadcrumb":{"@id":"https:\/\/www.cidademarketing.com.br\/marketing\/2021\/10\/20\/podcast-supermercados-extra-em-sp-a-bandeja-vazia-sem-carne-procon-sp-vai-multar-varejista\/#breadcrumb"},"inLanguage":"pt-BR","potentialAction":[{"@type":"ReadAction","target":["https:\/\/www.cidademarketing.com.br\/marketing\/2021\/10\/20\/podcast-supermercados-extra-em-sp-a-bandeja-vazia-sem-carne-procon-sp-vai-multar-varejista\/"]}]},{"@type":"ImageObject","inLanguage":"pt-BR","@id":"https:\/\/www.cidademarketing.com.br\/marketing\/2021\/10\/20\/podcast-supermercados-extra-em-sp-a-bandeja-vazia-sem-carne-procon-sp-vai-multar-varejista\/#primaryimage","url":"https:\/\/www.cidademarketing.com.br\/marketing\/wp-content\/uploads\/2021\/10\/extra_bandejasemcarne.png","contentUrl":"https:\/\/www.cidademarketing.com.br\/marketing\/wp-content\/uploads\/2021\/10\/extra_bandejasemcarne.png","width":1080,"height":1080,"caption":"Reprodu\u00e7\u00e3o\/Fabiana Ivo\/Facebook"},{"@type":"BreadcrumbList","@id":"https:\/\/www.cidademarketing.com.br\/marketing\/2021\/10\/20\/podcast-supermercados-extra-em-sp-a-bandeja-vazia-sem-carne-procon-sp-vai-multar-varejista\/#breadcrumb","itemListElement":[{"@type":"ListItem","position":1,"name":"In\u00edcio","item":"https:\/\/www.cidademarketing.com.br\/marketing\/"},{"@type":"ListItem","position":2,"name":"Podcast: Supermercados Extra em SP: A bandeja &#8220;vazia&#8221; sem carne; Procon-SP vai multar o varejista"}]},{"@type":"WebSite","@id":"https:\/\/www.cidademarketing.com.br\/marketing\/#website","url":"https:\/\/www.cidademarketing.com.br\/marketing\/","name":"CidadeMarketing","description":"Somos um ve\u00edculo de comunica\u00e7\u00e3o de destaque no Brasil, reconhecido por conte\u00fados nos segmentos de marketing, empreendedorismo e inova\u00e7\u00e3o.","publisher":{"@id":"https:\/\/www.cidademarketing.com.br\/marketing\/#organization"},"alternateName":"CidadeMarketing","potentialAction":[{"@type":"SearchAction","target":{"@type":"EntryPoint","urlTemplate":"https:\/\/www.cidademarketing.com.br\/marketing\/?s={search_term_string}"},"query-input":{"@type":"PropertyValueSpecification","valueRequired":true,"valueName":"search_term_string"}}],"inLanguage":"pt-BR"},{"@type":"Organization","@id":"https:\/\/www.cidademarketing.com.br\/marketing\/#organization","name":"CidadeMarketing","alternateName":"CidadeMarketing","url":"https:\/\/www.cidademarketing.com.br\/marketing\/","logo":{"@type":"ImageObject","inLanguage":"pt-BR","@id":"https:\/\/www.cidademarketing.com.br\/marketing\/#\/schema\/logo\/image\/","url":"https:\/\/www.cidademarketing.com.br\/marketing\/wp-content\/uploads\/2020\/01\/cidademarketing_marca_mobile.png","contentUrl":"https:\/\/www.cidademarketing.com.br\/marketing\/wp-content\/uploads\/2020\/01\/cidademarketing_marca_mobile.png","width":230,"height":92,"caption":"CidadeMarketing"},"image":{"@id":"https:\/\/www.cidademarketing.com.br\/marketing\/#\/schema\/logo\/image\/"},"sameAs":["https:\/\/www.facebook.com\/portalcidademarketing","https:\/\/x.com\/CidadeMarketing","https:\/\/www.instagram.com\/cidademarketing\/"]},{"@type":"Person","@id":"https:\/\/www.cidademarketing.com.br\/marketing\/#\/schema\/person\/02daff9f18bd9378c9e01eb6b2db155f","name":"Thales Brand\u00e3o","image":{"@type":"ImageObject","inLanguage":"pt-BR","@id":"https:\/\/secure.gravatar.com\/avatar\/7ca3206950207cc3cb48feec56a8a7898741ab725c368d99d5d7a5a50aab80c6?s=96&d=mm&r=g","url":"https:\/\/secure.gravatar.com\/avatar\/7ca3206950207cc3cb48feec56a8a7898741ab725c368d99d5d7a5a50aab80c6?s=96&d=mm&r=g","contentUrl":"https:\/\/secure.gravatar.com\/avatar\/7ca3206950207cc3cb48feec56a8a7898741ab725c368d99d5d7a5a50aab80c6?s=96&d=mm&r=g","caption":"Thales Brand\u00e3o"},"description":"Editor Executivo do Portal CidadeMarketing.com.br &gt; Mestre em Comunica\u00e7\u00e3o e Sociedade pela Universidade Federal de Sergipe. Possui MBA Executivo em Administra\u00e7\u00e3o com \u00eanfase em Marketing pela Funda\u00e7\u00e3o Get\u00falio Vargas - Rio de Janeiro. Consultor, Palestrante e Pesquisador sobre Empreendedorismo, Marketing, Redes Sociais e Neg\u00f3cios Digitais. Professor, Palestrante TedxTalks e Campus Party. Twitter: @ThalesBrandao","sameAs":["http:\/\/www.mandacaru.com.br","https:\/\/www.facebook.com\/thalesbrandao","http:\/\/www.instagram.com.br\/thalesbrandaoferreira","https:\/\/www.linkedin.com\/in\/thales-brand\u00e3o-3948609\/","https:\/\/x.com\/http:\/\/www.twitter.com\/thalesbrandao"],"url":"https:\/\/www.cidademarketing.com.br\/marketing\/author\/thalesbrandao\/"}]}},"amp_enabled":true,"_links":{"self":[{"href":"https:\/\/www.cidademarketing.com.br\/marketing\/wp-json\/wp\/v2\/posts\/30685","targetHints":{"allow":["GET"]}}],"collection":[{"href":"https:\/\/www.cidademarketing.com.br\/marketing\/wp-json\/wp\/v2\/posts"}],"about":[{"href":"https:\/\/www.cidademarketing.com.br\/marketing\/wp-json\/wp\/v2\/types\/post"}],"author":[{"embeddable":true,"href":"https:\/\/www.cidademarketing.com.br\/marketing\/wp-json\/wp\/v2\/users\/1"}],"replies":[{"embeddable":true,"href":"https:\/\/www.cidademarketing.com.br\/marketing\/wp-json\/wp\/v2\/comments?post=30685"}],"version-history":[{"count":7,"href":"https:\/\/www.cidademarketing.com.br\/marketing\/wp-json\/wp\/v2\/posts\/30685\/revisions"}],"predecessor-version":[{"id":34796,"href":"https:\/\/www.cidademarketing.com.br\/marketing\/wp-json\/wp\/v2\/posts\/30685\/revisions\/34796"}],"wp:featuredmedia":[{"embeddable":true,"href":"https:\/\/www.cidademarketing.com.br\/marketing\/wp-json\/wp\/v2\/media\/30686"}],"wp:attachment":[{"href":"https:\/\/www.cidademarketing.com.br\/marketing\/wp-json\/wp\/v2\/media?parent=30685"}],"wp:term":[{"taxonomy":"category","embeddable":true,"href":"https:\/\/www.cidademarketing.com.br\/marketing\/wp-json\/wp\/v2\/categories?post=30685"},{"taxonomy":"post_tag","embeddable":true,"href":"https:\/\/www.cidademarketing.com.br\/marketing\/wp-json\/wp\/v2\/tags?post=30685"}],"curies":[{"name":"wp","href":"https:\/\/api.w.org\/{rel}","templated":true}]}}