{"id":30660,"date":"2021-10-19T14:03:52","date_gmt":"2021-10-19T17:03:52","guid":{"rendered":"https:\/\/www.cidademarketing.com.br\/marketing\/?p=30660"},"modified":"2021-10-19T14:03:54","modified_gmt":"2021-10-19T17:03:54","slug":"massey-ferguson-lanca-revista-da-turma-da-monica-sobre-a-evolucao-da-agricultura-no-brasil","status":"publish","type":"post","link":"https:\/\/www.cidademarketing.com.br\/marketing\/2021\/10\/19\/massey-ferguson-lanca-revista-da-turma-da-monica-sobre-a-evolucao-da-agricultura-no-brasil\/","title":{"rendered":"Massey Ferguson lan\u00e7a revista da Turma da M\u00f4nica sobre a evolu\u00e7\u00e3o da agricultura no Brasil"},"content":{"rendered":"\n<p><\/p><iframe src=\"https:\/\/open.spotify.com\/embed\/show\/4khMKzP3FgFRWVwb73xicc\" width=\"100%\" height=\"232\" frameBorder=\"0\" allowtransparency=\"true\" allow=\"encrypted-media\"><\/iframe>\t\n\n\n\n\n<p>A hist\u00f3ria da Massey Ferguson no Brasil ser\u00e1 contada em quadrinhos pela Turma da M\u00f4nica. Refer\u00eancia no mercado agr\u00edcola brasileiro, a marca lan\u00e7a no m\u00eas das Crian\u00e7as um gibi especial sobre a trajet\u00f3ria e a evolu\u00e7\u00e3o da agricultura brasileira. A iniciativa \u00e9 parte das celebra\u00e7\u00f5es dos 60 anos da inaugura\u00e7\u00e3o da sua primeira f\u00e1brica no Brasil.<br>Com o t\u00edtulo \u201cPlantando tecnologia e colhendo boas hist\u00f3rias\u201d, a aventura se passa no s\u00edtio de Chico Bento, que tamb\u00e9m comemora 60 anos em 2021. Cebolinha, M\u00f4nica e Magali conhecem um pouco do dia a dia do campo e a importante contribui\u00e7\u00e3o da marca para o processo de mecaniza\u00e7\u00e3o agr\u00edcola e desenvolvimento da agricultura de precis\u00e3o no pa\u00eds.<\/p>\n\n\n\n<p><\/p>\n\n\n\n<figure class=\"wp-block-gallery columns-2 is-cropped wp-block-gallery-1 is-layout-flex wp-block-gallery-is-layout-flex\"><ul class=\"blocks-gallery-grid\"><li class=\"blocks-gallery-item\"><figure><img fetchpriority=\"high\" decoding=\"async\" width=\"722\" height=\"1024\" src=\"https:\/\/www.cidademarketing.com.br\/marketing\/wp-content\/uploads\/2021\/10\/Revista_Massey_Plantando_com_tecnologia_07-722x1024.jpg\" alt=\"\" data-id=\"30661\" data-full-url=\"https:\/\/www.cidademarketing.com.br\/marketing\/wp-content\/uploads\/2021\/10\/Revista_Massey_Plantando_com_tecnologia_07.jpg\" data-link=\"https:\/\/www.cidademarketing.com.br\/marketing\/?attachment_id=30661\" class=\"wp-image-30661\" srcset=\"https:\/\/www.cidademarketing.com.br\/marketing\/wp-content\/uploads\/2021\/10\/Revista_Massey_Plantando_com_tecnologia_07-722x1024.jpg 722w, https:\/\/www.cidademarketing.com.br\/marketing\/wp-content\/uploads\/2021\/10\/Revista_Massey_Plantando_com_tecnologia_07-212x300.jpg 212w, https:\/\/www.cidademarketing.com.br\/marketing\/wp-content\/uploads\/2021\/10\/Revista_Massey_Plantando_com_tecnologia_07-768x1089.jpg 768w, https:\/\/www.cidademarketing.com.br\/marketing\/wp-content\/uploads\/2021\/10\/Revista_Massey_Plantando_com_tecnologia_07-1084x1536.jpg 1084w, https:\/\/www.cidademarketing.com.br\/marketing\/wp-content\/uploads\/2021\/10\/Revista_Massey_Plantando_com_tecnologia_07-1445x2048.jpg 1445w, https:\/\/www.cidademarketing.com.br\/marketing\/wp-content\/uploads\/2021\/10\/Revista_Massey_Plantando_com_tecnologia_07-296x420.jpg 296w, https:\/\/www.cidademarketing.com.br\/marketing\/wp-content\/uploads\/2021\/10\/Revista_Massey_Plantando_com_tecnologia_07-640x907.jpg 640w, https:\/\/www.cidademarketing.com.br\/marketing\/wp-content\/uploads\/2021\/10\/Revista_Massey_Plantando_com_tecnologia_07-681x965.jpg 681w, https:\/\/www.cidademarketing.com.br\/marketing\/wp-content\/uploads\/2021\/10\/Revista_Massey_Plantando_com_tecnologia_07.jpg 1583w\" sizes=\"(max-width: 722px) 100vw, 722px\" \/><\/figure><\/li><li class=\"blocks-gallery-item\"><figure><img decoding=\"async\" width=\"722\" height=\"1024\" src=\"https:\/\/www.cidademarketing.com.br\/marketing\/wp-content\/uploads\/2021\/10\/Revista_Massey_Plantando_com_tecnologia_18-722x1024.jpg\" alt=\"\" data-id=\"30662\" data-full-url=\"https:\/\/www.cidademarketing.com.br\/marketing\/wp-content\/uploads\/2021\/10\/Revista_Massey_Plantando_com_tecnologia_18.jpg\" data-link=\"https:\/\/www.cidademarketing.com.br\/marketing\/?attachment_id=30662\" class=\"wp-image-30662\" srcset=\"https:\/\/www.cidademarketing.com.br\/marketing\/wp-content\/uploads\/2021\/10\/Revista_Massey_Plantando_com_tecnologia_18-722x1024.jpg 722w, https:\/\/www.cidademarketing.com.br\/marketing\/wp-content\/uploads\/2021\/10\/Revista_Massey_Plantando_com_tecnologia_18-212x300.jpg 212w, https:\/\/www.cidademarketing.com.br\/marketing\/wp-content\/uploads\/2021\/10\/Revista_Massey_Plantando_com_tecnologia_18-768x1089.jpg 768w, https:\/\/www.cidademarketing.com.br\/marketing\/wp-content\/uploads\/2021\/10\/Revista_Massey_Plantando_com_tecnologia_18-1084x1536.jpg 1084w, https:\/\/www.cidademarketing.com.br\/marketing\/wp-content\/uploads\/2021\/10\/Revista_Massey_Plantando_com_tecnologia_18-1445x2048.jpg 1445w, https:\/\/www.cidademarketing.com.br\/marketing\/wp-content\/uploads\/2021\/10\/Revista_Massey_Plantando_com_tecnologia_18-296x420.jpg 296w, https:\/\/www.cidademarketing.com.br\/marketing\/wp-content\/uploads\/2021\/10\/Revista_Massey_Plantando_com_tecnologia_18-640x907.jpg 640w, https:\/\/www.cidademarketing.com.br\/marketing\/wp-content\/uploads\/2021\/10\/Revista_Massey_Plantando_com_tecnologia_18-681x965.jpg 681w, https:\/\/www.cidademarketing.com.br\/marketing\/wp-content\/uploads\/2021\/10\/Revista_Massey_Plantando_com_tecnologia_18.jpg 1583w\" sizes=\"(max-width: 722px) 100vw, 722px\" \/><\/figure><\/li><\/ul><\/figure>\n\n\n\n<p><br>\u201cAo longo dos anos, a Massey Ferguson revolucionou a agricultura brasileira, trazendo tecnologia e produtividade. O primeiro trator produzido no pa\u00eds, o MF 50, mais conhecido como \u2018Cinquentinha\u2019, foi por anos refer\u00eancia no campo e s\u00edmbolo do pioneirismo na moderniza\u00e7\u00e3o da atividade agr\u00edcola e expans\u00e3o do agroneg\u00f3cio. \u00c9 muito gratificante poder contar nossa hist\u00f3ria de uma maneira l\u00fadica e inspirar as novas gera\u00e7\u00f5es\u201d, destaca Eduardo Nunes, diretor de vendas da Massey Ferguson.<\/p>\n\n\n\n<p>A produ\u00e7\u00e3o da revista especial em quadrinhos, pelo est\u00fadio Mauricio de Sousa, teve assessoria da equipe da empresa de tratores e equipamentos agr\u00edcolas passando, em uma linguagem simples e bem humorada, esta hist\u00f3ria que se mistura com o desenvolvimento da agricultura no Brasil.<\/p>\n\n\n\n<p>\u201cLembro bem dos tratores da Massey Ferguson de muitos anos atr\u00e1s quando passeava pelo interior de S\u00e3o Paulo nas fazendas. Fazendas que me inspiraram nas aventuras do Chico Bento. Agora vejo o personagem participando de uma historinha desta empresa que foi criada quando ele nasceu. Uma alegria de ler em um encontro que tinha que acontecer. E aconteceu 60 anos depois\u201d, fala Mauricio de Sousa, autor.<\/p>\n\n\n\n<p>As publica\u00e7\u00f5es ser\u00e3o distribu\u00eddas gratuitamente a partir de outubro para produtores rurais, filhos de funcion\u00e1rios e escolas de algumas regi\u00f5es do pa\u00eds. Os gibis ainda estar\u00e3o dispon\u00edveis, tamb\u00e9m gratuitamente, nas concession\u00e1rias da Massey Ferguson. Para saber a concession\u00e1ria mais pr\u00f3xima, acesse o site da Massey Ferguson \u2013\u00a0<a href=\"http:\/\/www.masseyferguson.com.br\" target=\"_blank\" rel=\"noreferrer noopener\">www.masseyferguson.com.br<\/a><\/p>\n\n\n\n<p><\/p><iframe allow=\"autoplay *; encrypted-media *; fullscreen *\" frameborder=\"0\" height=\"450\" style=\"width:100%;max-width:660px;overflow:hidden;background:transparent;\" sandbox=\"allow-forms allow-popups allow-same-origin allow-scripts allow-storage-access-by-user-activation allow-top-navigation-by-user-activation\" src=\"https:\/\/embed.podcasts.apple.com\/br\/podcast\/podcast-cidademarketing\/id1371923283\"><\/iframe>\n\n\n\n\n<p><\/p>\n","protected":false},"excerpt":{"rendered":"<p>A hist\u00f3ria da Massey Ferguson no Brasil ser\u00e1 contada em quadrinhos pela Turma da M\u00f4nica. Refer\u00eancia no mercado agr\u00edcola brasileiro, a marca lan\u00e7a no m\u00eas das Crian\u00e7as um gibi especial sobre a trajet\u00f3ria e a evolu\u00e7\u00e3o da agricultura brasileira. A iniciativa \u00e9 parte das celebra\u00e7\u00f5es dos 60 anos da inaugura\u00e7\u00e3o da sua primeira f\u00e1brica no [&hellip;]<\/p>\n","protected":false},"author":1,"featured_media":30663,"comment_status":"open","ping_status":"open","sticky":false,"template":"","format":"standard","meta":{"tdm_status":"","tdm_grid_status":"","footnotes":""},"categories":[6],"tags":[2334,1522,223,33,4745,1283],"class_list":["post-30660","post","type-post","status-publish","format-standard","has-post-thumbnail","hentry","category-noticias","tag-agricultura","tag-desenho","tag-design","tag-estrategia","tag-massey-ferguson","tag-turma-da-monica"],"yoast_head":"<!-- This site is optimized with the Yoast SEO plugin v27.5 - https:\/\/yoast.com\/product\/yoast-seo-wordpress\/ -->\n<title>Massey Ferguson lan\u00e7a revista da Turma da M\u00f4nica sobre a evolu\u00e7\u00e3o da agricultura no Brasil - CidadeMarketing<\/title>\n<meta name=\"robots\" content=\"index, follow, max-snippet:-1, max-image-preview:large, max-video-preview:-1\" \/>\n<link rel=\"canonical\" href=\"https:\/\/www.cidademarketing.com.br\/marketing\/2021\/10\/19\/massey-ferguson-lanca-revista-da-turma-da-monica-sobre-a-evolucao-da-agricultura-no-brasil\/\" \/>\n<meta property=\"og:locale\" content=\"pt_BR\" \/>\n<meta property=\"og:type\" content=\"article\" \/>\n<meta property=\"og:title\" content=\"Massey Ferguson lan\u00e7a revista da Turma da M\u00f4nica sobre a evolu\u00e7\u00e3o da agricultura no Brasil - CidadeMarketing\" \/>\n<meta property=\"og:description\" content=\"A hist\u00f3ria da Massey Ferguson no Brasil ser\u00e1 contada em quadrinhos pela Turma da M\u00f4nica. Refer\u00eancia no mercado agr\u00edcola brasileiro, a marca lan\u00e7a no m\u00eas das Crian\u00e7as um gibi especial sobre a trajet\u00f3ria e a evolu\u00e7\u00e3o da agricultura brasileira. A iniciativa \u00e9 parte das celebra\u00e7\u00f5es dos 60 anos da inaugura\u00e7\u00e3o da sua primeira f\u00e1brica no [&hellip;]\" \/>\n<meta property=\"og:url\" content=\"https:\/\/www.cidademarketing.com.br\/marketing\/2021\/10\/19\/massey-ferguson-lanca-revista-da-turma-da-monica-sobre-a-evolucao-da-agricultura-no-brasil\/\" \/>\n<meta property=\"og:site_name\" content=\"CidadeMarketing\" \/>\n<meta property=\"article:publisher\" content=\"https:\/\/www.facebook.com\/portalcidademarketing\" \/>\n<meta property=\"article:author\" content=\"https:\/\/www.facebook.com\/thalesbrandao\" \/>\n<meta property=\"article:published_time\" content=\"2021-10-19T17:03:52+00:00\" \/>\n<meta property=\"article:modified_time\" content=\"2021-10-19T17:03:54+00:00\" \/>\n<meta property=\"og:image\" content=\"https:\/\/www.cidademarketing.com.br\/marketing\/wp-content\/uploads\/2021\/10\/Revista_Massey_Plantando_com_tecnologia_capa-722x1024.jpg\" \/>\n\t<meta property=\"og:image:width\" content=\"722\" \/>\n\t<meta property=\"og:image:height\" content=\"1024\" \/>\n\t<meta property=\"og:image:type\" content=\"image\/jpeg\" \/>\n<meta name=\"author\" content=\"Thales Brand\u00e3o\" \/>\n<meta name=\"twitter:card\" content=\"summary_large_image\" \/>\n<meta name=\"twitter:creator\" content=\"@http:\/\/www.twitter.com\/thalesbrandao\" \/>\n<meta name=\"twitter:site\" content=\"@CidadeMarketing\" \/>\n<meta name=\"twitter:label1\" content=\"Escrito por\" \/>\n\t<meta name=\"twitter:data1\" content=\"Thales Brand\u00e3o\" \/>\n\t<meta name=\"twitter:label2\" content=\"Est. tempo de leitura\" \/>\n\t<meta name=\"twitter:data2\" content=\"2 minutos\" \/>\n<script type=\"application\/ld+json\" class=\"yoast-schema-graph\">{\"@context\":\"https:\\\/\\\/schema.org\",\"@graph\":[{\"@type\":\"Article\",\"@id\":\"https:\\\/\\\/www.cidademarketing.com.br\\\/marketing\\\/2021\\\/10\\\/19\\\/massey-ferguson-lanca-revista-da-turma-da-monica-sobre-a-evolucao-da-agricultura-no-brasil\\\/#article\",\"isPartOf\":{\"@id\":\"https:\\\/\\\/www.cidademarketing.com.br\\\/marketing\\\/2021\\\/10\\\/19\\\/massey-ferguson-lanca-revista-da-turma-da-monica-sobre-a-evolucao-da-agricultura-no-brasil\\\/\"},\"author\":{\"name\":\"Thales Brand\u00e3o\",\"@id\":\"https:\\\/\\\/www.cidademarketing.com.br\\\/marketing\\\/#\\\/schema\\\/person\\\/02daff9f18bd9378c9e01eb6b2db155f\"},\"headline\":\"Massey Ferguson lan\u00e7a revista da Turma da M\u00f4nica sobre a evolu\u00e7\u00e3o da agricultura no Brasil\",\"datePublished\":\"2021-10-19T17:03:52+00:00\",\"dateModified\":\"2021-10-19T17:03:54+00:00\",\"mainEntityOfPage\":{\"@id\":\"https:\\\/\\\/www.cidademarketing.com.br\\\/marketing\\\/2021\\\/10\\\/19\\\/massey-ferguson-lanca-revista-da-turma-da-monica-sobre-a-evolucao-da-agricultura-no-brasil\\\/\"},\"wordCount\":406,\"commentCount\":0,\"publisher\":{\"@id\":\"https:\\\/\\\/www.cidademarketing.com.br\\\/marketing\\\/#organization\"},\"image\":{\"@id\":\"https:\\\/\\\/www.cidademarketing.com.br\\\/marketing\\\/2021\\\/10\\\/19\\\/massey-ferguson-lanca-revista-da-turma-da-monica-sobre-a-evolucao-da-agricultura-no-brasil\\\/#primaryimage\"},\"thumbnailUrl\":\"https:\\\/\\\/www.cidademarketing.com.br\\\/marketing\\\/wp-content\\\/uploads\\\/2021\\\/10\\\/Revista_Massey_Plantando_com_tecnologia_capa.jpg\",\"keywords\":[\"agricultura\",\"desenho\",\"design\",\"estrat\u00e9gia\",\"Massey Ferguson\",\"Turma da M\u00f4nica\"],\"articleSection\":[\"Not\u00edcias\"],\"inLanguage\":\"pt-BR\",\"potentialAction\":[{\"@type\":\"CommentAction\",\"name\":\"Comment\",\"target\":[\"https:\\\/\\\/www.cidademarketing.com.br\\\/marketing\\\/2021\\\/10\\\/19\\\/massey-ferguson-lanca-revista-da-turma-da-monica-sobre-a-evolucao-da-agricultura-no-brasil\\\/#respond\"]}]},{\"@type\":\"WebPage\",\"@id\":\"https:\\\/\\\/www.cidademarketing.com.br\\\/marketing\\\/2021\\\/10\\\/19\\\/massey-ferguson-lanca-revista-da-turma-da-monica-sobre-a-evolucao-da-agricultura-no-brasil\\\/\",\"url\":\"https:\\\/\\\/www.cidademarketing.com.br\\\/marketing\\\/2021\\\/10\\\/19\\\/massey-ferguson-lanca-revista-da-turma-da-monica-sobre-a-evolucao-da-agricultura-no-brasil\\\/\",\"name\":\"Massey Ferguson lan\u00e7a revista da Turma da M\u00f4nica sobre a evolu\u00e7\u00e3o da agricultura no Brasil - CidadeMarketing\",\"isPartOf\":{\"@id\":\"https:\\\/\\\/www.cidademarketing.com.br\\\/marketing\\\/#website\"},\"primaryImageOfPage\":{\"@id\":\"https:\\\/\\\/www.cidademarketing.com.br\\\/marketing\\\/2021\\\/10\\\/19\\\/massey-ferguson-lanca-revista-da-turma-da-monica-sobre-a-evolucao-da-agricultura-no-brasil\\\/#primaryimage\"},\"image\":{\"@id\":\"https:\\\/\\\/www.cidademarketing.com.br\\\/marketing\\\/2021\\\/10\\\/19\\\/massey-ferguson-lanca-revista-da-turma-da-monica-sobre-a-evolucao-da-agricultura-no-brasil\\\/#primaryimage\"},\"thumbnailUrl\":\"https:\\\/\\\/www.cidademarketing.com.br\\\/marketing\\\/wp-content\\\/uploads\\\/2021\\\/10\\\/Revista_Massey_Plantando_com_tecnologia_capa.jpg\",\"datePublished\":\"2021-10-19T17:03:52+00:00\",\"dateModified\":\"2021-10-19T17:03:54+00:00\",\"breadcrumb\":{\"@id\":\"https:\\\/\\\/www.cidademarketing.com.br\\\/marketing\\\/2021\\\/10\\\/19\\\/massey-ferguson-lanca-revista-da-turma-da-monica-sobre-a-evolucao-da-agricultura-no-brasil\\\/#breadcrumb\"},\"inLanguage\":\"pt-BR\",\"potentialAction\":[{\"@type\":\"ReadAction\",\"target\":[\"https:\\\/\\\/www.cidademarketing.com.br\\\/marketing\\\/2021\\\/10\\\/19\\\/massey-ferguson-lanca-revista-da-turma-da-monica-sobre-a-evolucao-da-agricultura-no-brasil\\\/\"]}]},{\"@type\":\"ImageObject\",\"inLanguage\":\"pt-BR\",\"@id\":\"https:\\\/\\\/www.cidademarketing.com.br\\\/marketing\\\/2021\\\/10\\\/19\\\/massey-ferguson-lanca-revista-da-turma-da-monica-sobre-a-evolucao-da-agricultura-no-brasil\\\/#primaryimage\",\"url\":\"https:\\\/\\\/www.cidademarketing.com.br\\\/marketing\\\/wp-content\\\/uploads\\\/2021\\\/10\\\/Revista_Massey_Plantando_com_tecnologia_capa.jpg\",\"contentUrl\":\"https:\\\/\\\/www.cidademarketing.com.br\\\/marketing\\\/wp-content\\\/uploads\\\/2021\\\/10\\\/Revista_Massey_Plantando_com_tecnologia_capa.jpg\",\"width\":1583,\"height\":2244},{\"@type\":\"BreadcrumbList\",\"@id\":\"https:\\\/\\\/www.cidademarketing.com.br\\\/marketing\\\/2021\\\/10\\\/19\\\/massey-ferguson-lanca-revista-da-turma-da-monica-sobre-a-evolucao-da-agricultura-no-brasil\\\/#breadcrumb\",\"itemListElement\":[{\"@type\":\"ListItem\",\"position\":1,\"name\":\"In\u00edcio\",\"item\":\"https:\\\/\\\/www.cidademarketing.com.br\\\/marketing\\\/\"},{\"@type\":\"ListItem\",\"position\":2,\"name\":\"Massey Ferguson lan\u00e7a revista da Turma da M\u00f4nica sobre a evolu\u00e7\u00e3o da agricultura no Brasil\"}]},{\"@type\":\"WebSite\",\"@id\":\"https:\\\/\\\/www.cidademarketing.com.br\\\/marketing\\\/#website\",\"url\":\"https:\\\/\\\/www.cidademarketing.com.br\\\/marketing\\\/\",\"name\":\"CidadeMarketing\",\"description\":\"Somos um ve\u00edculo de comunica\u00e7\u00e3o de destaque no Brasil, reconhecido por conte\u00fados nos segmentos de marketing, empreendedorismo e inova\u00e7\u00e3o.\",\"publisher\":{\"@id\":\"https:\\\/\\\/www.cidademarketing.com.br\\\/marketing\\\/#organization\"},\"alternateName\":\"CidadeMarketing\",\"potentialAction\":[{\"@type\":\"SearchAction\",\"target\":{\"@type\":\"EntryPoint\",\"urlTemplate\":\"https:\\\/\\\/www.cidademarketing.com.br\\\/marketing\\\/?s={search_term_string}\"},\"query-input\":{\"@type\":\"PropertyValueSpecification\",\"valueRequired\":true,\"valueName\":\"search_term_string\"}}],\"inLanguage\":\"pt-BR\"},{\"@type\":\"Organization\",\"@id\":\"https:\\\/\\\/www.cidademarketing.com.br\\\/marketing\\\/#organization\",\"name\":\"CidadeMarketing\",\"alternateName\":\"CidadeMarketing\",\"url\":\"https:\\\/\\\/www.cidademarketing.com.br\\\/marketing\\\/\",\"logo\":{\"@type\":\"ImageObject\",\"inLanguage\":\"pt-BR\",\"@id\":\"https:\\\/\\\/www.cidademarketing.com.br\\\/marketing\\\/#\\\/schema\\\/logo\\\/image\\\/\",\"url\":\"https:\\\/\\\/www.cidademarketing.com.br\\\/marketing\\\/wp-content\\\/uploads\\\/2020\\\/01\\\/cidademarketing_marca_mobile.png\",\"contentUrl\":\"https:\\\/\\\/www.cidademarketing.com.br\\\/marketing\\\/wp-content\\\/uploads\\\/2020\\\/01\\\/cidademarketing_marca_mobile.png\",\"width\":230,\"height\":92,\"caption\":\"CidadeMarketing\"},\"image\":{\"@id\":\"https:\\\/\\\/www.cidademarketing.com.br\\\/marketing\\\/#\\\/schema\\\/logo\\\/image\\\/\"},\"sameAs\":[\"https:\\\/\\\/www.facebook.com\\\/portalcidademarketing\",\"https:\\\/\\\/x.com\\\/CidadeMarketing\",\"https:\\\/\\\/www.instagram.com\\\/cidademarketing\\\/\"]},{\"@type\":\"Person\",\"@id\":\"https:\\\/\\\/www.cidademarketing.com.br\\\/marketing\\\/#\\\/schema\\\/person\\\/02daff9f18bd9378c9e01eb6b2db155f\",\"name\":\"Thales Brand\u00e3o\",\"image\":{\"@type\":\"ImageObject\",\"inLanguage\":\"pt-BR\",\"@id\":\"https:\\\/\\\/secure.gravatar.com\\\/avatar\\\/7ca3206950207cc3cb48feec56a8a7898741ab725c368d99d5d7a5a50aab80c6?s=96&d=mm&r=g\",\"url\":\"https:\\\/\\\/secure.gravatar.com\\\/avatar\\\/7ca3206950207cc3cb48feec56a8a7898741ab725c368d99d5d7a5a50aab80c6?s=96&d=mm&r=g\",\"contentUrl\":\"https:\\\/\\\/secure.gravatar.com\\\/avatar\\\/7ca3206950207cc3cb48feec56a8a7898741ab725c368d99d5d7a5a50aab80c6?s=96&d=mm&r=g\",\"caption\":\"Thales Brand\u00e3o\"},\"description\":\"Editor Executivo do Portal CidadeMarketing.com.br &gt; Mestre em Comunica\u00e7\u00e3o e Sociedade pela Universidade Federal de Sergipe. Possui MBA Executivo em Administra\u00e7\u00e3o com \u00eanfase em Marketing pela Funda\u00e7\u00e3o Get\u00falio Vargas - Rio de Janeiro. Consultor, Palestrante e Pesquisador sobre Empreendedorismo, Marketing, Redes Sociais e Neg\u00f3cios Digitais. Professor, Palestrante TedxTalks e Campus Party. Twitter: @ThalesBrandao\",\"sameAs\":[\"http:\\\/\\\/www.mandacaru.com.br\",\"https:\\\/\\\/www.facebook.com\\\/thalesbrandao\",\"http:\\\/\\\/www.instagram.com.br\\\/thalesbrandaoferreira\",\"https:\\\/\\\/www.linkedin.com\\\/in\\\/thales-brand\u00e3o-3948609\\\/\",\"https:\\\/\\\/x.com\\\/http:\\\/\\\/www.twitter.com\\\/thalesbrandao\"],\"url\":\"https:\\\/\\\/www.cidademarketing.com.br\\\/marketing\\\/author\\\/thalesbrandao\\\/\"}]}<\/script>\n<!-- \/ Yoast SEO plugin. -->","yoast_head_json":{"title":"Massey Ferguson lan\u00e7a revista da Turma da M\u00f4nica sobre a evolu\u00e7\u00e3o da agricultura no Brasil - CidadeMarketing","robots":{"index":"index","follow":"follow","max-snippet":"max-snippet:-1","max-image-preview":"max-image-preview:large","max-video-preview":"max-video-preview:-1"},"canonical":"https:\/\/www.cidademarketing.com.br\/marketing\/2021\/10\/19\/massey-ferguson-lanca-revista-da-turma-da-monica-sobre-a-evolucao-da-agricultura-no-brasil\/","og_locale":"pt_BR","og_type":"article","og_title":"Massey Ferguson lan\u00e7a revista da Turma da M\u00f4nica sobre a evolu\u00e7\u00e3o da agricultura no Brasil - CidadeMarketing","og_description":"A hist\u00f3ria da Massey Ferguson no Brasil ser\u00e1 contada em quadrinhos pela Turma da M\u00f4nica. Refer\u00eancia no mercado agr\u00edcola brasileiro, a marca lan\u00e7a no m\u00eas das Crian\u00e7as um gibi especial sobre a trajet\u00f3ria e a evolu\u00e7\u00e3o da agricultura brasileira. A iniciativa \u00e9 parte das celebra\u00e7\u00f5es dos 60 anos da inaugura\u00e7\u00e3o da sua primeira f\u00e1brica no [&hellip;]","og_url":"https:\/\/www.cidademarketing.com.br\/marketing\/2021\/10\/19\/massey-ferguson-lanca-revista-da-turma-da-monica-sobre-a-evolucao-da-agricultura-no-brasil\/","og_site_name":"CidadeMarketing","article_publisher":"https:\/\/www.facebook.com\/portalcidademarketing","article_author":"https:\/\/www.facebook.com\/thalesbrandao","article_published_time":"2021-10-19T17:03:52+00:00","article_modified_time":"2021-10-19T17:03:54+00:00","og_image":[{"width":722,"height":1024,"url":"https:\/\/www.cidademarketing.com.br\/marketing\/wp-content\/uploads\/2021\/10\/Revista_Massey_Plantando_com_tecnologia_capa-722x1024.jpg","type":"image\/jpeg"}],"author":"Thales Brand\u00e3o","twitter_card":"summary_large_image","twitter_creator":"@http:\/\/www.twitter.com\/thalesbrandao","twitter_site":"@CidadeMarketing","twitter_misc":{"Escrito por":"Thales Brand\u00e3o","Est. tempo de leitura":"2 minutos"},"schema":{"@context":"https:\/\/schema.org","@graph":[{"@type":"Article","@id":"https:\/\/www.cidademarketing.com.br\/marketing\/2021\/10\/19\/massey-ferguson-lanca-revista-da-turma-da-monica-sobre-a-evolucao-da-agricultura-no-brasil\/#article","isPartOf":{"@id":"https:\/\/www.cidademarketing.com.br\/marketing\/2021\/10\/19\/massey-ferguson-lanca-revista-da-turma-da-monica-sobre-a-evolucao-da-agricultura-no-brasil\/"},"author":{"name":"Thales Brand\u00e3o","@id":"https:\/\/www.cidademarketing.com.br\/marketing\/#\/schema\/person\/02daff9f18bd9378c9e01eb6b2db155f"},"headline":"Massey Ferguson lan\u00e7a revista da Turma da M\u00f4nica sobre a evolu\u00e7\u00e3o da agricultura no Brasil","datePublished":"2021-10-19T17:03:52+00:00","dateModified":"2021-10-19T17:03:54+00:00","mainEntityOfPage":{"@id":"https:\/\/www.cidademarketing.com.br\/marketing\/2021\/10\/19\/massey-ferguson-lanca-revista-da-turma-da-monica-sobre-a-evolucao-da-agricultura-no-brasil\/"},"wordCount":406,"commentCount":0,"publisher":{"@id":"https:\/\/www.cidademarketing.com.br\/marketing\/#organization"},"image":{"@id":"https:\/\/www.cidademarketing.com.br\/marketing\/2021\/10\/19\/massey-ferguson-lanca-revista-da-turma-da-monica-sobre-a-evolucao-da-agricultura-no-brasil\/#primaryimage"},"thumbnailUrl":"https:\/\/www.cidademarketing.com.br\/marketing\/wp-content\/uploads\/2021\/10\/Revista_Massey_Plantando_com_tecnologia_capa.jpg","keywords":["agricultura","desenho","design","estrat\u00e9gia","Massey Ferguson","Turma da M\u00f4nica"],"articleSection":["Not\u00edcias"],"inLanguage":"pt-BR","potentialAction":[{"@type":"CommentAction","name":"Comment","target":["https:\/\/www.cidademarketing.com.br\/marketing\/2021\/10\/19\/massey-ferguson-lanca-revista-da-turma-da-monica-sobre-a-evolucao-da-agricultura-no-brasil\/#respond"]}]},{"@type":"WebPage","@id":"https:\/\/www.cidademarketing.com.br\/marketing\/2021\/10\/19\/massey-ferguson-lanca-revista-da-turma-da-monica-sobre-a-evolucao-da-agricultura-no-brasil\/","url":"https:\/\/www.cidademarketing.com.br\/marketing\/2021\/10\/19\/massey-ferguson-lanca-revista-da-turma-da-monica-sobre-a-evolucao-da-agricultura-no-brasil\/","name":"Massey Ferguson lan\u00e7a revista da Turma da M\u00f4nica sobre a evolu\u00e7\u00e3o da agricultura no Brasil - CidadeMarketing","isPartOf":{"@id":"https:\/\/www.cidademarketing.com.br\/marketing\/#website"},"primaryImageOfPage":{"@id":"https:\/\/www.cidademarketing.com.br\/marketing\/2021\/10\/19\/massey-ferguson-lanca-revista-da-turma-da-monica-sobre-a-evolucao-da-agricultura-no-brasil\/#primaryimage"},"image":{"@id":"https:\/\/www.cidademarketing.com.br\/marketing\/2021\/10\/19\/massey-ferguson-lanca-revista-da-turma-da-monica-sobre-a-evolucao-da-agricultura-no-brasil\/#primaryimage"},"thumbnailUrl":"https:\/\/www.cidademarketing.com.br\/marketing\/wp-content\/uploads\/2021\/10\/Revista_Massey_Plantando_com_tecnologia_capa.jpg","datePublished":"2021-10-19T17:03:52+00:00","dateModified":"2021-10-19T17:03:54+00:00","breadcrumb":{"@id":"https:\/\/www.cidademarketing.com.br\/marketing\/2021\/10\/19\/massey-ferguson-lanca-revista-da-turma-da-monica-sobre-a-evolucao-da-agricultura-no-brasil\/#breadcrumb"},"inLanguage":"pt-BR","potentialAction":[{"@type":"ReadAction","target":["https:\/\/www.cidademarketing.com.br\/marketing\/2021\/10\/19\/massey-ferguson-lanca-revista-da-turma-da-monica-sobre-a-evolucao-da-agricultura-no-brasil\/"]}]},{"@type":"ImageObject","inLanguage":"pt-BR","@id":"https:\/\/www.cidademarketing.com.br\/marketing\/2021\/10\/19\/massey-ferguson-lanca-revista-da-turma-da-monica-sobre-a-evolucao-da-agricultura-no-brasil\/#primaryimage","url":"https:\/\/www.cidademarketing.com.br\/marketing\/wp-content\/uploads\/2021\/10\/Revista_Massey_Plantando_com_tecnologia_capa.jpg","contentUrl":"https:\/\/www.cidademarketing.com.br\/marketing\/wp-content\/uploads\/2021\/10\/Revista_Massey_Plantando_com_tecnologia_capa.jpg","width":1583,"height":2244},{"@type":"BreadcrumbList","@id":"https:\/\/www.cidademarketing.com.br\/marketing\/2021\/10\/19\/massey-ferguson-lanca-revista-da-turma-da-monica-sobre-a-evolucao-da-agricultura-no-brasil\/#breadcrumb","itemListElement":[{"@type":"ListItem","position":1,"name":"In\u00edcio","item":"https:\/\/www.cidademarketing.com.br\/marketing\/"},{"@type":"ListItem","position":2,"name":"Massey Ferguson lan\u00e7a revista da Turma da M\u00f4nica sobre a evolu\u00e7\u00e3o da agricultura no Brasil"}]},{"@type":"WebSite","@id":"https:\/\/www.cidademarketing.com.br\/marketing\/#website","url":"https:\/\/www.cidademarketing.com.br\/marketing\/","name":"CidadeMarketing","description":"Somos um ve\u00edculo de comunica\u00e7\u00e3o de destaque no Brasil, reconhecido por conte\u00fados nos segmentos de marketing, empreendedorismo e inova\u00e7\u00e3o.","publisher":{"@id":"https:\/\/www.cidademarketing.com.br\/marketing\/#organization"},"alternateName":"CidadeMarketing","potentialAction":[{"@type":"SearchAction","target":{"@type":"EntryPoint","urlTemplate":"https:\/\/www.cidademarketing.com.br\/marketing\/?s={search_term_string}"},"query-input":{"@type":"PropertyValueSpecification","valueRequired":true,"valueName":"search_term_string"}}],"inLanguage":"pt-BR"},{"@type":"Organization","@id":"https:\/\/www.cidademarketing.com.br\/marketing\/#organization","name":"CidadeMarketing","alternateName":"CidadeMarketing","url":"https:\/\/www.cidademarketing.com.br\/marketing\/","logo":{"@type":"ImageObject","inLanguage":"pt-BR","@id":"https:\/\/www.cidademarketing.com.br\/marketing\/#\/schema\/logo\/image\/","url":"https:\/\/www.cidademarketing.com.br\/marketing\/wp-content\/uploads\/2020\/01\/cidademarketing_marca_mobile.png","contentUrl":"https:\/\/www.cidademarketing.com.br\/marketing\/wp-content\/uploads\/2020\/01\/cidademarketing_marca_mobile.png","width":230,"height":92,"caption":"CidadeMarketing"},"image":{"@id":"https:\/\/www.cidademarketing.com.br\/marketing\/#\/schema\/logo\/image\/"},"sameAs":["https:\/\/www.facebook.com\/portalcidademarketing","https:\/\/x.com\/CidadeMarketing","https:\/\/www.instagram.com\/cidademarketing\/"]},{"@type":"Person","@id":"https:\/\/www.cidademarketing.com.br\/marketing\/#\/schema\/person\/02daff9f18bd9378c9e01eb6b2db155f","name":"Thales Brand\u00e3o","image":{"@type":"ImageObject","inLanguage":"pt-BR","@id":"https:\/\/secure.gravatar.com\/avatar\/7ca3206950207cc3cb48feec56a8a7898741ab725c368d99d5d7a5a50aab80c6?s=96&d=mm&r=g","url":"https:\/\/secure.gravatar.com\/avatar\/7ca3206950207cc3cb48feec56a8a7898741ab725c368d99d5d7a5a50aab80c6?s=96&d=mm&r=g","contentUrl":"https:\/\/secure.gravatar.com\/avatar\/7ca3206950207cc3cb48feec56a8a7898741ab725c368d99d5d7a5a50aab80c6?s=96&d=mm&r=g","caption":"Thales Brand\u00e3o"},"description":"Editor Executivo do Portal CidadeMarketing.com.br &gt; Mestre em Comunica\u00e7\u00e3o e Sociedade pela Universidade Federal de Sergipe. Possui MBA Executivo em Administra\u00e7\u00e3o com \u00eanfase em Marketing pela Funda\u00e7\u00e3o Get\u00falio Vargas - Rio de Janeiro. Consultor, Palestrante e Pesquisador sobre Empreendedorismo, Marketing, Redes Sociais e Neg\u00f3cios Digitais. Professor, Palestrante TedxTalks e Campus Party. Twitter: @ThalesBrandao","sameAs":["http:\/\/www.mandacaru.com.br","https:\/\/www.facebook.com\/thalesbrandao","http:\/\/www.instagram.com.br\/thalesbrandaoferreira","https:\/\/www.linkedin.com\/in\/thales-brand\u00e3o-3948609\/","https:\/\/x.com\/http:\/\/www.twitter.com\/thalesbrandao"],"url":"https:\/\/www.cidademarketing.com.br\/marketing\/author\/thalesbrandao\/"}]}},"amp_enabled":true,"_links":{"self":[{"href":"https:\/\/www.cidademarketing.com.br\/marketing\/wp-json\/wp\/v2\/posts\/30660","targetHints":{"allow":["GET"]}}],"collection":[{"href":"https:\/\/www.cidademarketing.com.br\/marketing\/wp-json\/wp\/v2\/posts"}],"about":[{"href":"https:\/\/www.cidademarketing.com.br\/marketing\/wp-json\/wp\/v2\/types\/post"}],"author":[{"embeddable":true,"href":"https:\/\/www.cidademarketing.com.br\/marketing\/wp-json\/wp\/v2\/users\/1"}],"replies":[{"embeddable":true,"href":"https:\/\/www.cidademarketing.com.br\/marketing\/wp-json\/wp\/v2\/comments?post=30660"}],"version-history":[{"count":1,"href":"https:\/\/www.cidademarketing.com.br\/marketing\/wp-json\/wp\/v2\/posts\/30660\/revisions"}],"predecessor-version":[{"id":30664,"href":"https:\/\/www.cidademarketing.com.br\/marketing\/wp-json\/wp\/v2\/posts\/30660\/revisions\/30664"}],"wp:featuredmedia":[{"embeddable":true,"href":"https:\/\/www.cidademarketing.com.br\/marketing\/wp-json\/wp\/v2\/media\/30663"}],"wp:attachment":[{"href":"https:\/\/www.cidademarketing.com.br\/marketing\/wp-json\/wp\/v2\/media?parent=30660"}],"wp:term":[{"taxonomy":"category","embeddable":true,"href":"https:\/\/www.cidademarketing.com.br\/marketing\/wp-json\/wp\/v2\/categories?post=30660"},{"taxonomy":"post_tag","embeddable":true,"href":"https:\/\/www.cidademarketing.com.br\/marketing\/wp-json\/wp\/v2\/tags?post=30660"}],"curies":[{"name":"wp","href":"https:\/\/api.w.org\/{rel}","templated":true}]}}