{"id":30633,"date":"2021-10-19T00:17:04","date_gmt":"2021-10-19T03:17:04","guid":{"rendered":"https:\/\/www.cidademarketing.com.br\/marketing\/?p=30633"},"modified":"2021-10-19T00:17:07","modified_gmt":"2021-10-19T03:17:07","slug":"vibra-anuncia-nova-agencia-de-comunicacao-de-relacionamento","status":"publish","type":"post","link":"https:\/\/www.cidademarketing.com.br\/marketing\/2021\/10\/19\/vibra-anuncia-nova-agencia-de-comunicacao-de-relacionamento\/","title":{"rendered":"Vibra anuncia nova ag\u00eancia de comunica\u00e7\u00e3o de relacionamento"},"content":{"rendered":"\n<p><\/p><iframe src=\"https:\/\/open.spotify.com\/embed\/show\/4khMKzP3FgFRWVwb73xicc\" width=\"100%\" height=\"232\" frameBorder=\"0\" allowtransparency=\"true\" allow=\"encrypted-media\"><\/iframe>\t\n\n\n\n\n<p>A Vibra acaba de fazer uma mudan\u00e7a significativa no seu time de ag\u00eancias. A Brivia se junta ao grupo e assume a comunica\u00e7\u00e3o de relacionamento com clientes da Vibra, sendo respons\u00e1vel pela gest\u00e3o de\u00a0 CRM e dos canais digitais da companhia, incluindo a marca institucional Vibra e as marcas Postos Petrobras, BR Mania, BR Aviation, Lubrax e Premmia, o programa de fidelidade dos postos. O objetivo ser\u00e1 impulsionar a aquisi\u00e7\u00e3o e fideliza\u00e7\u00e3o de clientes.<\/p>\n\n\n\n<p>\u201cA Brivia chega para se juntar a um time de sucesso, o nosso dream team de ag\u00eancias. Temos o objetivo de utilizar todo o potencial dessas marcas para renovar e aprofundar a rela\u00e7\u00e3o com os consumidores. \u00c9 uma nova parceira para apoiar a companhia em sua trajet\u00f3ria de se tornar refer\u00eancia em gera\u00e7\u00e3o de valor. \u00c9 uma&nbsp;grande responsabilidade, mas tamb\u00e9m uma tarefa extremamente recompensadora\u201d, afirma Leo Burgos, diretor de Desenvolvimento de Neg\u00f3cios e Marketing da BR Distribuidora.<\/p>\n\n\n\n<p>A Vibra \u00e9 uma das maiores companhias do Brasil em faturamento, com atua\u00e7\u00e3o em todas as regi\u00f5es e listagem na B3. Recentemente, a empresa anunciou seu reposicionamento para se tornar uma empresa de energia, privilegiando a transi\u00e7\u00e3o energ\u00e9tica e rumo a uma economia de baixo carbono. \u201cEssa \u00e9 uma conquista importante para n\u00f3s, tanto pela representatividade do neg\u00f3cio como por seu momento desafiador e hist\u00f3rico, que envolve uma nova marca e um novo posicionamento\u201d, avalia o Chief Business Officer (CBO) da Brivia, Vin\u00edcius Lobato.<\/p>\n\n\n\n<p>\u201cCremos na nossa capacidade de constru\u00e7\u00e3o de valor e resposta aos desafios da Vibra, pois estamos habituados a operar contextos de transforma\u00e7\u00e3o neste porte de companhia e com as complexidades disciplinares que envolvem tecnologia, comunica\u00e7\u00e3o, gest\u00e3o de dados, performance, loyalties, entre outras frentes\u201d, complementa o CBO da Brivia, que possui em sua carteira marcas como Petrobras, Banco do Brasil, Vivo e O Botic\u00e1rio.<\/p>\n\n\n\n<p>A gest\u00e3o de campanhas e CRM, segundo Lobato, \u00e9 uma pauta estrat\u00e9gica para a Vibra e ganha ainda mais aten\u00e7\u00e3o neste \u00faltimo trimestre. \u00c9 quando o Premmia, programa de fidelidade dos Postos Petrobras, executa sua maior e mais importante campanha do ano, envolvendo milhares de consumidores da marca e pontos de venda em todo o pa\u00eds.<\/p>\n\n\n\n<p><strong>Sobre a Brivia<\/strong><\/p>\n\n\n\n<p>\u00c9 uma das mais completas opera\u00e7\u00f5es de estrat\u00e9gia, experi\u00eancia e comunica\u00e7\u00e3o, com vis\u00e3o e execu\u00e7\u00e3o integrada e multidisciplinar. Focada e especializada em transforma\u00e7\u00e3o digital de grandes marcas, atua tamb\u00e9m na concep\u00e7\u00e3o, no desenvolvimento e na orquestra\u00e7\u00e3o das plataformas de experi\u00eancia ao usu\u00e1rio, al\u00e9m dos servi\u00e7os de comunica\u00e7\u00e3o como ag\u00eancia <em>full service<\/em>. Tudo de maneira sist\u00eamica e integrada, com o cliente sempre no centro de todo o processo.<\/p>\n\n\n\n<p>A empresa integra o Brivia Group, que re\u00fane outras opera\u00e7\u00f5es ligadas a servi\u00e7os de marca e transforma\u00e7\u00e3o digital: Dez Comunica\u00e7\u00e3o e A2C. O grupo mant\u00e9m um estruturado plano de crescimento n\u00e3o org\u00e2nico, e novos movimentos de M&amp;A est\u00e3o previstos para 2021.<\/p>\n\n\n\n<p>Entre seus clientes est\u00e3o Banco do Brasil, Petrobras, Vivo, Banco Carrefour, Votorantim Cimentos, Porto Seguro, B3, KPMG, Grupo AES, Senior, Embraco, Previsul, Ailos, Floripa Airport, Banco BMG, entre outros. S\u00e3o nove opera\u00e7\u00f5es no pa\u00eds e uma no exterior: S\u00e3o Paulo (SP), Rio de Janeiro (RJ), Porto Alegre (RS), Novo Hamburgo (RS), Florian\u00f3polis (SC), Joinville (SC), Bras\u00edlia (DF), Belo Horizonte (MG) e Lisboa (Portugal).<\/p>\n\n\n\n<p><\/p><iframe allow=\"autoplay *; encrypted-media *; fullscreen *\" frameborder=\"0\" height=\"450\" style=\"width:100%;max-width:660px;overflow:hidden;background:transparent;\" sandbox=\"allow-forms allow-popups allow-same-origin allow-scripts allow-storage-access-by-user-activation allow-top-navigation-by-user-activation\" src=\"https:\/\/embed.podcasts.apple.com\/br\/podcast\/podcast-cidademarketing\/id1371923283\"><\/iframe>\n\n","protected":false},"excerpt":{"rendered":"<p>A Vibra acaba de fazer uma mudan\u00e7a significativa no seu time de ag\u00eancias. A Brivia se junta ao grupo e assume a comunica\u00e7\u00e3o de relacionamento com clientes da Vibra, sendo respons\u00e1vel pela gest\u00e3o de\u00a0 CRM e dos canais digitais da companhia, incluindo a marca institucional Vibra e as marcas Postos Petrobras, BR Mania, BR Aviation, [&hellip;]<\/p>\n","protected":false},"author":1,"featured_media":30634,"comment_status":"open","ping_status":"open","sticky":false,"template":"","format":"standard","meta":{"tdm_status":"","tdm_grid_status":"","footnotes":""},"categories":[6],"tags":[3713,28,55,4741],"class_list":["post-30633","post","type-post","status-publish","format-standard","has-post-thumbnail","hentry","category-noticias","tag-crm","tag-marketing","tag-relacionamento","tag-vibra"],"yoast_head":"<!-- This site is optimized with the Yoast SEO plugin v27.5 - https:\/\/yoast.com\/product\/yoast-seo-wordpress\/ -->\n<title>Vibra anuncia nova ag\u00eancia de comunica\u00e7\u00e3o de relacionamento - CidadeMarketing<\/title>\n<meta name=\"robots\" content=\"index, follow, max-snippet:-1, max-image-preview:large, max-video-preview:-1\" \/>\n<link rel=\"canonical\" href=\"https:\/\/www.cidademarketing.com.br\/marketing\/2021\/10\/19\/vibra-anuncia-nova-agencia-de-comunicacao-de-relacionamento\/\" \/>\n<meta property=\"og:locale\" content=\"pt_BR\" \/>\n<meta property=\"og:type\" content=\"article\" \/>\n<meta property=\"og:title\" content=\"Vibra anuncia nova ag\u00eancia de comunica\u00e7\u00e3o de relacionamento - CidadeMarketing\" \/>\n<meta property=\"og:description\" content=\"A Vibra acaba de fazer uma mudan\u00e7a significativa no seu time de ag\u00eancias. A Brivia se junta ao grupo e assume a comunica\u00e7\u00e3o de relacionamento com clientes da Vibra, sendo respons\u00e1vel pela gest\u00e3o de\u00a0 CRM e dos canais digitais da companhia, incluindo a marca institucional Vibra e as marcas Postos Petrobras, BR Mania, BR Aviation, [&hellip;]\" \/>\n<meta property=\"og:url\" content=\"https:\/\/www.cidademarketing.com.br\/marketing\/2021\/10\/19\/vibra-anuncia-nova-agencia-de-comunicacao-de-relacionamento\/\" \/>\n<meta property=\"og:site_name\" content=\"CidadeMarketing\" \/>\n<meta property=\"article:publisher\" content=\"https:\/\/www.facebook.com\/portalcidademarketing\" \/>\n<meta property=\"article:author\" content=\"https:\/\/www.facebook.com\/thalesbrandao\" \/>\n<meta property=\"article:published_time\" content=\"2021-10-19T03:17:04+00:00\" \/>\n<meta property=\"article:modified_time\" content=\"2021-10-19T03:17:07+00:00\" \/>\n<meta property=\"og:image\" content=\"https:\/\/www.cidademarketing.com.br\/marketing\/wp-content\/uploads\/2021\/10\/Vibra.jpeg\" \/>\n\t<meta property=\"og:image:width\" content=\"1080\" \/>\n\t<meta property=\"og:image:height\" content=\"1080\" \/>\n\t<meta property=\"og:image:type\" content=\"image\/jpeg\" \/>\n<meta name=\"author\" content=\"Thales Brand\u00e3o\" \/>\n<meta name=\"twitter:card\" content=\"summary_large_image\" \/>\n<meta name=\"twitter:creator\" content=\"@http:\/\/www.twitter.com\/thalesbrandao\" \/>\n<meta name=\"twitter:site\" content=\"@CidadeMarketing\" \/>\n<meta name=\"twitter:label1\" content=\"Escrito por\" \/>\n\t<meta name=\"twitter:data1\" content=\"Thales Brand\u00e3o\" \/>\n\t<meta name=\"twitter:label2\" content=\"Est. tempo de leitura\" \/>\n\t<meta name=\"twitter:data2\" content=\"3 minutos\" \/>\n<script type=\"application\/ld+json\" class=\"yoast-schema-graph\">{\"@context\":\"https:\\\/\\\/schema.org\",\"@graph\":[{\"@type\":\"Article\",\"@id\":\"https:\\\/\\\/www.cidademarketing.com.br\\\/marketing\\\/2021\\\/10\\\/19\\\/vibra-anuncia-nova-agencia-de-comunicacao-de-relacionamento\\\/#article\",\"isPartOf\":{\"@id\":\"https:\\\/\\\/www.cidademarketing.com.br\\\/marketing\\\/2021\\\/10\\\/19\\\/vibra-anuncia-nova-agencia-de-comunicacao-de-relacionamento\\\/\"},\"author\":{\"name\":\"Thales Brand\u00e3o\",\"@id\":\"https:\\\/\\\/www.cidademarketing.com.br\\\/marketing\\\/#\\\/schema\\\/person\\\/02daff9f18bd9378c9e01eb6b2db155f\"},\"headline\":\"Vibra anuncia nova ag\u00eancia de comunica\u00e7\u00e3o de relacionamento\",\"datePublished\":\"2021-10-19T03:17:04+00:00\",\"dateModified\":\"2021-10-19T03:17:07+00:00\",\"mainEntityOfPage\":{\"@id\":\"https:\\\/\\\/www.cidademarketing.com.br\\\/marketing\\\/2021\\\/10\\\/19\\\/vibra-anuncia-nova-agencia-de-comunicacao-de-relacionamento\\\/\"},\"wordCount\":599,\"commentCount\":0,\"publisher\":{\"@id\":\"https:\\\/\\\/www.cidademarketing.com.br\\\/marketing\\\/#organization\"},\"image\":{\"@id\":\"https:\\\/\\\/www.cidademarketing.com.br\\\/marketing\\\/2021\\\/10\\\/19\\\/vibra-anuncia-nova-agencia-de-comunicacao-de-relacionamento\\\/#primaryimage\"},\"thumbnailUrl\":\"https:\\\/\\\/www.cidademarketing.com.br\\\/marketing\\\/wp-content\\\/uploads\\\/2021\\\/10\\\/Vibra.jpeg\",\"keywords\":[\"CRM\",\"marketing\",\"relacionamento\",\"Vibra\"],\"articleSection\":[\"Not\u00edcias\"],\"inLanguage\":\"pt-BR\",\"potentialAction\":[{\"@type\":\"CommentAction\",\"name\":\"Comment\",\"target\":[\"https:\\\/\\\/www.cidademarketing.com.br\\\/marketing\\\/2021\\\/10\\\/19\\\/vibra-anuncia-nova-agencia-de-comunicacao-de-relacionamento\\\/#respond\"]}]},{\"@type\":\"WebPage\",\"@id\":\"https:\\\/\\\/www.cidademarketing.com.br\\\/marketing\\\/2021\\\/10\\\/19\\\/vibra-anuncia-nova-agencia-de-comunicacao-de-relacionamento\\\/\",\"url\":\"https:\\\/\\\/www.cidademarketing.com.br\\\/marketing\\\/2021\\\/10\\\/19\\\/vibra-anuncia-nova-agencia-de-comunicacao-de-relacionamento\\\/\",\"name\":\"Vibra anuncia nova ag\u00eancia de comunica\u00e7\u00e3o de relacionamento - CidadeMarketing\",\"isPartOf\":{\"@id\":\"https:\\\/\\\/www.cidademarketing.com.br\\\/marketing\\\/#website\"},\"primaryImageOfPage\":{\"@id\":\"https:\\\/\\\/www.cidademarketing.com.br\\\/marketing\\\/2021\\\/10\\\/19\\\/vibra-anuncia-nova-agencia-de-comunicacao-de-relacionamento\\\/#primaryimage\"},\"image\":{\"@id\":\"https:\\\/\\\/www.cidademarketing.com.br\\\/marketing\\\/2021\\\/10\\\/19\\\/vibra-anuncia-nova-agencia-de-comunicacao-de-relacionamento\\\/#primaryimage\"},\"thumbnailUrl\":\"https:\\\/\\\/www.cidademarketing.com.br\\\/marketing\\\/wp-content\\\/uploads\\\/2021\\\/10\\\/Vibra.jpeg\",\"datePublished\":\"2021-10-19T03:17:04+00:00\",\"dateModified\":\"2021-10-19T03:17:07+00:00\",\"breadcrumb\":{\"@id\":\"https:\\\/\\\/www.cidademarketing.com.br\\\/marketing\\\/2021\\\/10\\\/19\\\/vibra-anuncia-nova-agencia-de-comunicacao-de-relacionamento\\\/#breadcrumb\"},\"inLanguage\":\"pt-BR\",\"potentialAction\":[{\"@type\":\"ReadAction\",\"target\":[\"https:\\\/\\\/www.cidademarketing.com.br\\\/marketing\\\/2021\\\/10\\\/19\\\/vibra-anuncia-nova-agencia-de-comunicacao-de-relacionamento\\\/\"]}]},{\"@type\":\"ImageObject\",\"inLanguage\":\"pt-BR\",\"@id\":\"https:\\\/\\\/www.cidademarketing.com.br\\\/marketing\\\/2021\\\/10\\\/19\\\/vibra-anuncia-nova-agencia-de-comunicacao-de-relacionamento\\\/#primaryimage\",\"url\":\"https:\\\/\\\/www.cidademarketing.com.br\\\/marketing\\\/wp-content\\\/uploads\\\/2021\\\/10\\\/Vibra.jpeg\",\"contentUrl\":\"https:\\\/\\\/www.cidademarketing.com.br\\\/marketing\\\/wp-content\\\/uploads\\\/2021\\\/10\\\/Vibra.jpeg\",\"width\":1080,\"height\":1080},{\"@type\":\"BreadcrumbList\",\"@id\":\"https:\\\/\\\/www.cidademarketing.com.br\\\/marketing\\\/2021\\\/10\\\/19\\\/vibra-anuncia-nova-agencia-de-comunicacao-de-relacionamento\\\/#breadcrumb\",\"itemListElement\":[{\"@type\":\"ListItem\",\"position\":1,\"name\":\"In\u00edcio\",\"item\":\"https:\\\/\\\/www.cidademarketing.com.br\\\/marketing\\\/\"},{\"@type\":\"ListItem\",\"position\":2,\"name\":\"Vibra anuncia nova ag\u00eancia de comunica\u00e7\u00e3o de relacionamento\"}]},{\"@type\":\"WebSite\",\"@id\":\"https:\\\/\\\/www.cidademarketing.com.br\\\/marketing\\\/#website\",\"url\":\"https:\\\/\\\/www.cidademarketing.com.br\\\/marketing\\\/\",\"name\":\"CidadeMarketing\",\"description\":\"Somos um ve\u00edculo de comunica\u00e7\u00e3o de destaque no Brasil, reconhecido por conte\u00fados nos segmentos de marketing, empreendedorismo e inova\u00e7\u00e3o.\",\"publisher\":{\"@id\":\"https:\\\/\\\/www.cidademarketing.com.br\\\/marketing\\\/#organization\"},\"alternateName\":\"CidadeMarketing\",\"potentialAction\":[{\"@type\":\"SearchAction\",\"target\":{\"@type\":\"EntryPoint\",\"urlTemplate\":\"https:\\\/\\\/www.cidademarketing.com.br\\\/marketing\\\/?s={search_term_string}\"},\"query-input\":{\"@type\":\"PropertyValueSpecification\",\"valueRequired\":true,\"valueName\":\"search_term_string\"}}],\"inLanguage\":\"pt-BR\"},{\"@type\":\"Organization\",\"@id\":\"https:\\\/\\\/www.cidademarketing.com.br\\\/marketing\\\/#organization\",\"name\":\"CidadeMarketing\",\"alternateName\":\"CidadeMarketing\",\"url\":\"https:\\\/\\\/www.cidademarketing.com.br\\\/marketing\\\/\",\"logo\":{\"@type\":\"ImageObject\",\"inLanguage\":\"pt-BR\",\"@id\":\"https:\\\/\\\/www.cidademarketing.com.br\\\/marketing\\\/#\\\/schema\\\/logo\\\/image\\\/\",\"url\":\"https:\\\/\\\/www.cidademarketing.com.br\\\/marketing\\\/wp-content\\\/uploads\\\/2020\\\/01\\\/cidademarketing_marca_mobile.png\",\"contentUrl\":\"https:\\\/\\\/www.cidademarketing.com.br\\\/marketing\\\/wp-content\\\/uploads\\\/2020\\\/01\\\/cidademarketing_marca_mobile.png\",\"width\":230,\"height\":92,\"caption\":\"CidadeMarketing\"},\"image\":{\"@id\":\"https:\\\/\\\/www.cidademarketing.com.br\\\/marketing\\\/#\\\/schema\\\/logo\\\/image\\\/\"},\"sameAs\":[\"https:\\\/\\\/www.facebook.com\\\/portalcidademarketing\",\"https:\\\/\\\/x.com\\\/CidadeMarketing\",\"https:\\\/\\\/www.instagram.com\\\/cidademarketing\\\/\"]},{\"@type\":\"Person\",\"@id\":\"https:\\\/\\\/www.cidademarketing.com.br\\\/marketing\\\/#\\\/schema\\\/person\\\/02daff9f18bd9378c9e01eb6b2db155f\",\"name\":\"Thales Brand\u00e3o\",\"image\":{\"@type\":\"ImageObject\",\"inLanguage\":\"pt-BR\",\"@id\":\"https:\\\/\\\/secure.gravatar.com\\\/avatar\\\/7ca3206950207cc3cb48feec56a8a7898741ab725c368d99d5d7a5a50aab80c6?s=96&d=mm&r=g\",\"url\":\"https:\\\/\\\/secure.gravatar.com\\\/avatar\\\/7ca3206950207cc3cb48feec56a8a7898741ab725c368d99d5d7a5a50aab80c6?s=96&d=mm&r=g\",\"contentUrl\":\"https:\\\/\\\/secure.gravatar.com\\\/avatar\\\/7ca3206950207cc3cb48feec56a8a7898741ab725c368d99d5d7a5a50aab80c6?s=96&d=mm&r=g\",\"caption\":\"Thales Brand\u00e3o\"},\"description\":\"Editor Executivo do Portal CidadeMarketing.com.br &gt; Mestre em Comunica\u00e7\u00e3o e Sociedade pela Universidade Federal de Sergipe. Possui MBA Executivo em Administra\u00e7\u00e3o com \u00eanfase em Marketing pela Funda\u00e7\u00e3o Get\u00falio Vargas - Rio de Janeiro. Consultor, Palestrante e Pesquisador sobre Empreendedorismo, Marketing, Redes Sociais e Neg\u00f3cios Digitais. Professor, Palestrante TedxTalks e Campus Party. Twitter: @ThalesBrandao\",\"sameAs\":[\"http:\\\/\\\/www.mandacaru.com.br\",\"https:\\\/\\\/www.facebook.com\\\/thalesbrandao\",\"http:\\\/\\\/www.instagram.com.br\\\/thalesbrandaoferreira\",\"https:\\\/\\\/www.linkedin.com\\\/in\\\/thales-brand\u00e3o-3948609\\\/\",\"https:\\\/\\\/x.com\\\/http:\\\/\\\/www.twitter.com\\\/thalesbrandao\"],\"url\":\"https:\\\/\\\/www.cidademarketing.com.br\\\/marketing\\\/author\\\/thalesbrandao\\\/\"}]}<\/script>\n<!-- \/ Yoast SEO plugin. -->","yoast_head_json":{"title":"Vibra anuncia nova ag\u00eancia de comunica\u00e7\u00e3o de relacionamento - CidadeMarketing","robots":{"index":"index","follow":"follow","max-snippet":"max-snippet:-1","max-image-preview":"max-image-preview:large","max-video-preview":"max-video-preview:-1"},"canonical":"https:\/\/www.cidademarketing.com.br\/marketing\/2021\/10\/19\/vibra-anuncia-nova-agencia-de-comunicacao-de-relacionamento\/","og_locale":"pt_BR","og_type":"article","og_title":"Vibra anuncia nova ag\u00eancia de comunica\u00e7\u00e3o de relacionamento - CidadeMarketing","og_description":"A Vibra acaba de fazer uma mudan\u00e7a significativa no seu time de ag\u00eancias. A Brivia se junta ao grupo e assume a comunica\u00e7\u00e3o de relacionamento com clientes da Vibra, sendo respons\u00e1vel pela gest\u00e3o de\u00a0 CRM e dos canais digitais da companhia, incluindo a marca institucional Vibra e as marcas Postos Petrobras, BR Mania, BR Aviation, [&hellip;]","og_url":"https:\/\/www.cidademarketing.com.br\/marketing\/2021\/10\/19\/vibra-anuncia-nova-agencia-de-comunicacao-de-relacionamento\/","og_site_name":"CidadeMarketing","article_publisher":"https:\/\/www.facebook.com\/portalcidademarketing","article_author":"https:\/\/www.facebook.com\/thalesbrandao","article_published_time":"2021-10-19T03:17:04+00:00","article_modified_time":"2021-10-19T03:17:07+00:00","og_image":[{"width":1080,"height":1080,"url":"https:\/\/www.cidademarketing.com.br\/marketing\/wp-content\/uploads\/2021\/10\/Vibra.jpeg","type":"image\/jpeg"}],"author":"Thales Brand\u00e3o","twitter_card":"summary_large_image","twitter_creator":"@http:\/\/www.twitter.com\/thalesbrandao","twitter_site":"@CidadeMarketing","twitter_misc":{"Escrito por":"Thales Brand\u00e3o","Est. tempo de leitura":"3 minutos"},"schema":{"@context":"https:\/\/schema.org","@graph":[{"@type":"Article","@id":"https:\/\/www.cidademarketing.com.br\/marketing\/2021\/10\/19\/vibra-anuncia-nova-agencia-de-comunicacao-de-relacionamento\/#article","isPartOf":{"@id":"https:\/\/www.cidademarketing.com.br\/marketing\/2021\/10\/19\/vibra-anuncia-nova-agencia-de-comunicacao-de-relacionamento\/"},"author":{"name":"Thales Brand\u00e3o","@id":"https:\/\/www.cidademarketing.com.br\/marketing\/#\/schema\/person\/02daff9f18bd9378c9e01eb6b2db155f"},"headline":"Vibra anuncia nova ag\u00eancia de comunica\u00e7\u00e3o de relacionamento","datePublished":"2021-10-19T03:17:04+00:00","dateModified":"2021-10-19T03:17:07+00:00","mainEntityOfPage":{"@id":"https:\/\/www.cidademarketing.com.br\/marketing\/2021\/10\/19\/vibra-anuncia-nova-agencia-de-comunicacao-de-relacionamento\/"},"wordCount":599,"commentCount":0,"publisher":{"@id":"https:\/\/www.cidademarketing.com.br\/marketing\/#organization"},"image":{"@id":"https:\/\/www.cidademarketing.com.br\/marketing\/2021\/10\/19\/vibra-anuncia-nova-agencia-de-comunicacao-de-relacionamento\/#primaryimage"},"thumbnailUrl":"https:\/\/www.cidademarketing.com.br\/marketing\/wp-content\/uploads\/2021\/10\/Vibra.jpeg","keywords":["CRM","marketing","relacionamento","Vibra"],"articleSection":["Not\u00edcias"],"inLanguage":"pt-BR","potentialAction":[{"@type":"CommentAction","name":"Comment","target":["https:\/\/www.cidademarketing.com.br\/marketing\/2021\/10\/19\/vibra-anuncia-nova-agencia-de-comunicacao-de-relacionamento\/#respond"]}]},{"@type":"WebPage","@id":"https:\/\/www.cidademarketing.com.br\/marketing\/2021\/10\/19\/vibra-anuncia-nova-agencia-de-comunicacao-de-relacionamento\/","url":"https:\/\/www.cidademarketing.com.br\/marketing\/2021\/10\/19\/vibra-anuncia-nova-agencia-de-comunicacao-de-relacionamento\/","name":"Vibra anuncia nova ag\u00eancia de comunica\u00e7\u00e3o de relacionamento - CidadeMarketing","isPartOf":{"@id":"https:\/\/www.cidademarketing.com.br\/marketing\/#website"},"primaryImageOfPage":{"@id":"https:\/\/www.cidademarketing.com.br\/marketing\/2021\/10\/19\/vibra-anuncia-nova-agencia-de-comunicacao-de-relacionamento\/#primaryimage"},"image":{"@id":"https:\/\/www.cidademarketing.com.br\/marketing\/2021\/10\/19\/vibra-anuncia-nova-agencia-de-comunicacao-de-relacionamento\/#primaryimage"},"thumbnailUrl":"https:\/\/www.cidademarketing.com.br\/marketing\/wp-content\/uploads\/2021\/10\/Vibra.jpeg","datePublished":"2021-10-19T03:17:04+00:00","dateModified":"2021-10-19T03:17:07+00:00","breadcrumb":{"@id":"https:\/\/www.cidademarketing.com.br\/marketing\/2021\/10\/19\/vibra-anuncia-nova-agencia-de-comunicacao-de-relacionamento\/#breadcrumb"},"inLanguage":"pt-BR","potentialAction":[{"@type":"ReadAction","target":["https:\/\/www.cidademarketing.com.br\/marketing\/2021\/10\/19\/vibra-anuncia-nova-agencia-de-comunicacao-de-relacionamento\/"]}]},{"@type":"ImageObject","inLanguage":"pt-BR","@id":"https:\/\/www.cidademarketing.com.br\/marketing\/2021\/10\/19\/vibra-anuncia-nova-agencia-de-comunicacao-de-relacionamento\/#primaryimage","url":"https:\/\/www.cidademarketing.com.br\/marketing\/wp-content\/uploads\/2021\/10\/Vibra.jpeg","contentUrl":"https:\/\/www.cidademarketing.com.br\/marketing\/wp-content\/uploads\/2021\/10\/Vibra.jpeg","width":1080,"height":1080},{"@type":"BreadcrumbList","@id":"https:\/\/www.cidademarketing.com.br\/marketing\/2021\/10\/19\/vibra-anuncia-nova-agencia-de-comunicacao-de-relacionamento\/#breadcrumb","itemListElement":[{"@type":"ListItem","position":1,"name":"In\u00edcio","item":"https:\/\/www.cidademarketing.com.br\/marketing\/"},{"@type":"ListItem","position":2,"name":"Vibra anuncia nova ag\u00eancia de comunica\u00e7\u00e3o de relacionamento"}]},{"@type":"WebSite","@id":"https:\/\/www.cidademarketing.com.br\/marketing\/#website","url":"https:\/\/www.cidademarketing.com.br\/marketing\/","name":"CidadeMarketing","description":"Somos um ve\u00edculo de comunica\u00e7\u00e3o de destaque no Brasil, reconhecido por conte\u00fados nos segmentos de marketing, empreendedorismo e inova\u00e7\u00e3o.","publisher":{"@id":"https:\/\/www.cidademarketing.com.br\/marketing\/#organization"},"alternateName":"CidadeMarketing","potentialAction":[{"@type":"SearchAction","target":{"@type":"EntryPoint","urlTemplate":"https:\/\/www.cidademarketing.com.br\/marketing\/?s={search_term_string}"},"query-input":{"@type":"PropertyValueSpecification","valueRequired":true,"valueName":"search_term_string"}}],"inLanguage":"pt-BR"},{"@type":"Organization","@id":"https:\/\/www.cidademarketing.com.br\/marketing\/#organization","name":"CidadeMarketing","alternateName":"CidadeMarketing","url":"https:\/\/www.cidademarketing.com.br\/marketing\/","logo":{"@type":"ImageObject","inLanguage":"pt-BR","@id":"https:\/\/www.cidademarketing.com.br\/marketing\/#\/schema\/logo\/image\/","url":"https:\/\/www.cidademarketing.com.br\/marketing\/wp-content\/uploads\/2020\/01\/cidademarketing_marca_mobile.png","contentUrl":"https:\/\/www.cidademarketing.com.br\/marketing\/wp-content\/uploads\/2020\/01\/cidademarketing_marca_mobile.png","width":230,"height":92,"caption":"CidadeMarketing"},"image":{"@id":"https:\/\/www.cidademarketing.com.br\/marketing\/#\/schema\/logo\/image\/"},"sameAs":["https:\/\/www.facebook.com\/portalcidademarketing","https:\/\/x.com\/CidadeMarketing","https:\/\/www.instagram.com\/cidademarketing\/"]},{"@type":"Person","@id":"https:\/\/www.cidademarketing.com.br\/marketing\/#\/schema\/person\/02daff9f18bd9378c9e01eb6b2db155f","name":"Thales Brand\u00e3o","image":{"@type":"ImageObject","inLanguage":"pt-BR","@id":"https:\/\/secure.gravatar.com\/avatar\/7ca3206950207cc3cb48feec56a8a7898741ab725c368d99d5d7a5a50aab80c6?s=96&d=mm&r=g","url":"https:\/\/secure.gravatar.com\/avatar\/7ca3206950207cc3cb48feec56a8a7898741ab725c368d99d5d7a5a50aab80c6?s=96&d=mm&r=g","contentUrl":"https:\/\/secure.gravatar.com\/avatar\/7ca3206950207cc3cb48feec56a8a7898741ab725c368d99d5d7a5a50aab80c6?s=96&d=mm&r=g","caption":"Thales Brand\u00e3o"},"description":"Editor Executivo do Portal CidadeMarketing.com.br &gt; Mestre em Comunica\u00e7\u00e3o e Sociedade pela Universidade Federal de Sergipe. Possui MBA Executivo em Administra\u00e7\u00e3o com \u00eanfase em Marketing pela Funda\u00e7\u00e3o Get\u00falio Vargas - Rio de Janeiro. Consultor, Palestrante e Pesquisador sobre Empreendedorismo, Marketing, Redes Sociais e Neg\u00f3cios Digitais. Professor, Palestrante TedxTalks e Campus Party. Twitter: @ThalesBrandao","sameAs":["http:\/\/www.mandacaru.com.br","https:\/\/www.facebook.com\/thalesbrandao","http:\/\/www.instagram.com.br\/thalesbrandaoferreira","https:\/\/www.linkedin.com\/in\/thales-brand\u00e3o-3948609\/","https:\/\/x.com\/http:\/\/www.twitter.com\/thalesbrandao"],"url":"https:\/\/www.cidademarketing.com.br\/marketing\/author\/thalesbrandao\/"}]}},"amp_enabled":true,"_links":{"self":[{"href":"https:\/\/www.cidademarketing.com.br\/marketing\/wp-json\/wp\/v2\/posts\/30633","targetHints":{"allow":["GET"]}}],"collection":[{"href":"https:\/\/www.cidademarketing.com.br\/marketing\/wp-json\/wp\/v2\/posts"}],"about":[{"href":"https:\/\/www.cidademarketing.com.br\/marketing\/wp-json\/wp\/v2\/types\/post"}],"author":[{"embeddable":true,"href":"https:\/\/www.cidademarketing.com.br\/marketing\/wp-json\/wp\/v2\/users\/1"}],"replies":[{"embeddable":true,"href":"https:\/\/www.cidademarketing.com.br\/marketing\/wp-json\/wp\/v2\/comments?post=30633"}],"version-history":[{"count":1,"href":"https:\/\/www.cidademarketing.com.br\/marketing\/wp-json\/wp\/v2\/posts\/30633\/revisions"}],"predecessor-version":[{"id":30635,"href":"https:\/\/www.cidademarketing.com.br\/marketing\/wp-json\/wp\/v2\/posts\/30633\/revisions\/30635"}],"wp:featuredmedia":[{"embeddable":true,"href":"https:\/\/www.cidademarketing.com.br\/marketing\/wp-json\/wp\/v2\/media\/30634"}],"wp:attachment":[{"href":"https:\/\/www.cidademarketing.com.br\/marketing\/wp-json\/wp\/v2\/media?parent=30633"}],"wp:term":[{"taxonomy":"category","embeddable":true,"href":"https:\/\/www.cidademarketing.com.br\/marketing\/wp-json\/wp\/v2\/categories?post=30633"},{"taxonomy":"post_tag","embeddable":true,"href":"https:\/\/www.cidademarketing.com.br\/marketing\/wp-json\/wp\/v2\/tags?post=30633"}],"curies":[{"name":"wp","href":"https:\/\/api.w.org\/{rel}","templated":true}]}}