{"id":30619,"date":"2021-10-18T22:59:54","date_gmt":"2021-10-19T01:59:54","guid":{"rendered":"https:\/\/www.cidademarketing.com.br\/marketing\/?p=30619"},"modified":"2021-10-18T22:59:56","modified_gmt":"2021-10-19T01:59:56","slug":"portobello-promove-archtrends-summit-em-homenagem-ao-arquiteto-paulo-mendes-da-rocha","status":"publish","type":"post","link":"https:\/\/www.cidademarketing.com.br\/marketing\/2021\/10\/18\/portobello-promove-archtrends-summit-em-homenagem-ao-arquiteto-paulo-mendes-da-rocha\/","title":{"rendered":"Portobello promove Archtrends Summit em homenagem ao arquiteto Paulo Mendes da Rocha"},"content":{"rendered":"\n<p><\/p><iframe src=\"https:\/\/open.spotify.com\/embed\/show\/4khMKzP3FgFRWVwb73xicc\" width=\"100%\" height=\"232\" frameBorder=\"0\" allowtransparency=\"true\" allow=\"encrypted-media\"><\/iframe>\t\n\n\n\n\n<p><\/p>\n\n\n\n<p>A Portobello, l\u00edder no varejo de revestimentos cer\u00e2micos, realiza no dia 21 de outubro, \u00e0s 15h, o Archtrends Summit \u2013 Edi\u00e7\u00e3o Especial Paulo Mendes da Rocha. O tradicional f\u00f3rum de conte\u00fado, promovido pelo Archtrends, plataforma de tend\u00eancias e refer\u00eancias de arquitetura e design da marca, acontece em tributo a um dos maiores arquitetos brasileiros de todos os tempos. Com a participa\u00e7\u00e3o de amigos e familiares de Paulo Mendes, a programa\u00e7\u00e3o contempla um bate-papo sobre a relev\u00e2ncia de sua obra para a arquitetura brasileira e, tamb\u00e9m, a inaugura\u00e7\u00e3o do Monumento Lastras, um dos \u00faltimos projetos realizados pelo profissional em parceria com a filha, Nadezhda Mendes da Rocha, e a Portobello.<br>O p\u00fablico vai ter acesso a muito conte\u00fado, novidades e participa\u00e7\u00f5es exclusivas do universo da arquitetura e do design. O encontro ser\u00e1 on-line e ao vivo, com apresenta\u00e7\u00e3o do jornalista e embaixador da marca, Pedro Andrade. As inscri\u00e7\u00f5es podem ser feitas gratuitamente no site da empresa: www.portobello.com.br<\/p>\n\n\n\n<p><\/p>\n\n\n\n<p>De Portugal, o arquiteto portugu\u00eas, Alvaro Siza, participar\u00e1 do f\u00f3rum falando principalmente sobre sua obra no Brasil, a Funda\u00e7\u00e3o Iber\u00ea Camargo, em Porto Alegre. Martin Corullon, do escrit\u00f3rio Metro Arquitetos, \u00e9 outro convidado especial. O arquiteto vai abordar a amizade e a import\u00e2ncia de Paulo Mendes da Rocha, com quem realizou diversos projetos, das mais variadas escalas, para a arquitetura brasileira.<br>Ao longo do evento, o p\u00fablico ainda ter\u00e1 acesso com exclusividade a trechos do document\u00e1rio \u201cTudo \u00e9 Projeto\u201d, dirigido por Joana Mendes da Rocha (filha do homenageado) e Patricia Rubano, em mem\u00f3ria ao arquiteto. Os participantes do Summit estar\u00e3o concorrendo a 30 vouchers para assistir ao filme na \u00edntegra.<br>A Portobello tamb\u00e9m anunciar\u00e1 a linha de camisetas com estampa inspirada no croqui do Monumento Lastras, dispon\u00edvel para compra on-line. O valor adquirido com as pe\u00e7as ser\u00e1 100% revertido para a ONG OMUNGA, com projetos sociais voltados para a educa\u00e7\u00e3o em regi\u00f5es de vulnerabilidade no norte do pa\u00eds e na \u00c1frica. Uma das iniciativas \u00e9 a constru\u00e7\u00e3o de uma biblioteca na Amaz\u00f4nia &#8211; idealizada pelo escrit\u00f3rio de arquitetura catarinense Metroquadrado.<br><\/p>\n\n\n\n<p>Monumento Lastras<br>Em 2020, a Portobello inovou ao realizar a Mostra Unlimited, uma exposi\u00e7\u00e3o que apresentou pelo olhar de grandes nomes da arquitetura e do design as possibilidades de uso das Lastras Portobello, superf\u00edcies de porcelanato de at\u00e9 1,60 x 3,20m, produzidas com exclusividade pela empresa no pa\u00eds. Entre os convidados, esteve Paulo Mendes da Rocha, arquiteto, urbanista e professor e ganhador do Pr\u00eamio Pritzker em 2006. Em parceria com a filha, a arquiteta e designer Nadezhda Mendes da Rocha, Paulo Mendes criou para a Portobello o Monumento Lastras, que agora ser\u00e1 inaugurado na f\u00e1brica da Portobello, em Tijucas (SC).<br>A ideia do projeto assinado por Paulo e Nadezhda \u00e9 exibir as lastras como uma fantasia em rela\u00e7\u00e3o a como de fato elas v\u00e3o aparecer na cidade, principalmente para a grande visibilidade dos planos verticais das fachadas dos edif\u00edcios em v\u00e1rias disposi\u00e7\u00f5es imprevis\u00edveis em rela\u00e7\u00e3o \u00e0 luz do sol em diferentes hor\u00e1rios do dia. \u201cO conjunto tem uma vis\u00e3o teatral e din\u00e2mica. O que fizemos foi colocar as lastras com a dimens\u00e3o de 1,20 x 2,60m, que s\u00e3o bel\u00edssimas, ora na vertical, ora na horizontal, sempre de modo ortogonal ao piso, como espera-se que sejam dispostas nas arquiteturas. Respeitamos as duas famosas orienta\u00e7\u00f5es fundamentais, o n\u00edvel (horizontal) e o prumo (vertical)\u201d, afirmou Paulo, na<br>\u00e9poca.<br><\/p>\n\n\n\n<p><strong>Servi\u00e7o<br>Archtrends Summit \u2013 Edi\u00e7\u00e3o Especial Paulo Mendes da Rocha<br>Data: 21\/10 \u2013 quinta<br>Hora: 15h<\/strong><\/p>\n\n\n\n<p><strong>Local: F\u00e1brica da Portobello, Tijucas (SC).<br>Programa\u00e7\u00e3o completa: @<a href=\"https:\/\/www.instagram.com\/portobello\/\" data-type=\"URL\" data-id=\"https:\/\/www.instagram.com\/portobello\/\" target=\"_blank\" rel=\"noreferrer noopener\">portobello<\/a> @<a href=\"https:\/\/www.instagram.com\/archtrends\/\" data-type=\"URL\" data-id=\"https:\/\/www.instagram.com\/archtrends\/\" target=\"_blank\" rel=\"noreferrer noopener\">archtrends<\/a><br>Inscri\u00e7\u00f5es: <a href=\"http:\/\/www.portobello.com.br\" data-type=\"URL\" data-id=\"www.portobello.com.br\" target=\"_blank\" rel=\"noreferrer noopener\">www.portobello.com.br<\/a>.<\/strong><\/p>\n\n\n\n<p><\/p>\n\n\n\n<p><\/p><iframe allow=\"autoplay *; encrypted-media *; fullscreen *\" frameborder=\"0\" height=\"450\" style=\"width:100%;max-width:660px;overflow:hidden;background:transparent;\" sandbox=\"allow-forms allow-popups allow-same-origin allow-scripts allow-storage-access-by-user-activation allow-top-navigation-by-user-activation\" src=\"https:\/\/embed.podcasts.apple.com\/br\/podcast\/podcast-cidademarketing\/id1371923283\"><\/iframe>\n\n","protected":false},"excerpt":{"rendered":"<p>A Portobello, l\u00edder no varejo de revestimentos cer\u00e2micos, realiza no dia 21 de outubro, \u00e0s 15h, o Archtrends Summit \u2013 Edi\u00e7\u00e3o Especial Paulo Mendes da Rocha. O tradicional f\u00f3rum de conte\u00fado, promovido pelo Archtrends, plataforma de tend\u00eancias e refer\u00eancias de arquitetura e design da marca, acontece em tributo a um dos maiores arquitetos brasileiros de [&hellip;]<\/p>\n","protected":false},"author":1,"featured_media":30620,"comment_status":"open","ping_status":"open","sticky":false,"template":"","format":"standard","meta":{"tdm_status":"","tdm_grid_status":"","footnotes":""},"categories":[6],"tags":[33,179,28,26,3078],"class_list":["post-30619","post","type-post","status-publish","format-standard","has-post-thumbnail","hentry","category-noticias","tag-estrategia","tag-evento","tag-marketing","tag-marketing-digital","tag-portobello"],"yoast_head":"<!-- This site is optimized with the Yoast SEO plugin v27.5 - https:\/\/yoast.com\/product\/yoast-seo-wordpress\/ -->\n<title>Portobello promove Archtrends Summit em homenagem ao arquiteto Paulo Mendes da Rocha - CidadeMarketing<\/title>\n<meta name=\"robots\" content=\"index, follow, max-snippet:-1, max-image-preview:large, max-video-preview:-1\" \/>\n<link rel=\"canonical\" href=\"https:\/\/www.cidademarketing.com.br\/marketing\/2021\/10\/18\/portobello-promove-archtrends-summit-em-homenagem-ao-arquiteto-paulo-mendes-da-rocha\/\" \/>\n<meta property=\"og:locale\" content=\"pt_BR\" \/>\n<meta property=\"og:type\" content=\"article\" \/>\n<meta property=\"og:title\" content=\"Portobello promove Archtrends Summit em homenagem ao arquiteto Paulo Mendes da Rocha - CidadeMarketing\" \/>\n<meta property=\"og:description\" content=\"A Portobello, l\u00edder no varejo de revestimentos cer\u00e2micos, realiza no dia 21 de outubro, \u00e0s 15h, o Archtrends Summit \u2013 Edi\u00e7\u00e3o Especial Paulo Mendes da Rocha. O tradicional f\u00f3rum de conte\u00fado, promovido pelo Archtrends, plataforma de tend\u00eancias e refer\u00eancias de arquitetura e design da marca, acontece em tributo a um dos maiores arquitetos brasileiros de [&hellip;]\" \/>\n<meta property=\"og:url\" content=\"https:\/\/www.cidademarketing.com.br\/marketing\/2021\/10\/18\/portobello-promove-archtrends-summit-em-homenagem-ao-arquiteto-paulo-mendes-da-rocha\/\" \/>\n<meta property=\"og:site_name\" content=\"CidadeMarketing\" \/>\n<meta property=\"article:publisher\" content=\"https:\/\/www.facebook.com\/portalcidademarketing\" \/>\n<meta property=\"article:author\" content=\"https:\/\/www.facebook.com\/thalesbrandao\" \/>\n<meta property=\"article:published_time\" content=\"2021-10-19T01:59:54+00:00\" \/>\n<meta property=\"article:modified_time\" content=\"2021-10-19T01:59:56+00:00\" \/>\n<meta property=\"og:image\" content=\"https:\/\/www.cidademarketing.com.br\/marketing\/wp-content\/uploads\/2021\/10\/portobello_paulomendes.jpg\" \/>\n\t<meta property=\"og:image:width\" content=\"620\" \/>\n\t<meta property=\"og:image:height\" content=\"497\" \/>\n\t<meta property=\"og:image:type\" content=\"image\/jpeg\" \/>\n<meta name=\"author\" content=\"Thales Brand\u00e3o\" \/>\n<meta name=\"twitter:card\" content=\"summary_large_image\" \/>\n<meta name=\"twitter:creator\" content=\"@http:\/\/www.twitter.com\/thalesbrandao\" \/>\n<meta name=\"twitter:site\" content=\"@CidadeMarketing\" \/>\n<meta name=\"twitter:label1\" content=\"Escrito por\" \/>\n\t<meta name=\"twitter:data1\" content=\"Thales Brand\u00e3o\" \/>\n\t<meta name=\"twitter:label2\" content=\"Est. tempo de leitura\" \/>\n\t<meta name=\"twitter:data2\" content=\"3 minutos\" \/>\n<script type=\"application\/ld+json\" class=\"yoast-schema-graph\">{\"@context\":\"https:\\\/\\\/schema.org\",\"@graph\":[{\"@type\":\"Article\",\"@id\":\"https:\\\/\\\/www.cidademarketing.com.br\\\/marketing\\\/2021\\\/10\\\/18\\\/portobello-promove-archtrends-summit-em-homenagem-ao-arquiteto-paulo-mendes-da-rocha\\\/#article\",\"isPartOf\":{\"@id\":\"https:\\\/\\\/www.cidademarketing.com.br\\\/marketing\\\/2021\\\/10\\\/18\\\/portobello-promove-archtrends-summit-em-homenagem-ao-arquiteto-paulo-mendes-da-rocha\\\/\"},\"author\":{\"name\":\"Thales Brand\u00e3o\",\"@id\":\"https:\\\/\\\/www.cidademarketing.com.br\\\/marketing\\\/#\\\/schema\\\/person\\\/02daff9f18bd9378c9e01eb6b2db155f\"},\"headline\":\"Portobello promove Archtrends Summit em homenagem ao arquiteto Paulo Mendes da Rocha\",\"datePublished\":\"2021-10-19T01:59:54+00:00\",\"dateModified\":\"2021-10-19T01:59:56+00:00\",\"mainEntityOfPage\":{\"@id\":\"https:\\\/\\\/www.cidademarketing.com.br\\\/marketing\\\/2021\\\/10\\\/18\\\/portobello-promove-archtrends-summit-em-homenagem-ao-arquiteto-paulo-mendes-da-rocha\\\/\"},\"wordCount\":637,\"commentCount\":0,\"publisher\":{\"@id\":\"https:\\\/\\\/www.cidademarketing.com.br\\\/marketing\\\/#organization\"},\"image\":{\"@id\":\"https:\\\/\\\/www.cidademarketing.com.br\\\/marketing\\\/2021\\\/10\\\/18\\\/portobello-promove-archtrends-summit-em-homenagem-ao-arquiteto-paulo-mendes-da-rocha\\\/#primaryimage\"},\"thumbnailUrl\":\"https:\\\/\\\/www.cidademarketing.com.br\\\/marketing\\\/wp-content\\\/uploads\\\/2021\\\/10\\\/portobello_paulomendes.jpg\",\"keywords\":[\"estrat\u00e9gia\",\"evento\",\"marketing\",\"marketing digital\",\"Portobello\"],\"articleSection\":[\"Not\u00edcias\"],\"inLanguage\":\"pt-BR\",\"potentialAction\":[{\"@type\":\"CommentAction\",\"name\":\"Comment\",\"target\":[\"https:\\\/\\\/www.cidademarketing.com.br\\\/marketing\\\/2021\\\/10\\\/18\\\/portobello-promove-archtrends-summit-em-homenagem-ao-arquiteto-paulo-mendes-da-rocha\\\/#respond\"]}]},{\"@type\":\"WebPage\",\"@id\":\"https:\\\/\\\/www.cidademarketing.com.br\\\/marketing\\\/2021\\\/10\\\/18\\\/portobello-promove-archtrends-summit-em-homenagem-ao-arquiteto-paulo-mendes-da-rocha\\\/\",\"url\":\"https:\\\/\\\/www.cidademarketing.com.br\\\/marketing\\\/2021\\\/10\\\/18\\\/portobello-promove-archtrends-summit-em-homenagem-ao-arquiteto-paulo-mendes-da-rocha\\\/\",\"name\":\"Portobello promove Archtrends Summit em homenagem ao arquiteto Paulo Mendes da Rocha - CidadeMarketing\",\"isPartOf\":{\"@id\":\"https:\\\/\\\/www.cidademarketing.com.br\\\/marketing\\\/#website\"},\"primaryImageOfPage\":{\"@id\":\"https:\\\/\\\/www.cidademarketing.com.br\\\/marketing\\\/2021\\\/10\\\/18\\\/portobello-promove-archtrends-summit-em-homenagem-ao-arquiteto-paulo-mendes-da-rocha\\\/#primaryimage\"},\"image\":{\"@id\":\"https:\\\/\\\/www.cidademarketing.com.br\\\/marketing\\\/2021\\\/10\\\/18\\\/portobello-promove-archtrends-summit-em-homenagem-ao-arquiteto-paulo-mendes-da-rocha\\\/#primaryimage\"},\"thumbnailUrl\":\"https:\\\/\\\/www.cidademarketing.com.br\\\/marketing\\\/wp-content\\\/uploads\\\/2021\\\/10\\\/portobello_paulomendes.jpg\",\"datePublished\":\"2021-10-19T01:59:54+00:00\",\"dateModified\":\"2021-10-19T01:59:56+00:00\",\"breadcrumb\":{\"@id\":\"https:\\\/\\\/www.cidademarketing.com.br\\\/marketing\\\/2021\\\/10\\\/18\\\/portobello-promove-archtrends-summit-em-homenagem-ao-arquiteto-paulo-mendes-da-rocha\\\/#breadcrumb\"},\"inLanguage\":\"pt-BR\",\"potentialAction\":[{\"@type\":\"ReadAction\",\"target\":[\"https:\\\/\\\/www.cidademarketing.com.br\\\/marketing\\\/2021\\\/10\\\/18\\\/portobello-promove-archtrends-summit-em-homenagem-ao-arquiteto-paulo-mendes-da-rocha\\\/\"]}]},{\"@type\":\"ImageObject\",\"inLanguage\":\"pt-BR\",\"@id\":\"https:\\\/\\\/www.cidademarketing.com.br\\\/marketing\\\/2021\\\/10\\\/18\\\/portobello-promove-archtrends-summit-em-homenagem-ao-arquiteto-paulo-mendes-da-rocha\\\/#primaryimage\",\"url\":\"https:\\\/\\\/www.cidademarketing.com.br\\\/marketing\\\/wp-content\\\/uploads\\\/2021\\\/10\\\/portobello_paulomendes.jpg\",\"contentUrl\":\"https:\\\/\\\/www.cidademarketing.com.br\\\/marketing\\\/wp-content\\\/uploads\\\/2021\\\/10\\\/portobello_paulomendes.jpg\",\"width\":620,\"height\":497,\"caption\":\"Paulo Mendes da Rocha, ao lado da filha Nadezhda Mendes da Rocha, durante cria\u00e7\u00e3o do projeto Monumento Lastras\\\/ Divulga\u00e7\u00e3o: Portobello.\"},{\"@type\":\"BreadcrumbList\",\"@id\":\"https:\\\/\\\/www.cidademarketing.com.br\\\/marketing\\\/2021\\\/10\\\/18\\\/portobello-promove-archtrends-summit-em-homenagem-ao-arquiteto-paulo-mendes-da-rocha\\\/#breadcrumb\",\"itemListElement\":[{\"@type\":\"ListItem\",\"position\":1,\"name\":\"In\u00edcio\",\"item\":\"https:\\\/\\\/www.cidademarketing.com.br\\\/marketing\\\/\"},{\"@type\":\"ListItem\",\"position\":2,\"name\":\"Portobello promove Archtrends Summit em homenagem ao arquiteto Paulo Mendes da Rocha\"}]},{\"@type\":\"WebSite\",\"@id\":\"https:\\\/\\\/www.cidademarketing.com.br\\\/marketing\\\/#website\",\"url\":\"https:\\\/\\\/www.cidademarketing.com.br\\\/marketing\\\/\",\"name\":\"CidadeMarketing\",\"description\":\"Somos um ve\u00edculo de comunica\u00e7\u00e3o de destaque no Brasil, reconhecido por conte\u00fados nos segmentos de marketing, empreendedorismo e inova\u00e7\u00e3o.\",\"publisher\":{\"@id\":\"https:\\\/\\\/www.cidademarketing.com.br\\\/marketing\\\/#organization\"},\"alternateName\":\"CidadeMarketing\",\"potentialAction\":[{\"@type\":\"SearchAction\",\"target\":{\"@type\":\"EntryPoint\",\"urlTemplate\":\"https:\\\/\\\/www.cidademarketing.com.br\\\/marketing\\\/?s={search_term_string}\"},\"query-input\":{\"@type\":\"PropertyValueSpecification\",\"valueRequired\":true,\"valueName\":\"search_term_string\"}}],\"inLanguage\":\"pt-BR\"},{\"@type\":\"Organization\",\"@id\":\"https:\\\/\\\/www.cidademarketing.com.br\\\/marketing\\\/#organization\",\"name\":\"CidadeMarketing\",\"alternateName\":\"CidadeMarketing\",\"url\":\"https:\\\/\\\/www.cidademarketing.com.br\\\/marketing\\\/\",\"logo\":{\"@type\":\"ImageObject\",\"inLanguage\":\"pt-BR\",\"@id\":\"https:\\\/\\\/www.cidademarketing.com.br\\\/marketing\\\/#\\\/schema\\\/logo\\\/image\\\/\",\"url\":\"https:\\\/\\\/www.cidademarketing.com.br\\\/marketing\\\/wp-content\\\/uploads\\\/2020\\\/01\\\/cidademarketing_marca_mobile.png\",\"contentUrl\":\"https:\\\/\\\/www.cidademarketing.com.br\\\/marketing\\\/wp-content\\\/uploads\\\/2020\\\/01\\\/cidademarketing_marca_mobile.png\",\"width\":230,\"height\":92,\"caption\":\"CidadeMarketing\"},\"image\":{\"@id\":\"https:\\\/\\\/www.cidademarketing.com.br\\\/marketing\\\/#\\\/schema\\\/logo\\\/image\\\/\"},\"sameAs\":[\"https:\\\/\\\/www.facebook.com\\\/portalcidademarketing\",\"https:\\\/\\\/x.com\\\/CidadeMarketing\",\"https:\\\/\\\/www.instagram.com\\\/cidademarketing\\\/\"]},{\"@type\":\"Person\",\"@id\":\"https:\\\/\\\/www.cidademarketing.com.br\\\/marketing\\\/#\\\/schema\\\/person\\\/02daff9f18bd9378c9e01eb6b2db155f\",\"name\":\"Thales Brand\u00e3o\",\"image\":{\"@type\":\"ImageObject\",\"inLanguage\":\"pt-BR\",\"@id\":\"https:\\\/\\\/secure.gravatar.com\\\/avatar\\\/7ca3206950207cc3cb48feec56a8a7898741ab725c368d99d5d7a5a50aab80c6?s=96&d=mm&r=g\",\"url\":\"https:\\\/\\\/secure.gravatar.com\\\/avatar\\\/7ca3206950207cc3cb48feec56a8a7898741ab725c368d99d5d7a5a50aab80c6?s=96&d=mm&r=g\",\"contentUrl\":\"https:\\\/\\\/secure.gravatar.com\\\/avatar\\\/7ca3206950207cc3cb48feec56a8a7898741ab725c368d99d5d7a5a50aab80c6?s=96&d=mm&r=g\",\"caption\":\"Thales Brand\u00e3o\"},\"description\":\"Editor Executivo do Portal CidadeMarketing.com.br &gt; Mestre em Comunica\u00e7\u00e3o e Sociedade pela Universidade Federal de Sergipe. Possui MBA Executivo em Administra\u00e7\u00e3o com \u00eanfase em Marketing pela Funda\u00e7\u00e3o Get\u00falio Vargas - Rio de Janeiro. Consultor, Palestrante e Pesquisador sobre Empreendedorismo, Marketing, Redes Sociais e Neg\u00f3cios Digitais. Professor, Palestrante TedxTalks e Campus Party. Twitter: @ThalesBrandao\",\"sameAs\":[\"http:\\\/\\\/www.mandacaru.com.br\",\"https:\\\/\\\/www.facebook.com\\\/thalesbrandao\",\"http:\\\/\\\/www.instagram.com.br\\\/thalesbrandaoferreira\",\"https:\\\/\\\/www.linkedin.com\\\/in\\\/thales-brand\u00e3o-3948609\\\/\",\"https:\\\/\\\/x.com\\\/http:\\\/\\\/www.twitter.com\\\/thalesbrandao\"],\"url\":\"https:\\\/\\\/www.cidademarketing.com.br\\\/marketing\\\/author\\\/thalesbrandao\\\/\"}]}<\/script>\n<!-- \/ Yoast SEO plugin. -->","yoast_head_json":{"title":"Portobello promove Archtrends Summit em homenagem ao arquiteto Paulo Mendes da Rocha - CidadeMarketing","robots":{"index":"index","follow":"follow","max-snippet":"max-snippet:-1","max-image-preview":"max-image-preview:large","max-video-preview":"max-video-preview:-1"},"canonical":"https:\/\/www.cidademarketing.com.br\/marketing\/2021\/10\/18\/portobello-promove-archtrends-summit-em-homenagem-ao-arquiteto-paulo-mendes-da-rocha\/","og_locale":"pt_BR","og_type":"article","og_title":"Portobello promove Archtrends Summit em homenagem ao arquiteto Paulo Mendes da Rocha - CidadeMarketing","og_description":"A Portobello, l\u00edder no varejo de revestimentos cer\u00e2micos, realiza no dia 21 de outubro, \u00e0s 15h, o Archtrends Summit \u2013 Edi\u00e7\u00e3o Especial Paulo Mendes da Rocha. O tradicional f\u00f3rum de conte\u00fado, promovido pelo Archtrends, plataforma de tend\u00eancias e refer\u00eancias de arquitetura e design da marca, acontece em tributo a um dos maiores arquitetos brasileiros de [&hellip;]","og_url":"https:\/\/www.cidademarketing.com.br\/marketing\/2021\/10\/18\/portobello-promove-archtrends-summit-em-homenagem-ao-arquiteto-paulo-mendes-da-rocha\/","og_site_name":"CidadeMarketing","article_publisher":"https:\/\/www.facebook.com\/portalcidademarketing","article_author":"https:\/\/www.facebook.com\/thalesbrandao","article_published_time":"2021-10-19T01:59:54+00:00","article_modified_time":"2021-10-19T01:59:56+00:00","og_image":[{"width":620,"height":497,"url":"https:\/\/www.cidademarketing.com.br\/marketing\/wp-content\/uploads\/2021\/10\/portobello_paulomendes.jpg","type":"image\/jpeg"}],"author":"Thales Brand\u00e3o","twitter_card":"summary_large_image","twitter_creator":"@http:\/\/www.twitter.com\/thalesbrandao","twitter_site":"@CidadeMarketing","twitter_misc":{"Escrito por":"Thales Brand\u00e3o","Est. tempo de leitura":"3 minutos"},"schema":{"@context":"https:\/\/schema.org","@graph":[{"@type":"Article","@id":"https:\/\/www.cidademarketing.com.br\/marketing\/2021\/10\/18\/portobello-promove-archtrends-summit-em-homenagem-ao-arquiteto-paulo-mendes-da-rocha\/#article","isPartOf":{"@id":"https:\/\/www.cidademarketing.com.br\/marketing\/2021\/10\/18\/portobello-promove-archtrends-summit-em-homenagem-ao-arquiteto-paulo-mendes-da-rocha\/"},"author":{"name":"Thales Brand\u00e3o","@id":"https:\/\/www.cidademarketing.com.br\/marketing\/#\/schema\/person\/02daff9f18bd9378c9e01eb6b2db155f"},"headline":"Portobello promove Archtrends Summit em homenagem ao arquiteto Paulo Mendes da Rocha","datePublished":"2021-10-19T01:59:54+00:00","dateModified":"2021-10-19T01:59:56+00:00","mainEntityOfPage":{"@id":"https:\/\/www.cidademarketing.com.br\/marketing\/2021\/10\/18\/portobello-promove-archtrends-summit-em-homenagem-ao-arquiteto-paulo-mendes-da-rocha\/"},"wordCount":637,"commentCount":0,"publisher":{"@id":"https:\/\/www.cidademarketing.com.br\/marketing\/#organization"},"image":{"@id":"https:\/\/www.cidademarketing.com.br\/marketing\/2021\/10\/18\/portobello-promove-archtrends-summit-em-homenagem-ao-arquiteto-paulo-mendes-da-rocha\/#primaryimage"},"thumbnailUrl":"https:\/\/www.cidademarketing.com.br\/marketing\/wp-content\/uploads\/2021\/10\/portobello_paulomendes.jpg","keywords":["estrat\u00e9gia","evento","marketing","marketing digital","Portobello"],"articleSection":["Not\u00edcias"],"inLanguage":"pt-BR","potentialAction":[{"@type":"CommentAction","name":"Comment","target":["https:\/\/www.cidademarketing.com.br\/marketing\/2021\/10\/18\/portobello-promove-archtrends-summit-em-homenagem-ao-arquiteto-paulo-mendes-da-rocha\/#respond"]}]},{"@type":"WebPage","@id":"https:\/\/www.cidademarketing.com.br\/marketing\/2021\/10\/18\/portobello-promove-archtrends-summit-em-homenagem-ao-arquiteto-paulo-mendes-da-rocha\/","url":"https:\/\/www.cidademarketing.com.br\/marketing\/2021\/10\/18\/portobello-promove-archtrends-summit-em-homenagem-ao-arquiteto-paulo-mendes-da-rocha\/","name":"Portobello promove Archtrends Summit em homenagem ao arquiteto Paulo Mendes da Rocha - CidadeMarketing","isPartOf":{"@id":"https:\/\/www.cidademarketing.com.br\/marketing\/#website"},"primaryImageOfPage":{"@id":"https:\/\/www.cidademarketing.com.br\/marketing\/2021\/10\/18\/portobello-promove-archtrends-summit-em-homenagem-ao-arquiteto-paulo-mendes-da-rocha\/#primaryimage"},"image":{"@id":"https:\/\/www.cidademarketing.com.br\/marketing\/2021\/10\/18\/portobello-promove-archtrends-summit-em-homenagem-ao-arquiteto-paulo-mendes-da-rocha\/#primaryimage"},"thumbnailUrl":"https:\/\/www.cidademarketing.com.br\/marketing\/wp-content\/uploads\/2021\/10\/portobello_paulomendes.jpg","datePublished":"2021-10-19T01:59:54+00:00","dateModified":"2021-10-19T01:59:56+00:00","breadcrumb":{"@id":"https:\/\/www.cidademarketing.com.br\/marketing\/2021\/10\/18\/portobello-promove-archtrends-summit-em-homenagem-ao-arquiteto-paulo-mendes-da-rocha\/#breadcrumb"},"inLanguage":"pt-BR","potentialAction":[{"@type":"ReadAction","target":["https:\/\/www.cidademarketing.com.br\/marketing\/2021\/10\/18\/portobello-promove-archtrends-summit-em-homenagem-ao-arquiteto-paulo-mendes-da-rocha\/"]}]},{"@type":"ImageObject","inLanguage":"pt-BR","@id":"https:\/\/www.cidademarketing.com.br\/marketing\/2021\/10\/18\/portobello-promove-archtrends-summit-em-homenagem-ao-arquiteto-paulo-mendes-da-rocha\/#primaryimage","url":"https:\/\/www.cidademarketing.com.br\/marketing\/wp-content\/uploads\/2021\/10\/portobello_paulomendes.jpg","contentUrl":"https:\/\/www.cidademarketing.com.br\/marketing\/wp-content\/uploads\/2021\/10\/portobello_paulomendes.jpg","width":620,"height":497,"caption":"Paulo Mendes da Rocha, ao lado da filha Nadezhda Mendes da Rocha, durante cria\u00e7\u00e3o do projeto Monumento Lastras\/ Divulga\u00e7\u00e3o: Portobello."},{"@type":"BreadcrumbList","@id":"https:\/\/www.cidademarketing.com.br\/marketing\/2021\/10\/18\/portobello-promove-archtrends-summit-em-homenagem-ao-arquiteto-paulo-mendes-da-rocha\/#breadcrumb","itemListElement":[{"@type":"ListItem","position":1,"name":"In\u00edcio","item":"https:\/\/www.cidademarketing.com.br\/marketing\/"},{"@type":"ListItem","position":2,"name":"Portobello promove Archtrends Summit em homenagem ao arquiteto Paulo Mendes da Rocha"}]},{"@type":"WebSite","@id":"https:\/\/www.cidademarketing.com.br\/marketing\/#website","url":"https:\/\/www.cidademarketing.com.br\/marketing\/","name":"CidadeMarketing","description":"Somos um ve\u00edculo de comunica\u00e7\u00e3o de destaque no Brasil, reconhecido por conte\u00fados nos segmentos de marketing, empreendedorismo e inova\u00e7\u00e3o.","publisher":{"@id":"https:\/\/www.cidademarketing.com.br\/marketing\/#organization"},"alternateName":"CidadeMarketing","potentialAction":[{"@type":"SearchAction","target":{"@type":"EntryPoint","urlTemplate":"https:\/\/www.cidademarketing.com.br\/marketing\/?s={search_term_string}"},"query-input":{"@type":"PropertyValueSpecification","valueRequired":true,"valueName":"search_term_string"}}],"inLanguage":"pt-BR"},{"@type":"Organization","@id":"https:\/\/www.cidademarketing.com.br\/marketing\/#organization","name":"CidadeMarketing","alternateName":"CidadeMarketing","url":"https:\/\/www.cidademarketing.com.br\/marketing\/","logo":{"@type":"ImageObject","inLanguage":"pt-BR","@id":"https:\/\/www.cidademarketing.com.br\/marketing\/#\/schema\/logo\/image\/","url":"https:\/\/www.cidademarketing.com.br\/marketing\/wp-content\/uploads\/2020\/01\/cidademarketing_marca_mobile.png","contentUrl":"https:\/\/www.cidademarketing.com.br\/marketing\/wp-content\/uploads\/2020\/01\/cidademarketing_marca_mobile.png","width":230,"height":92,"caption":"CidadeMarketing"},"image":{"@id":"https:\/\/www.cidademarketing.com.br\/marketing\/#\/schema\/logo\/image\/"},"sameAs":["https:\/\/www.facebook.com\/portalcidademarketing","https:\/\/x.com\/CidadeMarketing","https:\/\/www.instagram.com\/cidademarketing\/"]},{"@type":"Person","@id":"https:\/\/www.cidademarketing.com.br\/marketing\/#\/schema\/person\/02daff9f18bd9378c9e01eb6b2db155f","name":"Thales Brand\u00e3o","image":{"@type":"ImageObject","inLanguage":"pt-BR","@id":"https:\/\/secure.gravatar.com\/avatar\/7ca3206950207cc3cb48feec56a8a7898741ab725c368d99d5d7a5a50aab80c6?s=96&d=mm&r=g","url":"https:\/\/secure.gravatar.com\/avatar\/7ca3206950207cc3cb48feec56a8a7898741ab725c368d99d5d7a5a50aab80c6?s=96&d=mm&r=g","contentUrl":"https:\/\/secure.gravatar.com\/avatar\/7ca3206950207cc3cb48feec56a8a7898741ab725c368d99d5d7a5a50aab80c6?s=96&d=mm&r=g","caption":"Thales Brand\u00e3o"},"description":"Editor Executivo do Portal CidadeMarketing.com.br &gt; Mestre em Comunica\u00e7\u00e3o e Sociedade pela Universidade Federal de Sergipe. Possui MBA Executivo em Administra\u00e7\u00e3o com \u00eanfase em Marketing pela Funda\u00e7\u00e3o Get\u00falio Vargas - Rio de Janeiro. Consultor, Palestrante e Pesquisador sobre Empreendedorismo, Marketing, Redes Sociais e Neg\u00f3cios Digitais. Professor, Palestrante TedxTalks e Campus Party. Twitter: @ThalesBrandao","sameAs":["http:\/\/www.mandacaru.com.br","https:\/\/www.facebook.com\/thalesbrandao","http:\/\/www.instagram.com.br\/thalesbrandaoferreira","https:\/\/www.linkedin.com\/in\/thales-brand\u00e3o-3948609\/","https:\/\/x.com\/http:\/\/www.twitter.com\/thalesbrandao"],"url":"https:\/\/www.cidademarketing.com.br\/marketing\/author\/thalesbrandao\/"}]}},"amp_enabled":true,"_links":{"self":[{"href":"https:\/\/www.cidademarketing.com.br\/marketing\/wp-json\/wp\/v2\/posts\/30619","targetHints":{"allow":["GET"]}}],"collection":[{"href":"https:\/\/www.cidademarketing.com.br\/marketing\/wp-json\/wp\/v2\/posts"}],"about":[{"href":"https:\/\/www.cidademarketing.com.br\/marketing\/wp-json\/wp\/v2\/types\/post"}],"author":[{"embeddable":true,"href":"https:\/\/www.cidademarketing.com.br\/marketing\/wp-json\/wp\/v2\/users\/1"}],"replies":[{"embeddable":true,"href":"https:\/\/www.cidademarketing.com.br\/marketing\/wp-json\/wp\/v2\/comments?post=30619"}],"version-history":[{"count":1,"href":"https:\/\/www.cidademarketing.com.br\/marketing\/wp-json\/wp\/v2\/posts\/30619\/revisions"}],"predecessor-version":[{"id":30621,"href":"https:\/\/www.cidademarketing.com.br\/marketing\/wp-json\/wp\/v2\/posts\/30619\/revisions\/30621"}],"wp:featuredmedia":[{"embeddable":true,"href":"https:\/\/www.cidademarketing.com.br\/marketing\/wp-json\/wp\/v2\/media\/30620"}],"wp:attachment":[{"href":"https:\/\/www.cidademarketing.com.br\/marketing\/wp-json\/wp\/v2\/media?parent=30619"}],"wp:term":[{"taxonomy":"category","embeddable":true,"href":"https:\/\/www.cidademarketing.com.br\/marketing\/wp-json\/wp\/v2\/categories?post=30619"},{"taxonomy":"post_tag","embeddable":true,"href":"https:\/\/www.cidademarketing.com.br\/marketing\/wp-json\/wp\/v2\/tags?post=30619"}],"curies":[{"name":"wp","href":"https:\/\/api.w.org\/{rel}","templated":true}]}}