{"id":30584,"date":"2021-10-18T12:30:40","date_gmt":"2021-10-18T15:30:40","guid":{"rendered":"https:\/\/www.cidademarketing.com.br\/marketing\/?p=30584"},"modified":"2021-10-18T12:30:43","modified_gmt":"2021-10-18T15:30:43","slug":"de-forma-pioneira-bradesco-lanca-curta-metragem-para-continuar-promovendo-arte-e-empreendedorismo-negros","status":"publish","type":"post","link":"https:\/\/www.cidademarketing.com.br\/marketing\/2021\/10\/18\/de-forma-pioneira-bradesco-lanca-curta-metragem-para-continuar-promovendo-arte-e-empreendedorismo-negros\/","title":{"rendered":"De forma pioneira, Bradesco lan\u00e7a curta-metragem para continuar promovendo arte e empreendedorismo negros"},"content":{"rendered":"\n<p><\/p><iframe src=\"https:\/\/open.spotify.com\/embed\/show\/4khMKzP3FgFRWVwb73xicc\" width=\"100%\" height=\"232\" frameBorder=\"0\" allowtransparency=\"true\" allow=\"encrypted-media\"><\/iframe>\t\n\n\n\n\n<p>O Bradesco anuncia o lan\u00e7amento da segunda temporada de\u00a0Bravoz\u00a0\u2013 Encontros Bradesco de Vozes Brasileiras, projeto criado para promover artistas negros nacionais na sua vis\u00e3o de arte e de neg\u00f3cios. A edi\u00e7\u00e3o 2021 ser\u00e1 marcada pela produ\u00e7\u00e3o do filme\u00a0\u2018Bravoz\u00a0Ubuntu\u2019, um curta-metragem de aproximadamente 15 minutos com estreia em 20 de novembro no YouTube do banco.\u00a0<\/p>\n\n\n\n<p>Inspirado na filosofia africana ubuntu sobre coletividade e solidariedade, o filme contar\u00e1 a hist\u00f3ria de uma personagem, interpretada por Jeniffer Nascimento, e&nbsp;a sua busca por uma carreira de sucesso como cantora. Na trama, ela \u00e9 ajudada por diversos profissionais, que interpretar\u00e3o eles mesmos retratando como a rede empreendedora se forma na jornada: Eliane Dias ser\u00e1 a empres\u00e1ria, Zez\u00e9 Motta a mentora, Parteum o produtor musical e Moysah o diretor, al\u00e9m de outros. A produ\u00e7\u00e3o \u00e9 assinada pela Publicis Brasil.&nbsp;<\/p>\n\n\n\n<p>O conceito \u2018Sou o que sou porque n\u00f3s somos\u2019, que permear\u00e1 todo o filme, faz parte tamb\u00e9m da escolha da equipe:&nbsp;Jeniffer Nascimento por exemplo, participou da primeira temporada de&nbsp;Bravoz. Como um elo entre primeiro e segundo anos, a inten\u00e7\u00e3o foi mostrar metalingu\u00edsticamente que \u201cum puxa o outro\u201d, conceito central da filosofia ubuntu.&nbsp;<\/p>\n\n\n\n<p>Tamb\u00e9m faz parte da segunda temporada do projeto uma s\u00e9rie documental, que trar\u00e1 depoimentos dos participantes do filme sobre como uma rede de apoio \u00e9\u00a0importante na jornada empreendedora.\u00a0Ser\u00e3o cinco filmes ao longo de outubro e novembro publicados nas redes sociais do Bradesco e os epis\u00f3dios ter\u00e3o depoimentos de Zez\u00e9 Motta, Jeniffer Nascimento, Eliane Dias, Moysah e Vanessa Ferreira.\u00a0<\/p>\n\n\n\n<p><\/p>\n\n\n\n<figure class=\"wp-block-embed is-type-video is-provider-youtube wp-block-embed-youtube wp-embed-aspect-16-9 wp-has-aspect-ratio\"><div class=\"wp-block-embed__wrapper\">\nhttps:\/\/www.youtube.com\/watch?v=qzHS9dr1I8k\n<\/div><\/figure>\n\n\n\n<p><\/p>\n\n\n\n<p>De janeiro a outubro de 2022, \u2018Bravoz&nbsp;\u2013 Minha Hist\u00f3ria\u2019 apresentar\u00e1 em v\u00eddeos mensais as biografias empreendedoras da equipe respons\u00e1vel pela concep\u00e7\u00e3o do filme. Al\u00e9m das veicula\u00e7\u00f5es nos canais do banco, todos os participantes, al\u00e9m de outros criadores de conte\u00fado, far\u00e3o publica\u00e7\u00f5es mensais relacionadas ao tema negritude em suas pr\u00f3prias redes sociais.&nbsp;<\/p>\n\n\n\n<p>O projeto trar\u00e1, ainda, um clipe protagonizado por Jeniffer Nascimento, com produ\u00e7\u00e3o musical de Parteum, al\u00e9m de um making of contando toda a jornada de produ\u00e7\u00e3o. No Instagram haver\u00e1 tamb\u00e9m um filtro especial com a tem\u00e1tica de\u00a0Bravoz, seguindo a linha visual do p\u00f4ster do filme.\u00a0<\/p>\n\n\n\n<p><\/p>\n\n\n\n<figure class=\"wp-block-gallery columns-2 is-cropped wp-block-gallery-1 is-layout-flex wp-block-gallery-is-layout-flex\"><ul class=\"blocks-gallery-grid\"><li class=\"blocks-gallery-item\"><figure><img fetchpriority=\"high\" decoding=\"async\" width=\"683\" height=\"1024\" src=\"https:\/\/www.cidademarketing.com.br\/marketing\/wp-content\/uploads\/2021\/10\/BRAVOZ_BRADESCO_Jeniffer-Nascimento_Divulgacao-683x1024.jpg\" alt=\"\" data-id=\"30585\" data-full-url=\"https:\/\/www.cidademarketing.com.br\/marketing\/wp-content\/uploads\/2021\/10\/BRAVOZ_BRADESCO_Jeniffer-Nascimento_Divulgacao-scaled.jpg\" data-link=\"https:\/\/www.cidademarketing.com.br\/marketing\/?attachment_id=30585\" class=\"wp-image-30585\" srcset=\"https:\/\/www.cidademarketing.com.br\/marketing\/wp-content\/uploads\/2021\/10\/BRAVOZ_BRADESCO_Jeniffer-Nascimento_Divulgacao-683x1024.jpg 683w, https:\/\/www.cidademarketing.com.br\/marketing\/wp-content\/uploads\/2021\/10\/BRAVOZ_BRADESCO_Jeniffer-Nascimento_Divulgacao-200x300.jpg 200w, https:\/\/www.cidademarketing.com.br\/marketing\/wp-content\/uploads\/2021\/10\/BRAVOZ_BRADESCO_Jeniffer-Nascimento_Divulgacao-768x1152.jpg 768w, https:\/\/www.cidademarketing.com.br\/marketing\/wp-content\/uploads\/2021\/10\/BRAVOZ_BRADESCO_Jeniffer-Nascimento_Divulgacao-1024x1536.jpg 1024w, https:\/\/www.cidademarketing.com.br\/marketing\/wp-content\/uploads\/2021\/10\/BRAVOZ_BRADESCO_Jeniffer-Nascimento_Divulgacao-1365x2048.jpg 1365w, https:\/\/www.cidademarketing.com.br\/marketing\/wp-content\/uploads\/2021\/10\/BRAVOZ_BRADESCO_Jeniffer-Nascimento_Divulgacao-280x420.jpg 280w, https:\/\/www.cidademarketing.com.br\/marketing\/wp-content\/uploads\/2021\/10\/BRAVOZ_BRADESCO_Jeniffer-Nascimento_Divulgacao-640x960.jpg 640w, https:\/\/www.cidademarketing.com.br\/marketing\/wp-content\/uploads\/2021\/10\/BRAVOZ_BRADESCO_Jeniffer-Nascimento_Divulgacao-681x1022.jpg 681w, https:\/\/www.cidademarketing.com.br\/marketing\/wp-content\/uploads\/2021\/10\/BRAVOZ_BRADESCO_Jeniffer-Nascimento_Divulgacao-scaled.jpg 1707w\" sizes=\"(max-width: 683px) 100vw, 683px\" \/><\/figure><\/li><li class=\"blocks-gallery-item\"><figure><img decoding=\"async\" width=\"683\" height=\"1024\" src=\"https:\/\/www.cidademarketing.com.br\/marketing\/wp-content\/uploads\/2021\/10\/BRAVOZ_BRADESCO_Moysah_Divulgacao-683x1024.jpg\" alt=\"\" data-id=\"30586\" data-full-url=\"https:\/\/www.cidademarketing.com.br\/marketing\/wp-content\/uploads\/2021\/10\/BRAVOZ_BRADESCO_Moysah_Divulgacao-scaled.jpg\" data-link=\"https:\/\/www.cidademarketing.com.br\/marketing\/?attachment_id=30586\" class=\"wp-image-30586\" srcset=\"https:\/\/www.cidademarketing.com.br\/marketing\/wp-content\/uploads\/2021\/10\/BRAVOZ_BRADESCO_Moysah_Divulgacao-683x1024.jpg 683w, https:\/\/www.cidademarketing.com.br\/marketing\/wp-content\/uploads\/2021\/10\/BRAVOZ_BRADESCO_Moysah_Divulgacao-200x300.jpg 200w, https:\/\/www.cidademarketing.com.br\/marketing\/wp-content\/uploads\/2021\/10\/BRAVOZ_BRADESCO_Moysah_Divulgacao-768x1152.jpg 768w, https:\/\/www.cidademarketing.com.br\/marketing\/wp-content\/uploads\/2021\/10\/BRAVOZ_BRADESCO_Moysah_Divulgacao-1024x1536.jpg 1024w, https:\/\/www.cidademarketing.com.br\/marketing\/wp-content\/uploads\/2021\/10\/BRAVOZ_BRADESCO_Moysah_Divulgacao-1365x2048.jpg 1365w, https:\/\/www.cidademarketing.com.br\/marketing\/wp-content\/uploads\/2021\/10\/BRAVOZ_BRADESCO_Moysah_Divulgacao-280x420.jpg 280w, https:\/\/www.cidademarketing.com.br\/marketing\/wp-content\/uploads\/2021\/10\/BRAVOZ_BRADESCO_Moysah_Divulgacao-640x960.jpg 640w, https:\/\/www.cidademarketing.com.br\/marketing\/wp-content\/uploads\/2021\/10\/BRAVOZ_BRADESCO_Moysah_Divulgacao-681x1022.jpg 681w, https:\/\/www.cidademarketing.com.br\/marketing\/wp-content\/uploads\/2021\/10\/BRAVOZ_BRADESCO_Moysah_Divulgacao-scaled.jpg 1707w\" sizes=\"(max-width: 683px) 100vw, 683px\" \/><\/figure><\/li><\/ul><\/figure>\n\n\n\n<p><\/p>\n\n\n\n<p>\u201cAbrir espa\u00e7os e ampliar a representatividade s\u00e3o cren\u00e7as presentes desde a origem do Bradesco e seguem cada vez mais fortes como prop\u00f3sito.&nbsp;Bravoz&nbsp;\u00e9 um projeto que nos alegra por trazer uma cultura da consci\u00eancia negra, todos os dias\u201d, comenta o gerente de Redes Sociais do Bradesco, Marcelo Salgado.&nbsp;<\/p>\n\n\n\n<p><strong>Cultura de consci\u00eancia negra<\/strong>&nbsp;<\/p>\n\n\n\n<p>Em 2019, com o lan\u00e7amento de Bravoz, o Bradesco buscou desconstruir um pensamento&nbsp;isolado de&nbsp;\u201cDia da Consci\u00eancia Negra\u201d e abrir espa\u00e7o para&nbsp;a&nbsp;\u201cCultura da Consci\u00eancia Negra\u201d, dando protagonismo e voz \u00e0 popula\u00e7\u00e3o negra que, com toda a sua brasilidade, transforma diariamente a sociedade.&nbsp;&nbsp;<\/p>\n\n\n\n<p>Ao longo dos 12 primeiros meses do projeto, 24 artistas das mais variadas \u00e1reas, entre cantores, fot\u00f3grafos, painelistas, grafiteiros e desenhistas, compartilharam em lives mensais suas hist\u00f3rias de empreendedorismo, carreira e dividiram com a audi\u00eancia as experi\u00eancias de serem artistas negros no Brasil.&nbsp;<\/p>\n\n\n\n<p>Participaram: Evandro Fioti &amp; Juh Almeida, Larissa Luz &amp; Jean Lins, Tuyo &amp; Caroline Lima, Margareth Menezes &amp; Tainara Cerqueira, Jair Oliveira &amp; Ant\u00f4nio Pitanga, Rincon Sapi\u00eancia &amp; Rosana Paulino, Karol Konka &amp; Linn da Quebrada, BK &amp; Crioula, Sandra de S\u00e1 &amp; Mulambo, Gilberto Gil &amp; Dhu Moraes.&nbsp;&nbsp;<\/p>\n\n\n\n<p>Foram gerados 13 v\u00eddeos e 12 podcasts de conte\u00fado, em uma audi\u00eancia que chegou a 84.9 milh\u00f5es visualiza\u00e7\u00f5es, entre YouTube, Instagram, Facebook, Linkedin e Twitter, sendo 23 milh\u00f5es de visualiza\u00e7\u00f5es s\u00f3 no YouTube e 5 milh\u00f5es no Instagram.&nbsp;&nbsp;<\/p>\n\n\n\n<p>Bravoz\u00a0faz parte da plataforma #AliadosPeloRespeito, movimento criado pelo banco\u00a0para discutir, interna e\u00a0externamente, causas relacionadas \u00e0 equidade de g\u00eanero, etnias, pessoas com defici\u00eancia e o universo LGBTI+. A partir dele, nasceram os grupos de afinidade, formados por funcion\u00e1rios, que discutem vis\u00f5es e processos de melhoria interna que ajudam a empresa a seguir evoluindo e dando alicerce para a\u00e7\u00f5es externas como esta.\u00a0<\/p>\n\n\n\n<p><\/p>\n\n\n\n<p><\/p><iframe allow=\"autoplay *; encrypted-media *; fullscreen *\" frameborder=\"0\" height=\"450\" style=\"width:100%;max-width:660px;overflow:hidden;background:transparent;\" sandbox=\"allow-forms allow-popups allow-same-origin allow-scripts allow-storage-access-by-user-activation allow-top-navigation-by-user-activation\" src=\"https:\/\/embed.podcasts.apple.com\/br\/podcast\/podcast-cidademarketing\/id1371923283\"><\/iframe>\n\n","protected":false},"excerpt":{"rendered":"<p>O Bradesco anuncia o lan\u00e7amento da segunda temporada de\u00a0Bravoz\u00a0\u2013 Encontros Bradesco de Vozes Brasileiras, projeto criado para promover artistas negros nacionais na sua vis\u00e3o de arte e de neg\u00f3cios. A edi\u00e7\u00e3o 2021 ser\u00e1 marcada pela produ\u00e7\u00e3o do filme\u00a0\u2018Bravoz\u00a0Ubuntu\u2019, um curta-metragem de aproximadamente 15 minutos com estreia em 20 de novembro no YouTube do banco.\u00a0 Inspirado [&hellip;]<\/p>\n","protected":false},"author":1,"featured_media":30587,"comment_status":"open","ping_status":"open","sticky":false,"template":"","format":"standard","meta":{"tdm_status":"","tdm_grid_status":"","footnotes":""},"categories":[6],"tags":[641,65,4294,27,28,3468],"class_list":["post-30584","post","type-post","status-publish","format-standard","has-post-thumbnail","hentry","category-noticias","tag-bradesco","tag-campanha","tag-campnaha","tag-empreendedorismo","tag-marketing","tag-negros"],"yoast_head":"<!-- This site is optimized with the Yoast SEO plugin v27.5 - https:\/\/yoast.com\/product\/yoast-seo-wordpress\/ -->\n<title>De forma pioneira, Bradesco lan\u00e7a curta-metragem para continuar promovendo arte e empreendedorismo negros - CidadeMarketing<\/title>\n<meta name=\"robots\" content=\"index, follow, max-snippet:-1, max-image-preview:large, max-video-preview:-1\" \/>\n<link rel=\"canonical\" href=\"https:\/\/www.cidademarketing.com.br\/marketing\/2021\/10\/18\/de-forma-pioneira-bradesco-lanca-curta-metragem-para-continuar-promovendo-arte-e-empreendedorismo-negros\/\" \/>\n<meta property=\"og:locale\" content=\"pt_BR\" \/>\n<meta property=\"og:type\" content=\"article\" \/>\n<meta property=\"og:title\" content=\"De forma pioneira, Bradesco lan\u00e7a curta-metragem para continuar promovendo arte e empreendedorismo negros - CidadeMarketing\" \/>\n<meta property=\"og:description\" content=\"O Bradesco anuncia o lan\u00e7amento da segunda temporada de\u00a0Bravoz\u00a0\u2013 Encontros Bradesco de Vozes Brasileiras, projeto criado para promover artistas negros nacionais na sua vis\u00e3o de arte e de neg\u00f3cios. A edi\u00e7\u00e3o 2021 ser\u00e1 marcada pela produ\u00e7\u00e3o do filme\u00a0\u2018Bravoz\u00a0Ubuntu\u2019, um curta-metragem de aproximadamente 15 minutos com estreia em 20 de novembro no YouTube do banco.\u00a0 Inspirado [&hellip;]\" \/>\n<meta property=\"og:url\" content=\"https:\/\/www.cidademarketing.com.br\/marketing\/2021\/10\/18\/de-forma-pioneira-bradesco-lanca-curta-metragem-para-continuar-promovendo-arte-e-empreendedorismo-negros\/\" \/>\n<meta property=\"og:site_name\" content=\"CidadeMarketing\" \/>\n<meta property=\"article:publisher\" content=\"https:\/\/www.facebook.com\/portalcidademarketing\" \/>\n<meta property=\"article:author\" content=\"https:\/\/www.facebook.com\/thalesbrandao\" \/>\n<meta property=\"article:published_time\" content=\"2021-10-18T15:30:40+00:00\" \/>\n<meta property=\"article:modified_time\" content=\"2021-10-18T15:30:43+00:00\" \/>\n<meta property=\"og:image\" content=\"https:\/\/www.cidademarketing.com.br\/marketing\/wp-content\/uploads\/2021\/10\/BRAVOZ_BRADESCO_Zeze-Motta_Divulgacao-scaled.jpg\" \/>\n\t<meta property=\"og:image:width\" content=\"1707\" \/>\n\t<meta property=\"og:image:height\" content=\"2560\" \/>\n\t<meta property=\"og:image:type\" content=\"image\/jpeg\" \/>\n<meta name=\"author\" content=\"Thales Brand\u00e3o\" \/>\n<meta name=\"twitter:card\" content=\"summary_large_image\" \/>\n<meta name=\"twitter:creator\" content=\"@http:\/\/www.twitter.com\/thalesbrandao\" \/>\n<meta name=\"twitter:site\" content=\"@CidadeMarketing\" \/>\n<meta name=\"twitter:label1\" content=\"Escrito por\" \/>\n\t<meta name=\"twitter:data1\" content=\"Thales Brand\u00e3o\" \/>\n\t<meta name=\"twitter:label2\" content=\"Est. tempo de leitura\" \/>\n\t<meta name=\"twitter:data2\" content=\"4 minutos\" \/>\n<script type=\"application\/ld+json\" class=\"yoast-schema-graph\">{\"@context\":\"https:\\\/\\\/schema.org\",\"@graph\":[{\"@type\":\"Article\",\"@id\":\"https:\\\/\\\/www.cidademarketing.com.br\\\/marketing\\\/2021\\\/10\\\/18\\\/de-forma-pioneira-bradesco-lanca-curta-metragem-para-continuar-promovendo-arte-e-empreendedorismo-negros\\\/#article\",\"isPartOf\":{\"@id\":\"https:\\\/\\\/www.cidademarketing.com.br\\\/marketing\\\/2021\\\/10\\\/18\\\/de-forma-pioneira-bradesco-lanca-curta-metragem-para-continuar-promovendo-arte-e-empreendedorismo-negros\\\/\"},\"author\":{\"name\":\"Thales Brand\u00e3o\",\"@id\":\"https:\\\/\\\/www.cidademarketing.com.br\\\/marketing\\\/#\\\/schema\\\/person\\\/02daff9f18bd9378c9e01eb6b2db155f\"},\"headline\":\"De forma pioneira, Bradesco lan\u00e7a curta-metragem para continuar promovendo arte e empreendedorismo negros\",\"datePublished\":\"2021-10-18T15:30:40+00:00\",\"dateModified\":\"2021-10-18T15:30:43+00:00\",\"mainEntityOfPage\":{\"@id\":\"https:\\\/\\\/www.cidademarketing.com.br\\\/marketing\\\/2021\\\/10\\\/18\\\/de-forma-pioneira-bradesco-lanca-curta-metragem-para-continuar-promovendo-arte-e-empreendedorismo-negros\\\/\"},\"wordCount\":733,\"commentCount\":0,\"publisher\":{\"@id\":\"https:\\\/\\\/www.cidademarketing.com.br\\\/marketing\\\/#organization\"},\"image\":{\"@id\":\"https:\\\/\\\/www.cidademarketing.com.br\\\/marketing\\\/2021\\\/10\\\/18\\\/de-forma-pioneira-bradesco-lanca-curta-metragem-para-continuar-promovendo-arte-e-empreendedorismo-negros\\\/#primaryimage\"},\"thumbnailUrl\":\"https:\\\/\\\/www.cidademarketing.com.br\\\/marketing\\\/wp-content\\\/uploads\\\/2021\\\/10\\\/BRAVOZ_BRADESCO_Zeze-Motta_Divulgacao-scaled.jpg\",\"keywords\":[\"Bradesco\",\"campanha\",\"campnaha\",\"empreendedorismo\",\"marketing\",\"negros\"],\"articleSection\":[\"Not\u00edcias\"],\"inLanguage\":\"pt-BR\",\"potentialAction\":[{\"@type\":\"CommentAction\",\"name\":\"Comment\",\"target\":[\"https:\\\/\\\/www.cidademarketing.com.br\\\/marketing\\\/2021\\\/10\\\/18\\\/de-forma-pioneira-bradesco-lanca-curta-metragem-para-continuar-promovendo-arte-e-empreendedorismo-negros\\\/#respond\"]}]},{\"@type\":\"WebPage\",\"@id\":\"https:\\\/\\\/www.cidademarketing.com.br\\\/marketing\\\/2021\\\/10\\\/18\\\/de-forma-pioneira-bradesco-lanca-curta-metragem-para-continuar-promovendo-arte-e-empreendedorismo-negros\\\/\",\"url\":\"https:\\\/\\\/www.cidademarketing.com.br\\\/marketing\\\/2021\\\/10\\\/18\\\/de-forma-pioneira-bradesco-lanca-curta-metragem-para-continuar-promovendo-arte-e-empreendedorismo-negros\\\/\",\"name\":\"De forma pioneira, Bradesco lan\u00e7a curta-metragem para continuar promovendo arte e empreendedorismo negros - CidadeMarketing\",\"isPartOf\":{\"@id\":\"https:\\\/\\\/www.cidademarketing.com.br\\\/marketing\\\/#website\"},\"primaryImageOfPage\":{\"@id\":\"https:\\\/\\\/www.cidademarketing.com.br\\\/marketing\\\/2021\\\/10\\\/18\\\/de-forma-pioneira-bradesco-lanca-curta-metragem-para-continuar-promovendo-arte-e-empreendedorismo-negros\\\/#primaryimage\"},\"image\":{\"@id\":\"https:\\\/\\\/www.cidademarketing.com.br\\\/marketing\\\/2021\\\/10\\\/18\\\/de-forma-pioneira-bradesco-lanca-curta-metragem-para-continuar-promovendo-arte-e-empreendedorismo-negros\\\/#primaryimage\"},\"thumbnailUrl\":\"https:\\\/\\\/www.cidademarketing.com.br\\\/marketing\\\/wp-content\\\/uploads\\\/2021\\\/10\\\/BRAVOZ_BRADESCO_Zeze-Motta_Divulgacao-scaled.jpg\",\"datePublished\":\"2021-10-18T15:30:40+00:00\",\"dateModified\":\"2021-10-18T15:30:43+00:00\",\"breadcrumb\":{\"@id\":\"https:\\\/\\\/www.cidademarketing.com.br\\\/marketing\\\/2021\\\/10\\\/18\\\/de-forma-pioneira-bradesco-lanca-curta-metragem-para-continuar-promovendo-arte-e-empreendedorismo-negros\\\/#breadcrumb\"},\"inLanguage\":\"pt-BR\",\"potentialAction\":[{\"@type\":\"ReadAction\",\"target\":[\"https:\\\/\\\/www.cidademarketing.com.br\\\/marketing\\\/2021\\\/10\\\/18\\\/de-forma-pioneira-bradesco-lanca-curta-metragem-para-continuar-promovendo-arte-e-empreendedorismo-negros\\\/\"]}]},{\"@type\":\"ImageObject\",\"inLanguage\":\"pt-BR\",\"@id\":\"https:\\\/\\\/www.cidademarketing.com.br\\\/marketing\\\/2021\\\/10\\\/18\\\/de-forma-pioneira-bradesco-lanca-curta-metragem-para-continuar-promovendo-arte-e-empreendedorismo-negros\\\/#primaryimage\",\"url\":\"https:\\\/\\\/www.cidademarketing.com.br\\\/marketing\\\/wp-content\\\/uploads\\\/2021\\\/10\\\/BRAVOZ_BRADESCO_Zeze-Motta_Divulgacao-scaled.jpg\",\"contentUrl\":\"https:\\\/\\\/www.cidademarketing.com.br\\\/marketing\\\/wp-content\\\/uploads\\\/2021\\\/10\\\/BRAVOZ_BRADESCO_Zeze-Motta_Divulgacao-scaled.jpg\",\"width\":1707,\"height\":2560,\"caption\":\"Divulga\u00e7\u00e3o\"},{\"@type\":\"BreadcrumbList\",\"@id\":\"https:\\\/\\\/www.cidademarketing.com.br\\\/marketing\\\/2021\\\/10\\\/18\\\/de-forma-pioneira-bradesco-lanca-curta-metragem-para-continuar-promovendo-arte-e-empreendedorismo-negros\\\/#breadcrumb\",\"itemListElement\":[{\"@type\":\"ListItem\",\"position\":1,\"name\":\"In\u00edcio\",\"item\":\"https:\\\/\\\/www.cidademarketing.com.br\\\/marketing\\\/\"},{\"@type\":\"ListItem\",\"position\":2,\"name\":\"De forma pioneira, Bradesco lan\u00e7a curta-metragem para continuar promovendo arte e empreendedorismo negros\"}]},{\"@type\":\"WebSite\",\"@id\":\"https:\\\/\\\/www.cidademarketing.com.br\\\/marketing\\\/#website\",\"url\":\"https:\\\/\\\/www.cidademarketing.com.br\\\/marketing\\\/\",\"name\":\"CidadeMarketing\",\"description\":\"Somos um ve\u00edculo de comunica\u00e7\u00e3o de destaque no Brasil, reconhecido por conte\u00fados nos segmentos de marketing, empreendedorismo e inova\u00e7\u00e3o.\",\"publisher\":{\"@id\":\"https:\\\/\\\/www.cidademarketing.com.br\\\/marketing\\\/#organization\"},\"alternateName\":\"CidadeMarketing\",\"potentialAction\":[{\"@type\":\"SearchAction\",\"target\":{\"@type\":\"EntryPoint\",\"urlTemplate\":\"https:\\\/\\\/www.cidademarketing.com.br\\\/marketing\\\/?s={search_term_string}\"},\"query-input\":{\"@type\":\"PropertyValueSpecification\",\"valueRequired\":true,\"valueName\":\"search_term_string\"}}],\"inLanguage\":\"pt-BR\"},{\"@type\":\"Organization\",\"@id\":\"https:\\\/\\\/www.cidademarketing.com.br\\\/marketing\\\/#organization\",\"name\":\"CidadeMarketing\",\"alternateName\":\"CidadeMarketing\",\"url\":\"https:\\\/\\\/www.cidademarketing.com.br\\\/marketing\\\/\",\"logo\":{\"@type\":\"ImageObject\",\"inLanguage\":\"pt-BR\",\"@id\":\"https:\\\/\\\/www.cidademarketing.com.br\\\/marketing\\\/#\\\/schema\\\/logo\\\/image\\\/\",\"url\":\"https:\\\/\\\/www.cidademarketing.com.br\\\/marketing\\\/wp-content\\\/uploads\\\/2020\\\/01\\\/cidademarketing_marca_mobile.png\",\"contentUrl\":\"https:\\\/\\\/www.cidademarketing.com.br\\\/marketing\\\/wp-content\\\/uploads\\\/2020\\\/01\\\/cidademarketing_marca_mobile.png\",\"width\":230,\"height\":92,\"caption\":\"CidadeMarketing\"},\"image\":{\"@id\":\"https:\\\/\\\/www.cidademarketing.com.br\\\/marketing\\\/#\\\/schema\\\/logo\\\/image\\\/\"},\"sameAs\":[\"https:\\\/\\\/www.facebook.com\\\/portalcidademarketing\",\"https:\\\/\\\/x.com\\\/CidadeMarketing\",\"https:\\\/\\\/www.instagram.com\\\/cidademarketing\\\/\"]},{\"@type\":\"Person\",\"@id\":\"https:\\\/\\\/www.cidademarketing.com.br\\\/marketing\\\/#\\\/schema\\\/person\\\/02daff9f18bd9378c9e01eb6b2db155f\",\"name\":\"Thales Brand\u00e3o\",\"image\":{\"@type\":\"ImageObject\",\"inLanguage\":\"pt-BR\",\"@id\":\"https:\\\/\\\/secure.gravatar.com\\\/avatar\\\/7ca3206950207cc3cb48feec56a8a7898741ab725c368d99d5d7a5a50aab80c6?s=96&d=mm&r=g\",\"url\":\"https:\\\/\\\/secure.gravatar.com\\\/avatar\\\/7ca3206950207cc3cb48feec56a8a7898741ab725c368d99d5d7a5a50aab80c6?s=96&d=mm&r=g\",\"contentUrl\":\"https:\\\/\\\/secure.gravatar.com\\\/avatar\\\/7ca3206950207cc3cb48feec56a8a7898741ab725c368d99d5d7a5a50aab80c6?s=96&d=mm&r=g\",\"caption\":\"Thales Brand\u00e3o\"},\"description\":\"Editor Executivo do Portal CidadeMarketing.com.br &gt; Mestre em Comunica\u00e7\u00e3o e Sociedade pela Universidade Federal de Sergipe. Possui MBA Executivo em Administra\u00e7\u00e3o com \u00eanfase em Marketing pela Funda\u00e7\u00e3o Get\u00falio Vargas - Rio de Janeiro. Consultor, Palestrante e Pesquisador sobre Empreendedorismo, Marketing, Redes Sociais e Neg\u00f3cios Digitais. Professor, Palestrante TedxTalks e Campus Party. Twitter: @ThalesBrandao\",\"sameAs\":[\"http:\\\/\\\/www.mandacaru.com.br\",\"https:\\\/\\\/www.facebook.com\\\/thalesbrandao\",\"http:\\\/\\\/www.instagram.com.br\\\/thalesbrandaoferreira\",\"https:\\\/\\\/www.linkedin.com\\\/in\\\/thales-brand\u00e3o-3948609\\\/\",\"https:\\\/\\\/x.com\\\/http:\\\/\\\/www.twitter.com\\\/thalesbrandao\"],\"url\":\"https:\\\/\\\/www.cidademarketing.com.br\\\/marketing\\\/author\\\/thalesbrandao\\\/\"}]}<\/script>\n<!-- \/ Yoast SEO plugin. -->","yoast_head_json":{"title":"De forma pioneira, Bradesco lan\u00e7a curta-metragem para continuar promovendo arte e empreendedorismo negros - CidadeMarketing","robots":{"index":"index","follow":"follow","max-snippet":"max-snippet:-1","max-image-preview":"max-image-preview:large","max-video-preview":"max-video-preview:-1"},"canonical":"https:\/\/www.cidademarketing.com.br\/marketing\/2021\/10\/18\/de-forma-pioneira-bradesco-lanca-curta-metragem-para-continuar-promovendo-arte-e-empreendedorismo-negros\/","og_locale":"pt_BR","og_type":"article","og_title":"De forma pioneira, Bradesco lan\u00e7a curta-metragem para continuar promovendo arte e empreendedorismo negros - CidadeMarketing","og_description":"O Bradesco anuncia o lan\u00e7amento da segunda temporada de\u00a0Bravoz\u00a0\u2013 Encontros Bradesco de Vozes Brasileiras, projeto criado para promover artistas negros nacionais na sua vis\u00e3o de arte e de neg\u00f3cios. A edi\u00e7\u00e3o 2021 ser\u00e1 marcada pela produ\u00e7\u00e3o do filme\u00a0\u2018Bravoz\u00a0Ubuntu\u2019, um curta-metragem de aproximadamente 15 minutos com estreia em 20 de novembro no YouTube do banco.\u00a0 Inspirado [&hellip;]","og_url":"https:\/\/www.cidademarketing.com.br\/marketing\/2021\/10\/18\/de-forma-pioneira-bradesco-lanca-curta-metragem-para-continuar-promovendo-arte-e-empreendedorismo-negros\/","og_site_name":"CidadeMarketing","article_publisher":"https:\/\/www.facebook.com\/portalcidademarketing","article_author":"https:\/\/www.facebook.com\/thalesbrandao","article_published_time":"2021-10-18T15:30:40+00:00","article_modified_time":"2021-10-18T15:30:43+00:00","og_image":[{"width":1707,"height":2560,"url":"https:\/\/www.cidademarketing.com.br\/marketing\/wp-content\/uploads\/2021\/10\/BRAVOZ_BRADESCO_Zeze-Motta_Divulgacao-scaled.jpg","type":"image\/jpeg"}],"author":"Thales Brand\u00e3o","twitter_card":"summary_large_image","twitter_creator":"@http:\/\/www.twitter.com\/thalesbrandao","twitter_site":"@CidadeMarketing","twitter_misc":{"Escrito por":"Thales Brand\u00e3o","Est. tempo de leitura":"4 minutos"},"schema":{"@context":"https:\/\/schema.org","@graph":[{"@type":"Article","@id":"https:\/\/www.cidademarketing.com.br\/marketing\/2021\/10\/18\/de-forma-pioneira-bradesco-lanca-curta-metragem-para-continuar-promovendo-arte-e-empreendedorismo-negros\/#article","isPartOf":{"@id":"https:\/\/www.cidademarketing.com.br\/marketing\/2021\/10\/18\/de-forma-pioneira-bradesco-lanca-curta-metragem-para-continuar-promovendo-arte-e-empreendedorismo-negros\/"},"author":{"name":"Thales Brand\u00e3o","@id":"https:\/\/www.cidademarketing.com.br\/marketing\/#\/schema\/person\/02daff9f18bd9378c9e01eb6b2db155f"},"headline":"De forma pioneira, Bradesco lan\u00e7a curta-metragem para continuar promovendo arte e empreendedorismo negros","datePublished":"2021-10-18T15:30:40+00:00","dateModified":"2021-10-18T15:30:43+00:00","mainEntityOfPage":{"@id":"https:\/\/www.cidademarketing.com.br\/marketing\/2021\/10\/18\/de-forma-pioneira-bradesco-lanca-curta-metragem-para-continuar-promovendo-arte-e-empreendedorismo-negros\/"},"wordCount":733,"commentCount":0,"publisher":{"@id":"https:\/\/www.cidademarketing.com.br\/marketing\/#organization"},"image":{"@id":"https:\/\/www.cidademarketing.com.br\/marketing\/2021\/10\/18\/de-forma-pioneira-bradesco-lanca-curta-metragem-para-continuar-promovendo-arte-e-empreendedorismo-negros\/#primaryimage"},"thumbnailUrl":"https:\/\/www.cidademarketing.com.br\/marketing\/wp-content\/uploads\/2021\/10\/BRAVOZ_BRADESCO_Zeze-Motta_Divulgacao-scaled.jpg","keywords":["Bradesco","campanha","campnaha","empreendedorismo","marketing","negros"],"articleSection":["Not\u00edcias"],"inLanguage":"pt-BR","potentialAction":[{"@type":"CommentAction","name":"Comment","target":["https:\/\/www.cidademarketing.com.br\/marketing\/2021\/10\/18\/de-forma-pioneira-bradesco-lanca-curta-metragem-para-continuar-promovendo-arte-e-empreendedorismo-negros\/#respond"]}]},{"@type":"WebPage","@id":"https:\/\/www.cidademarketing.com.br\/marketing\/2021\/10\/18\/de-forma-pioneira-bradesco-lanca-curta-metragem-para-continuar-promovendo-arte-e-empreendedorismo-negros\/","url":"https:\/\/www.cidademarketing.com.br\/marketing\/2021\/10\/18\/de-forma-pioneira-bradesco-lanca-curta-metragem-para-continuar-promovendo-arte-e-empreendedorismo-negros\/","name":"De forma pioneira, Bradesco lan\u00e7a curta-metragem para continuar promovendo arte e empreendedorismo negros - CidadeMarketing","isPartOf":{"@id":"https:\/\/www.cidademarketing.com.br\/marketing\/#website"},"primaryImageOfPage":{"@id":"https:\/\/www.cidademarketing.com.br\/marketing\/2021\/10\/18\/de-forma-pioneira-bradesco-lanca-curta-metragem-para-continuar-promovendo-arte-e-empreendedorismo-negros\/#primaryimage"},"image":{"@id":"https:\/\/www.cidademarketing.com.br\/marketing\/2021\/10\/18\/de-forma-pioneira-bradesco-lanca-curta-metragem-para-continuar-promovendo-arte-e-empreendedorismo-negros\/#primaryimage"},"thumbnailUrl":"https:\/\/www.cidademarketing.com.br\/marketing\/wp-content\/uploads\/2021\/10\/BRAVOZ_BRADESCO_Zeze-Motta_Divulgacao-scaled.jpg","datePublished":"2021-10-18T15:30:40+00:00","dateModified":"2021-10-18T15:30:43+00:00","breadcrumb":{"@id":"https:\/\/www.cidademarketing.com.br\/marketing\/2021\/10\/18\/de-forma-pioneira-bradesco-lanca-curta-metragem-para-continuar-promovendo-arte-e-empreendedorismo-negros\/#breadcrumb"},"inLanguage":"pt-BR","potentialAction":[{"@type":"ReadAction","target":["https:\/\/www.cidademarketing.com.br\/marketing\/2021\/10\/18\/de-forma-pioneira-bradesco-lanca-curta-metragem-para-continuar-promovendo-arte-e-empreendedorismo-negros\/"]}]},{"@type":"ImageObject","inLanguage":"pt-BR","@id":"https:\/\/www.cidademarketing.com.br\/marketing\/2021\/10\/18\/de-forma-pioneira-bradesco-lanca-curta-metragem-para-continuar-promovendo-arte-e-empreendedorismo-negros\/#primaryimage","url":"https:\/\/www.cidademarketing.com.br\/marketing\/wp-content\/uploads\/2021\/10\/BRAVOZ_BRADESCO_Zeze-Motta_Divulgacao-scaled.jpg","contentUrl":"https:\/\/www.cidademarketing.com.br\/marketing\/wp-content\/uploads\/2021\/10\/BRAVOZ_BRADESCO_Zeze-Motta_Divulgacao-scaled.jpg","width":1707,"height":2560,"caption":"Divulga\u00e7\u00e3o"},{"@type":"BreadcrumbList","@id":"https:\/\/www.cidademarketing.com.br\/marketing\/2021\/10\/18\/de-forma-pioneira-bradesco-lanca-curta-metragem-para-continuar-promovendo-arte-e-empreendedorismo-negros\/#breadcrumb","itemListElement":[{"@type":"ListItem","position":1,"name":"In\u00edcio","item":"https:\/\/www.cidademarketing.com.br\/marketing\/"},{"@type":"ListItem","position":2,"name":"De forma pioneira, Bradesco lan\u00e7a curta-metragem para continuar promovendo arte e empreendedorismo negros"}]},{"@type":"WebSite","@id":"https:\/\/www.cidademarketing.com.br\/marketing\/#website","url":"https:\/\/www.cidademarketing.com.br\/marketing\/","name":"CidadeMarketing","description":"Somos um ve\u00edculo de comunica\u00e7\u00e3o de destaque no Brasil, reconhecido por conte\u00fados nos segmentos de marketing, empreendedorismo e inova\u00e7\u00e3o.","publisher":{"@id":"https:\/\/www.cidademarketing.com.br\/marketing\/#organization"},"alternateName":"CidadeMarketing","potentialAction":[{"@type":"SearchAction","target":{"@type":"EntryPoint","urlTemplate":"https:\/\/www.cidademarketing.com.br\/marketing\/?s={search_term_string}"},"query-input":{"@type":"PropertyValueSpecification","valueRequired":true,"valueName":"search_term_string"}}],"inLanguage":"pt-BR"},{"@type":"Organization","@id":"https:\/\/www.cidademarketing.com.br\/marketing\/#organization","name":"CidadeMarketing","alternateName":"CidadeMarketing","url":"https:\/\/www.cidademarketing.com.br\/marketing\/","logo":{"@type":"ImageObject","inLanguage":"pt-BR","@id":"https:\/\/www.cidademarketing.com.br\/marketing\/#\/schema\/logo\/image\/","url":"https:\/\/www.cidademarketing.com.br\/marketing\/wp-content\/uploads\/2020\/01\/cidademarketing_marca_mobile.png","contentUrl":"https:\/\/www.cidademarketing.com.br\/marketing\/wp-content\/uploads\/2020\/01\/cidademarketing_marca_mobile.png","width":230,"height":92,"caption":"CidadeMarketing"},"image":{"@id":"https:\/\/www.cidademarketing.com.br\/marketing\/#\/schema\/logo\/image\/"},"sameAs":["https:\/\/www.facebook.com\/portalcidademarketing","https:\/\/x.com\/CidadeMarketing","https:\/\/www.instagram.com\/cidademarketing\/"]},{"@type":"Person","@id":"https:\/\/www.cidademarketing.com.br\/marketing\/#\/schema\/person\/02daff9f18bd9378c9e01eb6b2db155f","name":"Thales Brand\u00e3o","image":{"@type":"ImageObject","inLanguage":"pt-BR","@id":"https:\/\/secure.gravatar.com\/avatar\/7ca3206950207cc3cb48feec56a8a7898741ab725c368d99d5d7a5a50aab80c6?s=96&d=mm&r=g","url":"https:\/\/secure.gravatar.com\/avatar\/7ca3206950207cc3cb48feec56a8a7898741ab725c368d99d5d7a5a50aab80c6?s=96&d=mm&r=g","contentUrl":"https:\/\/secure.gravatar.com\/avatar\/7ca3206950207cc3cb48feec56a8a7898741ab725c368d99d5d7a5a50aab80c6?s=96&d=mm&r=g","caption":"Thales Brand\u00e3o"},"description":"Editor Executivo do Portal CidadeMarketing.com.br &gt; Mestre em Comunica\u00e7\u00e3o e Sociedade pela Universidade Federal de Sergipe. Possui MBA Executivo em Administra\u00e7\u00e3o com \u00eanfase em Marketing pela Funda\u00e7\u00e3o Get\u00falio Vargas - Rio de Janeiro. Consultor, Palestrante e Pesquisador sobre Empreendedorismo, Marketing, Redes Sociais e Neg\u00f3cios Digitais. Professor, Palestrante TedxTalks e Campus Party. Twitter: @ThalesBrandao","sameAs":["http:\/\/www.mandacaru.com.br","https:\/\/www.facebook.com\/thalesbrandao","http:\/\/www.instagram.com.br\/thalesbrandaoferreira","https:\/\/www.linkedin.com\/in\/thales-brand\u00e3o-3948609\/","https:\/\/x.com\/http:\/\/www.twitter.com\/thalesbrandao"],"url":"https:\/\/www.cidademarketing.com.br\/marketing\/author\/thalesbrandao\/"}]}},"amp_enabled":true,"_links":{"self":[{"href":"https:\/\/www.cidademarketing.com.br\/marketing\/wp-json\/wp\/v2\/posts\/30584","targetHints":{"allow":["GET"]}}],"collection":[{"href":"https:\/\/www.cidademarketing.com.br\/marketing\/wp-json\/wp\/v2\/posts"}],"about":[{"href":"https:\/\/www.cidademarketing.com.br\/marketing\/wp-json\/wp\/v2\/types\/post"}],"author":[{"embeddable":true,"href":"https:\/\/www.cidademarketing.com.br\/marketing\/wp-json\/wp\/v2\/users\/1"}],"replies":[{"embeddable":true,"href":"https:\/\/www.cidademarketing.com.br\/marketing\/wp-json\/wp\/v2\/comments?post=30584"}],"version-history":[{"count":1,"href":"https:\/\/www.cidademarketing.com.br\/marketing\/wp-json\/wp\/v2\/posts\/30584\/revisions"}],"predecessor-version":[{"id":30588,"href":"https:\/\/www.cidademarketing.com.br\/marketing\/wp-json\/wp\/v2\/posts\/30584\/revisions\/30588"}],"wp:featuredmedia":[{"embeddable":true,"href":"https:\/\/www.cidademarketing.com.br\/marketing\/wp-json\/wp\/v2\/media\/30587"}],"wp:attachment":[{"href":"https:\/\/www.cidademarketing.com.br\/marketing\/wp-json\/wp\/v2\/media?parent=30584"}],"wp:term":[{"taxonomy":"category","embeddable":true,"href":"https:\/\/www.cidademarketing.com.br\/marketing\/wp-json\/wp\/v2\/categories?post=30584"},{"taxonomy":"post_tag","embeddable":true,"href":"https:\/\/www.cidademarketing.com.br\/marketing\/wp-json\/wp\/v2\/tags?post=30584"}],"curies":[{"name":"wp","href":"https:\/\/api.w.org\/{rel}","templated":true}]}}