{"id":30454,"date":"2021-10-16T17:31:58","date_gmt":"2021-10-16T20:31:58","guid":{"rendered":"https:\/\/www.cidademarketing.com.br\/marketing\/?p=30454"},"modified":"2021-10-16T17:32:00","modified_gmt":"2021-10-16T20:32:00","slug":"fca-fiat-chrysler-anuncia-recall-do-jeep-wrangler-por-risco-de-incendio","status":"publish","type":"post","link":"https:\/\/www.cidademarketing.com.br\/marketing\/2021\/10\/16\/fca-fiat-chrysler-anuncia-recall-do-jeep-wrangler-por-risco-de-incendio\/","title":{"rendered":"FCA Fiat Chrysler anuncia recall do Jeep\u00ae Wrangler por risco de inc\u00eandio"},"content":{"rendered":"\n<p><\/p><iframe src=\"https:\/\/open.spotify.com\/embed\/show\/4khMKzP3FgFRWVwb73xicc\" width=\"100%\" height=\"232\" frameBorder=\"0\" allowtransparency=\"true\" allow=\"encrypted-media\"><\/iframe>\t\n\n\n\n\n<p>A FCA &#8211; Fiat Chrysler Autom\u00f3veis Brasil Ltda. convoca os propriet\u00e1rios dos ve\u00edculos Jeep\u00ae Wrangler, ano\/modelo 2020, para a partir de 18 de outubro de 2021 agendarem comparecimento em uma das concession\u00e1rias Jeep, a fim de que seja providenciada, gratuitamente, a an\u00e1lise e, se necess\u00e1ria, a substitui\u00e7\u00e3o da tubula\u00e7\u00e3o de envio de combust\u00edvel ao motor.<\/p>\n\n\n\n<p>Foi identificada a possibilidade de rachadura da tubula\u00e7\u00e3o de envio de combust\u00edvel, com risco de vazamento em regi\u00f5es quentes do motor e possibilidade de inc\u00eandio, podendo causar potenciais danos f\u00edsicos graves ou at\u00e9 mesmo fatais aos ocupantes do ve\u00edculo e a terceiros.<\/p>\n\n\n\n<p>Os servi\u00e7os ser\u00e3o realizados mediante agendamento pr\u00e9vio de forma a evitar aglomera\u00e7\u00e3o, respeitando as orienta\u00e7\u00f5es de seguran\u00e7a do Minist\u00e9rio da Sa\u00fade e os decretos que visam combater a dissemina\u00e7\u00e3o da covid-19 na sua regi\u00e3o. Por esse motivo, \u00e9 importante que voc\u00ea contate a concession\u00e1ria de sua prefer\u00eancia para ser informado sobre a previs\u00e3o do atendimento.<\/p>\n\n\n\n<p>Est\u00e3o envolvidas na campanha 43 unidades do Jeep Wrangler, com os n\u00fameros de chassi n\u00e3o sequenciais (\u00faltimos seis d\u00edgitos) de 275106 a 276905. O tempo estimado de reparo \u00e9 de aproximadamente duas horas. Para consultar os n\u00fameros dos chassis envolvidos ou obter mais informa\u00e7\u00f5es, entre em contato com a Central de Servi\u00e7os ao Cliente Jeep pelo telefone 0800-703- 7150 ou pelo WhatsApp (31) 2123-4000 ou acesse&nbsp;<a href=\"http:\/\/www.jeep.com.br\/\" target=\"_blank\" rel=\"noreferrer noopener\">www.jeep.com.br<\/a>.<\/p>\n\n\n\n<p>Com esta iniciativa, a FCA visa a assegurar a satisfa\u00e7\u00e3o de seus clientes, garantindo a qualidade e a confiabilidade dos ve\u00edculos da marca Jeep.<\/p>\n\n\n\n<p><\/p><iframe allow=\"autoplay *; encrypted-media *; fullscreen *\" frameborder=\"0\" height=\"450\" style=\"width:100%;max-width:660px;overflow:hidden;background:transparent;\" sandbox=\"allow-forms allow-popups allow-same-origin allow-scripts allow-storage-access-by-user-activation allow-top-navigation-by-user-activation\" src=\"https:\/\/embed.podcasts.apple.com\/br\/podcast\/podcast-cidademarketing\/id1371923283\"><\/iframe>\n\n","protected":false},"excerpt":{"rendered":"<p>A FCA &#8211; Fiat Chrysler Autom\u00f3veis Brasil Ltda. convoca os propriet\u00e1rios dos ve\u00edculos Jeep\u00ae Wrangler, ano\/modelo 2020, para a partir de 18 de outubro de 2021 agendarem comparecimento em uma das concession\u00e1rias Jeep, a fim de que seja providenciada, gratuitamente, a an\u00e1lise e, se necess\u00e1ria, a substitui\u00e7\u00e3o da tubula\u00e7\u00e3o de envio de combust\u00edvel ao motor. [&hellip;]<\/p>\n","protected":false},"author":1,"featured_media":30455,"comment_status":"open","ping_status":"open","sticky":false,"template":"","format":"standard","meta":{"tdm_status":"","tdm_grid_status":"","footnotes":""},"categories":[9,6],"tags":[51,1230,154,4716,117],"class_list":["post-30454","post","type-post","status-publish","format-standard","has-post-thumbnail","hentry","category-consumidor","category-noticias","tag-consumidor","tag-falha","tag-jeep","tag-jeep-wrangler","tag-recall"],"yoast_head":"<!-- This site is optimized with the Yoast SEO plugin v27.5 - https:\/\/yoast.com\/product\/yoast-seo-wordpress\/ -->\n<title>FCA Fiat Chrysler anuncia recall do Jeep\u00ae Wrangler por risco de inc\u00eandio - CidadeMarketing<\/title>\n<meta name=\"robots\" content=\"index, follow, max-snippet:-1, max-image-preview:large, max-video-preview:-1\" \/>\n<link rel=\"canonical\" href=\"https:\/\/www.cidademarketing.com.br\/marketing\/2021\/10\/16\/fca-fiat-chrysler-anuncia-recall-do-jeep-wrangler-por-risco-de-incendio\/\" \/>\n<meta property=\"og:locale\" content=\"pt_BR\" \/>\n<meta property=\"og:type\" content=\"article\" \/>\n<meta property=\"og:title\" content=\"FCA Fiat Chrysler anuncia recall do Jeep\u00ae Wrangler por risco de inc\u00eandio - CidadeMarketing\" \/>\n<meta property=\"og:description\" content=\"A FCA &#8211; Fiat Chrysler Autom\u00f3veis Brasil Ltda. convoca os propriet\u00e1rios dos ve\u00edculos Jeep\u00ae Wrangler, ano\/modelo 2020, para a partir de 18 de outubro de 2021 agendarem comparecimento em uma das concession\u00e1rias Jeep, a fim de que seja providenciada, gratuitamente, a an\u00e1lise e, se necess\u00e1ria, a substitui\u00e7\u00e3o da tubula\u00e7\u00e3o de envio de combust\u00edvel ao motor. [&hellip;]\" \/>\n<meta property=\"og:url\" content=\"https:\/\/www.cidademarketing.com.br\/marketing\/2021\/10\/16\/fca-fiat-chrysler-anuncia-recall-do-jeep-wrangler-por-risco-de-incendio\/\" \/>\n<meta property=\"og:site_name\" content=\"CidadeMarketing\" \/>\n<meta property=\"article:publisher\" content=\"https:\/\/www.facebook.com\/portalcidademarketing\" \/>\n<meta property=\"article:author\" content=\"https:\/\/www.facebook.com\/thalesbrandao\" \/>\n<meta property=\"article:published_time\" content=\"2021-10-16T20:31:58+00:00\" \/>\n<meta property=\"article:modified_time\" content=\"2021-10-16T20:32:00+00:00\" \/>\n<meta property=\"og:image\" content=\"https:\/\/www.cidademarketing.com.br\/marketing\/wp-content\/uploads\/2021\/10\/jeep_wrangler_recall.jpg\" \/>\n\t<meta property=\"og:image:width\" content=\"1056\" \/>\n\t<meta property=\"og:image:height\" content=\"587\" \/>\n\t<meta property=\"og:image:type\" content=\"image\/jpeg\" \/>\n<meta name=\"author\" content=\"Thales Brand\u00e3o\" \/>\n<meta name=\"twitter:card\" content=\"summary_large_image\" \/>\n<meta name=\"twitter:creator\" content=\"@http:\/\/www.twitter.com\/thalesbrandao\" \/>\n<meta name=\"twitter:site\" content=\"@CidadeMarketing\" \/>\n<meta name=\"twitter:label1\" content=\"Escrito por\" \/>\n\t<meta name=\"twitter:data1\" content=\"Thales Brand\u00e3o\" \/>\n\t<meta name=\"twitter:label2\" content=\"Est. tempo de leitura\" \/>\n\t<meta name=\"twitter:data2\" content=\"1 minuto\" \/>\n<script type=\"application\/ld+json\" class=\"yoast-schema-graph\">{\"@context\":\"https:\\\/\\\/schema.org\",\"@graph\":[{\"@type\":\"Article\",\"@id\":\"https:\\\/\\\/www.cidademarketing.com.br\\\/marketing\\\/2021\\\/10\\\/16\\\/fca-fiat-chrysler-anuncia-recall-do-jeep-wrangler-por-risco-de-incendio\\\/#article\",\"isPartOf\":{\"@id\":\"https:\\\/\\\/www.cidademarketing.com.br\\\/marketing\\\/2021\\\/10\\\/16\\\/fca-fiat-chrysler-anuncia-recall-do-jeep-wrangler-por-risco-de-incendio\\\/\"},\"author\":{\"name\":\"Thales Brand\u00e3o\",\"@id\":\"https:\\\/\\\/www.cidademarketing.com.br\\\/marketing\\\/#\\\/schema\\\/person\\\/02daff9f18bd9378c9e01eb6b2db155f\"},\"headline\":\"FCA Fiat Chrysler anuncia recall do Jeep\u00ae Wrangler por risco de inc\u00eandio\",\"datePublished\":\"2021-10-16T20:31:58+00:00\",\"dateModified\":\"2021-10-16T20:32:00+00:00\",\"mainEntityOfPage\":{\"@id\":\"https:\\\/\\\/www.cidademarketing.com.br\\\/marketing\\\/2021\\\/10\\\/16\\\/fca-fiat-chrysler-anuncia-recall-do-jeep-wrangler-por-risco-de-incendio\\\/\"},\"wordCount\":289,\"commentCount\":0,\"publisher\":{\"@id\":\"https:\\\/\\\/www.cidademarketing.com.br\\\/marketing\\\/#organization\"},\"image\":{\"@id\":\"https:\\\/\\\/www.cidademarketing.com.br\\\/marketing\\\/2021\\\/10\\\/16\\\/fca-fiat-chrysler-anuncia-recall-do-jeep-wrangler-por-risco-de-incendio\\\/#primaryimage\"},\"thumbnailUrl\":\"https:\\\/\\\/www.cidademarketing.com.br\\\/marketing\\\/wp-content\\\/uploads\\\/2021\\\/10\\\/jeep_wrangler_recall.jpg\",\"keywords\":[\"consumidor\",\"falha\",\"Jeep\",\"Jeep\u00ae Wrangler\",\"recall\"],\"articleSection\":[\"Consumidor\",\"Not\u00edcias\"],\"inLanguage\":\"pt-BR\",\"potentialAction\":[{\"@type\":\"CommentAction\",\"name\":\"Comment\",\"target\":[\"https:\\\/\\\/www.cidademarketing.com.br\\\/marketing\\\/2021\\\/10\\\/16\\\/fca-fiat-chrysler-anuncia-recall-do-jeep-wrangler-por-risco-de-incendio\\\/#respond\"]}]},{\"@type\":\"WebPage\",\"@id\":\"https:\\\/\\\/www.cidademarketing.com.br\\\/marketing\\\/2021\\\/10\\\/16\\\/fca-fiat-chrysler-anuncia-recall-do-jeep-wrangler-por-risco-de-incendio\\\/\",\"url\":\"https:\\\/\\\/www.cidademarketing.com.br\\\/marketing\\\/2021\\\/10\\\/16\\\/fca-fiat-chrysler-anuncia-recall-do-jeep-wrangler-por-risco-de-incendio\\\/\",\"name\":\"FCA Fiat Chrysler anuncia recall do Jeep\u00ae Wrangler por risco de inc\u00eandio - CidadeMarketing\",\"isPartOf\":{\"@id\":\"https:\\\/\\\/www.cidademarketing.com.br\\\/marketing\\\/#website\"},\"primaryImageOfPage\":{\"@id\":\"https:\\\/\\\/www.cidademarketing.com.br\\\/marketing\\\/2021\\\/10\\\/16\\\/fca-fiat-chrysler-anuncia-recall-do-jeep-wrangler-por-risco-de-incendio\\\/#primaryimage\"},\"image\":{\"@id\":\"https:\\\/\\\/www.cidademarketing.com.br\\\/marketing\\\/2021\\\/10\\\/16\\\/fca-fiat-chrysler-anuncia-recall-do-jeep-wrangler-por-risco-de-incendio\\\/#primaryimage\"},\"thumbnailUrl\":\"https:\\\/\\\/www.cidademarketing.com.br\\\/marketing\\\/wp-content\\\/uploads\\\/2021\\\/10\\\/jeep_wrangler_recall.jpg\",\"datePublished\":\"2021-10-16T20:31:58+00:00\",\"dateModified\":\"2021-10-16T20:32:00+00:00\",\"breadcrumb\":{\"@id\":\"https:\\\/\\\/www.cidademarketing.com.br\\\/marketing\\\/2021\\\/10\\\/16\\\/fca-fiat-chrysler-anuncia-recall-do-jeep-wrangler-por-risco-de-incendio\\\/#breadcrumb\"},\"inLanguage\":\"pt-BR\",\"potentialAction\":[{\"@type\":\"ReadAction\",\"target\":[\"https:\\\/\\\/www.cidademarketing.com.br\\\/marketing\\\/2021\\\/10\\\/16\\\/fca-fiat-chrysler-anuncia-recall-do-jeep-wrangler-por-risco-de-incendio\\\/\"]}]},{\"@type\":\"ImageObject\",\"inLanguage\":\"pt-BR\",\"@id\":\"https:\\\/\\\/www.cidademarketing.com.br\\\/marketing\\\/2021\\\/10\\\/16\\\/fca-fiat-chrysler-anuncia-recall-do-jeep-wrangler-por-risco-de-incendio\\\/#primaryimage\",\"url\":\"https:\\\/\\\/www.cidademarketing.com.br\\\/marketing\\\/wp-content\\\/uploads\\\/2021\\\/10\\\/jeep_wrangler_recall.jpg\",\"contentUrl\":\"https:\\\/\\\/www.cidademarketing.com.br\\\/marketing\\\/wp-content\\\/uploads\\\/2021\\\/10\\\/jeep_wrangler_recall.jpg\",\"width\":1056,\"height\":587,\"caption\":\"Divulga\u00e7\u00e3o\"},{\"@type\":\"BreadcrumbList\",\"@id\":\"https:\\\/\\\/www.cidademarketing.com.br\\\/marketing\\\/2021\\\/10\\\/16\\\/fca-fiat-chrysler-anuncia-recall-do-jeep-wrangler-por-risco-de-incendio\\\/#breadcrumb\",\"itemListElement\":[{\"@type\":\"ListItem\",\"position\":1,\"name\":\"In\u00edcio\",\"item\":\"https:\\\/\\\/www.cidademarketing.com.br\\\/marketing\\\/\"},{\"@type\":\"ListItem\",\"position\":2,\"name\":\"FCA Fiat Chrysler anuncia recall do Jeep\u00ae Wrangler por risco de inc\u00eandio\"}]},{\"@type\":\"WebSite\",\"@id\":\"https:\\\/\\\/www.cidademarketing.com.br\\\/marketing\\\/#website\",\"url\":\"https:\\\/\\\/www.cidademarketing.com.br\\\/marketing\\\/\",\"name\":\"CidadeMarketing\",\"description\":\"Somos um ve\u00edculo de comunica\u00e7\u00e3o de destaque no Brasil, reconhecido por conte\u00fados nos segmentos de marketing, empreendedorismo e inova\u00e7\u00e3o.\",\"publisher\":{\"@id\":\"https:\\\/\\\/www.cidademarketing.com.br\\\/marketing\\\/#organization\"},\"alternateName\":\"CidadeMarketing\",\"potentialAction\":[{\"@type\":\"SearchAction\",\"target\":{\"@type\":\"EntryPoint\",\"urlTemplate\":\"https:\\\/\\\/www.cidademarketing.com.br\\\/marketing\\\/?s={search_term_string}\"},\"query-input\":{\"@type\":\"PropertyValueSpecification\",\"valueRequired\":true,\"valueName\":\"search_term_string\"}}],\"inLanguage\":\"pt-BR\"},{\"@type\":\"Organization\",\"@id\":\"https:\\\/\\\/www.cidademarketing.com.br\\\/marketing\\\/#organization\",\"name\":\"CidadeMarketing\",\"alternateName\":\"CidadeMarketing\",\"url\":\"https:\\\/\\\/www.cidademarketing.com.br\\\/marketing\\\/\",\"logo\":{\"@type\":\"ImageObject\",\"inLanguage\":\"pt-BR\",\"@id\":\"https:\\\/\\\/www.cidademarketing.com.br\\\/marketing\\\/#\\\/schema\\\/logo\\\/image\\\/\",\"url\":\"https:\\\/\\\/www.cidademarketing.com.br\\\/marketing\\\/wp-content\\\/uploads\\\/2020\\\/01\\\/cidademarketing_marca_mobile.png\",\"contentUrl\":\"https:\\\/\\\/www.cidademarketing.com.br\\\/marketing\\\/wp-content\\\/uploads\\\/2020\\\/01\\\/cidademarketing_marca_mobile.png\",\"width\":230,\"height\":92,\"caption\":\"CidadeMarketing\"},\"image\":{\"@id\":\"https:\\\/\\\/www.cidademarketing.com.br\\\/marketing\\\/#\\\/schema\\\/logo\\\/image\\\/\"},\"sameAs\":[\"https:\\\/\\\/www.facebook.com\\\/portalcidademarketing\",\"https:\\\/\\\/x.com\\\/CidadeMarketing\",\"https:\\\/\\\/www.instagram.com\\\/cidademarketing\\\/\"]},{\"@type\":\"Person\",\"@id\":\"https:\\\/\\\/www.cidademarketing.com.br\\\/marketing\\\/#\\\/schema\\\/person\\\/02daff9f18bd9378c9e01eb6b2db155f\",\"name\":\"Thales Brand\u00e3o\",\"image\":{\"@type\":\"ImageObject\",\"inLanguage\":\"pt-BR\",\"@id\":\"https:\\\/\\\/secure.gravatar.com\\\/avatar\\\/7ca3206950207cc3cb48feec56a8a7898741ab725c368d99d5d7a5a50aab80c6?s=96&d=mm&r=g\",\"url\":\"https:\\\/\\\/secure.gravatar.com\\\/avatar\\\/7ca3206950207cc3cb48feec56a8a7898741ab725c368d99d5d7a5a50aab80c6?s=96&d=mm&r=g\",\"contentUrl\":\"https:\\\/\\\/secure.gravatar.com\\\/avatar\\\/7ca3206950207cc3cb48feec56a8a7898741ab725c368d99d5d7a5a50aab80c6?s=96&d=mm&r=g\",\"caption\":\"Thales Brand\u00e3o\"},\"description\":\"Editor Executivo do Portal CidadeMarketing.com.br &gt; Mestre em Comunica\u00e7\u00e3o e Sociedade pela Universidade Federal de Sergipe. Possui MBA Executivo em Administra\u00e7\u00e3o com \u00eanfase em Marketing pela Funda\u00e7\u00e3o Get\u00falio Vargas - Rio de Janeiro. Consultor, Palestrante e Pesquisador sobre Empreendedorismo, Marketing, Redes Sociais e Neg\u00f3cios Digitais. Professor, Palestrante TedxTalks e Campus Party. Twitter: @ThalesBrandao\",\"sameAs\":[\"http:\\\/\\\/www.mandacaru.com.br\",\"https:\\\/\\\/www.facebook.com\\\/thalesbrandao\",\"http:\\\/\\\/www.instagram.com.br\\\/thalesbrandaoferreira\",\"https:\\\/\\\/www.linkedin.com\\\/in\\\/thales-brand\u00e3o-3948609\\\/\",\"https:\\\/\\\/x.com\\\/http:\\\/\\\/www.twitter.com\\\/thalesbrandao\"],\"url\":\"https:\\\/\\\/www.cidademarketing.com.br\\\/marketing\\\/author\\\/thalesbrandao\\\/\"}]}<\/script>\n<!-- \/ Yoast SEO plugin. -->","yoast_head_json":{"title":"FCA Fiat Chrysler anuncia recall do Jeep\u00ae Wrangler por risco de inc\u00eandio - CidadeMarketing","robots":{"index":"index","follow":"follow","max-snippet":"max-snippet:-1","max-image-preview":"max-image-preview:large","max-video-preview":"max-video-preview:-1"},"canonical":"https:\/\/www.cidademarketing.com.br\/marketing\/2021\/10\/16\/fca-fiat-chrysler-anuncia-recall-do-jeep-wrangler-por-risco-de-incendio\/","og_locale":"pt_BR","og_type":"article","og_title":"FCA Fiat Chrysler anuncia recall do Jeep\u00ae Wrangler por risco de inc\u00eandio - CidadeMarketing","og_description":"A FCA &#8211; Fiat Chrysler Autom\u00f3veis Brasil Ltda. convoca os propriet\u00e1rios dos ve\u00edculos Jeep\u00ae Wrangler, ano\/modelo 2020, para a partir de 18 de outubro de 2021 agendarem comparecimento em uma das concession\u00e1rias Jeep, a fim de que seja providenciada, gratuitamente, a an\u00e1lise e, se necess\u00e1ria, a substitui\u00e7\u00e3o da tubula\u00e7\u00e3o de envio de combust\u00edvel ao motor. [&hellip;]","og_url":"https:\/\/www.cidademarketing.com.br\/marketing\/2021\/10\/16\/fca-fiat-chrysler-anuncia-recall-do-jeep-wrangler-por-risco-de-incendio\/","og_site_name":"CidadeMarketing","article_publisher":"https:\/\/www.facebook.com\/portalcidademarketing","article_author":"https:\/\/www.facebook.com\/thalesbrandao","article_published_time":"2021-10-16T20:31:58+00:00","article_modified_time":"2021-10-16T20:32:00+00:00","og_image":[{"width":1056,"height":587,"url":"https:\/\/www.cidademarketing.com.br\/marketing\/wp-content\/uploads\/2021\/10\/jeep_wrangler_recall.jpg","type":"image\/jpeg"}],"author":"Thales Brand\u00e3o","twitter_card":"summary_large_image","twitter_creator":"@http:\/\/www.twitter.com\/thalesbrandao","twitter_site":"@CidadeMarketing","twitter_misc":{"Escrito por":"Thales Brand\u00e3o","Est. tempo de leitura":"1 minuto"},"schema":{"@context":"https:\/\/schema.org","@graph":[{"@type":"Article","@id":"https:\/\/www.cidademarketing.com.br\/marketing\/2021\/10\/16\/fca-fiat-chrysler-anuncia-recall-do-jeep-wrangler-por-risco-de-incendio\/#article","isPartOf":{"@id":"https:\/\/www.cidademarketing.com.br\/marketing\/2021\/10\/16\/fca-fiat-chrysler-anuncia-recall-do-jeep-wrangler-por-risco-de-incendio\/"},"author":{"name":"Thales Brand\u00e3o","@id":"https:\/\/www.cidademarketing.com.br\/marketing\/#\/schema\/person\/02daff9f18bd9378c9e01eb6b2db155f"},"headline":"FCA Fiat Chrysler anuncia recall do Jeep\u00ae Wrangler por risco de inc\u00eandio","datePublished":"2021-10-16T20:31:58+00:00","dateModified":"2021-10-16T20:32:00+00:00","mainEntityOfPage":{"@id":"https:\/\/www.cidademarketing.com.br\/marketing\/2021\/10\/16\/fca-fiat-chrysler-anuncia-recall-do-jeep-wrangler-por-risco-de-incendio\/"},"wordCount":289,"commentCount":0,"publisher":{"@id":"https:\/\/www.cidademarketing.com.br\/marketing\/#organization"},"image":{"@id":"https:\/\/www.cidademarketing.com.br\/marketing\/2021\/10\/16\/fca-fiat-chrysler-anuncia-recall-do-jeep-wrangler-por-risco-de-incendio\/#primaryimage"},"thumbnailUrl":"https:\/\/www.cidademarketing.com.br\/marketing\/wp-content\/uploads\/2021\/10\/jeep_wrangler_recall.jpg","keywords":["consumidor","falha","Jeep","Jeep\u00ae Wrangler","recall"],"articleSection":["Consumidor","Not\u00edcias"],"inLanguage":"pt-BR","potentialAction":[{"@type":"CommentAction","name":"Comment","target":["https:\/\/www.cidademarketing.com.br\/marketing\/2021\/10\/16\/fca-fiat-chrysler-anuncia-recall-do-jeep-wrangler-por-risco-de-incendio\/#respond"]}]},{"@type":"WebPage","@id":"https:\/\/www.cidademarketing.com.br\/marketing\/2021\/10\/16\/fca-fiat-chrysler-anuncia-recall-do-jeep-wrangler-por-risco-de-incendio\/","url":"https:\/\/www.cidademarketing.com.br\/marketing\/2021\/10\/16\/fca-fiat-chrysler-anuncia-recall-do-jeep-wrangler-por-risco-de-incendio\/","name":"FCA Fiat Chrysler anuncia recall do Jeep\u00ae Wrangler por risco de inc\u00eandio - CidadeMarketing","isPartOf":{"@id":"https:\/\/www.cidademarketing.com.br\/marketing\/#website"},"primaryImageOfPage":{"@id":"https:\/\/www.cidademarketing.com.br\/marketing\/2021\/10\/16\/fca-fiat-chrysler-anuncia-recall-do-jeep-wrangler-por-risco-de-incendio\/#primaryimage"},"image":{"@id":"https:\/\/www.cidademarketing.com.br\/marketing\/2021\/10\/16\/fca-fiat-chrysler-anuncia-recall-do-jeep-wrangler-por-risco-de-incendio\/#primaryimage"},"thumbnailUrl":"https:\/\/www.cidademarketing.com.br\/marketing\/wp-content\/uploads\/2021\/10\/jeep_wrangler_recall.jpg","datePublished":"2021-10-16T20:31:58+00:00","dateModified":"2021-10-16T20:32:00+00:00","breadcrumb":{"@id":"https:\/\/www.cidademarketing.com.br\/marketing\/2021\/10\/16\/fca-fiat-chrysler-anuncia-recall-do-jeep-wrangler-por-risco-de-incendio\/#breadcrumb"},"inLanguage":"pt-BR","potentialAction":[{"@type":"ReadAction","target":["https:\/\/www.cidademarketing.com.br\/marketing\/2021\/10\/16\/fca-fiat-chrysler-anuncia-recall-do-jeep-wrangler-por-risco-de-incendio\/"]}]},{"@type":"ImageObject","inLanguage":"pt-BR","@id":"https:\/\/www.cidademarketing.com.br\/marketing\/2021\/10\/16\/fca-fiat-chrysler-anuncia-recall-do-jeep-wrangler-por-risco-de-incendio\/#primaryimage","url":"https:\/\/www.cidademarketing.com.br\/marketing\/wp-content\/uploads\/2021\/10\/jeep_wrangler_recall.jpg","contentUrl":"https:\/\/www.cidademarketing.com.br\/marketing\/wp-content\/uploads\/2021\/10\/jeep_wrangler_recall.jpg","width":1056,"height":587,"caption":"Divulga\u00e7\u00e3o"},{"@type":"BreadcrumbList","@id":"https:\/\/www.cidademarketing.com.br\/marketing\/2021\/10\/16\/fca-fiat-chrysler-anuncia-recall-do-jeep-wrangler-por-risco-de-incendio\/#breadcrumb","itemListElement":[{"@type":"ListItem","position":1,"name":"In\u00edcio","item":"https:\/\/www.cidademarketing.com.br\/marketing\/"},{"@type":"ListItem","position":2,"name":"FCA Fiat Chrysler anuncia recall do Jeep\u00ae Wrangler por risco de inc\u00eandio"}]},{"@type":"WebSite","@id":"https:\/\/www.cidademarketing.com.br\/marketing\/#website","url":"https:\/\/www.cidademarketing.com.br\/marketing\/","name":"CidadeMarketing","description":"Somos um ve\u00edculo de comunica\u00e7\u00e3o de destaque no Brasil, reconhecido por conte\u00fados nos segmentos de marketing, empreendedorismo e inova\u00e7\u00e3o.","publisher":{"@id":"https:\/\/www.cidademarketing.com.br\/marketing\/#organization"},"alternateName":"CidadeMarketing","potentialAction":[{"@type":"SearchAction","target":{"@type":"EntryPoint","urlTemplate":"https:\/\/www.cidademarketing.com.br\/marketing\/?s={search_term_string}"},"query-input":{"@type":"PropertyValueSpecification","valueRequired":true,"valueName":"search_term_string"}}],"inLanguage":"pt-BR"},{"@type":"Organization","@id":"https:\/\/www.cidademarketing.com.br\/marketing\/#organization","name":"CidadeMarketing","alternateName":"CidadeMarketing","url":"https:\/\/www.cidademarketing.com.br\/marketing\/","logo":{"@type":"ImageObject","inLanguage":"pt-BR","@id":"https:\/\/www.cidademarketing.com.br\/marketing\/#\/schema\/logo\/image\/","url":"https:\/\/www.cidademarketing.com.br\/marketing\/wp-content\/uploads\/2020\/01\/cidademarketing_marca_mobile.png","contentUrl":"https:\/\/www.cidademarketing.com.br\/marketing\/wp-content\/uploads\/2020\/01\/cidademarketing_marca_mobile.png","width":230,"height":92,"caption":"CidadeMarketing"},"image":{"@id":"https:\/\/www.cidademarketing.com.br\/marketing\/#\/schema\/logo\/image\/"},"sameAs":["https:\/\/www.facebook.com\/portalcidademarketing","https:\/\/x.com\/CidadeMarketing","https:\/\/www.instagram.com\/cidademarketing\/"]},{"@type":"Person","@id":"https:\/\/www.cidademarketing.com.br\/marketing\/#\/schema\/person\/02daff9f18bd9378c9e01eb6b2db155f","name":"Thales Brand\u00e3o","image":{"@type":"ImageObject","inLanguage":"pt-BR","@id":"https:\/\/secure.gravatar.com\/avatar\/7ca3206950207cc3cb48feec56a8a7898741ab725c368d99d5d7a5a50aab80c6?s=96&d=mm&r=g","url":"https:\/\/secure.gravatar.com\/avatar\/7ca3206950207cc3cb48feec56a8a7898741ab725c368d99d5d7a5a50aab80c6?s=96&d=mm&r=g","contentUrl":"https:\/\/secure.gravatar.com\/avatar\/7ca3206950207cc3cb48feec56a8a7898741ab725c368d99d5d7a5a50aab80c6?s=96&d=mm&r=g","caption":"Thales Brand\u00e3o"},"description":"Editor Executivo do Portal CidadeMarketing.com.br &gt; Mestre em Comunica\u00e7\u00e3o e Sociedade pela Universidade Federal de Sergipe. Possui MBA Executivo em Administra\u00e7\u00e3o com \u00eanfase em Marketing pela Funda\u00e7\u00e3o Get\u00falio Vargas - Rio de Janeiro. Consultor, Palestrante e Pesquisador sobre Empreendedorismo, Marketing, Redes Sociais e Neg\u00f3cios Digitais. Professor, Palestrante TedxTalks e Campus Party. Twitter: @ThalesBrandao","sameAs":["http:\/\/www.mandacaru.com.br","https:\/\/www.facebook.com\/thalesbrandao","http:\/\/www.instagram.com.br\/thalesbrandaoferreira","https:\/\/www.linkedin.com\/in\/thales-brand\u00e3o-3948609\/","https:\/\/x.com\/http:\/\/www.twitter.com\/thalesbrandao"],"url":"https:\/\/www.cidademarketing.com.br\/marketing\/author\/thalesbrandao\/"}]}},"amp_enabled":true,"_links":{"self":[{"href":"https:\/\/www.cidademarketing.com.br\/marketing\/wp-json\/wp\/v2\/posts\/30454","targetHints":{"allow":["GET"]}}],"collection":[{"href":"https:\/\/www.cidademarketing.com.br\/marketing\/wp-json\/wp\/v2\/posts"}],"about":[{"href":"https:\/\/www.cidademarketing.com.br\/marketing\/wp-json\/wp\/v2\/types\/post"}],"author":[{"embeddable":true,"href":"https:\/\/www.cidademarketing.com.br\/marketing\/wp-json\/wp\/v2\/users\/1"}],"replies":[{"embeddable":true,"href":"https:\/\/www.cidademarketing.com.br\/marketing\/wp-json\/wp\/v2\/comments?post=30454"}],"version-history":[{"count":1,"href":"https:\/\/www.cidademarketing.com.br\/marketing\/wp-json\/wp\/v2\/posts\/30454\/revisions"}],"predecessor-version":[{"id":30456,"href":"https:\/\/www.cidademarketing.com.br\/marketing\/wp-json\/wp\/v2\/posts\/30454\/revisions\/30456"}],"wp:featuredmedia":[{"embeddable":true,"href":"https:\/\/www.cidademarketing.com.br\/marketing\/wp-json\/wp\/v2\/media\/30455"}],"wp:attachment":[{"href":"https:\/\/www.cidademarketing.com.br\/marketing\/wp-json\/wp\/v2\/media?parent=30454"}],"wp:term":[{"taxonomy":"category","embeddable":true,"href":"https:\/\/www.cidademarketing.com.br\/marketing\/wp-json\/wp\/v2\/categories?post=30454"},{"taxonomy":"post_tag","embeddable":true,"href":"https:\/\/www.cidademarketing.com.br\/marketing\/wp-json\/wp\/v2\/tags?post=30454"}],"curies":[{"name":"wp","href":"https:\/\/api.w.org\/{rel}","templated":true}]}}