{"id":30392,"date":"2021-10-14T22:05:28","date_gmt":"2021-10-15T01:05:28","guid":{"rendered":"https:\/\/www.cidademarketing.com.br\/marketing\/?p=30392"},"modified":"2021-10-14T22:05:31","modified_gmt":"2021-10-15T01:05:31","slug":"hyundai-apresenta-campanha-do-creta-nova-geracao-com-o-mote-a-vida-tem-espaco-pra-mais","status":"publish","type":"post","link":"https:\/\/www.cidademarketing.com.br\/marketing\/2021\/10\/14\/hyundai-apresenta-campanha-do-creta-nova-geracao-com-o-mote-a-vida-tem-espaco-pra-mais\/","title":{"rendered":"Hyundai apresenta campanha do Creta Nova Gera\u00e7\u00e3o com o mote \u201cA vida tem espa\u00e7o pra mais\u201d"},"content":{"rendered":"\n<p><\/p><iframe src=\"https:\/\/open.spotify.com\/embed\/show\/4khMKzP3FgFRWVwb73xicc\" width=\"100%\" height=\"232\" frameBorder=\"0\" allowtransparency=\"true\" allow=\"encrypted-media\"><\/iframe>\t\n\n\n\n\n<p>A Hyundai Motor Brasil acaba de estrear a nova campanha publicit\u00e1ria do rec\u00e9m-lan\u00e7ado Creta Nova Gera\u00e7\u00e3o. O primeiro comercial foi veiculado ontem, 13 de outubro, em um intervalo exclusivo do Jornal Nacional, da Rede Globo. A partir de hoje, novas pe\u00e7as ser\u00e3o transmitidas em TV aberta e TV por assinatura, e se estender\u00e3o para publica\u00e7\u00f5es em revistas e nas principais plataformas digitais, como YouTube, Facebook, Instagram e Tik tok, al\u00e9m de canais de influenciadores digitais.<\/p>\n\n\n\n<p>O foco central da campanha publicit\u00e1ria \u00e9 o conceito \u201cA vida tem espa\u00e7o pra mais\u201d, que refor\u00e7a, segundo a equipe criativa, o fato de o Creta Nova Gera\u00e7\u00e3o ter \u201cdado um upgrade no segmento de SUVs com uma combina\u00e7\u00e3o \u00fanica de tecnologia, seguran\u00e7a, conectividade, conforto e sofistica\u00e7\u00e3o permitindo condutores e passageiros viver mais momentos inesquec\u00edveis, mais descobertas, mais divers\u00e3o e mais tempo ao lado de quem se ama\u201d. Ou seja, exprime a ideia de que experi\u00eancias e as rela\u00e7\u00f5es humanas podem ser aproveitadas ao m\u00e1ximo a bordo do novo Creta.<\/p>\n\n\n\n<p>Outros aspectos de destaque da campanha s\u00e3o diversidade e \u201cbrasilidade\u201d. No filme publicit\u00e1rio, o forte papel feminino tem protagonismo, demostrando a grande influ\u00eancia que as mulheres t\u00eam no processo de decis\u00e3o de compra na categoria de SUVs. Importante destacar essa representatividade em um cen\u00e1rio no qual h\u00e1 cerca de 25,8 milh\u00f5es de mulheres motoristas no Pa\u00eds, de acordo com dados do Denatran (Departamento Nacional de Tr\u00e2nsito) e Abramet (Associa\u00e7\u00e3o Brasileira de Medicina de Tr\u00e1fego).\u00a0<\/p>\n\n\n\n<p><\/p>\n\n\n\n<figure class=\"wp-block-gallery columns-3 is-cropped wp-block-gallery-1 is-layout-flex wp-block-gallery-is-layout-flex\"><ul class=\"blocks-gallery-grid\"><li class=\"blocks-gallery-item\"><figure><img fetchpriority=\"high\" decoding=\"async\" width=\"1024\" height=\"424\" src=\"https:\/\/www.cidademarketing.com.br\/marketing\/wp-content\/uploads\/2021\/10\/creta_01-1024x424.jpg\" alt=\"\" data-id=\"30393\" data-full-url=\"https:\/\/www.cidademarketing.com.br\/marketing\/wp-content\/uploads\/2021\/10\/creta_01.jpg\" data-link=\"https:\/\/www.cidademarketing.com.br\/marketing\/?attachment_id=30393\" class=\"wp-image-30393\" srcset=\"https:\/\/www.cidademarketing.com.br\/marketing\/wp-content\/uploads\/2021\/10\/creta_01-1024x424.jpg 1024w, https:\/\/www.cidademarketing.com.br\/marketing\/wp-content\/uploads\/2021\/10\/creta_01-300x124.jpg 300w, https:\/\/www.cidademarketing.com.br\/marketing\/wp-content\/uploads\/2021\/10\/creta_01-768x318.jpg 768w, https:\/\/www.cidademarketing.com.br\/marketing\/wp-content\/uploads\/2021\/10\/creta_01-1536x636.jpg 1536w, https:\/\/www.cidademarketing.com.br\/marketing\/wp-content\/uploads\/2021\/10\/creta_01-2048x848.jpg 2048w, https:\/\/www.cidademarketing.com.br\/marketing\/wp-content\/uploads\/2021\/10\/creta_01-1015x420.jpg 1015w, https:\/\/www.cidademarketing.com.br\/marketing\/wp-content\/uploads\/2021\/10\/creta_01-640x265.jpg 640w, https:\/\/www.cidademarketing.com.br\/marketing\/wp-content\/uploads\/2021\/10\/creta_01-681x282.jpg 681w\" sizes=\"(max-width: 1024px) 100vw, 1024px\" \/><\/figure><\/li><li class=\"blocks-gallery-item\"><figure><img decoding=\"async\" width=\"1024\" height=\"424\" src=\"https:\/\/www.cidademarketing.com.br\/marketing\/wp-content\/uploads\/2021\/10\/creta_02-1024x424.jpg\" alt=\"\" data-id=\"30394\" data-full-url=\"https:\/\/www.cidademarketing.com.br\/marketing\/wp-content\/uploads\/2021\/10\/creta_02.jpg\" data-link=\"https:\/\/www.cidademarketing.com.br\/marketing\/?attachment_id=30394\" class=\"wp-image-30394\" srcset=\"https:\/\/www.cidademarketing.com.br\/marketing\/wp-content\/uploads\/2021\/10\/creta_02-1024x424.jpg 1024w, https:\/\/www.cidademarketing.com.br\/marketing\/wp-content\/uploads\/2021\/10\/creta_02-300x124.jpg 300w, https:\/\/www.cidademarketing.com.br\/marketing\/wp-content\/uploads\/2021\/10\/creta_02-768x318.jpg 768w, https:\/\/www.cidademarketing.com.br\/marketing\/wp-content\/uploads\/2021\/10\/creta_02-1536x636.jpg 1536w, https:\/\/www.cidademarketing.com.br\/marketing\/wp-content\/uploads\/2021\/10\/creta_02-2048x848.jpg 2048w, https:\/\/www.cidademarketing.com.br\/marketing\/wp-content\/uploads\/2021\/10\/creta_02-1015x420.jpg 1015w, https:\/\/www.cidademarketing.com.br\/marketing\/wp-content\/uploads\/2021\/10\/creta_02-640x265.jpg 640w, https:\/\/www.cidademarketing.com.br\/marketing\/wp-content\/uploads\/2021\/10\/creta_02-681x282.jpg 681w\" sizes=\"(max-width: 1024px) 100vw, 1024px\" \/><\/figure><\/li><li class=\"blocks-gallery-item\"><figure><img decoding=\"async\" width=\"1024\" height=\"424\" src=\"https:\/\/www.cidademarketing.com.br\/marketing\/wp-content\/uploads\/2021\/10\/creta_03-1024x424.jpg\" alt=\"\" data-id=\"30395\" data-full-url=\"https:\/\/www.cidademarketing.com.br\/marketing\/wp-content\/uploads\/2021\/10\/creta_03.jpg\" data-link=\"https:\/\/www.cidademarketing.com.br\/marketing\/?attachment_id=30395\" class=\"wp-image-30395\" srcset=\"https:\/\/www.cidademarketing.com.br\/marketing\/wp-content\/uploads\/2021\/10\/creta_03-1024x424.jpg 1024w, https:\/\/www.cidademarketing.com.br\/marketing\/wp-content\/uploads\/2021\/10\/creta_03-300x124.jpg 300w, https:\/\/www.cidademarketing.com.br\/marketing\/wp-content\/uploads\/2021\/10\/creta_03-768x318.jpg 768w, https:\/\/www.cidademarketing.com.br\/marketing\/wp-content\/uploads\/2021\/10\/creta_03-1536x636.jpg 1536w, https:\/\/www.cidademarketing.com.br\/marketing\/wp-content\/uploads\/2021\/10\/creta_03-2048x848.jpg 2048w, https:\/\/www.cidademarketing.com.br\/marketing\/wp-content\/uploads\/2021\/10\/creta_03-1015x420.jpg 1015w, https:\/\/www.cidademarketing.com.br\/marketing\/wp-content\/uploads\/2021\/10\/creta_03-640x265.jpg 640w, https:\/\/www.cidademarketing.com.br\/marketing\/wp-content\/uploads\/2021\/10\/creta_03-681x282.jpg 681w\" sizes=\"(max-width: 1024px) 100vw, 1024px\" \/><\/figure><\/li><li class=\"blocks-gallery-item\"><figure><img loading=\"lazy\" decoding=\"async\" width=\"1024\" height=\"424\" src=\"https:\/\/www.cidademarketing.com.br\/marketing\/wp-content\/uploads\/2021\/10\/creta_04-1024x424.jpg\" alt=\"\" data-id=\"30396\" data-full-url=\"https:\/\/www.cidademarketing.com.br\/marketing\/wp-content\/uploads\/2021\/10\/creta_04.jpg\" data-link=\"https:\/\/www.cidademarketing.com.br\/marketing\/?attachment_id=30396\" class=\"wp-image-30396\" srcset=\"https:\/\/www.cidademarketing.com.br\/marketing\/wp-content\/uploads\/2021\/10\/creta_04-1024x424.jpg 1024w, https:\/\/www.cidademarketing.com.br\/marketing\/wp-content\/uploads\/2021\/10\/creta_04-300x124.jpg 300w, https:\/\/www.cidademarketing.com.br\/marketing\/wp-content\/uploads\/2021\/10\/creta_04-768x318.jpg 768w, https:\/\/www.cidademarketing.com.br\/marketing\/wp-content\/uploads\/2021\/10\/creta_04-1536x636.jpg 1536w, https:\/\/www.cidademarketing.com.br\/marketing\/wp-content\/uploads\/2021\/10\/creta_04-2048x848.jpg 2048w, https:\/\/www.cidademarketing.com.br\/marketing\/wp-content\/uploads\/2021\/10\/creta_04-1015x420.jpg 1015w, https:\/\/www.cidademarketing.com.br\/marketing\/wp-content\/uploads\/2021\/10\/creta_04-640x265.jpg 640w, https:\/\/www.cidademarketing.com.br\/marketing\/wp-content\/uploads\/2021\/10\/creta_04-681x282.jpg 681w\" sizes=\"(max-width: 1024px) 100vw, 1024px\" \/><\/figure><\/li><li class=\"blocks-gallery-item\"><figure><img loading=\"lazy\" decoding=\"async\" width=\"1024\" height=\"424\" src=\"https:\/\/www.cidademarketing.com.br\/marketing\/wp-content\/uploads\/2021\/10\/creta_05-1024x424.jpg\" alt=\"\" data-id=\"30397\" data-full-url=\"https:\/\/www.cidademarketing.com.br\/marketing\/wp-content\/uploads\/2021\/10\/creta_05.jpg\" data-link=\"https:\/\/www.cidademarketing.com.br\/marketing\/?attachment_id=30397\" class=\"wp-image-30397\" srcset=\"https:\/\/www.cidademarketing.com.br\/marketing\/wp-content\/uploads\/2021\/10\/creta_05-1024x424.jpg 1024w, https:\/\/www.cidademarketing.com.br\/marketing\/wp-content\/uploads\/2021\/10\/creta_05-300x124.jpg 300w, https:\/\/www.cidademarketing.com.br\/marketing\/wp-content\/uploads\/2021\/10\/creta_05-768x318.jpg 768w, https:\/\/www.cidademarketing.com.br\/marketing\/wp-content\/uploads\/2021\/10\/creta_05-1536x636.jpg 1536w, https:\/\/www.cidademarketing.com.br\/marketing\/wp-content\/uploads\/2021\/10\/creta_05-2048x848.jpg 2048w, https:\/\/www.cidademarketing.com.br\/marketing\/wp-content\/uploads\/2021\/10\/creta_05-1015x420.jpg 1015w, https:\/\/www.cidademarketing.com.br\/marketing\/wp-content\/uploads\/2021\/10\/creta_05-640x265.jpg 640w, https:\/\/www.cidademarketing.com.br\/marketing\/wp-content\/uploads\/2021\/10\/creta_05-681x282.jpg 681w\" sizes=\"(max-width: 1024px) 100vw, 1024px\" \/><\/figure><\/li><li class=\"blocks-gallery-item\"><figure><img loading=\"lazy\" decoding=\"async\" width=\"1024\" height=\"424\" src=\"https:\/\/www.cidademarketing.com.br\/marketing\/wp-content\/uploads\/2021\/10\/creta_07-1024x424.jpg\" alt=\"\" data-id=\"30399\" data-full-url=\"https:\/\/www.cidademarketing.com.br\/marketing\/wp-content\/uploads\/2021\/10\/creta_07.jpg\" data-link=\"https:\/\/www.cidademarketing.com.br\/marketing\/?attachment_id=30399\" class=\"wp-image-30399\" srcset=\"https:\/\/www.cidademarketing.com.br\/marketing\/wp-content\/uploads\/2021\/10\/creta_07-1024x424.jpg 1024w, https:\/\/www.cidademarketing.com.br\/marketing\/wp-content\/uploads\/2021\/10\/creta_07-300x124.jpg 300w, https:\/\/www.cidademarketing.com.br\/marketing\/wp-content\/uploads\/2021\/10\/creta_07-768x318.jpg 768w, https:\/\/www.cidademarketing.com.br\/marketing\/wp-content\/uploads\/2021\/10\/creta_07-1536x636.jpg 1536w, https:\/\/www.cidademarketing.com.br\/marketing\/wp-content\/uploads\/2021\/10\/creta_07-2048x848.jpg 2048w, https:\/\/www.cidademarketing.com.br\/marketing\/wp-content\/uploads\/2021\/10\/creta_07-1015x420.jpg 1015w, https:\/\/www.cidademarketing.com.br\/marketing\/wp-content\/uploads\/2021\/10\/creta_07-640x265.jpg 640w, https:\/\/www.cidademarketing.com.br\/marketing\/wp-content\/uploads\/2021\/10\/creta_07-681x282.jpg 681w\" sizes=\"(max-width: 1024px) 100vw, 1024px\" \/><\/figure><\/li><li class=\"blocks-gallery-item\"><figure><img loading=\"lazy\" decoding=\"async\" width=\"1024\" height=\"424\" src=\"https:\/\/www.cidademarketing.com.br\/marketing\/wp-content\/uploads\/2021\/10\/creta_08-1024x424.jpg\" alt=\"\" data-id=\"30400\" data-full-url=\"https:\/\/www.cidademarketing.com.br\/marketing\/wp-content\/uploads\/2021\/10\/creta_08.jpg\" data-link=\"https:\/\/www.cidademarketing.com.br\/marketing\/?attachment_id=30400\" class=\"wp-image-30400\" srcset=\"https:\/\/www.cidademarketing.com.br\/marketing\/wp-content\/uploads\/2021\/10\/creta_08-1024x424.jpg 1024w, https:\/\/www.cidademarketing.com.br\/marketing\/wp-content\/uploads\/2021\/10\/creta_08-300x124.jpg 300w, https:\/\/www.cidademarketing.com.br\/marketing\/wp-content\/uploads\/2021\/10\/creta_08-768x318.jpg 768w, https:\/\/www.cidademarketing.com.br\/marketing\/wp-content\/uploads\/2021\/10\/creta_08-1536x636.jpg 1536w, https:\/\/www.cidademarketing.com.br\/marketing\/wp-content\/uploads\/2021\/10\/creta_08-2048x848.jpg 2048w, https:\/\/www.cidademarketing.com.br\/marketing\/wp-content\/uploads\/2021\/10\/creta_08-1015x420.jpg 1015w, https:\/\/www.cidademarketing.com.br\/marketing\/wp-content\/uploads\/2021\/10\/creta_08-640x265.jpg 640w, https:\/\/www.cidademarketing.com.br\/marketing\/wp-content\/uploads\/2021\/10\/creta_08-681x282.jpg 681w\" sizes=\"(max-width: 1024px) 100vw, 1024px\" \/><\/figure><\/li><li class=\"blocks-gallery-item\"><figure><img loading=\"lazy\" decoding=\"async\" width=\"1024\" height=\"424\" src=\"https:\/\/www.cidademarketing.com.br\/marketing\/wp-content\/uploads\/2021\/10\/creta_09-1024x424.jpg\" alt=\"\" data-id=\"30401\" data-full-url=\"https:\/\/www.cidademarketing.com.br\/marketing\/wp-content\/uploads\/2021\/10\/creta_09.jpg\" data-link=\"https:\/\/www.cidademarketing.com.br\/marketing\/?attachment_id=30401\" class=\"wp-image-30401\" srcset=\"https:\/\/www.cidademarketing.com.br\/marketing\/wp-content\/uploads\/2021\/10\/creta_09-1024x424.jpg 1024w, https:\/\/www.cidademarketing.com.br\/marketing\/wp-content\/uploads\/2021\/10\/creta_09-300x124.jpg 300w, https:\/\/www.cidademarketing.com.br\/marketing\/wp-content\/uploads\/2021\/10\/creta_09-768x318.jpg 768w, https:\/\/www.cidademarketing.com.br\/marketing\/wp-content\/uploads\/2021\/10\/creta_09-1536x636.jpg 1536w, https:\/\/www.cidademarketing.com.br\/marketing\/wp-content\/uploads\/2021\/10\/creta_09-2048x848.jpg 2048w, https:\/\/www.cidademarketing.com.br\/marketing\/wp-content\/uploads\/2021\/10\/creta_09-1015x420.jpg 1015w, https:\/\/www.cidademarketing.com.br\/marketing\/wp-content\/uploads\/2021\/10\/creta_09-640x265.jpg 640w, https:\/\/www.cidademarketing.com.br\/marketing\/wp-content\/uploads\/2021\/10\/creta_09-681x282.jpg 681w\" sizes=\"(max-width: 1024px) 100vw, 1024px\" \/><\/figure><\/li><li class=\"blocks-gallery-item\"><figure><img loading=\"lazy\" decoding=\"async\" width=\"1024\" height=\"424\" src=\"https:\/\/www.cidademarketing.com.br\/marketing\/wp-content\/uploads\/2021\/10\/creta_10-1024x424.jpg\" alt=\"\" data-id=\"30402\" data-full-url=\"https:\/\/www.cidademarketing.com.br\/marketing\/wp-content\/uploads\/2021\/10\/creta_10.jpg\" data-link=\"https:\/\/www.cidademarketing.com.br\/marketing\/?attachment_id=30402\" class=\"wp-image-30402\" srcset=\"https:\/\/www.cidademarketing.com.br\/marketing\/wp-content\/uploads\/2021\/10\/creta_10-1024x424.jpg 1024w, https:\/\/www.cidademarketing.com.br\/marketing\/wp-content\/uploads\/2021\/10\/creta_10-300x124.jpg 300w, https:\/\/www.cidademarketing.com.br\/marketing\/wp-content\/uploads\/2021\/10\/creta_10-768x318.jpg 768w, https:\/\/www.cidademarketing.com.br\/marketing\/wp-content\/uploads\/2021\/10\/creta_10-1536x636.jpg 1536w, https:\/\/www.cidademarketing.com.br\/marketing\/wp-content\/uploads\/2021\/10\/creta_10-2048x848.jpg 2048w, https:\/\/www.cidademarketing.com.br\/marketing\/wp-content\/uploads\/2021\/10\/creta_10-1015x420.jpg 1015w, https:\/\/www.cidademarketing.com.br\/marketing\/wp-content\/uploads\/2021\/10\/creta_10-640x265.jpg 640w, https:\/\/www.cidademarketing.com.br\/marketing\/wp-content\/uploads\/2021\/10\/creta_10-681x282.jpg 681w\" sizes=\"(max-width: 1024px) 100vw, 1024px\" \/><\/figure><\/li><li class=\"blocks-gallery-item\"><figure><img loading=\"lazy\" decoding=\"async\" width=\"1024\" height=\"424\" src=\"https:\/\/www.cidademarketing.com.br\/marketing\/wp-content\/uploads\/2021\/10\/creta_11-1024x424.jpg\" alt=\"\" data-id=\"30403\" data-full-url=\"https:\/\/www.cidademarketing.com.br\/marketing\/wp-content\/uploads\/2021\/10\/creta_11.jpg\" data-link=\"https:\/\/www.cidademarketing.com.br\/marketing\/?attachment_id=30403\" class=\"wp-image-30403\" srcset=\"https:\/\/www.cidademarketing.com.br\/marketing\/wp-content\/uploads\/2021\/10\/creta_11-1024x424.jpg 1024w, https:\/\/www.cidademarketing.com.br\/marketing\/wp-content\/uploads\/2021\/10\/creta_11-300x124.jpg 300w, https:\/\/www.cidademarketing.com.br\/marketing\/wp-content\/uploads\/2021\/10\/creta_11-768x318.jpg 768w, https:\/\/www.cidademarketing.com.br\/marketing\/wp-content\/uploads\/2021\/10\/creta_11-1536x636.jpg 1536w, https:\/\/www.cidademarketing.com.br\/marketing\/wp-content\/uploads\/2021\/10\/creta_11-2048x848.jpg 2048w, https:\/\/www.cidademarketing.com.br\/marketing\/wp-content\/uploads\/2021\/10\/creta_11-1015x420.jpg 1015w, https:\/\/www.cidademarketing.com.br\/marketing\/wp-content\/uploads\/2021\/10\/creta_11-640x265.jpg 640w, https:\/\/www.cidademarketing.com.br\/marketing\/wp-content\/uploads\/2021\/10\/creta_11-681x282.jpg 681w\" sizes=\"(max-width: 1024px) 100vw, 1024px\" \/><\/figure><\/li><li class=\"blocks-gallery-item\"><figure><img loading=\"lazy\" decoding=\"async\" width=\"1024\" height=\"424\" src=\"https:\/\/www.cidademarketing.com.br\/marketing\/wp-content\/uploads\/2021\/10\/creta_12-1024x424.jpg\" alt=\"\" data-id=\"30404\" data-full-url=\"https:\/\/www.cidademarketing.com.br\/marketing\/wp-content\/uploads\/2021\/10\/creta_12.jpg\" data-link=\"https:\/\/www.cidademarketing.com.br\/marketing\/?attachment_id=30404\" class=\"wp-image-30404\" srcset=\"https:\/\/www.cidademarketing.com.br\/marketing\/wp-content\/uploads\/2021\/10\/creta_12-1024x424.jpg 1024w, https:\/\/www.cidademarketing.com.br\/marketing\/wp-content\/uploads\/2021\/10\/creta_12-300x124.jpg 300w, https:\/\/www.cidademarketing.com.br\/marketing\/wp-content\/uploads\/2021\/10\/creta_12-768x318.jpg 768w, https:\/\/www.cidademarketing.com.br\/marketing\/wp-content\/uploads\/2021\/10\/creta_12-1536x636.jpg 1536w, https:\/\/www.cidademarketing.com.br\/marketing\/wp-content\/uploads\/2021\/10\/creta_12-2048x848.jpg 2048w, https:\/\/www.cidademarketing.com.br\/marketing\/wp-content\/uploads\/2021\/10\/creta_12-1015x420.jpg 1015w, https:\/\/www.cidademarketing.com.br\/marketing\/wp-content\/uploads\/2021\/10\/creta_12-640x265.jpg 640w, https:\/\/www.cidademarketing.com.br\/marketing\/wp-content\/uploads\/2021\/10\/creta_12-681x282.jpg 681w\" sizes=\"(max-width: 1024px) 100vw, 1024px\" \/><\/figure><\/li><li class=\"blocks-gallery-item\"><figure><img loading=\"lazy\" decoding=\"async\" width=\"1024\" height=\"424\" src=\"https:\/\/www.cidademarketing.com.br\/marketing\/wp-content\/uploads\/2021\/10\/creta_13-1024x424.jpg\" alt=\"\" data-id=\"30405\" data-full-url=\"https:\/\/www.cidademarketing.com.br\/marketing\/wp-content\/uploads\/2021\/10\/creta_13.jpg\" data-link=\"https:\/\/www.cidademarketing.com.br\/marketing\/?attachment_id=30405\" class=\"wp-image-30405\" srcset=\"https:\/\/www.cidademarketing.com.br\/marketing\/wp-content\/uploads\/2021\/10\/creta_13-1024x424.jpg 1024w, https:\/\/www.cidademarketing.com.br\/marketing\/wp-content\/uploads\/2021\/10\/creta_13-300x124.jpg 300w, https:\/\/www.cidademarketing.com.br\/marketing\/wp-content\/uploads\/2021\/10\/creta_13-768x318.jpg 768w, https:\/\/www.cidademarketing.com.br\/marketing\/wp-content\/uploads\/2021\/10\/creta_13-1536x636.jpg 1536w, https:\/\/www.cidademarketing.com.br\/marketing\/wp-content\/uploads\/2021\/10\/creta_13-2048x848.jpg 2048w, https:\/\/www.cidademarketing.com.br\/marketing\/wp-content\/uploads\/2021\/10\/creta_13-1015x420.jpg 1015w, https:\/\/www.cidademarketing.com.br\/marketing\/wp-content\/uploads\/2021\/10\/creta_13-640x265.jpg 640w, https:\/\/www.cidademarketing.com.br\/marketing\/wp-content\/uploads\/2021\/10\/creta_13-681x282.jpg 681w\" sizes=\"(max-width: 1024px) 100vw, 1024px\" \/><\/figure><\/li><\/ul><\/figure>\n\n\n\n<p><\/p>\n\n\n\n<p>A hist\u00f3ria retrata um momento muito importante na rela\u00e7\u00e3o entre m\u00e3e e filha: o dia em que a crian\u00e7a aprende a andar de bicicleta sem rodinhas de apoio. Assim como a&nbsp;m\u00e3e cuida e ajuda a filha a andar de bicicleta, a Hyundai&nbsp;coloca todo o carinho e cuidado para que condutores e passageiros tenham sempre a melhor&nbsp;experi\u00eancia a bordo do Creta Nova Gera\u00e7\u00e3o. Ao mesmo tempo, \u00e9 valorizado o&nbsp;papel da&nbsp;m\u00e3e na condu\u00e7\u00e3o, transmitindo a imagem de sucesso e inspirando a filha a trilhar o&nbsp;mesmo caminho.<\/p>\n\n\n\n<p>\u201cA Hyundai sempre se diferenciou por elevar os padr\u00f5es do mercado e valorizar a experi\u00eancia dos clientes, com tecnologia e recursos \u00fanicos disponibilizados em nossos ve\u00edculos, servi\u00e7os de qualidade e uma comunica\u00e7\u00e3o pr\u00f3xima e humanizada. Para o Creta Nova Gera\u00e7\u00e3o, seguimos refor\u00e7ando este caminho. A campanha mostra como o nosso SUV deu um verdadeiro upgrade no segmento que mais cresce hoje no mercado ao trazer atributos in\u00e9ditos de conectividade, seguran\u00e7a e tecnologia, associados a uma abordagem muito carinhosa da rela\u00e7\u00e3o entre m\u00e3e e filha, e que ao mesmo tempo valoriza a diversidade\u201d, explica Jan Telecki, diretor adjunto de Marketing da Hyundai Motor Brasil.<\/p>\n\n\n\n<p>Para a campanha, foi desenvolvida uma trilha sonora exclusiva, que est\u00e1 dispon\u00edvel nas principais plataformas de \u00e1udio \u2013 Spotify, Shazam, Deezer, Google Play, iTunes e YouTube Music.&nbsp;O objetivo foi traduzir a emo\u00e7\u00e3o do filme e gerar mais um ponto de conex\u00e3o com os consumidores.<\/p>\n\n\n\n<p><\/p>\n\n\n\n<figure class=\"wp-block-embed is-type-video is-provider-youtube wp-block-embed-youtube wp-embed-aspect-16-9 wp-has-aspect-ratio\"><div class=\"wp-block-embed__wrapper\">\n<div class=\"youtube-embed\" data-video_id=\"P0r1eG7i_Yk\"><iframe title=\"Hyundai CRETA Nova Gera\u00e7\u00e3o 2022 \u2013 A vida tem espa\u00e7o pra mais.\" width=\"640\" height=\"360\" src=\"https:\/\/www.youtube.com\/embed\/P0r1eG7i_Yk?feature=oembed&#038;enablejsapi=1\" frameborder=\"0\" allow=\"accelerometer; autoplay; clipboard-write; encrypted-media; gyroscope; picture-in-picture; web-share\" referrerpolicy=\"strict-origin-when-cross-origin\" allowfullscreen><\/iframe><\/div>\n<\/div><\/figure>\n\n\n\n<p><\/p>\n\n\n\n<p><strong>Sobre o Creta Nova Gera\u00e7\u00e3o<\/strong><\/p>\n\n\n\n<p>Lan\u00e7ado em agosto, o Creta Nova&nbsp;Gera\u00e7\u00e3o chega ao mercado para elevar a&nbsp;experi\u00eancia&nbsp;do consumidor de SUVs. O novo ve\u00edculo produzido pela marca sul-coreana em sua f\u00e1brica, situada em Piracicaba (SP), est\u00e1 dispon\u00edvel nas&nbsp;vers\u00f5es Comfort, Limited e Platinum, com motor 1.0l Turbo GDI de 120 cv, e Ultimate, com motor Smartstream 2.0l de 167 cv.<\/p>\n\n\n\n<p><strong><u>Ficha T\u00e9cnica&nbsp;<\/u><\/strong><\/p>\n\n\n\n<p>Ag\u00eancia: Innocean Worldwide Brazil&nbsp;<\/p>\n\n\n\n<p>CEO: Se Young Oh&nbsp;<\/p>\n\n\n\n<p>Diretor Geral: Ricardo Cirillo&nbsp;<\/p>\n\n\n\n<p>Diretor de Cria\u00e7\u00e3o: Henrique Mattos&nbsp;<\/p>\n\n\n\n<p>Cria\u00e7\u00e3o: Tales Lima e Leandro Louren\u00e7\u00e3o&nbsp;<\/p>\n\n\n\n<p>Atendimento: Sandra Sales, Bruno Gisondi, Caroline Lacerda, Mariane Ribeiro e Bruna Brasetti&nbsp;<\/p>\n\n\n\n<p>M\u00eddia: George Mofarej, Aline Lima, Loide Bortolato, Thuane Carvalho, Eduardo Groli, Andre Bezerra&nbsp;<\/p>\n\n\n\n<p>Planejamento: Jad Fayad, Alexandre Akihissa e Alice Molina&nbsp;<\/p>\n\n\n\n<p>RTV\/ Art Buyer: Beatriz Rossi e Isabela Ximenes&nbsp;<\/p>\n\n\n\n<p>Produtor Gr\u00e1fico: Junior Sacco&nbsp;<\/p>\n\n\n\n<p>Aprova\u00e7\u00e3o Cliente: Jan Telecki, Nell Kang, Patricia Morales, Robson Souza, Claudio Diniz&nbsp;<\/p>\n\n\n\n<p>Produtora de Imagem: Killers&nbsp;<\/p>\n\n\n\n<p>Diretor: Claudio Borrelli&nbsp;<\/p>\n\n\n\n<p>Assistentes de Dire\u00e7\u00e3o: Tina Ponte e Romero Benitez&nbsp;<\/p>\n\n\n\n<p>Diretor de Fotografia: Ted Abel Pedro&nbsp;<\/p>\n\n\n\n<p>Diretor de Arte: Paulo Ribeiro&nbsp;<\/p>\n\n\n\n<p>Produtora Executiva: Julia Tavares&nbsp;<\/p>\n\n\n\n<p>Atendimento Produtora: Julia Tavares&nbsp;<\/p>\n\n\n\n<p>Coordena\u00e7\u00e3o de Produ\u00e7\u00e3o: Flavia Sereno Mancen, Juliana Scodeler, Nat\u00e1lia Meira&nbsp;<\/p>\n\n\n\n<p>Diretores de Produ\u00e7\u00e3o: Nani Matias e Renato Salmaso&nbsp;<\/p>\n\n\n\n<p>Produtores de elenco: Edu e Carminha&nbsp;<\/p>\n\n\n\n<p>Montagem: Claudio Borrelli, Marcelo Cavalieri AMC e Luciana Lima&nbsp;<\/p>\n\n\n\n<p>Finalizador: Andreia Figueiredo&nbsp;<\/p>\n\n\n\n<p>Colorista: Est\u00fadio Ely&nbsp;<\/p>\n\n\n\n<p>P\u00f3s-produ\u00e7\u00e3o\/Finaliza\u00e7\u00e3o: Voodoo Post&nbsp;<\/p>\n\n\n\n<p>Produtora de Som: Hefty&nbsp;<\/p>\n\n\n\n<p>Produtores: Edu Luke, Ot\u00e1vio Cavalheiro, Celso Moretti, Tuco Barini, RudLisboa e Cris Botarelli&nbsp;<\/p>\n\n\n\n<p>Atendimentos: Debora Carvalho e Daniella Cabaritti&nbsp;<\/p>\n\n\n\n<p>Coordena\u00e7\u00e3o: Cristiane Oliveira, Ana Cordeiro e Susi Rodrigues&nbsp;<\/p>\n\n\n\n<p>Fotos: Gustavo Zylbersztajn \/ OODY\u00a0<\/p>\n\n\n\n<p><\/p><iframe allow=\"autoplay *; encrypted-media *; fullscreen *\" frameborder=\"0\" height=\"450\" style=\"width:100%;max-width:660px;overflow:hidden;background:transparent;\" sandbox=\"allow-forms allow-popups allow-same-origin allow-scripts allow-storage-access-by-user-activation allow-top-navigation-by-user-activation\" src=\"https:\/\/embed.podcasts.apple.com\/br\/podcast\/podcast-cidademarketing\/id1371923283\"><\/iframe>\n\n","protected":false},"excerpt":{"rendered":"<p>A Hyundai Motor Brasil acaba de estrear a nova campanha publicit\u00e1ria do rec\u00e9m-lan\u00e7ado Creta Nova Gera\u00e7\u00e3o. O primeiro comercial foi veiculado ontem, 13 de outubro, em um intervalo exclusivo do Jornal Nacional, da Rede Globo. A partir de hoje, novas pe\u00e7as ser\u00e3o transmitidas em TV aberta e TV por assinatura, e se estender\u00e3o para publica\u00e7\u00f5es [&hellip;]<\/p>\n","protected":false},"author":1,"featured_media":30398,"comment_status":"open","ping_status":"open","sticky":false,"template":"","format":"standard","meta":{"tdm_status":"","tdm_grid_status":"","footnotes":""},"categories":[14],"tags":[65,4366,33,28],"class_list":["post-30392","post","type-post","status-publish","format-standard","has-post-thumbnail","hentry","category-videos","tag-campanha","tag-creta","tag-estrategia","tag-marketing"],"yoast_head":"<!-- This site is optimized with the Yoast SEO plugin v27.5 - https:\/\/yoast.com\/product\/yoast-seo-wordpress\/ -->\n<title>Hyundai apresenta campanha do Creta Nova Gera\u00e7\u00e3o com o mote \u201cA vida tem espa\u00e7o pra mais\u201d - CidadeMarketing<\/title>\n<meta name=\"robots\" content=\"index, follow, max-snippet:-1, max-image-preview:large, max-video-preview:-1\" \/>\n<link rel=\"canonical\" href=\"https:\/\/www.cidademarketing.com.br\/marketing\/2021\/10\/14\/hyundai-apresenta-campanha-do-creta-nova-geracao-com-o-mote-a-vida-tem-espaco-pra-mais\/\" \/>\n<meta property=\"og:locale\" content=\"pt_BR\" \/>\n<meta property=\"og:type\" content=\"article\" \/>\n<meta property=\"og:title\" content=\"Hyundai apresenta campanha do Creta Nova Gera\u00e7\u00e3o com o mote \u201cA vida tem espa\u00e7o pra mais\u201d - CidadeMarketing\" \/>\n<meta property=\"og:description\" content=\"A Hyundai Motor Brasil acaba de estrear a nova campanha publicit\u00e1ria do rec\u00e9m-lan\u00e7ado Creta Nova Gera\u00e7\u00e3o. O primeiro comercial foi veiculado ontem, 13 de outubro, em um intervalo exclusivo do Jornal Nacional, da Rede Globo. A partir de hoje, novas pe\u00e7as ser\u00e3o transmitidas em TV aberta e TV por assinatura, e se estender\u00e3o para publica\u00e7\u00f5es [&hellip;]\" \/>\n<meta property=\"og:url\" content=\"https:\/\/www.cidademarketing.com.br\/marketing\/2021\/10\/14\/hyundai-apresenta-campanha-do-creta-nova-geracao-com-o-mote-a-vida-tem-espaco-pra-mais\/\" \/>\n<meta property=\"og:site_name\" content=\"CidadeMarketing\" \/>\n<meta property=\"article:publisher\" content=\"https:\/\/www.facebook.com\/portalcidademarketing\" \/>\n<meta property=\"article:author\" content=\"https:\/\/www.facebook.com\/thalesbrandao\" \/>\n<meta property=\"article:published_time\" content=\"2021-10-15T01:05:28+00:00\" \/>\n<meta property=\"article:modified_time\" content=\"2021-10-15T01:05:31+00:00\" \/>\n<meta property=\"og:image\" content=\"https:\/\/www.cidademarketing.com.br\/marketing\/wp-content\/uploads\/2021\/10\/creta_06.jpg\" \/>\n\t<meta property=\"og:image:width\" content=\"2520\" \/>\n\t<meta property=\"og:image:height\" content=\"1043\" \/>\n\t<meta property=\"og:image:type\" content=\"image\/jpeg\" \/>\n<meta name=\"author\" content=\"Thales Brand\u00e3o\" \/>\n<meta name=\"twitter:card\" content=\"summary_large_image\" \/>\n<meta name=\"twitter:creator\" content=\"@http:\/\/www.twitter.com\/thalesbrandao\" \/>\n<meta name=\"twitter:site\" content=\"@CidadeMarketing\" \/>\n<meta name=\"twitter:label1\" content=\"Escrito por\" \/>\n\t<meta name=\"twitter:data1\" content=\"Thales Brand\u00e3o\" \/>\n\t<meta name=\"twitter:label2\" content=\"Est. tempo de leitura\" \/>\n\t<meta name=\"twitter:data2\" content=\"4 minutos\" \/>\n<script type=\"application\/ld+json\" class=\"yoast-schema-graph\">{\"@context\":\"https:\\\/\\\/schema.org\",\"@graph\":[{\"@type\":\"Article\",\"@id\":\"https:\\\/\\\/www.cidademarketing.com.br\\\/marketing\\\/2021\\\/10\\\/14\\\/hyundai-apresenta-campanha-do-creta-nova-geracao-com-o-mote-a-vida-tem-espaco-pra-mais\\\/#article\",\"isPartOf\":{\"@id\":\"https:\\\/\\\/www.cidademarketing.com.br\\\/marketing\\\/2021\\\/10\\\/14\\\/hyundai-apresenta-campanha-do-creta-nova-geracao-com-o-mote-a-vida-tem-espaco-pra-mais\\\/\"},\"author\":{\"name\":\"Thales Brand\u00e3o\",\"@id\":\"https:\\\/\\\/www.cidademarketing.com.br\\\/marketing\\\/#\\\/schema\\\/person\\\/02daff9f18bd9378c9e01eb6b2db155f\"},\"headline\":\"Hyundai apresenta campanha do Creta Nova Gera\u00e7\u00e3o com o mote \u201cA vida tem espa\u00e7o pra mais\u201d\",\"datePublished\":\"2021-10-15T01:05:28+00:00\",\"dateModified\":\"2021-10-15T01:05:31+00:00\",\"mainEntityOfPage\":{\"@id\":\"https:\\\/\\\/www.cidademarketing.com.br\\\/marketing\\\/2021\\\/10\\\/14\\\/hyundai-apresenta-campanha-do-creta-nova-geracao-com-o-mote-a-vida-tem-espaco-pra-mais\\\/\"},\"wordCount\":879,\"commentCount\":0,\"publisher\":{\"@id\":\"https:\\\/\\\/www.cidademarketing.com.br\\\/marketing\\\/#organization\"},\"image\":{\"@id\":\"https:\\\/\\\/www.cidademarketing.com.br\\\/marketing\\\/2021\\\/10\\\/14\\\/hyundai-apresenta-campanha-do-creta-nova-geracao-com-o-mote-a-vida-tem-espaco-pra-mais\\\/#primaryimage\"},\"thumbnailUrl\":\"https:\\\/\\\/www.cidademarketing.com.br\\\/marketing\\\/wp-content\\\/uploads\\\/2021\\\/10\\\/creta_06.jpg\",\"keywords\":[\"campanha\",\"Creta\",\"estrat\u00e9gia\",\"marketing\"],\"articleSection\":[\"Videos\"],\"inLanguage\":\"pt-BR\",\"potentialAction\":[{\"@type\":\"CommentAction\",\"name\":\"Comment\",\"target\":[\"https:\\\/\\\/www.cidademarketing.com.br\\\/marketing\\\/2021\\\/10\\\/14\\\/hyundai-apresenta-campanha-do-creta-nova-geracao-com-o-mote-a-vida-tem-espaco-pra-mais\\\/#respond\"]}]},{\"@type\":\"WebPage\",\"@id\":\"https:\\\/\\\/www.cidademarketing.com.br\\\/marketing\\\/2021\\\/10\\\/14\\\/hyundai-apresenta-campanha-do-creta-nova-geracao-com-o-mote-a-vida-tem-espaco-pra-mais\\\/\",\"url\":\"https:\\\/\\\/www.cidademarketing.com.br\\\/marketing\\\/2021\\\/10\\\/14\\\/hyundai-apresenta-campanha-do-creta-nova-geracao-com-o-mote-a-vida-tem-espaco-pra-mais\\\/\",\"name\":\"Hyundai apresenta campanha do Creta Nova Gera\u00e7\u00e3o com o mote \u201cA vida tem espa\u00e7o pra mais\u201d - CidadeMarketing\",\"isPartOf\":{\"@id\":\"https:\\\/\\\/www.cidademarketing.com.br\\\/marketing\\\/#website\"},\"primaryImageOfPage\":{\"@id\":\"https:\\\/\\\/www.cidademarketing.com.br\\\/marketing\\\/2021\\\/10\\\/14\\\/hyundai-apresenta-campanha-do-creta-nova-geracao-com-o-mote-a-vida-tem-espaco-pra-mais\\\/#primaryimage\"},\"image\":{\"@id\":\"https:\\\/\\\/www.cidademarketing.com.br\\\/marketing\\\/2021\\\/10\\\/14\\\/hyundai-apresenta-campanha-do-creta-nova-geracao-com-o-mote-a-vida-tem-espaco-pra-mais\\\/#primaryimage\"},\"thumbnailUrl\":\"https:\\\/\\\/www.cidademarketing.com.br\\\/marketing\\\/wp-content\\\/uploads\\\/2021\\\/10\\\/creta_06.jpg\",\"datePublished\":\"2021-10-15T01:05:28+00:00\",\"dateModified\":\"2021-10-15T01:05:31+00:00\",\"breadcrumb\":{\"@id\":\"https:\\\/\\\/www.cidademarketing.com.br\\\/marketing\\\/2021\\\/10\\\/14\\\/hyundai-apresenta-campanha-do-creta-nova-geracao-com-o-mote-a-vida-tem-espaco-pra-mais\\\/#breadcrumb\"},\"inLanguage\":\"pt-BR\",\"potentialAction\":[{\"@type\":\"ReadAction\",\"target\":[\"https:\\\/\\\/www.cidademarketing.com.br\\\/marketing\\\/2021\\\/10\\\/14\\\/hyundai-apresenta-campanha-do-creta-nova-geracao-com-o-mote-a-vida-tem-espaco-pra-mais\\\/\"]}]},{\"@type\":\"ImageObject\",\"inLanguage\":\"pt-BR\",\"@id\":\"https:\\\/\\\/www.cidademarketing.com.br\\\/marketing\\\/2021\\\/10\\\/14\\\/hyundai-apresenta-campanha-do-creta-nova-geracao-com-o-mote-a-vida-tem-espaco-pra-mais\\\/#primaryimage\",\"url\":\"https:\\\/\\\/www.cidademarketing.com.br\\\/marketing\\\/wp-content\\\/uploads\\\/2021\\\/10\\\/creta_06.jpg\",\"contentUrl\":\"https:\\\/\\\/www.cidademarketing.com.br\\\/marketing\\\/wp-content\\\/uploads\\\/2021\\\/10\\\/creta_06.jpg\",\"width\":2520,\"height\":1043},{\"@type\":\"BreadcrumbList\",\"@id\":\"https:\\\/\\\/www.cidademarketing.com.br\\\/marketing\\\/2021\\\/10\\\/14\\\/hyundai-apresenta-campanha-do-creta-nova-geracao-com-o-mote-a-vida-tem-espaco-pra-mais\\\/#breadcrumb\",\"itemListElement\":[{\"@type\":\"ListItem\",\"position\":1,\"name\":\"In\u00edcio\",\"item\":\"https:\\\/\\\/www.cidademarketing.com.br\\\/marketing\\\/\"},{\"@type\":\"ListItem\",\"position\":2,\"name\":\"Hyundai apresenta campanha do Creta Nova Gera\u00e7\u00e3o com o mote \u201cA vida tem espa\u00e7o pra mais\u201d\"}]},{\"@type\":\"WebSite\",\"@id\":\"https:\\\/\\\/www.cidademarketing.com.br\\\/marketing\\\/#website\",\"url\":\"https:\\\/\\\/www.cidademarketing.com.br\\\/marketing\\\/\",\"name\":\"CidadeMarketing\",\"description\":\"Somos um ve\u00edculo de comunica\u00e7\u00e3o de destaque no Brasil, reconhecido por conte\u00fados nos segmentos de marketing, empreendedorismo e inova\u00e7\u00e3o.\",\"publisher\":{\"@id\":\"https:\\\/\\\/www.cidademarketing.com.br\\\/marketing\\\/#organization\"},\"alternateName\":\"CidadeMarketing\",\"potentialAction\":[{\"@type\":\"SearchAction\",\"target\":{\"@type\":\"EntryPoint\",\"urlTemplate\":\"https:\\\/\\\/www.cidademarketing.com.br\\\/marketing\\\/?s={search_term_string}\"},\"query-input\":{\"@type\":\"PropertyValueSpecification\",\"valueRequired\":true,\"valueName\":\"search_term_string\"}}],\"inLanguage\":\"pt-BR\"},{\"@type\":\"Organization\",\"@id\":\"https:\\\/\\\/www.cidademarketing.com.br\\\/marketing\\\/#organization\",\"name\":\"CidadeMarketing\",\"alternateName\":\"CidadeMarketing\",\"url\":\"https:\\\/\\\/www.cidademarketing.com.br\\\/marketing\\\/\",\"logo\":{\"@type\":\"ImageObject\",\"inLanguage\":\"pt-BR\",\"@id\":\"https:\\\/\\\/www.cidademarketing.com.br\\\/marketing\\\/#\\\/schema\\\/logo\\\/image\\\/\",\"url\":\"https:\\\/\\\/www.cidademarketing.com.br\\\/marketing\\\/wp-content\\\/uploads\\\/2020\\\/01\\\/cidademarketing_marca_mobile.png\",\"contentUrl\":\"https:\\\/\\\/www.cidademarketing.com.br\\\/marketing\\\/wp-content\\\/uploads\\\/2020\\\/01\\\/cidademarketing_marca_mobile.png\",\"width\":230,\"height\":92,\"caption\":\"CidadeMarketing\"},\"image\":{\"@id\":\"https:\\\/\\\/www.cidademarketing.com.br\\\/marketing\\\/#\\\/schema\\\/logo\\\/image\\\/\"},\"sameAs\":[\"https:\\\/\\\/www.facebook.com\\\/portalcidademarketing\",\"https:\\\/\\\/x.com\\\/CidadeMarketing\",\"https:\\\/\\\/www.instagram.com\\\/cidademarketing\\\/\"]},{\"@type\":\"Person\",\"@id\":\"https:\\\/\\\/www.cidademarketing.com.br\\\/marketing\\\/#\\\/schema\\\/person\\\/02daff9f18bd9378c9e01eb6b2db155f\",\"name\":\"Thales Brand\u00e3o\",\"image\":{\"@type\":\"ImageObject\",\"inLanguage\":\"pt-BR\",\"@id\":\"https:\\\/\\\/secure.gravatar.com\\\/avatar\\\/7ca3206950207cc3cb48feec56a8a7898741ab725c368d99d5d7a5a50aab80c6?s=96&d=mm&r=g\",\"url\":\"https:\\\/\\\/secure.gravatar.com\\\/avatar\\\/7ca3206950207cc3cb48feec56a8a7898741ab725c368d99d5d7a5a50aab80c6?s=96&d=mm&r=g\",\"contentUrl\":\"https:\\\/\\\/secure.gravatar.com\\\/avatar\\\/7ca3206950207cc3cb48feec56a8a7898741ab725c368d99d5d7a5a50aab80c6?s=96&d=mm&r=g\",\"caption\":\"Thales Brand\u00e3o\"},\"description\":\"Editor Executivo do Portal CidadeMarketing.com.br &gt; Mestre em Comunica\u00e7\u00e3o e Sociedade pela Universidade Federal de Sergipe. Possui MBA Executivo em Administra\u00e7\u00e3o com \u00eanfase em Marketing pela Funda\u00e7\u00e3o Get\u00falio Vargas - Rio de Janeiro. Consultor, Palestrante e Pesquisador sobre Empreendedorismo, Marketing, Redes Sociais e Neg\u00f3cios Digitais. Professor, Palestrante TedxTalks e Campus Party. Twitter: @ThalesBrandao\",\"sameAs\":[\"http:\\\/\\\/www.mandacaru.com.br\",\"https:\\\/\\\/www.facebook.com\\\/thalesbrandao\",\"http:\\\/\\\/www.instagram.com.br\\\/thalesbrandaoferreira\",\"https:\\\/\\\/www.linkedin.com\\\/in\\\/thales-brand\u00e3o-3948609\\\/\",\"https:\\\/\\\/x.com\\\/http:\\\/\\\/www.twitter.com\\\/thalesbrandao\"],\"url\":\"https:\\\/\\\/www.cidademarketing.com.br\\\/marketing\\\/author\\\/thalesbrandao\\\/\"}]}<\/script>\n<!-- \/ Yoast SEO plugin. -->","yoast_head_json":{"title":"Hyundai apresenta campanha do Creta Nova Gera\u00e7\u00e3o com o mote \u201cA vida tem espa\u00e7o pra mais\u201d - CidadeMarketing","robots":{"index":"index","follow":"follow","max-snippet":"max-snippet:-1","max-image-preview":"max-image-preview:large","max-video-preview":"max-video-preview:-1"},"canonical":"https:\/\/www.cidademarketing.com.br\/marketing\/2021\/10\/14\/hyundai-apresenta-campanha-do-creta-nova-geracao-com-o-mote-a-vida-tem-espaco-pra-mais\/","og_locale":"pt_BR","og_type":"article","og_title":"Hyundai apresenta campanha do Creta Nova Gera\u00e7\u00e3o com o mote \u201cA vida tem espa\u00e7o pra mais\u201d - CidadeMarketing","og_description":"A Hyundai Motor Brasil acaba de estrear a nova campanha publicit\u00e1ria do rec\u00e9m-lan\u00e7ado Creta Nova Gera\u00e7\u00e3o. O primeiro comercial foi veiculado ontem, 13 de outubro, em um intervalo exclusivo do Jornal Nacional, da Rede Globo. A partir de hoje, novas pe\u00e7as ser\u00e3o transmitidas em TV aberta e TV por assinatura, e se estender\u00e3o para publica\u00e7\u00f5es [&hellip;]","og_url":"https:\/\/www.cidademarketing.com.br\/marketing\/2021\/10\/14\/hyundai-apresenta-campanha-do-creta-nova-geracao-com-o-mote-a-vida-tem-espaco-pra-mais\/","og_site_name":"CidadeMarketing","article_publisher":"https:\/\/www.facebook.com\/portalcidademarketing","article_author":"https:\/\/www.facebook.com\/thalesbrandao","article_published_time":"2021-10-15T01:05:28+00:00","article_modified_time":"2021-10-15T01:05:31+00:00","og_image":[{"width":2520,"height":1043,"url":"https:\/\/www.cidademarketing.com.br\/marketing\/wp-content\/uploads\/2021\/10\/creta_06.jpg","type":"image\/jpeg"}],"author":"Thales Brand\u00e3o","twitter_card":"summary_large_image","twitter_creator":"@http:\/\/www.twitter.com\/thalesbrandao","twitter_site":"@CidadeMarketing","twitter_misc":{"Escrito por":"Thales Brand\u00e3o","Est. tempo de leitura":"4 minutos"},"schema":{"@context":"https:\/\/schema.org","@graph":[{"@type":"Article","@id":"https:\/\/www.cidademarketing.com.br\/marketing\/2021\/10\/14\/hyundai-apresenta-campanha-do-creta-nova-geracao-com-o-mote-a-vida-tem-espaco-pra-mais\/#article","isPartOf":{"@id":"https:\/\/www.cidademarketing.com.br\/marketing\/2021\/10\/14\/hyundai-apresenta-campanha-do-creta-nova-geracao-com-o-mote-a-vida-tem-espaco-pra-mais\/"},"author":{"name":"Thales Brand\u00e3o","@id":"https:\/\/www.cidademarketing.com.br\/marketing\/#\/schema\/person\/02daff9f18bd9378c9e01eb6b2db155f"},"headline":"Hyundai apresenta campanha do Creta Nova Gera\u00e7\u00e3o com o mote \u201cA vida tem espa\u00e7o pra mais\u201d","datePublished":"2021-10-15T01:05:28+00:00","dateModified":"2021-10-15T01:05:31+00:00","mainEntityOfPage":{"@id":"https:\/\/www.cidademarketing.com.br\/marketing\/2021\/10\/14\/hyundai-apresenta-campanha-do-creta-nova-geracao-com-o-mote-a-vida-tem-espaco-pra-mais\/"},"wordCount":879,"commentCount":0,"publisher":{"@id":"https:\/\/www.cidademarketing.com.br\/marketing\/#organization"},"image":{"@id":"https:\/\/www.cidademarketing.com.br\/marketing\/2021\/10\/14\/hyundai-apresenta-campanha-do-creta-nova-geracao-com-o-mote-a-vida-tem-espaco-pra-mais\/#primaryimage"},"thumbnailUrl":"https:\/\/www.cidademarketing.com.br\/marketing\/wp-content\/uploads\/2021\/10\/creta_06.jpg","keywords":["campanha","Creta","estrat\u00e9gia","marketing"],"articleSection":["Videos"],"inLanguage":"pt-BR","potentialAction":[{"@type":"CommentAction","name":"Comment","target":["https:\/\/www.cidademarketing.com.br\/marketing\/2021\/10\/14\/hyundai-apresenta-campanha-do-creta-nova-geracao-com-o-mote-a-vida-tem-espaco-pra-mais\/#respond"]}]},{"@type":"WebPage","@id":"https:\/\/www.cidademarketing.com.br\/marketing\/2021\/10\/14\/hyundai-apresenta-campanha-do-creta-nova-geracao-com-o-mote-a-vida-tem-espaco-pra-mais\/","url":"https:\/\/www.cidademarketing.com.br\/marketing\/2021\/10\/14\/hyundai-apresenta-campanha-do-creta-nova-geracao-com-o-mote-a-vida-tem-espaco-pra-mais\/","name":"Hyundai apresenta campanha do Creta Nova Gera\u00e7\u00e3o com o mote \u201cA vida tem espa\u00e7o pra mais\u201d - CidadeMarketing","isPartOf":{"@id":"https:\/\/www.cidademarketing.com.br\/marketing\/#website"},"primaryImageOfPage":{"@id":"https:\/\/www.cidademarketing.com.br\/marketing\/2021\/10\/14\/hyundai-apresenta-campanha-do-creta-nova-geracao-com-o-mote-a-vida-tem-espaco-pra-mais\/#primaryimage"},"image":{"@id":"https:\/\/www.cidademarketing.com.br\/marketing\/2021\/10\/14\/hyundai-apresenta-campanha-do-creta-nova-geracao-com-o-mote-a-vida-tem-espaco-pra-mais\/#primaryimage"},"thumbnailUrl":"https:\/\/www.cidademarketing.com.br\/marketing\/wp-content\/uploads\/2021\/10\/creta_06.jpg","datePublished":"2021-10-15T01:05:28+00:00","dateModified":"2021-10-15T01:05:31+00:00","breadcrumb":{"@id":"https:\/\/www.cidademarketing.com.br\/marketing\/2021\/10\/14\/hyundai-apresenta-campanha-do-creta-nova-geracao-com-o-mote-a-vida-tem-espaco-pra-mais\/#breadcrumb"},"inLanguage":"pt-BR","potentialAction":[{"@type":"ReadAction","target":["https:\/\/www.cidademarketing.com.br\/marketing\/2021\/10\/14\/hyundai-apresenta-campanha-do-creta-nova-geracao-com-o-mote-a-vida-tem-espaco-pra-mais\/"]}]},{"@type":"ImageObject","inLanguage":"pt-BR","@id":"https:\/\/www.cidademarketing.com.br\/marketing\/2021\/10\/14\/hyundai-apresenta-campanha-do-creta-nova-geracao-com-o-mote-a-vida-tem-espaco-pra-mais\/#primaryimage","url":"https:\/\/www.cidademarketing.com.br\/marketing\/wp-content\/uploads\/2021\/10\/creta_06.jpg","contentUrl":"https:\/\/www.cidademarketing.com.br\/marketing\/wp-content\/uploads\/2021\/10\/creta_06.jpg","width":2520,"height":1043},{"@type":"BreadcrumbList","@id":"https:\/\/www.cidademarketing.com.br\/marketing\/2021\/10\/14\/hyundai-apresenta-campanha-do-creta-nova-geracao-com-o-mote-a-vida-tem-espaco-pra-mais\/#breadcrumb","itemListElement":[{"@type":"ListItem","position":1,"name":"In\u00edcio","item":"https:\/\/www.cidademarketing.com.br\/marketing\/"},{"@type":"ListItem","position":2,"name":"Hyundai apresenta campanha do Creta Nova Gera\u00e7\u00e3o com o mote \u201cA vida tem espa\u00e7o pra mais\u201d"}]},{"@type":"WebSite","@id":"https:\/\/www.cidademarketing.com.br\/marketing\/#website","url":"https:\/\/www.cidademarketing.com.br\/marketing\/","name":"CidadeMarketing","description":"Somos um ve\u00edculo de comunica\u00e7\u00e3o de destaque no Brasil, reconhecido por conte\u00fados nos segmentos de marketing, empreendedorismo e inova\u00e7\u00e3o.","publisher":{"@id":"https:\/\/www.cidademarketing.com.br\/marketing\/#organization"},"alternateName":"CidadeMarketing","potentialAction":[{"@type":"SearchAction","target":{"@type":"EntryPoint","urlTemplate":"https:\/\/www.cidademarketing.com.br\/marketing\/?s={search_term_string}"},"query-input":{"@type":"PropertyValueSpecification","valueRequired":true,"valueName":"search_term_string"}}],"inLanguage":"pt-BR"},{"@type":"Organization","@id":"https:\/\/www.cidademarketing.com.br\/marketing\/#organization","name":"CidadeMarketing","alternateName":"CidadeMarketing","url":"https:\/\/www.cidademarketing.com.br\/marketing\/","logo":{"@type":"ImageObject","inLanguage":"pt-BR","@id":"https:\/\/www.cidademarketing.com.br\/marketing\/#\/schema\/logo\/image\/","url":"https:\/\/www.cidademarketing.com.br\/marketing\/wp-content\/uploads\/2020\/01\/cidademarketing_marca_mobile.png","contentUrl":"https:\/\/www.cidademarketing.com.br\/marketing\/wp-content\/uploads\/2020\/01\/cidademarketing_marca_mobile.png","width":230,"height":92,"caption":"CidadeMarketing"},"image":{"@id":"https:\/\/www.cidademarketing.com.br\/marketing\/#\/schema\/logo\/image\/"},"sameAs":["https:\/\/www.facebook.com\/portalcidademarketing","https:\/\/x.com\/CidadeMarketing","https:\/\/www.instagram.com\/cidademarketing\/"]},{"@type":"Person","@id":"https:\/\/www.cidademarketing.com.br\/marketing\/#\/schema\/person\/02daff9f18bd9378c9e01eb6b2db155f","name":"Thales Brand\u00e3o","image":{"@type":"ImageObject","inLanguage":"pt-BR","@id":"https:\/\/secure.gravatar.com\/avatar\/7ca3206950207cc3cb48feec56a8a7898741ab725c368d99d5d7a5a50aab80c6?s=96&d=mm&r=g","url":"https:\/\/secure.gravatar.com\/avatar\/7ca3206950207cc3cb48feec56a8a7898741ab725c368d99d5d7a5a50aab80c6?s=96&d=mm&r=g","contentUrl":"https:\/\/secure.gravatar.com\/avatar\/7ca3206950207cc3cb48feec56a8a7898741ab725c368d99d5d7a5a50aab80c6?s=96&d=mm&r=g","caption":"Thales Brand\u00e3o"},"description":"Editor Executivo do Portal CidadeMarketing.com.br &gt; Mestre em Comunica\u00e7\u00e3o e Sociedade pela Universidade Federal de Sergipe. Possui MBA Executivo em Administra\u00e7\u00e3o com \u00eanfase em Marketing pela Funda\u00e7\u00e3o Get\u00falio Vargas - Rio de Janeiro. Consultor, Palestrante e Pesquisador sobre Empreendedorismo, Marketing, Redes Sociais e Neg\u00f3cios Digitais. Professor, Palestrante TedxTalks e Campus Party. Twitter: @ThalesBrandao","sameAs":["http:\/\/www.mandacaru.com.br","https:\/\/www.facebook.com\/thalesbrandao","http:\/\/www.instagram.com.br\/thalesbrandaoferreira","https:\/\/www.linkedin.com\/in\/thales-brand\u00e3o-3948609\/","https:\/\/x.com\/http:\/\/www.twitter.com\/thalesbrandao"],"url":"https:\/\/www.cidademarketing.com.br\/marketing\/author\/thalesbrandao\/"}]}},"amp_enabled":true,"_links":{"self":[{"href":"https:\/\/www.cidademarketing.com.br\/marketing\/wp-json\/wp\/v2\/posts\/30392","targetHints":{"allow":["GET"]}}],"collection":[{"href":"https:\/\/www.cidademarketing.com.br\/marketing\/wp-json\/wp\/v2\/posts"}],"about":[{"href":"https:\/\/www.cidademarketing.com.br\/marketing\/wp-json\/wp\/v2\/types\/post"}],"author":[{"embeddable":true,"href":"https:\/\/www.cidademarketing.com.br\/marketing\/wp-json\/wp\/v2\/users\/1"}],"replies":[{"embeddable":true,"href":"https:\/\/www.cidademarketing.com.br\/marketing\/wp-json\/wp\/v2\/comments?post=30392"}],"version-history":[{"count":1,"href":"https:\/\/www.cidademarketing.com.br\/marketing\/wp-json\/wp\/v2\/posts\/30392\/revisions"}],"predecessor-version":[{"id":30406,"href":"https:\/\/www.cidademarketing.com.br\/marketing\/wp-json\/wp\/v2\/posts\/30392\/revisions\/30406"}],"wp:featuredmedia":[{"embeddable":true,"href":"https:\/\/www.cidademarketing.com.br\/marketing\/wp-json\/wp\/v2\/media\/30398"}],"wp:attachment":[{"href":"https:\/\/www.cidademarketing.com.br\/marketing\/wp-json\/wp\/v2\/media?parent=30392"}],"wp:term":[{"taxonomy":"category","embeddable":true,"href":"https:\/\/www.cidademarketing.com.br\/marketing\/wp-json\/wp\/v2\/categories?post=30392"},{"taxonomy":"post_tag","embeddable":true,"href":"https:\/\/www.cidademarketing.com.br\/marketing\/wp-json\/wp\/v2\/tags?post=30392"}],"curies":[{"name":"wp","href":"https:\/\/api.w.org\/{rel}","templated":true}]}}