{"id":3037,"date":"2018-11-15T11:16:53","date_gmt":"2018-11-15T13:16:53","guid":{"rendered":"http:\/\/www.cidademarketing.com.br\/marketing\/?p=3037"},"modified":"2018-11-15T11:47:41","modified_gmt":"2018-11-15T13:47:41","slug":"pfizer-cria-usa-marketing-digital-para-alerta-sobre-o-uso-consciente-de-antibioticos","status":"publish","type":"post","link":"https:\/\/www.cidademarketing.com.br\/marketing\/2018\/11\/15\/pfizer-cria-usa-marketing-digital-para-alerta-sobre-o-uso-consciente-de-antibioticos\/","title":{"rendered":"Pfizer cria usa marketing digital para alerta sobre o uso consciente de antibi\u00f3ticos"},"content":{"rendered":"<p>Em muitos pa\u00edses, antibi\u00f3ticos potentes usados para tratar infec\u00e7\u00f5es causadas pela bact\u00e9ria Klebsiella pneumoniae, encontrada na flora intestinal humana, j\u00e1 n\u00e3o funcionam. Esse dado, divulgado no primeiro relat\u00f3rio global sobre a resist\u00eancia bacteriana emitido pela Organiza\u00e7\u00e3o Mundial de Sa\u00fade, em 2014, serviu como ponto de partida para a cria\u00e7\u00e3o de um sistema de vigil\u00e2ncia global e de um plano de a\u00e7\u00e3o contra o problema. E um dos resultados foi a cria\u00e7\u00e3o da Semana Mundial do Uso Consciente de Antibi\u00f3ticos, iniciativa implementada em 2015 e que, neste ano, ocorre de 12 a 18 de novembro.<\/p>\n<p>Para somar esfor\u00e7os a essa causa, em 2018 a Pfizer lan\u00e7a a nova edi\u00e7\u00e3o da campanha &#8220;Pequenas A\u00e7\u00f5es Salvar\u00e3o Milh\u00f5es de Vidas&#8221;, uma iniciativa global com foco no combate \u00e0 resist\u00eancia bacteriana. No Brasil, a a\u00e7\u00e3o ganhou uma est\u00e9tica pr\u00f3pria e est\u00e1 voltada \u00e0s pr\u00e1ticas dom\u00e9sticas que podem auxiliar no consumo adequado de antibi\u00f3ticos. Com uma cole\u00e7\u00e3o de cards digitais ilustrados, com mensagens diretas, a ideia \u00e9 esclarecer as d\u00favidas sobre as medica\u00e7\u00f5es. As sete pe\u00e7as est\u00e3o sendo divulgadas nas redes sociais, uma por dia, durante a semana tem\u00e1tica (<a href=\"http:\/\/www.facebook.com\/PfizerBrasil\" target=\"_blank\" rel=\"noopener\">www.facebook.com\/PfizerBrasil<\/a> e <a href=\"https:\/\/twitter.com\/pfizerbr\" target=\"_blank\" rel=\"noopener\">https:\/\/twitter.com\/pfizerbr<\/a>).<\/p>\n<p>Bact\u00e9rias normalmente sofrem muta\u00e7\u00f5es at\u00e9 se tornarem imunes a antibi\u00f3ticos. Mas, segundo a OMS, o uso inadequado ou excessivo dessas medica\u00e7\u00f5es pode acelerar esse processo. &#8220;Educar a popula\u00e7\u00e3o para o consumo consciente de antibi\u00f3ticos inclui esclarecer d\u00favidas sobre sua posologia, o tempo de prescri\u00e7\u00e3o e o hor\u00e1rio das doses, al\u00e9m da import\u00e2ncia do descarte seguro. Todas essas quest\u00f5es s\u00e3o abordadas pela campanha digital&#8221;, diz o diretor m\u00e9dico da Pfizer, Eurico Correia.<\/p>\n<p>Nos \u00faltimos cinco anos, a taxa de resist\u00eancia da bact\u00e9ria Klebsiella pneumoniae aos antibi\u00f3ticos carbapen\u00eamicos, considerados medica\u00e7\u00f5es potentes, quase quadruplicou no Estado de S\u00e3o Paulo, passando de 14% para 53%, segundo o Centro de Vigil\u00e2ncia Epidemiol\u00f3gica. Neste ano, os dados do sistema de vigil\u00e2ncia global da OMS apontaram que a Klebsiella pneumoniae est\u00e1 entre as bact\u00e9rias mais propensas \u00e0 resist\u00eancia no mundo.<\/p>\n<p>Em 2010, a Klebsiella pneumoniae produtora de carbapenemase (KPC) j\u00e1 havia provocado surtos importantes no Brasil. Foi quando o Pa\u00eds alterou as regras para a venda de antibi\u00f3ticos, que passaram a ser realizadas com reten\u00e7\u00e3o da receita. Outras medidas simples, como higienizar as m\u00e3os com frequ\u00eancia e manter a carteira de vacina\u00e7\u00e3o em dia, tamb\u00e9m s\u00e3o importantes no combate \u00e0 resist\u00eancia bacteriana.<\/p>\n\r\n                <style type=\"text\/css\">\r\n                    \r\n                    #tdi_1  .td-doubleSlider-2 .td-item1 {\r\n                        background: url(https:\/\/www.cidademarketing.com.br\/marketing\/wp-content\/uploads\/2018\/11\/antibiotico_pfizer_4-80x60.jpg) 0 0 no-repeat;\r\n                    }\r\n                    #tdi_1  .td-doubleSlider-2 .td-item2 {\r\n                        background: url(https:\/\/www.cidademarketing.com.br\/marketing\/wp-content\/uploads\/2018\/11\/antibiotico_pfizer-1-80x60.jpg) 0 0 no-repeat;\r\n                    }\r\n                    #tdi_1  .td-doubleSlider-2 .td-item3 {\r\n                        background: url(https:\/\/www.cidademarketing.com.br\/marketing\/wp-content\/uploads\/2018\/11\/antibiotico_pfizer_5-80x60.jpg) 0 0 no-repeat;\r\n                    }\r\n                <\/style>\r\n\r\n                <div id=\"tdi_1\" class=\"td-gallery td-slide-on-2-columns\">\r\n                    <div class=\"post_td_gallery\">\r\n                        <div class=\"td-gallery-slide-top\">\r\n                           <div class=\"td-gallery-title\"><\/div>\r\n\r\n                            <div class=\"td-gallery-controls-wrapper\">\r\n                                <div class=\"td-gallery-slide-count\"><span class=\"td-gallery-slide-item-focus\">1<\/span> de 3<\/div>\r\n                                <div class=\"td-gallery-slide-prev-next-but\">\r\n                                    <i class = \"td-icon-left doubleSliderPrevButton\"><\/i>\r\n                                    <i class = \"td-icon-right doubleSliderNextButton\"><\/i>\r\n                                <\/div>\r\n                            <\/div>\r\n                        <\/div>\r\n\r\n                        <div class = \"td-doubleSlider-1 \">\r\n                            <div class = \"td-slider\">\r\n                                \r\n                    <div class = \"td-slide-item td-item1\">\r\n                        <figure class=\"td-slide-galery-figure td-slide-popup-gallery\">\r\n                            <a class=\"slide-gallery-image-link\" href=\"https:\/\/www.cidademarketing.com.br\/marketing\/wp-content\/uploads\/2018\/11\/antibiotico_pfizer_4.jpg\" title=\"Antibi\u00f3tico Pfizer\"  data-caption=\"\"  data-description=\"\">\r\n                                <img decoding=\"async\" src=\"https:\/\/www.cidademarketing.com.br\/marketing\/wp-content\/uploads\/2018\/11\/antibiotico_pfizer_4-422x420.jpg\" srcset=\"https:\/\/www.cidademarketing.com.br\/marketing\/wp-content\/uploads\/2018\/11\/antibiotico_pfizer_4-422x420.jpg 422w, https:\/\/www.cidademarketing.com.br\/marketing\/wp-content\/uploads\/2018\/11\/antibiotico_pfizer_4-150x150.jpg 150w, https:\/\/www.cidademarketing.com.br\/marketing\/wp-content\/uploads\/2018\/11\/antibiotico_pfizer_4-300x300.jpg 300w, https:\/\/www.cidademarketing.com.br\/marketing\/wp-content\/uploads\/2018\/11\/antibiotico_pfizer_4-768x765.jpg 768w, https:\/\/www.cidademarketing.com.br\/marketing\/wp-content\/uploads\/2018\/11\/antibiotico_pfizer_4-640x638.jpg 640w, https:\/\/www.cidademarketing.com.br\/marketing\/wp-content\/uploads\/2018\/11\/antibiotico_pfizer_4-681x678.jpg 681w, https:\/\/www.cidademarketing.com.br\/marketing\/wp-content\/uploads\/2018\/11\/antibiotico_pfizer_4.jpg 785w\" sizes=\"(max-width: 422px) 100vw, 422px\" alt=\"\">\r\n                            <\/a>\r\n                            \r\n                        <\/figure>\r\n                    <\/div>\r\n                    <div class = \"td-slide-item td-item2\">\r\n                        <figure class=\"td-slide-galery-figure td-slide-popup-gallery\">\r\n                            <a class=\"slide-gallery-image-link\" href=\"https:\/\/www.cidademarketing.com.br\/marketing\/wp-content\/uploads\/2018\/11\/antibiotico_pfizer-1.jpg\" title=\"Antibi\u00f3tico Pfizer\"  data-caption=\"\"  data-description=\"\">\r\n                                <img decoding=\"async\" src=\"https:\/\/www.cidademarketing.com.br\/marketing\/wp-content\/uploads\/2018\/11\/antibiotico_pfizer-1-423x420.jpg\" srcset=\"https:\/\/www.cidademarketing.com.br\/marketing\/wp-content\/uploads\/2018\/11\/antibiotico_pfizer-1-423x420.jpg 423w, https:\/\/www.cidademarketing.com.br\/marketing\/wp-content\/uploads\/2018\/11\/antibiotico_pfizer-1-150x150.jpg 150w, https:\/\/www.cidademarketing.com.br\/marketing\/wp-content\/uploads\/2018\/11\/antibiotico_pfizer-1-300x298.jpg 300w, https:\/\/www.cidademarketing.com.br\/marketing\/wp-content\/uploads\/2018\/11\/antibiotico_pfizer-1-768x763.jpg 768w, https:\/\/www.cidademarketing.com.br\/marketing\/wp-content\/uploads\/2018\/11\/antibiotico_pfizer-1-640x636.jpg 640w, https:\/\/www.cidademarketing.com.br\/marketing\/wp-content\/uploads\/2018\/11\/antibiotico_pfizer-1-681x677.jpg 681w, https:\/\/www.cidademarketing.com.br\/marketing\/wp-content\/uploads\/2018\/11\/antibiotico_pfizer-1.jpg 782w\" sizes=\"(max-width: 423px) 100vw, 423px\" alt=\"\">\r\n                            <\/a>\r\n                            \r\n                        <\/figure>\r\n                    <\/div>\r\n                    <div class = \"td-slide-item td-item3\">\r\n                        <figure class=\"td-slide-galery-figure td-slide-popup-gallery\">\r\n                            <a class=\"slide-gallery-image-link\" href=\"https:\/\/www.cidademarketing.com.br\/marketing\/wp-content\/uploads\/2018\/11\/antibiotico_pfizer_5.jpg\" title=\"Antibi\u00f3tico Pfizer\"  data-caption=\"\"  data-description=\"\">\r\n                                <img decoding=\"async\" src=\"https:\/\/www.cidademarketing.com.br\/marketing\/wp-content\/uploads\/2018\/11\/antibiotico_pfizer_5-420x420.jpg\" srcset=\"https:\/\/www.cidademarketing.com.br\/marketing\/wp-content\/uploads\/2018\/11\/antibiotico_pfizer_5-420x420.jpg 420w, https:\/\/www.cidademarketing.com.br\/marketing\/wp-content\/uploads\/2018\/11\/antibiotico_pfizer_5-150x150.jpg 150w, https:\/\/www.cidademarketing.com.br\/marketing\/wp-content\/uploads\/2018\/11\/antibiotico_pfizer_5-300x300.jpg 300w, https:\/\/www.cidademarketing.com.br\/marketing\/wp-content\/uploads\/2018\/11\/antibiotico_pfizer_5-768x768.jpg 768w, https:\/\/www.cidademarketing.com.br\/marketing\/wp-content\/uploads\/2018\/11\/antibiotico_pfizer_5-640x640.jpg 640w, https:\/\/www.cidademarketing.com.br\/marketing\/wp-content\/uploads\/2018\/11\/antibiotico_pfizer_5-681x681.jpg 681w, https:\/\/www.cidademarketing.com.br\/marketing\/wp-content\/uploads\/2018\/11\/antibiotico_pfizer_5.jpg 775w\" sizes=\"(max-width: 420px) 100vw, 420px\" alt=\"\">\r\n                            <\/a>\r\n                            \r\n                        <\/figure>\r\n                    <\/div>\r\n                            <\/div>\r\n                        <\/div>\r\n\r\n                        <div class = \"td-doubleSlider-2\">\r\n                            <div class = \"td-slider\">\r\n                                \r\n                    <div class = \"td-button td-item1\">\r\n                        <div class = \"td-border\"><\/div>\r\n                    <\/div>\r\n                    <div class = \"td-button td-item2\">\r\n                        <div class = \"td-border\"><\/div>\r\n                    <\/div>\r\n                    <div class = \"td-button td-item3\">\r\n                        <div class = \"td-border\"><\/div>\r\n                    <\/div>\r\n                            <\/div>\r\n                        <\/div>\r\n\r\n                    <\/div>\r\n\r\n                <\/div>\r\n                \n<p>&nbsp;<\/p>\n","protected":false},"excerpt":{"rendered":"<p>Em muitos pa\u00edses, antibi\u00f3ticos potentes usados para tratar infec\u00e7\u00f5es causadas pela bact\u00e9ria Klebsiella pneumoniae, encontrada na flora intestinal humana, j\u00e1 n\u00e3o funcionam. Esse dado, divulgado no primeiro relat\u00f3rio global sobre a resist\u00eancia bacteriana emitido pela Organiza\u00e7\u00e3o Mundial de Sa\u00fade, em 2014, serviu como ponto de partida para a cria\u00e7\u00e3o de um sistema de vigil\u00e2ncia global [&hellip;]<\/p>\n","protected":false},"author":1,"featured_media":3038,"comment_status":"open","ping_status":"open","sticky":false,"template":"","format":"standard","meta":{"tdm_status":"","tdm_grid_status":"","footnotes":""},"categories":[6],"tags":[28,26,633,267],"class_list":["post-3037","post","type-post","status-publish","format-standard","has-post-thumbnail","hentry","category-noticias","tag-marketing","tag-marketing-digital","tag-pfizer","tag-twitter"],"yoast_head":"<!-- This site is optimized with the Yoast SEO plugin v27.5 - https:\/\/yoast.com\/product\/yoast-seo-wordpress\/ -->\n<title>Pfizer cria usa marketing digital para alerta sobre o uso consciente de antibi\u00f3ticos - CidadeMarketing<\/title>\n<meta name=\"robots\" content=\"index, follow, max-snippet:-1, max-image-preview:large, max-video-preview:-1\" \/>\n<link rel=\"canonical\" href=\"https:\/\/www.cidademarketing.com.br\/marketing\/2018\/11\/15\/pfizer-cria-usa-marketing-digital-para-alerta-sobre-o-uso-consciente-de-antibioticos\/\" \/>\n<meta property=\"og:locale\" content=\"pt_BR\" \/>\n<meta property=\"og:type\" content=\"article\" \/>\n<meta property=\"og:title\" content=\"Pfizer cria usa marketing digital para alerta sobre o uso consciente de antibi\u00f3ticos - CidadeMarketing\" \/>\n<meta property=\"og:description\" content=\"Em muitos pa\u00edses, antibi\u00f3ticos potentes usados para tratar infec\u00e7\u00f5es causadas pela bact\u00e9ria Klebsiella pneumoniae, encontrada na flora intestinal humana, j\u00e1 n\u00e3o funcionam. Esse dado, divulgado no primeiro relat\u00f3rio global sobre a resist\u00eancia bacteriana emitido pela Organiza\u00e7\u00e3o Mundial de Sa\u00fade, em 2014, serviu como ponto de partida para a cria\u00e7\u00e3o de um sistema de vigil\u00e2ncia global [&hellip;]\" \/>\n<meta property=\"og:url\" content=\"https:\/\/www.cidademarketing.com.br\/marketing\/2018\/11\/15\/pfizer-cria-usa-marketing-digital-para-alerta-sobre-o-uso-consciente-de-antibioticos\/\" \/>\n<meta property=\"og:site_name\" content=\"CidadeMarketing\" \/>\n<meta property=\"article:publisher\" content=\"https:\/\/www.facebook.com\/portalcidademarketing\" \/>\n<meta property=\"article:author\" content=\"https:\/\/www.facebook.com\/thalesbrandao\" \/>\n<meta property=\"article:published_time\" content=\"2018-11-15T13:16:53+00:00\" \/>\n<meta property=\"article:modified_time\" content=\"2018-11-15T13:47:41+00:00\" \/>\n<meta property=\"og:image\" content=\"https:\/\/www.cidademarketing.com.br\/marketing\/wp-content\/uploads\/2018\/11\/antibiotico_pfizer.jpg\" \/>\n\t<meta property=\"og:image:width\" content=\"782\" \/>\n\t<meta property=\"og:image:height\" content=\"777\" \/>\n\t<meta property=\"og:image:type\" content=\"image\/jpeg\" \/>\n<meta name=\"author\" content=\"Thales Brand\u00e3o\" \/>\n<meta name=\"twitter:card\" content=\"summary_large_image\" \/>\n<meta name=\"twitter:creator\" content=\"@http:\/\/www.twitter.com\/thalesbrandao\" \/>\n<meta name=\"twitter:site\" content=\"@CidadeMarketing\" \/>\n<meta name=\"twitter:label1\" content=\"Escrito por\" \/>\n\t<meta name=\"twitter:data1\" content=\"Thales Brand\u00e3o\" \/>\n\t<meta name=\"twitter:label2\" content=\"Est. tempo de leitura\" \/>\n\t<meta name=\"twitter:data2\" content=\"2 minutos\" \/>\n<script type=\"application\/ld+json\" class=\"yoast-schema-graph\">{\"@context\":\"https:\\\/\\\/schema.org\",\"@graph\":[{\"@type\":\"Article\",\"@id\":\"https:\\\/\\\/www.cidademarketing.com.br\\\/marketing\\\/2018\\\/11\\\/15\\\/pfizer-cria-usa-marketing-digital-para-alerta-sobre-o-uso-consciente-de-antibioticos\\\/#article\",\"isPartOf\":{\"@id\":\"https:\\\/\\\/www.cidademarketing.com.br\\\/marketing\\\/2018\\\/11\\\/15\\\/pfizer-cria-usa-marketing-digital-para-alerta-sobre-o-uso-consciente-de-antibioticos\\\/\"},\"author\":{\"name\":\"Thales Brand\u00e3o\",\"@id\":\"https:\\\/\\\/www.cidademarketing.com.br\\\/marketing\\\/#\\\/schema\\\/person\\\/02daff9f18bd9378c9e01eb6b2db155f\"},\"headline\":\"Pfizer cria usa marketing digital para alerta sobre o uso consciente de antibi\u00f3ticos\",\"datePublished\":\"2018-11-15T13:16:53+00:00\",\"dateModified\":\"2018-11-15T13:47:41+00:00\",\"mainEntityOfPage\":{\"@id\":\"https:\\\/\\\/www.cidademarketing.com.br\\\/marketing\\\/2018\\\/11\\\/15\\\/pfizer-cria-usa-marketing-digital-para-alerta-sobre-o-uso-consciente-de-antibioticos\\\/\"},\"wordCount\":464,\"commentCount\":0,\"publisher\":{\"@id\":\"https:\\\/\\\/www.cidademarketing.com.br\\\/marketing\\\/#organization\"},\"image\":{\"@id\":\"https:\\\/\\\/www.cidademarketing.com.br\\\/marketing\\\/2018\\\/11\\\/15\\\/pfizer-cria-usa-marketing-digital-para-alerta-sobre-o-uso-consciente-de-antibioticos\\\/#primaryimage\"},\"thumbnailUrl\":\"https:\\\/\\\/www.cidademarketing.com.br\\\/marketing\\\/wp-content\\\/uploads\\\/2018\\\/11\\\/antibiotico_pfizer.jpg\",\"keywords\":[\"marketing\",\"marketing digital\",\"Pfizer\",\"Twitter\"],\"articleSection\":[\"Not\u00edcias\"],\"inLanguage\":\"pt-BR\",\"potentialAction\":[{\"@type\":\"CommentAction\",\"name\":\"Comment\",\"target\":[\"https:\\\/\\\/www.cidademarketing.com.br\\\/marketing\\\/2018\\\/11\\\/15\\\/pfizer-cria-usa-marketing-digital-para-alerta-sobre-o-uso-consciente-de-antibioticos\\\/#respond\"]}]},{\"@type\":\"WebPage\",\"@id\":\"https:\\\/\\\/www.cidademarketing.com.br\\\/marketing\\\/2018\\\/11\\\/15\\\/pfizer-cria-usa-marketing-digital-para-alerta-sobre-o-uso-consciente-de-antibioticos\\\/\",\"url\":\"https:\\\/\\\/www.cidademarketing.com.br\\\/marketing\\\/2018\\\/11\\\/15\\\/pfizer-cria-usa-marketing-digital-para-alerta-sobre-o-uso-consciente-de-antibioticos\\\/\",\"name\":\"Pfizer cria usa marketing digital para alerta sobre o uso consciente de antibi\u00f3ticos - CidadeMarketing\",\"isPartOf\":{\"@id\":\"https:\\\/\\\/www.cidademarketing.com.br\\\/marketing\\\/#website\"},\"primaryImageOfPage\":{\"@id\":\"https:\\\/\\\/www.cidademarketing.com.br\\\/marketing\\\/2018\\\/11\\\/15\\\/pfizer-cria-usa-marketing-digital-para-alerta-sobre-o-uso-consciente-de-antibioticos\\\/#primaryimage\"},\"image\":{\"@id\":\"https:\\\/\\\/www.cidademarketing.com.br\\\/marketing\\\/2018\\\/11\\\/15\\\/pfizer-cria-usa-marketing-digital-para-alerta-sobre-o-uso-consciente-de-antibioticos\\\/#primaryimage\"},\"thumbnailUrl\":\"https:\\\/\\\/www.cidademarketing.com.br\\\/marketing\\\/wp-content\\\/uploads\\\/2018\\\/11\\\/antibiotico_pfizer.jpg\",\"datePublished\":\"2018-11-15T13:16:53+00:00\",\"dateModified\":\"2018-11-15T13:47:41+00:00\",\"breadcrumb\":{\"@id\":\"https:\\\/\\\/www.cidademarketing.com.br\\\/marketing\\\/2018\\\/11\\\/15\\\/pfizer-cria-usa-marketing-digital-para-alerta-sobre-o-uso-consciente-de-antibioticos\\\/#breadcrumb\"},\"inLanguage\":\"pt-BR\",\"potentialAction\":[{\"@type\":\"ReadAction\",\"target\":[\"https:\\\/\\\/www.cidademarketing.com.br\\\/marketing\\\/2018\\\/11\\\/15\\\/pfizer-cria-usa-marketing-digital-para-alerta-sobre-o-uso-consciente-de-antibioticos\\\/\"]}]},{\"@type\":\"ImageObject\",\"inLanguage\":\"pt-BR\",\"@id\":\"https:\\\/\\\/www.cidademarketing.com.br\\\/marketing\\\/2018\\\/11\\\/15\\\/pfizer-cria-usa-marketing-digital-para-alerta-sobre-o-uso-consciente-de-antibioticos\\\/#primaryimage\",\"url\":\"https:\\\/\\\/www.cidademarketing.com.br\\\/marketing\\\/wp-content\\\/uploads\\\/2018\\\/11\\\/antibiotico_pfizer.jpg\",\"contentUrl\":\"https:\\\/\\\/www.cidademarketing.com.br\\\/marketing\\\/wp-content\\\/uploads\\\/2018\\\/11\\\/antibiotico_pfizer.jpg\",\"width\":782,\"height\":777,\"caption\":\"Divulga\u00e7\u00e3o\"},{\"@type\":\"BreadcrumbList\",\"@id\":\"https:\\\/\\\/www.cidademarketing.com.br\\\/marketing\\\/2018\\\/11\\\/15\\\/pfizer-cria-usa-marketing-digital-para-alerta-sobre-o-uso-consciente-de-antibioticos\\\/#breadcrumb\",\"itemListElement\":[{\"@type\":\"ListItem\",\"position\":1,\"name\":\"In\u00edcio\",\"item\":\"https:\\\/\\\/www.cidademarketing.com.br\\\/marketing\\\/\"},{\"@type\":\"ListItem\",\"position\":2,\"name\":\"Pfizer cria usa marketing digital para alerta sobre o uso consciente de antibi\u00f3ticos\"}]},{\"@type\":\"WebSite\",\"@id\":\"https:\\\/\\\/www.cidademarketing.com.br\\\/marketing\\\/#website\",\"url\":\"https:\\\/\\\/www.cidademarketing.com.br\\\/marketing\\\/\",\"name\":\"CidadeMarketing\",\"description\":\"Somos um ve\u00edculo de comunica\u00e7\u00e3o de destaque no Brasil, reconhecido por conte\u00fados nos segmentos de marketing, empreendedorismo e inova\u00e7\u00e3o.\",\"publisher\":{\"@id\":\"https:\\\/\\\/www.cidademarketing.com.br\\\/marketing\\\/#organization\"},\"alternateName\":\"CidadeMarketing\",\"potentialAction\":[{\"@type\":\"SearchAction\",\"target\":{\"@type\":\"EntryPoint\",\"urlTemplate\":\"https:\\\/\\\/www.cidademarketing.com.br\\\/marketing\\\/?s={search_term_string}\"},\"query-input\":{\"@type\":\"PropertyValueSpecification\",\"valueRequired\":true,\"valueName\":\"search_term_string\"}}],\"inLanguage\":\"pt-BR\"},{\"@type\":\"Organization\",\"@id\":\"https:\\\/\\\/www.cidademarketing.com.br\\\/marketing\\\/#organization\",\"name\":\"CidadeMarketing\",\"alternateName\":\"CidadeMarketing\",\"url\":\"https:\\\/\\\/www.cidademarketing.com.br\\\/marketing\\\/\",\"logo\":{\"@type\":\"ImageObject\",\"inLanguage\":\"pt-BR\",\"@id\":\"https:\\\/\\\/www.cidademarketing.com.br\\\/marketing\\\/#\\\/schema\\\/logo\\\/image\\\/\",\"url\":\"https:\\\/\\\/www.cidademarketing.com.br\\\/marketing\\\/wp-content\\\/uploads\\\/2020\\\/01\\\/cidademarketing_marca_mobile.png\",\"contentUrl\":\"https:\\\/\\\/www.cidademarketing.com.br\\\/marketing\\\/wp-content\\\/uploads\\\/2020\\\/01\\\/cidademarketing_marca_mobile.png\",\"width\":230,\"height\":92,\"caption\":\"CidadeMarketing\"},\"image\":{\"@id\":\"https:\\\/\\\/www.cidademarketing.com.br\\\/marketing\\\/#\\\/schema\\\/logo\\\/image\\\/\"},\"sameAs\":[\"https:\\\/\\\/www.facebook.com\\\/portalcidademarketing\",\"https:\\\/\\\/x.com\\\/CidadeMarketing\",\"https:\\\/\\\/www.instagram.com\\\/cidademarketing\\\/\"]},{\"@type\":\"Person\",\"@id\":\"https:\\\/\\\/www.cidademarketing.com.br\\\/marketing\\\/#\\\/schema\\\/person\\\/02daff9f18bd9378c9e01eb6b2db155f\",\"name\":\"Thales Brand\u00e3o\",\"image\":{\"@type\":\"ImageObject\",\"inLanguage\":\"pt-BR\",\"@id\":\"https:\\\/\\\/secure.gravatar.com\\\/avatar\\\/7ca3206950207cc3cb48feec56a8a7898741ab725c368d99d5d7a5a50aab80c6?s=96&d=mm&r=g\",\"url\":\"https:\\\/\\\/secure.gravatar.com\\\/avatar\\\/7ca3206950207cc3cb48feec56a8a7898741ab725c368d99d5d7a5a50aab80c6?s=96&d=mm&r=g\",\"contentUrl\":\"https:\\\/\\\/secure.gravatar.com\\\/avatar\\\/7ca3206950207cc3cb48feec56a8a7898741ab725c368d99d5d7a5a50aab80c6?s=96&d=mm&r=g\",\"caption\":\"Thales Brand\u00e3o\"},\"description\":\"Editor Executivo do Portal CidadeMarketing.com.br &gt; Mestre em Comunica\u00e7\u00e3o e Sociedade pela Universidade Federal de Sergipe. Possui MBA Executivo em Administra\u00e7\u00e3o com \u00eanfase em Marketing pela Funda\u00e7\u00e3o Get\u00falio Vargas - Rio de Janeiro. Consultor, Palestrante e Pesquisador sobre Empreendedorismo, Marketing, Redes Sociais e Neg\u00f3cios Digitais. Professor, Palestrante TedxTalks e Campus Party. Twitter: @ThalesBrandao\",\"sameAs\":[\"http:\\\/\\\/www.mandacaru.com.br\",\"https:\\\/\\\/www.facebook.com\\\/thalesbrandao\",\"http:\\\/\\\/www.instagram.com.br\\\/thalesbrandaoferreira\",\"https:\\\/\\\/www.linkedin.com\\\/in\\\/thales-brand\u00e3o-3948609\\\/\",\"https:\\\/\\\/x.com\\\/http:\\\/\\\/www.twitter.com\\\/thalesbrandao\"],\"url\":\"https:\\\/\\\/www.cidademarketing.com.br\\\/marketing\\\/author\\\/thalesbrandao\\\/\"}]}<\/script>\n<!-- \/ Yoast SEO plugin. -->","yoast_head_json":{"title":"Pfizer cria usa marketing digital para alerta sobre o uso consciente de antibi\u00f3ticos - CidadeMarketing","robots":{"index":"index","follow":"follow","max-snippet":"max-snippet:-1","max-image-preview":"max-image-preview:large","max-video-preview":"max-video-preview:-1"},"canonical":"https:\/\/www.cidademarketing.com.br\/marketing\/2018\/11\/15\/pfizer-cria-usa-marketing-digital-para-alerta-sobre-o-uso-consciente-de-antibioticos\/","og_locale":"pt_BR","og_type":"article","og_title":"Pfizer cria usa marketing digital para alerta sobre o uso consciente de antibi\u00f3ticos - CidadeMarketing","og_description":"Em muitos pa\u00edses, antibi\u00f3ticos potentes usados para tratar infec\u00e7\u00f5es causadas pela bact\u00e9ria Klebsiella pneumoniae, encontrada na flora intestinal humana, j\u00e1 n\u00e3o funcionam. Esse dado, divulgado no primeiro relat\u00f3rio global sobre a resist\u00eancia bacteriana emitido pela Organiza\u00e7\u00e3o Mundial de Sa\u00fade, em 2014, serviu como ponto de partida para a cria\u00e7\u00e3o de um sistema de vigil\u00e2ncia global [&hellip;]","og_url":"https:\/\/www.cidademarketing.com.br\/marketing\/2018\/11\/15\/pfizer-cria-usa-marketing-digital-para-alerta-sobre-o-uso-consciente-de-antibioticos\/","og_site_name":"CidadeMarketing","article_publisher":"https:\/\/www.facebook.com\/portalcidademarketing","article_author":"https:\/\/www.facebook.com\/thalesbrandao","article_published_time":"2018-11-15T13:16:53+00:00","article_modified_time":"2018-11-15T13:47:41+00:00","og_image":[{"width":782,"height":777,"url":"https:\/\/www.cidademarketing.com.br\/marketing\/wp-content\/uploads\/2018\/11\/antibiotico_pfizer.jpg","type":"image\/jpeg"}],"author":"Thales Brand\u00e3o","twitter_card":"summary_large_image","twitter_creator":"@http:\/\/www.twitter.com\/thalesbrandao","twitter_site":"@CidadeMarketing","twitter_misc":{"Escrito por":"Thales Brand\u00e3o","Est. tempo de leitura":"2 minutos"},"schema":{"@context":"https:\/\/schema.org","@graph":[{"@type":"Article","@id":"https:\/\/www.cidademarketing.com.br\/marketing\/2018\/11\/15\/pfizer-cria-usa-marketing-digital-para-alerta-sobre-o-uso-consciente-de-antibioticos\/#article","isPartOf":{"@id":"https:\/\/www.cidademarketing.com.br\/marketing\/2018\/11\/15\/pfizer-cria-usa-marketing-digital-para-alerta-sobre-o-uso-consciente-de-antibioticos\/"},"author":{"name":"Thales Brand\u00e3o","@id":"https:\/\/www.cidademarketing.com.br\/marketing\/#\/schema\/person\/02daff9f18bd9378c9e01eb6b2db155f"},"headline":"Pfizer cria usa marketing digital para alerta sobre o uso consciente de antibi\u00f3ticos","datePublished":"2018-11-15T13:16:53+00:00","dateModified":"2018-11-15T13:47:41+00:00","mainEntityOfPage":{"@id":"https:\/\/www.cidademarketing.com.br\/marketing\/2018\/11\/15\/pfizer-cria-usa-marketing-digital-para-alerta-sobre-o-uso-consciente-de-antibioticos\/"},"wordCount":464,"commentCount":0,"publisher":{"@id":"https:\/\/www.cidademarketing.com.br\/marketing\/#organization"},"image":{"@id":"https:\/\/www.cidademarketing.com.br\/marketing\/2018\/11\/15\/pfizer-cria-usa-marketing-digital-para-alerta-sobre-o-uso-consciente-de-antibioticos\/#primaryimage"},"thumbnailUrl":"https:\/\/www.cidademarketing.com.br\/marketing\/wp-content\/uploads\/2018\/11\/antibiotico_pfizer.jpg","keywords":["marketing","marketing digital","Pfizer","Twitter"],"articleSection":["Not\u00edcias"],"inLanguage":"pt-BR","potentialAction":[{"@type":"CommentAction","name":"Comment","target":["https:\/\/www.cidademarketing.com.br\/marketing\/2018\/11\/15\/pfizer-cria-usa-marketing-digital-para-alerta-sobre-o-uso-consciente-de-antibioticos\/#respond"]}]},{"@type":"WebPage","@id":"https:\/\/www.cidademarketing.com.br\/marketing\/2018\/11\/15\/pfizer-cria-usa-marketing-digital-para-alerta-sobre-o-uso-consciente-de-antibioticos\/","url":"https:\/\/www.cidademarketing.com.br\/marketing\/2018\/11\/15\/pfizer-cria-usa-marketing-digital-para-alerta-sobre-o-uso-consciente-de-antibioticos\/","name":"Pfizer cria usa marketing digital para alerta sobre o uso consciente de antibi\u00f3ticos - CidadeMarketing","isPartOf":{"@id":"https:\/\/www.cidademarketing.com.br\/marketing\/#website"},"primaryImageOfPage":{"@id":"https:\/\/www.cidademarketing.com.br\/marketing\/2018\/11\/15\/pfizer-cria-usa-marketing-digital-para-alerta-sobre-o-uso-consciente-de-antibioticos\/#primaryimage"},"image":{"@id":"https:\/\/www.cidademarketing.com.br\/marketing\/2018\/11\/15\/pfizer-cria-usa-marketing-digital-para-alerta-sobre-o-uso-consciente-de-antibioticos\/#primaryimage"},"thumbnailUrl":"https:\/\/www.cidademarketing.com.br\/marketing\/wp-content\/uploads\/2018\/11\/antibiotico_pfizer.jpg","datePublished":"2018-11-15T13:16:53+00:00","dateModified":"2018-11-15T13:47:41+00:00","breadcrumb":{"@id":"https:\/\/www.cidademarketing.com.br\/marketing\/2018\/11\/15\/pfizer-cria-usa-marketing-digital-para-alerta-sobre-o-uso-consciente-de-antibioticos\/#breadcrumb"},"inLanguage":"pt-BR","potentialAction":[{"@type":"ReadAction","target":["https:\/\/www.cidademarketing.com.br\/marketing\/2018\/11\/15\/pfizer-cria-usa-marketing-digital-para-alerta-sobre-o-uso-consciente-de-antibioticos\/"]}]},{"@type":"ImageObject","inLanguage":"pt-BR","@id":"https:\/\/www.cidademarketing.com.br\/marketing\/2018\/11\/15\/pfizer-cria-usa-marketing-digital-para-alerta-sobre-o-uso-consciente-de-antibioticos\/#primaryimage","url":"https:\/\/www.cidademarketing.com.br\/marketing\/wp-content\/uploads\/2018\/11\/antibiotico_pfizer.jpg","contentUrl":"https:\/\/www.cidademarketing.com.br\/marketing\/wp-content\/uploads\/2018\/11\/antibiotico_pfizer.jpg","width":782,"height":777,"caption":"Divulga\u00e7\u00e3o"},{"@type":"BreadcrumbList","@id":"https:\/\/www.cidademarketing.com.br\/marketing\/2018\/11\/15\/pfizer-cria-usa-marketing-digital-para-alerta-sobre-o-uso-consciente-de-antibioticos\/#breadcrumb","itemListElement":[{"@type":"ListItem","position":1,"name":"In\u00edcio","item":"https:\/\/www.cidademarketing.com.br\/marketing\/"},{"@type":"ListItem","position":2,"name":"Pfizer cria usa marketing digital para alerta sobre o uso consciente de antibi\u00f3ticos"}]},{"@type":"WebSite","@id":"https:\/\/www.cidademarketing.com.br\/marketing\/#website","url":"https:\/\/www.cidademarketing.com.br\/marketing\/","name":"CidadeMarketing","description":"Somos um ve\u00edculo de comunica\u00e7\u00e3o de destaque no Brasil, reconhecido por conte\u00fados nos segmentos de marketing, empreendedorismo e inova\u00e7\u00e3o.","publisher":{"@id":"https:\/\/www.cidademarketing.com.br\/marketing\/#organization"},"alternateName":"CidadeMarketing","potentialAction":[{"@type":"SearchAction","target":{"@type":"EntryPoint","urlTemplate":"https:\/\/www.cidademarketing.com.br\/marketing\/?s={search_term_string}"},"query-input":{"@type":"PropertyValueSpecification","valueRequired":true,"valueName":"search_term_string"}}],"inLanguage":"pt-BR"},{"@type":"Organization","@id":"https:\/\/www.cidademarketing.com.br\/marketing\/#organization","name":"CidadeMarketing","alternateName":"CidadeMarketing","url":"https:\/\/www.cidademarketing.com.br\/marketing\/","logo":{"@type":"ImageObject","inLanguage":"pt-BR","@id":"https:\/\/www.cidademarketing.com.br\/marketing\/#\/schema\/logo\/image\/","url":"https:\/\/www.cidademarketing.com.br\/marketing\/wp-content\/uploads\/2020\/01\/cidademarketing_marca_mobile.png","contentUrl":"https:\/\/www.cidademarketing.com.br\/marketing\/wp-content\/uploads\/2020\/01\/cidademarketing_marca_mobile.png","width":230,"height":92,"caption":"CidadeMarketing"},"image":{"@id":"https:\/\/www.cidademarketing.com.br\/marketing\/#\/schema\/logo\/image\/"},"sameAs":["https:\/\/www.facebook.com\/portalcidademarketing","https:\/\/x.com\/CidadeMarketing","https:\/\/www.instagram.com\/cidademarketing\/"]},{"@type":"Person","@id":"https:\/\/www.cidademarketing.com.br\/marketing\/#\/schema\/person\/02daff9f18bd9378c9e01eb6b2db155f","name":"Thales Brand\u00e3o","image":{"@type":"ImageObject","inLanguage":"pt-BR","@id":"https:\/\/secure.gravatar.com\/avatar\/7ca3206950207cc3cb48feec56a8a7898741ab725c368d99d5d7a5a50aab80c6?s=96&d=mm&r=g","url":"https:\/\/secure.gravatar.com\/avatar\/7ca3206950207cc3cb48feec56a8a7898741ab725c368d99d5d7a5a50aab80c6?s=96&d=mm&r=g","contentUrl":"https:\/\/secure.gravatar.com\/avatar\/7ca3206950207cc3cb48feec56a8a7898741ab725c368d99d5d7a5a50aab80c6?s=96&d=mm&r=g","caption":"Thales Brand\u00e3o"},"description":"Editor Executivo do Portal CidadeMarketing.com.br &gt; Mestre em Comunica\u00e7\u00e3o e Sociedade pela Universidade Federal de Sergipe. Possui MBA Executivo em Administra\u00e7\u00e3o com \u00eanfase em Marketing pela Funda\u00e7\u00e3o Get\u00falio Vargas - Rio de Janeiro. Consultor, Palestrante e Pesquisador sobre Empreendedorismo, Marketing, Redes Sociais e Neg\u00f3cios Digitais. Professor, Palestrante TedxTalks e Campus Party. Twitter: @ThalesBrandao","sameAs":["http:\/\/www.mandacaru.com.br","https:\/\/www.facebook.com\/thalesbrandao","http:\/\/www.instagram.com.br\/thalesbrandaoferreira","https:\/\/www.linkedin.com\/in\/thales-brand\u00e3o-3948609\/","https:\/\/x.com\/http:\/\/www.twitter.com\/thalesbrandao"],"url":"https:\/\/www.cidademarketing.com.br\/marketing\/author\/thalesbrandao\/"}]}},"amp_enabled":true,"_links":{"self":[{"href":"https:\/\/www.cidademarketing.com.br\/marketing\/wp-json\/wp\/v2\/posts\/3037","targetHints":{"allow":["GET"]}}],"collection":[{"href":"https:\/\/www.cidademarketing.com.br\/marketing\/wp-json\/wp\/v2\/posts"}],"about":[{"href":"https:\/\/www.cidademarketing.com.br\/marketing\/wp-json\/wp\/v2\/types\/post"}],"author":[{"embeddable":true,"href":"https:\/\/www.cidademarketing.com.br\/marketing\/wp-json\/wp\/v2\/users\/1"}],"replies":[{"embeddable":true,"href":"https:\/\/www.cidademarketing.com.br\/marketing\/wp-json\/wp\/v2\/comments?post=3037"}],"version-history":[{"count":3,"href":"https:\/\/www.cidademarketing.com.br\/marketing\/wp-json\/wp\/v2\/posts\/3037\/revisions"}],"predecessor-version":[{"id":3045,"href":"https:\/\/www.cidademarketing.com.br\/marketing\/wp-json\/wp\/v2\/posts\/3037\/revisions\/3045"}],"wp:featuredmedia":[{"embeddable":true,"href":"https:\/\/www.cidademarketing.com.br\/marketing\/wp-json\/wp\/v2\/media\/3038"}],"wp:attachment":[{"href":"https:\/\/www.cidademarketing.com.br\/marketing\/wp-json\/wp\/v2\/media?parent=3037"}],"wp:term":[{"taxonomy":"category","embeddable":true,"href":"https:\/\/www.cidademarketing.com.br\/marketing\/wp-json\/wp\/v2\/categories?post=3037"},{"taxonomy":"post_tag","embeddable":true,"href":"https:\/\/www.cidademarketing.com.br\/marketing\/wp-json\/wp\/v2\/tags?post=3037"}],"curies":[{"name":"wp","href":"https:\/\/api.w.org\/{rel}","templated":true}]}}