{"id":30322,"date":"2021-10-12T20:09:00","date_gmt":"2021-10-12T23:09:00","guid":{"rendered":"https:\/\/www.cidademarketing.com.br\/marketing\/?p=30322"},"modified":"2021-10-12T20:09:03","modified_gmt":"2021-10-12T23:09:03","slug":"rayssa-leal-e-falcao-geracoes-diferentes-a-mesma-pegada-em-nome-da-diversao-no-esporte","status":"publish","type":"post","link":"https:\/\/www.cidademarketing.com.br\/marketing\/2021\/10\/12\/rayssa-leal-e-falcao-geracoes-diferentes-a-mesma-pegada-em-nome-da-diversao-no-esporte\/","title":{"rendered":"Rayssa Leal e Falc\u00e3o: gera\u00e7\u00f5es diferentes, a mesma pegada em nome da divers\u00e3o no esporte"},"content":{"rendered":"\n<p><\/p><iframe src=\"https:\/\/open.spotify.com\/embed\/show\/4khMKzP3FgFRWVwb73xicc\" width=\"100%\" height=\"232\" frameBorder=\"0\" allowtransparency=\"true\" allow=\"encrypted-media\"><\/iframe>\t\n\n\n\n\n<p>Rayssa Leal\u00a0escreveu\u00a0cedo seu nome na hist\u00f3ria do esporte. Aos 13 anos de idade, se tornou a atleta mais jovem do Brasil a conquistar uma medalha ol\u00edmpica. A imagem da menina no p\u00f3dio dos Jogos de T\u00f3quio n\u00e3o ser\u00e1 a \u00fanica eternizada em 2021. A cena de Rayssa dan\u00e7ando durante a disputa da modalidade street do skate viralizou. N\u00e3o apenas pelo ineditismo, mas principalmente, por ser uma express\u00e3o pura da alegria do esporte. Trinta e um anos mais velho, Falc\u00e3o, o Pel\u00e9 do futsal, tamb\u00e9m construiu uma carreira not\u00f3ria tanto pelos t\u00edtulos quanto pelo espet\u00e1culo proporcionado por jogadas de efeito capazes de arrancar aplausos e sorrisos do p\u00fablico.<br><br>Rayssa e Falc\u00e3o s\u00e3o de gera\u00e7\u00f5es diferentes, praticam esportes distintos, mas convergem quanto ao prazer da pr\u00e1tica esportiva. Seja com a bola nos p\u00e9s ou com os p\u00e9s sobre um skate, ambos sabem unir competitividade, performance em alto n\u00edvel e uma dose generosa de divers\u00e3o.\u00a0Os dois t\u00eam encontro marcado nesta quarta-feira (13), justamente para falar sobre o tema: \u201cComo competir se divertindo\u201d. O encontro faz parte do quarto do m\u00f3dulo do Liga NESCAU\u00ae Summit, a partir das 19h, no site\u00a0<a href=\"https:\/\/www.liganescau.com.br\/\" data-type=\"URL\" data-id=\"https:\/\/www.liganescau.com.br\/\" target=\"_blank\" rel=\"noreferrer noopener\">www.liganescau.com.br<\/a>. Para participar, basta se inscrever gratuitamente no mesmo endere\u00e7o eletr\u00f4nico.<br><br>Al\u00e9m de Rayssa e Falc\u00e3o, o debate sobre esporte e divers\u00e3o contar\u00e1 tamb\u00e9m com as presen\u00e7as de Masterson Felix \u201cMagr\u00e3o\u201d, skatista profissional, e Esther Fasterra, professora de gest\u00e3o de esportes, marketing, eventos e arenas. Durante toda a programa\u00e7\u00e3o, os profissionais podem enviar perguntas e tamb\u00e9m participar de promo\u00e7\u00f5es e ganhar pr\u00eamios fornecidos pela Penalty, parceira do Liga NESCAU\u00ae Summit.<br><br>Ap\u00f3s o debate sobre divers\u00e3o no esporte, o clima de alto astral continua, desta vez com a presen\u00e7a de grandes nomes da dan\u00e7a, como Ana Botafogo &#8211; considerada pelo p\u00fablico e pela cr\u00edtica uma das mais importantes bailarinas brasileiras de todos os tempos \u2013 e Carlinhos de Jesus, sin\u00f4nimo da dan\u00e7a de sal\u00e3o e refer\u00eancia nacional como dan\u00e7arino, core\u00f3grafo, diretor e professor, al\u00e9m de pedagogo por forma\u00e7\u00e3o.<br><br>No encerramento da programa\u00e7\u00e3o,\u00a0Ivaldo Bertazzo (educador f\u00edsico, pesquisador, core\u00f3grafo e mundialmente premiado diretor art\u00edstico) e\u00a0Vit\u00f3ria Bueno Boche (que nasceu com uma defici\u00eancia cong\u00eanita nos membros superiores\u00a0e se tornou exemplo ao se dedicar ao ballet cl\u00e1ssico, sapateado e jazz dance) participam de uma viv\u00eancia pr\u00e1tica.<br><br><strong>Confira os pr\u00f3ximos temas do encontro virtual do Summit:<\/strong><br>13\/10<br>Updates t\u00e9cnicos sobre modalidades esportivas.<br><br>20\/10<br>Lideran\u00e7a e empreendedorismo para professores de educa\u00e7\u00e3o\u00a0f\u00edsica.<br><br>27\/10<br>Diversidade e inclus\u00e3o no esporte.<br><br>3\/11<br>Tecnologia, games e plataformas sociais voltadas para a educa\u00e7\u00e3o f\u00edsica.<br><br><strong>Inscri\u00e7\u00f5es para a Liga &#8211;<\/strong>\u00a0O Summit integra a programa\u00e7\u00e3o da Liga NESCAU\u00ae 2021. A maior competi\u00e7\u00e3o estudantil do Brasil e primeira a unir esportes convencionais e paral\u00edmpicos j\u00e1 est\u00e1 com inscri\u00e7\u00f5es abertas. para meninos e meninas entre 8 e 17 anos. O evento \u00e9 100% digital e gratuito para todo o Brasil. Para participar, basta preencher o cadastro no site\u00a0www.liganescau.com.br\u00a0e pode ser confirmada tanto pelos pais como pelos professores de educa\u00e7\u00e3o f\u00edsica.<br><br>O site da Liga NESCAU\u00ae traz todas as informa\u00e7\u00f5es sobre como gravar e enviar os v\u00eddeos para entrar na competi\u00e7\u00e3o. S\u00e3o 16 modalidades, sendo dez convencionais: atletismo, basquete, gin\u00e1stica, gin\u00e1stica r\u00edtmica, skate, dan\u00e7a, v\u00f4lei, futebol, xadrez e o \u201cFa\u00e7a voc\u00ea\u201d, com diferentes desafios de atividade f\u00edsica. Os esportes adaptados s\u00e3o seis: atletismo, basquete, gin\u00e1stica, dan\u00e7a, v\u00f4lei e \u201cFa\u00e7a voc\u00ea\u201d. As categorias s\u00e3o Kids (8 a 10 anos), Mirim (11 a 13 anos), Infantil (14 a 15 anos), Juvenil (16 a 17 anos), \u00danica (8 a 17 anos &#8211; para esportes adaptados) e Livre (a partir de 8 anos).<\/p>\n\n\n\n<p><br><\/p><iframe allow=\"autoplay *; encrypted-media *; fullscreen *\" frameborder=\"0\" height=\"450\" style=\"width:100%;max-width:660px;overflow:hidden;background:transparent;\" sandbox=\"allow-forms allow-popups allow-same-origin allow-scripts allow-storage-access-by-user-activation allow-top-navigation-by-user-activation\" src=\"https:\/\/embed.podcasts.apple.com\/br\/podcast\/podcast-cidademarketing\/id1371923283\"><\/iframe>\n\n","protected":false},"excerpt":{"rendered":"<p>Rayssa Leal\u00a0escreveu\u00a0cedo seu nome na hist\u00f3ria do esporte. Aos 13 anos de idade, se tornou a atleta mais jovem do Brasil a conquistar uma medalha ol\u00edmpica. A imagem da menina no p\u00f3dio dos Jogos de T\u00f3quio n\u00e3o ser\u00e1 a \u00fanica eternizada em 2021. A cena de Rayssa dan\u00e7ando durante a disputa da modalidade street do [&hellip;]<\/p>\n","protected":false},"author":1,"featured_media":29394,"comment_status":"open","ping_status":"open","sticky":false,"template":"","format":"standard","meta":{"tdm_status":"","tdm_grid_status":"","footnotes":""},"categories":[6],"tags":[308,33,4705,4254],"class_list":["post-30322","post","type-post","status-publish","format-standard","has-post-thumbnail","hentry","category-noticias","tag-comunicacao","tag-estrategia","tag-nescau-3","tag-rayssa-leal"],"yoast_head":"<!-- This site is optimized with the Yoast SEO plugin v27.5 - https:\/\/yoast.com\/product\/yoast-seo-wordpress\/ -->\n<title>Rayssa Leal e Falc\u00e3o: gera\u00e7\u00f5es diferentes, a mesma pegada em nome da divers\u00e3o no esporte - CidadeMarketing<\/title>\n<meta name=\"robots\" content=\"index, follow, max-snippet:-1, max-image-preview:large, max-video-preview:-1\" \/>\n<link rel=\"canonical\" href=\"https:\/\/www.cidademarketing.com.br\/marketing\/2021\/10\/12\/rayssa-leal-e-falcao-geracoes-diferentes-a-mesma-pegada-em-nome-da-diversao-no-esporte\/\" \/>\n<meta property=\"og:locale\" content=\"pt_BR\" \/>\n<meta property=\"og:type\" content=\"article\" \/>\n<meta property=\"og:title\" content=\"Rayssa Leal e Falc\u00e3o: gera\u00e7\u00f5es diferentes, a mesma pegada em nome da divers\u00e3o no esporte - CidadeMarketing\" \/>\n<meta property=\"og:description\" content=\"Rayssa Leal\u00a0escreveu\u00a0cedo seu nome na hist\u00f3ria do esporte. Aos 13 anos de idade, se tornou a atleta mais jovem do Brasil a conquistar uma medalha ol\u00edmpica. A imagem da menina no p\u00f3dio dos Jogos de T\u00f3quio n\u00e3o ser\u00e1 a \u00fanica eternizada em 2021. A cena de Rayssa dan\u00e7ando durante a disputa da modalidade street do [&hellip;]\" \/>\n<meta property=\"og:url\" content=\"https:\/\/www.cidademarketing.com.br\/marketing\/2021\/10\/12\/rayssa-leal-e-falcao-geracoes-diferentes-a-mesma-pegada-em-nome-da-diversao-no-esporte\/\" \/>\n<meta property=\"og:site_name\" content=\"CidadeMarketing\" \/>\n<meta property=\"article:publisher\" content=\"https:\/\/www.facebook.com\/portalcidademarketing\" \/>\n<meta property=\"article:author\" content=\"https:\/\/www.facebook.com\/thalesbrandao\" \/>\n<meta property=\"article:published_time\" content=\"2021-10-12T23:09:00+00:00\" \/>\n<meta property=\"article:modified_time\" content=\"2021-10-12T23:09:03+00:00\" \/>\n<meta property=\"og:image\" content=\"https:\/\/www.cidademarketing.com.br\/marketing\/wp-content\/uploads\/2021\/09\/nescau_educacao.jpg\" \/>\n\t<meta property=\"og:image:width\" content=\"660\" \/>\n\t<meta property=\"og:image:height\" content=\"229\" \/>\n\t<meta property=\"og:image:type\" content=\"image\/jpeg\" \/>\n<meta name=\"author\" content=\"Thales Brand\u00e3o\" \/>\n<meta name=\"twitter:card\" content=\"summary_large_image\" \/>\n<meta name=\"twitter:creator\" content=\"@http:\/\/www.twitter.com\/thalesbrandao\" \/>\n<meta name=\"twitter:site\" content=\"@CidadeMarketing\" \/>\n<meta name=\"twitter:label1\" content=\"Escrito por\" \/>\n\t<meta name=\"twitter:data1\" content=\"Thales Brand\u00e3o\" \/>\n\t<meta name=\"twitter:label2\" content=\"Est. tempo de leitura\" \/>\n\t<meta name=\"twitter:data2\" content=\"3 minutos\" \/>\n<script type=\"application\/ld+json\" class=\"yoast-schema-graph\">{\"@context\":\"https:\\\/\\\/schema.org\",\"@graph\":[{\"@type\":\"Article\",\"@id\":\"https:\\\/\\\/www.cidademarketing.com.br\\\/marketing\\\/2021\\\/10\\\/12\\\/rayssa-leal-e-falcao-geracoes-diferentes-a-mesma-pegada-em-nome-da-diversao-no-esporte\\\/#article\",\"isPartOf\":{\"@id\":\"https:\\\/\\\/www.cidademarketing.com.br\\\/marketing\\\/2021\\\/10\\\/12\\\/rayssa-leal-e-falcao-geracoes-diferentes-a-mesma-pegada-em-nome-da-diversao-no-esporte\\\/\"},\"author\":{\"name\":\"Thales Brand\u00e3o\",\"@id\":\"https:\\\/\\\/www.cidademarketing.com.br\\\/marketing\\\/#\\\/schema\\\/person\\\/02daff9f18bd9378c9e01eb6b2db155f\"},\"headline\":\"Rayssa Leal e Falc\u00e3o: gera\u00e7\u00f5es diferentes, a mesma pegada em nome da divers\u00e3o no esporte\",\"datePublished\":\"2021-10-12T23:09:00+00:00\",\"dateModified\":\"2021-10-12T23:09:03+00:00\",\"mainEntityOfPage\":{\"@id\":\"https:\\\/\\\/www.cidademarketing.com.br\\\/marketing\\\/2021\\\/10\\\/12\\\/rayssa-leal-e-falcao-geracoes-diferentes-a-mesma-pegada-em-nome-da-diversao-no-esporte\\\/\"},\"wordCount\":680,\"commentCount\":0,\"publisher\":{\"@id\":\"https:\\\/\\\/www.cidademarketing.com.br\\\/marketing\\\/#organization\"},\"image\":{\"@id\":\"https:\\\/\\\/www.cidademarketing.com.br\\\/marketing\\\/2021\\\/10\\\/12\\\/rayssa-leal-e-falcao-geracoes-diferentes-a-mesma-pegada-em-nome-da-diversao-no-esporte\\\/#primaryimage\"},\"thumbnailUrl\":\"https:\\\/\\\/www.cidademarketing.com.br\\\/marketing\\\/wp-content\\\/uploads\\\/2021\\\/09\\\/nescau_educacao.jpg\",\"keywords\":[\"comunica\u00e7\u00e3o\",\"estrat\u00e9gia\",\"NESCAU\u00ae\",\"Rayssa Leal\"],\"articleSection\":[\"Not\u00edcias\"],\"inLanguage\":\"pt-BR\",\"potentialAction\":[{\"@type\":\"CommentAction\",\"name\":\"Comment\",\"target\":[\"https:\\\/\\\/www.cidademarketing.com.br\\\/marketing\\\/2021\\\/10\\\/12\\\/rayssa-leal-e-falcao-geracoes-diferentes-a-mesma-pegada-em-nome-da-diversao-no-esporte\\\/#respond\"]}]},{\"@type\":\"WebPage\",\"@id\":\"https:\\\/\\\/www.cidademarketing.com.br\\\/marketing\\\/2021\\\/10\\\/12\\\/rayssa-leal-e-falcao-geracoes-diferentes-a-mesma-pegada-em-nome-da-diversao-no-esporte\\\/\",\"url\":\"https:\\\/\\\/www.cidademarketing.com.br\\\/marketing\\\/2021\\\/10\\\/12\\\/rayssa-leal-e-falcao-geracoes-diferentes-a-mesma-pegada-em-nome-da-diversao-no-esporte\\\/\",\"name\":\"Rayssa Leal e Falc\u00e3o: gera\u00e7\u00f5es diferentes, a mesma pegada em nome da divers\u00e3o no esporte - CidadeMarketing\",\"isPartOf\":{\"@id\":\"https:\\\/\\\/www.cidademarketing.com.br\\\/marketing\\\/#website\"},\"primaryImageOfPage\":{\"@id\":\"https:\\\/\\\/www.cidademarketing.com.br\\\/marketing\\\/2021\\\/10\\\/12\\\/rayssa-leal-e-falcao-geracoes-diferentes-a-mesma-pegada-em-nome-da-diversao-no-esporte\\\/#primaryimage\"},\"image\":{\"@id\":\"https:\\\/\\\/www.cidademarketing.com.br\\\/marketing\\\/2021\\\/10\\\/12\\\/rayssa-leal-e-falcao-geracoes-diferentes-a-mesma-pegada-em-nome-da-diversao-no-esporte\\\/#primaryimage\"},\"thumbnailUrl\":\"https:\\\/\\\/www.cidademarketing.com.br\\\/marketing\\\/wp-content\\\/uploads\\\/2021\\\/09\\\/nescau_educacao.jpg\",\"datePublished\":\"2021-10-12T23:09:00+00:00\",\"dateModified\":\"2021-10-12T23:09:03+00:00\",\"breadcrumb\":{\"@id\":\"https:\\\/\\\/www.cidademarketing.com.br\\\/marketing\\\/2021\\\/10\\\/12\\\/rayssa-leal-e-falcao-geracoes-diferentes-a-mesma-pegada-em-nome-da-diversao-no-esporte\\\/#breadcrumb\"},\"inLanguage\":\"pt-BR\",\"potentialAction\":[{\"@type\":\"ReadAction\",\"target\":[\"https:\\\/\\\/www.cidademarketing.com.br\\\/marketing\\\/2021\\\/10\\\/12\\\/rayssa-leal-e-falcao-geracoes-diferentes-a-mesma-pegada-em-nome-da-diversao-no-esporte\\\/\"]}]},{\"@type\":\"ImageObject\",\"inLanguage\":\"pt-BR\",\"@id\":\"https:\\\/\\\/www.cidademarketing.com.br\\\/marketing\\\/2021\\\/10\\\/12\\\/rayssa-leal-e-falcao-geracoes-diferentes-a-mesma-pegada-em-nome-da-diversao-no-esporte\\\/#primaryimage\",\"url\":\"https:\\\/\\\/www.cidademarketing.com.br\\\/marketing\\\/wp-content\\\/uploads\\\/2021\\\/09\\\/nescau_educacao.jpg\",\"contentUrl\":\"https:\\\/\\\/www.cidademarketing.com.br\\\/marketing\\\/wp-content\\\/uploads\\\/2021\\\/09\\\/nescau_educacao.jpg\",\"width\":660,\"height\":229},{\"@type\":\"BreadcrumbList\",\"@id\":\"https:\\\/\\\/www.cidademarketing.com.br\\\/marketing\\\/2021\\\/10\\\/12\\\/rayssa-leal-e-falcao-geracoes-diferentes-a-mesma-pegada-em-nome-da-diversao-no-esporte\\\/#breadcrumb\",\"itemListElement\":[{\"@type\":\"ListItem\",\"position\":1,\"name\":\"In\u00edcio\",\"item\":\"https:\\\/\\\/www.cidademarketing.com.br\\\/marketing\\\/\"},{\"@type\":\"ListItem\",\"position\":2,\"name\":\"Rayssa Leal e Falc\u00e3o: gera\u00e7\u00f5es diferentes, a mesma pegada em nome da divers\u00e3o no esporte\"}]},{\"@type\":\"WebSite\",\"@id\":\"https:\\\/\\\/www.cidademarketing.com.br\\\/marketing\\\/#website\",\"url\":\"https:\\\/\\\/www.cidademarketing.com.br\\\/marketing\\\/\",\"name\":\"CidadeMarketing\",\"description\":\"Somos um ve\u00edculo de comunica\u00e7\u00e3o de destaque no Brasil, reconhecido por conte\u00fados nos segmentos de marketing, empreendedorismo e inova\u00e7\u00e3o.\",\"publisher\":{\"@id\":\"https:\\\/\\\/www.cidademarketing.com.br\\\/marketing\\\/#organization\"},\"alternateName\":\"CidadeMarketing\",\"potentialAction\":[{\"@type\":\"SearchAction\",\"target\":{\"@type\":\"EntryPoint\",\"urlTemplate\":\"https:\\\/\\\/www.cidademarketing.com.br\\\/marketing\\\/?s={search_term_string}\"},\"query-input\":{\"@type\":\"PropertyValueSpecification\",\"valueRequired\":true,\"valueName\":\"search_term_string\"}}],\"inLanguage\":\"pt-BR\"},{\"@type\":\"Organization\",\"@id\":\"https:\\\/\\\/www.cidademarketing.com.br\\\/marketing\\\/#organization\",\"name\":\"CidadeMarketing\",\"alternateName\":\"CidadeMarketing\",\"url\":\"https:\\\/\\\/www.cidademarketing.com.br\\\/marketing\\\/\",\"logo\":{\"@type\":\"ImageObject\",\"inLanguage\":\"pt-BR\",\"@id\":\"https:\\\/\\\/www.cidademarketing.com.br\\\/marketing\\\/#\\\/schema\\\/logo\\\/image\\\/\",\"url\":\"https:\\\/\\\/www.cidademarketing.com.br\\\/marketing\\\/wp-content\\\/uploads\\\/2020\\\/01\\\/cidademarketing_marca_mobile.png\",\"contentUrl\":\"https:\\\/\\\/www.cidademarketing.com.br\\\/marketing\\\/wp-content\\\/uploads\\\/2020\\\/01\\\/cidademarketing_marca_mobile.png\",\"width\":230,\"height\":92,\"caption\":\"CidadeMarketing\"},\"image\":{\"@id\":\"https:\\\/\\\/www.cidademarketing.com.br\\\/marketing\\\/#\\\/schema\\\/logo\\\/image\\\/\"},\"sameAs\":[\"https:\\\/\\\/www.facebook.com\\\/portalcidademarketing\",\"https:\\\/\\\/x.com\\\/CidadeMarketing\",\"https:\\\/\\\/www.instagram.com\\\/cidademarketing\\\/\"]},{\"@type\":\"Person\",\"@id\":\"https:\\\/\\\/www.cidademarketing.com.br\\\/marketing\\\/#\\\/schema\\\/person\\\/02daff9f18bd9378c9e01eb6b2db155f\",\"name\":\"Thales Brand\u00e3o\",\"image\":{\"@type\":\"ImageObject\",\"inLanguage\":\"pt-BR\",\"@id\":\"https:\\\/\\\/secure.gravatar.com\\\/avatar\\\/7ca3206950207cc3cb48feec56a8a7898741ab725c368d99d5d7a5a50aab80c6?s=96&d=mm&r=g\",\"url\":\"https:\\\/\\\/secure.gravatar.com\\\/avatar\\\/7ca3206950207cc3cb48feec56a8a7898741ab725c368d99d5d7a5a50aab80c6?s=96&d=mm&r=g\",\"contentUrl\":\"https:\\\/\\\/secure.gravatar.com\\\/avatar\\\/7ca3206950207cc3cb48feec56a8a7898741ab725c368d99d5d7a5a50aab80c6?s=96&d=mm&r=g\",\"caption\":\"Thales Brand\u00e3o\"},\"description\":\"Editor Executivo do Portal CidadeMarketing.com.br &gt; Mestre em Comunica\u00e7\u00e3o e Sociedade pela Universidade Federal de Sergipe. Possui MBA Executivo em Administra\u00e7\u00e3o com \u00eanfase em Marketing pela Funda\u00e7\u00e3o Get\u00falio Vargas - Rio de Janeiro. Consultor, Palestrante e Pesquisador sobre Empreendedorismo, Marketing, Redes Sociais e Neg\u00f3cios Digitais. Professor, Palestrante TedxTalks e Campus Party. Twitter: @ThalesBrandao\",\"sameAs\":[\"http:\\\/\\\/www.mandacaru.com.br\",\"https:\\\/\\\/www.facebook.com\\\/thalesbrandao\",\"http:\\\/\\\/www.instagram.com.br\\\/thalesbrandaoferreira\",\"https:\\\/\\\/www.linkedin.com\\\/in\\\/thales-brand\u00e3o-3948609\\\/\",\"https:\\\/\\\/x.com\\\/http:\\\/\\\/www.twitter.com\\\/thalesbrandao\"],\"url\":\"https:\\\/\\\/www.cidademarketing.com.br\\\/marketing\\\/author\\\/thalesbrandao\\\/\"}]}<\/script>\n<!-- \/ Yoast SEO plugin. -->","yoast_head_json":{"title":"Rayssa Leal e Falc\u00e3o: gera\u00e7\u00f5es diferentes, a mesma pegada em nome da divers\u00e3o no esporte - CidadeMarketing","robots":{"index":"index","follow":"follow","max-snippet":"max-snippet:-1","max-image-preview":"max-image-preview:large","max-video-preview":"max-video-preview:-1"},"canonical":"https:\/\/www.cidademarketing.com.br\/marketing\/2021\/10\/12\/rayssa-leal-e-falcao-geracoes-diferentes-a-mesma-pegada-em-nome-da-diversao-no-esporte\/","og_locale":"pt_BR","og_type":"article","og_title":"Rayssa Leal e Falc\u00e3o: gera\u00e7\u00f5es diferentes, a mesma pegada em nome da divers\u00e3o no esporte - CidadeMarketing","og_description":"Rayssa Leal\u00a0escreveu\u00a0cedo seu nome na hist\u00f3ria do esporte. Aos 13 anos de idade, se tornou a atleta mais jovem do Brasil a conquistar uma medalha ol\u00edmpica. A imagem da menina no p\u00f3dio dos Jogos de T\u00f3quio n\u00e3o ser\u00e1 a \u00fanica eternizada em 2021. A cena de Rayssa dan\u00e7ando durante a disputa da modalidade street do [&hellip;]","og_url":"https:\/\/www.cidademarketing.com.br\/marketing\/2021\/10\/12\/rayssa-leal-e-falcao-geracoes-diferentes-a-mesma-pegada-em-nome-da-diversao-no-esporte\/","og_site_name":"CidadeMarketing","article_publisher":"https:\/\/www.facebook.com\/portalcidademarketing","article_author":"https:\/\/www.facebook.com\/thalesbrandao","article_published_time":"2021-10-12T23:09:00+00:00","article_modified_time":"2021-10-12T23:09:03+00:00","og_image":[{"width":660,"height":229,"url":"https:\/\/www.cidademarketing.com.br\/marketing\/wp-content\/uploads\/2021\/09\/nescau_educacao.jpg","type":"image\/jpeg"}],"author":"Thales Brand\u00e3o","twitter_card":"summary_large_image","twitter_creator":"@http:\/\/www.twitter.com\/thalesbrandao","twitter_site":"@CidadeMarketing","twitter_misc":{"Escrito por":"Thales Brand\u00e3o","Est. tempo de leitura":"3 minutos"},"schema":{"@context":"https:\/\/schema.org","@graph":[{"@type":"Article","@id":"https:\/\/www.cidademarketing.com.br\/marketing\/2021\/10\/12\/rayssa-leal-e-falcao-geracoes-diferentes-a-mesma-pegada-em-nome-da-diversao-no-esporte\/#article","isPartOf":{"@id":"https:\/\/www.cidademarketing.com.br\/marketing\/2021\/10\/12\/rayssa-leal-e-falcao-geracoes-diferentes-a-mesma-pegada-em-nome-da-diversao-no-esporte\/"},"author":{"name":"Thales Brand\u00e3o","@id":"https:\/\/www.cidademarketing.com.br\/marketing\/#\/schema\/person\/02daff9f18bd9378c9e01eb6b2db155f"},"headline":"Rayssa Leal e Falc\u00e3o: gera\u00e7\u00f5es diferentes, a mesma pegada em nome da divers\u00e3o no esporte","datePublished":"2021-10-12T23:09:00+00:00","dateModified":"2021-10-12T23:09:03+00:00","mainEntityOfPage":{"@id":"https:\/\/www.cidademarketing.com.br\/marketing\/2021\/10\/12\/rayssa-leal-e-falcao-geracoes-diferentes-a-mesma-pegada-em-nome-da-diversao-no-esporte\/"},"wordCount":680,"commentCount":0,"publisher":{"@id":"https:\/\/www.cidademarketing.com.br\/marketing\/#organization"},"image":{"@id":"https:\/\/www.cidademarketing.com.br\/marketing\/2021\/10\/12\/rayssa-leal-e-falcao-geracoes-diferentes-a-mesma-pegada-em-nome-da-diversao-no-esporte\/#primaryimage"},"thumbnailUrl":"https:\/\/www.cidademarketing.com.br\/marketing\/wp-content\/uploads\/2021\/09\/nescau_educacao.jpg","keywords":["comunica\u00e7\u00e3o","estrat\u00e9gia","NESCAU\u00ae","Rayssa Leal"],"articleSection":["Not\u00edcias"],"inLanguage":"pt-BR","potentialAction":[{"@type":"CommentAction","name":"Comment","target":["https:\/\/www.cidademarketing.com.br\/marketing\/2021\/10\/12\/rayssa-leal-e-falcao-geracoes-diferentes-a-mesma-pegada-em-nome-da-diversao-no-esporte\/#respond"]}]},{"@type":"WebPage","@id":"https:\/\/www.cidademarketing.com.br\/marketing\/2021\/10\/12\/rayssa-leal-e-falcao-geracoes-diferentes-a-mesma-pegada-em-nome-da-diversao-no-esporte\/","url":"https:\/\/www.cidademarketing.com.br\/marketing\/2021\/10\/12\/rayssa-leal-e-falcao-geracoes-diferentes-a-mesma-pegada-em-nome-da-diversao-no-esporte\/","name":"Rayssa Leal e Falc\u00e3o: gera\u00e7\u00f5es diferentes, a mesma pegada em nome da divers\u00e3o no esporte - CidadeMarketing","isPartOf":{"@id":"https:\/\/www.cidademarketing.com.br\/marketing\/#website"},"primaryImageOfPage":{"@id":"https:\/\/www.cidademarketing.com.br\/marketing\/2021\/10\/12\/rayssa-leal-e-falcao-geracoes-diferentes-a-mesma-pegada-em-nome-da-diversao-no-esporte\/#primaryimage"},"image":{"@id":"https:\/\/www.cidademarketing.com.br\/marketing\/2021\/10\/12\/rayssa-leal-e-falcao-geracoes-diferentes-a-mesma-pegada-em-nome-da-diversao-no-esporte\/#primaryimage"},"thumbnailUrl":"https:\/\/www.cidademarketing.com.br\/marketing\/wp-content\/uploads\/2021\/09\/nescau_educacao.jpg","datePublished":"2021-10-12T23:09:00+00:00","dateModified":"2021-10-12T23:09:03+00:00","breadcrumb":{"@id":"https:\/\/www.cidademarketing.com.br\/marketing\/2021\/10\/12\/rayssa-leal-e-falcao-geracoes-diferentes-a-mesma-pegada-em-nome-da-diversao-no-esporte\/#breadcrumb"},"inLanguage":"pt-BR","potentialAction":[{"@type":"ReadAction","target":["https:\/\/www.cidademarketing.com.br\/marketing\/2021\/10\/12\/rayssa-leal-e-falcao-geracoes-diferentes-a-mesma-pegada-em-nome-da-diversao-no-esporte\/"]}]},{"@type":"ImageObject","inLanguage":"pt-BR","@id":"https:\/\/www.cidademarketing.com.br\/marketing\/2021\/10\/12\/rayssa-leal-e-falcao-geracoes-diferentes-a-mesma-pegada-em-nome-da-diversao-no-esporte\/#primaryimage","url":"https:\/\/www.cidademarketing.com.br\/marketing\/wp-content\/uploads\/2021\/09\/nescau_educacao.jpg","contentUrl":"https:\/\/www.cidademarketing.com.br\/marketing\/wp-content\/uploads\/2021\/09\/nescau_educacao.jpg","width":660,"height":229},{"@type":"BreadcrumbList","@id":"https:\/\/www.cidademarketing.com.br\/marketing\/2021\/10\/12\/rayssa-leal-e-falcao-geracoes-diferentes-a-mesma-pegada-em-nome-da-diversao-no-esporte\/#breadcrumb","itemListElement":[{"@type":"ListItem","position":1,"name":"In\u00edcio","item":"https:\/\/www.cidademarketing.com.br\/marketing\/"},{"@type":"ListItem","position":2,"name":"Rayssa Leal e Falc\u00e3o: gera\u00e7\u00f5es diferentes, a mesma pegada em nome da divers\u00e3o no esporte"}]},{"@type":"WebSite","@id":"https:\/\/www.cidademarketing.com.br\/marketing\/#website","url":"https:\/\/www.cidademarketing.com.br\/marketing\/","name":"CidadeMarketing","description":"Somos um ve\u00edculo de comunica\u00e7\u00e3o de destaque no Brasil, reconhecido por conte\u00fados nos segmentos de marketing, empreendedorismo e inova\u00e7\u00e3o.","publisher":{"@id":"https:\/\/www.cidademarketing.com.br\/marketing\/#organization"},"alternateName":"CidadeMarketing","potentialAction":[{"@type":"SearchAction","target":{"@type":"EntryPoint","urlTemplate":"https:\/\/www.cidademarketing.com.br\/marketing\/?s={search_term_string}"},"query-input":{"@type":"PropertyValueSpecification","valueRequired":true,"valueName":"search_term_string"}}],"inLanguage":"pt-BR"},{"@type":"Organization","@id":"https:\/\/www.cidademarketing.com.br\/marketing\/#organization","name":"CidadeMarketing","alternateName":"CidadeMarketing","url":"https:\/\/www.cidademarketing.com.br\/marketing\/","logo":{"@type":"ImageObject","inLanguage":"pt-BR","@id":"https:\/\/www.cidademarketing.com.br\/marketing\/#\/schema\/logo\/image\/","url":"https:\/\/www.cidademarketing.com.br\/marketing\/wp-content\/uploads\/2020\/01\/cidademarketing_marca_mobile.png","contentUrl":"https:\/\/www.cidademarketing.com.br\/marketing\/wp-content\/uploads\/2020\/01\/cidademarketing_marca_mobile.png","width":230,"height":92,"caption":"CidadeMarketing"},"image":{"@id":"https:\/\/www.cidademarketing.com.br\/marketing\/#\/schema\/logo\/image\/"},"sameAs":["https:\/\/www.facebook.com\/portalcidademarketing","https:\/\/x.com\/CidadeMarketing","https:\/\/www.instagram.com\/cidademarketing\/"]},{"@type":"Person","@id":"https:\/\/www.cidademarketing.com.br\/marketing\/#\/schema\/person\/02daff9f18bd9378c9e01eb6b2db155f","name":"Thales Brand\u00e3o","image":{"@type":"ImageObject","inLanguage":"pt-BR","@id":"https:\/\/secure.gravatar.com\/avatar\/7ca3206950207cc3cb48feec56a8a7898741ab725c368d99d5d7a5a50aab80c6?s=96&d=mm&r=g","url":"https:\/\/secure.gravatar.com\/avatar\/7ca3206950207cc3cb48feec56a8a7898741ab725c368d99d5d7a5a50aab80c6?s=96&d=mm&r=g","contentUrl":"https:\/\/secure.gravatar.com\/avatar\/7ca3206950207cc3cb48feec56a8a7898741ab725c368d99d5d7a5a50aab80c6?s=96&d=mm&r=g","caption":"Thales Brand\u00e3o"},"description":"Editor Executivo do Portal CidadeMarketing.com.br &gt; Mestre em Comunica\u00e7\u00e3o e Sociedade pela Universidade Federal de Sergipe. Possui MBA Executivo em Administra\u00e7\u00e3o com \u00eanfase em Marketing pela Funda\u00e7\u00e3o Get\u00falio Vargas - Rio de Janeiro. Consultor, Palestrante e Pesquisador sobre Empreendedorismo, Marketing, Redes Sociais e Neg\u00f3cios Digitais. Professor, Palestrante TedxTalks e Campus Party. Twitter: @ThalesBrandao","sameAs":["http:\/\/www.mandacaru.com.br","https:\/\/www.facebook.com\/thalesbrandao","http:\/\/www.instagram.com.br\/thalesbrandaoferreira","https:\/\/www.linkedin.com\/in\/thales-brand\u00e3o-3948609\/","https:\/\/x.com\/http:\/\/www.twitter.com\/thalesbrandao"],"url":"https:\/\/www.cidademarketing.com.br\/marketing\/author\/thalesbrandao\/"}]}},"amp_enabled":true,"_links":{"self":[{"href":"https:\/\/www.cidademarketing.com.br\/marketing\/wp-json\/wp\/v2\/posts\/30322","targetHints":{"allow":["GET"]}}],"collection":[{"href":"https:\/\/www.cidademarketing.com.br\/marketing\/wp-json\/wp\/v2\/posts"}],"about":[{"href":"https:\/\/www.cidademarketing.com.br\/marketing\/wp-json\/wp\/v2\/types\/post"}],"author":[{"embeddable":true,"href":"https:\/\/www.cidademarketing.com.br\/marketing\/wp-json\/wp\/v2\/users\/1"}],"replies":[{"embeddable":true,"href":"https:\/\/www.cidademarketing.com.br\/marketing\/wp-json\/wp\/v2\/comments?post=30322"}],"version-history":[{"count":1,"href":"https:\/\/www.cidademarketing.com.br\/marketing\/wp-json\/wp\/v2\/posts\/30322\/revisions"}],"predecessor-version":[{"id":30323,"href":"https:\/\/www.cidademarketing.com.br\/marketing\/wp-json\/wp\/v2\/posts\/30322\/revisions\/30323"}],"wp:featuredmedia":[{"embeddable":true,"href":"https:\/\/www.cidademarketing.com.br\/marketing\/wp-json\/wp\/v2\/media\/29394"}],"wp:attachment":[{"href":"https:\/\/www.cidademarketing.com.br\/marketing\/wp-json\/wp\/v2\/media?parent=30322"}],"wp:term":[{"taxonomy":"category","embeddable":true,"href":"https:\/\/www.cidademarketing.com.br\/marketing\/wp-json\/wp\/v2\/categories?post=30322"},{"taxonomy":"post_tag","embeddable":true,"href":"https:\/\/www.cidademarketing.com.br\/marketing\/wp-json\/wp\/v2\/tags?post=30322"}],"curies":[{"name":"wp","href":"https:\/\/api.w.org\/{rel}","templated":true}]}}