{"id":30241,"date":"2021-10-08T16:41:54","date_gmt":"2021-10-08T19:41:54","guid":{"rendered":"https:\/\/www.cidademarketing.com.br\/marketing\/?p=30241"},"modified":"2021-10-08T16:41:57","modified_gmt":"2021-10-08T19:41:57","slug":"allianz-parque-anuncia-patrocinio-do-grupo-heineken","status":"publish","type":"post","link":"https:\/\/www.cidademarketing.com.br\/marketing\/2021\/10\/08\/allianz-parque-anuncia-patrocinio-do-grupo-heineken\/","title":{"rendered":"Allianz Parque anuncia patroc\u00ednio do Grupo HEINEKEN"},"content":{"rendered":"\n<p><\/p><iframe src=\"https:\/\/open.spotify.com\/embed\/show\/4khMKzP3FgFRWVwb73xicc\" width=\"100%\" height=\"232\" frameBorder=\"0\" allowtransparency=\"true\" allow=\"encrypted-media\"><\/iframe>\t\n\n\n\n\n<p>O <strong>Allianz Parque<\/strong>, gerido pela <strong>WTorre Entretenimento<\/strong> &#8211; novo bra\u00e7o de atua\u00e7\u00e3o da WTorre &#8211; vem se refor\u00e7ando para conseguir, cada vez mais, entregar uma melhor experi\u00eancia ao seu p\u00fablico. Com isso, a Arena mais completa da Am\u00e9rica Latina anuncia hoje as suas <strong>novas patrocinadoras<\/strong>: as <strong>cervejas Heineken\u00ae e Amstel<\/strong>, ambas pertencentes ao portf\u00f3lio do <strong>Grupo HEINEKEN<\/strong>, com contrato at\u00e9 2026.<\/p>\n\n\n\n<p>As cervejas do Grupo juntam-se \u00e0s outras grandes marcas que j\u00e1 est\u00e3o presente na Arena: Allianz Seguros (<em>Naming Rights <\/em>da Arena);\u00a0 Banco Pine (<em>Sector Naming Rights<\/em>); Seara (<em>Food Rights<\/em>);\u00a0 Pede Pronto (aplicativo oficial de Alimentos e Bebida); iti (Meio de Pagamento Oficial); e Dahua (Parceiro Oficial de Tecnologia).\u00a0 \u201c<em>A nossa parceria com o Allianz Parque possibilita que a qualidade do portf\u00f3lio alco\u00f3lico e n\u00e3o alco\u00f3lico do Grupo HEINEKEN, em especial das cervejas Heineken\u00ae, Heineken 0.0 e Amstel, estejam cada vez mais presentes no dia a dia dos consumidores que gostam de apreciar uma boa cerveja, enquanto vivenciam grandes eventos de car\u00e1ter esportivo, musical ou de outra categoria<\/em>\u201d, comenta <strong>Guilherme Bail\u00e3o<\/strong>, <strong>diretor de Brand Experience e Patroc\u00ednios do Grupo HEINEKEN no Brasil<\/strong>.<br><br>Amstel \u00e9 uma cerveja puro malte nascida em Amsterd\u00e3, est\u00e1 no Brasil desde 2015, e traz de sua cidade de origem valores como respeito, diversidade, liberdade e autenticidade que permeiam diferentes iniciativas e plataformas de comunica\u00e7\u00e3o. A marca \u00e9 patrocinadora oficial da Conmebol Libertadores desde 2017.\u00a0 J\u00e1 a Heineken\u00ae, presente no Brasil\u00a0 desde 2010, \u00e9 hoje a cerveja premium l\u00edder de mercado, patrocinadora de grandes eventos de entretenimento e esportes, como UEFA Champions League, F\u00f3rmula 1, Rock in Rio, entre outros. Al\u00e9m da presen\u00e7a em grandes eventos do Allianz Parque, a parceria ainda integra a plataforma da marca Green Your City, que traz uma s\u00e9rie de iniciativas que ressignificam a rela\u00e7\u00e3o com as cidades e com a vida noturna, com um olhar sustent\u00e1vel.<br><br><em>&#8220;O patroc\u00ednio do Grupo HEINEKEN refor\u00e7a nossa voca\u00e7\u00e3o de sermos uma plataforma multimarcas. Temos no Allianz, mais que um est\u00e1dio, um centro de entretenimento com atividades di\u00e1rias. Al\u00e9m dos jogos de futebol temos uma vasta programa\u00e7\u00e3o de shows, eventos corporativos, atividade di\u00e1ria com o tour e, em breve, um pool de quatro restaurantes, tal diversidade de p\u00fablicos nos permite ampliar a nossa atua\u00e7\u00e3o no mercado de patroc\u00ednios e explora\u00e7\u00e3o de exclusividades de consumo.\u201d, <\/em>comenta <strong>Marcelo Fraz\u00e3o<\/strong>, <strong>Diretor de Marketing <\/strong>da<strong> WTorre Entretenimento<\/strong>.<br><br>Para dias de partidas oficiais disputadas dentro da Arena, os presentes ter\u00e3o \u00e0 disposi\u00e7\u00e3o a cerveja puro malte Heineken 0.0 em todos os setores. Essa medida se d\u00e1 por conta de bebidas alco\u00f3licas serem vetadas em jogos de futebol no Brasil at\u00e9 o momento.\u00a0 O Grupo HEINEKEN tamb\u00e9m ter\u00e1 exclusividade no consumo da categoria nos restaurantes do Allianz Parque. Hoje a arena disp\u00f5e do Restaurante Nagairo, focado em culin\u00e1ria japonesa e em breve contar\u00e1 com mais 3 op\u00e7\u00f5es de restaurantes &#8211; comida italiana, grelhados e hamburgueria. J\u00e1 em shows, os produtos estar\u00e3o dispon\u00edveis em regime de exclusividade em camarotes e lounges em op\u00e7\u00f5es alco\u00f3licas e n\u00e3o alco\u00f3licas.<\/p>\n\n\n\n<p><br><\/p><iframe allow=\"autoplay *; encrypted-media *; fullscreen *\" frameborder=\"0\" height=\"450\" style=\"width:100%;max-width:660px;overflow:hidden;background:transparent;\" sandbox=\"allow-forms allow-popups allow-same-origin allow-scripts allow-storage-access-by-user-activation allow-top-navigation-by-user-activation\" src=\"https:\/\/embed.podcasts.apple.com\/br\/podcast\/podcast-cidademarketing\/id1371923283\"><\/iframe>\n\n","protected":false},"excerpt":{"rendered":"<p>O Allianz Parque, gerido pela WTorre Entretenimento &#8211; novo bra\u00e7o de atua\u00e7\u00e3o da WTorre &#8211; vem se refor\u00e7ando para conseguir, cada vez mais, entregar uma melhor experi\u00eancia ao seu p\u00fablico. Com isso, a Arena mais completa da Am\u00e9rica Latina anuncia hoje as suas novas patrocinadoras: as cervejas Heineken\u00ae e Amstel, ambas pertencentes ao portf\u00f3lio do [&hellip;]<\/p>\n","protected":false},"author":1,"featured_media":30242,"comment_status":"open","ping_status":"open","sticky":false,"template":"","format":"standard","meta":{"tdm_status":"","tdm_grid_status":"","footnotes":""},"categories":[6],"tags":[3281,33,824,28,447],"class_list":["post-30241","post","type-post","status-publish","format-standard","has-post-thumbnail","hentry","category-noticias","tag-allianz-parque","tag-estrategia","tag-marekting","tag-marketing","tag-patrocinio"],"yoast_head":"<!-- This site is optimized with the Yoast SEO plugin v27.5 - https:\/\/yoast.com\/product\/yoast-seo-wordpress\/ -->\n<title>Allianz Parque anuncia patroc\u00ednio do Grupo HEINEKEN - CidadeMarketing<\/title>\n<meta name=\"robots\" content=\"index, follow, max-snippet:-1, max-image-preview:large, max-video-preview:-1\" \/>\n<link rel=\"canonical\" href=\"https:\/\/www.cidademarketing.com.br\/marketing\/2021\/10\/08\/allianz-parque-anuncia-patrocinio-do-grupo-heineken\/\" \/>\n<meta property=\"og:locale\" content=\"pt_BR\" \/>\n<meta property=\"og:type\" content=\"article\" \/>\n<meta property=\"og:title\" content=\"Allianz Parque anuncia patroc\u00ednio do Grupo HEINEKEN - CidadeMarketing\" \/>\n<meta property=\"og:description\" content=\"O Allianz Parque, gerido pela WTorre Entretenimento &#8211; novo bra\u00e7o de atua\u00e7\u00e3o da WTorre &#8211; vem se refor\u00e7ando para conseguir, cada vez mais, entregar uma melhor experi\u00eancia ao seu p\u00fablico. Com isso, a Arena mais completa da Am\u00e9rica Latina anuncia hoje as suas novas patrocinadoras: as cervejas Heineken\u00ae e Amstel, ambas pertencentes ao portf\u00f3lio do [&hellip;]\" \/>\n<meta property=\"og:url\" content=\"https:\/\/www.cidademarketing.com.br\/marketing\/2021\/10\/08\/allianz-parque-anuncia-patrocinio-do-grupo-heineken\/\" \/>\n<meta property=\"og:site_name\" content=\"CidadeMarketing\" \/>\n<meta property=\"article:publisher\" content=\"https:\/\/www.facebook.com\/portalcidademarketing\" \/>\n<meta property=\"article:author\" content=\"https:\/\/www.facebook.com\/thalesbrandao\" \/>\n<meta property=\"article:published_time\" content=\"2021-10-08T19:41:54+00:00\" \/>\n<meta property=\"article:modified_time\" content=\"2021-10-08T19:41:57+00:00\" \/>\n<meta property=\"og:image\" content=\"https:\/\/www.cidademarketing.com.br\/marketing\/wp-content\/uploads\/2021\/10\/heineken_amstel-1024x580.png\" \/>\n\t<meta property=\"og:image:width\" content=\"1024\" \/>\n\t<meta property=\"og:image:height\" content=\"580\" \/>\n\t<meta property=\"og:image:type\" content=\"image\/png\" \/>\n<meta name=\"author\" content=\"Thales Brand\u00e3o\" \/>\n<meta name=\"twitter:card\" content=\"summary_large_image\" \/>\n<meta name=\"twitter:creator\" content=\"@http:\/\/www.twitter.com\/thalesbrandao\" \/>\n<meta name=\"twitter:site\" content=\"@CidadeMarketing\" \/>\n<meta name=\"twitter:label1\" content=\"Escrito por\" \/>\n\t<meta name=\"twitter:data1\" content=\"Thales Brand\u00e3o\" \/>\n\t<meta name=\"twitter:label2\" content=\"Est. tempo de leitura\" \/>\n\t<meta name=\"twitter:data2\" content=\"3 minutos\" \/>\n<script type=\"application\/ld+json\" class=\"yoast-schema-graph\">{\"@context\":\"https:\\\/\\\/schema.org\",\"@graph\":[{\"@type\":\"Article\",\"@id\":\"https:\\\/\\\/www.cidademarketing.com.br\\\/marketing\\\/2021\\\/10\\\/08\\\/allianz-parque-anuncia-patrocinio-do-grupo-heineken\\\/#article\",\"isPartOf\":{\"@id\":\"https:\\\/\\\/www.cidademarketing.com.br\\\/marketing\\\/2021\\\/10\\\/08\\\/allianz-parque-anuncia-patrocinio-do-grupo-heineken\\\/\"},\"author\":{\"name\":\"Thales Brand\u00e3o\",\"@id\":\"https:\\\/\\\/www.cidademarketing.com.br\\\/marketing\\\/#\\\/schema\\\/person\\\/02daff9f18bd9378c9e01eb6b2db155f\"},\"headline\":\"Allianz Parque anuncia patroc\u00ednio do Grupo HEINEKEN\",\"datePublished\":\"2021-10-08T19:41:54+00:00\",\"dateModified\":\"2021-10-08T19:41:57+00:00\",\"mainEntityOfPage\":{\"@id\":\"https:\\\/\\\/www.cidademarketing.com.br\\\/marketing\\\/2021\\\/10\\\/08\\\/allianz-parque-anuncia-patrocinio-do-grupo-heineken\\\/\"},\"wordCount\":539,\"commentCount\":0,\"publisher\":{\"@id\":\"https:\\\/\\\/www.cidademarketing.com.br\\\/marketing\\\/#organization\"},\"image\":{\"@id\":\"https:\\\/\\\/www.cidademarketing.com.br\\\/marketing\\\/2021\\\/10\\\/08\\\/allianz-parque-anuncia-patrocinio-do-grupo-heineken\\\/#primaryimage\"},\"thumbnailUrl\":\"https:\\\/\\\/www.cidademarketing.com.br\\\/marketing\\\/wp-content\\\/uploads\\\/2021\\\/10\\\/heineken_amstel.png\",\"keywords\":[\"Allianz Parque\",\"estrat\u00e9gia\",\"marekting\",\"marketing\",\"patroc\u00ednio\"],\"articleSection\":[\"Not\u00edcias\"],\"inLanguage\":\"pt-BR\",\"potentialAction\":[{\"@type\":\"CommentAction\",\"name\":\"Comment\",\"target\":[\"https:\\\/\\\/www.cidademarketing.com.br\\\/marketing\\\/2021\\\/10\\\/08\\\/allianz-parque-anuncia-patrocinio-do-grupo-heineken\\\/#respond\"]}]},{\"@type\":\"WebPage\",\"@id\":\"https:\\\/\\\/www.cidademarketing.com.br\\\/marketing\\\/2021\\\/10\\\/08\\\/allianz-parque-anuncia-patrocinio-do-grupo-heineken\\\/\",\"url\":\"https:\\\/\\\/www.cidademarketing.com.br\\\/marketing\\\/2021\\\/10\\\/08\\\/allianz-parque-anuncia-patrocinio-do-grupo-heineken\\\/\",\"name\":\"Allianz Parque anuncia patroc\u00ednio do Grupo HEINEKEN - CidadeMarketing\",\"isPartOf\":{\"@id\":\"https:\\\/\\\/www.cidademarketing.com.br\\\/marketing\\\/#website\"},\"primaryImageOfPage\":{\"@id\":\"https:\\\/\\\/www.cidademarketing.com.br\\\/marketing\\\/2021\\\/10\\\/08\\\/allianz-parque-anuncia-patrocinio-do-grupo-heineken\\\/#primaryimage\"},\"image\":{\"@id\":\"https:\\\/\\\/www.cidademarketing.com.br\\\/marketing\\\/2021\\\/10\\\/08\\\/allianz-parque-anuncia-patrocinio-do-grupo-heineken\\\/#primaryimage\"},\"thumbnailUrl\":\"https:\\\/\\\/www.cidademarketing.com.br\\\/marketing\\\/wp-content\\\/uploads\\\/2021\\\/10\\\/heineken_amstel.png\",\"datePublished\":\"2021-10-08T19:41:54+00:00\",\"dateModified\":\"2021-10-08T19:41:57+00:00\",\"breadcrumb\":{\"@id\":\"https:\\\/\\\/www.cidademarketing.com.br\\\/marketing\\\/2021\\\/10\\\/08\\\/allianz-parque-anuncia-patrocinio-do-grupo-heineken\\\/#breadcrumb\"},\"inLanguage\":\"pt-BR\",\"potentialAction\":[{\"@type\":\"ReadAction\",\"target\":[\"https:\\\/\\\/www.cidademarketing.com.br\\\/marketing\\\/2021\\\/10\\\/08\\\/allianz-parque-anuncia-patrocinio-do-grupo-heineken\\\/\"]}]},{\"@type\":\"ImageObject\",\"inLanguage\":\"pt-BR\",\"@id\":\"https:\\\/\\\/www.cidademarketing.com.br\\\/marketing\\\/2021\\\/10\\\/08\\\/allianz-parque-anuncia-patrocinio-do-grupo-heineken\\\/#primaryimage\",\"url\":\"https:\\\/\\\/www.cidademarketing.com.br\\\/marketing\\\/wp-content\\\/uploads\\\/2021\\\/10\\\/heineken_amstel.png\",\"contentUrl\":\"https:\\\/\\\/www.cidademarketing.com.br\\\/marketing\\\/wp-content\\\/uploads\\\/2021\\\/10\\\/heineken_amstel.png\",\"width\":2048,\"height\":1160},{\"@type\":\"BreadcrumbList\",\"@id\":\"https:\\\/\\\/www.cidademarketing.com.br\\\/marketing\\\/2021\\\/10\\\/08\\\/allianz-parque-anuncia-patrocinio-do-grupo-heineken\\\/#breadcrumb\",\"itemListElement\":[{\"@type\":\"ListItem\",\"position\":1,\"name\":\"In\u00edcio\",\"item\":\"https:\\\/\\\/www.cidademarketing.com.br\\\/marketing\\\/\"},{\"@type\":\"ListItem\",\"position\":2,\"name\":\"Allianz Parque anuncia patroc\u00ednio do Grupo HEINEKEN\"}]},{\"@type\":\"WebSite\",\"@id\":\"https:\\\/\\\/www.cidademarketing.com.br\\\/marketing\\\/#website\",\"url\":\"https:\\\/\\\/www.cidademarketing.com.br\\\/marketing\\\/\",\"name\":\"CidadeMarketing\",\"description\":\"Somos um ve\u00edculo de comunica\u00e7\u00e3o de destaque no Brasil, reconhecido por conte\u00fados nos segmentos de marketing, empreendedorismo e inova\u00e7\u00e3o.\",\"publisher\":{\"@id\":\"https:\\\/\\\/www.cidademarketing.com.br\\\/marketing\\\/#organization\"},\"alternateName\":\"CidadeMarketing\",\"potentialAction\":[{\"@type\":\"SearchAction\",\"target\":{\"@type\":\"EntryPoint\",\"urlTemplate\":\"https:\\\/\\\/www.cidademarketing.com.br\\\/marketing\\\/?s={search_term_string}\"},\"query-input\":{\"@type\":\"PropertyValueSpecification\",\"valueRequired\":true,\"valueName\":\"search_term_string\"}}],\"inLanguage\":\"pt-BR\"},{\"@type\":\"Organization\",\"@id\":\"https:\\\/\\\/www.cidademarketing.com.br\\\/marketing\\\/#organization\",\"name\":\"CidadeMarketing\",\"alternateName\":\"CidadeMarketing\",\"url\":\"https:\\\/\\\/www.cidademarketing.com.br\\\/marketing\\\/\",\"logo\":{\"@type\":\"ImageObject\",\"inLanguage\":\"pt-BR\",\"@id\":\"https:\\\/\\\/www.cidademarketing.com.br\\\/marketing\\\/#\\\/schema\\\/logo\\\/image\\\/\",\"url\":\"https:\\\/\\\/www.cidademarketing.com.br\\\/marketing\\\/wp-content\\\/uploads\\\/2020\\\/01\\\/cidademarketing_marca_mobile.png\",\"contentUrl\":\"https:\\\/\\\/www.cidademarketing.com.br\\\/marketing\\\/wp-content\\\/uploads\\\/2020\\\/01\\\/cidademarketing_marca_mobile.png\",\"width\":230,\"height\":92,\"caption\":\"CidadeMarketing\"},\"image\":{\"@id\":\"https:\\\/\\\/www.cidademarketing.com.br\\\/marketing\\\/#\\\/schema\\\/logo\\\/image\\\/\"},\"sameAs\":[\"https:\\\/\\\/www.facebook.com\\\/portalcidademarketing\",\"https:\\\/\\\/x.com\\\/CidadeMarketing\",\"https:\\\/\\\/www.instagram.com\\\/cidademarketing\\\/\"]},{\"@type\":\"Person\",\"@id\":\"https:\\\/\\\/www.cidademarketing.com.br\\\/marketing\\\/#\\\/schema\\\/person\\\/02daff9f18bd9378c9e01eb6b2db155f\",\"name\":\"Thales Brand\u00e3o\",\"image\":{\"@type\":\"ImageObject\",\"inLanguage\":\"pt-BR\",\"@id\":\"https:\\\/\\\/secure.gravatar.com\\\/avatar\\\/7ca3206950207cc3cb48feec56a8a7898741ab725c368d99d5d7a5a50aab80c6?s=96&d=mm&r=g\",\"url\":\"https:\\\/\\\/secure.gravatar.com\\\/avatar\\\/7ca3206950207cc3cb48feec56a8a7898741ab725c368d99d5d7a5a50aab80c6?s=96&d=mm&r=g\",\"contentUrl\":\"https:\\\/\\\/secure.gravatar.com\\\/avatar\\\/7ca3206950207cc3cb48feec56a8a7898741ab725c368d99d5d7a5a50aab80c6?s=96&d=mm&r=g\",\"caption\":\"Thales Brand\u00e3o\"},\"description\":\"Editor Executivo do Portal CidadeMarketing.com.br &gt; Mestre em Comunica\u00e7\u00e3o e Sociedade pela Universidade Federal de Sergipe. Possui MBA Executivo em Administra\u00e7\u00e3o com \u00eanfase em Marketing pela Funda\u00e7\u00e3o Get\u00falio Vargas - Rio de Janeiro. Consultor, Palestrante e Pesquisador sobre Empreendedorismo, Marketing, Redes Sociais e Neg\u00f3cios Digitais. Professor, Palestrante TedxTalks e Campus Party. Twitter: @ThalesBrandao\",\"sameAs\":[\"http:\\\/\\\/www.mandacaru.com.br\",\"https:\\\/\\\/www.facebook.com\\\/thalesbrandao\",\"http:\\\/\\\/www.instagram.com.br\\\/thalesbrandaoferreira\",\"https:\\\/\\\/www.linkedin.com\\\/in\\\/thales-brand\u00e3o-3948609\\\/\",\"https:\\\/\\\/x.com\\\/http:\\\/\\\/www.twitter.com\\\/thalesbrandao\"],\"url\":\"https:\\\/\\\/www.cidademarketing.com.br\\\/marketing\\\/author\\\/thalesbrandao\\\/\"}]}<\/script>\n<!-- \/ Yoast SEO plugin. -->","yoast_head_json":{"title":"Allianz Parque anuncia patroc\u00ednio do Grupo HEINEKEN - CidadeMarketing","robots":{"index":"index","follow":"follow","max-snippet":"max-snippet:-1","max-image-preview":"max-image-preview:large","max-video-preview":"max-video-preview:-1"},"canonical":"https:\/\/www.cidademarketing.com.br\/marketing\/2021\/10\/08\/allianz-parque-anuncia-patrocinio-do-grupo-heineken\/","og_locale":"pt_BR","og_type":"article","og_title":"Allianz Parque anuncia patroc\u00ednio do Grupo HEINEKEN - CidadeMarketing","og_description":"O Allianz Parque, gerido pela WTorre Entretenimento &#8211; novo bra\u00e7o de atua\u00e7\u00e3o da WTorre &#8211; vem se refor\u00e7ando para conseguir, cada vez mais, entregar uma melhor experi\u00eancia ao seu p\u00fablico. Com isso, a Arena mais completa da Am\u00e9rica Latina anuncia hoje as suas novas patrocinadoras: as cervejas Heineken\u00ae e Amstel, ambas pertencentes ao portf\u00f3lio do [&hellip;]","og_url":"https:\/\/www.cidademarketing.com.br\/marketing\/2021\/10\/08\/allianz-parque-anuncia-patrocinio-do-grupo-heineken\/","og_site_name":"CidadeMarketing","article_publisher":"https:\/\/www.facebook.com\/portalcidademarketing","article_author":"https:\/\/www.facebook.com\/thalesbrandao","article_published_time":"2021-10-08T19:41:54+00:00","article_modified_time":"2021-10-08T19:41:57+00:00","og_image":[{"width":1024,"height":580,"url":"https:\/\/www.cidademarketing.com.br\/marketing\/wp-content\/uploads\/2021\/10\/heineken_amstel-1024x580.png","type":"image\/png"}],"author":"Thales Brand\u00e3o","twitter_card":"summary_large_image","twitter_creator":"@http:\/\/www.twitter.com\/thalesbrandao","twitter_site":"@CidadeMarketing","twitter_misc":{"Escrito por":"Thales Brand\u00e3o","Est. tempo de leitura":"3 minutos"},"schema":{"@context":"https:\/\/schema.org","@graph":[{"@type":"Article","@id":"https:\/\/www.cidademarketing.com.br\/marketing\/2021\/10\/08\/allianz-parque-anuncia-patrocinio-do-grupo-heineken\/#article","isPartOf":{"@id":"https:\/\/www.cidademarketing.com.br\/marketing\/2021\/10\/08\/allianz-parque-anuncia-patrocinio-do-grupo-heineken\/"},"author":{"name":"Thales Brand\u00e3o","@id":"https:\/\/www.cidademarketing.com.br\/marketing\/#\/schema\/person\/02daff9f18bd9378c9e01eb6b2db155f"},"headline":"Allianz Parque anuncia patroc\u00ednio do Grupo HEINEKEN","datePublished":"2021-10-08T19:41:54+00:00","dateModified":"2021-10-08T19:41:57+00:00","mainEntityOfPage":{"@id":"https:\/\/www.cidademarketing.com.br\/marketing\/2021\/10\/08\/allianz-parque-anuncia-patrocinio-do-grupo-heineken\/"},"wordCount":539,"commentCount":0,"publisher":{"@id":"https:\/\/www.cidademarketing.com.br\/marketing\/#organization"},"image":{"@id":"https:\/\/www.cidademarketing.com.br\/marketing\/2021\/10\/08\/allianz-parque-anuncia-patrocinio-do-grupo-heineken\/#primaryimage"},"thumbnailUrl":"https:\/\/www.cidademarketing.com.br\/marketing\/wp-content\/uploads\/2021\/10\/heineken_amstel.png","keywords":["Allianz Parque","estrat\u00e9gia","marekting","marketing","patroc\u00ednio"],"articleSection":["Not\u00edcias"],"inLanguage":"pt-BR","potentialAction":[{"@type":"CommentAction","name":"Comment","target":["https:\/\/www.cidademarketing.com.br\/marketing\/2021\/10\/08\/allianz-parque-anuncia-patrocinio-do-grupo-heineken\/#respond"]}]},{"@type":"WebPage","@id":"https:\/\/www.cidademarketing.com.br\/marketing\/2021\/10\/08\/allianz-parque-anuncia-patrocinio-do-grupo-heineken\/","url":"https:\/\/www.cidademarketing.com.br\/marketing\/2021\/10\/08\/allianz-parque-anuncia-patrocinio-do-grupo-heineken\/","name":"Allianz Parque anuncia patroc\u00ednio do Grupo HEINEKEN - CidadeMarketing","isPartOf":{"@id":"https:\/\/www.cidademarketing.com.br\/marketing\/#website"},"primaryImageOfPage":{"@id":"https:\/\/www.cidademarketing.com.br\/marketing\/2021\/10\/08\/allianz-parque-anuncia-patrocinio-do-grupo-heineken\/#primaryimage"},"image":{"@id":"https:\/\/www.cidademarketing.com.br\/marketing\/2021\/10\/08\/allianz-parque-anuncia-patrocinio-do-grupo-heineken\/#primaryimage"},"thumbnailUrl":"https:\/\/www.cidademarketing.com.br\/marketing\/wp-content\/uploads\/2021\/10\/heineken_amstel.png","datePublished":"2021-10-08T19:41:54+00:00","dateModified":"2021-10-08T19:41:57+00:00","breadcrumb":{"@id":"https:\/\/www.cidademarketing.com.br\/marketing\/2021\/10\/08\/allianz-parque-anuncia-patrocinio-do-grupo-heineken\/#breadcrumb"},"inLanguage":"pt-BR","potentialAction":[{"@type":"ReadAction","target":["https:\/\/www.cidademarketing.com.br\/marketing\/2021\/10\/08\/allianz-parque-anuncia-patrocinio-do-grupo-heineken\/"]}]},{"@type":"ImageObject","inLanguage":"pt-BR","@id":"https:\/\/www.cidademarketing.com.br\/marketing\/2021\/10\/08\/allianz-parque-anuncia-patrocinio-do-grupo-heineken\/#primaryimage","url":"https:\/\/www.cidademarketing.com.br\/marketing\/wp-content\/uploads\/2021\/10\/heineken_amstel.png","contentUrl":"https:\/\/www.cidademarketing.com.br\/marketing\/wp-content\/uploads\/2021\/10\/heineken_amstel.png","width":2048,"height":1160},{"@type":"BreadcrumbList","@id":"https:\/\/www.cidademarketing.com.br\/marketing\/2021\/10\/08\/allianz-parque-anuncia-patrocinio-do-grupo-heineken\/#breadcrumb","itemListElement":[{"@type":"ListItem","position":1,"name":"In\u00edcio","item":"https:\/\/www.cidademarketing.com.br\/marketing\/"},{"@type":"ListItem","position":2,"name":"Allianz Parque anuncia patroc\u00ednio do Grupo HEINEKEN"}]},{"@type":"WebSite","@id":"https:\/\/www.cidademarketing.com.br\/marketing\/#website","url":"https:\/\/www.cidademarketing.com.br\/marketing\/","name":"CidadeMarketing","description":"Somos um ve\u00edculo de comunica\u00e7\u00e3o de destaque no Brasil, reconhecido por conte\u00fados nos segmentos de marketing, empreendedorismo e inova\u00e7\u00e3o.","publisher":{"@id":"https:\/\/www.cidademarketing.com.br\/marketing\/#organization"},"alternateName":"CidadeMarketing","potentialAction":[{"@type":"SearchAction","target":{"@type":"EntryPoint","urlTemplate":"https:\/\/www.cidademarketing.com.br\/marketing\/?s={search_term_string}"},"query-input":{"@type":"PropertyValueSpecification","valueRequired":true,"valueName":"search_term_string"}}],"inLanguage":"pt-BR"},{"@type":"Organization","@id":"https:\/\/www.cidademarketing.com.br\/marketing\/#organization","name":"CidadeMarketing","alternateName":"CidadeMarketing","url":"https:\/\/www.cidademarketing.com.br\/marketing\/","logo":{"@type":"ImageObject","inLanguage":"pt-BR","@id":"https:\/\/www.cidademarketing.com.br\/marketing\/#\/schema\/logo\/image\/","url":"https:\/\/www.cidademarketing.com.br\/marketing\/wp-content\/uploads\/2020\/01\/cidademarketing_marca_mobile.png","contentUrl":"https:\/\/www.cidademarketing.com.br\/marketing\/wp-content\/uploads\/2020\/01\/cidademarketing_marca_mobile.png","width":230,"height":92,"caption":"CidadeMarketing"},"image":{"@id":"https:\/\/www.cidademarketing.com.br\/marketing\/#\/schema\/logo\/image\/"},"sameAs":["https:\/\/www.facebook.com\/portalcidademarketing","https:\/\/x.com\/CidadeMarketing","https:\/\/www.instagram.com\/cidademarketing\/"]},{"@type":"Person","@id":"https:\/\/www.cidademarketing.com.br\/marketing\/#\/schema\/person\/02daff9f18bd9378c9e01eb6b2db155f","name":"Thales Brand\u00e3o","image":{"@type":"ImageObject","inLanguage":"pt-BR","@id":"https:\/\/secure.gravatar.com\/avatar\/7ca3206950207cc3cb48feec56a8a7898741ab725c368d99d5d7a5a50aab80c6?s=96&d=mm&r=g","url":"https:\/\/secure.gravatar.com\/avatar\/7ca3206950207cc3cb48feec56a8a7898741ab725c368d99d5d7a5a50aab80c6?s=96&d=mm&r=g","contentUrl":"https:\/\/secure.gravatar.com\/avatar\/7ca3206950207cc3cb48feec56a8a7898741ab725c368d99d5d7a5a50aab80c6?s=96&d=mm&r=g","caption":"Thales Brand\u00e3o"},"description":"Editor Executivo do Portal CidadeMarketing.com.br &gt; Mestre em Comunica\u00e7\u00e3o e Sociedade pela Universidade Federal de Sergipe. Possui MBA Executivo em Administra\u00e7\u00e3o com \u00eanfase em Marketing pela Funda\u00e7\u00e3o Get\u00falio Vargas - Rio de Janeiro. Consultor, Palestrante e Pesquisador sobre Empreendedorismo, Marketing, Redes Sociais e Neg\u00f3cios Digitais. Professor, Palestrante TedxTalks e Campus Party. Twitter: @ThalesBrandao","sameAs":["http:\/\/www.mandacaru.com.br","https:\/\/www.facebook.com\/thalesbrandao","http:\/\/www.instagram.com.br\/thalesbrandaoferreira","https:\/\/www.linkedin.com\/in\/thales-brand\u00e3o-3948609\/","https:\/\/x.com\/http:\/\/www.twitter.com\/thalesbrandao"],"url":"https:\/\/www.cidademarketing.com.br\/marketing\/author\/thalesbrandao\/"}]}},"amp_enabled":true,"_links":{"self":[{"href":"https:\/\/www.cidademarketing.com.br\/marketing\/wp-json\/wp\/v2\/posts\/30241","targetHints":{"allow":["GET"]}}],"collection":[{"href":"https:\/\/www.cidademarketing.com.br\/marketing\/wp-json\/wp\/v2\/posts"}],"about":[{"href":"https:\/\/www.cidademarketing.com.br\/marketing\/wp-json\/wp\/v2\/types\/post"}],"author":[{"embeddable":true,"href":"https:\/\/www.cidademarketing.com.br\/marketing\/wp-json\/wp\/v2\/users\/1"}],"replies":[{"embeddable":true,"href":"https:\/\/www.cidademarketing.com.br\/marketing\/wp-json\/wp\/v2\/comments?post=30241"}],"version-history":[{"count":1,"href":"https:\/\/www.cidademarketing.com.br\/marketing\/wp-json\/wp\/v2\/posts\/30241\/revisions"}],"predecessor-version":[{"id":30243,"href":"https:\/\/www.cidademarketing.com.br\/marketing\/wp-json\/wp\/v2\/posts\/30241\/revisions\/30243"}],"wp:featuredmedia":[{"embeddable":true,"href":"https:\/\/www.cidademarketing.com.br\/marketing\/wp-json\/wp\/v2\/media\/30242"}],"wp:attachment":[{"href":"https:\/\/www.cidademarketing.com.br\/marketing\/wp-json\/wp\/v2\/media?parent=30241"}],"wp:term":[{"taxonomy":"category","embeddable":true,"href":"https:\/\/www.cidademarketing.com.br\/marketing\/wp-json\/wp\/v2\/categories?post=30241"},{"taxonomy":"post_tag","embeddable":true,"href":"https:\/\/www.cidademarketing.com.br\/marketing\/wp-json\/wp\/v2\/tags?post=30241"}],"curies":[{"name":"wp","href":"https:\/\/api.w.org\/{rel}","templated":true}]}}