{"id":30233,"date":"2021-10-08T11:48:45","date_gmt":"2021-10-08T14:48:45","guid":{"rendered":"https:\/\/www.cidademarketing.com.br\/marketing\/?p=30233"},"modified":"2021-10-08T11:48:49","modified_gmt":"2021-10-08T14:48:49","slug":"hershey-anuncia-primeira-mulher-a-ocupar-o-cargo-de-gerente-geral-na-america-latina","status":"publish","type":"post","link":"https:\/\/www.cidademarketing.com.br\/marketing\/2021\/10\/08\/hershey-anuncia-primeira-mulher-a-ocupar-o-cargo-de-gerente-geral-na-america-latina\/","title":{"rendered":"Hershey anuncia primeira mulher a ocupar o cargo de Gerente Geral na Am\u00e9rica Latina"},"content":{"rendered":"\n<p><\/p><iframe src=\"https:\/\/open.spotify.com\/embed\/show\/4khMKzP3FgFRWVwb73xicc\" width=\"100%\" height=\"232\" frameBorder=\"0\" allowtransparency=\"true\" allow=\"encrypted-media\"><\/iframe>\t\n\n\n\n\n<p>A Hershey, gigante americana de chocolates, pastilhas e snacks, anuncia Larissa Diniz como nova Gerente Geral para a Am\u00e9rica Latina. Ap\u00f3s atuar como Diretora de Marketing LATAM por quase um ano, a executiva assume a lideran\u00e7a da companhia na regi\u00e3o, passando a coordenar as opera\u00e7\u00f5es em 20 pa\u00edses.<\/p>\n\n\n\n<p>Desde que entrou na empresa como Diretora, Larissa foi respons\u00e1vel por integrar as equipes de marketing dos pa\u00edses latino-americanos, reestruturou a \u00e1rea com base nas novas estrat\u00e9gias de crescimento da companhia, fortaleceu a presen\u00e7a da marca na regi\u00e3o e acelerou a agenda de transforma\u00e7\u00e3o digital da empresa. A executiva tamb\u00e9m lan\u00e7ou as pastilhas IceBreakers no mercado brasileiro e ampliou os impactos da campanha HerShe, criada no Brasil, que deu voz a diversas mulheres artistas brasileiras e recebeu dois Le\u00f5es no Festival de Publicidade de Cannes, al\u00e9m de ter sido desdobrada no M\u00e9xico e \u00cdndia devido a relev\u00e2ncia de mensagem atingida no mercado nacional.<\/p>\n\n\n\n<p>Com experi\u00eancia em inova\u00e7\u00e3o, constru\u00e7\u00e3o de marca, marketing digital e vendas, Larissa conta com mais de 20 anos de atua\u00e7\u00e3o em grandes empresas dos segmentos de alimentos, bebidas, cuidados pessoais e farmac\u00eauticas, como Diageo, Pfizer, Kraft Foods, Mondel\u0113z e KFC. \u201cLarissa ingressou na Hershey em novembro de 2020 como Diretora de Marketing para nossos neg\u00f3cios no Brasil e Am\u00e9rica Latina e j\u00e1 causou um tremendo impacto ao atuar com foco no consumidor, experi\u00eancia de marca omnichannel e transforma\u00e7\u00e3o digital. Com suas experi\u00eancias \u00fanicas, estamos ansiosos para ver para onde ela vai nos levar em seguida, por meio desse merecido papel &#8220;, comenta o presidente da Hershey International, Rohit Grover.<\/p>\n\n\n\n<p>Larissa ser\u00e1 a primeira mulher a assumir o cargo de Gerente Geral da Hershey, que tem a equidade de g\u00eanero em seu DNA e conta com 52% de mulheres em seu quadro de funcion\u00e1rios no Brasil. \u201cEstou honrada e muito feliz com este novo desafio em uma empresa inovadora e que oferece tantas oportunidades de crescimento aos colaboradores como a Hershey. Estou confiante com o que est\u00e1 por vir e empenhada em dar continuidade a todo o trabalho de expans\u00e3o de marca que temos feito, sempre com o consumidor no centro de nossas estrat\u00e9gias\u201d, afirma Larissa Diniz, Gerente Geral da Hershey LATAM.<\/p>\n\n\n\n<p><\/p><iframe allow=\"autoplay *; encrypted-media *; fullscreen *\" frameborder=\"0\" height=\"450\" style=\"width:100%;max-width:660px;overflow:hidden;background:transparent;\" sandbox=\"allow-forms allow-popups allow-same-origin allow-scripts allow-storage-access-by-user-activation allow-top-navigation-by-user-activation\" src=\"https:\/\/embed.podcasts.apple.com\/br\/podcast\/podcast-cidademarketing\/id1371923283\"><\/iframe>\n\n","protected":false},"excerpt":{"rendered":"<p>A Hershey, gigante americana de chocolates, pastilhas e snacks, anuncia Larissa Diniz como nova Gerente Geral para a Am\u00e9rica Latina. Ap\u00f3s atuar como Diretora de Marketing LATAM por quase um ano, a executiva assume a lideran\u00e7a da companhia na regi\u00e3o, passando a coordenar as opera\u00e7\u00f5es em 20 pa\u00edses. Desde que entrou na empresa como Diretora, [&hellip;]<\/p>\n","protected":false},"author":1,"featured_media":30234,"comment_status":"open","ping_status":"open","sticky":false,"template":"","format":"standard","meta":{"tdm_status":"","tdm_grid_status":"","footnotes":""},"categories":[6],"tags":[205,33,4695,28,26],"class_list":["post-30233","post","type-post","status-publish","format-standard","has-post-thumbnail","hentry","category-noticias","tag-chocolate","tag-estrategia","tag-hershey","tag-marketing","tag-marketing-digital"],"yoast_head":"<!-- This site is optimized with the Yoast SEO plugin v27.5 - https:\/\/yoast.com\/product\/yoast-seo-wordpress\/ -->\n<title>Hershey anuncia primeira mulher a ocupar o cargo de Gerente Geral na Am\u00e9rica Latina - CidadeMarketing<\/title>\n<meta name=\"robots\" content=\"index, follow, max-snippet:-1, max-image-preview:large, max-video-preview:-1\" \/>\n<link rel=\"canonical\" href=\"https:\/\/www.cidademarketing.com.br\/marketing\/2021\/10\/08\/hershey-anuncia-primeira-mulher-a-ocupar-o-cargo-de-gerente-geral-na-america-latina\/\" \/>\n<meta property=\"og:locale\" content=\"pt_BR\" \/>\n<meta property=\"og:type\" content=\"article\" \/>\n<meta property=\"og:title\" content=\"Hershey anuncia primeira mulher a ocupar o cargo de Gerente Geral na Am\u00e9rica Latina - CidadeMarketing\" \/>\n<meta property=\"og:description\" content=\"A Hershey, gigante americana de chocolates, pastilhas e snacks, anuncia Larissa Diniz como nova Gerente Geral para a Am\u00e9rica Latina. Ap\u00f3s atuar como Diretora de Marketing LATAM por quase um ano, a executiva assume a lideran\u00e7a da companhia na regi\u00e3o, passando a coordenar as opera\u00e7\u00f5es em 20 pa\u00edses. Desde que entrou na empresa como Diretora, [&hellip;]\" \/>\n<meta property=\"og:url\" content=\"https:\/\/www.cidademarketing.com.br\/marketing\/2021\/10\/08\/hershey-anuncia-primeira-mulher-a-ocupar-o-cargo-de-gerente-geral-na-america-latina\/\" \/>\n<meta property=\"og:site_name\" content=\"CidadeMarketing\" \/>\n<meta property=\"article:publisher\" content=\"https:\/\/www.facebook.com\/portalcidademarketing\" \/>\n<meta property=\"article:author\" content=\"https:\/\/www.facebook.com\/thalesbrandao\" \/>\n<meta property=\"article:published_time\" content=\"2021-10-08T14:48:45+00:00\" \/>\n<meta property=\"article:modified_time\" content=\"2021-10-08T14:48:49+00:00\" \/>\n<meta property=\"og:image\" content=\"https:\/\/www.cidademarketing.com.br\/marketing\/wp-content\/uploads\/2021\/10\/Hershey_gerentegeral.jpg\" \/>\n\t<meta property=\"og:image:width\" content=\"446\" \/>\n\t<meta property=\"og:image:height\" content=\"567\" \/>\n\t<meta property=\"og:image:type\" content=\"image\/jpeg\" \/>\n<meta name=\"author\" content=\"Thales Brand\u00e3o\" \/>\n<meta name=\"twitter:card\" content=\"summary_large_image\" \/>\n<meta name=\"twitter:creator\" content=\"@http:\/\/www.twitter.com\/thalesbrandao\" \/>\n<meta name=\"twitter:site\" content=\"@CidadeMarketing\" \/>\n<meta name=\"twitter:label1\" content=\"Escrito por\" \/>\n\t<meta name=\"twitter:data1\" content=\"Thales Brand\u00e3o\" \/>\n\t<meta name=\"twitter:label2\" content=\"Est. tempo de leitura\" \/>\n\t<meta name=\"twitter:data2\" content=\"2 minutos\" \/>\n<script type=\"application\/ld+json\" class=\"yoast-schema-graph\">{\"@context\":\"https:\\\/\\\/schema.org\",\"@graph\":[{\"@type\":\"Article\",\"@id\":\"https:\\\/\\\/www.cidademarketing.com.br\\\/marketing\\\/2021\\\/10\\\/08\\\/hershey-anuncia-primeira-mulher-a-ocupar-o-cargo-de-gerente-geral-na-america-latina\\\/#article\",\"isPartOf\":{\"@id\":\"https:\\\/\\\/www.cidademarketing.com.br\\\/marketing\\\/2021\\\/10\\\/08\\\/hershey-anuncia-primeira-mulher-a-ocupar-o-cargo-de-gerente-geral-na-america-latina\\\/\"},\"author\":{\"name\":\"Thales Brand\u00e3o\",\"@id\":\"https:\\\/\\\/www.cidademarketing.com.br\\\/marketing\\\/#\\\/schema\\\/person\\\/02daff9f18bd9378c9e01eb6b2db155f\"},\"headline\":\"Hershey anuncia primeira mulher a ocupar o cargo de Gerente Geral na Am\u00e9rica Latina\",\"datePublished\":\"2021-10-08T14:48:45+00:00\",\"dateModified\":\"2021-10-08T14:48:49+00:00\",\"mainEntityOfPage\":{\"@id\":\"https:\\\/\\\/www.cidademarketing.com.br\\\/marketing\\\/2021\\\/10\\\/08\\\/hershey-anuncia-primeira-mulher-a-ocupar-o-cargo-de-gerente-geral-na-america-latina\\\/\"},\"wordCount\":405,\"commentCount\":0,\"publisher\":{\"@id\":\"https:\\\/\\\/www.cidademarketing.com.br\\\/marketing\\\/#organization\"},\"image\":{\"@id\":\"https:\\\/\\\/www.cidademarketing.com.br\\\/marketing\\\/2021\\\/10\\\/08\\\/hershey-anuncia-primeira-mulher-a-ocupar-o-cargo-de-gerente-geral-na-america-latina\\\/#primaryimage\"},\"thumbnailUrl\":\"https:\\\/\\\/www.cidademarketing.com.br\\\/marketing\\\/wp-content\\\/uploads\\\/2021\\\/10\\\/Hershey_gerentegeral.jpg\",\"keywords\":[\"chocolate\",\"estrat\u00e9gia\",\"Hershey\",\"marketing\",\"marketing digital\"],\"articleSection\":[\"Not\u00edcias\"],\"inLanguage\":\"pt-BR\",\"potentialAction\":[{\"@type\":\"CommentAction\",\"name\":\"Comment\",\"target\":[\"https:\\\/\\\/www.cidademarketing.com.br\\\/marketing\\\/2021\\\/10\\\/08\\\/hershey-anuncia-primeira-mulher-a-ocupar-o-cargo-de-gerente-geral-na-america-latina\\\/#respond\"]}]},{\"@type\":\"WebPage\",\"@id\":\"https:\\\/\\\/www.cidademarketing.com.br\\\/marketing\\\/2021\\\/10\\\/08\\\/hershey-anuncia-primeira-mulher-a-ocupar-o-cargo-de-gerente-geral-na-america-latina\\\/\",\"url\":\"https:\\\/\\\/www.cidademarketing.com.br\\\/marketing\\\/2021\\\/10\\\/08\\\/hershey-anuncia-primeira-mulher-a-ocupar-o-cargo-de-gerente-geral-na-america-latina\\\/\",\"name\":\"Hershey anuncia primeira mulher a ocupar o cargo de Gerente Geral na Am\u00e9rica Latina - CidadeMarketing\",\"isPartOf\":{\"@id\":\"https:\\\/\\\/www.cidademarketing.com.br\\\/marketing\\\/#website\"},\"primaryImageOfPage\":{\"@id\":\"https:\\\/\\\/www.cidademarketing.com.br\\\/marketing\\\/2021\\\/10\\\/08\\\/hershey-anuncia-primeira-mulher-a-ocupar-o-cargo-de-gerente-geral-na-america-latina\\\/#primaryimage\"},\"image\":{\"@id\":\"https:\\\/\\\/www.cidademarketing.com.br\\\/marketing\\\/2021\\\/10\\\/08\\\/hershey-anuncia-primeira-mulher-a-ocupar-o-cargo-de-gerente-geral-na-america-latina\\\/#primaryimage\"},\"thumbnailUrl\":\"https:\\\/\\\/www.cidademarketing.com.br\\\/marketing\\\/wp-content\\\/uploads\\\/2021\\\/10\\\/Hershey_gerentegeral.jpg\",\"datePublished\":\"2021-10-08T14:48:45+00:00\",\"dateModified\":\"2021-10-08T14:48:49+00:00\",\"breadcrumb\":{\"@id\":\"https:\\\/\\\/www.cidademarketing.com.br\\\/marketing\\\/2021\\\/10\\\/08\\\/hershey-anuncia-primeira-mulher-a-ocupar-o-cargo-de-gerente-geral-na-america-latina\\\/#breadcrumb\"},\"inLanguage\":\"pt-BR\",\"potentialAction\":[{\"@type\":\"ReadAction\",\"target\":[\"https:\\\/\\\/www.cidademarketing.com.br\\\/marketing\\\/2021\\\/10\\\/08\\\/hershey-anuncia-primeira-mulher-a-ocupar-o-cargo-de-gerente-geral-na-america-latina\\\/\"]}]},{\"@type\":\"ImageObject\",\"inLanguage\":\"pt-BR\",\"@id\":\"https:\\\/\\\/www.cidademarketing.com.br\\\/marketing\\\/2021\\\/10\\\/08\\\/hershey-anuncia-primeira-mulher-a-ocupar-o-cargo-de-gerente-geral-na-america-latina\\\/#primaryimage\",\"url\":\"https:\\\/\\\/www.cidademarketing.com.br\\\/marketing\\\/wp-content\\\/uploads\\\/2021\\\/10\\\/Hershey_gerentegeral.jpg\",\"contentUrl\":\"https:\\\/\\\/www.cidademarketing.com.br\\\/marketing\\\/wp-content\\\/uploads\\\/2021\\\/10\\\/Hershey_gerentegeral.jpg\",\"width\":446,\"height\":567,\"caption\":\"Divulga\u00e7\u00e3o\"},{\"@type\":\"BreadcrumbList\",\"@id\":\"https:\\\/\\\/www.cidademarketing.com.br\\\/marketing\\\/2021\\\/10\\\/08\\\/hershey-anuncia-primeira-mulher-a-ocupar-o-cargo-de-gerente-geral-na-america-latina\\\/#breadcrumb\",\"itemListElement\":[{\"@type\":\"ListItem\",\"position\":1,\"name\":\"In\u00edcio\",\"item\":\"https:\\\/\\\/www.cidademarketing.com.br\\\/marketing\\\/\"},{\"@type\":\"ListItem\",\"position\":2,\"name\":\"Hershey anuncia primeira mulher a ocupar o cargo de Gerente Geral na Am\u00e9rica Latina\"}]},{\"@type\":\"WebSite\",\"@id\":\"https:\\\/\\\/www.cidademarketing.com.br\\\/marketing\\\/#website\",\"url\":\"https:\\\/\\\/www.cidademarketing.com.br\\\/marketing\\\/\",\"name\":\"CidadeMarketing\",\"description\":\"Somos um ve\u00edculo de comunica\u00e7\u00e3o de destaque no Brasil, reconhecido por conte\u00fados nos segmentos de marketing, empreendedorismo e inova\u00e7\u00e3o.\",\"publisher\":{\"@id\":\"https:\\\/\\\/www.cidademarketing.com.br\\\/marketing\\\/#organization\"},\"alternateName\":\"CidadeMarketing\",\"potentialAction\":[{\"@type\":\"SearchAction\",\"target\":{\"@type\":\"EntryPoint\",\"urlTemplate\":\"https:\\\/\\\/www.cidademarketing.com.br\\\/marketing\\\/?s={search_term_string}\"},\"query-input\":{\"@type\":\"PropertyValueSpecification\",\"valueRequired\":true,\"valueName\":\"search_term_string\"}}],\"inLanguage\":\"pt-BR\"},{\"@type\":\"Organization\",\"@id\":\"https:\\\/\\\/www.cidademarketing.com.br\\\/marketing\\\/#organization\",\"name\":\"CidadeMarketing\",\"alternateName\":\"CidadeMarketing\",\"url\":\"https:\\\/\\\/www.cidademarketing.com.br\\\/marketing\\\/\",\"logo\":{\"@type\":\"ImageObject\",\"inLanguage\":\"pt-BR\",\"@id\":\"https:\\\/\\\/www.cidademarketing.com.br\\\/marketing\\\/#\\\/schema\\\/logo\\\/image\\\/\",\"url\":\"https:\\\/\\\/www.cidademarketing.com.br\\\/marketing\\\/wp-content\\\/uploads\\\/2020\\\/01\\\/cidademarketing_marca_mobile.png\",\"contentUrl\":\"https:\\\/\\\/www.cidademarketing.com.br\\\/marketing\\\/wp-content\\\/uploads\\\/2020\\\/01\\\/cidademarketing_marca_mobile.png\",\"width\":230,\"height\":92,\"caption\":\"CidadeMarketing\"},\"image\":{\"@id\":\"https:\\\/\\\/www.cidademarketing.com.br\\\/marketing\\\/#\\\/schema\\\/logo\\\/image\\\/\"},\"sameAs\":[\"https:\\\/\\\/www.facebook.com\\\/portalcidademarketing\",\"https:\\\/\\\/x.com\\\/CidadeMarketing\",\"https:\\\/\\\/www.instagram.com\\\/cidademarketing\\\/\"]},{\"@type\":\"Person\",\"@id\":\"https:\\\/\\\/www.cidademarketing.com.br\\\/marketing\\\/#\\\/schema\\\/person\\\/02daff9f18bd9378c9e01eb6b2db155f\",\"name\":\"Thales Brand\u00e3o\",\"image\":{\"@type\":\"ImageObject\",\"inLanguage\":\"pt-BR\",\"@id\":\"https:\\\/\\\/secure.gravatar.com\\\/avatar\\\/7ca3206950207cc3cb48feec56a8a7898741ab725c368d99d5d7a5a50aab80c6?s=96&d=mm&r=g\",\"url\":\"https:\\\/\\\/secure.gravatar.com\\\/avatar\\\/7ca3206950207cc3cb48feec56a8a7898741ab725c368d99d5d7a5a50aab80c6?s=96&d=mm&r=g\",\"contentUrl\":\"https:\\\/\\\/secure.gravatar.com\\\/avatar\\\/7ca3206950207cc3cb48feec56a8a7898741ab725c368d99d5d7a5a50aab80c6?s=96&d=mm&r=g\",\"caption\":\"Thales Brand\u00e3o\"},\"description\":\"Editor Executivo do Portal CidadeMarketing.com.br &gt; Mestre em Comunica\u00e7\u00e3o e Sociedade pela Universidade Federal de Sergipe. Possui MBA Executivo em Administra\u00e7\u00e3o com \u00eanfase em Marketing pela Funda\u00e7\u00e3o Get\u00falio Vargas - Rio de Janeiro. Consultor, Palestrante e Pesquisador sobre Empreendedorismo, Marketing, Redes Sociais e Neg\u00f3cios Digitais. Professor, Palestrante TedxTalks e Campus Party. Twitter: @ThalesBrandao\",\"sameAs\":[\"http:\\\/\\\/www.mandacaru.com.br\",\"https:\\\/\\\/www.facebook.com\\\/thalesbrandao\",\"http:\\\/\\\/www.instagram.com.br\\\/thalesbrandaoferreira\",\"https:\\\/\\\/www.linkedin.com\\\/in\\\/thales-brand\u00e3o-3948609\\\/\",\"https:\\\/\\\/x.com\\\/http:\\\/\\\/www.twitter.com\\\/thalesbrandao\"],\"url\":\"https:\\\/\\\/www.cidademarketing.com.br\\\/marketing\\\/author\\\/thalesbrandao\\\/\"}]}<\/script>\n<!-- \/ Yoast SEO plugin. -->","yoast_head_json":{"title":"Hershey anuncia primeira mulher a ocupar o cargo de Gerente Geral na Am\u00e9rica Latina - CidadeMarketing","robots":{"index":"index","follow":"follow","max-snippet":"max-snippet:-1","max-image-preview":"max-image-preview:large","max-video-preview":"max-video-preview:-1"},"canonical":"https:\/\/www.cidademarketing.com.br\/marketing\/2021\/10\/08\/hershey-anuncia-primeira-mulher-a-ocupar-o-cargo-de-gerente-geral-na-america-latina\/","og_locale":"pt_BR","og_type":"article","og_title":"Hershey anuncia primeira mulher a ocupar o cargo de Gerente Geral na Am\u00e9rica Latina - CidadeMarketing","og_description":"A Hershey, gigante americana de chocolates, pastilhas e snacks, anuncia Larissa Diniz como nova Gerente Geral para a Am\u00e9rica Latina. Ap\u00f3s atuar como Diretora de Marketing LATAM por quase um ano, a executiva assume a lideran\u00e7a da companhia na regi\u00e3o, passando a coordenar as opera\u00e7\u00f5es em 20 pa\u00edses. Desde que entrou na empresa como Diretora, [&hellip;]","og_url":"https:\/\/www.cidademarketing.com.br\/marketing\/2021\/10\/08\/hershey-anuncia-primeira-mulher-a-ocupar-o-cargo-de-gerente-geral-na-america-latina\/","og_site_name":"CidadeMarketing","article_publisher":"https:\/\/www.facebook.com\/portalcidademarketing","article_author":"https:\/\/www.facebook.com\/thalesbrandao","article_published_time":"2021-10-08T14:48:45+00:00","article_modified_time":"2021-10-08T14:48:49+00:00","og_image":[{"width":446,"height":567,"url":"https:\/\/www.cidademarketing.com.br\/marketing\/wp-content\/uploads\/2021\/10\/Hershey_gerentegeral.jpg","type":"image\/jpeg"}],"author":"Thales Brand\u00e3o","twitter_card":"summary_large_image","twitter_creator":"@http:\/\/www.twitter.com\/thalesbrandao","twitter_site":"@CidadeMarketing","twitter_misc":{"Escrito por":"Thales Brand\u00e3o","Est. tempo de leitura":"2 minutos"},"schema":{"@context":"https:\/\/schema.org","@graph":[{"@type":"Article","@id":"https:\/\/www.cidademarketing.com.br\/marketing\/2021\/10\/08\/hershey-anuncia-primeira-mulher-a-ocupar-o-cargo-de-gerente-geral-na-america-latina\/#article","isPartOf":{"@id":"https:\/\/www.cidademarketing.com.br\/marketing\/2021\/10\/08\/hershey-anuncia-primeira-mulher-a-ocupar-o-cargo-de-gerente-geral-na-america-latina\/"},"author":{"name":"Thales Brand\u00e3o","@id":"https:\/\/www.cidademarketing.com.br\/marketing\/#\/schema\/person\/02daff9f18bd9378c9e01eb6b2db155f"},"headline":"Hershey anuncia primeira mulher a ocupar o cargo de Gerente Geral na Am\u00e9rica Latina","datePublished":"2021-10-08T14:48:45+00:00","dateModified":"2021-10-08T14:48:49+00:00","mainEntityOfPage":{"@id":"https:\/\/www.cidademarketing.com.br\/marketing\/2021\/10\/08\/hershey-anuncia-primeira-mulher-a-ocupar-o-cargo-de-gerente-geral-na-america-latina\/"},"wordCount":405,"commentCount":0,"publisher":{"@id":"https:\/\/www.cidademarketing.com.br\/marketing\/#organization"},"image":{"@id":"https:\/\/www.cidademarketing.com.br\/marketing\/2021\/10\/08\/hershey-anuncia-primeira-mulher-a-ocupar-o-cargo-de-gerente-geral-na-america-latina\/#primaryimage"},"thumbnailUrl":"https:\/\/www.cidademarketing.com.br\/marketing\/wp-content\/uploads\/2021\/10\/Hershey_gerentegeral.jpg","keywords":["chocolate","estrat\u00e9gia","Hershey","marketing","marketing digital"],"articleSection":["Not\u00edcias"],"inLanguage":"pt-BR","potentialAction":[{"@type":"CommentAction","name":"Comment","target":["https:\/\/www.cidademarketing.com.br\/marketing\/2021\/10\/08\/hershey-anuncia-primeira-mulher-a-ocupar-o-cargo-de-gerente-geral-na-america-latina\/#respond"]}]},{"@type":"WebPage","@id":"https:\/\/www.cidademarketing.com.br\/marketing\/2021\/10\/08\/hershey-anuncia-primeira-mulher-a-ocupar-o-cargo-de-gerente-geral-na-america-latina\/","url":"https:\/\/www.cidademarketing.com.br\/marketing\/2021\/10\/08\/hershey-anuncia-primeira-mulher-a-ocupar-o-cargo-de-gerente-geral-na-america-latina\/","name":"Hershey anuncia primeira mulher a ocupar o cargo de Gerente Geral na Am\u00e9rica Latina - CidadeMarketing","isPartOf":{"@id":"https:\/\/www.cidademarketing.com.br\/marketing\/#website"},"primaryImageOfPage":{"@id":"https:\/\/www.cidademarketing.com.br\/marketing\/2021\/10\/08\/hershey-anuncia-primeira-mulher-a-ocupar-o-cargo-de-gerente-geral-na-america-latina\/#primaryimage"},"image":{"@id":"https:\/\/www.cidademarketing.com.br\/marketing\/2021\/10\/08\/hershey-anuncia-primeira-mulher-a-ocupar-o-cargo-de-gerente-geral-na-america-latina\/#primaryimage"},"thumbnailUrl":"https:\/\/www.cidademarketing.com.br\/marketing\/wp-content\/uploads\/2021\/10\/Hershey_gerentegeral.jpg","datePublished":"2021-10-08T14:48:45+00:00","dateModified":"2021-10-08T14:48:49+00:00","breadcrumb":{"@id":"https:\/\/www.cidademarketing.com.br\/marketing\/2021\/10\/08\/hershey-anuncia-primeira-mulher-a-ocupar-o-cargo-de-gerente-geral-na-america-latina\/#breadcrumb"},"inLanguage":"pt-BR","potentialAction":[{"@type":"ReadAction","target":["https:\/\/www.cidademarketing.com.br\/marketing\/2021\/10\/08\/hershey-anuncia-primeira-mulher-a-ocupar-o-cargo-de-gerente-geral-na-america-latina\/"]}]},{"@type":"ImageObject","inLanguage":"pt-BR","@id":"https:\/\/www.cidademarketing.com.br\/marketing\/2021\/10\/08\/hershey-anuncia-primeira-mulher-a-ocupar-o-cargo-de-gerente-geral-na-america-latina\/#primaryimage","url":"https:\/\/www.cidademarketing.com.br\/marketing\/wp-content\/uploads\/2021\/10\/Hershey_gerentegeral.jpg","contentUrl":"https:\/\/www.cidademarketing.com.br\/marketing\/wp-content\/uploads\/2021\/10\/Hershey_gerentegeral.jpg","width":446,"height":567,"caption":"Divulga\u00e7\u00e3o"},{"@type":"BreadcrumbList","@id":"https:\/\/www.cidademarketing.com.br\/marketing\/2021\/10\/08\/hershey-anuncia-primeira-mulher-a-ocupar-o-cargo-de-gerente-geral-na-america-latina\/#breadcrumb","itemListElement":[{"@type":"ListItem","position":1,"name":"In\u00edcio","item":"https:\/\/www.cidademarketing.com.br\/marketing\/"},{"@type":"ListItem","position":2,"name":"Hershey anuncia primeira mulher a ocupar o cargo de Gerente Geral na Am\u00e9rica Latina"}]},{"@type":"WebSite","@id":"https:\/\/www.cidademarketing.com.br\/marketing\/#website","url":"https:\/\/www.cidademarketing.com.br\/marketing\/","name":"CidadeMarketing","description":"Somos um ve\u00edculo de comunica\u00e7\u00e3o de destaque no Brasil, reconhecido por conte\u00fados nos segmentos de marketing, empreendedorismo e inova\u00e7\u00e3o.","publisher":{"@id":"https:\/\/www.cidademarketing.com.br\/marketing\/#organization"},"alternateName":"CidadeMarketing","potentialAction":[{"@type":"SearchAction","target":{"@type":"EntryPoint","urlTemplate":"https:\/\/www.cidademarketing.com.br\/marketing\/?s={search_term_string}"},"query-input":{"@type":"PropertyValueSpecification","valueRequired":true,"valueName":"search_term_string"}}],"inLanguage":"pt-BR"},{"@type":"Organization","@id":"https:\/\/www.cidademarketing.com.br\/marketing\/#organization","name":"CidadeMarketing","alternateName":"CidadeMarketing","url":"https:\/\/www.cidademarketing.com.br\/marketing\/","logo":{"@type":"ImageObject","inLanguage":"pt-BR","@id":"https:\/\/www.cidademarketing.com.br\/marketing\/#\/schema\/logo\/image\/","url":"https:\/\/www.cidademarketing.com.br\/marketing\/wp-content\/uploads\/2020\/01\/cidademarketing_marca_mobile.png","contentUrl":"https:\/\/www.cidademarketing.com.br\/marketing\/wp-content\/uploads\/2020\/01\/cidademarketing_marca_mobile.png","width":230,"height":92,"caption":"CidadeMarketing"},"image":{"@id":"https:\/\/www.cidademarketing.com.br\/marketing\/#\/schema\/logo\/image\/"},"sameAs":["https:\/\/www.facebook.com\/portalcidademarketing","https:\/\/x.com\/CidadeMarketing","https:\/\/www.instagram.com\/cidademarketing\/"]},{"@type":"Person","@id":"https:\/\/www.cidademarketing.com.br\/marketing\/#\/schema\/person\/02daff9f18bd9378c9e01eb6b2db155f","name":"Thales Brand\u00e3o","image":{"@type":"ImageObject","inLanguage":"pt-BR","@id":"https:\/\/secure.gravatar.com\/avatar\/7ca3206950207cc3cb48feec56a8a7898741ab725c368d99d5d7a5a50aab80c6?s=96&d=mm&r=g","url":"https:\/\/secure.gravatar.com\/avatar\/7ca3206950207cc3cb48feec56a8a7898741ab725c368d99d5d7a5a50aab80c6?s=96&d=mm&r=g","contentUrl":"https:\/\/secure.gravatar.com\/avatar\/7ca3206950207cc3cb48feec56a8a7898741ab725c368d99d5d7a5a50aab80c6?s=96&d=mm&r=g","caption":"Thales Brand\u00e3o"},"description":"Editor Executivo do Portal CidadeMarketing.com.br &gt; Mestre em Comunica\u00e7\u00e3o e Sociedade pela Universidade Federal de Sergipe. Possui MBA Executivo em Administra\u00e7\u00e3o com \u00eanfase em Marketing pela Funda\u00e7\u00e3o Get\u00falio Vargas - Rio de Janeiro. Consultor, Palestrante e Pesquisador sobre Empreendedorismo, Marketing, Redes Sociais e Neg\u00f3cios Digitais. Professor, Palestrante TedxTalks e Campus Party. Twitter: @ThalesBrandao","sameAs":["http:\/\/www.mandacaru.com.br","https:\/\/www.facebook.com\/thalesbrandao","http:\/\/www.instagram.com.br\/thalesbrandaoferreira","https:\/\/www.linkedin.com\/in\/thales-brand\u00e3o-3948609\/","https:\/\/x.com\/http:\/\/www.twitter.com\/thalesbrandao"],"url":"https:\/\/www.cidademarketing.com.br\/marketing\/author\/thalesbrandao\/"}]}},"amp_enabled":true,"_links":{"self":[{"href":"https:\/\/www.cidademarketing.com.br\/marketing\/wp-json\/wp\/v2\/posts\/30233","targetHints":{"allow":["GET"]}}],"collection":[{"href":"https:\/\/www.cidademarketing.com.br\/marketing\/wp-json\/wp\/v2\/posts"}],"about":[{"href":"https:\/\/www.cidademarketing.com.br\/marketing\/wp-json\/wp\/v2\/types\/post"}],"author":[{"embeddable":true,"href":"https:\/\/www.cidademarketing.com.br\/marketing\/wp-json\/wp\/v2\/users\/1"}],"replies":[{"embeddable":true,"href":"https:\/\/www.cidademarketing.com.br\/marketing\/wp-json\/wp\/v2\/comments?post=30233"}],"version-history":[{"count":1,"href":"https:\/\/www.cidademarketing.com.br\/marketing\/wp-json\/wp\/v2\/posts\/30233\/revisions"}],"predecessor-version":[{"id":30235,"href":"https:\/\/www.cidademarketing.com.br\/marketing\/wp-json\/wp\/v2\/posts\/30233\/revisions\/30235"}],"wp:featuredmedia":[{"embeddable":true,"href":"https:\/\/www.cidademarketing.com.br\/marketing\/wp-json\/wp\/v2\/media\/30234"}],"wp:attachment":[{"href":"https:\/\/www.cidademarketing.com.br\/marketing\/wp-json\/wp\/v2\/media?parent=30233"}],"wp:term":[{"taxonomy":"category","embeddable":true,"href":"https:\/\/www.cidademarketing.com.br\/marketing\/wp-json\/wp\/v2\/categories?post=30233"},{"taxonomy":"post_tag","embeddable":true,"href":"https:\/\/www.cidademarketing.com.br\/marketing\/wp-json\/wp\/v2\/tags?post=30233"}],"curies":[{"name":"wp","href":"https:\/\/api.w.org\/{rel}","templated":true}]}}