{"id":30027,"date":"2021-10-02T19:40:34","date_gmt":"2021-10-02T22:40:34","guid":{"rendered":"https:\/\/www.cidademarketing.com.br\/marketing\/?p=30027"},"modified":"2021-10-02T19:40:37","modified_gmt":"2021-10-02T22:40:37","slug":"mtur-abre-inscricoes-para-capacitacao-gratuita-em-autismo-e-inclusao","status":"publish","type":"post","link":"https:\/\/www.cidademarketing.com.br\/marketing\/2021\/10\/02\/mtur-abre-inscricoes-para-capacitacao-gratuita-em-autismo-e-inclusao\/","title":{"rendered":"MTur abre inscri\u00e7\u00f5es para capacita\u00e7\u00e3o gratuita em autismo e inclus\u00e3o"},"content":{"rendered":"\n<p><\/p>\n\n\n\n<p><\/p><iframe src=\"https:\/\/open.spotify.com\/embed\/show\/4khMKzP3FgFRWVwb73xicc\" width=\"100%\" height=\"232\" frameBorder=\"0\" allowtransparency=\"true\" allow=\"encrypted-media\"><\/iframe>\t\n\n\n\n\n<p>Minist\u00e9rio do Turismo, em parceria com o Instituto Incluir Treinamentos, abre, a partir desta sexta-feira (01.10), as inscri\u00e7\u00f5es para o curso gratuito \u201cAutismo, Acessibilidade e Inclus\u00e3o\u201d. A iniciativa tem o objetivo de capacitar e preparar os trabalhadores do turismo para a inclus\u00e3o de pessoas com defici\u00eancia e suas fam\u00edlias durante viagens pelo Brasil. Estimativas do Instituto Brasileiro de Geografia e Estat\u00edstica (IBGE) apontam que 17 milh\u00f5es de pessoas possuem algum tipo de defici\u00eancia no pa\u00eds, sendo mais de 2 milh\u00f5es com autismo.<\/p>\n\n\n\n<p>Inscreva-se\u00a0<a href=\"https:\/\/www.sympla.com.br\/curso-em-autismo-e-inclusao-para-profissionais-de-turismo__1331014?token=a1586ce435b1c9a5960661922f3078c1\" target=\"_blank\" rel=\"noreferrer noopener\">aqui<\/a>.<\/p>\n\n\n\n<p>Para o ministro do Turismo, Gilson Machado Neto, o mercado de viagens est\u00e1 cada vez mais precisando de profissionais capacitados para atender bem os turistas nacionais e internacionais com acessibilidade. \u201cJ\u00e1 ofertamos cursos de Libras para estes profissionais e, gra\u00e7as a esta parceria, colocaremos o autismo na pauta do nosso setor. Temos a consci\u00eancia de que um trabalhador qualificado e bem-informado sobre as quest\u00f5es de acessibilidade resultar\u00e1 em uma maior atividade tur\u00edstica e, consequentemente, na gera\u00e7\u00e3o de emprego e renda para o pa\u00eds\u201d, declarou.<\/p>\n\n\n\n<p>Com carga-hor\u00e1ria de 20 horas, o curso aborda temas como o conceito hist\u00f3rico da pessoa com defici\u00eancia, acessibilidade b\u00e1sica e direitos dos autistas, transtorno do processamento sensorial, entre outros. As aulas ser\u00e3o realizadas semanalmente e em formato virtual, sendo dispon\u00edvel o acesso a interessados de todo o Brasil.<\/p>\n\n\n\n<p><strong>OUTROS CURSOS<\/strong>&nbsp;&#8211; Al\u00e9m da qualifica\u00e7\u00e3o em autismo e inclus\u00e3o, a Pasta fechou parceria com outras tr\u00eas institui\u00e7\u00f5es de ensino. Entre os cursos que ser\u00e3o ofertados est\u00e3o: barista, condutor cultural local, auxiliar de gar\u00e7om, mensageiro em meios de hospedagens e gest\u00e3o do esporte e lazer. Todas as capacita\u00e7\u00f5es ser\u00e3o disponibilizadas de forma totalmente gratuita e online.<\/p>\n\n\n\n<p>Firmada atrav\u00e9s de chamada p\u00fablica divulgada pela Pasta, as parcerias n\u00e3o envolver\u00e3o a disponibiliza\u00e7\u00e3o de recursos por parte do MTur. No entanto, a Pasta prestar\u00e1 todo o apoio necess\u00e1rio e divulgar\u00e1 os cursos disponibilizados pelas institui\u00e7\u00f5es em suas m\u00eddias. O Minist\u00e9rio do Turismo tamb\u00e9m vai fornecer sua logomarca para a promo\u00e7\u00e3o das capacita\u00e7\u00f5es e haver\u00e1, ainda, a participa\u00e7\u00e3o de representantes do \u00f3rg\u00e3o em solenidades e eventos de forma\u00e7\u00e3o ou conclus\u00e3o de aulas, sempre que poss\u00edvel.<\/p>\n\n\n\n<p>CidadeMarketing com informa\u00e7\u00f5es do Minist\u00e9rio do Turismo por Victor Maciel<\/p>\n\n\n\n<p><\/p>\n\n\n\n<p><\/p><iframe allow=\"autoplay *; encrypted-media *; fullscreen *\" frameborder=\"0\" height=\"450\" style=\"width:100%;max-width:660px;overflow:hidden;background:transparent;\" sandbox=\"allow-forms allow-popups allow-same-origin allow-scripts allow-storage-access-by-user-activation allow-top-navigation-by-user-activation\" src=\"https:\/\/embed.podcasts.apple.com\/br\/podcast\/podcast-cidademarketing\/id1371923283\"><\/iframe>\n\n","protected":false},"excerpt":{"rendered":"<p>Minist\u00e9rio do Turismo, em parceria com o Instituto Incluir Treinamentos, abre, a partir desta sexta-feira (01.10), as inscri\u00e7\u00f5es para o curso gratuito \u201cAutismo, Acessibilidade e Inclus\u00e3o\u201d. A iniciativa tem o objetivo de capacitar e preparar os trabalhadores do turismo para a inclus\u00e3o de pessoas com defici\u00eancia e suas fam\u00edlias durante viagens pelo Brasil. Estimativas do [&hellip;]<\/p>\n","protected":false},"author":1,"featured_media":30028,"comment_status":"open","ping_status":"open","sticky":false,"template":"","format":"standard","meta":{"tdm_status":"","tdm_grid_status":"","footnotes":""},"categories":[6],"tags":[3811,33,1529,1641,230],"class_list":["post-30027","post","type-post","status-publish","format-standard","has-post-thumbnail","hentry","category-noticias","tag-autismo","tag-estrategia","tag-inclusao","tag-treinamento","tag-turismo"],"yoast_head":"<!-- This site is optimized with the Yoast SEO plugin v27.5 - https:\/\/yoast.com\/product\/yoast-seo-wordpress\/ -->\n<title>MTur abre inscri\u00e7\u00f5es para capacita\u00e7\u00e3o gratuita em autismo e inclus\u00e3o - CidadeMarketing<\/title>\n<meta name=\"robots\" content=\"index, follow, max-snippet:-1, max-image-preview:large, max-video-preview:-1\" \/>\n<link rel=\"canonical\" href=\"https:\/\/www.cidademarketing.com.br\/marketing\/2021\/10\/02\/mtur-abre-inscricoes-para-capacitacao-gratuita-em-autismo-e-inclusao\/\" \/>\n<meta property=\"og:locale\" content=\"pt_BR\" \/>\n<meta property=\"og:type\" content=\"article\" \/>\n<meta property=\"og:title\" content=\"MTur abre inscri\u00e7\u00f5es para capacita\u00e7\u00e3o gratuita em autismo e inclus\u00e3o - CidadeMarketing\" \/>\n<meta property=\"og:description\" content=\"Minist\u00e9rio do Turismo, em parceria com o Instituto Incluir Treinamentos, abre, a partir desta sexta-feira (01.10), as inscri\u00e7\u00f5es para o curso gratuito \u201cAutismo, Acessibilidade e Inclus\u00e3o\u201d. A iniciativa tem o objetivo de capacitar e preparar os trabalhadores do turismo para a inclus\u00e3o de pessoas com defici\u00eancia e suas fam\u00edlias durante viagens pelo Brasil. Estimativas do [&hellip;]\" \/>\n<meta property=\"og:url\" content=\"https:\/\/www.cidademarketing.com.br\/marketing\/2021\/10\/02\/mtur-abre-inscricoes-para-capacitacao-gratuita-em-autismo-e-inclusao\/\" \/>\n<meta property=\"og:site_name\" content=\"CidadeMarketing\" \/>\n<meta property=\"article:publisher\" content=\"https:\/\/www.facebook.com\/portalcidademarketing\" \/>\n<meta property=\"article:author\" content=\"https:\/\/www.facebook.com\/thalesbrandao\" \/>\n<meta property=\"article:published_time\" content=\"2021-10-02T22:40:34+00:00\" \/>\n<meta property=\"article:modified_time\" content=\"2021-10-02T22:40:37+00:00\" \/>\n<meta property=\"og:image\" content=\"https:\/\/www.cidademarketing.com.br\/marketing\/wp-content\/uploads\/2021\/10\/autismo_inclusao_mtur.jpg\" \/>\n\t<meta property=\"og:image:width\" content=\"1176\" \/>\n\t<meta property=\"og:image:height\" content=\"497\" \/>\n\t<meta property=\"og:image:type\" content=\"image\/jpeg\" \/>\n<meta name=\"author\" content=\"Thales Brand\u00e3o\" \/>\n<meta name=\"twitter:card\" content=\"summary_large_image\" \/>\n<meta name=\"twitter:creator\" content=\"@http:\/\/www.twitter.com\/thalesbrandao\" \/>\n<meta name=\"twitter:site\" content=\"@CidadeMarketing\" \/>\n<meta name=\"twitter:label1\" content=\"Escrito por\" \/>\n\t<meta name=\"twitter:data1\" content=\"Thales Brand\u00e3o\" \/>\n\t<meta name=\"twitter:label2\" content=\"Est. tempo de leitura\" \/>\n\t<meta name=\"twitter:data2\" content=\"2 minutos\" \/>\n<script type=\"application\/ld+json\" class=\"yoast-schema-graph\">{\"@context\":\"https:\\\/\\\/schema.org\",\"@graph\":[{\"@type\":\"Article\",\"@id\":\"https:\\\/\\\/www.cidademarketing.com.br\\\/marketing\\\/2021\\\/10\\\/02\\\/mtur-abre-inscricoes-para-capacitacao-gratuita-em-autismo-e-inclusao\\\/#article\",\"isPartOf\":{\"@id\":\"https:\\\/\\\/www.cidademarketing.com.br\\\/marketing\\\/2021\\\/10\\\/02\\\/mtur-abre-inscricoes-para-capacitacao-gratuita-em-autismo-e-inclusao\\\/\"},\"author\":{\"name\":\"Thales Brand\u00e3o\",\"@id\":\"https:\\\/\\\/www.cidademarketing.com.br\\\/marketing\\\/#\\\/schema\\\/person\\\/02daff9f18bd9378c9e01eb6b2db155f\"},\"headline\":\"MTur abre inscri\u00e7\u00f5es para capacita\u00e7\u00e3o gratuita em autismo e inclus\u00e3o\",\"datePublished\":\"2021-10-02T22:40:34+00:00\",\"dateModified\":\"2021-10-02T22:40:37+00:00\",\"mainEntityOfPage\":{\"@id\":\"https:\\\/\\\/www.cidademarketing.com.br\\\/marketing\\\/2021\\\/10\\\/02\\\/mtur-abre-inscricoes-para-capacitacao-gratuita-em-autismo-e-inclusao\\\/\"},\"wordCount\":420,\"commentCount\":0,\"publisher\":{\"@id\":\"https:\\\/\\\/www.cidademarketing.com.br\\\/marketing\\\/#organization\"},\"image\":{\"@id\":\"https:\\\/\\\/www.cidademarketing.com.br\\\/marketing\\\/2021\\\/10\\\/02\\\/mtur-abre-inscricoes-para-capacitacao-gratuita-em-autismo-e-inclusao\\\/#primaryimage\"},\"thumbnailUrl\":\"https:\\\/\\\/www.cidademarketing.com.br\\\/marketing\\\/wp-content\\\/uploads\\\/2021\\\/10\\\/autismo_inclusao_mtur.jpg\",\"keywords\":[\"autismo\",\"estrat\u00e9gia\",\"inclus\u00e3o\",\"treinamento\",\"turismo\"],\"articleSection\":[\"Not\u00edcias\"],\"inLanguage\":\"pt-BR\",\"potentialAction\":[{\"@type\":\"CommentAction\",\"name\":\"Comment\",\"target\":[\"https:\\\/\\\/www.cidademarketing.com.br\\\/marketing\\\/2021\\\/10\\\/02\\\/mtur-abre-inscricoes-para-capacitacao-gratuita-em-autismo-e-inclusao\\\/#respond\"]}]},{\"@type\":\"WebPage\",\"@id\":\"https:\\\/\\\/www.cidademarketing.com.br\\\/marketing\\\/2021\\\/10\\\/02\\\/mtur-abre-inscricoes-para-capacitacao-gratuita-em-autismo-e-inclusao\\\/\",\"url\":\"https:\\\/\\\/www.cidademarketing.com.br\\\/marketing\\\/2021\\\/10\\\/02\\\/mtur-abre-inscricoes-para-capacitacao-gratuita-em-autismo-e-inclusao\\\/\",\"name\":\"MTur abre inscri\u00e7\u00f5es para capacita\u00e7\u00e3o gratuita em autismo e inclus\u00e3o - CidadeMarketing\",\"isPartOf\":{\"@id\":\"https:\\\/\\\/www.cidademarketing.com.br\\\/marketing\\\/#website\"},\"primaryImageOfPage\":{\"@id\":\"https:\\\/\\\/www.cidademarketing.com.br\\\/marketing\\\/2021\\\/10\\\/02\\\/mtur-abre-inscricoes-para-capacitacao-gratuita-em-autismo-e-inclusao\\\/#primaryimage\"},\"image\":{\"@id\":\"https:\\\/\\\/www.cidademarketing.com.br\\\/marketing\\\/2021\\\/10\\\/02\\\/mtur-abre-inscricoes-para-capacitacao-gratuita-em-autismo-e-inclusao\\\/#primaryimage\"},\"thumbnailUrl\":\"https:\\\/\\\/www.cidademarketing.com.br\\\/marketing\\\/wp-content\\\/uploads\\\/2021\\\/10\\\/autismo_inclusao_mtur.jpg\",\"datePublished\":\"2021-10-02T22:40:34+00:00\",\"dateModified\":\"2021-10-02T22:40:37+00:00\",\"breadcrumb\":{\"@id\":\"https:\\\/\\\/www.cidademarketing.com.br\\\/marketing\\\/2021\\\/10\\\/02\\\/mtur-abre-inscricoes-para-capacitacao-gratuita-em-autismo-e-inclusao\\\/#breadcrumb\"},\"inLanguage\":\"pt-BR\",\"potentialAction\":[{\"@type\":\"ReadAction\",\"target\":[\"https:\\\/\\\/www.cidademarketing.com.br\\\/marketing\\\/2021\\\/10\\\/02\\\/mtur-abre-inscricoes-para-capacitacao-gratuita-em-autismo-e-inclusao\\\/\"]}]},{\"@type\":\"ImageObject\",\"inLanguage\":\"pt-BR\",\"@id\":\"https:\\\/\\\/www.cidademarketing.com.br\\\/marketing\\\/2021\\\/10\\\/02\\\/mtur-abre-inscricoes-para-capacitacao-gratuita-em-autismo-e-inclusao\\\/#primaryimage\",\"url\":\"https:\\\/\\\/www.cidademarketing.com.br\\\/marketing\\\/wp-content\\\/uploads\\\/2021\\\/10\\\/autismo_inclusao_mtur.jpg\",\"contentUrl\":\"https:\\\/\\\/www.cidademarketing.com.br\\\/marketing\\\/wp-content\\\/uploads\\\/2021\\\/10\\\/autismo_inclusao_mtur.jpg\",\"width\":1176,\"height\":497},{\"@type\":\"BreadcrumbList\",\"@id\":\"https:\\\/\\\/www.cidademarketing.com.br\\\/marketing\\\/2021\\\/10\\\/02\\\/mtur-abre-inscricoes-para-capacitacao-gratuita-em-autismo-e-inclusao\\\/#breadcrumb\",\"itemListElement\":[{\"@type\":\"ListItem\",\"position\":1,\"name\":\"In\u00edcio\",\"item\":\"https:\\\/\\\/www.cidademarketing.com.br\\\/marketing\\\/\"},{\"@type\":\"ListItem\",\"position\":2,\"name\":\"MTur abre inscri\u00e7\u00f5es para capacita\u00e7\u00e3o gratuita em autismo e inclus\u00e3o\"}]},{\"@type\":\"WebSite\",\"@id\":\"https:\\\/\\\/www.cidademarketing.com.br\\\/marketing\\\/#website\",\"url\":\"https:\\\/\\\/www.cidademarketing.com.br\\\/marketing\\\/\",\"name\":\"CidadeMarketing\",\"description\":\"Somos um ve\u00edculo de comunica\u00e7\u00e3o de destaque no Brasil, reconhecido por conte\u00fados nos segmentos de marketing, empreendedorismo e inova\u00e7\u00e3o.\",\"publisher\":{\"@id\":\"https:\\\/\\\/www.cidademarketing.com.br\\\/marketing\\\/#organization\"},\"alternateName\":\"CidadeMarketing\",\"potentialAction\":[{\"@type\":\"SearchAction\",\"target\":{\"@type\":\"EntryPoint\",\"urlTemplate\":\"https:\\\/\\\/www.cidademarketing.com.br\\\/marketing\\\/?s={search_term_string}\"},\"query-input\":{\"@type\":\"PropertyValueSpecification\",\"valueRequired\":true,\"valueName\":\"search_term_string\"}}],\"inLanguage\":\"pt-BR\"},{\"@type\":\"Organization\",\"@id\":\"https:\\\/\\\/www.cidademarketing.com.br\\\/marketing\\\/#organization\",\"name\":\"CidadeMarketing\",\"alternateName\":\"CidadeMarketing\",\"url\":\"https:\\\/\\\/www.cidademarketing.com.br\\\/marketing\\\/\",\"logo\":{\"@type\":\"ImageObject\",\"inLanguage\":\"pt-BR\",\"@id\":\"https:\\\/\\\/www.cidademarketing.com.br\\\/marketing\\\/#\\\/schema\\\/logo\\\/image\\\/\",\"url\":\"https:\\\/\\\/www.cidademarketing.com.br\\\/marketing\\\/wp-content\\\/uploads\\\/2020\\\/01\\\/cidademarketing_marca_mobile.png\",\"contentUrl\":\"https:\\\/\\\/www.cidademarketing.com.br\\\/marketing\\\/wp-content\\\/uploads\\\/2020\\\/01\\\/cidademarketing_marca_mobile.png\",\"width\":230,\"height\":92,\"caption\":\"CidadeMarketing\"},\"image\":{\"@id\":\"https:\\\/\\\/www.cidademarketing.com.br\\\/marketing\\\/#\\\/schema\\\/logo\\\/image\\\/\"},\"sameAs\":[\"https:\\\/\\\/www.facebook.com\\\/portalcidademarketing\",\"https:\\\/\\\/x.com\\\/CidadeMarketing\",\"https:\\\/\\\/www.instagram.com\\\/cidademarketing\\\/\"]},{\"@type\":\"Person\",\"@id\":\"https:\\\/\\\/www.cidademarketing.com.br\\\/marketing\\\/#\\\/schema\\\/person\\\/02daff9f18bd9378c9e01eb6b2db155f\",\"name\":\"Thales Brand\u00e3o\",\"image\":{\"@type\":\"ImageObject\",\"inLanguage\":\"pt-BR\",\"@id\":\"https:\\\/\\\/secure.gravatar.com\\\/avatar\\\/7ca3206950207cc3cb48feec56a8a7898741ab725c368d99d5d7a5a50aab80c6?s=96&d=mm&r=g\",\"url\":\"https:\\\/\\\/secure.gravatar.com\\\/avatar\\\/7ca3206950207cc3cb48feec56a8a7898741ab725c368d99d5d7a5a50aab80c6?s=96&d=mm&r=g\",\"contentUrl\":\"https:\\\/\\\/secure.gravatar.com\\\/avatar\\\/7ca3206950207cc3cb48feec56a8a7898741ab725c368d99d5d7a5a50aab80c6?s=96&d=mm&r=g\",\"caption\":\"Thales Brand\u00e3o\"},\"description\":\"Editor Executivo do Portal CidadeMarketing.com.br &gt; Mestre em Comunica\u00e7\u00e3o e Sociedade pela Universidade Federal de Sergipe. Possui MBA Executivo em Administra\u00e7\u00e3o com \u00eanfase em Marketing pela Funda\u00e7\u00e3o Get\u00falio Vargas - Rio de Janeiro. Consultor, Palestrante e Pesquisador sobre Empreendedorismo, Marketing, Redes Sociais e Neg\u00f3cios Digitais. Professor, Palestrante TedxTalks e Campus Party. Twitter: @ThalesBrandao\",\"sameAs\":[\"http:\\\/\\\/www.mandacaru.com.br\",\"https:\\\/\\\/www.facebook.com\\\/thalesbrandao\",\"http:\\\/\\\/www.instagram.com.br\\\/thalesbrandaoferreira\",\"https:\\\/\\\/www.linkedin.com\\\/in\\\/thales-brand\u00e3o-3948609\\\/\",\"https:\\\/\\\/x.com\\\/http:\\\/\\\/www.twitter.com\\\/thalesbrandao\"],\"url\":\"https:\\\/\\\/www.cidademarketing.com.br\\\/marketing\\\/author\\\/thalesbrandao\\\/\"}]}<\/script>\n<!-- \/ Yoast SEO plugin. -->","yoast_head_json":{"title":"MTur abre inscri\u00e7\u00f5es para capacita\u00e7\u00e3o gratuita em autismo e inclus\u00e3o - CidadeMarketing","robots":{"index":"index","follow":"follow","max-snippet":"max-snippet:-1","max-image-preview":"max-image-preview:large","max-video-preview":"max-video-preview:-1"},"canonical":"https:\/\/www.cidademarketing.com.br\/marketing\/2021\/10\/02\/mtur-abre-inscricoes-para-capacitacao-gratuita-em-autismo-e-inclusao\/","og_locale":"pt_BR","og_type":"article","og_title":"MTur abre inscri\u00e7\u00f5es para capacita\u00e7\u00e3o gratuita em autismo e inclus\u00e3o - CidadeMarketing","og_description":"Minist\u00e9rio do Turismo, em parceria com o Instituto Incluir Treinamentos, abre, a partir desta sexta-feira (01.10), as inscri\u00e7\u00f5es para o curso gratuito \u201cAutismo, Acessibilidade e Inclus\u00e3o\u201d. A iniciativa tem o objetivo de capacitar e preparar os trabalhadores do turismo para a inclus\u00e3o de pessoas com defici\u00eancia e suas fam\u00edlias durante viagens pelo Brasil. Estimativas do [&hellip;]","og_url":"https:\/\/www.cidademarketing.com.br\/marketing\/2021\/10\/02\/mtur-abre-inscricoes-para-capacitacao-gratuita-em-autismo-e-inclusao\/","og_site_name":"CidadeMarketing","article_publisher":"https:\/\/www.facebook.com\/portalcidademarketing","article_author":"https:\/\/www.facebook.com\/thalesbrandao","article_published_time":"2021-10-02T22:40:34+00:00","article_modified_time":"2021-10-02T22:40:37+00:00","og_image":[{"width":1176,"height":497,"url":"https:\/\/www.cidademarketing.com.br\/marketing\/wp-content\/uploads\/2021\/10\/autismo_inclusao_mtur.jpg","type":"image\/jpeg"}],"author":"Thales Brand\u00e3o","twitter_card":"summary_large_image","twitter_creator":"@http:\/\/www.twitter.com\/thalesbrandao","twitter_site":"@CidadeMarketing","twitter_misc":{"Escrito por":"Thales Brand\u00e3o","Est. tempo de leitura":"2 minutos"},"schema":{"@context":"https:\/\/schema.org","@graph":[{"@type":"Article","@id":"https:\/\/www.cidademarketing.com.br\/marketing\/2021\/10\/02\/mtur-abre-inscricoes-para-capacitacao-gratuita-em-autismo-e-inclusao\/#article","isPartOf":{"@id":"https:\/\/www.cidademarketing.com.br\/marketing\/2021\/10\/02\/mtur-abre-inscricoes-para-capacitacao-gratuita-em-autismo-e-inclusao\/"},"author":{"name":"Thales Brand\u00e3o","@id":"https:\/\/www.cidademarketing.com.br\/marketing\/#\/schema\/person\/02daff9f18bd9378c9e01eb6b2db155f"},"headline":"MTur abre inscri\u00e7\u00f5es para capacita\u00e7\u00e3o gratuita em autismo e inclus\u00e3o","datePublished":"2021-10-02T22:40:34+00:00","dateModified":"2021-10-02T22:40:37+00:00","mainEntityOfPage":{"@id":"https:\/\/www.cidademarketing.com.br\/marketing\/2021\/10\/02\/mtur-abre-inscricoes-para-capacitacao-gratuita-em-autismo-e-inclusao\/"},"wordCount":420,"commentCount":0,"publisher":{"@id":"https:\/\/www.cidademarketing.com.br\/marketing\/#organization"},"image":{"@id":"https:\/\/www.cidademarketing.com.br\/marketing\/2021\/10\/02\/mtur-abre-inscricoes-para-capacitacao-gratuita-em-autismo-e-inclusao\/#primaryimage"},"thumbnailUrl":"https:\/\/www.cidademarketing.com.br\/marketing\/wp-content\/uploads\/2021\/10\/autismo_inclusao_mtur.jpg","keywords":["autismo","estrat\u00e9gia","inclus\u00e3o","treinamento","turismo"],"articleSection":["Not\u00edcias"],"inLanguage":"pt-BR","potentialAction":[{"@type":"CommentAction","name":"Comment","target":["https:\/\/www.cidademarketing.com.br\/marketing\/2021\/10\/02\/mtur-abre-inscricoes-para-capacitacao-gratuita-em-autismo-e-inclusao\/#respond"]}]},{"@type":"WebPage","@id":"https:\/\/www.cidademarketing.com.br\/marketing\/2021\/10\/02\/mtur-abre-inscricoes-para-capacitacao-gratuita-em-autismo-e-inclusao\/","url":"https:\/\/www.cidademarketing.com.br\/marketing\/2021\/10\/02\/mtur-abre-inscricoes-para-capacitacao-gratuita-em-autismo-e-inclusao\/","name":"MTur abre inscri\u00e7\u00f5es para capacita\u00e7\u00e3o gratuita em autismo e inclus\u00e3o - CidadeMarketing","isPartOf":{"@id":"https:\/\/www.cidademarketing.com.br\/marketing\/#website"},"primaryImageOfPage":{"@id":"https:\/\/www.cidademarketing.com.br\/marketing\/2021\/10\/02\/mtur-abre-inscricoes-para-capacitacao-gratuita-em-autismo-e-inclusao\/#primaryimage"},"image":{"@id":"https:\/\/www.cidademarketing.com.br\/marketing\/2021\/10\/02\/mtur-abre-inscricoes-para-capacitacao-gratuita-em-autismo-e-inclusao\/#primaryimage"},"thumbnailUrl":"https:\/\/www.cidademarketing.com.br\/marketing\/wp-content\/uploads\/2021\/10\/autismo_inclusao_mtur.jpg","datePublished":"2021-10-02T22:40:34+00:00","dateModified":"2021-10-02T22:40:37+00:00","breadcrumb":{"@id":"https:\/\/www.cidademarketing.com.br\/marketing\/2021\/10\/02\/mtur-abre-inscricoes-para-capacitacao-gratuita-em-autismo-e-inclusao\/#breadcrumb"},"inLanguage":"pt-BR","potentialAction":[{"@type":"ReadAction","target":["https:\/\/www.cidademarketing.com.br\/marketing\/2021\/10\/02\/mtur-abre-inscricoes-para-capacitacao-gratuita-em-autismo-e-inclusao\/"]}]},{"@type":"ImageObject","inLanguage":"pt-BR","@id":"https:\/\/www.cidademarketing.com.br\/marketing\/2021\/10\/02\/mtur-abre-inscricoes-para-capacitacao-gratuita-em-autismo-e-inclusao\/#primaryimage","url":"https:\/\/www.cidademarketing.com.br\/marketing\/wp-content\/uploads\/2021\/10\/autismo_inclusao_mtur.jpg","contentUrl":"https:\/\/www.cidademarketing.com.br\/marketing\/wp-content\/uploads\/2021\/10\/autismo_inclusao_mtur.jpg","width":1176,"height":497},{"@type":"BreadcrumbList","@id":"https:\/\/www.cidademarketing.com.br\/marketing\/2021\/10\/02\/mtur-abre-inscricoes-para-capacitacao-gratuita-em-autismo-e-inclusao\/#breadcrumb","itemListElement":[{"@type":"ListItem","position":1,"name":"In\u00edcio","item":"https:\/\/www.cidademarketing.com.br\/marketing\/"},{"@type":"ListItem","position":2,"name":"MTur abre inscri\u00e7\u00f5es para capacita\u00e7\u00e3o gratuita em autismo e inclus\u00e3o"}]},{"@type":"WebSite","@id":"https:\/\/www.cidademarketing.com.br\/marketing\/#website","url":"https:\/\/www.cidademarketing.com.br\/marketing\/","name":"CidadeMarketing","description":"Somos um ve\u00edculo de comunica\u00e7\u00e3o de destaque no Brasil, reconhecido por conte\u00fados nos segmentos de marketing, empreendedorismo e inova\u00e7\u00e3o.","publisher":{"@id":"https:\/\/www.cidademarketing.com.br\/marketing\/#organization"},"alternateName":"CidadeMarketing","potentialAction":[{"@type":"SearchAction","target":{"@type":"EntryPoint","urlTemplate":"https:\/\/www.cidademarketing.com.br\/marketing\/?s={search_term_string}"},"query-input":{"@type":"PropertyValueSpecification","valueRequired":true,"valueName":"search_term_string"}}],"inLanguage":"pt-BR"},{"@type":"Organization","@id":"https:\/\/www.cidademarketing.com.br\/marketing\/#organization","name":"CidadeMarketing","alternateName":"CidadeMarketing","url":"https:\/\/www.cidademarketing.com.br\/marketing\/","logo":{"@type":"ImageObject","inLanguage":"pt-BR","@id":"https:\/\/www.cidademarketing.com.br\/marketing\/#\/schema\/logo\/image\/","url":"https:\/\/www.cidademarketing.com.br\/marketing\/wp-content\/uploads\/2020\/01\/cidademarketing_marca_mobile.png","contentUrl":"https:\/\/www.cidademarketing.com.br\/marketing\/wp-content\/uploads\/2020\/01\/cidademarketing_marca_mobile.png","width":230,"height":92,"caption":"CidadeMarketing"},"image":{"@id":"https:\/\/www.cidademarketing.com.br\/marketing\/#\/schema\/logo\/image\/"},"sameAs":["https:\/\/www.facebook.com\/portalcidademarketing","https:\/\/x.com\/CidadeMarketing","https:\/\/www.instagram.com\/cidademarketing\/"]},{"@type":"Person","@id":"https:\/\/www.cidademarketing.com.br\/marketing\/#\/schema\/person\/02daff9f18bd9378c9e01eb6b2db155f","name":"Thales Brand\u00e3o","image":{"@type":"ImageObject","inLanguage":"pt-BR","@id":"https:\/\/secure.gravatar.com\/avatar\/7ca3206950207cc3cb48feec56a8a7898741ab725c368d99d5d7a5a50aab80c6?s=96&d=mm&r=g","url":"https:\/\/secure.gravatar.com\/avatar\/7ca3206950207cc3cb48feec56a8a7898741ab725c368d99d5d7a5a50aab80c6?s=96&d=mm&r=g","contentUrl":"https:\/\/secure.gravatar.com\/avatar\/7ca3206950207cc3cb48feec56a8a7898741ab725c368d99d5d7a5a50aab80c6?s=96&d=mm&r=g","caption":"Thales Brand\u00e3o"},"description":"Editor Executivo do Portal CidadeMarketing.com.br &gt; Mestre em Comunica\u00e7\u00e3o e Sociedade pela Universidade Federal de Sergipe. Possui MBA Executivo em Administra\u00e7\u00e3o com \u00eanfase em Marketing pela Funda\u00e7\u00e3o Get\u00falio Vargas - Rio de Janeiro. Consultor, Palestrante e Pesquisador sobre Empreendedorismo, Marketing, Redes Sociais e Neg\u00f3cios Digitais. Professor, Palestrante TedxTalks e Campus Party. Twitter: @ThalesBrandao","sameAs":["http:\/\/www.mandacaru.com.br","https:\/\/www.facebook.com\/thalesbrandao","http:\/\/www.instagram.com.br\/thalesbrandaoferreira","https:\/\/www.linkedin.com\/in\/thales-brand\u00e3o-3948609\/","https:\/\/x.com\/http:\/\/www.twitter.com\/thalesbrandao"],"url":"https:\/\/www.cidademarketing.com.br\/marketing\/author\/thalesbrandao\/"}]}},"amp_enabled":true,"_links":{"self":[{"href":"https:\/\/www.cidademarketing.com.br\/marketing\/wp-json\/wp\/v2\/posts\/30027","targetHints":{"allow":["GET"]}}],"collection":[{"href":"https:\/\/www.cidademarketing.com.br\/marketing\/wp-json\/wp\/v2\/posts"}],"about":[{"href":"https:\/\/www.cidademarketing.com.br\/marketing\/wp-json\/wp\/v2\/types\/post"}],"author":[{"embeddable":true,"href":"https:\/\/www.cidademarketing.com.br\/marketing\/wp-json\/wp\/v2\/users\/1"}],"replies":[{"embeddable":true,"href":"https:\/\/www.cidademarketing.com.br\/marketing\/wp-json\/wp\/v2\/comments?post=30027"}],"version-history":[{"count":1,"href":"https:\/\/www.cidademarketing.com.br\/marketing\/wp-json\/wp\/v2\/posts\/30027\/revisions"}],"predecessor-version":[{"id":30029,"href":"https:\/\/www.cidademarketing.com.br\/marketing\/wp-json\/wp\/v2\/posts\/30027\/revisions\/30029"}],"wp:featuredmedia":[{"embeddable":true,"href":"https:\/\/www.cidademarketing.com.br\/marketing\/wp-json\/wp\/v2\/media\/30028"}],"wp:attachment":[{"href":"https:\/\/www.cidademarketing.com.br\/marketing\/wp-json\/wp\/v2\/media?parent=30027"}],"wp:term":[{"taxonomy":"category","embeddable":true,"href":"https:\/\/www.cidademarketing.com.br\/marketing\/wp-json\/wp\/v2\/categories?post=30027"},{"taxonomy":"post_tag","embeddable":true,"href":"https:\/\/www.cidademarketing.com.br\/marketing\/wp-json\/wp\/v2\/tags?post=30027"}],"curies":[{"name":"wp","href":"https:\/\/api.w.org\/{rel}","templated":true}]}}