{"id":30012,"date":"2021-10-01T21:29:43","date_gmt":"2021-10-02T00:29:43","guid":{"rendered":"https:\/\/www.cidademarketing.com.br\/marketing\/?p=30012"},"modified":"2021-10-01T21:29:45","modified_gmt":"2021-10-02T00:29:45","slug":"senado-aprova-inclusao-de-empreendedorismo-e-inovacao-no-ensino-basico-e-superior","status":"publish","type":"post","link":"https:\/\/www.cidademarketing.com.br\/marketing\/2021\/10\/01\/senado-aprova-inclusao-de-empreendedorismo-e-inovacao-no-ensino-basico-e-superior\/","title":{"rendered":"Senado aprova inclus\u00e3o de empreendedorismo e inova\u00e7\u00e3o no ensino b\u00e1sico e superior"},"content":{"rendered":"\n<p><\/p>\n\n\n\n<p><\/p><iframe src=\"https:\/\/open.spotify.com\/embed\/show\/4khMKzP3FgFRWVwb73xicc\" width=\"100%\" height=\"232\" frameBorder=\"0\" allowtransparency=\"true\" allow=\"encrypted-media\"><\/iframe>\t\n\n\n\n\n<p><\/p>\n\n\n\n<p>Foi aprovado em Plen\u00e1rio, nesta quinta-feira (30), em vota\u00e7\u00e3o simb\u00f3lica, o <a rel=\"noreferrer noopener\" href=\"https:\/\/www25.senado.leg.br\/web\/atividade\/materias\/-\/materia\/149527\" target=\"_blank\">PL 2.944\/2021<\/a>, da senadora K\u00e1tia Abreu (PP-TO), que altera a Lei de Diretrizes e Bases da Educa\u00e7\u00e3o (LDB) para incluir os temas &#8220;empreendedorismo&#8221; e &#8220;inova\u00e7\u00e3o&#8221; nos curr\u00edculos da educa\u00e7\u00e3o b\u00e1sica e superior. A mat\u00e9ria vai \u00e0 C\u00e2mara.<\/p>\n\n\n\n<p>K\u00e1tia Abreu afirmou que o Minist\u00e9rio da Educa\u00e7\u00e3o em parceria com o Sebrae est\u00e1 capacitando em empreendedorismo 540 mil professores em todo o pa\u00eds nos pr\u00f3ximos 36 meses. Ela disse ter certeza que esses novos temas transversais v\u00e3o ajudar crian\u00e7as e jovens a desenvolver a \u201clideran\u00e7a, atitude, criatividade\u201d e outras qualidades.<\/p>\n\n\n\n<p>\u2014 Sobre este tema transversal do empreendedorismo, eu tenho certeza, como disse a Leila muito bem, de que o empreendedor n\u00e3o \u00e9 aquele que \u00e9 s\u00f3 o dono, o patr\u00e3o do seu pr\u00f3prio neg\u00f3cio. Ao contr\u00e1rio, o servidor p\u00fablico precisa ser um servidor p\u00fablico empreendedor, o trabalhador rural pode ser empreendedor, o trabalhador urbano, o aut\u00f4nomo, o jovem, todos n\u00f3s temos que ter este sentimento de empreender, de lutar pelo nosso pa\u00eds, pelo nosso crescimento pessoal \u2014 opinou a autora.<\/p>\n\n\n\n<p>A relatora foi a senadora Leila Barros (Cidadania-DF), que acolheu uma emenda e rejeitou outras duas.<\/p>\n\n\n\n<p>\u2014 O projeto em exame tem o cuidado de evitar a sobrecarga curricular mediante a previs\u00e3o do estudo do empreendedorismo e da inova\u00e7\u00e3o como temas transversais no ensino fundamental e no m\u00e9dio, decerto sem preju\u00edzo da decis\u00e3o dos sistemas de ensino e das escolas a respeito de outras formas de tratamento pedag\u00f3gico da mat\u00e9ria, como, por sinal, tem ocorrido nos anos mais recentes. Ademais, a proposi\u00e7\u00e3o aborda o empreendedorismo e a inova\u00e7\u00e3o como diretriz dos conte\u00fados curriculares da educa\u00e7\u00e3o b\u00e1sica e como finalidade da educa\u00e7\u00e3o superior, o que estimula uma promissora trajet\u00f3ria nas escolas e universidades \u2014 afirmou Leila.<\/p>\n\n\n\n<p>A emenda acolhida, do senador Izalci Lucas (PSDB-DF), inclui a express\u00e3o \u201ccom aten\u00e7\u00e3o a compet\u00eancias como conhecimento e pensamento cient\u00edfico, cr\u00edtico e criativo\u201d no dispositivo da LDB que trata das diretrizes dos conte\u00fados curriculares da educa\u00e7\u00e3o b\u00e1sica (educa\u00e7\u00e3o infantil, ensino fundamental e ensino m\u00e9dio).<\/p>\n\n\n\n<p>\u201cO objetivo da emenda \u00e9 refor\u00e7ar a premissa de que o pa\u00eds precisa preparar nossos jovens para as r\u00e1pidas transforma\u00e7\u00f5es pelas quais o mundo passa atualmente, estimulando neles o exerc\u00edcio de pensamentos cr\u00edticos e inovadores que, consequentemente, implicar\u00e1 no desenvolvimento de capacidades emocionais e socioemocionais, essenciais durante o processo de crescimento\u201d, diz Izalci em sua emenda.&nbsp;<\/p>\n\n\n\n<p>Quanto \u00e0 educa\u00e7\u00e3o superior, o projeto determina que o est\u00edmulo ao empreendedorismo e \u00e0 inova\u00e7\u00e3o poder\u00e1 ocorrer, inclusive, \u201cpor meio de programas e cursos espec\u00edficos de forma\u00e7\u00e3o de docentes, visando a conex\u00e3o entre os conhecimentos t\u00e9cnicos e cient\u00edficos e o mundo do trabalho e da produ\u00e7\u00e3o\u201d.<\/p>\n\n\n\n<p>K\u00e1tia Abreu afirma no projeto que a inclus\u00e3o desses temas na grade curricular de escolas e universidades trar\u00e1 impactos positivos na gera\u00e7\u00e3o de emprego e renda. Segundo ela, a educa\u00e7\u00e3o empreendedora j\u00e1 \u00e9 uma realidade nos pa\u00edses desenvolvidos. Ela aponta que o primeiro curso de empreendedorismo foi institu\u00eddo nos Estados Unidos, em 1927, pela Universidade de Michigan (hoje h\u00e1 cerca de 60 cursos pelo mundo).&nbsp;<\/p>\n\n\n\n<p>\u201cH\u00e1 farta literatura correlacionando empreendedorismo e desenvolvimento econ\u00f4mico, com impactos positivos na gera\u00e7\u00e3o de emprego e renda. Igualmente, h\u00e1 estudos importantes ligando o empreendedorismo a melhores n\u00edveis de produtividade e inova\u00e7\u00e3o\u201d, justifica a autora.<\/p>\n\n\n\n<p>Segundo K\u00e1tia, a Comunidade Europeia, por sua vez, tem enfatizado a relev\u00e2ncia da educa\u00e7\u00e3o empreendedora. De acordo com estudo de 2017 do Sebrae, 42% dos especialistas consultados apontam as quest\u00f5es de educa\u00e7\u00e3o como essenciais para o desenvolvimento do empreendedorismo no Brasil. A t\u00edtulo de recomenda\u00e7\u00e3o de pol\u00edticas, o documento recomenda a inser\u00e7\u00e3o da educa\u00e7\u00e3o empreendedora desde a escola fundamental.<\/p>\n\n\n\n<p>Izalci afirmou em Plen\u00e1rio que temas como inova\u00e7\u00e3o, empreendedorismo e administra\u00e7\u00e3o financeira, por exemplo, precisam ser trabalhados na educa\u00e7\u00e3o brasileira. Ele disse que v\u00e1rias escolas pelo pa\u00eds j\u00e1 ensinam o empreendedorismo, com jovens abrindo seus pr\u00f3prios neg\u00f3cios ou criando produtos. Para o senador, este \u00e9 um \u201ctema de suma import\u00e2ncia para os jovens\u201d.&nbsp;<\/p>\n\n\n\n<p>\u2014 Tudo \u00e9 educa\u00e7\u00e3o \u2014 resumiu Izalci.<\/p>\n\n\n\n<p>Ao elogiar autora e relatora, o presidente do Senado, Rodrigo Pacheco, classificou o projeto como uma medida \u201cimportante para o aprimoramento da educa\u00e7\u00e3o brasileira\u201d.<\/p>\n\n\n\n<p>Leila Barros acrescentou que, em sua avalia\u00e7\u00e3o, o empreendedorismo e a inova\u00e7\u00e3o v\u00e3o incentivar o pensamento criativo, a capacidade de reinven\u00e7\u00e3o e de criar solu\u00e7\u00f5es.<\/p>\n\n\n\n<p>\u2014 Esse novo paradigma deve ser cultivado de modo a proporcionar a cria\u00e7\u00e3o de v\u00ednculos mais prof\u00edcuos entre a educa\u00e7\u00e3o escolar e o setor produtivo. Contudo, deve ir al\u00e9m de leg\u00edtimos fins utilit\u00e1rios e promover o desenvolvimento sustent\u00e1vel e a coes\u00e3o social alicer\u00e7ados em valores humanit\u00e1rios e democr\u00e1ticos. A escola precisa sair do s\u00e9culo 19, no qual foi concebido seu persistente modelo, e incorporar as mudan\u00e7as que a contemporaneidade nos apresenta, de forma a contribuir para a constru\u00e7\u00e3o de uma sociedade mais justa, que ofere\u00e7a oportunidades de crescimento e realiza\u00e7\u00e3o para todos \u2014 disse Leila.<\/p>\n\n\n\n<p>Fonte: Ag\u00eancia Senado<\/p>\n\n\n\n<p><\/p>\n\n\n\n<p><\/p><iframe allow=\"autoplay *; encrypted-media *; fullscreen *\" frameborder=\"0\" height=\"450\" style=\"width:100%;max-width:660px;overflow:hidden;background:transparent;\" sandbox=\"allow-forms allow-popups allow-same-origin allow-scripts allow-storage-access-by-user-activation allow-top-navigation-by-user-activation\" src=\"https:\/\/embed.podcasts.apple.com\/br\/podcast\/podcast-cidademarketing\/id1371923283\"><\/iframe>\n\n","protected":false},"excerpt":{"rendered":"<p>Foi aprovado em Plen\u00e1rio, nesta quinta-feira (30), em vota\u00e7\u00e3o simb\u00f3lica, o PL 2.944\/2021, da senadora K\u00e1tia Abreu (PP-TO), que altera a Lei de Diretrizes e Bases da Educa\u00e7\u00e3o (LDB) para incluir os temas &#8220;empreendedorismo&#8221; e &#8220;inova\u00e7\u00e3o&#8221; nos curr\u00edculos da educa\u00e7\u00e3o b\u00e1sica e superior. A mat\u00e9ria vai \u00e0 C\u00e2mara. K\u00e1tia Abreu afirmou que o Minist\u00e9rio da [&hellip;]<\/p>\n","protected":false},"author":1,"featured_media":30013,"comment_status":"open","ping_status":"open","sticky":false,"template":"","format":"standard","meta":{"tdm_status":"","tdm_grid_status":"","footnotes":""},"categories":[6],"tags":[147,100,27,33,28],"class_list":["post-30012","post","type-post","status-publish","format-standard","has-post-thumbnail","hentry","category-noticias","tag-brasil","tag-educacao","tag-empreendedorismo","tag-estrategia","tag-marketing"],"yoast_head":"<!-- This site is optimized with the Yoast SEO plugin v27.5 - https:\/\/yoast.com\/product\/yoast-seo-wordpress\/ -->\n<title>Senado aprova inclus\u00e3o de empreendedorismo e inova\u00e7\u00e3o no ensino b\u00e1sico e superior - CidadeMarketing<\/title>\n<meta name=\"robots\" content=\"index, follow, max-snippet:-1, max-image-preview:large, max-video-preview:-1\" \/>\n<link rel=\"canonical\" href=\"https:\/\/www.cidademarketing.com.br\/marketing\/2021\/10\/01\/senado-aprova-inclusao-de-empreendedorismo-e-inovacao-no-ensino-basico-e-superior\/\" \/>\n<meta property=\"og:locale\" content=\"pt_BR\" \/>\n<meta property=\"og:type\" content=\"article\" \/>\n<meta property=\"og:title\" content=\"Senado aprova inclus\u00e3o de empreendedorismo e inova\u00e7\u00e3o no ensino b\u00e1sico e superior - CidadeMarketing\" \/>\n<meta property=\"og:description\" content=\"Foi aprovado em Plen\u00e1rio, nesta quinta-feira (30), em vota\u00e7\u00e3o simb\u00f3lica, o PL 2.944\/2021, da senadora K\u00e1tia Abreu (PP-TO), que altera a Lei de Diretrizes e Bases da Educa\u00e7\u00e3o (LDB) para incluir os temas &#8220;empreendedorismo&#8221; e &#8220;inova\u00e7\u00e3o&#8221; nos curr\u00edculos da educa\u00e7\u00e3o b\u00e1sica e superior. A mat\u00e9ria vai \u00e0 C\u00e2mara. K\u00e1tia Abreu afirmou que o Minist\u00e9rio da [&hellip;]\" \/>\n<meta property=\"og:url\" content=\"https:\/\/www.cidademarketing.com.br\/marketing\/2021\/10\/01\/senado-aprova-inclusao-de-empreendedorismo-e-inovacao-no-ensino-basico-e-superior\/\" \/>\n<meta property=\"og:site_name\" content=\"CidadeMarketing\" \/>\n<meta property=\"article:publisher\" content=\"https:\/\/www.facebook.com\/portalcidademarketing\" \/>\n<meta property=\"article:author\" content=\"https:\/\/www.facebook.com\/thalesbrandao\" \/>\n<meta property=\"article:published_time\" content=\"2021-10-02T00:29:43+00:00\" \/>\n<meta property=\"article:modified_time\" content=\"2021-10-02T00:29:45+00:00\" \/>\n<meta property=\"og:image\" content=\"https:\/\/www.cidademarketing.com.br\/marketing\/wp-content\/uploads\/2021\/10\/empreendedorismo_senado.jpg\" \/>\n\t<meta property=\"og:image:width\" content=\"860\" \/>\n\t<meta property=\"og:image:height\" content=\"570\" \/>\n\t<meta property=\"og:image:type\" content=\"image\/jpeg\" \/>\n<meta name=\"author\" content=\"Thales Brand\u00e3o\" \/>\n<meta name=\"twitter:card\" content=\"summary_large_image\" \/>\n<meta name=\"twitter:creator\" content=\"@http:\/\/www.twitter.com\/thalesbrandao\" \/>\n<meta name=\"twitter:site\" content=\"@CidadeMarketing\" \/>\n<meta name=\"twitter:label1\" content=\"Escrito por\" \/>\n\t<meta name=\"twitter:data1\" content=\"Thales Brand\u00e3o\" \/>\n\t<meta name=\"twitter:label2\" content=\"Est. tempo de leitura\" \/>\n\t<meta name=\"twitter:data2\" content=\"5 minutos\" \/>\n<script type=\"application\/ld+json\" class=\"yoast-schema-graph\">{\"@context\":\"https:\\\/\\\/schema.org\",\"@graph\":[{\"@type\":\"Article\",\"@id\":\"https:\\\/\\\/www.cidademarketing.com.br\\\/marketing\\\/2021\\\/10\\\/01\\\/senado-aprova-inclusao-de-empreendedorismo-e-inovacao-no-ensino-basico-e-superior\\\/#article\",\"isPartOf\":{\"@id\":\"https:\\\/\\\/www.cidademarketing.com.br\\\/marketing\\\/2021\\\/10\\\/01\\\/senado-aprova-inclusao-de-empreendedorismo-e-inovacao-no-ensino-basico-e-superior\\\/\"},\"author\":{\"name\":\"Thales Brand\u00e3o\",\"@id\":\"https:\\\/\\\/www.cidademarketing.com.br\\\/marketing\\\/#\\\/schema\\\/person\\\/02daff9f18bd9378c9e01eb6b2db155f\"},\"headline\":\"Senado aprova inclus\u00e3o de empreendedorismo e inova\u00e7\u00e3o no ensino b\u00e1sico e superior\",\"datePublished\":\"2021-10-02T00:29:43+00:00\",\"dateModified\":\"2021-10-02T00:29:45+00:00\",\"mainEntityOfPage\":{\"@id\":\"https:\\\/\\\/www.cidademarketing.com.br\\\/marketing\\\/2021\\\/10\\\/01\\\/senado-aprova-inclusao-de-empreendedorismo-e-inovacao-no-ensino-basico-e-superior\\\/\"},\"wordCount\":919,\"commentCount\":0,\"publisher\":{\"@id\":\"https:\\\/\\\/www.cidademarketing.com.br\\\/marketing\\\/#organization\"},\"image\":{\"@id\":\"https:\\\/\\\/www.cidademarketing.com.br\\\/marketing\\\/2021\\\/10\\\/01\\\/senado-aprova-inclusao-de-empreendedorismo-e-inovacao-no-ensino-basico-e-superior\\\/#primaryimage\"},\"thumbnailUrl\":\"https:\\\/\\\/www.cidademarketing.com.br\\\/marketing\\\/wp-content\\\/uploads\\\/2021\\\/10\\\/empreendedorismo_senado.jpg\",\"keywords\":[\"Brasil\",\"educa\u00e7\u00e3o\",\"empreendedorismo\",\"estrat\u00e9gia\",\"marketing\"],\"articleSection\":[\"Not\u00edcias\"],\"inLanguage\":\"pt-BR\",\"potentialAction\":[{\"@type\":\"CommentAction\",\"name\":\"Comment\",\"target\":[\"https:\\\/\\\/www.cidademarketing.com.br\\\/marketing\\\/2021\\\/10\\\/01\\\/senado-aprova-inclusao-de-empreendedorismo-e-inovacao-no-ensino-basico-e-superior\\\/#respond\"]}]},{\"@type\":\"WebPage\",\"@id\":\"https:\\\/\\\/www.cidademarketing.com.br\\\/marketing\\\/2021\\\/10\\\/01\\\/senado-aprova-inclusao-de-empreendedorismo-e-inovacao-no-ensino-basico-e-superior\\\/\",\"url\":\"https:\\\/\\\/www.cidademarketing.com.br\\\/marketing\\\/2021\\\/10\\\/01\\\/senado-aprova-inclusao-de-empreendedorismo-e-inovacao-no-ensino-basico-e-superior\\\/\",\"name\":\"Senado aprova inclus\u00e3o de empreendedorismo e inova\u00e7\u00e3o no ensino b\u00e1sico e superior - CidadeMarketing\",\"isPartOf\":{\"@id\":\"https:\\\/\\\/www.cidademarketing.com.br\\\/marketing\\\/#website\"},\"primaryImageOfPage\":{\"@id\":\"https:\\\/\\\/www.cidademarketing.com.br\\\/marketing\\\/2021\\\/10\\\/01\\\/senado-aprova-inclusao-de-empreendedorismo-e-inovacao-no-ensino-basico-e-superior\\\/#primaryimage\"},\"image\":{\"@id\":\"https:\\\/\\\/www.cidademarketing.com.br\\\/marketing\\\/2021\\\/10\\\/01\\\/senado-aprova-inclusao-de-empreendedorismo-e-inovacao-no-ensino-basico-e-superior\\\/#primaryimage\"},\"thumbnailUrl\":\"https:\\\/\\\/www.cidademarketing.com.br\\\/marketing\\\/wp-content\\\/uploads\\\/2021\\\/10\\\/empreendedorismo_senado.jpg\",\"datePublished\":\"2021-10-02T00:29:43+00:00\",\"dateModified\":\"2021-10-02T00:29:45+00:00\",\"breadcrumb\":{\"@id\":\"https:\\\/\\\/www.cidademarketing.com.br\\\/marketing\\\/2021\\\/10\\\/01\\\/senado-aprova-inclusao-de-empreendedorismo-e-inovacao-no-ensino-basico-e-superior\\\/#breadcrumb\"},\"inLanguage\":\"pt-BR\",\"potentialAction\":[{\"@type\":\"ReadAction\",\"target\":[\"https:\\\/\\\/www.cidademarketing.com.br\\\/marketing\\\/2021\\\/10\\\/01\\\/senado-aprova-inclusao-de-empreendedorismo-e-inovacao-no-ensino-basico-e-superior\\\/\"]}]},{\"@type\":\"ImageObject\",\"inLanguage\":\"pt-BR\",\"@id\":\"https:\\\/\\\/www.cidademarketing.com.br\\\/marketing\\\/2021\\\/10\\\/01\\\/senado-aprova-inclusao-de-empreendedorismo-e-inovacao-no-ensino-basico-e-superior\\\/#primaryimage\",\"url\":\"https:\\\/\\\/www.cidademarketing.com.br\\\/marketing\\\/wp-content\\\/uploads\\\/2021\\\/10\\\/empreendedorismo_senado.jpg\",\"contentUrl\":\"https:\\\/\\\/www.cidademarketing.com.br\\\/marketing\\\/wp-content\\\/uploads\\\/2021\\\/10\\\/empreendedorismo_senado.jpg\",\"width\":860,\"height\":570,\"caption\":\"Waldemir Barreto\\\/Ag\u00eancia Senado Fonte: Ag\u00eancia Senado\"},{\"@type\":\"BreadcrumbList\",\"@id\":\"https:\\\/\\\/www.cidademarketing.com.br\\\/marketing\\\/2021\\\/10\\\/01\\\/senado-aprova-inclusao-de-empreendedorismo-e-inovacao-no-ensino-basico-e-superior\\\/#breadcrumb\",\"itemListElement\":[{\"@type\":\"ListItem\",\"position\":1,\"name\":\"In\u00edcio\",\"item\":\"https:\\\/\\\/www.cidademarketing.com.br\\\/marketing\\\/\"},{\"@type\":\"ListItem\",\"position\":2,\"name\":\"Senado aprova inclus\u00e3o de empreendedorismo e inova\u00e7\u00e3o no ensino b\u00e1sico e superior\"}]},{\"@type\":\"WebSite\",\"@id\":\"https:\\\/\\\/www.cidademarketing.com.br\\\/marketing\\\/#website\",\"url\":\"https:\\\/\\\/www.cidademarketing.com.br\\\/marketing\\\/\",\"name\":\"CidadeMarketing\",\"description\":\"Somos um ve\u00edculo de comunica\u00e7\u00e3o de destaque no Brasil, reconhecido por conte\u00fados nos segmentos de marketing, empreendedorismo e inova\u00e7\u00e3o.\",\"publisher\":{\"@id\":\"https:\\\/\\\/www.cidademarketing.com.br\\\/marketing\\\/#organization\"},\"alternateName\":\"CidadeMarketing\",\"potentialAction\":[{\"@type\":\"SearchAction\",\"target\":{\"@type\":\"EntryPoint\",\"urlTemplate\":\"https:\\\/\\\/www.cidademarketing.com.br\\\/marketing\\\/?s={search_term_string}\"},\"query-input\":{\"@type\":\"PropertyValueSpecification\",\"valueRequired\":true,\"valueName\":\"search_term_string\"}}],\"inLanguage\":\"pt-BR\"},{\"@type\":\"Organization\",\"@id\":\"https:\\\/\\\/www.cidademarketing.com.br\\\/marketing\\\/#organization\",\"name\":\"CidadeMarketing\",\"alternateName\":\"CidadeMarketing\",\"url\":\"https:\\\/\\\/www.cidademarketing.com.br\\\/marketing\\\/\",\"logo\":{\"@type\":\"ImageObject\",\"inLanguage\":\"pt-BR\",\"@id\":\"https:\\\/\\\/www.cidademarketing.com.br\\\/marketing\\\/#\\\/schema\\\/logo\\\/image\\\/\",\"url\":\"https:\\\/\\\/www.cidademarketing.com.br\\\/marketing\\\/wp-content\\\/uploads\\\/2020\\\/01\\\/cidademarketing_marca_mobile.png\",\"contentUrl\":\"https:\\\/\\\/www.cidademarketing.com.br\\\/marketing\\\/wp-content\\\/uploads\\\/2020\\\/01\\\/cidademarketing_marca_mobile.png\",\"width\":230,\"height\":92,\"caption\":\"CidadeMarketing\"},\"image\":{\"@id\":\"https:\\\/\\\/www.cidademarketing.com.br\\\/marketing\\\/#\\\/schema\\\/logo\\\/image\\\/\"},\"sameAs\":[\"https:\\\/\\\/www.facebook.com\\\/portalcidademarketing\",\"https:\\\/\\\/x.com\\\/CidadeMarketing\",\"https:\\\/\\\/www.instagram.com\\\/cidademarketing\\\/\"]},{\"@type\":\"Person\",\"@id\":\"https:\\\/\\\/www.cidademarketing.com.br\\\/marketing\\\/#\\\/schema\\\/person\\\/02daff9f18bd9378c9e01eb6b2db155f\",\"name\":\"Thales Brand\u00e3o\",\"image\":{\"@type\":\"ImageObject\",\"inLanguage\":\"pt-BR\",\"@id\":\"https:\\\/\\\/secure.gravatar.com\\\/avatar\\\/7ca3206950207cc3cb48feec56a8a7898741ab725c368d99d5d7a5a50aab80c6?s=96&d=mm&r=g\",\"url\":\"https:\\\/\\\/secure.gravatar.com\\\/avatar\\\/7ca3206950207cc3cb48feec56a8a7898741ab725c368d99d5d7a5a50aab80c6?s=96&d=mm&r=g\",\"contentUrl\":\"https:\\\/\\\/secure.gravatar.com\\\/avatar\\\/7ca3206950207cc3cb48feec56a8a7898741ab725c368d99d5d7a5a50aab80c6?s=96&d=mm&r=g\",\"caption\":\"Thales Brand\u00e3o\"},\"description\":\"Editor Executivo do Portal CidadeMarketing.com.br &gt; Mestre em Comunica\u00e7\u00e3o e Sociedade pela Universidade Federal de Sergipe. Possui MBA Executivo em Administra\u00e7\u00e3o com \u00eanfase em Marketing pela Funda\u00e7\u00e3o Get\u00falio Vargas - Rio de Janeiro. Consultor, Palestrante e Pesquisador sobre Empreendedorismo, Marketing, Redes Sociais e Neg\u00f3cios Digitais. Professor, Palestrante TedxTalks e Campus Party. Twitter: @ThalesBrandao\",\"sameAs\":[\"http:\\\/\\\/www.mandacaru.com.br\",\"https:\\\/\\\/www.facebook.com\\\/thalesbrandao\",\"http:\\\/\\\/www.instagram.com.br\\\/thalesbrandaoferreira\",\"https:\\\/\\\/www.linkedin.com\\\/in\\\/thales-brand\u00e3o-3948609\\\/\",\"https:\\\/\\\/x.com\\\/http:\\\/\\\/www.twitter.com\\\/thalesbrandao\"],\"url\":\"https:\\\/\\\/www.cidademarketing.com.br\\\/marketing\\\/author\\\/thalesbrandao\\\/\"}]}<\/script>\n<!-- \/ Yoast SEO plugin. -->","yoast_head_json":{"title":"Senado aprova inclus\u00e3o de empreendedorismo e inova\u00e7\u00e3o no ensino b\u00e1sico e superior - CidadeMarketing","robots":{"index":"index","follow":"follow","max-snippet":"max-snippet:-1","max-image-preview":"max-image-preview:large","max-video-preview":"max-video-preview:-1"},"canonical":"https:\/\/www.cidademarketing.com.br\/marketing\/2021\/10\/01\/senado-aprova-inclusao-de-empreendedorismo-e-inovacao-no-ensino-basico-e-superior\/","og_locale":"pt_BR","og_type":"article","og_title":"Senado aprova inclus\u00e3o de empreendedorismo e inova\u00e7\u00e3o no ensino b\u00e1sico e superior - CidadeMarketing","og_description":"Foi aprovado em Plen\u00e1rio, nesta quinta-feira (30), em vota\u00e7\u00e3o simb\u00f3lica, o PL 2.944\/2021, da senadora K\u00e1tia Abreu (PP-TO), que altera a Lei de Diretrizes e Bases da Educa\u00e7\u00e3o (LDB) para incluir os temas &#8220;empreendedorismo&#8221; e &#8220;inova\u00e7\u00e3o&#8221; nos curr\u00edculos da educa\u00e7\u00e3o b\u00e1sica e superior. A mat\u00e9ria vai \u00e0 C\u00e2mara. K\u00e1tia Abreu afirmou que o Minist\u00e9rio da [&hellip;]","og_url":"https:\/\/www.cidademarketing.com.br\/marketing\/2021\/10\/01\/senado-aprova-inclusao-de-empreendedorismo-e-inovacao-no-ensino-basico-e-superior\/","og_site_name":"CidadeMarketing","article_publisher":"https:\/\/www.facebook.com\/portalcidademarketing","article_author":"https:\/\/www.facebook.com\/thalesbrandao","article_published_time":"2021-10-02T00:29:43+00:00","article_modified_time":"2021-10-02T00:29:45+00:00","og_image":[{"width":860,"height":570,"url":"https:\/\/www.cidademarketing.com.br\/marketing\/wp-content\/uploads\/2021\/10\/empreendedorismo_senado.jpg","type":"image\/jpeg"}],"author":"Thales Brand\u00e3o","twitter_card":"summary_large_image","twitter_creator":"@http:\/\/www.twitter.com\/thalesbrandao","twitter_site":"@CidadeMarketing","twitter_misc":{"Escrito por":"Thales Brand\u00e3o","Est. tempo de leitura":"5 minutos"},"schema":{"@context":"https:\/\/schema.org","@graph":[{"@type":"Article","@id":"https:\/\/www.cidademarketing.com.br\/marketing\/2021\/10\/01\/senado-aprova-inclusao-de-empreendedorismo-e-inovacao-no-ensino-basico-e-superior\/#article","isPartOf":{"@id":"https:\/\/www.cidademarketing.com.br\/marketing\/2021\/10\/01\/senado-aprova-inclusao-de-empreendedorismo-e-inovacao-no-ensino-basico-e-superior\/"},"author":{"name":"Thales Brand\u00e3o","@id":"https:\/\/www.cidademarketing.com.br\/marketing\/#\/schema\/person\/02daff9f18bd9378c9e01eb6b2db155f"},"headline":"Senado aprova inclus\u00e3o de empreendedorismo e inova\u00e7\u00e3o no ensino b\u00e1sico e superior","datePublished":"2021-10-02T00:29:43+00:00","dateModified":"2021-10-02T00:29:45+00:00","mainEntityOfPage":{"@id":"https:\/\/www.cidademarketing.com.br\/marketing\/2021\/10\/01\/senado-aprova-inclusao-de-empreendedorismo-e-inovacao-no-ensino-basico-e-superior\/"},"wordCount":919,"commentCount":0,"publisher":{"@id":"https:\/\/www.cidademarketing.com.br\/marketing\/#organization"},"image":{"@id":"https:\/\/www.cidademarketing.com.br\/marketing\/2021\/10\/01\/senado-aprova-inclusao-de-empreendedorismo-e-inovacao-no-ensino-basico-e-superior\/#primaryimage"},"thumbnailUrl":"https:\/\/www.cidademarketing.com.br\/marketing\/wp-content\/uploads\/2021\/10\/empreendedorismo_senado.jpg","keywords":["Brasil","educa\u00e7\u00e3o","empreendedorismo","estrat\u00e9gia","marketing"],"articleSection":["Not\u00edcias"],"inLanguage":"pt-BR","potentialAction":[{"@type":"CommentAction","name":"Comment","target":["https:\/\/www.cidademarketing.com.br\/marketing\/2021\/10\/01\/senado-aprova-inclusao-de-empreendedorismo-e-inovacao-no-ensino-basico-e-superior\/#respond"]}]},{"@type":"WebPage","@id":"https:\/\/www.cidademarketing.com.br\/marketing\/2021\/10\/01\/senado-aprova-inclusao-de-empreendedorismo-e-inovacao-no-ensino-basico-e-superior\/","url":"https:\/\/www.cidademarketing.com.br\/marketing\/2021\/10\/01\/senado-aprova-inclusao-de-empreendedorismo-e-inovacao-no-ensino-basico-e-superior\/","name":"Senado aprova inclus\u00e3o de empreendedorismo e inova\u00e7\u00e3o no ensino b\u00e1sico e superior - CidadeMarketing","isPartOf":{"@id":"https:\/\/www.cidademarketing.com.br\/marketing\/#website"},"primaryImageOfPage":{"@id":"https:\/\/www.cidademarketing.com.br\/marketing\/2021\/10\/01\/senado-aprova-inclusao-de-empreendedorismo-e-inovacao-no-ensino-basico-e-superior\/#primaryimage"},"image":{"@id":"https:\/\/www.cidademarketing.com.br\/marketing\/2021\/10\/01\/senado-aprova-inclusao-de-empreendedorismo-e-inovacao-no-ensino-basico-e-superior\/#primaryimage"},"thumbnailUrl":"https:\/\/www.cidademarketing.com.br\/marketing\/wp-content\/uploads\/2021\/10\/empreendedorismo_senado.jpg","datePublished":"2021-10-02T00:29:43+00:00","dateModified":"2021-10-02T00:29:45+00:00","breadcrumb":{"@id":"https:\/\/www.cidademarketing.com.br\/marketing\/2021\/10\/01\/senado-aprova-inclusao-de-empreendedorismo-e-inovacao-no-ensino-basico-e-superior\/#breadcrumb"},"inLanguage":"pt-BR","potentialAction":[{"@type":"ReadAction","target":["https:\/\/www.cidademarketing.com.br\/marketing\/2021\/10\/01\/senado-aprova-inclusao-de-empreendedorismo-e-inovacao-no-ensino-basico-e-superior\/"]}]},{"@type":"ImageObject","inLanguage":"pt-BR","@id":"https:\/\/www.cidademarketing.com.br\/marketing\/2021\/10\/01\/senado-aprova-inclusao-de-empreendedorismo-e-inovacao-no-ensino-basico-e-superior\/#primaryimage","url":"https:\/\/www.cidademarketing.com.br\/marketing\/wp-content\/uploads\/2021\/10\/empreendedorismo_senado.jpg","contentUrl":"https:\/\/www.cidademarketing.com.br\/marketing\/wp-content\/uploads\/2021\/10\/empreendedorismo_senado.jpg","width":860,"height":570,"caption":"Waldemir Barreto\/Ag\u00eancia Senado Fonte: Ag\u00eancia Senado"},{"@type":"BreadcrumbList","@id":"https:\/\/www.cidademarketing.com.br\/marketing\/2021\/10\/01\/senado-aprova-inclusao-de-empreendedorismo-e-inovacao-no-ensino-basico-e-superior\/#breadcrumb","itemListElement":[{"@type":"ListItem","position":1,"name":"In\u00edcio","item":"https:\/\/www.cidademarketing.com.br\/marketing\/"},{"@type":"ListItem","position":2,"name":"Senado aprova inclus\u00e3o de empreendedorismo e inova\u00e7\u00e3o no ensino b\u00e1sico e superior"}]},{"@type":"WebSite","@id":"https:\/\/www.cidademarketing.com.br\/marketing\/#website","url":"https:\/\/www.cidademarketing.com.br\/marketing\/","name":"CidadeMarketing","description":"Somos um ve\u00edculo de comunica\u00e7\u00e3o de destaque no Brasil, reconhecido por conte\u00fados nos segmentos de marketing, empreendedorismo e inova\u00e7\u00e3o.","publisher":{"@id":"https:\/\/www.cidademarketing.com.br\/marketing\/#organization"},"alternateName":"CidadeMarketing","potentialAction":[{"@type":"SearchAction","target":{"@type":"EntryPoint","urlTemplate":"https:\/\/www.cidademarketing.com.br\/marketing\/?s={search_term_string}"},"query-input":{"@type":"PropertyValueSpecification","valueRequired":true,"valueName":"search_term_string"}}],"inLanguage":"pt-BR"},{"@type":"Organization","@id":"https:\/\/www.cidademarketing.com.br\/marketing\/#organization","name":"CidadeMarketing","alternateName":"CidadeMarketing","url":"https:\/\/www.cidademarketing.com.br\/marketing\/","logo":{"@type":"ImageObject","inLanguage":"pt-BR","@id":"https:\/\/www.cidademarketing.com.br\/marketing\/#\/schema\/logo\/image\/","url":"https:\/\/www.cidademarketing.com.br\/marketing\/wp-content\/uploads\/2020\/01\/cidademarketing_marca_mobile.png","contentUrl":"https:\/\/www.cidademarketing.com.br\/marketing\/wp-content\/uploads\/2020\/01\/cidademarketing_marca_mobile.png","width":230,"height":92,"caption":"CidadeMarketing"},"image":{"@id":"https:\/\/www.cidademarketing.com.br\/marketing\/#\/schema\/logo\/image\/"},"sameAs":["https:\/\/www.facebook.com\/portalcidademarketing","https:\/\/x.com\/CidadeMarketing","https:\/\/www.instagram.com\/cidademarketing\/"]},{"@type":"Person","@id":"https:\/\/www.cidademarketing.com.br\/marketing\/#\/schema\/person\/02daff9f18bd9378c9e01eb6b2db155f","name":"Thales Brand\u00e3o","image":{"@type":"ImageObject","inLanguage":"pt-BR","@id":"https:\/\/secure.gravatar.com\/avatar\/7ca3206950207cc3cb48feec56a8a7898741ab725c368d99d5d7a5a50aab80c6?s=96&d=mm&r=g","url":"https:\/\/secure.gravatar.com\/avatar\/7ca3206950207cc3cb48feec56a8a7898741ab725c368d99d5d7a5a50aab80c6?s=96&d=mm&r=g","contentUrl":"https:\/\/secure.gravatar.com\/avatar\/7ca3206950207cc3cb48feec56a8a7898741ab725c368d99d5d7a5a50aab80c6?s=96&d=mm&r=g","caption":"Thales Brand\u00e3o"},"description":"Editor Executivo do Portal CidadeMarketing.com.br &gt; Mestre em Comunica\u00e7\u00e3o e Sociedade pela Universidade Federal de Sergipe. Possui MBA Executivo em Administra\u00e7\u00e3o com \u00eanfase em Marketing pela Funda\u00e7\u00e3o Get\u00falio Vargas - Rio de Janeiro. Consultor, Palestrante e Pesquisador sobre Empreendedorismo, Marketing, Redes Sociais e Neg\u00f3cios Digitais. Professor, Palestrante TedxTalks e Campus Party. Twitter: @ThalesBrandao","sameAs":["http:\/\/www.mandacaru.com.br","https:\/\/www.facebook.com\/thalesbrandao","http:\/\/www.instagram.com.br\/thalesbrandaoferreira","https:\/\/www.linkedin.com\/in\/thales-brand\u00e3o-3948609\/","https:\/\/x.com\/http:\/\/www.twitter.com\/thalesbrandao"],"url":"https:\/\/www.cidademarketing.com.br\/marketing\/author\/thalesbrandao\/"}]}},"amp_enabled":true,"_links":{"self":[{"href":"https:\/\/www.cidademarketing.com.br\/marketing\/wp-json\/wp\/v2\/posts\/30012","targetHints":{"allow":["GET"]}}],"collection":[{"href":"https:\/\/www.cidademarketing.com.br\/marketing\/wp-json\/wp\/v2\/posts"}],"about":[{"href":"https:\/\/www.cidademarketing.com.br\/marketing\/wp-json\/wp\/v2\/types\/post"}],"author":[{"embeddable":true,"href":"https:\/\/www.cidademarketing.com.br\/marketing\/wp-json\/wp\/v2\/users\/1"}],"replies":[{"embeddable":true,"href":"https:\/\/www.cidademarketing.com.br\/marketing\/wp-json\/wp\/v2\/comments?post=30012"}],"version-history":[{"count":1,"href":"https:\/\/www.cidademarketing.com.br\/marketing\/wp-json\/wp\/v2\/posts\/30012\/revisions"}],"predecessor-version":[{"id":30014,"href":"https:\/\/www.cidademarketing.com.br\/marketing\/wp-json\/wp\/v2\/posts\/30012\/revisions\/30014"}],"wp:featuredmedia":[{"embeddable":true,"href":"https:\/\/www.cidademarketing.com.br\/marketing\/wp-json\/wp\/v2\/media\/30013"}],"wp:attachment":[{"href":"https:\/\/www.cidademarketing.com.br\/marketing\/wp-json\/wp\/v2\/media?parent=30012"}],"wp:term":[{"taxonomy":"category","embeddable":true,"href":"https:\/\/www.cidademarketing.com.br\/marketing\/wp-json\/wp\/v2\/categories?post=30012"},{"taxonomy":"post_tag","embeddable":true,"href":"https:\/\/www.cidademarketing.com.br\/marketing\/wp-json\/wp\/v2\/tags?post=30012"}],"curies":[{"name":"wp","href":"https:\/\/api.w.org\/{rel}","templated":true}]}}