{"id":30010,"date":"2021-10-01T21:22:04","date_gmt":"2021-10-02T00:22:04","guid":{"rendered":"https:\/\/www.cidademarketing.com.br\/marketing\/?p=30010"},"modified":"2021-10-01T21:22:07","modified_gmt":"2021-10-02T00:22:07","slug":"fiocruz-observatorio-covid-19-aponta-passaporte-vacinal-como-estrategico","status":"publish","type":"post","link":"https:\/\/www.cidademarketing.com.br\/marketing\/2021\/10\/01\/fiocruz-observatorio-covid-19-aponta-passaporte-vacinal-como-estrategico\/","title":{"rendered":"Fiocruz: Observat\u00f3rio Covid-19 aponta passaporte vacinal como estrat\u00e9gico"},"content":{"rendered":"\n<p><\/p><iframe src=\"https:\/\/open.spotify.com\/embed\/show\/4khMKzP3FgFRWVwb73xicc\" width=\"100%\" height=\"232\" frameBorder=\"0\" allowtransparency=\"true\" allow=\"encrypted-media\"><\/iframe>\t\n\n\n\n\n<p><\/p>\n\n\n\n<p>Em um cen\u00e1rio onde os n\u00fameros apontam para um quadro de estabilidade nos casos de S\u00edndrome Respirat\u00f3ria\u00a0Aguda Grave (SRAG) e Covid-19 no pa\u00eds, com ind\u00edcios de arrefecimento da pandemia, o\u00a0<a href=\"https:\/\/portal.fiocruz.br\/sites\/portal.fiocruz.br\/files\/documentos\/boletim_covid_2021-semanas_37-38.pdf\" data-type=\"URL\" data-id=\"https:\/\/portal.fiocruz.br\/sites\/portal.fiocruz.br\/files\/documentos\/boletim_covid_2021-semanas_37-38.pdf\" target=\"_blank\" rel=\"noreferrer noopener\"><strong>Boletim do Observat\u00f3rio Covid-19 Fiocruz<\/strong><\/a>, divulgado nesta sexta-feira (1\u00ba\/10), aponta o passaporte de vacinas como uma importante estrat\u00e9gia para estimular e ampliar a vacina\u00e7\u00e3o no Brasil. Ao defender a ado\u00e7\u00e3o dessa iniciativa em todo o territ\u00f3rio nacional, o documento destaca o princ\u00edpio do ponto de vista da sa\u00fade p\u00fablica de que \u201ca prote\u00e7\u00e3o de uns depende da prote\u00e7\u00e3o de outros e de que n\u00e3o haver\u00e1 sa\u00fade para alguns se n\u00e3o houver sa\u00fade para todos\u201d.<\/p>\n\n\n\n<p>Na vis\u00e3o dos pesquisadores do Observat\u00f3rio, respons\u00e1veis pelo&nbsp;<strong>Boletim<\/strong>, \u00e9 importante que sejam elaboradas diretrizes em n\u00edvel nacional sobre o passaporte de vacinas, de modo a evitar a judicializa\u00e7\u00e3o do tema, criando um cen\u00e1rio de instabilidade e comprometendo os ganhos que v\u00eam sendo &nbsp;adquiridos com a amplia\u00e7\u00e3o da vacina\u00e7\u00e3o. \u201cRefor\u00e7amos, portanto, que esta estrat\u00e9gia \u00e9 central na tentativa de controle de circula\u00e7\u00e3o de pessoas n\u00e3o vacinadas em espa\u00e7os fechados e com maior concentra\u00e7\u00e3o de pessoas, para reduzir a transmiss\u00e3o da Covid-19, principalmente entre indiv\u00edduos que n\u00e3o possuem sintomas\u201d, afirmam.<\/p>\n\n\n\n<p>Os cientistas destacam ainda que a equidade, assim como a universalidade e a integralidade, s\u00e3o os princ\u00edpios basilares do Sistema \u00danico de Sa\u00fade (SUS) no seu papel de garantir a sa\u00fade como um direito fundamental, cabendo ao Estado o dever de garantir a sa\u00fade atrav\u00e9s de pol\u00edticas sociais e econ\u00f4micas, como, por exemplo, o passaporte de vacinas. \u201cA redu\u00e7\u00e3o do impacto da pandemia de modo mais duradouro somente ser\u00e1 alcan\u00e7ada com a intensifica\u00e7\u00e3o da campanha de vacina\u00e7\u00e3o, a adequa\u00e7\u00e3o das pr\u00e1ticas de vigil\u00e2ncia em sa\u00fade, refor\u00e7o da aten\u00e7\u00e3o prim\u00e1ria \u00e0 sa\u00fade, al\u00e9m do amplo emprego de medidas de prote\u00e7\u00e3o individual, como o uso de m\u00e1scaras e o distanciamento social\u201d.&nbsp;<\/p>\n\n\n\n<p><strong>Incid\u00eancia<\/strong><\/p>\n\n\n\n<p>Referente \u00e0s Semanas Epidemiol\u00f3gicas (SE) 37 e 38, o&nbsp;<strong>Boletim<\/strong>&nbsp;refor\u00e7a que os avan\u00e7os na vacina\u00e7\u00e3o v\u00eam contribuindo para um cen\u00e1rio positivo. De acordo com a an\u00e1lise, h\u00e1 redu\u00e7\u00e3o nos n\u00fameros absolutos de interna\u00e7\u00f5es (-27,7%) e \u00f3bitos (-42,6%). Contudo, o quadro atual mostra que, uma vez que a popula\u00e7\u00e3o vem sendo beneficiada de forma mais homog\u00eanea com a vacina\u00e7\u00e3o, o grupo de idosos se consolida como mais representativo entre os casos graves e fatais, com 57% das interna\u00e7\u00f5es e 79% dos \u00f3bitos: \u201cNovamente, pela primeira vez desde o in\u00edcio da vacina\u00e7\u00e3o entre adultos, todos os indicadores (interna\u00e7\u00f5es, interna\u00e7\u00f5es em UTI e \u00f3bitos) passam a ter a m\u00e9dia e a mediana acima de 60 anos\u201d.<\/p>\n\n\n\n<p>O fato \u00e9 que apesar da queda dos indicadores, o momento ainda exige cuidado. A an\u00e1lise da SRAG, que tamb\u00e9m&nbsp;integra o&nbsp;<strong>Boletim<\/strong>, observa que mesmo com a redu\u00e7\u00e3o de incid\u00eancia nas semanas anteriores, a grande maioria dos estados encontra-se ainda em n\u00edveis altos ou muito altos, acima de um caso por 100 mil habitantes. Isso, segundo os cientistas, evidencia a necessidade de aten\u00e7\u00e3o, com a\u00e7\u00f5es de vigil\u00e2ncia em sa\u00fade para evitar estes casos graves, com sintomas que levam a hospitaliza\u00e7\u00e3o ou a \u00f3bito.<\/p>\n\n\n\n<p><strong>Taxa de ocupa\u00e7\u00e3o de leitos<\/strong><\/p>\n\n\n\n<p>Outro indicador estrat\u00e9gico, a taxa de ocupa\u00e7\u00e3o de leitos Covid-19 adulto mostra&nbsp;que 25 Unidades da Federa\u00e7\u00e3o est\u00e3o fora da zona de alerta (taxas inferiores a 60%). Ao mesmo tempo, permanecem na zona de alerta intermedi\u00e1rio o estado do Esp\u00edrito Santo (eleva\u00e7\u00e3o das taxas de ocupa\u00e7\u00e3o apesar de manter o mesmo n\u00famero de leitos) e o Distrito Federal (eleva\u00e7\u00e3o das taxas de ocupa\u00e7\u00e3o como resultado da redu\u00e7\u00e3o do n\u00famero de leitos). Oito estados tamb\u00e9m reduziram o n\u00famero de leitos de UTI Covid-19 para adultos, mantendo-se fora da zona de alerta.<\/p>\n\n\n\n<p><strong>An\u00e1lise Demogr\u00e1fica<\/strong><\/p>\n\n\n\n<p>A an\u00e1lise demogr\u00e1fica do&nbsp;<strong>Boletim<\/strong>&nbsp;desta quinzena \u2013 que traz compara\u00e7\u00f5es para o per\u00edodo entre a SE&nbsp;1 (3 a 9 de janeiro) e a SE 37 (12 a 18 de setembro) de 2021 &#8211; sinaliza que, uma vez beneficiada de forma mais homog\u00eanea com a vacina\u00e7\u00e3o, a popula\u00e7\u00e3o tende a ter relativamente mais casos graves e fatais entre idosos, concentrando-os novamente nas idades mais avan\u00e7adas. A compara\u00e7\u00e3o com a quinzena anterior evidencia o decl\u00ednio no n\u00famero de interna\u00e7\u00f5es (-27,7%) e \u00f3bitos (-42,6%), e ele ocorre em todas as faixas et\u00e1rias.&nbsp;<\/p>\n\n\n\n<p>No entanto, o grupo com idosos de 90 anos e mais mostrou menor redu\u00e7\u00e3o (-17,3% para casos e -28,6% para \u00f3bito). A mediana de interna\u00e7\u00f5es, ou seja, a idade que delimita a concentra\u00e7\u00e3o de 50% dos casos que levaram a interna\u00e7\u00e3o, chegou ao menor patamar de 51 anos entre a SE 23 (06 a 12\/06) e 27 (04 a 10\/07). Na SE 37 a mediana foi de 65 anos. Para os \u00f3bitos, a menor mediana, que foi de 58 anos, foi observada entre a SE 21 (23 a 29\/05) e SE 24 (13 a 19\/06), e na SE 37 foi de 74 anos. Para as interna\u00e7\u00f5es em UTI, o per\u00edodo de menor mediana foi o mesmo que o dos \u00f3bitos (53 anos), e na SE 37 o patamar foi de 67 anos. A m\u00e9dia de idade das interna\u00e7\u00f5es, interna\u00e7\u00f5es em UTI e \u00f3bitos na SE 37 foi, respectivamente, 60,9; 63,1 e 71,4 anos.<\/p>\n\n\n\n<p><\/p>\n\n\n\n<p>CidadeMarketing com informa\u00e7\u00f5es da Regina Castro (Ag\u00eancia Fiocruz de Not\u00edcias)<\/p>\n\n\n\n<p><\/p>\n\n\n\n<p><\/p><iframe allow=\"autoplay *; encrypted-media *; fullscreen *\" frameborder=\"0\" height=\"450\" style=\"width:100%;max-width:660px;overflow:hidden;background:transparent;\" sandbox=\"allow-forms allow-popups allow-same-origin allow-scripts allow-storage-access-by-user-activation allow-top-navigation-by-user-activation\" src=\"https:\/\/embed.podcasts.apple.com\/br\/podcast\/podcast-cidademarketing\/id1371923283\"><\/iframe>\n\n","protected":false},"excerpt":{"rendered":"<p>Em um cen\u00e1rio onde os n\u00fameros apontam para um quadro de estabilidade nos casos de S\u00edndrome Respirat\u00f3ria\u00a0Aguda Grave (SRAG) e Covid-19 no pa\u00eds, com ind\u00edcios de arrefecimento da pandemia, o\u00a0Boletim do Observat\u00f3rio Covid-19 Fiocruz, divulgado nesta sexta-feira (1\u00ba\/10), aponta o passaporte de vacinas como uma importante estrat\u00e9gia para estimular e ampliar a vacina\u00e7\u00e3o no Brasil. [&hellip;]<\/p>\n","protected":false},"author":1,"featured_media":5924,"comment_status":"open","ping_status":"open","sticky":false,"template":"","format":"standard","meta":{"tdm_status":"","tdm_grid_status":"","footnotes":""},"categories":[6],"tags":[65,33,3185,1341,28],"class_list":["post-30010","post","type-post","status-publish","format-standard","has-post-thumbnail","hentry","category-noticias","tag-campanha","tag-estrategia","tag-estrategico","tag-fiocruz","tag-marketing"],"yoast_head":"<!-- This site is optimized with the Yoast SEO plugin v27.5 - https:\/\/yoast.com\/product\/yoast-seo-wordpress\/ -->\n<title>Fiocruz: Observat\u00f3rio Covid-19 aponta passaporte vacinal como estrat\u00e9gico - CidadeMarketing<\/title>\n<meta name=\"robots\" content=\"index, follow, max-snippet:-1, max-image-preview:large, max-video-preview:-1\" \/>\n<link rel=\"canonical\" href=\"https:\/\/www.cidademarketing.com.br\/marketing\/2021\/10\/01\/fiocruz-observatorio-covid-19-aponta-passaporte-vacinal-como-estrategico\/\" \/>\n<meta property=\"og:locale\" content=\"pt_BR\" \/>\n<meta property=\"og:type\" content=\"article\" \/>\n<meta property=\"og:title\" content=\"Fiocruz: Observat\u00f3rio Covid-19 aponta passaporte vacinal como estrat\u00e9gico - CidadeMarketing\" \/>\n<meta property=\"og:description\" content=\"Em um cen\u00e1rio onde os n\u00fameros apontam para um quadro de estabilidade nos casos de S\u00edndrome Respirat\u00f3ria\u00a0Aguda Grave (SRAG) e Covid-19 no pa\u00eds, com ind\u00edcios de arrefecimento da pandemia, o\u00a0Boletim do Observat\u00f3rio Covid-19 Fiocruz, divulgado nesta sexta-feira (1\u00ba\/10), aponta o passaporte de vacinas como uma importante estrat\u00e9gia para estimular e ampliar a vacina\u00e7\u00e3o no Brasil. [&hellip;]\" \/>\n<meta property=\"og:url\" content=\"https:\/\/www.cidademarketing.com.br\/marketing\/2021\/10\/01\/fiocruz-observatorio-covid-19-aponta-passaporte-vacinal-como-estrategico\/\" \/>\n<meta property=\"og:site_name\" content=\"CidadeMarketing\" \/>\n<meta property=\"article:publisher\" content=\"https:\/\/www.facebook.com\/portalcidademarketing\" \/>\n<meta property=\"article:author\" content=\"https:\/\/www.facebook.com\/thalesbrandao\" \/>\n<meta property=\"article:published_time\" content=\"2021-10-02T00:22:04+00:00\" \/>\n<meta property=\"article:modified_time\" content=\"2021-10-02T00:22:07+00:00\" \/>\n<meta property=\"og:image\" content=\"https:\/\/www.cidademarketing.com.br\/marketing\/wp-content\/uploads\/2019\/02\/fiocruz.png\" \/>\n\t<meta property=\"og:image:width\" content=\"990\" \/>\n\t<meta property=\"og:image:height\" content=\"774\" \/>\n\t<meta property=\"og:image:type\" content=\"image\/png\" \/>\n<meta name=\"author\" content=\"Thales Brand\u00e3o\" \/>\n<meta name=\"twitter:card\" content=\"summary_large_image\" \/>\n<meta name=\"twitter:creator\" content=\"@http:\/\/www.twitter.com\/thalesbrandao\" \/>\n<meta name=\"twitter:site\" content=\"@CidadeMarketing\" \/>\n<meta name=\"twitter:label1\" content=\"Escrito por\" \/>\n\t<meta name=\"twitter:data1\" content=\"Thales Brand\u00e3o\" \/>\n\t<meta name=\"twitter:label2\" content=\"Est. tempo de leitura\" \/>\n\t<meta name=\"twitter:data2\" content=\"5 minutos\" \/>\n<script type=\"application\/ld+json\" class=\"yoast-schema-graph\">{\"@context\":\"https:\\\/\\\/schema.org\",\"@graph\":[{\"@type\":\"Article\",\"@id\":\"https:\\\/\\\/www.cidademarketing.com.br\\\/marketing\\\/2021\\\/10\\\/01\\\/fiocruz-observatorio-covid-19-aponta-passaporte-vacinal-como-estrategico\\\/#article\",\"isPartOf\":{\"@id\":\"https:\\\/\\\/www.cidademarketing.com.br\\\/marketing\\\/2021\\\/10\\\/01\\\/fiocruz-observatorio-covid-19-aponta-passaporte-vacinal-como-estrategico\\\/\"},\"author\":{\"name\":\"Thales Brand\u00e3o\",\"@id\":\"https:\\\/\\\/www.cidademarketing.com.br\\\/marketing\\\/#\\\/schema\\\/person\\\/02daff9f18bd9378c9e01eb6b2db155f\"},\"headline\":\"Fiocruz: Observat\u00f3rio Covid-19 aponta passaporte vacinal como estrat\u00e9gico\",\"datePublished\":\"2021-10-02T00:22:04+00:00\",\"dateModified\":\"2021-10-02T00:22:07+00:00\",\"mainEntityOfPage\":{\"@id\":\"https:\\\/\\\/www.cidademarketing.com.br\\\/marketing\\\/2021\\\/10\\\/01\\\/fiocruz-observatorio-covid-19-aponta-passaporte-vacinal-como-estrategico\\\/\"},\"wordCount\":961,\"commentCount\":0,\"publisher\":{\"@id\":\"https:\\\/\\\/www.cidademarketing.com.br\\\/marketing\\\/#organization\"},\"image\":{\"@id\":\"https:\\\/\\\/www.cidademarketing.com.br\\\/marketing\\\/2021\\\/10\\\/01\\\/fiocruz-observatorio-covid-19-aponta-passaporte-vacinal-como-estrategico\\\/#primaryimage\"},\"thumbnailUrl\":\"https:\\\/\\\/www.cidademarketing.com.br\\\/marketing\\\/wp-content\\\/uploads\\\/2019\\\/02\\\/fiocruz.png\",\"keywords\":[\"campanha\",\"estrat\u00e9gia\",\"estrat\u00e9gico\",\"Fiocruz\",\"marketing\"],\"articleSection\":[\"Not\u00edcias\"],\"inLanguage\":\"pt-BR\",\"potentialAction\":[{\"@type\":\"CommentAction\",\"name\":\"Comment\",\"target\":[\"https:\\\/\\\/www.cidademarketing.com.br\\\/marketing\\\/2021\\\/10\\\/01\\\/fiocruz-observatorio-covid-19-aponta-passaporte-vacinal-como-estrategico\\\/#respond\"]}]},{\"@type\":\"WebPage\",\"@id\":\"https:\\\/\\\/www.cidademarketing.com.br\\\/marketing\\\/2021\\\/10\\\/01\\\/fiocruz-observatorio-covid-19-aponta-passaporte-vacinal-como-estrategico\\\/\",\"url\":\"https:\\\/\\\/www.cidademarketing.com.br\\\/marketing\\\/2021\\\/10\\\/01\\\/fiocruz-observatorio-covid-19-aponta-passaporte-vacinal-como-estrategico\\\/\",\"name\":\"Fiocruz: Observat\u00f3rio Covid-19 aponta passaporte vacinal como estrat\u00e9gico - CidadeMarketing\",\"isPartOf\":{\"@id\":\"https:\\\/\\\/www.cidademarketing.com.br\\\/marketing\\\/#website\"},\"primaryImageOfPage\":{\"@id\":\"https:\\\/\\\/www.cidademarketing.com.br\\\/marketing\\\/2021\\\/10\\\/01\\\/fiocruz-observatorio-covid-19-aponta-passaporte-vacinal-como-estrategico\\\/#primaryimage\"},\"image\":{\"@id\":\"https:\\\/\\\/www.cidademarketing.com.br\\\/marketing\\\/2021\\\/10\\\/01\\\/fiocruz-observatorio-covid-19-aponta-passaporte-vacinal-como-estrategico\\\/#primaryimage\"},\"thumbnailUrl\":\"https:\\\/\\\/www.cidademarketing.com.br\\\/marketing\\\/wp-content\\\/uploads\\\/2019\\\/02\\\/fiocruz.png\",\"datePublished\":\"2021-10-02T00:22:04+00:00\",\"dateModified\":\"2021-10-02T00:22:07+00:00\",\"breadcrumb\":{\"@id\":\"https:\\\/\\\/www.cidademarketing.com.br\\\/marketing\\\/2021\\\/10\\\/01\\\/fiocruz-observatorio-covid-19-aponta-passaporte-vacinal-como-estrategico\\\/#breadcrumb\"},\"inLanguage\":\"pt-BR\",\"potentialAction\":[{\"@type\":\"ReadAction\",\"target\":[\"https:\\\/\\\/www.cidademarketing.com.br\\\/marketing\\\/2021\\\/10\\\/01\\\/fiocruz-observatorio-covid-19-aponta-passaporte-vacinal-como-estrategico\\\/\"]}]},{\"@type\":\"ImageObject\",\"inLanguage\":\"pt-BR\",\"@id\":\"https:\\\/\\\/www.cidademarketing.com.br\\\/marketing\\\/2021\\\/10\\\/01\\\/fiocruz-observatorio-covid-19-aponta-passaporte-vacinal-como-estrategico\\\/#primaryimage\",\"url\":\"https:\\\/\\\/www.cidademarketing.com.br\\\/marketing\\\/wp-content\\\/uploads\\\/2019\\\/02\\\/fiocruz.png\",\"contentUrl\":\"https:\\\/\\\/www.cidademarketing.com.br\\\/marketing\\\/wp-content\\\/uploads\\\/2019\\\/02\\\/fiocruz.png\",\"width\":990,\"height\":774},{\"@type\":\"BreadcrumbList\",\"@id\":\"https:\\\/\\\/www.cidademarketing.com.br\\\/marketing\\\/2021\\\/10\\\/01\\\/fiocruz-observatorio-covid-19-aponta-passaporte-vacinal-como-estrategico\\\/#breadcrumb\",\"itemListElement\":[{\"@type\":\"ListItem\",\"position\":1,\"name\":\"In\u00edcio\",\"item\":\"https:\\\/\\\/www.cidademarketing.com.br\\\/marketing\\\/\"},{\"@type\":\"ListItem\",\"position\":2,\"name\":\"Fiocruz: Observat\u00f3rio Covid-19 aponta passaporte vacinal como estrat\u00e9gico\"}]},{\"@type\":\"WebSite\",\"@id\":\"https:\\\/\\\/www.cidademarketing.com.br\\\/marketing\\\/#website\",\"url\":\"https:\\\/\\\/www.cidademarketing.com.br\\\/marketing\\\/\",\"name\":\"CidadeMarketing\",\"description\":\"Somos um ve\u00edculo de comunica\u00e7\u00e3o de destaque no Brasil, reconhecido por conte\u00fados nos segmentos de marketing, empreendedorismo e inova\u00e7\u00e3o.\",\"publisher\":{\"@id\":\"https:\\\/\\\/www.cidademarketing.com.br\\\/marketing\\\/#organization\"},\"alternateName\":\"CidadeMarketing\",\"potentialAction\":[{\"@type\":\"SearchAction\",\"target\":{\"@type\":\"EntryPoint\",\"urlTemplate\":\"https:\\\/\\\/www.cidademarketing.com.br\\\/marketing\\\/?s={search_term_string}\"},\"query-input\":{\"@type\":\"PropertyValueSpecification\",\"valueRequired\":true,\"valueName\":\"search_term_string\"}}],\"inLanguage\":\"pt-BR\"},{\"@type\":\"Organization\",\"@id\":\"https:\\\/\\\/www.cidademarketing.com.br\\\/marketing\\\/#organization\",\"name\":\"CidadeMarketing\",\"alternateName\":\"CidadeMarketing\",\"url\":\"https:\\\/\\\/www.cidademarketing.com.br\\\/marketing\\\/\",\"logo\":{\"@type\":\"ImageObject\",\"inLanguage\":\"pt-BR\",\"@id\":\"https:\\\/\\\/www.cidademarketing.com.br\\\/marketing\\\/#\\\/schema\\\/logo\\\/image\\\/\",\"url\":\"https:\\\/\\\/www.cidademarketing.com.br\\\/marketing\\\/wp-content\\\/uploads\\\/2020\\\/01\\\/cidademarketing_marca_mobile.png\",\"contentUrl\":\"https:\\\/\\\/www.cidademarketing.com.br\\\/marketing\\\/wp-content\\\/uploads\\\/2020\\\/01\\\/cidademarketing_marca_mobile.png\",\"width\":230,\"height\":92,\"caption\":\"CidadeMarketing\"},\"image\":{\"@id\":\"https:\\\/\\\/www.cidademarketing.com.br\\\/marketing\\\/#\\\/schema\\\/logo\\\/image\\\/\"},\"sameAs\":[\"https:\\\/\\\/www.facebook.com\\\/portalcidademarketing\",\"https:\\\/\\\/x.com\\\/CidadeMarketing\",\"https:\\\/\\\/www.instagram.com\\\/cidademarketing\\\/\"]},{\"@type\":\"Person\",\"@id\":\"https:\\\/\\\/www.cidademarketing.com.br\\\/marketing\\\/#\\\/schema\\\/person\\\/02daff9f18bd9378c9e01eb6b2db155f\",\"name\":\"Thales Brand\u00e3o\",\"image\":{\"@type\":\"ImageObject\",\"inLanguage\":\"pt-BR\",\"@id\":\"https:\\\/\\\/secure.gravatar.com\\\/avatar\\\/7ca3206950207cc3cb48feec56a8a7898741ab725c368d99d5d7a5a50aab80c6?s=96&d=mm&r=g\",\"url\":\"https:\\\/\\\/secure.gravatar.com\\\/avatar\\\/7ca3206950207cc3cb48feec56a8a7898741ab725c368d99d5d7a5a50aab80c6?s=96&d=mm&r=g\",\"contentUrl\":\"https:\\\/\\\/secure.gravatar.com\\\/avatar\\\/7ca3206950207cc3cb48feec56a8a7898741ab725c368d99d5d7a5a50aab80c6?s=96&d=mm&r=g\",\"caption\":\"Thales Brand\u00e3o\"},\"description\":\"Editor Executivo do Portal CidadeMarketing.com.br &gt; Mestre em Comunica\u00e7\u00e3o e Sociedade pela Universidade Federal de Sergipe. Possui MBA Executivo em Administra\u00e7\u00e3o com \u00eanfase em Marketing pela Funda\u00e7\u00e3o Get\u00falio Vargas - Rio de Janeiro. Consultor, Palestrante e Pesquisador sobre Empreendedorismo, Marketing, Redes Sociais e Neg\u00f3cios Digitais. Professor, Palestrante TedxTalks e Campus Party. Twitter: @ThalesBrandao\",\"sameAs\":[\"http:\\\/\\\/www.mandacaru.com.br\",\"https:\\\/\\\/www.facebook.com\\\/thalesbrandao\",\"http:\\\/\\\/www.instagram.com.br\\\/thalesbrandaoferreira\",\"https:\\\/\\\/www.linkedin.com\\\/in\\\/thales-brand\u00e3o-3948609\\\/\",\"https:\\\/\\\/x.com\\\/http:\\\/\\\/www.twitter.com\\\/thalesbrandao\"],\"url\":\"https:\\\/\\\/www.cidademarketing.com.br\\\/marketing\\\/author\\\/thalesbrandao\\\/\"}]}<\/script>\n<!-- \/ Yoast SEO plugin. -->","yoast_head_json":{"title":"Fiocruz: Observat\u00f3rio Covid-19 aponta passaporte vacinal como estrat\u00e9gico - CidadeMarketing","robots":{"index":"index","follow":"follow","max-snippet":"max-snippet:-1","max-image-preview":"max-image-preview:large","max-video-preview":"max-video-preview:-1"},"canonical":"https:\/\/www.cidademarketing.com.br\/marketing\/2021\/10\/01\/fiocruz-observatorio-covid-19-aponta-passaporte-vacinal-como-estrategico\/","og_locale":"pt_BR","og_type":"article","og_title":"Fiocruz: Observat\u00f3rio Covid-19 aponta passaporte vacinal como estrat\u00e9gico - CidadeMarketing","og_description":"Em um cen\u00e1rio onde os n\u00fameros apontam para um quadro de estabilidade nos casos de S\u00edndrome Respirat\u00f3ria\u00a0Aguda Grave (SRAG) e Covid-19 no pa\u00eds, com ind\u00edcios de arrefecimento da pandemia, o\u00a0Boletim do Observat\u00f3rio Covid-19 Fiocruz, divulgado nesta sexta-feira (1\u00ba\/10), aponta o passaporte de vacinas como uma importante estrat\u00e9gia para estimular e ampliar a vacina\u00e7\u00e3o no Brasil. [&hellip;]","og_url":"https:\/\/www.cidademarketing.com.br\/marketing\/2021\/10\/01\/fiocruz-observatorio-covid-19-aponta-passaporte-vacinal-como-estrategico\/","og_site_name":"CidadeMarketing","article_publisher":"https:\/\/www.facebook.com\/portalcidademarketing","article_author":"https:\/\/www.facebook.com\/thalesbrandao","article_published_time":"2021-10-02T00:22:04+00:00","article_modified_time":"2021-10-02T00:22:07+00:00","og_image":[{"width":990,"height":774,"url":"https:\/\/www.cidademarketing.com.br\/marketing\/wp-content\/uploads\/2019\/02\/fiocruz.png","type":"image\/png"}],"author":"Thales Brand\u00e3o","twitter_card":"summary_large_image","twitter_creator":"@http:\/\/www.twitter.com\/thalesbrandao","twitter_site":"@CidadeMarketing","twitter_misc":{"Escrito por":"Thales Brand\u00e3o","Est. tempo de leitura":"5 minutos"},"schema":{"@context":"https:\/\/schema.org","@graph":[{"@type":"Article","@id":"https:\/\/www.cidademarketing.com.br\/marketing\/2021\/10\/01\/fiocruz-observatorio-covid-19-aponta-passaporte-vacinal-como-estrategico\/#article","isPartOf":{"@id":"https:\/\/www.cidademarketing.com.br\/marketing\/2021\/10\/01\/fiocruz-observatorio-covid-19-aponta-passaporte-vacinal-como-estrategico\/"},"author":{"name":"Thales Brand\u00e3o","@id":"https:\/\/www.cidademarketing.com.br\/marketing\/#\/schema\/person\/02daff9f18bd9378c9e01eb6b2db155f"},"headline":"Fiocruz: Observat\u00f3rio Covid-19 aponta passaporte vacinal como estrat\u00e9gico","datePublished":"2021-10-02T00:22:04+00:00","dateModified":"2021-10-02T00:22:07+00:00","mainEntityOfPage":{"@id":"https:\/\/www.cidademarketing.com.br\/marketing\/2021\/10\/01\/fiocruz-observatorio-covid-19-aponta-passaporte-vacinal-como-estrategico\/"},"wordCount":961,"commentCount":0,"publisher":{"@id":"https:\/\/www.cidademarketing.com.br\/marketing\/#organization"},"image":{"@id":"https:\/\/www.cidademarketing.com.br\/marketing\/2021\/10\/01\/fiocruz-observatorio-covid-19-aponta-passaporte-vacinal-como-estrategico\/#primaryimage"},"thumbnailUrl":"https:\/\/www.cidademarketing.com.br\/marketing\/wp-content\/uploads\/2019\/02\/fiocruz.png","keywords":["campanha","estrat\u00e9gia","estrat\u00e9gico","Fiocruz","marketing"],"articleSection":["Not\u00edcias"],"inLanguage":"pt-BR","potentialAction":[{"@type":"CommentAction","name":"Comment","target":["https:\/\/www.cidademarketing.com.br\/marketing\/2021\/10\/01\/fiocruz-observatorio-covid-19-aponta-passaporte-vacinal-como-estrategico\/#respond"]}]},{"@type":"WebPage","@id":"https:\/\/www.cidademarketing.com.br\/marketing\/2021\/10\/01\/fiocruz-observatorio-covid-19-aponta-passaporte-vacinal-como-estrategico\/","url":"https:\/\/www.cidademarketing.com.br\/marketing\/2021\/10\/01\/fiocruz-observatorio-covid-19-aponta-passaporte-vacinal-como-estrategico\/","name":"Fiocruz: Observat\u00f3rio Covid-19 aponta passaporte vacinal como estrat\u00e9gico - CidadeMarketing","isPartOf":{"@id":"https:\/\/www.cidademarketing.com.br\/marketing\/#website"},"primaryImageOfPage":{"@id":"https:\/\/www.cidademarketing.com.br\/marketing\/2021\/10\/01\/fiocruz-observatorio-covid-19-aponta-passaporte-vacinal-como-estrategico\/#primaryimage"},"image":{"@id":"https:\/\/www.cidademarketing.com.br\/marketing\/2021\/10\/01\/fiocruz-observatorio-covid-19-aponta-passaporte-vacinal-como-estrategico\/#primaryimage"},"thumbnailUrl":"https:\/\/www.cidademarketing.com.br\/marketing\/wp-content\/uploads\/2019\/02\/fiocruz.png","datePublished":"2021-10-02T00:22:04+00:00","dateModified":"2021-10-02T00:22:07+00:00","breadcrumb":{"@id":"https:\/\/www.cidademarketing.com.br\/marketing\/2021\/10\/01\/fiocruz-observatorio-covid-19-aponta-passaporte-vacinal-como-estrategico\/#breadcrumb"},"inLanguage":"pt-BR","potentialAction":[{"@type":"ReadAction","target":["https:\/\/www.cidademarketing.com.br\/marketing\/2021\/10\/01\/fiocruz-observatorio-covid-19-aponta-passaporte-vacinal-como-estrategico\/"]}]},{"@type":"ImageObject","inLanguage":"pt-BR","@id":"https:\/\/www.cidademarketing.com.br\/marketing\/2021\/10\/01\/fiocruz-observatorio-covid-19-aponta-passaporte-vacinal-como-estrategico\/#primaryimage","url":"https:\/\/www.cidademarketing.com.br\/marketing\/wp-content\/uploads\/2019\/02\/fiocruz.png","contentUrl":"https:\/\/www.cidademarketing.com.br\/marketing\/wp-content\/uploads\/2019\/02\/fiocruz.png","width":990,"height":774},{"@type":"BreadcrumbList","@id":"https:\/\/www.cidademarketing.com.br\/marketing\/2021\/10\/01\/fiocruz-observatorio-covid-19-aponta-passaporte-vacinal-como-estrategico\/#breadcrumb","itemListElement":[{"@type":"ListItem","position":1,"name":"In\u00edcio","item":"https:\/\/www.cidademarketing.com.br\/marketing\/"},{"@type":"ListItem","position":2,"name":"Fiocruz: Observat\u00f3rio Covid-19 aponta passaporte vacinal como estrat\u00e9gico"}]},{"@type":"WebSite","@id":"https:\/\/www.cidademarketing.com.br\/marketing\/#website","url":"https:\/\/www.cidademarketing.com.br\/marketing\/","name":"CidadeMarketing","description":"Somos um ve\u00edculo de comunica\u00e7\u00e3o de destaque no Brasil, reconhecido por conte\u00fados nos segmentos de marketing, empreendedorismo e inova\u00e7\u00e3o.","publisher":{"@id":"https:\/\/www.cidademarketing.com.br\/marketing\/#organization"},"alternateName":"CidadeMarketing","potentialAction":[{"@type":"SearchAction","target":{"@type":"EntryPoint","urlTemplate":"https:\/\/www.cidademarketing.com.br\/marketing\/?s={search_term_string}"},"query-input":{"@type":"PropertyValueSpecification","valueRequired":true,"valueName":"search_term_string"}}],"inLanguage":"pt-BR"},{"@type":"Organization","@id":"https:\/\/www.cidademarketing.com.br\/marketing\/#organization","name":"CidadeMarketing","alternateName":"CidadeMarketing","url":"https:\/\/www.cidademarketing.com.br\/marketing\/","logo":{"@type":"ImageObject","inLanguage":"pt-BR","@id":"https:\/\/www.cidademarketing.com.br\/marketing\/#\/schema\/logo\/image\/","url":"https:\/\/www.cidademarketing.com.br\/marketing\/wp-content\/uploads\/2020\/01\/cidademarketing_marca_mobile.png","contentUrl":"https:\/\/www.cidademarketing.com.br\/marketing\/wp-content\/uploads\/2020\/01\/cidademarketing_marca_mobile.png","width":230,"height":92,"caption":"CidadeMarketing"},"image":{"@id":"https:\/\/www.cidademarketing.com.br\/marketing\/#\/schema\/logo\/image\/"},"sameAs":["https:\/\/www.facebook.com\/portalcidademarketing","https:\/\/x.com\/CidadeMarketing","https:\/\/www.instagram.com\/cidademarketing\/"]},{"@type":"Person","@id":"https:\/\/www.cidademarketing.com.br\/marketing\/#\/schema\/person\/02daff9f18bd9378c9e01eb6b2db155f","name":"Thales Brand\u00e3o","image":{"@type":"ImageObject","inLanguage":"pt-BR","@id":"https:\/\/secure.gravatar.com\/avatar\/7ca3206950207cc3cb48feec56a8a7898741ab725c368d99d5d7a5a50aab80c6?s=96&d=mm&r=g","url":"https:\/\/secure.gravatar.com\/avatar\/7ca3206950207cc3cb48feec56a8a7898741ab725c368d99d5d7a5a50aab80c6?s=96&d=mm&r=g","contentUrl":"https:\/\/secure.gravatar.com\/avatar\/7ca3206950207cc3cb48feec56a8a7898741ab725c368d99d5d7a5a50aab80c6?s=96&d=mm&r=g","caption":"Thales Brand\u00e3o"},"description":"Editor Executivo do Portal CidadeMarketing.com.br &gt; Mestre em Comunica\u00e7\u00e3o e Sociedade pela Universidade Federal de Sergipe. Possui MBA Executivo em Administra\u00e7\u00e3o com \u00eanfase em Marketing pela Funda\u00e7\u00e3o Get\u00falio Vargas - Rio de Janeiro. Consultor, Palestrante e Pesquisador sobre Empreendedorismo, Marketing, Redes Sociais e Neg\u00f3cios Digitais. Professor, Palestrante TedxTalks e Campus Party. Twitter: @ThalesBrandao","sameAs":["http:\/\/www.mandacaru.com.br","https:\/\/www.facebook.com\/thalesbrandao","http:\/\/www.instagram.com.br\/thalesbrandaoferreira","https:\/\/www.linkedin.com\/in\/thales-brand\u00e3o-3948609\/","https:\/\/x.com\/http:\/\/www.twitter.com\/thalesbrandao"],"url":"https:\/\/www.cidademarketing.com.br\/marketing\/author\/thalesbrandao\/"}]}},"amp_enabled":true,"_links":{"self":[{"href":"https:\/\/www.cidademarketing.com.br\/marketing\/wp-json\/wp\/v2\/posts\/30010","targetHints":{"allow":["GET"]}}],"collection":[{"href":"https:\/\/www.cidademarketing.com.br\/marketing\/wp-json\/wp\/v2\/posts"}],"about":[{"href":"https:\/\/www.cidademarketing.com.br\/marketing\/wp-json\/wp\/v2\/types\/post"}],"author":[{"embeddable":true,"href":"https:\/\/www.cidademarketing.com.br\/marketing\/wp-json\/wp\/v2\/users\/1"}],"replies":[{"embeddable":true,"href":"https:\/\/www.cidademarketing.com.br\/marketing\/wp-json\/wp\/v2\/comments?post=30010"}],"version-history":[{"count":1,"href":"https:\/\/www.cidademarketing.com.br\/marketing\/wp-json\/wp\/v2\/posts\/30010\/revisions"}],"predecessor-version":[{"id":30011,"href":"https:\/\/www.cidademarketing.com.br\/marketing\/wp-json\/wp\/v2\/posts\/30010\/revisions\/30011"}],"wp:featuredmedia":[{"embeddable":true,"href":"https:\/\/www.cidademarketing.com.br\/marketing\/wp-json\/wp\/v2\/media\/5924"}],"wp:attachment":[{"href":"https:\/\/www.cidademarketing.com.br\/marketing\/wp-json\/wp\/v2\/media?parent=30010"}],"wp:term":[{"taxonomy":"category","embeddable":true,"href":"https:\/\/www.cidademarketing.com.br\/marketing\/wp-json\/wp\/v2\/categories?post=30010"},{"taxonomy":"post_tag","embeddable":true,"href":"https:\/\/www.cidademarketing.com.br\/marketing\/wp-json\/wp\/v2\/tags?post=30010"}],"curies":[{"name":"wp","href":"https:\/\/api.w.org\/{rel}","templated":true}]}}