{"id":29999,"date":"2021-10-01T19:07:56","date_gmt":"2021-10-01T22:07:56","guid":{"rendered":"https:\/\/www.cidademarketing.com.br\/marketing\/?p=29999"},"modified":"2021-10-01T19:23:52","modified_gmt":"2021-10-01T22:23:52","slug":"em-campanha-digital-bom-ar-apresenta-novo-produto","status":"publish","type":"post","link":"https:\/\/www.cidademarketing.com.br\/marketing\/2021\/10\/01\/em-campanha-digital-bom-ar-apresenta-novo-produto\/","title":{"rendered":"Em campanha digital, Bom Ar\u00ae apresenta novo produto"},"content":{"rendered":"\n<p><\/p><iframe src=\"https:\/\/open.spotify.com\/embed\/show\/4khMKzP3FgFRWVwb73xicc\" width=\"100%\" height=\"232\" frameBorder=\"0\" allowtransparency=\"true\" allow=\"encrypted-media\"><\/iframe>\t\n\n\n\n\n<p><strong>Bom Ar<\/strong>\u00ae, marca sin\u00f4nimo de categoria em\u00a0perfuma\u00e7\u00e3o\u00a0de ambientes da <strong>Reckitt Hygiene Comercial<\/strong>, lan\u00e7ou uma nova campanha: com o objetivo de apresentar o poder transformador de levar a <strong>natureza para dentro de casa<\/strong>, o novo <strong>Bom Ar<\/strong>\u00ae<strong> Difusor El\u00e9trico <\/strong>\u00e9 apresentado aos consumidores atrav\u00e9s de uma campanha de comunica\u00e7\u00e3o 100% digital.<\/p>\n\n\n\n<p>Com o conceito <strong>\u2018<\/strong><em><strong>Deixe o Poder da Natureza Transformar sua Casa\u2019, <\/strong><\/em>a marca tem como embaixadoras a atriz <strong>Sheron Menezzes<\/strong> e a influenciadora <strong>T\u00e2mara Rodrigues<\/strong>, do perfil <strong>@aptoo65<\/strong>. As duas s\u00e3o respons\u00e1veis por apresentar o projeto <em><strong>#NATUREZAEMCASA<\/strong><\/em><em>, <\/em>convidando o p\u00fablico a conhecer mais sobre os benef\u00edcios do <strong>Bom Ar<\/strong>\u00ae<strong> Difusor El\u00e9trico <\/strong>e as sensa\u00e7\u00f5es que ele pode proporcionar aos ambientes da casa.<\/p>\n\n\n\n<p>\u201cPor meio dessa campanha queremos dar dicas para os consumidores de como aproveitar os benef\u00edcios do novo<strong> Bom Ar<\/strong>\u00ae<strong> Difusor El\u00e9trico <\/strong>em suas casas, aproveitando o poder das fragr\u00e2ncias com \u00f3leos essenciais para trazer sensa\u00e7\u00f5es especiais da natureza para dentro do ambiente dom\u00e9stico. Ter a Sheron e a T\u00e2mara como nossas embaixadoras nos ajudar\u00e1 a criar uma conex\u00e3o ainda maior com quem consome nossos produtos\u201d, afirma Luiza Zeron, <strong>Head de marketing de Bom Ar\u00ae.<\/strong><\/p>\n\n\n\n<p>Com foco apenas em conte\u00fado digital, Sheron e T\u00e2mara ir\u00e3o destacar os diferenciais do novo produto, que possui <strong>\u00f3leos essenciais <\/strong>em suas fragr\u00e2ncias e podem ajudar a transformar os ambientes atrav\u00e9s de sensa\u00e7\u00f5es como energia, relaxamento e frescor. Al\u00e9m disso, o novo produto tamb\u00e9m oferece perfuma\u00e7\u00e3o cont\u00ednua, garantindo uma casa perfumada por at\u00e9 90 dias (considerando o uso na intensidade m\u00ednima por 12h\/dia).<\/p>\n\n\n\n<p>Desenvolvida pela ag\u00eancia <strong>BETC Havas<\/strong>, a campanha tem como pe\u00e7a de lan\u00e7amento um v\u00eddeo de 60\u201d publicado nos perfis das embaixadoras, al\u00e9m de vers\u00f5es mais curtas que ser\u00e3o usadas nas p\u00e1ginas da marca do Instagram, Facebook e em m\u00eddia program\u00e1tica. A campanha tamb\u00e9m conta com v\u00eddeos segmentados por audi\u00eancias, que receber\u00e3o mensagens direcionadas para cada p\u00fablico-alvo da marca.<\/p>\n\n\n\n<p><\/p>\n\n\n\n<figure class=\"wp-block-embed is-type-video is-provider-youtube wp-block-embed-youtube wp-embed-aspect-16-9 wp-has-aspect-ratio\"><div class=\"wp-block-embed__wrapper\">\n<div class=\"youtube-embed\" data-video_id=\"ApsolUF9G78\"><iframe title=\"Bom Ar Difusor El\u00e9trico - #naturezaemcasa.\" width=\"640\" height=\"360\" src=\"https:\/\/www.youtube.com\/embed\/ApsolUF9G78?feature=oembed&#038;enablejsapi=1\" frameborder=\"0\" allow=\"accelerometer; autoplay; clipboard-write; encrypted-media; gyroscope; picture-in-picture; web-share\" referrerpolicy=\"strict-origin-when-cross-origin\" allowfullscreen><\/iframe><\/div>\n<\/div><\/figure>\n\n\n\n<p><\/p>\n\n\n\n<p><strong><u>FICHA T\u00c9CNICA<\/u><\/strong><\/p>\n\n\n\n<p>Ag\u00eancia: BETC HAVAS<\/p>\n\n\n\n<p>Cliente: Reckitt Hygiene Comercial<\/p>\n\n\n\n<p>Produto: Bom Ar Difusor El\u00e9trico &#8211; Airwick<\/p>\n\n\n\n<p>CCO: Erh Ray<\/p>\n\n\n\n<p>VP de Cria\u00e7\u00e3o: Andrea Siqueira<\/p>\n\n\n\n<p>Diretor de Cria\u00e7\u00e3o: Laura Azevedo<\/p>\n\n\n\n<p>Cria\u00e7\u00e3o: Matheus Andrade e Aline Fucs<\/p>\n\n\n\n<p>Marcas &amp; Neg\u00f3cios: Heloisa Figueiredo, Luana Greg\u00f3rio, Manuela Motta e Carlos Fran\u00e7a<\/p>\n\n\n\n<p>Canais &amp; Engajamento: Carlinha Gagliardi, Ver\u00f4nica Piraj\u00e1, Haroldo Paro, Thales Marques e Guilherme Mota<\/p>\n\n\n\n<p>Estrat\u00e9gia: Agatha Kim, Andr\u00e9 Sinkos e Nneamaka Edum<\/p>\n\n\n\n<p>Produ\u00e7\u00e3o: Anna Ferraz, Juliana Arantes e Bibiana Oliveira<\/p>\n\n\n\n<p>Produtora Imagem:&nbsp;\u00c7A VA ART<\/p>\n\n\n\n<p>Diretor: 2Vil\u00e3o (Mary e Peri)<\/p>\n\n\n\n<p>Assistente de Dire\u00e7\u00e3o: Samara Haddad<\/p>\n\n\n\n<p>Produ\u00e7\u00e3o Executiva: Ale Zanetti<\/p>\n\n\n\n<p>Atendimento: Krika Buto<\/p>\n\n\n\n<p>Diretor de Produ\u00e7\u00e3o: Marco Fiore<\/p>\n\n\n\n<p>P\u00f3s-produ\u00e7\u00e3o: 203Post<\/p>\n\n\n\n<p>Produtora de Som:&nbsp;Antfood Music &amp; Sound Design<\/p>\n\n\n\n<p>Diretor de Produ\u00e7\u00e3o Musical: Lou Schmidt e Fernando Rojo<\/p>\n\n\n\n<p>Produ\u00e7\u00e3o Musical: Lou Schmidt, Fernando Rojo, Luis Bergmann, Pedro Curvello e Vinicius Nunes<\/p>\n\n\n\n<p>Produtor Executivo: Renato Castro e Christiane Rachel<\/p>\n\n\n\n<p>Coordena\u00e7\u00e3o: Monique Munhoz<\/p>\n\n\n\n<p>Finaliza\u00e7\u00e3o: Bruno Broaska, Fabian Jorge, Pablo Homem de Mello e Tiago Lins<\/p>\n\n\n\n<p>Aprova\u00e7\u00e3o do Cliente: Luiza Zeron, Diana Goldemberg e\u00a0Camila Silva<\/p>\n\n\n\n<p><\/p>\n\n\n\n<p><\/p><iframe allow=\"autoplay *; encrypted-media *; fullscreen *\" frameborder=\"0\" height=\"450\" style=\"width:100%;max-width:660px;overflow:hidden;background:transparent;\" sandbox=\"allow-forms allow-popups allow-same-origin allow-scripts allow-storage-access-by-user-activation allow-top-navigation-by-user-activation\" src=\"https:\/\/embed.podcasts.apple.com\/br\/podcast\/podcast-cidademarketing\/id1371923283\"><\/iframe>\n\n","protected":false},"excerpt":{"rendered":"<p>Bom Ar\u00ae, marca sin\u00f4nimo de categoria em\u00a0perfuma\u00e7\u00e3o\u00a0de ambientes da Reckitt Hygiene Comercial, lan\u00e7ou uma nova campanha: com o objetivo de apresentar o poder transformador de levar a natureza para dentro de casa, o novo Bom Ar\u00ae Difusor El\u00e9trico \u00e9 apresentado aos consumidores atrav\u00e9s de uma campanha de comunica\u00e7\u00e3o 100% digital. Com o conceito \u2018Deixe o [&hellip;]<\/p>\n","protected":false},"author":1,"featured_media":30001,"comment_status":"open","ping_status":"open","sticky":false,"template":"","format":"standard","meta":{"tdm_status":"","tdm_grid_status":"","footnotes":""},"categories":[11,6],"tags":[4662,65,4661,33,26],"class_list":["post-29999","post","type-post","status-publish","format-standard","has-post-thumbnail","hentry","category-digital","category-noticias","tag-bom-ar","tag-campanha","tag-campanha-digital","tag-estrategia","tag-marketing-digital"],"yoast_head":"<!-- This site is optimized with the Yoast SEO plugin v27.5 - https:\/\/yoast.com\/product\/yoast-seo-wordpress\/ -->\n<title>Em campanha digital, Bom Ar\u00ae apresenta novo produto - CidadeMarketing<\/title>\n<meta name=\"robots\" content=\"index, follow, max-snippet:-1, max-image-preview:large, max-video-preview:-1\" \/>\n<link rel=\"canonical\" href=\"https:\/\/www.cidademarketing.com.br\/marketing\/2021\/10\/01\/em-campanha-digital-bom-ar-apresenta-novo-produto\/\" \/>\n<meta property=\"og:locale\" content=\"pt_BR\" \/>\n<meta property=\"og:type\" content=\"article\" \/>\n<meta property=\"og:title\" content=\"Em campanha digital, Bom Ar\u00ae apresenta novo produto - CidadeMarketing\" \/>\n<meta property=\"og:description\" content=\"Bom Ar\u00ae, marca sin\u00f4nimo de categoria em\u00a0perfuma\u00e7\u00e3o\u00a0de ambientes da Reckitt Hygiene Comercial, lan\u00e7ou uma nova campanha: com o objetivo de apresentar o poder transformador de levar a natureza para dentro de casa, o novo Bom Ar\u00ae Difusor El\u00e9trico \u00e9 apresentado aos consumidores atrav\u00e9s de uma campanha de comunica\u00e7\u00e3o 100% digital. Com o conceito \u2018Deixe o [&hellip;]\" \/>\n<meta property=\"og:url\" content=\"https:\/\/www.cidademarketing.com.br\/marketing\/2021\/10\/01\/em-campanha-digital-bom-ar-apresenta-novo-produto\/\" \/>\n<meta property=\"og:site_name\" content=\"CidadeMarketing\" \/>\n<meta property=\"article:publisher\" content=\"https:\/\/www.facebook.com\/portalcidademarketing\" \/>\n<meta property=\"article:author\" content=\"https:\/\/www.facebook.com\/thalesbrandao\" \/>\n<meta property=\"article:published_time\" content=\"2021-10-01T22:07:56+00:00\" \/>\n<meta property=\"article:modified_time\" content=\"2021-10-01T22:23:52+00:00\" \/>\n<meta property=\"og:image\" content=\"https:\/\/www.cidademarketing.com.br\/marketing\/wp-content\/uploads\/2021\/10\/bom_ar_02.jpg\" \/>\n\t<meta property=\"og:image:width\" content=\"1914\" \/>\n\t<meta property=\"og:image:height\" content=\"1076\" \/>\n\t<meta property=\"og:image:type\" content=\"image\/jpeg\" \/>\n<meta name=\"author\" content=\"Thales Brand\u00e3o\" \/>\n<meta name=\"twitter:card\" content=\"summary_large_image\" \/>\n<meta name=\"twitter:creator\" content=\"@http:\/\/www.twitter.com\/thalesbrandao\" \/>\n<meta name=\"twitter:site\" content=\"@CidadeMarketing\" \/>\n<meta name=\"twitter:label1\" content=\"Escrito por\" \/>\n\t<meta name=\"twitter:data1\" content=\"Thales Brand\u00e3o\" \/>\n\t<meta name=\"twitter:label2\" content=\"Est. tempo de leitura\" \/>\n\t<meta name=\"twitter:data2\" content=\"3 minutos\" \/>\n<script type=\"application\/ld+json\" class=\"yoast-schema-graph\">{\"@context\":\"https:\\\/\\\/schema.org\",\"@graph\":[{\"@type\":\"Article\",\"@id\":\"https:\\\/\\\/www.cidademarketing.com.br\\\/marketing\\\/2021\\\/10\\\/01\\\/em-campanha-digital-bom-ar-apresenta-novo-produto\\\/#article\",\"isPartOf\":{\"@id\":\"https:\\\/\\\/www.cidademarketing.com.br\\\/marketing\\\/2021\\\/10\\\/01\\\/em-campanha-digital-bom-ar-apresenta-novo-produto\\\/\"},\"author\":{\"name\":\"Thales Brand\u00e3o\",\"@id\":\"https:\\\/\\\/www.cidademarketing.com.br\\\/marketing\\\/#\\\/schema\\\/person\\\/02daff9f18bd9378c9e01eb6b2db155f\"},\"headline\":\"Em campanha digital, Bom Ar\u00ae apresenta novo produto\",\"datePublished\":\"2021-10-01T22:07:56+00:00\",\"dateModified\":\"2021-10-01T22:23:52+00:00\",\"mainEntityOfPage\":{\"@id\":\"https:\\\/\\\/www.cidademarketing.com.br\\\/marketing\\\/2021\\\/10\\\/01\\\/em-campanha-digital-bom-ar-apresenta-novo-produto\\\/\"},\"wordCount\":561,\"commentCount\":0,\"publisher\":{\"@id\":\"https:\\\/\\\/www.cidademarketing.com.br\\\/marketing\\\/#organization\"},\"image\":{\"@id\":\"https:\\\/\\\/www.cidademarketing.com.br\\\/marketing\\\/2021\\\/10\\\/01\\\/em-campanha-digital-bom-ar-apresenta-novo-produto\\\/#primaryimage\"},\"thumbnailUrl\":\"https:\\\/\\\/www.cidademarketing.com.br\\\/marketing\\\/wp-content\\\/uploads\\\/2021\\\/10\\\/bom_ar_02.jpg\",\"keywords\":[\"Bom Ar\",\"campanha\",\"campanha digital\",\"estrat\u00e9gia\",\"marketing digital\"],\"articleSection\":[\"Digital\",\"Not\u00edcias\"],\"inLanguage\":\"pt-BR\",\"potentialAction\":[{\"@type\":\"CommentAction\",\"name\":\"Comment\",\"target\":[\"https:\\\/\\\/www.cidademarketing.com.br\\\/marketing\\\/2021\\\/10\\\/01\\\/em-campanha-digital-bom-ar-apresenta-novo-produto\\\/#respond\"]}]},{\"@type\":\"WebPage\",\"@id\":\"https:\\\/\\\/www.cidademarketing.com.br\\\/marketing\\\/2021\\\/10\\\/01\\\/em-campanha-digital-bom-ar-apresenta-novo-produto\\\/\",\"url\":\"https:\\\/\\\/www.cidademarketing.com.br\\\/marketing\\\/2021\\\/10\\\/01\\\/em-campanha-digital-bom-ar-apresenta-novo-produto\\\/\",\"name\":\"Em campanha digital, Bom Ar\u00ae apresenta novo produto - CidadeMarketing\",\"isPartOf\":{\"@id\":\"https:\\\/\\\/www.cidademarketing.com.br\\\/marketing\\\/#website\"},\"primaryImageOfPage\":{\"@id\":\"https:\\\/\\\/www.cidademarketing.com.br\\\/marketing\\\/2021\\\/10\\\/01\\\/em-campanha-digital-bom-ar-apresenta-novo-produto\\\/#primaryimage\"},\"image\":{\"@id\":\"https:\\\/\\\/www.cidademarketing.com.br\\\/marketing\\\/2021\\\/10\\\/01\\\/em-campanha-digital-bom-ar-apresenta-novo-produto\\\/#primaryimage\"},\"thumbnailUrl\":\"https:\\\/\\\/www.cidademarketing.com.br\\\/marketing\\\/wp-content\\\/uploads\\\/2021\\\/10\\\/bom_ar_02.jpg\",\"datePublished\":\"2021-10-01T22:07:56+00:00\",\"dateModified\":\"2021-10-01T22:23:52+00:00\",\"breadcrumb\":{\"@id\":\"https:\\\/\\\/www.cidademarketing.com.br\\\/marketing\\\/2021\\\/10\\\/01\\\/em-campanha-digital-bom-ar-apresenta-novo-produto\\\/#breadcrumb\"},\"inLanguage\":\"pt-BR\",\"potentialAction\":[{\"@type\":\"ReadAction\",\"target\":[\"https:\\\/\\\/www.cidademarketing.com.br\\\/marketing\\\/2021\\\/10\\\/01\\\/em-campanha-digital-bom-ar-apresenta-novo-produto\\\/\"]}]},{\"@type\":\"ImageObject\",\"inLanguage\":\"pt-BR\",\"@id\":\"https:\\\/\\\/www.cidademarketing.com.br\\\/marketing\\\/2021\\\/10\\\/01\\\/em-campanha-digital-bom-ar-apresenta-novo-produto\\\/#primaryimage\",\"url\":\"https:\\\/\\\/www.cidademarketing.com.br\\\/marketing\\\/wp-content\\\/uploads\\\/2021\\\/10\\\/bom_ar_02.jpg\",\"contentUrl\":\"https:\\\/\\\/www.cidademarketing.com.br\\\/marketing\\\/wp-content\\\/uploads\\\/2021\\\/10\\\/bom_ar_02.jpg\",\"width\":1914,\"height\":1076,\"caption\":\"Reprodu\u00e7\u00e3o\"},{\"@type\":\"BreadcrumbList\",\"@id\":\"https:\\\/\\\/www.cidademarketing.com.br\\\/marketing\\\/2021\\\/10\\\/01\\\/em-campanha-digital-bom-ar-apresenta-novo-produto\\\/#breadcrumb\",\"itemListElement\":[{\"@type\":\"ListItem\",\"position\":1,\"name\":\"In\u00edcio\",\"item\":\"https:\\\/\\\/www.cidademarketing.com.br\\\/marketing\\\/\"},{\"@type\":\"ListItem\",\"position\":2,\"name\":\"Em campanha digital, Bom Ar\u00ae apresenta novo produto\"}]},{\"@type\":\"WebSite\",\"@id\":\"https:\\\/\\\/www.cidademarketing.com.br\\\/marketing\\\/#website\",\"url\":\"https:\\\/\\\/www.cidademarketing.com.br\\\/marketing\\\/\",\"name\":\"CidadeMarketing\",\"description\":\"Somos um ve\u00edculo de comunica\u00e7\u00e3o de destaque no Brasil, reconhecido por conte\u00fados nos segmentos de marketing, empreendedorismo e inova\u00e7\u00e3o.\",\"publisher\":{\"@id\":\"https:\\\/\\\/www.cidademarketing.com.br\\\/marketing\\\/#organization\"},\"alternateName\":\"CidadeMarketing\",\"potentialAction\":[{\"@type\":\"SearchAction\",\"target\":{\"@type\":\"EntryPoint\",\"urlTemplate\":\"https:\\\/\\\/www.cidademarketing.com.br\\\/marketing\\\/?s={search_term_string}\"},\"query-input\":{\"@type\":\"PropertyValueSpecification\",\"valueRequired\":true,\"valueName\":\"search_term_string\"}}],\"inLanguage\":\"pt-BR\"},{\"@type\":\"Organization\",\"@id\":\"https:\\\/\\\/www.cidademarketing.com.br\\\/marketing\\\/#organization\",\"name\":\"CidadeMarketing\",\"alternateName\":\"CidadeMarketing\",\"url\":\"https:\\\/\\\/www.cidademarketing.com.br\\\/marketing\\\/\",\"logo\":{\"@type\":\"ImageObject\",\"inLanguage\":\"pt-BR\",\"@id\":\"https:\\\/\\\/www.cidademarketing.com.br\\\/marketing\\\/#\\\/schema\\\/logo\\\/image\\\/\",\"url\":\"https:\\\/\\\/www.cidademarketing.com.br\\\/marketing\\\/wp-content\\\/uploads\\\/2020\\\/01\\\/cidademarketing_marca_mobile.png\",\"contentUrl\":\"https:\\\/\\\/www.cidademarketing.com.br\\\/marketing\\\/wp-content\\\/uploads\\\/2020\\\/01\\\/cidademarketing_marca_mobile.png\",\"width\":230,\"height\":92,\"caption\":\"CidadeMarketing\"},\"image\":{\"@id\":\"https:\\\/\\\/www.cidademarketing.com.br\\\/marketing\\\/#\\\/schema\\\/logo\\\/image\\\/\"},\"sameAs\":[\"https:\\\/\\\/www.facebook.com\\\/portalcidademarketing\",\"https:\\\/\\\/x.com\\\/CidadeMarketing\",\"https:\\\/\\\/www.instagram.com\\\/cidademarketing\\\/\"]},{\"@type\":\"Person\",\"@id\":\"https:\\\/\\\/www.cidademarketing.com.br\\\/marketing\\\/#\\\/schema\\\/person\\\/02daff9f18bd9378c9e01eb6b2db155f\",\"name\":\"Thales Brand\u00e3o\",\"image\":{\"@type\":\"ImageObject\",\"inLanguage\":\"pt-BR\",\"@id\":\"https:\\\/\\\/secure.gravatar.com\\\/avatar\\\/7ca3206950207cc3cb48feec56a8a7898741ab725c368d99d5d7a5a50aab80c6?s=96&d=mm&r=g\",\"url\":\"https:\\\/\\\/secure.gravatar.com\\\/avatar\\\/7ca3206950207cc3cb48feec56a8a7898741ab725c368d99d5d7a5a50aab80c6?s=96&d=mm&r=g\",\"contentUrl\":\"https:\\\/\\\/secure.gravatar.com\\\/avatar\\\/7ca3206950207cc3cb48feec56a8a7898741ab725c368d99d5d7a5a50aab80c6?s=96&d=mm&r=g\",\"caption\":\"Thales Brand\u00e3o\"},\"description\":\"Editor Executivo do Portal CidadeMarketing.com.br &gt; Mestre em Comunica\u00e7\u00e3o e Sociedade pela Universidade Federal de Sergipe. Possui MBA Executivo em Administra\u00e7\u00e3o com \u00eanfase em Marketing pela Funda\u00e7\u00e3o Get\u00falio Vargas - Rio de Janeiro. Consultor, Palestrante e Pesquisador sobre Empreendedorismo, Marketing, Redes Sociais e Neg\u00f3cios Digitais. Professor, Palestrante TedxTalks e Campus Party. Twitter: @ThalesBrandao\",\"sameAs\":[\"http:\\\/\\\/www.mandacaru.com.br\",\"https:\\\/\\\/www.facebook.com\\\/thalesbrandao\",\"http:\\\/\\\/www.instagram.com.br\\\/thalesbrandaoferreira\",\"https:\\\/\\\/www.linkedin.com\\\/in\\\/thales-brand\u00e3o-3948609\\\/\",\"https:\\\/\\\/x.com\\\/http:\\\/\\\/www.twitter.com\\\/thalesbrandao\"],\"url\":\"https:\\\/\\\/www.cidademarketing.com.br\\\/marketing\\\/author\\\/thalesbrandao\\\/\"}]}<\/script>\n<!-- \/ Yoast SEO plugin. -->","yoast_head_json":{"title":"Em campanha digital, Bom Ar\u00ae apresenta novo produto - CidadeMarketing","robots":{"index":"index","follow":"follow","max-snippet":"max-snippet:-1","max-image-preview":"max-image-preview:large","max-video-preview":"max-video-preview:-1"},"canonical":"https:\/\/www.cidademarketing.com.br\/marketing\/2021\/10\/01\/em-campanha-digital-bom-ar-apresenta-novo-produto\/","og_locale":"pt_BR","og_type":"article","og_title":"Em campanha digital, Bom Ar\u00ae apresenta novo produto - CidadeMarketing","og_description":"Bom Ar\u00ae, marca sin\u00f4nimo de categoria em\u00a0perfuma\u00e7\u00e3o\u00a0de ambientes da Reckitt Hygiene Comercial, lan\u00e7ou uma nova campanha: com o objetivo de apresentar o poder transformador de levar a natureza para dentro de casa, o novo Bom Ar\u00ae Difusor El\u00e9trico \u00e9 apresentado aos consumidores atrav\u00e9s de uma campanha de comunica\u00e7\u00e3o 100% digital. Com o conceito \u2018Deixe o [&hellip;]","og_url":"https:\/\/www.cidademarketing.com.br\/marketing\/2021\/10\/01\/em-campanha-digital-bom-ar-apresenta-novo-produto\/","og_site_name":"CidadeMarketing","article_publisher":"https:\/\/www.facebook.com\/portalcidademarketing","article_author":"https:\/\/www.facebook.com\/thalesbrandao","article_published_time":"2021-10-01T22:07:56+00:00","article_modified_time":"2021-10-01T22:23:52+00:00","og_image":[{"width":1914,"height":1076,"url":"https:\/\/www.cidademarketing.com.br\/marketing\/wp-content\/uploads\/2021\/10\/bom_ar_02.jpg","type":"image\/jpeg"}],"author":"Thales Brand\u00e3o","twitter_card":"summary_large_image","twitter_creator":"@http:\/\/www.twitter.com\/thalesbrandao","twitter_site":"@CidadeMarketing","twitter_misc":{"Escrito por":"Thales Brand\u00e3o","Est. tempo de leitura":"3 minutos"},"schema":{"@context":"https:\/\/schema.org","@graph":[{"@type":"Article","@id":"https:\/\/www.cidademarketing.com.br\/marketing\/2021\/10\/01\/em-campanha-digital-bom-ar-apresenta-novo-produto\/#article","isPartOf":{"@id":"https:\/\/www.cidademarketing.com.br\/marketing\/2021\/10\/01\/em-campanha-digital-bom-ar-apresenta-novo-produto\/"},"author":{"name":"Thales Brand\u00e3o","@id":"https:\/\/www.cidademarketing.com.br\/marketing\/#\/schema\/person\/02daff9f18bd9378c9e01eb6b2db155f"},"headline":"Em campanha digital, Bom Ar\u00ae apresenta novo produto","datePublished":"2021-10-01T22:07:56+00:00","dateModified":"2021-10-01T22:23:52+00:00","mainEntityOfPage":{"@id":"https:\/\/www.cidademarketing.com.br\/marketing\/2021\/10\/01\/em-campanha-digital-bom-ar-apresenta-novo-produto\/"},"wordCount":561,"commentCount":0,"publisher":{"@id":"https:\/\/www.cidademarketing.com.br\/marketing\/#organization"},"image":{"@id":"https:\/\/www.cidademarketing.com.br\/marketing\/2021\/10\/01\/em-campanha-digital-bom-ar-apresenta-novo-produto\/#primaryimage"},"thumbnailUrl":"https:\/\/www.cidademarketing.com.br\/marketing\/wp-content\/uploads\/2021\/10\/bom_ar_02.jpg","keywords":["Bom Ar","campanha","campanha digital","estrat\u00e9gia","marketing digital"],"articleSection":["Digital","Not\u00edcias"],"inLanguage":"pt-BR","potentialAction":[{"@type":"CommentAction","name":"Comment","target":["https:\/\/www.cidademarketing.com.br\/marketing\/2021\/10\/01\/em-campanha-digital-bom-ar-apresenta-novo-produto\/#respond"]}]},{"@type":"WebPage","@id":"https:\/\/www.cidademarketing.com.br\/marketing\/2021\/10\/01\/em-campanha-digital-bom-ar-apresenta-novo-produto\/","url":"https:\/\/www.cidademarketing.com.br\/marketing\/2021\/10\/01\/em-campanha-digital-bom-ar-apresenta-novo-produto\/","name":"Em campanha digital, Bom Ar\u00ae apresenta novo produto - CidadeMarketing","isPartOf":{"@id":"https:\/\/www.cidademarketing.com.br\/marketing\/#website"},"primaryImageOfPage":{"@id":"https:\/\/www.cidademarketing.com.br\/marketing\/2021\/10\/01\/em-campanha-digital-bom-ar-apresenta-novo-produto\/#primaryimage"},"image":{"@id":"https:\/\/www.cidademarketing.com.br\/marketing\/2021\/10\/01\/em-campanha-digital-bom-ar-apresenta-novo-produto\/#primaryimage"},"thumbnailUrl":"https:\/\/www.cidademarketing.com.br\/marketing\/wp-content\/uploads\/2021\/10\/bom_ar_02.jpg","datePublished":"2021-10-01T22:07:56+00:00","dateModified":"2021-10-01T22:23:52+00:00","breadcrumb":{"@id":"https:\/\/www.cidademarketing.com.br\/marketing\/2021\/10\/01\/em-campanha-digital-bom-ar-apresenta-novo-produto\/#breadcrumb"},"inLanguage":"pt-BR","potentialAction":[{"@type":"ReadAction","target":["https:\/\/www.cidademarketing.com.br\/marketing\/2021\/10\/01\/em-campanha-digital-bom-ar-apresenta-novo-produto\/"]}]},{"@type":"ImageObject","inLanguage":"pt-BR","@id":"https:\/\/www.cidademarketing.com.br\/marketing\/2021\/10\/01\/em-campanha-digital-bom-ar-apresenta-novo-produto\/#primaryimage","url":"https:\/\/www.cidademarketing.com.br\/marketing\/wp-content\/uploads\/2021\/10\/bom_ar_02.jpg","contentUrl":"https:\/\/www.cidademarketing.com.br\/marketing\/wp-content\/uploads\/2021\/10\/bom_ar_02.jpg","width":1914,"height":1076,"caption":"Reprodu\u00e7\u00e3o"},{"@type":"BreadcrumbList","@id":"https:\/\/www.cidademarketing.com.br\/marketing\/2021\/10\/01\/em-campanha-digital-bom-ar-apresenta-novo-produto\/#breadcrumb","itemListElement":[{"@type":"ListItem","position":1,"name":"In\u00edcio","item":"https:\/\/www.cidademarketing.com.br\/marketing\/"},{"@type":"ListItem","position":2,"name":"Em campanha digital, Bom Ar\u00ae apresenta novo produto"}]},{"@type":"WebSite","@id":"https:\/\/www.cidademarketing.com.br\/marketing\/#website","url":"https:\/\/www.cidademarketing.com.br\/marketing\/","name":"CidadeMarketing","description":"Somos um ve\u00edculo de comunica\u00e7\u00e3o de destaque no Brasil, reconhecido por conte\u00fados nos segmentos de marketing, empreendedorismo e inova\u00e7\u00e3o.","publisher":{"@id":"https:\/\/www.cidademarketing.com.br\/marketing\/#organization"},"alternateName":"CidadeMarketing","potentialAction":[{"@type":"SearchAction","target":{"@type":"EntryPoint","urlTemplate":"https:\/\/www.cidademarketing.com.br\/marketing\/?s={search_term_string}"},"query-input":{"@type":"PropertyValueSpecification","valueRequired":true,"valueName":"search_term_string"}}],"inLanguage":"pt-BR"},{"@type":"Organization","@id":"https:\/\/www.cidademarketing.com.br\/marketing\/#organization","name":"CidadeMarketing","alternateName":"CidadeMarketing","url":"https:\/\/www.cidademarketing.com.br\/marketing\/","logo":{"@type":"ImageObject","inLanguage":"pt-BR","@id":"https:\/\/www.cidademarketing.com.br\/marketing\/#\/schema\/logo\/image\/","url":"https:\/\/www.cidademarketing.com.br\/marketing\/wp-content\/uploads\/2020\/01\/cidademarketing_marca_mobile.png","contentUrl":"https:\/\/www.cidademarketing.com.br\/marketing\/wp-content\/uploads\/2020\/01\/cidademarketing_marca_mobile.png","width":230,"height":92,"caption":"CidadeMarketing"},"image":{"@id":"https:\/\/www.cidademarketing.com.br\/marketing\/#\/schema\/logo\/image\/"},"sameAs":["https:\/\/www.facebook.com\/portalcidademarketing","https:\/\/x.com\/CidadeMarketing","https:\/\/www.instagram.com\/cidademarketing\/"]},{"@type":"Person","@id":"https:\/\/www.cidademarketing.com.br\/marketing\/#\/schema\/person\/02daff9f18bd9378c9e01eb6b2db155f","name":"Thales Brand\u00e3o","image":{"@type":"ImageObject","inLanguage":"pt-BR","@id":"https:\/\/secure.gravatar.com\/avatar\/7ca3206950207cc3cb48feec56a8a7898741ab725c368d99d5d7a5a50aab80c6?s=96&d=mm&r=g","url":"https:\/\/secure.gravatar.com\/avatar\/7ca3206950207cc3cb48feec56a8a7898741ab725c368d99d5d7a5a50aab80c6?s=96&d=mm&r=g","contentUrl":"https:\/\/secure.gravatar.com\/avatar\/7ca3206950207cc3cb48feec56a8a7898741ab725c368d99d5d7a5a50aab80c6?s=96&d=mm&r=g","caption":"Thales Brand\u00e3o"},"description":"Editor Executivo do Portal CidadeMarketing.com.br &gt; Mestre em Comunica\u00e7\u00e3o e Sociedade pela Universidade Federal de Sergipe. Possui MBA Executivo em Administra\u00e7\u00e3o com \u00eanfase em Marketing pela Funda\u00e7\u00e3o Get\u00falio Vargas - Rio de Janeiro. Consultor, Palestrante e Pesquisador sobre Empreendedorismo, Marketing, Redes Sociais e Neg\u00f3cios Digitais. Professor, Palestrante TedxTalks e Campus Party. Twitter: @ThalesBrandao","sameAs":["http:\/\/www.mandacaru.com.br","https:\/\/www.facebook.com\/thalesbrandao","http:\/\/www.instagram.com.br\/thalesbrandaoferreira","https:\/\/www.linkedin.com\/in\/thales-brand\u00e3o-3948609\/","https:\/\/x.com\/http:\/\/www.twitter.com\/thalesbrandao"],"url":"https:\/\/www.cidademarketing.com.br\/marketing\/author\/thalesbrandao\/"}]}},"amp_enabled":true,"_links":{"self":[{"href":"https:\/\/www.cidademarketing.com.br\/marketing\/wp-json\/wp\/v2\/posts\/29999","targetHints":{"allow":["GET"]}}],"collection":[{"href":"https:\/\/www.cidademarketing.com.br\/marketing\/wp-json\/wp\/v2\/posts"}],"about":[{"href":"https:\/\/www.cidademarketing.com.br\/marketing\/wp-json\/wp\/v2\/types\/post"}],"author":[{"embeddable":true,"href":"https:\/\/www.cidademarketing.com.br\/marketing\/wp-json\/wp\/v2\/users\/1"}],"replies":[{"embeddable":true,"href":"https:\/\/www.cidademarketing.com.br\/marketing\/wp-json\/wp\/v2\/comments?post=29999"}],"version-history":[{"count":2,"href":"https:\/\/www.cidademarketing.com.br\/marketing\/wp-json\/wp\/v2\/posts\/29999\/revisions"}],"predecessor-version":[{"id":30007,"href":"https:\/\/www.cidademarketing.com.br\/marketing\/wp-json\/wp\/v2\/posts\/29999\/revisions\/30007"}],"wp:featuredmedia":[{"embeddable":true,"href":"https:\/\/www.cidademarketing.com.br\/marketing\/wp-json\/wp\/v2\/media\/30001"}],"wp:attachment":[{"href":"https:\/\/www.cidademarketing.com.br\/marketing\/wp-json\/wp\/v2\/media?parent=29999"}],"wp:term":[{"taxonomy":"category","embeddable":true,"href":"https:\/\/www.cidademarketing.com.br\/marketing\/wp-json\/wp\/v2\/categories?post=29999"},{"taxonomy":"post_tag","embeddable":true,"href":"https:\/\/www.cidademarketing.com.br\/marketing\/wp-json\/wp\/v2\/tags?post=29999"}],"curies":[{"name":"wp","href":"https:\/\/api.w.org\/{rel}","templated":true}]}}