{"id":2993,"date":"2018-11-13T02:08:43","date_gmt":"2018-11-13T04:08:43","guid":{"rendered":"http:\/\/www.cidademarketing.com.br\/marketing\/?p=2993"},"modified":"2018-11-13T02:08:43","modified_gmt":"2018-11-13T04:08:43","slug":"fruittella-apresenta-campanha-que-celebra-acontecimentos-marcantes-nas-vidas-das-pessoas","status":"publish","type":"post","link":"https:\/\/www.cidademarketing.com.br\/marketing\/2018\/11\/13\/fruittella-apresenta-campanha-que-celebra-acontecimentos-marcantes-nas-vidas-das-pessoas\/","title":{"rendered":"Fruittella apresenta campanha que celebra acontecimentos marcantes nas vidas das pessoas"},"content":{"rendered":"<p>A Fruittella, marca da Perfetti Van Melle, uma das l\u00edderes globais do mercado de doces e gomas de mascar, estreia campanha e apresenta novo posicionamento. Com a assinatura \u201cPequenos Grandes Momentos\u201d, a primeira a\u00e7\u00e3o de comunica\u00e7\u00e3o da marca criada pela DPZ&amp;T celebra acontecimentos marcantes nas vidas das pessoas, especialmente entre m\u00e3es e filhos.<\/p>\n<p>\u201cA vida \u00e9 t\u00e3o corrida que nem sempre podemos ficar com as pessoas que amamos na exata hora em que queremos. \u00c9 por isso que acreditamos no poder transformador dos pequenos grandes momentos, que s\u00e3o \u00fanicos, especiais, como aproveitar o sabor de Fruittella, que faz parte do dia a dia dos consumidores e, agora, tem muito mais suco de frutas.\u201d, comenta Purple Qwan, Diretora de Marketing da Perfetti Van Melle.<\/p>\n<p>Com produ\u00e7\u00e3o da Trator Filmes e dire\u00e7\u00e3o de Gabi Brites, o filme ilustra pequenos grandes momentos da vida que acontecem quando menos esperamos, como a hist\u00f3ria de uma m\u00e3e e sua filha, que transformam uma simples volta da escola em uma inesquec\u00edvel experi\u00eancia em um circo.<\/p>\n<p>&nbsp;<\/p>\n<div class=\"youtube-embed\" data-video_id=\"oYDDBcKDmPY\"><iframe title=\"Fruittella \u2013 #PequenosGrandesMomentos no Circo\" width=\"640\" height=\"360\" src=\"https:\/\/www.youtube.com\/embed\/oYDDBcKDmPY?feature=oembed&#038;enablejsapi=1\" frameborder=\"0\" allow=\"accelerometer; autoplay; clipboard-write; encrypted-media; gyroscope; picture-in-picture; web-share\" referrerpolicy=\"strict-origin-when-cross-origin\" allowfullscreen><\/iframe><\/div>\n<p>&nbsp;<\/p>\n<p>\u201cDe forma metaf\u00f3rica, Fruittella \u00e9 o estopim dos pequenos grandes momentos vistos no filme. Um grande momento n\u00e3o tem hora para acontecer e quando acontece, sem d\u00favida se torna um momento m\u00e1gico. Nosso filme materializa o novo posicionamento da marca ao contar essa hist\u00f3ria de maneira l\u00fadica para o consumidor.\u201d, afirma Sergio Mugnaini, diretor executivo de cria\u00e7\u00e3o da DPZ&amp;T.<\/p>\n<p>A cria\u00e7\u00e3o \u00e9 de Fernando Sa\u00fa e Leandro Dolfini com dire\u00e7\u00e3o de cria\u00e7\u00e3o de Silvio Amorim e dire\u00e7\u00e3o executiva de cria\u00e7\u00e3o de Sergio Mugnaini. Rafael Urenha assina a dire\u00e7\u00e3o geral de cria\u00e7\u00e3o.<\/p>\n<p>Sobre a Perfetti Van Melle<\/p>\n<p>A Perfetti Van Melle \u00e9 uma das l\u00edderes globais do mercado de doces e gomas. A empresa foi fundada em 1946, na It\u00e1lia. Em 2001, uniu for\u00e7as com a Van Melle da Holanda. Hoje, a companhia, com sedes na It\u00e1lia (Lainate &#8211; Mil\u00e3o) e na Holanda (Amsterdam), est\u00e1 presente em 150 pa\u00edses da Europa, Am\u00e9ricas, \u00c1sia, \u00c1frica e Oriente M\u00e9dio, empregando mais de 17 mil pessoas no mundo todo. No Brasil, a companhia est\u00e1 sediada em Vinhedo, interior de S\u00e3o Paulo, e emprega cerca de 500 pessoas. SAC: 0800-551412<\/p>\n<p>FICHA T\u00c9CNICA<\/p>\n<p>Cliente: Perfetti Van Melle<\/p>\n<p>Produto: Fruittella<\/p>\n<p>Campanha: Fruittella Masterbrand<\/p>\n<p>T\u00edtulo: Circo<\/p>\n<p>Dire\u00e7\u00e3o Geral de Cria\u00e7\u00e3o: Rafael Urenha<\/p>\n<p>Dire\u00e7\u00e3o Executiva de Cria\u00e7\u00e3o: Sergio Mugnaini<\/p>\n<p>Dire\u00e7\u00e3o de Cria\u00e7\u00e3o: Silvio Amorim<\/p>\n<p>Cria\u00e7\u00e3o: Fernando Sa\u00fa, Leandro Dolfini<\/p>\n<p>Atendimento: Daniel Jotta, Eduardo Brunoro, Mart\u00edn Barrios, Gabriella Camelo<\/p>\n<p>Aprova\u00e7\u00e3o Cliente: Purple Quan, Marina Rodrigues<\/p>\n<p>Planejamento: Fernando Diniz, Camilla Facin, Vanessa Patino<\/p>\n<p>M\u00eddia: Paulo Ilha, Amanda Meziara, Renato Mendon\u00e7a, Artur Martins<\/p>\n<p>RTVC: Ducha Lopes, Pity Lieutaud, Adriana Marino, Heitor Mendes<\/p>\n<p>Projetos: Mamu Yamamura, Michele Almeida, Priscila Martins<br \/>\nConte\u00fado: Didi Blanco, Guto Kneipp<\/p>\n<p>Produtora de Som: Animal Est\u00fadios<\/p>\n<p>Produ\u00e7\u00e3o e Finaliza\u00e7\u00e3o: Andr\u00e9 Caccia Bava e Henrique Meyer<\/p>\n<p>Atendimento Produtora de Som: Carolina Rodrigues<\/p>\n<p>Produtora de Imagem: Trator Filmes<\/p>\n<p>Dire\u00e7\u00e3o de Cena: Gabi Brites<\/p>\n<p>Produ\u00e7\u00e3o Executiva: Gabriela Lemos e Armando Ruivo<\/p>\n<p>Coordena\u00e7\u00e3o de Produ\u00e7\u00e3o: Eduardo Saraiva e Kiko Ribeiro<\/p>\n<p>Atendimento produtora: Jana Kam, Bruna Chamlian<\/p>\n<p>Coordena\u00e7\u00e3o de Finaliza\u00e7\u00e3o: Matheus Akkari<\/p>\n<p>Dire\u00e7\u00e3o de Fotografia: Fernando Almeida de Oliveira<\/p>\n<p>Dire\u00e7\u00e3o de Arte produtora: Fernanda Carlucci<\/p>\n<p>Finaliza\u00e7\u00e3o: Trator Filmes<\/p>\n<p>Montagem: Matheus Akkari<\/p>\n<p>P\u00f3s-Produ\u00e7\u00e3o: Strato Storm<\/p>\n","protected":false},"excerpt":{"rendered":"<p>A Fruittella, marca da Perfetti Van Melle, uma das l\u00edderes globais do mercado de doces e gomas de mascar, estreia campanha e apresenta novo posicionamento. Com a assinatura \u201cPequenos Grandes Momentos\u201d, a primeira a\u00e7\u00e3o de comunica\u00e7\u00e3o da marca criada pela DPZ&amp;T celebra acontecimentos marcantes nas vidas das pessoas, especialmente entre m\u00e3es e filhos. \u201cA vida [&hellip;]<\/p>\n","protected":false},"author":1,"featured_media":2994,"comment_status":"open","ping_status":"open","sticky":false,"template":"","format":"standard","meta":{"tdm_status":"","tdm_grid_status":"","footnotes":""},"categories":[6],"tags":[65,663,28],"class_list":["post-2993","post","type-post","status-publish","format-standard","has-post-thumbnail","hentry","category-noticias","tag-campanha","tag-fruittella","tag-marketing"],"yoast_head":"<!-- This site is optimized with the Yoast SEO plugin v27.5 - https:\/\/yoast.com\/product\/yoast-seo-wordpress\/ -->\n<title>Fruittella apresenta campanha que celebra acontecimentos marcantes nas vidas das pessoas - CidadeMarketing<\/title>\n<meta name=\"robots\" content=\"index, follow, max-snippet:-1, max-image-preview:large, max-video-preview:-1\" \/>\n<link rel=\"canonical\" href=\"https:\/\/www.cidademarketing.com.br\/marketing\/2018\/11\/13\/fruittella-apresenta-campanha-que-celebra-acontecimentos-marcantes-nas-vidas-das-pessoas\/\" \/>\n<meta property=\"og:locale\" content=\"pt_BR\" \/>\n<meta property=\"og:type\" content=\"article\" \/>\n<meta property=\"og:title\" content=\"Fruittella apresenta campanha que celebra acontecimentos marcantes nas vidas das pessoas - CidadeMarketing\" \/>\n<meta property=\"og:description\" content=\"A Fruittella, marca da Perfetti Van Melle, uma das l\u00edderes globais do mercado de doces e gomas de mascar, estreia campanha e apresenta novo posicionamento. Com a assinatura \u201cPequenos Grandes Momentos\u201d, a primeira a\u00e7\u00e3o de comunica\u00e7\u00e3o da marca criada pela DPZ&amp;T celebra acontecimentos marcantes nas vidas das pessoas, especialmente entre m\u00e3es e filhos. \u201cA vida [&hellip;]\" \/>\n<meta property=\"og:url\" content=\"https:\/\/www.cidademarketing.com.br\/marketing\/2018\/11\/13\/fruittella-apresenta-campanha-que-celebra-acontecimentos-marcantes-nas-vidas-das-pessoas\/\" \/>\n<meta property=\"og:site_name\" content=\"CidadeMarketing\" \/>\n<meta property=\"article:publisher\" content=\"https:\/\/www.facebook.com\/portalcidademarketing\" \/>\n<meta property=\"article:author\" content=\"https:\/\/www.facebook.com\/thalesbrandao\" \/>\n<meta property=\"article:published_time\" content=\"2018-11-13T04:08:43+00:00\" \/>\n<meta property=\"og:image\" content=\"https:\/\/www.cidademarketing.com.br\/marketing\/wp-content\/uploads\/2018\/11\/Fruittella_Frame.jpg\" \/>\n\t<meta property=\"og:image:width\" content=\"1920\" \/>\n\t<meta property=\"og:image:height\" content=\"1080\" \/>\n\t<meta property=\"og:image:type\" content=\"image\/jpeg\" \/>\n<meta name=\"author\" content=\"Thales Brand\u00e3o\" \/>\n<meta name=\"twitter:card\" content=\"summary_large_image\" \/>\n<meta name=\"twitter:creator\" content=\"@http:\/\/www.twitter.com\/thalesbrandao\" \/>\n<meta name=\"twitter:site\" content=\"@CidadeMarketing\" \/>\n<meta name=\"twitter:label1\" content=\"Escrito por\" \/>\n\t<meta name=\"twitter:data1\" content=\"Thales Brand\u00e3o\" \/>\n\t<meta name=\"twitter:label2\" content=\"Est. tempo de leitura\" \/>\n\t<meta name=\"twitter:data2\" content=\"3 minutos\" \/>\n<script type=\"application\/ld+json\" class=\"yoast-schema-graph\">{\"@context\":\"https:\\\/\\\/schema.org\",\"@graph\":[{\"@type\":\"Article\",\"@id\":\"https:\\\/\\\/www.cidademarketing.com.br\\\/marketing\\\/2018\\\/11\\\/13\\\/fruittella-apresenta-campanha-que-celebra-acontecimentos-marcantes-nas-vidas-das-pessoas\\\/#article\",\"isPartOf\":{\"@id\":\"https:\\\/\\\/www.cidademarketing.com.br\\\/marketing\\\/2018\\\/11\\\/13\\\/fruittella-apresenta-campanha-que-celebra-acontecimentos-marcantes-nas-vidas-das-pessoas\\\/\"},\"author\":{\"name\":\"Thales Brand\u00e3o\",\"@id\":\"https:\\\/\\\/www.cidademarketing.com.br\\\/marketing\\\/#\\\/schema\\\/person\\\/02daff9f18bd9378c9e01eb6b2db155f\"},\"headline\":\"Fruittella apresenta campanha que celebra acontecimentos marcantes nas vidas das pessoas\",\"datePublished\":\"2018-11-13T04:08:43+00:00\",\"mainEntityOfPage\":{\"@id\":\"https:\\\/\\\/www.cidademarketing.com.br\\\/marketing\\\/2018\\\/11\\\/13\\\/fruittella-apresenta-campanha-que-celebra-acontecimentos-marcantes-nas-vidas-das-pessoas\\\/\"},\"wordCount\":598,\"commentCount\":0,\"publisher\":{\"@id\":\"https:\\\/\\\/www.cidademarketing.com.br\\\/marketing\\\/#organization\"},\"image\":{\"@id\":\"https:\\\/\\\/www.cidademarketing.com.br\\\/marketing\\\/2018\\\/11\\\/13\\\/fruittella-apresenta-campanha-que-celebra-acontecimentos-marcantes-nas-vidas-das-pessoas\\\/#primaryimage\"},\"thumbnailUrl\":\"https:\\\/\\\/www.cidademarketing.com.br\\\/marketing\\\/wp-content\\\/uploads\\\/2018\\\/11\\\/Fruittella_Frame.jpg\",\"keywords\":[\"campanha\",\"Fruittella\",\"marketing\"],\"articleSection\":[\"Not\u00edcias\"],\"inLanguage\":\"pt-BR\",\"potentialAction\":[{\"@type\":\"CommentAction\",\"name\":\"Comment\",\"target\":[\"https:\\\/\\\/www.cidademarketing.com.br\\\/marketing\\\/2018\\\/11\\\/13\\\/fruittella-apresenta-campanha-que-celebra-acontecimentos-marcantes-nas-vidas-das-pessoas\\\/#respond\"]}]},{\"@type\":\"WebPage\",\"@id\":\"https:\\\/\\\/www.cidademarketing.com.br\\\/marketing\\\/2018\\\/11\\\/13\\\/fruittella-apresenta-campanha-que-celebra-acontecimentos-marcantes-nas-vidas-das-pessoas\\\/\",\"url\":\"https:\\\/\\\/www.cidademarketing.com.br\\\/marketing\\\/2018\\\/11\\\/13\\\/fruittella-apresenta-campanha-que-celebra-acontecimentos-marcantes-nas-vidas-das-pessoas\\\/\",\"name\":\"Fruittella apresenta campanha que celebra acontecimentos marcantes nas vidas das pessoas - CidadeMarketing\",\"isPartOf\":{\"@id\":\"https:\\\/\\\/www.cidademarketing.com.br\\\/marketing\\\/#website\"},\"primaryImageOfPage\":{\"@id\":\"https:\\\/\\\/www.cidademarketing.com.br\\\/marketing\\\/2018\\\/11\\\/13\\\/fruittella-apresenta-campanha-que-celebra-acontecimentos-marcantes-nas-vidas-das-pessoas\\\/#primaryimage\"},\"image\":{\"@id\":\"https:\\\/\\\/www.cidademarketing.com.br\\\/marketing\\\/2018\\\/11\\\/13\\\/fruittella-apresenta-campanha-que-celebra-acontecimentos-marcantes-nas-vidas-das-pessoas\\\/#primaryimage\"},\"thumbnailUrl\":\"https:\\\/\\\/www.cidademarketing.com.br\\\/marketing\\\/wp-content\\\/uploads\\\/2018\\\/11\\\/Fruittella_Frame.jpg\",\"datePublished\":\"2018-11-13T04:08:43+00:00\",\"breadcrumb\":{\"@id\":\"https:\\\/\\\/www.cidademarketing.com.br\\\/marketing\\\/2018\\\/11\\\/13\\\/fruittella-apresenta-campanha-que-celebra-acontecimentos-marcantes-nas-vidas-das-pessoas\\\/#breadcrumb\"},\"inLanguage\":\"pt-BR\",\"potentialAction\":[{\"@type\":\"ReadAction\",\"target\":[\"https:\\\/\\\/www.cidademarketing.com.br\\\/marketing\\\/2018\\\/11\\\/13\\\/fruittella-apresenta-campanha-que-celebra-acontecimentos-marcantes-nas-vidas-das-pessoas\\\/\"]}]},{\"@type\":\"ImageObject\",\"inLanguage\":\"pt-BR\",\"@id\":\"https:\\\/\\\/www.cidademarketing.com.br\\\/marketing\\\/2018\\\/11\\\/13\\\/fruittella-apresenta-campanha-que-celebra-acontecimentos-marcantes-nas-vidas-das-pessoas\\\/#primaryimage\",\"url\":\"https:\\\/\\\/www.cidademarketing.com.br\\\/marketing\\\/wp-content\\\/uploads\\\/2018\\\/11\\\/Fruittella_Frame.jpg\",\"contentUrl\":\"https:\\\/\\\/www.cidademarketing.com.br\\\/marketing\\\/wp-content\\\/uploads\\\/2018\\\/11\\\/Fruittella_Frame.jpg\",\"width\":1920,\"height\":1080,\"caption\":\"Reprodu\u00e7\u00e3o\"},{\"@type\":\"BreadcrumbList\",\"@id\":\"https:\\\/\\\/www.cidademarketing.com.br\\\/marketing\\\/2018\\\/11\\\/13\\\/fruittella-apresenta-campanha-que-celebra-acontecimentos-marcantes-nas-vidas-das-pessoas\\\/#breadcrumb\",\"itemListElement\":[{\"@type\":\"ListItem\",\"position\":1,\"name\":\"In\u00edcio\",\"item\":\"https:\\\/\\\/www.cidademarketing.com.br\\\/marketing\\\/\"},{\"@type\":\"ListItem\",\"position\":2,\"name\":\"Fruittella apresenta campanha que celebra acontecimentos marcantes nas vidas das pessoas\"}]},{\"@type\":\"WebSite\",\"@id\":\"https:\\\/\\\/www.cidademarketing.com.br\\\/marketing\\\/#website\",\"url\":\"https:\\\/\\\/www.cidademarketing.com.br\\\/marketing\\\/\",\"name\":\"CidadeMarketing\",\"description\":\"Somos um ve\u00edculo de comunica\u00e7\u00e3o de destaque no Brasil, reconhecido por conte\u00fados nos segmentos de marketing, empreendedorismo e inova\u00e7\u00e3o.\",\"publisher\":{\"@id\":\"https:\\\/\\\/www.cidademarketing.com.br\\\/marketing\\\/#organization\"},\"alternateName\":\"CidadeMarketing\",\"potentialAction\":[{\"@type\":\"SearchAction\",\"target\":{\"@type\":\"EntryPoint\",\"urlTemplate\":\"https:\\\/\\\/www.cidademarketing.com.br\\\/marketing\\\/?s={search_term_string}\"},\"query-input\":{\"@type\":\"PropertyValueSpecification\",\"valueRequired\":true,\"valueName\":\"search_term_string\"}}],\"inLanguage\":\"pt-BR\"},{\"@type\":\"Organization\",\"@id\":\"https:\\\/\\\/www.cidademarketing.com.br\\\/marketing\\\/#organization\",\"name\":\"CidadeMarketing\",\"alternateName\":\"CidadeMarketing\",\"url\":\"https:\\\/\\\/www.cidademarketing.com.br\\\/marketing\\\/\",\"logo\":{\"@type\":\"ImageObject\",\"inLanguage\":\"pt-BR\",\"@id\":\"https:\\\/\\\/www.cidademarketing.com.br\\\/marketing\\\/#\\\/schema\\\/logo\\\/image\\\/\",\"url\":\"https:\\\/\\\/www.cidademarketing.com.br\\\/marketing\\\/wp-content\\\/uploads\\\/2020\\\/01\\\/cidademarketing_marca_mobile.png\",\"contentUrl\":\"https:\\\/\\\/www.cidademarketing.com.br\\\/marketing\\\/wp-content\\\/uploads\\\/2020\\\/01\\\/cidademarketing_marca_mobile.png\",\"width\":230,\"height\":92,\"caption\":\"CidadeMarketing\"},\"image\":{\"@id\":\"https:\\\/\\\/www.cidademarketing.com.br\\\/marketing\\\/#\\\/schema\\\/logo\\\/image\\\/\"},\"sameAs\":[\"https:\\\/\\\/www.facebook.com\\\/portalcidademarketing\",\"https:\\\/\\\/x.com\\\/CidadeMarketing\",\"https:\\\/\\\/www.instagram.com\\\/cidademarketing\\\/\"]},{\"@type\":\"Person\",\"@id\":\"https:\\\/\\\/www.cidademarketing.com.br\\\/marketing\\\/#\\\/schema\\\/person\\\/02daff9f18bd9378c9e01eb6b2db155f\",\"name\":\"Thales Brand\u00e3o\",\"image\":{\"@type\":\"ImageObject\",\"inLanguage\":\"pt-BR\",\"@id\":\"https:\\\/\\\/secure.gravatar.com\\\/avatar\\\/7ca3206950207cc3cb48feec56a8a7898741ab725c368d99d5d7a5a50aab80c6?s=96&d=mm&r=g\",\"url\":\"https:\\\/\\\/secure.gravatar.com\\\/avatar\\\/7ca3206950207cc3cb48feec56a8a7898741ab725c368d99d5d7a5a50aab80c6?s=96&d=mm&r=g\",\"contentUrl\":\"https:\\\/\\\/secure.gravatar.com\\\/avatar\\\/7ca3206950207cc3cb48feec56a8a7898741ab725c368d99d5d7a5a50aab80c6?s=96&d=mm&r=g\",\"caption\":\"Thales Brand\u00e3o\"},\"description\":\"Editor Executivo do Portal CidadeMarketing.com.br &gt; Mestre em Comunica\u00e7\u00e3o e Sociedade pela Universidade Federal de Sergipe. Possui MBA Executivo em Administra\u00e7\u00e3o com \u00eanfase em Marketing pela Funda\u00e7\u00e3o Get\u00falio Vargas - Rio de Janeiro. Consultor, Palestrante e Pesquisador sobre Empreendedorismo, Marketing, Redes Sociais e Neg\u00f3cios Digitais. Professor, Palestrante TedxTalks e Campus Party. Twitter: @ThalesBrandao\",\"sameAs\":[\"http:\\\/\\\/www.mandacaru.com.br\",\"https:\\\/\\\/www.facebook.com\\\/thalesbrandao\",\"http:\\\/\\\/www.instagram.com.br\\\/thalesbrandaoferreira\",\"https:\\\/\\\/www.linkedin.com\\\/in\\\/thales-brand\u00e3o-3948609\\\/\",\"https:\\\/\\\/x.com\\\/http:\\\/\\\/www.twitter.com\\\/thalesbrandao\"],\"url\":\"https:\\\/\\\/www.cidademarketing.com.br\\\/marketing\\\/author\\\/thalesbrandao\\\/\"}]}<\/script>\n<!-- \/ Yoast SEO plugin. -->","yoast_head_json":{"title":"Fruittella apresenta campanha que celebra acontecimentos marcantes nas vidas das pessoas - CidadeMarketing","robots":{"index":"index","follow":"follow","max-snippet":"max-snippet:-1","max-image-preview":"max-image-preview:large","max-video-preview":"max-video-preview:-1"},"canonical":"https:\/\/www.cidademarketing.com.br\/marketing\/2018\/11\/13\/fruittella-apresenta-campanha-que-celebra-acontecimentos-marcantes-nas-vidas-das-pessoas\/","og_locale":"pt_BR","og_type":"article","og_title":"Fruittella apresenta campanha que celebra acontecimentos marcantes nas vidas das pessoas - CidadeMarketing","og_description":"A Fruittella, marca da Perfetti Van Melle, uma das l\u00edderes globais do mercado de doces e gomas de mascar, estreia campanha e apresenta novo posicionamento. Com a assinatura \u201cPequenos Grandes Momentos\u201d, a primeira a\u00e7\u00e3o de comunica\u00e7\u00e3o da marca criada pela DPZ&amp;T celebra acontecimentos marcantes nas vidas das pessoas, especialmente entre m\u00e3es e filhos. \u201cA vida [&hellip;]","og_url":"https:\/\/www.cidademarketing.com.br\/marketing\/2018\/11\/13\/fruittella-apresenta-campanha-que-celebra-acontecimentos-marcantes-nas-vidas-das-pessoas\/","og_site_name":"CidadeMarketing","article_publisher":"https:\/\/www.facebook.com\/portalcidademarketing","article_author":"https:\/\/www.facebook.com\/thalesbrandao","article_published_time":"2018-11-13T04:08:43+00:00","og_image":[{"width":1920,"height":1080,"url":"https:\/\/www.cidademarketing.com.br\/marketing\/wp-content\/uploads\/2018\/11\/Fruittella_Frame.jpg","type":"image\/jpeg"}],"author":"Thales Brand\u00e3o","twitter_card":"summary_large_image","twitter_creator":"@http:\/\/www.twitter.com\/thalesbrandao","twitter_site":"@CidadeMarketing","twitter_misc":{"Escrito por":"Thales Brand\u00e3o","Est. tempo de leitura":"3 minutos"},"schema":{"@context":"https:\/\/schema.org","@graph":[{"@type":"Article","@id":"https:\/\/www.cidademarketing.com.br\/marketing\/2018\/11\/13\/fruittella-apresenta-campanha-que-celebra-acontecimentos-marcantes-nas-vidas-das-pessoas\/#article","isPartOf":{"@id":"https:\/\/www.cidademarketing.com.br\/marketing\/2018\/11\/13\/fruittella-apresenta-campanha-que-celebra-acontecimentos-marcantes-nas-vidas-das-pessoas\/"},"author":{"name":"Thales Brand\u00e3o","@id":"https:\/\/www.cidademarketing.com.br\/marketing\/#\/schema\/person\/02daff9f18bd9378c9e01eb6b2db155f"},"headline":"Fruittella apresenta campanha que celebra acontecimentos marcantes nas vidas das pessoas","datePublished":"2018-11-13T04:08:43+00:00","mainEntityOfPage":{"@id":"https:\/\/www.cidademarketing.com.br\/marketing\/2018\/11\/13\/fruittella-apresenta-campanha-que-celebra-acontecimentos-marcantes-nas-vidas-das-pessoas\/"},"wordCount":598,"commentCount":0,"publisher":{"@id":"https:\/\/www.cidademarketing.com.br\/marketing\/#organization"},"image":{"@id":"https:\/\/www.cidademarketing.com.br\/marketing\/2018\/11\/13\/fruittella-apresenta-campanha-que-celebra-acontecimentos-marcantes-nas-vidas-das-pessoas\/#primaryimage"},"thumbnailUrl":"https:\/\/www.cidademarketing.com.br\/marketing\/wp-content\/uploads\/2018\/11\/Fruittella_Frame.jpg","keywords":["campanha","Fruittella","marketing"],"articleSection":["Not\u00edcias"],"inLanguage":"pt-BR","potentialAction":[{"@type":"CommentAction","name":"Comment","target":["https:\/\/www.cidademarketing.com.br\/marketing\/2018\/11\/13\/fruittella-apresenta-campanha-que-celebra-acontecimentos-marcantes-nas-vidas-das-pessoas\/#respond"]}]},{"@type":"WebPage","@id":"https:\/\/www.cidademarketing.com.br\/marketing\/2018\/11\/13\/fruittella-apresenta-campanha-que-celebra-acontecimentos-marcantes-nas-vidas-das-pessoas\/","url":"https:\/\/www.cidademarketing.com.br\/marketing\/2018\/11\/13\/fruittella-apresenta-campanha-que-celebra-acontecimentos-marcantes-nas-vidas-das-pessoas\/","name":"Fruittella apresenta campanha que celebra acontecimentos marcantes nas vidas das pessoas - CidadeMarketing","isPartOf":{"@id":"https:\/\/www.cidademarketing.com.br\/marketing\/#website"},"primaryImageOfPage":{"@id":"https:\/\/www.cidademarketing.com.br\/marketing\/2018\/11\/13\/fruittella-apresenta-campanha-que-celebra-acontecimentos-marcantes-nas-vidas-das-pessoas\/#primaryimage"},"image":{"@id":"https:\/\/www.cidademarketing.com.br\/marketing\/2018\/11\/13\/fruittella-apresenta-campanha-que-celebra-acontecimentos-marcantes-nas-vidas-das-pessoas\/#primaryimage"},"thumbnailUrl":"https:\/\/www.cidademarketing.com.br\/marketing\/wp-content\/uploads\/2018\/11\/Fruittella_Frame.jpg","datePublished":"2018-11-13T04:08:43+00:00","breadcrumb":{"@id":"https:\/\/www.cidademarketing.com.br\/marketing\/2018\/11\/13\/fruittella-apresenta-campanha-que-celebra-acontecimentos-marcantes-nas-vidas-das-pessoas\/#breadcrumb"},"inLanguage":"pt-BR","potentialAction":[{"@type":"ReadAction","target":["https:\/\/www.cidademarketing.com.br\/marketing\/2018\/11\/13\/fruittella-apresenta-campanha-que-celebra-acontecimentos-marcantes-nas-vidas-das-pessoas\/"]}]},{"@type":"ImageObject","inLanguage":"pt-BR","@id":"https:\/\/www.cidademarketing.com.br\/marketing\/2018\/11\/13\/fruittella-apresenta-campanha-que-celebra-acontecimentos-marcantes-nas-vidas-das-pessoas\/#primaryimage","url":"https:\/\/www.cidademarketing.com.br\/marketing\/wp-content\/uploads\/2018\/11\/Fruittella_Frame.jpg","contentUrl":"https:\/\/www.cidademarketing.com.br\/marketing\/wp-content\/uploads\/2018\/11\/Fruittella_Frame.jpg","width":1920,"height":1080,"caption":"Reprodu\u00e7\u00e3o"},{"@type":"BreadcrumbList","@id":"https:\/\/www.cidademarketing.com.br\/marketing\/2018\/11\/13\/fruittella-apresenta-campanha-que-celebra-acontecimentos-marcantes-nas-vidas-das-pessoas\/#breadcrumb","itemListElement":[{"@type":"ListItem","position":1,"name":"In\u00edcio","item":"https:\/\/www.cidademarketing.com.br\/marketing\/"},{"@type":"ListItem","position":2,"name":"Fruittella apresenta campanha que celebra acontecimentos marcantes nas vidas das pessoas"}]},{"@type":"WebSite","@id":"https:\/\/www.cidademarketing.com.br\/marketing\/#website","url":"https:\/\/www.cidademarketing.com.br\/marketing\/","name":"CidadeMarketing","description":"Somos um ve\u00edculo de comunica\u00e7\u00e3o de destaque no Brasil, reconhecido por conte\u00fados nos segmentos de marketing, empreendedorismo e inova\u00e7\u00e3o.","publisher":{"@id":"https:\/\/www.cidademarketing.com.br\/marketing\/#organization"},"alternateName":"CidadeMarketing","potentialAction":[{"@type":"SearchAction","target":{"@type":"EntryPoint","urlTemplate":"https:\/\/www.cidademarketing.com.br\/marketing\/?s={search_term_string}"},"query-input":{"@type":"PropertyValueSpecification","valueRequired":true,"valueName":"search_term_string"}}],"inLanguage":"pt-BR"},{"@type":"Organization","@id":"https:\/\/www.cidademarketing.com.br\/marketing\/#organization","name":"CidadeMarketing","alternateName":"CidadeMarketing","url":"https:\/\/www.cidademarketing.com.br\/marketing\/","logo":{"@type":"ImageObject","inLanguage":"pt-BR","@id":"https:\/\/www.cidademarketing.com.br\/marketing\/#\/schema\/logo\/image\/","url":"https:\/\/www.cidademarketing.com.br\/marketing\/wp-content\/uploads\/2020\/01\/cidademarketing_marca_mobile.png","contentUrl":"https:\/\/www.cidademarketing.com.br\/marketing\/wp-content\/uploads\/2020\/01\/cidademarketing_marca_mobile.png","width":230,"height":92,"caption":"CidadeMarketing"},"image":{"@id":"https:\/\/www.cidademarketing.com.br\/marketing\/#\/schema\/logo\/image\/"},"sameAs":["https:\/\/www.facebook.com\/portalcidademarketing","https:\/\/x.com\/CidadeMarketing","https:\/\/www.instagram.com\/cidademarketing\/"]},{"@type":"Person","@id":"https:\/\/www.cidademarketing.com.br\/marketing\/#\/schema\/person\/02daff9f18bd9378c9e01eb6b2db155f","name":"Thales Brand\u00e3o","image":{"@type":"ImageObject","inLanguage":"pt-BR","@id":"https:\/\/secure.gravatar.com\/avatar\/7ca3206950207cc3cb48feec56a8a7898741ab725c368d99d5d7a5a50aab80c6?s=96&d=mm&r=g","url":"https:\/\/secure.gravatar.com\/avatar\/7ca3206950207cc3cb48feec56a8a7898741ab725c368d99d5d7a5a50aab80c6?s=96&d=mm&r=g","contentUrl":"https:\/\/secure.gravatar.com\/avatar\/7ca3206950207cc3cb48feec56a8a7898741ab725c368d99d5d7a5a50aab80c6?s=96&d=mm&r=g","caption":"Thales Brand\u00e3o"},"description":"Editor Executivo do Portal CidadeMarketing.com.br &gt; Mestre em Comunica\u00e7\u00e3o e Sociedade pela Universidade Federal de Sergipe. Possui MBA Executivo em Administra\u00e7\u00e3o com \u00eanfase em Marketing pela Funda\u00e7\u00e3o Get\u00falio Vargas - Rio de Janeiro. Consultor, Palestrante e Pesquisador sobre Empreendedorismo, Marketing, Redes Sociais e Neg\u00f3cios Digitais. Professor, Palestrante TedxTalks e Campus Party. Twitter: @ThalesBrandao","sameAs":["http:\/\/www.mandacaru.com.br","https:\/\/www.facebook.com\/thalesbrandao","http:\/\/www.instagram.com.br\/thalesbrandaoferreira","https:\/\/www.linkedin.com\/in\/thales-brand\u00e3o-3948609\/","https:\/\/x.com\/http:\/\/www.twitter.com\/thalesbrandao"],"url":"https:\/\/www.cidademarketing.com.br\/marketing\/author\/thalesbrandao\/"}]}},"amp_enabled":true,"_links":{"self":[{"href":"https:\/\/www.cidademarketing.com.br\/marketing\/wp-json\/wp\/v2\/posts\/2993","targetHints":{"allow":["GET"]}}],"collection":[{"href":"https:\/\/www.cidademarketing.com.br\/marketing\/wp-json\/wp\/v2\/posts"}],"about":[{"href":"https:\/\/www.cidademarketing.com.br\/marketing\/wp-json\/wp\/v2\/types\/post"}],"author":[{"embeddable":true,"href":"https:\/\/www.cidademarketing.com.br\/marketing\/wp-json\/wp\/v2\/users\/1"}],"replies":[{"embeddable":true,"href":"https:\/\/www.cidademarketing.com.br\/marketing\/wp-json\/wp\/v2\/comments?post=2993"}],"version-history":[{"count":1,"href":"https:\/\/www.cidademarketing.com.br\/marketing\/wp-json\/wp\/v2\/posts\/2993\/revisions"}],"predecessor-version":[{"id":2995,"href":"https:\/\/www.cidademarketing.com.br\/marketing\/wp-json\/wp\/v2\/posts\/2993\/revisions\/2995"}],"wp:featuredmedia":[{"embeddable":true,"href":"https:\/\/www.cidademarketing.com.br\/marketing\/wp-json\/wp\/v2\/media\/2994"}],"wp:attachment":[{"href":"https:\/\/www.cidademarketing.com.br\/marketing\/wp-json\/wp\/v2\/media?parent=2993"}],"wp:term":[{"taxonomy":"category","embeddable":true,"href":"https:\/\/www.cidademarketing.com.br\/marketing\/wp-json\/wp\/v2\/categories?post=2993"},{"taxonomy":"post_tag","embeddable":true,"href":"https:\/\/www.cidademarketing.com.br\/marketing\/wp-json\/wp\/v2\/tags?post=2993"}],"curies":[{"name":"wp","href":"https:\/\/api.w.org\/{rel}","templated":true}]}}