{"id":2986,"date":"2018-11-13T00:59:53","date_gmt":"2018-11-13T02:59:53","guid":{"rendered":"http:\/\/www.cidademarketing.com.br\/marketing\/?p=2986"},"modified":"2018-11-13T00:59:53","modified_gmt":"2018-11-13T02:59:53","slug":"com-juarez-da-tekpix-buscape-lanca-campanha-de-black-friday","status":"publish","type":"post","link":"https:\/\/www.cidademarketing.com.br\/marketing\/2018\/11\/13\/com-juarez-da-tekpix-buscape-lanca-campanha-de-black-friday\/","title":{"rendered":"Com Juarez da Tekpix, Buscap\u00e9 lan\u00e7a campanha de Black Friday"},"content":{"rendered":"<p>Campanha, que contar\u00e1 tamb\u00e9m com a garota-propaganda Dani Calabresa, tem como mote mostrar que toda a Black Friday est\u00e1 no Buscap\u00e9<br \/>\n&#8220;Vamos falar de coisa boa, vamos falar de&#8230;Buscap\u00e9&#8221;. Para a campanha de Black Friday, principal data do ano, o l\u00edder em compara\u00e7\u00e3o de pre\u00e7os do Brasil contar\u00e1, com o &#8220;Juarez da Tekpix&#8221;, o garoto-propaganda que ficou mais de 12 anos no ar anunciando o famos\u00edssimo dispositivo multifun\u00e7\u00f5es e rendeu, com seus bord\u00f5es, alguns dos primeiros memes da internet brasileira. A a\u00e7\u00e3o \u00e9 assinada pela Jotacom.<\/p>\n<p>Juarez da Tekpik, como ficou conhecido Juarez Aparecido Pontes Fernandes, ser\u00e1 um dos destaques da campanha de digital do Buscap\u00e9, que contar\u00e1 tamb\u00e9m com a garota-propaganda Dani Calabresa. O objetivo da a\u00e7\u00e3o, que contar\u00e1 com dois filmes, \u00e9 mostrar que toda a Black Friday est\u00e1 no Buscap\u00e9. &#8220;O Buscap\u00e9 re\u00fane os principais varejistas, portanto concentrar\u00e1 os melhores descontos. O Buscap\u00e9 \u00e9 o ponto de encontro do consumidor durante a Black Friday&#8221;, disse Fernando Lug\u00f3, head de marketing do Buscap\u00e9.<\/p>\n<p>O conceito dos filmes, explica Lug\u00f3, \u00e9 sanar dois grandes problemas para o consumidor na Black Friday. &#8220;Existem muitas ofertas em muitas lojas e a desconfian\u00e7a se o desconto \u00e9 real. Neste sentido, atacamos posicionando o Buscap\u00e9 como um servi\u00e7o que agrega tudo no mesmo lugar, para que o consumidor aproveite sem stress, e com hist\u00f3rico de pre\u00e7os para ter certeza se a oferta \u00e9 real&#8221;, afirma.<\/p>\n<p>Assista aos v\u00eddeos com Dani Calabresa e Juarez da Tekpix:<\/p>\n<div class=\"youtube-embed\" data-video_id=\"QMBCuVCYq5E\"><iframe title=\"Black Friday Buscap\u00e9: Todos os descontos est\u00e3o aqui!\" width=\"640\" height=\"360\" src=\"https:\/\/www.youtube.com\/embed\/QMBCuVCYq5E?feature=oembed&#038;enablejsapi=1\" frameborder=\"0\" allow=\"accelerometer; autoplay; clipboard-write; encrypted-media; gyroscope; picture-in-picture; web-share\" referrerpolicy=\"strict-origin-when-cross-origin\" allowfullscreen><\/iframe><\/div>\n<div class=\"youtube-embed\" data-video_id=\"yU5HZb3wCms\"><iframe title=\"Black Friday Buscap\u00e9: Todos os descontos est\u00e3o aqui!\" width=\"640\" height=\"360\" src=\"https:\/\/www.youtube.com\/embed\/yU5HZb3wCms?feature=oembed&#038;enablejsapi=1\" frameborder=\"0\" allow=\"accelerometer; autoplay; clipboard-write; encrypted-media; gyroscope; picture-in-picture; web-share\" referrerpolicy=\"strict-origin-when-cross-origin\" allowfullscreen><\/iframe><\/div>\n<p>&nbsp;<\/p>\n<p>Ficha t\u00e9cnica<\/p>\n<p>Ag\u00eancia: Jotacom \u2013 The Cross Performance Agency<br \/>\nAnunciante: Buscap\u00e9 Company<br \/>\nT\u00edtulo: Black Friday 2018<br \/>\nCEO: Jurgis Figueiredo<br \/>\nVP de Cria\u00e7\u00e3o: F\u00e1bio Mello<br \/>\nVP de Estrat\u00e9gia Digital: Jo\u00e3o Passarinho Netto<br \/>\nDiretor de Contas: Mauricio Fernandes<br \/>\nDiretor Associado de Social Business: Gustavo Teles<br \/>\nAtendimento: Ana Rodrigues<br \/>\nHead de Cria\u00e7\u00e3o: Franz Ustariz<br \/>\nCria\u00e7\u00e3o: Aline Strobelt, Heitor Gaspar e Priscila da Cunha.<br \/>\nRedatora: Raissa Palamarczuk, Camila Paulos<br \/>\nM\u00eddia: Gabriela Siqueira, Guilherme Monteagudo e Rodrigo Froldi<br \/>\nCoordenador Social Engagement Media: Flavio Pereira<br \/>\nContent Manager: Brunno Maceno<br \/>\nSocial Data Intelligence: M\u00f4nica Du\u00f3<br \/>\nProdutora: Bros-co<br \/>\nAprova\u00e7\u00e3o do Cliente: Sandoval Martins, Fernando Lug\u00f3, Gustavo Costa e Isabella Abati<\/p>\n","protected":false},"excerpt":{"rendered":"<p>Campanha, que contar\u00e1 tamb\u00e9m com a garota-propaganda Dani Calabresa, tem como mote mostrar que toda a Black Friday est\u00e1 no Buscap\u00e9 &#8220;Vamos falar de coisa boa, vamos falar de&#8230;Buscap\u00e9&#8221;. Para a campanha de Black Friday, principal data do ano, o l\u00edder em compara\u00e7\u00e3o de pre\u00e7os do Brasil contar\u00e1, com o &#8220;Juarez da Tekpix&#8221;, o garoto-propaganda [&hellip;]<\/p>\n","protected":false},"author":1,"featured_media":2987,"comment_status":"open","ping_status":"open","sticky":false,"template":"","format":"video","meta":{"tdm_status":"","tdm_grid_status":"","footnotes":""},"categories":[14],"tags":[591,660,65,28],"class_list":["post-2986","post","type-post","status-publish","format-video","has-post-thumbnail","hentry","category-videos","tag-black-friday","tag-buscape","tag-campanha","tag-marketing","post_format-post-format-video"],"yoast_head":"<!-- This site is optimized with the Yoast SEO plugin v27.5 - https:\/\/yoast.com\/product\/yoast-seo-wordpress\/ -->\n<title>Com Juarez da Tekpix, Buscap\u00e9 lan\u00e7a campanha de Black Friday - CidadeMarketing<\/title>\n<meta name=\"robots\" content=\"index, follow, max-snippet:-1, max-image-preview:large, max-video-preview:-1\" \/>\n<link rel=\"canonical\" href=\"https:\/\/www.cidademarketing.com.br\/marketing\/2018\/11\/13\/com-juarez-da-tekpix-buscape-lanca-campanha-de-black-friday\/\" \/>\n<meta property=\"og:locale\" content=\"pt_BR\" \/>\n<meta property=\"og:type\" content=\"article\" \/>\n<meta property=\"og:title\" content=\"Com Juarez da Tekpix, Buscap\u00e9 lan\u00e7a campanha de Black Friday - CidadeMarketing\" \/>\n<meta property=\"og:description\" content=\"Campanha, que contar\u00e1 tamb\u00e9m com a garota-propaganda Dani Calabresa, tem como mote mostrar que toda a Black Friday est\u00e1 no Buscap\u00e9 &#8220;Vamos falar de coisa boa, vamos falar de&#8230;Buscap\u00e9&#8221;. Para a campanha de Black Friday, principal data do ano, o l\u00edder em compara\u00e7\u00e3o de pre\u00e7os do Brasil contar\u00e1, com o &#8220;Juarez da Tekpix&#8221;, o garoto-propaganda [&hellip;]\" \/>\n<meta property=\"og:url\" content=\"https:\/\/www.cidademarketing.com.br\/marketing\/2018\/11\/13\/com-juarez-da-tekpix-buscape-lanca-campanha-de-black-friday\/\" \/>\n<meta property=\"og:site_name\" content=\"CidadeMarketing\" \/>\n<meta property=\"article:publisher\" content=\"https:\/\/www.facebook.com\/portalcidademarketing\" \/>\n<meta property=\"article:author\" content=\"https:\/\/www.facebook.com\/thalesbrandao\" \/>\n<meta property=\"article:published_time\" content=\"2018-11-13T02:59:53+00:00\" \/>\n<meta property=\"og:image\" content=\"https:\/\/www.cidademarketing.com.br\/marketing\/wp-content\/uploads\/2018\/11\/buscape_blackfriday.jpg\" \/>\n\t<meta property=\"og:image:width\" content=\"1172\" \/>\n\t<meta property=\"og:image:height\" content=\"531\" \/>\n\t<meta property=\"og:image:type\" content=\"image\/jpeg\" \/>\n<meta name=\"author\" content=\"Thales Brand\u00e3o\" \/>\n<meta name=\"twitter:card\" content=\"summary_large_image\" \/>\n<meta name=\"twitter:creator\" content=\"@http:\/\/www.twitter.com\/thalesbrandao\" \/>\n<meta name=\"twitter:site\" content=\"@CidadeMarketing\" \/>\n<meta name=\"twitter:label1\" content=\"Escrito por\" \/>\n\t<meta name=\"twitter:data1\" content=\"Thales Brand\u00e3o\" \/>\n\t<meta name=\"twitter:label2\" content=\"Est. tempo de leitura\" \/>\n\t<meta name=\"twitter:data2\" content=\"2 minutos\" \/>\n<script type=\"application\/ld+json\" class=\"yoast-schema-graph\">{\"@context\":\"https:\\\/\\\/schema.org\",\"@graph\":[{\"@type\":\"Article\",\"@id\":\"https:\\\/\\\/www.cidademarketing.com.br\\\/marketing\\\/2018\\\/11\\\/13\\\/com-juarez-da-tekpix-buscape-lanca-campanha-de-black-friday\\\/#article\",\"isPartOf\":{\"@id\":\"https:\\\/\\\/www.cidademarketing.com.br\\\/marketing\\\/2018\\\/11\\\/13\\\/com-juarez-da-tekpix-buscape-lanca-campanha-de-black-friday\\\/\"},\"author\":{\"name\":\"Thales Brand\u00e3o\",\"@id\":\"https:\\\/\\\/www.cidademarketing.com.br\\\/marketing\\\/#\\\/schema\\\/person\\\/02daff9f18bd9378c9e01eb6b2db155f\"},\"headline\":\"Com Juarez da Tekpix, Buscap\u00e9 lan\u00e7a campanha de Black Friday\",\"datePublished\":\"2018-11-13T02:59:53+00:00\",\"mainEntityOfPage\":{\"@id\":\"https:\\\/\\\/www.cidademarketing.com.br\\\/marketing\\\/2018\\\/11\\\/13\\\/com-juarez-da-tekpix-buscape-lanca-campanha-de-black-friday\\\/\"},\"wordCount\":397,\"commentCount\":0,\"publisher\":{\"@id\":\"https:\\\/\\\/www.cidademarketing.com.br\\\/marketing\\\/#organization\"},\"image\":{\"@id\":\"https:\\\/\\\/www.cidademarketing.com.br\\\/marketing\\\/2018\\\/11\\\/13\\\/com-juarez-da-tekpix-buscape-lanca-campanha-de-black-friday\\\/#primaryimage\"},\"thumbnailUrl\":\"https:\\\/\\\/www.cidademarketing.com.br\\\/marketing\\\/wp-content\\\/uploads\\\/2018\\\/11\\\/buscape_blackfriday.jpg\",\"keywords\":[\"Black Friday\",\"Buscap\u00e9\",\"campanha\",\"marketing\"],\"articleSection\":[\"Videos\"],\"inLanguage\":\"pt-BR\",\"potentialAction\":[{\"@type\":\"CommentAction\",\"name\":\"Comment\",\"target\":[\"https:\\\/\\\/www.cidademarketing.com.br\\\/marketing\\\/2018\\\/11\\\/13\\\/com-juarez-da-tekpix-buscape-lanca-campanha-de-black-friday\\\/#respond\"]}]},{\"@type\":\"WebPage\",\"@id\":\"https:\\\/\\\/www.cidademarketing.com.br\\\/marketing\\\/2018\\\/11\\\/13\\\/com-juarez-da-tekpix-buscape-lanca-campanha-de-black-friday\\\/\",\"url\":\"https:\\\/\\\/www.cidademarketing.com.br\\\/marketing\\\/2018\\\/11\\\/13\\\/com-juarez-da-tekpix-buscape-lanca-campanha-de-black-friday\\\/\",\"name\":\"Com Juarez da Tekpix, Buscap\u00e9 lan\u00e7a campanha de Black Friday - CidadeMarketing\",\"isPartOf\":{\"@id\":\"https:\\\/\\\/www.cidademarketing.com.br\\\/marketing\\\/#website\"},\"primaryImageOfPage\":{\"@id\":\"https:\\\/\\\/www.cidademarketing.com.br\\\/marketing\\\/2018\\\/11\\\/13\\\/com-juarez-da-tekpix-buscape-lanca-campanha-de-black-friday\\\/#primaryimage\"},\"image\":{\"@id\":\"https:\\\/\\\/www.cidademarketing.com.br\\\/marketing\\\/2018\\\/11\\\/13\\\/com-juarez-da-tekpix-buscape-lanca-campanha-de-black-friday\\\/#primaryimage\"},\"thumbnailUrl\":\"https:\\\/\\\/www.cidademarketing.com.br\\\/marketing\\\/wp-content\\\/uploads\\\/2018\\\/11\\\/buscape_blackfriday.jpg\",\"datePublished\":\"2018-11-13T02:59:53+00:00\",\"breadcrumb\":{\"@id\":\"https:\\\/\\\/www.cidademarketing.com.br\\\/marketing\\\/2018\\\/11\\\/13\\\/com-juarez-da-tekpix-buscape-lanca-campanha-de-black-friday\\\/#breadcrumb\"},\"inLanguage\":\"pt-BR\",\"potentialAction\":[{\"@type\":\"ReadAction\",\"target\":[\"https:\\\/\\\/www.cidademarketing.com.br\\\/marketing\\\/2018\\\/11\\\/13\\\/com-juarez-da-tekpix-buscape-lanca-campanha-de-black-friday\\\/\"]}]},{\"@type\":\"ImageObject\",\"inLanguage\":\"pt-BR\",\"@id\":\"https:\\\/\\\/www.cidademarketing.com.br\\\/marketing\\\/2018\\\/11\\\/13\\\/com-juarez-da-tekpix-buscape-lanca-campanha-de-black-friday\\\/#primaryimage\",\"url\":\"https:\\\/\\\/www.cidademarketing.com.br\\\/marketing\\\/wp-content\\\/uploads\\\/2018\\\/11\\\/buscape_blackfriday.jpg\",\"contentUrl\":\"https:\\\/\\\/www.cidademarketing.com.br\\\/marketing\\\/wp-content\\\/uploads\\\/2018\\\/11\\\/buscape_blackfriday.jpg\",\"width\":1172,\"height\":531,\"caption\":\"Reprodu\u00e7\u00e3o\"},{\"@type\":\"BreadcrumbList\",\"@id\":\"https:\\\/\\\/www.cidademarketing.com.br\\\/marketing\\\/2018\\\/11\\\/13\\\/com-juarez-da-tekpix-buscape-lanca-campanha-de-black-friday\\\/#breadcrumb\",\"itemListElement\":[{\"@type\":\"ListItem\",\"position\":1,\"name\":\"In\u00edcio\",\"item\":\"https:\\\/\\\/www.cidademarketing.com.br\\\/marketing\\\/\"},{\"@type\":\"ListItem\",\"position\":2,\"name\":\"Com Juarez da Tekpix, Buscap\u00e9 lan\u00e7a campanha de Black Friday\"}]},{\"@type\":\"WebSite\",\"@id\":\"https:\\\/\\\/www.cidademarketing.com.br\\\/marketing\\\/#website\",\"url\":\"https:\\\/\\\/www.cidademarketing.com.br\\\/marketing\\\/\",\"name\":\"CidadeMarketing\",\"description\":\"Somos um ve\u00edculo de comunica\u00e7\u00e3o de destaque no Brasil, reconhecido por conte\u00fados nos segmentos de marketing, empreendedorismo e inova\u00e7\u00e3o.\",\"publisher\":{\"@id\":\"https:\\\/\\\/www.cidademarketing.com.br\\\/marketing\\\/#organization\"},\"alternateName\":\"CidadeMarketing\",\"potentialAction\":[{\"@type\":\"SearchAction\",\"target\":{\"@type\":\"EntryPoint\",\"urlTemplate\":\"https:\\\/\\\/www.cidademarketing.com.br\\\/marketing\\\/?s={search_term_string}\"},\"query-input\":{\"@type\":\"PropertyValueSpecification\",\"valueRequired\":true,\"valueName\":\"search_term_string\"}}],\"inLanguage\":\"pt-BR\"},{\"@type\":\"Organization\",\"@id\":\"https:\\\/\\\/www.cidademarketing.com.br\\\/marketing\\\/#organization\",\"name\":\"CidadeMarketing\",\"alternateName\":\"CidadeMarketing\",\"url\":\"https:\\\/\\\/www.cidademarketing.com.br\\\/marketing\\\/\",\"logo\":{\"@type\":\"ImageObject\",\"inLanguage\":\"pt-BR\",\"@id\":\"https:\\\/\\\/www.cidademarketing.com.br\\\/marketing\\\/#\\\/schema\\\/logo\\\/image\\\/\",\"url\":\"https:\\\/\\\/www.cidademarketing.com.br\\\/marketing\\\/wp-content\\\/uploads\\\/2020\\\/01\\\/cidademarketing_marca_mobile.png\",\"contentUrl\":\"https:\\\/\\\/www.cidademarketing.com.br\\\/marketing\\\/wp-content\\\/uploads\\\/2020\\\/01\\\/cidademarketing_marca_mobile.png\",\"width\":230,\"height\":92,\"caption\":\"CidadeMarketing\"},\"image\":{\"@id\":\"https:\\\/\\\/www.cidademarketing.com.br\\\/marketing\\\/#\\\/schema\\\/logo\\\/image\\\/\"},\"sameAs\":[\"https:\\\/\\\/www.facebook.com\\\/portalcidademarketing\",\"https:\\\/\\\/x.com\\\/CidadeMarketing\",\"https:\\\/\\\/www.instagram.com\\\/cidademarketing\\\/\"]},{\"@type\":\"Person\",\"@id\":\"https:\\\/\\\/www.cidademarketing.com.br\\\/marketing\\\/#\\\/schema\\\/person\\\/02daff9f18bd9378c9e01eb6b2db155f\",\"name\":\"Thales Brand\u00e3o\",\"image\":{\"@type\":\"ImageObject\",\"inLanguage\":\"pt-BR\",\"@id\":\"https:\\\/\\\/secure.gravatar.com\\\/avatar\\\/7ca3206950207cc3cb48feec56a8a7898741ab725c368d99d5d7a5a50aab80c6?s=96&d=mm&r=g\",\"url\":\"https:\\\/\\\/secure.gravatar.com\\\/avatar\\\/7ca3206950207cc3cb48feec56a8a7898741ab725c368d99d5d7a5a50aab80c6?s=96&d=mm&r=g\",\"contentUrl\":\"https:\\\/\\\/secure.gravatar.com\\\/avatar\\\/7ca3206950207cc3cb48feec56a8a7898741ab725c368d99d5d7a5a50aab80c6?s=96&d=mm&r=g\",\"caption\":\"Thales Brand\u00e3o\"},\"description\":\"Editor Executivo do Portal CidadeMarketing.com.br &gt; Mestre em Comunica\u00e7\u00e3o e Sociedade pela Universidade Federal de Sergipe. Possui MBA Executivo em Administra\u00e7\u00e3o com \u00eanfase em Marketing pela Funda\u00e7\u00e3o Get\u00falio Vargas - Rio de Janeiro. Consultor, Palestrante e Pesquisador sobre Empreendedorismo, Marketing, Redes Sociais e Neg\u00f3cios Digitais. Professor, Palestrante TedxTalks e Campus Party. Twitter: @ThalesBrandao\",\"sameAs\":[\"http:\\\/\\\/www.mandacaru.com.br\",\"https:\\\/\\\/www.facebook.com\\\/thalesbrandao\",\"http:\\\/\\\/www.instagram.com.br\\\/thalesbrandaoferreira\",\"https:\\\/\\\/www.linkedin.com\\\/in\\\/thales-brand\u00e3o-3948609\\\/\",\"https:\\\/\\\/x.com\\\/http:\\\/\\\/www.twitter.com\\\/thalesbrandao\"],\"url\":\"https:\\\/\\\/www.cidademarketing.com.br\\\/marketing\\\/author\\\/thalesbrandao\\\/\"}]}<\/script>\n<!-- \/ Yoast SEO plugin. -->","yoast_head_json":{"title":"Com Juarez da Tekpix, Buscap\u00e9 lan\u00e7a campanha de Black Friday - CidadeMarketing","robots":{"index":"index","follow":"follow","max-snippet":"max-snippet:-1","max-image-preview":"max-image-preview:large","max-video-preview":"max-video-preview:-1"},"canonical":"https:\/\/www.cidademarketing.com.br\/marketing\/2018\/11\/13\/com-juarez-da-tekpix-buscape-lanca-campanha-de-black-friday\/","og_locale":"pt_BR","og_type":"article","og_title":"Com Juarez da Tekpix, Buscap\u00e9 lan\u00e7a campanha de Black Friday - CidadeMarketing","og_description":"Campanha, que contar\u00e1 tamb\u00e9m com a garota-propaganda Dani Calabresa, tem como mote mostrar que toda a Black Friday est\u00e1 no Buscap\u00e9 &#8220;Vamos falar de coisa boa, vamos falar de&#8230;Buscap\u00e9&#8221;. Para a campanha de Black Friday, principal data do ano, o l\u00edder em compara\u00e7\u00e3o de pre\u00e7os do Brasil contar\u00e1, com o &#8220;Juarez da Tekpix&#8221;, o garoto-propaganda [&hellip;]","og_url":"https:\/\/www.cidademarketing.com.br\/marketing\/2018\/11\/13\/com-juarez-da-tekpix-buscape-lanca-campanha-de-black-friday\/","og_site_name":"CidadeMarketing","article_publisher":"https:\/\/www.facebook.com\/portalcidademarketing","article_author":"https:\/\/www.facebook.com\/thalesbrandao","article_published_time":"2018-11-13T02:59:53+00:00","og_image":[{"width":1172,"height":531,"url":"https:\/\/www.cidademarketing.com.br\/marketing\/wp-content\/uploads\/2018\/11\/buscape_blackfriday.jpg","type":"image\/jpeg"}],"author":"Thales Brand\u00e3o","twitter_card":"summary_large_image","twitter_creator":"@http:\/\/www.twitter.com\/thalesbrandao","twitter_site":"@CidadeMarketing","twitter_misc":{"Escrito por":"Thales Brand\u00e3o","Est. tempo de leitura":"2 minutos"},"schema":{"@context":"https:\/\/schema.org","@graph":[{"@type":"Article","@id":"https:\/\/www.cidademarketing.com.br\/marketing\/2018\/11\/13\/com-juarez-da-tekpix-buscape-lanca-campanha-de-black-friday\/#article","isPartOf":{"@id":"https:\/\/www.cidademarketing.com.br\/marketing\/2018\/11\/13\/com-juarez-da-tekpix-buscape-lanca-campanha-de-black-friday\/"},"author":{"name":"Thales Brand\u00e3o","@id":"https:\/\/www.cidademarketing.com.br\/marketing\/#\/schema\/person\/02daff9f18bd9378c9e01eb6b2db155f"},"headline":"Com Juarez da Tekpix, Buscap\u00e9 lan\u00e7a campanha de Black Friday","datePublished":"2018-11-13T02:59:53+00:00","mainEntityOfPage":{"@id":"https:\/\/www.cidademarketing.com.br\/marketing\/2018\/11\/13\/com-juarez-da-tekpix-buscape-lanca-campanha-de-black-friday\/"},"wordCount":397,"commentCount":0,"publisher":{"@id":"https:\/\/www.cidademarketing.com.br\/marketing\/#organization"},"image":{"@id":"https:\/\/www.cidademarketing.com.br\/marketing\/2018\/11\/13\/com-juarez-da-tekpix-buscape-lanca-campanha-de-black-friday\/#primaryimage"},"thumbnailUrl":"https:\/\/www.cidademarketing.com.br\/marketing\/wp-content\/uploads\/2018\/11\/buscape_blackfriday.jpg","keywords":["Black Friday","Buscap\u00e9","campanha","marketing"],"articleSection":["Videos"],"inLanguage":"pt-BR","potentialAction":[{"@type":"CommentAction","name":"Comment","target":["https:\/\/www.cidademarketing.com.br\/marketing\/2018\/11\/13\/com-juarez-da-tekpix-buscape-lanca-campanha-de-black-friday\/#respond"]}]},{"@type":"WebPage","@id":"https:\/\/www.cidademarketing.com.br\/marketing\/2018\/11\/13\/com-juarez-da-tekpix-buscape-lanca-campanha-de-black-friday\/","url":"https:\/\/www.cidademarketing.com.br\/marketing\/2018\/11\/13\/com-juarez-da-tekpix-buscape-lanca-campanha-de-black-friday\/","name":"Com Juarez da Tekpix, Buscap\u00e9 lan\u00e7a campanha de Black Friday - CidadeMarketing","isPartOf":{"@id":"https:\/\/www.cidademarketing.com.br\/marketing\/#website"},"primaryImageOfPage":{"@id":"https:\/\/www.cidademarketing.com.br\/marketing\/2018\/11\/13\/com-juarez-da-tekpix-buscape-lanca-campanha-de-black-friday\/#primaryimage"},"image":{"@id":"https:\/\/www.cidademarketing.com.br\/marketing\/2018\/11\/13\/com-juarez-da-tekpix-buscape-lanca-campanha-de-black-friday\/#primaryimage"},"thumbnailUrl":"https:\/\/www.cidademarketing.com.br\/marketing\/wp-content\/uploads\/2018\/11\/buscape_blackfriday.jpg","datePublished":"2018-11-13T02:59:53+00:00","breadcrumb":{"@id":"https:\/\/www.cidademarketing.com.br\/marketing\/2018\/11\/13\/com-juarez-da-tekpix-buscape-lanca-campanha-de-black-friday\/#breadcrumb"},"inLanguage":"pt-BR","potentialAction":[{"@type":"ReadAction","target":["https:\/\/www.cidademarketing.com.br\/marketing\/2018\/11\/13\/com-juarez-da-tekpix-buscape-lanca-campanha-de-black-friday\/"]}]},{"@type":"ImageObject","inLanguage":"pt-BR","@id":"https:\/\/www.cidademarketing.com.br\/marketing\/2018\/11\/13\/com-juarez-da-tekpix-buscape-lanca-campanha-de-black-friday\/#primaryimage","url":"https:\/\/www.cidademarketing.com.br\/marketing\/wp-content\/uploads\/2018\/11\/buscape_blackfriday.jpg","contentUrl":"https:\/\/www.cidademarketing.com.br\/marketing\/wp-content\/uploads\/2018\/11\/buscape_blackfriday.jpg","width":1172,"height":531,"caption":"Reprodu\u00e7\u00e3o"},{"@type":"BreadcrumbList","@id":"https:\/\/www.cidademarketing.com.br\/marketing\/2018\/11\/13\/com-juarez-da-tekpix-buscape-lanca-campanha-de-black-friday\/#breadcrumb","itemListElement":[{"@type":"ListItem","position":1,"name":"In\u00edcio","item":"https:\/\/www.cidademarketing.com.br\/marketing\/"},{"@type":"ListItem","position":2,"name":"Com Juarez da Tekpix, Buscap\u00e9 lan\u00e7a campanha de Black Friday"}]},{"@type":"WebSite","@id":"https:\/\/www.cidademarketing.com.br\/marketing\/#website","url":"https:\/\/www.cidademarketing.com.br\/marketing\/","name":"CidadeMarketing","description":"Somos um ve\u00edculo de comunica\u00e7\u00e3o de destaque no Brasil, reconhecido por conte\u00fados nos segmentos de marketing, empreendedorismo e inova\u00e7\u00e3o.","publisher":{"@id":"https:\/\/www.cidademarketing.com.br\/marketing\/#organization"},"alternateName":"CidadeMarketing","potentialAction":[{"@type":"SearchAction","target":{"@type":"EntryPoint","urlTemplate":"https:\/\/www.cidademarketing.com.br\/marketing\/?s={search_term_string}"},"query-input":{"@type":"PropertyValueSpecification","valueRequired":true,"valueName":"search_term_string"}}],"inLanguage":"pt-BR"},{"@type":"Organization","@id":"https:\/\/www.cidademarketing.com.br\/marketing\/#organization","name":"CidadeMarketing","alternateName":"CidadeMarketing","url":"https:\/\/www.cidademarketing.com.br\/marketing\/","logo":{"@type":"ImageObject","inLanguage":"pt-BR","@id":"https:\/\/www.cidademarketing.com.br\/marketing\/#\/schema\/logo\/image\/","url":"https:\/\/www.cidademarketing.com.br\/marketing\/wp-content\/uploads\/2020\/01\/cidademarketing_marca_mobile.png","contentUrl":"https:\/\/www.cidademarketing.com.br\/marketing\/wp-content\/uploads\/2020\/01\/cidademarketing_marca_mobile.png","width":230,"height":92,"caption":"CidadeMarketing"},"image":{"@id":"https:\/\/www.cidademarketing.com.br\/marketing\/#\/schema\/logo\/image\/"},"sameAs":["https:\/\/www.facebook.com\/portalcidademarketing","https:\/\/x.com\/CidadeMarketing","https:\/\/www.instagram.com\/cidademarketing\/"]},{"@type":"Person","@id":"https:\/\/www.cidademarketing.com.br\/marketing\/#\/schema\/person\/02daff9f18bd9378c9e01eb6b2db155f","name":"Thales Brand\u00e3o","image":{"@type":"ImageObject","inLanguage":"pt-BR","@id":"https:\/\/secure.gravatar.com\/avatar\/7ca3206950207cc3cb48feec56a8a7898741ab725c368d99d5d7a5a50aab80c6?s=96&d=mm&r=g","url":"https:\/\/secure.gravatar.com\/avatar\/7ca3206950207cc3cb48feec56a8a7898741ab725c368d99d5d7a5a50aab80c6?s=96&d=mm&r=g","contentUrl":"https:\/\/secure.gravatar.com\/avatar\/7ca3206950207cc3cb48feec56a8a7898741ab725c368d99d5d7a5a50aab80c6?s=96&d=mm&r=g","caption":"Thales Brand\u00e3o"},"description":"Editor Executivo do Portal CidadeMarketing.com.br &gt; Mestre em Comunica\u00e7\u00e3o e Sociedade pela Universidade Federal de Sergipe. Possui MBA Executivo em Administra\u00e7\u00e3o com \u00eanfase em Marketing pela Funda\u00e7\u00e3o Get\u00falio Vargas - Rio de Janeiro. Consultor, Palestrante e Pesquisador sobre Empreendedorismo, Marketing, Redes Sociais e Neg\u00f3cios Digitais. Professor, Palestrante TedxTalks e Campus Party. Twitter: @ThalesBrandao","sameAs":["http:\/\/www.mandacaru.com.br","https:\/\/www.facebook.com\/thalesbrandao","http:\/\/www.instagram.com.br\/thalesbrandaoferreira","https:\/\/www.linkedin.com\/in\/thales-brand\u00e3o-3948609\/","https:\/\/x.com\/http:\/\/www.twitter.com\/thalesbrandao"],"url":"https:\/\/www.cidademarketing.com.br\/marketing\/author\/thalesbrandao\/"}]}},"amp_enabled":true,"_links":{"self":[{"href":"https:\/\/www.cidademarketing.com.br\/marketing\/wp-json\/wp\/v2\/posts\/2986","targetHints":{"allow":["GET"]}}],"collection":[{"href":"https:\/\/www.cidademarketing.com.br\/marketing\/wp-json\/wp\/v2\/posts"}],"about":[{"href":"https:\/\/www.cidademarketing.com.br\/marketing\/wp-json\/wp\/v2\/types\/post"}],"author":[{"embeddable":true,"href":"https:\/\/www.cidademarketing.com.br\/marketing\/wp-json\/wp\/v2\/users\/1"}],"replies":[{"embeddable":true,"href":"https:\/\/www.cidademarketing.com.br\/marketing\/wp-json\/wp\/v2\/comments?post=2986"}],"version-history":[{"count":1,"href":"https:\/\/www.cidademarketing.com.br\/marketing\/wp-json\/wp\/v2\/posts\/2986\/revisions"}],"predecessor-version":[{"id":2988,"href":"https:\/\/www.cidademarketing.com.br\/marketing\/wp-json\/wp\/v2\/posts\/2986\/revisions\/2988"}],"wp:featuredmedia":[{"embeddable":true,"href":"https:\/\/www.cidademarketing.com.br\/marketing\/wp-json\/wp\/v2\/media\/2987"}],"wp:attachment":[{"href":"https:\/\/www.cidademarketing.com.br\/marketing\/wp-json\/wp\/v2\/media?parent=2986"}],"wp:term":[{"taxonomy":"category","embeddable":true,"href":"https:\/\/www.cidademarketing.com.br\/marketing\/wp-json\/wp\/v2\/categories?post=2986"},{"taxonomy":"post_tag","embeddable":true,"href":"https:\/\/www.cidademarketing.com.br\/marketing\/wp-json\/wp\/v2\/tags?post=2986"}],"curies":[{"name":"wp","href":"https:\/\/api.w.org\/{rel}","templated":true}]}}