{"id":29841,"date":"2021-09-27T19:44:16","date_gmt":"2021-09-27T22:44:16","guid":{"rendered":"https:\/\/www.cidademarketing.com.br\/marketing\/?p=29841"},"modified":"2021-09-27T19:44:18","modified_gmt":"2021-09-27T22:44:18","slug":"casa-fiat-de-cultura-lanca-kit-para-ampliar-o-acesso-de-pessoas-com-deficiencia-a-obra-de-portinari","status":"publish","type":"post","link":"https:\/\/www.cidademarketing.com.br\/marketing\/2021\/09\/27\/casa-fiat-de-cultura-lanca-kit-para-ampliar-o-acesso-de-pessoas-com-deficiencia-a-obra-de-portinari\/","title":{"rendered":"Casa Fiat de Cultura lan\u00e7a kit para ampliar o acesso de pessoas com defici\u00eancia \u00e0 obra de Portinari"},"content":{"rendered":"\n<p><\/p><iframe src=\"https:\/\/open.spotify.com\/embed\/show\/4khMKzP3FgFRWVwb73xicc\" width=\"100%\" height=\"232\" frameBorder=\"0\" allowtransparency=\"true\" allow=\"encrypted-media\"><\/iframe>\t\n\n\n\n\n<p><\/p>\n\n\n\n<p>Desde a sua funda\u00e7\u00e3o, a\u00a0<strong>Casa Fiat de Cultura<\/strong>\u00a0possui um\u00a0<strong>Programa Educativo<\/strong>\u00a0que \u00e9 pe\u00e7a fundamental no trabalho de valoriza\u00e7\u00e3o e expans\u00e3o do conhecimento proporcionado a todos os p\u00fablicos. Para cada a\u00e7\u00e3o educativa, conceitos e tem\u00e1ticas s\u00e3o desenvolvidas com o intuito de encantar e transformar, de maneira positiva e inclusiva, o imagin\u00e1rio dos visitantes. No\u00a0<strong>Dia Nacional de Luta da Pessoa com Defici\u00eancia<\/strong>, celebrado em 21 de setembro, a grande novidade apresentada pelo Programa Educativo, por meio do seu N\u00facleo de Acessibilidade e Inclus\u00e3o, \u00e9 o lan\u00e7amento do\u00a0<strong>kit acessibilidade \u201cPortinari para aprecia\u00e7\u00e3o t\u00e1til e auditiva&#8221;<\/strong>\u00a0para ampliar o acesso de pessoas deficientes \u00e0 obra \u201cCiviliza\u00e7\u00e3o Mineira\u201d (1959), de Candido Portinari, maior painel do artista em Minas Gerais \u2013 em exposi\u00e7\u00e3o permanente no\u00a0<em>hall\u00a0<\/em>de entrada da institui\u00e7\u00e3o. O kit ser\u00e1 entregue a institui\u00e7\u00f5es educacionais e tamb\u00e9m ficar\u00e1 dispon\u00edvel para aprecia\u00e7\u00e3o do p\u00fablico da Casa Fiat de Cultura.<\/p>\n\n\n\n<p><\/p>\n\n\n\n<figure class=\"wp-block-gallery columns-3 is-cropped wp-block-gallery-1 is-layout-flex wp-block-gallery-is-layout-flex\"><ul class=\"blocks-gallery-grid\"><li class=\"blocks-gallery-item\"><figure><img fetchpriority=\"high\" decoding=\"async\" width=\"1024\" height=\"768\" src=\"https:\/\/www.cidademarketing.com.br\/marketing\/wp-content\/uploads\/2021\/09\/CasaFiatdeCutura_KitAcessibilidade_DetalhePecaTatil_TaianeCosta1-1024x768.jpeg\" alt=\"\" data-id=\"29842\" data-full-url=\"https:\/\/www.cidademarketing.com.br\/marketing\/wp-content\/uploads\/2021\/09\/CasaFiatdeCutura_KitAcessibilidade_DetalhePecaTatil_TaianeCosta1-scaled.jpeg\" data-link=\"https:\/\/www.cidademarketing.com.br\/marketing\/?attachment_id=29842\" class=\"wp-image-29842\" srcset=\"https:\/\/www.cidademarketing.com.br\/marketing\/wp-content\/uploads\/2021\/09\/CasaFiatdeCutura_KitAcessibilidade_DetalhePecaTatil_TaianeCosta1-1024x768.jpeg 1024w, https:\/\/www.cidademarketing.com.br\/marketing\/wp-content\/uploads\/2021\/09\/CasaFiatdeCutura_KitAcessibilidade_DetalhePecaTatil_TaianeCosta1-300x225.jpeg 300w, https:\/\/www.cidademarketing.com.br\/marketing\/wp-content\/uploads\/2021\/09\/CasaFiatdeCutura_KitAcessibilidade_DetalhePecaTatil_TaianeCosta1-768x576.jpeg 768w, https:\/\/www.cidademarketing.com.br\/marketing\/wp-content\/uploads\/2021\/09\/CasaFiatdeCutura_KitAcessibilidade_DetalhePecaTatil_TaianeCosta1-1536x1152.jpeg 1536w, https:\/\/www.cidademarketing.com.br\/marketing\/wp-content\/uploads\/2021\/09\/CasaFiatdeCutura_KitAcessibilidade_DetalhePecaTatil_TaianeCosta1-2048x1536.jpeg 2048w, https:\/\/www.cidademarketing.com.br\/marketing\/wp-content\/uploads\/2021\/09\/CasaFiatdeCutura_KitAcessibilidade_DetalhePecaTatil_TaianeCosta1-560x420.jpeg 560w, https:\/\/www.cidademarketing.com.br\/marketing\/wp-content\/uploads\/2021\/09\/CasaFiatdeCutura_KitAcessibilidade_DetalhePecaTatil_TaianeCosta1-80x60.jpeg 80w, https:\/\/www.cidademarketing.com.br\/marketing\/wp-content\/uploads\/2021\/09\/CasaFiatdeCutura_KitAcessibilidade_DetalhePecaTatil_TaianeCosta1-100x75.jpeg 100w, https:\/\/www.cidademarketing.com.br\/marketing\/wp-content\/uploads\/2021\/09\/CasaFiatdeCutura_KitAcessibilidade_DetalhePecaTatil_TaianeCosta1-180x135.jpeg 180w, https:\/\/www.cidademarketing.com.br\/marketing\/wp-content\/uploads\/2021\/09\/CasaFiatdeCutura_KitAcessibilidade_DetalhePecaTatil_TaianeCosta1-238x178.jpeg 238w, https:\/\/www.cidademarketing.com.br\/marketing\/wp-content\/uploads\/2021\/09\/CasaFiatdeCutura_KitAcessibilidade_DetalhePecaTatil_TaianeCosta1-265x198.jpeg 265w, https:\/\/www.cidademarketing.com.br\/marketing\/wp-content\/uploads\/2021\/09\/CasaFiatdeCutura_KitAcessibilidade_DetalhePecaTatil_TaianeCosta1-640x480.jpeg 640w, https:\/\/www.cidademarketing.com.br\/marketing\/wp-content\/uploads\/2021\/09\/CasaFiatdeCutura_KitAcessibilidade_DetalhePecaTatil_TaianeCosta1-681x511.jpeg 681w\" sizes=\"(max-width: 1024px) 100vw, 1024px\" \/><\/figure><\/li><li class=\"blocks-gallery-item\"><figure><img decoding=\"async\" width=\"768\" height=\"1024\" src=\"https:\/\/www.cidademarketing.com.br\/marketing\/wp-content\/uploads\/2021\/09\/KitacessibilidadeCasaFiatdeCultura_fotoTaianeCosta_-768x1024.jpeg\" alt=\"\" data-id=\"29843\" data-full-url=\"https:\/\/www.cidademarketing.com.br\/marketing\/wp-content\/uploads\/2021\/09\/KitacessibilidadeCasaFiatdeCultura_fotoTaianeCosta_-scaled.jpeg\" data-link=\"https:\/\/www.cidademarketing.com.br\/marketing\/?attachment_id=29843\" class=\"wp-image-29843\" srcset=\"https:\/\/www.cidademarketing.com.br\/marketing\/wp-content\/uploads\/2021\/09\/KitacessibilidadeCasaFiatdeCultura_fotoTaianeCosta_-768x1024.jpeg 768w, https:\/\/www.cidademarketing.com.br\/marketing\/wp-content\/uploads\/2021\/09\/KitacessibilidadeCasaFiatdeCultura_fotoTaianeCosta_-225x300.jpeg 225w, https:\/\/www.cidademarketing.com.br\/marketing\/wp-content\/uploads\/2021\/09\/KitacessibilidadeCasaFiatdeCultura_fotoTaianeCosta_-1152x1536.jpeg 1152w, https:\/\/www.cidademarketing.com.br\/marketing\/wp-content\/uploads\/2021\/09\/KitacessibilidadeCasaFiatdeCultura_fotoTaianeCosta_-1536x2048.jpeg 1536w, https:\/\/www.cidademarketing.com.br\/marketing\/wp-content\/uploads\/2021\/09\/KitacessibilidadeCasaFiatdeCultura_fotoTaianeCosta_-315x420.jpeg 315w, https:\/\/www.cidademarketing.com.br\/marketing\/wp-content\/uploads\/2021\/09\/KitacessibilidadeCasaFiatdeCultura_fotoTaianeCosta_-640x853.jpeg 640w, https:\/\/www.cidademarketing.com.br\/marketing\/wp-content\/uploads\/2021\/09\/KitacessibilidadeCasaFiatdeCultura_fotoTaianeCosta_-681x908.jpeg 681w, https:\/\/www.cidademarketing.com.br\/marketing\/wp-content\/uploads\/2021\/09\/KitacessibilidadeCasaFiatdeCultura_fotoTaianeCosta_-scaled.jpeg 1920w\" sizes=\"(max-width: 768px) 100vw, 768px\" \/><\/figure><\/li><li class=\"blocks-gallery-item\"><figure><img decoding=\"async\" width=\"768\" height=\"1024\" src=\"https:\/\/www.cidademarketing.com.br\/marketing\/wp-content\/uploads\/2021\/09\/CasaFiatdeCultura_KitAcessibilidade_DetalheBraile_TaianeCosta-768x1024.jpeg\" alt=\"\" data-id=\"29844\" data-full-url=\"https:\/\/www.cidademarketing.com.br\/marketing\/wp-content\/uploads\/2021\/09\/CasaFiatdeCultura_KitAcessibilidade_DetalheBraile_TaianeCosta-scaled.jpeg\" data-link=\"https:\/\/www.cidademarketing.com.br\/marketing\/?attachment_id=29844\" class=\"wp-image-29844\" srcset=\"https:\/\/www.cidademarketing.com.br\/marketing\/wp-content\/uploads\/2021\/09\/CasaFiatdeCultura_KitAcessibilidade_DetalheBraile_TaianeCosta-768x1024.jpeg 768w, https:\/\/www.cidademarketing.com.br\/marketing\/wp-content\/uploads\/2021\/09\/CasaFiatdeCultura_KitAcessibilidade_DetalheBraile_TaianeCosta-225x300.jpeg 225w, https:\/\/www.cidademarketing.com.br\/marketing\/wp-content\/uploads\/2021\/09\/CasaFiatdeCultura_KitAcessibilidade_DetalheBraile_TaianeCosta-1152x1536.jpeg 1152w, https:\/\/www.cidademarketing.com.br\/marketing\/wp-content\/uploads\/2021\/09\/CasaFiatdeCultura_KitAcessibilidade_DetalheBraile_TaianeCosta-1536x2048.jpeg 1536w, https:\/\/www.cidademarketing.com.br\/marketing\/wp-content\/uploads\/2021\/09\/CasaFiatdeCultura_KitAcessibilidade_DetalheBraile_TaianeCosta-315x420.jpeg 315w, https:\/\/www.cidademarketing.com.br\/marketing\/wp-content\/uploads\/2021\/09\/CasaFiatdeCultura_KitAcessibilidade_DetalheBraile_TaianeCosta-640x853.jpeg 640w, https:\/\/www.cidademarketing.com.br\/marketing\/wp-content\/uploads\/2021\/09\/CasaFiatdeCultura_KitAcessibilidade_DetalheBraile_TaianeCosta-681x908.jpeg 681w, https:\/\/www.cidademarketing.com.br\/marketing\/wp-content\/uploads\/2021\/09\/CasaFiatdeCultura_KitAcessibilidade_DetalheBraile_TaianeCosta-scaled.jpeg 1920w\" sizes=\"(max-width: 768px) 100vw, 768px\" \/><\/figure><\/li><\/ul><\/figure>\n\n\n\n<p><\/p>\n\n\n\n<p>&nbsp;O conte\u00fado do kit foi desenvolvido pelo N\u00facleo de Acessibilidade e Inclus\u00e3o a partir de di\u00e1logos e viv\u00eancias experimentais realizadas com o p\u00fablico deficiente. A obra de Candido Portinari foi reproduzida em relevo, em tamanho reduzido, para aprecia\u00e7\u00e3o t\u00e1til, numa parceria com o Stellantis Design Center South America \u2014 centro de design da marca, respons\u00e1vel pela cria\u00e7\u00e3o de carros do grupo automobil\u00edstico. Para a produ\u00e7\u00e3o das pe\u00e7as em resina foi realizado o mapeamento digital da imagem e uma proje\u00e7\u00e3o da topografia da obra, sendo poss\u00edvel, assim, explorar as figuras, as formas e a volumetria representadas no painel.<\/p>\n\n\n\n<p>&nbsp;A pe\u00e7a t\u00e1til ser\u00e1 acompanhada por um caderno educativo, impresso em braille e texto ampliado, com a descri\u00e7\u00e3o comentada da obra, e um link para acesso aos conte\u00fados digitais: audiodescri\u00e7\u00e3o comentada da obra com tradu\u00e7\u00e3o em Libras e legendas, vers\u00e3o sonora da obra para experimenta\u00e7\u00e3o sinest\u00e9sica e gr\u00e1fico da vers\u00e3o sonora da obra para complementa\u00e7\u00e3o visual da experimenta\u00e7\u00e3o sinest\u00e9sica. Tamb\u00e9m ser\u00e1 disponibilizada uma playlist de v\u00eddeos selecionados no YouTube da Casa Fiat de Cultura com &#8211; tradu\u00e7\u00e3o simult\u00e2nea em Libras.<\/p>\n\n\n\n<p>&nbsp;Segundo a coordenadora do Programa Educativo da Casa Fiat de Cultura, Clarita Gonzaga, o N\u00facleo de Acessibilidade e Inclus\u00e3o do Programa Educativo atua n\u00e3o apenas no sentido de desenvolver instrumentos e estrat\u00e9gias de acessibilidade, mas tamb\u00e9m na promo\u00e7\u00e3o de discuss\u00f5es sobre media\u00e7\u00e3o e experi\u00eancia est\u00e9tica acess\u00edveis. \u201cElaboramos uma ferramenta de inclus\u00e3o que fomenta a inser\u00e7\u00e3o e o desenvolvimento de tem\u00e1ticas relacionadas \u00e0 arte, cultura e patrim\u00f4nio. \u00c9 mais que uma pe\u00e7a facilitadora para a pessoa deficiente, mas para todos os p\u00fablicos. O que o olhar n\u00e3o capta, as m\u00e3os percebem\u201d, ressalta.<\/p>\n\n\n\n<p>&nbsp;O kit acessibilidade \u201cPortinari para aprecia\u00e7\u00e3o t\u00e1til e auditiva&#8221; \u00e9 uma realiza\u00e7\u00e3o da Casa Fiat de Cultura com apoio do Stellantis Design Center South America e do Minist\u00e9rio do Turismo, por meio da Lei Federal de Incentivo \u00e0 Cultura, patroc\u00ednio da Fiat, do Banco Safra e da Gerdau, copatroc\u00ednio da Expresso Nepomuceno, da Sada, do Banco Fidis e do Mart Minas. O projeto tem apoio institucional do Circuito Liberdade, do Instituto Estadual do Patrim\u00f4nio Hist\u00f3rico (Iepha), do Governo de Minas e do Governo Federal, al\u00e9m do apoio cultural do Programa Amigos da Casa, da Brose do Brasil e da Brembo.<\/p>\n\n\n\n<p>&nbsp;<strong>O painel Civiliza\u00e7\u00e3o Mineira<\/strong><\/p>\n\n\n\n<p>Tombado pelo Instituto do Patrim\u00f4nio Hist\u00f3rico e Art\u00edstico Nacional (IPHAN), \u201cCiviliza\u00e7\u00e3o Mineira\u201d (1959) \u00e9 o maior painel de Candido Portinari em Minas Gerais, medindo 2,34 X 8,14 metros. Em exposi\u00e7\u00e3o permanente, o painel retrata a mudan\u00e7a da capital mineira, da cidade de Ouro Preto para Belo Horizonte, em 12 de dezembro de 1897. Em meio \u00e0 paisagem, a presen\u00e7a de Tiradentes e outras personalidades retoma outro marco da hist\u00f3ria do Estado: a Inconfid\u00eancia Mineira (1789). Com t\u00e9cnica mista, t\u00eampera e \u00f3leo, a obra \u00e9 caracteristicamente modernista, sem abrir m\u00e3o de fundamentos da pintura cl\u00e1ssica. Portinari (1903 &#8211; 1962) \u00e9 considerado um dos maiores artistas brasileiros do s\u00e9culo XX, tanto por sua produ\u00e7\u00e3o est\u00e9tica quanto pela atua\u00e7\u00e3o consciente nos \u00e2mbitos cultural e pol\u00edtico.<\/p>\n\n\n\n<p><strong>A Casa Fiat de Cultura<\/strong><\/p>\n\n\n\n<p>A Casa Fiat de Cultura cumpre importante papel na transforma\u00e7\u00e3o do cen\u00e1rio cultural brasileiro, ao realizar as mais prestigiadas exposi\u00e7\u00f5es. A programa\u00e7\u00e3o estimula a reflex\u00e3o e intera\u00e7\u00e3o do p\u00fablico com v\u00e1rias linguagens e movimentos art\u00edsticos, desde a arte cl\u00e1ssica at\u00e9 a arte digital e contempor\u00e2nea. Por meio do Programa Educativo, a institui\u00e7\u00e3o articula a\u00e7\u00f5es para ampliar a acessibilidade \u00e0s exposi\u00e7\u00f5es, desenvolvendo r\u00e9plicas de obras de arte em 3D, materiais em braille e atendimento em libras.<\/p>\n\n\n\n<p>Mais de 60 mostras de consagrados artistas brasileiros e internacionais j\u00e1 foram expostas na Casa Fiat de Cultura, entre os quais Caravaggio, Rodin, Chagall, Tarsila, Portinari entre outros. H\u00e1 15 anos, o espa\u00e7o apresenta uma programa\u00e7\u00e3o diversificada, com m\u00fasica, palestras, resid\u00eancia art\u00edstica, al\u00e9m do Ateli\u00ea Aberto \u2013 espa\u00e7o de experimenta\u00e7\u00e3o art\u00edstica \u2013 e de programas de visitas com abordagem voltada para a valoriza\u00e7\u00e3o do patrim\u00f4nio cultural e art\u00edstico.<\/p>\n\n\n\n<p>A Casa Fiat de Cultura \u00e9 situada no hist\u00f3rico edif\u00edcio do Pal\u00e1cio dos Despachos e apresenta, em car\u00e1ter permanente, o painel de Portinari, Civiliza\u00e7\u00e3o Mineira, de 1959. Mais de 3 milh\u00f5es de pessoas j\u00e1 visitaram suas exposi\u00e7\u00f5es e 560 mil participaram de suas atividades educativas. O espa\u00e7o integra um dos mais expressivos corredores culturais do pa\u00eds, o Circuito Liberdade, complexo cultural sob gest\u00e3o da Secretaria de Estado de Cultura e Turismo (Secult) e que re\u00fane diversos espa\u00e7os com as mais variadas formas de manifesta\u00e7\u00e3o de arte e cultura em transversalidade com o turismo. Trabalhando em rede, as atividades dos equipamentos parceiros ao Circuito buscam desenvolvimento humano, cultural, tur\u00edstico, social e econ\u00f4mico, com foco na economia criativa como mecanismo de gera\u00e7\u00e3o de emprego e renda, al\u00e9m da democratiza\u00e7\u00e3o e amplia\u00e7\u00e3o do acesso da popula\u00e7\u00e3o \u00e0s atividades propostas.<\/p>\n\n\n\n<p><strong>SERVI\u00c7O&nbsp;<\/strong><\/p>\n\n\n\n<p>&nbsp;<strong>Casa Fiat de Cultura<\/strong><\/p>\n\n\n\n<p>Circuito Liberdade<\/p>\n\n\n\n<p>Pra\u00e7a da Liberdade, 10 \u2013 Funcion\u00e1rios \u2013 BH\/MG<\/p>\n\n\n\n<p><\/p>\n\n\n\n<p><\/p><iframe allow=\"autoplay *; encrypted-media *; fullscreen *\" frameborder=\"0\" height=\"450\" style=\"width:100%;max-width:660px;overflow:hidden;background:transparent;\" sandbox=\"allow-forms allow-popups allow-same-origin allow-scripts allow-storage-access-by-user-activation allow-top-navigation-by-user-activation\" src=\"https:\/\/embed.podcasts.apple.com\/br\/podcast\/podcast-cidademarketing\/id1371923283\"><\/iframe>\n\n","protected":false},"excerpt":{"rendered":"<p>Desde a sua funda\u00e7\u00e3o, a\u00a0Casa Fiat de Cultura\u00a0possui um\u00a0Programa Educativo\u00a0que \u00e9 pe\u00e7a fundamental no trabalho de valoriza\u00e7\u00e3o e expans\u00e3o do conhecimento proporcionado a todos os p\u00fablicos. Para cada a\u00e7\u00e3o educativa, conceitos e tem\u00e1ticas s\u00e3o desenvolvidas com o intuito de encantar e transformar, de maneira positiva e inclusiva, o imagin\u00e1rio dos visitantes. No\u00a0Dia Nacional de Luta [&hellip;]<\/p>\n","protected":false},"author":1,"featured_media":29844,"comment_status":"open","ping_status":"open","sticky":false,"template":"","format":"standard","meta":{"tdm_status":"","tdm_grid_status":"","footnotes":""},"categories":[6],"tags":[4649,722,356,340],"class_list":["post-29841","post","type-post","status-publish","format-standard","has-post-thumbnail","hentry","category-noticias","tag-casa-fiat","tag-cultura","tag-fiat","tag-marketing-cultural"],"yoast_head":"<!-- This site is optimized with the Yoast SEO plugin v27.5 - https:\/\/yoast.com\/product\/yoast-seo-wordpress\/ -->\n<title>Casa Fiat de Cultura lan\u00e7a kit para ampliar o acesso de pessoas com defici\u00eancia \u00e0 obra de Portinari - CidadeMarketing<\/title>\n<meta name=\"robots\" content=\"index, follow, max-snippet:-1, max-image-preview:large, max-video-preview:-1\" \/>\n<link rel=\"canonical\" href=\"https:\/\/www.cidademarketing.com.br\/marketing\/2021\/09\/27\/casa-fiat-de-cultura-lanca-kit-para-ampliar-o-acesso-de-pessoas-com-deficiencia-a-obra-de-portinari\/\" \/>\n<meta property=\"og:locale\" content=\"pt_BR\" \/>\n<meta property=\"og:type\" content=\"article\" \/>\n<meta property=\"og:title\" content=\"Casa Fiat de Cultura lan\u00e7a kit para ampliar o acesso de pessoas com defici\u00eancia \u00e0 obra de Portinari - CidadeMarketing\" \/>\n<meta property=\"og:description\" content=\"Desde a sua funda\u00e7\u00e3o, a\u00a0Casa Fiat de Cultura\u00a0possui um\u00a0Programa Educativo\u00a0que \u00e9 pe\u00e7a fundamental no trabalho de valoriza\u00e7\u00e3o e expans\u00e3o do conhecimento proporcionado a todos os p\u00fablicos. Para cada a\u00e7\u00e3o educativa, conceitos e tem\u00e1ticas s\u00e3o desenvolvidas com o intuito de encantar e transformar, de maneira positiva e inclusiva, o imagin\u00e1rio dos visitantes. No\u00a0Dia Nacional de Luta [&hellip;]\" \/>\n<meta property=\"og:url\" content=\"https:\/\/www.cidademarketing.com.br\/marketing\/2021\/09\/27\/casa-fiat-de-cultura-lanca-kit-para-ampliar-o-acesso-de-pessoas-com-deficiencia-a-obra-de-portinari\/\" \/>\n<meta property=\"og:site_name\" content=\"CidadeMarketing\" \/>\n<meta property=\"article:publisher\" content=\"https:\/\/www.facebook.com\/portalcidademarketing\" \/>\n<meta property=\"article:author\" content=\"https:\/\/www.facebook.com\/thalesbrandao\" \/>\n<meta property=\"article:published_time\" content=\"2021-09-27T22:44:16+00:00\" \/>\n<meta property=\"article:modified_time\" content=\"2021-09-27T22:44:18+00:00\" \/>\n<meta property=\"og:image\" content=\"https:\/\/www.cidademarketing.com.br\/marketing\/wp-content\/uploads\/2021\/09\/CasaFiatdeCultura_KitAcessibilidade_DetalheBraile_TaianeCosta-scaled.jpeg\" \/>\n\t<meta property=\"og:image:width\" content=\"1920\" \/>\n\t<meta property=\"og:image:height\" content=\"2560\" \/>\n\t<meta property=\"og:image:type\" content=\"image\/jpeg\" \/>\n<meta name=\"author\" content=\"Thales Brand\u00e3o\" \/>\n<meta name=\"twitter:card\" content=\"summary_large_image\" \/>\n<meta name=\"twitter:creator\" content=\"@http:\/\/www.twitter.com\/thalesbrandao\" \/>\n<meta name=\"twitter:site\" content=\"@CidadeMarketing\" \/>\n<meta name=\"twitter:label1\" content=\"Escrito por\" \/>\n\t<meta name=\"twitter:data1\" content=\"Thales Brand\u00e3o\" \/>\n\t<meta name=\"twitter:label2\" content=\"Est. tempo de leitura\" \/>\n\t<meta name=\"twitter:data2\" content=\"5 minutos\" \/>\n<script type=\"application\/ld+json\" class=\"yoast-schema-graph\">{\"@context\":\"https:\\\/\\\/schema.org\",\"@graph\":[{\"@type\":\"Article\",\"@id\":\"https:\\\/\\\/www.cidademarketing.com.br\\\/marketing\\\/2021\\\/09\\\/27\\\/casa-fiat-de-cultura-lanca-kit-para-ampliar-o-acesso-de-pessoas-com-deficiencia-a-obra-de-portinari\\\/#article\",\"isPartOf\":{\"@id\":\"https:\\\/\\\/www.cidademarketing.com.br\\\/marketing\\\/2021\\\/09\\\/27\\\/casa-fiat-de-cultura-lanca-kit-para-ampliar-o-acesso-de-pessoas-com-deficiencia-a-obra-de-portinari\\\/\"},\"author\":{\"name\":\"Thales Brand\u00e3o\",\"@id\":\"https:\\\/\\\/www.cidademarketing.com.br\\\/marketing\\\/#\\\/schema\\\/person\\\/02daff9f18bd9378c9e01eb6b2db155f\"},\"headline\":\"Casa Fiat de Cultura lan\u00e7a kit para ampliar o acesso de pessoas com defici\u00eancia \u00e0 obra de Portinari\",\"datePublished\":\"2021-09-27T22:44:16+00:00\",\"dateModified\":\"2021-09-27T22:44:18+00:00\",\"mainEntityOfPage\":{\"@id\":\"https:\\\/\\\/www.cidademarketing.com.br\\\/marketing\\\/2021\\\/09\\\/27\\\/casa-fiat-de-cultura-lanca-kit-para-ampliar-o-acesso-de-pessoas-com-deficiencia-a-obra-de-portinari\\\/\"},\"wordCount\":1088,\"commentCount\":0,\"publisher\":{\"@id\":\"https:\\\/\\\/www.cidademarketing.com.br\\\/marketing\\\/#organization\"},\"image\":{\"@id\":\"https:\\\/\\\/www.cidademarketing.com.br\\\/marketing\\\/2021\\\/09\\\/27\\\/casa-fiat-de-cultura-lanca-kit-para-ampliar-o-acesso-de-pessoas-com-deficiencia-a-obra-de-portinari\\\/#primaryimage\"},\"thumbnailUrl\":\"https:\\\/\\\/www.cidademarketing.com.br\\\/marketing\\\/wp-content\\\/uploads\\\/2021\\\/09\\\/CasaFiatdeCultura_KitAcessibilidade_DetalheBraile_TaianeCosta-scaled.jpeg\",\"keywords\":[\"Casa Fiat\",\"Cultura\",\"Fiat\",\"marketing cultural\"],\"articleSection\":[\"Not\u00edcias\"],\"inLanguage\":\"pt-BR\",\"potentialAction\":[{\"@type\":\"CommentAction\",\"name\":\"Comment\",\"target\":[\"https:\\\/\\\/www.cidademarketing.com.br\\\/marketing\\\/2021\\\/09\\\/27\\\/casa-fiat-de-cultura-lanca-kit-para-ampliar-o-acesso-de-pessoas-com-deficiencia-a-obra-de-portinari\\\/#respond\"]}]},{\"@type\":\"WebPage\",\"@id\":\"https:\\\/\\\/www.cidademarketing.com.br\\\/marketing\\\/2021\\\/09\\\/27\\\/casa-fiat-de-cultura-lanca-kit-para-ampliar-o-acesso-de-pessoas-com-deficiencia-a-obra-de-portinari\\\/\",\"url\":\"https:\\\/\\\/www.cidademarketing.com.br\\\/marketing\\\/2021\\\/09\\\/27\\\/casa-fiat-de-cultura-lanca-kit-para-ampliar-o-acesso-de-pessoas-com-deficiencia-a-obra-de-portinari\\\/\",\"name\":\"Casa Fiat de Cultura lan\u00e7a kit para ampliar o acesso de pessoas com defici\u00eancia \u00e0 obra de Portinari - CidadeMarketing\",\"isPartOf\":{\"@id\":\"https:\\\/\\\/www.cidademarketing.com.br\\\/marketing\\\/#website\"},\"primaryImageOfPage\":{\"@id\":\"https:\\\/\\\/www.cidademarketing.com.br\\\/marketing\\\/2021\\\/09\\\/27\\\/casa-fiat-de-cultura-lanca-kit-para-ampliar-o-acesso-de-pessoas-com-deficiencia-a-obra-de-portinari\\\/#primaryimage\"},\"image\":{\"@id\":\"https:\\\/\\\/www.cidademarketing.com.br\\\/marketing\\\/2021\\\/09\\\/27\\\/casa-fiat-de-cultura-lanca-kit-para-ampliar-o-acesso-de-pessoas-com-deficiencia-a-obra-de-portinari\\\/#primaryimage\"},\"thumbnailUrl\":\"https:\\\/\\\/www.cidademarketing.com.br\\\/marketing\\\/wp-content\\\/uploads\\\/2021\\\/09\\\/CasaFiatdeCultura_KitAcessibilidade_DetalheBraile_TaianeCosta-scaled.jpeg\",\"datePublished\":\"2021-09-27T22:44:16+00:00\",\"dateModified\":\"2021-09-27T22:44:18+00:00\",\"breadcrumb\":{\"@id\":\"https:\\\/\\\/www.cidademarketing.com.br\\\/marketing\\\/2021\\\/09\\\/27\\\/casa-fiat-de-cultura-lanca-kit-para-ampliar-o-acesso-de-pessoas-com-deficiencia-a-obra-de-portinari\\\/#breadcrumb\"},\"inLanguage\":\"pt-BR\",\"potentialAction\":[{\"@type\":\"ReadAction\",\"target\":[\"https:\\\/\\\/www.cidademarketing.com.br\\\/marketing\\\/2021\\\/09\\\/27\\\/casa-fiat-de-cultura-lanca-kit-para-ampliar-o-acesso-de-pessoas-com-deficiencia-a-obra-de-portinari\\\/\"]}]},{\"@type\":\"ImageObject\",\"inLanguage\":\"pt-BR\",\"@id\":\"https:\\\/\\\/www.cidademarketing.com.br\\\/marketing\\\/2021\\\/09\\\/27\\\/casa-fiat-de-cultura-lanca-kit-para-ampliar-o-acesso-de-pessoas-com-deficiencia-a-obra-de-portinari\\\/#primaryimage\",\"url\":\"https:\\\/\\\/www.cidademarketing.com.br\\\/marketing\\\/wp-content\\\/uploads\\\/2021\\\/09\\\/CasaFiatdeCultura_KitAcessibilidade_DetalheBraile_TaianeCosta-scaled.jpeg\",\"contentUrl\":\"https:\\\/\\\/www.cidademarketing.com.br\\\/marketing\\\/wp-content\\\/uploads\\\/2021\\\/09\\\/CasaFiatdeCultura_KitAcessibilidade_DetalheBraile_TaianeCosta-scaled.jpeg\",\"width\":1920,\"height\":2560,\"caption\":\"Foto: Taiane Costa\"},{\"@type\":\"BreadcrumbList\",\"@id\":\"https:\\\/\\\/www.cidademarketing.com.br\\\/marketing\\\/2021\\\/09\\\/27\\\/casa-fiat-de-cultura-lanca-kit-para-ampliar-o-acesso-de-pessoas-com-deficiencia-a-obra-de-portinari\\\/#breadcrumb\",\"itemListElement\":[{\"@type\":\"ListItem\",\"position\":1,\"name\":\"In\u00edcio\",\"item\":\"https:\\\/\\\/www.cidademarketing.com.br\\\/marketing\\\/\"},{\"@type\":\"ListItem\",\"position\":2,\"name\":\"Casa Fiat de Cultura lan\u00e7a kit para ampliar o acesso de pessoas com defici\u00eancia \u00e0 obra de Portinari\"}]},{\"@type\":\"WebSite\",\"@id\":\"https:\\\/\\\/www.cidademarketing.com.br\\\/marketing\\\/#website\",\"url\":\"https:\\\/\\\/www.cidademarketing.com.br\\\/marketing\\\/\",\"name\":\"CidadeMarketing\",\"description\":\"Somos um ve\u00edculo de comunica\u00e7\u00e3o de destaque no Brasil, reconhecido por conte\u00fados nos segmentos de marketing, empreendedorismo e inova\u00e7\u00e3o.\",\"publisher\":{\"@id\":\"https:\\\/\\\/www.cidademarketing.com.br\\\/marketing\\\/#organization\"},\"alternateName\":\"CidadeMarketing\",\"potentialAction\":[{\"@type\":\"SearchAction\",\"target\":{\"@type\":\"EntryPoint\",\"urlTemplate\":\"https:\\\/\\\/www.cidademarketing.com.br\\\/marketing\\\/?s={search_term_string}\"},\"query-input\":{\"@type\":\"PropertyValueSpecification\",\"valueRequired\":true,\"valueName\":\"search_term_string\"}}],\"inLanguage\":\"pt-BR\"},{\"@type\":\"Organization\",\"@id\":\"https:\\\/\\\/www.cidademarketing.com.br\\\/marketing\\\/#organization\",\"name\":\"CidadeMarketing\",\"alternateName\":\"CidadeMarketing\",\"url\":\"https:\\\/\\\/www.cidademarketing.com.br\\\/marketing\\\/\",\"logo\":{\"@type\":\"ImageObject\",\"inLanguage\":\"pt-BR\",\"@id\":\"https:\\\/\\\/www.cidademarketing.com.br\\\/marketing\\\/#\\\/schema\\\/logo\\\/image\\\/\",\"url\":\"https:\\\/\\\/www.cidademarketing.com.br\\\/marketing\\\/wp-content\\\/uploads\\\/2020\\\/01\\\/cidademarketing_marca_mobile.png\",\"contentUrl\":\"https:\\\/\\\/www.cidademarketing.com.br\\\/marketing\\\/wp-content\\\/uploads\\\/2020\\\/01\\\/cidademarketing_marca_mobile.png\",\"width\":230,\"height\":92,\"caption\":\"CidadeMarketing\"},\"image\":{\"@id\":\"https:\\\/\\\/www.cidademarketing.com.br\\\/marketing\\\/#\\\/schema\\\/logo\\\/image\\\/\"},\"sameAs\":[\"https:\\\/\\\/www.facebook.com\\\/portalcidademarketing\",\"https:\\\/\\\/x.com\\\/CidadeMarketing\",\"https:\\\/\\\/www.instagram.com\\\/cidademarketing\\\/\"]},{\"@type\":\"Person\",\"@id\":\"https:\\\/\\\/www.cidademarketing.com.br\\\/marketing\\\/#\\\/schema\\\/person\\\/02daff9f18bd9378c9e01eb6b2db155f\",\"name\":\"Thales Brand\u00e3o\",\"image\":{\"@type\":\"ImageObject\",\"inLanguage\":\"pt-BR\",\"@id\":\"https:\\\/\\\/secure.gravatar.com\\\/avatar\\\/7ca3206950207cc3cb48feec56a8a7898741ab725c368d99d5d7a5a50aab80c6?s=96&d=mm&r=g\",\"url\":\"https:\\\/\\\/secure.gravatar.com\\\/avatar\\\/7ca3206950207cc3cb48feec56a8a7898741ab725c368d99d5d7a5a50aab80c6?s=96&d=mm&r=g\",\"contentUrl\":\"https:\\\/\\\/secure.gravatar.com\\\/avatar\\\/7ca3206950207cc3cb48feec56a8a7898741ab725c368d99d5d7a5a50aab80c6?s=96&d=mm&r=g\",\"caption\":\"Thales Brand\u00e3o\"},\"description\":\"Editor Executivo do Portal CidadeMarketing.com.br &gt; Mestre em Comunica\u00e7\u00e3o e Sociedade pela Universidade Federal de Sergipe. Possui MBA Executivo em Administra\u00e7\u00e3o com \u00eanfase em Marketing pela Funda\u00e7\u00e3o Get\u00falio Vargas - Rio de Janeiro. Consultor, Palestrante e Pesquisador sobre Empreendedorismo, Marketing, Redes Sociais e Neg\u00f3cios Digitais. Professor, Palestrante TedxTalks e Campus Party. Twitter: @ThalesBrandao\",\"sameAs\":[\"http:\\\/\\\/www.mandacaru.com.br\",\"https:\\\/\\\/www.facebook.com\\\/thalesbrandao\",\"http:\\\/\\\/www.instagram.com.br\\\/thalesbrandaoferreira\",\"https:\\\/\\\/www.linkedin.com\\\/in\\\/thales-brand\u00e3o-3948609\\\/\",\"https:\\\/\\\/x.com\\\/http:\\\/\\\/www.twitter.com\\\/thalesbrandao\"],\"url\":\"https:\\\/\\\/www.cidademarketing.com.br\\\/marketing\\\/author\\\/thalesbrandao\\\/\"}]}<\/script>\n<!-- \/ Yoast SEO plugin. -->","yoast_head_json":{"title":"Casa Fiat de Cultura lan\u00e7a kit para ampliar o acesso de pessoas com defici\u00eancia \u00e0 obra de Portinari - CidadeMarketing","robots":{"index":"index","follow":"follow","max-snippet":"max-snippet:-1","max-image-preview":"max-image-preview:large","max-video-preview":"max-video-preview:-1"},"canonical":"https:\/\/www.cidademarketing.com.br\/marketing\/2021\/09\/27\/casa-fiat-de-cultura-lanca-kit-para-ampliar-o-acesso-de-pessoas-com-deficiencia-a-obra-de-portinari\/","og_locale":"pt_BR","og_type":"article","og_title":"Casa Fiat de Cultura lan\u00e7a kit para ampliar o acesso de pessoas com defici\u00eancia \u00e0 obra de Portinari - CidadeMarketing","og_description":"Desde a sua funda\u00e7\u00e3o, a\u00a0Casa Fiat de Cultura\u00a0possui um\u00a0Programa Educativo\u00a0que \u00e9 pe\u00e7a fundamental no trabalho de valoriza\u00e7\u00e3o e expans\u00e3o do conhecimento proporcionado a todos os p\u00fablicos. Para cada a\u00e7\u00e3o educativa, conceitos e tem\u00e1ticas s\u00e3o desenvolvidas com o intuito de encantar e transformar, de maneira positiva e inclusiva, o imagin\u00e1rio dos visitantes. No\u00a0Dia Nacional de Luta [&hellip;]","og_url":"https:\/\/www.cidademarketing.com.br\/marketing\/2021\/09\/27\/casa-fiat-de-cultura-lanca-kit-para-ampliar-o-acesso-de-pessoas-com-deficiencia-a-obra-de-portinari\/","og_site_name":"CidadeMarketing","article_publisher":"https:\/\/www.facebook.com\/portalcidademarketing","article_author":"https:\/\/www.facebook.com\/thalesbrandao","article_published_time":"2021-09-27T22:44:16+00:00","article_modified_time":"2021-09-27T22:44:18+00:00","og_image":[{"width":1920,"height":2560,"url":"https:\/\/www.cidademarketing.com.br\/marketing\/wp-content\/uploads\/2021\/09\/CasaFiatdeCultura_KitAcessibilidade_DetalheBraile_TaianeCosta-scaled.jpeg","type":"image\/jpeg"}],"author":"Thales Brand\u00e3o","twitter_card":"summary_large_image","twitter_creator":"@http:\/\/www.twitter.com\/thalesbrandao","twitter_site":"@CidadeMarketing","twitter_misc":{"Escrito por":"Thales Brand\u00e3o","Est. tempo de leitura":"5 minutos"},"schema":{"@context":"https:\/\/schema.org","@graph":[{"@type":"Article","@id":"https:\/\/www.cidademarketing.com.br\/marketing\/2021\/09\/27\/casa-fiat-de-cultura-lanca-kit-para-ampliar-o-acesso-de-pessoas-com-deficiencia-a-obra-de-portinari\/#article","isPartOf":{"@id":"https:\/\/www.cidademarketing.com.br\/marketing\/2021\/09\/27\/casa-fiat-de-cultura-lanca-kit-para-ampliar-o-acesso-de-pessoas-com-deficiencia-a-obra-de-portinari\/"},"author":{"name":"Thales Brand\u00e3o","@id":"https:\/\/www.cidademarketing.com.br\/marketing\/#\/schema\/person\/02daff9f18bd9378c9e01eb6b2db155f"},"headline":"Casa Fiat de Cultura lan\u00e7a kit para ampliar o acesso de pessoas com defici\u00eancia \u00e0 obra de Portinari","datePublished":"2021-09-27T22:44:16+00:00","dateModified":"2021-09-27T22:44:18+00:00","mainEntityOfPage":{"@id":"https:\/\/www.cidademarketing.com.br\/marketing\/2021\/09\/27\/casa-fiat-de-cultura-lanca-kit-para-ampliar-o-acesso-de-pessoas-com-deficiencia-a-obra-de-portinari\/"},"wordCount":1088,"commentCount":0,"publisher":{"@id":"https:\/\/www.cidademarketing.com.br\/marketing\/#organization"},"image":{"@id":"https:\/\/www.cidademarketing.com.br\/marketing\/2021\/09\/27\/casa-fiat-de-cultura-lanca-kit-para-ampliar-o-acesso-de-pessoas-com-deficiencia-a-obra-de-portinari\/#primaryimage"},"thumbnailUrl":"https:\/\/www.cidademarketing.com.br\/marketing\/wp-content\/uploads\/2021\/09\/CasaFiatdeCultura_KitAcessibilidade_DetalheBraile_TaianeCosta-scaled.jpeg","keywords":["Casa Fiat","Cultura","Fiat","marketing cultural"],"articleSection":["Not\u00edcias"],"inLanguage":"pt-BR","potentialAction":[{"@type":"CommentAction","name":"Comment","target":["https:\/\/www.cidademarketing.com.br\/marketing\/2021\/09\/27\/casa-fiat-de-cultura-lanca-kit-para-ampliar-o-acesso-de-pessoas-com-deficiencia-a-obra-de-portinari\/#respond"]}]},{"@type":"WebPage","@id":"https:\/\/www.cidademarketing.com.br\/marketing\/2021\/09\/27\/casa-fiat-de-cultura-lanca-kit-para-ampliar-o-acesso-de-pessoas-com-deficiencia-a-obra-de-portinari\/","url":"https:\/\/www.cidademarketing.com.br\/marketing\/2021\/09\/27\/casa-fiat-de-cultura-lanca-kit-para-ampliar-o-acesso-de-pessoas-com-deficiencia-a-obra-de-portinari\/","name":"Casa Fiat de Cultura lan\u00e7a kit para ampliar o acesso de pessoas com defici\u00eancia \u00e0 obra de Portinari - CidadeMarketing","isPartOf":{"@id":"https:\/\/www.cidademarketing.com.br\/marketing\/#website"},"primaryImageOfPage":{"@id":"https:\/\/www.cidademarketing.com.br\/marketing\/2021\/09\/27\/casa-fiat-de-cultura-lanca-kit-para-ampliar-o-acesso-de-pessoas-com-deficiencia-a-obra-de-portinari\/#primaryimage"},"image":{"@id":"https:\/\/www.cidademarketing.com.br\/marketing\/2021\/09\/27\/casa-fiat-de-cultura-lanca-kit-para-ampliar-o-acesso-de-pessoas-com-deficiencia-a-obra-de-portinari\/#primaryimage"},"thumbnailUrl":"https:\/\/www.cidademarketing.com.br\/marketing\/wp-content\/uploads\/2021\/09\/CasaFiatdeCultura_KitAcessibilidade_DetalheBraile_TaianeCosta-scaled.jpeg","datePublished":"2021-09-27T22:44:16+00:00","dateModified":"2021-09-27T22:44:18+00:00","breadcrumb":{"@id":"https:\/\/www.cidademarketing.com.br\/marketing\/2021\/09\/27\/casa-fiat-de-cultura-lanca-kit-para-ampliar-o-acesso-de-pessoas-com-deficiencia-a-obra-de-portinari\/#breadcrumb"},"inLanguage":"pt-BR","potentialAction":[{"@type":"ReadAction","target":["https:\/\/www.cidademarketing.com.br\/marketing\/2021\/09\/27\/casa-fiat-de-cultura-lanca-kit-para-ampliar-o-acesso-de-pessoas-com-deficiencia-a-obra-de-portinari\/"]}]},{"@type":"ImageObject","inLanguage":"pt-BR","@id":"https:\/\/www.cidademarketing.com.br\/marketing\/2021\/09\/27\/casa-fiat-de-cultura-lanca-kit-para-ampliar-o-acesso-de-pessoas-com-deficiencia-a-obra-de-portinari\/#primaryimage","url":"https:\/\/www.cidademarketing.com.br\/marketing\/wp-content\/uploads\/2021\/09\/CasaFiatdeCultura_KitAcessibilidade_DetalheBraile_TaianeCosta-scaled.jpeg","contentUrl":"https:\/\/www.cidademarketing.com.br\/marketing\/wp-content\/uploads\/2021\/09\/CasaFiatdeCultura_KitAcessibilidade_DetalheBraile_TaianeCosta-scaled.jpeg","width":1920,"height":2560,"caption":"Foto: Taiane Costa"},{"@type":"BreadcrumbList","@id":"https:\/\/www.cidademarketing.com.br\/marketing\/2021\/09\/27\/casa-fiat-de-cultura-lanca-kit-para-ampliar-o-acesso-de-pessoas-com-deficiencia-a-obra-de-portinari\/#breadcrumb","itemListElement":[{"@type":"ListItem","position":1,"name":"In\u00edcio","item":"https:\/\/www.cidademarketing.com.br\/marketing\/"},{"@type":"ListItem","position":2,"name":"Casa Fiat de Cultura lan\u00e7a kit para ampliar o acesso de pessoas com defici\u00eancia \u00e0 obra de Portinari"}]},{"@type":"WebSite","@id":"https:\/\/www.cidademarketing.com.br\/marketing\/#website","url":"https:\/\/www.cidademarketing.com.br\/marketing\/","name":"CidadeMarketing","description":"Somos um ve\u00edculo de comunica\u00e7\u00e3o de destaque no Brasil, reconhecido por conte\u00fados nos segmentos de marketing, empreendedorismo e inova\u00e7\u00e3o.","publisher":{"@id":"https:\/\/www.cidademarketing.com.br\/marketing\/#organization"},"alternateName":"CidadeMarketing","potentialAction":[{"@type":"SearchAction","target":{"@type":"EntryPoint","urlTemplate":"https:\/\/www.cidademarketing.com.br\/marketing\/?s={search_term_string}"},"query-input":{"@type":"PropertyValueSpecification","valueRequired":true,"valueName":"search_term_string"}}],"inLanguage":"pt-BR"},{"@type":"Organization","@id":"https:\/\/www.cidademarketing.com.br\/marketing\/#organization","name":"CidadeMarketing","alternateName":"CidadeMarketing","url":"https:\/\/www.cidademarketing.com.br\/marketing\/","logo":{"@type":"ImageObject","inLanguage":"pt-BR","@id":"https:\/\/www.cidademarketing.com.br\/marketing\/#\/schema\/logo\/image\/","url":"https:\/\/www.cidademarketing.com.br\/marketing\/wp-content\/uploads\/2020\/01\/cidademarketing_marca_mobile.png","contentUrl":"https:\/\/www.cidademarketing.com.br\/marketing\/wp-content\/uploads\/2020\/01\/cidademarketing_marca_mobile.png","width":230,"height":92,"caption":"CidadeMarketing"},"image":{"@id":"https:\/\/www.cidademarketing.com.br\/marketing\/#\/schema\/logo\/image\/"},"sameAs":["https:\/\/www.facebook.com\/portalcidademarketing","https:\/\/x.com\/CidadeMarketing","https:\/\/www.instagram.com\/cidademarketing\/"]},{"@type":"Person","@id":"https:\/\/www.cidademarketing.com.br\/marketing\/#\/schema\/person\/02daff9f18bd9378c9e01eb6b2db155f","name":"Thales Brand\u00e3o","image":{"@type":"ImageObject","inLanguage":"pt-BR","@id":"https:\/\/secure.gravatar.com\/avatar\/7ca3206950207cc3cb48feec56a8a7898741ab725c368d99d5d7a5a50aab80c6?s=96&d=mm&r=g","url":"https:\/\/secure.gravatar.com\/avatar\/7ca3206950207cc3cb48feec56a8a7898741ab725c368d99d5d7a5a50aab80c6?s=96&d=mm&r=g","contentUrl":"https:\/\/secure.gravatar.com\/avatar\/7ca3206950207cc3cb48feec56a8a7898741ab725c368d99d5d7a5a50aab80c6?s=96&d=mm&r=g","caption":"Thales Brand\u00e3o"},"description":"Editor Executivo do Portal CidadeMarketing.com.br &gt; Mestre em Comunica\u00e7\u00e3o e Sociedade pela Universidade Federal de Sergipe. Possui MBA Executivo em Administra\u00e7\u00e3o com \u00eanfase em Marketing pela Funda\u00e7\u00e3o Get\u00falio Vargas - Rio de Janeiro. Consultor, Palestrante e Pesquisador sobre Empreendedorismo, Marketing, Redes Sociais e Neg\u00f3cios Digitais. Professor, Palestrante TedxTalks e Campus Party. Twitter: @ThalesBrandao","sameAs":["http:\/\/www.mandacaru.com.br","https:\/\/www.facebook.com\/thalesbrandao","http:\/\/www.instagram.com.br\/thalesbrandaoferreira","https:\/\/www.linkedin.com\/in\/thales-brand\u00e3o-3948609\/","https:\/\/x.com\/http:\/\/www.twitter.com\/thalesbrandao"],"url":"https:\/\/www.cidademarketing.com.br\/marketing\/author\/thalesbrandao\/"}]}},"amp_enabled":true,"_links":{"self":[{"href":"https:\/\/www.cidademarketing.com.br\/marketing\/wp-json\/wp\/v2\/posts\/29841","targetHints":{"allow":["GET"]}}],"collection":[{"href":"https:\/\/www.cidademarketing.com.br\/marketing\/wp-json\/wp\/v2\/posts"}],"about":[{"href":"https:\/\/www.cidademarketing.com.br\/marketing\/wp-json\/wp\/v2\/types\/post"}],"author":[{"embeddable":true,"href":"https:\/\/www.cidademarketing.com.br\/marketing\/wp-json\/wp\/v2\/users\/1"}],"replies":[{"embeddable":true,"href":"https:\/\/www.cidademarketing.com.br\/marketing\/wp-json\/wp\/v2\/comments?post=29841"}],"version-history":[{"count":1,"href":"https:\/\/www.cidademarketing.com.br\/marketing\/wp-json\/wp\/v2\/posts\/29841\/revisions"}],"predecessor-version":[{"id":29845,"href":"https:\/\/www.cidademarketing.com.br\/marketing\/wp-json\/wp\/v2\/posts\/29841\/revisions\/29845"}],"wp:featuredmedia":[{"embeddable":true,"href":"https:\/\/www.cidademarketing.com.br\/marketing\/wp-json\/wp\/v2\/media\/29844"}],"wp:attachment":[{"href":"https:\/\/www.cidademarketing.com.br\/marketing\/wp-json\/wp\/v2\/media?parent=29841"}],"wp:term":[{"taxonomy":"category","embeddable":true,"href":"https:\/\/www.cidademarketing.com.br\/marketing\/wp-json\/wp\/v2\/categories?post=29841"},{"taxonomy":"post_tag","embeddable":true,"href":"https:\/\/www.cidademarketing.com.br\/marketing\/wp-json\/wp\/v2\/tags?post=29841"}],"curies":[{"name":"wp","href":"https:\/\/api.w.org\/{rel}","templated":true}]}}