{"id":29836,"date":"2021-09-27T19:14:50","date_gmt":"2021-09-27T22:14:50","guid":{"rendered":"https:\/\/www.cidademarketing.com.br\/marketing\/?p=29836"},"modified":"2021-09-27T19:14:54","modified_gmt":"2021-09-27T22:14:54","slug":"tim-renova-patrocinio-ao-time-de-basquete-do-flamengo","status":"publish","type":"post","link":"https:\/\/www.cidademarketing.com.br\/marketing\/2021\/09\/27\/tim-renova-patrocinio-ao-time-de-basquete-do-flamengo\/","title":{"rendered":"TIM renova patroc\u00ednio ao time de basquete do Flamengo"},"content":{"rendered":"\n<p><\/p><iframe src=\"https:\/\/open.spotify.com\/embed\/show\/4khMKzP3FgFRWVwb73xicc\" width=\"100%\" height=\"232\" frameBorder=\"0\" allowtransparency=\"true\" allow=\"encrypted-media\"><\/iframe>\t\n\n\n\n\n<p><\/p>\n\n\n\n<p>A <strong>TIM<\/strong> segue apostando no esporte no Brasil. A operadora renovou o contrato de patroc\u00ednio ao time de basquete do Flamengo at\u00e9 junho do pr\u00f3ximo ano, refor\u00e7ando ainda mais a estrat\u00e9gia de aproxima\u00e7\u00e3o ao consumidor carioca.<\/p>\n\n\n\n<p>\u201c<em>Seguimos investindo no esporte porque acreditamos que ele incorpora diversos atributos que colocamos como prioridade, como a supera\u00e7\u00e3o, transforma\u00e7\u00f5es, diversidade e inclus\u00e3o<\/em>. <em>A parceria com o Flamengo j\u00e1 nasceu campe\u00e3. Temos uma liga\u00e7\u00e3o muito forte com o time h\u00e1 anos e a renova\u00e7\u00e3o do patroc\u00ednio ao basquete foi natural, uma vez que seus valores refletem e representam a alma da nossa cidade e nosso DNA carioca. Esta \u00e9 uma uni\u00e3o de duas marcas vencedoras que vai render mais t\u00edtulos ainda<\/em>\u201d, comenta <strong>Ana Paula Castello Branco,<\/strong> <strong>diretora de Advertising e Branding da TIM<\/strong>.<\/p>\n\n\n\n<p>Al\u00e9m da renova\u00e7\u00e3o com a equipe de basquete, a TIM tamb\u00e9m vai apoiar projetos culturais do clube relacionados ao esporte: shows durante o intervalo das partidas do NBB e a produ\u00e7\u00e3o do document\u00e1rio sobre o FlaBasquete, a ser lan\u00e7ado em 2022.<\/p>\n\n\n\n<p>O projeto Invas\u00e3o Cultural, que prev\u00ea os shows nos intervalos dos jogos do time no NBB, promete levar artistas flamenguistas como Alcione, Diogo Nogueira, Dudu Nobre, Xande de Pilares, Marcelo D2 e Arlindinho para animar ainda mais os torcedores assim que as quadras estiverem liberadas para receber o p\u00fablico no Rio com seguran\u00e7a sanit\u00e1ria. As partidas tamb\u00e9m ter\u00e3o apresenta\u00e7\u00f5es de dan\u00e7arinos dos projetos sociais Dan\u00e7ando para n\u00e3o Dan\u00e7ar, Rio H2K Viaduto de Madureira, Cia. de Bailarinos Adolpho Bloch, Os dois, Passinho Brazil e Escola Carioca de Dan\u00e7as Negras.<\/p>\n\n\n\n<p>J\u00e1 o projeto do document\u00e1rio 3 Pontos prev\u00ea acesso livre do espectador \u00e0 temporada mais vitoriosa do FlaBasquete nos \u00faltimos tempos, com os bastidores dos t\u00edtulos do Campeonato Estadual, da Copa Super 8, do NBB e da Champions League, conquistados pelo Orgulho da Na\u00e7\u00e3o em meio ao cen\u00e1rio pand\u00eamico e incertezas que assombraram o mundo inteiro devido ao coronav\u00edrus. O filme deve ser lan\u00e7ado em fevereiro de 2022, m\u00eas em que o Flamengo disputa a Copa Intercontinental em busca do segundo t\u00edtulo mundial de sua hist\u00f3ria.<\/p>\n\n\n\n<p><em>\u201cA TIM \u00e9 uma grande incentivadora dos esportes rubro-negros e ficamos extremamente satisfeitos com a renova\u00e7\u00e3o do v\u00ednculo com o basquete, nesta parceria que j\u00e1 se mostrou t\u00e3o vencedora, com todos os t\u00edtulos poss\u00edveis conquistados. Estamos ansiosos pelo in\u00edcio de mais uma temporada para lutarmos juntos por mais t\u00edtulos\u201d, <\/em>disse <strong>Gustavo Oliveira, vice-presidente de Comunica\u00e7\u00e3o e Marketing do Flamengo.<\/strong><\/p>\n\n\n\n<p><\/p><iframe allow=\"autoplay *; encrypted-media *; fullscreen *\" frameborder=\"0\" height=\"450\" style=\"width:100%;max-width:660px;overflow:hidden;background:transparent;\" sandbox=\"allow-forms allow-popups allow-same-origin allow-scripts allow-storage-access-by-user-activation allow-top-navigation-by-user-activation\" src=\"https:\/\/embed.podcasts.apple.com\/br\/podcast\/podcast-cidademarketing\/id1371923283\"><\/iframe>\n\n","protected":false},"excerpt":{"rendered":"<p>A TIM segue apostando no esporte no Brasil. A operadora renovou o contrato de patroc\u00ednio ao time de basquete do Flamengo at\u00e9 junho do pr\u00f3ximo ano, refor\u00e7ando ainda mais a estrat\u00e9gia de aproxima\u00e7\u00e3o ao consumidor carioca. \u201cSeguimos investindo no esporte porque acreditamos que ele incorpora diversos atributos que colocamos como prioridade, como a supera\u00e7\u00e3o, transforma\u00e7\u00f5es, [&hellip;]<\/p>\n","protected":false},"author":1,"featured_media":5017,"comment_status":"open","ping_status":"open","sticky":false,"template":"","format":"standard","meta":{"tdm_status":"","tdm_grid_status":"","footnotes":""},"categories":[6],"tags":[2532,33,941,28,194,447],"class_list":["post-29836","post","type-post","status-publish","format-standard","has-post-thumbnail","hentry","category-noticias","tag-basquete","tag-estrategia","tag-flamengo","tag-marketing","tag-marketing-esportivo","tag-patrocinio"],"yoast_head":"<!-- This site is optimized with the Yoast SEO plugin v27.5 - https:\/\/yoast.com\/product\/yoast-seo-wordpress\/ -->\n<title>TIM renova patroc\u00ednio ao time de basquete do Flamengo - CidadeMarketing<\/title>\n<meta name=\"robots\" content=\"index, follow, max-snippet:-1, max-image-preview:large, max-video-preview:-1\" \/>\n<link rel=\"canonical\" href=\"https:\/\/www.cidademarketing.com.br\/marketing\/2021\/09\/27\/tim-renova-patrocinio-ao-time-de-basquete-do-flamengo\/\" \/>\n<meta property=\"og:locale\" content=\"pt_BR\" \/>\n<meta property=\"og:type\" content=\"article\" \/>\n<meta property=\"og:title\" content=\"TIM renova patroc\u00ednio ao time de basquete do Flamengo - CidadeMarketing\" \/>\n<meta property=\"og:description\" content=\"A TIM segue apostando no esporte no Brasil. A operadora renovou o contrato de patroc\u00ednio ao time de basquete do Flamengo at\u00e9 junho do pr\u00f3ximo ano, refor\u00e7ando ainda mais a estrat\u00e9gia de aproxima\u00e7\u00e3o ao consumidor carioca. \u201cSeguimos investindo no esporte porque acreditamos que ele incorpora diversos atributos que colocamos como prioridade, como a supera\u00e7\u00e3o, transforma\u00e7\u00f5es, [&hellip;]\" \/>\n<meta property=\"og:url\" content=\"https:\/\/www.cidademarketing.com.br\/marketing\/2021\/09\/27\/tim-renova-patrocinio-ao-time-de-basquete-do-flamengo\/\" \/>\n<meta property=\"og:site_name\" content=\"CidadeMarketing\" \/>\n<meta property=\"article:publisher\" content=\"https:\/\/www.facebook.com\/portalcidademarketing\" \/>\n<meta property=\"article:author\" content=\"https:\/\/www.facebook.com\/thalesbrandao\" \/>\n<meta property=\"article:published_time\" content=\"2021-09-27T22:14:50+00:00\" \/>\n<meta property=\"article:modified_time\" content=\"2021-09-27T22:14:54+00:00\" \/>\n<meta property=\"og:image\" content=\"https:\/\/www.cidademarketing.com.br\/marketing\/wp-content\/uploads\/2019\/01\/flamengo.jpg\" \/>\n\t<meta property=\"og:image:width\" content=\"1772\" \/>\n\t<meta property=\"og:image:height\" content=\"1181\" \/>\n\t<meta property=\"og:image:type\" content=\"image\/jpeg\" \/>\n<meta name=\"author\" content=\"Thales Brand\u00e3o\" \/>\n<meta name=\"twitter:card\" content=\"summary_large_image\" \/>\n<meta name=\"twitter:creator\" content=\"@http:\/\/www.twitter.com\/thalesbrandao\" \/>\n<meta name=\"twitter:site\" content=\"@CidadeMarketing\" \/>\n<meta name=\"twitter:label1\" content=\"Escrito por\" \/>\n\t<meta name=\"twitter:data1\" content=\"Thales Brand\u00e3o\" \/>\n\t<meta name=\"twitter:label2\" content=\"Est. tempo de leitura\" \/>\n\t<meta name=\"twitter:data2\" content=\"2 minutos\" \/>\n<script type=\"application\/ld+json\" class=\"yoast-schema-graph\">{\"@context\":\"https:\\\/\\\/schema.org\",\"@graph\":[{\"@type\":\"Article\",\"@id\":\"https:\\\/\\\/www.cidademarketing.com.br\\\/marketing\\\/2021\\\/09\\\/27\\\/tim-renova-patrocinio-ao-time-de-basquete-do-flamengo\\\/#article\",\"isPartOf\":{\"@id\":\"https:\\\/\\\/www.cidademarketing.com.br\\\/marketing\\\/2021\\\/09\\\/27\\\/tim-renova-patrocinio-ao-time-de-basquete-do-flamengo\\\/\"},\"author\":{\"name\":\"Thales Brand\u00e3o\",\"@id\":\"https:\\\/\\\/www.cidademarketing.com.br\\\/marketing\\\/#\\\/schema\\\/person\\\/02daff9f18bd9378c9e01eb6b2db155f\"},\"headline\":\"TIM renova patroc\u00ednio ao time de basquete do Flamengo\",\"datePublished\":\"2021-09-27T22:14:50+00:00\",\"dateModified\":\"2021-09-27T22:14:54+00:00\",\"mainEntityOfPage\":{\"@id\":\"https:\\\/\\\/www.cidademarketing.com.br\\\/marketing\\\/2021\\\/09\\\/27\\\/tim-renova-patrocinio-ao-time-de-basquete-do-flamengo\\\/\"},\"wordCount\":455,\"commentCount\":0,\"publisher\":{\"@id\":\"https:\\\/\\\/www.cidademarketing.com.br\\\/marketing\\\/#organization\"},\"image\":{\"@id\":\"https:\\\/\\\/www.cidademarketing.com.br\\\/marketing\\\/2021\\\/09\\\/27\\\/tim-renova-patrocinio-ao-time-de-basquete-do-flamengo\\\/#primaryimage\"},\"thumbnailUrl\":\"https:\\\/\\\/www.cidademarketing.com.br\\\/marketing\\\/wp-content\\\/uploads\\\/2019\\\/01\\\/flamengo.jpg\",\"keywords\":[\"basquete\",\"estrat\u00e9gia\",\"Flamengo\",\"marketing\",\"marketing esportivo\",\"patroc\u00ednio\"],\"articleSection\":[\"Not\u00edcias\"],\"inLanguage\":\"pt-BR\",\"potentialAction\":[{\"@type\":\"CommentAction\",\"name\":\"Comment\",\"target\":[\"https:\\\/\\\/www.cidademarketing.com.br\\\/marketing\\\/2021\\\/09\\\/27\\\/tim-renova-patrocinio-ao-time-de-basquete-do-flamengo\\\/#respond\"]}]},{\"@type\":\"WebPage\",\"@id\":\"https:\\\/\\\/www.cidademarketing.com.br\\\/marketing\\\/2021\\\/09\\\/27\\\/tim-renova-patrocinio-ao-time-de-basquete-do-flamengo\\\/\",\"url\":\"https:\\\/\\\/www.cidademarketing.com.br\\\/marketing\\\/2021\\\/09\\\/27\\\/tim-renova-patrocinio-ao-time-de-basquete-do-flamengo\\\/\",\"name\":\"TIM renova patroc\u00ednio ao time de basquete do Flamengo - CidadeMarketing\",\"isPartOf\":{\"@id\":\"https:\\\/\\\/www.cidademarketing.com.br\\\/marketing\\\/#website\"},\"primaryImageOfPage\":{\"@id\":\"https:\\\/\\\/www.cidademarketing.com.br\\\/marketing\\\/2021\\\/09\\\/27\\\/tim-renova-patrocinio-ao-time-de-basquete-do-flamengo\\\/#primaryimage\"},\"image\":{\"@id\":\"https:\\\/\\\/www.cidademarketing.com.br\\\/marketing\\\/2021\\\/09\\\/27\\\/tim-renova-patrocinio-ao-time-de-basquete-do-flamengo\\\/#primaryimage\"},\"thumbnailUrl\":\"https:\\\/\\\/www.cidademarketing.com.br\\\/marketing\\\/wp-content\\\/uploads\\\/2019\\\/01\\\/flamengo.jpg\",\"datePublished\":\"2021-09-27T22:14:50+00:00\",\"dateModified\":\"2021-09-27T22:14:54+00:00\",\"breadcrumb\":{\"@id\":\"https:\\\/\\\/www.cidademarketing.com.br\\\/marketing\\\/2021\\\/09\\\/27\\\/tim-renova-patrocinio-ao-time-de-basquete-do-flamengo\\\/#breadcrumb\"},\"inLanguage\":\"pt-BR\",\"potentialAction\":[{\"@type\":\"ReadAction\",\"target\":[\"https:\\\/\\\/www.cidademarketing.com.br\\\/marketing\\\/2021\\\/09\\\/27\\\/tim-renova-patrocinio-ao-time-de-basquete-do-flamengo\\\/\"]}]},{\"@type\":\"ImageObject\",\"inLanguage\":\"pt-BR\",\"@id\":\"https:\\\/\\\/www.cidademarketing.com.br\\\/marketing\\\/2021\\\/09\\\/27\\\/tim-renova-patrocinio-ao-time-de-basquete-do-flamengo\\\/#primaryimage\",\"url\":\"https:\\\/\\\/www.cidademarketing.com.br\\\/marketing\\\/wp-content\\\/uploads\\\/2019\\\/01\\\/flamengo.jpg\",\"contentUrl\":\"https:\\\/\\\/www.cidademarketing.com.br\\\/marketing\\\/wp-content\\\/uploads\\\/2019\\\/01\\\/flamengo.jpg\",\"width\":1772,\"height\":1181},{\"@type\":\"BreadcrumbList\",\"@id\":\"https:\\\/\\\/www.cidademarketing.com.br\\\/marketing\\\/2021\\\/09\\\/27\\\/tim-renova-patrocinio-ao-time-de-basquete-do-flamengo\\\/#breadcrumb\",\"itemListElement\":[{\"@type\":\"ListItem\",\"position\":1,\"name\":\"In\u00edcio\",\"item\":\"https:\\\/\\\/www.cidademarketing.com.br\\\/marketing\\\/\"},{\"@type\":\"ListItem\",\"position\":2,\"name\":\"TIM renova patroc\u00ednio ao time de basquete do Flamengo\"}]},{\"@type\":\"WebSite\",\"@id\":\"https:\\\/\\\/www.cidademarketing.com.br\\\/marketing\\\/#website\",\"url\":\"https:\\\/\\\/www.cidademarketing.com.br\\\/marketing\\\/\",\"name\":\"CidadeMarketing\",\"description\":\"Somos um ve\u00edculo de comunica\u00e7\u00e3o de destaque no Brasil, reconhecido por conte\u00fados nos segmentos de marketing, empreendedorismo e inova\u00e7\u00e3o.\",\"publisher\":{\"@id\":\"https:\\\/\\\/www.cidademarketing.com.br\\\/marketing\\\/#organization\"},\"alternateName\":\"CidadeMarketing\",\"potentialAction\":[{\"@type\":\"SearchAction\",\"target\":{\"@type\":\"EntryPoint\",\"urlTemplate\":\"https:\\\/\\\/www.cidademarketing.com.br\\\/marketing\\\/?s={search_term_string}\"},\"query-input\":{\"@type\":\"PropertyValueSpecification\",\"valueRequired\":true,\"valueName\":\"search_term_string\"}}],\"inLanguage\":\"pt-BR\"},{\"@type\":\"Organization\",\"@id\":\"https:\\\/\\\/www.cidademarketing.com.br\\\/marketing\\\/#organization\",\"name\":\"CidadeMarketing\",\"alternateName\":\"CidadeMarketing\",\"url\":\"https:\\\/\\\/www.cidademarketing.com.br\\\/marketing\\\/\",\"logo\":{\"@type\":\"ImageObject\",\"inLanguage\":\"pt-BR\",\"@id\":\"https:\\\/\\\/www.cidademarketing.com.br\\\/marketing\\\/#\\\/schema\\\/logo\\\/image\\\/\",\"url\":\"https:\\\/\\\/www.cidademarketing.com.br\\\/marketing\\\/wp-content\\\/uploads\\\/2020\\\/01\\\/cidademarketing_marca_mobile.png\",\"contentUrl\":\"https:\\\/\\\/www.cidademarketing.com.br\\\/marketing\\\/wp-content\\\/uploads\\\/2020\\\/01\\\/cidademarketing_marca_mobile.png\",\"width\":230,\"height\":92,\"caption\":\"CidadeMarketing\"},\"image\":{\"@id\":\"https:\\\/\\\/www.cidademarketing.com.br\\\/marketing\\\/#\\\/schema\\\/logo\\\/image\\\/\"},\"sameAs\":[\"https:\\\/\\\/www.facebook.com\\\/portalcidademarketing\",\"https:\\\/\\\/x.com\\\/CidadeMarketing\",\"https:\\\/\\\/www.instagram.com\\\/cidademarketing\\\/\"]},{\"@type\":\"Person\",\"@id\":\"https:\\\/\\\/www.cidademarketing.com.br\\\/marketing\\\/#\\\/schema\\\/person\\\/02daff9f18bd9378c9e01eb6b2db155f\",\"name\":\"Thales Brand\u00e3o\",\"image\":{\"@type\":\"ImageObject\",\"inLanguage\":\"pt-BR\",\"@id\":\"https:\\\/\\\/secure.gravatar.com\\\/avatar\\\/7ca3206950207cc3cb48feec56a8a7898741ab725c368d99d5d7a5a50aab80c6?s=96&d=mm&r=g\",\"url\":\"https:\\\/\\\/secure.gravatar.com\\\/avatar\\\/7ca3206950207cc3cb48feec56a8a7898741ab725c368d99d5d7a5a50aab80c6?s=96&d=mm&r=g\",\"contentUrl\":\"https:\\\/\\\/secure.gravatar.com\\\/avatar\\\/7ca3206950207cc3cb48feec56a8a7898741ab725c368d99d5d7a5a50aab80c6?s=96&d=mm&r=g\",\"caption\":\"Thales Brand\u00e3o\"},\"description\":\"Editor Executivo do Portal CidadeMarketing.com.br &gt; Mestre em Comunica\u00e7\u00e3o e Sociedade pela Universidade Federal de Sergipe. Possui MBA Executivo em Administra\u00e7\u00e3o com \u00eanfase em Marketing pela Funda\u00e7\u00e3o Get\u00falio Vargas - Rio de Janeiro. Consultor, Palestrante e Pesquisador sobre Empreendedorismo, Marketing, Redes Sociais e Neg\u00f3cios Digitais. Professor, Palestrante TedxTalks e Campus Party. Twitter: @ThalesBrandao\",\"sameAs\":[\"http:\\\/\\\/www.mandacaru.com.br\",\"https:\\\/\\\/www.facebook.com\\\/thalesbrandao\",\"http:\\\/\\\/www.instagram.com.br\\\/thalesbrandaoferreira\",\"https:\\\/\\\/www.linkedin.com\\\/in\\\/thales-brand\u00e3o-3948609\\\/\",\"https:\\\/\\\/x.com\\\/http:\\\/\\\/www.twitter.com\\\/thalesbrandao\"],\"url\":\"https:\\\/\\\/www.cidademarketing.com.br\\\/marketing\\\/author\\\/thalesbrandao\\\/\"}]}<\/script>\n<!-- \/ Yoast SEO plugin. -->","yoast_head_json":{"title":"TIM renova patroc\u00ednio ao time de basquete do Flamengo - CidadeMarketing","robots":{"index":"index","follow":"follow","max-snippet":"max-snippet:-1","max-image-preview":"max-image-preview:large","max-video-preview":"max-video-preview:-1"},"canonical":"https:\/\/www.cidademarketing.com.br\/marketing\/2021\/09\/27\/tim-renova-patrocinio-ao-time-de-basquete-do-flamengo\/","og_locale":"pt_BR","og_type":"article","og_title":"TIM renova patroc\u00ednio ao time de basquete do Flamengo - CidadeMarketing","og_description":"A TIM segue apostando no esporte no Brasil. A operadora renovou o contrato de patroc\u00ednio ao time de basquete do Flamengo at\u00e9 junho do pr\u00f3ximo ano, refor\u00e7ando ainda mais a estrat\u00e9gia de aproxima\u00e7\u00e3o ao consumidor carioca. \u201cSeguimos investindo no esporte porque acreditamos que ele incorpora diversos atributos que colocamos como prioridade, como a supera\u00e7\u00e3o, transforma\u00e7\u00f5es, [&hellip;]","og_url":"https:\/\/www.cidademarketing.com.br\/marketing\/2021\/09\/27\/tim-renova-patrocinio-ao-time-de-basquete-do-flamengo\/","og_site_name":"CidadeMarketing","article_publisher":"https:\/\/www.facebook.com\/portalcidademarketing","article_author":"https:\/\/www.facebook.com\/thalesbrandao","article_published_time":"2021-09-27T22:14:50+00:00","article_modified_time":"2021-09-27T22:14:54+00:00","og_image":[{"width":1772,"height":1181,"url":"https:\/\/www.cidademarketing.com.br\/marketing\/wp-content\/uploads\/2019\/01\/flamengo.jpg","type":"image\/jpeg"}],"author":"Thales Brand\u00e3o","twitter_card":"summary_large_image","twitter_creator":"@http:\/\/www.twitter.com\/thalesbrandao","twitter_site":"@CidadeMarketing","twitter_misc":{"Escrito por":"Thales Brand\u00e3o","Est. tempo de leitura":"2 minutos"},"schema":{"@context":"https:\/\/schema.org","@graph":[{"@type":"Article","@id":"https:\/\/www.cidademarketing.com.br\/marketing\/2021\/09\/27\/tim-renova-patrocinio-ao-time-de-basquete-do-flamengo\/#article","isPartOf":{"@id":"https:\/\/www.cidademarketing.com.br\/marketing\/2021\/09\/27\/tim-renova-patrocinio-ao-time-de-basquete-do-flamengo\/"},"author":{"name":"Thales Brand\u00e3o","@id":"https:\/\/www.cidademarketing.com.br\/marketing\/#\/schema\/person\/02daff9f18bd9378c9e01eb6b2db155f"},"headline":"TIM renova patroc\u00ednio ao time de basquete do Flamengo","datePublished":"2021-09-27T22:14:50+00:00","dateModified":"2021-09-27T22:14:54+00:00","mainEntityOfPage":{"@id":"https:\/\/www.cidademarketing.com.br\/marketing\/2021\/09\/27\/tim-renova-patrocinio-ao-time-de-basquete-do-flamengo\/"},"wordCount":455,"commentCount":0,"publisher":{"@id":"https:\/\/www.cidademarketing.com.br\/marketing\/#organization"},"image":{"@id":"https:\/\/www.cidademarketing.com.br\/marketing\/2021\/09\/27\/tim-renova-patrocinio-ao-time-de-basquete-do-flamengo\/#primaryimage"},"thumbnailUrl":"https:\/\/www.cidademarketing.com.br\/marketing\/wp-content\/uploads\/2019\/01\/flamengo.jpg","keywords":["basquete","estrat\u00e9gia","Flamengo","marketing","marketing esportivo","patroc\u00ednio"],"articleSection":["Not\u00edcias"],"inLanguage":"pt-BR","potentialAction":[{"@type":"CommentAction","name":"Comment","target":["https:\/\/www.cidademarketing.com.br\/marketing\/2021\/09\/27\/tim-renova-patrocinio-ao-time-de-basquete-do-flamengo\/#respond"]}]},{"@type":"WebPage","@id":"https:\/\/www.cidademarketing.com.br\/marketing\/2021\/09\/27\/tim-renova-patrocinio-ao-time-de-basquete-do-flamengo\/","url":"https:\/\/www.cidademarketing.com.br\/marketing\/2021\/09\/27\/tim-renova-patrocinio-ao-time-de-basquete-do-flamengo\/","name":"TIM renova patroc\u00ednio ao time de basquete do Flamengo - CidadeMarketing","isPartOf":{"@id":"https:\/\/www.cidademarketing.com.br\/marketing\/#website"},"primaryImageOfPage":{"@id":"https:\/\/www.cidademarketing.com.br\/marketing\/2021\/09\/27\/tim-renova-patrocinio-ao-time-de-basquete-do-flamengo\/#primaryimage"},"image":{"@id":"https:\/\/www.cidademarketing.com.br\/marketing\/2021\/09\/27\/tim-renova-patrocinio-ao-time-de-basquete-do-flamengo\/#primaryimage"},"thumbnailUrl":"https:\/\/www.cidademarketing.com.br\/marketing\/wp-content\/uploads\/2019\/01\/flamengo.jpg","datePublished":"2021-09-27T22:14:50+00:00","dateModified":"2021-09-27T22:14:54+00:00","breadcrumb":{"@id":"https:\/\/www.cidademarketing.com.br\/marketing\/2021\/09\/27\/tim-renova-patrocinio-ao-time-de-basquete-do-flamengo\/#breadcrumb"},"inLanguage":"pt-BR","potentialAction":[{"@type":"ReadAction","target":["https:\/\/www.cidademarketing.com.br\/marketing\/2021\/09\/27\/tim-renova-patrocinio-ao-time-de-basquete-do-flamengo\/"]}]},{"@type":"ImageObject","inLanguage":"pt-BR","@id":"https:\/\/www.cidademarketing.com.br\/marketing\/2021\/09\/27\/tim-renova-patrocinio-ao-time-de-basquete-do-flamengo\/#primaryimage","url":"https:\/\/www.cidademarketing.com.br\/marketing\/wp-content\/uploads\/2019\/01\/flamengo.jpg","contentUrl":"https:\/\/www.cidademarketing.com.br\/marketing\/wp-content\/uploads\/2019\/01\/flamengo.jpg","width":1772,"height":1181},{"@type":"BreadcrumbList","@id":"https:\/\/www.cidademarketing.com.br\/marketing\/2021\/09\/27\/tim-renova-patrocinio-ao-time-de-basquete-do-flamengo\/#breadcrumb","itemListElement":[{"@type":"ListItem","position":1,"name":"In\u00edcio","item":"https:\/\/www.cidademarketing.com.br\/marketing\/"},{"@type":"ListItem","position":2,"name":"TIM renova patroc\u00ednio ao time de basquete do Flamengo"}]},{"@type":"WebSite","@id":"https:\/\/www.cidademarketing.com.br\/marketing\/#website","url":"https:\/\/www.cidademarketing.com.br\/marketing\/","name":"CidadeMarketing","description":"Somos um ve\u00edculo de comunica\u00e7\u00e3o de destaque no Brasil, reconhecido por conte\u00fados nos segmentos de marketing, empreendedorismo e inova\u00e7\u00e3o.","publisher":{"@id":"https:\/\/www.cidademarketing.com.br\/marketing\/#organization"},"alternateName":"CidadeMarketing","potentialAction":[{"@type":"SearchAction","target":{"@type":"EntryPoint","urlTemplate":"https:\/\/www.cidademarketing.com.br\/marketing\/?s={search_term_string}"},"query-input":{"@type":"PropertyValueSpecification","valueRequired":true,"valueName":"search_term_string"}}],"inLanguage":"pt-BR"},{"@type":"Organization","@id":"https:\/\/www.cidademarketing.com.br\/marketing\/#organization","name":"CidadeMarketing","alternateName":"CidadeMarketing","url":"https:\/\/www.cidademarketing.com.br\/marketing\/","logo":{"@type":"ImageObject","inLanguage":"pt-BR","@id":"https:\/\/www.cidademarketing.com.br\/marketing\/#\/schema\/logo\/image\/","url":"https:\/\/www.cidademarketing.com.br\/marketing\/wp-content\/uploads\/2020\/01\/cidademarketing_marca_mobile.png","contentUrl":"https:\/\/www.cidademarketing.com.br\/marketing\/wp-content\/uploads\/2020\/01\/cidademarketing_marca_mobile.png","width":230,"height":92,"caption":"CidadeMarketing"},"image":{"@id":"https:\/\/www.cidademarketing.com.br\/marketing\/#\/schema\/logo\/image\/"},"sameAs":["https:\/\/www.facebook.com\/portalcidademarketing","https:\/\/x.com\/CidadeMarketing","https:\/\/www.instagram.com\/cidademarketing\/"]},{"@type":"Person","@id":"https:\/\/www.cidademarketing.com.br\/marketing\/#\/schema\/person\/02daff9f18bd9378c9e01eb6b2db155f","name":"Thales Brand\u00e3o","image":{"@type":"ImageObject","inLanguage":"pt-BR","@id":"https:\/\/secure.gravatar.com\/avatar\/7ca3206950207cc3cb48feec56a8a7898741ab725c368d99d5d7a5a50aab80c6?s=96&d=mm&r=g","url":"https:\/\/secure.gravatar.com\/avatar\/7ca3206950207cc3cb48feec56a8a7898741ab725c368d99d5d7a5a50aab80c6?s=96&d=mm&r=g","contentUrl":"https:\/\/secure.gravatar.com\/avatar\/7ca3206950207cc3cb48feec56a8a7898741ab725c368d99d5d7a5a50aab80c6?s=96&d=mm&r=g","caption":"Thales Brand\u00e3o"},"description":"Editor Executivo do Portal CidadeMarketing.com.br &gt; Mestre em Comunica\u00e7\u00e3o e Sociedade pela Universidade Federal de Sergipe. Possui MBA Executivo em Administra\u00e7\u00e3o com \u00eanfase em Marketing pela Funda\u00e7\u00e3o Get\u00falio Vargas - Rio de Janeiro. Consultor, Palestrante e Pesquisador sobre Empreendedorismo, Marketing, Redes Sociais e Neg\u00f3cios Digitais. Professor, Palestrante TedxTalks e Campus Party. Twitter: @ThalesBrandao","sameAs":["http:\/\/www.mandacaru.com.br","https:\/\/www.facebook.com\/thalesbrandao","http:\/\/www.instagram.com.br\/thalesbrandaoferreira","https:\/\/www.linkedin.com\/in\/thales-brand\u00e3o-3948609\/","https:\/\/x.com\/http:\/\/www.twitter.com\/thalesbrandao"],"url":"https:\/\/www.cidademarketing.com.br\/marketing\/author\/thalesbrandao\/"}]}},"amp_enabled":true,"_links":{"self":[{"href":"https:\/\/www.cidademarketing.com.br\/marketing\/wp-json\/wp\/v2\/posts\/29836","targetHints":{"allow":["GET"]}}],"collection":[{"href":"https:\/\/www.cidademarketing.com.br\/marketing\/wp-json\/wp\/v2\/posts"}],"about":[{"href":"https:\/\/www.cidademarketing.com.br\/marketing\/wp-json\/wp\/v2\/types\/post"}],"author":[{"embeddable":true,"href":"https:\/\/www.cidademarketing.com.br\/marketing\/wp-json\/wp\/v2\/users\/1"}],"replies":[{"embeddable":true,"href":"https:\/\/www.cidademarketing.com.br\/marketing\/wp-json\/wp\/v2\/comments?post=29836"}],"version-history":[{"count":1,"href":"https:\/\/www.cidademarketing.com.br\/marketing\/wp-json\/wp\/v2\/posts\/29836\/revisions"}],"predecessor-version":[{"id":29837,"href":"https:\/\/www.cidademarketing.com.br\/marketing\/wp-json\/wp\/v2\/posts\/29836\/revisions\/29837"}],"wp:featuredmedia":[{"embeddable":true,"href":"https:\/\/www.cidademarketing.com.br\/marketing\/wp-json\/wp\/v2\/media\/5017"}],"wp:attachment":[{"href":"https:\/\/www.cidademarketing.com.br\/marketing\/wp-json\/wp\/v2\/media?parent=29836"}],"wp:term":[{"taxonomy":"category","embeddable":true,"href":"https:\/\/www.cidademarketing.com.br\/marketing\/wp-json\/wp\/v2\/categories?post=29836"},{"taxonomy":"post_tag","embeddable":true,"href":"https:\/\/www.cidademarketing.com.br\/marketing\/wp-json\/wp\/v2\/tags?post=29836"}],"curies":[{"name":"wp","href":"https:\/\/api.w.org\/{rel}","templated":true}]}}