{"id":29815,"date":"2021-09-27T14:54:48","date_gmt":"2021-09-27T17:54:48","guid":{"rendered":"https:\/\/www.cidademarketing.com.br\/marketing\/?p=29815"},"modified":"2021-09-27T15:04:42","modified_gmt":"2021-09-27T18:04:42","slug":"mr-cat-comemora-40-anos-com-um-pe-na-tradicao-e-outro-no-futuro","status":"publish","type":"post","link":"https:\/\/www.cidademarketing.com.br\/marketing\/2021\/09\/27\/mr-cat-comemora-40-anos-com-um-pe-na-tradicao-e-outro-no-futuro\/","title":{"rendered":"Mr. Cat comemora 40 anos com um p\u00e9 na tradi\u00e7\u00e3o e outro no futuro"},"content":{"rendered":"\n<p><\/p><iframe src=\"https:\/\/open.spotify.com\/embed\/show\/4khMKzP3FgFRWVwb73xicc\" width=\"100%\" height=\"232\" frameBorder=\"0\" allowtransparency=\"true\" allow=\"encrypted-media\"><\/iframe>\t\n\n\n\n\n<p><\/p>\n\n\n\n<p>Foi em 1981 que essa hist\u00f3ria come\u00e7ou, com uma pequena vitrine em Ipanema, no Rio de Janeiro.\u00a0 Depois da longa caminhada e num mundo t\u00e3o distante dos primeiros passos, a Mr.Cat completa agora 40 anos como uma das maiores refer\u00eancias do pa\u00eds no segmento de cal\u00e7ados, bolsas e acess\u00f3rios. Hoje s\u00e3o 200 lojas, presen\u00e7a em 26 estados, produ\u00e7\u00e3o anual de 1,5 milh\u00e3o de sapatos, mem\u00f3ria afetiva, tradi\u00e7\u00e3o em conforto e design. Tem muito o que comemorar! A celebra\u00e7\u00e3o vem em forma de duas edi\u00e7\u00f5es especiais: uma traz de volta os sapatos-\u00edcones das quatro d\u00e9cadas e a outra olha para a frente com uma linha sustent\u00e1vel, 100% feita a partir de materiais reciclados.<\/p>\n\n\n\n<p><\/p>\n\n\n\n<figure class=\"wp-block-gallery columns-2 is-cropped wp-block-gallery-1 is-layout-flex wp-block-gallery-is-layout-flex\"><ul class=\"blocks-gallery-grid\"><li class=\"blocks-gallery-item\"><figure><img fetchpriority=\"high\" decoding=\"async\" width=\"1000\" height=\"1000\" src=\"https:\/\/www.cidademarketing.com.br\/marketing\/wp-content\/uploads\/2021\/09\/MOCASSIM-DRIVER-COURO-MICANGA-ICONE-MARINHO-WCL120-MH-3.jpg\" alt=\"\" data-id=\"29816\" data-full-url=\"https:\/\/www.cidademarketing.com.br\/marketing\/wp-content\/uploads\/2021\/09\/MOCASSIM-DRIVER-COURO-MICANGA-ICONE-MARINHO-WCL120-MH-3.jpg\" data-link=\"https:\/\/www.cidademarketing.com.br\/marketing\/?attachment_id=29816\" class=\"wp-image-29816\" srcset=\"https:\/\/www.cidademarketing.com.br\/marketing\/wp-content\/uploads\/2021\/09\/MOCASSIM-DRIVER-COURO-MICANGA-ICONE-MARINHO-WCL120-MH-3.jpg 1000w, https:\/\/www.cidademarketing.com.br\/marketing\/wp-content\/uploads\/2021\/09\/MOCASSIM-DRIVER-COURO-MICANGA-ICONE-MARINHO-WCL120-MH-3-300x300.jpg 300w, https:\/\/www.cidademarketing.com.br\/marketing\/wp-content\/uploads\/2021\/09\/MOCASSIM-DRIVER-COURO-MICANGA-ICONE-MARINHO-WCL120-MH-3-150x150.jpg 150w, https:\/\/www.cidademarketing.com.br\/marketing\/wp-content\/uploads\/2021\/09\/MOCASSIM-DRIVER-COURO-MICANGA-ICONE-MARINHO-WCL120-MH-3-768x768.jpg 768w, https:\/\/www.cidademarketing.com.br\/marketing\/wp-content\/uploads\/2021\/09\/MOCASSIM-DRIVER-COURO-MICANGA-ICONE-MARINHO-WCL120-MH-3-420x420.jpg 420w, https:\/\/www.cidademarketing.com.br\/marketing\/wp-content\/uploads\/2021\/09\/MOCASSIM-DRIVER-COURO-MICANGA-ICONE-MARINHO-WCL120-MH-3-640x640.jpg 640w, https:\/\/www.cidademarketing.com.br\/marketing\/wp-content\/uploads\/2021\/09\/MOCASSIM-DRIVER-COURO-MICANGA-ICONE-MARINHO-WCL120-MH-3-681x681.jpg 681w\" sizes=\"(max-width: 1000px) 100vw, 1000px\" \/><\/figure><\/li><li class=\"blocks-gallery-item\"><figure><img decoding=\"async\" width=\"1000\" height=\"1000\" src=\"https:\/\/www.cidademarketing.com.br\/marketing\/wp-content\/uploads\/2021\/09\/SNEAKER-KNIT-BICOLOR-BIO-CINZA-SLB003-CZ-3.jpg\" alt=\"\" data-id=\"29817\" data-full-url=\"https:\/\/www.cidademarketing.com.br\/marketing\/wp-content\/uploads\/2021\/09\/SNEAKER-KNIT-BICOLOR-BIO-CINZA-SLB003-CZ-3.jpg\" data-link=\"https:\/\/www.cidademarketing.com.br\/marketing\/?attachment_id=29817\" class=\"wp-image-29817\" srcset=\"https:\/\/www.cidademarketing.com.br\/marketing\/wp-content\/uploads\/2021\/09\/SNEAKER-KNIT-BICOLOR-BIO-CINZA-SLB003-CZ-3.jpg 1000w, https:\/\/www.cidademarketing.com.br\/marketing\/wp-content\/uploads\/2021\/09\/SNEAKER-KNIT-BICOLOR-BIO-CINZA-SLB003-CZ-3-300x300.jpg 300w, https:\/\/www.cidademarketing.com.br\/marketing\/wp-content\/uploads\/2021\/09\/SNEAKER-KNIT-BICOLOR-BIO-CINZA-SLB003-CZ-3-150x150.jpg 150w, https:\/\/www.cidademarketing.com.br\/marketing\/wp-content\/uploads\/2021\/09\/SNEAKER-KNIT-BICOLOR-BIO-CINZA-SLB003-CZ-3-768x768.jpg 768w, https:\/\/www.cidademarketing.com.br\/marketing\/wp-content\/uploads\/2021\/09\/SNEAKER-KNIT-BICOLOR-BIO-CINZA-SLB003-CZ-3-420x420.jpg 420w, https:\/\/www.cidademarketing.com.br\/marketing\/wp-content\/uploads\/2021\/09\/SNEAKER-KNIT-BICOLOR-BIO-CINZA-SLB003-CZ-3-640x640.jpg 640w, https:\/\/www.cidademarketing.com.br\/marketing\/wp-content\/uploads\/2021\/09\/SNEAKER-KNIT-BICOLOR-BIO-CINZA-SLB003-CZ-3-681x681.jpg 681w\" sizes=\"(max-width: 1000px) 100vw, 1000px\" \/><\/figure><\/li><\/ul><\/figure>\n\n\n\n<p><\/p>\n\n\n\n<p>O cl\u00e1ssico saquinho amarelo, que virou marca registrada da Mr. Cat, agora vai levar por a\u00ed o Project 81, como foi batizada a cole\u00e7\u00e3o de anivers\u00e1rio produzida com mat\u00e9ria-prima de reuso. Os produtos carregam atributos como solas de EVA biodegrad\u00e1veis, palmilhas de biol\u00e1tex, cadar\u00e7os, lonas e borrachas reciclados. Na cole\u00e7\u00e3o masculina, os cal\u00e7ados s\u00e3o vers\u00e1teis, com design contempor\u00e2neo e um olhar mais tech dado pelo diretor criativo, o estilista Maxime Perelmuter. Na feminina, t\u00eanis com ares esportivos em&nbsp;<em>knit<\/em>&nbsp;de fio pet e at\u00e9 uma nova vers\u00e3o da espadrille best-seller, em que a juta de fibra vegetal entra no lugar do solado de cordas.<\/p>\n\n\n\n<p>Al\u00e9m de olhar para a frente, a Mr. Cat tamb\u00e9m aproveita o momento para revisitar algumas de suas melhores mem\u00f3rias com a Cole\u00e7\u00e3o \u00cdcones, que vai trazer \u00e0 cena os maiores sucessos da marca desde 1981. Estar\u00e3o de volta \u00e0s lojas, em edi\u00e7\u00e3o especial, sapatos que marcaram a mem\u00f3ria afetiva de milhares de clientes: o mocassin feminino de mi\u00e7angas, hit absoluto nos anos 90, o t\u00eanis flat em couro branco com o patinho bordado na lateral, o eterno buck masculino e o top sider confort, entre muitos outros. \u00c9 para celebrar a caminhada, definitivamente o maior motivo de festa.<\/p>\n\n\n\n<p><\/p>\n\n\n\n<p><\/p><iframe allow=\"autoplay *; encrypted-media *; fullscreen *\" frameborder=\"0\" height=\"450\" style=\"width:100%;max-width:660px;overflow:hidden;background:transparent;\" sandbox=\"allow-forms allow-popups allow-same-origin allow-scripts allow-storage-access-by-user-activation allow-top-navigation-by-user-activation\" src=\"https:\/\/embed.podcasts.apple.com\/br\/podcast\/podcast-cidademarketing\/id1371923283\"><\/iframe>\n\n","protected":false},"excerpt":{"rendered":"<p>Foi em 1981 que essa hist\u00f3ria come\u00e7ou, com uma pequena vitrine em Ipanema, no Rio de Janeiro.\u00a0 Depois da longa caminhada e num mundo t\u00e3o distante dos primeiros passos, a Mr.Cat completa agora 40 anos como uma das maiores refer\u00eancias do pa\u00eds no segmento de cal\u00e7ados, bolsas e acess\u00f3rios. Hoje s\u00e3o 200 lojas, presen\u00e7a em [&hellip;]<\/p>\n","protected":false},"author":1,"featured_media":29818,"comment_status":"open","ping_status":"open","sticky":false,"template":"","format":"standard","meta":{"tdm_status":"","tdm_grid_status":"","footnotes":""},"categories":[8,6],"tags":[33,37,3689,199],"class_list":["post-29815","post","type-post","status-publish","format-standard","has-post-thumbnail","hentry","category-marcas","category-noticias","tag-estrategia","tag-marca","tag-mr-cat","tag-rio-de-janeiro"],"yoast_head":"<!-- This site is optimized with the Yoast SEO plugin v27.5 - https:\/\/yoast.com\/product\/yoast-seo-wordpress\/ -->\n<title>Mr. Cat comemora 40 anos com um p\u00e9 na tradi\u00e7\u00e3o e outro no futuro - CidadeMarketing<\/title>\n<meta name=\"robots\" content=\"index, follow, max-snippet:-1, max-image-preview:large, max-video-preview:-1\" \/>\n<link rel=\"canonical\" href=\"https:\/\/www.cidademarketing.com.br\/marketing\/2021\/09\/27\/mr-cat-comemora-40-anos-com-um-pe-na-tradicao-e-outro-no-futuro\/\" \/>\n<meta property=\"og:locale\" content=\"pt_BR\" \/>\n<meta property=\"og:type\" content=\"article\" \/>\n<meta property=\"og:title\" content=\"Mr. Cat comemora 40 anos com um p\u00e9 na tradi\u00e7\u00e3o e outro no futuro - CidadeMarketing\" \/>\n<meta property=\"og:description\" content=\"Foi em 1981 que essa hist\u00f3ria come\u00e7ou, com uma pequena vitrine em Ipanema, no Rio de Janeiro.\u00a0 Depois da longa caminhada e num mundo t\u00e3o distante dos primeiros passos, a Mr.Cat completa agora 40 anos como uma das maiores refer\u00eancias do pa\u00eds no segmento de cal\u00e7ados, bolsas e acess\u00f3rios. Hoje s\u00e3o 200 lojas, presen\u00e7a em [&hellip;]\" \/>\n<meta property=\"og:url\" content=\"https:\/\/www.cidademarketing.com.br\/marketing\/2021\/09\/27\/mr-cat-comemora-40-anos-com-um-pe-na-tradicao-e-outro-no-futuro\/\" \/>\n<meta property=\"og:site_name\" content=\"CidadeMarketing\" \/>\n<meta property=\"article:publisher\" content=\"https:\/\/www.facebook.com\/portalcidademarketing\" \/>\n<meta property=\"article:author\" content=\"https:\/\/www.facebook.com\/thalesbrandao\" \/>\n<meta property=\"article:published_time\" content=\"2021-09-27T17:54:48+00:00\" \/>\n<meta property=\"article:modified_time\" content=\"2021-09-27T18:04:42+00:00\" \/>\n<meta property=\"og:image\" content=\"https:\/\/www.cidademarketing.com.br\/marketing\/wp-content\/uploads\/2021\/09\/MrCat_40anos.jpg\" \/>\n\t<meta property=\"og:image:width\" content=\"1255\" \/>\n\t<meta property=\"og:image:height\" content=\"1882\" \/>\n\t<meta property=\"og:image:type\" content=\"image\/jpeg\" \/>\n<meta name=\"author\" content=\"Thales Brand\u00e3o\" \/>\n<meta name=\"twitter:card\" content=\"summary_large_image\" \/>\n<meta name=\"twitter:creator\" content=\"@http:\/\/www.twitter.com\/thalesbrandao\" \/>\n<meta name=\"twitter:site\" content=\"@CidadeMarketing\" \/>\n<meta name=\"twitter:label1\" content=\"Escrito por\" \/>\n\t<meta name=\"twitter:data1\" content=\"Thales Brand\u00e3o\" \/>\n\t<meta name=\"twitter:label2\" content=\"Est. tempo de leitura\" \/>\n\t<meta name=\"twitter:data2\" content=\"2 minutos\" \/>\n<script type=\"application\/ld+json\" class=\"yoast-schema-graph\">{\"@context\":\"https:\\\/\\\/schema.org\",\"@graph\":[{\"@type\":\"Article\",\"@id\":\"https:\\\/\\\/www.cidademarketing.com.br\\\/marketing\\\/2021\\\/09\\\/27\\\/mr-cat-comemora-40-anos-com-um-pe-na-tradicao-e-outro-no-futuro\\\/#article\",\"isPartOf\":{\"@id\":\"https:\\\/\\\/www.cidademarketing.com.br\\\/marketing\\\/2021\\\/09\\\/27\\\/mr-cat-comemora-40-anos-com-um-pe-na-tradicao-e-outro-no-futuro\\\/\"},\"author\":{\"name\":\"Thales Brand\u00e3o\",\"@id\":\"https:\\\/\\\/www.cidademarketing.com.br\\\/marketing\\\/#\\\/schema\\\/person\\\/02daff9f18bd9378c9e01eb6b2db155f\"},\"headline\":\"Mr. Cat comemora 40 anos com um p\u00e9 na tradi\u00e7\u00e3o e outro no futuro\",\"datePublished\":\"2021-09-27T17:54:48+00:00\",\"dateModified\":\"2021-09-27T18:04:42+00:00\",\"mainEntityOfPage\":{\"@id\":\"https:\\\/\\\/www.cidademarketing.com.br\\\/marketing\\\/2021\\\/09\\\/27\\\/mr-cat-comemora-40-anos-com-um-pe-na-tradicao-e-outro-no-futuro\\\/\"},\"wordCount\":362,\"commentCount\":0,\"publisher\":{\"@id\":\"https:\\\/\\\/www.cidademarketing.com.br\\\/marketing\\\/#organization\"},\"image\":{\"@id\":\"https:\\\/\\\/www.cidademarketing.com.br\\\/marketing\\\/2021\\\/09\\\/27\\\/mr-cat-comemora-40-anos-com-um-pe-na-tradicao-e-outro-no-futuro\\\/#primaryimage\"},\"thumbnailUrl\":\"https:\\\/\\\/www.cidademarketing.com.br\\\/marketing\\\/wp-content\\\/uploads\\\/2021\\\/09\\\/MrCat_40anos.jpg\",\"keywords\":[\"estrat\u00e9gia\",\"marca\",\"Mr. Cat\",\"Rio de Janeiro\"],\"articleSection\":[\"Marcas\",\"Not\u00edcias\"],\"inLanguage\":\"pt-BR\",\"potentialAction\":[{\"@type\":\"CommentAction\",\"name\":\"Comment\",\"target\":[\"https:\\\/\\\/www.cidademarketing.com.br\\\/marketing\\\/2021\\\/09\\\/27\\\/mr-cat-comemora-40-anos-com-um-pe-na-tradicao-e-outro-no-futuro\\\/#respond\"]}]},{\"@type\":\"WebPage\",\"@id\":\"https:\\\/\\\/www.cidademarketing.com.br\\\/marketing\\\/2021\\\/09\\\/27\\\/mr-cat-comemora-40-anos-com-um-pe-na-tradicao-e-outro-no-futuro\\\/\",\"url\":\"https:\\\/\\\/www.cidademarketing.com.br\\\/marketing\\\/2021\\\/09\\\/27\\\/mr-cat-comemora-40-anos-com-um-pe-na-tradicao-e-outro-no-futuro\\\/\",\"name\":\"Mr. Cat comemora 40 anos com um p\u00e9 na tradi\u00e7\u00e3o e outro no futuro - CidadeMarketing\",\"isPartOf\":{\"@id\":\"https:\\\/\\\/www.cidademarketing.com.br\\\/marketing\\\/#website\"},\"primaryImageOfPage\":{\"@id\":\"https:\\\/\\\/www.cidademarketing.com.br\\\/marketing\\\/2021\\\/09\\\/27\\\/mr-cat-comemora-40-anos-com-um-pe-na-tradicao-e-outro-no-futuro\\\/#primaryimage\"},\"image\":{\"@id\":\"https:\\\/\\\/www.cidademarketing.com.br\\\/marketing\\\/2021\\\/09\\\/27\\\/mr-cat-comemora-40-anos-com-um-pe-na-tradicao-e-outro-no-futuro\\\/#primaryimage\"},\"thumbnailUrl\":\"https:\\\/\\\/www.cidademarketing.com.br\\\/marketing\\\/wp-content\\\/uploads\\\/2021\\\/09\\\/MrCat_40anos.jpg\",\"datePublished\":\"2021-09-27T17:54:48+00:00\",\"dateModified\":\"2021-09-27T18:04:42+00:00\",\"breadcrumb\":{\"@id\":\"https:\\\/\\\/www.cidademarketing.com.br\\\/marketing\\\/2021\\\/09\\\/27\\\/mr-cat-comemora-40-anos-com-um-pe-na-tradicao-e-outro-no-futuro\\\/#breadcrumb\"},\"inLanguage\":\"pt-BR\",\"potentialAction\":[{\"@type\":\"ReadAction\",\"target\":[\"https:\\\/\\\/www.cidademarketing.com.br\\\/marketing\\\/2021\\\/09\\\/27\\\/mr-cat-comemora-40-anos-com-um-pe-na-tradicao-e-outro-no-futuro\\\/\"]}]},{\"@type\":\"ImageObject\",\"inLanguage\":\"pt-BR\",\"@id\":\"https:\\\/\\\/www.cidademarketing.com.br\\\/marketing\\\/2021\\\/09\\\/27\\\/mr-cat-comemora-40-anos-com-um-pe-na-tradicao-e-outro-no-futuro\\\/#primaryimage\",\"url\":\"https:\\\/\\\/www.cidademarketing.com.br\\\/marketing\\\/wp-content\\\/uploads\\\/2021\\\/09\\\/MrCat_40anos.jpg\",\"contentUrl\":\"https:\\\/\\\/www.cidademarketing.com.br\\\/marketing\\\/wp-content\\\/uploads\\\/2021\\\/09\\\/MrCat_40anos.jpg\",\"width\":1255,\"height\":1882},{\"@type\":\"BreadcrumbList\",\"@id\":\"https:\\\/\\\/www.cidademarketing.com.br\\\/marketing\\\/2021\\\/09\\\/27\\\/mr-cat-comemora-40-anos-com-um-pe-na-tradicao-e-outro-no-futuro\\\/#breadcrumb\",\"itemListElement\":[{\"@type\":\"ListItem\",\"position\":1,\"name\":\"In\u00edcio\",\"item\":\"https:\\\/\\\/www.cidademarketing.com.br\\\/marketing\\\/\"},{\"@type\":\"ListItem\",\"position\":2,\"name\":\"Mr. Cat comemora 40 anos com um p\u00e9 na tradi\u00e7\u00e3o e outro no futuro\"}]},{\"@type\":\"WebSite\",\"@id\":\"https:\\\/\\\/www.cidademarketing.com.br\\\/marketing\\\/#website\",\"url\":\"https:\\\/\\\/www.cidademarketing.com.br\\\/marketing\\\/\",\"name\":\"CidadeMarketing\",\"description\":\"Somos um ve\u00edculo de comunica\u00e7\u00e3o de destaque no Brasil, reconhecido por conte\u00fados nos segmentos de marketing, empreendedorismo e inova\u00e7\u00e3o.\",\"publisher\":{\"@id\":\"https:\\\/\\\/www.cidademarketing.com.br\\\/marketing\\\/#organization\"},\"alternateName\":\"CidadeMarketing\",\"potentialAction\":[{\"@type\":\"SearchAction\",\"target\":{\"@type\":\"EntryPoint\",\"urlTemplate\":\"https:\\\/\\\/www.cidademarketing.com.br\\\/marketing\\\/?s={search_term_string}\"},\"query-input\":{\"@type\":\"PropertyValueSpecification\",\"valueRequired\":true,\"valueName\":\"search_term_string\"}}],\"inLanguage\":\"pt-BR\"},{\"@type\":\"Organization\",\"@id\":\"https:\\\/\\\/www.cidademarketing.com.br\\\/marketing\\\/#organization\",\"name\":\"CidadeMarketing\",\"alternateName\":\"CidadeMarketing\",\"url\":\"https:\\\/\\\/www.cidademarketing.com.br\\\/marketing\\\/\",\"logo\":{\"@type\":\"ImageObject\",\"inLanguage\":\"pt-BR\",\"@id\":\"https:\\\/\\\/www.cidademarketing.com.br\\\/marketing\\\/#\\\/schema\\\/logo\\\/image\\\/\",\"url\":\"https:\\\/\\\/www.cidademarketing.com.br\\\/marketing\\\/wp-content\\\/uploads\\\/2020\\\/01\\\/cidademarketing_marca_mobile.png\",\"contentUrl\":\"https:\\\/\\\/www.cidademarketing.com.br\\\/marketing\\\/wp-content\\\/uploads\\\/2020\\\/01\\\/cidademarketing_marca_mobile.png\",\"width\":230,\"height\":92,\"caption\":\"CidadeMarketing\"},\"image\":{\"@id\":\"https:\\\/\\\/www.cidademarketing.com.br\\\/marketing\\\/#\\\/schema\\\/logo\\\/image\\\/\"},\"sameAs\":[\"https:\\\/\\\/www.facebook.com\\\/portalcidademarketing\",\"https:\\\/\\\/x.com\\\/CidadeMarketing\",\"https:\\\/\\\/www.instagram.com\\\/cidademarketing\\\/\"]},{\"@type\":\"Person\",\"@id\":\"https:\\\/\\\/www.cidademarketing.com.br\\\/marketing\\\/#\\\/schema\\\/person\\\/02daff9f18bd9378c9e01eb6b2db155f\",\"name\":\"Thales Brand\u00e3o\",\"image\":{\"@type\":\"ImageObject\",\"inLanguage\":\"pt-BR\",\"@id\":\"https:\\\/\\\/secure.gravatar.com\\\/avatar\\\/7ca3206950207cc3cb48feec56a8a7898741ab725c368d99d5d7a5a50aab80c6?s=96&d=mm&r=g\",\"url\":\"https:\\\/\\\/secure.gravatar.com\\\/avatar\\\/7ca3206950207cc3cb48feec56a8a7898741ab725c368d99d5d7a5a50aab80c6?s=96&d=mm&r=g\",\"contentUrl\":\"https:\\\/\\\/secure.gravatar.com\\\/avatar\\\/7ca3206950207cc3cb48feec56a8a7898741ab725c368d99d5d7a5a50aab80c6?s=96&d=mm&r=g\",\"caption\":\"Thales Brand\u00e3o\"},\"description\":\"Editor Executivo do Portal CidadeMarketing.com.br &gt; Mestre em Comunica\u00e7\u00e3o e Sociedade pela Universidade Federal de Sergipe. Possui MBA Executivo em Administra\u00e7\u00e3o com \u00eanfase em Marketing pela Funda\u00e7\u00e3o Get\u00falio Vargas - Rio de Janeiro. Consultor, Palestrante e Pesquisador sobre Empreendedorismo, Marketing, Redes Sociais e Neg\u00f3cios Digitais. Professor, Palestrante TedxTalks e Campus Party. Twitter: @ThalesBrandao\",\"sameAs\":[\"http:\\\/\\\/www.mandacaru.com.br\",\"https:\\\/\\\/www.facebook.com\\\/thalesbrandao\",\"http:\\\/\\\/www.instagram.com.br\\\/thalesbrandaoferreira\",\"https:\\\/\\\/www.linkedin.com\\\/in\\\/thales-brand\u00e3o-3948609\\\/\",\"https:\\\/\\\/x.com\\\/http:\\\/\\\/www.twitter.com\\\/thalesbrandao\"],\"url\":\"https:\\\/\\\/www.cidademarketing.com.br\\\/marketing\\\/author\\\/thalesbrandao\\\/\"}]}<\/script>\n<!-- \/ Yoast SEO plugin. -->","yoast_head_json":{"title":"Mr. Cat comemora 40 anos com um p\u00e9 na tradi\u00e7\u00e3o e outro no futuro - CidadeMarketing","robots":{"index":"index","follow":"follow","max-snippet":"max-snippet:-1","max-image-preview":"max-image-preview:large","max-video-preview":"max-video-preview:-1"},"canonical":"https:\/\/www.cidademarketing.com.br\/marketing\/2021\/09\/27\/mr-cat-comemora-40-anos-com-um-pe-na-tradicao-e-outro-no-futuro\/","og_locale":"pt_BR","og_type":"article","og_title":"Mr. Cat comemora 40 anos com um p\u00e9 na tradi\u00e7\u00e3o e outro no futuro - CidadeMarketing","og_description":"Foi em 1981 que essa hist\u00f3ria come\u00e7ou, com uma pequena vitrine em Ipanema, no Rio de Janeiro.\u00a0 Depois da longa caminhada e num mundo t\u00e3o distante dos primeiros passos, a Mr.Cat completa agora 40 anos como uma das maiores refer\u00eancias do pa\u00eds no segmento de cal\u00e7ados, bolsas e acess\u00f3rios. Hoje s\u00e3o 200 lojas, presen\u00e7a em [&hellip;]","og_url":"https:\/\/www.cidademarketing.com.br\/marketing\/2021\/09\/27\/mr-cat-comemora-40-anos-com-um-pe-na-tradicao-e-outro-no-futuro\/","og_site_name":"CidadeMarketing","article_publisher":"https:\/\/www.facebook.com\/portalcidademarketing","article_author":"https:\/\/www.facebook.com\/thalesbrandao","article_published_time":"2021-09-27T17:54:48+00:00","article_modified_time":"2021-09-27T18:04:42+00:00","og_image":[{"width":1255,"height":1882,"url":"https:\/\/www.cidademarketing.com.br\/marketing\/wp-content\/uploads\/2021\/09\/MrCat_40anos.jpg","type":"image\/jpeg"}],"author":"Thales Brand\u00e3o","twitter_card":"summary_large_image","twitter_creator":"@http:\/\/www.twitter.com\/thalesbrandao","twitter_site":"@CidadeMarketing","twitter_misc":{"Escrito por":"Thales Brand\u00e3o","Est. tempo de leitura":"2 minutos"},"schema":{"@context":"https:\/\/schema.org","@graph":[{"@type":"Article","@id":"https:\/\/www.cidademarketing.com.br\/marketing\/2021\/09\/27\/mr-cat-comemora-40-anos-com-um-pe-na-tradicao-e-outro-no-futuro\/#article","isPartOf":{"@id":"https:\/\/www.cidademarketing.com.br\/marketing\/2021\/09\/27\/mr-cat-comemora-40-anos-com-um-pe-na-tradicao-e-outro-no-futuro\/"},"author":{"name":"Thales Brand\u00e3o","@id":"https:\/\/www.cidademarketing.com.br\/marketing\/#\/schema\/person\/02daff9f18bd9378c9e01eb6b2db155f"},"headline":"Mr. Cat comemora 40 anos com um p\u00e9 na tradi\u00e7\u00e3o e outro no futuro","datePublished":"2021-09-27T17:54:48+00:00","dateModified":"2021-09-27T18:04:42+00:00","mainEntityOfPage":{"@id":"https:\/\/www.cidademarketing.com.br\/marketing\/2021\/09\/27\/mr-cat-comemora-40-anos-com-um-pe-na-tradicao-e-outro-no-futuro\/"},"wordCount":362,"commentCount":0,"publisher":{"@id":"https:\/\/www.cidademarketing.com.br\/marketing\/#organization"},"image":{"@id":"https:\/\/www.cidademarketing.com.br\/marketing\/2021\/09\/27\/mr-cat-comemora-40-anos-com-um-pe-na-tradicao-e-outro-no-futuro\/#primaryimage"},"thumbnailUrl":"https:\/\/www.cidademarketing.com.br\/marketing\/wp-content\/uploads\/2021\/09\/MrCat_40anos.jpg","keywords":["estrat\u00e9gia","marca","Mr. Cat","Rio de Janeiro"],"articleSection":["Marcas","Not\u00edcias"],"inLanguage":"pt-BR","potentialAction":[{"@type":"CommentAction","name":"Comment","target":["https:\/\/www.cidademarketing.com.br\/marketing\/2021\/09\/27\/mr-cat-comemora-40-anos-com-um-pe-na-tradicao-e-outro-no-futuro\/#respond"]}]},{"@type":"WebPage","@id":"https:\/\/www.cidademarketing.com.br\/marketing\/2021\/09\/27\/mr-cat-comemora-40-anos-com-um-pe-na-tradicao-e-outro-no-futuro\/","url":"https:\/\/www.cidademarketing.com.br\/marketing\/2021\/09\/27\/mr-cat-comemora-40-anos-com-um-pe-na-tradicao-e-outro-no-futuro\/","name":"Mr. Cat comemora 40 anos com um p\u00e9 na tradi\u00e7\u00e3o e outro no futuro - CidadeMarketing","isPartOf":{"@id":"https:\/\/www.cidademarketing.com.br\/marketing\/#website"},"primaryImageOfPage":{"@id":"https:\/\/www.cidademarketing.com.br\/marketing\/2021\/09\/27\/mr-cat-comemora-40-anos-com-um-pe-na-tradicao-e-outro-no-futuro\/#primaryimage"},"image":{"@id":"https:\/\/www.cidademarketing.com.br\/marketing\/2021\/09\/27\/mr-cat-comemora-40-anos-com-um-pe-na-tradicao-e-outro-no-futuro\/#primaryimage"},"thumbnailUrl":"https:\/\/www.cidademarketing.com.br\/marketing\/wp-content\/uploads\/2021\/09\/MrCat_40anos.jpg","datePublished":"2021-09-27T17:54:48+00:00","dateModified":"2021-09-27T18:04:42+00:00","breadcrumb":{"@id":"https:\/\/www.cidademarketing.com.br\/marketing\/2021\/09\/27\/mr-cat-comemora-40-anos-com-um-pe-na-tradicao-e-outro-no-futuro\/#breadcrumb"},"inLanguage":"pt-BR","potentialAction":[{"@type":"ReadAction","target":["https:\/\/www.cidademarketing.com.br\/marketing\/2021\/09\/27\/mr-cat-comemora-40-anos-com-um-pe-na-tradicao-e-outro-no-futuro\/"]}]},{"@type":"ImageObject","inLanguage":"pt-BR","@id":"https:\/\/www.cidademarketing.com.br\/marketing\/2021\/09\/27\/mr-cat-comemora-40-anos-com-um-pe-na-tradicao-e-outro-no-futuro\/#primaryimage","url":"https:\/\/www.cidademarketing.com.br\/marketing\/wp-content\/uploads\/2021\/09\/MrCat_40anos.jpg","contentUrl":"https:\/\/www.cidademarketing.com.br\/marketing\/wp-content\/uploads\/2021\/09\/MrCat_40anos.jpg","width":1255,"height":1882},{"@type":"BreadcrumbList","@id":"https:\/\/www.cidademarketing.com.br\/marketing\/2021\/09\/27\/mr-cat-comemora-40-anos-com-um-pe-na-tradicao-e-outro-no-futuro\/#breadcrumb","itemListElement":[{"@type":"ListItem","position":1,"name":"In\u00edcio","item":"https:\/\/www.cidademarketing.com.br\/marketing\/"},{"@type":"ListItem","position":2,"name":"Mr. Cat comemora 40 anos com um p\u00e9 na tradi\u00e7\u00e3o e outro no futuro"}]},{"@type":"WebSite","@id":"https:\/\/www.cidademarketing.com.br\/marketing\/#website","url":"https:\/\/www.cidademarketing.com.br\/marketing\/","name":"CidadeMarketing","description":"Somos um ve\u00edculo de comunica\u00e7\u00e3o de destaque no Brasil, reconhecido por conte\u00fados nos segmentos de marketing, empreendedorismo e inova\u00e7\u00e3o.","publisher":{"@id":"https:\/\/www.cidademarketing.com.br\/marketing\/#organization"},"alternateName":"CidadeMarketing","potentialAction":[{"@type":"SearchAction","target":{"@type":"EntryPoint","urlTemplate":"https:\/\/www.cidademarketing.com.br\/marketing\/?s={search_term_string}"},"query-input":{"@type":"PropertyValueSpecification","valueRequired":true,"valueName":"search_term_string"}}],"inLanguage":"pt-BR"},{"@type":"Organization","@id":"https:\/\/www.cidademarketing.com.br\/marketing\/#organization","name":"CidadeMarketing","alternateName":"CidadeMarketing","url":"https:\/\/www.cidademarketing.com.br\/marketing\/","logo":{"@type":"ImageObject","inLanguage":"pt-BR","@id":"https:\/\/www.cidademarketing.com.br\/marketing\/#\/schema\/logo\/image\/","url":"https:\/\/www.cidademarketing.com.br\/marketing\/wp-content\/uploads\/2020\/01\/cidademarketing_marca_mobile.png","contentUrl":"https:\/\/www.cidademarketing.com.br\/marketing\/wp-content\/uploads\/2020\/01\/cidademarketing_marca_mobile.png","width":230,"height":92,"caption":"CidadeMarketing"},"image":{"@id":"https:\/\/www.cidademarketing.com.br\/marketing\/#\/schema\/logo\/image\/"},"sameAs":["https:\/\/www.facebook.com\/portalcidademarketing","https:\/\/x.com\/CidadeMarketing","https:\/\/www.instagram.com\/cidademarketing\/"]},{"@type":"Person","@id":"https:\/\/www.cidademarketing.com.br\/marketing\/#\/schema\/person\/02daff9f18bd9378c9e01eb6b2db155f","name":"Thales Brand\u00e3o","image":{"@type":"ImageObject","inLanguage":"pt-BR","@id":"https:\/\/secure.gravatar.com\/avatar\/7ca3206950207cc3cb48feec56a8a7898741ab725c368d99d5d7a5a50aab80c6?s=96&d=mm&r=g","url":"https:\/\/secure.gravatar.com\/avatar\/7ca3206950207cc3cb48feec56a8a7898741ab725c368d99d5d7a5a50aab80c6?s=96&d=mm&r=g","contentUrl":"https:\/\/secure.gravatar.com\/avatar\/7ca3206950207cc3cb48feec56a8a7898741ab725c368d99d5d7a5a50aab80c6?s=96&d=mm&r=g","caption":"Thales Brand\u00e3o"},"description":"Editor Executivo do Portal CidadeMarketing.com.br &gt; Mestre em Comunica\u00e7\u00e3o e Sociedade pela Universidade Federal de Sergipe. Possui MBA Executivo em Administra\u00e7\u00e3o com \u00eanfase em Marketing pela Funda\u00e7\u00e3o Get\u00falio Vargas - Rio de Janeiro. Consultor, Palestrante e Pesquisador sobre Empreendedorismo, Marketing, Redes Sociais e Neg\u00f3cios Digitais. Professor, Palestrante TedxTalks e Campus Party. Twitter: @ThalesBrandao","sameAs":["http:\/\/www.mandacaru.com.br","https:\/\/www.facebook.com\/thalesbrandao","http:\/\/www.instagram.com.br\/thalesbrandaoferreira","https:\/\/www.linkedin.com\/in\/thales-brand\u00e3o-3948609\/","https:\/\/x.com\/http:\/\/www.twitter.com\/thalesbrandao"],"url":"https:\/\/www.cidademarketing.com.br\/marketing\/author\/thalesbrandao\/"}]}},"amp_enabled":true,"_links":{"self":[{"href":"https:\/\/www.cidademarketing.com.br\/marketing\/wp-json\/wp\/v2\/posts\/29815","targetHints":{"allow":["GET"]}}],"collection":[{"href":"https:\/\/www.cidademarketing.com.br\/marketing\/wp-json\/wp\/v2\/posts"}],"about":[{"href":"https:\/\/www.cidademarketing.com.br\/marketing\/wp-json\/wp\/v2\/types\/post"}],"author":[{"embeddable":true,"href":"https:\/\/www.cidademarketing.com.br\/marketing\/wp-json\/wp\/v2\/users\/1"}],"replies":[{"embeddable":true,"href":"https:\/\/www.cidademarketing.com.br\/marketing\/wp-json\/wp\/v2\/comments?post=29815"}],"version-history":[{"count":2,"href":"https:\/\/www.cidademarketing.com.br\/marketing\/wp-json\/wp\/v2\/posts\/29815\/revisions"}],"predecessor-version":[{"id":29821,"href":"https:\/\/www.cidademarketing.com.br\/marketing\/wp-json\/wp\/v2\/posts\/29815\/revisions\/29821"}],"wp:featuredmedia":[{"embeddable":true,"href":"https:\/\/www.cidademarketing.com.br\/marketing\/wp-json\/wp\/v2\/media\/29818"}],"wp:attachment":[{"href":"https:\/\/www.cidademarketing.com.br\/marketing\/wp-json\/wp\/v2\/media?parent=29815"}],"wp:term":[{"taxonomy":"category","embeddable":true,"href":"https:\/\/www.cidademarketing.com.br\/marketing\/wp-json\/wp\/v2\/categories?post=29815"},{"taxonomy":"post_tag","embeddable":true,"href":"https:\/\/www.cidademarketing.com.br\/marketing\/wp-json\/wp\/v2\/tags?post=29815"}],"curies":[{"name":"wp","href":"https:\/\/api.w.org\/{rel}","templated":true}]}}