{"id":29793,"date":"2021-09-27T13:51:31","date_gmt":"2021-09-27T16:51:31","guid":{"rendered":"https:\/\/www.cidademarketing.com.br\/marketing\/?p=29793"},"modified":"2021-09-27T14:11:08","modified_gmt":"2021-09-27T17:11:08","slug":"inadimplencia-das-familias-sobe-e-juros-sao-mais-pressionados-pelos-custos-de-captacao-em-agosto-aponta-boa-vista","status":"publish","type":"post","link":"https:\/\/www.cidademarketing.com.br\/marketing\/2021\/09\/27\/inadimplencia-das-familias-sobe-e-juros-sao-mais-pressionados-pelos-custos-de-captacao-em-agosto-aponta-boa-vista\/","title":{"rendered":"Inadimpl\u00eancia das fam\u00edlias sobe e juros s\u00e3o mais pressionados pelos custos de capta\u00e7\u00e3o em agosto, aponta Boa Vista"},"content":{"rendered":"\n<p><\/p><iframe src=\"https:\/\/open.spotify.com\/embed\/show\/4khMKzP3FgFRWVwb73xicc\" width=\"100%\" height=\"232\" frameBorder=\"0\" allowtransparency=\"true\" allow=\"encrypted-media\"><\/iframe>\t\n\n\n\n\n<p><\/p>\n\n\n\n<p>De acordo com os dados do Banco Central, a taxa de inadimpl\u00eancia avan\u00e7ou mais uma vez assim como no m\u00eas de julho, e agora marca 4,15% quando se trata de recursos livres emprestados \u00e0s fam\u00edlias. A alta veio no mesmo sentido apurado pelo indicador de Registros de Inadimplentes da Boa Vista, que havia apontado alta de 3,3% na compara\u00e7\u00e3o mensal dos dados dessazonalizados no mesmo per\u00edodo.<\/p>\n\n\n\n<p>O aumento na inadimpl\u00eancia teve efeito, tamb\u00e9m, sobre o spread banc\u00e1rio, que ap\u00f3s tr\u00eas quedas consecutivas voltou a subir, ainda que pouco, passando de 32,26 para 32,33 pontos percentuais. Assim como nos meses anteriores, foram os custos de capta\u00e7\u00e3o que pressionaram a taxa de juros para cima. Desta vez, por\u00e9m, numa magnitude maior. Entre os meses de julho e agosto, o custo de capta\u00e7\u00e3o subiu de 7,56% para 8,52%, acompanhando \u2013 ou antecipando \u2013 de perto as expectativas relacionadas \u00e0 taxa Selic ao final do ano, que atualmente apontam uma taxa de 8,25% ao ano. Antes disso, por exemplo, de mar\u00e7o a julho os custos de capta\u00e7\u00e3o haviam variado apenas 0,34 pontos percentuais. No final das contas, a taxa de juros final do cr\u00e9dito livre \u00e0s fam\u00edlias atingiu 40,85%.<\/p>\n\n\n\n<p>O aumento da inadimpl\u00eancia e da taxa de juros n\u00e3o freou a concess\u00e3o de cr\u00e9dito, ao menos at\u00e9 aqui. A concess\u00e3o de recursos livres \u00e0s fam\u00edlias registou aumento de 28,5% na compara\u00e7\u00e3o interanual, em linha com o resultado apresentado pelo indicador de Demanda por Cr\u00e9dito da Boa Vista, que havia mostrado alta de 24,2% na mesma base de compara\u00e7\u00e3o para o segmento Financeiro. Em 12 meses acumulados, a curva de ambos est\u00e1 muito pr\u00f3xima: os dados do Banco Central apontam eleva\u00e7\u00e3o de 14,08% e os da Boa Vista de 14,05%.<\/p>\n\n\n\n<p>Na avalia\u00e7\u00e3o dos economistas da Boa Vista, a inadimpl\u00eancia deve permanecer nessa tend\u00eancia de alta daqui para frente, uma vez que alguns dos principais fatores condicionantes dela ainda est\u00e3o deteriorados, sobretudo, quando se trata do mercado de trabalho. N\u00e3o apenas os dados mais recentes apontam para uma melhora fr\u00e1gil, como tamb\u00e9m as curvas de rendimento est\u00e3o apontando para baixo. Outro ponto que merece destaque \u00e9 a proximidade do fim do aux\u00edlio emergencial, com a \u00faltima parcela sendo prevista para o m\u00eas de outubro. Os aux\u00edlios, tanto o primeiro programa quanto o segundo, ajudaram a segurar as contas num momento em que sobretudo a infla\u00e7\u00e3o pesava sobre o or\u00e7amento das fam\u00edlias. O aux\u00edlio vai embora, a infla\u00e7\u00e3o n\u00e3o.<\/p>\n\n\n\n<p>J\u00e1 em rela\u00e7\u00e3o \u00e0 demanda por cr\u00e9dito, existe uma preocupa\u00e7\u00e3o dela pressionar o comprometimento da renda para cima, dado que neste momento os juros n\u00e3o ir\u00e3o ceder e, mesmo os prazos m\u00e9dios de concess\u00e3o, est\u00e3o caindo. Somados todos esses fatores, parece dif\u00edcil manter a taxa de inadimpl\u00eancia nos patamares atuais, ainda mais considerando que o cen\u00e1rio econ\u00f4mico projetado para 2022 \u00e9 de menor crescimento, com juros altos e infla\u00e7\u00e3o ainda elevada.<\/p>\n\n\n\n<p><\/p>\n\n\n\n<p><\/p><iframe allow=\"autoplay *; encrypted-media *; fullscreen *\" frameborder=\"0\" height=\"450\" style=\"width:100%;max-width:660px;overflow:hidden;background:transparent;\" sandbox=\"allow-forms allow-popups allow-same-origin allow-scripts allow-storage-access-by-user-activation allow-top-navigation-by-user-activation\" src=\"https:\/\/embed.podcasts.apple.com\/br\/podcast\/podcast-cidademarketing\/id1371923283\"><\/iframe>\n\n\n","protected":false},"excerpt":{"rendered":"<p>De acordo com os dados do Banco Central, a taxa de inadimpl\u00eancia avan\u00e7ou mais uma vez assim como no m\u00eas de julho, e agora marca 4,15% quando se trata de recursos livres emprestados \u00e0s fam\u00edlias. A alta veio no mesmo sentido apurado pelo indicador de Registros de Inadimplentes da Boa Vista, que havia apontado alta [&hellip;]<\/p>\n","protected":false},"author":1,"featured_media":3271,"comment_status":"open","ping_status":"open","sticky":false,"template":"","format":"standard","meta":{"tdm_status":"","tdm_grid_status":"","footnotes":""},"categories":[6,1],"tags":[1431,135,189,1571],"class_list":["post-29793","post","type-post","status-publish","format-standard","has-post-thumbnail","hentry","category-noticias","category-pesquisademercado","tag-boa-vista","tag-comportamento-do-consumidor","tag-consumo","tag-juros"],"yoast_head":"<!-- This site is optimized with the Yoast SEO plugin v27.5 - https:\/\/yoast.com\/product\/yoast-seo-wordpress\/ -->\n<title>Inadimpl\u00eancia das fam\u00edlias sobe e juros s\u00e3o mais pressionados pelos custos de capta\u00e7\u00e3o em agosto, aponta Boa Vista - CidadeMarketing<\/title>\n<meta name=\"robots\" content=\"index, follow, max-snippet:-1, max-image-preview:large, max-video-preview:-1\" \/>\n<link rel=\"canonical\" href=\"https:\/\/www.cidademarketing.com.br\/marketing\/2021\/09\/27\/inadimplencia-das-familias-sobe-e-juros-sao-mais-pressionados-pelos-custos-de-captacao-em-agosto-aponta-boa-vista\/\" \/>\n<meta property=\"og:locale\" content=\"pt_BR\" \/>\n<meta property=\"og:type\" content=\"article\" \/>\n<meta property=\"og:title\" content=\"Inadimpl\u00eancia das fam\u00edlias sobe e juros s\u00e3o mais pressionados pelos custos de capta\u00e7\u00e3o em agosto, aponta Boa Vista - CidadeMarketing\" \/>\n<meta property=\"og:description\" content=\"De acordo com os dados do Banco Central, a taxa de inadimpl\u00eancia avan\u00e7ou mais uma vez assim como no m\u00eas de julho, e agora marca 4,15% quando se trata de recursos livres emprestados \u00e0s fam\u00edlias. A alta veio no mesmo sentido apurado pelo indicador de Registros de Inadimplentes da Boa Vista, que havia apontado alta [&hellip;]\" \/>\n<meta property=\"og:url\" content=\"https:\/\/www.cidademarketing.com.br\/marketing\/2021\/09\/27\/inadimplencia-das-familias-sobe-e-juros-sao-mais-pressionados-pelos-custos-de-captacao-em-agosto-aponta-boa-vista\/\" \/>\n<meta property=\"og:site_name\" content=\"CidadeMarketing\" \/>\n<meta property=\"article:publisher\" content=\"https:\/\/www.facebook.com\/portalcidademarketing\" \/>\n<meta property=\"article:author\" content=\"https:\/\/www.facebook.com\/thalesbrandao\" \/>\n<meta property=\"article:published_time\" content=\"2021-09-27T16:51:31+00:00\" \/>\n<meta property=\"article:modified_time\" content=\"2021-09-27T17:11:08+00:00\" \/>\n<meta property=\"og:image\" content=\"https:\/\/www.cidademarketing.com.br\/marketing\/wp-content\/uploads\/2018\/11\/dinheiro.jpg\" \/>\n\t<meta property=\"og:image:width\" content=\"460\" \/>\n\t<meta property=\"og:image:height\" content=\"345\" \/>\n\t<meta property=\"og:image:type\" content=\"image\/jpeg\" \/>\n<meta name=\"author\" content=\"Thales Brand\u00e3o\" \/>\n<meta name=\"twitter:card\" content=\"summary_large_image\" \/>\n<meta name=\"twitter:creator\" content=\"@http:\/\/www.twitter.com\/thalesbrandao\" \/>\n<meta name=\"twitter:site\" content=\"@CidadeMarketing\" \/>\n<meta name=\"twitter:label1\" content=\"Escrito por\" \/>\n\t<meta name=\"twitter:data1\" content=\"Thales Brand\u00e3o\" \/>\n\t<meta name=\"twitter:label2\" content=\"Est. tempo de leitura\" \/>\n\t<meta name=\"twitter:data2\" content=\"3 minutos\" \/>\n<script type=\"application\/ld+json\" class=\"yoast-schema-graph\">{\"@context\":\"https:\\\/\\\/schema.org\",\"@graph\":[{\"@type\":\"Article\",\"@id\":\"https:\\\/\\\/www.cidademarketing.com.br\\\/marketing\\\/2021\\\/09\\\/27\\\/inadimplencia-das-familias-sobe-e-juros-sao-mais-pressionados-pelos-custos-de-captacao-em-agosto-aponta-boa-vista\\\/#article\",\"isPartOf\":{\"@id\":\"https:\\\/\\\/www.cidademarketing.com.br\\\/marketing\\\/2021\\\/09\\\/27\\\/inadimplencia-das-familias-sobe-e-juros-sao-mais-pressionados-pelos-custos-de-captacao-em-agosto-aponta-boa-vista\\\/\"},\"author\":{\"name\":\"Thales Brand\u00e3o\",\"@id\":\"https:\\\/\\\/www.cidademarketing.com.br\\\/marketing\\\/#\\\/schema\\\/person\\\/02daff9f18bd9378c9e01eb6b2db155f\"},\"headline\":\"Inadimpl\u00eancia das fam\u00edlias sobe e juros s\u00e3o mais pressionados pelos custos de capta\u00e7\u00e3o em agosto, aponta Boa Vista\",\"datePublished\":\"2021-09-27T16:51:31+00:00\",\"dateModified\":\"2021-09-27T17:11:08+00:00\",\"mainEntityOfPage\":{\"@id\":\"https:\\\/\\\/www.cidademarketing.com.br\\\/marketing\\\/2021\\\/09\\\/27\\\/inadimplencia-das-familias-sobe-e-juros-sao-mais-pressionados-pelos-custos-de-captacao-em-agosto-aponta-boa-vista\\\/\"},\"wordCount\":533,\"commentCount\":0,\"publisher\":{\"@id\":\"https:\\\/\\\/www.cidademarketing.com.br\\\/marketing\\\/#organization\"},\"image\":{\"@id\":\"https:\\\/\\\/www.cidademarketing.com.br\\\/marketing\\\/2021\\\/09\\\/27\\\/inadimplencia-das-familias-sobe-e-juros-sao-mais-pressionados-pelos-custos-de-captacao-em-agosto-aponta-boa-vista\\\/#primaryimage\"},\"thumbnailUrl\":\"https:\\\/\\\/www.cidademarketing.com.br\\\/marketing\\\/wp-content\\\/uploads\\\/2018\\\/11\\\/dinheiro.jpg\",\"keywords\":[\"Boa Vista\",\"comportamento do consumidor\",\"consumo\",\"juros\"],\"articleSection\":[\"Not\u00edcias\",\"Pesquisa de Mercado\"],\"inLanguage\":\"pt-BR\",\"potentialAction\":[{\"@type\":\"CommentAction\",\"name\":\"Comment\",\"target\":[\"https:\\\/\\\/www.cidademarketing.com.br\\\/marketing\\\/2021\\\/09\\\/27\\\/inadimplencia-das-familias-sobe-e-juros-sao-mais-pressionados-pelos-custos-de-captacao-em-agosto-aponta-boa-vista\\\/#respond\"]}]},{\"@type\":\"WebPage\",\"@id\":\"https:\\\/\\\/www.cidademarketing.com.br\\\/marketing\\\/2021\\\/09\\\/27\\\/inadimplencia-das-familias-sobe-e-juros-sao-mais-pressionados-pelos-custos-de-captacao-em-agosto-aponta-boa-vista\\\/\",\"url\":\"https:\\\/\\\/www.cidademarketing.com.br\\\/marketing\\\/2021\\\/09\\\/27\\\/inadimplencia-das-familias-sobe-e-juros-sao-mais-pressionados-pelos-custos-de-captacao-em-agosto-aponta-boa-vista\\\/\",\"name\":\"Inadimpl\u00eancia das fam\u00edlias sobe e juros s\u00e3o mais pressionados pelos custos de capta\u00e7\u00e3o em agosto, aponta Boa Vista - CidadeMarketing\",\"isPartOf\":{\"@id\":\"https:\\\/\\\/www.cidademarketing.com.br\\\/marketing\\\/#website\"},\"primaryImageOfPage\":{\"@id\":\"https:\\\/\\\/www.cidademarketing.com.br\\\/marketing\\\/2021\\\/09\\\/27\\\/inadimplencia-das-familias-sobe-e-juros-sao-mais-pressionados-pelos-custos-de-captacao-em-agosto-aponta-boa-vista\\\/#primaryimage\"},\"image\":{\"@id\":\"https:\\\/\\\/www.cidademarketing.com.br\\\/marketing\\\/2021\\\/09\\\/27\\\/inadimplencia-das-familias-sobe-e-juros-sao-mais-pressionados-pelos-custos-de-captacao-em-agosto-aponta-boa-vista\\\/#primaryimage\"},\"thumbnailUrl\":\"https:\\\/\\\/www.cidademarketing.com.br\\\/marketing\\\/wp-content\\\/uploads\\\/2018\\\/11\\\/dinheiro.jpg\",\"datePublished\":\"2021-09-27T16:51:31+00:00\",\"dateModified\":\"2021-09-27T17:11:08+00:00\",\"breadcrumb\":{\"@id\":\"https:\\\/\\\/www.cidademarketing.com.br\\\/marketing\\\/2021\\\/09\\\/27\\\/inadimplencia-das-familias-sobe-e-juros-sao-mais-pressionados-pelos-custos-de-captacao-em-agosto-aponta-boa-vista\\\/#breadcrumb\"},\"inLanguage\":\"pt-BR\",\"potentialAction\":[{\"@type\":\"ReadAction\",\"target\":[\"https:\\\/\\\/www.cidademarketing.com.br\\\/marketing\\\/2021\\\/09\\\/27\\\/inadimplencia-das-familias-sobe-e-juros-sao-mais-pressionados-pelos-custos-de-captacao-em-agosto-aponta-boa-vista\\\/\"]}]},{\"@type\":\"ImageObject\",\"inLanguage\":\"pt-BR\",\"@id\":\"https:\\\/\\\/www.cidademarketing.com.br\\\/marketing\\\/2021\\\/09\\\/27\\\/inadimplencia-das-familias-sobe-e-juros-sao-mais-pressionados-pelos-custos-de-captacao-em-agosto-aponta-boa-vista\\\/#primaryimage\",\"url\":\"https:\\\/\\\/www.cidademarketing.com.br\\\/marketing\\\/wp-content\\\/uploads\\\/2018\\\/11\\\/dinheiro.jpg\",\"contentUrl\":\"https:\\\/\\\/www.cidademarketing.com.br\\\/marketing\\\/wp-content\\\/uploads\\\/2018\\\/11\\\/dinheiro.jpg\",\"width\":460,\"height\":345,\"caption\":\"Divulga\u00e7\u00e3o\"},{\"@type\":\"BreadcrumbList\",\"@id\":\"https:\\\/\\\/www.cidademarketing.com.br\\\/marketing\\\/2021\\\/09\\\/27\\\/inadimplencia-das-familias-sobe-e-juros-sao-mais-pressionados-pelos-custos-de-captacao-em-agosto-aponta-boa-vista\\\/#breadcrumb\",\"itemListElement\":[{\"@type\":\"ListItem\",\"position\":1,\"name\":\"In\u00edcio\",\"item\":\"https:\\\/\\\/www.cidademarketing.com.br\\\/marketing\\\/\"},{\"@type\":\"ListItem\",\"position\":2,\"name\":\"Inadimpl\u00eancia das fam\u00edlias sobe e juros s\u00e3o mais pressionados pelos custos de capta\u00e7\u00e3o em agosto, aponta Boa Vista\"}]},{\"@type\":\"WebSite\",\"@id\":\"https:\\\/\\\/www.cidademarketing.com.br\\\/marketing\\\/#website\",\"url\":\"https:\\\/\\\/www.cidademarketing.com.br\\\/marketing\\\/\",\"name\":\"CidadeMarketing\",\"description\":\"Somos um ve\u00edculo de comunica\u00e7\u00e3o de destaque no Brasil, reconhecido por conte\u00fados nos segmentos de marketing, empreendedorismo e inova\u00e7\u00e3o.\",\"publisher\":{\"@id\":\"https:\\\/\\\/www.cidademarketing.com.br\\\/marketing\\\/#organization\"},\"alternateName\":\"CidadeMarketing\",\"potentialAction\":[{\"@type\":\"SearchAction\",\"target\":{\"@type\":\"EntryPoint\",\"urlTemplate\":\"https:\\\/\\\/www.cidademarketing.com.br\\\/marketing\\\/?s={search_term_string}\"},\"query-input\":{\"@type\":\"PropertyValueSpecification\",\"valueRequired\":true,\"valueName\":\"search_term_string\"}}],\"inLanguage\":\"pt-BR\"},{\"@type\":\"Organization\",\"@id\":\"https:\\\/\\\/www.cidademarketing.com.br\\\/marketing\\\/#organization\",\"name\":\"CidadeMarketing\",\"alternateName\":\"CidadeMarketing\",\"url\":\"https:\\\/\\\/www.cidademarketing.com.br\\\/marketing\\\/\",\"logo\":{\"@type\":\"ImageObject\",\"inLanguage\":\"pt-BR\",\"@id\":\"https:\\\/\\\/www.cidademarketing.com.br\\\/marketing\\\/#\\\/schema\\\/logo\\\/image\\\/\",\"url\":\"https:\\\/\\\/www.cidademarketing.com.br\\\/marketing\\\/wp-content\\\/uploads\\\/2020\\\/01\\\/cidademarketing_marca_mobile.png\",\"contentUrl\":\"https:\\\/\\\/www.cidademarketing.com.br\\\/marketing\\\/wp-content\\\/uploads\\\/2020\\\/01\\\/cidademarketing_marca_mobile.png\",\"width\":230,\"height\":92,\"caption\":\"CidadeMarketing\"},\"image\":{\"@id\":\"https:\\\/\\\/www.cidademarketing.com.br\\\/marketing\\\/#\\\/schema\\\/logo\\\/image\\\/\"},\"sameAs\":[\"https:\\\/\\\/www.facebook.com\\\/portalcidademarketing\",\"https:\\\/\\\/x.com\\\/CidadeMarketing\",\"https:\\\/\\\/www.instagram.com\\\/cidademarketing\\\/\"]},{\"@type\":\"Person\",\"@id\":\"https:\\\/\\\/www.cidademarketing.com.br\\\/marketing\\\/#\\\/schema\\\/person\\\/02daff9f18bd9378c9e01eb6b2db155f\",\"name\":\"Thales Brand\u00e3o\",\"image\":{\"@type\":\"ImageObject\",\"inLanguage\":\"pt-BR\",\"@id\":\"https:\\\/\\\/secure.gravatar.com\\\/avatar\\\/7ca3206950207cc3cb48feec56a8a7898741ab725c368d99d5d7a5a50aab80c6?s=96&d=mm&r=g\",\"url\":\"https:\\\/\\\/secure.gravatar.com\\\/avatar\\\/7ca3206950207cc3cb48feec56a8a7898741ab725c368d99d5d7a5a50aab80c6?s=96&d=mm&r=g\",\"contentUrl\":\"https:\\\/\\\/secure.gravatar.com\\\/avatar\\\/7ca3206950207cc3cb48feec56a8a7898741ab725c368d99d5d7a5a50aab80c6?s=96&d=mm&r=g\",\"caption\":\"Thales Brand\u00e3o\"},\"description\":\"Editor Executivo do Portal CidadeMarketing.com.br &gt; Mestre em Comunica\u00e7\u00e3o e Sociedade pela Universidade Federal de Sergipe. Possui MBA Executivo em Administra\u00e7\u00e3o com \u00eanfase em Marketing pela Funda\u00e7\u00e3o Get\u00falio Vargas - Rio de Janeiro. Consultor, Palestrante e Pesquisador sobre Empreendedorismo, Marketing, Redes Sociais e Neg\u00f3cios Digitais. Professor, Palestrante TedxTalks e Campus Party. Twitter: @ThalesBrandao\",\"sameAs\":[\"http:\\\/\\\/www.mandacaru.com.br\",\"https:\\\/\\\/www.facebook.com\\\/thalesbrandao\",\"http:\\\/\\\/www.instagram.com.br\\\/thalesbrandaoferreira\",\"https:\\\/\\\/www.linkedin.com\\\/in\\\/thales-brand\u00e3o-3948609\\\/\",\"https:\\\/\\\/x.com\\\/http:\\\/\\\/www.twitter.com\\\/thalesbrandao\"],\"url\":\"https:\\\/\\\/www.cidademarketing.com.br\\\/marketing\\\/author\\\/thalesbrandao\\\/\"}]}<\/script>\n<!-- \/ Yoast SEO plugin. -->","yoast_head_json":{"title":"Inadimpl\u00eancia das fam\u00edlias sobe e juros s\u00e3o mais pressionados pelos custos de capta\u00e7\u00e3o em agosto, aponta Boa Vista - CidadeMarketing","robots":{"index":"index","follow":"follow","max-snippet":"max-snippet:-1","max-image-preview":"max-image-preview:large","max-video-preview":"max-video-preview:-1"},"canonical":"https:\/\/www.cidademarketing.com.br\/marketing\/2021\/09\/27\/inadimplencia-das-familias-sobe-e-juros-sao-mais-pressionados-pelos-custos-de-captacao-em-agosto-aponta-boa-vista\/","og_locale":"pt_BR","og_type":"article","og_title":"Inadimpl\u00eancia das fam\u00edlias sobe e juros s\u00e3o mais pressionados pelos custos de capta\u00e7\u00e3o em agosto, aponta Boa Vista - CidadeMarketing","og_description":"De acordo com os dados do Banco Central, a taxa de inadimpl\u00eancia avan\u00e7ou mais uma vez assim como no m\u00eas de julho, e agora marca 4,15% quando se trata de recursos livres emprestados \u00e0s fam\u00edlias. A alta veio no mesmo sentido apurado pelo indicador de Registros de Inadimplentes da Boa Vista, que havia apontado alta [&hellip;]","og_url":"https:\/\/www.cidademarketing.com.br\/marketing\/2021\/09\/27\/inadimplencia-das-familias-sobe-e-juros-sao-mais-pressionados-pelos-custos-de-captacao-em-agosto-aponta-boa-vista\/","og_site_name":"CidadeMarketing","article_publisher":"https:\/\/www.facebook.com\/portalcidademarketing","article_author":"https:\/\/www.facebook.com\/thalesbrandao","article_published_time":"2021-09-27T16:51:31+00:00","article_modified_time":"2021-09-27T17:11:08+00:00","og_image":[{"width":460,"height":345,"url":"https:\/\/www.cidademarketing.com.br\/marketing\/wp-content\/uploads\/2018\/11\/dinheiro.jpg","type":"image\/jpeg"}],"author":"Thales Brand\u00e3o","twitter_card":"summary_large_image","twitter_creator":"@http:\/\/www.twitter.com\/thalesbrandao","twitter_site":"@CidadeMarketing","twitter_misc":{"Escrito por":"Thales Brand\u00e3o","Est. tempo de leitura":"3 minutos"},"schema":{"@context":"https:\/\/schema.org","@graph":[{"@type":"Article","@id":"https:\/\/www.cidademarketing.com.br\/marketing\/2021\/09\/27\/inadimplencia-das-familias-sobe-e-juros-sao-mais-pressionados-pelos-custos-de-captacao-em-agosto-aponta-boa-vista\/#article","isPartOf":{"@id":"https:\/\/www.cidademarketing.com.br\/marketing\/2021\/09\/27\/inadimplencia-das-familias-sobe-e-juros-sao-mais-pressionados-pelos-custos-de-captacao-em-agosto-aponta-boa-vista\/"},"author":{"name":"Thales Brand\u00e3o","@id":"https:\/\/www.cidademarketing.com.br\/marketing\/#\/schema\/person\/02daff9f18bd9378c9e01eb6b2db155f"},"headline":"Inadimpl\u00eancia das fam\u00edlias sobe e juros s\u00e3o mais pressionados pelos custos de capta\u00e7\u00e3o em agosto, aponta Boa Vista","datePublished":"2021-09-27T16:51:31+00:00","dateModified":"2021-09-27T17:11:08+00:00","mainEntityOfPage":{"@id":"https:\/\/www.cidademarketing.com.br\/marketing\/2021\/09\/27\/inadimplencia-das-familias-sobe-e-juros-sao-mais-pressionados-pelos-custos-de-captacao-em-agosto-aponta-boa-vista\/"},"wordCount":533,"commentCount":0,"publisher":{"@id":"https:\/\/www.cidademarketing.com.br\/marketing\/#organization"},"image":{"@id":"https:\/\/www.cidademarketing.com.br\/marketing\/2021\/09\/27\/inadimplencia-das-familias-sobe-e-juros-sao-mais-pressionados-pelos-custos-de-captacao-em-agosto-aponta-boa-vista\/#primaryimage"},"thumbnailUrl":"https:\/\/www.cidademarketing.com.br\/marketing\/wp-content\/uploads\/2018\/11\/dinheiro.jpg","keywords":["Boa Vista","comportamento do consumidor","consumo","juros"],"articleSection":["Not\u00edcias","Pesquisa de Mercado"],"inLanguage":"pt-BR","potentialAction":[{"@type":"CommentAction","name":"Comment","target":["https:\/\/www.cidademarketing.com.br\/marketing\/2021\/09\/27\/inadimplencia-das-familias-sobe-e-juros-sao-mais-pressionados-pelos-custos-de-captacao-em-agosto-aponta-boa-vista\/#respond"]}]},{"@type":"WebPage","@id":"https:\/\/www.cidademarketing.com.br\/marketing\/2021\/09\/27\/inadimplencia-das-familias-sobe-e-juros-sao-mais-pressionados-pelos-custos-de-captacao-em-agosto-aponta-boa-vista\/","url":"https:\/\/www.cidademarketing.com.br\/marketing\/2021\/09\/27\/inadimplencia-das-familias-sobe-e-juros-sao-mais-pressionados-pelos-custos-de-captacao-em-agosto-aponta-boa-vista\/","name":"Inadimpl\u00eancia das fam\u00edlias sobe e juros s\u00e3o mais pressionados pelos custos de capta\u00e7\u00e3o em agosto, aponta Boa Vista - CidadeMarketing","isPartOf":{"@id":"https:\/\/www.cidademarketing.com.br\/marketing\/#website"},"primaryImageOfPage":{"@id":"https:\/\/www.cidademarketing.com.br\/marketing\/2021\/09\/27\/inadimplencia-das-familias-sobe-e-juros-sao-mais-pressionados-pelos-custos-de-captacao-em-agosto-aponta-boa-vista\/#primaryimage"},"image":{"@id":"https:\/\/www.cidademarketing.com.br\/marketing\/2021\/09\/27\/inadimplencia-das-familias-sobe-e-juros-sao-mais-pressionados-pelos-custos-de-captacao-em-agosto-aponta-boa-vista\/#primaryimage"},"thumbnailUrl":"https:\/\/www.cidademarketing.com.br\/marketing\/wp-content\/uploads\/2018\/11\/dinheiro.jpg","datePublished":"2021-09-27T16:51:31+00:00","dateModified":"2021-09-27T17:11:08+00:00","breadcrumb":{"@id":"https:\/\/www.cidademarketing.com.br\/marketing\/2021\/09\/27\/inadimplencia-das-familias-sobe-e-juros-sao-mais-pressionados-pelos-custos-de-captacao-em-agosto-aponta-boa-vista\/#breadcrumb"},"inLanguage":"pt-BR","potentialAction":[{"@type":"ReadAction","target":["https:\/\/www.cidademarketing.com.br\/marketing\/2021\/09\/27\/inadimplencia-das-familias-sobe-e-juros-sao-mais-pressionados-pelos-custos-de-captacao-em-agosto-aponta-boa-vista\/"]}]},{"@type":"ImageObject","inLanguage":"pt-BR","@id":"https:\/\/www.cidademarketing.com.br\/marketing\/2021\/09\/27\/inadimplencia-das-familias-sobe-e-juros-sao-mais-pressionados-pelos-custos-de-captacao-em-agosto-aponta-boa-vista\/#primaryimage","url":"https:\/\/www.cidademarketing.com.br\/marketing\/wp-content\/uploads\/2018\/11\/dinheiro.jpg","contentUrl":"https:\/\/www.cidademarketing.com.br\/marketing\/wp-content\/uploads\/2018\/11\/dinheiro.jpg","width":460,"height":345,"caption":"Divulga\u00e7\u00e3o"},{"@type":"BreadcrumbList","@id":"https:\/\/www.cidademarketing.com.br\/marketing\/2021\/09\/27\/inadimplencia-das-familias-sobe-e-juros-sao-mais-pressionados-pelos-custos-de-captacao-em-agosto-aponta-boa-vista\/#breadcrumb","itemListElement":[{"@type":"ListItem","position":1,"name":"In\u00edcio","item":"https:\/\/www.cidademarketing.com.br\/marketing\/"},{"@type":"ListItem","position":2,"name":"Inadimpl\u00eancia das fam\u00edlias sobe e juros s\u00e3o mais pressionados pelos custos de capta\u00e7\u00e3o em agosto, aponta Boa Vista"}]},{"@type":"WebSite","@id":"https:\/\/www.cidademarketing.com.br\/marketing\/#website","url":"https:\/\/www.cidademarketing.com.br\/marketing\/","name":"CidadeMarketing","description":"Somos um ve\u00edculo de comunica\u00e7\u00e3o de destaque no Brasil, reconhecido por conte\u00fados nos segmentos de marketing, empreendedorismo e inova\u00e7\u00e3o.","publisher":{"@id":"https:\/\/www.cidademarketing.com.br\/marketing\/#organization"},"alternateName":"CidadeMarketing","potentialAction":[{"@type":"SearchAction","target":{"@type":"EntryPoint","urlTemplate":"https:\/\/www.cidademarketing.com.br\/marketing\/?s={search_term_string}"},"query-input":{"@type":"PropertyValueSpecification","valueRequired":true,"valueName":"search_term_string"}}],"inLanguage":"pt-BR"},{"@type":"Organization","@id":"https:\/\/www.cidademarketing.com.br\/marketing\/#organization","name":"CidadeMarketing","alternateName":"CidadeMarketing","url":"https:\/\/www.cidademarketing.com.br\/marketing\/","logo":{"@type":"ImageObject","inLanguage":"pt-BR","@id":"https:\/\/www.cidademarketing.com.br\/marketing\/#\/schema\/logo\/image\/","url":"https:\/\/www.cidademarketing.com.br\/marketing\/wp-content\/uploads\/2020\/01\/cidademarketing_marca_mobile.png","contentUrl":"https:\/\/www.cidademarketing.com.br\/marketing\/wp-content\/uploads\/2020\/01\/cidademarketing_marca_mobile.png","width":230,"height":92,"caption":"CidadeMarketing"},"image":{"@id":"https:\/\/www.cidademarketing.com.br\/marketing\/#\/schema\/logo\/image\/"},"sameAs":["https:\/\/www.facebook.com\/portalcidademarketing","https:\/\/x.com\/CidadeMarketing","https:\/\/www.instagram.com\/cidademarketing\/"]},{"@type":"Person","@id":"https:\/\/www.cidademarketing.com.br\/marketing\/#\/schema\/person\/02daff9f18bd9378c9e01eb6b2db155f","name":"Thales Brand\u00e3o","image":{"@type":"ImageObject","inLanguage":"pt-BR","@id":"https:\/\/secure.gravatar.com\/avatar\/7ca3206950207cc3cb48feec56a8a7898741ab725c368d99d5d7a5a50aab80c6?s=96&d=mm&r=g","url":"https:\/\/secure.gravatar.com\/avatar\/7ca3206950207cc3cb48feec56a8a7898741ab725c368d99d5d7a5a50aab80c6?s=96&d=mm&r=g","contentUrl":"https:\/\/secure.gravatar.com\/avatar\/7ca3206950207cc3cb48feec56a8a7898741ab725c368d99d5d7a5a50aab80c6?s=96&d=mm&r=g","caption":"Thales Brand\u00e3o"},"description":"Editor Executivo do Portal CidadeMarketing.com.br &gt; Mestre em Comunica\u00e7\u00e3o e Sociedade pela Universidade Federal de Sergipe. Possui MBA Executivo em Administra\u00e7\u00e3o com \u00eanfase em Marketing pela Funda\u00e7\u00e3o Get\u00falio Vargas - Rio de Janeiro. Consultor, Palestrante e Pesquisador sobre Empreendedorismo, Marketing, Redes Sociais e Neg\u00f3cios Digitais. Professor, Palestrante TedxTalks e Campus Party. Twitter: @ThalesBrandao","sameAs":["http:\/\/www.mandacaru.com.br","https:\/\/www.facebook.com\/thalesbrandao","http:\/\/www.instagram.com.br\/thalesbrandaoferreira","https:\/\/www.linkedin.com\/in\/thales-brand\u00e3o-3948609\/","https:\/\/x.com\/http:\/\/www.twitter.com\/thalesbrandao"],"url":"https:\/\/www.cidademarketing.com.br\/marketing\/author\/thalesbrandao\/"}]}},"amp_enabled":true,"_links":{"self":[{"href":"https:\/\/www.cidademarketing.com.br\/marketing\/wp-json\/wp\/v2\/posts\/29793","targetHints":{"allow":["GET"]}}],"collection":[{"href":"https:\/\/www.cidademarketing.com.br\/marketing\/wp-json\/wp\/v2\/posts"}],"about":[{"href":"https:\/\/www.cidademarketing.com.br\/marketing\/wp-json\/wp\/v2\/types\/post"}],"author":[{"embeddable":true,"href":"https:\/\/www.cidademarketing.com.br\/marketing\/wp-json\/wp\/v2\/users\/1"}],"replies":[{"embeddable":true,"href":"https:\/\/www.cidademarketing.com.br\/marketing\/wp-json\/wp\/v2\/comments?post=29793"}],"version-history":[{"count":2,"href":"https:\/\/www.cidademarketing.com.br\/marketing\/wp-json\/wp\/v2\/posts\/29793\/revisions"}],"predecessor-version":[{"id":29804,"href":"https:\/\/www.cidademarketing.com.br\/marketing\/wp-json\/wp\/v2\/posts\/29793\/revisions\/29804"}],"wp:featuredmedia":[{"embeddable":true,"href":"https:\/\/www.cidademarketing.com.br\/marketing\/wp-json\/wp\/v2\/media\/3271"}],"wp:attachment":[{"href":"https:\/\/www.cidademarketing.com.br\/marketing\/wp-json\/wp\/v2\/media?parent=29793"}],"wp:term":[{"taxonomy":"category","embeddable":true,"href":"https:\/\/www.cidademarketing.com.br\/marketing\/wp-json\/wp\/v2\/categories?post=29793"},{"taxonomy":"post_tag","embeddable":true,"href":"https:\/\/www.cidademarketing.com.br\/marketing\/wp-json\/wp\/v2\/tags?post=29793"}],"curies":[{"name":"wp","href":"https:\/\/api.w.org\/{rel}","templated":true}]}}