{"id":29749,"date":"2021-09-26T00:38:55","date_gmt":"2021-09-26T03:38:55","guid":{"rendered":"https:\/\/www.cidademarketing.com.br\/marketing\/?p=29749"},"modified":"2022-03-04T01:04:50","modified_gmt":"2022-03-04T04:04:50","slug":"apagao-em-salvador-varios-bairros-ficam-sem-luz-apos-desligamento-de-subestacao-da-chesf-afirma-neoenergia-coelba","status":"publish","type":"post","link":"https:\/\/www.cidademarketing.com.br\/marketing\/2021\/09\/26\/apagao-em-salvador-varios-bairros-ficam-sem-luz-apos-desligamento-de-subestacao-da-chesf-afirma-neoenergia-coelba\/","title":{"rendered":"Apag\u00e3o em Salvador: V\u00e1rios bairros ficam sem luz ap\u00f3s desligamento de subesta\u00e7\u00e3o da Chesf, afirma Neoenergia Coelba"},"content":{"rendered":"\r\n<iframe style=\"border-radius:12px\" src=\"https:\/\/open.spotify.com\/embed\/episode\/62aOEiypZqHaR8J2BVG6p2?utm_source=generator&#038;t=0\" width=\"100%\" height=\"232\" frameBorder=\"0\" allowfullscreen=\"\" allow=\"autoplay; clipboard-write; encrypted-media; fullscreen; picture-in-picture\"><\/iframe>\t\r\n\r\n\r\n\r\n\r\n<p><\/p>\r\n\r\n\r\n\r\n<p>Ontem, 25\/09, v\u00e1rios internautas pelo Twitter registraram falta de energia no per\u00edodo da noite em diversos bairros em Salvador. O apag\u00e3o iniciou por volta das 22h20. Em nota, a distribuidora Neoenergia Coelba informou o seguinte: <\/p>\r\n\r\n\r\n\r\n<p>&#8220;Desde o in\u00edcio da ocorr\u00eancia, equipes da concession\u00e1ria atuaram na transfer\u00eancia de cargas, a partir do Centro de Opera\u00e7\u00f5es Integradas da Neoenergia Coelba, para garantir o restabelecimento do servi\u00e7o. A Chesf normalizou o fornecimento para a Neoenergia Coelba \u00e0s 22h58, hor\u00e1rio em que foi completamente normalizado o fornecimento de energia nas localidades atingidas&#8221;, diz o comunicado da Neoenergia Coelba.<\/p>\r\n\r\n\r\n\r\n<p>A interrup\u00e7\u00e3o do servi\u00e7o de energia atingiu os bairros: Pituba, Itaigara, Brotas, Nazar\u00e9 Campo Grande, Canela, Arma\u00e7\u00e3o, Itaigara, Horto Florestal, Rio Vermelho e Costa Azul.<\/p>\r\n\r\n\r\n\r\n<p><\/p>\r\n\r\n\r\n\r\n<p><\/p><blockquote class=\"twitter-tweet\"><p lang=\"pt\" dir=\"ltr\">Av. Tancredo Neves sem energia hoje, assim como v\u00e1rios bairros de Salvador (o que fomos descobrindo enquanto pass\u00e1vamos por alguns). <br>Como diria meu namorado, o dia depois de amanh\u00e3 \ud83d\ude02 <a href=\"https:\/\/t.co\/Q3xKGXsNbF\">pic.twitter.com\/Q3xKGXsNbF<\/a><\/p>&mdash; Carolina (@carolfarofa) <a href=\"https:\/\/twitter.com\/carolfarofa\/status\/1441953588389957635?ref_src=twsrc%5Etfw\">September 26, 2021<\/a><\/blockquote> <script async src=\"https:\/\/platform.twitter.com\/widgets.js\" charset=\"utf-8\"><\/script>\r\n\r\n\r\n\r\n<p><\/p><blockquote class=\"twitter-tweet\"><p lang=\"pt\" dir=\"ltr\">Apag\u00e3o gigantesco em Salvador <a href=\"https:\/\/twitter.com\/hashtag\/apag%C3%A3oemsalvador?src=hash&amp;ref_src=twsrc%5Etfw\">#apag\u00e3oemsalvador<\/a> <a href=\"https:\/\/t.co\/ao5fOqEwHT\">pic.twitter.com\/ao5fOqEwHT<\/a><\/p>&mdash; wladmir pinheiro (@wladowski) <a href=\"https:\/\/twitter.com\/wladowski\/status\/1441937131451006981?ref_src=twsrc%5Etfw\">September 26, 2021<\/a><\/blockquote> <script async src=\"https:\/\/platform.twitter.com\/widgets.js\" charset=\"utf-8\"><\/script>\r\n\r\n\r\n\r\n<p><\/p><iframe allow=\"autoplay *; encrypted-media *; fullscreen *\" frameborder=\"0\" height=\"450\" style=\"width:100%;max-width:660px;overflow:hidden;background:transparent;\" sandbox=\"allow-forms allow-popups allow-same-origin allow-scripts allow-storage-access-by-user-activation allow-top-navigation-by-user-activation\" src=\"https:\/\/embed.podcasts.apple.com\/br\/podcast\/podcast-cidademarketing\/id1371923283\"><\/iframe>\r\n\r\n","protected":false},"excerpt":{"rendered":"<p>Ontem, 25\/09, v\u00e1rios internautas pelo Twitter registraram falta de energia no per\u00edodo da noite em diversos bairros em Salvador. O apag\u00e3o iniciou por volta das 22h20. Em nota, a distribuidora Neoenergia Coelba informou o seguinte: &#8220;Desde o in\u00edcio da ocorr\u00eancia, equipes da concession\u00e1ria atuaram na transfer\u00eancia de cargas, a partir do Centro de Opera\u00e7\u00f5es Integradas [&hellip;]<\/p>\n","protected":false},"author":1,"featured_media":29750,"comment_status":"open","ping_status":"open","sticky":false,"template":"","format":"standard","meta":{"tdm_status":"","tdm_grid_status":"","footnotes":""},"categories":[6],"tags":[190,2094,4636,30,572],"class_list":["post-29749","post","type-post","status-publish","format-standard","has-post-thumbnail","hentry","category-noticias","tag-energia","tag-luz","tag-neoenergia-coelba","tag-nordeste","tag-salvador"],"yoast_head":"<!-- This site is optimized with the Yoast SEO plugin v27.5 - https:\/\/yoast.com\/product\/yoast-seo-wordpress\/ -->\n<title>Apag\u00e3o em Salvador: V\u00e1rios bairros ficam sem luz ap\u00f3s desligamento de subesta\u00e7\u00e3o da Chesf, afirma Neoenergia Coelba - CidadeMarketing<\/title>\n<meta name=\"robots\" content=\"index, follow, max-snippet:-1, max-image-preview:large, max-video-preview:-1\" \/>\n<link rel=\"canonical\" href=\"https:\/\/www.cidademarketing.com.br\/marketing\/2021\/09\/26\/apagao-em-salvador-varios-bairros-ficam-sem-luz-apos-desligamento-de-subestacao-da-chesf-afirma-neoenergia-coelba\/\" \/>\n<meta property=\"og:locale\" content=\"pt_BR\" \/>\n<meta property=\"og:type\" content=\"article\" \/>\n<meta property=\"og:title\" content=\"Apag\u00e3o em Salvador: V\u00e1rios bairros ficam sem luz ap\u00f3s desligamento de subesta\u00e7\u00e3o da Chesf, afirma Neoenergia Coelba - CidadeMarketing\" \/>\n<meta property=\"og:description\" content=\"Ontem, 25\/09, v\u00e1rios internautas pelo Twitter registraram falta de energia no per\u00edodo da noite em diversos bairros em Salvador. O apag\u00e3o iniciou por volta das 22h20. Em nota, a distribuidora Neoenergia Coelba informou o seguinte: &#8220;Desde o in\u00edcio da ocorr\u00eancia, equipes da concession\u00e1ria atuaram na transfer\u00eancia de cargas, a partir do Centro de Opera\u00e7\u00f5es Integradas [&hellip;]\" \/>\n<meta property=\"og:url\" content=\"https:\/\/www.cidademarketing.com.br\/marketing\/2021\/09\/26\/apagao-em-salvador-varios-bairros-ficam-sem-luz-apos-desligamento-de-subestacao-da-chesf-afirma-neoenergia-coelba\/\" \/>\n<meta property=\"og:site_name\" content=\"CidadeMarketing\" \/>\n<meta property=\"article:publisher\" content=\"https:\/\/www.facebook.com\/portalcidademarketing\" \/>\n<meta property=\"article:author\" content=\"https:\/\/www.facebook.com\/thalesbrandao\" \/>\n<meta property=\"article:published_time\" content=\"2021-09-26T03:38:55+00:00\" \/>\n<meta property=\"article:modified_time\" content=\"2022-03-04T04:04:50+00:00\" \/>\n<meta property=\"og:image\" content=\"https:\/\/www.cidademarketing.com.br\/marketing\/wp-content\/uploads\/2021\/09\/apagao_salvador.jpg\" \/>\n\t<meta property=\"og:image:width\" content=\"471\" \/>\n\t<meta property=\"og:image:height\" content=\"470\" \/>\n\t<meta property=\"og:image:type\" content=\"image\/jpeg\" \/>\n<meta name=\"author\" content=\"Thales Brand\u00e3o\" \/>\n<meta name=\"twitter:card\" content=\"summary_large_image\" \/>\n<meta name=\"twitter:creator\" content=\"@http:\/\/www.twitter.com\/thalesbrandao\" \/>\n<meta name=\"twitter:site\" content=\"@CidadeMarketing\" \/>\n<meta name=\"twitter:label1\" content=\"Escrito por\" \/>\n\t<meta name=\"twitter:data1\" content=\"Thales Brand\u00e3o\" \/>\n\t<meta name=\"twitter:label2\" content=\"Est. tempo de leitura\" \/>\n\t<meta name=\"twitter:data2\" content=\"1 minuto\" \/>\n<script type=\"application\/ld+json\" class=\"yoast-schema-graph\">{\"@context\":\"https:\\\/\\\/schema.org\",\"@graph\":[{\"@type\":\"Article\",\"@id\":\"https:\\\/\\\/www.cidademarketing.com.br\\\/marketing\\\/2021\\\/09\\\/26\\\/apagao-em-salvador-varios-bairros-ficam-sem-luz-apos-desligamento-de-subestacao-da-chesf-afirma-neoenergia-coelba\\\/#article\",\"isPartOf\":{\"@id\":\"https:\\\/\\\/www.cidademarketing.com.br\\\/marketing\\\/2021\\\/09\\\/26\\\/apagao-em-salvador-varios-bairros-ficam-sem-luz-apos-desligamento-de-subestacao-da-chesf-afirma-neoenergia-coelba\\\/\"},\"author\":{\"name\":\"Thales Brand\u00e3o\",\"@id\":\"https:\\\/\\\/www.cidademarketing.com.br\\\/marketing\\\/#\\\/schema\\\/person\\\/02daff9f18bd9378c9e01eb6b2db155f\"},\"headline\":\"Apag\u00e3o em Salvador: V\u00e1rios bairros ficam sem luz ap\u00f3s desligamento de subesta\u00e7\u00e3o da Chesf, afirma Neoenergia Coelba\",\"datePublished\":\"2021-09-26T03:38:55+00:00\",\"dateModified\":\"2022-03-04T04:04:50+00:00\",\"mainEntityOfPage\":{\"@id\":\"https:\\\/\\\/www.cidademarketing.com.br\\\/marketing\\\/2021\\\/09\\\/26\\\/apagao-em-salvador-varios-bairros-ficam-sem-luz-apos-desligamento-de-subestacao-da-chesf-afirma-neoenergia-coelba\\\/\"},\"wordCount\":209,\"commentCount\":0,\"publisher\":{\"@id\":\"https:\\\/\\\/www.cidademarketing.com.br\\\/marketing\\\/#organization\"},\"image\":{\"@id\":\"https:\\\/\\\/www.cidademarketing.com.br\\\/marketing\\\/2021\\\/09\\\/26\\\/apagao-em-salvador-varios-bairros-ficam-sem-luz-apos-desligamento-de-subestacao-da-chesf-afirma-neoenergia-coelba\\\/#primaryimage\"},\"thumbnailUrl\":\"https:\\\/\\\/www.cidademarketing.com.br\\\/marketing\\\/wp-content\\\/uploads\\\/2021\\\/09\\\/apagao_salvador.jpg\",\"keywords\":[\"energia\",\"luz\",\"Neoenergia Coelba\",\"Nordeste\",\"Salvador\"],\"articleSection\":[\"Not\u00edcias\"],\"inLanguage\":\"pt-BR\",\"potentialAction\":[{\"@type\":\"CommentAction\",\"name\":\"Comment\",\"target\":[\"https:\\\/\\\/www.cidademarketing.com.br\\\/marketing\\\/2021\\\/09\\\/26\\\/apagao-em-salvador-varios-bairros-ficam-sem-luz-apos-desligamento-de-subestacao-da-chesf-afirma-neoenergia-coelba\\\/#respond\"]}]},{\"@type\":\"WebPage\",\"@id\":\"https:\\\/\\\/www.cidademarketing.com.br\\\/marketing\\\/2021\\\/09\\\/26\\\/apagao-em-salvador-varios-bairros-ficam-sem-luz-apos-desligamento-de-subestacao-da-chesf-afirma-neoenergia-coelba\\\/\",\"url\":\"https:\\\/\\\/www.cidademarketing.com.br\\\/marketing\\\/2021\\\/09\\\/26\\\/apagao-em-salvador-varios-bairros-ficam-sem-luz-apos-desligamento-de-subestacao-da-chesf-afirma-neoenergia-coelba\\\/\",\"name\":\"Apag\u00e3o em Salvador: V\u00e1rios bairros ficam sem luz ap\u00f3s desligamento de subesta\u00e7\u00e3o da Chesf, afirma Neoenergia Coelba - CidadeMarketing\",\"isPartOf\":{\"@id\":\"https:\\\/\\\/www.cidademarketing.com.br\\\/marketing\\\/#website\"},\"primaryImageOfPage\":{\"@id\":\"https:\\\/\\\/www.cidademarketing.com.br\\\/marketing\\\/2021\\\/09\\\/26\\\/apagao-em-salvador-varios-bairros-ficam-sem-luz-apos-desligamento-de-subestacao-da-chesf-afirma-neoenergia-coelba\\\/#primaryimage\"},\"image\":{\"@id\":\"https:\\\/\\\/www.cidademarketing.com.br\\\/marketing\\\/2021\\\/09\\\/26\\\/apagao-em-salvador-varios-bairros-ficam-sem-luz-apos-desligamento-de-subestacao-da-chesf-afirma-neoenergia-coelba\\\/#primaryimage\"},\"thumbnailUrl\":\"https:\\\/\\\/www.cidademarketing.com.br\\\/marketing\\\/wp-content\\\/uploads\\\/2021\\\/09\\\/apagao_salvador.jpg\",\"datePublished\":\"2021-09-26T03:38:55+00:00\",\"dateModified\":\"2022-03-04T04:04:50+00:00\",\"breadcrumb\":{\"@id\":\"https:\\\/\\\/www.cidademarketing.com.br\\\/marketing\\\/2021\\\/09\\\/26\\\/apagao-em-salvador-varios-bairros-ficam-sem-luz-apos-desligamento-de-subestacao-da-chesf-afirma-neoenergia-coelba\\\/#breadcrumb\"},\"inLanguage\":\"pt-BR\",\"potentialAction\":[{\"@type\":\"ReadAction\",\"target\":[\"https:\\\/\\\/www.cidademarketing.com.br\\\/marketing\\\/2021\\\/09\\\/26\\\/apagao-em-salvador-varios-bairros-ficam-sem-luz-apos-desligamento-de-subestacao-da-chesf-afirma-neoenergia-coelba\\\/\"]}]},{\"@type\":\"ImageObject\",\"inLanguage\":\"pt-BR\",\"@id\":\"https:\\\/\\\/www.cidademarketing.com.br\\\/marketing\\\/2021\\\/09\\\/26\\\/apagao-em-salvador-varios-bairros-ficam-sem-luz-apos-desligamento-de-subestacao-da-chesf-afirma-neoenergia-coelba\\\/#primaryimage\",\"url\":\"https:\\\/\\\/www.cidademarketing.com.br\\\/marketing\\\/wp-content\\\/uploads\\\/2021\\\/09\\\/apagao_salvador.jpg\",\"contentUrl\":\"https:\\\/\\\/www.cidademarketing.com.br\\\/marketing\\\/wp-content\\\/uploads\\\/2021\\\/09\\\/apagao_salvador.jpg\",\"width\":471,\"height\":470,\"caption\":\"Reprodu\u00e7\u00e3o\\\/Twitter\"},{\"@type\":\"BreadcrumbList\",\"@id\":\"https:\\\/\\\/www.cidademarketing.com.br\\\/marketing\\\/2021\\\/09\\\/26\\\/apagao-em-salvador-varios-bairros-ficam-sem-luz-apos-desligamento-de-subestacao-da-chesf-afirma-neoenergia-coelba\\\/#breadcrumb\",\"itemListElement\":[{\"@type\":\"ListItem\",\"position\":1,\"name\":\"In\u00edcio\",\"item\":\"https:\\\/\\\/www.cidademarketing.com.br\\\/marketing\\\/\"},{\"@type\":\"ListItem\",\"position\":2,\"name\":\"Apag\u00e3o em Salvador: V\u00e1rios bairros ficam sem luz ap\u00f3s desligamento de subesta\u00e7\u00e3o da Chesf, afirma Neoenergia Coelba\"}]},{\"@type\":\"WebSite\",\"@id\":\"https:\\\/\\\/www.cidademarketing.com.br\\\/marketing\\\/#website\",\"url\":\"https:\\\/\\\/www.cidademarketing.com.br\\\/marketing\\\/\",\"name\":\"CidadeMarketing\",\"description\":\"Somos um ve\u00edculo de comunica\u00e7\u00e3o de destaque no Brasil, reconhecido por conte\u00fados nos segmentos de marketing, empreendedorismo e inova\u00e7\u00e3o.\",\"publisher\":{\"@id\":\"https:\\\/\\\/www.cidademarketing.com.br\\\/marketing\\\/#organization\"},\"alternateName\":\"CidadeMarketing\",\"potentialAction\":[{\"@type\":\"SearchAction\",\"target\":{\"@type\":\"EntryPoint\",\"urlTemplate\":\"https:\\\/\\\/www.cidademarketing.com.br\\\/marketing\\\/?s={search_term_string}\"},\"query-input\":{\"@type\":\"PropertyValueSpecification\",\"valueRequired\":true,\"valueName\":\"search_term_string\"}}],\"inLanguage\":\"pt-BR\"},{\"@type\":\"Organization\",\"@id\":\"https:\\\/\\\/www.cidademarketing.com.br\\\/marketing\\\/#organization\",\"name\":\"CidadeMarketing\",\"alternateName\":\"CidadeMarketing\",\"url\":\"https:\\\/\\\/www.cidademarketing.com.br\\\/marketing\\\/\",\"logo\":{\"@type\":\"ImageObject\",\"inLanguage\":\"pt-BR\",\"@id\":\"https:\\\/\\\/www.cidademarketing.com.br\\\/marketing\\\/#\\\/schema\\\/logo\\\/image\\\/\",\"url\":\"https:\\\/\\\/www.cidademarketing.com.br\\\/marketing\\\/wp-content\\\/uploads\\\/2020\\\/01\\\/cidademarketing_marca_mobile.png\",\"contentUrl\":\"https:\\\/\\\/www.cidademarketing.com.br\\\/marketing\\\/wp-content\\\/uploads\\\/2020\\\/01\\\/cidademarketing_marca_mobile.png\",\"width\":230,\"height\":92,\"caption\":\"CidadeMarketing\"},\"image\":{\"@id\":\"https:\\\/\\\/www.cidademarketing.com.br\\\/marketing\\\/#\\\/schema\\\/logo\\\/image\\\/\"},\"sameAs\":[\"https:\\\/\\\/www.facebook.com\\\/portalcidademarketing\",\"https:\\\/\\\/x.com\\\/CidadeMarketing\",\"https:\\\/\\\/www.instagram.com\\\/cidademarketing\\\/\"]},{\"@type\":\"Person\",\"@id\":\"https:\\\/\\\/www.cidademarketing.com.br\\\/marketing\\\/#\\\/schema\\\/person\\\/02daff9f18bd9378c9e01eb6b2db155f\",\"name\":\"Thales Brand\u00e3o\",\"image\":{\"@type\":\"ImageObject\",\"inLanguage\":\"pt-BR\",\"@id\":\"https:\\\/\\\/secure.gravatar.com\\\/avatar\\\/7ca3206950207cc3cb48feec56a8a7898741ab725c368d99d5d7a5a50aab80c6?s=96&d=mm&r=g\",\"url\":\"https:\\\/\\\/secure.gravatar.com\\\/avatar\\\/7ca3206950207cc3cb48feec56a8a7898741ab725c368d99d5d7a5a50aab80c6?s=96&d=mm&r=g\",\"contentUrl\":\"https:\\\/\\\/secure.gravatar.com\\\/avatar\\\/7ca3206950207cc3cb48feec56a8a7898741ab725c368d99d5d7a5a50aab80c6?s=96&d=mm&r=g\",\"caption\":\"Thales Brand\u00e3o\"},\"description\":\"Editor Executivo do Portal CidadeMarketing.com.br &gt; Mestre em Comunica\u00e7\u00e3o e Sociedade pela Universidade Federal de Sergipe. Possui MBA Executivo em Administra\u00e7\u00e3o com \u00eanfase em Marketing pela Funda\u00e7\u00e3o Get\u00falio Vargas - Rio de Janeiro. Consultor, Palestrante e Pesquisador sobre Empreendedorismo, Marketing, Redes Sociais e Neg\u00f3cios Digitais. Professor, Palestrante TedxTalks e Campus Party. Twitter: @ThalesBrandao\",\"sameAs\":[\"http:\\\/\\\/www.mandacaru.com.br\",\"https:\\\/\\\/www.facebook.com\\\/thalesbrandao\",\"http:\\\/\\\/www.instagram.com.br\\\/thalesbrandaoferreira\",\"https:\\\/\\\/www.linkedin.com\\\/in\\\/thales-brand\u00e3o-3948609\\\/\",\"https:\\\/\\\/x.com\\\/http:\\\/\\\/www.twitter.com\\\/thalesbrandao\"],\"url\":\"https:\\\/\\\/www.cidademarketing.com.br\\\/marketing\\\/author\\\/thalesbrandao\\\/\"}]}<\/script>\n<!-- \/ Yoast SEO plugin. -->","yoast_head_json":{"title":"Apag\u00e3o em Salvador: V\u00e1rios bairros ficam sem luz ap\u00f3s desligamento de subesta\u00e7\u00e3o da Chesf, afirma Neoenergia Coelba - CidadeMarketing","robots":{"index":"index","follow":"follow","max-snippet":"max-snippet:-1","max-image-preview":"max-image-preview:large","max-video-preview":"max-video-preview:-1"},"canonical":"https:\/\/www.cidademarketing.com.br\/marketing\/2021\/09\/26\/apagao-em-salvador-varios-bairros-ficam-sem-luz-apos-desligamento-de-subestacao-da-chesf-afirma-neoenergia-coelba\/","og_locale":"pt_BR","og_type":"article","og_title":"Apag\u00e3o em Salvador: V\u00e1rios bairros ficam sem luz ap\u00f3s desligamento de subesta\u00e7\u00e3o da Chesf, afirma Neoenergia Coelba - CidadeMarketing","og_description":"Ontem, 25\/09, v\u00e1rios internautas pelo Twitter registraram falta de energia no per\u00edodo da noite em diversos bairros em Salvador. O apag\u00e3o iniciou por volta das 22h20. Em nota, a distribuidora Neoenergia Coelba informou o seguinte: &#8220;Desde o in\u00edcio da ocorr\u00eancia, equipes da concession\u00e1ria atuaram na transfer\u00eancia de cargas, a partir do Centro de Opera\u00e7\u00f5es Integradas [&hellip;]","og_url":"https:\/\/www.cidademarketing.com.br\/marketing\/2021\/09\/26\/apagao-em-salvador-varios-bairros-ficam-sem-luz-apos-desligamento-de-subestacao-da-chesf-afirma-neoenergia-coelba\/","og_site_name":"CidadeMarketing","article_publisher":"https:\/\/www.facebook.com\/portalcidademarketing","article_author":"https:\/\/www.facebook.com\/thalesbrandao","article_published_time":"2021-09-26T03:38:55+00:00","article_modified_time":"2022-03-04T04:04:50+00:00","og_image":[{"width":471,"height":470,"url":"https:\/\/www.cidademarketing.com.br\/marketing\/wp-content\/uploads\/2021\/09\/apagao_salvador.jpg","type":"image\/jpeg"}],"author":"Thales Brand\u00e3o","twitter_card":"summary_large_image","twitter_creator":"@http:\/\/www.twitter.com\/thalesbrandao","twitter_site":"@CidadeMarketing","twitter_misc":{"Escrito por":"Thales Brand\u00e3o","Est. tempo de leitura":"1 minuto"},"schema":{"@context":"https:\/\/schema.org","@graph":[{"@type":"Article","@id":"https:\/\/www.cidademarketing.com.br\/marketing\/2021\/09\/26\/apagao-em-salvador-varios-bairros-ficam-sem-luz-apos-desligamento-de-subestacao-da-chesf-afirma-neoenergia-coelba\/#article","isPartOf":{"@id":"https:\/\/www.cidademarketing.com.br\/marketing\/2021\/09\/26\/apagao-em-salvador-varios-bairros-ficam-sem-luz-apos-desligamento-de-subestacao-da-chesf-afirma-neoenergia-coelba\/"},"author":{"name":"Thales Brand\u00e3o","@id":"https:\/\/www.cidademarketing.com.br\/marketing\/#\/schema\/person\/02daff9f18bd9378c9e01eb6b2db155f"},"headline":"Apag\u00e3o em Salvador: V\u00e1rios bairros ficam sem luz ap\u00f3s desligamento de subesta\u00e7\u00e3o da Chesf, afirma Neoenergia Coelba","datePublished":"2021-09-26T03:38:55+00:00","dateModified":"2022-03-04T04:04:50+00:00","mainEntityOfPage":{"@id":"https:\/\/www.cidademarketing.com.br\/marketing\/2021\/09\/26\/apagao-em-salvador-varios-bairros-ficam-sem-luz-apos-desligamento-de-subestacao-da-chesf-afirma-neoenergia-coelba\/"},"wordCount":209,"commentCount":0,"publisher":{"@id":"https:\/\/www.cidademarketing.com.br\/marketing\/#organization"},"image":{"@id":"https:\/\/www.cidademarketing.com.br\/marketing\/2021\/09\/26\/apagao-em-salvador-varios-bairros-ficam-sem-luz-apos-desligamento-de-subestacao-da-chesf-afirma-neoenergia-coelba\/#primaryimage"},"thumbnailUrl":"https:\/\/www.cidademarketing.com.br\/marketing\/wp-content\/uploads\/2021\/09\/apagao_salvador.jpg","keywords":["energia","luz","Neoenergia Coelba","Nordeste","Salvador"],"articleSection":["Not\u00edcias"],"inLanguage":"pt-BR","potentialAction":[{"@type":"CommentAction","name":"Comment","target":["https:\/\/www.cidademarketing.com.br\/marketing\/2021\/09\/26\/apagao-em-salvador-varios-bairros-ficam-sem-luz-apos-desligamento-de-subestacao-da-chesf-afirma-neoenergia-coelba\/#respond"]}]},{"@type":"WebPage","@id":"https:\/\/www.cidademarketing.com.br\/marketing\/2021\/09\/26\/apagao-em-salvador-varios-bairros-ficam-sem-luz-apos-desligamento-de-subestacao-da-chesf-afirma-neoenergia-coelba\/","url":"https:\/\/www.cidademarketing.com.br\/marketing\/2021\/09\/26\/apagao-em-salvador-varios-bairros-ficam-sem-luz-apos-desligamento-de-subestacao-da-chesf-afirma-neoenergia-coelba\/","name":"Apag\u00e3o em Salvador: V\u00e1rios bairros ficam sem luz ap\u00f3s desligamento de subesta\u00e7\u00e3o da Chesf, afirma Neoenergia Coelba - CidadeMarketing","isPartOf":{"@id":"https:\/\/www.cidademarketing.com.br\/marketing\/#website"},"primaryImageOfPage":{"@id":"https:\/\/www.cidademarketing.com.br\/marketing\/2021\/09\/26\/apagao-em-salvador-varios-bairros-ficam-sem-luz-apos-desligamento-de-subestacao-da-chesf-afirma-neoenergia-coelba\/#primaryimage"},"image":{"@id":"https:\/\/www.cidademarketing.com.br\/marketing\/2021\/09\/26\/apagao-em-salvador-varios-bairros-ficam-sem-luz-apos-desligamento-de-subestacao-da-chesf-afirma-neoenergia-coelba\/#primaryimage"},"thumbnailUrl":"https:\/\/www.cidademarketing.com.br\/marketing\/wp-content\/uploads\/2021\/09\/apagao_salvador.jpg","datePublished":"2021-09-26T03:38:55+00:00","dateModified":"2022-03-04T04:04:50+00:00","breadcrumb":{"@id":"https:\/\/www.cidademarketing.com.br\/marketing\/2021\/09\/26\/apagao-em-salvador-varios-bairros-ficam-sem-luz-apos-desligamento-de-subestacao-da-chesf-afirma-neoenergia-coelba\/#breadcrumb"},"inLanguage":"pt-BR","potentialAction":[{"@type":"ReadAction","target":["https:\/\/www.cidademarketing.com.br\/marketing\/2021\/09\/26\/apagao-em-salvador-varios-bairros-ficam-sem-luz-apos-desligamento-de-subestacao-da-chesf-afirma-neoenergia-coelba\/"]}]},{"@type":"ImageObject","inLanguage":"pt-BR","@id":"https:\/\/www.cidademarketing.com.br\/marketing\/2021\/09\/26\/apagao-em-salvador-varios-bairros-ficam-sem-luz-apos-desligamento-de-subestacao-da-chesf-afirma-neoenergia-coelba\/#primaryimage","url":"https:\/\/www.cidademarketing.com.br\/marketing\/wp-content\/uploads\/2021\/09\/apagao_salvador.jpg","contentUrl":"https:\/\/www.cidademarketing.com.br\/marketing\/wp-content\/uploads\/2021\/09\/apagao_salvador.jpg","width":471,"height":470,"caption":"Reprodu\u00e7\u00e3o\/Twitter"},{"@type":"BreadcrumbList","@id":"https:\/\/www.cidademarketing.com.br\/marketing\/2021\/09\/26\/apagao-em-salvador-varios-bairros-ficam-sem-luz-apos-desligamento-de-subestacao-da-chesf-afirma-neoenergia-coelba\/#breadcrumb","itemListElement":[{"@type":"ListItem","position":1,"name":"In\u00edcio","item":"https:\/\/www.cidademarketing.com.br\/marketing\/"},{"@type":"ListItem","position":2,"name":"Apag\u00e3o em Salvador: V\u00e1rios bairros ficam sem luz ap\u00f3s desligamento de subesta\u00e7\u00e3o da Chesf, afirma Neoenergia Coelba"}]},{"@type":"WebSite","@id":"https:\/\/www.cidademarketing.com.br\/marketing\/#website","url":"https:\/\/www.cidademarketing.com.br\/marketing\/","name":"CidadeMarketing","description":"Somos um ve\u00edculo de comunica\u00e7\u00e3o de destaque no Brasil, reconhecido por conte\u00fados nos segmentos de marketing, empreendedorismo e inova\u00e7\u00e3o.","publisher":{"@id":"https:\/\/www.cidademarketing.com.br\/marketing\/#organization"},"alternateName":"CidadeMarketing","potentialAction":[{"@type":"SearchAction","target":{"@type":"EntryPoint","urlTemplate":"https:\/\/www.cidademarketing.com.br\/marketing\/?s={search_term_string}"},"query-input":{"@type":"PropertyValueSpecification","valueRequired":true,"valueName":"search_term_string"}}],"inLanguage":"pt-BR"},{"@type":"Organization","@id":"https:\/\/www.cidademarketing.com.br\/marketing\/#organization","name":"CidadeMarketing","alternateName":"CidadeMarketing","url":"https:\/\/www.cidademarketing.com.br\/marketing\/","logo":{"@type":"ImageObject","inLanguage":"pt-BR","@id":"https:\/\/www.cidademarketing.com.br\/marketing\/#\/schema\/logo\/image\/","url":"https:\/\/www.cidademarketing.com.br\/marketing\/wp-content\/uploads\/2020\/01\/cidademarketing_marca_mobile.png","contentUrl":"https:\/\/www.cidademarketing.com.br\/marketing\/wp-content\/uploads\/2020\/01\/cidademarketing_marca_mobile.png","width":230,"height":92,"caption":"CidadeMarketing"},"image":{"@id":"https:\/\/www.cidademarketing.com.br\/marketing\/#\/schema\/logo\/image\/"},"sameAs":["https:\/\/www.facebook.com\/portalcidademarketing","https:\/\/x.com\/CidadeMarketing","https:\/\/www.instagram.com\/cidademarketing\/"]},{"@type":"Person","@id":"https:\/\/www.cidademarketing.com.br\/marketing\/#\/schema\/person\/02daff9f18bd9378c9e01eb6b2db155f","name":"Thales Brand\u00e3o","image":{"@type":"ImageObject","inLanguage":"pt-BR","@id":"https:\/\/secure.gravatar.com\/avatar\/7ca3206950207cc3cb48feec56a8a7898741ab725c368d99d5d7a5a50aab80c6?s=96&d=mm&r=g","url":"https:\/\/secure.gravatar.com\/avatar\/7ca3206950207cc3cb48feec56a8a7898741ab725c368d99d5d7a5a50aab80c6?s=96&d=mm&r=g","contentUrl":"https:\/\/secure.gravatar.com\/avatar\/7ca3206950207cc3cb48feec56a8a7898741ab725c368d99d5d7a5a50aab80c6?s=96&d=mm&r=g","caption":"Thales Brand\u00e3o"},"description":"Editor Executivo do Portal CidadeMarketing.com.br &gt; Mestre em Comunica\u00e7\u00e3o e Sociedade pela Universidade Federal de Sergipe. Possui MBA Executivo em Administra\u00e7\u00e3o com \u00eanfase em Marketing pela Funda\u00e7\u00e3o Get\u00falio Vargas - Rio de Janeiro. Consultor, Palestrante e Pesquisador sobre Empreendedorismo, Marketing, Redes Sociais e Neg\u00f3cios Digitais. Professor, Palestrante TedxTalks e Campus Party. Twitter: @ThalesBrandao","sameAs":["http:\/\/www.mandacaru.com.br","https:\/\/www.facebook.com\/thalesbrandao","http:\/\/www.instagram.com.br\/thalesbrandaoferreira","https:\/\/www.linkedin.com\/in\/thales-brand\u00e3o-3948609\/","https:\/\/x.com\/http:\/\/www.twitter.com\/thalesbrandao"],"url":"https:\/\/www.cidademarketing.com.br\/marketing\/author\/thalesbrandao\/"}]}},"amp_enabled":true,"_links":{"self":[{"href":"https:\/\/www.cidademarketing.com.br\/marketing\/wp-json\/wp\/v2\/posts\/29749","targetHints":{"allow":["GET"]}}],"collection":[{"href":"https:\/\/www.cidademarketing.com.br\/marketing\/wp-json\/wp\/v2\/posts"}],"about":[{"href":"https:\/\/www.cidademarketing.com.br\/marketing\/wp-json\/wp\/v2\/types\/post"}],"author":[{"embeddable":true,"href":"https:\/\/www.cidademarketing.com.br\/marketing\/wp-json\/wp\/v2\/users\/1"}],"replies":[{"embeddable":true,"href":"https:\/\/www.cidademarketing.com.br\/marketing\/wp-json\/wp\/v2\/comments?post=29749"}],"version-history":[{"count":3,"href":"https:\/\/www.cidademarketing.com.br\/marketing\/wp-json\/wp\/v2\/posts\/29749\/revisions"}],"predecessor-version":[{"id":34802,"href":"https:\/\/www.cidademarketing.com.br\/marketing\/wp-json\/wp\/v2\/posts\/29749\/revisions\/34802"}],"wp:featuredmedia":[{"embeddable":true,"href":"https:\/\/www.cidademarketing.com.br\/marketing\/wp-json\/wp\/v2\/media\/29750"}],"wp:attachment":[{"href":"https:\/\/www.cidademarketing.com.br\/marketing\/wp-json\/wp\/v2\/media?parent=29749"}],"wp:term":[{"taxonomy":"category","embeddable":true,"href":"https:\/\/www.cidademarketing.com.br\/marketing\/wp-json\/wp\/v2\/categories?post=29749"},{"taxonomy":"post_tag","embeddable":true,"href":"https:\/\/www.cidademarketing.com.br\/marketing\/wp-json\/wp\/v2\/tags?post=29749"}],"curies":[{"name":"wp","href":"https:\/\/api.w.org\/{rel}","templated":true}]}}