{"id":29592,"date":"2021-09-24T09:51:18","date_gmt":"2021-09-24T12:51:18","guid":{"rendered":"https:\/\/www.cidademarketing.com.br\/marketing\/?p=29592"},"modified":"2021-09-24T09:51:20","modified_gmt":"2021-09-24T12:51:20","slug":"bayer-desenvolve-estrategia-voltada-para-a-inclusao-de-mulheres-na-agropecuaria","status":"publish","type":"post","link":"https:\/\/www.cidademarketing.com.br\/marketing\/2021\/09\/24\/bayer-desenvolve-estrategia-voltada-para-a-inclusao-de-mulheres-na-agropecuaria\/","title":{"rendered":"Bayer desenvolve estrat\u00e9gia voltada para a inclus\u00e3o de mulheres na agropecu\u00e1ria"},"content":{"rendered":"\n<p>Contribuir para uma agropecu\u00e1ria mais diversa e inclusiva: este foi o direcionamento da Bayer para desenvolver a estrat\u00e9gia&nbsp;<strong>Conex\u00e3o Mulheres no Agro<\/strong>, um conjunto de iniciativas que colaboram para uma maior presen\u00e7a feminina dentro e fora da porteira. Neste ano, a empresa dar\u00e1 mais um passo rumo ao objetivo de estimular que haja maior igualdade de g\u00eanero no campo com o lan\u00e7amento do&nbsp;<strong>Conex\u00e3o Mulheres:<\/strong>&nbsp;<strong>Jornada do Conhecimento<\/strong>, um programa de capacita\u00e7\u00e3o exclusivo para produtoras rurais e profissionais do agro.<\/p>\n\n\n\n<p>\u201cA Bayer trabalha diversidade em v\u00e1rios pilares, incluindo a\u00e7\u00f5es pr\u00e1ticas para aumentar a participa\u00e7\u00e3o das mulheres em todos os n\u00edveis hier\u00e1rquicos dentro da companhia. O nosso desafio ao criar o Conex\u00e3o Mulheres foi de levar essa discuss\u00e3o sobre g\u00eanero tamb\u00e9m para nossa cadeia de valor, \u00e0s nossas clientes\u201d, afirma Francila Calica, gerente de rela\u00e7\u00f5es institucionais da Bayer e uma das l\u00edderes da estrat\u00e9gia Conex\u00e3o Mulheres no Agro.<\/p>\n\n\n\n<p>O Conex\u00e3o Mulheres no Agro tem guiado as diferentes iniciativas realizadas pela organiza\u00e7\u00e3o para contribuir para uma agropecu\u00e1ria mais inclusiva. O Pr\u00eamio Mulheres do Agro \u00e9 uma dessas iniciativas. Criado h\u00e1 quatro anos pela Bayer, em parceria com a Associa\u00e7\u00e3o Brasileira do Agroneg\u00f3cio (ABAG), a premia\u00e7\u00e3o reconhece iniciativas com foco em sustentabilidade e inova\u00e7\u00e3o em propriedades rurais que est\u00e3o sob a gest\u00e3o de mulheres.<\/p>\n\n\n\n<p><\/p>\n\n\n\n<figure class=\"wp-block-embed is-type-video is-provider-youtube wp-block-embed-youtube wp-embed-aspect-16-9 wp-has-aspect-ratio\"><div class=\"wp-block-embed__wrapper\">\n<div class=\"youtube-embed\" data-video_id=\"pJYpoT0kAZQ\"><iframe title=\"Conex\u00e3o Mulheres\" width=\"640\" height=\"360\" src=\"https:\/\/www.youtube.com\/embed\/pJYpoT0kAZQ?feature=oembed&#038;enablejsapi=1\" frameborder=\"0\" allow=\"accelerometer; autoplay; clipboard-write; encrypted-media; gyroscope; picture-in-picture; web-share\" referrerpolicy=\"strict-origin-when-cross-origin\" allowfullscreen><\/iframe><\/div>\n<\/div><\/figure>\n\n\n\n<p><\/p>\n\n\n\n<h2 class=\"wp-block-heading\">Capacita\u00e7\u00e3o exclusiva para mulheres<\/h2>\n\n\n\n<p>Com o Conex\u00e3o Mulheres: Jornada do Conhecimento, a empresa oferecer\u00e1 \u00e0s produtoras rurais e profissionais do agro experi\u00eancias exclusivas, conte\u00fados relevantes e incentivos para que elas, individualmente e em conjunto, possam se apropriar da import\u00e2ncia de sua voz e de sua mensagem para o mundo, perceber-se como inspira\u00e7\u00e3o para outras mulheres do setor e se posicionar com mais confian\u00e7a e assertividade nos cen\u00e1rios onde atuam.<\/p>\n\n\n\n<p>O programa de capacita\u00e7\u00e3o ter\u00e1 dura\u00e7\u00e3o de quatro meses e ser\u00e1 dividido entre os m\u00f3dulos Governan\u00e7a Corporativa e Gest\u00e3o; Sustentabilidade no Agroneg\u00f3cio; Criatividade e Inova\u00e7\u00e3o; e Intelig\u00eancia emocional e marca pessoal. \u201cUm ponto importante \u00e9 que, antes de come\u00e7armos a desenvolver a grade do curso, fizemos uma pesquisa com as produtoras rurais que ir\u00e3o integrar o Jornada neste ano. Nos dedicamos a entender cada hist\u00f3ria e os desafios vividos pelas produtoras para atend\u00ea-las de forma eficiente e menos generalizada\u201d, comenta Calica.&nbsp;<\/p>\n\n\n\n<p>Cada encontro ser\u00e1 conduzido por convidadas inspiradoras, reconhecidas por serem refer\u00eancias em suas \u00e1reas de atua\u00e7\u00e3o. A proposta \u00e9 acolher cada participante em uma jornada de transforma\u00e7\u00e3o pessoal em um ambiente colaborativo, seguro e interativo, onde, juntas, poder\u00e3o compartilhar experi\u00eancias de aprendizado, em temas de sua escolha, na companhia de outras produtoras que, apesar de suas particularidades, compartilham de desafios e interesses comuns.<\/p>\n\n\n\n<p>Para saber mais, acesse o site do&nbsp;<a href=\"https:\/\/conexaomulheres.com.br\/\" rel=\"noreferrer noopener\" target=\"_blank\">Conex\u00e3o Mulheres no Agro.<\/a><\/p>\n","protected":false},"excerpt":{"rendered":"<p>Contribuir para uma agropecu\u00e1ria mais diversa e inclusiva: este foi o direcionamento da Bayer para desenvolver a estrat\u00e9gia&nbsp;Conex\u00e3o Mulheres no Agro, um conjunto de iniciativas que colaboram para uma maior presen\u00e7a feminina dentro e fora da porteira. Neste ano, a empresa dar\u00e1 mais um passo rumo ao objetivo de estimular que haja maior igualdade de [&hellip;]<\/p>\n","protected":false},"author":1,"featured_media":29593,"comment_status":"open","ping_status":"open","sticky":false,"template":"","format":"standard","meta":{"tdm_status":"","tdm_grid_status":"","footnotes":""},"categories":[6],"tags":[346,28,2444,228],"class_list":["post-29592","post","type-post","status-publish","format-standard","has-post-thumbnail","hentry","category-noticias","tag-bayer","tag-marketing","tag-mulheres","tag-segmentacao-de-mercado"],"yoast_head":"<!-- This site is optimized with the Yoast SEO plugin v27.5 - https:\/\/yoast.com\/product\/yoast-seo-wordpress\/ -->\n<title>Bayer desenvolve estrat\u00e9gia voltada para a inclus\u00e3o de mulheres na agropecu\u00e1ria - CidadeMarketing<\/title>\n<meta name=\"robots\" content=\"index, follow, max-snippet:-1, max-image-preview:large, max-video-preview:-1\" \/>\n<link rel=\"canonical\" href=\"https:\/\/www.cidademarketing.com.br\/marketing\/2021\/09\/24\/bayer-desenvolve-estrategia-voltada-para-a-inclusao-de-mulheres-na-agropecuaria\/\" \/>\n<meta property=\"og:locale\" content=\"pt_BR\" \/>\n<meta property=\"og:type\" content=\"article\" \/>\n<meta property=\"og:title\" content=\"Bayer desenvolve estrat\u00e9gia voltada para a inclus\u00e3o de mulheres na agropecu\u00e1ria - CidadeMarketing\" \/>\n<meta property=\"og:description\" content=\"Contribuir para uma agropecu\u00e1ria mais diversa e inclusiva: este foi o direcionamento da Bayer para desenvolver a estrat\u00e9gia&nbsp;Conex\u00e3o Mulheres no Agro, um conjunto de iniciativas que colaboram para uma maior presen\u00e7a feminina dentro e fora da porteira. Neste ano, a empresa dar\u00e1 mais um passo rumo ao objetivo de estimular que haja maior igualdade de [&hellip;]\" \/>\n<meta property=\"og:url\" content=\"https:\/\/www.cidademarketing.com.br\/marketing\/2021\/09\/24\/bayer-desenvolve-estrategia-voltada-para-a-inclusao-de-mulheres-na-agropecuaria\/\" \/>\n<meta property=\"og:site_name\" content=\"CidadeMarketing\" \/>\n<meta property=\"article:publisher\" content=\"https:\/\/www.facebook.com\/portalcidademarketing\" \/>\n<meta property=\"article:author\" content=\"https:\/\/www.facebook.com\/thalesbrandao\" \/>\n<meta property=\"article:published_time\" content=\"2021-09-24T12:51:18+00:00\" \/>\n<meta property=\"article:modified_time\" content=\"2021-09-24T12:51:20+00:00\" \/>\n<meta property=\"og:image\" content=\"https:\/\/www.cidademarketing.com.br\/marketing\/wp-content\/uploads\/2021\/09\/bayer_marca_mulheres.jpg\" \/>\n\t<meta property=\"og:image:width\" content=\"1178\" \/>\n\t<meta property=\"og:image:height\" content=\"650\" \/>\n\t<meta property=\"og:image:type\" content=\"image\/jpeg\" \/>\n<meta name=\"author\" content=\"Thales Brand\u00e3o\" \/>\n<meta name=\"twitter:card\" content=\"summary_large_image\" \/>\n<meta name=\"twitter:creator\" content=\"@http:\/\/www.twitter.com\/thalesbrandao\" \/>\n<meta name=\"twitter:site\" content=\"@CidadeMarketing\" \/>\n<meta name=\"twitter:label1\" content=\"Escrito por\" \/>\n\t<meta name=\"twitter:data1\" content=\"Thales Brand\u00e3o\" \/>\n\t<meta name=\"twitter:label2\" content=\"Est. tempo de leitura\" \/>\n\t<meta name=\"twitter:data2\" content=\"3 minutos\" \/>\n<script type=\"application\/ld+json\" class=\"yoast-schema-graph\">{\"@context\":\"https:\\\/\\\/schema.org\",\"@graph\":[{\"@type\":\"Article\",\"@id\":\"https:\\\/\\\/www.cidademarketing.com.br\\\/marketing\\\/2021\\\/09\\\/24\\\/bayer-desenvolve-estrategia-voltada-para-a-inclusao-de-mulheres-na-agropecuaria\\\/#article\",\"isPartOf\":{\"@id\":\"https:\\\/\\\/www.cidademarketing.com.br\\\/marketing\\\/2021\\\/09\\\/24\\\/bayer-desenvolve-estrategia-voltada-para-a-inclusao-de-mulheres-na-agropecuaria\\\/\"},\"author\":{\"name\":\"Thales Brand\u00e3o\",\"@id\":\"https:\\\/\\\/www.cidademarketing.com.br\\\/marketing\\\/#\\\/schema\\\/person\\\/02daff9f18bd9378c9e01eb6b2db155f\"},\"headline\":\"Bayer desenvolve estrat\u00e9gia voltada para a inclus\u00e3o de mulheres na agropecu\u00e1ria\",\"datePublished\":\"2021-09-24T12:51:18+00:00\",\"dateModified\":\"2021-09-24T12:51:20+00:00\",\"mainEntityOfPage\":{\"@id\":\"https:\\\/\\\/www.cidademarketing.com.br\\\/marketing\\\/2021\\\/09\\\/24\\\/bayer-desenvolve-estrategia-voltada-para-a-inclusao-de-mulheres-na-agropecuaria\\\/\"},\"wordCount\":517,\"commentCount\":0,\"publisher\":{\"@id\":\"https:\\\/\\\/www.cidademarketing.com.br\\\/marketing\\\/#organization\"},\"image\":{\"@id\":\"https:\\\/\\\/www.cidademarketing.com.br\\\/marketing\\\/2021\\\/09\\\/24\\\/bayer-desenvolve-estrategia-voltada-para-a-inclusao-de-mulheres-na-agropecuaria\\\/#primaryimage\"},\"thumbnailUrl\":\"https:\\\/\\\/www.cidademarketing.com.br\\\/marketing\\\/wp-content\\\/uploads\\\/2021\\\/09\\\/bayer_marca_mulheres.jpg\",\"keywords\":[\"Bayer\",\"marketing\",\"mulheres\",\"segmenta\u00e7\u00e3o de mercado\"],\"articleSection\":[\"Not\u00edcias\"],\"inLanguage\":\"pt-BR\",\"potentialAction\":[{\"@type\":\"CommentAction\",\"name\":\"Comment\",\"target\":[\"https:\\\/\\\/www.cidademarketing.com.br\\\/marketing\\\/2021\\\/09\\\/24\\\/bayer-desenvolve-estrategia-voltada-para-a-inclusao-de-mulheres-na-agropecuaria\\\/#respond\"]}]},{\"@type\":\"WebPage\",\"@id\":\"https:\\\/\\\/www.cidademarketing.com.br\\\/marketing\\\/2021\\\/09\\\/24\\\/bayer-desenvolve-estrategia-voltada-para-a-inclusao-de-mulheres-na-agropecuaria\\\/\",\"url\":\"https:\\\/\\\/www.cidademarketing.com.br\\\/marketing\\\/2021\\\/09\\\/24\\\/bayer-desenvolve-estrategia-voltada-para-a-inclusao-de-mulheres-na-agropecuaria\\\/\",\"name\":\"Bayer desenvolve estrat\u00e9gia voltada para a inclus\u00e3o de mulheres na agropecu\u00e1ria - CidadeMarketing\",\"isPartOf\":{\"@id\":\"https:\\\/\\\/www.cidademarketing.com.br\\\/marketing\\\/#website\"},\"primaryImageOfPage\":{\"@id\":\"https:\\\/\\\/www.cidademarketing.com.br\\\/marketing\\\/2021\\\/09\\\/24\\\/bayer-desenvolve-estrategia-voltada-para-a-inclusao-de-mulheres-na-agropecuaria\\\/#primaryimage\"},\"image\":{\"@id\":\"https:\\\/\\\/www.cidademarketing.com.br\\\/marketing\\\/2021\\\/09\\\/24\\\/bayer-desenvolve-estrategia-voltada-para-a-inclusao-de-mulheres-na-agropecuaria\\\/#primaryimage\"},\"thumbnailUrl\":\"https:\\\/\\\/www.cidademarketing.com.br\\\/marketing\\\/wp-content\\\/uploads\\\/2021\\\/09\\\/bayer_marca_mulheres.jpg\",\"datePublished\":\"2021-09-24T12:51:18+00:00\",\"dateModified\":\"2021-09-24T12:51:20+00:00\",\"breadcrumb\":{\"@id\":\"https:\\\/\\\/www.cidademarketing.com.br\\\/marketing\\\/2021\\\/09\\\/24\\\/bayer-desenvolve-estrategia-voltada-para-a-inclusao-de-mulheres-na-agropecuaria\\\/#breadcrumb\"},\"inLanguage\":\"pt-BR\",\"potentialAction\":[{\"@type\":\"ReadAction\",\"target\":[\"https:\\\/\\\/www.cidademarketing.com.br\\\/marketing\\\/2021\\\/09\\\/24\\\/bayer-desenvolve-estrategia-voltada-para-a-inclusao-de-mulheres-na-agropecuaria\\\/\"]}]},{\"@type\":\"ImageObject\",\"inLanguage\":\"pt-BR\",\"@id\":\"https:\\\/\\\/www.cidademarketing.com.br\\\/marketing\\\/2021\\\/09\\\/24\\\/bayer-desenvolve-estrategia-voltada-para-a-inclusao-de-mulheres-na-agropecuaria\\\/#primaryimage\",\"url\":\"https:\\\/\\\/www.cidademarketing.com.br\\\/marketing\\\/wp-content\\\/uploads\\\/2021\\\/09\\\/bayer_marca_mulheres.jpg\",\"contentUrl\":\"https:\\\/\\\/www.cidademarketing.com.br\\\/marketing\\\/wp-content\\\/uploads\\\/2021\\\/09\\\/bayer_marca_mulheres.jpg\",\"width\":1178,\"height\":650,\"caption\":\"Reprodu\u00e7\u00e3o\"},{\"@type\":\"BreadcrumbList\",\"@id\":\"https:\\\/\\\/www.cidademarketing.com.br\\\/marketing\\\/2021\\\/09\\\/24\\\/bayer-desenvolve-estrategia-voltada-para-a-inclusao-de-mulheres-na-agropecuaria\\\/#breadcrumb\",\"itemListElement\":[{\"@type\":\"ListItem\",\"position\":1,\"name\":\"In\u00edcio\",\"item\":\"https:\\\/\\\/www.cidademarketing.com.br\\\/marketing\\\/\"},{\"@type\":\"ListItem\",\"position\":2,\"name\":\"Bayer desenvolve estrat\u00e9gia voltada para a inclus\u00e3o de mulheres na agropecu\u00e1ria\"}]},{\"@type\":\"WebSite\",\"@id\":\"https:\\\/\\\/www.cidademarketing.com.br\\\/marketing\\\/#website\",\"url\":\"https:\\\/\\\/www.cidademarketing.com.br\\\/marketing\\\/\",\"name\":\"CidadeMarketing\",\"description\":\"Somos um ve\u00edculo de comunica\u00e7\u00e3o de destaque no Brasil, reconhecido por conte\u00fados nos segmentos de marketing, empreendedorismo e inova\u00e7\u00e3o.\",\"publisher\":{\"@id\":\"https:\\\/\\\/www.cidademarketing.com.br\\\/marketing\\\/#organization\"},\"alternateName\":\"CidadeMarketing\",\"potentialAction\":[{\"@type\":\"SearchAction\",\"target\":{\"@type\":\"EntryPoint\",\"urlTemplate\":\"https:\\\/\\\/www.cidademarketing.com.br\\\/marketing\\\/?s={search_term_string}\"},\"query-input\":{\"@type\":\"PropertyValueSpecification\",\"valueRequired\":true,\"valueName\":\"search_term_string\"}}],\"inLanguage\":\"pt-BR\"},{\"@type\":\"Organization\",\"@id\":\"https:\\\/\\\/www.cidademarketing.com.br\\\/marketing\\\/#organization\",\"name\":\"CidadeMarketing\",\"alternateName\":\"CidadeMarketing\",\"url\":\"https:\\\/\\\/www.cidademarketing.com.br\\\/marketing\\\/\",\"logo\":{\"@type\":\"ImageObject\",\"inLanguage\":\"pt-BR\",\"@id\":\"https:\\\/\\\/www.cidademarketing.com.br\\\/marketing\\\/#\\\/schema\\\/logo\\\/image\\\/\",\"url\":\"https:\\\/\\\/www.cidademarketing.com.br\\\/marketing\\\/wp-content\\\/uploads\\\/2020\\\/01\\\/cidademarketing_marca_mobile.png\",\"contentUrl\":\"https:\\\/\\\/www.cidademarketing.com.br\\\/marketing\\\/wp-content\\\/uploads\\\/2020\\\/01\\\/cidademarketing_marca_mobile.png\",\"width\":230,\"height\":92,\"caption\":\"CidadeMarketing\"},\"image\":{\"@id\":\"https:\\\/\\\/www.cidademarketing.com.br\\\/marketing\\\/#\\\/schema\\\/logo\\\/image\\\/\"},\"sameAs\":[\"https:\\\/\\\/www.facebook.com\\\/portalcidademarketing\",\"https:\\\/\\\/x.com\\\/CidadeMarketing\",\"https:\\\/\\\/www.instagram.com\\\/cidademarketing\\\/\"]},{\"@type\":\"Person\",\"@id\":\"https:\\\/\\\/www.cidademarketing.com.br\\\/marketing\\\/#\\\/schema\\\/person\\\/02daff9f18bd9378c9e01eb6b2db155f\",\"name\":\"Thales Brand\u00e3o\",\"image\":{\"@type\":\"ImageObject\",\"inLanguage\":\"pt-BR\",\"@id\":\"https:\\\/\\\/secure.gravatar.com\\\/avatar\\\/7ca3206950207cc3cb48feec56a8a7898741ab725c368d99d5d7a5a50aab80c6?s=96&d=mm&r=g\",\"url\":\"https:\\\/\\\/secure.gravatar.com\\\/avatar\\\/7ca3206950207cc3cb48feec56a8a7898741ab725c368d99d5d7a5a50aab80c6?s=96&d=mm&r=g\",\"contentUrl\":\"https:\\\/\\\/secure.gravatar.com\\\/avatar\\\/7ca3206950207cc3cb48feec56a8a7898741ab725c368d99d5d7a5a50aab80c6?s=96&d=mm&r=g\",\"caption\":\"Thales Brand\u00e3o\"},\"description\":\"Editor Executivo do Portal CidadeMarketing.com.br &gt; Mestre em Comunica\u00e7\u00e3o e Sociedade pela Universidade Federal de Sergipe. Possui MBA Executivo em Administra\u00e7\u00e3o com \u00eanfase em Marketing pela Funda\u00e7\u00e3o Get\u00falio Vargas - Rio de Janeiro. Consultor, Palestrante e Pesquisador sobre Empreendedorismo, Marketing, Redes Sociais e Neg\u00f3cios Digitais. Professor, Palestrante TedxTalks e Campus Party. Twitter: @ThalesBrandao\",\"sameAs\":[\"http:\\\/\\\/www.mandacaru.com.br\",\"https:\\\/\\\/www.facebook.com\\\/thalesbrandao\",\"http:\\\/\\\/www.instagram.com.br\\\/thalesbrandaoferreira\",\"https:\\\/\\\/www.linkedin.com\\\/in\\\/thales-brand\u00e3o-3948609\\\/\",\"https:\\\/\\\/x.com\\\/http:\\\/\\\/www.twitter.com\\\/thalesbrandao\"],\"url\":\"https:\\\/\\\/www.cidademarketing.com.br\\\/marketing\\\/author\\\/thalesbrandao\\\/\"}]}<\/script>\n<!-- \/ Yoast SEO plugin. -->","yoast_head_json":{"title":"Bayer desenvolve estrat\u00e9gia voltada para a inclus\u00e3o de mulheres na agropecu\u00e1ria - CidadeMarketing","robots":{"index":"index","follow":"follow","max-snippet":"max-snippet:-1","max-image-preview":"max-image-preview:large","max-video-preview":"max-video-preview:-1"},"canonical":"https:\/\/www.cidademarketing.com.br\/marketing\/2021\/09\/24\/bayer-desenvolve-estrategia-voltada-para-a-inclusao-de-mulheres-na-agropecuaria\/","og_locale":"pt_BR","og_type":"article","og_title":"Bayer desenvolve estrat\u00e9gia voltada para a inclus\u00e3o de mulheres na agropecu\u00e1ria - CidadeMarketing","og_description":"Contribuir para uma agropecu\u00e1ria mais diversa e inclusiva: este foi o direcionamento da Bayer para desenvolver a estrat\u00e9gia&nbsp;Conex\u00e3o Mulheres no Agro, um conjunto de iniciativas que colaboram para uma maior presen\u00e7a feminina dentro e fora da porteira. Neste ano, a empresa dar\u00e1 mais um passo rumo ao objetivo de estimular que haja maior igualdade de [&hellip;]","og_url":"https:\/\/www.cidademarketing.com.br\/marketing\/2021\/09\/24\/bayer-desenvolve-estrategia-voltada-para-a-inclusao-de-mulheres-na-agropecuaria\/","og_site_name":"CidadeMarketing","article_publisher":"https:\/\/www.facebook.com\/portalcidademarketing","article_author":"https:\/\/www.facebook.com\/thalesbrandao","article_published_time":"2021-09-24T12:51:18+00:00","article_modified_time":"2021-09-24T12:51:20+00:00","og_image":[{"width":1178,"height":650,"url":"https:\/\/www.cidademarketing.com.br\/marketing\/wp-content\/uploads\/2021\/09\/bayer_marca_mulheres.jpg","type":"image\/jpeg"}],"author":"Thales Brand\u00e3o","twitter_card":"summary_large_image","twitter_creator":"@http:\/\/www.twitter.com\/thalesbrandao","twitter_site":"@CidadeMarketing","twitter_misc":{"Escrito por":"Thales Brand\u00e3o","Est. tempo de leitura":"3 minutos"},"schema":{"@context":"https:\/\/schema.org","@graph":[{"@type":"Article","@id":"https:\/\/www.cidademarketing.com.br\/marketing\/2021\/09\/24\/bayer-desenvolve-estrategia-voltada-para-a-inclusao-de-mulheres-na-agropecuaria\/#article","isPartOf":{"@id":"https:\/\/www.cidademarketing.com.br\/marketing\/2021\/09\/24\/bayer-desenvolve-estrategia-voltada-para-a-inclusao-de-mulheres-na-agropecuaria\/"},"author":{"name":"Thales Brand\u00e3o","@id":"https:\/\/www.cidademarketing.com.br\/marketing\/#\/schema\/person\/02daff9f18bd9378c9e01eb6b2db155f"},"headline":"Bayer desenvolve estrat\u00e9gia voltada para a inclus\u00e3o de mulheres na agropecu\u00e1ria","datePublished":"2021-09-24T12:51:18+00:00","dateModified":"2021-09-24T12:51:20+00:00","mainEntityOfPage":{"@id":"https:\/\/www.cidademarketing.com.br\/marketing\/2021\/09\/24\/bayer-desenvolve-estrategia-voltada-para-a-inclusao-de-mulheres-na-agropecuaria\/"},"wordCount":517,"commentCount":0,"publisher":{"@id":"https:\/\/www.cidademarketing.com.br\/marketing\/#organization"},"image":{"@id":"https:\/\/www.cidademarketing.com.br\/marketing\/2021\/09\/24\/bayer-desenvolve-estrategia-voltada-para-a-inclusao-de-mulheres-na-agropecuaria\/#primaryimage"},"thumbnailUrl":"https:\/\/www.cidademarketing.com.br\/marketing\/wp-content\/uploads\/2021\/09\/bayer_marca_mulheres.jpg","keywords":["Bayer","marketing","mulheres","segmenta\u00e7\u00e3o de mercado"],"articleSection":["Not\u00edcias"],"inLanguage":"pt-BR","potentialAction":[{"@type":"CommentAction","name":"Comment","target":["https:\/\/www.cidademarketing.com.br\/marketing\/2021\/09\/24\/bayer-desenvolve-estrategia-voltada-para-a-inclusao-de-mulheres-na-agropecuaria\/#respond"]}]},{"@type":"WebPage","@id":"https:\/\/www.cidademarketing.com.br\/marketing\/2021\/09\/24\/bayer-desenvolve-estrategia-voltada-para-a-inclusao-de-mulheres-na-agropecuaria\/","url":"https:\/\/www.cidademarketing.com.br\/marketing\/2021\/09\/24\/bayer-desenvolve-estrategia-voltada-para-a-inclusao-de-mulheres-na-agropecuaria\/","name":"Bayer desenvolve estrat\u00e9gia voltada para a inclus\u00e3o de mulheres na agropecu\u00e1ria - CidadeMarketing","isPartOf":{"@id":"https:\/\/www.cidademarketing.com.br\/marketing\/#website"},"primaryImageOfPage":{"@id":"https:\/\/www.cidademarketing.com.br\/marketing\/2021\/09\/24\/bayer-desenvolve-estrategia-voltada-para-a-inclusao-de-mulheres-na-agropecuaria\/#primaryimage"},"image":{"@id":"https:\/\/www.cidademarketing.com.br\/marketing\/2021\/09\/24\/bayer-desenvolve-estrategia-voltada-para-a-inclusao-de-mulheres-na-agropecuaria\/#primaryimage"},"thumbnailUrl":"https:\/\/www.cidademarketing.com.br\/marketing\/wp-content\/uploads\/2021\/09\/bayer_marca_mulheres.jpg","datePublished":"2021-09-24T12:51:18+00:00","dateModified":"2021-09-24T12:51:20+00:00","breadcrumb":{"@id":"https:\/\/www.cidademarketing.com.br\/marketing\/2021\/09\/24\/bayer-desenvolve-estrategia-voltada-para-a-inclusao-de-mulheres-na-agropecuaria\/#breadcrumb"},"inLanguage":"pt-BR","potentialAction":[{"@type":"ReadAction","target":["https:\/\/www.cidademarketing.com.br\/marketing\/2021\/09\/24\/bayer-desenvolve-estrategia-voltada-para-a-inclusao-de-mulheres-na-agropecuaria\/"]}]},{"@type":"ImageObject","inLanguage":"pt-BR","@id":"https:\/\/www.cidademarketing.com.br\/marketing\/2021\/09\/24\/bayer-desenvolve-estrategia-voltada-para-a-inclusao-de-mulheres-na-agropecuaria\/#primaryimage","url":"https:\/\/www.cidademarketing.com.br\/marketing\/wp-content\/uploads\/2021\/09\/bayer_marca_mulheres.jpg","contentUrl":"https:\/\/www.cidademarketing.com.br\/marketing\/wp-content\/uploads\/2021\/09\/bayer_marca_mulheres.jpg","width":1178,"height":650,"caption":"Reprodu\u00e7\u00e3o"},{"@type":"BreadcrumbList","@id":"https:\/\/www.cidademarketing.com.br\/marketing\/2021\/09\/24\/bayer-desenvolve-estrategia-voltada-para-a-inclusao-de-mulheres-na-agropecuaria\/#breadcrumb","itemListElement":[{"@type":"ListItem","position":1,"name":"In\u00edcio","item":"https:\/\/www.cidademarketing.com.br\/marketing\/"},{"@type":"ListItem","position":2,"name":"Bayer desenvolve estrat\u00e9gia voltada para a inclus\u00e3o de mulheres na agropecu\u00e1ria"}]},{"@type":"WebSite","@id":"https:\/\/www.cidademarketing.com.br\/marketing\/#website","url":"https:\/\/www.cidademarketing.com.br\/marketing\/","name":"CidadeMarketing","description":"Somos um ve\u00edculo de comunica\u00e7\u00e3o de destaque no Brasil, reconhecido por conte\u00fados nos segmentos de marketing, empreendedorismo e inova\u00e7\u00e3o.","publisher":{"@id":"https:\/\/www.cidademarketing.com.br\/marketing\/#organization"},"alternateName":"CidadeMarketing","potentialAction":[{"@type":"SearchAction","target":{"@type":"EntryPoint","urlTemplate":"https:\/\/www.cidademarketing.com.br\/marketing\/?s={search_term_string}"},"query-input":{"@type":"PropertyValueSpecification","valueRequired":true,"valueName":"search_term_string"}}],"inLanguage":"pt-BR"},{"@type":"Organization","@id":"https:\/\/www.cidademarketing.com.br\/marketing\/#organization","name":"CidadeMarketing","alternateName":"CidadeMarketing","url":"https:\/\/www.cidademarketing.com.br\/marketing\/","logo":{"@type":"ImageObject","inLanguage":"pt-BR","@id":"https:\/\/www.cidademarketing.com.br\/marketing\/#\/schema\/logo\/image\/","url":"https:\/\/www.cidademarketing.com.br\/marketing\/wp-content\/uploads\/2020\/01\/cidademarketing_marca_mobile.png","contentUrl":"https:\/\/www.cidademarketing.com.br\/marketing\/wp-content\/uploads\/2020\/01\/cidademarketing_marca_mobile.png","width":230,"height":92,"caption":"CidadeMarketing"},"image":{"@id":"https:\/\/www.cidademarketing.com.br\/marketing\/#\/schema\/logo\/image\/"},"sameAs":["https:\/\/www.facebook.com\/portalcidademarketing","https:\/\/x.com\/CidadeMarketing","https:\/\/www.instagram.com\/cidademarketing\/"]},{"@type":"Person","@id":"https:\/\/www.cidademarketing.com.br\/marketing\/#\/schema\/person\/02daff9f18bd9378c9e01eb6b2db155f","name":"Thales Brand\u00e3o","image":{"@type":"ImageObject","inLanguage":"pt-BR","@id":"https:\/\/secure.gravatar.com\/avatar\/7ca3206950207cc3cb48feec56a8a7898741ab725c368d99d5d7a5a50aab80c6?s=96&d=mm&r=g","url":"https:\/\/secure.gravatar.com\/avatar\/7ca3206950207cc3cb48feec56a8a7898741ab725c368d99d5d7a5a50aab80c6?s=96&d=mm&r=g","contentUrl":"https:\/\/secure.gravatar.com\/avatar\/7ca3206950207cc3cb48feec56a8a7898741ab725c368d99d5d7a5a50aab80c6?s=96&d=mm&r=g","caption":"Thales Brand\u00e3o"},"description":"Editor Executivo do Portal CidadeMarketing.com.br &gt; Mestre em Comunica\u00e7\u00e3o e Sociedade pela Universidade Federal de Sergipe. Possui MBA Executivo em Administra\u00e7\u00e3o com \u00eanfase em Marketing pela Funda\u00e7\u00e3o Get\u00falio Vargas - Rio de Janeiro. Consultor, Palestrante e Pesquisador sobre Empreendedorismo, Marketing, Redes Sociais e Neg\u00f3cios Digitais. Professor, Palestrante TedxTalks e Campus Party. Twitter: @ThalesBrandao","sameAs":["http:\/\/www.mandacaru.com.br","https:\/\/www.facebook.com\/thalesbrandao","http:\/\/www.instagram.com.br\/thalesbrandaoferreira","https:\/\/www.linkedin.com\/in\/thales-brand\u00e3o-3948609\/","https:\/\/x.com\/http:\/\/www.twitter.com\/thalesbrandao"],"url":"https:\/\/www.cidademarketing.com.br\/marketing\/author\/thalesbrandao\/"}]}},"amp_enabled":true,"_links":{"self":[{"href":"https:\/\/www.cidademarketing.com.br\/marketing\/wp-json\/wp\/v2\/posts\/29592","targetHints":{"allow":["GET"]}}],"collection":[{"href":"https:\/\/www.cidademarketing.com.br\/marketing\/wp-json\/wp\/v2\/posts"}],"about":[{"href":"https:\/\/www.cidademarketing.com.br\/marketing\/wp-json\/wp\/v2\/types\/post"}],"author":[{"embeddable":true,"href":"https:\/\/www.cidademarketing.com.br\/marketing\/wp-json\/wp\/v2\/users\/1"}],"replies":[{"embeddable":true,"href":"https:\/\/www.cidademarketing.com.br\/marketing\/wp-json\/wp\/v2\/comments?post=29592"}],"version-history":[{"count":1,"href":"https:\/\/www.cidademarketing.com.br\/marketing\/wp-json\/wp\/v2\/posts\/29592\/revisions"}],"predecessor-version":[{"id":29594,"href":"https:\/\/www.cidademarketing.com.br\/marketing\/wp-json\/wp\/v2\/posts\/29592\/revisions\/29594"}],"wp:featuredmedia":[{"embeddable":true,"href":"https:\/\/www.cidademarketing.com.br\/marketing\/wp-json\/wp\/v2\/media\/29593"}],"wp:attachment":[{"href":"https:\/\/www.cidademarketing.com.br\/marketing\/wp-json\/wp\/v2\/media?parent=29592"}],"wp:term":[{"taxonomy":"category","embeddable":true,"href":"https:\/\/www.cidademarketing.com.br\/marketing\/wp-json\/wp\/v2\/categories?post=29592"},{"taxonomy":"post_tag","embeddable":true,"href":"https:\/\/www.cidademarketing.com.br\/marketing\/wp-json\/wp\/v2\/tags?post=29592"}],"curies":[{"name":"wp","href":"https:\/\/api.w.org\/{rel}","templated":true}]}}