{"id":29568,"date":"2021-09-23T22:02:13","date_gmt":"2021-09-24T01:02:13","guid":{"rendered":"https:\/\/www.cidademarketing.com.br\/marketing\/?p=29568"},"modified":"2021-09-23T22:03:00","modified_gmt":"2021-09-24T01:03:00","slug":"bradesco-lanca-segunda-fase-de-acao-online-com-influenciadores-focada-nos-micro-e-medio-empreendedores","status":"publish","type":"post","link":"https:\/\/www.cidademarketing.com.br\/marketing\/2021\/09\/23\/bradesco-lanca-segunda-fase-de-acao-online-com-influenciadores-focada-nos-micro-e-medio-empreendedores\/","title":{"rendered":"Bradesco lan\u00e7a segunda fase de a\u00e7\u00e3o online com influenciadores focada nos micro e m\u00e9dio empreendedores"},"content":{"rendered":"\n<p>Come\u00e7ou a ser&nbsp;veiculada a segunda fase&nbsp;de uma a\u00e7\u00e3o do Bradesco em parceria com influenciadores digitais focada nos micro e m\u00e9dio empreendedores. Um novo time de criadores &#8211; que s\u00e3o refer\u00eancias em suas \u00e1reas de atua\u00e7\u00e3o e que tamb\u00e9m s\u00e3o dos segmentos mais representativos de clientes MEI do Bradesco &#8211; v\u00e3o compartilhar conhecimentos e experi\u00eancias em seus canais oficiais como forma de incentivo e inspira\u00e7\u00e3o.&nbsp;<\/p>\n\n\n\n<p>Por meio da trajet\u00f3ria de cada influenciador, ser\u00e3o abordadas n\u00e3o s\u00f3 as vantagens de ser PJ, como tamb\u00e9m as dificuldades encaradas no in\u00edcio de sua jornada de empreendedor. A necessidade de se formalizar e contar com os benef\u00edcios do governo, como cobertura previdenci\u00e1ria, licen\u00e7a-maternidade e aposentadoria, al\u00e9m da import\u00e2ncia de ter um parceiro financeiro que entende esses desafios e oferece um amplo portf\u00f3lio de produtos e servi\u00e7os para auxili\u00e1-lo, s\u00e3o alguns dos temas tratados.&nbsp;<\/p>\n\n\n\n<p>Entre os benef\u00edcios e condi\u00e7\u00f5es especiais da conta MEI Bradesco est\u00e3o um ano gr\u00e1tis na cesta de servi\u00e7os, empr\u00e9stimo com at\u00e9 120 dias para come\u00e7ar a pagar, cart\u00e3o de cr\u00e9dito com zero anuidade no primeiro ano, at\u00e9 100% em financiamento de ve\u00edculos novos, equipamentos, maquin\u00e1rios ou softwares, entre outras solu\u00e7\u00f5es financeiras. H\u00e1 ainda um portal exclusivo para o MEI, concentrando todas as informa\u00e7\u00f5es e servi\u00e7os necess\u00e1rios para facilitar o dia a dia de quem empreende, tais como: abertura de CNPJ gr\u00e1tis, sistema gratuito para gest\u00e3o financeira, emiss\u00e3o de NF e DAS, vendas pela internet e muito mais.&nbsp;<\/p>\n\n\n\n<p>\u201cEmpreender n\u00e3o \u00e9 s\u00f3 glamour, h\u00e1 muitos desafios na jornada, especialmente porque muitos seguem este caminho em momentos de dificuldade, como a perda de um emprego formal. Com este projeto, queremos apoiar as pessoas com um conte\u00fado inspirador, por\u00e9m realista, e que de fato as ajude a avan\u00e7ar\u201d, explica a superintendente executiva de Marketing do Bradesco, Nathalia Garcia.&nbsp;<\/p>\n\n\n\n<p>Est\u00e3o no projeto Camila Nunes (@camilanunees), Vanessa Rozan (@vanessarozan), Bruno Sodr\u00e9 (@brunosodre) e Seu Elias (@seuelias), falando do segmento de moda e beleza; al\u00e9m de Igor Rocha (@igorochaoficial) e Michele Crispim (@crispimichele) abordando a frente de alimenta\u00e7\u00e3o.&nbsp;<\/p>\n\n\n\n<p><br>Os conte\u00fados ser\u00e3o disponibilizados de&nbsp;setembro 2021 a janeiro 2022&nbsp;no Instagram e Facebook dos influenciadores e tamb\u00e9m nas redes sociais do Bradesco.&nbsp;<\/p>\n\n\n\n<p><strong>Primeira fase<\/strong>&nbsp;<\/p>\n\n\n\n<p>Ao longo dos primeiros meses da etapa inicial do projeto, artistas das mais variadas \u00e1reas, entre chefs de cozinha, maquiadores e apresentadores compartilharam por meio das redes sociais suas hist\u00f3rias de empreendedorismo e carreira. Participaram T\u00e1ssio Santos, Lore Souza, Josias, Roberto Bete, MC Neg\u00e3o, Veronica Oliveira e Manoel Soares, al\u00e9m de Camila Nunes&nbsp;e Seu Elias, que seguem na parceria com o Bradesco. Foram gerados diversos conte\u00fados, em uma audi\u00eancia que chegou a 1,8 milh\u00f5es visualiza\u00e7\u00f5es, entre YouTube e Instagram.&nbsp;<\/p>\n\n\n\n<p><strong><u>Sobre os criadores<\/u><\/strong>&nbsp;<\/p>\n\n\n\n<p><strong>Igor Rocha<\/strong>&nbsp;\u2013 Paulista, tem 21 anos e \u00e9 f\u00e3 de cozinha. O seu Instagram \u00e9 um dos mais famosos e com mais engajamento, tendo diversas receitas f\u00e1ceis, divertidas e gostosas de fazer.&nbsp;<\/p>\n\n\n\n<p><strong>Michele Crispim<\/strong>&nbsp;\u2013&nbsp;Chef de cozinha, foi campe\u00e3 da 4\u00aa edi\u00e7\u00e3o do programa Masterchef Brasil. Formada pela Le Cordon Bleu, Michele cozinha em eventos, ministra workshops e compartilha diversas receitas com seus seguidores no Instagram. Ela tamb\u00e9m faz quest\u00e3o de utilizar suas redes sociais para falar sobre representatividade negra.&nbsp;&nbsp;<\/p>\n\n\n\n<p><strong>Elias Torres<\/strong>&nbsp;\u2013 Tamb\u00e9m conhecido como \u201cSeu Elias\u201d, se autodenomina \u201cbarbeiro empreendedor\u201d. Ele \u00e9 dono da rede de barbearias com seu codinome, que conta com quatro unidades em Belo Horizonte. Ministra diversos treinamentos e palestras para pessoas que se interessam em abrir um neg\u00f3cio neste segmento.&nbsp;<\/p>\n\n\n\n<p><strong>Camila Nunes&nbsp;<\/strong>\u2013<strong>&nbsp;<\/strong>Formada em Maquiagem e Est\u00e9tica, criou um canal no Youtube em 2012 para ajudar mulheres de pele negra a se auto maquiar, al\u00e9m de dar dicas gerais sobre o universo feminino.&nbsp;<\/p>\n\n\n\n<p><strong>Vanessa Rozan&nbsp;<\/strong>\u2013Maquiadora profissional, Vanessa assina atualmente a beleza de campanhas para grandes nomes da moda brasileira, al\u00e9m de ser a maquiadora oficial do programa Esquadr\u00e3o da Moda, transmitido pelo SBT, desde 2008. Tamb\u00e9m \u00e9 fundadora e professora de automaquiagem e cursos para profissionais em sua escola, o Liceu de Maquiagem, que completou 11 anos em 2020.&nbsp;<\/p>\n\n\n\n<p><strong>Bruno Sodr\u00e9&nbsp;<\/strong>\u2013Jovem empreendedor paulista, Bruno tinha como sonho ser uma refer\u00eancia no mundo da est\u00e9tica e beleza e um&nbsp;<em>hairstylist<\/em>&nbsp;de sucesso. Come\u00e7ou seu neg\u00f3cio com um sal\u00e3o na garagem de casa que, tr\u00eas anos depois, tornou-se um dos maiores est\u00fadios da capital paulista.&nbsp;<\/p>\n","protected":false},"excerpt":{"rendered":"<p>Come\u00e7ou a ser&nbsp;veiculada a segunda fase&nbsp;de uma a\u00e7\u00e3o do Bradesco em parceria com influenciadores digitais focada nos micro e m\u00e9dio empreendedores. Um novo time de criadores &#8211; que s\u00e3o refer\u00eancias em suas \u00e1reas de atua\u00e7\u00e3o e que tamb\u00e9m s\u00e3o dos segmentos mais representativos de clientes MEI do Bradesco &#8211; v\u00e3o compartilhar conhecimentos e experi\u00eancias em [&hellip;]<\/p>\n","protected":false},"author":1,"featured_media":29570,"comment_status":"open","ping_status":"open","sticky":false,"template":"","format":"standard","meta":{"tdm_status":"","tdm_grid_status":"","footnotes":""},"categories":[6],"tags":[641,27,28,26],"class_list":["post-29568","post","type-post","status-publish","format-standard","has-post-thumbnail","hentry","category-noticias","tag-bradesco","tag-empreendedorismo","tag-marketing","tag-marketing-digital"],"yoast_head":"<!-- This site is optimized with the Yoast SEO plugin v27.5 - https:\/\/yoast.com\/product\/yoast-seo-wordpress\/ -->\n<title>Bradesco lan\u00e7a segunda fase de a\u00e7\u00e3o online com influenciadores focada nos micro e m\u00e9dio empreendedores - CidadeMarketing<\/title>\n<meta name=\"robots\" content=\"index, follow, max-snippet:-1, max-image-preview:large, max-video-preview:-1\" \/>\n<link rel=\"canonical\" href=\"https:\/\/www.cidademarketing.com.br\/marketing\/2021\/09\/23\/bradesco-lanca-segunda-fase-de-acao-online-com-influenciadores-focada-nos-micro-e-medio-empreendedores\/\" \/>\n<meta property=\"og:locale\" content=\"pt_BR\" \/>\n<meta property=\"og:type\" content=\"article\" \/>\n<meta property=\"og:title\" content=\"Bradesco lan\u00e7a segunda fase de a\u00e7\u00e3o online com influenciadores focada nos micro e m\u00e9dio empreendedores - CidadeMarketing\" \/>\n<meta property=\"og:description\" content=\"Come\u00e7ou a ser&nbsp;veiculada a segunda fase&nbsp;de uma a\u00e7\u00e3o do Bradesco em parceria com influenciadores digitais focada nos micro e m\u00e9dio empreendedores. Um novo time de criadores &#8211; que s\u00e3o refer\u00eancias em suas \u00e1reas de atua\u00e7\u00e3o e que tamb\u00e9m s\u00e3o dos segmentos mais representativos de clientes MEI do Bradesco &#8211; v\u00e3o compartilhar conhecimentos e experi\u00eancias em [&hellip;]\" \/>\n<meta property=\"og:url\" content=\"https:\/\/www.cidademarketing.com.br\/marketing\/2021\/09\/23\/bradesco-lanca-segunda-fase-de-acao-online-com-influenciadores-focada-nos-micro-e-medio-empreendedores\/\" \/>\n<meta property=\"og:site_name\" content=\"CidadeMarketing\" \/>\n<meta property=\"article:publisher\" content=\"https:\/\/www.facebook.com\/portalcidademarketing\" \/>\n<meta property=\"article:author\" content=\"https:\/\/www.facebook.com\/thalesbrandao\" \/>\n<meta property=\"article:published_time\" content=\"2021-09-24T01:02:13+00:00\" \/>\n<meta property=\"article:modified_time\" content=\"2021-09-24T01:03:00+00:00\" \/>\n<meta property=\"og:image\" content=\"https:\/\/www.cidademarketing.com.br\/marketing\/wp-content\/uploads\/2021\/09\/Bradesco_01_Divulgacao.jpg\" \/>\n\t<meta property=\"og:image:width\" content=\"1080\" \/>\n\t<meta property=\"og:image:height\" content=\"1230\" \/>\n\t<meta property=\"og:image:type\" content=\"image\/jpeg\" \/>\n<meta name=\"author\" content=\"Thales Brand\u00e3o\" \/>\n<meta name=\"twitter:card\" content=\"summary_large_image\" \/>\n<meta name=\"twitter:creator\" content=\"@http:\/\/www.twitter.com\/thalesbrandao\" \/>\n<meta name=\"twitter:site\" content=\"@CidadeMarketing\" \/>\n<meta name=\"twitter:label1\" content=\"Escrito por\" \/>\n\t<meta name=\"twitter:data1\" content=\"Thales Brand\u00e3o\" \/>\n\t<meta name=\"twitter:label2\" content=\"Est. tempo de leitura\" \/>\n\t<meta name=\"twitter:data2\" content=\"4 minutos\" \/>\n<script type=\"application\/ld+json\" class=\"yoast-schema-graph\">{\"@context\":\"https:\\\/\\\/schema.org\",\"@graph\":[{\"@type\":\"Article\",\"@id\":\"https:\\\/\\\/www.cidademarketing.com.br\\\/marketing\\\/2021\\\/09\\\/23\\\/bradesco-lanca-segunda-fase-de-acao-online-com-influenciadores-focada-nos-micro-e-medio-empreendedores\\\/#article\",\"isPartOf\":{\"@id\":\"https:\\\/\\\/www.cidademarketing.com.br\\\/marketing\\\/2021\\\/09\\\/23\\\/bradesco-lanca-segunda-fase-de-acao-online-com-influenciadores-focada-nos-micro-e-medio-empreendedores\\\/\"},\"author\":{\"name\":\"Thales Brand\u00e3o\",\"@id\":\"https:\\\/\\\/www.cidademarketing.com.br\\\/marketing\\\/#\\\/schema\\\/person\\\/02daff9f18bd9378c9e01eb6b2db155f\"},\"headline\":\"Bradesco lan\u00e7a segunda fase de a\u00e7\u00e3o online com influenciadores focada nos micro e m\u00e9dio empreendedores\",\"datePublished\":\"2021-09-24T01:02:13+00:00\",\"dateModified\":\"2021-09-24T01:03:00+00:00\",\"mainEntityOfPage\":{\"@id\":\"https:\\\/\\\/www.cidademarketing.com.br\\\/marketing\\\/2021\\\/09\\\/23\\\/bradesco-lanca-segunda-fase-de-acao-online-com-influenciadores-focada-nos-micro-e-medio-empreendedores\\\/\"},\"wordCount\":812,\"commentCount\":0,\"publisher\":{\"@id\":\"https:\\\/\\\/www.cidademarketing.com.br\\\/marketing\\\/#organization\"},\"image\":{\"@id\":\"https:\\\/\\\/www.cidademarketing.com.br\\\/marketing\\\/2021\\\/09\\\/23\\\/bradesco-lanca-segunda-fase-de-acao-online-com-influenciadores-focada-nos-micro-e-medio-empreendedores\\\/#primaryimage\"},\"thumbnailUrl\":\"https:\\\/\\\/www.cidademarketing.com.br\\\/marketing\\\/wp-content\\\/uploads\\\/2021\\\/09\\\/Bradesco_01_Divulgacao.jpg\",\"keywords\":[\"Bradesco\",\"empreendedorismo\",\"marketing\",\"marketing digital\"],\"articleSection\":[\"Not\u00edcias\"],\"inLanguage\":\"pt-BR\",\"potentialAction\":[{\"@type\":\"CommentAction\",\"name\":\"Comment\",\"target\":[\"https:\\\/\\\/www.cidademarketing.com.br\\\/marketing\\\/2021\\\/09\\\/23\\\/bradesco-lanca-segunda-fase-de-acao-online-com-influenciadores-focada-nos-micro-e-medio-empreendedores\\\/#respond\"]}]},{\"@type\":\"WebPage\",\"@id\":\"https:\\\/\\\/www.cidademarketing.com.br\\\/marketing\\\/2021\\\/09\\\/23\\\/bradesco-lanca-segunda-fase-de-acao-online-com-influenciadores-focada-nos-micro-e-medio-empreendedores\\\/\",\"url\":\"https:\\\/\\\/www.cidademarketing.com.br\\\/marketing\\\/2021\\\/09\\\/23\\\/bradesco-lanca-segunda-fase-de-acao-online-com-influenciadores-focada-nos-micro-e-medio-empreendedores\\\/\",\"name\":\"Bradesco lan\u00e7a segunda fase de a\u00e7\u00e3o online com influenciadores focada nos micro e m\u00e9dio empreendedores - CidadeMarketing\",\"isPartOf\":{\"@id\":\"https:\\\/\\\/www.cidademarketing.com.br\\\/marketing\\\/#website\"},\"primaryImageOfPage\":{\"@id\":\"https:\\\/\\\/www.cidademarketing.com.br\\\/marketing\\\/2021\\\/09\\\/23\\\/bradesco-lanca-segunda-fase-de-acao-online-com-influenciadores-focada-nos-micro-e-medio-empreendedores\\\/#primaryimage\"},\"image\":{\"@id\":\"https:\\\/\\\/www.cidademarketing.com.br\\\/marketing\\\/2021\\\/09\\\/23\\\/bradesco-lanca-segunda-fase-de-acao-online-com-influenciadores-focada-nos-micro-e-medio-empreendedores\\\/#primaryimage\"},\"thumbnailUrl\":\"https:\\\/\\\/www.cidademarketing.com.br\\\/marketing\\\/wp-content\\\/uploads\\\/2021\\\/09\\\/Bradesco_01_Divulgacao.jpg\",\"datePublished\":\"2021-09-24T01:02:13+00:00\",\"dateModified\":\"2021-09-24T01:03:00+00:00\",\"breadcrumb\":{\"@id\":\"https:\\\/\\\/www.cidademarketing.com.br\\\/marketing\\\/2021\\\/09\\\/23\\\/bradesco-lanca-segunda-fase-de-acao-online-com-influenciadores-focada-nos-micro-e-medio-empreendedores\\\/#breadcrumb\"},\"inLanguage\":\"pt-BR\",\"potentialAction\":[{\"@type\":\"ReadAction\",\"target\":[\"https:\\\/\\\/www.cidademarketing.com.br\\\/marketing\\\/2021\\\/09\\\/23\\\/bradesco-lanca-segunda-fase-de-acao-online-com-influenciadores-focada-nos-micro-e-medio-empreendedores\\\/\"]}]},{\"@type\":\"ImageObject\",\"inLanguage\":\"pt-BR\",\"@id\":\"https:\\\/\\\/www.cidademarketing.com.br\\\/marketing\\\/2021\\\/09\\\/23\\\/bradesco-lanca-segunda-fase-de-acao-online-com-influenciadores-focada-nos-micro-e-medio-empreendedores\\\/#primaryimage\",\"url\":\"https:\\\/\\\/www.cidademarketing.com.br\\\/marketing\\\/wp-content\\\/uploads\\\/2021\\\/09\\\/Bradesco_01_Divulgacao.jpg\",\"contentUrl\":\"https:\\\/\\\/www.cidademarketing.com.br\\\/marketing\\\/wp-content\\\/uploads\\\/2021\\\/09\\\/Bradesco_01_Divulgacao.jpg\",\"width\":1080,\"height\":1230,\"caption\":\"Divulga\u00e7\u00e3o\"},{\"@type\":\"BreadcrumbList\",\"@id\":\"https:\\\/\\\/www.cidademarketing.com.br\\\/marketing\\\/2021\\\/09\\\/23\\\/bradesco-lanca-segunda-fase-de-acao-online-com-influenciadores-focada-nos-micro-e-medio-empreendedores\\\/#breadcrumb\",\"itemListElement\":[{\"@type\":\"ListItem\",\"position\":1,\"name\":\"In\u00edcio\",\"item\":\"https:\\\/\\\/www.cidademarketing.com.br\\\/marketing\\\/\"},{\"@type\":\"ListItem\",\"position\":2,\"name\":\"Bradesco lan\u00e7a segunda fase de a\u00e7\u00e3o online com influenciadores focada nos micro e m\u00e9dio empreendedores\"}]},{\"@type\":\"WebSite\",\"@id\":\"https:\\\/\\\/www.cidademarketing.com.br\\\/marketing\\\/#website\",\"url\":\"https:\\\/\\\/www.cidademarketing.com.br\\\/marketing\\\/\",\"name\":\"CidadeMarketing\",\"description\":\"Somos um ve\u00edculo de comunica\u00e7\u00e3o de destaque no Brasil, reconhecido por conte\u00fados nos segmentos de marketing, empreendedorismo e inova\u00e7\u00e3o.\",\"publisher\":{\"@id\":\"https:\\\/\\\/www.cidademarketing.com.br\\\/marketing\\\/#organization\"},\"alternateName\":\"CidadeMarketing\",\"potentialAction\":[{\"@type\":\"SearchAction\",\"target\":{\"@type\":\"EntryPoint\",\"urlTemplate\":\"https:\\\/\\\/www.cidademarketing.com.br\\\/marketing\\\/?s={search_term_string}\"},\"query-input\":{\"@type\":\"PropertyValueSpecification\",\"valueRequired\":true,\"valueName\":\"search_term_string\"}}],\"inLanguage\":\"pt-BR\"},{\"@type\":\"Organization\",\"@id\":\"https:\\\/\\\/www.cidademarketing.com.br\\\/marketing\\\/#organization\",\"name\":\"CidadeMarketing\",\"alternateName\":\"CidadeMarketing\",\"url\":\"https:\\\/\\\/www.cidademarketing.com.br\\\/marketing\\\/\",\"logo\":{\"@type\":\"ImageObject\",\"inLanguage\":\"pt-BR\",\"@id\":\"https:\\\/\\\/www.cidademarketing.com.br\\\/marketing\\\/#\\\/schema\\\/logo\\\/image\\\/\",\"url\":\"https:\\\/\\\/www.cidademarketing.com.br\\\/marketing\\\/wp-content\\\/uploads\\\/2020\\\/01\\\/cidademarketing_marca_mobile.png\",\"contentUrl\":\"https:\\\/\\\/www.cidademarketing.com.br\\\/marketing\\\/wp-content\\\/uploads\\\/2020\\\/01\\\/cidademarketing_marca_mobile.png\",\"width\":230,\"height\":92,\"caption\":\"CidadeMarketing\"},\"image\":{\"@id\":\"https:\\\/\\\/www.cidademarketing.com.br\\\/marketing\\\/#\\\/schema\\\/logo\\\/image\\\/\"},\"sameAs\":[\"https:\\\/\\\/www.facebook.com\\\/portalcidademarketing\",\"https:\\\/\\\/x.com\\\/CidadeMarketing\",\"https:\\\/\\\/www.instagram.com\\\/cidademarketing\\\/\"]},{\"@type\":\"Person\",\"@id\":\"https:\\\/\\\/www.cidademarketing.com.br\\\/marketing\\\/#\\\/schema\\\/person\\\/02daff9f18bd9378c9e01eb6b2db155f\",\"name\":\"Thales Brand\u00e3o\",\"image\":{\"@type\":\"ImageObject\",\"inLanguage\":\"pt-BR\",\"@id\":\"https:\\\/\\\/secure.gravatar.com\\\/avatar\\\/7ca3206950207cc3cb48feec56a8a7898741ab725c368d99d5d7a5a50aab80c6?s=96&d=mm&r=g\",\"url\":\"https:\\\/\\\/secure.gravatar.com\\\/avatar\\\/7ca3206950207cc3cb48feec56a8a7898741ab725c368d99d5d7a5a50aab80c6?s=96&d=mm&r=g\",\"contentUrl\":\"https:\\\/\\\/secure.gravatar.com\\\/avatar\\\/7ca3206950207cc3cb48feec56a8a7898741ab725c368d99d5d7a5a50aab80c6?s=96&d=mm&r=g\",\"caption\":\"Thales Brand\u00e3o\"},\"description\":\"Editor Executivo do Portal CidadeMarketing.com.br &gt; Mestre em Comunica\u00e7\u00e3o e Sociedade pela Universidade Federal de Sergipe. Possui MBA Executivo em Administra\u00e7\u00e3o com \u00eanfase em Marketing pela Funda\u00e7\u00e3o Get\u00falio Vargas - Rio de Janeiro. Consultor, Palestrante e Pesquisador sobre Empreendedorismo, Marketing, Redes Sociais e Neg\u00f3cios Digitais. Professor, Palestrante TedxTalks e Campus Party. Twitter: @ThalesBrandao\",\"sameAs\":[\"http:\\\/\\\/www.mandacaru.com.br\",\"https:\\\/\\\/www.facebook.com\\\/thalesbrandao\",\"http:\\\/\\\/www.instagram.com.br\\\/thalesbrandaoferreira\",\"https:\\\/\\\/www.linkedin.com\\\/in\\\/thales-brand\u00e3o-3948609\\\/\",\"https:\\\/\\\/x.com\\\/http:\\\/\\\/www.twitter.com\\\/thalesbrandao\"],\"url\":\"https:\\\/\\\/www.cidademarketing.com.br\\\/marketing\\\/author\\\/thalesbrandao\\\/\"}]}<\/script>\n<!-- \/ Yoast SEO plugin. -->","yoast_head_json":{"title":"Bradesco lan\u00e7a segunda fase de a\u00e7\u00e3o online com influenciadores focada nos micro e m\u00e9dio empreendedores - CidadeMarketing","robots":{"index":"index","follow":"follow","max-snippet":"max-snippet:-1","max-image-preview":"max-image-preview:large","max-video-preview":"max-video-preview:-1"},"canonical":"https:\/\/www.cidademarketing.com.br\/marketing\/2021\/09\/23\/bradesco-lanca-segunda-fase-de-acao-online-com-influenciadores-focada-nos-micro-e-medio-empreendedores\/","og_locale":"pt_BR","og_type":"article","og_title":"Bradesco lan\u00e7a segunda fase de a\u00e7\u00e3o online com influenciadores focada nos micro e m\u00e9dio empreendedores - CidadeMarketing","og_description":"Come\u00e7ou a ser&nbsp;veiculada a segunda fase&nbsp;de uma a\u00e7\u00e3o do Bradesco em parceria com influenciadores digitais focada nos micro e m\u00e9dio empreendedores. Um novo time de criadores &#8211; que s\u00e3o refer\u00eancias em suas \u00e1reas de atua\u00e7\u00e3o e que tamb\u00e9m s\u00e3o dos segmentos mais representativos de clientes MEI do Bradesco &#8211; v\u00e3o compartilhar conhecimentos e experi\u00eancias em [&hellip;]","og_url":"https:\/\/www.cidademarketing.com.br\/marketing\/2021\/09\/23\/bradesco-lanca-segunda-fase-de-acao-online-com-influenciadores-focada-nos-micro-e-medio-empreendedores\/","og_site_name":"CidadeMarketing","article_publisher":"https:\/\/www.facebook.com\/portalcidademarketing","article_author":"https:\/\/www.facebook.com\/thalesbrandao","article_published_time":"2021-09-24T01:02:13+00:00","article_modified_time":"2021-09-24T01:03:00+00:00","og_image":[{"width":1080,"height":1230,"url":"https:\/\/www.cidademarketing.com.br\/marketing\/wp-content\/uploads\/2021\/09\/Bradesco_01_Divulgacao.jpg","type":"image\/jpeg"}],"author":"Thales Brand\u00e3o","twitter_card":"summary_large_image","twitter_creator":"@http:\/\/www.twitter.com\/thalesbrandao","twitter_site":"@CidadeMarketing","twitter_misc":{"Escrito por":"Thales Brand\u00e3o","Est. tempo de leitura":"4 minutos"},"schema":{"@context":"https:\/\/schema.org","@graph":[{"@type":"Article","@id":"https:\/\/www.cidademarketing.com.br\/marketing\/2021\/09\/23\/bradesco-lanca-segunda-fase-de-acao-online-com-influenciadores-focada-nos-micro-e-medio-empreendedores\/#article","isPartOf":{"@id":"https:\/\/www.cidademarketing.com.br\/marketing\/2021\/09\/23\/bradesco-lanca-segunda-fase-de-acao-online-com-influenciadores-focada-nos-micro-e-medio-empreendedores\/"},"author":{"name":"Thales Brand\u00e3o","@id":"https:\/\/www.cidademarketing.com.br\/marketing\/#\/schema\/person\/02daff9f18bd9378c9e01eb6b2db155f"},"headline":"Bradesco lan\u00e7a segunda fase de a\u00e7\u00e3o online com influenciadores focada nos micro e m\u00e9dio empreendedores","datePublished":"2021-09-24T01:02:13+00:00","dateModified":"2021-09-24T01:03:00+00:00","mainEntityOfPage":{"@id":"https:\/\/www.cidademarketing.com.br\/marketing\/2021\/09\/23\/bradesco-lanca-segunda-fase-de-acao-online-com-influenciadores-focada-nos-micro-e-medio-empreendedores\/"},"wordCount":812,"commentCount":0,"publisher":{"@id":"https:\/\/www.cidademarketing.com.br\/marketing\/#organization"},"image":{"@id":"https:\/\/www.cidademarketing.com.br\/marketing\/2021\/09\/23\/bradesco-lanca-segunda-fase-de-acao-online-com-influenciadores-focada-nos-micro-e-medio-empreendedores\/#primaryimage"},"thumbnailUrl":"https:\/\/www.cidademarketing.com.br\/marketing\/wp-content\/uploads\/2021\/09\/Bradesco_01_Divulgacao.jpg","keywords":["Bradesco","empreendedorismo","marketing","marketing digital"],"articleSection":["Not\u00edcias"],"inLanguage":"pt-BR","potentialAction":[{"@type":"CommentAction","name":"Comment","target":["https:\/\/www.cidademarketing.com.br\/marketing\/2021\/09\/23\/bradesco-lanca-segunda-fase-de-acao-online-com-influenciadores-focada-nos-micro-e-medio-empreendedores\/#respond"]}]},{"@type":"WebPage","@id":"https:\/\/www.cidademarketing.com.br\/marketing\/2021\/09\/23\/bradesco-lanca-segunda-fase-de-acao-online-com-influenciadores-focada-nos-micro-e-medio-empreendedores\/","url":"https:\/\/www.cidademarketing.com.br\/marketing\/2021\/09\/23\/bradesco-lanca-segunda-fase-de-acao-online-com-influenciadores-focada-nos-micro-e-medio-empreendedores\/","name":"Bradesco lan\u00e7a segunda fase de a\u00e7\u00e3o online com influenciadores focada nos micro e m\u00e9dio empreendedores - CidadeMarketing","isPartOf":{"@id":"https:\/\/www.cidademarketing.com.br\/marketing\/#website"},"primaryImageOfPage":{"@id":"https:\/\/www.cidademarketing.com.br\/marketing\/2021\/09\/23\/bradesco-lanca-segunda-fase-de-acao-online-com-influenciadores-focada-nos-micro-e-medio-empreendedores\/#primaryimage"},"image":{"@id":"https:\/\/www.cidademarketing.com.br\/marketing\/2021\/09\/23\/bradesco-lanca-segunda-fase-de-acao-online-com-influenciadores-focada-nos-micro-e-medio-empreendedores\/#primaryimage"},"thumbnailUrl":"https:\/\/www.cidademarketing.com.br\/marketing\/wp-content\/uploads\/2021\/09\/Bradesco_01_Divulgacao.jpg","datePublished":"2021-09-24T01:02:13+00:00","dateModified":"2021-09-24T01:03:00+00:00","breadcrumb":{"@id":"https:\/\/www.cidademarketing.com.br\/marketing\/2021\/09\/23\/bradesco-lanca-segunda-fase-de-acao-online-com-influenciadores-focada-nos-micro-e-medio-empreendedores\/#breadcrumb"},"inLanguage":"pt-BR","potentialAction":[{"@type":"ReadAction","target":["https:\/\/www.cidademarketing.com.br\/marketing\/2021\/09\/23\/bradesco-lanca-segunda-fase-de-acao-online-com-influenciadores-focada-nos-micro-e-medio-empreendedores\/"]}]},{"@type":"ImageObject","inLanguage":"pt-BR","@id":"https:\/\/www.cidademarketing.com.br\/marketing\/2021\/09\/23\/bradesco-lanca-segunda-fase-de-acao-online-com-influenciadores-focada-nos-micro-e-medio-empreendedores\/#primaryimage","url":"https:\/\/www.cidademarketing.com.br\/marketing\/wp-content\/uploads\/2021\/09\/Bradesco_01_Divulgacao.jpg","contentUrl":"https:\/\/www.cidademarketing.com.br\/marketing\/wp-content\/uploads\/2021\/09\/Bradesco_01_Divulgacao.jpg","width":1080,"height":1230,"caption":"Divulga\u00e7\u00e3o"},{"@type":"BreadcrumbList","@id":"https:\/\/www.cidademarketing.com.br\/marketing\/2021\/09\/23\/bradesco-lanca-segunda-fase-de-acao-online-com-influenciadores-focada-nos-micro-e-medio-empreendedores\/#breadcrumb","itemListElement":[{"@type":"ListItem","position":1,"name":"In\u00edcio","item":"https:\/\/www.cidademarketing.com.br\/marketing\/"},{"@type":"ListItem","position":2,"name":"Bradesco lan\u00e7a segunda fase de a\u00e7\u00e3o online com influenciadores focada nos micro e m\u00e9dio empreendedores"}]},{"@type":"WebSite","@id":"https:\/\/www.cidademarketing.com.br\/marketing\/#website","url":"https:\/\/www.cidademarketing.com.br\/marketing\/","name":"CidadeMarketing","description":"Somos um ve\u00edculo de comunica\u00e7\u00e3o de destaque no Brasil, reconhecido por conte\u00fados nos segmentos de marketing, empreendedorismo e inova\u00e7\u00e3o.","publisher":{"@id":"https:\/\/www.cidademarketing.com.br\/marketing\/#organization"},"alternateName":"CidadeMarketing","potentialAction":[{"@type":"SearchAction","target":{"@type":"EntryPoint","urlTemplate":"https:\/\/www.cidademarketing.com.br\/marketing\/?s={search_term_string}"},"query-input":{"@type":"PropertyValueSpecification","valueRequired":true,"valueName":"search_term_string"}}],"inLanguage":"pt-BR"},{"@type":"Organization","@id":"https:\/\/www.cidademarketing.com.br\/marketing\/#organization","name":"CidadeMarketing","alternateName":"CidadeMarketing","url":"https:\/\/www.cidademarketing.com.br\/marketing\/","logo":{"@type":"ImageObject","inLanguage":"pt-BR","@id":"https:\/\/www.cidademarketing.com.br\/marketing\/#\/schema\/logo\/image\/","url":"https:\/\/www.cidademarketing.com.br\/marketing\/wp-content\/uploads\/2020\/01\/cidademarketing_marca_mobile.png","contentUrl":"https:\/\/www.cidademarketing.com.br\/marketing\/wp-content\/uploads\/2020\/01\/cidademarketing_marca_mobile.png","width":230,"height":92,"caption":"CidadeMarketing"},"image":{"@id":"https:\/\/www.cidademarketing.com.br\/marketing\/#\/schema\/logo\/image\/"},"sameAs":["https:\/\/www.facebook.com\/portalcidademarketing","https:\/\/x.com\/CidadeMarketing","https:\/\/www.instagram.com\/cidademarketing\/"]},{"@type":"Person","@id":"https:\/\/www.cidademarketing.com.br\/marketing\/#\/schema\/person\/02daff9f18bd9378c9e01eb6b2db155f","name":"Thales Brand\u00e3o","image":{"@type":"ImageObject","inLanguage":"pt-BR","@id":"https:\/\/secure.gravatar.com\/avatar\/7ca3206950207cc3cb48feec56a8a7898741ab725c368d99d5d7a5a50aab80c6?s=96&d=mm&r=g","url":"https:\/\/secure.gravatar.com\/avatar\/7ca3206950207cc3cb48feec56a8a7898741ab725c368d99d5d7a5a50aab80c6?s=96&d=mm&r=g","contentUrl":"https:\/\/secure.gravatar.com\/avatar\/7ca3206950207cc3cb48feec56a8a7898741ab725c368d99d5d7a5a50aab80c6?s=96&d=mm&r=g","caption":"Thales Brand\u00e3o"},"description":"Editor Executivo do Portal CidadeMarketing.com.br &gt; Mestre em Comunica\u00e7\u00e3o e Sociedade pela Universidade Federal de Sergipe. Possui MBA Executivo em Administra\u00e7\u00e3o com \u00eanfase em Marketing pela Funda\u00e7\u00e3o Get\u00falio Vargas - Rio de Janeiro. Consultor, Palestrante e Pesquisador sobre Empreendedorismo, Marketing, Redes Sociais e Neg\u00f3cios Digitais. Professor, Palestrante TedxTalks e Campus Party. Twitter: @ThalesBrandao","sameAs":["http:\/\/www.mandacaru.com.br","https:\/\/www.facebook.com\/thalesbrandao","http:\/\/www.instagram.com.br\/thalesbrandaoferreira","https:\/\/www.linkedin.com\/in\/thales-brand\u00e3o-3948609\/","https:\/\/x.com\/http:\/\/www.twitter.com\/thalesbrandao"],"url":"https:\/\/www.cidademarketing.com.br\/marketing\/author\/thalesbrandao\/"}]}},"amp_enabled":true,"_links":{"self":[{"href":"https:\/\/www.cidademarketing.com.br\/marketing\/wp-json\/wp\/v2\/posts\/29568","targetHints":{"allow":["GET"]}}],"collection":[{"href":"https:\/\/www.cidademarketing.com.br\/marketing\/wp-json\/wp\/v2\/posts"}],"about":[{"href":"https:\/\/www.cidademarketing.com.br\/marketing\/wp-json\/wp\/v2\/types\/post"}],"author":[{"embeddable":true,"href":"https:\/\/www.cidademarketing.com.br\/marketing\/wp-json\/wp\/v2\/users\/1"}],"replies":[{"embeddable":true,"href":"https:\/\/www.cidademarketing.com.br\/marketing\/wp-json\/wp\/v2\/comments?post=29568"}],"version-history":[{"count":1,"href":"https:\/\/www.cidademarketing.com.br\/marketing\/wp-json\/wp\/v2\/posts\/29568\/revisions"}],"predecessor-version":[{"id":29569,"href":"https:\/\/www.cidademarketing.com.br\/marketing\/wp-json\/wp\/v2\/posts\/29568\/revisions\/29569"}],"wp:featuredmedia":[{"embeddable":true,"href":"https:\/\/www.cidademarketing.com.br\/marketing\/wp-json\/wp\/v2\/media\/29570"}],"wp:attachment":[{"href":"https:\/\/www.cidademarketing.com.br\/marketing\/wp-json\/wp\/v2\/media?parent=29568"}],"wp:term":[{"taxonomy":"category","embeddable":true,"href":"https:\/\/www.cidademarketing.com.br\/marketing\/wp-json\/wp\/v2\/categories?post=29568"},{"taxonomy":"post_tag","embeddable":true,"href":"https:\/\/www.cidademarketing.com.br\/marketing\/wp-json\/wp\/v2\/tags?post=29568"}],"curies":[{"name":"wp","href":"https:\/\/api.w.org\/{rel}","templated":true}]}}