{"id":29565,"date":"2021-09-23T21:43:39","date_gmt":"2021-09-24T00:43:39","guid":{"rendered":"https:\/\/www.cidademarketing.com.br\/marketing\/?p=29565"},"modified":"2021-09-23T21:43:41","modified_gmt":"2021-09-24T00:43:41","slug":"casavideo-anuncia-novidades-em-edicao-do-e-de-casa-na-globo","status":"publish","type":"post","link":"https:\/\/www.cidademarketing.com.br\/marketing\/2021\/09\/23\/casavideo-anuncia-novidades-em-edicao-do-e-de-casa-na-globo\/","title":{"rendered":"Casa&#038;Video anuncia novidades em edi\u00e7\u00e3o do \u00c9 de Casa, na Globo"},"content":{"rendered":"\n<p>Campanha de divulga\u00e7\u00e3o do novo aplicativo da rede varejista Casa&amp;Video contar\u00e1 com a\u00e7\u00e3o de merchandising no conceituado \u2018\u00c9 de casa\u2019, da emissora Globo. Com cria\u00e7\u00e3o da Propeg, a din\u00e2mica aproveitar\u00e1 a tem\u00e1tica do programa (casa) para trabalhar a visibilidade da marca, al\u00e9m de explorar as vantagens do APP.<\/p>\n\n\n\n<p>A a\u00e7\u00e3o deve ir ao ar neste s\u00e1bado, 25, e focar\u00e1 sua comunica\u00e7\u00e3o para os mercados regionais de Belo Horizonte e Rio de Janeiro. A divulga\u00e7\u00e3o do aplicativo teve seu in\u00edcio em junho, e agora a campanha trar\u00e1 novos benef\u00edcios, junto aos j\u00e1 anunciados em seu lan\u00e7amento, que incluem: maior sortimento de produtos em compara\u00e7\u00e3o \u00e0 loja f\u00edsica, entrega r\u00e1pida (em at\u00e9 24h na sua casa ou 3h para retirada na loja, de acordo com a disponibilidade na regi\u00e3o), cupom de desconto na primeira compra, ofertas exclusivas toda semana e retirada gratuita nas unidades.<\/p>\n\n\n\n<p>Exclusivamente no dia de exibi\u00e7\u00e3o do programa, o p\u00fablico se beneficiar\u00e1 com um cupom exclusivo de 20% de desconto no carrinho de compras, al\u00e9m de duas ofertas in\u00e9ditas que ser\u00e3o divulgadas ao longo da apresenta\u00e7\u00e3o. Segundo Laura Autran, Gerente de Marketing da Casa&amp;Video, a escolha do formato para o merchandising foi uma decis\u00e3o voltada para um p\u00fablico j\u00e1 engajado com o universo \u2018casa\u2019. \u201cO \u2018\u00c9 de casa\u2019 \u00e9 uma atra\u00e7\u00e3o central na m\u00eddia ligada a assuntos dom\u00e9sticos, decora\u00e7\u00e3o, beleza, entretenimento e outros. Esse \u00e9 exatamente o tipo de espa\u00e7o que precisamos para dar visibilidade a nossa marca, e nos posicionar como o destino ideal para completar a casa da fam\u00edlia brasileira\u201d, comenta Autran.<\/p>\n\n\n\n<p>A a\u00e7\u00e3o deve ir ao a partir das 06h50m, no dia 25.<\/p>\n\n\n\n<p>Acesse <a href=\"http:\/\/globoplay.com\/edecasa\" target=\"_blank\" rel=\"noreferrer noopener\">globoplay.com\/edecasa<\/a> e confira.<\/p>\n","protected":false},"excerpt":{"rendered":"<p>Campanha de divulga\u00e7\u00e3o do novo aplicativo da rede varejista Casa&amp;Video contar\u00e1 com a\u00e7\u00e3o de merchandising no conceituado \u2018\u00c9 de casa\u2019, da emissora Globo. Com cria\u00e7\u00e3o da Propeg, a din\u00e2mica aproveitar\u00e1 a tem\u00e1tica do programa (casa) para trabalhar a visibilidade da marca, al\u00e9m de explorar as vantagens do APP. A a\u00e7\u00e3o deve ir ao ar neste [&hellip;]<\/p>\n","protected":false},"author":1,"featured_media":29566,"comment_status":"open","ping_status":"open","sticky":false,"template":"","format":"standard","meta":{"tdm_status":"","tdm_grid_status":"","footnotes":""},"categories":[6],"tags":[2610,33,215,28],"class_list":["post-29565","post","type-post","status-publish","format-standard","has-post-thumbnail","hentry","category-noticias","tag-casavideo","tag-estrategia","tag-globo","tag-marketing"],"yoast_head":"<!-- This site is optimized with the Yoast SEO plugin v27.5 - https:\/\/yoast.com\/product\/yoast-seo-wordpress\/ -->\n<title>Casa&amp;Video anuncia novidades em edi\u00e7\u00e3o do \u00c9 de Casa, na Globo - CidadeMarketing<\/title>\n<meta name=\"robots\" content=\"index, follow, max-snippet:-1, max-image-preview:large, max-video-preview:-1\" \/>\n<link rel=\"canonical\" href=\"https:\/\/www.cidademarketing.com.br\/marketing\/2021\/09\/23\/casavideo-anuncia-novidades-em-edicao-do-e-de-casa-na-globo\/\" \/>\n<meta property=\"og:locale\" content=\"pt_BR\" \/>\n<meta property=\"og:type\" content=\"article\" \/>\n<meta property=\"og:title\" content=\"Casa&amp;Video anuncia novidades em edi\u00e7\u00e3o do \u00c9 de Casa, na Globo - CidadeMarketing\" \/>\n<meta property=\"og:description\" content=\"Campanha de divulga\u00e7\u00e3o do novo aplicativo da rede varejista Casa&amp;Video contar\u00e1 com a\u00e7\u00e3o de merchandising no conceituado \u2018\u00c9 de casa\u2019, da emissora Globo. Com cria\u00e7\u00e3o da Propeg, a din\u00e2mica aproveitar\u00e1 a tem\u00e1tica do programa (casa) para trabalhar a visibilidade da marca, al\u00e9m de explorar as vantagens do APP. A a\u00e7\u00e3o deve ir ao ar neste [&hellip;]\" \/>\n<meta property=\"og:url\" content=\"https:\/\/www.cidademarketing.com.br\/marketing\/2021\/09\/23\/casavideo-anuncia-novidades-em-edicao-do-e-de-casa-na-globo\/\" \/>\n<meta property=\"og:site_name\" content=\"CidadeMarketing\" \/>\n<meta property=\"article:publisher\" content=\"https:\/\/www.facebook.com\/portalcidademarketing\" \/>\n<meta property=\"article:author\" content=\"https:\/\/www.facebook.com\/thalesbrandao\" \/>\n<meta property=\"article:published_time\" content=\"2021-09-24T00:43:39+00:00\" \/>\n<meta property=\"article:modified_time\" content=\"2021-09-24T00:43:41+00:00\" \/>\n<meta property=\"og:image\" content=\"https:\/\/www.cidademarketing.com.br\/marketing\/wp-content\/uploads\/2021\/09\/Cartela-filme-scaled.jpg\" \/>\n\t<meta property=\"og:image:width\" content=\"2560\" \/>\n\t<meta property=\"og:image:height\" content=\"1440\" \/>\n\t<meta property=\"og:image:type\" content=\"image\/jpeg\" \/>\n<meta name=\"author\" content=\"Thales Brand\u00e3o\" \/>\n<meta name=\"twitter:card\" content=\"summary_large_image\" \/>\n<meta name=\"twitter:creator\" content=\"@http:\/\/www.twitter.com\/thalesbrandao\" \/>\n<meta name=\"twitter:site\" content=\"@CidadeMarketing\" \/>\n<meta name=\"twitter:label1\" content=\"Escrito por\" \/>\n\t<meta name=\"twitter:data1\" content=\"Thales Brand\u00e3o\" \/>\n\t<meta name=\"twitter:label2\" content=\"Est. tempo de leitura\" \/>\n\t<meta name=\"twitter:data2\" content=\"2 minutos\" \/>\n<script type=\"application\/ld+json\" class=\"yoast-schema-graph\">{\"@context\":\"https:\\\/\\\/schema.org\",\"@graph\":[{\"@type\":\"Article\",\"@id\":\"https:\\\/\\\/www.cidademarketing.com.br\\\/marketing\\\/2021\\\/09\\\/23\\\/casavideo-anuncia-novidades-em-edicao-do-e-de-casa-na-globo\\\/#article\",\"isPartOf\":{\"@id\":\"https:\\\/\\\/www.cidademarketing.com.br\\\/marketing\\\/2021\\\/09\\\/23\\\/casavideo-anuncia-novidades-em-edicao-do-e-de-casa-na-globo\\\/\"},\"author\":{\"name\":\"Thales Brand\u00e3o\",\"@id\":\"https:\\\/\\\/www.cidademarketing.com.br\\\/marketing\\\/#\\\/schema\\\/person\\\/02daff9f18bd9378c9e01eb6b2db155f\"},\"headline\":\"Casa&#038;Video anuncia novidades em edi\u00e7\u00e3o do \u00c9 de Casa, na Globo\",\"datePublished\":\"2021-09-24T00:43:39+00:00\",\"dateModified\":\"2021-09-24T00:43:41+00:00\",\"mainEntityOfPage\":{\"@id\":\"https:\\\/\\\/www.cidademarketing.com.br\\\/marketing\\\/2021\\\/09\\\/23\\\/casavideo-anuncia-novidades-em-edicao-do-e-de-casa-na-globo\\\/\"},\"wordCount\":314,\"commentCount\":0,\"publisher\":{\"@id\":\"https:\\\/\\\/www.cidademarketing.com.br\\\/marketing\\\/#organization\"},\"image\":{\"@id\":\"https:\\\/\\\/www.cidademarketing.com.br\\\/marketing\\\/2021\\\/09\\\/23\\\/casavideo-anuncia-novidades-em-edicao-do-e-de-casa-na-globo\\\/#primaryimage\"},\"thumbnailUrl\":\"https:\\\/\\\/www.cidademarketing.com.br\\\/marketing\\\/wp-content\\\/uploads\\\/2021\\\/09\\\/Cartela-filme-scaled.jpg\",\"keywords\":[\"CASA&amp;VIDEO\",\"estrat\u00e9gia\",\"Globo\",\"marketing\"],\"articleSection\":[\"Not\u00edcias\"],\"inLanguage\":\"pt-BR\",\"potentialAction\":[{\"@type\":\"CommentAction\",\"name\":\"Comment\",\"target\":[\"https:\\\/\\\/www.cidademarketing.com.br\\\/marketing\\\/2021\\\/09\\\/23\\\/casavideo-anuncia-novidades-em-edicao-do-e-de-casa-na-globo\\\/#respond\"]}]},{\"@type\":\"WebPage\",\"@id\":\"https:\\\/\\\/www.cidademarketing.com.br\\\/marketing\\\/2021\\\/09\\\/23\\\/casavideo-anuncia-novidades-em-edicao-do-e-de-casa-na-globo\\\/\",\"url\":\"https:\\\/\\\/www.cidademarketing.com.br\\\/marketing\\\/2021\\\/09\\\/23\\\/casavideo-anuncia-novidades-em-edicao-do-e-de-casa-na-globo\\\/\",\"name\":\"Casa&Video anuncia novidades em edi\u00e7\u00e3o do \u00c9 de Casa, na Globo - CidadeMarketing\",\"isPartOf\":{\"@id\":\"https:\\\/\\\/www.cidademarketing.com.br\\\/marketing\\\/#website\"},\"primaryImageOfPage\":{\"@id\":\"https:\\\/\\\/www.cidademarketing.com.br\\\/marketing\\\/2021\\\/09\\\/23\\\/casavideo-anuncia-novidades-em-edicao-do-e-de-casa-na-globo\\\/#primaryimage\"},\"image\":{\"@id\":\"https:\\\/\\\/www.cidademarketing.com.br\\\/marketing\\\/2021\\\/09\\\/23\\\/casavideo-anuncia-novidades-em-edicao-do-e-de-casa-na-globo\\\/#primaryimage\"},\"thumbnailUrl\":\"https:\\\/\\\/www.cidademarketing.com.br\\\/marketing\\\/wp-content\\\/uploads\\\/2021\\\/09\\\/Cartela-filme-scaled.jpg\",\"datePublished\":\"2021-09-24T00:43:39+00:00\",\"dateModified\":\"2021-09-24T00:43:41+00:00\",\"breadcrumb\":{\"@id\":\"https:\\\/\\\/www.cidademarketing.com.br\\\/marketing\\\/2021\\\/09\\\/23\\\/casavideo-anuncia-novidades-em-edicao-do-e-de-casa-na-globo\\\/#breadcrumb\"},\"inLanguage\":\"pt-BR\",\"potentialAction\":[{\"@type\":\"ReadAction\",\"target\":[\"https:\\\/\\\/www.cidademarketing.com.br\\\/marketing\\\/2021\\\/09\\\/23\\\/casavideo-anuncia-novidades-em-edicao-do-e-de-casa-na-globo\\\/\"]}]},{\"@type\":\"ImageObject\",\"inLanguage\":\"pt-BR\",\"@id\":\"https:\\\/\\\/www.cidademarketing.com.br\\\/marketing\\\/2021\\\/09\\\/23\\\/casavideo-anuncia-novidades-em-edicao-do-e-de-casa-na-globo\\\/#primaryimage\",\"url\":\"https:\\\/\\\/www.cidademarketing.com.br\\\/marketing\\\/wp-content\\\/uploads\\\/2021\\\/09\\\/Cartela-filme-scaled.jpg\",\"contentUrl\":\"https:\\\/\\\/www.cidademarketing.com.br\\\/marketing\\\/wp-content\\\/uploads\\\/2021\\\/09\\\/Cartela-filme-scaled.jpg\",\"width\":2560,\"height\":1440},{\"@type\":\"BreadcrumbList\",\"@id\":\"https:\\\/\\\/www.cidademarketing.com.br\\\/marketing\\\/2021\\\/09\\\/23\\\/casavideo-anuncia-novidades-em-edicao-do-e-de-casa-na-globo\\\/#breadcrumb\",\"itemListElement\":[{\"@type\":\"ListItem\",\"position\":1,\"name\":\"In\u00edcio\",\"item\":\"https:\\\/\\\/www.cidademarketing.com.br\\\/marketing\\\/\"},{\"@type\":\"ListItem\",\"position\":2,\"name\":\"Casa&#038;Video anuncia novidades em edi\u00e7\u00e3o do \u00c9 de Casa, na Globo\"}]},{\"@type\":\"WebSite\",\"@id\":\"https:\\\/\\\/www.cidademarketing.com.br\\\/marketing\\\/#website\",\"url\":\"https:\\\/\\\/www.cidademarketing.com.br\\\/marketing\\\/\",\"name\":\"CidadeMarketing\",\"description\":\"Somos um ve\u00edculo de comunica\u00e7\u00e3o de destaque no Brasil, reconhecido por conte\u00fados nos segmentos de marketing, empreendedorismo e inova\u00e7\u00e3o.\",\"publisher\":{\"@id\":\"https:\\\/\\\/www.cidademarketing.com.br\\\/marketing\\\/#organization\"},\"alternateName\":\"CidadeMarketing\",\"potentialAction\":[{\"@type\":\"SearchAction\",\"target\":{\"@type\":\"EntryPoint\",\"urlTemplate\":\"https:\\\/\\\/www.cidademarketing.com.br\\\/marketing\\\/?s={search_term_string}\"},\"query-input\":{\"@type\":\"PropertyValueSpecification\",\"valueRequired\":true,\"valueName\":\"search_term_string\"}}],\"inLanguage\":\"pt-BR\"},{\"@type\":\"Organization\",\"@id\":\"https:\\\/\\\/www.cidademarketing.com.br\\\/marketing\\\/#organization\",\"name\":\"CidadeMarketing\",\"alternateName\":\"CidadeMarketing\",\"url\":\"https:\\\/\\\/www.cidademarketing.com.br\\\/marketing\\\/\",\"logo\":{\"@type\":\"ImageObject\",\"inLanguage\":\"pt-BR\",\"@id\":\"https:\\\/\\\/www.cidademarketing.com.br\\\/marketing\\\/#\\\/schema\\\/logo\\\/image\\\/\",\"url\":\"https:\\\/\\\/www.cidademarketing.com.br\\\/marketing\\\/wp-content\\\/uploads\\\/2020\\\/01\\\/cidademarketing_marca_mobile.png\",\"contentUrl\":\"https:\\\/\\\/www.cidademarketing.com.br\\\/marketing\\\/wp-content\\\/uploads\\\/2020\\\/01\\\/cidademarketing_marca_mobile.png\",\"width\":230,\"height\":92,\"caption\":\"CidadeMarketing\"},\"image\":{\"@id\":\"https:\\\/\\\/www.cidademarketing.com.br\\\/marketing\\\/#\\\/schema\\\/logo\\\/image\\\/\"},\"sameAs\":[\"https:\\\/\\\/www.facebook.com\\\/portalcidademarketing\",\"https:\\\/\\\/x.com\\\/CidadeMarketing\",\"https:\\\/\\\/www.instagram.com\\\/cidademarketing\\\/\"]},{\"@type\":\"Person\",\"@id\":\"https:\\\/\\\/www.cidademarketing.com.br\\\/marketing\\\/#\\\/schema\\\/person\\\/02daff9f18bd9378c9e01eb6b2db155f\",\"name\":\"Thales Brand\u00e3o\",\"image\":{\"@type\":\"ImageObject\",\"inLanguage\":\"pt-BR\",\"@id\":\"https:\\\/\\\/secure.gravatar.com\\\/avatar\\\/7ca3206950207cc3cb48feec56a8a7898741ab725c368d99d5d7a5a50aab80c6?s=96&d=mm&r=g\",\"url\":\"https:\\\/\\\/secure.gravatar.com\\\/avatar\\\/7ca3206950207cc3cb48feec56a8a7898741ab725c368d99d5d7a5a50aab80c6?s=96&d=mm&r=g\",\"contentUrl\":\"https:\\\/\\\/secure.gravatar.com\\\/avatar\\\/7ca3206950207cc3cb48feec56a8a7898741ab725c368d99d5d7a5a50aab80c6?s=96&d=mm&r=g\",\"caption\":\"Thales Brand\u00e3o\"},\"description\":\"Editor Executivo do Portal CidadeMarketing.com.br &gt; Mestre em Comunica\u00e7\u00e3o e Sociedade pela Universidade Federal de Sergipe. Possui MBA Executivo em Administra\u00e7\u00e3o com \u00eanfase em Marketing pela Funda\u00e7\u00e3o Get\u00falio Vargas - Rio de Janeiro. Consultor, Palestrante e Pesquisador sobre Empreendedorismo, Marketing, Redes Sociais e Neg\u00f3cios Digitais. Professor, Palestrante TedxTalks e Campus Party. Twitter: @ThalesBrandao\",\"sameAs\":[\"http:\\\/\\\/www.mandacaru.com.br\",\"https:\\\/\\\/www.facebook.com\\\/thalesbrandao\",\"http:\\\/\\\/www.instagram.com.br\\\/thalesbrandaoferreira\",\"https:\\\/\\\/www.linkedin.com\\\/in\\\/thales-brand\u00e3o-3948609\\\/\",\"https:\\\/\\\/x.com\\\/http:\\\/\\\/www.twitter.com\\\/thalesbrandao\"],\"url\":\"https:\\\/\\\/www.cidademarketing.com.br\\\/marketing\\\/author\\\/thalesbrandao\\\/\"}]}<\/script>\n<!-- \/ Yoast SEO plugin. -->","yoast_head_json":{"title":"Casa&Video anuncia novidades em edi\u00e7\u00e3o do \u00c9 de Casa, na Globo - CidadeMarketing","robots":{"index":"index","follow":"follow","max-snippet":"max-snippet:-1","max-image-preview":"max-image-preview:large","max-video-preview":"max-video-preview:-1"},"canonical":"https:\/\/www.cidademarketing.com.br\/marketing\/2021\/09\/23\/casavideo-anuncia-novidades-em-edicao-do-e-de-casa-na-globo\/","og_locale":"pt_BR","og_type":"article","og_title":"Casa&Video anuncia novidades em edi\u00e7\u00e3o do \u00c9 de Casa, na Globo - CidadeMarketing","og_description":"Campanha de divulga\u00e7\u00e3o do novo aplicativo da rede varejista Casa&amp;Video contar\u00e1 com a\u00e7\u00e3o de merchandising no conceituado \u2018\u00c9 de casa\u2019, da emissora Globo. Com cria\u00e7\u00e3o da Propeg, a din\u00e2mica aproveitar\u00e1 a tem\u00e1tica do programa (casa) para trabalhar a visibilidade da marca, al\u00e9m de explorar as vantagens do APP. A a\u00e7\u00e3o deve ir ao ar neste [&hellip;]","og_url":"https:\/\/www.cidademarketing.com.br\/marketing\/2021\/09\/23\/casavideo-anuncia-novidades-em-edicao-do-e-de-casa-na-globo\/","og_site_name":"CidadeMarketing","article_publisher":"https:\/\/www.facebook.com\/portalcidademarketing","article_author":"https:\/\/www.facebook.com\/thalesbrandao","article_published_time":"2021-09-24T00:43:39+00:00","article_modified_time":"2021-09-24T00:43:41+00:00","og_image":[{"width":2560,"height":1440,"url":"https:\/\/www.cidademarketing.com.br\/marketing\/wp-content\/uploads\/2021\/09\/Cartela-filme-scaled.jpg","type":"image\/jpeg"}],"author":"Thales Brand\u00e3o","twitter_card":"summary_large_image","twitter_creator":"@http:\/\/www.twitter.com\/thalesbrandao","twitter_site":"@CidadeMarketing","twitter_misc":{"Escrito por":"Thales Brand\u00e3o","Est. tempo de leitura":"2 minutos"},"schema":{"@context":"https:\/\/schema.org","@graph":[{"@type":"Article","@id":"https:\/\/www.cidademarketing.com.br\/marketing\/2021\/09\/23\/casavideo-anuncia-novidades-em-edicao-do-e-de-casa-na-globo\/#article","isPartOf":{"@id":"https:\/\/www.cidademarketing.com.br\/marketing\/2021\/09\/23\/casavideo-anuncia-novidades-em-edicao-do-e-de-casa-na-globo\/"},"author":{"name":"Thales Brand\u00e3o","@id":"https:\/\/www.cidademarketing.com.br\/marketing\/#\/schema\/person\/02daff9f18bd9378c9e01eb6b2db155f"},"headline":"Casa&#038;Video anuncia novidades em edi\u00e7\u00e3o do \u00c9 de Casa, na Globo","datePublished":"2021-09-24T00:43:39+00:00","dateModified":"2021-09-24T00:43:41+00:00","mainEntityOfPage":{"@id":"https:\/\/www.cidademarketing.com.br\/marketing\/2021\/09\/23\/casavideo-anuncia-novidades-em-edicao-do-e-de-casa-na-globo\/"},"wordCount":314,"commentCount":0,"publisher":{"@id":"https:\/\/www.cidademarketing.com.br\/marketing\/#organization"},"image":{"@id":"https:\/\/www.cidademarketing.com.br\/marketing\/2021\/09\/23\/casavideo-anuncia-novidades-em-edicao-do-e-de-casa-na-globo\/#primaryimage"},"thumbnailUrl":"https:\/\/www.cidademarketing.com.br\/marketing\/wp-content\/uploads\/2021\/09\/Cartela-filme-scaled.jpg","keywords":["CASA&amp;VIDEO","estrat\u00e9gia","Globo","marketing"],"articleSection":["Not\u00edcias"],"inLanguage":"pt-BR","potentialAction":[{"@type":"CommentAction","name":"Comment","target":["https:\/\/www.cidademarketing.com.br\/marketing\/2021\/09\/23\/casavideo-anuncia-novidades-em-edicao-do-e-de-casa-na-globo\/#respond"]}]},{"@type":"WebPage","@id":"https:\/\/www.cidademarketing.com.br\/marketing\/2021\/09\/23\/casavideo-anuncia-novidades-em-edicao-do-e-de-casa-na-globo\/","url":"https:\/\/www.cidademarketing.com.br\/marketing\/2021\/09\/23\/casavideo-anuncia-novidades-em-edicao-do-e-de-casa-na-globo\/","name":"Casa&Video anuncia novidades em edi\u00e7\u00e3o do \u00c9 de Casa, na Globo - CidadeMarketing","isPartOf":{"@id":"https:\/\/www.cidademarketing.com.br\/marketing\/#website"},"primaryImageOfPage":{"@id":"https:\/\/www.cidademarketing.com.br\/marketing\/2021\/09\/23\/casavideo-anuncia-novidades-em-edicao-do-e-de-casa-na-globo\/#primaryimage"},"image":{"@id":"https:\/\/www.cidademarketing.com.br\/marketing\/2021\/09\/23\/casavideo-anuncia-novidades-em-edicao-do-e-de-casa-na-globo\/#primaryimage"},"thumbnailUrl":"https:\/\/www.cidademarketing.com.br\/marketing\/wp-content\/uploads\/2021\/09\/Cartela-filme-scaled.jpg","datePublished":"2021-09-24T00:43:39+00:00","dateModified":"2021-09-24T00:43:41+00:00","breadcrumb":{"@id":"https:\/\/www.cidademarketing.com.br\/marketing\/2021\/09\/23\/casavideo-anuncia-novidades-em-edicao-do-e-de-casa-na-globo\/#breadcrumb"},"inLanguage":"pt-BR","potentialAction":[{"@type":"ReadAction","target":["https:\/\/www.cidademarketing.com.br\/marketing\/2021\/09\/23\/casavideo-anuncia-novidades-em-edicao-do-e-de-casa-na-globo\/"]}]},{"@type":"ImageObject","inLanguage":"pt-BR","@id":"https:\/\/www.cidademarketing.com.br\/marketing\/2021\/09\/23\/casavideo-anuncia-novidades-em-edicao-do-e-de-casa-na-globo\/#primaryimage","url":"https:\/\/www.cidademarketing.com.br\/marketing\/wp-content\/uploads\/2021\/09\/Cartela-filme-scaled.jpg","contentUrl":"https:\/\/www.cidademarketing.com.br\/marketing\/wp-content\/uploads\/2021\/09\/Cartela-filme-scaled.jpg","width":2560,"height":1440},{"@type":"BreadcrumbList","@id":"https:\/\/www.cidademarketing.com.br\/marketing\/2021\/09\/23\/casavideo-anuncia-novidades-em-edicao-do-e-de-casa-na-globo\/#breadcrumb","itemListElement":[{"@type":"ListItem","position":1,"name":"In\u00edcio","item":"https:\/\/www.cidademarketing.com.br\/marketing\/"},{"@type":"ListItem","position":2,"name":"Casa&#038;Video anuncia novidades em edi\u00e7\u00e3o do \u00c9 de Casa, na Globo"}]},{"@type":"WebSite","@id":"https:\/\/www.cidademarketing.com.br\/marketing\/#website","url":"https:\/\/www.cidademarketing.com.br\/marketing\/","name":"CidadeMarketing","description":"Somos um ve\u00edculo de comunica\u00e7\u00e3o de destaque no Brasil, reconhecido por conte\u00fados nos segmentos de marketing, empreendedorismo e inova\u00e7\u00e3o.","publisher":{"@id":"https:\/\/www.cidademarketing.com.br\/marketing\/#organization"},"alternateName":"CidadeMarketing","potentialAction":[{"@type":"SearchAction","target":{"@type":"EntryPoint","urlTemplate":"https:\/\/www.cidademarketing.com.br\/marketing\/?s={search_term_string}"},"query-input":{"@type":"PropertyValueSpecification","valueRequired":true,"valueName":"search_term_string"}}],"inLanguage":"pt-BR"},{"@type":"Organization","@id":"https:\/\/www.cidademarketing.com.br\/marketing\/#organization","name":"CidadeMarketing","alternateName":"CidadeMarketing","url":"https:\/\/www.cidademarketing.com.br\/marketing\/","logo":{"@type":"ImageObject","inLanguage":"pt-BR","@id":"https:\/\/www.cidademarketing.com.br\/marketing\/#\/schema\/logo\/image\/","url":"https:\/\/www.cidademarketing.com.br\/marketing\/wp-content\/uploads\/2020\/01\/cidademarketing_marca_mobile.png","contentUrl":"https:\/\/www.cidademarketing.com.br\/marketing\/wp-content\/uploads\/2020\/01\/cidademarketing_marca_mobile.png","width":230,"height":92,"caption":"CidadeMarketing"},"image":{"@id":"https:\/\/www.cidademarketing.com.br\/marketing\/#\/schema\/logo\/image\/"},"sameAs":["https:\/\/www.facebook.com\/portalcidademarketing","https:\/\/x.com\/CidadeMarketing","https:\/\/www.instagram.com\/cidademarketing\/"]},{"@type":"Person","@id":"https:\/\/www.cidademarketing.com.br\/marketing\/#\/schema\/person\/02daff9f18bd9378c9e01eb6b2db155f","name":"Thales Brand\u00e3o","image":{"@type":"ImageObject","inLanguage":"pt-BR","@id":"https:\/\/secure.gravatar.com\/avatar\/7ca3206950207cc3cb48feec56a8a7898741ab725c368d99d5d7a5a50aab80c6?s=96&d=mm&r=g","url":"https:\/\/secure.gravatar.com\/avatar\/7ca3206950207cc3cb48feec56a8a7898741ab725c368d99d5d7a5a50aab80c6?s=96&d=mm&r=g","contentUrl":"https:\/\/secure.gravatar.com\/avatar\/7ca3206950207cc3cb48feec56a8a7898741ab725c368d99d5d7a5a50aab80c6?s=96&d=mm&r=g","caption":"Thales Brand\u00e3o"},"description":"Editor Executivo do Portal CidadeMarketing.com.br &gt; Mestre em Comunica\u00e7\u00e3o e Sociedade pela Universidade Federal de Sergipe. Possui MBA Executivo em Administra\u00e7\u00e3o com \u00eanfase em Marketing pela Funda\u00e7\u00e3o Get\u00falio Vargas - Rio de Janeiro. Consultor, Palestrante e Pesquisador sobre Empreendedorismo, Marketing, Redes Sociais e Neg\u00f3cios Digitais. Professor, Palestrante TedxTalks e Campus Party. Twitter: @ThalesBrandao","sameAs":["http:\/\/www.mandacaru.com.br","https:\/\/www.facebook.com\/thalesbrandao","http:\/\/www.instagram.com.br\/thalesbrandaoferreira","https:\/\/www.linkedin.com\/in\/thales-brand\u00e3o-3948609\/","https:\/\/x.com\/http:\/\/www.twitter.com\/thalesbrandao"],"url":"https:\/\/www.cidademarketing.com.br\/marketing\/author\/thalesbrandao\/"}]}},"amp_enabled":true,"_links":{"self":[{"href":"https:\/\/www.cidademarketing.com.br\/marketing\/wp-json\/wp\/v2\/posts\/29565","targetHints":{"allow":["GET"]}}],"collection":[{"href":"https:\/\/www.cidademarketing.com.br\/marketing\/wp-json\/wp\/v2\/posts"}],"about":[{"href":"https:\/\/www.cidademarketing.com.br\/marketing\/wp-json\/wp\/v2\/types\/post"}],"author":[{"embeddable":true,"href":"https:\/\/www.cidademarketing.com.br\/marketing\/wp-json\/wp\/v2\/users\/1"}],"replies":[{"embeddable":true,"href":"https:\/\/www.cidademarketing.com.br\/marketing\/wp-json\/wp\/v2\/comments?post=29565"}],"version-history":[{"count":1,"href":"https:\/\/www.cidademarketing.com.br\/marketing\/wp-json\/wp\/v2\/posts\/29565\/revisions"}],"predecessor-version":[{"id":29567,"href":"https:\/\/www.cidademarketing.com.br\/marketing\/wp-json\/wp\/v2\/posts\/29565\/revisions\/29567"}],"wp:featuredmedia":[{"embeddable":true,"href":"https:\/\/www.cidademarketing.com.br\/marketing\/wp-json\/wp\/v2\/media\/29566"}],"wp:attachment":[{"href":"https:\/\/www.cidademarketing.com.br\/marketing\/wp-json\/wp\/v2\/media?parent=29565"}],"wp:term":[{"taxonomy":"category","embeddable":true,"href":"https:\/\/www.cidademarketing.com.br\/marketing\/wp-json\/wp\/v2\/categories?post=29565"},{"taxonomy":"post_tag","embeddable":true,"href":"https:\/\/www.cidademarketing.com.br\/marketing\/wp-json\/wp\/v2\/tags?post=29565"}],"curies":[{"name":"wp","href":"https:\/\/api.w.org\/{rel}","templated":true}]}}