{"id":29555,"date":"2021-09-23T21:07:34","date_gmt":"2021-09-24T00:07:34","guid":{"rendered":"https:\/\/www.cidademarketing.com.br\/marketing\/?p=29555"},"modified":"2021-09-23T21:07:37","modified_gmt":"2021-09-24T00:07:37","slug":"advil-e-lia-clark-lancam-campanha-lgbtqia","status":"publish","type":"post","link":"https:\/\/www.cidademarketing.com.br\/marketing\/2021\/09\/23\/advil-e-lia-clark-lancam-campanha-lgbtqia\/","title":{"rendered":"Advil e Lia Clark lan\u00e7am campanha LGBTQIA+"},"content":{"rendered":"\n<p>Advil, marca da GSK Consumer Healthcare &#8211; empresa global de sa\u00fade presente no Brasil h\u00e1 mais de 110 anos &#8211; <strong>lan\u00e7a nesta quinta-feira (23) a campanha \u2018Voc\u00ea \u00e9 forte\u2019<\/strong>. A iniciativa, apoiada pela Associa\u00e7\u00e3o Brasileira de L\u00e9sbicas, Gays, Bissexuais, Travestis, Transexuais e Intersexos (ABGLT), traz um filme inspirado na hist\u00f3ria de dor e supera\u00e7\u00e3o da cantora e <em>drag queen<\/em> brasileira Lia Clark.<br><br>A produ\u00e7\u00e3o chega \u00e0s m\u00eddias digitais explorando a grandeza e a coragem de cada indiv\u00edduo ser quem, de fato, \u00e9. E, dessa vez, a dor f\u00edsica e o al\u00edvio por meio de Advil &#8211; marca n\u00ba1 do mundo &#8211; d\u00e3o espa\u00e7o para um di\u00e1logo mais amplo, abordando outros tipos de dores [as n\u00e3o f\u00edsicas] enfrentadas pela comunidade LGBTQIA+.<br><br>&#8220;Queremos provocar uma reflex\u00e3o coletiva sobre o \u00f3dio, a discrimina\u00e7\u00e3o e o preconceito que ferem milhares de brasileiros, diariamente. Dores que s\u00e3o, quase sempre, vividas em sil\u00eancio. Por isso, nossa causa \u00e9 em prol de uma sociedade onde a diversidade seja respeitada, com mais empatia, e, sobretudo, amor.&#8221;, disse Priscila Gama, gerente da Categoria de Pain &amp; Profit Brands.<\/p>\n\n\n\n<p><\/p>\n\n\n\n<figure class=\"wp-block-gallery columns-3 is-cropped wp-block-gallery-1 is-layout-flex wp-block-gallery-is-layout-flex\"><ul class=\"blocks-gallery-grid\"><li class=\"blocks-gallery-item\"><figure><img fetchpriority=\"high\" decoding=\"async\" width=\"682\" height=\"1024\" src=\"https:\/\/www.cidademarketing.com.br\/marketing\/wp-content\/uploads\/2021\/09\/Foto-Divulgacao_Advil-2-682x1024.jpg\" alt=\"\" data-id=\"29556\" data-full-url=\"https:\/\/www.cidademarketing.com.br\/marketing\/wp-content\/uploads\/2021\/09\/Foto-Divulgacao_Advil-2.jpg\" data-link=\"https:\/\/www.cidademarketing.com.br\/marketing\/?attachment_id=29556\" class=\"wp-image-29556\" srcset=\"https:\/\/www.cidademarketing.com.br\/marketing\/wp-content\/uploads\/2021\/09\/Foto-Divulgacao_Advil-2-682x1024.jpg 682w, https:\/\/www.cidademarketing.com.br\/marketing\/wp-content\/uploads\/2021\/09\/Foto-Divulgacao_Advil-2-200x300.jpg 200w, https:\/\/www.cidademarketing.com.br\/marketing\/wp-content\/uploads\/2021\/09\/Foto-Divulgacao_Advil-2-768x1152.jpg 768w, https:\/\/www.cidademarketing.com.br\/marketing\/wp-content\/uploads\/2021\/09\/Foto-Divulgacao_Advil-2-280x420.jpg 280w, https:\/\/www.cidademarketing.com.br\/marketing\/wp-content\/uploads\/2021\/09\/Foto-Divulgacao_Advil-2-640x960.jpg 640w, https:\/\/www.cidademarketing.com.br\/marketing\/wp-content\/uploads\/2021\/09\/Foto-Divulgacao_Advil-2-681x1022.jpg 681w, https:\/\/www.cidademarketing.com.br\/marketing\/wp-content\/uploads\/2021\/09\/Foto-Divulgacao_Advil-2.jpg 853w\" sizes=\"(max-width: 682px) 100vw, 682px\" \/><\/figure><\/li><li class=\"blocks-gallery-item\"><figure><img decoding=\"async\" width=\"682\" height=\"1024\" src=\"https:\/\/www.cidademarketing.com.br\/marketing\/wp-content\/uploads\/2021\/09\/Foto-Divulgacao_Advil-3-682x1024.jpg\" alt=\"\" data-id=\"29557\" data-full-url=\"https:\/\/www.cidademarketing.com.br\/marketing\/wp-content\/uploads\/2021\/09\/Foto-Divulgacao_Advil-3.jpg\" data-link=\"https:\/\/www.cidademarketing.com.br\/marketing\/?attachment_id=29557\" class=\"wp-image-29557\" srcset=\"https:\/\/www.cidademarketing.com.br\/marketing\/wp-content\/uploads\/2021\/09\/Foto-Divulgacao_Advil-3-682x1024.jpg 682w, https:\/\/www.cidademarketing.com.br\/marketing\/wp-content\/uploads\/2021\/09\/Foto-Divulgacao_Advil-3-200x300.jpg 200w, https:\/\/www.cidademarketing.com.br\/marketing\/wp-content\/uploads\/2021\/09\/Foto-Divulgacao_Advil-3-768x1152.jpg 768w, https:\/\/www.cidademarketing.com.br\/marketing\/wp-content\/uploads\/2021\/09\/Foto-Divulgacao_Advil-3-280x420.jpg 280w, https:\/\/www.cidademarketing.com.br\/marketing\/wp-content\/uploads\/2021\/09\/Foto-Divulgacao_Advil-3-640x960.jpg 640w, https:\/\/www.cidademarketing.com.br\/marketing\/wp-content\/uploads\/2021\/09\/Foto-Divulgacao_Advil-3-681x1022.jpg 681w, https:\/\/www.cidademarketing.com.br\/marketing\/wp-content\/uploads\/2021\/09\/Foto-Divulgacao_Advil-3.jpg 853w\" sizes=\"(max-width: 682px) 100vw, 682px\" \/><\/figure><\/li><li class=\"blocks-gallery-item\"><figure><img decoding=\"async\" width=\"1024\" height=\"682\" src=\"https:\/\/www.cidademarketing.com.br\/marketing\/wp-content\/uploads\/2021\/09\/Foto-Divulgacao_Advil-4-1024x682.jpg\" alt=\"\" data-id=\"29558\" data-full-url=\"https:\/\/www.cidademarketing.com.br\/marketing\/wp-content\/uploads\/2021\/09\/Foto-Divulgacao_Advil-4.jpg\" data-link=\"https:\/\/www.cidademarketing.com.br\/marketing\/?attachment_id=29558\" class=\"wp-image-29558\" srcset=\"https:\/\/www.cidademarketing.com.br\/marketing\/wp-content\/uploads\/2021\/09\/Foto-Divulgacao_Advil-4-1024x682.jpg 1024w, https:\/\/www.cidademarketing.com.br\/marketing\/wp-content\/uploads\/2021\/09\/Foto-Divulgacao_Advil-4-300x200.jpg 300w, https:\/\/www.cidademarketing.com.br\/marketing\/wp-content\/uploads\/2021\/09\/Foto-Divulgacao_Advil-4-768x512.jpg 768w, https:\/\/www.cidademarketing.com.br\/marketing\/wp-content\/uploads\/2021\/09\/Foto-Divulgacao_Advil-4-630x420.jpg 630w, https:\/\/www.cidademarketing.com.br\/marketing\/wp-content\/uploads\/2021\/09\/Foto-Divulgacao_Advil-4-640x427.jpg 640w, https:\/\/www.cidademarketing.com.br\/marketing\/wp-content\/uploads\/2021\/09\/Foto-Divulgacao_Advil-4-681x454.jpg 681w, https:\/\/www.cidademarketing.com.br\/marketing\/wp-content\/uploads\/2021\/09\/Foto-Divulgacao_Advil-4.jpg 1280w\" sizes=\"(max-width: 1024px) 100vw, 1024px\" \/><\/figure><\/li><\/ul><\/figure>\n\n\n\n<p><br><br>Em 90&#8243;, o filme retrata como uma das maiores representantes da cena musical LGBTQIA+ transformou sua hist\u00f3ria de dor em supera\u00e7\u00e3o, trazendo a mensagem \u2018Voc\u00ea \u00e9 mais forte que o \u00f3dio. Voc\u00ea \u00e9 mais forte que a discrimina\u00e7\u00e3o. Voc\u00ea \u00e9 forte\u2019.<br><br>&#8220;J\u00e1 sofri muito com o preconceito. Hoje, me sinto privilegiada de poder me unir a uma causa pra lutar contra tudo isso. E abrir espa\u00e7o para falar sobre a diversidade \u00e9 extremamente necess\u00e1rio, porque a intoler\u00e2ncia est\u00e1 a\u00ed, ela existe e machuca. As pessoas precisam se permitir conhecer e ouvir o outro, e entender que toda forma de amor \u00e9 v\u00e1lida&#8221;, contou Lia Clark.<br><br>A import\u00e2ncia de falar sobre a causa \u00e9 refor\u00e7ada pelo Alto Comissariado das Na\u00e7\u00f5es Unidas para os Direitos Humanos (ACNUDH), onde o Brasil ocupa a quinta posi\u00e7\u00e3o no ranking mundial de feminic\u00eddio e est\u00e1 no topo do ranking dos pa\u00edses mais violentos para pessoas transexuais.<br><br>&#8220;Cada vez que conseguimos colocar em pauta o enfrentamento \u00e0 ignor\u00e2ncia do preconceito, seja atuando em campanhas como esta, nas escolas, nas comunidades, na m\u00eddia, a gente vai mudando a sociedade. Cada vez que uma de n\u00f3s brilha em algum lugar, a vit\u00f3ria \u00e9 de todas n\u00f3s que estamos aqui resistindo&#8221;, disse a paraense Symmy Larrat, mulher trans, jornalista e presidenta da ABGLT.<br><br><br><strong>Uma causa dentro de casa<\/strong><br>A GSK Consumer Healthcare (CH) tem abordado, cada vez mais, temas como diversidade e inclus\u00e3o em suas campanhas e comunica\u00e7\u00f5es, a fim de refor\u00e7ar mensagens contra os diversos tipos de viol\u00eancia que envolvem a comunidade LGBTQIA+. Entre as a\u00e7\u00f5es mais recentes, destaque para a campanha \u2018Ningu\u00e9m Cala Esse Nosso Amor\u2019, realizada em parceria com o time carioca Botafogo de Futebol e Regatas, contra a LGBTfobia e a intoler\u00e2ncia no esporte.<br>Apoiar comunidades e abra\u00e7ar a diversidade est\u00e1, inclusive, nos valores declarados pela empresa. Por isso, conta com projetos e a\u00e7\u00f5es como a Semana da Inclus\u00e3o e Diversidade (Be You Week), Grupos de Afinidade de Funcion\u00e1rios (ERGs), Programa de Resili\u00eancia, entre outros, que possibilitam o envolvimento dos colaboradores em pautas importantes como estas.<br><br><\/p>\n\n\n\n<figure class=\"wp-block-embed is-type-video is-provider-youtube wp-block-embed-youtube wp-embed-aspect-16-9 wp-has-aspect-ratio\"><div class=\"wp-block-embed__wrapper\">\n<div class=\"youtube-embed\" data-video_id=\"s1cXpkB0gx4\"><iframe title=\"Advil \u2013 Voc\u00ea \u00e9 Forte\" width=\"640\" height=\"360\" src=\"https:\/\/www.youtube.com\/embed\/s1cXpkB0gx4?feature=oembed&#038;enablejsapi=1\" frameborder=\"0\" allow=\"accelerometer; autoplay; clipboard-write; encrypted-media; gyroscope; picture-in-picture; web-share\" referrerpolicy=\"strict-origin-when-cross-origin\" allowfullscreen><\/iframe><\/div>\n<\/div><\/figure>\n\n\n\n<p><br><strong>Ficha t\u00e9cnica<\/strong><br>T\u00edtulo: Voc\u00ea \u00e9 forte<br><strong>Dura\u00e7\u00e3o<\/strong>: 90&#8243;<br><strong>Produto<\/strong>: Advil<br><strong>Cliente<\/strong>: GSK<br><strong>Ag\u00eancia<\/strong>: Brand Advance<br><\/p>\n","protected":false},"excerpt":{"rendered":"<p>Advil, marca da GSK Consumer Healthcare &#8211; empresa global de sa\u00fade presente no Brasil h\u00e1 mais de 110 anos &#8211; lan\u00e7a nesta quinta-feira (23) a campanha \u2018Voc\u00ea \u00e9 forte\u2019. A iniciativa, apoiada pela Associa\u00e7\u00e3o Brasileira de L\u00e9sbicas, Gays, Bissexuais, Travestis, Transexuais e Intersexos (ABGLT), traz um filme inspirado na hist\u00f3ria de dor e supera\u00e7\u00e3o da [&hellip;]<\/p>\n","protected":false},"author":1,"featured_media":29559,"comment_status":"open","ping_status":"open","sticky":false,"template":"","format":"standard","meta":{"tdm_status":"","tdm_grid_status":"","footnotes":""},"categories":[6],"tags":[4616,65,33,4615,28],"class_list":["post-29555","post","type-post","status-publish","format-standard","has-post-thumbnail","hentry","category-noticias","tag-advil","tag-campanha","tag-estrategia","tag-lia-clark","tag-marketing"],"yoast_head":"<!-- This site is optimized with the Yoast SEO plugin v27.5 - https:\/\/yoast.com\/product\/yoast-seo-wordpress\/ -->\n<title>Advil e Lia Clark lan\u00e7am campanha LGBTQIA+ - CidadeMarketing<\/title>\n<meta name=\"robots\" content=\"index, follow, max-snippet:-1, max-image-preview:large, max-video-preview:-1\" \/>\n<link rel=\"canonical\" href=\"https:\/\/www.cidademarketing.com.br\/marketing\/2021\/09\/23\/advil-e-lia-clark-lancam-campanha-lgbtqia\/\" \/>\n<meta property=\"og:locale\" content=\"pt_BR\" \/>\n<meta property=\"og:type\" content=\"article\" \/>\n<meta property=\"og:title\" content=\"Advil e Lia Clark lan\u00e7am campanha LGBTQIA+ - CidadeMarketing\" \/>\n<meta property=\"og:description\" content=\"Advil, marca da GSK Consumer Healthcare &#8211; empresa global de sa\u00fade presente no Brasil h\u00e1 mais de 110 anos &#8211; lan\u00e7a nesta quinta-feira (23) a campanha \u2018Voc\u00ea \u00e9 forte\u2019. A iniciativa, apoiada pela Associa\u00e7\u00e3o Brasileira de L\u00e9sbicas, Gays, Bissexuais, Travestis, Transexuais e Intersexos (ABGLT), traz um filme inspirado na hist\u00f3ria de dor e supera\u00e7\u00e3o da [&hellip;]\" \/>\n<meta property=\"og:url\" content=\"https:\/\/www.cidademarketing.com.br\/marketing\/2021\/09\/23\/advil-e-lia-clark-lancam-campanha-lgbtqia\/\" \/>\n<meta property=\"og:site_name\" content=\"CidadeMarketing\" \/>\n<meta property=\"article:publisher\" content=\"https:\/\/www.facebook.com\/portalcidademarketing\" \/>\n<meta property=\"article:author\" content=\"https:\/\/www.facebook.com\/thalesbrandao\" \/>\n<meta property=\"article:published_time\" content=\"2021-09-24T00:07:34+00:00\" \/>\n<meta property=\"article:modified_time\" content=\"2021-09-24T00:07:37+00:00\" \/>\n<meta property=\"og:image\" content=\"https:\/\/www.cidademarketing.com.br\/marketing\/wp-content\/uploads\/2021\/09\/Foto-Divulgacao_Advil-5.jpg\" \/>\n\t<meta property=\"og:image:width\" content=\"852\" \/>\n\t<meta property=\"og:image:height\" content=\"788\" \/>\n\t<meta property=\"og:image:type\" content=\"image\/jpeg\" \/>\n<meta name=\"author\" content=\"Thales Brand\u00e3o\" \/>\n<meta name=\"twitter:card\" content=\"summary_large_image\" \/>\n<meta name=\"twitter:creator\" content=\"@http:\/\/www.twitter.com\/thalesbrandao\" \/>\n<meta name=\"twitter:site\" content=\"@CidadeMarketing\" \/>\n<meta name=\"twitter:label1\" content=\"Escrito por\" \/>\n\t<meta name=\"twitter:data1\" content=\"Thales Brand\u00e3o\" \/>\n\t<meta name=\"twitter:label2\" content=\"Est. tempo de leitura\" \/>\n\t<meta name=\"twitter:data2\" content=\"3 minutos\" \/>\n<script type=\"application\/ld+json\" class=\"yoast-schema-graph\">{\"@context\":\"https:\\\/\\\/schema.org\",\"@graph\":[{\"@type\":\"Article\",\"@id\":\"https:\\\/\\\/www.cidademarketing.com.br\\\/marketing\\\/2021\\\/09\\\/23\\\/advil-e-lia-clark-lancam-campanha-lgbtqia\\\/#article\",\"isPartOf\":{\"@id\":\"https:\\\/\\\/www.cidademarketing.com.br\\\/marketing\\\/2021\\\/09\\\/23\\\/advil-e-lia-clark-lancam-campanha-lgbtqia\\\/\"},\"author\":{\"name\":\"Thales Brand\u00e3o\",\"@id\":\"https:\\\/\\\/www.cidademarketing.com.br\\\/marketing\\\/#\\\/schema\\\/person\\\/02daff9f18bd9378c9e01eb6b2db155f\"},\"headline\":\"Advil e Lia Clark lan\u00e7am campanha LGBTQIA+\",\"datePublished\":\"2021-09-24T00:07:34+00:00\",\"dateModified\":\"2021-09-24T00:07:37+00:00\",\"mainEntityOfPage\":{\"@id\":\"https:\\\/\\\/www.cidademarketing.com.br\\\/marketing\\\/2021\\\/09\\\/23\\\/advil-e-lia-clark-lancam-campanha-lgbtqia\\\/\"},\"wordCount\":589,\"commentCount\":0,\"publisher\":{\"@id\":\"https:\\\/\\\/www.cidademarketing.com.br\\\/marketing\\\/#organization\"},\"image\":{\"@id\":\"https:\\\/\\\/www.cidademarketing.com.br\\\/marketing\\\/2021\\\/09\\\/23\\\/advil-e-lia-clark-lancam-campanha-lgbtqia\\\/#primaryimage\"},\"thumbnailUrl\":\"https:\\\/\\\/www.cidademarketing.com.br\\\/marketing\\\/wp-content\\\/uploads\\\/2021\\\/09\\\/Foto-Divulgacao_Advil-5.jpg\",\"keywords\":[\"Advil\",\"campanha\",\"estrat\u00e9gia\",\"Lia Clark\",\"marketing\"],\"articleSection\":[\"Not\u00edcias\"],\"inLanguage\":\"pt-BR\",\"potentialAction\":[{\"@type\":\"CommentAction\",\"name\":\"Comment\",\"target\":[\"https:\\\/\\\/www.cidademarketing.com.br\\\/marketing\\\/2021\\\/09\\\/23\\\/advil-e-lia-clark-lancam-campanha-lgbtqia\\\/#respond\"]}]},{\"@type\":\"WebPage\",\"@id\":\"https:\\\/\\\/www.cidademarketing.com.br\\\/marketing\\\/2021\\\/09\\\/23\\\/advil-e-lia-clark-lancam-campanha-lgbtqia\\\/\",\"url\":\"https:\\\/\\\/www.cidademarketing.com.br\\\/marketing\\\/2021\\\/09\\\/23\\\/advil-e-lia-clark-lancam-campanha-lgbtqia\\\/\",\"name\":\"Advil e Lia Clark lan\u00e7am campanha LGBTQIA+ - CidadeMarketing\",\"isPartOf\":{\"@id\":\"https:\\\/\\\/www.cidademarketing.com.br\\\/marketing\\\/#website\"},\"primaryImageOfPage\":{\"@id\":\"https:\\\/\\\/www.cidademarketing.com.br\\\/marketing\\\/2021\\\/09\\\/23\\\/advil-e-lia-clark-lancam-campanha-lgbtqia\\\/#primaryimage\"},\"image\":{\"@id\":\"https:\\\/\\\/www.cidademarketing.com.br\\\/marketing\\\/2021\\\/09\\\/23\\\/advil-e-lia-clark-lancam-campanha-lgbtqia\\\/#primaryimage\"},\"thumbnailUrl\":\"https:\\\/\\\/www.cidademarketing.com.br\\\/marketing\\\/wp-content\\\/uploads\\\/2021\\\/09\\\/Foto-Divulgacao_Advil-5.jpg\",\"datePublished\":\"2021-09-24T00:07:34+00:00\",\"dateModified\":\"2021-09-24T00:07:37+00:00\",\"breadcrumb\":{\"@id\":\"https:\\\/\\\/www.cidademarketing.com.br\\\/marketing\\\/2021\\\/09\\\/23\\\/advil-e-lia-clark-lancam-campanha-lgbtqia\\\/#breadcrumb\"},\"inLanguage\":\"pt-BR\",\"potentialAction\":[{\"@type\":\"ReadAction\",\"target\":[\"https:\\\/\\\/www.cidademarketing.com.br\\\/marketing\\\/2021\\\/09\\\/23\\\/advil-e-lia-clark-lancam-campanha-lgbtqia\\\/\"]}]},{\"@type\":\"ImageObject\",\"inLanguage\":\"pt-BR\",\"@id\":\"https:\\\/\\\/www.cidademarketing.com.br\\\/marketing\\\/2021\\\/09\\\/23\\\/advil-e-lia-clark-lancam-campanha-lgbtqia\\\/#primaryimage\",\"url\":\"https:\\\/\\\/www.cidademarketing.com.br\\\/marketing\\\/wp-content\\\/uploads\\\/2021\\\/09\\\/Foto-Divulgacao_Advil-5.jpg\",\"contentUrl\":\"https:\\\/\\\/www.cidademarketing.com.br\\\/marketing\\\/wp-content\\\/uploads\\\/2021\\\/09\\\/Foto-Divulgacao_Advil-5.jpg\",\"width\":852,\"height\":788},{\"@type\":\"BreadcrumbList\",\"@id\":\"https:\\\/\\\/www.cidademarketing.com.br\\\/marketing\\\/2021\\\/09\\\/23\\\/advil-e-lia-clark-lancam-campanha-lgbtqia\\\/#breadcrumb\",\"itemListElement\":[{\"@type\":\"ListItem\",\"position\":1,\"name\":\"In\u00edcio\",\"item\":\"https:\\\/\\\/www.cidademarketing.com.br\\\/marketing\\\/\"},{\"@type\":\"ListItem\",\"position\":2,\"name\":\"Advil e Lia Clark lan\u00e7am campanha LGBTQIA+\"}]},{\"@type\":\"WebSite\",\"@id\":\"https:\\\/\\\/www.cidademarketing.com.br\\\/marketing\\\/#website\",\"url\":\"https:\\\/\\\/www.cidademarketing.com.br\\\/marketing\\\/\",\"name\":\"CidadeMarketing\",\"description\":\"Somos um ve\u00edculo de comunica\u00e7\u00e3o de destaque no Brasil, reconhecido por conte\u00fados nos segmentos de marketing, empreendedorismo e inova\u00e7\u00e3o.\",\"publisher\":{\"@id\":\"https:\\\/\\\/www.cidademarketing.com.br\\\/marketing\\\/#organization\"},\"alternateName\":\"CidadeMarketing\",\"potentialAction\":[{\"@type\":\"SearchAction\",\"target\":{\"@type\":\"EntryPoint\",\"urlTemplate\":\"https:\\\/\\\/www.cidademarketing.com.br\\\/marketing\\\/?s={search_term_string}\"},\"query-input\":{\"@type\":\"PropertyValueSpecification\",\"valueRequired\":true,\"valueName\":\"search_term_string\"}}],\"inLanguage\":\"pt-BR\"},{\"@type\":\"Organization\",\"@id\":\"https:\\\/\\\/www.cidademarketing.com.br\\\/marketing\\\/#organization\",\"name\":\"CidadeMarketing\",\"alternateName\":\"CidadeMarketing\",\"url\":\"https:\\\/\\\/www.cidademarketing.com.br\\\/marketing\\\/\",\"logo\":{\"@type\":\"ImageObject\",\"inLanguage\":\"pt-BR\",\"@id\":\"https:\\\/\\\/www.cidademarketing.com.br\\\/marketing\\\/#\\\/schema\\\/logo\\\/image\\\/\",\"url\":\"https:\\\/\\\/www.cidademarketing.com.br\\\/marketing\\\/wp-content\\\/uploads\\\/2020\\\/01\\\/cidademarketing_marca_mobile.png\",\"contentUrl\":\"https:\\\/\\\/www.cidademarketing.com.br\\\/marketing\\\/wp-content\\\/uploads\\\/2020\\\/01\\\/cidademarketing_marca_mobile.png\",\"width\":230,\"height\":92,\"caption\":\"CidadeMarketing\"},\"image\":{\"@id\":\"https:\\\/\\\/www.cidademarketing.com.br\\\/marketing\\\/#\\\/schema\\\/logo\\\/image\\\/\"},\"sameAs\":[\"https:\\\/\\\/www.facebook.com\\\/portalcidademarketing\",\"https:\\\/\\\/x.com\\\/CidadeMarketing\",\"https:\\\/\\\/www.instagram.com\\\/cidademarketing\\\/\"]},{\"@type\":\"Person\",\"@id\":\"https:\\\/\\\/www.cidademarketing.com.br\\\/marketing\\\/#\\\/schema\\\/person\\\/02daff9f18bd9378c9e01eb6b2db155f\",\"name\":\"Thales Brand\u00e3o\",\"image\":{\"@type\":\"ImageObject\",\"inLanguage\":\"pt-BR\",\"@id\":\"https:\\\/\\\/secure.gravatar.com\\\/avatar\\\/7ca3206950207cc3cb48feec56a8a7898741ab725c368d99d5d7a5a50aab80c6?s=96&d=mm&r=g\",\"url\":\"https:\\\/\\\/secure.gravatar.com\\\/avatar\\\/7ca3206950207cc3cb48feec56a8a7898741ab725c368d99d5d7a5a50aab80c6?s=96&d=mm&r=g\",\"contentUrl\":\"https:\\\/\\\/secure.gravatar.com\\\/avatar\\\/7ca3206950207cc3cb48feec56a8a7898741ab725c368d99d5d7a5a50aab80c6?s=96&d=mm&r=g\",\"caption\":\"Thales Brand\u00e3o\"},\"description\":\"Editor Executivo do Portal CidadeMarketing.com.br &gt; Mestre em Comunica\u00e7\u00e3o e Sociedade pela Universidade Federal de Sergipe. Possui MBA Executivo em Administra\u00e7\u00e3o com \u00eanfase em Marketing pela Funda\u00e7\u00e3o Get\u00falio Vargas - Rio de Janeiro. Consultor, Palestrante e Pesquisador sobre Empreendedorismo, Marketing, Redes Sociais e Neg\u00f3cios Digitais. Professor, Palestrante TedxTalks e Campus Party. Twitter: @ThalesBrandao\",\"sameAs\":[\"http:\\\/\\\/www.mandacaru.com.br\",\"https:\\\/\\\/www.facebook.com\\\/thalesbrandao\",\"http:\\\/\\\/www.instagram.com.br\\\/thalesbrandaoferreira\",\"https:\\\/\\\/www.linkedin.com\\\/in\\\/thales-brand\u00e3o-3948609\\\/\",\"https:\\\/\\\/x.com\\\/http:\\\/\\\/www.twitter.com\\\/thalesbrandao\"],\"url\":\"https:\\\/\\\/www.cidademarketing.com.br\\\/marketing\\\/author\\\/thalesbrandao\\\/\"}]}<\/script>\n<!-- \/ Yoast SEO plugin. -->","yoast_head_json":{"title":"Advil e Lia Clark lan\u00e7am campanha LGBTQIA+ - CidadeMarketing","robots":{"index":"index","follow":"follow","max-snippet":"max-snippet:-1","max-image-preview":"max-image-preview:large","max-video-preview":"max-video-preview:-1"},"canonical":"https:\/\/www.cidademarketing.com.br\/marketing\/2021\/09\/23\/advil-e-lia-clark-lancam-campanha-lgbtqia\/","og_locale":"pt_BR","og_type":"article","og_title":"Advil e Lia Clark lan\u00e7am campanha LGBTQIA+ - CidadeMarketing","og_description":"Advil, marca da GSK Consumer Healthcare &#8211; empresa global de sa\u00fade presente no Brasil h\u00e1 mais de 110 anos &#8211; lan\u00e7a nesta quinta-feira (23) a campanha \u2018Voc\u00ea \u00e9 forte\u2019. A iniciativa, apoiada pela Associa\u00e7\u00e3o Brasileira de L\u00e9sbicas, Gays, Bissexuais, Travestis, Transexuais e Intersexos (ABGLT), traz um filme inspirado na hist\u00f3ria de dor e supera\u00e7\u00e3o da [&hellip;]","og_url":"https:\/\/www.cidademarketing.com.br\/marketing\/2021\/09\/23\/advil-e-lia-clark-lancam-campanha-lgbtqia\/","og_site_name":"CidadeMarketing","article_publisher":"https:\/\/www.facebook.com\/portalcidademarketing","article_author":"https:\/\/www.facebook.com\/thalesbrandao","article_published_time":"2021-09-24T00:07:34+00:00","article_modified_time":"2021-09-24T00:07:37+00:00","og_image":[{"width":852,"height":788,"url":"https:\/\/www.cidademarketing.com.br\/marketing\/wp-content\/uploads\/2021\/09\/Foto-Divulgacao_Advil-5.jpg","type":"image\/jpeg"}],"author":"Thales Brand\u00e3o","twitter_card":"summary_large_image","twitter_creator":"@http:\/\/www.twitter.com\/thalesbrandao","twitter_site":"@CidadeMarketing","twitter_misc":{"Escrito por":"Thales Brand\u00e3o","Est. tempo de leitura":"3 minutos"},"schema":{"@context":"https:\/\/schema.org","@graph":[{"@type":"Article","@id":"https:\/\/www.cidademarketing.com.br\/marketing\/2021\/09\/23\/advil-e-lia-clark-lancam-campanha-lgbtqia\/#article","isPartOf":{"@id":"https:\/\/www.cidademarketing.com.br\/marketing\/2021\/09\/23\/advil-e-lia-clark-lancam-campanha-lgbtqia\/"},"author":{"name":"Thales Brand\u00e3o","@id":"https:\/\/www.cidademarketing.com.br\/marketing\/#\/schema\/person\/02daff9f18bd9378c9e01eb6b2db155f"},"headline":"Advil e Lia Clark lan\u00e7am campanha LGBTQIA+","datePublished":"2021-09-24T00:07:34+00:00","dateModified":"2021-09-24T00:07:37+00:00","mainEntityOfPage":{"@id":"https:\/\/www.cidademarketing.com.br\/marketing\/2021\/09\/23\/advil-e-lia-clark-lancam-campanha-lgbtqia\/"},"wordCount":589,"commentCount":0,"publisher":{"@id":"https:\/\/www.cidademarketing.com.br\/marketing\/#organization"},"image":{"@id":"https:\/\/www.cidademarketing.com.br\/marketing\/2021\/09\/23\/advil-e-lia-clark-lancam-campanha-lgbtqia\/#primaryimage"},"thumbnailUrl":"https:\/\/www.cidademarketing.com.br\/marketing\/wp-content\/uploads\/2021\/09\/Foto-Divulgacao_Advil-5.jpg","keywords":["Advil","campanha","estrat\u00e9gia","Lia Clark","marketing"],"articleSection":["Not\u00edcias"],"inLanguage":"pt-BR","potentialAction":[{"@type":"CommentAction","name":"Comment","target":["https:\/\/www.cidademarketing.com.br\/marketing\/2021\/09\/23\/advil-e-lia-clark-lancam-campanha-lgbtqia\/#respond"]}]},{"@type":"WebPage","@id":"https:\/\/www.cidademarketing.com.br\/marketing\/2021\/09\/23\/advil-e-lia-clark-lancam-campanha-lgbtqia\/","url":"https:\/\/www.cidademarketing.com.br\/marketing\/2021\/09\/23\/advil-e-lia-clark-lancam-campanha-lgbtqia\/","name":"Advil e Lia Clark lan\u00e7am campanha LGBTQIA+ - CidadeMarketing","isPartOf":{"@id":"https:\/\/www.cidademarketing.com.br\/marketing\/#website"},"primaryImageOfPage":{"@id":"https:\/\/www.cidademarketing.com.br\/marketing\/2021\/09\/23\/advil-e-lia-clark-lancam-campanha-lgbtqia\/#primaryimage"},"image":{"@id":"https:\/\/www.cidademarketing.com.br\/marketing\/2021\/09\/23\/advil-e-lia-clark-lancam-campanha-lgbtqia\/#primaryimage"},"thumbnailUrl":"https:\/\/www.cidademarketing.com.br\/marketing\/wp-content\/uploads\/2021\/09\/Foto-Divulgacao_Advil-5.jpg","datePublished":"2021-09-24T00:07:34+00:00","dateModified":"2021-09-24T00:07:37+00:00","breadcrumb":{"@id":"https:\/\/www.cidademarketing.com.br\/marketing\/2021\/09\/23\/advil-e-lia-clark-lancam-campanha-lgbtqia\/#breadcrumb"},"inLanguage":"pt-BR","potentialAction":[{"@type":"ReadAction","target":["https:\/\/www.cidademarketing.com.br\/marketing\/2021\/09\/23\/advil-e-lia-clark-lancam-campanha-lgbtqia\/"]}]},{"@type":"ImageObject","inLanguage":"pt-BR","@id":"https:\/\/www.cidademarketing.com.br\/marketing\/2021\/09\/23\/advil-e-lia-clark-lancam-campanha-lgbtqia\/#primaryimage","url":"https:\/\/www.cidademarketing.com.br\/marketing\/wp-content\/uploads\/2021\/09\/Foto-Divulgacao_Advil-5.jpg","contentUrl":"https:\/\/www.cidademarketing.com.br\/marketing\/wp-content\/uploads\/2021\/09\/Foto-Divulgacao_Advil-5.jpg","width":852,"height":788},{"@type":"BreadcrumbList","@id":"https:\/\/www.cidademarketing.com.br\/marketing\/2021\/09\/23\/advil-e-lia-clark-lancam-campanha-lgbtqia\/#breadcrumb","itemListElement":[{"@type":"ListItem","position":1,"name":"In\u00edcio","item":"https:\/\/www.cidademarketing.com.br\/marketing\/"},{"@type":"ListItem","position":2,"name":"Advil e Lia Clark lan\u00e7am campanha LGBTQIA+"}]},{"@type":"WebSite","@id":"https:\/\/www.cidademarketing.com.br\/marketing\/#website","url":"https:\/\/www.cidademarketing.com.br\/marketing\/","name":"CidadeMarketing","description":"Somos um ve\u00edculo de comunica\u00e7\u00e3o de destaque no Brasil, reconhecido por conte\u00fados nos segmentos de marketing, empreendedorismo e inova\u00e7\u00e3o.","publisher":{"@id":"https:\/\/www.cidademarketing.com.br\/marketing\/#organization"},"alternateName":"CidadeMarketing","potentialAction":[{"@type":"SearchAction","target":{"@type":"EntryPoint","urlTemplate":"https:\/\/www.cidademarketing.com.br\/marketing\/?s={search_term_string}"},"query-input":{"@type":"PropertyValueSpecification","valueRequired":true,"valueName":"search_term_string"}}],"inLanguage":"pt-BR"},{"@type":"Organization","@id":"https:\/\/www.cidademarketing.com.br\/marketing\/#organization","name":"CidadeMarketing","alternateName":"CidadeMarketing","url":"https:\/\/www.cidademarketing.com.br\/marketing\/","logo":{"@type":"ImageObject","inLanguage":"pt-BR","@id":"https:\/\/www.cidademarketing.com.br\/marketing\/#\/schema\/logo\/image\/","url":"https:\/\/www.cidademarketing.com.br\/marketing\/wp-content\/uploads\/2020\/01\/cidademarketing_marca_mobile.png","contentUrl":"https:\/\/www.cidademarketing.com.br\/marketing\/wp-content\/uploads\/2020\/01\/cidademarketing_marca_mobile.png","width":230,"height":92,"caption":"CidadeMarketing"},"image":{"@id":"https:\/\/www.cidademarketing.com.br\/marketing\/#\/schema\/logo\/image\/"},"sameAs":["https:\/\/www.facebook.com\/portalcidademarketing","https:\/\/x.com\/CidadeMarketing","https:\/\/www.instagram.com\/cidademarketing\/"]},{"@type":"Person","@id":"https:\/\/www.cidademarketing.com.br\/marketing\/#\/schema\/person\/02daff9f18bd9378c9e01eb6b2db155f","name":"Thales Brand\u00e3o","image":{"@type":"ImageObject","inLanguage":"pt-BR","@id":"https:\/\/secure.gravatar.com\/avatar\/7ca3206950207cc3cb48feec56a8a7898741ab725c368d99d5d7a5a50aab80c6?s=96&d=mm&r=g","url":"https:\/\/secure.gravatar.com\/avatar\/7ca3206950207cc3cb48feec56a8a7898741ab725c368d99d5d7a5a50aab80c6?s=96&d=mm&r=g","contentUrl":"https:\/\/secure.gravatar.com\/avatar\/7ca3206950207cc3cb48feec56a8a7898741ab725c368d99d5d7a5a50aab80c6?s=96&d=mm&r=g","caption":"Thales Brand\u00e3o"},"description":"Editor Executivo do Portal CidadeMarketing.com.br &gt; Mestre em Comunica\u00e7\u00e3o e Sociedade pela Universidade Federal de Sergipe. Possui MBA Executivo em Administra\u00e7\u00e3o com \u00eanfase em Marketing pela Funda\u00e7\u00e3o Get\u00falio Vargas - Rio de Janeiro. Consultor, Palestrante e Pesquisador sobre Empreendedorismo, Marketing, Redes Sociais e Neg\u00f3cios Digitais. Professor, Palestrante TedxTalks e Campus Party. Twitter: @ThalesBrandao","sameAs":["http:\/\/www.mandacaru.com.br","https:\/\/www.facebook.com\/thalesbrandao","http:\/\/www.instagram.com.br\/thalesbrandaoferreira","https:\/\/www.linkedin.com\/in\/thales-brand\u00e3o-3948609\/","https:\/\/x.com\/http:\/\/www.twitter.com\/thalesbrandao"],"url":"https:\/\/www.cidademarketing.com.br\/marketing\/author\/thalesbrandao\/"}]}},"amp_enabled":true,"_links":{"self":[{"href":"https:\/\/www.cidademarketing.com.br\/marketing\/wp-json\/wp\/v2\/posts\/29555","targetHints":{"allow":["GET"]}}],"collection":[{"href":"https:\/\/www.cidademarketing.com.br\/marketing\/wp-json\/wp\/v2\/posts"}],"about":[{"href":"https:\/\/www.cidademarketing.com.br\/marketing\/wp-json\/wp\/v2\/types\/post"}],"author":[{"embeddable":true,"href":"https:\/\/www.cidademarketing.com.br\/marketing\/wp-json\/wp\/v2\/users\/1"}],"replies":[{"embeddable":true,"href":"https:\/\/www.cidademarketing.com.br\/marketing\/wp-json\/wp\/v2\/comments?post=29555"}],"version-history":[{"count":1,"href":"https:\/\/www.cidademarketing.com.br\/marketing\/wp-json\/wp\/v2\/posts\/29555\/revisions"}],"predecessor-version":[{"id":29560,"href":"https:\/\/www.cidademarketing.com.br\/marketing\/wp-json\/wp\/v2\/posts\/29555\/revisions\/29560"}],"wp:featuredmedia":[{"embeddable":true,"href":"https:\/\/www.cidademarketing.com.br\/marketing\/wp-json\/wp\/v2\/media\/29559"}],"wp:attachment":[{"href":"https:\/\/www.cidademarketing.com.br\/marketing\/wp-json\/wp\/v2\/media?parent=29555"}],"wp:term":[{"taxonomy":"category","embeddable":true,"href":"https:\/\/www.cidademarketing.com.br\/marketing\/wp-json\/wp\/v2\/categories?post=29555"},{"taxonomy":"post_tag","embeddable":true,"href":"https:\/\/www.cidademarketing.com.br\/marketing\/wp-json\/wp\/v2\/tags?post=29555"}],"curies":[{"name":"wp","href":"https:\/\/api.w.org\/{rel}","templated":true}]}}