{"id":29334,"date":"2021-09-20T10:47:43","date_gmt":"2021-09-20T13:47:43","guid":{"rendered":"https:\/\/www.cidademarketing.com.br\/marketing\/?p=29334"},"modified":"2021-09-20T10:47:46","modified_gmt":"2021-09-20T13:47:46","slug":"citroen-lanca-acao-promocional-para-suv-c4-cactus","status":"publish","type":"post","link":"https:\/\/www.cidademarketing.com.br\/marketing\/2021\/09\/20\/citroen-lanca-acao-promocional-para-suv-c4-cactus\/","title":{"rendered":"Citro\u00ebn lan\u00e7a a\u00e7\u00e3o promocional para SUV C4 Cactus"},"content":{"rendered":"\n<p>A Citro\u00ebn traz uma condi\u00e7\u00e3o especial para o m\u00eas de setembro. O C4 Cactus, utilit\u00e1rio esportivo multipremiado da Marca, chega com b\u00f4nus de at\u00e9 R$9.000,00 em sua vers\u00e3o Feel AT. Essa condi\u00e7\u00e3o \u00e9 v\u00e1lida em todas as concession\u00e1rias do pa\u00eds at\u00e9 o dia 21 de setembro e o cliente ainda ganha as tr\u00eas primeiras revis\u00f5es gr\u00e1tis.<\/p>\n\n\n\n<p>A vers\u00e3o Feel do C4 Cactus possui motor 1.6 VTi de 118 cv e torque de 16,1 kgfm, c\u00e2mbio autom\u00e1tico sequencial de seis marchas, controles de estabilidade de comando (ESP) e de tra\u00e7\u00e3o (ASR) e freios ABS com REF (<em>Electronic Brake Distribution<\/em>). Quando falamos de seus destaques internos, o C4 Cactus conta com diversos itens de praticidade e tecnologia, como a central multim\u00eddia&nbsp;touchscreen&nbsp;com Citro\u00ebn Connect Radio, tela&nbsp;<em>touch<\/em>&nbsp;de 7\u201d e conectividade Apple Car Play e Android Auto.&nbsp;Al\u00e9m do conforto proporcionado&nbsp;gra\u00e7as a amplitude da dist\u00e2ncia de 2.600 mm entre seus eixos.<\/p>\n\n\n\n<p>O SUV ainda possui piloto autom\u00e1tico com regulador e limitador de velocidade, sensor de press\u00e3o dos pneus, m\u00f3dulos em LED, c\u00e2mera de r\u00e9, ar condicionado digital conectados \u00e0 central multim\u00eddia e&nbsp;volante com regulagem de altura e profundidade.<\/p>\n\n\n\n<p><em>*Pre\u00e7o v\u00e1lido para compras via varejo declarados at\u00e9 21\/09.<\/em><\/p>\n\n\n\n<p><strong>DIFERENCIAIS DA VERS\u00c3O FEEL DO C4 CACTUS<\/strong>&nbsp;<\/p>\n\n\n\n<p>\u2022 Dire\u00e7\u00e3o el\u00e9trica;<\/p>\n\n\n\n<p>\u2022 Alarme;<\/p>\n\n\n\n<p>\u2022 Piloto Autom\u00e1tico;<\/p>\n\n\n\n<p>\u2022 Roda de liga leve de 17&#8243;;<\/p>\n\n\n\n<p>\u2022 Sistema de detec\u00e7\u00e3o de press\u00e3o dos pneus;<\/p>\n\n\n\n<p>\u2022 LED diurno;<\/p>\n\n\n\n<p>\u2022 Central multim\u00eddia touchscreen com espelhamento de Android Auto e Apple Carplay;<\/p>\n\n\n\n<p>\u2022 Comandos do r\u00e1dio no volante;<\/p>\n\n\n\n<p>\u2022 R\u00e1dio com Bluetooth;<\/p>\n\n\n\n<p>\u2022 Ar-condicionado digital na central multim\u00eddia;<\/p>\n\n\n\n<p>\u2022 Far\u00f3is de neblina;<\/p>\n\n\n\n<p>\u2022 C\u00e2mera de r\u00e9;<\/p>\n\n\n\n<p>\u2022 Vidros el\u00e9tricos com subida e descida cont\u00ednua e com antiesmagamento;<\/p>\n\n\n\n<p>\u2022 Fun\u00e7\u00e3o Eco e Sport.<\/p>\n","protected":false},"excerpt":{"rendered":"<p>A Citro\u00ebn traz uma condi\u00e7\u00e3o especial para o m\u00eas de setembro. O C4 Cactus, utilit\u00e1rio esportivo multipremiado da Marca, chega com b\u00f4nus de at\u00e9 R$9.000,00 em sua vers\u00e3o Feel AT. Essa condi\u00e7\u00e3o \u00e9 v\u00e1lida em todas as concession\u00e1rias do pa\u00eds at\u00e9 o dia 21 de setembro e o cliente ainda ganha as tr\u00eas primeiras revis\u00f5es [&hellip;]<\/p>\n","protected":false},"author":1,"featured_media":29335,"comment_status":"open","ping_status":"open","sticky":false,"template":"","format":"standard","meta":{"tdm_status":"","tdm_grid_status":"","footnotes":""},"categories":[6],"tags":[1420,3633,33,28,164],"class_list":["post-29334","post","type-post","status-publish","format-standard","has-post-thumbnail","hentry","category-noticias","tag-citroen-2","tag-citroen-c4","tag-estrategia","tag-marketing","tag-promocao"],"yoast_head":"<!-- This site is optimized with the Yoast SEO plugin v27.5 - https:\/\/yoast.com\/product\/yoast-seo-wordpress\/ -->\n<title>Citro\u00ebn lan\u00e7a a\u00e7\u00e3o promocional para SUV C4 Cactus - CidadeMarketing<\/title>\n<meta name=\"robots\" content=\"index, follow, max-snippet:-1, max-image-preview:large, max-video-preview:-1\" \/>\n<link rel=\"canonical\" href=\"https:\/\/www.cidademarketing.com.br\/marketing\/2021\/09\/20\/citroen-lanca-acao-promocional-para-suv-c4-cactus\/\" \/>\n<meta property=\"og:locale\" content=\"pt_BR\" \/>\n<meta property=\"og:type\" content=\"article\" \/>\n<meta property=\"og:title\" content=\"Citro\u00ebn lan\u00e7a a\u00e7\u00e3o promocional para SUV C4 Cactus - CidadeMarketing\" \/>\n<meta property=\"og:description\" content=\"A Citro\u00ebn traz uma condi\u00e7\u00e3o especial para o m\u00eas de setembro. O C4 Cactus, utilit\u00e1rio esportivo multipremiado da Marca, chega com b\u00f4nus de at\u00e9 R$9.000,00 em sua vers\u00e3o Feel AT. Essa condi\u00e7\u00e3o \u00e9 v\u00e1lida em todas as concession\u00e1rias do pa\u00eds at\u00e9 o dia 21 de setembro e o cliente ainda ganha as tr\u00eas primeiras revis\u00f5es [&hellip;]\" \/>\n<meta property=\"og:url\" content=\"https:\/\/www.cidademarketing.com.br\/marketing\/2021\/09\/20\/citroen-lanca-acao-promocional-para-suv-c4-cactus\/\" \/>\n<meta property=\"og:site_name\" content=\"CidadeMarketing\" \/>\n<meta property=\"article:publisher\" content=\"https:\/\/www.facebook.com\/portalcidademarketing\" \/>\n<meta property=\"article:author\" content=\"https:\/\/www.facebook.com\/thalesbrandao\" \/>\n<meta property=\"article:published_time\" content=\"2021-09-20T13:47:43+00:00\" \/>\n<meta property=\"article:modified_time\" content=\"2021-09-20T13:47:46+00:00\" \/>\n<meta property=\"og:image\" content=\"https:\/\/www.cidademarketing.com.br\/marketing\/wp-content\/uploads\/2021\/09\/citroen_cactus_c4_promocao.jpg\" \/>\n\t<meta property=\"og:image:width\" content=\"560\" \/>\n\t<meta property=\"og:image:height\" content=\"373\" \/>\n\t<meta property=\"og:image:type\" content=\"image\/jpeg\" \/>\n<meta name=\"author\" content=\"Thales Brand\u00e3o\" \/>\n<meta name=\"twitter:card\" content=\"summary_large_image\" \/>\n<meta name=\"twitter:creator\" content=\"@http:\/\/www.twitter.com\/thalesbrandao\" \/>\n<meta name=\"twitter:site\" content=\"@CidadeMarketing\" \/>\n<meta name=\"twitter:label1\" content=\"Escrito por\" \/>\n\t<meta name=\"twitter:data1\" content=\"Thales Brand\u00e3o\" \/>\n\t<meta name=\"twitter:label2\" content=\"Est. tempo de leitura\" \/>\n\t<meta name=\"twitter:data2\" content=\"2 minutos\" \/>\n<script type=\"application\/ld+json\" class=\"yoast-schema-graph\">{\"@context\":\"https:\\\/\\\/schema.org\",\"@graph\":[{\"@type\":\"Article\",\"@id\":\"https:\\\/\\\/www.cidademarketing.com.br\\\/marketing\\\/2021\\\/09\\\/20\\\/citroen-lanca-acao-promocional-para-suv-c4-cactus\\\/#article\",\"isPartOf\":{\"@id\":\"https:\\\/\\\/www.cidademarketing.com.br\\\/marketing\\\/2021\\\/09\\\/20\\\/citroen-lanca-acao-promocional-para-suv-c4-cactus\\\/\"},\"author\":{\"name\":\"Thales Brand\u00e3o\",\"@id\":\"https:\\\/\\\/www.cidademarketing.com.br\\\/marketing\\\/#\\\/schema\\\/person\\\/02daff9f18bd9378c9e01eb6b2db155f\"},\"headline\":\"Citro\u00ebn lan\u00e7a a\u00e7\u00e3o promocional para SUV C4 Cactus\",\"datePublished\":\"2021-09-20T13:47:43+00:00\",\"dateModified\":\"2021-09-20T13:47:46+00:00\",\"mainEntityOfPage\":{\"@id\":\"https:\\\/\\\/www.cidademarketing.com.br\\\/marketing\\\/2021\\\/09\\\/20\\\/citroen-lanca-acao-promocional-para-suv-c4-cactus\\\/\"},\"wordCount\":322,\"commentCount\":0,\"publisher\":{\"@id\":\"https:\\\/\\\/www.cidademarketing.com.br\\\/marketing\\\/#organization\"},\"image\":{\"@id\":\"https:\\\/\\\/www.cidademarketing.com.br\\\/marketing\\\/2021\\\/09\\\/20\\\/citroen-lanca-acao-promocional-para-suv-c4-cactus\\\/#primaryimage\"},\"thumbnailUrl\":\"https:\\\/\\\/www.cidademarketing.com.br\\\/marketing\\\/wp-content\\\/uploads\\\/2021\\\/09\\\/citroen_cactus_c4_promocao.jpg\",\"keywords\":[\"Citro\u00ebn\",\"Citro\u00ebn C4\",\"estrat\u00e9gia\",\"marketing\",\"promo\u00e7\u00e3o\"],\"articleSection\":[\"Not\u00edcias\"],\"inLanguage\":\"pt-BR\",\"potentialAction\":[{\"@type\":\"CommentAction\",\"name\":\"Comment\",\"target\":[\"https:\\\/\\\/www.cidademarketing.com.br\\\/marketing\\\/2021\\\/09\\\/20\\\/citroen-lanca-acao-promocional-para-suv-c4-cactus\\\/#respond\"]}]},{\"@type\":\"WebPage\",\"@id\":\"https:\\\/\\\/www.cidademarketing.com.br\\\/marketing\\\/2021\\\/09\\\/20\\\/citroen-lanca-acao-promocional-para-suv-c4-cactus\\\/\",\"url\":\"https:\\\/\\\/www.cidademarketing.com.br\\\/marketing\\\/2021\\\/09\\\/20\\\/citroen-lanca-acao-promocional-para-suv-c4-cactus\\\/\",\"name\":\"Citro\u00ebn lan\u00e7a a\u00e7\u00e3o promocional para SUV C4 Cactus - CidadeMarketing\",\"isPartOf\":{\"@id\":\"https:\\\/\\\/www.cidademarketing.com.br\\\/marketing\\\/#website\"},\"primaryImageOfPage\":{\"@id\":\"https:\\\/\\\/www.cidademarketing.com.br\\\/marketing\\\/2021\\\/09\\\/20\\\/citroen-lanca-acao-promocional-para-suv-c4-cactus\\\/#primaryimage\"},\"image\":{\"@id\":\"https:\\\/\\\/www.cidademarketing.com.br\\\/marketing\\\/2021\\\/09\\\/20\\\/citroen-lanca-acao-promocional-para-suv-c4-cactus\\\/#primaryimage\"},\"thumbnailUrl\":\"https:\\\/\\\/www.cidademarketing.com.br\\\/marketing\\\/wp-content\\\/uploads\\\/2021\\\/09\\\/citroen_cactus_c4_promocao.jpg\",\"datePublished\":\"2021-09-20T13:47:43+00:00\",\"dateModified\":\"2021-09-20T13:47:46+00:00\",\"breadcrumb\":{\"@id\":\"https:\\\/\\\/www.cidademarketing.com.br\\\/marketing\\\/2021\\\/09\\\/20\\\/citroen-lanca-acao-promocional-para-suv-c4-cactus\\\/#breadcrumb\"},\"inLanguage\":\"pt-BR\",\"potentialAction\":[{\"@type\":\"ReadAction\",\"target\":[\"https:\\\/\\\/www.cidademarketing.com.br\\\/marketing\\\/2021\\\/09\\\/20\\\/citroen-lanca-acao-promocional-para-suv-c4-cactus\\\/\"]}]},{\"@type\":\"ImageObject\",\"inLanguage\":\"pt-BR\",\"@id\":\"https:\\\/\\\/www.cidademarketing.com.br\\\/marketing\\\/2021\\\/09\\\/20\\\/citroen-lanca-acao-promocional-para-suv-c4-cactus\\\/#primaryimage\",\"url\":\"https:\\\/\\\/www.cidademarketing.com.br\\\/marketing\\\/wp-content\\\/uploads\\\/2021\\\/09\\\/citroen_cactus_c4_promocao.jpg\",\"contentUrl\":\"https:\\\/\\\/www.cidademarketing.com.br\\\/marketing\\\/wp-content\\\/uploads\\\/2021\\\/09\\\/citroen_cactus_c4_promocao.jpg\",\"width\":560,\"height\":373,\"caption\":\"Divulga\u00e7\u00e3o\"},{\"@type\":\"BreadcrumbList\",\"@id\":\"https:\\\/\\\/www.cidademarketing.com.br\\\/marketing\\\/2021\\\/09\\\/20\\\/citroen-lanca-acao-promocional-para-suv-c4-cactus\\\/#breadcrumb\",\"itemListElement\":[{\"@type\":\"ListItem\",\"position\":1,\"name\":\"In\u00edcio\",\"item\":\"https:\\\/\\\/www.cidademarketing.com.br\\\/marketing\\\/\"},{\"@type\":\"ListItem\",\"position\":2,\"name\":\"Citro\u00ebn lan\u00e7a a\u00e7\u00e3o promocional para SUV C4 Cactus\"}]},{\"@type\":\"WebSite\",\"@id\":\"https:\\\/\\\/www.cidademarketing.com.br\\\/marketing\\\/#website\",\"url\":\"https:\\\/\\\/www.cidademarketing.com.br\\\/marketing\\\/\",\"name\":\"CidadeMarketing\",\"description\":\"Somos um ve\u00edculo de comunica\u00e7\u00e3o de destaque no Brasil, reconhecido por conte\u00fados nos segmentos de marketing, empreendedorismo e inova\u00e7\u00e3o.\",\"publisher\":{\"@id\":\"https:\\\/\\\/www.cidademarketing.com.br\\\/marketing\\\/#organization\"},\"alternateName\":\"CidadeMarketing\",\"potentialAction\":[{\"@type\":\"SearchAction\",\"target\":{\"@type\":\"EntryPoint\",\"urlTemplate\":\"https:\\\/\\\/www.cidademarketing.com.br\\\/marketing\\\/?s={search_term_string}\"},\"query-input\":{\"@type\":\"PropertyValueSpecification\",\"valueRequired\":true,\"valueName\":\"search_term_string\"}}],\"inLanguage\":\"pt-BR\"},{\"@type\":\"Organization\",\"@id\":\"https:\\\/\\\/www.cidademarketing.com.br\\\/marketing\\\/#organization\",\"name\":\"CidadeMarketing\",\"alternateName\":\"CidadeMarketing\",\"url\":\"https:\\\/\\\/www.cidademarketing.com.br\\\/marketing\\\/\",\"logo\":{\"@type\":\"ImageObject\",\"inLanguage\":\"pt-BR\",\"@id\":\"https:\\\/\\\/www.cidademarketing.com.br\\\/marketing\\\/#\\\/schema\\\/logo\\\/image\\\/\",\"url\":\"https:\\\/\\\/www.cidademarketing.com.br\\\/marketing\\\/wp-content\\\/uploads\\\/2020\\\/01\\\/cidademarketing_marca_mobile.png\",\"contentUrl\":\"https:\\\/\\\/www.cidademarketing.com.br\\\/marketing\\\/wp-content\\\/uploads\\\/2020\\\/01\\\/cidademarketing_marca_mobile.png\",\"width\":230,\"height\":92,\"caption\":\"CidadeMarketing\"},\"image\":{\"@id\":\"https:\\\/\\\/www.cidademarketing.com.br\\\/marketing\\\/#\\\/schema\\\/logo\\\/image\\\/\"},\"sameAs\":[\"https:\\\/\\\/www.facebook.com\\\/portalcidademarketing\",\"https:\\\/\\\/x.com\\\/CidadeMarketing\",\"https:\\\/\\\/www.instagram.com\\\/cidademarketing\\\/\"]},{\"@type\":\"Person\",\"@id\":\"https:\\\/\\\/www.cidademarketing.com.br\\\/marketing\\\/#\\\/schema\\\/person\\\/02daff9f18bd9378c9e01eb6b2db155f\",\"name\":\"Thales Brand\u00e3o\",\"image\":{\"@type\":\"ImageObject\",\"inLanguage\":\"pt-BR\",\"@id\":\"https:\\\/\\\/secure.gravatar.com\\\/avatar\\\/7ca3206950207cc3cb48feec56a8a7898741ab725c368d99d5d7a5a50aab80c6?s=96&d=mm&r=g\",\"url\":\"https:\\\/\\\/secure.gravatar.com\\\/avatar\\\/7ca3206950207cc3cb48feec56a8a7898741ab725c368d99d5d7a5a50aab80c6?s=96&d=mm&r=g\",\"contentUrl\":\"https:\\\/\\\/secure.gravatar.com\\\/avatar\\\/7ca3206950207cc3cb48feec56a8a7898741ab725c368d99d5d7a5a50aab80c6?s=96&d=mm&r=g\",\"caption\":\"Thales Brand\u00e3o\"},\"description\":\"Editor Executivo do Portal CidadeMarketing.com.br &gt; Mestre em Comunica\u00e7\u00e3o e Sociedade pela Universidade Federal de Sergipe. Possui MBA Executivo em Administra\u00e7\u00e3o com \u00eanfase em Marketing pela Funda\u00e7\u00e3o Get\u00falio Vargas - Rio de Janeiro. Consultor, Palestrante e Pesquisador sobre Empreendedorismo, Marketing, Redes Sociais e Neg\u00f3cios Digitais. Professor, Palestrante TedxTalks e Campus Party. Twitter: @ThalesBrandao\",\"sameAs\":[\"http:\\\/\\\/www.mandacaru.com.br\",\"https:\\\/\\\/www.facebook.com\\\/thalesbrandao\",\"http:\\\/\\\/www.instagram.com.br\\\/thalesbrandaoferreira\",\"https:\\\/\\\/www.linkedin.com\\\/in\\\/thales-brand\u00e3o-3948609\\\/\",\"https:\\\/\\\/x.com\\\/http:\\\/\\\/www.twitter.com\\\/thalesbrandao\"],\"url\":\"https:\\\/\\\/www.cidademarketing.com.br\\\/marketing\\\/author\\\/thalesbrandao\\\/\"}]}<\/script>\n<!-- \/ Yoast SEO plugin. -->","yoast_head_json":{"title":"Citro\u00ebn lan\u00e7a a\u00e7\u00e3o promocional para SUV C4 Cactus - CidadeMarketing","robots":{"index":"index","follow":"follow","max-snippet":"max-snippet:-1","max-image-preview":"max-image-preview:large","max-video-preview":"max-video-preview:-1"},"canonical":"https:\/\/www.cidademarketing.com.br\/marketing\/2021\/09\/20\/citroen-lanca-acao-promocional-para-suv-c4-cactus\/","og_locale":"pt_BR","og_type":"article","og_title":"Citro\u00ebn lan\u00e7a a\u00e7\u00e3o promocional para SUV C4 Cactus - CidadeMarketing","og_description":"A Citro\u00ebn traz uma condi\u00e7\u00e3o especial para o m\u00eas de setembro. O C4 Cactus, utilit\u00e1rio esportivo multipremiado da Marca, chega com b\u00f4nus de at\u00e9 R$9.000,00 em sua vers\u00e3o Feel AT. Essa condi\u00e7\u00e3o \u00e9 v\u00e1lida em todas as concession\u00e1rias do pa\u00eds at\u00e9 o dia 21 de setembro e o cliente ainda ganha as tr\u00eas primeiras revis\u00f5es [&hellip;]","og_url":"https:\/\/www.cidademarketing.com.br\/marketing\/2021\/09\/20\/citroen-lanca-acao-promocional-para-suv-c4-cactus\/","og_site_name":"CidadeMarketing","article_publisher":"https:\/\/www.facebook.com\/portalcidademarketing","article_author":"https:\/\/www.facebook.com\/thalesbrandao","article_published_time":"2021-09-20T13:47:43+00:00","article_modified_time":"2021-09-20T13:47:46+00:00","og_image":[{"width":560,"height":373,"url":"https:\/\/www.cidademarketing.com.br\/marketing\/wp-content\/uploads\/2021\/09\/citroen_cactus_c4_promocao.jpg","type":"image\/jpeg"}],"author":"Thales Brand\u00e3o","twitter_card":"summary_large_image","twitter_creator":"@http:\/\/www.twitter.com\/thalesbrandao","twitter_site":"@CidadeMarketing","twitter_misc":{"Escrito por":"Thales Brand\u00e3o","Est. tempo de leitura":"2 minutos"},"schema":{"@context":"https:\/\/schema.org","@graph":[{"@type":"Article","@id":"https:\/\/www.cidademarketing.com.br\/marketing\/2021\/09\/20\/citroen-lanca-acao-promocional-para-suv-c4-cactus\/#article","isPartOf":{"@id":"https:\/\/www.cidademarketing.com.br\/marketing\/2021\/09\/20\/citroen-lanca-acao-promocional-para-suv-c4-cactus\/"},"author":{"name":"Thales Brand\u00e3o","@id":"https:\/\/www.cidademarketing.com.br\/marketing\/#\/schema\/person\/02daff9f18bd9378c9e01eb6b2db155f"},"headline":"Citro\u00ebn lan\u00e7a a\u00e7\u00e3o promocional para SUV C4 Cactus","datePublished":"2021-09-20T13:47:43+00:00","dateModified":"2021-09-20T13:47:46+00:00","mainEntityOfPage":{"@id":"https:\/\/www.cidademarketing.com.br\/marketing\/2021\/09\/20\/citroen-lanca-acao-promocional-para-suv-c4-cactus\/"},"wordCount":322,"commentCount":0,"publisher":{"@id":"https:\/\/www.cidademarketing.com.br\/marketing\/#organization"},"image":{"@id":"https:\/\/www.cidademarketing.com.br\/marketing\/2021\/09\/20\/citroen-lanca-acao-promocional-para-suv-c4-cactus\/#primaryimage"},"thumbnailUrl":"https:\/\/www.cidademarketing.com.br\/marketing\/wp-content\/uploads\/2021\/09\/citroen_cactus_c4_promocao.jpg","keywords":["Citro\u00ebn","Citro\u00ebn C4","estrat\u00e9gia","marketing","promo\u00e7\u00e3o"],"articleSection":["Not\u00edcias"],"inLanguage":"pt-BR","potentialAction":[{"@type":"CommentAction","name":"Comment","target":["https:\/\/www.cidademarketing.com.br\/marketing\/2021\/09\/20\/citroen-lanca-acao-promocional-para-suv-c4-cactus\/#respond"]}]},{"@type":"WebPage","@id":"https:\/\/www.cidademarketing.com.br\/marketing\/2021\/09\/20\/citroen-lanca-acao-promocional-para-suv-c4-cactus\/","url":"https:\/\/www.cidademarketing.com.br\/marketing\/2021\/09\/20\/citroen-lanca-acao-promocional-para-suv-c4-cactus\/","name":"Citro\u00ebn lan\u00e7a a\u00e7\u00e3o promocional para SUV C4 Cactus - CidadeMarketing","isPartOf":{"@id":"https:\/\/www.cidademarketing.com.br\/marketing\/#website"},"primaryImageOfPage":{"@id":"https:\/\/www.cidademarketing.com.br\/marketing\/2021\/09\/20\/citroen-lanca-acao-promocional-para-suv-c4-cactus\/#primaryimage"},"image":{"@id":"https:\/\/www.cidademarketing.com.br\/marketing\/2021\/09\/20\/citroen-lanca-acao-promocional-para-suv-c4-cactus\/#primaryimage"},"thumbnailUrl":"https:\/\/www.cidademarketing.com.br\/marketing\/wp-content\/uploads\/2021\/09\/citroen_cactus_c4_promocao.jpg","datePublished":"2021-09-20T13:47:43+00:00","dateModified":"2021-09-20T13:47:46+00:00","breadcrumb":{"@id":"https:\/\/www.cidademarketing.com.br\/marketing\/2021\/09\/20\/citroen-lanca-acao-promocional-para-suv-c4-cactus\/#breadcrumb"},"inLanguage":"pt-BR","potentialAction":[{"@type":"ReadAction","target":["https:\/\/www.cidademarketing.com.br\/marketing\/2021\/09\/20\/citroen-lanca-acao-promocional-para-suv-c4-cactus\/"]}]},{"@type":"ImageObject","inLanguage":"pt-BR","@id":"https:\/\/www.cidademarketing.com.br\/marketing\/2021\/09\/20\/citroen-lanca-acao-promocional-para-suv-c4-cactus\/#primaryimage","url":"https:\/\/www.cidademarketing.com.br\/marketing\/wp-content\/uploads\/2021\/09\/citroen_cactus_c4_promocao.jpg","contentUrl":"https:\/\/www.cidademarketing.com.br\/marketing\/wp-content\/uploads\/2021\/09\/citroen_cactus_c4_promocao.jpg","width":560,"height":373,"caption":"Divulga\u00e7\u00e3o"},{"@type":"BreadcrumbList","@id":"https:\/\/www.cidademarketing.com.br\/marketing\/2021\/09\/20\/citroen-lanca-acao-promocional-para-suv-c4-cactus\/#breadcrumb","itemListElement":[{"@type":"ListItem","position":1,"name":"In\u00edcio","item":"https:\/\/www.cidademarketing.com.br\/marketing\/"},{"@type":"ListItem","position":2,"name":"Citro\u00ebn lan\u00e7a a\u00e7\u00e3o promocional para SUV C4 Cactus"}]},{"@type":"WebSite","@id":"https:\/\/www.cidademarketing.com.br\/marketing\/#website","url":"https:\/\/www.cidademarketing.com.br\/marketing\/","name":"CidadeMarketing","description":"Somos um ve\u00edculo de comunica\u00e7\u00e3o de destaque no Brasil, reconhecido por conte\u00fados nos segmentos de marketing, empreendedorismo e inova\u00e7\u00e3o.","publisher":{"@id":"https:\/\/www.cidademarketing.com.br\/marketing\/#organization"},"alternateName":"CidadeMarketing","potentialAction":[{"@type":"SearchAction","target":{"@type":"EntryPoint","urlTemplate":"https:\/\/www.cidademarketing.com.br\/marketing\/?s={search_term_string}"},"query-input":{"@type":"PropertyValueSpecification","valueRequired":true,"valueName":"search_term_string"}}],"inLanguage":"pt-BR"},{"@type":"Organization","@id":"https:\/\/www.cidademarketing.com.br\/marketing\/#organization","name":"CidadeMarketing","alternateName":"CidadeMarketing","url":"https:\/\/www.cidademarketing.com.br\/marketing\/","logo":{"@type":"ImageObject","inLanguage":"pt-BR","@id":"https:\/\/www.cidademarketing.com.br\/marketing\/#\/schema\/logo\/image\/","url":"https:\/\/www.cidademarketing.com.br\/marketing\/wp-content\/uploads\/2020\/01\/cidademarketing_marca_mobile.png","contentUrl":"https:\/\/www.cidademarketing.com.br\/marketing\/wp-content\/uploads\/2020\/01\/cidademarketing_marca_mobile.png","width":230,"height":92,"caption":"CidadeMarketing"},"image":{"@id":"https:\/\/www.cidademarketing.com.br\/marketing\/#\/schema\/logo\/image\/"},"sameAs":["https:\/\/www.facebook.com\/portalcidademarketing","https:\/\/x.com\/CidadeMarketing","https:\/\/www.instagram.com\/cidademarketing\/"]},{"@type":"Person","@id":"https:\/\/www.cidademarketing.com.br\/marketing\/#\/schema\/person\/02daff9f18bd9378c9e01eb6b2db155f","name":"Thales Brand\u00e3o","image":{"@type":"ImageObject","inLanguage":"pt-BR","@id":"https:\/\/secure.gravatar.com\/avatar\/7ca3206950207cc3cb48feec56a8a7898741ab725c368d99d5d7a5a50aab80c6?s=96&d=mm&r=g","url":"https:\/\/secure.gravatar.com\/avatar\/7ca3206950207cc3cb48feec56a8a7898741ab725c368d99d5d7a5a50aab80c6?s=96&d=mm&r=g","contentUrl":"https:\/\/secure.gravatar.com\/avatar\/7ca3206950207cc3cb48feec56a8a7898741ab725c368d99d5d7a5a50aab80c6?s=96&d=mm&r=g","caption":"Thales Brand\u00e3o"},"description":"Editor Executivo do Portal CidadeMarketing.com.br &gt; Mestre em Comunica\u00e7\u00e3o e Sociedade pela Universidade Federal de Sergipe. Possui MBA Executivo em Administra\u00e7\u00e3o com \u00eanfase em Marketing pela Funda\u00e7\u00e3o Get\u00falio Vargas - Rio de Janeiro. Consultor, Palestrante e Pesquisador sobre Empreendedorismo, Marketing, Redes Sociais e Neg\u00f3cios Digitais. Professor, Palestrante TedxTalks e Campus Party. Twitter: @ThalesBrandao","sameAs":["http:\/\/www.mandacaru.com.br","https:\/\/www.facebook.com\/thalesbrandao","http:\/\/www.instagram.com.br\/thalesbrandaoferreira","https:\/\/www.linkedin.com\/in\/thales-brand\u00e3o-3948609\/","https:\/\/x.com\/http:\/\/www.twitter.com\/thalesbrandao"],"url":"https:\/\/www.cidademarketing.com.br\/marketing\/author\/thalesbrandao\/"}]}},"amp_enabled":true,"_links":{"self":[{"href":"https:\/\/www.cidademarketing.com.br\/marketing\/wp-json\/wp\/v2\/posts\/29334","targetHints":{"allow":["GET"]}}],"collection":[{"href":"https:\/\/www.cidademarketing.com.br\/marketing\/wp-json\/wp\/v2\/posts"}],"about":[{"href":"https:\/\/www.cidademarketing.com.br\/marketing\/wp-json\/wp\/v2\/types\/post"}],"author":[{"embeddable":true,"href":"https:\/\/www.cidademarketing.com.br\/marketing\/wp-json\/wp\/v2\/users\/1"}],"replies":[{"embeddable":true,"href":"https:\/\/www.cidademarketing.com.br\/marketing\/wp-json\/wp\/v2\/comments?post=29334"}],"version-history":[{"count":1,"href":"https:\/\/www.cidademarketing.com.br\/marketing\/wp-json\/wp\/v2\/posts\/29334\/revisions"}],"predecessor-version":[{"id":29336,"href":"https:\/\/www.cidademarketing.com.br\/marketing\/wp-json\/wp\/v2\/posts\/29334\/revisions\/29336"}],"wp:featuredmedia":[{"embeddable":true,"href":"https:\/\/www.cidademarketing.com.br\/marketing\/wp-json\/wp\/v2\/media\/29335"}],"wp:attachment":[{"href":"https:\/\/www.cidademarketing.com.br\/marketing\/wp-json\/wp\/v2\/media?parent=29334"}],"wp:term":[{"taxonomy":"category","embeddable":true,"href":"https:\/\/www.cidademarketing.com.br\/marketing\/wp-json\/wp\/v2\/categories?post=29334"},{"taxonomy":"post_tag","embeddable":true,"href":"https:\/\/www.cidademarketing.com.br\/marketing\/wp-json\/wp\/v2\/tags?post=29334"}],"curies":[{"name":"wp","href":"https:\/\/api.w.org\/{rel}","templated":true}]}}