{"id":29295,"date":"2021-09-18T22:22:16","date_gmt":"2021-09-19T01:22:16","guid":{"rendered":"https:\/\/www.cidademarketing.com.br\/marketing\/?p=29295"},"modified":"2021-09-18T22:22:18","modified_gmt":"2021-09-19T01:22:18","slug":"docol-conclui-aquisicao-de-fabrica-de-pias-cubas-e-tanques-da-franke-no-brasil-e-expande-atuacao","status":"publish","type":"post","link":"https:\/\/www.cidademarketing.com.br\/marketing\/2021\/09\/18\/docol-conclui-aquisicao-de-fabrica-de-pias-cubas-e-tanques-da-franke-no-brasil-e-expande-atuacao\/","title":{"rendered":"Docol conclui aquisi\u00e7\u00e3o de f\u00e1brica de pias, cubas e tanques da Franke no Brasil e expande atua\u00e7\u00e3o"},"content":{"rendered":"\n<p>A Docol \u2013 maior exportadora de metais sanit\u00e1rios da Am\u00e9rica Latina e uma das l\u00edderes brasileiras na fabrica\u00e7\u00e3o de lou\u00e7as e metais sanit\u00e1rios \u2013 concluiu, nesta sexta-feira, dia 17\/09,&nbsp;a aquisi\u00e7\u00e3o da f\u00e1brica de pias, cubas e tanques de inox da Franke Sistemas de Cozinhas do Brasil Ltda, subsidi\u00e1ria no Brasil do grupo internacional da Franke, com sede na Su\u00ed\u00e7a. A planta est\u00e1 localizada em Joinville (Santa Catarina), mesma cidade onde a companhia compradora catarinense est\u00e1&nbsp;sediada. O movimento&nbsp;faz parte de um ciclo de expans\u00e3o iniciado em 2019,&nbsp;a partir da&nbsp;aquisi\u00e7\u00e3o do controle da Mekal,&nbsp;cuja unidade em S\u00e3o Paulo \u00e9 voltada para a fabrica\u00e7\u00e3o de pias de cozinha premium em a\u00e7o inoxid\u00e1vel.&nbsp;O plano da Docol de agora at\u00e9 os pr\u00f3ximos cinco anos \u00e9 investir cerca de&nbsp;R$ 500&nbsp;milh\u00f5es em novos neg\u00f3cios e na amplia\u00e7\u00e3o da sua produ\u00e7\u00e3o e do portf\u00f3lio de produtos.&nbsp;&nbsp;<\/p>\n\n\n\n<p>O presidente da Docol, Guilherme Bertani, comemora o crescimento neste ano em que a empresa completa 65 anos. \u201cEsse novo momento marca a virada para os nossos pr\u00f3ximos 65 anos de hist\u00f3ria. At\u00e9 2028,&nbsp;pretendemos saltar dos atuais R$ 800 milh\u00f5es de faturamento anual para R$ 2 bilh\u00f5es. E aquisi\u00e7\u00f5es como esta contribuir\u00e3o muito para a Docol ampliar&nbsp;o&nbsp;seu portf\u00f3lio, que hoje \u00e9 de 2.400 produtos,&nbsp;e alcan\u00e7ar a lideran\u00e7a tamb\u00e9m no segmento de pias, cubas e tanques de inox\u201d, conta. O executivo informa ainda&nbsp;que&nbsp;a&nbsp;unidade adquirida tem capacidade produtiva de 40 mil pe\u00e7as por m\u00eas, sendo a vice-l\u00edder em market share nestes segmentos, empregando cerca de 110 funcion\u00e1rios.&nbsp;<\/p>\n\n\n\n<p>O crescimento expressivo do setor de constru\u00e7\u00e3o civil, puxado pelos h\u00e1bitos dos consumidores na pandemia tamb\u00e9m sustentam a estrat\u00e9gia de compra das linhas de pias, cubas e tanques. \u201cAo longo desse per\u00edodo,&nbsp;a cozinha tornou-se o cora\u00e7\u00e3o da casa. E o inox, como material nobre, est\u00e9tico e de f\u00e1cil manuten\u00e7\u00e3o, chama a aten\u00e7\u00e3o pela durabilidade e&nbsp;capacidade de transforma\u00e7\u00e3o que o a\u00e7o proporciona\u201d, explica&nbsp;Bertani.&nbsp; A integra\u00e7\u00e3o dos processos de produ\u00e7\u00e3o e gest\u00e3o de opera\u00e7\u00f5es deve levar cerca de 90 dias. \u201cA integra\u00e7\u00e3o entre as equipes tamb\u00e9m est\u00e1 sendo planejada com o m\u00e1ximo de cuidado. Entendemos que estamos entrando em um novo mercado e essas pessoas s\u00e3o essenciais para o nosso sucesso. Por outro lado, queremos que o maior n\u00famero de colaboradores poss\u00edvel, incluindo lideran\u00e7as, sinta-se em casa o quanto antes\u201d, conclui&nbsp;o presidente da Docol.&nbsp;<\/p>\n","protected":false},"excerpt":{"rendered":"<p>A Docol \u2013 maior exportadora de metais sanit\u00e1rios da Am\u00e9rica Latina e uma das l\u00edderes brasileiras na fabrica\u00e7\u00e3o de lou\u00e7as e metais sanit\u00e1rios \u2013 concluiu, nesta sexta-feira, dia 17\/09,&nbsp;a aquisi\u00e7\u00e3o da f\u00e1brica de pias, cubas e tanques de inox da Franke Sistemas de Cozinhas do Brasil Ltda, subsidi\u00e1ria no Brasil do grupo internacional da Franke, [&hellip;]<\/p>\n","protected":false},"author":1,"featured_media":29296,"comment_status":"open","ping_status":"open","sticky":false,"template":"","format":"standard","meta":{"tdm_status":"","tdm_grid_status":"","footnotes":""},"categories":[6],"tags":[412,2406,33,4570,37,28],"class_list":["post-29295","post","type-post","status-publish","format-standard","has-post-thumbnail","hentry","category-noticias","tag-aquisicao","tag-docol","tag-estrategia","tag-franke","tag-marca","tag-marketing"],"yoast_head":"<!-- This site is optimized with the Yoast SEO plugin v27.5 - https:\/\/yoast.com\/product\/yoast-seo-wordpress\/ -->\n<title>Docol conclui aquisi\u00e7\u00e3o de f\u00e1brica de pias, cubas e tanques da Franke no Brasil e expande atua\u00e7\u00e3o - CidadeMarketing<\/title>\n<meta name=\"robots\" content=\"index, follow, max-snippet:-1, max-image-preview:large, max-video-preview:-1\" \/>\n<link rel=\"canonical\" href=\"https:\/\/www.cidademarketing.com.br\/marketing\/2021\/09\/18\/docol-conclui-aquisicao-de-fabrica-de-pias-cubas-e-tanques-da-franke-no-brasil-e-expande-atuacao\/\" \/>\n<meta property=\"og:locale\" content=\"pt_BR\" \/>\n<meta property=\"og:type\" content=\"article\" \/>\n<meta property=\"og:title\" content=\"Docol conclui aquisi\u00e7\u00e3o de f\u00e1brica de pias, cubas e tanques da Franke no Brasil e expande atua\u00e7\u00e3o - CidadeMarketing\" \/>\n<meta property=\"og:description\" content=\"A Docol \u2013 maior exportadora de metais sanit\u00e1rios da Am\u00e9rica Latina e uma das l\u00edderes brasileiras na fabrica\u00e7\u00e3o de lou\u00e7as e metais sanit\u00e1rios \u2013 concluiu, nesta sexta-feira, dia 17\/09,&nbsp;a aquisi\u00e7\u00e3o da f\u00e1brica de pias, cubas e tanques de inox da Franke Sistemas de Cozinhas do Brasil Ltda, subsidi\u00e1ria no Brasil do grupo internacional da Franke, [&hellip;]\" \/>\n<meta property=\"og:url\" content=\"https:\/\/www.cidademarketing.com.br\/marketing\/2021\/09\/18\/docol-conclui-aquisicao-de-fabrica-de-pias-cubas-e-tanques-da-franke-no-brasil-e-expande-atuacao\/\" \/>\n<meta property=\"og:site_name\" content=\"CidadeMarketing\" \/>\n<meta property=\"article:publisher\" content=\"https:\/\/www.facebook.com\/portalcidademarketing\" \/>\n<meta property=\"article:author\" content=\"https:\/\/www.facebook.com\/thalesbrandao\" \/>\n<meta property=\"article:published_time\" content=\"2021-09-19T01:22:16+00:00\" \/>\n<meta property=\"article:modified_time\" content=\"2021-09-19T01:22:18+00:00\" \/>\n<meta property=\"og:image\" content=\"https:\/\/www.cidademarketing.com.br\/marketing\/wp-content\/uploads\/2021\/09\/docol_franke.jpg\" \/>\n\t<meta property=\"og:image:width\" content=\"1280\" \/>\n\t<meta property=\"og:image:height\" content=\"1081\" \/>\n\t<meta property=\"og:image:type\" content=\"image\/jpeg\" \/>\n<meta name=\"author\" content=\"Thales Brand\u00e3o\" \/>\n<meta name=\"twitter:card\" content=\"summary_large_image\" \/>\n<meta name=\"twitter:creator\" content=\"@http:\/\/www.twitter.com\/thalesbrandao\" \/>\n<meta name=\"twitter:site\" content=\"@CidadeMarketing\" \/>\n<meta name=\"twitter:label1\" content=\"Escrito por\" \/>\n\t<meta name=\"twitter:data1\" content=\"Thales Brand\u00e3o\" \/>\n\t<meta name=\"twitter:label2\" content=\"Est. tempo de leitura\" \/>\n\t<meta name=\"twitter:data2\" content=\"2 minutos\" \/>\n<script type=\"application\/ld+json\" class=\"yoast-schema-graph\">{\"@context\":\"https:\\\/\\\/schema.org\",\"@graph\":[{\"@type\":\"Article\",\"@id\":\"https:\\\/\\\/www.cidademarketing.com.br\\\/marketing\\\/2021\\\/09\\\/18\\\/docol-conclui-aquisicao-de-fabrica-de-pias-cubas-e-tanques-da-franke-no-brasil-e-expande-atuacao\\\/#article\",\"isPartOf\":{\"@id\":\"https:\\\/\\\/www.cidademarketing.com.br\\\/marketing\\\/2021\\\/09\\\/18\\\/docol-conclui-aquisicao-de-fabrica-de-pias-cubas-e-tanques-da-franke-no-brasil-e-expande-atuacao\\\/\"},\"author\":{\"name\":\"Thales Brand\u00e3o\",\"@id\":\"https:\\\/\\\/www.cidademarketing.com.br\\\/marketing\\\/#\\\/schema\\\/person\\\/02daff9f18bd9378c9e01eb6b2db155f\"},\"headline\":\"Docol conclui aquisi\u00e7\u00e3o de f\u00e1brica de pias, cubas e tanques da Franke no Brasil e expande atua\u00e7\u00e3o\",\"datePublished\":\"2021-09-19T01:22:16+00:00\",\"dateModified\":\"2021-09-19T01:22:18+00:00\",\"mainEntityOfPage\":{\"@id\":\"https:\\\/\\\/www.cidademarketing.com.br\\\/marketing\\\/2021\\\/09\\\/18\\\/docol-conclui-aquisicao-de-fabrica-de-pias-cubas-e-tanques-da-franke-no-brasil-e-expande-atuacao\\\/\"},\"wordCount\":482,\"commentCount\":0,\"publisher\":{\"@id\":\"https:\\\/\\\/www.cidademarketing.com.br\\\/marketing\\\/#organization\"},\"image\":{\"@id\":\"https:\\\/\\\/www.cidademarketing.com.br\\\/marketing\\\/2021\\\/09\\\/18\\\/docol-conclui-aquisicao-de-fabrica-de-pias-cubas-e-tanques-da-franke-no-brasil-e-expande-atuacao\\\/#primaryimage\"},\"thumbnailUrl\":\"https:\\\/\\\/www.cidademarketing.com.br\\\/marketing\\\/wp-content\\\/uploads\\\/2021\\\/09\\\/docol_franke.jpg\",\"keywords\":[\"aquisi\u00e7\u00e3o\",\"Docol\",\"estrat\u00e9gia\",\"Franke\",\"marca\",\"marketing\"],\"articleSection\":[\"Not\u00edcias\"],\"inLanguage\":\"pt-BR\",\"potentialAction\":[{\"@type\":\"CommentAction\",\"name\":\"Comment\",\"target\":[\"https:\\\/\\\/www.cidademarketing.com.br\\\/marketing\\\/2021\\\/09\\\/18\\\/docol-conclui-aquisicao-de-fabrica-de-pias-cubas-e-tanques-da-franke-no-brasil-e-expande-atuacao\\\/#respond\"]}]},{\"@type\":\"WebPage\",\"@id\":\"https:\\\/\\\/www.cidademarketing.com.br\\\/marketing\\\/2021\\\/09\\\/18\\\/docol-conclui-aquisicao-de-fabrica-de-pias-cubas-e-tanques-da-franke-no-brasil-e-expande-atuacao\\\/\",\"url\":\"https:\\\/\\\/www.cidademarketing.com.br\\\/marketing\\\/2021\\\/09\\\/18\\\/docol-conclui-aquisicao-de-fabrica-de-pias-cubas-e-tanques-da-franke-no-brasil-e-expande-atuacao\\\/\",\"name\":\"Docol conclui aquisi\u00e7\u00e3o de f\u00e1brica de pias, cubas e tanques da Franke no Brasil e expande atua\u00e7\u00e3o - CidadeMarketing\",\"isPartOf\":{\"@id\":\"https:\\\/\\\/www.cidademarketing.com.br\\\/marketing\\\/#website\"},\"primaryImageOfPage\":{\"@id\":\"https:\\\/\\\/www.cidademarketing.com.br\\\/marketing\\\/2021\\\/09\\\/18\\\/docol-conclui-aquisicao-de-fabrica-de-pias-cubas-e-tanques-da-franke-no-brasil-e-expande-atuacao\\\/#primaryimage\"},\"image\":{\"@id\":\"https:\\\/\\\/www.cidademarketing.com.br\\\/marketing\\\/2021\\\/09\\\/18\\\/docol-conclui-aquisicao-de-fabrica-de-pias-cubas-e-tanques-da-franke-no-brasil-e-expande-atuacao\\\/#primaryimage\"},\"thumbnailUrl\":\"https:\\\/\\\/www.cidademarketing.com.br\\\/marketing\\\/wp-content\\\/uploads\\\/2021\\\/09\\\/docol_franke.jpg\",\"datePublished\":\"2021-09-19T01:22:16+00:00\",\"dateModified\":\"2021-09-19T01:22:18+00:00\",\"breadcrumb\":{\"@id\":\"https:\\\/\\\/www.cidademarketing.com.br\\\/marketing\\\/2021\\\/09\\\/18\\\/docol-conclui-aquisicao-de-fabrica-de-pias-cubas-e-tanques-da-franke-no-brasil-e-expande-atuacao\\\/#breadcrumb\"},\"inLanguage\":\"pt-BR\",\"potentialAction\":[{\"@type\":\"ReadAction\",\"target\":[\"https:\\\/\\\/www.cidademarketing.com.br\\\/marketing\\\/2021\\\/09\\\/18\\\/docol-conclui-aquisicao-de-fabrica-de-pias-cubas-e-tanques-da-franke-no-brasil-e-expande-atuacao\\\/\"]}]},{\"@type\":\"ImageObject\",\"inLanguage\":\"pt-BR\",\"@id\":\"https:\\\/\\\/www.cidademarketing.com.br\\\/marketing\\\/2021\\\/09\\\/18\\\/docol-conclui-aquisicao-de-fabrica-de-pias-cubas-e-tanques-da-franke-no-brasil-e-expande-atuacao\\\/#primaryimage\",\"url\":\"https:\\\/\\\/www.cidademarketing.com.br\\\/marketing\\\/wp-content\\\/uploads\\\/2021\\\/09\\\/docol_franke.jpg\",\"contentUrl\":\"https:\\\/\\\/www.cidademarketing.com.br\\\/marketing\\\/wp-content\\\/uploads\\\/2021\\\/09\\\/docol_franke.jpg\",\"width\":1280,\"height\":1081,\"caption\":\"As f\u00e1bricas da Docol e da Franke s\u00e3o vizinhas em Joinville (SC)\"},{\"@type\":\"BreadcrumbList\",\"@id\":\"https:\\\/\\\/www.cidademarketing.com.br\\\/marketing\\\/2021\\\/09\\\/18\\\/docol-conclui-aquisicao-de-fabrica-de-pias-cubas-e-tanques-da-franke-no-brasil-e-expande-atuacao\\\/#breadcrumb\",\"itemListElement\":[{\"@type\":\"ListItem\",\"position\":1,\"name\":\"In\u00edcio\",\"item\":\"https:\\\/\\\/www.cidademarketing.com.br\\\/marketing\\\/\"},{\"@type\":\"ListItem\",\"position\":2,\"name\":\"Docol conclui aquisi\u00e7\u00e3o de f\u00e1brica de pias, cubas e tanques da Franke no Brasil e expande atua\u00e7\u00e3o\"}]},{\"@type\":\"WebSite\",\"@id\":\"https:\\\/\\\/www.cidademarketing.com.br\\\/marketing\\\/#website\",\"url\":\"https:\\\/\\\/www.cidademarketing.com.br\\\/marketing\\\/\",\"name\":\"CidadeMarketing\",\"description\":\"Somos um ve\u00edculo de comunica\u00e7\u00e3o de destaque no Brasil, reconhecido por conte\u00fados nos segmentos de marketing, empreendedorismo e inova\u00e7\u00e3o.\",\"publisher\":{\"@id\":\"https:\\\/\\\/www.cidademarketing.com.br\\\/marketing\\\/#organization\"},\"alternateName\":\"CidadeMarketing\",\"potentialAction\":[{\"@type\":\"SearchAction\",\"target\":{\"@type\":\"EntryPoint\",\"urlTemplate\":\"https:\\\/\\\/www.cidademarketing.com.br\\\/marketing\\\/?s={search_term_string}\"},\"query-input\":{\"@type\":\"PropertyValueSpecification\",\"valueRequired\":true,\"valueName\":\"search_term_string\"}}],\"inLanguage\":\"pt-BR\"},{\"@type\":\"Organization\",\"@id\":\"https:\\\/\\\/www.cidademarketing.com.br\\\/marketing\\\/#organization\",\"name\":\"CidadeMarketing\",\"alternateName\":\"CidadeMarketing\",\"url\":\"https:\\\/\\\/www.cidademarketing.com.br\\\/marketing\\\/\",\"logo\":{\"@type\":\"ImageObject\",\"inLanguage\":\"pt-BR\",\"@id\":\"https:\\\/\\\/www.cidademarketing.com.br\\\/marketing\\\/#\\\/schema\\\/logo\\\/image\\\/\",\"url\":\"https:\\\/\\\/www.cidademarketing.com.br\\\/marketing\\\/wp-content\\\/uploads\\\/2020\\\/01\\\/cidademarketing_marca_mobile.png\",\"contentUrl\":\"https:\\\/\\\/www.cidademarketing.com.br\\\/marketing\\\/wp-content\\\/uploads\\\/2020\\\/01\\\/cidademarketing_marca_mobile.png\",\"width\":230,\"height\":92,\"caption\":\"CidadeMarketing\"},\"image\":{\"@id\":\"https:\\\/\\\/www.cidademarketing.com.br\\\/marketing\\\/#\\\/schema\\\/logo\\\/image\\\/\"},\"sameAs\":[\"https:\\\/\\\/www.facebook.com\\\/portalcidademarketing\",\"https:\\\/\\\/x.com\\\/CidadeMarketing\",\"https:\\\/\\\/www.instagram.com\\\/cidademarketing\\\/\"]},{\"@type\":\"Person\",\"@id\":\"https:\\\/\\\/www.cidademarketing.com.br\\\/marketing\\\/#\\\/schema\\\/person\\\/02daff9f18bd9378c9e01eb6b2db155f\",\"name\":\"Thales Brand\u00e3o\",\"image\":{\"@type\":\"ImageObject\",\"inLanguage\":\"pt-BR\",\"@id\":\"https:\\\/\\\/secure.gravatar.com\\\/avatar\\\/7ca3206950207cc3cb48feec56a8a7898741ab725c368d99d5d7a5a50aab80c6?s=96&d=mm&r=g\",\"url\":\"https:\\\/\\\/secure.gravatar.com\\\/avatar\\\/7ca3206950207cc3cb48feec56a8a7898741ab725c368d99d5d7a5a50aab80c6?s=96&d=mm&r=g\",\"contentUrl\":\"https:\\\/\\\/secure.gravatar.com\\\/avatar\\\/7ca3206950207cc3cb48feec56a8a7898741ab725c368d99d5d7a5a50aab80c6?s=96&d=mm&r=g\",\"caption\":\"Thales Brand\u00e3o\"},\"description\":\"Editor Executivo do Portal CidadeMarketing.com.br &gt; Mestre em Comunica\u00e7\u00e3o e Sociedade pela Universidade Federal de Sergipe. Possui MBA Executivo em Administra\u00e7\u00e3o com \u00eanfase em Marketing pela Funda\u00e7\u00e3o Get\u00falio Vargas - Rio de Janeiro. Consultor, Palestrante e Pesquisador sobre Empreendedorismo, Marketing, Redes Sociais e Neg\u00f3cios Digitais. Professor, Palestrante TedxTalks e Campus Party. Twitter: @ThalesBrandao\",\"sameAs\":[\"http:\\\/\\\/www.mandacaru.com.br\",\"https:\\\/\\\/www.facebook.com\\\/thalesbrandao\",\"http:\\\/\\\/www.instagram.com.br\\\/thalesbrandaoferreira\",\"https:\\\/\\\/www.linkedin.com\\\/in\\\/thales-brand\u00e3o-3948609\\\/\",\"https:\\\/\\\/x.com\\\/http:\\\/\\\/www.twitter.com\\\/thalesbrandao\"],\"url\":\"https:\\\/\\\/www.cidademarketing.com.br\\\/marketing\\\/author\\\/thalesbrandao\\\/\"}]}<\/script>\n<!-- \/ Yoast SEO plugin. -->","yoast_head_json":{"title":"Docol conclui aquisi\u00e7\u00e3o de f\u00e1brica de pias, cubas e tanques da Franke no Brasil e expande atua\u00e7\u00e3o - CidadeMarketing","robots":{"index":"index","follow":"follow","max-snippet":"max-snippet:-1","max-image-preview":"max-image-preview:large","max-video-preview":"max-video-preview:-1"},"canonical":"https:\/\/www.cidademarketing.com.br\/marketing\/2021\/09\/18\/docol-conclui-aquisicao-de-fabrica-de-pias-cubas-e-tanques-da-franke-no-brasil-e-expande-atuacao\/","og_locale":"pt_BR","og_type":"article","og_title":"Docol conclui aquisi\u00e7\u00e3o de f\u00e1brica de pias, cubas e tanques da Franke no Brasil e expande atua\u00e7\u00e3o - CidadeMarketing","og_description":"A Docol \u2013 maior exportadora de metais sanit\u00e1rios da Am\u00e9rica Latina e uma das l\u00edderes brasileiras na fabrica\u00e7\u00e3o de lou\u00e7as e metais sanit\u00e1rios \u2013 concluiu, nesta sexta-feira, dia 17\/09,&nbsp;a aquisi\u00e7\u00e3o da f\u00e1brica de pias, cubas e tanques de inox da Franke Sistemas de Cozinhas do Brasil Ltda, subsidi\u00e1ria no Brasil do grupo internacional da Franke, [&hellip;]","og_url":"https:\/\/www.cidademarketing.com.br\/marketing\/2021\/09\/18\/docol-conclui-aquisicao-de-fabrica-de-pias-cubas-e-tanques-da-franke-no-brasil-e-expande-atuacao\/","og_site_name":"CidadeMarketing","article_publisher":"https:\/\/www.facebook.com\/portalcidademarketing","article_author":"https:\/\/www.facebook.com\/thalesbrandao","article_published_time":"2021-09-19T01:22:16+00:00","article_modified_time":"2021-09-19T01:22:18+00:00","og_image":[{"width":1280,"height":1081,"url":"https:\/\/www.cidademarketing.com.br\/marketing\/wp-content\/uploads\/2021\/09\/docol_franke.jpg","type":"image\/jpeg"}],"author":"Thales Brand\u00e3o","twitter_card":"summary_large_image","twitter_creator":"@http:\/\/www.twitter.com\/thalesbrandao","twitter_site":"@CidadeMarketing","twitter_misc":{"Escrito por":"Thales Brand\u00e3o","Est. tempo de leitura":"2 minutos"},"schema":{"@context":"https:\/\/schema.org","@graph":[{"@type":"Article","@id":"https:\/\/www.cidademarketing.com.br\/marketing\/2021\/09\/18\/docol-conclui-aquisicao-de-fabrica-de-pias-cubas-e-tanques-da-franke-no-brasil-e-expande-atuacao\/#article","isPartOf":{"@id":"https:\/\/www.cidademarketing.com.br\/marketing\/2021\/09\/18\/docol-conclui-aquisicao-de-fabrica-de-pias-cubas-e-tanques-da-franke-no-brasil-e-expande-atuacao\/"},"author":{"name":"Thales Brand\u00e3o","@id":"https:\/\/www.cidademarketing.com.br\/marketing\/#\/schema\/person\/02daff9f18bd9378c9e01eb6b2db155f"},"headline":"Docol conclui aquisi\u00e7\u00e3o de f\u00e1brica de pias, cubas e tanques da Franke no Brasil e expande atua\u00e7\u00e3o","datePublished":"2021-09-19T01:22:16+00:00","dateModified":"2021-09-19T01:22:18+00:00","mainEntityOfPage":{"@id":"https:\/\/www.cidademarketing.com.br\/marketing\/2021\/09\/18\/docol-conclui-aquisicao-de-fabrica-de-pias-cubas-e-tanques-da-franke-no-brasil-e-expande-atuacao\/"},"wordCount":482,"commentCount":0,"publisher":{"@id":"https:\/\/www.cidademarketing.com.br\/marketing\/#organization"},"image":{"@id":"https:\/\/www.cidademarketing.com.br\/marketing\/2021\/09\/18\/docol-conclui-aquisicao-de-fabrica-de-pias-cubas-e-tanques-da-franke-no-brasil-e-expande-atuacao\/#primaryimage"},"thumbnailUrl":"https:\/\/www.cidademarketing.com.br\/marketing\/wp-content\/uploads\/2021\/09\/docol_franke.jpg","keywords":["aquisi\u00e7\u00e3o","Docol","estrat\u00e9gia","Franke","marca","marketing"],"articleSection":["Not\u00edcias"],"inLanguage":"pt-BR","potentialAction":[{"@type":"CommentAction","name":"Comment","target":["https:\/\/www.cidademarketing.com.br\/marketing\/2021\/09\/18\/docol-conclui-aquisicao-de-fabrica-de-pias-cubas-e-tanques-da-franke-no-brasil-e-expande-atuacao\/#respond"]}]},{"@type":"WebPage","@id":"https:\/\/www.cidademarketing.com.br\/marketing\/2021\/09\/18\/docol-conclui-aquisicao-de-fabrica-de-pias-cubas-e-tanques-da-franke-no-brasil-e-expande-atuacao\/","url":"https:\/\/www.cidademarketing.com.br\/marketing\/2021\/09\/18\/docol-conclui-aquisicao-de-fabrica-de-pias-cubas-e-tanques-da-franke-no-brasil-e-expande-atuacao\/","name":"Docol conclui aquisi\u00e7\u00e3o de f\u00e1brica de pias, cubas e tanques da Franke no Brasil e expande atua\u00e7\u00e3o - CidadeMarketing","isPartOf":{"@id":"https:\/\/www.cidademarketing.com.br\/marketing\/#website"},"primaryImageOfPage":{"@id":"https:\/\/www.cidademarketing.com.br\/marketing\/2021\/09\/18\/docol-conclui-aquisicao-de-fabrica-de-pias-cubas-e-tanques-da-franke-no-brasil-e-expande-atuacao\/#primaryimage"},"image":{"@id":"https:\/\/www.cidademarketing.com.br\/marketing\/2021\/09\/18\/docol-conclui-aquisicao-de-fabrica-de-pias-cubas-e-tanques-da-franke-no-brasil-e-expande-atuacao\/#primaryimage"},"thumbnailUrl":"https:\/\/www.cidademarketing.com.br\/marketing\/wp-content\/uploads\/2021\/09\/docol_franke.jpg","datePublished":"2021-09-19T01:22:16+00:00","dateModified":"2021-09-19T01:22:18+00:00","breadcrumb":{"@id":"https:\/\/www.cidademarketing.com.br\/marketing\/2021\/09\/18\/docol-conclui-aquisicao-de-fabrica-de-pias-cubas-e-tanques-da-franke-no-brasil-e-expande-atuacao\/#breadcrumb"},"inLanguage":"pt-BR","potentialAction":[{"@type":"ReadAction","target":["https:\/\/www.cidademarketing.com.br\/marketing\/2021\/09\/18\/docol-conclui-aquisicao-de-fabrica-de-pias-cubas-e-tanques-da-franke-no-brasil-e-expande-atuacao\/"]}]},{"@type":"ImageObject","inLanguage":"pt-BR","@id":"https:\/\/www.cidademarketing.com.br\/marketing\/2021\/09\/18\/docol-conclui-aquisicao-de-fabrica-de-pias-cubas-e-tanques-da-franke-no-brasil-e-expande-atuacao\/#primaryimage","url":"https:\/\/www.cidademarketing.com.br\/marketing\/wp-content\/uploads\/2021\/09\/docol_franke.jpg","contentUrl":"https:\/\/www.cidademarketing.com.br\/marketing\/wp-content\/uploads\/2021\/09\/docol_franke.jpg","width":1280,"height":1081,"caption":"As f\u00e1bricas da Docol e da Franke s\u00e3o vizinhas em Joinville (SC)"},{"@type":"BreadcrumbList","@id":"https:\/\/www.cidademarketing.com.br\/marketing\/2021\/09\/18\/docol-conclui-aquisicao-de-fabrica-de-pias-cubas-e-tanques-da-franke-no-brasil-e-expande-atuacao\/#breadcrumb","itemListElement":[{"@type":"ListItem","position":1,"name":"In\u00edcio","item":"https:\/\/www.cidademarketing.com.br\/marketing\/"},{"@type":"ListItem","position":2,"name":"Docol conclui aquisi\u00e7\u00e3o de f\u00e1brica de pias, cubas e tanques da Franke no Brasil e expande atua\u00e7\u00e3o"}]},{"@type":"WebSite","@id":"https:\/\/www.cidademarketing.com.br\/marketing\/#website","url":"https:\/\/www.cidademarketing.com.br\/marketing\/","name":"CidadeMarketing","description":"Somos um ve\u00edculo de comunica\u00e7\u00e3o de destaque no Brasil, reconhecido por conte\u00fados nos segmentos de marketing, empreendedorismo e inova\u00e7\u00e3o.","publisher":{"@id":"https:\/\/www.cidademarketing.com.br\/marketing\/#organization"},"alternateName":"CidadeMarketing","potentialAction":[{"@type":"SearchAction","target":{"@type":"EntryPoint","urlTemplate":"https:\/\/www.cidademarketing.com.br\/marketing\/?s={search_term_string}"},"query-input":{"@type":"PropertyValueSpecification","valueRequired":true,"valueName":"search_term_string"}}],"inLanguage":"pt-BR"},{"@type":"Organization","@id":"https:\/\/www.cidademarketing.com.br\/marketing\/#organization","name":"CidadeMarketing","alternateName":"CidadeMarketing","url":"https:\/\/www.cidademarketing.com.br\/marketing\/","logo":{"@type":"ImageObject","inLanguage":"pt-BR","@id":"https:\/\/www.cidademarketing.com.br\/marketing\/#\/schema\/logo\/image\/","url":"https:\/\/www.cidademarketing.com.br\/marketing\/wp-content\/uploads\/2020\/01\/cidademarketing_marca_mobile.png","contentUrl":"https:\/\/www.cidademarketing.com.br\/marketing\/wp-content\/uploads\/2020\/01\/cidademarketing_marca_mobile.png","width":230,"height":92,"caption":"CidadeMarketing"},"image":{"@id":"https:\/\/www.cidademarketing.com.br\/marketing\/#\/schema\/logo\/image\/"},"sameAs":["https:\/\/www.facebook.com\/portalcidademarketing","https:\/\/x.com\/CidadeMarketing","https:\/\/www.instagram.com\/cidademarketing\/"]},{"@type":"Person","@id":"https:\/\/www.cidademarketing.com.br\/marketing\/#\/schema\/person\/02daff9f18bd9378c9e01eb6b2db155f","name":"Thales Brand\u00e3o","image":{"@type":"ImageObject","inLanguage":"pt-BR","@id":"https:\/\/secure.gravatar.com\/avatar\/7ca3206950207cc3cb48feec56a8a7898741ab725c368d99d5d7a5a50aab80c6?s=96&d=mm&r=g","url":"https:\/\/secure.gravatar.com\/avatar\/7ca3206950207cc3cb48feec56a8a7898741ab725c368d99d5d7a5a50aab80c6?s=96&d=mm&r=g","contentUrl":"https:\/\/secure.gravatar.com\/avatar\/7ca3206950207cc3cb48feec56a8a7898741ab725c368d99d5d7a5a50aab80c6?s=96&d=mm&r=g","caption":"Thales Brand\u00e3o"},"description":"Editor Executivo do Portal CidadeMarketing.com.br &gt; Mestre em Comunica\u00e7\u00e3o e Sociedade pela Universidade Federal de Sergipe. Possui MBA Executivo em Administra\u00e7\u00e3o com \u00eanfase em Marketing pela Funda\u00e7\u00e3o Get\u00falio Vargas - Rio de Janeiro. Consultor, Palestrante e Pesquisador sobre Empreendedorismo, Marketing, Redes Sociais e Neg\u00f3cios Digitais. Professor, Palestrante TedxTalks e Campus Party. Twitter: @ThalesBrandao","sameAs":["http:\/\/www.mandacaru.com.br","https:\/\/www.facebook.com\/thalesbrandao","http:\/\/www.instagram.com.br\/thalesbrandaoferreira","https:\/\/www.linkedin.com\/in\/thales-brand\u00e3o-3948609\/","https:\/\/x.com\/http:\/\/www.twitter.com\/thalesbrandao"],"url":"https:\/\/www.cidademarketing.com.br\/marketing\/author\/thalesbrandao\/"}]}},"amp_enabled":true,"_links":{"self":[{"href":"https:\/\/www.cidademarketing.com.br\/marketing\/wp-json\/wp\/v2\/posts\/29295","targetHints":{"allow":["GET"]}}],"collection":[{"href":"https:\/\/www.cidademarketing.com.br\/marketing\/wp-json\/wp\/v2\/posts"}],"about":[{"href":"https:\/\/www.cidademarketing.com.br\/marketing\/wp-json\/wp\/v2\/types\/post"}],"author":[{"embeddable":true,"href":"https:\/\/www.cidademarketing.com.br\/marketing\/wp-json\/wp\/v2\/users\/1"}],"replies":[{"embeddable":true,"href":"https:\/\/www.cidademarketing.com.br\/marketing\/wp-json\/wp\/v2\/comments?post=29295"}],"version-history":[{"count":1,"href":"https:\/\/www.cidademarketing.com.br\/marketing\/wp-json\/wp\/v2\/posts\/29295\/revisions"}],"predecessor-version":[{"id":29297,"href":"https:\/\/www.cidademarketing.com.br\/marketing\/wp-json\/wp\/v2\/posts\/29295\/revisions\/29297"}],"wp:featuredmedia":[{"embeddable":true,"href":"https:\/\/www.cidademarketing.com.br\/marketing\/wp-json\/wp\/v2\/media\/29296"}],"wp:attachment":[{"href":"https:\/\/www.cidademarketing.com.br\/marketing\/wp-json\/wp\/v2\/media?parent=29295"}],"wp:term":[{"taxonomy":"category","embeddable":true,"href":"https:\/\/www.cidademarketing.com.br\/marketing\/wp-json\/wp\/v2\/categories?post=29295"},{"taxonomy":"post_tag","embeddable":true,"href":"https:\/\/www.cidademarketing.com.br\/marketing\/wp-json\/wp\/v2\/tags?post=29295"}],"curies":[{"name":"wp","href":"https:\/\/api.w.org\/{rel}","templated":true}]}}