{"id":28919,"date":"2021-09-12T00:07:42","date_gmt":"2021-09-12T03:07:42","guid":{"rendered":"https:\/\/www.cidademarketing.com.br\/marketing\/?p=28919"},"modified":"2021-09-12T00:07:44","modified_gmt":"2021-09-12T03:07:44","slug":"amil-apresenta-nova-campanha","status":"publish","type":"post","link":"https:\/\/www.cidademarketing.com.br\/marketing\/2021\/09\/12\/amil-apresenta-nova-campanha\/","title":{"rendered":"Amil apresenta nova campanha"},"content":{"rendered":"\n<p>A <strong>Amil<\/strong> lan\u00e7ou, no dia 5 de setembro, campanha <strong>\u2018A Cara das Empresas\u2019<\/strong>, com foco na sa\u00fade mental dos funcion\u00e1rios de empresas de diversos portes.&nbsp; O filme, desenvolvido pela <strong>BETC HAVAS<\/strong>, estreia no Setembro Amarelo, m\u00eas em que o assunto se torna ainda mais evidente. O filme ser\u00e1 veiculado em canais de TV aberta e fechada, nas redes sociais e em m\u00eddia&nbsp;<em>out-of-home<\/em>.&nbsp;<\/p>\n\n\n\n<p>Com o objetivo de romper os tabus que ainda existem sobre o tema e alertar sobre a import\u00e2ncia de as empresas olharem com aten\u00e7\u00e3o para a sa\u00fade mental dos seus colaboradores, o filme mostra tr\u00eas ambientes de trabalho: o escrit\u00f3rio de uma grande empresa, um pequeno neg\u00f3cio e um home office. Nestes locais de trabalho, s\u00e3o mostrados profissionais em suas atividades e recursos visuais remetem a semblantes preocupados e tristes. Em um segundo momento, vemos os profissionais recebendo atendimento da Amil \u2013 chamando aten\u00e7\u00e3o para a import\u00e2ncia do di\u00e1logo aberto e do atendimento realizado por especialistas.\u00a0\u00a0\u00a0<\/p>\n\n\n\n<p><\/p>\n\n\n\n<figure class=\"wp-block-gallery columns-3 is-cropped wp-block-gallery-1 is-layout-flex wp-block-gallery-is-layout-flex\"><ul class=\"blocks-gallery-grid\"><li class=\"blocks-gallery-item\"><figure><img fetchpriority=\"high\" decoding=\"async\" width=\"1024\" height=\"388\" src=\"https:\/\/www.cidademarketing.com.br\/marketing\/wp-content\/uploads\/2021\/09\/amil_01-1024x388.jpg\" alt=\"\" data-id=\"28920\" data-full-url=\"https:\/\/www.cidademarketing.com.br\/marketing\/wp-content\/uploads\/2021\/09\/amil_01.jpg\" data-link=\"https:\/\/www.cidademarketing.com.br\/marketing\/?attachment_id=28920\" class=\"wp-image-28920\" srcset=\"https:\/\/www.cidademarketing.com.br\/marketing\/wp-content\/uploads\/2021\/09\/amil_01-1024x388.jpg 1024w, https:\/\/www.cidademarketing.com.br\/marketing\/wp-content\/uploads\/2021\/09\/amil_01-300x114.jpg 300w, https:\/\/www.cidademarketing.com.br\/marketing\/wp-content\/uploads\/2021\/09\/amil_01-768x291.jpg 768w, https:\/\/www.cidademarketing.com.br\/marketing\/wp-content\/uploads\/2021\/09\/amil_01-640x243.jpg 640w, https:\/\/www.cidademarketing.com.br\/marketing\/wp-content\/uploads\/2021\/09\/amil_01-681x258.jpg 681w, https:\/\/www.cidademarketing.com.br\/marketing\/wp-content\/uploads\/2021\/09\/amil_01.jpg 1092w\" sizes=\"(max-width: 1024px) 100vw, 1024px\" \/><\/figure><\/li><li class=\"blocks-gallery-item\"><figure><img decoding=\"async\" width=\"1024\" height=\"396\" src=\"https:\/\/www.cidademarketing.com.br\/marketing\/wp-content\/uploads\/2021\/09\/amil_02-1024x396.jpg\" alt=\"\" data-id=\"28921\" data-full-url=\"https:\/\/www.cidademarketing.com.br\/marketing\/wp-content\/uploads\/2021\/09\/amil_02.jpg\" data-link=\"https:\/\/www.cidademarketing.com.br\/marketing\/?attachment_id=28921\" class=\"wp-image-28921\" srcset=\"https:\/\/www.cidademarketing.com.br\/marketing\/wp-content\/uploads\/2021\/09\/amil_02-1024x396.jpg 1024w, https:\/\/www.cidademarketing.com.br\/marketing\/wp-content\/uploads\/2021\/09\/amil_02-300x116.jpg 300w, https:\/\/www.cidademarketing.com.br\/marketing\/wp-content\/uploads\/2021\/09\/amil_02-768x297.jpg 768w, https:\/\/www.cidademarketing.com.br\/marketing\/wp-content\/uploads\/2021\/09\/amil_02-1087x420.jpg 1087w, https:\/\/www.cidademarketing.com.br\/marketing\/wp-content\/uploads\/2021\/09\/amil_02-640x247.jpg 640w, https:\/\/www.cidademarketing.com.br\/marketing\/wp-content\/uploads\/2021\/09\/amil_02-681x263.jpg 681w, https:\/\/www.cidademarketing.com.br\/marketing\/wp-content\/uploads\/2021\/09\/amil_02.jpg 1090w\" sizes=\"(max-width: 1024px) 100vw, 1024px\" \/><\/figure><\/li><li class=\"blocks-gallery-item\"><figure><img decoding=\"async\" width=\"1024\" height=\"384\" src=\"https:\/\/www.cidademarketing.com.br\/marketing\/wp-content\/uploads\/2021\/09\/amil_03-1024x384.jpg\" alt=\"\" data-id=\"28922\" data-full-url=\"https:\/\/www.cidademarketing.com.br\/marketing\/wp-content\/uploads\/2021\/09\/amil_03.jpg\" data-link=\"https:\/\/www.cidademarketing.com.br\/marketing\/?attachment_id=28922\" class=\"wp-image-28922\" srcset=\"https:\/\/www.cidademarketing.com.br\/marketing\/wp-content\/uploads\/2021\/09\/amil_03-1024x384.jpg 1024w, https:\/\/www.cidademarketing.com.br\/marketing\/wp-content\/uploads\/2021\/09\/amil_03-300x112.jpg 300w, https:\/\/www.cidademarketing.com.br\/marketing\/wp-content\/uploads\/2021\/09\/amil_03-768x288.jpg 768w, https:\/\/www.cidademarketing.com.br\/marketing\/wp-content\/uploads\/2021\/09\/amil_03-1536x575.jpg 1536w, https:\/\/www.cidademarketing.com.br\/marketing\/wp-content\/uploads\/2021\/09\/amil_03-1121x420.jpg 1121w, https:\/\/www.cidademarketing.com.br\/marketing\/wp-content\/uploads\/2021\/09\/amil_03-640x240.jpg 640w, https:\/\/www.cidademarketing.com.br\/marketing\/wp-content\/uploads\/2021\/09\/amil_03-681x255.jpg 681w, https:\/\/www.cidademarketing.com.br\/marketing\/wp-content\/uploads\/2021\/09\/amil_03.jpg 1911w\" sizes=\"(max-width: 1024px) 100vw, 1024px\" \/><\/figure><\/li><li class=\"blocks-gallery-item\"><figure><img loading=\"lazy\" decoding=\"async\" width=\"1024\" height=\"396\" src=\"https:\/\/www.cidademarketing.com.br\/marketing\/wp-content\/uploads\/2021\/09\/amil_05-1024x396.jpg\" alt=\"\" data-id=\"28924\" data-full-url=\"https:\/\/www.cidademarketing.com.br\/marketing\/wp-content\/uploads\/2021\/09\/amil_05.jpg\" data-link=\"https:\/\/www.cidademarketing.com.br\/marketing\/?attachment_id=28924\" class=\"wp-image-28924\" srcset=\"https:\/\/www.cidademarketing.com.br\/marketing\/wp-content\/uploads\/2021\/09\/amil_05-1024x396.jpg 1024w, https:\/\/www.cidademarketing.com.br\/marketing\/wp-content\/uploads\/2021\/09\/amil_05-300x116.jpg 300w, https:\/\/www.cidademarketing.com.br\/marketing\/wp-content\/uploads\/2021\/09\/amil_05-768x297.jpg 768w, https:\/\/www.cidademarketing.com.br\/marketing\/wp-content\/uploads\/2021\/09\/amil_05-1086x420.jpg 1086w, https:\/\/www.cidademarketing.com.br\/marketing\/wp-content\/uploads\/2021\/09\/amil_05-640x247.jpg 640w, https:\/\/www.cidademarketing.com.br\/marketing\/wp-content\/uploads\/2021\/09\/amil_05-681x263.jpg 681w, https:\/\/www.cidademarketing.com.br\/marketing\/wp-content\/uploads\/2021\/09\/amil_05.jpg 1094w\" sizes=\"(max-width: 1024px) 100vw, 1024px\" \/><\/figure><\/li><\/ul><\/figure>\n\n\n\n<p><\/p>\n\n\n\n<p>\u201cOs problemas de sa\u00fade mental est\u00e3o impactando os funcion\u00e1rios e gestores das empresas, o que acaba afetando os resultados dos neg\u00f3cios. Essa campanha mostra que a Amil, que abra\u00e7ou a bandeira da sa\u00fade mental e cuida da sa\u00fade de mais de 396 mil empresas, est\u00e1 preparada para mudar esse quadro. Nosso objetivo \u00e9 evidenciar as solu\u00e7\u00f5es que permitem aos nossos benefici\u00e1rios contar com o apoio de profissionais de sa\u00fade, inclusive por meio de consultas de urg\u00eancia ou eletivas no ambiente virtual\u201d, explica o diretor de Marketing da Amil, Luiz Periard.&nbsp;<\/p>\n\n\n\n<p>Para o VP de cria\u00e7\u00e3o da ag\u00eancia, Alexandre Vilella (X\u00e3), a Amil \u00e9 respons\u00e1vel por iniciar a uma conversa importante sobre sa\u00fade mental junto da sociedade, com menos tabus e mais acolhimento. \u201cEssa nova campanha apresenta a continua\u00e7\u00e3o de um trabalho j\u00e1 desenvolvido pela Amil, evidenciando a relev\u00e2ncia dessa pauta, sobretudo nesse momento in\u00e9dito em que o mundo vem passando. Nesse filme, apresentamos, atrav\u00e9s de efeitos visuais sutis, o impacto da sa\u00fade mental no ambiente corporativo, nos quais a equipe criativa, em parceria com o cliente, realizou diversos estudos e exerc\u00edcios visuais para chegarmos a esse resultado, usando a sensibilidade como ponto principal\u201d, comenta Alexandre Vilela (X\u00e3), VP de Cria\u00e7\u00e3o da BETC HAVAS.<\/p>\n\n\n\n<p><\/p>\n\n\n\n<figure class=\"wp-block-embed is-type-video is-provider-youtube wp-block-embed-youtube wp-embed-aspect-16-9 wp-has-aspect-ratio\"><div class=\"wp-block-embed__wrapper\">\n<div class=\"youtube-embed\" data-video_id=\"LCgkOLSNtr4\"><iframe title=\"Sa\u00fade Mental - A Cara das Empresas\" width=\"640\" height=\"360\" src=\"https:\/\/www.youtube.com\/embed\/LCgkOLSNtr4?feature=oembed&#038;enablejsapi=1\" frameborder=\"0\" allow=\"accelerometer; autoplay; clipboard-write; encrypted-media; gyroscope; picture-in-picture; web-share\" referrerpolicy=\"strict-origin-when-cross-origin\" allowfullscreen><\/iframe><\/div>\n<\/div><\/figure>\n\n\n\n<p><\/p>\n\n\n\n<p><strong><u>Ficha t\u00e9cnica<\/u><\/strong><\/p>\n\n\n\n<p>Ag\u00eancia: BETC HAVAS<\/p>\n\n\n\n<p>Cliente: Amil Sa\u00fade<\/p>\n\n\n\n<p>Produto: Sa\u00fade Mental&nbsp;<br>Campanha: A Cara das Empresas&nbsp;&nbsp;&nbsp;&nbsp;&nbsp;&nbsp;&nbsp;&nbsp;&nbsp;&nbsp;&nbsp;&nbsp;<\/p>\n\n\n\n<p>CCO: Erh Ray<\/p>\n\n\n\n<p>CBO: Marcos Lacerda<\/p>\n\n\n\n<p>Vice Presidente de Cria\u00e7\u00e3o: Alexandre Vilela (X\u00e3)<\/p>\n\n\n\n<p>Diretor de Cria\u00e7\u00e3o: Alexandre Vilela (X\u00e3), Juliano de Almeida e Melissa Pottker<\/p>\n\n\n\n<p>Cria\u00e7\u00e3o: Luiz Periard, Leonardo Breanza e Caio Carvalho<\/p>\n\n\n\n<p>Marcas &amp; Neg\u00f3cios: Roberta Sanches, Isabela Visani e Malu Figueiredo<\/p>\n\n\n\n<p>Canais &amp; Engajamento: Halph Silva, Bruno Capitani, Tamirys Melo, Sergio Diogo e Wagner Dobner.<\/p>\n\n\n\n<p>Estrat\u00e9gia:&nbsp;Agatha Kim<\/p>\n\n\n\n<p>Produ\u00e7\u00e3o: Anna Ferraz, Juliana Arantes, Ana Carolina Reis&nbsp;e Vinicius Gon\u00e7alves&nbsp;<\/p>\n\n\n\n<p>Produtora de Filme: Santer\u00eda<\/p>\n\n\n\n<p>Dire\u00e7\u00e3o: We are Magn\u00f3lias<\/p>\n\n\n\n<p>Diretor Criativo: Felipe Luchi<\/p>\n\n\n\n<p>Produtora Executivo: Ana Paula Domingues<\/p>\n\n\n\n<p>Diretora de atendimento: Paty Silveira<\/p>\n\n\n\n<p>Atendimento: Hellen Gazetta<\/p>\n\n\n\n<p>Coordena\u00e7\u00e3o de produ\u00e7\u00e3o: Ana Paula Domingues<\/p>\n\n\n\n<p>Dire\u00e7\u00e3o de Fotografia: Guillermo Mus\u00e9<\/p>\n\n\n\n<p>Dire\u00e7\u00e3o de arte: Marcos Sachs<\/p>\n\n\n\n<p>Assistente de arte:&nbsp;Ale Vilela<\/p>\n\n\n\n<p>Coordena\u00e7\u00e3o de P\u00f3s Produ\u00e7\u00e3o: Rafael Tschope<\/p>\n\n\n\n<p>Assist\u00eancia Coordena\u00e7\u00e3o: Luke Sakai &amp; Neide Oliveira<\/p>\n\n\n\n<p>Edi\u00e7\u00e3o e Montagem: Paula Mayumi e Dani<\/p>\n\n\n\n<p>Finaliza\u00e7\u00e3o: Ray Caldas<\/p>\n\n\n\n<p>Color:&nbsp;Marla (Fernando)<\/p>\n\n\n\n<p>P\u00f3s:&nbsp;Warriors VFX&nbsp;<\/p>\n\n\n\n<p>Produtora: Raw Audio&nbsp;<\/p>\n\n\n\n<p>Produ\u00e7\u00e3o Musical: Fernando Forni, Ricardo Pinda e Rogerinho Pereira<\/p>\n\n\n\n<p>Dire\u00e7\u00e3o Musical: Hilton Raw<\/p>\n\n\n\n<p>Sound Design e Mixagem: Enrico Maccio e Philip Braunstein<\/p>\n\n\n\n<p>Atendimento: Fabiana Megda<\/p>\n\n\n\n<p>Coordena\u00e7\u00e3o: Rob\u00e9rio Barbosa<\/p>\n\n\n\n<p>Locutora: Chris Ubach<\/p>\n\n\n\n<p>Aprova\u00e7\u00e3o cliente: Luiz Periard<\/p>\n","protected":false},"excerpt":{"rendered":"<p>A Amil lan\u00e7ou, no dia 5 de setembro, campanha \u2018A Cara das Empresas\u2019, com foco na sa\u00fade mental dos funcion\u00e1rios de empresas de diversos portes.&nbsp; O filme, desenvolvido pela BETC HAVAS, estreia no Setembro Amarelo, m\u00eas em que o assunto se torna ainda mais evidente. O filme ser\u00e1 veiculado em canais de TV aberta e [&hellip;]<\/p>\n","protected":false},"author":1,"featured_media":28923,"comment_status":"open","ping_status":"open","sticky":false,"template":"","format":"standard","meta":{"tdm_status":"","tdm_grid_status":"","footnotes":""},"categories":[6],"tags":[3667,65,33,28],"class_list":["post-28919","post","type-post","status-publish","format-standard","has-post-thumbnail","hentry","category-noticias","tag-amil","tag-campanha","tag-estrategia","tag-marketing"],"yoast_head":"<!-- This site is optimized with the Yoast SEO plugin v27.5 - https:\/\/yoast.com\/product\/yoast-seo-wordpress\/ -->\n<title>Amil apresenta nova campanha - CidadeMarketing<\/title>\n<meta name=\"robots\" content=\"index, follow, max-snippet:-1, max-image-preview:large, max-video-preview:-1\" \/>\n<link rel=\"canonical\" href=\"https:\/\/www.cidademarketing.com.br\/marketing\/2021\/09\/12\/amil-apresenta-nova-campanha\/\" \/>\n<meta property=\"og:locale\" content=\"pt_BR\" \/>\n<meta property=\"og:type\" content=\"article\" \/>\n<meta property=\"og:title\" content=\"Amil apresenta nova campanha - CidadeMarketing\" \/>\n<meta property=\"og:description\" content=\"A Amil lan\u00e7ou, no dia 5 de setembro, campanha \u2018A Cara das Empresas\u2019, com foco na sa\u00fade mental dos funcion\u00e1rios de empresas de diversos portes.&nbsp; O filme, desenvolvido pela BETC HAVAS, estreia no Setembro Amarelo, m\u00eas em que o assunto se torna ainda mais evidente. O filme ser\u00e1 veiculado em canais de TV aberta e [&hellip;]\" \/>\n<meta property=\"og:url\" content=\"https:\/\/www.cidademarketing.com.br\/marketing\/2021\/09\/12\/amil-apresenta-nova-campanha\/\" \/>\n<meta property=\"og:site_name\" content=\"CidadeMarketing\" \/>\n<meta property=\"article:publisher\" content=\"https:\/\/www.facebook.com\/portalcidademarketing\" \/>\n<meta property=\"article:author\" content=\"https:\/\/www.facebook.com\/thalesbrandao\" \/>\n<meta property=\"article:published_time\" content=\"2021-09-12T03:07:42+00:00\" \/>\n<meta property=\"article:modified_time\" content=\"2021-09-12T03:07:44+00:00\" \/>\n<meta property=\"og:image\" content=\"https:\/\/www.cidademarketing.com.br\/marketing\/wp-content\/uploads\/2021\/09\/amil_04.jpg\" \/>\n\t<meta property=\"og:image:width\" content=\"1911\" \/>\n\t<meta property=\"og:image:height\" content=\"724\" \/>\n\t<meta property=\"og:image:type\" content=\"image\/jpeg\" \/>\n<meta name=\"author\" content=\"Thales Brand\u00e3o\" \/>\n<meta name=\"twitter:card\" content=\"summary_large_image\" \/>\n<meta name=\"twitter:creator\" content=\"@http:\/\/www.twitter.com\/thalesbrandao\" \/>\n<meta name=\"twitter:site\" content=\"@CidadeMarketing\" \/>\n<meta name=\"twitter:label1\" content=\"Escrito por\" \/>\n\t<meta name=\"twitter:data1\" content=\"Thales Brand\u00e3o\" \/>\n\t<meta name=\"twitter:label2\" content=\"Est. tempo de leitura\" \/>\n\t<meta name=\"twitter:data2\" content=\"3 minutos\" \/>\n<script type=\"application\/ld+json\" class=\"yoast-schema-graph\">{\"@context\":\"https:\\\/\\\/schema.org\",\"@graph\":[{\"@type\":\"Article\",\"@id\":\"https:\\\/\\\/www.cidademarketing.com.br\\\/marketing\\\/2021\\\/09\\\/12\\\/amil-apresenta-nova-campanha\\\/#article\",\"isPartOf\":{\"@id\":\"https:\\\/\\\/www.cidademarketing.com.br\\\/marketing\\\/2021\\\/09\\\/12\\\/amil-apresenta-nova-campanha\\\/\"},\"author\":{\"name\":\"Thales Brand\u00e3o\",\"@id\":\"https:\\\/\\\/www.cidademarketing.com.br\\\/marketing\\\/#\\\/schema\\\/person\\\/02daff9f18bd9378c9e01eb6b2db155f\"},\"headline\":\"Amil apresenta nova campanha\",\"datePublished\":\"2021-09-12T03:07:42+00:00\",\"dateModified\":\"2021-09-12T03:07:44+00:00\",\"mainEntityOfPage\":{\"@id\":\"https:\\\/\\\/www.cidademarketing.com.br\\\/marketing\\\/2021\\\/09\\\/12\\\/amil-apresenta-nova-campanha\\\/\"},\"wordCount\":661,\"commentCount\":0,\"publisher\":{\"@id\":\"https:\\\/\\\/www.cidademarketing.com.br\\\/marketing\\\/#organization\"},\"image\":{\"@id\":\"https:\\\/\\\/www.cidademarketing.com.br\\\/marketing\\\/2021\\\/09\\\/12\\\/amil-apresenta-nova-campanha\\\/#primaryimage\"},\"thumbnailUrl\":\"https:\\\/\\\/www.cidademarketing.com.br\\\/marketing\\\/wp-content\\\/uploads\\\/2021\\\/09\\\/amil_04.jpg\",\"keywords\":[\"Amil\",\"campanha\",\"estrat\u00e9gia\",\"marketing\"],\"articleSection\":[\"Not\u00edcias\"],\"inLanguage\":\"pt-BR\",\"potentialAction\":[{\"@type\":\"CommentAction\",\"name\":\"Comment\",\"target\":[\"https:\\\/\\\/www.cidademarketing.com.br\\\/marketing\\\/2021\\\/09\\\/12\\\/amil-apresenta-nova-campanha\\\/#respond\"]}]},{\"@type\":\"WebPage\",\"@id\":\"https:\\\/\\\/www.cidademarketing.com.br\\\/marketing\\\/2021\\\/09\\\/12\\\/amil-apresenta-nova-campanha\\\/\",\"url\":\"https:\\\/\\\/www.cidademarketing.com.br\\\/marketing\\\/2021\\\/09\\\/12\\\/amil-apresenta-nova-campanha\\\/\",\"name\":\"Amil apresenta nova campanha - CidadeMarketing\",\"isPartOf\":{\"@id\":\"https:\\\/\\\/www.cidademarketing.com.br\\\/marketing\\\/#website\"},\"primaryImageOfPage\":{\"@id\":\"https:\\\/\\\/www.cidademarketing.com.br\\\/marketing\\\/2021\\\/09\\\/12\\\/amil-apresenta-nova-campanha\\\/#primaryimage\"},\"image\":{\"@id\":\"https:\\\/\\\/www.cidademarketing.com.br\\\/marketing\\\/2021\\\/09\\\/12\\\/amil-apresenta-nova-campanha\\\/#primaryimage\"},\"thumbnailUrl\":\"https:\\\/\\\/www.cidademarketing.com.br\\\/marketing\\\/wp-content\\\/uploads\\\/2021\\\/09\\\/amil_04.jpg\",\"datePublished\":\"2021-09-12T03:07:42+00:00\",\"dateModified\":\"2021-09-12T03:07:44+00:00\",\"breadcrumb\":{\"@id\":\"https:\\\/\\\/www.cidademarketing.com.br\\\/marketing\\\/2021\\\/09\\\/12\\\/amil-apresenta-nova-campanha\\\/#breadcrumb\"},\"inLanguage\":\"pt-BR\",\"potentialAction\":[{\"@type\":\"ReadAction\",\"target\":[\"https:\\\/\\\/www.cidademarketing.com.br\\\/marketing\\\/2021\\\/09\\\/12\\\/amil-apresenta-nova-campanha\\\/\"]}]},{\"@type\":\"ImageObject\",\"inLanguage\":\"pt-BR\",\"@id\":\"https:\\\/\\\/www.cidademarketing.com.br\\\/marketing\\\/2021\\\/09\\\/12\\\/amil-apresenta-nova-campanha\\\/#primaryimage\",\"url\":\"https:\\\/\\\/www.cidademarketing.com.br\\\/marketing\\\/wp-content\\\/uploads\\\/2021\\\/09\\\/amil_04.jpg\",\"contentUrl\":\"https:\\\/\\\/www.cidademarketing.com.br\\\/marketing\\\/wp-content\\\/uploads\\\/2021\\\/09\\\/amil_04.jpg\",\"width\":1911,\"height\":724},{\"@type\":\"BreadcrumbList\",\"@id\":\"https:\\\/\\\/www.cidademarketing.com.br\\\/marketing\\\/2021\\\/09\\\/12\\\/amil-apresenta-nova-campanha\\\/#breadcrumb\",\"itemListElement\":[{\"@type\":\"ListItem\",\"position\":1,\"name\":\"In\u00edcio\",\"item\":\"https:\\\/\\\/www.cidademarketing.com.br\\\/marketing\\\/\"},{\"@type\":\"ListItem\",\"position\":2,\"name\":\"Amil apresenta nova campanha\"}]},{\"@type\":\"WebSite\",\"@id\":\"https:\\\/\\\/www.cidademarketing.com.br\\\/marketing\\\/#website\",\"url\":\"https:\\\/\\\/www.cidademarketing.com.br\\\/marketing\\\/\",\"name\":\"CidadeMarketing\",\"description\":\"Somos um ve\u00edculo de comunica\u00e7\u00e3o de destaque no Brasil, reconhecido por conte\u00fados nos segmentos de marketing, empreendedorismo e inova\u00e7\u00e3o.\",\"publisher\":{\"@id\":\"https:\\\/\\\/www.cidademarketing.com.br\\\/marketing\\\/#organization\"},\"alternateName\":\"CidadeMarketing\",\"potentialAction\":[{\"@type\":\"SearchAction\",\"target\":{\"@type\":\"EntryPoint\",\"urlTemplate\":\"https:\\\/\\\/www.cidademarketing.com.br\\\/marketing\\\/?s={search_term_string}\"},\"query-input\":{\"@type\":\"PropertyValueSpecification\",\"valueRequired\":true,\"valueName\":\"search_term_string\"}}],\"inLanguage\":\"pt-BR\"},{\"@type\":\"Organization\",\"@id\":\"https:\\\/\\\/www.cidademarketing.com.br\\\/marketing\\\/#organization\",\"name\":\"CidadeMarketing\",\"alternateName\":\"CidadeMarketing\",\"url\":\"https:\\\/\\\/www.cidademarketing.com.br\\\/marketing\\\/\",\"logo\":{\"@type\":\"ImageObject\",\"inLanguage\":\"pt-BR\",\"@id\":\"https:\\\/\\\/www.cidademarketing.com.br\\\/marketing\\\/#\\\/schema\\\/logo\\\/image\\\/\",\"url\":\"https:\\\/\\\/www.cidademarketing.com.br\\\/marketing\\\/wp-content\\\/uploads\\\/2020\\\/01\\\/cidademarketing_marca_mobile.png\",\"contentUrl\":\"https:\\\/\\\/www.cidademarketing.com.br\\\/marketing\\\/wp-content\\\/uploads\\\/2020\\\/01\\\/cidademarketing_marca_mobile.png\",\"width\":230,\"height\":92,\"caption\":\"CidadeMarketing\"},\"image\":{\"@id\":\"https:\\\/\\\/www.cidademarketing.com.br\\\/marketing\\\/#\\\/schema\\\/logo\\\/image\\\/\"},\"sameAs\":[\"https:\\\/\\\/www.facebook.com\\\/portalcidademarketing\",\"https:\\\/\\\/x.com\\\/CidadeMarketing\",\"https:\\\/\\\/www.instagram.com\\\/cidademarketing\\\/\"]},{\"@type\":\"Person\",\"@id\":\"https:\\\/\\\/www.cidademarketing.com.br\\\/marketing\\\/#\\\/schema\\\/person\\\/02daff9f18bd9378c9e01eb6b2db155f\",\"name\":\"Thales Brand\u00e3o\",\"image\":{\"@type\":\"ImageObject\",\"inLanguage\":\"pt-BR\",\"@id\":\"https:\\\/\\\/secure.gravatar.com\\\/avatar\\\/7ca3206950207cc3cb48feec56a8a7898741ab725c368d99d5d7a5a50aab80c6?s=96&d=mm&r=g\",\"url\":\"https:\\\/\\\/secure.gravatar.com\\\/avatar\\\/7ca3206950207cc3cb48feec56a8a7898741ab725c368d99d5d7a5a50aab80c6?s=96&d=mm&r=g\",\"contentUrl\":\"https:\\\/\\\/secure.gravatar.com\\\/avatar\\\/7ca3206950207cc3cb48feec56a8a7898741ab725c368d99d5d7a5a50aab80c6?s=96&d=mm&r=g\",\"caption\":\"Thales Brand\u00e3o\"},\"description\":\"Editor Executivo do Portal CidadeMarketing.com.br &gt; Mestre em Comunica\u00e7\u00e3o e Sociedade pela Universidade Federal de Sergipe. Possui MBA Executivo em Administra\u00e7\u00e3o com \u00eanfase em Marketing pela Funda\u00e7\u00e3o Get\u00falio Vargas - Rio de Janeiro. Consultor, Palestrante e Pesquisador sobre Empreendedorismo, Marketing, Redes Sociais e Neg\u00f3cios Digitais. Professor, Palestrante TedxTalks e Campus Party. Twitter: @ThalesBrandao\",\"sameAs\":[\"http:\\\/\\\/www.mandacaru.com.br\",\"https:\\\/\\\/www.facebook.com\\\/thalesbrandao\",\"http:\\\/\\\/www.instagram.com.br\\\/thalesbrandaoferreira\",\"https:\\\/\\\/www.linkedin.com\\\/in\\\/thales-brand\u00e3o-3948609\\\/\",\"https:\\\/\\\/x.com\\\/http:\\\/\\\/www.twitter.com\\\/thalesbrandao\"],\"url\":\"https:\\\/\\\/www.cidademarketing.com.br\\\/marketing\\\/author\\\/thalesbrandao\\\/\"}]}<\/script>\n<!-- \/ Yoast SEO plugin. -->","yoast_head_json":{"title":"Amil apresenta nova campanha - CidadeMarketing","robots":{"index":"index","follow":"follow","max-snippet":"max-snippet:-1","max-image-preview":"max-image-preview:large","max-video-preview":"max-video-preview:-1"},"canonical":"https:\/\/www.cidademarketing.com.br\/marketing\/2021\/09\/12\/amil-apresenta-nova-campanha\/","og_locale":"pt_BR","og_type":"article","og_title":"Amil apresenta nova campanha - CidadeMarketing","og_description":"A Amil lan\u00e7ou, no dia 5 de setembro, campanha \u2018A Cara das Empresas\u2019, com foco na sa\u00fade mental dos funcion\u00e1rios de empresas de diversos portes.&nbsp; O filme, desenvolvido pela BETC HAVAS, estreia no Setembro Amarelo, m\u00eas em que o assunto se torna ainda mais evidente. O filme ser\u00e1 veiculado em canais de TV aberta e [&hellip;]","og_url":"https:\/\/www.cidademarketing.com.br\/marketing\/2021\/09\/12\/amil-apresenta-nova-campanha\/","og_site_name":"CidadeMarketing","article_publisher":"https:\/\/www.facebook.com\/portalcidademarketing","article_author":"https:\/\/www.facebook.com\/thalesbrandao","article_published_time":"2021-09-12T03:07:42+00:00","article_modified_time":"2021-09-12T03:07:44+00:00","og_image":[{"width":1911,"height":724,"url":"https:\/\/www.cidademarketing.com.br\/marketing\/wp-content\/uploads\/2021\/09\/amil_04.jpg","type":"image\/jpeg"}],"author":"Thales Brand\u00e3o","twitter_card":"summary_large_image","twitter_creator":"@http:\/\/www.twitter.com\/thalesbrandao","twitter_site":"@CidadeMarketing","twitter_misc":{"Escrito por":"Thales Brand\u00e3o","Est. tempo de leitura":"3 minutos"},"schema":{"@context":"https:\/\/schema.org","@graph":[{"@type":"Article","@id":"https:\/\/www.cidademarketing.com.br\/marketing\/2021\/09\/12\/amil-apresenta-nova-campanha\/#article","isPartOf":{"@id":"https:\/\/www.cidademarketing.com.br\/marketing\/2021\/09\/12\/amil-apresenta-nova-campanha\/"},"author":{"name":"Thales Brand\u00e3o","@id":"https:\/\/www.cidademarketing.com.br\/marketing\/#\/schema\/person\/02daff9f18bd9378c9e01eb6b2db155f"},"headline":"Amil apresenta nova campanha","datePublished":"2021-09-12T03:07:42+00:00","dateModified":"2021-09-12T03:07:44+00:00","mainEntityOfPage":{"@id":"https:\/\/www.cidademarketing.com.br\/marketing\/2021\/09\/12\/amil-apresenta-nova-campanha\/"},"wordCount":661,"commentCount":0,"publisher":{"@id":"https:\/\/www.cidademarketing.com.br\/marketing\/#organization"},"image":{"@id":"https:\/\/www.cidademarketing.com.br\/marketing\/2021\/09\/12\/amil-apresenta-nova-campanha\/#primaryimage"},"thumbnailUrl":"https:\/\/www.cidademarketing.com.br\/marketing\/wp-content\/uploads\/2021\/09\/amil_04.jpg","keywords":["Amil","campanha","estrat\u00e9gia","marketing"],"articleSection":["Not\u00edcias"],"inLanguage":"pt-BR","potentialAction":[{"@type":"CommentAction","name":"Comment","target":["https:\/\/www.cidademarketing.com.br\/marketing\/2021\/09\/12\/amil-apresenta-nova-campanha\/#respond"]}]},{"@type":"WebPage","@id":"https:\/\/www.cidademarketing.com.br\/marketing\/2021\/09\/12\/amil-apresenta-nova-campanha\/","url":"https:\/\/www.cidademarketing.com.br\/marketing\/2021\/09\/12\/amil-apresenta-nova-campanha\/","name":"Amil apresenta nova campanha - CidadeMarketing","isPartOf":{"@id":"https:\/\/www.cidademarketing.com.br\/marketing\/#website"},"primaryImageOfPage":{"@id":"https:\/\/www.cidademarketing.com.br\/marketing\/2021\/09\/12\/amil-apresenta-nova-campanha\/#primaryimage"},"image":{"@id":"https:\/\/www.cidademarketing.com.br\/marketing\/2021\/09\/12\/amil-apresenta-nova-campanha\/#primaryimage"},"thumbnailUrl":"https:\/\/www.cidademarketing.com.br\/marketing\/wp-content\/uploads\/2021\/09\/amil_04.jpg","datePublished":"2021-09-12T03:07:42+00:00","dateModified":"2021-09-12T03:07:44+00:00","breadcrumb":{"@id":"https:\/\/www.cidademarketing.com.br\/marketing\/2021\/09\/12\/amil-apresenta-nova-campanha\/#breadcrumb"},"inLanguage":"pt-BR","potentialAction":[{"@type":"ReadAction","target":["https:\/\/www.cidademarketing.com.br\/marketing\/2021\/09\/12\/amil-apresenta-nova-campanha\/"]}]},{"@type":"ImageObject","inLanguage":"pt-BR","@id":"https:\/\/www.cidademarketing.com.br\/marketing\/2021\/09\/12\/amil-apresenta-nova-campanha\/#primaryimage","url":"https:\/\/www.cidademarketing.com.br\/marketing\/wp-content\/uploads\/2021\/09\/amil_04.jpg","contentUrl":"https:\/\/www.cidademarketing.com.br\/marketing\/wp-content\/uploads\/2021\/09\/amil_04.jpg","width":1911,"height":724},{"@type":"BreadcrumbList","@id":"https:\/\/www.cidademarketing.com.br\/marketing\/2021\/09\/12\/amil-apresenta-nova-campanha\/#breadcrumb","itemListElement":[{"@type":"ListItem","position":1,"name":"In\u00edcio","item":"https:\/\/www.cidademarketing.com.br\/marketing\/"},{"@type":"ListItem","position":2,"name":"Amil apresenta nova campanha"}]},{"@type":"WebSite","@id":"https:\/\/www.cidademarketing.com.br\/marketing\/#website","url":"https:\/\/www.cidademarketing.com.br\/marketing\/","name":"CidadeMarketing","description":"Somos um ve\u00edculo de comunica\u00e7\u00e3o de destaque no Brasil, reconhecido por conte\u00fados nos segmentos de marketing, empreendedorismo e inova\u00e7\u00e3o.","publisher":{"@id":"https:\/\/www.cidademarketing.com.br\/marketing\/#organization"},"alternateName":"CidadeMarketing","potentialAction":[{"@type":"SearchAction","target":{"@type":"EntryPoint","urlTemplate":"https:\/\/www.cidademarketing.com.br\/marketing\/?s={search_term_string}"},"query-input":{"@type":"PropertyValueSpecification","valueRequired":true,"valueName":"search_term_string"}}],"inLanguage":"pt-BR"},{"@type":"Organization","@id":"https:\/\/www.cidademarketing.com.br\/marketing\/#organization","name":"CidadeMarketing","alternateName":"CidadeMarketing","url":"https:\/\/www.cidademarketing.com.br\/marketing\/","logo":{"@type":"ImageObject","inLanguage":"pt-BR","@id":"https:\/\/www.cidademarketing.com.br\/marketing\/#\/schema\/logo\/image\/","url":"https:\/\/www.cidademarketing.com.br\/marketing\/wp-content\/uploads\/2020\/01\/cidademarketing_marca_mobile.png","contentUrl":"https:\/\/www.cidademarketing.com.br\/marketing\/wp-content\/uploads\/2020\/01\/cidademarketing_marca_mobile.png","width":230,"height":92,"caption":"CidadeMarketing"},"image":{"@id":"https:\/\/www.cidademarketing.com.br\/marketing\/#\/schema\/logo\/image\/"},"sameAs":["https:\/\/www.facebook.com\/portalcidademarketing","https:\/\/x.com\/CidadeMarketing","https:\/\/www.instagram.com\/cidademarketing\/"]},{"@type":"Person","@id":"https:\/\/www.cidademarketing.com.br\/marketing\/#\/schema\/person\/02daff9f18bd9378c9e01eb6b2db155f","name":"Thales Brand\u00e3o","image":{"@type":"ImageObject","inLanguage":"pt-BR","@id":"https:\/\/secure.gravatar.com\/avatar\/7ca3206950207cc3cb48feec56a8a7898741ab725c368d99d5d7a5a50aab80c6?s=96&d=mm&r=g","url":"https:\/\/secure.gravatar.com\/avatar\/7ca3206950207cc3cb48feec56a8a7898741ab725c368d99d5d7a5a50aab80c6?s=96&d=mm&r=g","contentUrl":"https:\/\/secure.gravatar.com\/avatar\/7ca3206950207cc3cb48feec56a8a7898741ab725c368d99d5d7a5a50aab80c6?s=96&d=mm&r=g","caption":"Thales Brand\u00e3o"},"description":"Editor Executivo do Portal CidadeMarketing.com.br &gt; Mestre em Comunica\u00e7\u00e3o e Sociedade pela Universidade Federal de Sergipe. Possui MBA Executivo em Administra\u00e7\u00e3o com \u00eanfase em Marketing pela Funda\u00e7\u00e3o Get\u00falio Vargas - Rio de Janeiro. Consultor, Palestrante e Pesquisador sobre Empreendedorismo, Marketing, Redes Sociais e Neg\u00f3cios Digitais. Professor, Palestrante TedxTalks e Campus Party. Twitter: @ThalesBrandao","sameAs":["http:\/\/www.mandacaru.com.br","https:\/\/www.facebook.com\/thalesbrandao","http:\/\/www.instagram.com.br\/thalesbrandaoferreira","https:\/\/www.linkedin.com\/in\/thales-brand\u00e3o-3948609\/","https:\/\/x.com\/http:\/\/www.twitter.com\/thalesbrandao"],"url":"https:\/\/www.cidademarketing.com.br\/marketing\/author\/thalesbrandao\/"}]}},"amp_enabled":true,"_links":{"self":[{"href":"https:\/\/www.cidademarketing.com.br\/marketing\/wp-json\/wp\/v2\/posts\/28919","targetHints":{"allow":["GET"]}}],"collection":[{"href":"https:\/\/www.cidademarketing.com.br\/marketing\/wp-json\/wp\/v2\/posts"}],"about":[{"href":"https:\/\/www.cidademarketing.com.br\/marketing\/wp-json\/wp\/v2\/types\/post"}],"author":[{"embeddable":true,"href":"https:\/\/www.cidademarketing.com.br\/marketing\/wp-json\/wp\/v2\/users\/1"}],"replies":[{"embeddable":true,"href":"https:\/\/www.cidademarketing.com.br\/marketing\/wp-json\/wp\/v2\/comments?post=28919"}],"version-history":[{"count":1,"href":"https:\/\/www.cidademarketing.com.br\/marketing\/wp-json\/wp\/v2\/posts\/28919\/revisions"}],"predecessor-version":[{"id":28925,"href":"https:\/\/www.cidademarketing.com.br\/marketing\/wp-json\/wp\/v2\/posts\/28919\/revisions\/28925"}],"wp:featuredmedia":[{"embeddable":true,"href":"https:\/\/www.cidademarketing.com.br\/marketing\/wp-json\/wp\/v2\/media\/28923"}],"wp:attachment":[{"href":"https:\/\/www.cidademarketing.com.br\/marketing\/wp-json\/wp\/v2\/media?parent=28919"}],"wp:term":[{"taxonomy":"category","embeddable":true,"href":"https:\/\/www.cidademarketing.com.br\/marketing\/wp-json\/wp\/v2\/categories?post=28919"},{"taxonomy":"post_tag","embeddable":true,"href":"https:\/\/www.cidademarketing.com.br\/marketing\/wp-json\/wp\/v2\/tags?post=28919"}],"curies":[{"name":"wp","href":"https:\/\/api.w.org\/{rel}","templated":true}]}}