{"id":28908,"date":"2021-09-11T23:44:30","date_gmt":"2021-09-12T02:44:30","guid":{"rendered":"https:\/\/www.cidademarketing.com.br\/marketing\/?p=28908"},"modified":"2021-09-11T23:44:32","modified_gmt":"2021-09-12T02:44:32","slug":"michel-telo-e-o-novo-embaixador-de-old-parr","status":"publish","type":"post","link":"https:\/\/www.cidademarketing.com.br\/marketing\/2021\/09\/11\/michel-telo-e-o-novo-embaixador-de-old-parr\/","title":{"rendered":"Michel Tel\u00f3 \u00e9 o novo embaixador de Old Parr"},"content":{"rendered":"\n<p><strong>Old Parr<\/strong>,\u00a0marca de whisky\u00a0da Diageo Brasil, lan\u00e7a sua primeira campanha desenvolvida exclusivamente para o territ\u00f3rio nacional. E para promover a novidade, a marca conta com o protagonismo de\u00a0<strong>Michel Tel\u00f3<\/strong>. Sob o conceito global \u201cA vida bem vivida\u201d, a iniciativa estimula a import\u00e2ncia dos momentos de descontra\u00e7\u00e3o e de recarregamento das energias depois de uma rotina atarefada.<\/p>\n\n\n\n<p><\/p>\n\n\n\n<figure class=\"wp-block-gallery columns-2 is-cropped wp-block-gallery-1 is-layout-flex wp-block-gallery-is-layout-flex\"><ul class=\"blocks-gallery-grid\"><li class=\"blocks-gallery-item\"><figure><img fetchpriority=\"high\" decoding=\"async\" width=\"1024\" height=\"548\" src=\"https:\/\/www.cidademarketing.com.br\/marketing\/wp-content\/uploads\/2021\/09\/2dd5bd9cb06c48efc20dbb514ab0dc44NfBhsKfjVXiPx9zY-0-1024x548.jpg\" alt=\"\" data-id=\"28910\" data-full-url=\"https:\/\/www.cidademarketing.com.br\/marketing\/wp-content\/uploads\/2021\/09\/2dd5bd9cb06c48efc20dbb514ab0dc44NfBhsKfjVXiPx9zY-0.jpg\" data-link=\"https:\/\/www.cidademarketing.com.br\/marketing\/?attachment_id=28910\" class=\"wp-image-28910\" srcset=\"https:\/\/www.cidademarketing.com.br\/marketing\/wp-content\/uploads\/2021\/09\/2dd5bd9cb06c48efc20dbb514ab0dc44NfBhsKfjVXiPx9zY-0-1024x548.jpg 1024w, https:\/\/www.cidademarketing.com.br\/marketing\/wp-content\/uploads\/2021\/09\/2dd5bd9cb06c48efc20dbb514ab0dc44NfBhsKfjVXiPx9zY-0-300x160.jpg 300w, https:\/\/www.cidademarketing.com.br\/marketing\/wp-content\/uploads\/2021\/09\/2dd5bd9cb06c48efc20dbb514ab0dc44NfBhsKfjVXiPx9zY-0-768x411.jpg 768w, https:\/\/www.cidademarketing.com.br\/marketing\/wp-content\/uploads\/2021\/09\/2dd5bd9cb06c48efc20dbb514ab0dc44NfBhsKfjVXiPx9zY-0-1536x822.jpg 1536w, https:\/\/www.cidademarketing.com.br\/marketing\/wp-content\/uploads\/2021\/09\/2dd5bd9cb06c48efc20dbb514ab0dc44NfBhsKfjVXiPx9zY-0-784x420.jpg 784w, https:\/\/www.cidademarketing.com.br\/marketing\/wp-content\/uploads\/2021\/09\/2dd5bd9cb06c48efc20dbb514ab0dc44NfBhsKfjVXiPx9zY-0-640x343.jpg 640w, https:\/\/www.cidademarketing.com.br\/marketing\/wp-content\/uploads\/2021\/09\/2dd5bd9cb06c48efc20dbb514ab0dc44NfBhsKfjVXiPx9zY-0-681x365.jpg 681w, https:\/\/www.cidademarketing.com.br\/marketing\/wp-content\/uploads\/2021\/09\/2dd5bd9cb06c48efc20dbb514ab0dc44NfBhsKfjVXiPx9zY-0.jpg 1920w\" sizes=\"(max-width: 1024px) 100vw, 1024px\" \/><\/figure><\/li><li class=\"blocks-gallery-item\"><figure><img decoding=\"async\" width=\"1024\" height=\"576\" src=\"https:\/\/www.cidademarketing.com.br\/marketing\/wp-content\/uploads\/2021\/09\/old-par-hora-da-vida-bem-vivida-30vs-on-bl-RSZ-Result.00-00-22-09.Still006-1024x576.jpg\" alt=\"\" data-id=\"28911\" data-full-url=\"https:\/\/www.cidademarketing.com.br\/marketing\/wp-content\/uploads\/2021\/09\/old-par-hora-da-vida-bem-vivida-30vs-on-bl-RSZ-Result.00-00-22-09.Still006.jpg\" data-link=\"https:\/\/www.cidademarketing.com.br\/marketing\/?attachment_id=28911\" class=\"wp-image-28911\" srcset=\"https:\/\/www.cidademarketing.com.br\/marketing\/wp-content\/uploads\/2021\/09\/old-par-hora-da-vida-bem-vivida-30vs-on-bl-RSZ-Result.00-00-22-09.Still006-1024x576.jpg 1024w, https:\/\/www.cidademarketing.com.br\/marketing\/wp-content\/uploads\/2021\/09\/old-par-hora-da-vida-bem-vivida-30vs-on-bl-RSZ-Result.00-00-22-09.Still006-300x169.jpg 300w, https:\/\/www.cidademarketing.com.br\/marketing\/wp-content\/uploads\/2021\/09\/old-par-hora-da-vida-bem-vivida-30vs-on-bl-RSZ-Result.00-00-22-09.Still006-768x432.jpg 768w, https:\/\/www.cidademarketing.com.br\/marketing\/wp-content\/uploads\/2021\/09\/old-par-hora-da-vida-bem-vivida-30vs-on-bl-RSZ-Result.00-00-22-09.Still006-1536x864.jpg 1536w, https:\/\/www.cidademarketing.com.br\/marketing\/wp-content\/uploads\/2021\/09\/old-par-hora-da-vida-bem-vivida-30vs-on-bl-RSZ-Result.00-00-22-09.Still006-747x420.jpg 747w, https:\/\/www.cidademarketing.com.br\/marketing\/wp-content\/uploads\/2021\/09\/old-par-hora-da-vida-bem-vivida-30vs-on-bl-RSZ-Result.00-00-22-09.Still006-640x360.jpg 640w, https:\/\/www.cidademarketing.com.br\/marketing\/wp-content\/uploads\/2021\/09\/old-par-hora-da-vida-bem-vivida-30vs-on-bl-RSZ-Result.00-00-22-09.Still006-681x383.jpg 681w, https:\/\/www.cidademarketing.com.br\/marketing\/wp-content\/uploads\/2021\/09\/old-par-hora-da-vida-bem-vivida-30vs-on-bl-RSZ-Result.00-00-22-09.Still006.jpg 1920w\" sizes=\"(max-width: 1024px) 100vw, 1024px\" \/><\/figure><\/li><\/ul><\/figure>\n\n\n\n<p><\/p>\n\n\n\n<p><em>\u201cO momento \u00e9 muito especial para a marca, l\u00edder de mercado, mas que at\u00e9 hoje tinha os esfor\u00e7os de comunica\u00e7\u00e3o regionalizados. Para isso, estamos vindo com essa parceria de peso que \u00e9 bem importante, j\u00e1 que o Michel personaliza os valores e o lifestyle de Old Parr, com uma atitude positiva, aproveitando o que \u00e9 de fato importante na vida\u201d<\/em>, destaca Juliana Ballarin, Head da Categoria de Scotch na DIAGEO.<\/p>\n\n\n\n<p>Criada pela&nbsp;<strong>AlmapBBDO<\/strong>, a campanha de Old Parr come\u00e7a com filmes de 30, 15 e 5 segundos, produzido pela Cine, que mostra Michel Tel\u00f3 finalizando uma agenda de grava\u00e7\u00f5es no est\u00fadio e indo ao bar com os amigos para encerrar o dia apreciando \u201cA hora bem vivida\u201d. A produ\u00e7\u00e3o, carregada de humor e que faz uso da famosa m\u00fasica&nbsp;<em>Ai Se Eu Te Pego<\/em>, ser\u00e1 veiculada em TV aberta e fechada, e desdobrada nas redes sociais oficiais da marca e do cantor.<\/p>\n\n\n\n<p><em>\u201cEssa \u00e9 a primeira vez que Old Parr desenvolve uma comunica\u00e7\u00e3o totalmente nacional. Com ela, tentamos traduzir para algo bem brasileiro o real significado da \u201chora da vida bem vivida\u201d e para isso, apostamos na cultura popular ao trazer o Michel Tel\u00f3 e seu hit para o contexto\u201d,<\/em>&nbsp;finaliza Maysa Oliveira, Head de Atendimento da AlmapBBDO.<\/p>\n\n\n\n<p><\/p>\n\n\n\n<figure class=\"wp-block-embed is-type-video is-provider-youtube wp-block-embed-youtube wp-embed-aspect-16-9 wp-has-aspect-ratio\"><div class=\"wp-block-embed__wrapper\">\n<div class=\"youtube-embed\" data-video_id=\"A_ambqmkqGE\"><iframe title=\"Old Parr | A vida bem vivida\" width=\"640\" height=\"360\" src=\"https:\/\/www.youtube.com\/embed\/A_ambqmkqGE?feature=oembed&#038;enablejsapi=1\" frameborder=\"0\" allow=\"accelerometer; autoplay; clipboard-write; encrypted-media; gyroscope; picture-in-picture; web-share\" referrerpolicy=\"strict-origin-when-cross-origin\" allowfullscreen><\/iframe><\/div>\n<\/div><\/figure>\n\n\n\n<p><\/p>\n\n\n\n<p><strong><u>Ficha T\u00e9cnica<\/u><\/strong><\/p>\n\n\n\n<p><strong>Ag\u00eancia:<\/strong>&nbsp;AlmapBBDO<\/p>\n\n\n\n<p><strong>Anunciante:&nbsp;<\/strong>Diageo<\/p>\n\n\n\n<p><strong>Produto:&nbsp;<\/strong>Old Parr<\/p>\n\n\n\n<p><strong>Campanha:<\/strong>&nbsp;Vida bem vivida<\/p>\n\n\n\n<p><strong>CCO:<\/strong>&nbsp;Luiz Sanches<\/p>\n\n\n\n<p><strong>Diretor de cria\u00e7\u00e3o executivo:<\/strong>&nbsp;Marcelo Nogueira<\/p>\n\n\n\n<p><strong>Diretor de cria\u00e7\u00e3o:<\/strong>&nbsp;Fernando Duarte, Henrique Del Lama<\/p>\n\n\n\n<p><strong>Cria\u00e7\u00e3o:<\/strong>&nbsp;Pedro Ximenes<\/p>\n\n\n\n<p><strong>Atendimento:<\/strong>&nbsp;Maysa Oliveira, Isabela Crestana, Cris Almeida, Fabio Barros<\/p>\n\n\n\n<p><strong>Planejamento:<\/strong>&nbsp;Jo\u00e3o Gabriel Fernandes, Janaina Agostini<\/p>\n\n\n\n<p><strong>M\u00eddia:<\/strong>&nbsp;Rafaela Alves, Brian Crotty, Kristin Hendrickson, Ingrid Oliveira, Daiane Ferreira, Bruno Miracco<\/p>\n\n\n\n<p><strong>Conte\u00fado:<\/strong>&nbsp;Chris Mello, Eduardo Nasi, Gisele Giardelli<\/p>\n\n\n\n<p><strong>Produ\u00e7\u00e3o Audiovisual:<\/strong>&nbsp;Vera Jacinto, Diego Villas B\u00f4as,&nbsp;Paula Buzzi e Leo Damasceno<\/p>\n\n\n\n<p><strong>Produtora de imagem:<\/strong>&nbsp;SquarePixel<\/p>\n\n\n\n<p><strong>Produ\u00e7\u00e3o Executiva:<\/strong>&nbsp;Marcelo Vidal \/ Aramis Barros \/ Raphael Dias<\/p>\n\n\n\n<p><strong>DIRE\u00c7\u00c3O:<\/strong>&nbsp;2VIL\u00c3O (Mari e Peri)<\/p>\n\n\n\n<p><strong>Assistente de Dire\u00e7\u00e3o:<\/strong>&nbsp;Luiza Viglio<\/p>\n\n\n\n<p><strong>Dire\u00e7\u00e3o de Produ\u00e7\u00e3o:<\/strong>&nbsp;Miri Balen \/ Sabrina Peixoto<\/p>\n\n\n\n<p><strong>Diretor de Fotografia:<\/strong>&nbsp;Raphael Medeiros<\/p>\n\n\n\n<p><strong>Assistente de C\u00e2mera:<\/strong>&nbsp;Luiz Caetano<\/p>\n\n\n\n<p><strong>Logger\/ Streamer:<\/strong>&nbsp;Joey do Nascimento Silva<\/p>\n\n\n\n<p><strong>Gaffer :<\/strong>&nbsp;Rodrigo Graf<\/p>\n\n\n\n<p><strong>1\u00ba Ass El\u00e9trica:<\/strong>&nbsp;Daniel Berg<\/p>\n\n\n\n<p><strong>Stylist:<\/strong>&nbsp;Gabi Clark<\/p>\n\n\n\n<p><strong>Camareira:&nbsp;<\/strong>Cris dos Anjos<\/p>\n\n\n\n<p><strong>Maquiadora:<\/strong>&nbsp;Ingrid Duarte<\/p>\n\n\n\n<p><strong>Edi\u00e7\u00e3o:<\/strong>&nbsp;Hugo Freitas<\/p>\n\n\n\n<p><strong>Motion graphics:<\/strong>&nbsp;Lucas Vianna<\/p>\n\n\n\n<p><strong>Coloriza\u00e7\u00e3o:<\/strong>&nbsp;Andr\u00e9 Tavares<\/p>\n\n\n\n<p><strong>Coordena\u00e7\u00e3o e atendimento:<\/strong>&nbsp;Gabriela Fragoso<\/p>\n\n\n\n<p><strong>Produtora de Som:<\/strong>&nbsp;Satelite Audio<\/p>\n\n\n\n<p><strong>Dire\u00e7\u00e3o e Produ\u00e7\u00e3o Musical:<\/strong>&nbsp;Kito Siqueira, Roberto Coelho, Hurso Ambrifi e Thiago Colli<\/p>\n\n\n\n<p><strong>Atendimento:<\/strong>&nbsp;Larissa Sarkis e Carol Ara\u00fajo<\/p>\n\n\n\n<p><strong>Produ\u00e7\u00e3o Musical:<\/strong>&nbsp;Mike Vlcek, Charly Coombes, Koitty e Helton Oliveira.<\/p>\n\n\n\n<p><strong>Finaliza\u00e7\u00e3o:<\/strong>&nbsp;Carla C\u00f3rnea, Pedro Macedo, Ian Sierra, Renan Marques e Vithor Moraes.<\/p>\n\n\n\n<p><strong>Coordena\u00e7\u00e3o de produ\u00e7\u00e3o:<\/strong>&nbsp;Ana Cordeiro, Larissa Costa e D\u00e9bora Mello.<\/p>\n\n\n\n<p><strong>M\u00fasica:<\/strong>&nbsp;SUPERHOMEM &#8211; A CAN\u00c7\u00c3O (Gilberto Gil) \u00a9 Gege Edi\u00e7\u00f5es Musicais<\/p>\n\n\n\n<p><strong>Cantores:<\/strong>&nbsp;Gab Ferruz e Tib\u00ed<\/p>\n\n\n\n<p><strong>Ag\u00eancia de Influ\u00eancia:<\/strong>&nbsp;Br M\u00eddia<\/p>\n\n\n\n<p><strong>Aprova\u00e7\u00e3o cliente:<\/strong>&nbsp;Gregorio Gutierrez,&nbsp;Paula Costa, Juliana Ballarin e Gabriel Garcia<\/p>\n\n\n\n<p><strong>Produtora de Imagem:&nbsp;<\/strong>CINE&nbsp;<\/p>\n\n\n\n<p><strong>Diretor:<\/strong>&nbsp;Clovis Mello<\/p>\n\n\n\n<p><strong>Produ\u00e7\u00e3o Executiva:<\/strong>&nbsp;Raul Doria e Deo Borba<\/p>\n\n\n\n<p><strong>Diretor de Fotografia:<\/strong>&nbsp;Jean Benoit&nbsp;<\/p>\n\n\n\n<p><strong>Assistente de Dire\u00e7\u00e3o:<\/strong>&nbsp;Luciano Arturo&nbsp;<\/p>\n\n\n\n<p><strong>Line Producer:<\/strong>&nbsp;Fernanda Mormanno<\/p>\n\n\n\n<p><strong>Coordena\u00e7\u00e3o de Produ\u00e7\u00e3o:<\/strong>&nbsp;Jair Costa<\/p>\n\n\n\n<p><strong>Diretor de produ\u00e7\u00e3o:<\/strong>&nbsp;Rafael Mello<\/p>\n\n\n\n<p><strong>Montagem:<\/strong>&nbsp;Jo\u00e3o Branco<\/p>\n\n\n\n<p><strong>Coordenador de Ilha de edi\u00e7\u00e3o:<\/strong>&nbsp;Marcos Eduardo Santos&nbsp;<\/p>\n\n\n\n<p><strong>Coordenador de P\u00f3s-Produ\u00e7\u00e3o:<\/strong>&nbsp;Sergio Cicinelli e Lucas de Paula&nbsp;<\/p>\n\n\n\n<p><strong>Finaliza\u00e7\u00e3o:<\/strong>&nbsp;CINE X<\/p>\n\n\n\n<p><strong>Produtora de \u00c1udio:<\/strong>&nbsp;Raw Audio<br><strong>Produ\u00e7\u00e3o Musical:&nbsp;<\/strong>Fernando Forni, Ricardo Pinda e Rogerinho Pereira<br><strong>Dire\u00e7\u00e3o Musical:<\/strong>&nbsp;Hilton Raw<br><strong>Sound Design e Mixagem:<\/strong>&nbsp;Enrico Maccio e Philip Braunstein<br><strong>Atendimento:<\/strong>&nbsp;Carol Peternelli<br><strong>Coordena\u00e7\u00e3o:<\/strong>&nbsp;Rob\u00e9rio Barbosa<\/p>\n","protected":false},"excerpt":{"rendered":"<p>Old Parr,\u00a0marca de whisky\u00a0da Diageo Brasil, lan\u00e7a sua primeira campanha desenvolvida exclusivamente para o territ\u00f3rio nacional. E para promover a novidade, a marca conta com o protagonismo de\u00a0Michel Tel\u00f3. Sob o conceito global \u201cA vida bem vivida\u201d, a iniciativa estimula a import\u00e2ncia dos momentos de descontra\u00e7\u00e3o e de recarregamento das energias depois de uma rotina [&hellip;]<\/p>\n","protected":false},"author":1,"featured_media":28909,"comment_status":"open","ping_status":"open","sticky":false,"template":"","format":"standard","meta":{"tdm_status":"","tdm_grid_status":"","footnotes":""},"categories":[6],"tags":[4516,37,1660,4515],"class_list":["post-28908","post","type-post","status-publish","format-standard","has-post-thumbnail","hentry","category-noticias","tag-embaixador","tag-marca","tag-michel-telo","tag-old-parr"],"yoast_head":"<!-- This site is optimized with the Yoast SEO plugin v27.5 - https:\/\/yoast.com\/product\/yoast-seo-wordpress\/ -->\n<title>Michel Tel\u00f3 \u00e9 o novo embaixador de Old Parr - CidadeMarketing<\/title>\n<meta name=\"robots\" content=\"index, follow, max-snippet:-1, max-image-preview:large, max-video-preview:-1\" \/>\n<link rel=\"canonical\" href=\"https:\/\/www.cidademarketing.com.br\/marketing\/2021\/09\/11\/michel-telo-e-o-novo-embaixador-de-old-parr\/\" \/>\n<meta property=\"og:locale\" content=\"pt_BR\" \/>\n<meta property=\"og:type\" content=\"article\" \/>\n<meta property=\"og:title\" content=\"Michel Tel\u00f3 \u00e9 o novo embaixador de Old Parr - CidadeMarketing\" \/>\n<meta property=\"og:description\" content=\"Old Parr,\u00a0marca de whisky\u00a0da Diageo Brasil, lan\u00e7a sua primeira campanha desenvolvida exclusivamente para o territ\u00f3rio nacional. E para promover a novidade, a marca conta com o protagonismo de\u00a0Michel Tel\u00f3. Sob o conceito global \u201cA vida bem vivida\u201d, a iniciativa estimula a import\u00e2ncia dos momentos de descontra\u00e7\u00e3o e de recarregamento das energias depois de uma rotina [&hellip;]\" \/>\n<meta property=\"og:url\" content=\"https:\/\/www.cidademarketing.com.br\/marketing\/2021\/09\/11\/michel-telo-e-o-novo-embaixador-de-old-parr\/\" \/>\n<meta property=\"og:site_name\" content=\"CidadeMarketing\" \/>\n<meta property=\"article:publisher\" content=\"https:\/\/www.facebook.com\/portalcidademarketing\" \/>\n<meta property=\"article:author\" content=\"https:\/\/www.facebook.com\/thalesbrandao\" \/>\n<meta property=\"article:published_time\" content=\"2021-09-12T02:44:30+00:00\" \/>\n<meta property=\"article:modified_time\" content=\"2021-09-12T02:44:32+00:00\" \/>\n<meta property=\"og:image\" content=\"https:\/\/www.cidademarketing.com.br\/marketing\/wp-content\/uploads\/2021\/09\/old-par-hora-da-vida-bem-vivida-30vs-on-bl-RSZ-Result.00-00-07-20.Still002-1024x576.jpg\" \/>\n\t<meta property=\"og:image:width\" content=\"1024\" \/>\n\t<meta property=\"og:image:height\" content=\"576\" \/>\n\t<meta property=\"og:image:type\" content=\"image\/jpeg\" \/>\n<meta name=\"author\" content=\"Thales Brand\u00e3o\" \/>\n<meta name=\"twitter:card\" content=\"summary_large_image\" \/>\n<meta name=\"twitter:creator\" content=\"@http:\/\/www.twitter.com\/thalesbrandao\" \/>\n<meta name=\"twitter:site\" content=\"@CidadeMarketing\" \/>\n<meta name=\"twitter:label1\" content=\"Escrito por\" \/>\n\t<meta name=\"twitter:data1\" content=\"Thales Brand\u00e3o\" \/>\n\t<meta name=\"twitter:label2\" content=\"Est. tempo de leitura\" \/>\n\t<meta name=\"twitter:data2\" content=\"4 minutos\" \/>\n<script type=\"application\/ld+json\" class=\"yoast-schema-graph\">{\"@context\":\"https:\\\/\\\/schema.org\",\"@graph\":[{\"@type\":\"Article\",\"@id\":\"https:\\\/\\\/www.cidademarketing.com.br\\\/marketing\\\/2021\\\/09\\\/11\\\/michel-telo-e-o-novo-embaixador-de-old-parr\\\/#article\",\"isPartOf\":{\"@id\":\"https:\\\/\\\/www.cidademarketing.com.br\\\/marketing\\\/2021\\\/09\\\/11\\\/michel-telo-e-o-novo-embaixador-de-old-parr\\\/\"},\"author\":{\"name\":\"Thales Brand\u00e3o\",\"@id\":\"https:\\\/\\\/www.cidademarketing.com.br\\\/marketing\\\/#\\\/schema\\\/person\\\/02daff9f18bd9378c9e01eb6b2db155f\"},\"headline\":\"Michel Tel\u00f3 \u00e9 o novo embaixador de Old Parr\",\"datePublished\":\"2021-09-12T02:44:30+00:00\",\"dateModified\":\"2021-09-12T02:44:32+00:00\",\"mainEntityOfPage\":{\"@id\":\"https:\\\/\\\/www.cidademarketing.com.br\\\/marketing\\\/2021\\\/09\\\/11\\\/michel-telo-e-o-novo-embaixador-de-old-parr\\\/\"},\"wordCount\":750,\"commentCount\":0,\"publisher\":{\"@id\":\"https:\\\/\\\/www.cidademarketing.com.br\\\/marketing\\\/#organization\"},\"image\":{\"@id\":\"https:\\\/\\\/www.cidademarketing.com.br\\\/marketing\\\/2021\\\/09\\\/11\\\/michel-telo-e-o-novo-embaixador-de-old-parr\\\/#primaryimage\"},\"thumbnailUrl\":\"https:\\\/\\\/www.cidademarketing.com.br\\\/marketing\\\/wp-content\\\/uploads\\\/2021\\\/09\\\/old-par-hora-da-vida-bem-vivida-30vs-on-bl-RSZ-Result.00-00-07-20.Still002.jpg\",\"keywords\":[\"embaixador\",\"marca\",\"Michel Tel\u00f3\",\"Old Parr\"],\"articleSection\":[\"Not\u00edcias\"],\"inLanguage\":\"pt-BR\",\"potentialAction\":[{\"@type\":\"CommentAction\",\"name\":\"Comment\",\"target\":[\"https:\\\/\\\/www.cidademarketing.com.br\\\/marketing\\\/2021\\\/09\\\/11\\\/michel-telo-e-o-novo-embaixador-de-old-parr\\\/#respond\"]}]},{\"@type\":\"WebPage\",\"@id\":\"https:\\\/\\\/www.cidademarketing.com.br\\\/marketing\\\/2021\\\/09\\\/11\\\/michel-telo-e-o-novo-embaixador-de-old-parr\\\/\",\"url\":\"https:\\\/\\\/www.cidademarketing.com.br\\\/marketing\\\/2021\\\/09\\\/11\\\/michel-telo-e-o-novo-embaixador-de-old-parr\\\/\",\"name\":\"Michel Tel\u00f3 \u00e9 o novo embaixador de Old Parr - CidadeMarketing\",\"isPartOf\":{\"@id\":\"https:\\\/\\\/www.cidademarketing.com.br\\\/marketing\\\/#website\"},\"primaryImageOfPage\":{\"@id\":\"https:\\\/\\\/www.cidademarketing.com.br\\\/marketing\\\/2021\\\/09\\\/11\\\/michel-telo-e-o-novo-embaixador-de-old-parr\\\/#primaryimage\"},\"image\":{\"@id\":\"https:\\\/\\\/www.cidademarketing.com.br\\\/marketing\\\/2021\\\/09\\\/11\\\/michel-telo-e-o-novo-embaixador-de-old-parr\\\/#primaryimage\"},\"thumbnailUrl\":\"https:\\\/\\\/www.cidademarketing.com.br\\\/marketing\\\/wp-content\\\/uploads\\\/2021\\\/09\\\/old-par-hora-da-vida-bem-vivida-30vs-on-bl-RSZ-Result.00-00-07-20.Still002.jpg\",\"datePublished\":\"2021-09-12T02:44:30+00:00\",\"dateModified\":\"2021-09-12T02:44:32+00:00\",\"breadcrumb\":{\"@id\":\"https:\\\/\\\/www.cidademarketing.com.br\\\/marketing\\\/2021\\\/09\\\/11\\\/michel-telo-e-o-novo-embaixador-de-old-parr\\\/#breadcrumb\"},\"inLanguage\":\"pt-BR\",\"potentialAction\":[{\"@type\":\"ReadAction\",\"target\":[\"https:\\\/\\\/www.cidademarketing.com.br\\\/marketing\\\/2021\\\/09\\\/11\\\/michel-telo-e-o-novo-embaixador-de-old-parr\\\/\"]}]},{\"@type\":\"ImageObject\",\"inLanguage\":\"pt-BR\",\"@id\":\"https:\\\/\\\/www.cidademarketing.com.br\\\/marketing\\\/2021\\\/09\\\/11\\\/michel-telo-e-o-novo-embaixador-de-old-parr\\\/#primaryimage\",\"url\":\"https:\\\/\\\/www.cidademarketing.com.br\\\/marketing\\\/wp-content\\\/uploads\\\/2021\\\/09\\\/old-par-hora-da-vida-bem-vivida-30vs-on-bl-RSZ-Result.00-00-07-20.Still002.jpg\",\"contentUrl\":\"https:\\\/\\\/www.cidademarketing.com.br\\\/marketing\\\/wp-content\\\/uploads\\\/2021\\\/09\\\/old-par-hora-da-vida-bem-vivida-30vs-on-bl-RSZ-Result.00-00-07-20.Still002.jpg\",\"width\":1920,\"height\":1080},{\"@type\":\"BreadcrumbList\",\"@id\":\"https:\\\/\\\/www.cidademarketing.com.br\\\/marketing\\\/2021\\\/09\\\/11\\\/michel-telo-e-o-novo-embaixador-de-old-parr\\\/#breadcrumb\",\"itemListElement\":[{\"@type\":\"ListItem\",\"position\":1,\"name\":\"In\u00edcio\",\"item\":\"https:\\\/\\\/www.cidademarketing.com.br\\\/marketing\\\/\"},{\"@type\":\"ListItem\",\"position\":2,\"name\":\"Michel Tel\u00f3 \u00e9 o novo embaixador de Old Parr\"}]},{\"@type\":\"WebSite\",\"@id\":\"https:\\\/\\\/www.cidademarketing.com.br\\\/marketing\\\/#website\",\"url\":\"https:\\\/\\\/www.cidademarketing.com.br\\\/marketing\\\/\",\"name\":\"CidadeMarketing\",\"description\":\"Somos um ve\u00edculo de comunica\u00e7\u00e3o de destaque no Brasil, reconhecido por conte\u00fados nos segmentos de marketing, empreendedorismo e inova\u00e7\u00e3o.\",\"publisher\":{\"@id\":\"https:\\\/\\\/www.cidademarketing.com.br\\\/marketing\\\/#organization\"},\"alternateName\":\"CidadeMarketing\",\"potentialAction\":[{\"@type\":\"SearchAction\",\"target\":{\"@type\":\"EntryPoint\",\"urlTemplate\":\"https:\\\/\\\/www.cidademarketing.com.br\\\/marketing\\\/?s={search_term_string}\"},\"query-input\":{\"@type\":\"PropertyValueSpecification\",\"valueRequired\":true,\"valueName\":\"search_term_string\"}}],\"inLanguage\":\"pt-BR\"},{\"@type\":\"Organization\",\"@id\":\"https:\\\/\\\/www.cidademarketing.com.br\\\/marketing\\\/#organization\",\"name\":\"CidadeMarketing\",\"alternateName\":\"CidadeMarketing\",\"url\":\"https:\\\/\\\/www.cidademarketing.com.br\\\/marketing\\\/\",\"logo\":{\"@type\":\"ImageObject\",\"inLanguage\":\"pt-BR\",\"@id\":\"https:\\\/\\\/www.cidademarketing.com.br\\\/marketing\\\/#\\\/schema\\\/logo\\\/image\\\/\",\"url\":\"https:\\\/\\\/www.cidademarketing.com.br\\\/marketing\\\/wp-content\\\/uploads\\\/2020\\\/01\\\/cidademarketing_marca_mobile.png\",\"contentUrl\":\"https:\\\/\\\/www.cidademarketing.com.br\\\/marketing\\\/wp-content\\\/uploads\\\/2020\\\/01\\\/cidademarketing_marca_mobile.png\",\"width\":230,\"height\":92,\"caption\":\"CidadeMarketing\"},\"image\":{\"@id\":\"https:\\\/\\\/www.cidademarketing.com.br\\\/marketing\\\/#\\\/schema\\\/logo\\\/image\\\/\"},\"sameAs\":[\"https:\\\/\\\/www.facebook.com\\\/portalcidademarketing\",\"https:\\\/\\\/x.com\\\/CidadeMarketing\",\"https:\\\/\\\/www.instagram.com\\\/cidademarketing\\\/\"]},{\"@type\":\"Person\",\"@id\":\"https:\\\/\\\/www.cidademarketing.com.br\\\/marketing\\\/#\\\/schema\\\/person\\\/02daff9f18bd9378c9e01eb6b2db155f\",\"name\":\"Thales Brand\u00e3o\",\"image\":{\"@type\":\"ImageObject\",\"inLanguage\":\"pt-BR\",\"@id\":\"https:\\\/\\\/secure.gravatar.com\\\/avatar\\\/7ca3206950207cc3cb48feec56a8a7898741ab725c368d99d5d7a5a50aab80c6?s=96&d=mm&r=g\",\"url\":\"https:\\\/\\\/secure.gravatar.com\\\/avatar\\\/7ca3206950207cc3cb48feec56a8a7898741ab725c368d99d5d7a5a50aab80c6?s=96&d=mm&r=g\",\"contentUrl\":\"https:\\\/\\\/secure.gravatar.com\\\/avatar\\\/7ca3206950207cc3cb48feec56a8a7898741ab725c368d99d5d7a5a50aab80c6?s=96&d=mm&r=g\",\"caption\":\"Thales Brand\u00e3o\"},\"description\":\"Editor Executivo do Portal CidadeMarketing.com.br &gt; Mestre em Comunica\u00e7\u00e3o e Sociedade pela Universidade Federal de Sergipe. Possui MBA Executivo em Administra\u00e7\u00e3o com \u00eanfase em Marketing pela Funda\u00e7\u00e3o Get\u00falio Vargas - Rio de Janeiro. Consultor, Palestrante e Pesquisador sobre Empreendedorismo, Marketing, Redes Sociais e Neg\u00f3cios Digitais. Professor, Palestrante TedxTalks e Campus Party. Twitter: @ThalesBrandao\",\"sameAs\":[\"http:\\\/\\\/www.mandacaru.com.br\",\"https:\\\/\\\/www.facebook.com\\\/thalesbrandao\",\"http:\\\/\\\/www.instagram.com.br\\\/thalesbrandaoferreira\",\"https:\\\/\\\/www.linkedin.com\\\/in\\\/thales-brand\u00e3o-3948609\\\/\",\"https:\\\/\\\/x.com\\\/http:\\\/\\\/www.twitter.com\\\/thalesbrandao\"],\"url\":\"https:\\\/\\\/www.cidademarketing.com.br\\\/marketing\\\/author\\\/thalesbrandao\\\/\"}]}<\/script>\n<!-- \/ Yoast SEO plugin. -->","yoast_head_json":{"title":"Michel Tel\u00f3 \u00e9 o novo embaixador de Old Parr - CidadeMarketing","robots":{"index":"index","follow":"follow","max-snippet":"max-snippet:-1","max-image-preview":"max-image-preview:large","max-video-preview":"max-video-preview:-1"},"canonical":"https:\/\/www.cidademarketing.com.br\/marketing\/2021\/09\/11\/michel-telo-e-o-novo-embaixador-de-old-parr\/","og_locale":"pt_BR","og_type":"article","og_title":"Michel Tel\u00f3 \u00e9 o novo embaixador de Old Parr - CidadeMarketing","og_description":"Old Parr,\u00a0marca de whisky\u00a0da Diageo Brasil, lan\u00e7a sua primeira campanha desenvolvida exclusivamente para o territ\u00f3rio nacional. E para promover a novidade, a marca conta com o protagonismo de\u00a0Michel Tel\u00f3. Sob o conceito global \u201cA vida bem vivida\u201d, a iniciativa estimula a import\u00e2ncia dos momentos de descontra\u00e7\u00e3o e de recarregamento das energias depois de uma rotina [&hellip;]","og_url":"https:\/\/www.cidademarketing.com.br\/marketing\/2021\/09\/11\/michel-telo-e-o-novo-embaixador-de-old-parr\/","og_site_name":"CidadeMarketing","article_publisher":"https:\/\/www.facebook.com\/portalcidademarketing","article_author":"https:\/\/www.facebook.com\/thalesbrandao","article_published_time":"2021-09-12T02:44:30+00:00","article_modified_time":"2021-09-12T02:44:32+00:00","og_image":[{"width":1024,"height":576,"url":"https:\/\/www.cidademarketing.com.br\/marketing\/wp-content\/uploads\/2021\/09\/old-par-hora-da-vida-bem-vivida-30vs-on-bl-RSZ-Result.00-00-07-20.Still002-1024x576.jpg","type":"image\/jpeg"}],"author":"Thales Brand\u00e3o","twitter_card":"summary_large_image","twitter_creator":"@http:\/\/www.twitter.com\/thalesbrandao","twitter_site":"@CidadeMarketing","twitter_misc":{"Escrito por":"Thales Brand\u00e3o","Est. tempo de leitura":"4 minutos"},"schema":{"@context":"https:\/\/schema.org","@graph":[{"@type":"Article","@id":"https:\/\/www.cidademarketing.com.br\/marketing\/2021\/09\/11\/michel-telo-e-o-novo-embaixador-de-old-parr\/#article","isPartOf":{"@id":"https:\/\/www.cidademarketing.com.br\/marketing\/2021\/09\/11\/michel-telo-e-o-novo-embaixador-de-old-parr\/"},"author":{"name":"Thales Brand\u00e3o","@id":"https:\/\/www.cidademarketing.com.br\/marketing\/#\/schema\/person\/02daff9f18bd9378c9e01eb6b2db155f"},"headline":"Michel Tel\u00f3 \u00e9 o novo embaixador de Old Parr","datePublished":"2021-09-12T02:44:30+00:00","dateModified":"2021-09-12T02:44:32+00:00","mainEntityOfPage":{"@id":"https:\/\/www.cidademarketing.com.br\/marketing\/2021\/09\/11\/michel-telo-e-o-novo-embaixador-de-old-parr\/"},"wordCount":750,"commentCount":0,"publisher":{"@id":"https:\/\/www.cidademarketing.com.br\/marketing\/#organization"},"image":{"@id":"https:\/\/www.cidademarketing.com.br\/marketing\/2021\/09\/11\/michel-telo-e-o-novo-embaixador-de-old-parr\/#primaryimage"},"thumbnailUrl":"https:\/\/www.cidademarketing.com.br\/marketing\/wp-content\/uploads\/2021\/09\/old-par-hora-da-vida-bem-vivida-30vs-on-bl-RSZ-Result.00-00-07-20.Still002.jpg","keywords":["embaixador","marca","Michel Tel\u00f3","Old Parr"],"articleSection":["Not\u00edcias"],"inLanguage":"pt-BR","potentialAction":[{"@type":"CommentAction","name":"Comment","target":["https:\/\/www.cidademarketing.com.br\/marketing\/2021\/09\/11\/michel-telo-e-o-novo-embaixador-de-old-parr\/#respond"]}]},{"@type":"WebPage","@id":"https:\/\/www.cidademarketing.com.br\/marketing\/2021\/09\/11\/michel-telo-e-o-novo-embaixador-de-old-parr\/","url":"https:\/\/www.cidademarketing.com.br\/marketing\/2021\/09\/11\/michel-telo-e-o-novo-embaixador-de-old-parr\/","name":"Michel Tel\u00f3 \u00e9 o novo embaixador de Old Parr - CidadeMarketing","isPartOf":{"@id":"https:\/\/www.cidademarketing.com.br\/marketing\/#website"},"primaryImageOfPage":{"@id":"https:\/\/www.cidademarketing.com.br\/marketing\/2021\/09\/11\/michel-telo-e-o-novo-embaixador-de-old-parr\/#primaryimage"},"image":{"@id":"https:\/\/www.cidademarketing.com.br\/marketing\/2021\/09\/11\/michel-telo-e-o-novo-embaixador-de-old-parr\/#primaryimage"},"thumbnailUrl":"https:\/\/www.cidademarketing.com.br\/marketing\/wp-content\/uploads\/2021\/09\/old-par-hora-da-vida-bem-vivida-30vs-on-bl-RSZ-Result.00-00-07-20.Still002.jpg","datePublished":"2021-09-12T02:44:30+00:00","dateModified":"2021-09-12T02:44:32+00:00","breadcrumb":{"@id":"https:\/\/www.cidademarketing.com.br\/marketing\/2021\/09\/11\/michel-telo-e-o-novo-embaixador-de-old-parr\/#breadcrumb"},"inLanguage":"pt-BR","potentialAction":[{"@type":"ReadAction","target":["https:\/\/www.cidademarketing.com.br\/marketing\/2021\/09\/11\/michel-telo-e-o-novo-embaixador-de-old-parr\/"]}]},{"@type":"ImageObject","inLanguage":"pt-BR","@id":"https:\/\/www.cidademarketing.com.br\/marketing\/2021\/09\/11\/michel-telo-e-o-novo-embaixador-de-old-parr\/#primaryimage","url":"https:\/\/www.cidademarketing.com.br\/marketing\/wp-content\/uploads\/2021\/09\/old-par-hora-da-vida-bem-vivida-30vs-on-bl-RSZ-Result.00-00-07-20.Still002.jpg","contentUrl":"https:\/\/www.cidademarketing.com.br\/marketing\/wp-content\/uploads\/2021\/09\/old-par-hora-da-vida-bem-vivida-30vs-on-bl-RSZ-Result.00-00-07-20.Still002.jpg","width":1920,"height":1080},{"@type":"BreadcrumbList","@id":"https:\/\/www.cidademarketing.com.br\/marketing\/2021\/09\/11\/michel-telo-e-o-novo-embaixador-de-old-parr\/#breadcrumb","itemListElement":[{"@type":"ListItem","position":1,"name":"In\u00edcio","item":"https:\/\/www.cidademarketing.com.br\/marketing\/"},{"@type":"ListItem","position":2,"name":"Michel Tel\u00f3 \u00e9 o novo embaixador de Old Parr"}]},{"@type":"WebSite","@id":"https:\/\/www.cidademarketing.com.br\/marketing\/#website","url":"https:\/\/www.cidademarketing.com.br\/marketing\/","name":"CidadeMarketing","description":"Somos um ve\u00edculo de comunica\u00e7\u00e3o de destaque no Brasil, reconhecido por conte\u00fados nos segmentos de marketing, empreendedorismo e inova\u00e7\u00e3o.","publisher":{"@id":"https:\/\/www.cidademarketing.com.br\/marketing\/#organization"},"alternateName":"CidadeMarketing","potentialAction":[{"@type":"SearchAction","target":{"@type":"EntryPoint","urlTemplate":"https:\/\/www.cidademarketing.com.br\/marketing\/?s={search_term_string}"},"query-input":{"@type":"PropertyValueSpecification","valueRequired":true,"valueName":"search_term_string"}}],"inLanguage":"pt-BR"},{"@type":"Organization","@id":"https:\/\/www.cidademarketing.com.br\/marketing\/#organization","name":"CidadeMarketing","alternateName":"CidadeMarketing","url":"https:\/\/www.cidademarketing.com.br\/marketing\/","logo":{"@type":"ImageObject","inLanguage":"pt-BR","@id":"https:\/\/www.cidademarketing.com.br\/marketing\/#\/schema\/logo\/image\/","url":"https:\/\/www.cidademarketing.com.br\/marketing\/wp-content\/uploads\/2020\/01\/cidademarketing_marca_mobile.png","contentUrl":"https:\/\/www.cidademarketing.com.br\/marketing\/wp-content\/uploads\/2020\/01\/cidademarketing_marca_mobile.png","width":230,"height":92,"caption":"CidadeMarketing"},"image":{"@id":"https:\/\/www.cidademarketing.com.br\/marketing\/#\/schema\/logo\/image\/"},"sameAs":["https:\/\/www.facebook.com\/portalcidademarketing","https:\/\/x.com\/CidadeMarketing","https:\/\/www.instagram.com\/cidademarketing\/"]},{"@type":"Person","@id":"https:\/\/www.cidademarketing.com.br\/marketing\/#\/schema\/person\/02daff9f18bd9378c9e01eb6b2db155f","name":"Thales Brand\u00e3o","image":{"@type":"ImageObject","inLanguage":"pt-BR","@id":"https:\/\/secure.gravatar.com\/avatar\/7ca3206950207cc3cb48feec56a8a7898741ab725c368d99d5d7a5a50aab80c6?s=96&d=mm&r=g","url":"https:\/\/secure.gravatar.com\/avatar\/7ca3206950207cc3cb48feec56a8a7898741ab725c368d99d5d7a5a50aab80c6?s=96&d=mm&r=g","contentUrl":"https:\/\/secure.gravatar.com\/avatar\/7ca3206950207cc3cb48feec56a8a7898741ab725c368d99d5d7a5a50aab80c6?s=96&d=mm&r=g","caption":"Thales Brand\u00e3o"},"description":"Editor Executivo do Portal CidadeMarketing.com.br &gt; Mestre em Comunica\u00e7\u00e3o e Sociedade pela Universidade Federal de Sergipe. Possui MBA Executivo em Administra\u00e7\u00e3o com \u00eanfase em Marketing pela Funda\u00e7\u00e3o Get\u00falio Vargas - Rio de Janeiro. Consultor, Palestrante e Pesquisador sobre Empreendedorismo, Marketing, Redes Sociais e Neg\u00f3cios Digitais. Professor, Palestrante TedxTalks e Campus Party. Twitter: @ThalesBrandao","sameAs":["http:\/\/www.mandacaru.com.br","https:\/\/www.facebook.com\/thalesbrandao","http:\/\/www.instagram.com.br\/thalesbrandaoferreira","https:\/\/www.linkedin.com\/in\/thales-brand\u00e3o-3948609\/","https:\/\/x.com\/http:\/\/www.twitter.com\/thalesbrandao"],"url":"https:\/\/www.cidademarketing.com.br\/marketing\/author\/thalesbrandao\/"}]}},"amp_enabled":true,"_links":{"self":[{"href":"https:\/\/www.cidademarketing.com.br\/marketing\/wp-json\/wp\/v2\/posts\/28908","targetHints":{"allow":["GET"]}}],"collection":[{"href":"https:\/\/www.cidademarketing.com.br\/marketing\/wp-json\/wp\/v2\/posts"}],"about":[{"href":"https:\/\/www.cidademarketing.com.br\/marketing\/wp-json\/wp\/v2\/types\/post"}],"author":[{"embeddable":true,"href":"https:\/\/www.cidademarketing.com.br\/marketing\/wp-json\/wp\/v2\/users\/1"}],"replies":[{"embeddable":true,"href":"https:\/\/www.cidademarketing.com.br\/marketing\/wp-json\/wp\/v2\/comments?post=28908"}],"version-history":[{"count":1,"href":"https:\/\/www.cidademarketing.com.br\/marketing\/wp-json\/wp\/v2\/posts\/28908\/revisions"}],"predecessor-version":[{"id":28912,"href":"https:\/\/www.cidademarketing.com.br\/marketing\/wp-json\/wp\/v2\/posts\/28908\/revisions\/28912"}],"wp:featuredmedia":[{"embeddable":true,"href":"https:\/\/www.cidademarketing.com.br\/marketing\/wp-json\/wp\/v2\/media\/28909"}],"wp:attachment":[{"href":"https:\/\/www.cidademarketing.com.br\/marketing\/wp-json\/wp\/v2\/media?parent=28908"}],"wp:term":[{"taxonomy":"category","embeddable":true,"href":"https:\/\/www.cidademarketing.com.br\/marketing\/wp-json\/wp\/v2\/categories?post=28908"},{"taxonomy":"post_tag","embeddable":true,"href":"https:\/\/www.cidademarketing.com.br\/marketing\/wp-json\/wp\/v2\/tags?post=28908"}],"curies":[{"name":"wp","href":"https:\/\/api.w.org\/{rel}","templated":true}]}}