{"id":28867,"date":"2021-09-11T22:23:34","date_gmt":"2021-09-12T01:23:34","guid":{"rendered":"https:\/\/www.cidademarketing.com.br\/marketing\/?p=28867"},"modified":"2021-09-11T22:23:36","modified_gmt":"2021-09-12T01:23:36","slug":"adria-cria-nova-embalagem-de-grano-duro-e-dois-novos-cortes-para-completar-portfolio","status":"publish","type":"post","link":"https:\/\/www.cidademarketing.com.br\/marketing\/2021\/09\/11\/adria-cria-nova-embalagem-de-grano-duro-e-dois-novos-cortes-para-completar-portfolio\/","title":{"rendered":"Adria cria nova embalagem de Grano Duro e dois novos cortes para completar portf\u00f3lio"},"content":{"rendered":"\n<p>H\u00e1 mais de sete anos, Adria vem investindo na linha <em>premium <\/em>da marca: Grano Duro. Esse tipo de massa ganha vida a partir de ingredientes cuidadosamente selecionados, como gr\u00e3os importados de regi\u00f5es de clima frio, o que proporciona uma massa com as caracter\u00edsticas ideais para o consumo, como consist\u00eancia naturalmente al dente, soltinha, apar\u00eancia irresist\u00edvel e sabor inconfund\u00edvel. S\u00e3o esses os atributos destacados nas novas embalagens de Adria Grano Duro, dispon\u00edveis a partir de julho para os supermercadistas.<\/p>\n\n\n\n<p>Desde 2017, a linha Grano Duro pode ser encontrada em todo Pa\u00eds. Inclusive, al\u00e9m de se tornar <em>Top of Mind <\/em>nacional em massas <em>(Datafolha 2020)<\/em>, Adria \u00e9 fortemente reconhecida por sua linha premium em regi\u00f5es do Norte ao Sul do Brasil.<\/p>\n\n\n\n<p>No ano passado, Adria Grano Duro cresceu 2,8% em volume, portanto, h\u00e1 potencial de evolu\u00e7\u00e3o no segmento premium, tendo em vista o crescimento de 4% da categoria massas em geral, de acordo a Nielsen. Dentro do plano de desenvolvimento deste segmento, a marca renovou a identidade visual das embalagens, trazendo visual moderno e que diferencia Grano Duro de outros segmentos de massas. Com essa mudan\u00e7a de design, a marca tamb\u00e9m mudou o formato das embalagens das massas curtas que agora s\u00e3o em \u201cstand up pouch\u201d, caracter\u00edstica que eleva ainda mais a percep\u00e7\u00e3o de qualidade do produto.<\/p>\n\n\n\n<p>As embalagens contam com etiqueta de abre e fecha, que facilita o armazenamento quando necess\u00e1rio e valoriza um dos principais atributos funcionais: a textura ideal da massa e a presen\u00e7a do trigo importado, detalhes que fazem a diferen\u00e7a no sabor, na apar\u00eancia do marcarr\u00e3o e, principalmente, na experi\u00eancia de consumo. &nbsp;<\/p>\n\n\n\n<p>Para complementar o portf\u00f3lio, a marca lan\u00e7a dois novos cortes, <strong>Spaguettoni<\/strong> e <strong>Spaguettini<\/strong>. Com os lan\u00e7amentos, Adria Grano Duro entrega para o consumidor&nbsp; variedade de cortes, ideais para todas as ocasi\u00f5es e combina\u00e7\u00f5es de receitas desejadas. \u201cOferecemos novos cortes para ampliar a op\u00e7\u00e3o do consumidor que busca por cortes de acordo com a receita e o molho utilizado\u201d, explica Vanessa Costa, gerente de marketing de Adria.&nbsp;<\/p>\n\n\n\n<p>Para o PDV, a marca oferecer\u00e1 materiais espec\u00edficos e atrativos, que valorizar\u00e3o os produtos e o diferencial: a presen\u00e7a do trigo importado. O objetivo \u00e9 levar ao conhecimento do consumidor os atributos funcionais e emocionais do produto,&nbsp; estimulando uma experi\u00eancia inovadora e \u00fanica, que somente Adria Grano Duro oferece.&nbsp;<\/p>\n\n\n\n<p>O lan\u00e7amento conta tamb\u00e9m com uma s\u00e9rie de MPDVs para divulga\u00e7\u00e3o com informa\u00e7\u00f5es sobre os diferenciais de Grano Duro, ajudando o consumidor na tomada de decis\u00e3o na hora da compra.&nbsp;<\/p>\n\n\n\n<p>Adria \u00e9 uma marca que cuida dos detalhes e foi este olhar que direcionou o projeto com Grano Duro, com pesquisas de mercado que auxiliaram na compreens\u00e3o de como a marca poderia evoluir. \u201cNosso principal objetivo \u00e9 fazer o consumidor entender que o produto \u00e9 superior desde a g\u00f4ndola at\u00e9 o momento da refei\u00e7\u00e3o. Por isso, o novo design das embalagens destaca que o produto \u00e9 feito com trigo importado e o ponto da massa al dente. Al\u00e9m disso, as novas embalagens passam&nbsp; para um formato stand up pouch com selo abre e fecha, que ajuda nessa diferencia\u00e7\u00e3o\u201d, ressalta Vanessa.<\/p>\n\n\n\n<p>Al\u00e9m dos novos cortes Spaguettoni e Spaguettini, o portf\u00f3lio de Grano Duro \u00e9 composto por Spaguetti, Penne, Fusilli, Bavete, Farfalle, Bucatini, Gnocchi e Tortiglione, dispon\u00edveis em embalagens de 500g, al\u00e9m das op\u00f5es integrais Spaghetti e Penne.&nbsp;<\/p>\n","protected":false},"excerpt":{"rendered":"<p>H\u00e1 mais de sete anos, Adria vem investindo na linha premium da marca: Grano Duro. Esse tipo de massa ganha vida a partir de ingredientes cuidadosamente selecionados, como gr\u00e3os importados de regi\u00f5es de clima frio, o que proporciona uma massa com as caracter\u00edsticas ideais para o consumo, como consist\u00eancia naturalmente al dente, soltinha, apar\u00eancia irresist\u00edvel [&hellip;]<\/p>\n","protected":false},"author":1,"featured_media":28869,"comment_status":"open","ping_status":"open","sticky":false,"template":"","format":"standard","meta":{"tdm_status":"","tdm_grid_status":"","footnotes":""},"categories":[6],"tags":[442,223,33,28],"class_list":["post-28867","post","type-post","status-publish","format-standard","has-post-thumbnail","hentry","category-noticias","tag-adria","tag-design","tag-estrategia","tag-marketing"],"yoast_head":"<!-- This site is optimized with the Yoast SEO plugin v27.5 - https:\/\/yoast.com\/product\/yoast-seo-wordpress\/ -->\n<title>Adria cria nova embalagem de Grano Duro e dois novos cortes para completar portf\u00f3lio - CidadeMarketing<\/title>\n<meta name=\"robots\" content=\"index, follow, max-snippet:-1, max-image-preview:large, max-video-preview:-1\" \/>\n<link rel=\"canonical\" href=\"https:\/\/www.cidademarketing.com.br\/marketing\/2021\/09\/11\/adria-cria-nova-embalagem-de-grano-duro-e-dois-novos-cortes-para-completar-portfolio\/\" \/>\n<meta property=\"og:locale\" content=\"pt_BR\" \/>\n<meta property=\"og:type\" content=\"article\" \/>\n<meta property=\"og:title\" content=\"Adria cria nova embalagem de Grano Duro e dois novos cortes para completar portf\u00f3lio - CidadeMarketing\" \/>\n<meta property=\"og:description\" content=\"H\u00e1 mais de sete anos, Adria vem investindo na linha premium da marca: Grano Duro. Esse tipo de massa ganha vida a partir de ingredientes cuidadosamente selecionados, como gr\u00e3os importados de regi\u00f5es de clima frio, o que proporciona uma massa com as caracter\u00edsticas ideais para o consumo, como consist\u00eancia naturalmente al dente, soltinha, apar\u00eancia irresist\u00edvel [&hellip;]\" \/>\n<meta property=\"og:url\" content=\"https:\/\/www.cidademarketing.com.br\/marketing\/2021\/09\/11\/adria-cria-nova-embalagem-de-grano-duro-e-dois-novos-cortes-para-completar-portfolio\/\" \/>\n<meta property=\"og:site_name\" content=\"CidadeMarketing\" \/>\n<meta property=\"article:publisher\" content=\"https:\/\/www.facebook.com\/portalcidademarketing\" \/>\n<meta property=\"article:author\" content=\"https:\/\/www.facebook.com\/thalesbrandao\" \/>\n<meta property=\"article:published_time\" content=\"2021-09-12T01:23:34+00:00\" \/>\n<meta property=\"article:modified_time\" content=\"2021-09-12T01:23:36+00:00\" \/>\n<meta property=\"og:image\" content=\"https:\/\/www.cidademarketing.com.br\/marketing\/wp-content\/uploads\/2021\/09\/adria.jpg\" \/>\n\t<meta property=\"og:image:width\" content=\"440\" \/>\n\t<meta property=\"og:image:height\" content=\"212\" \/>\n\t<meta property=\"og:image:type\" content=\"image\/jpeg\" \/>\n<meta name=\"author\" content=\"Thales Brand\u00e3o\" \/>\n<meta name=\"twitter:card\" content=\"summary_large_image\" \/>\n<meta name=\"twitter:creator\" content=\"@http:\/\/www.twitter.com\/thalesbrandao\" \/>\n<meta name=\"twitter:site\" content=\"@CidadeMarketing\" \/>\n<meta name=\"twitter:label1\" content=\"Escrito por\" \/>\n\t<meta name=\"twitter:data1\" content=\"Thales Brand\u00e3o\" \/>\n\t<meta name=\"twitter:label2\" content=\"Est. tempo de leitura\" \/>\n\t<meta name=\"twitter:data2\" content=\"3 minutos\" \/>\n<script type=\"application\/ld+json\" class=\"yoast-schema-graph\">{\"@context\":\"https:\\\/\\\/schema.org\",\"@graph\":[{\"@type\":\"Article\",\"@id\":\"https:\\\/\\\/www.cidademarketing.com.br\\\/marketing\\\/2021\\\/09\\\/11\\\/adria-cria-nova-embalagem-de-grano-duro-e-dois-novos-cortes-para-completar-portfolio\\\/#article\",\"isPartOf\":{\"@id\":\"https:\\\/\\\/www.cidademarketing.com.br\\\/marketing\\\/2021\\\/09\\\/11\\\/adria-cria-nova-embalagem-de-grano-duro-e-dois-novos-cortes-para-completar-portfolio\\\/\"},\"author\":{\"name\":\"Thales Brand\u00e3o\",\"@id\":\"https:\\\/\\\/www.cidademarketing.com.br\\\/marketing\\\/#\\\/schema\\\/person\\\/02daff9f18bd9378c9e01eb6b2db155f\"},\"headline\":\"Adria cria nova embalagem de Grano Duro e dois novos cortes para completar portf\u00f3lio\",\"datePublished\":\"2021-09-12T01:23:34+00:00\",\"dateModified\":\"2021-09-12T01:23:36+00:00\",\"mainEntityOfPage\":{\"@id\":\"https:\\\/\\\/www.cidademarketing.com.br\\\/marketing\\\/2021\\\/09\\\/11\\\/adria-cria-nova-embalagem-de-grano-duro-e-dois-novos-cortes-para-completar-portfolio\\\/\"},\"wordCount\":608,\"commentCount\":0,\"publisher\":{\"@id\":\"https:\\\/\\\/www.cidademarketing.com.br\\\/marketing\\\/#organization\"},\"image\":{\"@id\":\"https:\\\/\\\/www.cidademarketing.com.br\\\/marketing\\\/2021\\\/09\\\/11\\\/adria-cria-nova-embalagem-de-grano-duro-e-dois-novos-cortes-para-completar-portfolio\\\/#primaryimage\"},\"thumbnailUrl\":\"https:\\\/\\\/www.cidademarketing.com.br\\\/marketing\\\/wp-content\\\/uploads\\\/2021\\\/09\\\/adria.jpg\",\"keywords\":[\"Adria\",\"design\",\"estrat\u00e9gia\",\"marketing\"],\"articleSection\":[\"Not\u00edcias\"],\"inLanguage\":\"pt-BR\",\"potentialAction\":[{\"@type\":\"CommentAction\",\"name\":\"Comment\",\"target\":[\"https:\\\/\\\/www.cidademarketing.com.br\\\/marketing\\\/2021\\\/09\\\/11\\\/adria-cria-nova-embalagem-de-grano-duro-e-dois-novos-cortes-para-completar-portfolio\\\/#respond\"]}]},{\"@type\":\"WebPage\",\"@id\":\"https:\\\/\\\/www.cidademarketing.com.br\\\/marketing\\\/2021\\\/09\\\/11\\\/adria-cria-nova-embalagem-de-grano-duro-e-dois-novos-cortes-para-completar-portfolio\\\/\",\"url\":\"https:\\\/\\\/www.cidademarketing.com.br\\\/marketing\\\/2021\\\/09\\\/11\\\/adria-cria-nova-embalagem-de-grano-duro-e-dois-novos-cortes-para-completar-portfolio\\\/\",\"name\":\"Adria cria nova embalagem de Grano Duro e dois novos cortes para completar portf\u00f3lio - CidadeMarketing\",\"isPartOf\":{\"@id\":\"https:\\\/\\\/www.cidademarketing.com.br\\\/marketing\\\/#website\"},\"primaryImageOfPage\":{\"@id\":\"https:\\\/\\\/www.cidademarketing.com.br\\\/marketing\\\/2021\\\/09\\\/11\\\/adria-cria-nova-embalagem-de-grano-duro-e-dois-novos-cortes-para-completar-portfolio\\\/#primaryimage\"},\"image\":{\"@id\":\"https:\\\/\\\/www.cidademarketing.com.br\\\/marketing\\\/2021\\\/09\\\/11\\\/adria-cria-nova-embalagem-de-grano-duro-e-dois-novos-cortes-para-completar-portfolio\\\/#primaryimage\"},\"thumbnailUrl\":\"https:\\\/\\\/www.cidademarketing.com.br\\\/marketing\\\/wp-content\\\/uploads\\\/2021\\\/09\\\/adria.jpg\",\"datePublished\":\"2021-09-12T01:23:34+00:00\",\"dateModified\":\"2021-09-12T01:23:36+00:00\",\"breadcrumb\":{\"@id\":\"https:\\\/\\\/www.cidademarketing.com.br\\\/marketing\\\/2021\\\/09\\\/11\\\/adria-cria-nova-embalagem-de-grano-duro-e-dois-novos-cortes-para-completar-portfolio\\\/#breadcrumb\"},\"inLanguage\":\"pt-BR\",\"potentialAction\":[{\"@type\":\"ReadAction\",\"target\":[\"https:\\\/\\\/www.cidademarketing.com.br\\\/marketing\\\/2021\\\/09\\\/11\\\/adria-cria-nova-embalagem-de-grano-duro-e-dois-novos-cortes-para-completar-portfolio\\\/\"]}]},{\"@type\":\"ImageObject\",\"inLanguage\":\"pt-BR\",\"@id\":\"https:\\\/\\\/www.cidademarketing.com.br\\\/marketing\\\/2021\\\/09\\\/11\\\/adria-cria-nova-embalagem-de-grano-duro-e-dois-novos-cortes-para-completar-portfolio\\\/#primaryimage\",\"url\":\"https:\\\/\\\/www.cidademarketing.com.br\\\/marketing\\\/wp-content\\\/uploads\\\/2021\\\/09\\\/adria.jpg\",\"contentUrl\":\"https:\\\/\\\/www.cidademarketing.com.br\\\/marketing\\\/wp-content\\\/uploads\\\/2021\\\/09\\\/adria.jpg\",\"width\":440,\"height\":212},{\"@type\":\"BreadcrumbList\",\"@id\":\"https:\\\/\\\/www.cidademarketing.com.br\\\/marketing\\\/2021\\\/09\\\/11\\\/adria-cria-nova-embalagem-de-grano-duro-e-dois-novos-cortes-para-completar-portfolio\\\/#breadcrumb\",\"itemListElement\":[{\"@type\":\"ListItem\",\"position\":1,\"name\":\"In\u00edcio\",\"item\":\"https:\\\/\\\/www.cidademarketing.com.br\\\/marketing\\\/\"},{\"@type\":\"ListItem\",\"position\":2,\"name\":\"Adria cria nova embalagem de Grano Duro e dois novos cortes para completar portf\u00f3lio\"}]},{\"@type\":\"WebSite\",\"@id\":\"https:\\\/\\\/www.cidademarketing.com.br\\\/marketing\\\/#website\",\"url\":\"https:\\\/\\\/www.cidademarketing.com.br\\\/marketing\\\/\",\"name\":\"CidadeMarketing\",\"description\":\"Somos um ve\u00edculo de comunica\u00e7\u00e3o de destaque no Brasil, reconhecido por conte\u00fados nos segmentos de marketing, empreendedorismo e inova\u00e7\u00e3o.\",\"publisher\":{\"@id\":\"https:\\\/\\\/www.cidademarketing.com.br\\\/marketing\\\/#organization\"},\"alternateName\":\"CidadeMarketing\",\"potentialAction\":[{\"@type\":\"SearchAction\",\"target\":{\"@type\":\"EntryPoint\",\"urlTemplate\":\"https:\\\/\\\/www.cidademarketing.com.br\\\/marketing\\\/?s={search_term_string}\"},\"query-input\":{\"@type\":\"PropertyValueSpecification\",\"valueRequired\":true,\"valueName\":\"search_term_string\"}}],\"inLanguage\":\"pt-BR\"},{\"@type\":\"Organization\",\"@id\":\"https:\\\/\\\/www.cidademarketing.com.br\\\/marketing\\\/#organization\",\"name\":\"CidadeMarketing\",\"alternateName\":\"CidadeMarketing\",\"url\":\"https:\\\/\\\/www.cidademarketing.com.br\\\/marketing\\\/\",\"logo\":{\"@type\":\"ImageObject\",\"inLanguage\":\"pt-BR\",\"@id\":\"https:\\\/\\\/www.cidademarketing.com.br\\\/marketing\\\/#\\\/schema\\\/logo\\\/image\\\/\",\"url\":\"https:\\\/\\\/www.cidademarketing.com.br\\\/marketing\\\/wp-content\\\/uploads\\\/2020\\\/01\\\/cidademarketing_marca_mobile.png\",\"contentUrl\":\"https:\\\/\\\/www.cidademarketing.com.br\\\/marketing\\\/wp-content\\\/uploads\\\/2020\\\/01\\\/cidademarketing_marca_mobile.png\",\"width\":230,\"height\":92,\"caption\":\"CidadeMarketing\"},\"image\":{\"@id\":\"https:\\\/\\\/www.cidademarketing.com.br\\\/marketing\\\/#\\\/schema\\\/logo\\\/image\\\/\"},\"sameAs\":[\"https:\\\/\\\/www.facebook.com\\\/portalcidademarketing\",\"https:\\\/\\\/x.com\\\/CidadeMarketing\",\"https:\\\/\\\/www.instagram.com\\\/cidademarketing\\\/\"]},{\"@type\":\"Person\",\"@id\":\"https:\\\/\\\/www.cidademarketing.com.br\\\/marketing\\\/#\\\/schema\\\/person\\\/02daff9f18bd9378c9e01eb6b2db155f\",\"name\":\"Thales Brand\u00e3o\",\"image\":{\"@type\":\"ImageObject\",\"inLanguage\":\"pt-BR\",\"@id\":\"https:\\\/\\\/secure.gravatar.com\\\/avatar\\\/7ca3206950207cc3cb48feec56a8a7898741ab725c368d99d5d7a5a50aab80c6?s=96&d=mm&r=g\",\"url\":\"https:\\\/\\\/secure.gravatar.com\\\/avatar\\\/7ca3206950207cc3cb48feec56a8a7898741ab725c368d99d5d7a5a50aab80c6?s=96&d=mm&r=g\",\"contentUrl\":\"https:\\\/\\\/secure.gravatar.com\\\/avatar\\\/7ca3206950207cc3cb48feec56a8a7898741ab725c368d99d5d7a5a50aab80c6?s=96&d=mm&r=g\",\"caption\":\"Thales Brand\u00e3o\"},\"description\":\"Editor Executivo do Portal CidadeMarketing.com.br &gt; Mestre em Comunica\u00e7\u00e3o e Sociedade pela Universidade Federal de Sergipe. Possui MBA Executivo em Administra\u00e7\u00e3o com \u00eanfase em Marketing pela Funda\u00e7\u00e3o Get\u00falio Vargas - Rio de Janeiro. Consultor, Palestrante e Pesquisador sobre Empreendedorismo, Marketing, Redes Sociais e Neg\u00f3cios Digitais. Professor, Palestrante TedxTalks e Campus Party. Twitter: @ThalesBrandao\",\"sameAs\":[\"http:\\\/\\\/www.mandacaru.com.br\",\"https:\\\/\\\/www.facebook.com\\\/thalesbrandao\",\"http:\\\/\\\/www.instagram.com.br\\\/thalesbrandaoferreira\",\"https:\\\/\\\/www.linkedin.com\\\/in\\\/thales-brand\u00e3o-3948609\\\/\",\"https:\\\/\\\/x.com\\\/http:\\\/\\\/www.twitter.com\\\/thalesbrandao\"],\"url\":\"https:\\\/\\\/www.cidademarketing.com.br\\\/marketing\\\/author\\\/thalesbrandao\\\/\"}]}<\/script>\n<!-- \/ Yoast SEO plugin. -->","yoast_head_json":{"title":"Adria cria nova embalagem de Grano Duro e dois novos cortes para completar portf\u00f3lio - CidadeMarketing","robots":{"index":"index","follow":"follow","max-snippet":"max-snippet:-1","max-image-preview":"max-image-preview:large","max-video-preview":"max-video-preview:-1"},"canonical":"https:\/\/www.cidademarketing.com.br\/marketing\/2021\/09\/11\/adria-cria-nova-embalagem-de-grano-duro-e-dois-novos-cortes-para-completar-portfolio\/","og_locale":"pt_BR","og_type":"article","og_title":"Adria cria nova embalagem de Grano Duro e dois novos cortes para completar portf\u00f3lio - CidadeMarketing","og_description":"H\u00e1 mais de sete anos, Adria vem investindo na linha premium da marca: Grano Duro. Esse tipo de massa ganha vida a partir de ingredientes cuidadosamente selecionados, como gr\u00e3os importados de regi\u00f5es de clima frio, o que proporciona uma massa com as caracter\u00edsticas ideais para o consumo, como consist\u00eancia naturalmente al dente, soltinha, apar\u00eancia irresist\u00edvel [&hellip;]","og_url":"https:\/\/www.cidademarketing.com.br\/marketing\/2021\/09\/11\/adria-cria-nova-embalagem-de-grano-duro-e-dois-novos-cortes-para-completar-portfolio\/","og_site_name":"CidadeMarketing","article_publisher":"https:\/\/www.facebook.com\/portalcidademarketing","article_author":"https:\/\/www.facebook.com\/thalesbrandao","article_published_time":"2021-09-12T01:23:34+00:00","article_modified_time":"2021-09-12T01:23:36+00:00","og_image":[{"width":440,"height":212,"url":"https:\/\/www.cidademarketing.com.br\/marketing\/wp-content\/uploads\/2021\/09\/adria.jpg","type":"image\/jpeg"}],"author":"Thales Brand\u00e3o","twitter_card":"summary_large_image","twitter_creator":"@http:\/\/www.twitter.com\/thalesbrandao","twitter_site":"@CidadeMarketing","twitter_misc":{"Escrito por":"Thales Brand\u00e3o","Est. tempo de leitura":"3 minutos"},"schema":{"@context":"https:\/\/schema.org","@graph":[{"@type":"Article","@id":"https:\/\/www.cidademarketing.com.br\/marketing\/2021\/09\/11\/adria-cria-nova-embalagem-de-grano-duro-e-dois-novos-cortes-para-completar-portfolio\/#article","isPartOf":{"@id":"https:\/\/www.cidademarketing.com.br\/marketing\/2021\/09\/11\/adria-cria-nova-embalagem-de-grano-duro-e-dois-novos-cortes-para-completar-portfolio\/"},"author":{"name":"Thales Brand\u00e3o","@id":"https:\/\/www.cidademarketing.com.br\/marketing\/#\/schema\/person\/02daff9f18bd9378c9e01eb6b2db155f"},"headline":"Adria cria nova embalagem de Grano Duro e dois novos cortes para completar portf\u00f3lio","datePublished":"2021-09-12T01:23:34+00:00","dateModified":"2021-09-12T01:23:36+00:00","mainEntityOfPage":{"@id":"https:\/\/www.cidademarketing.com.br\/marketing\/2021\/09\/11\/adria-cria-nova-embalagem-de-grano-duro-e-dois-novos-cortes-para-completar-portfolio\/"},"wordCount":608,"commentCount":0,"publisher":{"@id":"https:\/\/www.cidademarketing.com.br\/marketing\/#organization"},"image":{"@id":"https:\/\/www.cidademarketing.com.br\/marketing\/2021\/09\/11\/adria-cria-nova-embalagem-de-grano-duro-e-dois-novos-cortes-para-completar-portfolio\/#primaryimage"},"thumbnailUrl":"https:\/\/www.cidademarketing.com.br\/marketing\/wp-content\/uploads\/2021\/09\/adria.jpg","keywords":["Adria","design","estrat\u00e9gia","marketing"],"articleSection":["Not\u00edcias"],"inLanguage":"pt-BR","potentialAction":[{"@type":"CommentAction","name":"Comment","target":["https:\/\/www.cidademarketing.com.br\/marketing\/2021\/09\/11\/adria-cria-nova-embalagem-de-grano-duro-e-dois-novos-cortes-para-completar-portfolio\/#respond"]}]},{"@type":"WebPage","@id":"https:\/\/www.cidademarketing.com.br\/marketing\/2021\/09\/11\/adria-cria-nova-embalagem-de-grano-duro-e-dois-novos-cortes-para-completar-portfolio\/","url":"https:\/\/www.cidademarketing.com.br\/marketing\/2021\/09\/11\/adria-cria-nova-embalagem-de-grano-duro-e-dois-novos-cortes-para-completar-portfolio\/","name":"Adria cria nova embalagem de Grano Duro e dois novos cortes para completar portf\u00f3lio - CidadeMarketing","isPartOf":{"@id":"https:\/\/www.cidademarketing.com.br\/marketing\/#website"},"primaryImageOfPage":{"@id":"https:\/\/www.cidademarketing.com.br\/marketing\/2021\/09\/11\/adria-cria-nova-embalagem-de-grano-duro-e-dois-novos-cortes-para-completar-portfolio\/#primaryimage"},"image":{"@id":"https:\/\/www.cidademarketing.com.br\/marketing\/2021\/09\/11\/adria-cria-nova-embalagem-de-grano-duro-e-dois-novos-cortes-para-completar-portfolio\/#primaryimage"},"thumbnailUrl":"https:\/\/www.cidademarketing.com.br\/marketing\/wp-content\/uploads\/2021\/09\/adria.jpg","datePublished":"2021-09-12T01:23:34+00:00","dateModified":"2021-09-12T01:23:36+00:00","breadcrumb":{"@id":"https:\/\/www.cidademarketing.com.br\/marketing\/2021\/09\/11\/adria-cria-nova-embalagem-de-grano-duro-e-dois-novos-cortes-para-completar-portfolio\/#breadcrumb"},"inLanguage":"pt-BR","potentialAction":[{"@type":"ReadAction","target":["https:\/\/www.cidademarketing.com.br\/marketing\/2021\/09\/11\/adria-cria-nova-embalagem-de-grano-duro-e-dois-novos-cortes-para-completar-portfolio\/"]}]},{"@type":"ImageObject","inLanguage":"pt-BR","@id":"https:\/\/www.cidademarketing.com.br\/marketing\/2021\/09\/11\/adria-cria-nova-embalagem-de-grano-duro-e-dois-novos-cortes-para-completar-portfolio\/#primaryimage","url":"https:\/\/www.cidademarketing.com.br\/marketing\/wp-content\/uploads\/2021\/09\/adria.jpg","contentUrl":"https:\/\/www.cidademarketing.com.br\/marketing\/wp-content\/uploads\/2021\/09\/adria.jpg","width":440,"height":212},{"@type":"BreadcrumbList","@id":"https:\/\/www.cidademarketing.com.br\/marketing\/2021\/09\/11\/adria-cria-nova-embalagem-de-grano-duro-e-dois-novos-cortes-para-completar-portfolio\/#breadcrumb","itemListElement":[{"@type":"ListItem","position":1,"name":"In\u00edcio","item":"https:\/\/www.cidademarketing.com.br\/marketing\/"},{"@type":"ListItem","position":2,"name":"Adria cria nova embalagem de Grano Duro e dois novos cortes para completar portf\u00f3lio"}]},{"@type":"WebSite","@id":"https:\/\/www.cidademarketing.com.br\/marketing\/#website","url":"https:\/\/www.cidademarketing.com.br\/marketing\/","name":"CidadeMarketing","description":"Somos um ve\u00edculo de comunica\u00e7\u00e3o de destaque no Brasil, reconhecido por conte\u00fados nos segmentos de marketing, empreendedorismo e inova\u00e7\u00e3o.","publisher":{"@id":"https:\/\/www.cidademarketing.com.br\/marketing\/#organization"},"alternateName":"CidadeMarketing","potentialAction":[{"@type":"SearchAction","target":{"@type":"EntryPoint","urlTemplate":"https:\/\/www.cidademarketing.com.br\/marketing\/?s={search_term_string}"},"query-input":{"@type":"PropertyValueSpecification","valueRequired":true,"valueName":"search_term_string"}}],"inLanguage":"pt-BR"},{"@type":"Organization","@id":"https:\/\/www.cidademarketing.com.br\/marketing\/#organization","name":"CidadeMarketing","alternateName":"CidadeMarketing","url":"https:\/\/www.cidademarketing.com.br\/marketing\/","logo":{"@type":"ImageObject","inLanguage":"pt-BR","@id":"https:\/\/www.cidademarketing.com.br\/marketing\/#\/schema\/logo\/image\/","url":"https:\/\/www.cidademarketing.com.br\/marketing\/wp-content\/uploads\/2020\/01\/cidademarketing_marca_mobile.png","contentUrl":"https:\/\/www.cidademarketing.com.br\/marketing\/wp-content\/uploads\/2020\/01\/cidademarketing_marca_mobile.png","width":230,"height":92,"caption":"CidadeMarketing"},"image":{"@id":"https:\/\/www.cidademarketing.com.br\/marketing\/#\/schema\/logo\/image\/"},"sameAs":["https:\/\/www.facebook.com\/portalcidademarketing","https:\/\/x.com\/CidadeMarketing","https:\/\/www.instagram.com\/cidademarketing\/"]},{"@type":"Person","@id":"https:\/\/www.cidademarketing.com.br\/marketing\/#\/schema\/person\/02daff9f18bd9378c9e01eb6b2db155f","name":"Thales Brand\u00e3o","image":{"@type":"ImageObject","inLanguage":"pt-BR","@id":"https:\/\/secure.gravatar.com\/avatar\/7ca3206950207cc3cb48feec56a8a7898741ab725c368d99d5d7a5a50aab80c6?s=96&d=mm&r=g","url":"https:\/\/secure.gravatar.com\/avatar\/7ca3206950207cc3cb48feec56a8a7898741ab725c368d99d5d7a5a50aab80c6?s=96&d=mm&r=g","contentUrl":"https:\/\/secure.gravatar.com\/avatar\/7ca3206950207cc3cb48feec56a8a7898741ab725c368d99d5d7a5a50aab80c6?s=96&d=mm&r=g","caption":"Thales Brand\u00e3o"},"description":"Editor Executivo do Portal CidadeMarketing.com.br &gt; Mestre em Comunica\u00e7\u00e3o e Sociedade pela Universidade Federal de Sergipe. Possui MBA Executivo em Administra\u00e7\u00e3o com \u00eanfase em Marketing pela Funda\u00e7\u00e3o Get\u00falio Vargas - Rio de Janeiro. Consultor, Palestrante e Pesquisador sobre Empreendedorismo, Marketing, Redes Sociais e Neg\u00f3cios Digitais. Professor, Palestrante TedxTalks e Campus Party. Twitter: @ThalesBrandao","sameAs":["http:\/\/www.mandacaru.com.br","https:\/\/www.facebook.com\/thalesbrandao","http:\/\/www.instagram.com.br\/thalesbrandaoferreira","https:\/\/www.linkedin.com\/in\/thales-brand\u00e3o-3948609\/","https:\/\/x.com\/http:\/\/www.twitter.com\/thalesbrandao"],"url":"https:\/\/www.cidademarketing.com.br\/marketing\/author\/thalesbrandao\/"}]}},"amp_enabled":true,"_links":{"self":[{"href":"https:\/\/www.cidademarketing.com.br\/marketing\/wp-json\/wp\/v2\/posts\/28867","targetHints":{"allow":["GET"]}}],"collection":[{"href":"https:\/\/www.cidademarketing.com.br\/marketing\/wp-json\/wp\/v2\/posts"}],"about":[{"href":"https:\/\/www.cidademarketing.com.br\/marketing\/wp-json\/wp\/v2\/types\/post"}],"author":[{"embeddable":true,"href":"https:\/\/www.cidademarketing.com.br\/marketing\/wp-json\/wp\/v2\/users\/1"}],"replies":[{"embeddable":true,"href":"https:\/\/www.cidademarketing.com.br\/marketing\/wp-json\/wp\/v2\/comments?post=28867"}],"version-history":[{"count":1,"href":"https:\/\/www.cidademarketing.com.br\/marketing\/wp-json\/wp\/v2\/posts\/28867\/revisions"}],"predecessor-version":[{"id":28870,"href":"https:\/\/www.cidademarketing.com.br\/marketing\/wp-json\/wp\/v2\/posts\/28867\/revisions\/28870"}],"wp:featuredmedia":[{"embeddable":true,"href":"https:\/\/www.cidademarketing.com.br\/marketing\/wp-json\/wp\/v2\/media\/28869"}],"wp:attachment":[{"href":"https:\/\/www.cidademarketing.com.br\/marketing\/wp-json\/wp\/v2\/media?parent=28867"}],"wp:term":[{"taxonomy":"category","embeddable":true,"href":"https:\/\/www.cidademarketing.com.br\/marketing\/wp-json\/wp\/v2\/categories?post=28867"},{"taxonomy":"post_tag","embeddable":true,"href":"https:\/\/www.cidademarketing.com.br\/marketing\/wp-json\/wp\/v2\/tags?post=28867"}],"curies":[{"name":"wp","href":"https:\/\/api.w.org\/{rel}","templated":true}]}}