{"id":28861,"date":"2021-09-11T15:08:00","date_gmt":"2021-09-11T18:08:00","guid":{"rendered":"https:\/\/www.cidademarketing.com.br\/marketing\/?p=28861"},"modified":"2021-09-11T15:08:03","modified_gmt":"2021-09-11T18:08:03","slug":"loccitane-en-provence-celebra-os-seus-45-anos-de-historia-com-a-campanha-o-poder-do-amarelo","status":"publish","type":"post","link":"https:\/\/www.cidademarketing.com.br\/marketing\/2021\/09\/11\/loccitane-en-provence-celebra-os-seus-45-anos-de-historia-com-a-campanha-o-poder-do-amarelo\/","title":{"rendered":"L&#8217;Occitane en Provence celebra os seus 45 anos de hist\u00f3ria com a campanha &#8220;O Poder do Amarelo&#8221;"},"content":{"rendered":"\n<p>O Amarelo \u00e9 uma cor que nos remete alegria, espontaneidade, calor e otimismo, e n\u00e3o \u00e9 \u00e0 toa que foi escolhida como ativo distinto da marca <strong>L\u2019Occitane en Provence,<\/strong> que comemora seus 45 anos de marca em 2021.<\/p>\n\n\n\n<p>Celebrando os seus produtos com a emblem\u00e1tica embalagem amarela e um dos seus mais ic\u00f4nicos ingredientes com a Flor de Immortelle e seu poderoso \u00f3leo essencial, a nova campanha da marca \u00e9 intitulada como o &#8220;O Poder do Amarelo&#8221;. Com presen\u00e7a especial da atriz Isabelle Drummond, que desde junho \u00e9 parte do time da marca, por representar uma beleza natural e descomplicada, al\u00e9m de pura conex\u00e3o com a cultura francesa \u2013 a campanha remontou um jardim inspirado na natureza da Provence, para sentirmos, mesmo que virtualmente, a experi\u00eancia de estarmos em um campo ensolarado no sul da Fran\u00e7a.<\/p>\n\n\n\n<p><\/p>\n\n\n\n<p><\/p><blockquote class=\"instagram-media\" data-instgrm-captioned data-instgrm-permalink=\"https:\/\/www.instagram.com\/tv\/CTnQCPVJqtq\/?utm_source=ig_embed&amp;utm_campaign=loading\" data-instgrm-version=\"13\" style=\" background:#FFF; border:0; border-radius:3px; box-shadow:0 0 1px 0 rgba(0,0,0,0.5),0 1px 10px 0 rgba(0,0,0,0.15); margin: 1px; max-width:540px; min-width:326px; padding:0; width:99.375%; width:-webkit-calc(100% - 2px); width:calc(100% - 2px);\"><div style=\"padding:16px;\"> <a href=\"https:\/\/www.instagram.com\/tv\/CTnQCPVJqtq\/?utm_source=ig_embed&amp;utm_campaign=loading\" style=\" background:#FFFFFF; line-height:0; padding:0 0; text-align:center; text-decoration:none; width:100%;\" target=\"_blank\" rel=\"noopener\"> <div style=\" display: flex; flex-direction: row; align-items: center;\"> <div style=\"background-color: #F4F4F4; border-radius: 50%; flex-grow: 0; height: 40px; margin-right: 14px; width: 40px;\"><\/div> <div style=\"display: flex; flex-direction: column; flex-grow: 1; justify-content: center;\"> <div style=\" background-color: #F4F4F4; border-radius: 4px; flex-grow: 0; height: 14px; margin-bottom: 6px; width: 100px;\"><\/div> <div style=\" background-color: #F4F4F4; border-radius: 4px; flex-grow: 0; height: 14px; width: 60px;\"><\/div><\/div><\/div><div style=\"padding: 19% 0;\"><\/div> <div style=\"display:block; height:50px; margin:0 auto 12px; width:50px;\"><svg width=\"50px\" height=\"50px\" viewBox=\"0 0 60 60\" version=\"1.1\" xmlns=\"https:\/\/www.w3.org\/2000\/svg\" xmlns:xlink=\"https:\/\/www.w3.org\/1999\/xlink\"><g stroke=\"none\" stroke-width=\"1\" fill=\"none\" fill-rule=\"evenodd\"><g transform=\"translate(-511.000000, -20.000000)\" fill=\"#000000\"><g><path d=\"M556.869,30.41 C554.814,30.41 553.148,32.076 553.148,34.131 C553.148,36.186 554.814,37.852 556.869,37.852 C558.924,37.852 560.59,36.186 560.59,34.131 C560.59,32.076 558.924,30.41 556.869,30.41 M541,60.657 C535.114,60.657 530.342,55.887 530.342,50 C530.342,44.114 535.114,39.342 541,39.342 C546.887,39.342 551.658,44.114 551.658,50 C551.658,55.887 546.887,60.657 541,60.657 M541,33.886 C532.1,33.886 524.886,41.1 524.886,50 C524.886,58.899 532.1,66.113 541,66.113 C549.9,66.113 557.115,58.899 557.115,50 C557.115,41.1 549.9,33.886 541,33.886 M565.378,62.101 C565.244,65.022 564.756,66.606 564.346,67.663 C563.803,69.06 563.154,70.057 562.106,71.106 C561.058,72.155 560.06,72.803 558.662,73.347 C557.607,73.757 556.021,74.244 553.102,74.378 C549.944,74.521 548.997,74.552 541,74.552 C533.003,74.552 532.056,74.521 528.898,74.378 C525.979,74.244 524.393,73.757 523.338,73.347 C521.94,72.803 520.942,72.155 519.894,71.106 C518.846,70.057 518.197,69.06 517.654,67.663 C517.244,66.606 516.755,65.022 516.623,62.101 C516.479,58.943 516.448,57.996 516.448,50 C516.448,42.003 516.479,41.056 516.623,37.899 C516.755,34.978 517.244,33.391 517.654,32.338 C518.197,30.938 518.846,29.942 519.894,28.894 C520.942,27.846 521.94,27.196 523.338,26.654 C524.393,26.244 525.979,25.756 528.898,25.623 C532.057,25.479 533.004,25.448 541,25.448 C548.997,25.448 549.943,25.479 553.102,25.623 C556.021,25.756 557.607,26.244 558.662,26.654 C560.06,27.196 561.058,27.846 562.106,28.894 C563.154,29.942 563.803,30.938 564.346,32.338 C564.756,33.391 565.244,34.978 565.378,37.899 C565.522,41.056 565.552,42.003 565.552,50 C565.552,57.996 565.522,58.943 565.378,62.101 M570.82,37.631 C570.674,34.438 570.167,32.258 569.425,30.349 C568.659,28.377 567.633,26.702 565.965,25.035 C564.297,23.368 562.623,22.342 560.652,21.575 C558.743,20.834 556.562,20.326 553.369,20.18 C550.169,20.033 549.148,20 541,20 C532.853,20 531.831,20.033 528.631,20.18 C525.438,20.326 523.257,20.834 521.349,21.575 C519.376,22.342 517.703,23.368 516.035,25.035 C514.368,26.702 513.342,28.377 512.574,30.349 C511.834,32.258 511.326,34.438 511.181,37.631 C511.035,40.831 511,41.851 511,50 C511,58.147 511.035,59.17 511.181,62.369 C511.326,65.562 511.834,67.743 512.574,69.651 C513.342,71.625 514.368,73.296 516.035,74.965 C517.703,76.634 519.376,77.658 521.349,78.425 C523.257,79.167 525.438,79.673 528.631,79.82 C531.831,79.965 532.853,80.001 541,80.001 C549.148,80.001 550.169,79.965 553.369,79.82 C556.562,79.673 558.743,79.167 560.652,78.425 C562.623,77.658 564.297,76.634 565.965,74.965 C567.633,73.296 568.659,71.625 569.425,69.651 C570.167,67.743 570.674,65.562 570.82,62.369 C570.966,59.17 571,58.147 571,50 C571,41.851 570.966,40.831 570.82,37.631\"><\/path><\/g><\/g><\/g><\/svg><\/div><div style=\"padding-top: 8px;\"> <div style=\" color:#3897f0; font-family:Arial,sans-serif; font-size:14px; font-style:normal; font-weight:550; line-height:18px;\"> Ver essa foto no Instagram<\/div><\/div><div style=\"padding: 12.5% 0;\"><\/div> <div style=\"display: flex; flex-direction: row; margin-bottom: 14px; align-items: center;\"><div> <div style=\"background-color: #F4F4F4; border-radius: 50%; height: 12.5px; width: 12.5px; transform: translateX(0px) translateY(7px);\"><\/div> <div style=\"background-color: #F4F4F4; height: 12.5px; transform: rotate(-45deg) translateX(3px) translateY(1px); width: 12.5px; flex-grow: 0; margin-right: 14px; margin-left: 2px;\"><\/div> <div style=\"background-color: #F4F4F4; border-radius: 50%; height: 12.5px; width: 12.5px; transform: translateX(9px) translateY(-18px);\"><\/div><\/div><div style=\"margin-left: 8px;\"> <div style=\" background-color: #F4F4F4; border-radius: 50%; flex-grow: 0; height: 20px; width: 20px;\"><\/div> <div style=\" width: 0; height: 0; border-top: 2px solid transparent; border-left: 6px solid #f4f4f4; border-bottom: 2px solid transparent; transform: translateX(16px) translateY(-4px) rotate(30deg)\"><\/div><\/div><div style=\"margin-left: auto;\"> <div style=\" width: 0px; border-top: 8px solid #F4F4F4; border-right: 8px solid transparent; transform: translateY(16px);\"><\/div> <div style=\" background-color: #F4F4F4; flex-grow: 0; height: 12px; width: 16px; transform: translateY(-4px);\"><\/div> <div style=\" width: 0; height: 0; border-top: 8px solid #F4F4F4; border-left: 8px solid transparent; transform: translateY(-4px) translateX(8px);\"><\/div><\/div><\/div> <div style=\"display: flex; flex-direction: column; flex-grow: 1; justify-content: center; margin-bottom: 24px;\"> <div style=\" background-color: #F4F4F4; border-radius: 4px; flex-grow: 0; height: 14px; margin-bottom: 6px; width: 224px;\"><\/div> <div style=\" background-color: #F4F4F4; border-radius: 4px; flex-grow: 0; height: 14px; width: 144px;\"><\/div><\/div><\/a><p style=\" color:#c9c8cd; font-family:Arial,sans-serif; font-size:14px; line-height:17px; margin-bottom:0; margin-top:8px; overflow:hidden; padding:8px 0 7px; text-align:center; text-overflow:ellipsis; white-space:nowrap;\"><a href=\"https:\/\/www.instagram.com\/tv\/CTnQCPVJqtq\/?utm_source=ig_embed&amp;utm_campaign=loading\" style=\" color:#c9c8cd; font-family:Arial,sans-serif; font-size:14px; font-style:normal; font-weight:normal; line-height:17px; text-decoration:none;\" target=\"_blank\" rel=\"noopener\">Uma publica\u00e7\u00e3o compartilhada por L&#39;Occitane en Provence (BR) (@loccitane_br)<\/a><\/p><\/div><\/blockquote> <script async src=\"\/\/www.instagram.com\/embed.js\"><\/script>\n\n\n\n<p><\/p>\n\n\n\n<p>Assinada pela Integer\\OutPromo, a campanha entrou no ar nesta quinta-feira, dia 9 de setembro, nas redes sociais de L\u2019Occitane en Provence. A estrat\u00e9gia traz evid\u00eancia ao pioneirismo da marca em dar destaque \u00e0 beleza natural e sua rela\u00e7\u00e3o com o p\u00fablico brasileiro, por meio de conte\u00fado digital que destaca O Poder do Amarelo com produtos ic\u00f4nicos e toda energia e leveza de L\u2019Occitane en Provence.<\/p>\n\n\n\n<p>\u201cComo amantes da natureza, estamos muito felizes em celebrar o ano de anivers\u00e1rio da marca com uma campanha t\u00e3o forte, que transmite tanto dos nossos valores otimistas e que consegue passar um pouco da alegria e da admira\u00e7\u00e3o que sentimos ao nos envolver diariamente com nossos ingredientes e com nossa proposta de beleza para o mundo. O olhar entusiasmado pela natureza surgiu com nosso fundador, Olivier Baussan, que h\u00e1 45 anos se dedicou a preservar e promover a natureza da regi\u00e3o da Provence e come\u00e7ou o trabalho de aproximar a natureza da vida das pessoas, construindo consistentemente um neg\u00f3cio de beleza que valorizasse os ingredientes de origem natural e respeitasse, ao mesmo tempo, as pessoas, o processo produtivo e o meio ambiente\u201d, conta Pierry Coni, Head de marca no Brasil.<\/p>\n\n\n\n<p>\u201cCada vez mais, as pessoas est\u00e3o buscando uma nova rela\u00e7\u00e3o consigo e com o planeta, querem sentir que est\u00e3o ajudando o mundo enquanto se fortalecem com a beleza, por meio de marcas clean beauty e com produtos sustent\u00e1veis e que carregam compromissos socioambientais. Pensando neste e em outros novos h\u00e1bitos de consumo do shopper, trouxemos uma comunica\u00e7\u00e3o que traduz todos os detalhes que est\u00e3o por tr\u00e1s dos 45 anos de marca de L\u2019Occitane en Provence, e a sensorialidade dos produtos, destacando a naturalidade das f\u00f3rmulas e sustentabilidade de ponta a ponta\u201d, comenta Mari\u00ea Borges, gerente de contas da Integer\\OutPromo.<\/p>\n\n\n\n<p>Para deixar esse momento ainda mais especial, apresenta tamb\u00e9m o relan\u00e7amento da linha capilar Aromacologia For\u00e7a e Volume, que deixa os cabelos 3 vezes mais fortes e resistentes, com efic\u00e1cia comprovada. Os produtos s\u00e3o livres de silicones, atuam diretamente na fibra capilar dando mais volume, ajudam a fortalecer da raiz \u00e0s pontas, restauram o brilho e o volume. E o melhor:&nbsp; tudo isso sem deixar o cabelo com aspecto pesado.<\/p>\n\n\n\n<p>O portf\u00f3lio da linha conta com shampoo, condicionador, lo\u00e7\u00e3o capilar fortificante e a vers\u00e3o eco-refil do shampoo, com 79% menos de pl\u00e1stico.<\/p>\n\n\n\n<p>Outro diferencial da linha s\u00e3o as embalagens que ficaram mais modernas e continuam sendo feitas de pl\u00e1stico 100% recicl\u00e1vel e 100% reciclado. A combina\u00e7\u00e3o de \u00f3leos essenciais \u00e9 uma assinatura da marca para todos os produtos da linha capilar de Aromacologia, cada qual com uma combina\u00e7\u00e3o \u00fanica. A linha de For\u00e7a e Volume conta com \u00f3leo essencial de lim\u00e3o, cedro, ylang ylang, jun\u00edpero e alecrim, que trazem uma sensa\u00e7\u00e3o revigorante para a fragr\u00e2ncia da f\u00f3rmula. Al\u00e9m disso, possu\u00ed ingredientes rapidamente biodegrad\u00e1veis e uma novidade: a queratina vegetal, que ajuda a fortalecer e aumentar o volume da fibra capilar.<\/p>\n\n\n\n<p>Aproveite para conferir &#8220;O Poder do Amarelo&#8221; e o poder de fios 3 vezes mais fortes e resistentes da nova linha Aromacologia For\u00e7a e Volume nas lojas f\u00edsicas e e-commerce de L&#8217;Occitane en Provence.<\/p>\n\n\n\n<p><strong>Conhe\u00e7a os produtos amarelos de L&#8217;Occitane en Provence e linha Aromacologia<\/strong><\/p>\n\n\n\n<p><strong>Shampoo Aromacologia For\u00e7a e Volume, 300ml;<\/strong><\/p>\n\n\n\n<p>Este Shampoo de For\u00e7a e Volume limpa e fortalece os fios, deixando-os 3x mais fortes e resistentes<strong>*<\/strong>. Possui em sua f\u00f3rmula queratina vegetal, que ajuda a fortalecer e aumentar o volume da fibra capilar. Cont\u00e9m tamb\u00e9m os cinco \u00f3leos essenciais (alecrim, ylang ylang, jun\u00edpero, cedro e lim\u00e3o). Livre de silicone e com 99% de ingredientes biodegrad\u00e1veis.<\/p>\n\n\n\n<p>* Resultados obtidos com o uso da rotina: SHAMPOO AROMACOLOGIA FOR\u00c7A E VOLUME + CONDICIONADOR AROMACOLOGIA FOR\u00c7A E VOLUME + LO\u00c7\u00c3O CAPILAR FORTIFICANTE AROMACOLOGIA FOR\u00c7A E VOLUME<\/p>\n\n\n\n<p><strong>Condicionador Aromacologia For\u00e7a e Volume, 250ml:<\/strong><\/p>\n\n\n\n<p>Formulado com pr\u00f3-vitamina B5, o Condicionador For\u00e7a e Volume ajuda a desembara\u00e7ar e fortalecer os fios, restaurando o brilho e volume do cabelo<strong>*<\/strong>. Possui em sua f\u00f3rmula os cinco \u00f3leos essenciais (alecrim, ylang ylang, jun\u00edpero, cedro e lim\u00e3o) e 99% de ingredientes biodegrad\u00e1veis<\/p>\n\n\n\n<p>* Resultados obtidos com o uso da rotina: SHAMPOO AROMACOLOGIA FOR\u00c7A E VOLUME + CONDICIONADOR AROMACOLOGIA FOR\u00c7A E VOLUME + LO\u00c7\u00c3O CAPILAR FORTIFICANTE AROMACOLOGIA FOR\u00c7A E VOLUME<\/p>\n\n\n\n<p><strong>Lo\u00e7\u00e3o Capilar Fortificante Aromacologia For\u00e7a e Volume, 100ml:<\/strong><\/p>\n\n\n\n<p>Com 97% de ingredientes de origem natural, possui em sua f\u00f3rmula arginina, um amino\u00e1cido natural que ajuda a fortalecer e revigorar a fibra capilar. A lo\u00e7\u00e3o Capilar Fortificante For\u00e7a e Volume proporciona for\u00e7a desde a raiz, restaurando o brilho e for\u00e7a para os fios.<\/p>\n\n\n\n<p><strong>Eco-Refil Shampoo Aromacologia For\u00e7a e Volume, 500ml:<\/strong><\/p>\n\n\n\n<p>Este Shampoo de For\u00e7a e Volume limpa e fortalece os fios, deixando-os 3x mais fortes e resistentes<strong>*<\/strong>. Possui em sua f\u00f3rmula queratina vegetal, que ajuda a fortalecer e aumentar o volume da fibra capilar. Cont\u00e9m tamb\u00e9m os cinco \u00f3leos essenciais (alecrim, ylang ylang, jun\u00edpero, cedro e lim\u00e3o). Livre de silicone e com 99% de ingredientes biodegrad\u00e1veis.<\/p>\n\n\n\n<p>* Resultados obtidos com o uso da rotina: SHAMPOO AROMACOLOGIA FOR\u00c7A E VOLUME + CONDICIONADOR AROMACOLOGIA FOR\u00c7A E VOLUME + LO\u00c7\u00c3O CAPILAR FORTIFICANTE AROMACOLOGIA FOR\u00c7A E VOLUME<\/p>\n\n\n\n<p>***<\/p>\n\n\n\n<p><strong>Customer Care L\u2019Occitane en Provence<\/strong><\/p>\n\n\n\n<p>0800 171 272 | <a href=\"https:\/\/br.loccitane.com\/\" target=\"_blank\" rel=\"noreferrer noopener\">https:\/\/br.loccitane.com\/<\/a><\/p>\n\n\n\n<p><strong>Ficha t\u00e9cnica<\/strong><\/p>\n\n\n\n<p><strong>T\u00edtulo<\/strong>: O Poder do Amarelo<br><strong>Ag\u00eancia<\/strong>: Integer\\OutPromo TBWA<br><strong>Cliente<\/strong>: L\u2019Occitane en Provence<br><strong>Marca<\/strong>: L\u2019Occitane en Provence<br><strong>Managing Director<\/strong>: Ricardo Franken<\/p>\n\n\n\n<p><strong>Atendimento:<\/strong> Ana Luisa Periss\u00e9, Sully Siena, Mari\u00ea Borges, Giovana Zulian<br><strong>CCO<\/strong>: Ant\u00f4nio Neto<\/p>\n\n\n\n<p><strong>VP de Cria\u00e7\u00e3o:<\/strong> Danilo Vizagre<br><strong>Dire\u00e7\u00e3o de cria\u00e7\u00e3o<\/strong>: Leonardo Costa<\/p>\n\n\n\n<p><strong>Reda\u00e7\u00e3o: <\/strong>Camilly Santos<br><strong>Dire\u00e7\u00e3o de Arte:<\/strong> Mariana Claro<\/p>\n\n\n\n<p><strong>CSO<\/strong>: Carlos Gajo<\/p>\n\n\n\n<p><strong>Planejamento:<\/strong> Gustavo Aoyagi, Fernanda Guimar\u00e3es, Catarina Dea<\/p>\n\n\n\n<p><strong>M\u00eddia:<\/strong> Daiana Meireles, Thiago Endo<\/p>\n\n\n\n<p><strong>Fotografia: <\/strong>Gustavo Ip\u00f3lito<\/p>\n\n\n\n<p><strong>Film director: <\/strong>Natacha Mantovani<\/p>\n\n\n\n<p><strong>Art Director: <\/strong>Manuella Meirelles<\/p>\n\n\n\n<p><strong>Hair &amp; Make up: <\/strong>Jean Ricardo<\/p>\n\n\n\n<p><strong>Stylist: <\/strong>Morgana Ludwig<\/p>\n\n\n\n<p><strong>Produ\u00e7\u00e3o Executiva<\/strong>: Giovana Motta<\/p>\n\n\n\n<p><strong>Aprova\u00e7\u00e3o\/cliente<\/strong>: Pierry Coni, Mariana Hallage, Maria Isabel Puoli, Marina Daquanno<\/p>\n","protected":false},"excerpt":{"rendered":"<p>O Amarelo \u00e9 uma cor que nos remete alegria, espontaneidade, calor e otimismo, e n\u00e3o \u00e9 \u00e0 toa que foi escolhida como ativo distinto da marca L\u2019Occitane en Provence, que comemora seus 45 anos de marca em 2021. Celebrando os seus produtos com a emblem\u00e1tica embalagem amarela e um dos seus mais ic\u00f4nicos ingredientes com [&hellip;]<\/p>\n","protected":false},"author":1,"featured_media":28862,"comment_status":"open","ping_status":"open","sticky":false,"template":"","format":"standard","meta":{"tdm_status":"","tdm_grid_status":"","footnotes":""},"categories":[6],"tags":[33,4511,28,26],"class_list":["post-28861","post","type-post","status-publish","format-standard","has-post-thumbnail","hentry","category-noticias","tag-estrategia","tag-loccitane-en-provence","tag-marketing","tag-marketing-digital"],"yoast_head":"<!-- This site is optimized with the Yoast SEO plugin v27.5 - https:\/\/yoast.com\/product\/yoast-seo-wordpress\/ -->\n<title>L&#039;Occitane en Provence celebra os seus 45 anos de hist\u00f3ria com a campanha &quot;O Poder do Amarelo&quot; - CidadeMarketing<\/title>\n<meta name=\"robots\" content=\"index, follow, max-snippet:-1, max-image-preview:large, max-video-preview:-1\" \/>\n<link rel=\"canonical\" href=\"https:\/\/www.cidademarketing.com.br\/marketing\/2021\/09\/11\/loccitane-en-provence-celebra-os-seus-45-anos-de-historia-com-a-campanha-o-poder-do-amarelo\/\" \/>\n<meta property=\"og:locale\" content=\"pt_BR\" \/>\n<meta property=\"og:type\" content=\"article\" \/>\n<meta property=\"og:title\" content=\"L&#039;Occitane en Provence celebra os seus 45 anos de hist\u00f3ria com a campanha &quot;O Poder do Amarelo&quot; - CidadeMarketing\" \/>\n<meta property=\"og:description\" content=\"O Amarelo \u00e9 uma cor que nos remete alegria, espontaneidade, calor e otimismo, e n\u00e3o \u00e9 \u00e0 toa que foi escolhida como ativo distinto da marca L\u2019Occitane en Provence, que comemora seus 45 anos de marca em 2021. Celebrando os seus produtos com a emblem\u00e1tica embalagem amarela e um dos seus mais ic\u00f4nicos ingredientes com [&hellip;]\" \/>\n<meta property=\"og:url\" content=\"https:\/\/www.cidademarketing.com.br\/marketing\/2021\/09\/11\/loccitane-en-provence-celebra-os-seus-45-anos-de-historia-com-a-campanha-o-poder-do-amarelo\/\" \/>\n<meta property=\"og:site_name\" content=\"CidadeMarketing\" \/>\n<meta property=\"article:publisher\" content=\"https:\/\/www.facebook.com\/portalcidademarketing\" \/>\n<meta property=\"article:author\" content=\"https:\/\/www.facebook.com\/thalesbrandao\" \/>\n<meta property=\"article:published_time\" content=\"2021-09-11T18:08:00+00:00\" \/>\n<meta property=\"article:modified_time\" content=\"2021-09-11T18:08:03+00:00\" \/>\n<meta property=\"og:image\" content=\"https:\/\/www.cidademarketing.com.br\/marketing\/wp-content\/uploads\/2021\/09\/setembro_amarelo.jpg\" \/>\n\t<meta property=\"og:image:width\" content=\"528\" \/>\n\t<meta property=\"og:image:height\" content=\"578\" \/>\n\t<meta property=\"og:image:type\" content=\"image\/jpeg\" \/>\n<meta name=\"author\" content=\"Thales Brand\u00e3o\" \/>\n<meta name=\"twitter:card\" content=\"summary_large_image\" \/>\n<meta name=\"twitter:creator\" content=\"@http:\/\/www.twitter.com\/thalesbrandao\" \/>\n<meta name=\"twitter:site\" content=\"@CidadeMarketing\" \/>\n<meta name=\"twitter:label1\" content=\"Escrito por\" \/>\n\t<meta name=\"twitter:data1\" content=\"Thales Brand\u00e3o\" \/>\n\t<meta name=\"twitter:label2\" content=\"Est. tempo de leitura\" \/>\n\t<meta name=\"twitter:data2\" content=\"6 minutos\" \/>\n<script type=\"application\/ld+json\" class=\"yoast-schema-graph\">{\"@context\":\"https:\\\/\\\/schema.org\",\"@graph\":[{\"@type\":\"Article\",\"@id\":\"https:\\\/\\\/www.cidademarketing.com.br\\\/marketing\\\/2021\\\/09\\\/11\\\/loccitane-en-provence-celebra-os-seus-45-anos-de-historia-com-a-campanha-o-poder-do-amarelo\\\/#article\",\"isPartOf\":{\"@id\":\"https:\\\/\\\/www.cidademarketing.com.br\\\/marketing\\\/2021\\\/09\\\/11\\\/loccitane-en-provence-celebra-os-seus-45-anos-de-historia-com-a-campanha-o-poder-do-amarelo\\\/\"},\"author\":{\"name\":\"Thales Brand\u00e3o\",\"@id\":\"https:\\\/\\\/www.cidademarketing.com.br\\\/marketing\\\/#\\\/schema\\\/person\\\/02daff9f18bd9378c9e01eb6b2db155f\"},\"headline\":\"L&#8217;Occitane en Provence celebra os seus 45 anos de hist\u00f3ria com a campanha &#8220;O Poder do Amarelo&#8221;\",\"datePublished\":\"2021-09-11T18:08:00+00:00\",\"dateModified\":\"2021-09-11T18:08:03+00:00\",\"mainEntityOfPage\":{\"@id\":\"https:\\\/\\\/www.cidademarketing.com.br\\\/marketing\\\/2021\\\/09\\\/11\\\/loccitane-en-provence-celebra-os-seus-45-anos-de-historia-com-a-campanha-o-poder-do-amarelo\\\/\"},\"wordCount\":1213,\"commentCount\":0,\"publisher\":{\"@id\":\"https:\\\/\\\/www.cidademarketing.com.br\\\/marketing\\\/#organization\"},\"image\":{\"@id\":\"https:\\\/\\\/www.cidademarketing.com.br\\\/marketing\\\/2021\\\/09\\\/11\\\/loccitane-en-provence-celebra-os-seus-45-anos-de-historia-com-a-campanha-o-poder-do-amarelo\\\/#primaryimage\"},\"thumbnailUrl\":\"https:\\\/\\\/www.cidademarketing.com.br\\\/marketing\\\/wp-content\\\/uploads\\\/2021\\\/09\\\/setembro_amarelo.jpg\",\"keywords\":[\"estrat\u00e9gia\",\"L&#039;Occitane en Provence\",\"marketing\",\"marketing digital\"],\"articleSection\":[\"Not\u00edcias\"],\"inLanguage\":\"pt-BR\",\"potentialAction\":[{\"@type\":\"CommentAction\",\"name\":\"Comment\",\"target\":[\"https:\\\/\\\/www.cidademarketing.com.br\\\/marketing\\\/2021\\\/09\\\/11\\\/loccitane-en-provence-celebra-os-seus-45-anos-de-historia-com-a-campanha-o-poder-do-amarelo\\\/#respond\"]}]},{\"@type\":\"WebPage\",\"@id\":\"https:\\\/\\\/www.cidademarketing.com.br\\\/marketing\\\/2021\\\/09\\\/11\\\/loccitane-en-provence-celebra-os-seus-45-anos-de-historia-com-a-campanha-o-poder-do-amarelo\\\/\",\"url\":\"https:\\\/\\\/www.cidademarketing.com.br\\\/marketing\\\/2021\\\/09\\\/11\\\/loccitane-en-provence-celebra-os-seus-45-anos-de-historia-com-a-campanha-o-poder-do-amarelo\\\/\",\"name\":\"L'Occitane en Provence celebra os seus 45 anos de hist\u00f3ria com a campanha \\\"O Poder do Amarelo\\\" - CidadeMarketing\",\"isPartOf\":{\"@id\":\"https:\\\/\\\/www.cidademarketing.com.br\\\/marketing\\\/#website\"},\"primaryImageOfPage\":{\"@id\":\"https:\\\/\\\/www.cidademarketing.com.br\\\/marketing\\\/2021\\\/09\\\/11\\\/loccitane-en-provence-celebra-os-seus-45-anos-de-historia-com-a-campanha-o-poder-do-amarelo\\\/#primaryimage\"},\"image\":{\"@id\":\"https:\\\/\\\/www.cidademarketing.com.br\\\/marketing\\\/2021\\\/09\\\/11\\\/loccitane-en-provence-celebra-os-seus-45-anos-de-historia-com-a-campanha-o-poder-do-amarelo\\\/#primaryimage\"},\"thumbnailUrl\":\"https:\\\/\\\/www.cidademarketing.com.br\\\/marketing\\\/wp-content\\\/uploads\\\/2021\\\/09\\\/setembro_amarelo.jpg\",\"datePublished\":\"2021-09-11T18:08:00+00:00\",\"dateModified\":\"2021-09-11T18:08:03+00:00\",\"breadcrumb\":{\"@id\":\"https:\\\/\\\/www.cidademarketing.com.br\\\/marketing\\\/2021\\\/09\\\/11\\\/loccitane-en-provence-celebra-os-seus-45-anos-de-historia-com-a-campanha-o-poder-do-amarelo\\\/#breadcrumb\"},\"inLanguage\":\"pt-BR\",\"potentialAction\":[{\"@type\":\"ReadAction\",\"target\":[\"https:\\\/\\\/www.cidademarketing.com.br\\\/marketing\\\/2021\\\/09\\\/11\\\/loccitane-en-provence-celebra-os-seus-45-anos-de-historia-com-a-campanha-o-poder-do-amarelo\\\/\"]}]},{\"@type\":\"ImageObject\",\"inLanguage\":\"pt-BR\",\"@id\":\"https:\\\/\\\/www.cidademarketing.com.br\\\/marketing\\\/2021\\\/09\\\/11\\\/loccitane-en-provence-celebra-os-seus-45-anos-de-historia-com-a-campanha-o-poder-do-amarelo\\\/#primaryimage\",\"url\":\"https:\\\/\\\/www.cidademarketing.com.br\\\/marketing\\\/wp-content\\\/uploads\\\/2021\\\/09\\\/setembro_amarelo.jpg\",\"contentUrl\":\"https:\\\/\\\/www.cidademarketing.com.br\\\/marketing\\\/wp-content\\\/uploads\\\/2021\\\/09\\\/setembro_amarelo.jpg\",\"width\":528,\"height\":578,\"caption\":\"Reprodu\u00e7\u00e3o\"},{\"@type\":\"BreadcrumbList\",\"@id\":\"https:\\\/\\\/www.cidademarketing.com.br\\\/marketing\\\/2021\\\/09\\\/11\\\/loccitane-en-provence-celebra-os-seus-45-anos-de-historia-com-a-campanha-o-poder-do-amarelo\\\/#breadcrumb\",\"itemListElement\":[{\"@type\":\"ListItem\",\"position\":1,\"name\":\"In\u00edcio\",\"item\":\"https:\\\/\\\/www.cidademarketing.com.br\\\/marketing\\\/\"},{\"@type\":\"ListItem\",\"position\":2,\"name\":\"L&#8217;Occitane en Provence celebra os seus 45 anos de hist\u00f3ria com a campanha &#8220;O Poder do Amarelo&#8221;\"}]},{\"@type\":\"WebSite\",\"@id\":\"https:\\\/\\\/www.cidademarketing.com.br\\\/marketing\\\/#website\",\"url\":\"https:\\\/\\\/www.cidademarketing.com.br\\\/marketing\\\/\",\"name\":\"CidadeMarketing\",\"description\":\"Somos um ve\u00edculo de comunica\u00e7\u00e3o de destaque no Brasil, reconhecido por conte\u00fados nos segmentos de marketing, empreendedorismo e inova\u00e7\u00e3o.\",\"publisher\":{\"@id\":\"https:\\\/\\\/www.cidademarketing.com.br\\\/marketing\\\/#organization\"},\"alternateName\":\"CidadeMarketing\",\"potentialAction\":[{\"@type\":\"SearchAction\",\"target\":{\"@type\":\"EntryPoint\",\"urlTemplate\":\"https:\\\/\\\/www.cidademarketing.com.br\\\/marketing\\\/?s={search_term_string}\"},\"query-input\":{\"@type\":\"PropertyValueSpecification\",\"valueRequired\":true,\"valueName\":\"search_term_string\"}}],\"inLanguage\":\"pt-BR\"},{\"@type\":\"Organization\",\"@id\":\"https:\\\/\\\/www.cidademarketing.com.br\\\/marketing\\\/#organization\",\"name\":\"CidadeMarketing\",\"alternateName\":\"CidadeMarketing\",\"url\":\"https:\\\/\\\/www.cidademarketing.com.br\\\/marketing\\\/\",\"logo\":{\"@type\":\"ImageObject\",\"inLanguage\":\"pt-BR\",\"@id\":\"https:\\\/\\\/www.cidademarketing.com.br\\\/marketing\\\/#\\\/schema\\\/logo\\\/image\\\/\",\"url\":\"https:\\\/\\\/www.cidademarketing.com.br\\\/marketing\\\/wp-content\\\/uploads\\\/2020\\\/01\\\/cidademarketing_marca_mobile.png\",\"contentUrl\":\"https:\\\/\\\/www.cidademarketing.com.br\\\/marketing\\\/wp-content\\\/uploads\\\/2020\\\/01\\\/cidademarketing_marca_mobile.png\",\"width\":230,\"height\":92,\"caption\":\"CidadeMarketing\"},\"image\":{\"@id\":\"https:\\\/\\\/www.cidademarketing.com.br\\\/marketing\\\/#\\\/schema\\\/logo\\\/image\\\/\"},\"sameAs\":[\"https:\\\/\\\/www.facebook.com\\\/portalcidademarketing\",\"https:\\\/\\\/x.com\\\/CidadeMarketing\",\"https:\\\/\\\/www.instagram.com\\\/cidademarketing\\\/\"]},{\"@type\":\"Person\",\"@id\":\"https:\\\/\\\/www.cidademarketing.com.br\\\/marketing\\\/#\\\/schema\\\/person\\\/02daff9f18bd9378c9e01eb6b2db155f\",\"name\":\"Thales Brand\u00e3o\",\"image\":{\"@type\":\"ImageObject\",\"inLanguage\":\"pt-BR\",\"@id\":\"https:\\\/\\\/secure.gravatar.com\\\/avatar\\\/7ca3206950207cc3cb48feec56a8a7898741ab725c368d99d5d7a5a50aab80c6?s=96&d=mm&r=g\",\"url\":\"https:\\\/\\\/secure.gravatar.com\\\/avatar\\\/7ca3206950207cc3cb48feec56a8a7898741ab725c368d99d5d7a5a50aab80c6?s=96&d=mm&r=g\",\"contentUrl\":\"https:\\\/\\\/secure.gravatar.com\\\/avatar\\\/7ca3206950207cc3cb48feec56a8a7898741ab725c368d99d5d7a5a50aab80c6?s=96&d=mm&r=g\",\"caption\":\"Thales Brand\u00e3o\"},\"description\":\"Editor Executivo do Portal CidadeMarketing.com.br &gt; Mestre em Comunica\u00e7\u00e3o e Sociedade pela Universidade Federal de Sergipe. Possui MBA Executivo em Administra\u00e7\u00e3o com \u00eanfase em Marketing pela Funda\u00e7\u00e3o Get\u00falio Vargas - Rio de Janeiro. Consultor, Palestrante e Pesquisador sobre Empreendedorismo, Marketing, Redes Sociais e Neg\u00f3cios Digitais. Professor, Palestrante TedxTalks e Campus Party. Twitter: @ThalesBrandao\",\"sameAs\":[\"http:\\\/\\\/www.mandacaru.com.br\",\"https:\\\/\\\/www.facebook.com\\\/thalesbrandao\",\"http:\\\/\\\/www.instagram.com.br\\\/thalesbrandaoferreira\",\"https:\\\/\\\/www.linkedin.com\\\/in\\\/thales-brand\u00e3o-3948609\\\/\",\"https:\\\/\\\/x.com\\\/http:\\\/\\\/www.twitter.com\\\/thalesbrandao\"],\"url\":\"https:\\\/\\\/www.cidademarketing.com.br\\\/marketing\\\/author\\\/thalesbrandao\\\/\"}]}<\/script>\n<!-- \/ Yoast SEO plugin. -->","yoast_head_json":{"title":"L'Occitane en Provence celebra os seus 45 anos de hist\u00f3ria com a campanha \"O Poder do Amarelo\" - CidadeMarketing","robots":{"index":"index","follow":"follow","max-snippet":"max-snippet:-1","max-image-preview":"max-image-preview:large","max-video-preview":"max-video-preview:-1"},"canonical":"https:\/\/www.cidademarketing.com.br\/marketing\/2021\/09\/11\/loccitane-en-provence-celebra-os-seus-45-anos-de-historia-com-a-campanha-o-poder-do-amarelo\/","og_locale":"pt_BR","og_type":"article","og_title":"L'Occitane en Provence celebra os seus 45 anos de hist\u00f3ria com a campanha \"O Poder do Amarelo\" - CidadeMarketing","og_description":"O Amarelo \u00e9 uma cor que nos remete alegria, espontaneidade, calor e otimismo, e n\u00e3o \u00e9 \u00e0 toa que foi escolhida como ativo distinto da marca L\u2019Occitane en Provence, que comemora seus 45 anos de marca em 2021. Celebrando os seus produtos com a emblem\u00e1tica embalagem amarela e um dos seus mais ic\u00f4nicos ingredientes com [&hellip;]","og_url":"https:\/\/www.cidademarketing.com.br\/marketing\/2021\/09\/11\/loccitane-en-provence-celebra-os-seus-45-anos-de-historia-com-a-campanha-o-poder-do-amarelo\/","og_site_name":"CidadeMarketing","article_publisher":"https:\/\/www.facebook.com\/portalcidademarketing","article_author":"https:\/\/www.facebook.com\/thalesbrandao","article_published_time":"2021-09-11T18:08:00+00:00","article_modified_time":"2021-09-11T18:08:03+00:00","og_image":[{"width":528,"height":578,"url":"https:\/\/www.cidademarketing.com.br\/marketing\/wp-content\/uploads\/2021\/09\/setembro_amarelo.jpg","type":"image\/jpeg"}],"author":"Thales Brand\u00e3o","twitter_card":"summary_large_image","twitter_creator":"@http:\/\/www.twitter.com\/thalesbrandao","twitter_site":"@CidadeMarketing","twitter_misc":{"Escrito por":"Thales Brand\u00e3o","Est. tempo de leitura":"6 minutos"},"schema":{"@context":"https:\/\/schema.org","@graph":[{"@type":"Article","@id":"https:\/\/www.cidademarketing.com.br\/marketing\/2021\/09\/11\/loccitane-en-provence-celebra-os-seus-45-anos-de-historia-com-a-campanha-o-poder-do-amarelo\/#article","isPartOf":{"@id":"https:\/\/www.cidademarketing.com.br\/marketing\/2021\/09\/11\/loccitane-en-provence-celebra-os-seus-45-anos-de-historia-com-a-campanha-o-poder-do-amarelo\/"},"author":{"name":"Thales Brand\u00e3o","@id":"https:\/\/www.cidademarketing.com.br\/marketing\/#\/schema\/person\/02daff9f18bd9378c9e01eb6b2db155f"},"headline":"L&#8217;Occitane en Provence celebra os seus 45 anos de hist\u00f3ria com a campanha &#8220;O Poder do Amarelo&#8221;","datePublished":"2021-09-11T18:08:00+00:00","dateModified":"2021-09-11T18:08:03+00:00","mainEntityOfPage":{"@id":"https:\/\/www.cidademarketing.com.br\/marketing\/2021\/09\/11\/loccitane-en-provence-celebra-os-seus-45-anos-de-historia-com-a-campanha-o-poder-do-amarelo\/"},"wordCount":1213,"commentCount":0,"publisher":{"@id":"https:\/\/www.cidademarketing.com.br\/marketing\/#organization"},"image":{"@id":"https:\/\/www.cidademarketing.com.br\/marketing\/2021\/09\/11\/loccitane-en-provence-celebra-os-seus-45-anos-de-historia-com-a-campanha-o-poder-do-amarelo\/#primaryimage"},"thumbnailUrl":"https:\/\/www.cidademarketing.com.br\/marketing\/wp-content\/uploads\/2021\/09\/setembro_amarelo.jpg","keywords":["estrat\u00e9gia","L&#039;Occitane en Provence","marketing","marketing digital"],"articleSection":["Not\u00edcias"],"inLanguage":"pt-BR","potentialAction":[{"@type":"CommentAction","name":"Comment","target":["https:\/\/www.cidademarketing.com.br\/marketing\/2021\/09\/11\/loccitane-en-provence-celebra-os-seus-45-anos-de-historia-com-a-campanha-o-poder-do-amarelo\/#respond"]}]},{"@type":"WebPage","@id":"https:\/\/www.cidademarketing.com.br\/marketing\/2021\/09\/11\/loccitane-en-provence-celebra-os-seus-45-anos-de-historia-com-a-campanha-o-poder-do-amarelo\/","url":"https:\/\/www.cidademarketing.com.br\/marketing\/2021\/09\/11\/loccitane-en-provence-celebra-os-seus-45-anos-de-historia-com-a-campanha-o-poder-do-amarelo\/","name":"L'Occitane en Provence celebra os seus 45 anos de hist\u00f3ria com a campanha \"O Poder do Amarelo\" - CidadeMarketing","isPartOf":{"@id":"https:\/\/www.cidademarketing.com.br\/marketing\/#website"},"primaryImageOfPage":{"@id":"https:\/\/www.cidademarketing.com.br\/marketing\/2021\/09\/11\/loccitane-en-provence-celebra-os-seus-45-anos-de-historia-com-a-campanha-o-poder-do-amarelo\/#primaryimage"},"image":{"@id":"https:\/\/www.cidademarketing.com.br\/marketing\/2021\/09\/11\/loccitane-en-provence-celebra-os-seus-45-anos-de-historia-com-a-campanha-o-poder-do-amarelo\/#primaryimage"},"thumbnailUrl":"https:\/\/www.cidademarketing.com.br\/marketing\/wp-content\/uploads\/2021\/09\/setembro_amarelo.jpg","datePublished":"2021-09-11T18:08:00+00:00","dateModified":"2021-09-11T18:08:03+00:00","breadcrumb":{"@id":"https:\/\/www.cidademarketing.com.br\/marketing\/2021\/09\/11\/loccitane-en-provence-celebra-os-seus-45-anos-de-historia-com-a-campanha-o-poder-do-amarelo\/#breadcrumb"},"inLanguage":"pt-BR","potentialAction":[{"@type":"ReadAction","target":["https:\/\/www.cidademarketing.com.br\/marketing\/2021\/09\/11\/loccitane-en-provence-celebra-os-seus-45-anos-de-historia-com-a-campanha-o-poder-do-amarelo\/"]}]},{"@type":"ImageObject","inLanguage":"pt-BR","@id":"https:\/\/www.cidademarketing.com.br\/marketing\/2021\/09\/11\/loccitane-en-provence-celebra-os-seus-45-anos-de-historia-com-a-campanha-o-poder-do-amarelo\/#primaryimage","url":"https:\/\/www.cidademarketing.com.br\/marketing\/wp-content\/uploads\/2021\/09\/setembro_amarelo.jpg","contentUrl":"https:\/\/www.cidademarketing.com.br\/marketing\/wp-content\/uploads\/2021\/09\/setembro_amarelo.jpg","width":528,"height":578,"caption":"Reprodu\u00e7\u00e3o"},{"@type":"BreadcrumbList","@id":"https:\/\/www.cidademarketing.com.br\/marketing\/2021\/09\/11\/loccitane-en-provence-celebra-os-seus-45-anos-de-historia-com-a-campanha-o-poder-do-amarelo\/#breadcrumb","itemListElement":[{"@type":"ListItem","position":1,"name":"In\u00edcio","item":"https:\/\/www.cidademarketing.com.br\/marketing\/"},{"@type":"ListItem","position":2,"name":"L&#8217;Occitane en Provence celebra os seus 45 anos de hist\u00f3ria com a campanha &#8220;O Poder do Amarelo&#8221;"}]},{"@type":"WebSite","@id":"https:\/\/www.cidademarketing.com.br\/marketing\/#website","url":"https:\/\/www.cidademarketing.com.br\/marketing\/","name":"CidadeMarketing","description":"Somos um ve\u00edculo de comunica\u00e7\u00e3o de destaque no Brasil, reconhecido por conte\u00fados nos segmentos de marketing, empreendedorismo e inova\u00e7\u00e3o.","publisher":{"@id":"https:\/\/www.cidademarketing.com.br\/marketing\/#organization"},"alternateName":"CidadeMarketing","potentialAction":[{"@type":"SearchAction","target":{"@type":"EntryPoint","urlTemplate":"https:\/\/www.cidademarketing.com.br\/marketing\/?s={search_term_string}"},"query-input":{"@type":"PropertyValueSpecification","valueRequired":true,"valueName":"search_term_string"}}],"inLanguage":"pt-BR"},{"@type":"Organization","@id":"https:\/\/www.cidademarketing.com.br\/marketing\/#organization","name":"CidadeMarketing","alternateName":"CidadeMarketing","url":"https:\/\/www.cidademarketing.com.br\/marketing\/","logo":{"@type":"ImageObject","inLanguage":"pt-BR","@id":"https:\/\/www.cidademarketing.com.br\/marketing\/#\/schema\/logo\/image\/","url":"https:\/\/www.cidademarketing.com.br\/marketing\/wp-content\/uploads\/2020\/01\/cidademarketing_marca_mobile.png","contentUrl":"https:\/\/www.cidademarketing.com.br\/marketing\/wp-content\/uploads\/2020\/01\/cidademarketing_marca_mobile.png","width":230,"height":92,"caption":"CidadeMarketing"},"image":{"@id":"https:\/\/www.cidademarketing.com.br\/marketing\/#\/schema\/logo\/image\/"},"sameAs":["https:\/\/www.facebook.com\/portalcidademarketing","https:\/\/x.com\/CidadeMarketing","https:\/\/www.instagram.com\/cidademarketing\/"]},{"@type":"Person","@id":"https:\/\/www.cidademarketing.com.br\/marketing\/#\/schema\/person\/02daff9f18bd9378c9e01eb6b2db155f","name":"Thales Brand\u00e3o","image":{"@type":"ImageObject","inLanguage":"pt-BR","@id":"https:\/\/secure.gravatar.com\/avatar\/7ca3206950207cc3cb48feec56a8a7898741ab725c368d99d5d7a5a50aab80c6?s=96&d=mm&r=g","url":"https:\/\/secure.gravatar.com\/avatar\/7ca3206950207cc3cb48feec56a8a7898741ab725c368d99d5d7a5a50aab80c6?s=96&d=mm&r=g","contentUrl":"https:\/\/secure.gravatar.com\/avatar\/7ca3206950207cc3cb48feec56a8a7898741ab725c368d99d5d7a5a50aab80c6?s=96&d=mm&r=g","caption":"Thales Brand\u00e3o"},"description":"Editor Executivo do Portal CidadeMarketing.com.br &gt; Mestre em Comunica\u00e7\u00e3o e Sociedade pela Universidade Federal de Sergipe. Possui MBA Executivo em Administra\u00e7\u00e3o com \u00eanfase em Marketing pela Funda\u00e7\u00e3o Get\u00falio Vargas - Rio de Janeiro. Consultor, Palestrante e Pesquisador sobre Empreendedorismo, Marketing, Redes Sociais e Neg\u00f3cios Digitais. Professor, Palestrante TedxTalks e Campus Party. Twitter: @ThalesBrandao","sameAs":["http:\/\/www.mandacaru.com.br","https:\/\/www.facebook.com\/thalesbrandao","http:\/\/www.instagram.com.br\/thalesbrandaoferreira","https:\/\/www.linkedin.com\/in\/thales-brand\u00e3o-3948609\/","https:\/\/x.com\/http:\/\/www.twitter.com\/thalesbrandao"],"url":"https:\/\/www.cidademarketing.com.br\/marketing\/author\/thalesbrandao\/"}]}},"amp_enabled":true,"_links":{"self":[{"href":"https:\/\/www.cidademarketing.com.br\/marketing\/wp-json\/wp\/v2\/posts\/28861","targetHints":{"allow":["GET"]}}],"collection":[{"href":"https:\/\/www.cidademarketing.com.br\/marketing\/wp-json\/wp\/v2\/posts"}],"about":[{"href":"https:\/\/www.cidademarketing.com.br\/marketing\/wp-json\/wp\/v2\/types\/post"}],"author":[{"embeddable":true,"href":"https:\/\/www.cidademarketing.com.br\/marketing\/wp-json\/wp\/v2\/users\/1"}],"replies":[{"embeddable":true,"href":"https:\/\/www.cidademarketing.com.br\/marketing\/wp-json\/wp\/v2\/comments?post=28861"}],"version-history":[{"count":1,"href":"https:\/\/www.cidademarketing.com.br\/marketing\/wp-json\/wp\/v2\/posts\/28861\/revisions"}],"predecessor-version":[{"id":28863,"href":"https:\/\/www.cidademarketing.com.br\/marketing\/wp-json\/wp\/v2\/posts\/28861\/revisions\/28863"}],"wp:featuredmedia":[{"embeddable":true,"href":"https:\/\/www.cidademarketing.com.br\/marketing\/wp-json\/wp\/v2\/media\/28862"}],"wp:attachment":[{"href":"https:\/\/www.cidademarketing.com.br\/marketing\/wp-json\/wp\/v2\/media?parent=28861"}],"wp:term":[{"taxonomy":"category","embeddable":true,"href":"https:\/\/www.cidademarketing.com.br\/marketing\/wp-json\/wp\/v2\/categories?post=28861"},{"taxonomy":"post_tag","embeddable":true,"href":"https:\/\/www.cidademarketing.com.br\/marketing\/wp-json\/wp\/v2\/tags?post=28861"}],"curies":[{"name":"wp","href":"https:\/\/api.w.org\/{rel}","templated":true}]}}