{"id":2879,"date":"2018-10-31T10:46:22","date_gmt":"2018-10-31T13:46:22","guid":{"rendered":"http:\/\/www.cidademarketing.com.br\/marketing\/?p=2879"},"modified":"2018-10-31T10:46:22","modified_gmt":"2018-10-31T13:46:22","slug":"ministerio-publico-pede-condenacao-da-rede-globo-por-reprise-de-novela-em-horario-inapropriado","status":"publish","type":"post","link":"https:\/\/www.cidademarketing.com.br\/marketing\/2018\/10\/31\/ministerio-publico-pede-condenacao-da-rede-globo-por-reprise-de-novela-em-horario-inapropriado\/","title":{"rendered":"Minist\u00e9rio P\u00fablico pede condena\u00e7\u00e3o da Rede Globo por reprise de novela em hor\u00e1rio inapropriado"},"content":{"rendered":"<p>O Minist\u00e9rio P\u00fablico Federal (MPF) em Minas Gerais (MG) ajuizou a\u00e7\u00e3o civil p\u00fablica contra a Rede Globo de Televis\u00e3o pedindo indeniza\u00e7\u00e3o por danos morais coletivos pelo fato de a emissora veicular reprise da novela Bel\u00edssima em hor\u00e1rio inapropriado.<\/p>\n<p>Para o procurador da Rep\u00fablica Fernando de Almeida Martins, autor da a\u00e7\u00e3o, a exibi\u00e7\u00e3o da telenovela, classificada pela pr\u00f3pria Rede Globo como n\u00e3o recomendada para menores de 12 anos, antes das 20 horas, \u201cofende diretamente os interesses e direitos do p\u00fablico infantojuvenil brasileiro, raz\u00e3o pela qual tal conduta deve ser veementemente combatida\u201d, j\u00e1 que a Portaria n\u00ba 1.189\/18 do Minist\u00e9rio da Justi\u00e7a estabelece o hor\u00e1rio das 6 horas \u00e0s 20 horas como faixa de prote\u00e7\u00e3o \u00e0 crian\u00e7a, permitindo somente a exibi\u00e7\u00e3o de obras classificadas como livres ou n\u00e3o recomendadas para menores de 10 anos.<\/p>\n<p>De acordo com o procurador, \u201cao n\u00e3o se permitir a censura de conte\u00fado, a Constitui\u00e7\u00e3o da Rep\u00fablica permite ao poder p\u00fablico criar mecanismos para informar ao p\u00fablico a natureza dos espet\u00e1culos, separando-os por faixa-et\u00e1rias e indicando hor\u00e1rios para exibi\u00e7\u00e3o\u201d.<\/p>\n<p>A Procuradoria Federal dos Direitos do Cidad\u00e3o (PFDC), \u00f3rg\u00e3o do MPF, emitiu nota t\u00e9cnica sobre a classifica\u00e7\u00e3o indicativa (Nota T\u00e9cnica n\u00ba 05\/2016\/PFDC), que, segundo o procurador, esclarece \u201cque a declara\u00e7\u00e3o de inconstitucionalidade da express\u00e3o \u2018em hor\u00e1rio diverso do autorizado\u2019 n\u00e3o significa o fim da classifica\u00e7\u00e3o indicativa nem respalda a exibi\u00e7\u00e3o de programas de televis\u00e3o em qualquer hor\u00e1rio pelas concession\u00e1rias do servi\u00e7o p\u00fablico federal de radiodifus\u00e3o.\u201d<\/p>\n<p>Desse modo, permanece o par\u00e2metro adotado pelo Minist\u00e9rio da Justi\u00e7a, que mant\u00e9m a atribui\u00e7\u00e3o de recomendar, al\u00e9m da faixa et\u00e1ria, a faixa hor\u00e1ria dos programas de televis\u00e3o.<\/p>\n<p>Outra legisla\u00e7\u00e3o descumprida pela emissora \u00e9 o Estatuto da Crian\u00e7a e do Adolescente, cujo art. 76 determina que as emissoras de televis\u00e3o somente exibir\u00e3o, no hor\u00e1rio recomendado para o p\u00fablico infanto-juvenil, programas com finalidades educativas, art\u00edsticas, culturais e informativas, o que, para o procurador Fernando Martins, n\u00e3o \u00e9 o caso da telenovela Bel\u00edssima, j\u00e1 que a pr\u00f3pria emissora n\u00e3o recomendou o produto audiovisual para menores de 12 anos.<\/p>\n<p><strong>Pedidos<\/strong> \u2013 O Minist\u00e9rio P\u00fablico Federal pede a condena\u00e7\u00e3o da emissora por danos morais coletivos no valor de R$ 14.801.723,00, a ser revertido para o Fundo Nacional para a Crian\u00e7a e o Adolescente.<\/p>\n<p>Pede ainda a concess\u00e3o de tutela antecipada proibindo a Globo de exibir a reprise antes das 20 horas, com multa di\u00e1ria de R$ 30 mil em caso de descumprimento.<\/p>\n<p>ACP n\u00ba 1012760-15-2018.4.01.3800<\/p>\n<p>Para ler a \u00edntegra da a\u00e7\u00e3o, clique <strong><a class=\"internal-link\" title=\"\" href=\"http:\/\/www.mpf.mp.br\/mg\/sala-de-imprensa\/docs\/acp-belissima\" target=\"_blank\" rel=\"noopener\">aqui<\/a><\/strong>.<\/p>\n","protected":false},"excerpt":{"rendered":"<p>O Minist\u00e9rio P\u00fablico Federal (MPF) em Minas Gerais (MG) ajuizou a\u00e7\u00e3o civil p\u00fablica contra a Rede Globo de Televis\u00e3o pedindo indeniza\u00e7\u00e3o por danos morais coletivos pelo fato de a emissora veicular reprise da novela Bel\u00edssima em hor\u00e1rio inapropriado. Para o procurador da Rep\u00fablica Fernando de Almeida Martins, autor da a\u00e7\u00e3o, a exibi\u00e7\u00e3o da telenovela, classificada [&hellip;]<\/p>\n","protected":false},"author":1,"featured_media":476,"comment_status":"open","ping_status":"open","sticky":false,"template":"","format":"standard","meta":{"tdm_status":"","tdm_grid_status":"","footnotes":""},"categories":[6],"tags":[28,120,191],"class_list":["post-2879","post","type-post","status-publish","format-standard","has-post-thumbnail","hentry","category-noticias","tag-marketing","tag-ministerio-publico","tag-rede-globo"],"yoast_head":"<!-- This site is optimized with the Yoast SEO plugin v27.5 - https:\/\/yoast.com\/product\/yoast-seo-wordpress\/ -->\n<title>Minist\u00e9rio P\u00fablico pede condena\u00e7\u00e3o da Rede Globo por reprise de novela em hor\u00e1rio inapropriado - CidadeMarketing<\/title>\n<meta name=\"robots\" content=\"index, follow, max-snippet:-1, max-image-preview:large, max-video-preview:-1\" \/>\n<link rel=\"canonical\" href=\"https:\/\/www.cidademarketing.com.br\/marketing\/2018\/10\/31\/ministerio-publico-pede-condenacao-da-rede-globo-por-reprise-de-novela-em-horario-inapropriado\/\" \/>\n<meta property=\"og:locale\" content=\"pt_BR\" \/>\n<meta property=\"og:type\" content=\"article\" \/>\n<meta property=\"og:title\" content=\"Minist\u00e9rio P\u00fablico pede condena\u00e7\u00e3o da Rede Globo por reprise de novela em hor\u00e1rio inapropriado - CidadeMarketing\" \/>\n<meta property=\"og:description\" content=\"O Minist\u00e9rio P\u00fablico Federal (MPF) em Minas Gerais (MG) ajuizou a\u00e7\u00e3o civil p\u00fablica contra a Rede Globo de Televis\u00e3o pedindo indeniza\u00e7\u00e3o por danos morais coletivos pelo fato de a emissora veicular reprise da novela Bel\u00edssima em hor\u00e1rio inapropriado. Para o procurador da Rep\u00fablica Fernando de Almeida Martins, autor da a\u00e7\u00e3o, a exibi\u00e7\u00e3o da telenovela, classificada [&hellip;]\" \/>\n<meta property=\"og:url\" content=\"https:\/\/www.cidademarketing.com.br\/marketing\/2018\/10\/31\/ministerio-publico-pede-condenacao-da-rede-globo-por-reprise-de-novela-em-horario-inapropriado\/\" \/>\n<meta property=\"og:site_name\" content=\"CidadeMarketing\" \/>\n<meta property=\"article:publisher\" content=\"https:\/\/www.facebook.com\/portalcidademarketing\" \/>\n<meta property=\"article:author\" content=\"https:\/\/www.facebook.com\/thalesbrandao\" \/>\n<meta property=\"article:published_time\" content=\"2018-10-31T13:46:22+00:00\" \/>\n<meta property=\"og:image\" content=\"https:\/\/www.cidademarketing.com.br\/marketing\/wp-content\/uploads\/2018\/07\/redeglobo.png\" \/>\n\t<meta property=\"og:image:width\" content=\"500\" \/>\n\t<meta property=\"og:image:height\" content=\"500\" \/>\n\t<meta property=\"og:image:type\" content=\"image\/png\" \/>\n<meta name=\"author\" content=\"Thales Brand\u00e3o\" \/>\n<meta name=\"twitter:card\" content=\"summary_large_image\" \/>\n<meta name=\"twitter:creator\" content=\"@http:\/\/www.twitter.com\/thalesbrandao\" \/>\n<meta name=\"twitter:site\" content=\"@CidadeMarketing\" \/>\n<meta name=\"twitter:label1\" content=\"Escrito por\" \/>\n\t<meta name=\"twitter:data1\" content=\"Thales Brand\u00e3o\" \/>\n\t<meta name=\"twitter:label2\" content=\"Est. tempo de leitura\" \/>\n\t<meta name=\"twitter:data2\" content=\"2 minutos\" \/>\n<script type=\"application\/ld+json\" class=\"yoast-schema-graph\">{\"@context\":\"https:\\\/\\\/schema.org\",\"@graph\":[{\"@type\":\"Article\",\"@id\":\"https:\\\/\\\/www.cidademarketing.com.br\\\/marketing\\\/2018\\\/10\\\/31\\\/ministerio-publico-pede-condenacao-da-rede-globo-por-reprise-de-novela-em-horario-inapropriado\\\/#article\",\"isPartOf\":{\"@id\":\"https:\\\/\\\/www.cidademarketing.com.br\\\/marketing\\\/2018\\\/10\\\/31\\\/ministerio-publico-pede-condenacao-da-rede-globo-por-reprise-de-novela-em-horario-inapropriado\\\/\"},\"author\":{\"name\":\"Thales Brand\u00e3o\",\"@id\":\"https:\\\/\\\/www.cidademarketing.com.br\\\/marketing\\\/#\\\/schema\\\/person\\\/02daff9f18bd9378c9e01eb6b2db155f\"},\"headline\":\"Minist\u00e9rio P\u00fablico pede condena\u00e7\u00e3o da Rede Globo por reprise de novela em hor\u00e1rio inapropriado\",\"datePublished\":\"2018-10-31T13:46:22+00:00\",\"mainEntityOfPage\":{\"@id\":\"https:\\\/\\\/www.cidademarketing.com.br\\\/marketing\\\/2018\\\/10\\\/31\\\/ministerio-publico-pede-condenacao-da-rede-globo-por-reprise-de-novela-em-horario-inapropriado\\\/\"},\"wordCount\":484,\"commentCount\":0,\"publisher\":{\"@id\":\"https:\\\/\\\/www.cidademarketing.com.br\\\/marketing\\\/#organization\"},\"image\":{\"@id\":\"https:\\\/\\\/www.cidademarketing.com.br\\\/marketing\\\/2018\\\/10\\\/31\\\/ministerio-publico-pede-condenacao-da-rede-globo-por-reprise-de-novela-em-horario-inapropriado\\\/#primaryimage\"},\"thumbnailUrl\":\"https:\\\/\\\/www.cidademarketing.com.br\\\/marketing\\\/wp-content\\\/uploads\\\/2018\\\/07\\\/redeglobo.png\",\"keywords\":[\"marketing\",\"Minist\u00e9rio P\u00f9blico\",\"Rede Globo\"],\"articleSection\":[\"Not\u00edcias\"],\"inLanguage\":\"pt-BR\",\"potentialAction\":[{\"@type\":\"CommentAction\",\"name\":\"Comment\",\"target\":[\"https:\\\/\\\/www.cidademarketing.com.br\\\/marketing\\\/2018\\\/10\\\/31\\\/ministerio-publico-pede-condenacao-da-rede-globo-por-reprise-de-novela-em-horario-inapropriado\\\/#respond\"]}]},{\"@type\":\"WebPage\",\"@id\":\"https:\\\/\\\/www.cidademarketing.com.br\\\/marketing\\\/2018\\\/10\\\/31\\\/ministerio-publico-pede-condenacao-da-rede-globo-por-reprise-de-novela-em-horario-inapropriado\\\/\",\"url\":\"https:\\\/\\\/www.cidademarketing.com.br\\\/marketing\\\/2018\\\/10\\\/31\\\/ministerio-publico-pede-condenacao-da-rede-globo-por-reprise-de-novela-em-horario-inapropriado\\\/\",\"name\":\"Minist\u00e9rio P\u00fablico pede condena\u00e7\u00e3o da Rede Globo por reprise de novela em hor\u00e1rio inapropriado - CidadeMarketing\",\"isPartOf\":{\"@id\":\"https:\\\/\\\/www.cidademarketing.com.br\\\/marketing\\\/#website\"},\"primaryImageOfPage\":{\"@id\":\"https:\\\/\\\/www.cidademarketing.com.br\\\/marketing\\\/2018\\\/10\\\/31\\\/ministerio-publico-pede-condenacao-da-rede-globo-por-reprise-de-novela-em-horario-inapropriado\\\/#primaryimage\"},\"image\":{\"@id\":\"https:\\\/\\\/www.cidademarketing.com.br\\\/marketing\\\/2018\\\/10\\\/31\\\/ministerio-publico-pede-condenacao-da-rede-globo-por-reprise-de-novela-em-horario-inapropriado\\\/#primaryimage\"},\"thumbnailUrl\":\"https:\\\/\\\/www.cidademarketing.com.br\\\/marketing\\\/wp-content\\\/uploads\\\/2018\\\/07\\\/redeglobo.png\",\"datePublished\":\"2018-10-31T13:46:22+00:00\",\"breadcrumb\":{\"@id\":\"https:\\\/\\\/www.cidademarketing.com.br\\\/marketing\\\/2018\\\/10\\\/31\\\/ministerio-publico-pede-condenacao-da-rede-globo-por-reprise-de-novela-em-horario-inapropriado\\\/#breadcrumb\"},\"inLanguage\":\"pt-BR\",\"potentialAction\":[{\"@type\":\"ReadAction\",\"target\":[\"https:\\\/\\\/www.cidademarketing.com.br\\\/marketing\\\/2018\\\/10\\\/31\\\/ministerio-publico-pede-condenacao-da-rede-globo-por-reprise-de-novela-em-horario-inapropriado\\\/\"]}]},{\"@type\":\"ImageObject\",\"inLanguage\":\"pt-BR\",\"@id\":\"https:\\\/\\\/www.cidademarketing.com.br\\\/marketing\\\/2018\\\/10\\\/31\\\/ministerio-publico-pede-condenacao-da-rede-globo-por-reprise-de-novela-em-horario-inapropriado\\\/#primaryimage\",\"url\":\"https:\\\/\\\/www.cidademarketing.com.br\\\/marketing\\\/wp-content\\\/uploads\\\/2018\\\/07\\\/redeglobo.png\",\"contentUrl\":\"https:\\\/\\\/www.cidademarketing.com.br\\\/marketing\\\/wp-content\\\/uploads\\\/2018\\\/07\\\/redeglobo.png\",\"width\":500,\"height\":500},{\"@type\":\"BreadcrumbList\",\"@id\":\"https:\\\/\\\/www.cidademarketing.com.br\\\/marketing\\\/2018\\\/10\\\/31\\\/ministerio-publico-pede-condenacao-da-rede-globo-por-reprise-de-novela-em-horario-inapropriado\\\/#breadcrumb\",\"itemListElement\":[{\"@type\":\"ListItem\",\"position\":1,\"name\":\"In\u00edcio\",\"item\":\"https:\\\/\\\/www.cidademarketing.com.br\\\/marketing\\\/\"},{\"@type\":\"ListItem\",\"position\":2,\"name\":\"Minist\u00e9rio P\u00fablico pede condena\u00e7\u00e3o da Rede Globo por reprise de novela em hor\u00e1rio inapropriado\"}]},{\"@type\":\"WebSite\",\"@id\":\"https:\\\/\\\/www.cidademarketing.com.br\\\/marketing\\\/#website\",\"url\":\"https:\\\/\\\/www.cidademarketing.com.br\\\/marketing\\\/\",\"name\":\"CidadeMarketing\",\"description\":\"Somos um ve\u00edculo de comunica\u00e7\u00e3o de destaque no Brasil, reconhecido por conte\u00fados nos segmentos de marketing, empreendedorismo e inova\u00e7\u00e3o.\",\"publisher\":{\"@id\":\"https:\\\/\\\/www.cidademarketing.com.br\\\/marketing\\\/#organization\"},\"alternateName\":\"CidadeMarketing\",\"potentialAction\":[{\"@type\":\"SearchAction\",\"target\":{\"@type\":\"EntryPoint\",\"urlTemplate\":\"https:\\\/\\\/www.cidademarketing.com.br\\\/marketing\\\/?s={search_term_string}\"},\"query-input\":{\"@type\":\"PropertyValueSpecification\",\"valueRequired\":true,\"valueName\":\"search_term_string\"}}],\"inLanguage\":\"pt-BR\"},{\"@type\":\"Organization\",\"@id\":\"https:\\\/\\\/www.cidademarketing.com.br\\\/marketing\\\/#organization\",\"name\":\"CidadeMarketing\",\"alternateName\":\"CidadeMarketing\",\"url\":\"https:\\\/\\\/www.cidademarketing.com.br\\\/marketing\\\/\",\"logo\":{\"@type\":\"ImageObject\",\"inLanguage\":\"pt-BR\",\"@id\":\"https:\\\/\\\/www.cidademarketing.com.br\\\/marketing\\\/#\\\/schema\\\/logo\\\/image\\\/\",\"url\":\"https:\\\/\\\/www.cidademarketing.com.br\\\/marketing\\\/wp-content\\\/uploads\\\/2020\\\/01\\\/cidademarketing_marca_mobile.png\",\"contentUrl\":\"https:\\\/\\\/www.cidademarketing.com.br\\\/marketing\\\/wp-content\\\/uploads\\\/2020\\\/01\\\/cidademarketing_marca_mobile.png\",\"width\":230,\"height\":92,\"caption\":\"CidadeMarketing\"},\"image\":{\"@id\":\"https:\\\/\\\/www.cidademarketing.com.br\\\/marketing\\\/#\\\/schema\\\/logo\\\/image\\\/\"},\"sameAs\":[\"https:\\\/\\\/www.facebook.com\\\/portalcidademarketing\",\"https:\\\/\\\/x.com\\\/CidadeMarketing\",\"https:\\\/\\\/www.instagram.com\\\/cidademarketing\\\/\"]},{\"@type\":\"Person\",\"@id\":\"https:\\\/\\\/www.cidademarketing.com.br\\\/marketing\\\/#\\\/schema\\\/person\\\/02daff9f18bd9378c9e01eb6b2db155f\",\"name\":\"Thales Brand\u00e3o\",\"image\":{\"@type\":\"ImageObject\",\"inLanguage\":\"pt-BR\",\"@id\":\"https:\\\/\\\/secure.gravatar.com\\\/avatar\\\/7ca3206950207cc3cb48feec56a8a7898741ab725c368d99d5d7a5a50aab80c6?s=96&d=mm&r=g\",\"url\":\"https:\\\/\\\/secure.gravatar.com\\\/avatar\\\/7ca3206950207cc3cb48feec56a8a7898741ab725c368d99d5d7a5a50aab80c6?s=96&d=mm&r=g\",\"contentUrl\":\"https:\\\/\\\/secure.gravatar.com\\\/avatar\\\/7ca3206950207cc3cb48feec56a8a7898741ab725c368d99d5d7a5a50aab80c6?s=96&d=mm&r=g\",\"caption\":\"Thales Brand\u00e3o\"},\"description\":\"Editor Executivo do Portal CidadeMarketing.com.br &gt; Mestre em Comunica\u00e7\u00e3o e Sociedade pela Universidade Federal de Sergipe. Possui MBA Executivo em Administra\u00e7\u00e3o com \u00eanfase em Marketing pela Funda\u00e7\u00e3o Get\u00falio Vargas - Rio de Janeiro. Consultor, Palestrante e Pesquisador sobre Empreendedorismo, Marketing, Redes Sociais e Neg\u00f3cios Digitais. Professor, Palestrante TedxTalks e Campus Party. Twitter: @ThalesBrandao\",\"sameAs\":[\"http:\\\/\\\/www.mandacaru.com.br\",\"https:\\\/\\\/www.facebook.com\\\/thalesbrandao\",\"http:\\\/\\\/www.instagram.com.br\\\/thalesbrandaoferreira\",\"https:\\\/\\\/www.linkedin.com\\\/in\\\/thales-brand\u00e3o-3948609\\\/\",\"https:\\\/\\\/x.com\\\/http:\\\/\\\/www.twitter.com\\\/thalesbrandao\"],\"url\":\"https:\\\/\\\/www.cidademarketing.com.br\\\/marketing\\\/author\\\/thalesbrandao\\\/\"}]}<\/script>\n<!-- \/ Yoast SEO plugin. -->","yoast_head_json":{"title":"Minist\u00e9rio P\u00fablico pede condena\u00e7\u00e3o da Rede Globo por reprise de novela em hor\u00e1rio inapropriado - CidadeMarketing","robots":{"index":"index","follow":"follow","max-snippet":"max-snippet:-1","max-image-preview":"max-image-preview:large","max-video-preview":"max-video-preview:-1"},"canonical":"https:\/\/www.cidademarketing.com.br\/marketing\/2018\/10\/31\/ministerio-publico-pede-condenacao-da-rede-globo-por-reprise-de-novela-em-horario-inapropriado\/","og_locale":"pt_BR","og_type":"article","og_title":"Minist\u00e9rio P\u00fablico pede condena\u00e7\u00e3o da Rede Globo por reprise de novela em hor\u00e1rio inapropriado - CidadeMarketing","og_description":"O Minist\u00e9rio P\u00fablico Federal (MPF) em Minas Gerais (MG) ajuizou a\u00e7\u00e3o civil p\u00fablica contra a Rede Globo de Televis\u00e3o pedindo indeniza\u00e7\u00e3o por danos morais coletivos pelo fato de a emissora veicular reprise da novela Bel\u00edssima em hor\u00e1rio inapropriado. Para o procurador da Rep\u00fablica Fernando de Almeida Martins, autor da a\u00e7\u00e3o, a exibi\u00e7\u00e3o da telenovela, classificada [&hellip;]","og_url":"https:\/\/www.cidademarketing.com.br\/marketing\/2018\/10\/31\/ministerio-publico-pede-condenacao-da-rede-globo-por-reprise-de-novela-em-horario-inapropriado\/","og_site_name":"CidadeMarketing","article_publisher":"https:\/\/www.facebook.com\/portalcidademarketing","article_author":"https:\/\/www.facebook.com\/thalesbrandao","article_published_time":"2018-10-31T13:46:22+00:00","og_image":[{"width":500,"height":500,"url":"https:\/\/www.cidademarketing.com.br\/marketing\/wp-content\/uploads\/2018\/07\/redeglobo.png","type":"image\/png"}],"author":"Thales Brand\u00e3o","twitter_card":"summary_large_image","twitter_creator":"@http:\/\/www.twitter.com\/thalesbrandao","twitter_site":"@CidadeMarketing","twitter_misc":{"Escrito por":"Thales Brand\u00e3o","Est. tempo de leitura":"2 minutos"},"schema":{"@context":"https:\/\/schema.org","@graph":[{"@type":"Article","@id":"https:\/\/www.cidademarketing.com.br\/marketing\/2018\/10\/31\/ministerio-publico-pede-condenacao-da-rede-globo-por-reprise-de-novela-em-horario-inapropriado\/#article","isPartOf":{"@id":"https:\/\/www.cidademarketing.com.br\/marketing\/2018\/10\/31\/ministerio-publico-pede-condenacao-da-rede-globo-por-reprise-de-novela-em-horario-inapropriado\/"},"author":{"name":"Thales Brand\u00e3o","@id":"https:\/\/www.cidademarketing.com.br\/marketing\/#\/schema\/person\/02daff9f18bd9378c9e01eb6b2db155f"},"headline":"Minist\u00e9rio P\u00fablico pede condena\u00e7\u00e3o da Rede Globo por reprise de novela em hor\u00e1rio inapropriado","datePublished":"2018-10-31T13:46:22+00:00","mainEntityOfPage":{"@id":"https:\/\/www.cidademarketing.com.br\/marketing\/2018\/10\/31\/ministerio-publico-pede-condenacao-da-rede-globo-por-reprise-de-novela-em-horario-inapropriado\/"},"wordCount":484,"commentCount":0,"publisher":{"@id":"https:\/\/www.cidademarketing.com.br\/marketing\/#organization"},"image":{"@id":"https:\/\/www.cidademarketing.com.br\/marketing\/2018\/10\/31\/ministerio-publico-pede-condenacao-da-rede-globo-por-reprise-de-novela-em-horario-inapropriado\/#primaryimage"},"thumbnailUrl":"https:\/\/www.cidademarketing.com.br\/marketing\/wp-content\/uploads\/2018\/07\/redeglobo.png","keywords":["marketing","Minist\u00e9rio P\u00f9blico","Rede Globo"],"articleSection":["Not\u00edcias"],"inLanguage":"pt-BR","potentialAction":[{"@type":"CommentAction","name":"Comment","target":["https:\/\/www.cidademarketing.com.br\/marketing\/2018\/10\/31\/ministerio-publico-pede-condenacao-da-rede-globo-por-reprise-de-novela-em-horario-inapropriado\/#respond"]}]},{"@type":"WebPage","@id":"https:\/\/www.cidademarketing.com.br\/marketing\/2018\/10\/31\/ministerio-publico-pede-condenacao-da-rede-globo-por-reprise-de-novela-em-horario-inapropriado\/","url":"https:\/\/www.cidademarketing.com.br\/marketing\/2018\/10\/31\/ministerio-publico-pede-condenacao-da-rede-globo-por-reprise-de-novela-em-horario-inapropriado\/","name":"Minist\u00e9rio P\u00fablico pede condena\u00e7\u00e3o da Rede Globo por reprise de novela em hor\u00e1rio inapropriado - CidadeMarketing","isPartOf":{"@id":"https:\/\/www.cidademarketing.com.br\/marketing\/#website"},"primaryImageOfPage":{"@id":"https:\/\/www.cidademarketing.com.br\/marketing\/2018\/10\/31\/ministerio-publico-pede-condenacao-da-rede-globo-por-reprise-de-novela-em-horario-inapropriado\/#primaryimage"},"image":{"@id":"https:\/\/www.cidademarketing.com.br\/marketing\/2018\/10\/31\/ministerio-publico-pede-condenacao-da-rede-globo-por-reprise-de-novela-em-horario-inapropriado\/#primaryimage"},"thumbnailUrl":"https:\/\/www.cidademarketing.com.br\/marketing\/wp-content\/uploads\/2018\/07\/redeglobo.png","datePublished":"2018-10-31T13:46:22+00:00","breadcrumb":{"@id":"https:\/\/www.cidademarketing.com.br\/marketing\/2018\/10\/31\/ministerio-publico-pede-condenacao-da-rede-globo-por-reprise-de-novela-em-horario-inapropriado\/#breadcrumb"},"inLanguage":"pt-BR","potentialAction":[{"@type":"ReadAction","target":["https:\/\/www.cidademarketing.com.br\/marketing\/2018\/10\/31\/ministerio-publico-pede-condenacao-da-rede-globo-por-reprise-de-novela-em-horario-inapropriado\/"]}]},{"@type":"ImageObject","inLanguage":"pt-BR","@id":"https:\/\/www.cidademarketing.com.br\/marketing\/2018\/10\/31\/ministerio-publico-pede-condenacao-da-rede-globo-por-reprise-de-novela-em-horario-inapropriado\/#primaryimage","url":"https:\/\/www.cidademarketing.com.br\/marketing\/wp-content\/uploads\/2018\/07\/redeglobo.png","contentUrl":"https:\/\/www.cidademarketing.com.br\/marketing\/wp-content\/uploads\/2018\/07\/redeglobo.png","width":500,"height":500},{"@type":"BreadcrumbList","@id":"https:\/\/www.cidademarketing.com.br\/marketing\/2018\/10\/31\/ministerio-publico-pede-condenacao-da-rede-globo-por-reprise-de-novela-em-horario-inapropriado\/#breadcrumb","itemListElement":[{"@type":"ListItem","position":1,"name":"In\u00edcio","item":"https:\/\/www.cidademarketing.com.br\/marketing\/"},{"@type":"ListItem","position":2,"name":"Minist\u00e9rio P\u00fablico pede condena\u00e7\u00e3o da Rede Globo por reprise de novela em hor\u00e1rio inapropriado"}]},{"@type":"WebSite","@id":"https:\/\/www.cidademarketing.com.br\/marketing\/#website","url":"https:\/\/www.cidademarketing.com.br\/marketing\/","name":"CidadeMarketing","description":"Somos um ve\u00edculo de comunica\u00e7\u00e3o de destaque no Brasil, reconhecido por conte\u00fados nos segmentos de marketing, empreendedorismo e inova\u00e7\u00e3o.","publisher":{"@id":"https:\/\/www.cidademarketing.com.br\/marketing\/#organization"},"alternateName":"CidadeMarketing","potentialAction":[{"@type":"SearchAction","target":{"@type":"EntryPoint","urlTemplate":"https:\/\/www.cidademarketing.com.br\/marketing\/?s={search_term_string}"},"query-input":{"@type":"PropertyValueSpecification","valueRequired":true,"valueName":"search_term_string"}}],"inLanguage":"pt-BR"},{"@type":"Organization","@id":"https:\/\/www.cidademarketing.com.br\/marketing\/#organization","name":"CidadeMarketing","alternateName":"CidadeMarketing","url":"https:\/\/www.cidademarketing.com.br\/marketing\/","logo":{"@type":"ImageObject","inLanguage":"pt-BR","@id":"https:\/\/www.cidademarketing.com.br\/marketing\/#\/schema\/logo\/image\/","url":"https:\/\/www.cidademarketing.com.br\/marketing\/wp-content\/uploads\/2020\/01\/cidademarketing_marca_mobile.png","contentUrl":"https:\/\/www.cidademarketing.com.br\/marketing\/wp-content\/uploads\/2020\/01\/cidademarketing_marca_mobile.png","width":230,"height":92,"caption":"CidadeMarketing"},"image":{"@id":"https:\/\/www.cidademarketing.com.br\/marketing\/#\/schema\/logo\/image\/"},"sameAs":["https:\/\/www.facebook.com\/portalcidademarketing","https:\/\/x.com\/CidadeMarketing","https:\/\/www.instagram.com\/cidademarketing\/"]},{"@type":"Person","@id":"https:\/\/www.cidademarketing.com.br\/marketing\/#\/schema\/person\/02daff9f18bd9378c9e01eb6b2db155f","name":"Thales Brand\u00e3o","image":{"@type":"ImageObject","inLanguage":"pt-BR","@id":"https:\/\/secure.gravatar.com\/avatar\/7ca3206950207cc3cb48feec56a8a7898741ab725c368d99d5d7a5a50aab80c6?s=96&d=mm&r=g","url":"https:\/\/secure.gravatar.com\/avatar\/7ca3206950207cc3cb48feec56a8a7898741ab725c368d99d5d7a5a50aab80c6?s=96&d=mm&r=g","contentUrl":"https:\/\/secure.gravatar.com\/avatar\/7ca3206950207cc3cb48feec56a8a7898741ab725c368d99d5d7a5a50aab80c6?s=96&d=mm&r=g","caption":"Thales Brand\u00e3o"},"description":"Editor Executivo do Portal CidadeMarketing.com.br &gt; Mestre em Comunica\u00e7\u00e3o e Sociedade pela Universidade Federal de Sergipe. Possui MBA Executivo em Administra\u00e7\u00e3o com \u00eanfase em Marketing pela Funda\u00e7\u00e3o Get\u00falio Vargas - Rio de Janeiro. Consultor, Palestrante e Pesquisador sobre Empreendedorismo, Marketing, Redes Sociais e Neg\u00f3cios Digitais. Professor, Palestrante TedxTalks e Campus Party. Twitter: @ThalesBrandao","sameAs":["http:\/\/www.mandacaru.com.br","https:\/\/www.facebook.com\/thalesbrandao","http:\/\/www.instagram.com.br\/thalesbrandaoferreira","https:\/\/www.linkedin.com\/in\/thales-brand\u00e3o-3948609\/","https:\/\/x.com\/http:\/\/www.twitter.com\/thalesbrandao"],"url":"https:\/\/www.cidademarketing.com.br\/marketing\/author\/thalesbrandao\/"}]}},"amp_enabled":true,"_links":{"self":[{"href":"https:\/\/www.cidademarketing.com.br\/marketing\/wp-json\/wp\/v2\/posts\/2879","targetHints":{"allow":["GET"]}}],"collection":[{"href":"https:\/\/www.cidademarketing.com.br\/marketing\/wp-json\/wp\/v2\/posts"}],"about":[{"href":"https:\/\/www.cidademarketing.com.br\/marketing\/wp-json\/wp\/v2\/types\/post"}],"author":[{"embeddable":true,"href":"https:\/\/www.cidademarketing.com.br\/marketing\/wp-json\/wp\/v2\/users\/1"}],"replies":[{"embeddable":true,"href":"https:\/\/www.cidademarketing.com.br\/marketing\/wp-json\/wp\/v2\/comments?post=2879"}],"version-history":[{"count":1,"href":"https:\/\/www.cidademarketing.com.br\/marketing\/wp-json\/wp\/v2\/posts\/2879\/revisions"}],"predecessor-version":[{"id":2880,"href":"https:\/\/www.cidademarketing.com.br\/marketing\/wp-json\/wp\/v2\/posts\/2879\/revisions\/2880"}],"wp:featuredmedia":[{"embeddable":true,"href":"https:\/\/www.cidademarketing.com.br\/marketing\/wp-json\/wp\/v2\/media\/476"}],"wp:attachment":[{"href":"https:\/\/www.cidademarketing.com.br\/marketing\/wp-json\/wp\/v2\/media?parent=2879"}],"wp:term":[{"taxonomy":"category","embeddable":true,"href":"https:\/\/www.cidademarketing.com.br\/marketing\/wp-json\/wp\/v2\/categories?post=2879"},{"taxonomy":"post_tag","embeddable":true,"href":"https:\/\/www.cidademarketing.com.br\/marketing\/wp-json\/wp\/v2\/tags?post=2879"}],"curies":[{"name":"wp","href":"https:\/\/api.w.org\/{rel}","templated":true}]}}