{"id":2874,"date":"2018-10-31T17:16:43","date_gmt":"2018-10-31T20:16:43","guid":{"rendered":"http:\/\/www.cidademarketing.com.br\/marketing\/?p=2874"},"modified":"2018-10-31T17:16:43","modified_gmt":"2018-10-31T20:16:43","slug":"purina-parade-acontece-no-parque-villa-lobos-em-sao-paulo","status":"publish","type":"post","link":"https:\/\/www.cidademarketing.com.br\/marketing\/2018\/10\/31\/purina-parade-acontece-no-parque-villa-lobos-em-sao-paulo\/","title":{"rendered":"Purina Parade acontece no Parque Villa Lobos, em S\u00e3o Paulo"},"content":{"rendered":"<p>Nestl\u00e9 PURINA, marca que se dedica a melhorar a qualidade de vida e longevidade dos animais por meio da melhor nutri\u00e7\u00e3o poss\u00edvel, em parceria com a Bayer e a Petz, promove <strong>PURINA Parade<\/strong>, uma grande celebra\u00e7\u00e3o para toda fam\u00edlia e seus pets, em comemora\u00e7\u00e3o ao Halloween. O evento ocorrer\u00e1 no domingo, dia 4 de novembro, no parque Villa Lobos, em S\u00e3o Paulo.<\/p>\n<p>A <strong>PURINA Parade<\/strong> faz parte do movimento <strong><em>#MelhorJuntos<\/em><\/strong>, que busca estimular a aceita\u00e7\u00e3o de animais em espa\u00e7os p\u00fablicos, fomentando a ocupa\u00e7\u00e3o urbana por mais este membro da fam\u00edlia.<\/p>\n<p>Alinhado ao prop\u00f3sito da marca-m\u00e3e, Nestl\u00e9, de melhorar a qualidade de vida e contribuir para um futuro mais saud\u00e1vel, Nestl\u00e9 PURINA organizou um s\u00e1bado repleto de atividades, para adultos, pets e crian\u00e7as no Parque Villa Lobos.<\/p>\n<p>Entre as atra\u00e7\u00f5es, podemos destacar a C\u00e3ominhada de cerca de 1 km relacionada ao tema do evento, para toda a fam\u00edlia, e as tr\u00eas fantasias mais criativas de pets e as tr\u00eas mais criativas de crian\u00e7as ser\u00e3o premiadas. Para cuidados dos pets, haver\u00e1 espa\u00e7o para adestramento de c\u00e3es e \u201csal\u00e3o de beleza\u201d. Al\u00e9m disso, as pessoas poder\u00e3o se exercitar tamb\u00e9m com seus pets por meio da aula de yoga gratuita.<\/p>\n<p>Quem ainda n\u00e3o tem seu bichinho de estima\u00e7\u00e3o, poder\u00e1 adotar c\u00e3es ou gatos na Feira de Ado\u00e7\u00e3o da Aila (Alian\u00e7a Internacional do Animal). As fam\u00edlias que levarem um melhor amigo para casa ganhar\u00e3o um kit especial de boas-vindas de DogChow\u00ae ou CatChow\u00ae. Todos tamb\u00e9m poder\u00e3o assistir \u00e0s apresenta\u00e7\u00f5es de agility que ocorrer\u00e3o ao longo do dia.<\/p>\n<p>\u201cEsse evento refor\u00e7a nosso prop\u00f3sito como marca dentro do movimento\u00a0#MelhorJuntos: estimular a aceita\u00e7\u00e3o de animais de estima\u00e7\u00e3o em espa\u00e7os p\u00fablicos por mais esse membro da fam\u00edlia. Um momento para descontra\u00e7\u00e3o, consci\u00eancia social e integra\u00e7\u00e3o entre todos que gostam de seus animaizinhos, e compartilham desse sentimento\u201d, refor\u00e7a Karin Ogane, Gerente de Marketing de Purina.<\/p>\n<p>O movimento <strong><em>#MelhorJuntos<\/em><\/strong> j\u00e1 contou com uma s\u00e9rie de iniciativas para promover a conviv\u00eancia de pessoas e seus animais fora de casa. Desde o come\u00e7o do ano, o projeto contou com o <strong>Cine Pet<\/strong>, uma sess\u00e3o de cinema que pets e seus donos puderam aproveitar juntos; a Festa <strong>C\u00c3OPIRA<\/strong>, uma festa \u201cjulina\u201d preparada especialmente para os peludos, e o <strong>Brunch Pet Friendly<\/strong>, que comemorou o in\u00edcio da primavera nos jardins da sede da Nestl\u00e9, em S\u00e3o Paulo.<\/p>\n<p>Para comemorar o Dia Internacional dos Animais, no dia 04 de outubro, PURINA promoveu uma campanha online em que, a cada cinco fotos de um pet postadas utilizando a <strong><em>#MelhorJuntos<\/em><\/strong>, 1kg de ra\u00e7\u00e3o foi doado para a ONG Alian\u00e7a Internacional do Animal. Com esta a\u00e7\u00e3o, foram arrecadados cerca de 1.000 kg de ra\u00e7\u00e3o.<\/p>\n<p>As a\u00e7\u00f5es do movimento <strong><em>#MelhorJuntos<\/em><\/strong> tamb\u00e9m incluem o apoio ao <strong>Guia Pet Friendly <\/strong>(<a href=\"http:\/\/www.guiapetfriendly.com.br\" target=\"_blank\" rel=\"noopener\">www.guiapetfriendly.com.br<\/a>), escrito por Cris Berger, em que \u00e9 poss\u00edvel encontrar os estabelecimentos paulistanos, como bares e restaurantes, onde os peludos s\u00e3o bem-vindos, atualizado m\u00eas a m\u00eas.<\/p>\n<p><strong>SERVI\u00c7O<\/strong><\/p>\n<p><strong>Local:<\/strong> Pr\u00f3ximo a \u00e1rea canina e ao orquid\u00e1rio do Parque Villa Lobos, em S\u00e3o Paulo<\/p>\n<p><strong>Endere\u00e7o:<\/strong> Av. Prof. Fonseca Rodrigues, 2001, Alto de Pinheiros, S\u00e3o Paulo.<\/p>\n<p>Para quem for de carro, o estacionamento mais pr\u00f3ximo \u00e9 no Av. Queiroz Filho, 1365 &#8211; Vila Hamburguesa<\/p>\n<p><strong>Data:<\/strong> domingo, 4 de novembro<\/p>\n<p><strong>Hor\u00e1rio:<\/strong> 9h \u00e0s 13h<\/p>\n<p><strong>Investimento:<\/strong> gratuito<\/p>\n<p><strong>\u00a0<\/strong><strong>Programa\u00e7\u00e3o Completa:<\/strong><\/p>\n<ul>\n<li><strong>Feira de ado\u00e7\u00e3o de c\u00e3es e gatos:<\/strong> c\u00e3es e gatos (inclusive adaptados) estar\u00e3o dispon\u00edveis para ado\u00e7\u00e3o no espa\u00e7o da Aila (Alian\u00e7a Internacional do Animal). As fam\u00edlias que levarem um melhor amigo para casa ganhar\u00e3o um kit especial de boas-vindas de DogChow\u00ae ou CatChow\u00ae. A SANIMVET tamb\u00e9m estar\u00e1 presente durante todo evento com a unidade de coleta de sangue m\u00f3vel de Pets &#8211; <strong>9h \u00e0s 13h.<\/strong><\/li>\n<li><strong>Aula de Yoga &#8211; Gratuita<\/strong>: Teremos aula de Yoga para o p\u00fablico presente que quiser participar. Animais especiais que participarem das aulas concorrer\u00e3o a sess\u00f5es de Reik e Acupuntura na Casa do Equil\u00edbrio Pet. <strong>11h30.<\/strong><\/li>\n<li><strong>Agility e Equipe de adestramento Pet \u2013 gratuito:<\/strong> A Bayer estar\u00e1 presente com show de agility das <strong>9h \u00e0s 9h40<\/strong>. A Pet Man\u00edacos tamb\u00e9m estar\u00e1 na festa com agility e dicas de adestramento e comportamento para c\u00e3es e gatos. <strong>9h \u00e0s 13h.<\/strong><\/li>\n<li><strong>Degusta\u00e7\u00e3o para os Pets de Dog Chow\u00ae Biscoitos, Dentalife\u2122 e Doguitos\u00ae &#8211; gratuita:<\/strong> haver\u00e1 uma mesa com petiscos para os pets se deliciarem em nossa Parade. <strong>Enquanto durar os estoques. <\/strong><\/li>\n<li><strong>Pet Groomer\u00a0 (PETZ) &#8211; gratuito:<\/strong> A PETZ estar\u00e1 oferecendo corte de unha e limpeza de orelha, al\u00e9m de acess\u00f3rios para que todos os c\u00e3ezinhos estejam no clima de Halloween quando come\u00e7ar a c\u00e3ominhada. <strong>9h \u00e0s 13h.<\/strong><\/li>\n<li><strong>C\u00e3ominhada pet &#8211; gratuita:<\/strong> Daremos a largada as 10h00 horas para a nossa c\u00e3ominhada com pets e crian\u00e7as fantasiados com o tema de Halloween. Cerca de 1000 kits especiais ser\u00e3o distribu\u00eddos aos participantes da C\u00e3ominhada contendo: Nescau\u00ae Prontinho, Farinha L\u00e1ctea\u00ae, Cremes Especiais de Maggi\u00ae e sach\u00eas de ra\u00e7\u00e3o \u00famida Dog Chow\u00ae. <strong>Ap\u00f3s a c\u00e3ominhada.<\/strong><\/li>\n<li><strong>Concurso de fantasias: <\/strong>Nossos jurados escolher\u00e3o as 3 melhores fantasias de crian\u00e7as e as 3 melhores fantasias de Pets para levarem um pr\u00eamio especial de Nestl\u00e9 Purina\u00ae. Tamb\u00e9m com apoio da Purina, os parceiros Bayer e a Petz promover\u00e3o uma campanha de integra\u00e7\u00e3o e inclus\u00e3o no universo pet com uma premia\u00e7\u00e3o diferenciada aos pets adaptados que se destacarem no evento. <strong>Ap\u00f3s a c\u00e3ominhada.<\/strong><\/li>\n<li><strong>Food truck Nescaf\u00e9\u00ae:<\/strong> Nosso parceiro oferecer\u00e1 op\u00e7\u00f5es de alimentos e bebidas para as pessoas. <strong>9h \u00e0s 13h.<\/strong><\/li>\n<li><strong>Maggi\u00ae- gratuita:<\/strong> Oferecer\u00e1 degusta\u00e7\u00e3o ao p\u00fablico de sua Pipoca especial com NatuSabor\u00ae. 9h \u00e0s 13h<\/li>\n<li><strong>Pureza Vital\u00ae- gratuita:<\/strong> Nestl\u00e9 Purina oferecer\u00e1 \u00e1gua gratuita ao p\u00fablico presente. <strong>9h \u00e0s 13h.<\/strong><\/li>\n<\/ul>\n","protected":false},"excerpt":{"rendered":"<p>Nestl\u00e9 PURINA, marca que se dedica a melhorar a qualidade de vida e longevidade dos animais por meio da melhor nutri\u00e7\u00e3o poss\u00edvel, em parceria com a Bayer e a Petz, promove PURINA Parade, uma grande celebra\u00e7\u00e3o para toda fam\u00edlia e seus pets, em comemora\u00e7\u00e3o ao Halloween. O evento ocorrer\u00e1 no domingo, dia 4 de novembro, [&hellip;]<\/p>\n","protected":false},"author":1,"featured_media":2884,"comment_status":"open","ping_status":"open","sticky":false,"template":"","format":"standard","meta":{"tdm_status":"","tdm_grid_status":"","footnotes":""},"categories":[6],"tags":[65,179,28,181],"class_list":["post-2874","post","type-post","status-publish","format-standard","has-post-thumbnail","hentry","category-noticias","tag-campanha","tag-evento","tag-marketing","tag-publicidade"],"yoast_head":"<!-- This site is optimized with the Yoast SEO plugin v27.5 - https:\/\/yoast.com\/product\/yoast-seo-wordpress\/ -->\n<title>Purina Parade acontece no Parque Villa Lobos, em S\u00e3o Paulo - CidadeMarketing<\/title>\n<meta name=\"robots\" content=\"index, follow, max-snippet:-1, max-image-preview:large, max-video-preview:-1\" \/>\n<link rel=\"canonical\" href=\"https:\/\/www.cidademarketing.com.br\/marketing\/2018\/10\/31\/purina-parade-acontece-no-parque-villa-lobos-em-sao-paulo\/\" \/>\n<meta property=\"og:locale\" content=\"pt_BR\" \/>\n<meta property=\"og:type\" content=\"article\" \/>\n<meta property=\"og:title\" content=\"Purina Parade acontece no Parque Villa Lobos, em S\u00e3o Paulo - CidadeMarketing\" \/>\n<meta property=\"og:description\" content=\"Nestl\u00e9 PURINA, marca que se dedica a melhorar a qualidade de vida e longevidade dos animais por meio da melhor nutri\u00e7\u00e3o poss\u00edvel, em parceria com a Bayer e a Petz, promove PURINA Parade, uma grande celebra\u00e7\u00e3o para toda fam\u00edlia e seus pets, em comemora\u00e7\u00e3o ao Halloween. O evento ocorrer\u00e1 no domingo, dia 4 de novembro, [&hellip;]\" \/>\n<meta property=\"og:url\" content=\"https:\/\/www.cidademarketing.com.br\/marketing\/2018\/10\/31\/purina-parade-acontece-no-parque-villa-lobos-em-sao-paulo\/\" \/>\n<meta property=\"og:site_name\" content=\"CidadeMarketing\" \/>\n<meta property=\"article:publisher\" content=\"https:\/\/www.facebook.com\/portalcidademarketing\" \/>\n<meta property=\"article:author\" content=\"https:\/\/www.facebook.com\/thalesbrandao\" \/>\n<meta property=\"article:published_time\" content=\"2018-10-31T20:16:43+00:00\" \/>\n<meta property=\"og:image\" content=\"https:\/\/www.cidademarketing.com.br\/marketing\/wp-content\/uploads\/2018\/10\/purina_nestle.jpg\" \/>\n\t<meta property=\"og:image:width\" content=\"2835\" \/>\n\t<meta property=\"og:image:height\" content=\"1890\" \/>\n\t<meta property=\"og:image:type\" content=\"image\/jpeg\" \/>\n<meta name=\"author\" content=\"Thales Brand\u00e3o\" \/>\n<meta name=\"twitter:card\" content=\"summary_large_image\" \/>\n<meta name=\"twitter:creator\" content=\"@http:\/\/www.twitter.com\/thalesbrandao\" \/>\n<meta name=\"twitter:site\" content=\"@CidadeMarketing\" \/>\n<meta name=\"twitter:label1\" content=\"Escrito por\" \/>\n\t<meta name=\"twitter:data1\" content=\"Thales Brand\u00e3o\" \/>\n\t<meta name=\"twitter:label2\" content=\"Est. tempo de leitura\" \/>\n\t<meta name=\"twitter:data2\" content=\"5 minutos\" \/>\n<script type=\"application\/ld+json\" class=\"yoast-schema-graph\">{\"@context\":\"https:\\\/\\\/schema.org\",\"@graph\":[{\"@type\":\"Article\",\"@id\":\"https:\\\/\\\/www.cidademarketing.com.br\\\/marketing\\\/2018\\\/10\\\/31\\\/purina-parade-acontece-no-parque-villa-lobos-em-sao-paulo\\\/#article\",\"isPartOf\":{\"@id\":\"https:\\\/\\\/www.cidademarketing.com.br\\\/marketing\\\/2018\\\/10\\\/31\\\/purina-parade-acontece-no-parque-villa-lobos-em-sao-paulo\\\/\"},\"author\":{\"name\":\"Thales Brand\u00e3o\",\"@id\":\"https:\\\/\\\/www.cidademarketing.com.br\\\/marketing\\\/#\\\/schema\\\/person\\\/02daff9f18bd9378c9e01eb6b2db155f\"},\"headline\":\"Purina Parade acontece no Parque Villa Lobos, em S\u00e3o Paulo\",\"datePublished\":\"2018-10-31T20:16:43+00:00\",\"mainEntityOfPage\":{\"@id\":\"https:\\\/\\\/www.cidademarketing.com.br\\\/marketing\\\/2018\\\/10\\\/31\\\/purina-parade-acontece-no-parque-villa-lobos-em-sao-paulo\\\/\"},\"wordCount\":1034,\"commentCount\":0,\"publisher\":{\"@id\":\"https:\\\/\\\/www.cidademarketing.com.br\\\/marketing\\\/#organization\"},\"image\":{\"@id\":\"https:\\\/\\\/www.cidademarketing.com.br\\\/marketing\\\/2018\\\/10\\\/31\\\/purina-parade-acontece-no-parque-villa-lobos-em-sao-paulo\\\/#primaryimage\"},\"thumbnailUrl\":\"https:\\\/\\\/www.cidademarketing.com.br\\\/marketing\\\/wp-content\\\/uploads\\\/2018\\\/10\\\/purina_nestle.jpg\",\"keywords\":[\"campanha\",\"evento\",\"marketing\",\"publicidade\"],\"articleSection\":[\"Not\u00edcias\"],\"inLanguage\":\"pt-BR\",\"potentialAction\":[{\"@type\":\"CommentAction\",\"name\":\"Comment\",\"target\":[\"https:\\\/\\\/www.cidademarketing.com.br\\\/marketing\\\/2018\\\/10\\\/31\\\/purina-parade-acontece-no-parque-villa-lobos-em-sao-paulo\\\/#respond\"]}]},{\"@type\":\"WebPage\",\"@id\":\"https:\\\/\\\/www.cidademarketing.com.br\\\/marketing\\\/2018\\\/10\\\/31\\\/purina-parade-acontece-no-parque-villa-lobos-em-sao-paulo\\\/\",\"url\":\"https:\\\/\\\/www.cidademarketing.com.br\\\/marketing\\\/2018\\\/10\\\/31\\\/purina-parade-acontece-no-parque-villa-lobos-em-sao-paulo\\\/\",\"name\":\"Purina Parade acontece no Parque Villa Lobos, em S\u00e3o Paulo - CidadeMarketing\",\"isPartOf\":{\"@id\":\"https:\\\/\\\/www.cidademarketing.com.br\\\/marketing\\\/#website\"},\"primaryImageOfPage\":{\"@id\":\"https:\\\/\\\/www.cidademarketing.com.br\\\/marketing\\\/2018\\\/10\\\/31\\\/purina-parade-acontece-no-parque-villa-lobos-em-sao-paulo\\\/#primaryimage\"},\"image\":{\"@id\":\"https:\\\/\\\/www.cidademarketing.com.br\\\/marketing\\\/2018\\\/10\\\/31\\\/purina-parade-acontece-no-parque-villa-lobos-em-sao-paulo\\\/#primaryimage\"},\"thumbnailUrl\":\"https:\\\/\\\/www.cidademarketing.com.br\\\/marketing\\\/wp-content\\\/uploads\\\/2018\\\/10\\\/purina_nestle.jpg\",\"datePublished\":\"2018-10-31T20:16:43+00:00\",\"breadcrumb\":{\"@id\":\"https:\\\/\\\/www.cidademarketing.com.br\\\/marketing\\\/2018\\\/10\\\/31\\\/purina-parade-acontece-no-parque-villa-lobos-em-sao-paulo\\\/#breadcrumb\"},\"inLanguage\":\"pt-BR\",\"potentialAction\":[{\"@type\":\"ReadAction\",\"target\":[\"https:\\\/\\\/www.cidademarketing.com.br\\\/marketing\\\/2018\\\/10\\\/31\\\/purina-parade-acontece-no-parque-villa-lobos-em-sao-paulo\\\/\"]}]},{\"@type\":\"ImageObject\",\"inLanguage\":\"pt-BR\",\"@id\":\"https:\\\/\\\/www.cidademarketing.com.br\\\/marketing\\\/2018\\\/10\\\/31\\\/purina-parade-acontece-no-parque-villa-lobos-em-sao-paulo\\\/#primaryimage\",\"url\":\"https:\\\/\\\/www.cidademarketing.com.br\\\/marketing\\\/wp-content\\\/uploads\\\/2018\\\/10\\\/purina_nestle.jpg\",\"contentUrl\":\"https:\\\/\\\/www.cidademarketing.com.br\\\/marketing\\\/wp-content\\\/uploads\\\/2018\\\/10\\\/purina_nestle.jpg\",\"width\":2835,\"height\":1890,\"caption\":\"Divulga\u00e7\u00e3o\"},{\"@type\":\"BreadcrumbList\",\"@id\":\"https:\\\/\\\/www.cidademarketing.com.br\\\/marketing\\\/2018\\\/10\\\/31\\\/purina-parade-acontece-no-parque-villa-lobos-em-sao-paulo\\\/#breadcrumb\",\"itemListElement\":[{\"@type\":\"ListItem\",\"position\":1,\"name\":\"In\u00edcio\",\"item\":\"https:\\\/\\\/www.cidademarketing.com.br\\\/marketing\\\/\"},{\"@type\":\"ListItem\",\"position\":2,\"name\":\"Purina Parade acontece no Parque Villa Lobos, em S\u00e3o Paulo\"}]},{\"@type\":\"WebSite\",\"@id\":\"https:\\\/\\\/www.cidademarketing.com.br\\\/marketing\\\/#website\",\"url\":\"https:\\\/\\\/www.cidademarketing.com.br\\\/marketing\\\/\",\"name\":\"CidadeMarketing\",\"description\":\"Somos um ve\u00edculo de comunica\u00e7\u00e3o de destaque no Brasil, reconhecido por conte\u00fados nos segmentos de marketing, empreendedorismo e inova\u00e7\u00e3o.\",\"publisher\":{\"@id\":\"https:\\\/\\\/www.cidademarketing.com.br\\\/marketing\\\/#organization\"},\"alternateName\":\"CidadeMarketing\",\"potentialAction\":[{\"@type\":\"SearchAction\",\"target\":{\"@type\":\"EntryPoint\",\"urlTemplate\":\"https:\\\/\\\/www.cidademarketing.com.br\\\/marketing\\\/?s={search_term_string}\"},\"query-input\":{\"@type\":\"PropertyValueSpecification\",\"valueRequired\":true,\"valueName\":\"search_term_string\"}}],\"inLanguage\":\"pt-BR\"},{\"@type\":\"Organization\",\"@id\":\"https:\\\/\\\/www.cidademarketing.com.br\\\/marketing\\\/#organization\",\"name\":\"CidadeMarketing\",\"alternateName\":\"CidadeMarketing\",\"url\":\"https:\\\/\\\/www.cidademarketing.com.br\\\/marketing\\\/\",\"logo\":{\"@type\":\"ImageObject\",\"inLanguage\":\"pt-BR\",\"@id\":\"https:\\\/\\\/www.cidademarketing.com.br\\\/marketing\\\/#\\\/schema\\\/logo\\\/image\\\/\",\"url\":\"https:\\\/\\\/www.cidademarketing.com.br\\\/marketing\\\/wp-content\\\/uploads\\\/2020\\\/01\\\/cidademarketing_marca_mobile.png\",\"contentUrl\":\"https:\\\/\\\/www.cidademarketing.com.br\\\/marketing\\\/wp-content\\\/uploads\\\/2020\\\/01\\\/cidademarketing_marca_mobile.png\",\"width\":230,\"height\":92,\"caption\":\"CidadeMarketing\"},\"image\":{\"@id\":\"https:\\\/\\\/www.cidademarketing.com.br\\\/marketing\\\/#\\\/schema\\\/logo\\\/image\\\/\"},\"sameAs\":[\"https:\\\/\\\/www.facebook.com\\\/portalcidademarketing\",\"https:\\\/\\\/x.com\\\/CidadeMarketing\",\"https:\\\/\\\/www.instagram.com\\\/cidademarketing\\\/\"]},{\"@type\":\"Person\",\"@id\":\"https:\\\/\\\/www.cidademarketing.com.br\\\/marketing\\\/#\\\/schema\\\/person\\\/02daff9f18bd9378c9e01eb6b2db155f\",\"name\":\"Thales Brand\u00e3o\",\"image\":{\"@type\":\"ImageObject\",\"inLanguage\":\"pt-BR\",\"@id\":\"https:\\\/\\\/secure.gravatar.com\\\/avatar\\\/7ca3206950207cc3cb48feec56a8a7898741ab725c368d99d5d7a5a50aab80c6?s=96&d=mm&r=g\",\"url\":\"https:\\\/\\\/secure.gravatar.com\\\/avatar\\\/7ca3206950207cc3cb48feec56a8a7898741ab725c368d99d5d7a5a50aab80c6?s=96&d=mm&r=g\",\"contentUrl\":\"https:\\\/\\\/secure.gravatar.com\\\/avatar\\\/7ca3206950207cc3cb48feec56a8a7898741ab725c368d99d5d7a5a50aab80c6?s=96&d=mm&r=g\",\"caption\":\"Thales Brand\u00e3o\"},\"description\":\"Editor Executivo do Portal CidadeMarketing.com.br &gt; Mestre em Comunica\u00e7\u00e3o e Sociedade pela Universidade Federal de Sergipe. Possui MBA Executivo em Administra\u00e7\u00e3o com \u00eanfase em Marketing pela Funda\u00e7\u00e3o Get\u00falio Vargas - Rio de Janeiro. Consultor, Palestrante e Pesquisador sobre Empreendedorismo, Marketing, Redes Sociais e Neg\u00f3cios Digitais. Professor, Palestrante TedxTalks e Campus Party. Twitter: @ThalesBrandao\",\"sameAs\":[\"http:\\\/\\\/www.mandacaru.com.br\",\"https:\\\/\\\/www.facebook.com\\\/thalesbrandao\",\"http:\\\/\\\/www.instagram.com.br\\\/thalesbrandaoferreira\",\"https:\\\/\\\/www.linkedin.com\\\/in\\\/thales-brand\u00e3o-3948609\\\/\",\"https:\\\/\\\/x.com\\\/http:\\\/\\\/www.twitter.com\\\/thalesbrandao\"],\"url\":\"https:\\\/\\\/www.cidademarketing.com.br\\\/marketing\\\/author\\\/thalesbrandao\\\/\"}]}<\/script>\n<!-- \/ Yoast SEO plugin. -->","yoast_head_json":{"title":"Purina Parade acontece no Parque Villa Lobos, em S\u00e3o Paulo - CidadeMarketing","robots":{"index":"index","follow":"follow","max-snippet":"max-snippet:-1","max-image-preview":"max-image-preview:large","max-video-preview":"max-video-preview:-1"},"canonical":"https:\/\/www.cidademarketing.com.br\/marketing\/2018\/10\/31\/purina-parade-acontece-no-parque-villa-lobos-em-sao-paulo\/","og_locale":"pt_BR","og_type":"article","og_title":"Purina Parade acontece no Parque Villa Lobos, em S\u00e3o Paulo - CidadeMarketing","og_description":"Nestl\u00e9 PURINA, marca que se dedica a melhorar a qualidade de vida e longevidade dos animais por meio da melhor nutri\u00e7\u00e3o poss\u00edvel, em parceria com a Bayer e a Petz, promove PURINA Parade, uma grande celebra\u00e7\u00e3o para toda fam\u00edlia e seus pets, em comemora\u00e7\u00e3o ao Halloween. O evento ocorrer\u00e1 no domingo, dia 4 de novembro, [&hellip;]","og_url":"https:\/\/www.cidademarketing.com.br\/marketing\/2018\/10\/31\/purina-parade-acontece-no-parque-villa-lobos-em-sao-paulo\/","og_site_name":"CidadeMarketing","article_publisher":"https:\/\/www.facebook.com\/portalcidademarketing","article_author":"https:\/\/www.facebook.com\/thalesbrandao","article_published_time":"2018-10-31T20:16:43+00:00","og_image":[{"width":2835,"height":1890,"url":"https:\/\/www.cidademarketing.com.br\/marketing\/wp-content\/uploads\/2018\/10\/purina_nestle.jpg","type":"image\/jpeg"}],"author":"Thales Brand\u00e3o","twitter_card":"summary_large_image","twitter_creator":"@http:\/\/www.twitter.com\/thalesbrandao","twitter_site":"@CidadeMarketing","twitter_misc":{"Escrito por":"Thales Brand\u00e3o","Est. tempo de leitura":"5 minutos"},"schema":{"@context":"https:\/\/schema.org","@graph":[{"@type":"Article","@id":"https:\/\/www.cidademarketing.com.br\/marketing\/2018\/10\/31\/purina-parade-acontece-no-parque-villa-lobos-em-sao-paulo\/#article","isPartOf":{"@id":"https:\/\/www.cidademarketing.com.br\/marketing\/2018\/10\/31\/purina-parade-acontece-no-parque-villa-lobos-em-sao-paulo\/"},"author":{"name":"Thales Brand\u00e3o","@id":"https:\/\/www.cidademarketing.com.br\/marketing\/#\/schema\/person\/02daff9f18bd9378c9e01eb6b2db155f"},"headline":"Purina Parade acontece no Parque Villa Lobos, em S\u00e3o Paulo","datePublished":"2018-10-31T20:16:43+00:00","mainEntityOfPage":{"@id":"https:\/\/www.cidademarketing.com.br\/marketing\/2018\/10\/31\/purina-parade-acontece-no-parque-villa-lobos-em-sao-paulo\/"},"wordCount":1034,"commentCount":0,"publisher":{"@id":"https:\/\/www.cidademarketing.com.br\/marketing\/#organization"},"image":{"@id":"https:\/\/www.cidademarketing.com.br\/marketing\/2018\/10\/31\/purina-parade-acontece-no-parque-villa-lobos-em-sao-paulo\/#primaryimage"},"thumbnailUrl":"https:\/\/www.cidademarketing.com.br\/marketing\/wp-content\/uploads\/2018\/10\/purina_nestle.jpg","keywords":["campanha","evento","marketing","publicidade"],"articleSection":["Not\u00edcias"],"inLanguage":"pt-BR","potentialAction":[{"@type":"CommentAction","name":"Comment","target":["https:\/\/www.cidademarketing.com.br\/marketing\/2018\/10\/31\/purina-parade-acontece-no-parque-villa-lobos-em-sao-paulo\/#respond"]}]},{"@type":"WebPage","@id":"https:\/\/www.cidademarketing.com.br\/marketing\/2018\/10\/31\/purina-parade-acontece-no-parque-villa-lobos-em-sao-paulo\/","url":"https:\/\/www.cidademarketing.com.br\/marketing\/2018\/10\/31\/purina-parade-acontece-no-parque-villa-lobos-em-sao-paulo\/","name":"Purina Parade acontece no Parque Villa Lobos, em S\u00e3o Paulo - CidadeMarketing","isPartOf":{"@id":"https:\/\/www.cidademarketing.com.br\/marketing\/#website"},"primaryImageOfPage":{"@id":"https:\/\/www.cidademarketing.com.br\/marketing\/2018\/10\/31\/purina-parade-acontece-no-parque-villa-lobos-em-sao-paulo\/#primaryimage"},"image":{"@id":"https:\/\/www.cidademarketing.com.br\/marketing\/2018\/10\/31\/purina-parade-acontece-no-parque-villa-lobos-em-sao-paulo\/#primaryimage"},"thumbnailUrl":"https:\/\/www.cidademarketing.com.br\/marketing\/wp-content\/uploads\/2018\/10\/purina_nestle.jpg","datePublished":"2018-10-31T20:16:43+00:00","breadcrumb":{"@id":"https:\/\/www.cidademarketing.com.br\/marketing\/2018\/10\/31\/purina-parade-acontece-no-parque-villa-lobos-em-sao-paulo\/#breadcrumb"},"inLanguage":"pt-BR","potentialAction":[{"@type":"ReadAction","target":["https:\/\/www.cidademarketing.com.br\/marketing\/2018\/10\/31\/purina-parade-acontece-no-parque-villa-lobos-em-sao-paulo\/"]}]},{"@type":"ImageObject","inLanguage":"pt-BR","@id":"https:\/\/www.cidademarketing.com.br\/marketing\/2018\/10\/31\/purina-parade-acontece-no-parque-villa-lobos-em-sao-paulo\/#primaryimage","url":"https:\/\/www.cidademarketing.com.br\/marketing\/wp-content\/uploads\/2018\/10\/purina_nestle.jpg","contentUrl":"https:\/\/www.cidademarketing.com.br\/marketing\/wp-content\/uploads\/2018\/10\/purina_nestle.jpg","width":2835,"height":1890,"caption":"Divulga\u00e7\u00e3o"},{"@type":"BreadcrumbList","@id":"https:\/\/www.cidademarketing.com.br\/marketing\/2018\/10\/31\/purina-parade-acontece-no-parque-villa-lobos-em-sao-paulo\/#breadcrumb","itemListElement":[{"@type":"ListItem","position":1,"name":"In\u00edcio","item":"https:\/\/www.cidademarketing.com.br\/marketing\/"},{"@type":"ListItem","position":2,"name":"Purina Parade acontece no Parque Villa Lobos, em S\u00e3o Paulo"}]},{"@type":"WebSite","@id":"https:\/\/www.cidademarketing.com.br\/marketing\/#website","url":"https:\/\/www.cidademarketing.com.br\/marketing\/","name":"CidadeMarketing","description":"Somos um ve\u00edculo de comunica\u00e7\u00e3o de destaque no Brasil, reconhecido por conte\u00fados nos segmentos de marketing, empreendedorismo e inova\u00e7\u00e3o.","publisher":{"@id":"https:\/\/www.cidademarketing.com.br\/marketing\/#organization"},"alternateName":"CidadeMarketing","potentialAction":[{"@type":"SearchAction","target":{"@type":"EntryPoint","urlTemplate":"https:\/\/www.cidademarketing.com.br\/marketing\/?s={search_term_string}"},"query-input":{"@type":"PropertyValueSpecification","valueRequired":true,"valueName":"search_term_string"}}],"inLanguage":"pt-BR"},{"@type":"Organization","@id":"https:\/\/www.cidademarketing.com.br\/marketing\/#organization","name":"CidadeMarketing","alternateName":"CidadeMarketing","url":"https:\/\/www.cidademarketing.com.br\/marketing\/","logo":{"@type":"ImageObject","inLanguage":"pt-BR","@id":"https:\/\/www.cidademarketing.com.br\/marketing\/#\/schema\/logo\/image\/","url":"https:\/\/www.cidademarketing.com.br\/marketing\/wp-content\/uploads\/2020\/01\/cidademarketing_marca_mobile.png","contentUrl":"https:\/\/www.cidademarketing.com.br\/marketing\/wp-content\/uploads\/2020\/01\/cidademarketing_marca_mobile.png","width":230,"height":92,"caption":"CidadeMarketing"},"image":{"@id":"https:\/\/www.cidademarketing.com.br\/marketing\/#\/schema\/logo\/image\/"},"sameAs":["https:\/\/www.facebook.com\/portalcidademarketing","https:\/\/x.com\/CidadeMarketing","https:\/\/www.instagram.com\/cidademarketing\/"]},{"@type":"Person","@id":"https:\/\/www.cidademarketing.com.br\/marketing\/#\/schema\/person\/02daff9f18bd9378c9e01eb6b2db155f","name":"Thales Brand\u00e3o","image":{"@type":"ImageObject","inLanguage":"pt-BR","@id":"https:\/\/secure.gravatar.com\/avatar\/7ca3206950207cc3cb48feec56a8a7898741ab725c368d99d5d7a5a50aab80c6?s=96&d=mm&r=g","url":"https:\/\/secure.gravatar.com\/avatar\/7ca3206950207cc3cb48feec56a8a7898741ab725c368d99d5d7a5a50aab80c6?s=96&d=mm&r=g","contentUrl":"https:\/\/secure.gravatar.com\/avatar\/7ca3206950207cc3cb48feec56a8a7898741ab725c368d99d5d7a5a50aab80c6?s=96&d=mm&r=g","caption":"Thales Brand\u00e3o"},"description":"Editor Executivo do Portal CidadeMarketing.com.br &gt; Mestre em Comunica\u00e7\u00e3o e Sociedade pela Universidade Federal de Sergipe. Possui MBA Executivo em Administra\u00e7\u00e3o com \u00eanfase em Marketing pela Funda\u00e7\u00e3o Get\u00falio Vargas - Rio de Janeiro. Consultor, Palestrante e Pesquisador sobre Empreendedorismo, Marketing, Redes Sociais e Neg\u00f3cios Digitais. Professor, Palestrante TedxTalks e Campus Party. Twitter: @ThalesBrandao","sameAs":["http:\/\/www.mandacaru.com.br","https:\/\/www.facebook.com\/thalesbrandao","http:\/\/www.instagram.com.br\/thalesbrandaoferreira","https:\/\/www.linkedin.com\/in\/thales-brand\u00e3o-3948609\/","https:\/\/x.com\/http:\/\/www.twitter.com\/thalesbrandao"],"url":"https:\/\/www.cidademarketing.com.br\/marketing\/author\/thalesbrandao\/"}]}},"amp_enabled":true,"_links":{"self":[{"href":"https:\/\/www.cidademarketing.com.br\/marketing\/wp-json\/wp\/v2\/posts\/2874","targetHints":{"allow":["GET"]}}],"collection":[{"href":"https:\/\/www.cidademarketing.com.br\/marketing\/wp-json\/wp\/v2\/posts"}],"about":[{"href":"https:\/\/www.cidademarketing.com.br\/marketing\/wp-json\/wp\/v2\/types\/post"}],"author":[{"embeddable":true,"href":"https:\/\/www.cidademarketing.com.br\/marketing\/wp-json\/wp\/v2\/users\/1"}],"replies":[{"embeddable":true,"href":"https:\/\/www.cidademarketing.com.br\/marketing\/wp-json\/wp\/v2\/comments?post=2874"}],"version-history":[{"count":1,"href":"https:\/\/www.cidademarketing.com.br\/marketing\/wp-json\/wp\/v2\/posts\/2874\/revisions"}],"predecessor-version":[{"id":2885,"href":"https:\/\/www.cidademarketing.com.br\/marketing\/wp-json\/wp\/v2\/posts\/2874\/revisions\/2885"}],"wp:featuredmedia":[{"embeddable":true,"href":"https:\/\/www.cidademarketing.com.br\/marketing\/wp-json\/wp\/v2\/media\/2884"}],"wp:attachment":[{"href":"https:\/\/www.cidademarketing.com.br\/marketing\/wp-json\/wp\/v2\/media?parent=2874"}],"wp:term":[{"taxonomy":"category","embeddable":true,"href":"https:\/\/www.cidademarketing.com.br\/marketing\/wp-json\/wp\/v2\/categories?post=2874"},{"taxonomy":"post_tag","embeddable":true,"href":"https:\/\/www.cidademarketing.com.br\/marketing\/wp-json\/wp\/v2\/tags?post=2874"}],"curies":[{"name":"wp","href":"https:\/\/api.w.org\/{rel}","templated":true}]}}