{"id":28692,"date":"2021-09-09T09:20:55","date_gmt":"2021-09-09T12:20:55","guid":{"rendered":"https:\/\/www.cidademarketing.com.br\/marketing\/?p=28692"},"modified":"2021-09-09T09:20:58","modified_gmt":"2021-09-09T12:20:58","slug":"rock-in-rio-e-tiktok-se-unem-em-rockinrioeuvou-ativacao-que-premiara-com-rock-in-rio-card-usuarios-da-plataforma","status":"publish","type":"post","link":"https:\/\/www.cidademarketing.com.br\/marketing\/2021\/09\/09\/rock-in-rio-e-tiktok-se-unem-em-rockinrioeuvou-ativacao-que-premiara-com-rock-in-rio-card-usuarios-da-plataforma\/","title":{"rendered":"Rock in Rio e TikTok se unem em #RockinRioEuVou, ativa\u00e7\u00e3o que premiar\u00e1 com Rock in Rio Card usu\u00e1rios da plataforma"},"content":{"rendered":"\n<p>Setembro \u00e9 um m\u00eas cheio de momentos marcantes para o Rock in Rio Brasil 2022: al\u00e9m de muitos an\u00fancios de bandas, j\u00e1 foi dada a largada para a contagem de um ano at\u00e9 a pr\u00f3xima edi\u00e7\u00e3o \u2014 a maior de todos os tempos. Para ampliar a comunica\u00e7\u00e3o e dar aos f\u00e3s a chance de garantir ingressos antes da pr\u00e9-venda oficial, que costuma esgotar em poucas horas, o Rock in Rio, em parceria com o TikTok, um dos patrocinadores do festival, lan\u00e7a o desafio #RockinRioEuVou.<\/p>\n\n\n\n<p>A partir da pr\u00f3xima quarta-feira, 8 de setembro, os criadores de conte\u00fado do TikTok poder\u00e3o mostrar seu talento com a inesquec\u00edvel m\u00fasica do Rock in Rio, para concorrer a um par de ingressos \u2014 Rock in Rio Cards que garantem o acesso a um dos dias do festival, a ser escolhido pelo contemplado em data posterior. Tudo isso para convocar o p\u00fablico para o in\u00edcio das vendas dos Cards, no dia 21 de setembro.<\/p>\n\n\n\n<p>A mec\u00e2nica funcionar\u00e1 da seguinte maneira: os usu\u00e1rios ser\u00e3o convidados pelo perfil oficial do Rock in Rio e por alguns dos maiores criadores do TikTok, como Jordane Mel, Ana Martorano, Giana Althaus, Lucas Charmoso, Jota Libras e Luara Martins, a mostrar sua maneira talentosa de dizer \u201cEu Vou\u201d. Podem ser v\u00eddeos cantando, tocando, dan\u00e7ando, desenhando, ou como preferirem, desde que a criatividade esteja em primeiro lugar. Os 50 melhores conte\u00fados publicados na plataforma, com a m\u00fasica e a hashtag #RockinRioEuVou, ganhar\u00e3o um par de Cards.<\/p>\n\n\n\n<p>\u201cRock in Rio e TikTok s\u00e3o sobre entretenimento e m\u00fasica e \u00e9 isso que conecta a audi\u00eancia das duas marcas. \u00c0 luz deste match perfeito, nada mais natural do que convidarmos nossos f\u00e3s, que j\u00e1 usam a plataforma e que j\u00e1 falam sobre Rock in Rio l\u00e1, para se divertirem no TikTok usando a m\u00fasica tema do festival para este fim. Temos certeza de que esta a\u00e7\u00e3o \u00e9 a primeira de uma s\u00e9rie de parcerias que vir\u00e3o por a\u00ed\u201d, comenta Ana Deccache, diretora de marketing do Rock in Rio. &nbsp;<\/p>\n\n\n\n<p>\u201cO TikTok sempre teve a m\u00fasica em seu DNA e essa parceria com o Rock in Rio chega para incentivar ainda mais a criatividade e trazer ainda mais alegria para os criadores de conte\u00fado da plataforma, que poder\u00e3o se divertir com a m\u00fasica, mostrar seu talento e ainda ter a chance de estar no maior festival de m\u00fasica e entretenimento do planeta. Estamos muito animados com essa a\u00e7\u00e3o, que tem muita sinergia com o que acreditamos\u201d, afirma Kim Farrell, diretora de Marketing do TikTok para a Am\u00e9rica Latina.<\/p>\n\n\n\n<p>Toda a cria\u00e7\u00e3o e estrat\u00e9gia de m\u00eddia desta fase da comunica\u00e7\u00e3o foram realizadas pelo time Rock in Rio, Artplan e A-Lab \u2014 laborat\u00f3rio de conte\u00fado do Grupo Dreamers. A a\u00e7\u00e3o faz parte da campanha geral de divulga\u00e7\u00e3o do Rock in Rio Brasil 2022. Ao total, ser\u00e3o mais de 600 formatos de pe\u00e7as, que incluem a ativa\u00e7\u00e3o exclusiva com o TikTok, al\u00e9m de teasers, posts, banners, <em>bumper ads<\/em>, OOH, filmes principais, an\u00fancios e spots. A promo\u00e7\u00e3o #RockinRioEuVou ser\u00e1 realizada de 8 a 13 de setembro. O per\u00edodo de participa\u00e7\u00e3o ser\u00e1 de 1 a 13 e os vencedores ser\u00e3o divulgados no dia 20 do mesmo m\u00eas. O regulamento pode ser acessado aqui: <a href=\"https:\/\/bit.ly\/38Qvbrl\" target=\"_blank\" rel=\"noreferrer noopener\">https:\/\/bit.ly\/38Qvbrl<\/a><\/p>\n","protected":false},"excerpt":{"rendered":"<p>Setembro \u00e9 um m\u00eas cheio de momentos marcantes para o Rock in Rio Brasil 2022: al\u00e9m de muitos an\u00fancios de bandas, j\u00e1 foi dada a largada para a contagem de um ano at\u00e9 a pr\u00f3xima edi\u00e7\u00e3o \u2014 a maior de todos os tempos. Para ampliar a comunica\u00e7\u00e3o e dar aos f\u00e3s a chance de garantir [&hellip;]<\/p>\n","protected":false},"author":1,"featured_media":28693,"comment_status":"open","ping_status":"open","sticky":false,"template":"","format":"standard","meta":{"tdm_status":"","tdm_grid_status":"","footnotes":""},"categories":[6],"tags":[33,28,2136,2911],"class_list":["post-28692","post","type-post","status-publish","format-standard","has-post-thumbnail","hentry","category-noticias","tag-estrategia","tag-marketing","tag-rock-in-rio","tag-tiktok"],"yoast_head":"<!-- This site is optimized with the Yoast SEO plugin v27.5 - https:\/\/yoast.com\/product\/yoast-seo-wordpress\/ -->\n<title>Rock in Rio e TikTok se unem em #RockinRioEuVou, ativa\u00e7\u00e3o que premiar\u00e1 com Rock in Rio Card usu\u00e1rios da plataforma - CidadeMarketing<\/title>\n<meta name=\"robots\" content=\"index, follow, max-snippet:-1, max-image-preview:large, max-video-preview:-1\" \/>\n<link rel=\"canonical\" href=\"https:\/\/www.cidademarketing.com.br\/marketing\/2021\/09\/09\/rock-in-rio-e-tiktok-se-unem-em-rockinrioeuvou-ativacao-que-premiara-com-rock-in-rio-card-usuarios-da-plataforma\/\" \/>\n<meta property=\"og:locale\" content=\"pt_BR\" \/>\n<meta property=\"og:type\" content=\"article\" \/>\n<meta property=\"og:title\" content=\"Rock in Rio e TikTok se unem em #RockinRioEuVou, ativa\u00e7\u00e3o que premiar\u00e1 com Rock in Rio Card usu\u00e1rios da plataforma - CidadeMarketing\" \/>\n<meta property=\"og:description\" content=\"Setembro \u00e9 um m\u00eas cheio de momentos marcantes para o Rock in Rio Brasil 2022: al\u00e9m de muitos an\u00fancios de bandas, j\u00e1 foi dada a largada para a contagem de um ano at\u00e9 a pr\u00f3xima edi\u00e7\u00e3o \u2014 a maior de todos os tempos. Para ampliar a comunica\u00e7\u00e3o e dar aos f\u00e3s a chance de garantir [&hellip;]\" \/>\n<meta property=\"og:url\" content=\"https:\/\/www.cidademarketing.com.br\/marketing\/2021\/09\/09\/rock-in-rio-e-tiktok-se-unem-em-rockinrioeuvou-ativacao-que-premiara-com-rock-in-rio-card-usuarios-da-plataforma\/\" \/>\n<meta property=\"og:site_name\" content=\"CidadeMarketing\" \/>\n<meta property=\"article:publisher\" content=\"https:\/\/www.facebook.com\/portalcidademarketing\" \/>\n<meta property=\"article:author\" content=\"https:\/\/www.facebook.com\/thalesbrandao\" \/>\n<meta property=\"article:published_time\" content=\"2021-09-09T12:20:55+00:00\" \/>\n<meta property=\"article:modified_time\" content=\"2021-09-09T12:20:58+00:00\" \/>\n<meta property=\"og:image\" content=\"https:\/\/www.cidademarketing.com.br\/marketing\/wp-content\/uploads\/2021\/09\/RiR-e-TikTok-1-1024x684.png\" \/>\n\t<meta property=\"og:image:width\" content=\"1024\" \/>\n\t<meta property=\"og:image:height\" content=\"684\" \/>\n\t<meta property=\"og:image:type\" content=\"image\/png\" \/>\n<meta name=\"author\" content=\"Thales Brand\u00e3o\" \/>\n<meta name=\"twitter:card\" content=\"summary_large_image\" \/>\n<meta name=\"twitter:creator\" content=\"@http:\/\/www.twitter.com\/thalesbrandao\" \/>\n<meta name=\"twitter:site\" content=\"@CidadeMarketing\" \/>\n<meta name=\"twitter:label1\" content=\"Escrito por\" \/>\n\t<meta name=\"twitter:data1\" content=\"Thales Brand\u00e3o\" \/>\n\t<meta name=\"twitter:label2\" content=\"Est. tempo de leitura\" \/>\n\t<meta name=\"twitter:data2\" content=\"3 minutos\" \/>\n<script type=\"application\/ld+json\" class=\"yoast-schema-graph\">{\"@context\":\"https:\\\/\\\/schema.org\",\"@graph\":[{\"@type\":\"Article\",\"@id\":\"https:\\\/\\\/www.cidademarketing.com.br\\\/marketing\\\/2021\\\/09\\\/09\\\/rock-in-rio-e-tiktok-se-unem-em-rockinrioeuvou-ativacao-que-premiara-com-rock-in-rio-card-usuarios-da-plataforma\\\/#article\",\"isPartOf\":{\"@id\":\"https:\\\/\\\/www.cidademarketing.com.br\\\/marketing\\\/2021\\\/09\\\/09\\\/rock-in-rio-e-tiktok-se-unem-em-rockinrioeuvou-ativacao-que-premiara-com-rock-in-rio-card-usuarios-da-plataforma\\\/\"},\"author\":{\"name\":\"Thales Brand\u00e3o\",\"@id\":\"https:\\\/\\\/www.cidademarketing.com.br\\\/marketing\\\/#\\\/schema\\\/person\\\/02daff9f18bd9378c9e01eb6b2db155f\"},\"headline\":\"Rock in Rio e TikTok se unem em #RockinRioEuVou, ativa\u00e7\u00e3o que premiar\u00e1 com Rock in Rio Card usu\u00e1rios da plataforma\",\"datePublished\":\"2021-09-09T12:20:55+00:00\",\"dateModified\":\"2021-09-09T12:20:58+00:00\",\"mainEntityOfPage\":{\"@id\":\"https:\\\/\\\/www.cidademarketing.com.br\\\/marketing\\\/2021\\\/09\\\/09\\\/rock-in-rio-e-tiktok-se-unem-em-rockinrioeuvou-ativacao-que-premiara-com-rock-in-rio-card-usuarios-da-plataforma\\\/\"},\"wordCount\":596,\"commentCount\":0,\"publisher\":{\"@id\":\"https:\\\/\\\/www.cidademarketing.com.br\\\/marketing\\\/#organization\"},\"image\":{\"@id\":\"https:\\\/\\\/www.cidademarketing.com.br\\\/marketing\\\/2021\\\/09\\\/09\\\/rock-in-rio-e-tiktok-se-unem-em-rockinrioeuvou-ativacao-que-premiara-com-rock-in-rio-card-usuarios-da-plataforma\\\/#primaryimage\"},\"thumbnailUrl\":\"https:\\\/\\\/www.cidademarketing.com.br\\\/marketing\\\/wp-content\\\/uploads\\\/2021\\\/09\\\/RiR-e-TikTok-1.png\",\"keywords\":[\"estrat\u00e9gia\",\"marketing\",\"Rock in Rio\",\"TikTok\"],\"articleSection\":[\"Not\u00edcias\"],\"inLanguage\":\"pt-BR\",\"potentialAction\":[{\"@type\":\"CommentAction\",\"name\":\"Comment\",\"target\":[\"https:\\\/\\\/www.cidademarketing.com.br\\\/marketing\\\/2021\\\/09\\\/09\\\/rock-in-rio-e-tiktok-se-unem-em-rockinrioeuvou-ativacao-que-premiara-com-rock-in-rio-card-usuarios-da-plataforma\\\/#respond\"]}]},{\"@type\":\"WebPage\",\"@id\":\"https:\\\/\\\/www.cidademarketing.com.br\\\/marketing\\\/2021\\\/09\\\/09\\\/rock-in-rio-e-tiktok-se-unem-em-rockinrioeuvou-ativacao-que-premiara-com-rock-in-rio-card-usuarios-da-plataforma\\\/\",\"url\":\"https:\\\/\\\/www.cidademarketing.com.br\\\/marketing\\\/2021\\\/09\\\/09\\\/rock-in-rio-e-tiktok-se-unem-em-rockinrioeuvou-ativacao-que-premiara-com-rock-in-rio-card-usuarios-da-plataforma\\\/\",\"name\":\"Rock in Rio e TikTok se unem em #RockinRioEuVou, ativa\u00e7\u00e3o que premiar\u00e1 com Rock in Rio Card usu\u00e1rios da plataforma - CidadeMarketing\",\"isPartOf\":{\"@id\":\"https:\\\/\\\/www.cidademarketing.com.br\\\/marketing\\\/#website\"},\"primaryImageOfPage\":{\"@id\":\"https:\\\/\\\/www.cidademarketing.com.br\\\/marketing\\\/2021\\\/09\\\/09\\\/rock-in-rio-e-tiktok-se-unem-em-rockinrioeuvou-ativacao-que-premiara-com-rock-in-rio-card-usuarios-da-plataforma\\\/#primaryimage\"},\"image\":{\"@id\":\"https:\\\/\\\/www.cidademarketing.com.br\\\/marketing\\\/2021\\\/09\\\/09\\\/rock-in-rio-e-tiktok-se-unem-em-rockinrioeuvou-ativacao-que-premiara-com-rock-in-rio-card-usuarios-da-plataforma\\\/#primaryimage\"},\"thumbnailUrl\":\"https:\\\/\\\/www.cidademarketing.com.br\\\/marketing\\\/wp-content\\\/uploads\\\/2021\\\/09\\\/RiR-e-TikTok-1.png\",\"datePublished\":\"2021-09-09T12:20:55+00:00\",\"dateModified\":\"2021-09-09T12:20:58+00:00\",\"breadcrumb\":{\"@id\":\"https:\\\/\\\/www.cidademarketing.com.br\\\/marketing\\\/2021\\\/09\\\/09\\\/rock-in-rio-e-tiktok-se-unem-em-rockinrioeuvou-ativacao-que-premiara-com-rock-in-rio-card-usuarios-da-plataforma\\\/#breadcrumb\"},\"inLanguage\":\"pt-BR\",\"potentialAction\":[{\"@type\":\"ReadAction\",\"target\":[\"https:\\\/\\\/www.cidademarketing.com.br\\\/marketing\\\/2021\\\/09\\\/09\\\/rock-in-rio-e-tiktok-se-unem-em-rockinrioeuvou-ativacao-que-premiara-com-rock-in-rio-card-usuarios-da-plataforma\\\/\"]}]},{\"@type\":\"ImageObject\",\"inLanguage\":\"pt-BR\",\"@id\":\"https:\\\/\\\/www.cidademarketing.com.br\\\/marketing\\\/2021\\\/09\\\/09\\\/rock-in-rio-e-tiktok-se-unem-em-rockinrioeuvou-ativacao-que-premiara-com-rock-in-rio-card-usuarios-da-plataforma\\\/#primaryimage\",\"url\":\"https:\\\/\\\/www.cidademarketing.com.br\\\/marketing\\\/wp-content\\\/uploads\\\/2021\\\/09\\\/RiR-e-TikTok-1.png\",\"contentUrl\":\"https:\\\/\\\/www.cidademarketing.com.br\\\/marketing\\\/wp-content\\\/uploads\\\/2021\\\/09\\\/RiR-e-TikTok-1.png\",\"width\":1920,\"height\":1282,\"caption\":\"Reprodu\u00e7\u00e3o\"},{\"@type\":\"BreadcrumbList\",\"@id\":\"https:\\\/\\\/www.cidademarketing.com.br\\\/marketing\\\/2021\\\/09\\\/09\\\/rock-in-rio-e-tiktok-se-unem-em-rockinrioeuvou-ativacao-que-premiara-com-rock-in-rio-card-usuarios-da-plataforma\\\/#breadcrumb\",\"itemListElement\":[{\"@type\":\"ListItem\",\"position\":1,\"name\":\"In\u00edcio\",\"item\":\"https:\\\/\\\/www.cidademarketing.com.br\\\/marketing\\\/\"},{\"@type\":\"ListItem\",\"position\":2,\"name\":\"Rock in Rio e TikTok se unem em #RockinRioEuVou, ativa\u00e7\u00e3o que premiar\u00e1 com Rock in Rio Card usu\u00e1rios da plataforma\"}]},{\"@type\":\"WebSite\",\"@id\":\"https:\\\/\\\/www.cidademarketing.com.br\\\/marketing\\\/#website\",\"url\":\"https:\\\/\\\/www.cidademarketing.com.br\\\/marketing\\\/\",\"name\":\"CidadeMarketing\",\"description\":\"Somos um ve\u00edculo de comunica\u00e7\u00e3o de destaque no Brasil, reconhecido por conte\u00fados nos segmentos de marketing, empreendedorismo e inova\u00e7\u00e3o.\",\"publisher\":{\"@id\":\"https:\\\/\\\/www.cidademarketing.com.br\\\/marketing\\\/#organization\"},\"alternateName\":\"CidadeMarketing\",\"potentialAction\":[{\"@type\":\"SearchAction\",\"target\":{\"@type\":\"EntryPoint\",\"urlTemplate\":\"https:\\\/\\\/www.cidademarketing.com.br\\\/marketing\\\/?s={search_term_string}\"},\"query-input\":{\"@type\":\"PropertyValueSpecification\",\"valueRequired\":true,\"valueName\":\"search_term_string\"}}],\"inLanguage\":\"pt-BR\"},{\"@type\":\"Organization\",\"@id\":\"https:\\\/\\\/www.cidademarketing.com.br\\\/marketing\\\/#organization\",\"name\":\"CidadeMarketing\",\"alternateName\":\"CidadeMarketing\",\"url\":\"https:\\\/\\\/www.cidademarketing.com.br\\\/marketing\\\/\",\"logo\":{\"@type\":\"ImageObject\",\"inLanguage\":\"pt-BR\",\"@id\":\"https:\\\/\\\/www.cidademarketing.com.br\\\/marketing\\\/#\\\/schema\\\/logo\\\/image\\\/\",\"url\":\"https:\\\/\\\/www.cidademarketing.com.br\\\/marketing\\\/wp-content\\\/uploads\\\/2020\\\/01\\\/cidademarketing_marca_mobile.png\",\"contentUrl\":\"https:\\\/\\\/www.cidademarketing.com.br\\\/marketing\\\/wp-content\\\/uploads\\\/2020\\\/01\\\/cidademarketing_marca_mobile.png\",\"width\":230,\"height\":92,\"caption\":\"CidadeMarketing\"},\"image\":{\"@id\":\"https:\\\/\\\/www.cidademarketing.com.br\\\/marketing\\\/#\\\/schema\\\/logo\\\/image\\\/\"},\"sameAs\":[\"https:\\\/\\\/www.facebook.com\\\/portalcidademarketing\",\"https:\\\/\\\/x.com\\\/CidadeMarketing\",\"https:\\\/\\\/www.instagram.com\\\/cidademarketing\\\/\"]},{\"@type\":\"Person\",\"@id\":\"https:\\\/\\\/www.cidademarketing.com.br\\\/marketing\\\/#\\\/schema\\\/person\\\/02daff9f18bd9378c9e01eb6b2db155f\",\"name\":\"Thales Brand\u00e3o\",\"image\":{\"@type\":\"ImageObject\",\"inLanguage\":\"pt-BR\",\"@id\":\"https:\\\/\\\/secure.gravatar.com\\\/avatar\\\/7ca3206950207cc3cb48feec56a8a7898741ab725c368d99d5d7a5a50aab80c6?s=96&d=mm&r=g\",\"url\":\"https:\\\/\\\/secure.gravatar.com\\\/avatar\\\/7ca3206950207cc3cb48feec56a8a7898741ab725c368d99d5d7a5a50aab80c6?s=96&d=mm&r=g\",\"contentUrl\":\"https:\\\/\\\/secure.gravatar.com\\\/avatar\\\/7ca3206950207cc3cb48feec56a8a7898741ab725c368d99d5d7a5a50aab80c6?s=96&d=mm&r=g\",\"caption\":\"Thales Brand\u00e3o\"},\"description\":\"Editor Executivo do Portal CidadeMarketing.com.br &gt; Mestre em Comunica\u00e7\u00e3o e Sociedade pela Universidade Federal de Sergipe. Possui MBA Executivo em Administra\u00e7\u00e3o com \u00eanfase em Marketing pela Funda\u00e7\u00e3o Get\u00falio Vargas - Rio de Janeiro. Consultor, Palestrante e Pesquisador sobre Empreendedorismo, Marketing, Redes Sociais e Neg\u00f3cios Digitais. Professor, Palestrante TedxTalks e Campus Party. Twitter: @ThalesBrandao\",\"sameAs\":[\"http:\\\/\\\/www.mandacaru.com.br\",\"https:\\\/\\\/www.facebook.com\\\/thalesbrandao\",\"http:\\\/\\\/www.instagram.com.br\\\/thalesbrandaoferreira\",\"https:\\\/\\\/www.linkedin.com\\\/in\\\/thales-brand\u00e3o-3948609\\\/\",\"https:\\\/\\\/x.com\\\/http:\\\/\\\/www.twitter.com\\\/thalesbrandao\"],\"url\":\"https:\\\/\\\/www.cidademarketing.com.br\\\/marketing\\\/author\\\/thalesbrandao\\\/\"}]}<\/script>\n<!-- \/ Yoast SEO plugin. -->","yoast_head_json":{"title":"Rock in Rio e TikTok se unem em #RockinRioEuVou, ativa\u00e7\u00e3o que premiar\u00e1 com Rock in Rio Card usu\u00e1rios da plataforma - CidadeMarketing","robots":{"index":"index","follow":"follow","max-snippet":"max-snippet:-1","max-image-preview":"max-image-preview:large","max-video-preview":"max-video-preview:-1"},"canonical":"https:\/\/www.cidademarketing.com.br\/marketing\/2021\/09\/09\/rock-in-rio-e-tiktok-se-unem-em-rockinrioeuvou-ativacao-que-premiara-com-rock-in-rio-card-usuarios-da-plataforma\/","og_locale":"pt_BR","og_type":"article","og_title":"Rock in Rio e TikTok se unem em #RockinRioEuVou, ativa\u00e7\u00e3o que premiar\u00e1 com Rock in Rio Card usu\u00e1rios da plataforma - CidadeMarketing","og_description":"Setembro \u00e9 um m\u00eas cheio de momentos marcantes para o Rock in Rio Brasil 2022: al\u00e9m de muitos an\u00fancios de bandas, j\u00e1 foi dada a largada para a contagem de um ano at\u00e9 a pr\u00f3xima edi\u00e7\u00e3o \u2014 a maior de todos os tempos. Para ampliar a comunica\u00e7\u00e3o e dar aos f\u00e3s a chance de garantir [&hellip;]","og_url":"https:\/\/www.cidademarketing.com.br\/marketing\/2021\/09\/09\/rock-in-rio-e-tiktok-se-unem-em-rockinrioeuvou-ativacao-que-premiara-com-rock-in-rio-card-usuarios-da-plataforma\/","og_site_name":"CidadeMarketing","article_publisher":"https:\/\/www.facebook.com\/portalcidademarketing","article_author":"https:\/\/www.facebook.com\/thalesbrandao","article_published_time":"2021-09-09T12:20:55+00:00","article_modified_time":"2021-09-09T12:20:58+00:00","og_image":[{"width":1024,"height":684,"url":"https:\/\/www.cidademarketing.com.br\/marketing\/wp-content\/uploads\/2021\/09\/RiR-e-TikTok-1-1024x684.png","type":"image\/png"}],"author":"Thales Brand\u00e3o","twitter_card":"summary_large_image","twitter_creator":"@http:\/\/www.twitter.com\/thalesbrandao","twitter_site":"@CidadeMarketing","twitter_misc":{"Escrito por":"Thales Brand\u00e3o","Est. tempo de leitura":"3 minutos"},"schema":{"@context":"https:\/\/schema.org","@graph":[{"@type":"Article","@id":"https:\/\/www.cidademarketing.com.br\/marketing\/2021\/09\/09\/rock-in-rio-e-tiktok-se-unem-em-rockinrioeuvou-ativacao-que-premiara-com-rock-in-rio-card-usuarios-da-plataforma\/#article","isPartOf":{"@id":"https:\/\/www.cidademarketing.com.br\/marketing\/2021\/09\/09\/rock-in-rio-e-tiktok-se-unem-em-rockinrioeuvou-ativacao-que-premiara-com-rock-in-rio-card-usuarios-da-plataforma\/"},"author":{"name":"Thales Brand\u00e3o","@id":"https:\/\/www.cidademarketing.com.br\/marketing\/#\/schema\/person\/02daff9f18bd9378c9e01eb6b2db155f"},"headline":"Rock in Rio e TikTok se unem em #RockinRioEuVou, ativa\u00e7\u00e3o que premiar\u00e1 com Rock in Rio Card usu\u00e1rios da plataforma","datePublished":"2021-09-09T12:20:55+00:00","dateModified":"2021-09-09T12:20:58+00:00","mainEntityOfPage":{"@id":"https:\/\/www.cidademarketing.com.br\/marketing\/2021\/09\/09\/rock-in-rio-e-tiktok-se-unem-em-rockinrioeuvou-ativacao-que-premiara-com-rock-in-rio-card-usuarios-da-plataforma\/"},"wordCount":596,"commentCount":0,"publisher":{"@id":"https:\/\/www.cidademarketing.com.br\/marketing\/#organization"},"image":{"@id":"https:\/\/www.cidademarketing.com.br\/marketing\/2021\/09\/09\/rock-in-rio-e-tiktok-se-unem-em-rockinrioeuvou-ativacao-que-premiara-com-rock-in-rio-card-usuarios-da-plataforma\/#primaryimage"},"thumbnailUrl":"https:\/\/www.cidademarketing.com.br\/marketing\/wp-content\/uploads\/2021\/09\/RiR-e-TikTok-1.png","keywords":["estrat\u00e9gia","marketing","Rock in Rio","TikTok"],"articleSection":["Not\u00edcias"],"inLanguage":"pt-BR","potentialAction":[{"@type":"CommentAction","name":"Comment","target":["https:\/\/www.cidademarketing.com.br\/marketing\/2021\/09\/09\/rock-in-rio-e-tiktok-se-unem-em-rockinrioeuvou-ativacao-que-premiara-com-rock-in-rio-card-usuarios-da-plataforma\/#respond"]}]},{"@type":"WebPage","@id":"https:\/\/www.cidademarketing.com.br\/marketing\/2021\/09\/09\/rock-in-rio-e-tiktok-se-unem-em-rockinrioeuvou-ativacao-que-premiara-com-rock-in-rio-card-usuarios-da-plataforma\/","url":"https:\/\/www.cidademarketing.com.br\/marketing\/2021\/09\/09\/rock-in-rio-e-tiktok-se-unem-em-rockinrioeuvou-ativacao-que-premiara-com-rock-in-rio-card-usuarios-da-plataforma\/","name":"Rock in Rio e TikTok se unem em #RockinRioEuVou, ativa\u00e7\u00e3o que premiar\u00e1 com Rock in Rio Card usu\u00e1rios da plataforma - CidadeMarketing","isPartOf":{"@id":"https:\/\/www.cidademarketing.com.br\/marketing\/#website"},"primaryImageOfPage":{"@id":"https:\/\/www.cidademarketing.com.br\/marketing\/2021\/09\/09\/rock-in-rio-e-tiktok-se-unem-em-rockinrioeuvou-ativacao-que-premiara-com-rock-in-rio-card-usuarios-da-plataforma\/#primaryimage"},"image":{"@id":"https:\/\/www.cidademarketing.com.br\/marketing\/2021\/09\/09\/rock-in-rio-e-tiktok-se-unem-em-rockinrioeuvou-ativacao-que-premiara-com-rock-in-rio-card-usuarios-da-plataforma\/#primaryimage"},"thumbnailUrl":"https:\/\/www.cidademarketing.com.br\/marketing\/wp-content\/uploads\/2021\/09\/RiR-e-TikTok-1.png","datePublished":"2021-09-09T12:20:55+00:00","dateModified":"2021-09-09T12:20:58+00:00","breadcrumb":{"@id":"https:\/\/www.cidademarketing.com.br\/marketing\/2021\/09\/09\/rock-in-rio-e-tiktok-se-unem-em-rockinrioeuvou-ativacao-que-premiara-com-rock-in-rio-card-usuarios-da-plataforma\/#breadcrumb"},"inLanguage":"pt-BR","potentialAction":[{"@type":"ReadAction","target":["https:\/\/www.cidademarketing.com.br\/marketing\/2021\/09\/09\/rock-in-rio-e-tiktok-se-unem-em-rockinrioeuvou-ativacao-que-premiara-com-rock-in-rio-card-usuarios-da-plataforma\/"]}]},{"@type":"ImageObject","inLanguage":"pt-BR","@id":"https:\/\/www.cidademarketing.com.br\/marketing\/2021\/09\/09\/rock-in-rio-e-tiktok-se-unem-em-rockinrioeuvou-ativacao-que-premiara-com-rock-in-rio-card-usuarios-da-plataforma\/#primaryimage","url":"https:\/\/www.cidademarketing.com.br\/marketing\/wp-content\/uploads\/2021\/09\/RiR-e-TikTok-1.png","contentUrl":"https:\/\/www.cidademarketing.com.br\/marketing\/wp-content\/uploads\/2021\/09\/RiR-e-TikTok-1.png","width":1920,"height":1282,"caption":"Reprodu\u00e7\u00e3o"},{"@type":"BreadcrumbList","@id":"https:\/\/www.cidademarketing.com.br\/marketing\/2021\/09\/09\/rock-in-rio-e-tiktok-se-unem-em-rockinrioeuvou-ativacao-que-premiara-com-rock-in-rio-card-usuarios-da-plataforma\/#breadcrumb","itemListElement":[{"@type":"ListItem","position":1,"name":"In\u00edcio","item":"https:\/\/www.cidademarketing.com.br\/marketing\/"},{"@type":"ListItem","position":2,"name":"Rock in Rio e TikTok se unem em #RockinRioEuVou, ativa\u00e7\u00e3o que premiar\u00e1 com Rock in Rio Card usu\u00e1rios da plataforma"}]},{"@type":"WebSite","@id":"https:\/\/www.cidademarketing.com.br\/marketing\/#website","url":"https:\/\/www.cidademarketing.com.br\/marketing\/","name":"CidadeMarketing","description":"Somos um ve\u00edculo de comunica\u00e7\u00e3o de destaque no Brasil, reconhecido por conte\u00fados nos segmentos de marketing, empreendedorismo e inova\u00e7\u00e3o.","publisher":{"@id":"https:\/\/www.cidademarketing.com.br\/marketing\/#organization"},"alternateName":"CidadeMarketing","potentialAction":[{"@type":"SearchAction","target":{"@type":"EntryPoint","urlTemplate":"https:\/\/www.cidademarketing.com.br\/marketing\/?s={search_term_string}"},"query-input":{"@type":"PropertyValueSpecification","valueRequired":true,"valueName":"search_term_string"}}],"inLanguage":"pt-BR"},{"@type":"Organization","@id":"https:\/\/www.cidademarketing.com.br\/marketing\/#organization","name":"CidadeMarketing","alternateName":"CidadeMarketing","url":"https:\/\/www.cidademarketing.com.br\/marketing\/","logo":{"@type":"ImageObject","inLanguage":"pt-BR","@id":"https:\/\/www.cidademarketing.com.br\/marketing\/#\/schema\/logo\/image\/","url":"https:\/\/www.cidademarketing.com.br\/marketing\/wp-content\/uploads\/2020\/01\/cidademarketing_marca_mobile.png","contentUrl":"https:\/\/www.cidademarketing.com.br\/marketing\/wp-content\/uploads\/2020\/01\/cidademarketing_marca_mobile.png","width":230,"height":92,"caption":"CidadeMarketing"},"image":{"@id":"https:\/\/www.cidademarketing.com.br\/marketing\/#\/schema\/logo\/image\/"},"sameAs":["https:\/\/www.facebook.com\/portalcidademarketing","https:\/\/x.com\/CidadeMarketing","https:\/\/www.instagram.com\/cidademarketing\/"]},{"@type":"Person","@id":"https:\/\/www.cidademarketing.com.br\/marketing\/#\/schema\/person\/02daff9f18bd9378c9e01eb6b2db155f","name":"Thales Brand\u00e3o","image":{"@type":"ImageObject","inLanguage":"pt-BR","@id":"https:\/\/secure.gravatar.com\/avatar\/7ca3206950207cc3cb48feec56a8a7898741ab725c368d99d5d7a5a50aab80c6?s=96&d=mm&r=g","url":"https:\/\/secure.gravatar.com\/avatar\/7ca3206950207cc3cb48feec56a8a7898741ab725c368d99d5d7a5a50aab80c6?s=96&d=mm&r=g","contentUrl":"https:\/\/secure.gravatar.com\/avatar\/7ca3206950207cc3cb48feec56a8a7898741ab725c368d99d5d7a5a50aab80c6?s=96&d=mm&r=g","caption":"Thales Brand\u00e3o"},"description":"Editor Executivo do Portal CidadeMarketing.com.br &gt; Mestre em Comunica\u00e7\u00e3o e Sociedade pela Universidade Federal de Sergipe. Possui MBA Executivo em Administra\u00e7\u00e3o com \u00eanfase em Marketing pela Funda\u00e7\u00e3o Get\u00falio Vargas - Rio de Janeiro. Consultor, Palestrante e Pesquisador sobre Empreendedorismo, Marketing, Redes Sociais e Neg\u00f3cios Digitais. Professor, Palestrante TedxTalks e Campus Party. Twitter: @ThalesBrandao","sameAs":["http:\/\/www.mandacaru.com.br","https:\/\/www.facebook.com\/thalesbrandao","http:\/\/www.instagram.com.br\/thalesbrandaoferreira","https:\/\/www.linkedin.com\/in\/thales-brand\u00e3o-3948609\/","https:\/\/x.com\/http:\/\/www.twitter.com\/thalesbrandao"],"url":"https:\/\/www.cidademarketing.com.br\/marketing\/author\/thalesbrandao\/"}]}},"amp_enabled":true,"_links":{"self":[{"href":"https:\/\/www.cidademarketing.com.br\/marketing\/wp-json\/wp\/v2\/posts\/28692","targetHints":{"allow":["GET"]}}],"collection":[{"href":"https:\/\/www.cidademarketing.com.br\/marketing\/wp-json\/wp\/v2\/posts"}],"about":[{"href":"https:\/\/www.cidademarketing.com.br\/marketing\/wp-json\/wp\/v2\/types\/post"}],"author":[{"embeddable":true,"href":"https:\/\/www.cidademarketing.com.br\/marketing\/wp-json\/wp\/v2\/users\/1"}],"replies":[{"embeddable":true,"href":"https:\/\/www.cidademarketing.com.br\/marketing\/wp-json\/wp\/v2\/comments?post=28692"}],"version-history":[{"count":1,"href":"https:\/\/www.cidademarketing.com.br\/marketing\/wp-json\/wp\/v2\/posts\/28692\/revisions"}],"predecessor-version":[{"id":28694,"href":"https:\/\/www.cidademarketing.com.br\/marketing\/wp-json\/wp\/v2\/posts\/28692\/revisions\/28694"}],"wp:featuredmedia":[{"embeddable":true,"href":"https:\/\/www.cidademarketing.com.br\/marketing\/wp-json\/wp\/v2\/media\/28693"}],"wp:attachment":[{"href":"https:\/\/www.cidademarketing.com.br\/marketing\/wp-json\/wp\/v2\/media?parent=28692"}],"wp:term":[{"taxonomy":"category","embeddable":true,"href":"https:\/\/www.cidademarketing.com.br\/marketing\/wp-json\/wp\/v2\/categories?post=28692"},{"taxonomy":"post_tag","embeddable":true,"href":"https:\/\/www.cidademarketing.com.br\/marketing\/wp-json\/wp\/v2\/tags?post=28692"}],"curies":[{"name":"wp","href":"https:\/\/api.w.org\/{rel}","templated":true}]}}