{"id":28574,"date":"2021-09-04T00:54:30","date_gmt":"2021-09-04T03:54:30","guid":{"rendered":"https:\/\/www.cidademarketing.com.br\/marketing\/?p=28574"},"modified":"2021-09-04T00:54:32","modified_gmt":"2021-09-04T03:54:32","slug":"natura-gisele-bundchen-e-carol-ribeiro-participam-de-painel-sobre-sustentabilidade-por-dia-da-amazonia","status":"publish","type":"post","link":"https:\/\/www.cidademarketing.com.br\/marketing\/2021\/09\/04\/natura-gisele-bundchen-e-carol-ribeiro-participam-de-painel-sobre-sustentabilidade-por-dia-da-amazonia\/","title":{"rendered":"Natura: Gisele B\u00fcndchen e Carol Ribeiro participam de painel sobre sustentabilidade por Dia da Amaz\u00f4nia"},"content":{"rendered":"\n<p>Em celebra\u00e7\u00e3o ao Dia da Amaz\u00f4nia, 5 de setembro, a Natura promove painel especial sobre sustentabilidade. O painel \u201cGuardi\u00f5es da Floresta\u201d ser\u00e1 transmitido no dia 9 de setembro, \u00e0s 11h, no canal do Youtube da marca para o Brasil, Argentina, Chile, Peru, Col\u00f4mbia, M\u00e9xico e EUA &#8211; e tem como objetivo levar o debate sobre a necessidade de prote\u00e7\u00e3o da floresta. Para isso, a <strong>Natura <\/strong>convidou pessoas inspiradoras para um painel cheio de troca de experi\u00eancias e um s\u00f3 objetivo: defender a vida na floresta, porquen\u00e3o existe futuro para n\u00f3s sem a Amaz\u00f4nia Viva.<\/p>\n\n\n\n<p><\/p>\n\n\n\n<figure class=\"wp-block-gallery columns-2 is-cropped wp-block-gallery-1 is-layout-flex wp-block-gallery-is-layout-flex\"><ul class=\"blocks-gallery-grid\"><li class=\"blocks-gallery-item\"><figure><img fetchpriority=\"high\" decoding=\"async\" width=\"1024\" height=\"576\" src=\"https:\/\/www.cidademarketing.com.br\/marketing\/wp-content\/uploads\/2021\/09\/1_Natura_Frame_ArtistaCientista-1024x576.jpg\" alt=\"\" data-id=\"28575\" data-full-url=\"https:\/\/www.cidademarketing.com.br\/marketing\/wp-content\/uploads\/2021\/09\/1_Natura_Frame_ArtistaCientista.jpg\" data-link=\"https:\/\/www.cidademarketing.com.br\/marketing\/?attachment_id=28575\" class=\"wp-image-28575\" srcset=\"https:\/\/www.cidademarketing.com.br\/marketing\/wp-content\/uploads\/2021\/09\/1_Natura_Frame_ArtistaCientista-1024x576.jpg 1024w, https:\/\/www.cidademarketing.com.br\/marketing\/wp-content\/uploads\/2021\/09\/1_Natura_Frame_ArtistaCientista-300x169.jpg 300w, https:\/\/www.cidademarketing.com.br\/marketing\/wp-content\/uploads\/2021\/09\/1_Natura_Frame_ArtistaCientista-768x432.jpg 768w, https:\/\/www.cidademarketing.com.br\/marketing\/wp-content\/uploads\/2021\/09\/1_Natura_Frame_ArtistaCientista-1536x864.jpg 1536w, https:\/\/www.cidademarketing.com.br\/marketing\/wp-content\/uploads\/2021\/09\/1_Natura_Frame_ArtistaCientista-747x420.jpg 747w, https:\/\/www.cidademarketing.com.br\/marketing\/wp-content\/uploads\/2021\/09\/1_Natura_Frame_ArtistaCientista-640x360.jpg 640w, https:\/\/www.cidademarketing.com.br\/marketing\/wp-content\/uploads\/2021\/09\/1_Natura_Frame_ArtistaCientista-681x383.jpg 681w, https:\/\/www.cidademarketing.com.br\/marketing\/wp-content\/uploads\/2021\/09\/1_Natura_Frame_ArtistaCientista.jpg 1920w\" sizes=\"(max-width: 1024px) 100vw, 1024px\" \/><\/figure><\/li><li class=\"blocks-gallery-item\"><figure><img decoding=\"async\" width=\"1024\" height=\"576\" src=\"https:\/\/www.cidademarketing.com.br\/marketing\/wp-content\/uploads\/2021\/09\/2_Natura_Frame_Guardia-1024x576.jpg\" alt=\"\" data-id=\"28576\" data-full-url=\"https:\/\/www.cidademarketing.com.br\/marketing\/wp-content\/uploads\/2021\/09\/2_Natura_Frame_Guardia.jpg\" data-link=\"https:\/\/www.cidademarketing.com.br\/marketing\/?attachment_id=28576\" class=\"wp-image-28576\" srcset=\"https:\/\/www.cidademarketing.com.br\/marketing\/wp-content\/uploads\/2021\/09\/2_Natura_Frame_Guardia-1024x576.jpg 1024w, https:\/\/www.cidademarketing.com.br\/marketing\/wp-content\/uploads\/2021\/09\/2_Natura_Frame_Guardia-300x169.jpg 300w, https:\/\/www.cidademarketing.com.br\/marketing\/wp-content\/uploads\/2021\/09\/2_Natura_Frame_Guardia-768x432.jpg 768w, https:\/\/www.cidademarketing.com.br\/marketing\/wp-content\/uploads\/2021\/09\/2_Natura_Frame_Guardia-1536x864.jpg 1536w, https:\/\/www.cidademarketing.com.br\/marketing\/wp-content\/uploads\/2021\/09\/2_Natura_Frame_Guardia-747x420.jpg 747w, https:\/\/www.cidademarketing.com.br\/marketing\/wp-content\/uploads\/2021\/09\/2_Natura_Frame_Guardia-640x360.jpg 640w, https:\/\/www.cidademarketing.com.br\/marketing\/wp-content\/uploads\/2021\/09\/2_Natura_Frame_Guardia-681x383.jpg 681w, https:\/\/www.cidademarketing.com.br\/marketing\/wp-content\/uploads\/2021\/09\/2_Natura_Frame_Guardia.jpg 1920w\" sizes=\"(max-width: 1024px) 100vw, 1024px\" \/><\/figure><\/li><\/ul><\/figure>\n\n\n\n<p><\/p>\n\n\n\n<p>Em um painel mediado pela modelo e apresentadora <strong>Carol Ribeiro<\/strong>, o p\u00fablico poder\u00e1 saber mais sobre a atua\u00e7\u00e3o de<strong> Li\u00e8ge<\/strong> na prote\u00e7\u00e3o da floresta, cantora paraense que lan\u00e7ou recentemente o \u00e1lbum Ecdise. <strong>Jos\u00e9 Neto<\/strong>, ind\u00edgena Kaet\u00e9, pertencente \u00e0 Na\u00e7\u00e3o Tupinamb\u00e1, tamb\u00e9m \u00e9 um dos convidados. <strong>Jo\u00e3o Queiroz<\/strong>, ilustrador natural de Rond\u00f4nia, criador do projeto <em>Amazofuturismo <\/em>tamb\u00e9m dar\u00e1 a sua contribui\u00e7\u00e3o para a conversa. O empreendedor peruano <strong>Gian Piero Mubarak<\/strong> \u00e9 ecologista e influenciador pelo eco neg\u00f3cio, e tratar\u00e1 sua vis\u00e3o sobre o tema e a ativista argentina <strong>Nicole Becker<\/strong> tamb\u00e9m fez parte da conversa sobre a\u00e7\u00f5es positivas para a floresta. Representando a Natura, <strong>Andrea Alvares<\/strong>, Vice-Presidente de Marca, Inova\u00e7\u00e3o, Internacionaliza\u00e7\u00e3o e Sustentabilidade contar\u00e1 um pouco mais sobre a atua\u00e7\u00e3o e projetos da marca. <strong>Gisele B\u00fcndchen<\/strong>, embaixadora da causa Amaz\u00f4nia Viva e da marca Natura Ekos, tamb\u00e9m deixou o seu recado sobre sua luta pela defesa da floresta, em v\u00eddeo exclusivo.<\/p>\n\n\n\n<p><strong><u>SERVI\u00c7O<\/u><\/strong><\/p>\n\n\n\n<p><strong>Painel Guardi\u00f5es da Floresta<\/strong><\/p>\n\n\n\n<p><strong>Data: <\/strong>9 de setembro, quinta-feira, \u00e0s 11h<\/p>\n\n\n\n<p><strong>Youtube NaturaBrOficial:<\/strong> <a href=\"https:\/\/www.youtube.com\/user\/naturabemestarbem\"><strong>https:\/\/www.youtube.com\/user\/naturabemestarbem<\/strong><\/a><strong><\/strong><\/p>\n","protected":false},"excerpt":{"rendered":"<p>Em celebra\u00e7\u00e3o ao Dia da Amaz\u00f4nia, 5 de setembro, a Natura promove painel especial sobre sustentabilidade. O painel \u201cGuardi\u00f5es da Floresta\u201d ser\u00e1 transmitido no dia 9 de setembro, \u00e0s 11h, no canal do Youtube da marca para o Brasil, Argentina, Chile, Peru, Col\u00f4mbia, M\u00e9xico e EUA &#8211; e tem como objetivo levar o debate sobre [&hellip;]<\/p>\n","protected":false},"author":1,"featured_media":28577,"comment_status":"open","ping_status":"open","sticky":false,"template":"","format":"standard","meta":{"tdm_status":"","tdm_grid_status":"","footnotes":""},"categories":[6],"tags":[65,33,28,503,176],"class_list":["post-28574","post","type-post","status-publish","format-standard","has-post-thumbnail","hentry","category-noticias","tag-campanha","tag-estrategia","tag-marketing","tag-natura","tag-sustentabilidade"],"yoast_head":"<!-- This site is optimized with the Yoast SEO plugin v27.4 - https:\/\/yoast.com\/product\/yoast-seo-wordpress\/ -->\n<title>Natura: Gisele B\u00fcndchen e Carol Ribeiro participam de painel sobre sustentabilidade por Dia da Amaz\u00f4nia - CidadeMarketing<\/title>\n<meta name=\"robots\" content=\"index, follow, max-snippet:-1, max-image-preview:large, max-video-preview:-1\" \/>\n<link rel=\"canonical\" href=\"https:\/\/www.cidademarketing.com.br\/marketing\/2021\/09\/04\/natura-gisele-bundchen-e-carol-ribeiro-participam-de-painel-sobre-sustentabilidade-por-dia-da-amazonia\/\" \/>\n<meta property=\"og:locale\" content=\"pt_BR\" \/>\n<meta property=\"og:type\" content=\"article\" \/>\n<meta property=\"og:title\" content=\"Natura: Gisele B\u00fcndchen e Carol Ribeiro participam de painel sobre sustentabilidade por Dia da Amaz\u00f4nia - CidadeMarketing\" \/>\n<meta property=\"og:description\" content=\"Em celebra\u00e7\u00e3o ao Dia da Amaz\u00f4nia, 5 de setembro, a Natura promove painel especial sobre sustentabilidade. O painel \u201cGuardi\u00f5es da Floresta\u201d ser\u00e1 transmitido no dia 9 de setembro, \u00e0s 11h, no canal do Youtube da marca para o Brasil, Argentina, Chile, Peru, Col\u00f4mbia, M\u00e9xico e EUA &#8211; e tem como objetivo levar o debate sobre [&hellip;]\" \/>\n<meta property=\"og:url\" content=\"https:\/\/www.cidademarketing.com.br\/marketing\/2021\/09\/04\/natura-gisele-bundchen-e-carol-ribeiro-participam-de-painel-sobre-sustentabilidade-por-dia-da-amazonia\/\" \/>\n<meta property=\"og:site_name\" content=\"CidadeMarketing\" \/>\n<meta property=\"article:publisher\" content=\"https:\/\/www.facebook.com\/portalcidademarketing\" \/>\n<meta property=\"article:author\" content=\"https:\/\/www.facebook.com\/thalesbrandao\" \/>\n<meta property=\"article:published_time\" content=\"2021-09-04T03:54:30+00:00\" \/>\n<meta property=\"article:modified_time\" content=\"2021-09-04T03:54:32+00:00\" \/>\n<meta property=\"og:image\" content=\"https:\/\/www.cidademarketing.com.br\/marketing\/wp-content\/uploads\/2021\/09\/3_1_Natura_Frame_Influencer.jpg\" \/>\n\t<meta property=\"og:image:width\" content=\"1920\" \/>\n\t<meta property=\"og:image:height\" content=\"1080\" \/>\n\t<meta property=\"og:image:type\" content=\"image\/jpeg\" \/>\n<meta name=\"author\" content=\"Thales Brand\u00e3o\" \/>\n<meta name=\"twitter:card\" content=\"summary_large_image\" \/>\n<meta name=\"twitter:creator\" content=\"@http:\/\/www.twitter.com\/thalesbrandao\" \/>\n<meta name=\"twitter:site\" content=\"@CidadeMarketing\" \/>\n<meta name=\"twitter:label1\" content=\"Escrito por\" \/>\n\t<meta name=\"twitter:data1\" content=\"Thales Brand\u00e3o\" \/>\n\t<meta name=\"twitter:label2\" content=\"Est. tempo de leitura\" \/>\n\t<meta name=\"twitter:data2\" content=\"1 minuto\" \/>\n<script type=\"application\/ld+json\" class=\"yoast-schema-graph\">{\"@context\":\"https:\\\/\\\/schema.org\",\"@graph\":[{\"@type\":\"Article\",\"@id\":\"https:\\\/\\\/www.cidademarketing.com.br\\\/marketing\\\/2021\\\/09\\\/04\\\/natura-gisele-bundchen-e-carol-ribeiro-participam-de-painel-sobre-sustentabilidade-por-dia-da-amazonia\\\/#article\",\"isPartOf\":{\"@id\":\"https:\\\/\\\/www.cidademarketing.com.br\\\/marketing\\\/2021\\\/09\\\/04\\\/natura-gisele-bundchen-e-carol-ribeiro-participam-de-painel-sobre-sustentabilidade-por-dia-da-amazonia\\\/\"},\"author\":{\"name\":\"Thales Brand\u00e3o\",\"@id\":\"https:\\\/\\\/www.cidademarketing.com.br\\\/marketing\\\/#\\\/schema\\\/person\\\/02daff9f18bd9378c9e01eb6b2db155f\"},\"headline\":\"Natura: Gisele B\u00fcndchen e Carol Ribeiro participam de painel sobre sustentabilidade por Dia da Amaz\u00f4nia\",\"datePublished\":\"2021-09-04T03:54:30+00:00\",\"dateModified\":\"2021-09-04T03:54:32+00:00\",\"mainEntityOfPage\":{\"@id\":\"https:\\\/\\\/www.cidademarketing.com.br\\\/marketing\\\/2021\\\/09\\\/04\\\/natura-gisele-bundchen-e-carol-ribeiro-participam-de-painel-sobre-sustentabilidade-por-dia-da-amazonia\\\/\"},\"wordCount\":310,\"commentCount\":0,\"publisher\":{\"@id\":\"https:\\\/\\\/www.cidademarketing.com.br\\\/marketing\\\/#organization\"},\"image\":{\"@id\":\"https:\\\/\\\/www.cidademarketing.com.br\\\/marketing\\\/2021\\\/09\\\/04\\\/natura-gisele-bundchen-e-carol-ribeiro-participam-de-painel-sobre-sustentabilidade-por-dia-da-amazonia\\\/#primaryimage\"},\"thumbnailUrl\":\"https:\\\/\\\/www.cidademarketing.com.br\\\/marketing\\\/wp-content\\\/uploads\\\/2021\\\/09\\\/3_1_Natura_Frame_Influencer.jpg\",\"keywords\":[\"campanha\",\"estrat\u00e9gia\",\"marketing\",\"Natura\",\"sustentabilidade\"],\"articleSection\":[\"Not\u00edcias\"],\"inLanguage\":\"pt-BR\",\"potentialAction\":[{\"@type\":\"CommentAction\",\"name\":\"Comment\",\"target\":[\"https:\\\/\\\/www.cidademarketing.com.br\\\/marketing\\\/2021\\\/09\\\/04\\\/natura-gisele-bundchen-e-carol-ribeiro-participam-de-painel-sobre-sustentabilidade-por-dia-da-amazonia\\\/#respond\"]}]},{\"@type\":\"WebPage\",\"@id\":\"https:\\\/\\\/www.cidademarketing.com.br\\\/marketing\\\/2021\\\/09\\\/04\\\/natura-gisele-bundchen-e-carol-ribeiro-participam-de-painel-sobre-sustentabilidade-por-dia-da-amazonia\\\/\",\"url\":\"https:\\\/\\\/www.cidademarketing.com.br\\\/marketing\\\/2021\\\/09\\\/04\\\/natura-gisele-bundchen-e-carol-ribeiro-participam-de-painel-sobre-sustentabilidade-por-dia-da-amazonia\\\/\",\"name\":\"Natura: Gisele B\u00fcndchen e Carol Ribeiro participam de painel sobre sustentabilidade por Dia da Amaz\u00f4nia - CidadeMarketing\",\"isPartOf\":{\"@id\":\"https:\\\/\\\/www.cidademarketing.com.br\\\/marketing\\\/#website\"},\"primaryImageOfPage\":{\"@id\":\"https:\\\/\\\/www.cidademarketing.com.br\\\/marketing\\\/2021\\\/09\\\/04\\\/natura-gisele-bundchen-e-carol-ribeiro-participam-de-painel-sobre-sustentabilidade-por-dia-da-amazonia\\\/#primaryimage\"},\"image\":{\"@id\":\"https:\\\/\\\/www.cidademarketing.com.br\\\/marketing\\\/2021\\\/09\\\/04\\\/natura-gisele-bundchen-e-carol-ribeiro-participam-de-painel-sobre-sustentabilidade-por-dia-da-amazonia\\\/#primaryimage\"},\"thumbnailUrl\":\"https:\\\/\\\/www.cidademarketing.com.br\\\/marketing\\\/wp-content\\\/uploads\\\/2021\\\/09\\\/3_1_Natura_Frame_Influencer.jpg\",\"datePublished\":\"2021-09-04T03:54:30+00:00\",\"dateModified\":\"2021-09-04T03:54:32+00:00\",\"breadcrumb\":{\"@id\":\"https:\\\/\\\/www.cidademarketing.com.br\\\/marketing\\\/2021\\\/09\\\/04\\\/natura-gisele-bundchen-e-carol-ribeiro-participam-de-painel-sobre-sustentabilidade-por-dia-da-amazonia\\\/#breadcrumb\"},\"inLanguage\":\"pt-BR\",\"potentialAction\":[{\"@type\":\"ReadAction\",\"target\":[\"https:\\\/\\\/www.cidademarketing.com.br\\\/marketing\\\/2021\\\/09\\\/04\\\/natura-gisele-bundchen-e-carol-ribeiro-participam-de-painel-sobre-sustentabilidade-por-dia-da-amazonia\\\/\"]}]},{\"@type\":\"ImageObject\",\"inLanguage\":\"pt-BR\",\"@id\":\"https:\\\/\\\/www.cidademarketing.com.br\\\/marketing\\\/2021\\\/09\\\/04\\\/natura-gisele-bundchen-e-carol-ribeiro-participam-de-painel-sobre-sustentabilidade-por-dia-da-amazonia\\\/#primaryimage\",\"url\":\"https:\\\/\\\/www.cidademarketing.com.br\\\/marketing\\\/wp-content\\\/uploads\\\/2021\\\/09\\\/3_1_Natura_Frame_Influencer.jpg\",\"contentUrl\":\"https:\\\/\\\/www.cidademarketing.com.br\\\/marketing\\\/wp-content\\\/uploads\\\/2021\\\/09\\\/3_1_Natura_Frame_Influencer.jpg\",\"width\":1920,\"height\":1080},{\"@type\":\"BreadcrumbList\",\"@id\":\"https:\\\/\\\/www.cidademarketing.com.br\\\/marketing\\\/2021\\\/09\\\/04\\\/natura-gisele-bundchen-e-carol-ribeiro-participam-de-painel-sobre-sustentabilidade-por-dia-da-amazonia\\\/#breadcrumb\",\"itemListElement\":[{\"@type\":\"ListItem\",\"position\":1,\"name\":\"In\u00edcio\",\"item\":\"https:\\\/\\\/www.cidademarketing.com.br\\\/marketing\\\/\"},{\"@type\":\"ListItem\",\"position\":2,\"name\":\"Natura: Gisele B\u00fcndchen e Carol Ribeiro participam de painel sobre sustentabilidade por Dia da Amaz\u00f4nia\"}]},{\"@type\":\"WebSite\",\"@id\":\"https:\\\/\\\/www.cidademarketing.com.br\\\/marketing\\\/#website\",\"url\":\"https:\\\/\\\/www.cidademarketing.com.br\\\/marketing\\\/\",\"name\":\"CidadeMarketing\",\"description\":\"Somos um ve\u00edculo de comunica\u00e7\u00e3o de destaque no Brasil, reconhecido por conte\u00fados nos segmentos de marketing, empreendedorismo e inova\u00e7\u00e3o.\",\"publisher\":{\"@id\":\"https:\\\/\\\/www.cidademarketing.com.br\\\/marketing\\\/#organization\"},\"alternateName\":\"CidadeMarketing\",\"potentialAction\":[{\"@type\":\"SearchAction\",\"target\":{\"@type\":\"EntryPoint\",\"urlTemplate\":\"https:\\\/\\\/www.cidademarketing.com.br\\\/marketing\\\/?s={search_term_string}\"},\"query-input\":{\"@type\":\"PropertyValueSpecification\",\"valueRequired\":true,\"valueName\":\"search_term_string\"}}],\"inLanguage\":\"pt-BR\"},{\"@type\":\"Organization\",\"@id\":\"https:\\\/\\\/www.cidademarketing.com.br\\\/marketing\\\/#organization\",\"name\":\"CidadeMarketing\",\"alternateName\":\"CidadeMarketing\",\"url\":\"https:\\\/\\\/www.cidademarketing.com.br\\\/marketing\\\/\",\"logo\":{\"@type\":\"ImageObject\",\"inLanguage\":\"pt-BR\",\"@id\":\"https:\\\/\\\/www.cidademarketing.com.br\\\/marketing\\\/#\\\/schema\\\/logo\\\/image\\\/\",\"url\":\"https:\\\/\\\/www.cidademarketing.com.br\\\/marketing\\\/wp-content\\\/uploads\\\/2020\\\/01\\\/cidademarketing_marca_mobile.png\",\"contentUrl\":\"https:\\\/\\\/www.cidademarketing.com.br\\\/marketing\\\/wp-content\\\/uploads\\\/2020\\\/01\\\/cidademarketing_marca_mobile.png\",\"width\":230,\"height\":92,\"caption\":\"CidadeMarketing\"},\"image\":{\"@id\":\"https:\\\/\\\/www.cidademarketing.com.br\\\/marketing\\\/#\\\/schema\\\/logo\\\/image\\\/\"},\"sameAs\":[\"https:\\\/\\\/www.facebook.com\\\/portalcidademarketing\",\"https:\\\/\\\/x.com\\\/CidadeMarketing\",\"https:\\\/\\\/www.instagram.com\\\/cidademarketing\\\/\"]},{\"@type\":\"Person\",\"@id\":\"https:\\\/\\\/www.cidademarketing.com.br\\\/marketing\\\/#\\\/schema\\\/person\\\/02daff9f18bd9378c9e01eb6b2db155f\",\"name\":\"Thales Brand\u00e3o\",\"image\":{\"@type\":\"ImageObject\",\"inLanguage\":\"pt-BR\",\"@id\":\"https:\\\/\\\/secure.gravatar.com\\\/avatar\\\/7ca3206950207cc3cb48feec56a8a7898741ab725c368d99d5d7a5a50aab80c6?s=96&d=mm&r=g\",\"url\":\"https:\\\/\\\/secure.gravatar.com\\\/avatar\\\/7ca3206950207cc3cb48feec56a8a7898741ab725c368d99d5d7a5a50aab80c6?s=96&d=mm&r=g\",\"contentUrl\":\"https:\\\/\\\/secure.gravatar.com\\\/avatar\\\/7ca3206950207cc3cb48feec56a8a7898741ab725c368d99d5d7a5a50aab80c6?s=96&d=mm&r=g\",\"caption\":\"Thales Brand\u00e3o\"},\"description\":\"Editor Executivo do Portal CidadeMarketing.com.br &gt; Mestre em Comunica\u00e7\u00e3o e Sociedade pela Universidade Federal de Sergipe. Possui MBA Executivo em Administra\u00e7\u00e3o com \u00eanfase em Marketing pela Funda\u00e7\u00e3o Get\u00falio Vargas - Rio de Janeiro. Consultor, Palestrante e Pesquisador sobre Empreendedorismo, Marketing, Redes Sociais e Neg\u00f3cios Digitais. Professor, Palestrante TedxTalks e Campus Party. Twitter: @ThalesBrandao\",\"sameAs\":[\"http:\\\/\\\/www.mandacaru.com.br\",\"https:\\\/\\\/www.facebook.com\\\/thalesbrandao\",\"http:\\\/\\\/www.instagram.com.br\\\/thalesbrandaoferreira\",\"https:\\\/\\\/www.linkedin.com\\\/in\\\/thales-brand\u00e3o-3948609\\\/\",\"https:\\\/\\\/x.com\\\/http:\\\/\\\/www.twitter.com\\\/thalesbrandao\"],\"url\":\"https:\\\/\\\/www.cidademarketing.com.br\\\/marketing\\\/author\\\/thalesbrandao\\\/\"}]}<\/script>\n<!-- \/ Yoast SEO plugin. -->","yoast_head_json":{"title":"Natura: Gisele B\u00fcndchen e Carol Ribeiro participam de painel sobre sustentabilidade por Dia da Amaz\u00f4nia - CidadeMarketing","robots":{"index":"index","follow":"follow","max-snippet":"max-snippet:-1","max-image-preview":"max-image-preview:large","max-video-preview":"max-video-preview:-1"},"canonical":"https:\/\/www.cidademarketing.com.br\/marketing\/2021\/09\/04\/natura-gisele-bundchen-e-carol-ribeiro-participam-de-painel-sobre-sustentabilidade-por-dia-da-amazonia\/","og_locale":"pt_BR","og_type":"article","og_title":"Natura: Gisele B\u00fcndchen e Carol Ribeiro participam de painel sobre sustentabilidade por Dia da Amaz\u00f4nia - CidadeMarketing","og_description":"Em celebra\u00e7\u00e3o ao Dia da Amaz\u00f4nia, 5 de setembro, a Natura promove painel especial sobre sustentabilidade. O painel \u201cGuardi\u00f5es da Floresta\u201d ser\u00e1 transmitido no dia 9 de setembro, \u00e0s 11h, no canal do Youtube da marca para o Brasil, Argentina, Chile, Peru, Col\u00f4mbia, M\u00e9xico e EUA &#8211; e tem como objetivo levar o debate sobre [&hellip;]","og_url":"https:\/\/www.cidademarketing.com.br\/marketing\/2021\/09\/04\/natura-gisele-bundchen-e-carol-ribeiro-participam-de-painel-sobre-sustentabilidade-por-dia-da-amazonia\/","og_site_name":"CidadeMarketing","article_publisher":"https:\/\/www.facebook.com\/portalcidademarketing","article_author":"https:\/\/www.facebook.com\/thalesbrandao","article_published_time":"2021-09-04T03:54:30+00:00","article_modified_time":"2021-09-04T03:54:32+00:00","og_image":[{"width":1920,"height":1080,"url":"https:\/\/www.cidademarketing.com.br\/marketing\/wp-content\/uploads\/2021\/09\/3_1_Natura_Frame_Influencer.jpg","type":"image\/jpeg"}],"author":"Thales Brand\u00e3o","twitter_card":"summary_large_image","twitter_creator":"@http:\/\/www.twitter.com\/thalesbrandao","twitter_site":"@CidadeMarketing","twitter_misc":{"Escrito por":"Thales Brand\u00e3o","Est. tempo de leitura":"1 minuto"},"schema":{"@context":"https:\/\/schema.org","@graph":[{"@type":"Article","@id":"https:\/\/www.cidademarketing.com.br\/marketing\/2021\/09\/04\/natura-gisele-bundchen-e-carol-ribeiro-participam-de-painel-sobre-sustentabilidade-por-dia-da-amazonia\/#article","isPartOf":{"@id":"https:\/\/www.cidademarketing.com.br\/marketing\/2021\/09\/04\/natura-gisele-bundchen-e-carol-ribeiro-participam-de-painel-sobre-sustentabilidade-por-dia-da-amazonia\/"},"author":{"name":"Thales Brand\u00e3o","@id":"https:\/\/www.cidademarketing.com.br\/marketing\/#\/schema\/person\/02daff9f18bd9378c9e01eb6b2db155f"},"headline":"Natura: Gisele B\u00fcndchen e Carol Ribeiro participam de painel sobre sustentabilidade por Dia da Amaz\u00f4nia","datePublished":"2021-09-04T03:54:30+00:00","dateModified":"2021-09-04T03:54:32+00:00","mainEntityOfPage":{"@id":"https:\/\/www.cidademarketing.com.br\/marketing\/2021\/09\/04\/natura-gisele-bundchen-e-carol-ribeiro-participam-de-painel-sobre-sustentabilidade-por-dia-da-amazonia\/"},"wordCount":310,"commentCount":0,"publisher":{"@id":"https:\/\/www.cidademarketing.com.br\/marketing\/#organization"},"image":{"@id":"https:\/\/www.cidademarketing.com.br\/marketing\/2021\/09\/04\/natura-gisele-bundchen-e-carol-ribeiro-participam-de-painel-sobre-sustentabilidade-por-dia-da-amazonia\/#primaryimage"},"thumbnailUrl":"https:\/\/www.cidademarketing.com.br\/marketing\/wp-content\/uploads\/2021\/09\/3_1_Natura_Frame_Influencer.jpg","keywords":["campanha","estrat\u00e9gia","marketing","Natura","sustentabilidade"],"articleSection":["Not\u00edcias"],"inLanguage":"pt-BR","potentialAction":[{"@type":"CommentAction","name":"Comment","target":["https:\/\/www.cidademarketing.com.br\/marketing\/2021\/09\/04\/natura-gisele-bundchen-e-carol-ribeiro-participam-de-painel-sobre-sustentabilidade-por-dia-da-amazonia\/#respond"]}]},{"@type":"WebPage","@id":"https:\/\/www.cidademarketing.com.br\/marketing\/2021\/09\/04\/natura-gisele-bundchen-e-carol-ribeiro-participam-de-painel-sobre-sustentabilidade-por-dia-da-amazonia\/","url":"https:\/\/www.cidademarketing.com.br\/marketing\/2021\/09\/04\/natura-gisele-bundchen-e-carol-ribeiro-participam-de-painel-sobre-sustentabilidade-por-dia-da-amazonia\/","name":"Natura: Gisele B\u00fcndchen e Carol Ribeiro participam de painel sobre sustentabilidade por Dia da Amaz\u00f4nia - CidadeMarketing","isPartOf":{"@id":"https:\/\/www.cidademarketing.com.br\/marketing\/#website"},"primaryImageOfPage":{"@id":"https:\/\/www.cidademarketing.com.br\/marketing\/2021\/09\/04\/natura-gisele-bundchen-e-carol-ribeiro-participam-de-painel-sobre-sustentabilidade-por-dia-da-amazonia\/#primaryimage"},"image":{"@id":"https:\/\/www.cidademarketing.com.br\/marketing\/2021\/09\/04\/natura-gisele-bundchen-e-carol-ribeiro-participam-de-painel-sobre-sustentabilidade-por-dia-da-amazonia\/#primaryimage"},"thumbnailUrl":"https:\/\/www.cidademarketing.com.br\/marketing\/wp-content\/uploads\/2021\/09\/3_1_Natura_Frame_Influencer.jpg","datePublished":"2021-09-04T03:54:30+00:00","dateModified":"2021-09-04T03:54:32+00:00","breadcrumb":{"@id":"https:\/\/www.cidademarketing.com.br\/marketing\/2021\/09\/04\/natura-gisele-bundchen-e-carol-ribeiro-participam-de-painel-sobre-sustentabilidade-por-dia-da-amazonia\/#breadcrumb"},"inLanguage":"pt-BR","potentialAction":[{"@type":"ReadAction","target":["https:\/\/www.cidademarketing.com.br\/marketing\/2021\/09\/04\/natura-gisele-bundchen-e-carol-ribeiro-participam-de-painel-sobre-sustentabilidade-por-dia-da-amazonia\/"]}]},{"@type":"ImageObject","inLanguage":"pt-BR","@id":"https:\/\/www.cidademarketing.com.br\/marketing\/2021\/09\/04\/natura-gisele-bundchen-e-carol-ribeiro-participam-de-painel-sobre-sustentabilidade-por-dia-da-amazonia\/#primaryimage","url":"https:\/\/www.cidademarketing.com.br\/marketing\/wp-content\/uploads\/2021\/09\/3_1_Natura_Frame_Influencer.jpg","contentUrl":"https:\/\/www.cidademarketing.com.br\/marketing\/wp-content\/uploads\/2021\/09\/3_1_Natura_Frame_Influencer.jpg","width":1920,"height":1080},{"@type":"BreadcrumbList","@id":"https:\/\/www.cidademarketing.com.br\/marketing\/2021\/09\/04\/natura-gisele-bundchen-e-carol-ribeiro-participam-de-painel-sobre-sustentabilidade-por-dia-da-amazonia\/#breadcrumb","itemListElement":[{"@type":"ListItem","position":1,"name":"In\u00edcio","item":"https:\/\/www.cidademarketing.com.br\/marketing\/"},{"@type":"ListItem","position":2,"name":"Natura: Gisele B\u00fcndchen e Carol Ribeiro participam de painel sobre sustentabilidade por Dia da Amaz\u00f4nia"}]},{"@type":"WebSite","@id":"https:\/\/www.cidademarketing.com.br\/marketing\/#website","url":"https:\/\/www.cidademarketing.com.br\/marketing\/","name":"CidadeMarketing","description":"Somos um ve\u00edculo de comunica\u00e7\u00e3o de destaque no Brasil, reconhecido por conte\u00fados nos segmentos de marketing, empreendedorismo e inova\u00e7\u00e3o.","publisher":{"@id":"https:\/\/www.cidademarketing.com.br\/marketing\/#organization"},"alternateName":"CidadeMarketing","potentialAction":[{"@type":"SearchAction","target":{"@type":"EntryPoint","urlTemplate":"https:\/\/www.cidademarketing.com.br\/marketing\/?s={search_term_string}"},"query-input":{"@type":"PropertyValueSpecification","valueRequired":true,"valueName":"search_term_string"}}],"inLanguage":"pt-BR"},{"@type":"Organization","@id":"https:\/\/www.cidademarketing.com.br\/marketing\/#organization","name":"CidadeMarketing","alternateName":"CidadeMarketing","url":"https:\/\/www.cidademarketing.com.br\/marketing\/","logo":{"@type":"ImageObject","inLanguage":"pt-BR","@id":"https:\/\/www.cidademarketing.com.br\/marketing\/#\/schema\/logo\/image\/","url":"https:\/\/www.cidademarketing.com.br\/marketing\/wp-content\/uploads\/2020\/01\/cidademarketing_marca_mobile.png","contentUrl":"https:\/\/www.cidademarketing.com.br\/marketing\/wp-content\/uploads\/2020\/01\/cidademarketing_marca_mobile.png","width":230,"height":92,"caption":"CidadeMarketing"},"image":{"@id":"https:\/\/www.cidademarketing.com.br\/marketing\/#\/schema\/logo\/image\/"},"sameAs":["https:\/\/www.facebook.com\/portalcidademarketing","https:\/\/x.com\/CidadeMarketing","https:\/\/www.instagram.com\/cidademarketing\/"]},{"@type":"Person","@id":"https:\/\/www.cidademarketing.com.br\/marketing\/#\/schema\/person\/02daff9f18bd9378c9e01eb6b2db155f","name":"Thales Brand\u00e3o","image":{"@type":"ImageObject","inLanguage":"pt-BR","@id":"https:\/\/secure.gravatar.com\/avatar\/7ca3206950207cc3cb48feec56a8a7898741ab725c368d99d5d7a5a50aab80c6?s=96&d=mm&r=g","url":"https:\/\/secure.gravatar.com\/avatar\/7ca3206950207cc3cb48feec56a8a7898741ab725c368d99d5d7a5a50aab80c6?s=96&d=mm&r=g","contentUrl":"https:\/\/secure.gravatar.com\/avatar\/7ca3206950207cc3cb48feec56a8a7898741ab725c368d99d5d7a5a50aab80c6?s=96&d=mm&r=g","caption":"Thales Brand\u00e3o"},"description":"Editor Executivo do Portal CidadeMarketing.com.br &gt; Mestre em Comunica\u00e7\u00e3o e Sociedade pela Universidade Federal de Sergipe. Possui MBA Executivo em Administra\u00e7\u00e3o com \u00eanfase em Marketing pela Funda\u00e7\u00e3o Get\u00falio Vargas - Rio de Janeiro. Consultor, Palestrante e Pesquisador sobre Empreendedorismo, Marketing, Redes Sociais e Neg\u00f3cios Digitais. Professor, Palestrante TedxTalks e Campus Party. Twitter: @ThalesBrandao","sameAs":["http:\/\/www.mandacaru.com.br","https:\/\/www.facebook.com\/thalesbrandao","http:\/\/www.instagram.com.br\/thalesbrandaoferreira","https:\/\/www.linkedin.com\/in\/thales-brand\u00e3o-3948609\/","https:\/\/x.com\/http:\/\/www.twitter.com\/thalesbrandao"],"url":"https:\/\/www.cidademarketing.com.br\/marketing\/author\/thalesbrandao\/"}]}},"amp_enabled":true,"_links":{"self":[{"href":"https:\/\/www.cidademarketing.com.br\/marketing\/wp-json\/wp\/v2\/posts\/28574","targetHints":{"allow":["GET"]}}],"collection":[{"href":"https:\/\/www.cidademarketing.com.br\/marketing\/wp-json\/wp\/v2\/posts"}],"about":[{"href":"https:\/\/www.cidademarketing.com.br\/marketing\/wp-json\/wp\/v2\/types\/post"}],"author":[{"embeddable":true,"href":"https:\/\/www.cidademarketing.com.br\/marketing\/wp-json\/wp\/v2\/users\/1"}],"replies":[{"embeddable":true,"href":"https:\/\/www.cidademarketing.com.br\/marketing\/wp-json\/wp\/v2\/comments?post=28574"}],"version-history":[{"count":1,"href":"https:\/\/www.cidademarketing.com.br\/marketing\/wp-json\/wp\/v2\/posts\/28574\/revisions"}],"predecessor-version":[{"id":28578,"href":"https:\/\/www.cidademarketing.com.br\/marketing\/wp-json\/wp\/v2\/posts\/28574\/revisions\/28578"}],"wp:featuredmedia":[{"embeddable":true,"href":"https:\/\/www.cidademarketing.com.br\/marketing\/wp-json\/wp\/v2\/media\/28577"}],"wp:attachment":[{"href":"https:\/\/www.cidademarketing.com.br\/marketing\/wp-json\/wp\/v2\/media?parent=28574"}],"wp:term":[{"taxonomy":"category","embeddable":true,"href":"https:\/\/www.cidademarketing.com.br\/marketing\/wp-json\/wp\/v2\/categories?post=28574"},{"taxonomy":"post_tag","embeddable":true,"href":"https:\/\/www.cidademarketing.com.br\/marketing\/wp-json\/wp\/v2\/tags?post=28574"}],"curies":[{"name":"wp","href":"https:\/\/api.w.org\/{rel}","templated":true}]}}