{"id":28443,"date":"2021-09-02T20:49:17","date_gmt":"2021-09-02T23:49:17","guid":{"rendered":"https:\/\/www.cidademarketing.com.br\/marketing\/?p=28443"},"modified":"2021-09-02T20:51:36","modified_gmt":"2021-09-02T23:51:36","slug":"vivo-amplia-projeto-de-geracao-distribuida-de-energia-e-preve-implantar-83-usinas-em-todo-o-pais","status":"publish","type":"post","link":"https:\/\/www.cidademarketing.com.br\/marketing\/2021\/09\/02\/vivo-amplia-projeto-de-geracao-distribuida-de-energia-e-preve-implantar-83-usinas-em-todo-o-pais\/","title":{"rendered":"Vivo amplia projeto de gera\u00e7\u00e3o distribu\u00edda de energia e prev\u00ea implantar 83 usinas em todo o pa\u00eds"},"content":{"rendered":"\n<p>Empresa neutra em emiss\u00f5es de carbono e com consumo de energia 100% renov\u00e1vel, a Vivo ir\u00e1 expandir seu projeto de gera\u00e7\u00e3o distribu\u00edda e ampliar, de 70 para 83, o n\u00famero de usinas de fontes solar, h\u00eddrica e de biog\u00e1s, que ser\u00e3o implantadas todas as regi\u00f5es do Brasil. A empresa tamb\u00e9m inaugurou em Quissam\u00e3-RJ, duas novas usinas de fonte solar, as primeiras desta modalidade no estado do Rio e chega a 19 usinas em opera\u00e7\u00e3o em diferentes regi\u00f5es do pa\u00eds. Constru\u00eddas e operadas pela Athon Energia, uma das parceiras da Vivo no projeto em GD, as Usinas Quissam\u00e3 100 e 200 s\u00e3o financiadas por linha de cr\u00e9dito sustent\u00e1vel, os chamados <em>green bonds<\/em>, certificados de melhores pr\u00e1ticas ESG.<\/p>\n\n\n\n<p>Juntas, as duas usinas possuem 4,8 mil pain\u00e9is solares, em \u00e1rea de 10 hectares e capacidade de 2 MW. Cerca de 90 empregos foram gerados durante a constru\u00e7\u00e3o. Na fase de opera\u00e7\u00e3o da usina ser\u00e3o 12 empregos. As usinas ir\u00e3o atender unidades consumidoras da Vivo no Rio de Janeiro, como lojas, esta\u00e7\u00f5es r\u00e1dio base e escrit\u00f3rios.&nbsp;Com estas novas usinas, j\u00e1 s\u00e3o tr\u00eas plantas de gera\u00e7\u00e3o distribu\u00edda inauguradas no estado. Nos pr\u00f3ximos meses, o Rio de Janeiro receber\u00e1 mais cinco usinas da Vivo, totalizando 8 plantas geradoras, sendo cinco de fonte solar, duas de biog\u00e1s e uma de fonte h\u00eddrica.<\/p>\n\n\n\n<p>&nbsp;\u201cA amplia\u00e7\u00e3o do nosso projeto de gera\u00e7\u00e3o distribu\u00edda \u00e9 um passo importante que demonstra o compromisso da Vivo com o desenvolvimento sustent\u00e1vel e com as melhores pr\u00e1ticas ESG\u201d, revela o diretor de Patrim\u00f4nio da Vivo, Caio Guimar\u00e3es. A produ\u00e7\u00e3o de energia renov\u00e1vel no modelo de gera\u00e7\u00e3o distribu\u00edda traz benef\u00edcios econ\u00f4micos, sociais e ambientais, pois contribui para minimizar perdas no sistema, alivia a carga da rede, evita impacto no meio ambiente e ainda incentiva o desenvolvimento local. No modelo de gera\u00e7\u00e3o distribu\u00edda, a produ\u00e7\u00e3o de energia das usinas, que ficam localizadas mais pr\u00f3ximas aos pontos consumidores das empresas, \u00e9 injetada na rede de distribui\u00e7\u00e3o da concession\u00e1ria local, neste caso a Enel RJ.<\/p>\n\n\n\n<p><strong>Consumo<\/strong><\/p>\n\n\n\n<p>O projeto de gera\u00e7\u00e3o distribu\u00edda da Vivo responder\u00e1 por 89% do seu consumo em baixa tens\u00e3o, atendendo mais de 30 mil unidades da empresa. Al\u00e9m de contribuir com o meio ambiente, por ser renov\u00e1vel e de baixo impacto, a medida tamb\u00e9m gera economia nos gastos com energia. Com a amplia\u00e7\u00e3o do projeto e todas as usinas operando, o que deve acontecer at\u00e9 meados de 2022, a Vivo produzir\u00e1 cerca de 711 mil MWh\/ano de energia, o suficiente para abastecer todo o consumo de uma cidade de at\u00e9 320 mil habitantes.&nbsp;<\/p>\n\n\n\n<p><strong>Trajet\u00f3ria renov\u00e1vel<\/strong><\/p>\n\n\n\n<p>Em 2019, a Vivo se tornou a primeira empresa do setor a utilizar energia 100% renov\u00e1vel, quando migrou de um cen\u00e1rio com consumo de 26% de energia proveniente de fontes renov\u00e1veis \u2013 obtidas tanto no mercado livre como em gera\u00e7\u00e3o distribu\u00edda &#8211;&nbsp;para 100%, por meio da aquisi\u00e7\u00e3o de certificados de energia, os I-RECs (<em>International Renewable Energy Certificates<\/em>) de fonte e\u00f3lica para o restante do consumo de energia el\u00e9trica. A aquisi\u00e7\u00e3o dos certificados permitiu \u00e0 Vivo antecipar em 12 anos sua meta de ser renov\u00e1vel, prevista para 2030.&nbsp;<\/p>\n\n\n\n<p>O uso de energia renov\u00e1vel contribuiu para que a Vivo reduzisse em 70% as suas emiss\u00f5es de CO2 com rela\u00e7\u00e3o a 2015, e tamb\u00e9m viabilizou \u00e0 empresa importante avan\u00e7o para neutralizar suas emiss\u00f5es dos gases causadores do efeito estufa. \u201cO consumo de energia \u00e9 considerado o principal respons\u00e1vel pelas emiss\u00f5es de CO2 no setor de telecomunica\u00e7\u00f5es. Por isso, iniciativas em inova\u00e7\u00e3o nessa \u00e1rea, como a gera\u00e7\u00e3o distribu\u00edda de energia, s\u00e3o t\u00e3o importantes\u201d, refor\u00e7a Guimar\u00e3es. A compra de IRecs pela Vivo deve reduzir gradativamente, \u00e0 medida em que ocorre a esta migra\u00e7\u00e3o para gera\u00e7\u00e3o distribu\u00edda. Para o futuro, a empresa tem o desafio ambiental como grupo Telef\u00f4nica, de reduzir em 90% o consumo de energia por unidade de tr\u00e1fego em sua rede, at\u00e9 2025, na compara\u00e7\u00e3o com 2015. Em 2020, o total de energia economizada no ano pela Vivo foi de 38.620 MWh&nbsp;e o consumo de energia por dado trafegado na sua rede reduziu 27%.<\/p>\n","protected":false},"excerpt":{"rendered":"<p>Empresa neutra em emiss\u00f5es de carbono e com consumo de energia 100% renov\u00e1vel, a Vivo ir\u00e1 expandir seu projeto de gera\u00e7\u00e3o distribu\u00edda e ampliar, de 70 para 83, o n\u00famero de usinas de fontes solar, h\u00eddrica e de biog\u00e1s, que ser\u00e3o implantadas todas as regi\u00f5es do Brasil. A empresa tamb\u00e9m inaugurou em Quissam\u00e3-RJ, duas novas [&hellip;]<\/p>\n","protected":false},"author":1,"featured_media":28445,"comment_status":"open","ping_status":"open","sticky":false,"template":"","format":"standard","meta":{"tdm_status":"","tdm_grid_status":"","footnotes":""},"categories":[6],"tags":[190,28,176,119],"class_list":["post-28443","post","type-post","status-publish","format-standard","has-post-thumbnail","hentry","category-noticias","tag-energia","tag-marketing","tag-sustentabilidade","tag-vivo"],"yoast_head":"<!-- This site is optimized with the Yoast SEO plugin v27.4 - https:\/\/yoast.com\/product\/yoast-seo-wordpress\/ -->\n<title>Vivo amplia projeto de gera\u00e7\u00e3o distribu\u00edda de energia e prev\u00ea implantar 83 usinas em todo o pa\u00eds - CidadeMarketing<\/title>\n<meta name=\"robots\" content=\"index, follow, max-snippet:-1, max-image-preview:large, max-video-preview:-1\" \/>\n<link rel=\"canonical\" href=\"https:\/\/www.cidademarketing.com.br\/marketing\/2021\/09\/02\/vivo-amplia-projeto-de-geracao-distribuida-de-energia-e-preve-implantar-83-usinas-em-todo-o-pais\/\" \/>\n<meta property=\"og:locale\" content=\"pt_BR\" \/>\n<meta property=\"og:type\" content=\"article\" \/>\n<meta property=\"og:title\" content=\"Vivo amplia projeto de gera\u00e7\u00e3o distribu\u00edda de energia e prev\u00ea implantar 83 usinas em todo o pa\u00eds - CidadeMarketing\" \/>\n<meta property=\"og:description\" content=\"Empresa neutra em emiss\u00f5es de carbono e com consumo de energia 100% renov\u00e1vel, a Vivo ir\u00e1 expandir seu projeto de gera\u00e7\u00e3o distribu\u00edda e ampliar, de 70 para 83, o n\u00famero de usinas de fontes solar, h\u00eddrica e de biog\u00e1s, que ser\u00e3o implantadas todas as regi\u00f5es do Brasil. A empresa tamb\u00e9m inaugurou em Quissam\u00e3-RJ, duas novas [&hellip;]\" \/>\n<meta property=\"og:url\" content=\"https:\/\/www.cidademarketing.com.br\/marketing\/2021\/09\/02\/vivo-amplia-projeto-de-geracao-distribuida-de-energia-e-preve-implantar-83-usinas-em-todo-o-pais\/\" \/>\n<meta property=\"og:site_name\" content=\"CidadeMarketing\" \/>\n<meta property=\"article:publisher\" content=\"https:\/\/www.facebook.com\/portalcidademarketing\" \/>\n<meta property=\"article:author\" content=\"https:\/\/www.facebook.com\/thalesbrandao\" \/>\n<meta property=\"article:published_time\" content=\"2021-09-02T23:49:17+00:00\" \/>\n<meta property=\"article:modified_time\" content=\"2021-09-02T23:51:36+00:00\" \/>\n<meta property=\"og:image\" content=\"https:\/\/www.cidademarketing.com.br\/marketing\/wp-content\/uploads\/2021\/09\/vivo_energiasolar.jpg\" \/>\n\t<meta property=\"og:image:width\" content=\"1024\" \/>\n\t<meta property=\"og:image:height\" content=\"768\" \/>\n\t<meta property=\"og:image:type\" content=\"image\/jpeg\" \/>\n<meta name=\"author\" content=\"Thales Brand\u00e3o\" \/>\n<meta name=\"twitter:card\" content=\"summary_large_image\" \/>\n<meta name=\"twitter:creator\" content=\"@http:\/\/www.twitter.com\/thalesbrandao\" \/>\n<meta name=\"twitter:site\" content=\"@CidadeMarketing\" \/>\n<meta name=\"twitter:label1\" content=\"Escrito por\" \/>\n\t<meta name=\"twitter:data1\" content=\"Thales Brand\u00e3o\" \/>\n\t<meta name=\"twitter:label2\" content=\"Est. tempo de leitura\" \/>\n\t<meta name=\"twitter:data2\" content=\"4 minutos\" \/>\n<script type=\"application\/ld+json\" class=\"yoast-schema-graph\">{\"@context\":\"https:\\\/\\\/schema.org\",\"@graph\":[{\"@type\":\"Article\",\"@id\":\"https:\\\/\\\/www.cidademarketing.com.br\\\/marketing\\\/2021\\\/09\\\/02\\\/vivo-amplia-projeto-de-geracao-distribuida-de-energia-e-preve-implantar-83-usinas-em-todo-o-pais\\\/#article\",\"isPartOf\":{\"@id\":\"https:\\\/\\\/www.cidademarketing.com.br\\\/marketing\\\/2021\\\/09\\\/02\\\/vivo-amplia-projeto-de-geracao-distribuida-de-energia-e-preve-implantar-83-usinas-em-todo-o-pais\\\/\"},\"author\":{\"name\":\"Thales Brand\u00e3o\",\"@id\":\"https:\\\/\\\/www.cidademarketing.com.br\\\/marketing\\\/#\\\/schema\\\/person\\\/02daff9f18bd9378c9e01eb6b2db155f\"},\"headline\":\"Vivo amplia projeto de gera\u00e7\u00e3o distribu\u00edda de energia e prev\u00ea implantar 83 usinas em todo o pa\u00eds\",\"datePublished\":\"2021-09-02T23:49:17+00:00\",\"dateModified\":\"2021-09-02T23:51:36+00:00\",\"mainEntityOfPage\":{\"@id\":\"https:\\\/\\\/www.cidademarketing.com.br\\\/marketing\\\/2021\\\/09\\\/02\\\/vivo-amplia-projeto-de-geracao-distribuida-de-energia-e-preve-implantar-83-usinas-em-todo-o-pais\\\/\"},\"wordCount\":745,\"commentCount\":0,\"publisher\":{\"@id\":\"https:\\\/\\\/www.cidademarketing.com.br\\\/marketing\\\/#organization\"},\"image\":{\"@id\":\"https:\\\/\\\/www.cidademarketing.com.br\\\/marketing\\\/2021\\\/09\\\/02\\\/vivo-amplia-projeto-de-geracao-distribuida-de-energia-e-preve-implantar-83-usinas-em-todo-o-pais\\\/#primaryimage\"},\"thumbnailUrl\":\"https:\\\/\\\/www.cidademarketing.com.br\\\/marketing\\\/wp-content\\\/uploads\\\/2021\\\/09\\\/vivo_energiasolar.jpg\",\"keywords\":[\"energia\",\"marketing\",\"sustentabilidade\",\"Vivo\"],\"articleSection\":[\"Not\u00edcias\"],\"inLanguage\":\"pt-BR\",\"potentialAction\":[{\"@type\":\"CommentAction\",\"name\":\"Comment\",\"target\":[\"https:\\\/\\\/www.cidademarketing.com.br\\\/marketing\\\/2021\\\/09\\\/02\\\/vivo-amplia-projeto-de-geracao-distribuida-de-energia-e-preve-implantar-83-usinas-em-todo-o-pais\\\/#respond\"]}]},{\"@type\":\"WebPage\",\"@id\":\"https:\\\/\\\/www.cidademarketing.com.br\\\/marketing\\\/2021\\\/09\\\/02\\\/vivo-amplia-projeto-de-geracao-distribuida-de-energia-e-preve-implantar-83-usinas-em-todo-o-pais\\\/\",\"url\":\"https:\\\/\\\/www.cidademarketing.com.br\\\/marketing\\\/2021\\\/09\\\/02\\\/vivo-amplia-projeto-de-geracao-distribuida-de-energia-e-preve-implantar-83-usinas-em-todo-o-pais\\\/\",\"name\":\"Vivo amplia projeto de gera\u00e7\u00e3o distribu\u00edda de energia e prev\u00ea implantar 83 usinas em todo o pa\u00eds - CidadeMarketing\",\"isPartOf\":{\"@id\":\"https:\\\/\\\/www.cidademarketing.com.br\\\/marketing\\\/#website\"},\"primaryImageOfPage\":{\"@id\":\"https:\\\/\\\/www.cidademarketing.com.br\\\/marketing\\\/2021\\\/09\\\/02\\\/vivo-amplia-projeto-de-geracao-distribuida-de-energia-e-preve-implantar-83-usinas-em-todo-o-pais\\\/#primaryimage\"},\"image\":{\"@id\":\"https:\\\/\\\/www.cidademarketing.com.br\\\/marketing\\\/2021\\\/09\\\/02\\\/vivo-amplia-projeto-de-geracao-distribuida-de-energia-e-preve-implantar-83-usinas-em-todo-o-pais\\\/#primaryimage\"},\"thumbnailUrl\":\"https:\\\/\\\/www.cidademarketing.com.br\\\/marketing\\\/wp-content\\\/uploads\\\/2021\\\/09\\\/vivo_energiasolar.jpg\",\"datePublished\":\"2021-09-02T23:49:17+00:00\",\"dateModified\":\"2021-09-02T23:51:36+00:00\",\"breadcrumb\":{\"@id\":\"https:\\\/\\\/www.cidademarketing.com.br\\\/marketing\\\/2021\\\/09\\\/02\\\/vivo-amplia-projeto-de-geracao-distribuida-de-energia-e-preve-implantar-83-usinas-em-todo-o-pais\\\/#breadcrumb\"},\"inLanguage\":\"pt-BR\",\"potentialAction\":[{\"@type\":\"ReadAction\",\"target\":[\"https:\\\/\\\/www.cidademarketing.com.br\\\/marketing\\\/2021\\\/09\\\/02\\\/vivo-amplia-projeto-de-geracao-distribuida-de-energia-e-preve-implantar-83-usinas-em-todo-o-pais\\\/\"]}]},{\"@type\":\"ImageObject\",\"inLanguage\":\"pt-BR\",\"@id\":\"https:\\\/\\\/www.cidademarketing.com.br\\\/marketing\\\/2021\\\/09\\\/02\\\/vivo-amplia-projeto-de-geracao-distribuida-de-energia-e-preve-implantar-83-usinas-em-todo-o-pais\\\/#primaryimage\",\"url\":\"https:\\\/\\\/www.cidademarketing.com.br\\\/marketing\\\/wp-content\\\/uploads\\\/2021\\\/09\\\/vivo_energiasolar.jpg\",\"contentUrl\":\"https:\\\/\\\/www.cidademarketing.com.br\\\/marketing\\\/wp-content\\\/uploads\\\/2021\\\/09\\\/vivo_energiasolar.jpg\",\"width\":1024,\"height\":768,\"caption\":\"Divulga\u00e7\u00e3o\"},{\"@type\":\"BreadcrumbList\",\"@id\":\"https:\\\/\\\/www.cidademarketing.com.br\\\/marketing\\\/2021\\\/09\\\/02\\\/vivo-amplia-projeto-de-geracao-distribuida-de-energia-e-preve-implantar-83-usinas-em-todo-o-pais\\\/#breadcrumb\",\"itemListElement\":[{\"@type\":\"ListItem\",\"position\":1,\"name\":\"In\u00edcio\",\"item\":\"https:\\\/\\\/www.cidademarketing.com.br\\\/marketing\\\/\"},{\"@type\":\"ListItem\",\"position\":2,\"name\":\"Vivo amplia projeto de gera\u00e7\u00e3o distribu\u00edda de energia e prev\u00ea implantar 83 usinas em todo o pa\u00eds\"}]},{\"@type\":\"WebSite\",\"@id\":\"https:\\\/\\\/www.cidademarketing.com.br\\\/marketing\\\/#website\",\"url\":\"https:\\\/\\\/www.cidademarketing.com.br\\\/marketing\\\/\",\"name\":\"CidadeMarketing\",\"description\":\"Somos um ve\u00edculo de comunica\u00e7\u00e3o de destaque no Brasil, reconhecido por conte\u00fados nos segmentos de marketing, empreendedorismo e inova\u00e7\u00e3o.\",\"publisher\":{\"@id\":\"https:\\\/\\\/www.cidademarketing.com.br\\\/marketing\\\/#organization\"},\"alternateName\":\"CidadeMarketing\",\"potentialAction\":[{\"@type\":\"SearchAction\",\"target\":{\"@type\":\"EntryPoint\",\"urlTemplate\":\"https:\\\/\\\/www.cidademarketing.com.br\\\/marketing\\\/?s={search_term_string}\"},\"query-input\":{\"@type\":\"PropertyValueSpecification\",\"valueRequired\":true,\"valueName\":\"search_term_string\"}}],\"inLanguage\":\"pt-BR\"},{\"@type\":\"Organization\",\"@id\":\"https:\\\/\\\/www.cidademarketing.com.br\\\/marketing\\\/#organization\",\"name\":\"CidadeMarketing\",\"alternateName\":\"CidadeMarketing\",\"url\":\"https:\\\/\\\/www.cidademarketing.com.br\\\/marketing\\\/\",\"logo\":{\"@type\":\"ImageObject\",\"inLanguage\":\"pt-BR\",\"@id\":\"https:\\\/\\\/www.cidademarketing.com.br\\\/marketing\\\/#\\\/schema\\\/logo\\\/image\\\/\",\"url\":\"https:\\\/\\\/www.cidademarketing.com.br\\\/marketing\\\/wp-content\\\/uploads\\\/2020\\\/01\\\/cidademarketing_marca_mobile.png\",\"contentUrl\":\"https:\\\/\\\/www.cidademarketing.com.br\\\/marketing\\\/wp-content\\\/uploads\\\/2020\\\/01\\\/cidademarketing_marca_mobile.png\",\"width\":230,\"height\":92,\"caption\":\"CidadeMarketing\"},\"image\":{\"@id\":\"https:\\\/\\\/www.cidademarketing.com.br\\\/marketing\\\/#\\\/schema\\\/logo\\\/image\\\/\"},\"sameAs\":[\"https:\\\/\\\/www.facebook.com\\\/portalcidademarketing\",\"https:\\\/\\\/x.com\\\/CidadeMarketing\",\"https:\\\/\\\/www.instagram.com\\\/cidademarketing\\\/\"]},{\"@type\":\"Person\",\"@id\":\"https:\\\/\\\/www.cidademarketing.com.br\\\/marketing\\\/#\\\/schema\\\/person\\\/02daff9f18bd9378c9e01eb6b2db155f\",\"name\":\"Thales Brand\u00e3o\",\"image\":{\"@type\":\"ImageObject\",\"inLanguage\":\"pt-BR\",\"@id\":\"https:\\\/\\\/secure.gravatar.com\\\/avatar\\\/7ca3206950207cc3cb48feec56a8a7898741ab725c368d99d5d7a5a50aab80c6?s=96&d=mm&r=g\",\"url\":\"https:\\\/\\\/secure.gravatar.com\\\/avatar\\\/7ca3206950207cc3cb48feec56a8a7898741ab725c368d99d5d7a5a50aab80c6?s=96&d=mm&r=g\",\"contentUrl\":\"https:\\\/\\\/secure.gravatar.com\\\/avatar\\\/7ca3206950207cc3cb48feec56a8a7898741ab725c368d99d5d7a5a50aab80c6?s=96&d=mm&r=g\",\"caption\":\"Thales Brand\u00e3o\"},\"description\":\"Editor Executivo do Portal CidadeMarketing.com.br &gt; Mestre em Comunica\u00e7\u00e3o e Sociedade pela Universidade Federal de Sergipe. Possui MBA Executivo em Administra\u00e7\u00e3o com \u00eanfase em Marketing pela Funda\u00e7\u00e3o Get\u00falio Vargas - Rio de Janeiro. Consultor, Palestrante e Pesquisador sobre Empreendedorismo, Marketing, Redes Sociais e Neg\u00f3cios Digitais. Professor, Palestrante TedxTalks e Campus Party. Twitter: @ThalesBrandao\",\"sameAs\":[\"http:\\\/\\\/www.mandacaru.com.br\",\"https:\\\/\\\/www.facebook.com\\\/thalesbrandao\",\"http:\\\/\\\/www.instagram.com.br\\\/thalesbrandaoferreira\",\"https:\\\/\\\/www.linkedin.com\\\/in\\\/thales-brand\u00e3o-3948609\\\/\",\"https:\\\/\\\/x.com\\\/http:\\\/\\\/www.twitter.com\\\/thalesbrandao\"],\"url\":\"https:\\\/\\\/www.cidademarketing.com.br\\\/marketing\\\/author\\\/thalesbrandao\\\/\"}]}<\/script>\n<!-- \/ Yoast SEO plugin. -->","yoast_head_json":{"title":"Vivo amplia projeto de gera\u00e7\u00e3o distribu\u00edda de energia e prev\u00ea implantar 83 usinas em todo o pa\u00eds - CidadeMarketing","robots":{"index":"index","follow":"follow","max-snippet":"max-snippet:-1","max-image-preview":"max-image-preview:large","max-video-preview":"max-video-preview:-1"},"canonical":"https:\/\/www.cidademarketing.com.br\/marketing\/2021\/09\/02\/vivo-amplia-projeto-de-geracao-distribuida-de-energia-e-preve-implantar-83-usinas-em-todo-o-pais\/","og_locale":"pt_BR","og_type":"article","og_title":"Vivo amplia projeto de gera\u00e7\u00e3o distribu\u00edda de energia e prev\u00ea implantar 83 usinas em todo o pa\u00eds - CidadeMarketing","og_description":"Empresa neutra em emiss\u00f5es de carbono e com consumo de energia 100% renov\u00e1vel, a Vivo ir\u00e1 expandir seu projeto de gera\u00e7\u00e3o distribu\u00edda e ampliar, de 70 para 83, o n\u00famero de usinas de fontes solar, h\u00eddrica e de biog\u00e1s, que ser\u00e3o implantadas todas as regi\u00f5es do Brasil. A empresa tamb\u00e9m inaugurou em Quissam\u00e3-RJ, duas novas [&hellip;]","og_url":"https:\/\/www.cidademarketing.com.br\/marketing\/2021\/09\/02\/vivo-amplia-projeto-de-geracao-distribuida-de-energia-e-preve-implantar-83-usinas-em-todo-o-pais\/","og_site_name":"CidadeMarketing","article_publisher":"https:\/\/www.facebook.com\/portalcidademarketing","article_author":"https:\/\/www.facebook.com\/thalesbrandao","article_published_time":"2021-09-02T23:49:17+00:00","article_modified_time":"2021-09-02T23:51:36+00:00","og_image":[{"width":1024,"height":768,"url":"https:\/\/www.cidademarketing.com.br\/marketing\/wp-content\/uploads\/2021\/09\/vivo_energiasolar.jpg","type":"image\/jpeg"}],"author":"Thales Brand\u00e3o","twitter_card":"summary_large_image","twitter_creator":"@http:\/\/www.twitter.com\/thalesbrandao","twitter_site":"@CidadeMarketing","twitter_misc":{"Escrito por":"Thales Brand\u00e3o","Est. tempo de leitura":"4 minutos"},"schema":{"@context":"https:\/\/schema.org","@graph":[{"@type":"Article","@id":"https:\/\/www.cidademarketing.com.br\/marketing\/2021\/09\/02\/vivo-amplia-projeto-de-geracao-distribuida-de-energia-e-preve-implantar-83-usinas-em-todo-o-pais\/#article","isPartOf":{"@id":"https:\/\/www.cidademarketing.com.br\/marketing\/2021\/09\/02\/vivo-amplia-projeto-de-geracao-distribuida-de-energia-e-preve-implantar-83-usinas-em-todo-o-pais\/"},"author":{"name":"Thales Brand\u00e3o","@id":"https:\/\/www.cidademarketing.com.br\/marketing\/#\/schema\/person\/02daff9f18bd9378c9e01eb6b2db155f"},"headline":"Vivo amplia projeto de gera\u00e7\u00e3o distribu\u00edda de energia e prev\u00ea implantar 83 usinas em todo o pa\u00eds","datePublished":"2021-09-02T23:49:17+00:00","dateModified":"2021-09-02T23:51:36+00:00","mainEntityOfPage":{"@id":"https:\/\/www.cidademarketing.com.br\/marketing\/2021\/09\/02\/vivo-amplia-projeto-de-geracao-distribuida-de-energia-e-preve-implantar-83-usinas-em-todo-o-pais\/"},"wordCount":745,"commentCount":0,"publisher":{"@id":"https:\/\/www.cidademarketing.com.br\/marketing\/#organization"},"image":{"@id":"https:\/\/www.cidademarketing.com.br\/marketing\/2021\/09\/02\/vivo-amplia-projeto-de-geracao-distribuida-de-energia-e-preve-implantar-83-usinas-em-todo-o-pais\/#primaryimage"},"thumbnailUrl":"https:\/\/www.cidademarketing.com.br\/marketing\/wp-content\/uploads\/2021\/09\/vivo_energiasolar.jpg","keywords":["energia","marketing","sustentabilidade","Vivo"],"articleSection":["Not\u00edcias"],"inLanguage":"pt-BR","potentialAction":[{"@type":"CommentAction","name":"Comment","target":["https:\/\/www.cidademarketing.com.br\/marketing\/2021\/09\/02\/vivo-amplia-projeto-de-geracao-distribuida-de-energia-e-preve-implantar-83-usinas-em-todo-o-pais\/#respond"]}]},{"@type":"WebPage","@id":"https:\/\/www.cidademarketing.com.br\/marketing\/2021\/09\/02\/vivo-amplia-projeto-de-geracao-distribuida-de-energia-e-preve-implantar-83-usinas-em-todo-o-pais\/","url":"https:\/\/www.cidademarketing.com.br\/marketing\/2021\/09\/02\/vivo-amplia-projeto-de-geracao-distribuida-de-energia-e-preve-implantar-83-usinas-em-todo-o-pais\/","name":"Vivo amplia projeto de gera\u00e7\u00e3o distribu\u00edda de energia e prev\u00ea implantar 83 usinas em todo o pa\u00eds - CidadeMarketing","isPartOf":{"@id":"https:\/\/www.cidademarketing.com.br\/marketing\/#website"},"primaryImageOfPage":{"@id":"https:\/\/www.cidademarketing.com.br\/marketing\/2021\/09\/02\/vivo-amplia-projeto-de-geracao-distribuida-de-energia-e-preve-implantar-83-usinas-em-todo-o-pais\/#primaryimage"},"image":{"@id":"https:\/\/www.cidademarketing.com.br\/marketing\/2021\/09\/02\/vivo-amplia-projeto-de-geracao-distribuida-de-energia-e-preve-implantar-83-usinas-em-todo-o-pais\/#primaryimage"},"thumbnailUrl":"https:\/\/www.cidademarketing.com.br\/marketing\/wp-content\/uploads\/2021\/09\/vivo_energiasolar.jpg","datePublished":"2021-09-02T23:49:17+00:00","dateModified":"2021-09-02T23:51:36+00:00","breadcrumb":{"@id":"https:\/\/www.cidademarketing.com.br\/marketing\/2021\/09\/02\/vivo-amplia-projeto-de-geracao-distribuida-de-energia-e-preve-implantar-83-usinas-em-todo-o-pais\/#breadcrumb"},"inLanguage":"pt-BR","potentialAction":[{"@type":"ReadAction","target":["https:\/\/www.cidademarketing.com.br\/marketing\/2021\/09\/02\/vivo-amplia-projeto-de-geracao-distribuida-de-energia-e-preve-implantar-83-usinas-em-todo-o-pais\/"]}]},{"@type":"ImageObject","inLanguage":"pt-BR","@id":"https:\/\/www.cidademarketing.com.br\/marketing\/2021\/09\/02\/vivo-amplia-projeto-de-geracao-distribuida-de-energia-e-preve-implantar-83-usinas-em-todo-o-pais\/#primaryimage","url":"https:\/\/www.cidademarketing.com.br\/marketing\/wp-content\/uploads\/2021\/09\/vivo_energiasolar.jpg","contentUrl":"https:\/\/www.cidademarketing.com.br\/marketing\/wp-content\/uploads\/2021\/09\/vivo_energiasolar.jpg","width":1024,"height":768,"caption":"Divulga\u00e7\u00e3o"},{"@type":"BreadcrumbList","@id":"https:\/\/www.cidademarketing.com.br\/marketing\/2021\/09\/02\/vivo-amplia-projeto-de-geracao-distribuida-de-energia-e-preve-implantar-83-usinas-em-todo-o-pais\/#breadcrumb","itemListElement":[{"@type":"ListItem","position":1,"name":"In\u00edcio","item":"https:\/\/www.cidademarketing.com.br\/marketing\/"},{"@type":"ListItem","position":2,"name":"Vivo amplia projeto de gera\u00e7\u00e3o distribu\u00edda de energia e prev\u00ea implantar 83 usinas em todo o pa\u00eds"}]},{"@type":"WebSite","@id":"https:\/\/www.cidademarketing.com.br\/marketing\/#website","url":"https:\/\/www.cidademarketing.com.br\/marketing\/","name":"CidadeMarketing","description":"Somos um ve\u00edculo de comunica\u00e7\u00e3o de destaque no Brasil, reconhecido por conte\u00fados nos segmentos de marketing, empreendedorismo e inova\u00e7\u00e3o.","publisher":{"@id":"https:\/\/www.cidademarketing.com.br\/marketing\/#organization"},"alternateName":"CidadeMarketing","potentialAction":[{"@type":"SearchAction","target":{"@type":"EntryPoint","urlTemplate":"https:\/\/www.cidademarketing.com.br\/marketing\/?s={search_term_string}"},"query-input":{"@type":"PropertyValueSpecification","valueRequired":true,"valueName":"search_term_string"}}],"inLanguage":"pt-BR"},{"@type":"Organization","@id":"https:\/\/www.cidademarketing.com.br\/marketing\/#organization","name":"CidadeMarketing","alternateName":"CidadeMarketing","url":"https:\/\/www.cidademarketing.com.br\/marketing\/","logo":{"@type":"ImageObject","inLanguage":"pt-BR","@id":"https:\/\/www.cidademarketing.com.br\/marketing\/#\/schema\/logo\/image\/","url":"https:\/\/www.cidademarketing.com.br\/marketing\/wp-content\/uploads\/2020\/01\/cidademarketing_marca_mobile.png","contentUrl":"https:\/\/www.cidademarketing.com.br\/marketing\/wp-content\/uploads\/2020\/01\/cidademarketing_marca_mobile.png","width":230,"height":92,"caption":"CidadeMarketing"},"image":{"@id":"https:\/\/www.cidademarketing.com.br\/marketing\/#\/schema\/logo\/image\/"},"sameAs":["https:\/\/www.facebook.com\/portalcidademarketing","https:\/\/x.com\/CidadeMarketing","https:\/\/www.instagram.com\/cidademarketing\/"]},{"@type":"Person","@id":"https:\/\/www.cidademarketing.com.br\/marketing\/#\/schema\/person\/02daff9f18bd9378c9e01eb6b2db155f","name":"Thales Brand\u00e3o","image":{"@type":"ImageObject","inLanguage":"pt-BR","@id":"https:\/\/secure.gravatar.com\/avatar\/7ca3206950207cc3cb48feec56a8a7898741ab725c368d99d5d7a5a50aab80c6?s=96&d=mm&r=g","url":"https:\/\/secure.gravatar.com\/avatar\/7ca3206950207cc3cb48feec56a8a7898741ab725c368d99d5d7a5a50aab80c6?s=96&d=mm&r=g","contentUrl":"https:\/\/secure.gravatar.com\/avatar\/7ca3206950207cc3cb48feec56a8a7898741ab725c368d99d5d7a5a50aab80c6?s=96&d=mm&r=g","caption":"Thales Brand\u00e3o"},"description":"Editor Executivo do Portal CidadeMarketing.com.br &gt; Mestre em Comunica\u00e7\u00e3o e Sociedade pela Universidade Federal de Sergipe. Possui MBA Executivo em Administra\u00e7\u00e3o com \u00eanfase em Marketing pela Funda\u00e7\u00e3o Get\u00falio Vargas - Rio de Janeiro. Consultor, Palestrante e Pesquisador sobre Empreendedorismo, Marketing, Redes Sociais e Neg\u00f3cios Digitais. Professor, Palestrante TedxTalks e Campus Party. Twitter: @ThalesBrandao","sameAs":["http:\/\/www.mandacaru.com.br","https:\/\/www.facebook.com\/thalesbrandao","http:\/\/www.instagram.com.br\/thalesbrandaoferreira","https:\/\/www.linkedin.com\/in\/thales-brand\u00e3o-3948609\/","https:\/\/x.com\/http:\/\/www.twitter.com\/thalesbrandao"],"url":"https:\/\/www.cidademarketing.com.br\/marketing\/author\/thalesbrandao\/"}]}},"amp_enabled":true,"_links":{"self":[{"href":"https:\/\/www.cidademarketing.com.br\/marketing\/wp-json\/wp\/v2\/posts\/28443","targetHints":{"allow":["GET"]}}],"collection":[{"href":"https:\/\/www.cidademarketing.com.br\/marketing\/wp-json\/wp\/v2\/posts"}],"about":[{"href":"https:\/\/www.cidademarketing.com.br\/marketing\/wp-json\/wp\/v2\/types\/post"}],"author":[{"embeddable":true,"href":"https:\/\/www.cidademarketing.com.br\/marketing\/wp-json\/wp\/v2\/users\/1"}],"replies":[{"embeddable":true,"href":"https:\/\/www.cidademarketing.com.br\/marketing\/wp-json\/wp\/v2\/comments?post=28443"}],"version-history":[{"count":1,"href":"https:\/\/www.cidademarketing.com.br\/marketing\/wp-json\/wp\/v2\/posts\/28443\/revisions"}],"predecessor-version":[{"id":28444,"href":"https:\/\/www.cidademarketing.com.br\/marketing\/wp-json\/wp\/v2\/posts\/28443\/revisions\/28444"}],"wp:featuredmedia":[{"embeddable":true,"href":"https:\/\/www.cidademarketing.com.br\/marketing\/wp-json\/wp\/v2\/media\/28445"}],"wp:attachment":[{"href":"https:\/\/www.cidademarketing.com.br\/marketing\/wp-json\/wp\/v2\/media?parent=28443"}],"wp:term":[{"taxonomy":"category","embeddable":true,"href":"https:\/\/www.cidademarketing.com.br\/marketing\/wp-json\/wp\/v2\/categories?post=28443"},{"taxonomy":"post_tag","embeddable":true,"href":"https:\/\/www.cidademarketing.com.br\/marketing\/wp-json\/wp\/v2\/tags?post=28443"}],"curies":[{"name":"wp","href":"https:\/\/api.w.org\/{rel}","templated":true}]}}