{"id":2833,"date":"2018-10-27T08:14:17","date_gmt":"2018-10-27T11:14:17","guid":{"rendered":"http:\/\/www.cidademarketing.com.br\/marketing\/?p=2833"},"modified":"2018-10-27T08:14:17","modified_gmt":"2018-10-27T11:14:17","slug":"malala-e-a-estrela-da-campanha-de-leitura-do-itau","status":"publish","type":"post","link":"https:\/\/www.cidademarketing.com.br\/marketing\/2018\/10\/27\/malala-e-a-estrela-da-campanha-de-leitura-do-itau\/","title":{"rendered":"Malala \u00e9 a estrela da campanha de leitura do Ita\u00fa"},"content":{"rendered":"<p>O incentivo \u00e0 leitura desde a inf\u00e2ncia foi a fagulha que iniciou a luta da ativista paquistanesa Malala Yousafzai pela educa\u00e7\u00e3o em seu pa\u00eds, transformando-a em uma das mais conhecidas vozes em defesa do assunto ao redor do mundo \u2013 e a mais jovem laureada com o pr\u00eamio Nobel da Paz. Essa rela\u00e7\u00e3o de Malala com os livros \u00e9 o fio condutor do minidocument\u00e1rio \u201cA Biblioteca de Malala\u201d, produzido pelo Ita\u00fa Unibanco a partir de uma entrevista feita com a paquistanesa durante sua visita a S\u00e3o Paulo em julho de 2018.<\/p>\n<p>O minidocument\u00e1rio est\u00e1 dispon\u00edvel desde a \u00faltima quarta-feira (24) na TV paga, nos canais dos grupos Fox e Turner, e a partir desta sexta (26) nos canais digitais do banco. Faz parte da campanha Leia para uma Crian\u00e7a 2018 \u2013 que desde 2010 j\u00e1 distribuiu mais de 52 milh\u00f5es de livros gratuitos por todo o pa\u00eds.<\/p>\n<p>A produ\u00e7\u00e3o tem dire\u00e7\u00e3o da DPZ&amp;T, edi\u00e7\u00e3o da Damasco Filmes e foi gravada na sede do Ita\u00fa Unibanco na capital paulista. Malala \u00e9 entrevistada pela jornalista Adriana Carranca \u2013 que mediou o debate sobre educa\u00e7\u00e3o e empoderamento com participa\u00e7\u00e3o da paquistanesa realizado em S\u00e3o Paulo em julho. Al\u00e9m disso, Adriana \u00e9 autora do livro \u201cMalala, a menina que queria ir para a escola\u201d.<\/p>\n<p>O filme gira em torno dos livros: como a paquistanesa come\u00e7ou a ler incentivada pelo pai, quais s\u00e3o seus exemplares favoritos, como eles s\u00e3o uma ferramenta de igualdade e empoderamento e como essa experi\u00eancia com a leitura desde cedo a conduziu para novos caminhos capazes de mudar n\u00e3o somente sua vida, mas a do mundo inteiro.<\/p>\n<p>Inserido na campanha Leia para uma Crian\u00e7a 2018, o document\u00e1rio tra\u00e7a um paralelo com a hist\u00f3ria da protagonista do filme \u201cRob\u00f4\u201d \u2013 uma menina que, a partir do momento em que \u00e9 incentivada pelo pai a ler um livro com o tema, se encanta com a hist\u00f3ria, desenvolve diversos projetos e alcan\u00e7a um futuro que ningu\u00e9m imaginava.<\/p>\n<p>\u201cMalala mostra a import\u00e2ncia de ter sido incentivada pelo pai desde cedo a ler, e sua hist\u00f3ria ensina como o livro empodera e faz voc\u00ea acreditar que pode ir al\u00e9m. Traz\u00ea-la a S\u00e3o Paulo reflete nosso compromisso de inspirar o poder de transforma\u00e7\u00e3o das pessoas, dando \u00e0s crian\u00e7as brasileiras o exemplo vivo de que elas podem ser o que quiserem se tiverem a educa\u00e7\u00e3o e a leitura como partes importantes de suas vidas\u201d, explica Eduardo Tracanella, diretor de marketing institucional do Ita\u00fa Unibanco.<\/p>\n<p>O minidocument\u00e1rio completo tem dura\u00e7\u00e3o de 7 minutos e ser\u00e1 exibido em canais de TV por assinatura, al\u00e9m de estar dispon\u00edvel nas redes sociais do Ita\u00fa. O material tamb\u00e9m ter\u00e1 um trailer e quatro p\u00edlulas de 60\u2019\u2019, cada uma focada em um tema: o que aprendi com os livros; por que ler para uma crian\u00e7a; a import\u00e2ncia da leitura; atitudes que mudam o mundo.<\/p>\n<p>\u201cN\u00e3o foi obra do acaso ter o document\u00e1rio neste segundo momento da campanha. At\u00e9 porque Malala est\u00e1 presente de alguma forma no nosso filme que est\u00e1 no ar. O Ita\u00fa a trouxe em julho para S\u00e3o Paulo e notamos que ela serviu de inspira\u00e7\u00e3o para o desenvolvimento da campanha deste ano: temos uma crian\u00e7a enfrentando condi\u00e7\u00f5es adversas, mas no fim triunfando em sua jornada gra\u00e7as \u00e0 leitura e a educa\u00e7\u00e3o\u201d, afirma Rafael Urenha, CCO da DPZ&amp;T.<\/p>\n<p>A campanha Leia para uma Crian\u00e7a 2018 come\u00e7ou no dia 9 de outubro. Os kits de livros f\u00edsicos para distribui\u00e7\u00e3o neste ano j\u00e1 se esgotaram, mas no site \u00e9 poss\u00edvel fazer o download da cole\u00e7\u00e3o de livros digitais Ita\u00fa. S\u00e3o 10 t\u00edtulos infantis dispon\u00edveis para download no celular.<\/p>\n<div class=\"article-video\"><\/div>\n<p><a href=\"https:\/\/www.youtube.com\/watch?v=zSXHMK0q-LE\">https:\/\/www.youtube.com\/watch?v=zSXHMK0q-LE<\/a><\/p>\n<p><strong>FICHA T\u00c9CNICA \u2013 CAMPANHA DE ITA\u00da CRIAN\u00c7A 2018 \u2013 Mini DOC Malala<\/strong><\/p>\n<p>CLIENTE: Ita\u00fa Unibanco<\/p>\n<p>PRODUTO: Institucional<\/p>\n<p>CAMPANHA: Ita\u00fa Crian\u00e7a<\/p>\n<p>DATA DA PRODU\u00c7\u00c3O: Outubro 2018<\/p>\n<p>T\u00cdTULO: Doc Malala<\/p>\n<p>SECUNDAGEM: 1&#215;7\u201d, 5&#215;60\u201d<\/p>\n<p>DIRE\u00c7\u00c3O GERAL DE CRIA\u00c7\u00c3O: Rafael Urenha<\/p>\n<p>DIRE\u00c7\u00c3O EXECUTIVA DE CRIA\u00c7\u00c3O: Sergio Mugnaini, Rafael Ziggy<\/p>\n<p>DIRE\u00c7\u00c3O DE CRIA\u00c7\u00c3O: Silvio Amorim<\/p>\n<p>CRIA\u00c7\u00c3O: Silvio Amorim, Vin\u00edcius Curi, Andreia Barion, Thomaz Dantas, Raphael Lucone, Kiko Ferreira, Yuri Goo, Rafaela Breviglieri<\/p>\n<p>ATENDIMENTO: Daniel Jotta, Guilherme Bernardes, Danielle Bacha, Carolina Povala, Laine Santos, Bruna Lelis<\/p>\n<p>APROVA\u00c7\u00c3O DO CLIENTE: Eduardo Tracanella, Juliana Cury, Natalia Barreira, Monique Araujo<\/p>\n<p>PLANEJAMENTO: Fernando Diniz, Camilla Facin, Fernanda Fel\u00edcio, Renata Cardetas<\/p>\n<p>M\u00cdDIA: Paulo Ilha, Clara Corrales, Vivian Sim\u00f5es, Cibele Perandin, Yasmin Gon\u00e7alves, Gabriela Pereira, Vitor Maia, Vanessa Oliveira<\/p>\n<p>RTV-C: Ducha Lopes, Pity Lieutaud, Adriana Marino, Vanessa Nascimento e Guilherme Silva<\/p>\n<p>PRODUTORA DE SOM: Juke Box<\/p>\n<p>TRILHA SONORA: Thiago Chasseraux<\/p>\n<p>PRODU\u00c7\u00c3O E FINALIZA\u00c7\u00c3O: Rog\u00e9rio Marques<br \/>\nATENDIMENTO PRODUTORA DE SOM: Isabela Diniz<br \/>\nPRODUTORA DE IMAGEM: Damasco Filmes<br \/>\nDIRE\u00c7\u00c3O DE CENA: Pio Figueiroa<br \/>\nPRODU\u00c7\u00c3O EXECUTIVA: Marcelo Monteiro e Carlos Righi<br \/>\nCOORDENA\u00c7\u00c3O DE PRODU\u00c7\u00c3O: Alessandra Meireles<br \/>\nATENDIMENTO: Sheila Souza e Felipe Silvani<br \/>\nCOORDENA\u00c7\u00c3O DE FINALIZA\u00c7\u00c3O: Nathalie Rueda<\/p>\n<p>FINALIZADOR: Sergio Dinis<br \/>\nDIRE\u00c7\u00c3O DE FOTOGRAFIA: Ariel Schvartzman<br \/>\nMONTAGEM: Daniela Guimar\u00e3es<br \/>\nP\u00d3S-PRODU\u00c7\u00c3O: Equipe Damasco<br \/>\nCOR: Junior X<br \/>\nPRODU\u00c7\u00c3O GR\u00c1FICA: Marcos Moura, Durval Brum<br \/>\nARTBUYER: Andrea Soeiro<br \/>\nTRATAMENTO DE IMAGEM: Cesar Bonfim<\/p>\n","protected":false},"excerpt":{"rendered":"<p>O incentivo \u00e0 leitura desde a inf\u00e2ncia foi a fagulha que iniciou a luta da ativista paquistanesa Malala Yousafzai pela educa\u00e7\u00e3o em seu pa\u00eds, transformando-a em uma das mais conhecidas vozes em defesa do assunto ao redor do mundo \u2013 e a mais jovem laureada com o pr\u00eamio Nobel da Paz. Essa rela\u00e7\u00e3o de Malala [&hellip;]<\/p>\n","protected":false},"author":1,"featured_media":2834,"comment_status":"open","ping_status":"open","sticky":false,"template":"","format":"video","meta":{"tdm_status":"","tdm_grid_status":"","footnotes":""},"categories":[14],"tags":[126,626,28,177],"class_list":["post-2833","post","type-post","status-publish","format-video","has-post-thumbnail","hentry","category-videos","tag-itau","tag-malala","tag-marketing","tag-marketing-social","post_format-post-format-video"],"yoast_head":"<!-- This site is optimized with the Yoast SEO plugin v27.5 - https:\/\/yoast.com\/product\/yoast-seo-wordpress\/ -->\n<title>Malala \u00e9 a estrela da campanha de leitura do Ita\u00fa - CidadeMarketing<\/title>\n<meta name=\"robots\" content=\"index, follow, max-snippet:-1, max-image-preview:large, max-video-preview:-1\" \/>\n<link rel=\"canonical\" href=\"https:\/\/www.cidademarketing.com.br\/marketing\/2018\/10\/27\/malala-e-a-estrela-da-campanha-de-leitura-do-itau\/\" \/>\n<meta property=\"og:locale\" content=\"pt_BR\" \/>\n<meta property=\"og:type\" content=\"article\" \/>\n<meta property=\"og:title\" content=\"Malala \u00e9 a estrela da campanha de leitura do Ita\u00fa - CidadeMarketing\" \/>\n<meta property=\"og:description\" content=\"O incentivo \u00e0 leitura desde a inf\u00e2ncia foi a fagulha que iniciou a luta da ativista paquistanesa Malala Yousafzai pela educa\u00e7\u00e3o em seu pa\u00eds, transformando-a em uma das mais conhecidas vozes em defesa do assunto ao redor do mundo \u2013 e a mais jovem laureada com o pr\u00eamio Nobel da Paz. Essa rela\u00e7\u00e3o de Malala [&hellip;]\" \/>\n<meta property=\"og:url\" content=\"https:\/\/www.cidademarketing.com.br\/marketing\/2018\/10\/27\/malala-e-a-estrela-da-campanha-de-leitura-do-itau\/\" \/>\n<meta property=\"og:site_name\" content=\"CidadeMarketing\" \/>\n<meta property=\"article:publisher\" content=\"https:\/\/www.facebook.com\/portalcidademarketing\" \/>\n<meta property=\"article:author\" content=\"https:\/\/www.facebook.com\/thalesbrandao\" \/>\n<meta property=\"article:published_time\" content=\"2018-10-27T11:14:17+00:00\" \/>\n<meta property=\"og:image\" content=\"https:\/\/www.cidademarketing.com.br\/marketing\/wp-content\/uploads\/2018\/10\/malala.jpg\" \/>\n\t<meta property=\"og:image:width\" content=\"1167\" \/>\n\t<meta property=\"og:image:height\" content=\"523\" \/>\n\t<meta property=\"og:image:type\" content=\"image\/jpeg\" \/>\n<meta name=\"author\" content=\"Thales Brand\u00e3o\" \/>\n<meta name=\"twitter:card\" content=\"summary_large_image\" \/>\n<meta name=\"twitter:creator\" content=\"@http:\/\/www.twitter.com\/thalesbrandao\" \/>\n<meta name=\"twitter:site\" content=\"@CidadeMarketing\" \/>\n<meta name=\"twitter:label1\" content=\"Escrito por\" \/>\n\t<meta name=\"twitter:data1\" content=\"Thales Brand\u00e3o\" \/>\n\t<meta name=\"twitter:label2\" content=\"Est. tempo de leitura\" \/>\n\t<meta name=\"twitter:data2\" content=\"4 minutos\" \/>\n<script type=\"application\/ld+json\" class=\"yoast-schema-graph\">{\"@context\":\"https:\\\/\\\/schema.org\",\"@graph\":[{\"@type\":\"Article\",\"@id\":\"https:\\\/\\\/www.cidademarketing.com.br\\\/marketing\\\/2018\\\/10\\\/27\\\/malala-e-a-estrela-da-campanha-de-leitura-do-itau\\\/#article\",\"isPartOf\":{\"@id\":\"https:\\\/\\\/www.cidademarketing.com.br\\\/marketing\\\/2018\\\/10\\\/27\\\/malala-e-a-estrela-da-campanha-de-leitura-do-itau\\\/\"},\"author\":{\"name\":\"Thales Brand\u00e3o\",\"@id\":\"https:\\\/\\\/www.cidademarketing.com.br\\\/marketing\\\/#\\\/schema\\\/person\\\/02daff9f18bd9378c9e01eb6b2db155f\"},\"headline\":\"Malala \u00e9 a estrela da campanha de leitura do Ita\u00fa\",\"datePublished\":\"2018-10-27T11:14:17+00:00\",\"mainEntityOfPage\":{\"@id\":\"https:\\\/\\\/www.cidademarketing.com.br\\\/marketing\\\/2018\\\/10\\\/27\\\/malala-e-a-estrela-da-campanha-de-leitura-do-itau\\\/\"},\"wordCount\":900,\"commentCount\":0,\"publisher\":{\"@id\":\"https:\\\/\\\/www.cidademarketing.com.br\\\/marketing\\\/#organization\"},\"image\":{\"@id\":\"https:\\\/\\\/www.cidademarketing.com.br\\\/marketing\\\/2018\\\/10\\\/27\\\/malala-e-a-estrela-da-campanha-de-leitura-do-itau\\\/#primaryimage\"},\"thumbnailUrl\":\"https:\\\/\\\/www.cidademarketing.com.br\\\/marketing\\\/wp-content\\\/uploads\\\/2018\\\/10\\\/malala.jpg\",\"keywords\":[\"Ita\u00fa\",\"Malala\",\"marketing\",\"marketing social\"],\"articleSection\":[\"Videos\"],\"inLanguage\":\"pt-BR\",\"potentialAction\":[{\"@type\":\"CommentAction\",\"name\":\"Comment\",\"target\":[\"https:\\\/\\\/www.cidademarketing.com.br\\\/marketing\\\/2018\\\/10\\\/27\\\/malala-e-a-estrela-da-campanha-de-leitura-do-itau\\\/#respond\"]}]},{\"@type\":\"WebPage\",\"@id\":\"https:\\\/\\\/www.cidademarketing.com.br\\\/marketing\\\/2018\\\/10\\\/27\\\/malala-e-a-estrela-da-campanha-de-leitura-do-itau\\\/\",\"url\":\"https:\\\/\\\/www.cidademarketing.com.br\\\/marketing\\\/2018\\\/10\\\/27\\\/malala-e-a-estrela-da-campanha-de-leitura-do-itau\\\/\",\"name\":\"Malala \u00e9 a estrela da campanha de leitura do Ita\u00fa - CidadeMarketing\",\"isPartOf\":{\"@id\":\"https:\\\/\\\/www.cidademarketing.com.br\\\/marketing\\\/#website\"},\"primaryImageOfPage\":{\"@id\":\"https:\\\/\\\/www.cidademarketing.com.br\\\/marketing\\\/2018\\\/10\\\/27\\\/malala-e-a-estrela-da-campanha-de-leitura-do-itau\\\/#primaryimage\"},\"image\":{\"@id\":\"https:\\\/\\\/www.cidademarketing.com.br\\\/marketing\\\/2018\\\/10\\\/27\\\/malala-e-a-estrela-da-campanha-de-leitura-do-itau\\\/#primaryimage\"},\"thumbnailUrl\":\"https:\\\/\\\/www.cidademarketing.com.br\\\/marketing\\\/wp-content\\\/uploads\\\/2018\\\/10\\\/malala.jpg\",\"datePublished\":\"2018-10-27T11:14:17+00:00\",\"breadcrumb\":{\"@id\":\"https:\\\/\\\/www.cidademarketing.com.br\\\/marketing\\\/2018\\\/10\\\/27\\\/malala-e-a-estrela-da-campanha-de-leitura-do-itau\\\/#breadcrumb\"},\"inLanguage\":\"pt-BR\",\"potentialAction\":[{\"@type\":\"ReadAction\",\"target\":[\"https:\\\/\\\/www.cidademarketing.com.br\\\/marketing\\\/2018\\\/10\\\/27\\\/malala-e-a-estrela-da-campanha-de-leitura-do-itau\\\/\"]}]},{\"@type\":\"ImageObject\",\"inLanguage\":\"pt-BR\",\"@id\":\"https:\\\/\\\/www.cidademarketing.com.br\\\/marketing\\\/2018\\\/10\\\/27\\\/malala-e-a-estrela-da-campanha-de-leitura-do-itau\\\/#primaryimage\",\"url\":\"https:\\\/\\\/www.cidademarketing.com.br\\\/marketing\\\/wp-content\\\/uploads\\\/2018\\\/10\\\/malala.jpg\",\"contentUrl\":\"https:\\\/\\\/www.cidademarketing.com.br\\\/marketing\\\/wp-content\\\/uploads\\\/2018\\\/10\\\/malala.jpg\",\"width\":1167,\"height\":523,\"caption\":\"Reprodu\u00e7\u00e3o\"},{\"@type\":\"BreadcrumbList\",\"@id\":\"https:\\\/\\\/www.cidademarketing.com.br\\\/marketing\\\/2018\\\/10\\\/27\\\/malala-e-a-estrela-da-campanha-de-leitura-do-itau\\\/#breadcrumb\",\"itemListElement\":[{\"@type\":\"ListItem\",\"position\":1,\"name\":\"In\u00edcio\",\"item\":\"https:\\\/\\\/www.cidademarketing.com.br\\\/marketing\\\/\"},{\"@type\":\"ListItem\",\"position\":2,\"name\":\"Malala \u00e9 a estrela da campanha de leitura do Ita\u00fa\"}]},{\"@type\":\"WebSite\",\"@id\":\"https:\\\/\\\/www.cidademarketing.com.br\\\/marketing\\\/#website\",\"url\":\"https:\\\/\\\/www.cidademarketing.com.br\\\/marketing\\\/\",\"name\":\"CidadeMarketing\",\"description\":\"Somos um ve\u00edculo de comunica\u00e7\u00e3o de destaque no Brasil, reconhecido por conte\u00fados nos segmentos de marketing, empreendedorismo e inova\u00e7\u00e3o.\",\"publisher\":{\"@id\":\"https:\\\/\\\/www.cidademarketing.com.br\\\/marketing\\\/#organization\"},\"alternateName\":\"CidadeMarketing\",\"potentialAction\":[{\"@type\":\"SearchAction\",\"target\":{\"@type\":\"EntryPoint\",\"urlTemplate\":\"https:\\\/\\\/www.cidademarketing.com.br\\\/marketing\\\/?s={search_term_string}\"},\"query-input\":{\"@type\":\"PropertyValueSpecification\",\"valueRequired\":true,\"valueName\":\"search_term_string\"}}],\"inLanguage\":\"pt-BR\"},{\"@type\":\"Organization\",\"@id\":\"https:\\\/\\\/www.cidademarketing.com.br\\\/marketing\\\/#organization\",\"name\":\"CidadeMarketing\",\"alternateName\":\"CidadeMarketing\",\"url\":\"https:\\\/\\\/www.cidademarketing.com.br\\\/marketing\\\/\",\"logo\":{\"@type\":\"ImageObject\",\"inLanguage\":\"pt-BR\",\"@id\":\"https:\\\/\\\/www.cidademarketing.com.br\\\/marketing\\\/#\\\/schema\\\/logo\\\/image\\\/\",\"url\":\"https:\\\/\\\/www.cidademarketing.com.br\\\/marketing\\\/wp-content\\\/uploads\\\/2020\\\/01\\\/cidademarketing_marca_mobile.png\",\"contentUrl\":\"https:\\\/\\\/www.cidademarketing.com.br\\\/marketing\\\/wp-content\\\/uploads\\\/2020\\\/01\\\/cidademarketing_marca_mobile.png\",\"width\":230,\"height\":92,\"caption\":\"CidadeMarketing\"},\"image\":{\"@id\":\"https:\\\/\\\/www.cidademarketing.com.br\\\/marketing\\\/#\\\/schema\\\/logo\\\/image\\\/\"},\"sameAs\":[\"https:\\\/\\\/www.facebook.com\\\/portalcidademarketing\",\"https:\\\/\\\/x.com\\\/CidadeMarketing\",\"https:\\\/\\\/www.instagram.com\\\/cidademarketing\\\/\"]},{\"@type\":\"Person\",\"@id\":\"https:\\\/\\\/www.cidademarketing.com.br\\\/marketing\\\/#\\\/schema\\\/person\\\/02daff9f18bd9378c9e01eb6b2db155f\",\"name\":\"Thales Brand\u00e3o\",\"image\":{\"@type\":\"ImageObject\",\"inLanguage\":\"pt-BR\",\"@id\":\"https:\\\/\\\/secure.gravatar.com\\\/avatar\\\/7ca3206950207cc3cb48feec56a8a7898741ab725c368d99d5d7a5a50aab80c6?s=96&d=mm&r=g\",\"url\":\"https:\\\/\\\/secure.gravatar.com\\\/avatar\\\/7ca3206950207cc3cb48feec56a8a7898741ab725c368d99d5d7a5a50aab80c6?s=96&d=mm&r=g\",\"contentUrl\":\"https:\\\/\\\/secure.gravatar.com\\\/avatar\\\/7ca3206950207cc3cb48feec56a8a7898741ab725c368d99d5d7a5a50aab80c6?s=96&d=mm&r=g\",\"caption\":\"Thales Brand\u00e3o\"},\"description\":\"Editor Executivo do Portal CidadeMarketing.com.br &gt; Mestre em Comunica\u00e7\u00e3o e Sociedade pela Universidade Federal de Sergipe. Possui MBA Executivo em Administra\u00e7\u00e3o com \u00eanfase em Marketing pela Funda\u00e7\u00e3o Get\u00falio Vargas - Rio de Janeiro. Consultor, Palestrante e Pesquisador sobre Empreendedorismo, Marketing, Redes Sociais e Neg\u00f3cios Digitais. Professor, Palestrante TedxTalks e Campus Party. Twitter: @ThalesBrandao\",\"sameAs\":[\"http:\\\/\\\/www.mandacaru.com.br\",\"https:\\\/\\\/www.facebook.com\\\/thalesbrandao\",\"http:\\\/\\\/www.instagram.com.br\\\/thalesbrandaoferreira\",\"https:\\\/\\\/www.linkedin.com\\\/in\\\/thales-brand\u00e3o-3948609\\\/\",\"https:\\\/\\\/x.com\\\/http:\\\/\\\/www.twitter.com\\\/thalesbrandao\"],\"url\":\"https:\\\/\\\/www.cidademarketing.com.br\\\/marketing\\\/author\\\/thalesbrandao\\\/\"}]}<\/script>\n<!-- \/ Yoast SEO plugin. -->","yoast_head_json":{"title":"Malala \u00e9 a estrela da campanha de leitura do Ita\u00fa - CidadeMarketing","robots":{"index":"index","follow":"follow","max-snippet":"max-snippet:-1","max-image-preview":"max-image-preview:large","max-video-preview":"max-video-preview:-1"},"canonical":"https:\/\/www.cidademarketing.com.br\/marketing\/2018\/10\/27\/malala-e-a-estrela-da-campanha-de-leitura-do-itau\/","og_locale":"pt_BR","og_type":"article","og_title":"Malala \u00e9 a estrela da campanha de leitura do Ita\u00fa - CidadeMarketing","og_description":"O incentivo \u00e0 leitura desde a inf\u00e2ncia foi a fagulha que iniciou a luta da ativista paquistanesa Malala Yousafzai pela educa\u00e7\u00e3o em seu pa\u00eds, transformando-a em uma das mais conhecidas vozes em defesa do assunto ao redor do mundo \u2013 e a mais jovem laureada com o pr\u00eamio Nobel da Paz. Essa rela\u00e7\u00e3o de Malala [&hellip;]","og_url":"https:\/\/www.cidademarketing.com.br\/marketing\/2018\/10\/27\/malala-e-a-estrela-da-campanha-de-leitura-do-itau\/","og_site_name":"CidadeMarketing","article_publisher":"https:\/\/www.facebook.com\/portalcidademarketing","article_author":"https:\/\/www.facebook.com\/thalesbrandao","article_published_time":"2018-10-27T11:14:17+00:00","og_image":[{"width":1167,"height":523,"url":"https:\/\/www.cidademarketing.com.br\/marketing\/wp-content\/uploads\/2018\/10\/malala.jpg","type":"image\/jpeg"}],"author":"Thales Brand\u00e3o","twitter_card":"summary_large_image","twitter_creator":"@http:\/\/www.twitter.com\/thalesbrandao","twitter_site":"@CidadeMarketing","twitter_misc":{"Escrito por":"Thales Brand\u00e3o","Est. tempo de leitura":"4 minutos"},"schema":{"@context":"https:\/\/schema.org","@graph":[{"@type":"Article","@id":"https:\/\/www.cidademarketing.com.br\/marketing\/2018\/10\/27\/malala-e-a-estrela-da-campanha-de-leitura-do-itau\/#article","isPartOf":{"@id":"https:\/\/www.cidademarketing.com.br\/marketing\/2018\/10\/27\/malala-e-a-estrela-da-campanha-de-leitura-do-itau\/"},"author":{"name":"Thales Brand\u00e3o","@id":"https:\/\/www.cidademarketing.com.br\/marketing\/#\/schema\/person\/02daff9f18bd9378c9e01eb6b2db155f"},"headline":"Malala \u00e9 a estrela da campanha de leitura do Ita\u00fa","datePublished":"2018-10-27T11:14:17+00:00","mainEntityOfPage":{"@id":"https:\/\/www.cidademarketing.com.br\/marketing\/2018\/10\/27\/malala-e-a-estrela-da-campanha-de-leitura-do-itau\/"},"wordCount":900,"commentCount":0,"publisher":{"@id":"https:\/\/www.cidademarketing.com.br\/marketing\/#organization"},"image":{"@id":"https:\/\/www.cidademarketing.com.br\/marketing\/2018\/10\/27\/malala-e-a-estrela-da-campanha-de-leitura-do-itau\/#primaryimage"},"thumbnailUrl":"https:\/\/www.cidademarketing.com.br\/marketing\/wp-content\/uploads\/2018\/10\/malala.jpg","keywords":["Ita\u00fa","Malala","marketing","marketing social"],"articleSection":["Videos"],"inLanguage":"pt-BR","potentialAction":[{"@type":"CommentAction","name":"Comment","target":["https:\/\/www.cidademarketing.com.br\/marketing\/2018\/10\/27\/malala-e-a-estrela-da-campanha-de-leitura-do-itau\/#respond"]}]},{"@type":"WebPage","@id":"https:\/\/www.cidademarketing.com.br\/marketing\/2018\/10\/27\/malala-e-a-estrela-da-campanha-de-leitura-do-itau\/","url":"https:\/\/www.cidademarketing.com.br\/marketing\/2018\/10\/27\/malala-e-a-estrela-da-campanha-de-leitura-do-itau\/","name":"Malala \u00e9 a estrela da campanha de leitura do Ita\u00fa - CidadeMarketing","isPartOf":{"@id":"https:\/\/www.cidademarketing.com.br\/marketing\/#website"},"primaryImageOfPage":{"@id":"https:\/\/www.cidademarketing.com.br\/marketing\/2018\/10\/27\/malala-e-a-estrela-da-campanha-de-leitura-do-itau\/#primaryimage"},"image":{"@id":"https:\/\/www.cidademarketing.com.br\/marketing\/2018\/10\/27\/malala-e-a-estrela-da-campanha-de-leitura-do-itau\/#primaryimage"},"thumbnailUrl":"https:\/\/www.cidademarketing.com.br\/marketing\/wp-content\/uploads\/2018\/10\/malala.jpg","datePublished":"2018-10-27T11:14:17+00:00","breadcrumb":{"@id":"https:\/\/www.cidademarketing.com.br\/marketing\/2018\/10\/27\/malala-e-a-estrela-da-campanha-de-leitura-do-itau\/#breadcrumb"},"inLanguage":"pt-BR","potentialAction":[{"@type":"ReadAction","target":["https:\/\/www.cidademarketing.com.br\/marketing\/2018\/10\/27\/malala-e-a-estrela-da-campanha-de-leitura-do-itau\/"]}]},{"@type":"ImageObject","inLanguage":"pt-BR","@id":"https:\/\/www.cidademarketing.com.br\/marketing\/2018\/10\/27\/malala-e-a-estrela-da-campanha-de-leitura-do-itau\/#primaryimage","url":"https:\/\/www.cidademarketing.com.br\/marketing\/wp-content\/uploads\/2018\/10\/malala.jpg","contentUrl":"https:\/\/www.cidademarketing.com.br\/marketing\/wp-content\/uploads\/2018\/10\/malala.jpg","width":1167,"height":523,"caption":"Reprodu\u00e7\u00e3o"},{"@type":"BreadcrumbList","@id":"https:\/\/www.cidademarketing.com.br\/marketing\/2018\/10\/27\/malala-e-a-estrela-da-campanha-de-leitura-do-itau\/#breadcrumb","itemListElement":[{"@type":"ListItem","position":1,"name":"In\u00edcio","item":"https:\/\/www.cidademarketing.com.br\/marketing\/"},{"@type":"ListItem","position":2,"name":"Malala \u00e9 a estrela da campanha de leitura do Ita\u00fa"}]},{"@type":"WebSite","@id":"https:\/\/www.cidademarketing.com.br\/marketing\/#website","url":"https:\/\/www.cidademarketing.com.br\/marketing\/","name":"CidadeMarketing","description":"Somos um ve\u00edculo de comunica\u00e7\u00e3o de destaque no Brasil, reconhecido por conte\u00fados nos segmentos de marketing, empreendedorismo e inova\u00e7\u00e3o.","publisher":{"@id":"https:\/\/www.cidademarketing.com.br\/marketing\/#organization"},"alternateName":"CidadeMarketing","potentialAction":[{"@type":"SearchAction","target":{"@type":"EntryPoint","urlTemplate":"https:\/\/www.cidademarketing.com.br\/marketing\/?s={search_term_string}"},"query-input":{"@type":"PropertyValueSpecification","valueRequired":true,"valueName":"search_term_string"}}],"inLanguage":"pt-BR"},{"@type":"Organization","@id":"https:\/\/www.cidademarketing.com.br\/marketing\/#organization","name":"CidadeMarketing","alternateName":"CidadeMarketing","url":"https:\/\/www.cidademarketing.com.br\/marketing\/","logo":{"@type":"ImageObject","inLanguage":"pt-BR","@id":"https:\/\/www.cidademarketing.com.br\/marketing\/#\/schema\/logo\/image\/","url":"https:\/\/www.cidademarketing.com.br\/marketing\/wp-content\/uploads\/2020\/01\/cidademarketing_marca_mobile.png","contentUrl":"https:\/\/www.cidademarketing.com.br\/marketing\/wp-content\/uploads\/2020\/01\/cidademarketing_marca_mobile.png","width":230,"height":92,"caption":"CidadeMarketing"},"image":{"@id":"https:\/\/www.cidademarketing.com.br\/marketing\/#\/schema\/logo\/image\/"},"sameAs":["https:\/\/www.facebook.com\/portalcidademarketing","https:\/\/x.com\/CidadeMarketing","https:\/\/www.instagram.com\/cidademarketing\/"]},{"@type":"Person","@id":"https:\/\/www.cidademarketing.com.br\/marketing\/#\/schema\/person\/02daff9f18bd9378c9e01eb6b2db155f","name":"Thales Brand\u00e3o","image":{"@type":"ImageObject","inLanguage":"pt-BR","@id":"https:\/\/secure.gravatar.com\/avatar\/7ca3206950207cc3cb48feec56a8a7898741ab725c368d99d5d7a5a50aab80c6?s=96&d=mm&r=g","url":"https:\/\/secure.gravatar.com\/avatar\/7ca3206950207cc3cb48feec56a8a7898741ab725c368d99d5d7a5a50aab80c6?s=96&d=mm&r=g","contentUrl":"https:\/\/secure.gravatar.com\/avatar\/7ca3206950207cc3cb48feec56a8a7898741ab725c368d99d5d7a5a50aab80c6?s=96&d=mm&r=g","caption":"Thales Brand\u00e3o"},"description":"Editor Executivo do Portal CidadeMarketing.com.br &gt; Mestre em Comunica\u00e7\u00e3o e Sociedade pela Universidade Federal de Sergipe. Possui MBA Executivo em Administra\u00e7\u00e3o com \u00eanfase em Marketing pela Funda\u00e7\u00e3o Get\u00falio Vargas - Rio de Janeiro. Consultor, Palestrante e Pesquisador sobre Empreendedorismo, Marketing, Redes Sociais e Neg\u00f3cios Digitais. Professor, Palestrante TedxTalks e Campus Party. Twitter: @ThalesBrandao","sameAs":["http:\/\/www.mandacaru.com.br","https:\/\/www.facebook.com\/thalesbrandao","http:\/\/www.instagram.com.br\/thalesbrandaoferreira","https:\/\/www.linkedin.com\/in\/thales-brand\u00e3o-3948609\/","https:\/\/x.com\/http:\/\/www.twitter.com\/thalesbrandao"],"url":"https:\/\/www.cidademarketing.com.br\/marketing\/author\/thalesbrandao\/"}]}},"amp_enabled":true,"_links":{"self":[{"href":"https:\/\/www.cidademarketing.com.br\/marketing\/wp-json\/wp\/v2\/posts\/2833","targetHints":{"allow":["GET"]}}],"collection":[{"href":"https:\/\/www.cidademarketing.com.br\/marketing\/wp-json\/wp\/v2\/posts"}],"about":[{"href":"https:\/\/www.cidademarketing.com.br\/marketing\/wp-json\/wp\/v2\/types\/post"}],"author":[{"embeddable":true,"href":"https:\/\/www.cidademarketing.com.br\/marketing\/wp-json\/wp\/v2\/users\/1"}],"replies":[{"embeddable":true,"href":"https:\/\/www.cidademarketing.com.br\/marketing\/wp-json\/wp\/v2\/comments?post=2833"}],"version-history":[{"count":1,"href":"https:\/\/www.cidademarketing.com.br\/marketing\/wp-json\/wp\/v2\/posts\/2833\/revisions"}],"predecessor-version":[{"id":2835,"href":"https:\/\/www.cidademarketing.com.br\/marketing\/wp-json\/wp\/v2\/posts\/2833\/revisions\/2835"}],"wp:featuredmedia":[{"embeddable":true,"href":"https:\/\/www.cidademarketing.com.br\/marketing\/wp-json\/wp\/v2\/media\/2834"}],"wp:attachment":[{"href":"https:\/\/www.cidademarketing.com.br\/marketing\/wp-json\/wp\/v2\/media?parent=2833"}],"wp:term":[{"taxonomy":"category","embeddable":true,"href":"https:\/\/www.cidademarketing.com.br\/marketing\/wp-json\/wp\/v2\/categories?post=2833"},{"taxonomy":"post_tag","embeddable":true,"href":"https:\/\/www.cidademarketing.com.br\/marketing\/wp-json\/wp\/v2\/tags?post=2833"}],"curies":[{"name":"wp","href":"https:\/\/api.w.org\/{rel}","templated":true}]}}