{"id":28295,"date":"2021-09-01T00:58:35","date_gmt":"2021-09-01T03:58:35","guid":{"rendered":"https:\/\/www.cidademarketing.com.br\/marketing\/?p=28295"},"modified":"2021-09-01T00:58:38","modified_gmt":"2021-09-01T03:58:38","slug":"brf-anuncia-politica-de-compra-sustentavel-de-graos","status":"publish","type":"post","link":"https:\/\/www.cidademarketing.com.br\/marketing\/2021\/09\/01\/brf-anuncia-politica-de-compra-sustentavel-de-graos\/","title":{"rendered":"BRF anuncia Pol\u00edtica de Compra Sustent\u00e1vel de Gr\u00e3os"},"content":{"rendered":"\n<p>A BRF, uma das maiores companhias de alimentos do mundo, acaba de publicar sua Pol\u00edtica de Compra Sustent\u00e1vel de Gr\u00e3os. Alinhada ao compromisso assumido publicamente em 2020, de garantir a rastreabilidade de 100% dos gr\u00e3os adquiridos na Amaz\u00f4nia e no Cerrado at\u00e9 2025, a Pol\u00edtica refor\u00e7a o objetivo da empresa em ter uma cadeia de fornecimento mais sustent\u00e1vel, atuando com a implementa\u00e7\u00e3o de diretrizes, por exemplo, em prol do desmatamento zero no bioma Amaz\u00f4nico. A Pol\u00edtica est\u00e1 ainda em sintonia com uma das frentes de a\u00e7\u00e3o para a Companhia se tornar Net Zero at\u00e9 2040.<\/p>\n\n\n\n<p>\u201cEstamos dando mais um passo que refor\u00e7a nosso compromisso com a sustentabilidade. Aperfei\u00e7oando nossos processos e trabalhando em prol do meio ambiente e no combate ao desmatamento. A Pol\u00edtica mostra que a gest\u00e3o sustent\u00e1vel \u00e9 uma pr\u00e1tica inegoci\u00e1vel de trabalho da Companhia, com foco na utiliza\u00e7\u00e3o dos recursos naturais de forma consciente e eficiente\u201d, declara Grazielle Parenti, vice-presidente global de Rela\u00e7\u00f5es Institucionais e Sustentabilidade da BRF.<\/p>\n\n\n\n<p>Sob responsabilidade das vice-presid\u00eancias de Rela\u00e7\u00f5es Institucionais e Sustentabilidade e de Planejamento Integrado e Log\u00edstica, a nova Pol\u00edtica define procedimentos de compra de gr\u00e3os com os parceiros de neg\u00f3cios em \u00e1reas de alta vulnerabilidade social e ambiental, com risco de desmatamento. Determina ainda diretrizes no que diz respeito aos compromissos estabelecidos, bem como os princ\u00edpios a serem aplicados no neg\u00f3cio, com foco na incorpora\u00e7\u00e3o de aspectos ambientais, sociais e pr\u00e1ticas sustent\u00e1veis para gest\u00e3o da cadeia de gr\u00e3os da BRF.<\/p>\n\n\n\n<p>Com a Pol\u00edtica de Compra Sustent\u00e1vel de Gr\u00e3os, a BRF refor\u00e7a sua agenda ESG e seu planejamento estrat\u00e9gico Vis\u00e3o 2030, focando em a\u00e7\u00f5es de transforma\u00e7\u00e3o positiva na cadeia, meio ambiente e nas comunidades em que a Companhia est\u00e1 inserida. Para cumprir com essas diretrizes, a Companhia conta com uma plataforma tecnol\u00f3gica que integra processos que envolvem a rastreabilidade dos produtos e analisa a origem dos gr\u00e3os adquiridos, trazendo mais transpar\u00eancia, assertividade e agilidade aos processos de compra por conectar os produtores diretamente \u00e0 BRF.<\/p>\n\n\n\n<p>\u201cEstamos cientes da nossa responsabilidade e a Pol\u00edtica de Compra Sustent\u00e1vel de Gr\u00e3os refor\u00e7a nosso compromisso com a gest\u00e3o sustent\u00e1vel da cadeia de fornecimento, pilar essencial para as opera\u00e7\u00f5es e estrat\u00e9gia da BRF. A a\u00e7\u00e3o faz ainda parte do nosso plano de neg\u00f3cios Vis\u00e3o 2030 e est\u00e1 em sintonia com uma das frentes de a\u00e7\u00e3o para nos tornar Net Zero at\u00e9 2040\u201d, Leonardo Dall\u2019Orto, vice-Presidente de Planejamento Integrado e Log\u00edstica da BRF.<\/p>\n\n\n\n<p>Para conferir a Pol\u00edtica de Compra Sustent\u00e1vel de Gr\u00e3os da BRF, basta acessar <a href=\"https:\/\/www.brf-global.com\/sustentabilidade\/cadeia-de-fornecedores\/politica-compra-sustentavel-graos\/\">aqui<\/a> ou pelo <em>QR Code <\/em>abaixo:<\/p>\n\n\n\n<figure class=\"wp-block-image size-full\"><img decoding=\"async\" width=\"194\" height=\"198\" src=\"https:\/\/www.cidademarketing.com.br\/marketing\/wp-content\/uploads\/2021\/09\/qrcode_brf.png\" alt=\"\" class=\"wp-image-28296\"\/><\/figure>\n","protected":false},"excerpt":{"rendered":"<p>A BRF, uma das maiores companhias de alimentos do mundo, acaba de publicar sua Pol\u00edtica de Compra Sustent\u00e1vel de Gr\u00e3os. Alinhada ao compromisso assumido publicamente em 2020, de garantir a rastreabilidade de 100% dos gr\u00e3os adquiridos na Amaz\u00f4nia e no Cerrado at\u00e9 2025, a Pol\u00edtica refor\u00e7a o objetivo da empresa em ter uma cadeia de [&hellip;]<\/p>\n","protected":false},"author":1,"featured_media":18638,"comment_status":"open","ping_status":"open","sticky":false,"template":"","format":"standard","meta":{"tdm_status":"","tdm_grid_status":"","footnotes":""},"categories":[6],"tags":[112,33,28,1744,176],"class_list":["post-28295","post","type-post","status-publish","format-standard","has-post-thumbnail","hentry","category-noticias","tag-brf","tag-estrategia","tag-marketing","tag-planejamento","tag-sustentabilidade"],"yoast_head":"<!-- This site is optimized with the Yoast SEO plugin v27.5 - https:\/\/yoast.com\/product\/yoast-seo-wordpress\/ -->\n<title>BRF anuncia Pol\u00edtica de Compra Sustent\u00e1vel de Gr\u00e3os - CidadeMarketing<\/title>\n<meta name=\"robots\" content=\"index, follow, max-snippet:-1, max-image-preview:large, max-video-preview:-1\" \/>\n<link rel=\"canonical\" href=\"https:\/\/www.cidademarketing.com.br\/marketing\/2021\/09\/01\/brf-anuncia-politica-de-compra-sustentavel-de-graos\/\" \/>\n<meta property=\"og:locale\" content=\"pt_BR\" \/>\n<meta property=\"og:type\" content=\"article\" \/>\n<meta property=\"og:title\" content=\"BRF anuncia Pol\u00edtica de Compra Sustent\u00e1vel de Gr\u00e3os - CidadeMarketing\" \/>\n<meta property=\"og:description\" content=\"A BRF, uma das maiores companhias de alimentos do mundo, acaba de publicar sua Pol\u00edtica de Compra Sustent\u00e1vel de Gr\u00e3os. Alinhada ao compromisso assumido publicamente em 2020, de garantir a rastreabilidade de 100% dos gr\u00e3os adquiridos na Amaz\u00f4nia e no Cerrado at\u00e9 2025, a Pol\u00edtica refor\u00e7a o objetivo da empresa em ter uma cadeia de [&hellip;]\" \/>\n<meta property=\"og:url\" content=\"https:\/\/www.cidademarketing.com.br\/marketing\/2021\/09\/01\/brf-anuncia-politica-de-compra-sustentavel-de-graos\/\" \/>\n<meta property=\"og:site_name\" content=\"CidadeMarketing\" \/>\n<meta property=\"article:publisher\" content=\"https:\/\/www.facebook.com\/portalcidademarketing\" \/>\n<meta property=\"article:author\" content=\"https:\/\/www.facebook.com\/thalesbrandao\" \/>\n<meta property=\"article:published_time\" content=\"2021-09-01T03:58:35+00:00\" \/>\n<meta property=\"article:modified_time\" content=\"2021-09-01T03:58:38+00:00\" \/>\n<meta property=\"og:image\" content=\"https:\/\/www.cidademarketing.com.br\/marketing\/wp-content\/uploads\/2020\/09\/brf_producao-scaled.jpg\" \/>\n\t<meta property=\"og:image:width\" content=\"2560\" \/>\n\t<meta property=\"og:image:height\" content=\"1920\" \/>\n\t<meta property=\"og:image:type\" content=\"image\/jpeg\" \/>\n<meta name=\"author\" content=\"Thales Brand\u00e3o\" \/>\n<meta name=\"twitter:card\" content=\"summary_large_image\" \/>\n<meta name=\"twitter:creator\" content=\"@http:\/\/www.twitter.com\/thalesbrandao\" \/>\n<meta name=\"twitter:site\" content=\"@CidadeMarketing\" \/>\n<meta name=\"twitter:label1\" content=\"Escrito por\" \/>\n\t<meta name=\"twitter:data1\" content=\"Thales Brand\u00e3o\" \/>\n\t<meta name=\"twitter:label2\" content=\"Est. tempo de leitura\" \/>\n\t<meta name=\"twitter:data2\" content=\"2 minutos\" \/>\n<script type=\"application\/ld+json\" class=\"yoast-schema-graph\">{\"@context\":\"https:\\\/\\\/schema.org\",\"@graph\":[{\"@type\":\"Article\",\"@id\":\"https:\\\/\\\/www.cidademarketing.com.br\\\/marketing\\\/2021\\\/09\\\/01\\\/brf-anuncia-politica-de-compra-sustentavel-de-graos\\\/#article\",\"isPartOf\":{\"@id\":\"https:\\\/\\\/www.cidademarketing.com.br\\\/marketing\\\/2021\\\/09\\\/01\\\/brf-anuncia-politica-de-compra-sustentavel-de-graos\\\/\"},\"author\":{\"name\":\"Thales Brand\u00e3o\",\"@id\":\"https:\\\/\\\/www.cidademarketing.com.br\\\/marketing\\\/#\\\/schema\\\/person\\\/02daff9f18bd9378c9e01eb6b2db155f\"},\"headline\":\"BRF anuncia Pol\u00edtica de Compra Sustent\u00e1vel de Gr\u00e3os\",\"datePublished\":\"2021-09-01T03:58:35+00:00\",\"dateModified\":\"2021-09-01T03:58:38+00:00\",\"mainEntityOfPage\":{\"@id\":\"https:\\\/\\\/www.cidademarketing.com.br\\\/marketing\\\/2021\\\/09\\\/01\\\/brf-anuncia-politica-de-compra-sustentavel-de-graos\\\/\"},\"wordCount\":479,\"commentCount\":0,\"publisher\":{\"@id\":\"https:\\\/\\\/www.cidademarketing.com.br\\\/marketing\\\/#organization\"},\"image\":{\"@id\":\"https:\\\/\\\/www.cidademarketing.com.br\\\/marketing\\\/2021\\\/09\\\/01\\\/brf-anuncia-politica-de-compra-sustentavel-de-graos\\\/#primaryimage\"},\"thumbnailUrl\":\"https:\\\/\\\/www.cidademarketing.com.br\\\/marketing\\\/wp-content\\\/uploads\\\/2020\\\/09\\\/brf_producao-scaled.jpg\",\"keywords\":[\"BRF\",\"estrat\u00e9gia\",\"marketing\",\"planejamento\",\"sustentabilidade\"],\"articleSection\":[\"Not\u00edcias\"],\"inLanguage\":\"pt-BR\",\"potentialAction\":[{\"@type\":\"CommentAction\",\"name\":\"Comment\",\"target\":[\"https:\\\/\\\/www.cidademarketing.com.br\\\/marketing\\\/2021\\\/09\\\/01\\\/brf-anuncia-politica-de-compra-sustentavel-de-graos\\\/#respond\"]}]},{\"@type\":\"WebPage\",\"@id\":\"https:\\\/\\\/www.cidademarketing.com.br\\\/marketing\\\/2021\\\/09\\\/01\\\/brf-anuncia-politica-de-compra-sustentavel-de-graos\\\/\",\"url\":\"https:\\\/\\\/www.cidademarketing.com.br\\\/marketing\\\/2021\\\/09\\\/01\\\/brf-anuncia-politica-de-compra-sustentavel-de-graos\\\/\",\"name\":\"BRF anuncia Pol\u00edtica de Compra Sustent\u00e1vel de Gr\u00e3os - CidadeMarketing\",\"isPartOf\":{\"@id\":\"https:\\\/\\\/www.cidademarketing.com.br\\\/marketing\\\/#website\"},\"primaryImageOfPage\":{\"@id\":\"https:\\\/\\\/www.cidademarketing.com.br\\\/marketing\\\/2021\\\/09\\\/01\\\/brf-anuncia-politica-de-compra-sustentavel-de-graos\\\/#primaryimage\"},\"image\":{\"@id\":\"https:\\\/\\\/www.cidademarketing.com.br\\\/marketing\\\/2021\\\/09\\\/01\\\/brf-anuncia-politica-de-compra-sustentavel-de-graos\\\/#primaryimage\"},\"thumbnailUrl\":\"https:\\\/\\\/www.cidademarketing.com.br\\\/marketing\\\/wp-content\\\/uploads\\\/2020\\\/09\\\/brf_producao-scaled.jpg\",\"datePublished\":\"2021-09-01T03:58:35+00:00\",\"dateModified\":\"2021-09-01T03:58:38+00:00\",\"breadcrumb\":{\"@id\":\"https:\\\/\\\/www.cidademarketing.com.br\\\/marketing\\\/2021\\\/09\\\/01\\\/brf-anuncia-politica-de-compra-sustentavel-de-graos\\\/#breadcrumb\"},\"inLanguage\":\"pt-BR\",\"potentialAction\":[{\"@type\":\"ReadAction\",\"target\":[\"https:\\\/\\\/www.cidademarketing.com.br\\\/marketing\\\/2021\\\/09\\\/01\\\/brf-anuncia-politica-de-compra-sustentavel-de-graos\\\/\"]}]},{\"@type\":\"ImageObject\",\"inLanguage\":\"pt-BR\",\"@id\":\"https:\\\/\\\/www.cidademarketing.com.br\\\/marketing\\\/2021\\\/09\\\/01\\\/brf-anuncia-politica-de-compra-sustentavel-de-graos\\\/#primaryimage\",\"url\":\"https:\\\/\\\/www.cidademarketing.com.br\\\/marketing\\\/wp-content\\\/uploads\\\/2020\\\/09\\\/brf_producao-scaled.jpg\",\"contentUrl\":\"https:\\\/\\\/www.cidademarketing.com.br\\\/marketing\\\/wp-content\\\/uploads\\\/2020\\\/09\\\/brf_producao-scaled.jpg\",\"width\":2560,\"height\":1920,\"caption\":\"Divulga\u00e7\u00e3o\"},{\"@type\":\"BreadcrumbList\",\"@id\":\"https:\\\/\\\/www.cidademarketing.com.br\\\/marketing\\\/2021\\\/09\\\/01\\\/brf-anuncia-politica-de-compra-sustentavel-de-graos\\\/#breadcrumb\",\"itemListElement\":[{\"@type\":\"ListItem\",\"position\":1,\"name\":\"In\u00edcio\",\"item\":\"https:\\\/\\\/www.cidademarketing.com.br\\\/marketing\\\/\"},{\"@type\":\"ListItem\",\"position\":2,\"name\":\"BRF anuncia Pol\u00edtica de Compra Sustent\u00e1vel de Gr\u00e3os\"}]},{\"@type\":\"WebSite\",\"@id\":\"https:\\\/\\\/www.cidademarketing.com.br\\\/marketing\\\/#website\",\"url\":\"https:\\\/\\\/www.cidademarketing.com.br\\\/marketing\\\/\",\"name\":\"CidadeMarketing\",\"description\":\"Somos um ve\u00edculo de comunica\u00e7\u00e3o de destaque no Brasil, reconhecido por conte\u00fados nos segmentos de marketing, empreendedorismo e inova\u00e7\u00e3o.\",\"publisher\":{\"@id\":\"https:\\\/\\\/www.cidademarketing.com.br\\\/marketing\\\/#organization\"},\"alternateName\":\"CidadeMarketing\",\"potentialAction\":[{\"@type\":\"SearchAction\",\"target\":{\"@type\":\"EntryPoint\",\"urlTemplate\":\"https:\\\/\\\/www.cidademarketing.com.br\\\/marketing\\\/?s={search_term_string}\"},\"query-input\":{\"@type\":\"PropertyValueSpecification\",\"valueRequired\":true,\"valueName\":\"search_term_string\"}}],\"inLanguage\":\"pt-BR\"},{\"@type\":\"Organization\",\"@id\":\"https:\\\/\\\/www.cidademarketing.com.br\\\/marketing\\\/#organization\",\"name\":\"CidadeMarketing\",\"alternateName\":\"CidadeMarketing\",\"url\":\"https:\\\/\\\/www.cidademarketing.com.br\\\/marketing\\\/\",\"logo\":{\"@type\":\"ImageObject\",\"inLanguage\":\"pt-BR\",\"@id\":\"https:\\\/\\\/www.cidademarketing.com.br\\\/marketing\\\/#\\\/schema\\\/logo\\\/image\\\/\",\"url\":\"https:\\\/\\\/www.cidademarketing.com.br\\\/marketing\\\/wp-content\\\/uploads\\\/2020\\\/01\\\/cidademarketing_marca_mobile.png\",\"contentUrl\":\"https:\\\/\\\/www.cidademarketing.com.br\\\/marketing\\\/wp-content\\\/uploads\\\/2020\\\/01\\\/cidademarketing_marca_mobile.png\",\"width\":230,\"height\":92,\"caption\":\"CidadeMarketing\"},\"image\":{\"@id\":\"https:\\\/\\\/www.cidademarketing.com.br\\\/marketing\\\/#\\\/schema\\\/logo\\\/image\\\/\"},\"sameAs\":[\"https:\\\/\\\/www.facebook.com\\\/portalcidademarketing\",\"https:\\\/\\\/x.com\\\/CidadeMarketing\",\"https:\\\/\\\/www.instagram.com\\\/cidademarketing\\\/\"]},{\"@type\":\"Person\",\"@id\":\"https:\\\/\\\/www.cidademarketing.com.br\\\/marketing\\\/#\\\/schema\\\/person\\\/02daff9f18bd9378c9e01eb6b2db155f\",\"name\":\"Thales Brand\u00e3o\",\"image\":{\"@type\":\"ImageObject\",\"inLanguage\":\"pt-BR\",\"@id\":\"https:\\\/\\\/secure.gravatar.com\\\/avatar\\\/7ca3206950207cc3cb48feec56a8a7898741ab725c368d99d5d7a5a50aab80c6?s=96&d=mm&r=g\",\"url\":\"https:\\\/\\\/secure.gravatar.com\\\/avatar\\\/7ca3206950207cc3cb48feec56a8a7898741ab725c368d99d5d7a5a50aab80c6?s=96&d=mm&r=g\",\"contentUrl\":\"https:\\\/\\\/secure.gravatar.com\\\/avatar\\\/7ca3206950207cc3cb48feec56a8a7898741ab725c368d99d5d7a5a50aab80c6?s=96&d=mm&r=g\",\"caption\":\"Thales Brand\u00e3o\"},\"description\":\"Editor Executivo do Portal CidadeMarketing.com.br &gt; Mestre em Comunica\u00e7\u00e3o e Sociedade pela Universidade Federal de Sergipe. Possui MBA Executivo em Administra\u00e7\u00e3o com \u00eanfase em Marketing pela Funda\u00e7\u00e3o Get\u00falio Vargas - Rio de Janeiro. Consultor, Palestrante e Pesquisador sobre Empreendedorismo, Marketing, Redes Sociais e Neg\u00f3cios Digitais. Professor, Palestrante TedxTalks e Campus Party. Twitter: @ThalesBrandao\",\"sameAs\":[\"http:\\\/\\\/www.mandacaru.com.br\",\"https:\\\/\\\/www.facebook.com\\\/thalesbrandao\",\"http:\\\/\\\/www.instagram.com.br\\\/thalesbrandaoferreira\",\"https:\\\/\\\/www.linkedin.com\\\/in\\\/thales-brand\u00e3o-3948609\\\/\",\"https:\\\/\\\/x.com\\\/http:\\\/\\\/www.twitter.com\\\/thalesbrandao\"],\"url\":\"https:\\\/\\\/www.cidademarketing.com.br\\\/marketing\\\/author\\\/thalesbrandao\\\/\"}]}<\/script>\n<!-- \/ Yoast SEO plugin. -->","yoast_head_json":{"title":"BRF anuncia Pol\u00edtica de Compra Sustent\u00e1vel de Gr\u00e3os - CidadeMarketing","robots":{"index":"index","follow":"follow","max-snippet":"max-snippet:-1","max-image-preview":"max-image-preview:large","max-video-preview":"max-video-preview:-1"},"canonical":"https:\/\/www.cidademarketing.com.br\/marketing\/2021\/09\/01\/brf-anuncia-politica-de-compra-sustentavel-de-graos\/","og_locale":"pt_BR","og_type":"article","og_title":"BRF anuncia Pol\u00edtica de Compra Sustent\u00e1vel de Gr\u00e3os - CidadeMarketing","og_description":"A BRF, uma das maiores companhias de alimentos do mundo, acaba de publicar sua Pol\u00edtica de Compra Sustent\u00e1vel de Gr\u00e3os. Alinhada ao compromisso assumido publicamente em 2020, de garantir a rastreabilidade de 100% dos gr\u00e3os adquiridos na Amaz\u00f4nia e no Cerrado at\u00e9 2025, a Pol\u00edtica refor\u00e7a o objetivo da empresa em ter uma cadeia de [&hellip;]","og_url":"https:\/\/www.cidademarketing.com.br\/marketing\/2021\/09\/01\/brf-anuncia-politica-de-compra-sustentavel-de-graos\/","og_site_name":"CidadeMarketing","article_publisher":"https:\/\/www.facebook.com\/portalcidademarketing","article_author":"https:\/\/www.facebook.com\/thalesbrandao","article_published_time":"2021-09-01T03:58:35+00:00","article_modified_time":"2021-09-01T03:58:38+00:00","og_image":[{"width":2560,"height":1920,"url":"https:\/\/www.cidademarketing.com.br\/marketing\/wp-content\/uploads\/2020\/09\/brf_producao-scaled.jpg","type":"image\/jpeg"}],"author":"Thales Brand\u00e3o","twitter_card":"summary_large_image","twitter_creator":"@http:\/\/www.twitter.com\/thalesbrandao","twitter_site":"@CidadeMarketing","twitter_misc":{"Escrito por":"Thales Brand\u00e3o","Est. tempo de leitura":"2 minutos"},"schema":{"@context":"https:\/\/schema.org","@graph":[{"@type":"Article","@id":"https:\/\/www.cidademarketing.com.br\/marketing\/2021\/09\/01\/brf-anuncia-politica-de-compra-sustentavel-de-graos\/#article","isPartOf":{"@id":"https:\/\/www.cidademarketing.com.br\/marketing\/2021\/09\/01\/brf-anuncia-politica-de-compra-sustentavel-de-graos\/"},"author":{"name":"Thales Brand\u00e3o","@id":"https:\/\/www.cidademarketing.com.br\/marketing\/#\/schema\/person\/02daff9f18bd9378c9e01eb6b2db155f"},"headline":"BRF anuncia Pol\u00edtica de Compra Sustent\u00e1vel de Gr\u00e3os","datePublished":"2021-09-01T03:58:35+00:00","dateModified":"2021-09-01T03:58:38+00:00","mainEntityOfPage":{"@id":"https:\/\/www.cidademarketing.com.br\/marketing\/2021\/09\/01\/brf-anuncia-politica-de-compra-sustentavel-de-graos\/"},"wordCount":479,"commentCount":0,"publisher":{"@id":"https:\/\/www.cidademarketing.com.br\/marketing\/#organization"},"image":{"@id":"https:\/\/www.cidademarketing.com.br\/marketing\/2021\/09\/01\/brf-anuncia-politica-de-compra-sustentavel-de-graos\/#primaryimage"},"thumbnailUrl":"https:\/\/www.cidademarketing.com.br\/marketing\/wp-content\/uploads\/2020\/09\/brf_producao-scaled.jpg","keywords":["BRF","estrat\u00e9gia","marketing","planejamento","sustentabilidade"],"articleSection":["Not\u00edcias"],"inLanguage":"pt-BR","potentialAction":[{"@type":"CommentAction","name":"Comment","target":["https:\/\/www.cidademarketing.com.br\/marketing\/2021\/09\/01\/brf-anuncia-politica-de-compra-sustentavel-de-graos\/#respond"]}]},{"@type":"WebPage","@id":"https:\/\/www.cidademarketing.com.br\/marketing\/2021\/09\/01\/brf-anuncia-politica-de-compra-sustentavel-de-graos\/","url":"https:\/\/www.cidademarketing.com.br\/marketing\/2021\/09\/01\/brf-anuncia-politica-de-compra-sustentavel-de-graos\/","name":"BRF anuncia Pol\u00edtica de Compra Sustent\u00e1vel de Gr\u00e3os - CidadeMarketing","isPartOf":{"@id":"https:\/\/www.cidademarketing.com.br\/marketing\/#website"},"primaryImageOfPage":{"@id":"https:\/\/www.cidademarketing.com.br\/marketing\/2021\/09\/01\/brf-anuncia-politica-de-compra-sustentavel-de-graos\/#primaryimage"},"image":{"@id":"https:\/\/www.cidademarketing.com.br\/marketing\/2021\/09\/01\/brf-anuncia-politica-de-compra-sustentavel-de-graos\/#primaryimage"},"thumbnailUrl":"https:\/\/www.cidademarketing.com.br\/marketing\/wp-content\/uploads\/2020\/09\/brf_producao-scaled.jpg","datePublished":"2021-09-01T03:58:35+00:00","dateModified":"2021-09-01T03:58:38+00:00","breadcrumb":{"@id":"https:\/\/www.cidademarketing.com.br\/marketing\/2021\/09\/01\/brf-anuncia-politica-de-compra-sustentavel-de-graos\/#breadcrumb"},"inLanguage":"pt-BR","potentialAction":[{"@type":"ReadAction","target":["https:\/\/www.cidademarketing.com.br\/marketing\/2021\/09\/01\/brf-anuncia-politica-de-compra-sustentavel-de-graos\/"]}]},{"@type":"ImageObject","inLanguage":"pt-BR","@id":"https:\/\/www.cidademarketing.com.br\/marketing\/2021\/09\/01\/brf-anuncia-politica-de-compra-sustentavel-de-graos\/#primaryimage","url":"https:\/\/www.cidademarketing.com.br\/marketing\/wp-content\/uploads\/2020\/09\/brf_producao-scaled.jpg","contentUrl":"https:\/\/www.cidademarketing.com.br\/marketing\/wp-content\/uploads\/2020\/09\/brf_producao-scaled.jpg","width":2560,"height":1920,"caption":"Divulga\u00e7\u00e3o"},{"@type":"BreadcrumbList","@id":"https:\/\/www.cidademarketing.com.br\/marketing\/2021\/09\/01\/brf-anuncia-politica-de-compra-sustentavel-de-graos\/#breadcrumb","itemListElement":[{"@type":"ListItem","position":1,"name":"In\u00edcio","item":"https:\/\/www.cidademarketing.com.br\/marketing\/"},{"@type":"ListItem","position":2,"name":"BRF anuncia Pol\u00edtica de Compra Sustent\u00e1vel de Gr\u00e3os"}]},{"@type":"WebSite","@id":"https:\/\/www.cidademarketing.com.br\/marketing\/#website","url":"https:\/\/www.cidademarketing.com.br\/marketing\/","name":"CidadeMarketing","description":"Somos um ve\u00edculo de comunica\u00e7\u00e3o de destaque no Brasil, reconhecido por conte\u00fados nos segmentos de marketing, empreendedorismo e inova\u00e7\u00e3o.","publisher":{"@id":"https:\/\/www.cidademarketing.com.br\/marketing\/#organization"},"alternateName":"CidadeMarketing","potentialAction":[{"@type":"SearchAction","target":{"@type":"EntryPoint","urlTemplate":"https:\/\/www.cidademarketing.com.br\/marketing\/?s={search_term_string}"},"query-input":{"@type":"PropertyValueSpecification","valueRequired":true,"valueName":"search_term_string"}}],"inLanguage":"pt-BR"},{"@type":"Organization","@id":"https:\/\/www.cidademarketing.com.br\/marketing\/#organization","name":"CidadeMarketing","alternateName":"CidadeMarketing","url":"https:\/\/www.cidademarketing.com.br\/marketing\/","logo":{"@type":"ImageObject","inLanguage":"pt-BR","@id":"https:\/\/www.cidademarketing.com.br\/marketing\/#\/schema\/logo\/image\/","url":"https:\/\/www.cidademarketing.com.br\/marketing\/wp-content\/uploads\/2020\/01\/cidademarketing_marca_mobile.png","contentUrl":"https:\/\/www.cidademarketing.com.br\/marketing\/wp-content\/uploads\/2020\/01\/cidademarketing_marca_mobile.png","width":230,"height":92,"caption":"CidadeMarketing"},"image":{"@id":"https:\/\/www.cidademarketing.com.br\/marketing\/#\/schema\/logo\/image\/"},"sameAs":["https:\/\/www.facebook.com\/portalcidademarketing","https:\/\/x.com\/CidadeMarketing","https:\/\/www.instagram.com\/cidademarketing\/"]},{"@type":"Person","@id":"https:\/\/www.cidademarketing.com.br\/marketing\/#\/schema\/person\/02daff9f18bd9378c9e01eb6b2db155f","name":"Thales Brand\u00e3o","image":{"@type":"ImageObject","inLanguage":"pt-BR","@id":"https:\/\/secure.gravatar.com\/avatar\/7ca3206950207cc3cb48feec56a8a7898741ab725c368d99d5d7a5a50aab80c6?s=96&d=mm&r=g","url":"https:\/\/secure.gravatar.com\/avatar\/7ca3206950207cc3cb48feec56a8a7898741ab725c368d99d5d7a5a50aab80c6?s=96&d=mm&r=g","contentUrl":"https:\/\/secure.gravatar.com\/avatar\/7ca3206950207cc3cb48feec56a8a7898741ab725c368d99d5d7a5a50aab80c6?s=96&d=mm&r=g","caption":"Thales Brand\u00e3o"},"description":"Editor Executivo do Portal CidadeMarketing.com.br &gt; Mestre em Comunica\u00e7\u00e3o e Sociedade pela Universidade Federal de Sergipe. Possui MBA Executivo em Administra\u00e7\u00e3o com \u00eanfase em Marketing pela Funda\u00e7\u00e3o Get\u00falio Vargas - Rio de Janeiro. Consultor, Palestrante e Pesquisador sobre Empreendedorismo, Marketing, Redes Sociais e Neg\u00f3cios Digitais. Professor, Palestrante TedxTalks e Campus Party. Twitter: @ThalesBrandao","sameAs":["http:\/\/www.mandacaru.com.br","https:\/\/www.facebook.com\/thalesbrandao","http:\/\/www.instagram.com.br\/thalesbrandaoferreira","https:\/\/www.linkedin.com\/in\/thales-brand\u00e3o-3948609\/","https:\/\/x.com\/http:\/\/www.twitter.com\/thalesbrandao"],"url":"https:\/\/www.cidademarketing.com.br\/marketing\/author\/thalesbrandao\/"}]}},"amp_enabled":true,"_links":{"self":[{"href":"https:\/\/www.cidademarketing.com.br\/marketing\/wp-json\/wp\/v2\/posts\/28295","targetHints":{"allow":["GET"]}}],"collection":[{"href":"https:\/\/www.cidademarketing.com.br\/marketing\/wp-json\/wp\/v2\/posts"}],"about":[{"href":"https:\/\/www.cidademarketing.com.br\/marketing\/wp-json\/wp\/v2\/types\/post"}],"author":[{"embeddable":true,"href":"https:\/\/www.cidademarketing.com.br\/marketing\/wp-json\/wp\/v2\/users\/1"}],"replies":[{"embeddable":true,"href":"https:\/\/www.cidademarketing.com.br\/marketing\/wp-json\/wp\/v2\/comments?post=28295"}],"version-history":[{"count":1,"href":"https:\/\/www.cidademarketing.com.br\/marketing\/wp-json\/wp\/v2\/posts\/28295\/revisions"}],"predecessor-version":[{"id":28297,"href":"https:\/\/www.cidademarketing.com.br\/marketing\/wp-json\/wp\/v2\/posts\/28295\/revisions\/28297"}],"wp:featuredmedia":[{"embeddable":true,"href":"https:\/\/www.cidademarketing.com.br\/marketing\/wp-json\/wp\/v2\/media\/18638"}],"wp:attachment":[{"href":"https:\/\/www.cidademarketing.com.br\/marketing\/wp-json\/wp\/v2\/media?parent=28295"}],"wp:term":[{"taxonomy":"category","embeddable":true,"href":"https:\/\/www.cidademarketing.com.br\/marketing\/wp-json\/wp\/v2\/categories?post=28295"},{"taxonomy":"post_tag","embeddable":true,"href":"https:\/\/www.cidademarketing.com.br\/marketing\/wp-json\/wp\/v2\/tags?post=28295"}],"curies":[{"name":"wp","href":"https:\/\/api.w.org\/{rel}","templated":true}]}}