{"id":2824,"date":"2018-10-26T21:34:20","date_gmt":"2018-10-27T00:34:20","guid":{"rendered":"http:\/\/www.cidademarketing.com.br\/marketing\/?p=2824"},"modified":"2018-10-26T21:34:20","modified_gmt":"2018-10-27T00:34:20","slug":"o-diario-de-uma-psicologa-sem-fronteiras","status":"publish","type":"post","link":"https:\/\/www.cidademarketing.com.br\/marketing\/2018\/10\/26\/o-diario-de-uma-psicologa-sem-fronteiras\/","title":{"rendered":"O di\u00e1rio de uma psic\u00f3loga sem fronteiras"},"content":{"rendered":"<p>Em O humano do mundo, a psic\u00f3loga ga\u00facha D\u00e9bora Noal compartilha suas experi\u00eancias de trabalho junto \u00e0 maior organiza\u00e7\u00e3o m\u00e9dica de emerg\u00eancia do mundo, M\u00e9dicos Sem Fronteiras. D\u00e9bora descreve sua rotina, medos e dores de trabalhar nos lugares mais remotos, perigosos e \u201cesquecidos\u201d do planeta.<\/p>\n<p>\u201cDebora nega radicalmente as fronteiras, qualquer fronteira que n\u00e3o seja a do respeito pela dignidade da vida. O mundo inteiro \u00e9 sua casa e tamb\u00e9m sua fam\u00edlia. (&#8230;) O que voc\u00ea ler\u00e1 a seguir \u00e9 palavra encarnada. E cabe a cada um a escolha de derrubar as fronteiras que o apartam dos mundos.\u201d<\/p>\n<p>D\u00e9bora percebeu, ainda muito cedo, que a vida pode ser muitas coisas, entre elas, incoerente. H\u00e1 pessoas que tem muito. E h\u00e1 pessoas que n\u00e3o tem quase nada&#8230; ou nada. Como os haitianos, ap\u00f3s os terremotos. Como os congoleses, que vivem na mis\u00e9ria e sobrevivem a uma guerra civil sem prazo de validade. Como as milhares de pessoas \u201cpresas\u201d nos campos de refugiados da L\u00edbia. Ou como as mulheres: violentadas em qualquer regi\u00e3o do planeta, em qualquer \u00e9poca e em qualquer idade.<\/p>\n<p>Formou-se no sul do Brasil, migrou para o nordeste e, em 2008, partiu para o seu primeiro projeto junto a MSF: Gona\u00efves, no Haiti, ap\u00f3s a cidade ter sido destru\u00edda por um ciclone. Depois, viriam: uma urg\u00eancia nutricional na Guin\u00e9, um conflito armado na Rep\u00fablica Democr\u00e1tica do Congo, um terremoto no Haiti, outro conflito armado no Congo e o in\u00edcio da Primavera \u00c1rabe na L\u00edbia.<\/p>\n<p>Em apenas seis anos, D\u00e9bora esteve em 15 diferentes projetos, por oito pa\u00edses. Voltou ao Brasil, pausando sua carreira em uma das organiza\u00e7\u00f5es de maior credibilidade do mundo para pensar sobre seu trabalho e construir novas formas de cuidar do humano do mundo. Hoje, Doutoranda e\u00a0m Estrat\u00e9gias de Gest\u00e3o de Sa\u00fade P\u00fablica em Desastres pela Universidade de Bras\u00edlia, \u00e9 um dos principais nomes no pa\u00eds sobre causas humanit\u00e1rias e \u00e1reas de conflito.<\/p>\n<p>Este di\u00e1rio, transformado em livro, lhe dar\u00e1 a exata sensa\u00e7\u00e3o e o sentimento que \u00e9 estar em uma terra arrasada. Um mundo onde encontramos o ser humano em sua forma mais fragilizada seja por motivos clim\u00e1ticos ou pela irracionalidade da guerra.<\/p>\n<p>Neste texto, D\u00e9bora compartilha com os leitores experi\u00eancias \u00edntimas dessa escolha profissional e suas viv\u00eancias mais profundas, momentos de dor, conquistas e alegrias. Mais que um livro, \u201cO Humano do Mundo\u201d \u00e9 uma viagem guiada n\u00e3o s\u00f3 pela Terra, mas pra dentro de cada um n\u00f3s. Uma viagem com muitas escalas at\u00e9 aquilo nos torna HUMANOS.<\/p>\n<p><strong>Splash: 2% do valor l\u00edquido da venda deste livro ser\u00e1 revertido para M\u00e9dicos Sem Fronteiras.<\/strong><\/p>\n<p><strong>\u00a0<\/strong><strong>Ficha t\u00e9cnica <\/strong><\/p>\n<p><strong>Categoria: <\/strong>n\u00e3o-fic\u00e7\u00e3o<\/p>\n<p><strong>ISBN: <\/strong>978-85-8246-601-8<\/p>\n<p><strong>Pre\u00e7o <\/strong>sugerido: R$ 39,90<\/p>\n<p><strong>Formato: <\/strong>16x23cm<\/p>\n<p><strong>P\u00e1ginas: <\/strong>256 p\u00e1ginas<\/p>\n<p><strong>Edi\u00e7\u00e3o: <\/strong>1\u00aa<\/p>\n<p><strong>Sobre a autora<\/strong><\/p>\n<p>D\u00e9bora nasceu em 1981, em Santa Maria, no Rio Grande do Sul. Um dia ap\u00f3s receber seu diploma de psic\u00f3loga, colocou uma mochila nas costas e de l\u00e1 seguiu para encontrar o humano do mundo. A primeira parada aconteceu em 2005, no Nordeste do Brasil. Pouco tempo depois, come\u00e7ou a trabalhar com a organiza\u00e7\u00e3o humanit\u00e1ria internacional M\u00e9dicos Sem Fronteiras (MSF), e l\u00e1 permaneceu at\u00e9 2014. Em 2011, recebeu o Pr\u00eamio Jo\u00e3o Canuto, concedido a \u201cpessoas que, de alguma maneira, contribu\u00edram para a luta pelos direitos humanos\u201d e, no ano de 2013, recebeu a Medalha Sergio Vieira de Mello, \u201cpelos servi\u00e7os de excepcional relev\u00e2ncia na \u00e1rea da assist\u00eancia humanit\u00e1ria.<\/p>\n<p><strong>\u00a0<\/strong><strong>Sobre a Astral Cultural<\/strong><\/p>\n<p>A Astral Cultural \u00e9 a editora de livros do Grupo Alto Astral, fundado h\u00e1 31 anos e atualmente o segundo maior publicador de revistas do Brasil. O selo Astral Cultural foi criado em meados de 2015 e j\u00e1 lan\u00e7ou v\u00e1rios best-sellers. Em 2016, a editora recebeu o pr\u00eamio Avena Publishnews pelo terceiro livro mais vendido daquele ano: 144 mil c\u00f3pias de <em>Vivendo uma vida Aut\u00eantica<\/em>, do youtuber AuthenticGames.<\/p>\n","protected":false},"excerpt":{"rendered":"<p>Em O humano do mundo, a psic\u00f3loga ga\u00facha D\u00e9bora Noal compartilha suas experi\u00eancias de trabalho junto \u00e0 maior organiza\u00e7\u00e3o m\u00e9dica de emerg\u00eancia do mundo, M\u00e9dicos Sem Fronteiras. D\u00e9bora descreve sua rotina, medos e dores de trabalhar nos lugares mais remotos, perigosos e \u201cesquecidos\u201d do planeta. \u201cDebora nega radicalmente as fronteiras, qualquer fronteira que n\u00e3o seja [&hellip;]<\/p>\n","protected":false},"author":1,"featured_media":2825,"comment_status":"open","ping_status":"open","sticky":false,"template":"","format":"standard","meta":{"tdm_status":"","tdm_grid_status":"","footnotes":""},"categories":[16],"tags":[248,177,623,176],"class_list":["post-2824","post","type-post","status-publish","format-standard","has-post-thumbnail","hentry","category-livros","tag-livro","tag-marketing-social","tag-medicos-sem-fronteiras","tag-sustentabilidade"],"yoast_head":"<!-- This site is optimized with the Yoast SEO plugin v27.5 - https:\/\/yoast.com\/product\/yoast-seo-wordpress\/ -->\n<title>O di\u00e1rio de uma psic\u00f3loga sem fronteiras - CidadeMarketing<\/title>\n<meta name=\"robots\" content=\"index, follow, max-snippet:-1, max-image-preview:large, max-video-preview:-1\" \/>\n<link rel=\"canonical\" href=\"https:\/\/www.cidademarketing.com.br\/marketing\/2018\/10\/26\/o-diario-de-uma-psicologa-sem-fronteiras\/\" \/>\n<meta property=\"og:locale\" content=\"pt_BR\" \/>\n<meta property=\"og:type\" content=\"article\" \/>\n<meta property=\"og:title\" content=\"O di\u00e1rio de uma psic\u00f3loga sem fronteiras - CidadeMarketing\" \/>\n<meta property=\"og:description\" content=\"Em O humano do mundo, a psic\u00f3loga ga\u00facha D\u00e9bora Noal compartilha suas experi\u00eancias de trabalho junto \u00e0 maior organiza\u00e7\u00e3o m\u00e9dica de emerg\u00eancia do mundo, M\u00e9dicos Sem Fronteiras. D\u00e9bora descreve sua rotina, medos e dores de trabalhar nos lugares mais remotos, perigosos e \u201cesquecidos\u201d do planeta. \u201cDebora nega radicalmente as fronteiras, qualquer fronteira que n\u00e3o seja [&hellip;]\" \/>\n<meta property=\"og:url\" content=\"https:\/\/www.cidademarketing.com.br\/marketing\/2018\/10\/26\/o-diario-de-uma-psicologa-sem-fronteiras\/\" \/>\n<meta property=\"og:site_name\" content=\"CidadeMarketing\" \/>\n<meta property=\"article:publisher\" content=\"https:\/\/www.facebook.com\/portalcidademarketing\" \/>\n<meta property=\"article:author\" content=\"https:\/\/www.facebook.com\/thalesbrandao\" \/>\n<meta property=\"article:published_time\" content=\"2018-10-27T00:34:20+00:00\" \/>\n<meta property=\"og:image\" content=\"https:\/\/www.cidademarketing.com.br\/marketing\/wp-content\/uploads\/2018\/10\/debora_noal.jpg\" \/>\n\t<meta property=\"og:image:width\" content=\"860\" \/>\n\t<meta property=\"og:image:height\" content=\"1024\" \/>\n\t<meta property=\"og:image:type\" content=\"image\/jpeg\" \/>\n<meta name=\"author\" content=\"Thales Brand\u00e3o\" \/>\n<meta name=\"twitter:card\" content=\"summary_large_image\" \/>\n<meta name=\"twitter:creator\" content=\"@http:\/\/www.twitter.com\/thalesbrandao\" \/>\n<meta name=\"twitter:site\" content=\"@CidadeMarketing\" \/>\n<meta name=\"twitter:label1\" content=\"Escrito por\" \/>\n\t<meta name=\"twitter:data1\" content=\"Thales Brand\u00e3o\" \/>\n\t<meta name=\"twitter:label2\" content=\"Est. tempo de leitura\" \/>\n\t<meta name=\"twitter:data2\" content=\"3 minutos\" \/>\n<script type=\"application\/ld+json\" class=\"yoast-schema-graph\">{\"@context\":\"https:\\\/\\\/schema.org\",\"@graph\":[{\"@type\":\"Article\",\"@id\":\"https:\\\/\\\/www.cidademarketing.com.br\\\/marketing\\\/2018\\\/10\\\/26\\\/o-diario-de-uma-psicologa-sem-fronteiras\\\/#article\",\"isPartOf\":{\"@id\":\"https:\\\/\\\/www.cidademarketing.com.br\\\/marketing\\\/2018\\\/10\\\/26\\\/o-diario-de-uma-psicologa-sem-fronteiras\\\/\"},\"author\":{\"name\":\"Thales Brand\u00e3o\",\"@id\":\"https:\\\/\\\/www.cidademarketing.com.br\\\/marketing\\\/#\\\/schema\\\/person\\\/02daff9f18bd9378c9e01eb6b2db155f\"},\"headline\":\"O di\u00e1rio de uma psic\u00f3loga sem fronteiras\",\"datePublished\":\"2018-10-27T00:34:20+00:00\",\"mainEntityOfPage\":{\"@id\":\"https:\\\/\\\/www.cidademarketing.com.br\\\/marketing\\\/2018\\\/10\\\/26\\\/o-diario-de-uma-psicologa-sem-fronteiras\\\/\"},\"wordCount\":692,\"commentCount\":0,\"publisher\":{\"@id\":\"https:\\\/\\\/www.cidademarketing.com.br\\\/marketing\\\/#organization\"},\"image\":{\"@id\":\"https:\\\/\\\/www.cidademarketing.com.br\\\/marketing\\\/2018\\\/10\\\/26\\\/o-diario-de-uma-psicologa-sem-fronteiras\\\/#primaryimage\"},\"thumbnailUrl\":\"https:\\\/\\\/www.cidademarketing.com.br\\\/marketing\\\/wp-content\\\/uploads\\\/2018\\\/10\\\/debora_noal.jpg\",\"keywords\":[\"livro\",\"marketing social\",\"M\u00e9dicos sem Fronteiras\",\"sustentabilidade\"],\"articleSection\":[\"Livros\"],\"inLanguage\":\"pt-BR\",\"potentialAction\":[{\"@type\":\"CommentAction\",\"name\":\"Comment\",\"target\":[\"https:\\\/\\\/www.cidademarketing.com.br\\\/marketing\\\/2018\\\/10\\\/26\\\/o-diario-de-uma-psicologa-sem-fronteiras\\\/#respond\"]}]},{\"@type\":\"WebPage\",\"@id\":\"https:\\\/\\\/www.cidademarketing.com.br\\\/marketing\\\/2018\\\/10\\\/26\\\/o-diario-de-uma-psicologa-sem-fronteiras\\\/\",\"url\":\"https:\\\/\\\/www.cidademarketing.com.br\\\/marketing\\\/2018\\\/10\\\/26\\\/o-diario-de-uma-psicologa-sem-fronteiras\\\/\",\"name\":\"O di\u00e1rio de uma psic\u00f3loga sem fronteiras - CidadeMarketing\",\"isPartOf\":{\"@id\":\"https:\\\/\\\/www.cidademarketing.com.br\\\/marketing\\\/#website\"},\"primaryImageOfPage\":{\"@id\":\"https:\\\/\\\/www.cidademarketing.com.br\\\/marketing\\\/2018\\\/10\\\/26\\\/o-diario-de-uma-psicologa-sem-fronteiras\\\/#primaryimage\"},\"image\":{\"@id\":\"https:\\\/\\\/www.cidademarketing.com.br\\\/marketing\\\/2018\\\/10\\\/26\\\/o-diario-de-uma-psicologa-sem-fronteiras\\\/#primaryimage\"},\"thumbnailUrl\":\"https:\\\/\\\/www.cidademarketing.com.br\\\/marketing\\\/wp-content\\\/uploads\\\/2018\\\/10\\\/debora_noal.jpg\",\"datePublished\":\"2018-10-27T00:34:20+00:00\",\"breadcrumb\":{\"@id\":\"https:\\\/\\\/www.cidademarketing.com.br\\\/marketing\\\/2018\\\/10\\\/26\\\/o-diario-de-uma-psicologa-sem-fronteiras\\\/#breadcrumb\"},\"inLanguage\":\"pt-BR\",\"potentialAction\":[{\"@type\":\"ReadAction\",\"target\":[\"https:\\\/\\\/www.cidademarketing.com.br\\\/marketing\\\/2018\\\/10\\\/26\\\/o-diario-de-uma-psicologa-sem-fronteiras\\\/\"]}]},{\"@type\":\"ImageObject\",\"inLanguage\":\"pt-BR\",\"@id\":\"https:\\\/\\\/www.cidademarketing.com.br\\\/marketing\\\/2018\\\/10\\\/26\\\/o-diario-de-uma-psicologa-sem-fronteiras\\\/#primaryimage\",\"url\":\"https:\\\/\\\/www.cidademarketing.com.br\\\/marketing\\\/wp-content\\\/uploads\\\/2018\\\/10\\\/debora_noal.jpg\",\"contentUrl\":\"https:\\\/\\\/www.cidademarketing.com.br\\\/marketing\\\/wp-content\\\/uploads\\\/2018\\\/10\\\/debora_noal.jpg\",\"width\":860,\"height\":1024},{\"@type\":\"BreadcrumbList\",\"@id\":\"https:\\\/\\\/www.cidademarketing.com.br\\\/marketing\\\/2018\\\/10\\\/26\\\/o-diario-de-uma-psicologa-sem-fronteiras\\\/#breadcrumb\",\"itemListElement\":[{\"@type\":\"ListItem\",\"position\":1,\"name\":\"In\u00edcio\",\"item\":\"https:\\\/\\\/www.cidademarketing.com.br\\\/marketing\\\/\"},{\"@type\":\"ListItem\",\"position\":2,\"name\":\"O di\u00e1rio de uma psic\u00f3loga sem fronteiras\"}]},{\"@type\":\"WebSite\",\"@id\":\"https:\\\/\\\/www.cidademarketing.com.br\\\/marketing\\\/#website\",\"url\":\"https:\\\/\\\/www.cidademarketing.com.br\\\/marketing\\\/\",\"name\":\"CidadeMarketing\",\"description\":\"Somos um ve\u00edculo de comunica\u00e7\u00e3o de destaque no Brasil, reconhecido por conte\u00fados nos segmentos de marketing, empreendedorismo e inova\u00e7\u00e3o.\",\"publisher\":{\"@id\":\"https:\\\/\\\/www.cidademarketing.com.br\\\/marketing\\\/#organization\"},\"alternateName\":\"CidadeMarketing\",\"potentialAction\":[{\"@type\":\"SearchAction\",\"target\":{\"@type\":\"EntryPoint\",\"urlTemplate\":\"https:\\\/\\\/www.cidademarketing.com.br\\\/marketing\\\/?s={search_term_string}\"},\"query-input\":{\"@type\":\"PropertyValueSpecification\",\"valueRequired\":true,\"valueName\":\"search_term_string\"}}],\"inLanguage\":\"pt-BR\"},{\"@type\":\"Organization\",\"@id\":\"https:\\\/\\\/www.cidademarketing.com.br\\\/marketing\\\/#organization\",\"name\":\"CidadeMarketing\",\"alternateName\":\"CidadeMarketing\",\"url\":\"https:\\\/\\\/www.cidademarketing.com.br\\\/marketing\\\/\",\"logo\":{\"@type\":\"ImageObject\",\"inLanguage\":\"pt-BR\",\"@id\":\"https:\\\/\\\/www.cidademarketing.com.br\\\/marketing\\\/#\\\/schema\\\/logo\\\/image\\\/\",\"url\":\"https:\\\/\\\/www.cidademarketing.com.br\\\/marketing\\\/wp-content\\\/uploads\\\/2020\\\/01\\\/cidademarketing_marca_mobile.png\",\"contentUrl\":\"https:\\\/\\\/www.cidademarketing.com.br\\\/marketing\\\/wp-content\\\/uploads\\\/2020\\\/01\\\/cidademarketing_marca_mobile.png\",\"width\":230,\"height\":92,\"caption\":\"CidadeMarketing\"},\"image\":{\"@id\":\"https:\\\/\\\/www.cidademarketing.com.br\\\/marketing\\\/#\\\/schema\\\/logo\\\/image\\\/\"},\"sameAs\":[\"https:\\\/\\\/www.facebook.com\\\/portalcidademarketing\",\"https:\\\/\\\/x.com\\\/CidadeMarketing\",\"https:\\\/\\\/www.instagram.com\\\/cidademarketing\\\/\"]},{\"@type\":\"Person\",\"@id\":\"https:\\\/\\\/www.cidademarketing.com.br\\\/marketing\\\/#\\\/schema\\\/person\\\/02daff9f18bd9378c9e01eb6b2db155f\",\"name\":\"Thales Brand\u00e3o\",\"image\":{\"@type\":\"ImageObject\",\"inLanguage\":\"pt-BR\",\"@id\":\"https:\\\/\\\/secure.gravatar.com\\\/avatar\\\/7ca3206950207cc3cb48feec56a8a7898741ab725c368d99d5d7a5a50aab80c6?s=96&d=mm&r=g\",\"url\":\"https:\\\/\\\/secure.gravatar.com\\\/avatar\\\/7ca3206950207cc3cb48feec56a8a7898741ab725c368d99d5d7a5a50aab80c6?s=96&d=mm&r=g\",\"contentUrl\":\"https:\\\/\\\/secure.gravatar.com\\\/avatar\\\/7ca3206950207cc3cb48feec56a8a7898741ab725c368d99d5d7a5a50aab80c6?s=96&d=mm&r=g\",\"caption\":\"Thales Brand\u00e3o\"},\"description\":\"Editor Executivo do Portal CidadeMarketing.com.br &gt; Mestre em Comunica\u00e7\u00e3o e Sociedade pela Universidade Federal de Sergipe. Possui MBA Executivo em Administra\u00e7\u00e3o com \u00eanfase em Marketing pela Funda\u00e7\u00e3o Get\u00falio Vargas - Rio de Janeiro. Consultor, Palestrante e Pesquisador sobre Empreendedorismo, Marketing, Redes Sociais e Neg\u00f3cios Digitais. Professor, Palestrante TedxTalks e Campus Party. Twitter: @ThalesBrandao\",\"sameAs\":[\"http:\\\/\\\/www.mandacaru.com.br\",\"https:\\\/\\\/www.facebook.com\\\/thalesbrandao\",\"http:\\\/\\\/www.instagram.com.br\\\/thalesbrandaoferreira\",\"https:\\\/\\\/www.linkedin.com\\\/in\\\/thales-brand\u00e3o-3948609\\\/\",\"https:\\\/\\\/x.com\\\/http:\\\/\\\/www.twitter.com\\\/thalesbrandao\"],\"url\":\"https:\\\/\\\/www.cidademarketing.com.br\\\/marketing\\\/author\\\/thalesbrandao\\\/\"}]}<\/script>\n<!-- \/ Yoast SEO plugin. -->","yoast_head_json":{"title":"O di\u00e1rio de uma psic\u00f3loga sem fronteiras - CidadeMarketing","robots":{"index":"index","follow":"follow","max-snippet":"max-snippet:-1","max-image-preview":"max-image-preview:large","max-video-preview":"max-video-preview:-1"},"canonical":"https:\/\/www.cidademarketing.com.br\/marketing\/2018\/10\/26\/o-diario-de-uma-psicologa-sem-fronteiras\/","og_locale":"pt_BR","og_type":"article","og_title":"O di\u00e1rio de uma psic\u00f3loga sem fronteiras - CidadeMarketing","og_description":"Em O humano do mundo, a psic\u00f3loga ga\u00facha D\u00e9bora Noal compartilha suas experi\u00eancias de trabalho junto \u00e0 maior organiza\u00e7\u00e3o m\u00e9dica de emerg\u00eancia do mundo, M\u00e9dicos Sem Fronteiras. D\u00e9bora descreve sua rotina, medos e dores de trabalhar nos lugares mais remotos, perigosos e \u201cesquecidos\u201d do planeta. \u201cDebora nega radicalmente as fronteiras, qualquer fronteira que n\u00e3o seja [&hellip;]","og_url":"https:\/\/www.cidademarketing.com.br\/marketing\/2018\/10\/26\/o-diario-de-uma-psicologa-sem-fronteiras\/","og_site_name":"CidadeMarketing","article_publisher":"https:\/\/www.facebook.com\/portalcidademarketing","article_author":"https:\/\/www.facebook.com\/thalesbrandao","article_published_time":"2018-10-27T00:34:20+00:00","og_image":[{"width":860,"height":1024,"url":"https:\/\/www.cidademarketing.com.br\/marketing\/wp-content\/uploads\/2018\/10\/debora_noal.jpg","type":"image\/jpeg"}],"author":"Thales Brand\u00e3o","twitter_card":"summary_large_image","twitter_creator":"@http:\/\/www.twitter.com\/thalesbrandao","twitter_site":"@CidadeMarketing","twitter_misc":{"Escrito por":"Thales Brand\u00e3o","Est. tempo de leitura":"3 minutos"},"schema":{"@context":"https:\/\/schema.org","@graph":[{"@type":"Article","@id":"https:\/\/www.cidademarketing.com.br\/marketing\/2018\/10\/26\/o-diario-de-uma-psicologa-sem-fronteiras\/#article","isPartOf":{"@id":"https:\/\/www.cidademarketing.com.br\/marketing\/2018\/10\/26\/o-diario-de-uma-psicologa-sem-fronteiras\/"},"author":{"name":"Thales Brand\u00e3o","@id":"https:\/\/www.cidademarketing.com.br\/marketing\/#\/schema\/person\/02daff9f18bd9378c9e01eb6b2db155f"},"headline":"O di\u00e1rio de uma psic\u00f3loga sem fronteiras","datePublished":"2018-10-27T00:34:20+00:00","mainEntityOfPage":{"@id":"https:\/\/www.cidademarketing.com.br\/marketing\/2018\/10\/26\/o-diario-de-uma-psicologa-sem-fronteiras\/"},"wordCount":692,"commentCount":0,"publisher":{"@id":"https:\/\/www.cidademarketing.com.br\/marketing\/#organization"},"image":{"@id":"https:\/\/www.cidademarketing.com.br\/marketing\/2018\/10\/26\/o-diario-de-uma-psicologa-sem-fronteiras\/#primaryimage"},"thumbnailUrl":"https:\/\/www.cidademarketing.com.br\/marketing\/wp-content\/uploads\/2018\/10\/debora_noal.jpg","keywords":["livro","marketing social","M\u00e9dicos sem Fronteiras","sustentabilidade"],"articleSection":["Livros"],"inLanguage":"pt-BR","potentialAction":[{"@type":"CommentAction","name":"Comment","target":["https:\/\/www.cidademarketing.com.br\/marketing\/2018\/10\/26\/o-diario-de-uma-psicologa-sem-fronteiras\/#respond"]}]},{"@type":"WebPage","@id":"https:\/\/www.cidademarketing.com.br\/marketing\/2018\/10\/26\/o-diario-de-uma-psicologa-sem-fronteiras\/","url":"https:\/\/www.cidademarketing.com.br\/marketing\/2018\/10\/26\/o-diario-de-uma-psicologa-sem-fronteiras\/","name":"O di\u00e1rio de uma psic\u00f3loga sem fronteiras - CidadeMarketing","isPartOf":{"@id":"https:\/\/www.cidademarketing.com.br\/marketing\/#website"},"primaryImageOfPage":{"@id":"https:\/\/www.cidademarketing.com.br\/marketing\/2018\/10\/26\/o-diario-de-uma-psicologa-sem-fronteiras\/#primaryimage"},"image":{"@id":"https:\/\/www.cidademarketing.com.br\/marketing\/2018\/10\/26\/o-diario-de-uma-psicologa-sem-fronteiras\/#primaryimage"},"thumbnailUrl":"https:\/\/www.cidademarketing.com.br\/marketing\/wp-content\/uploads\/2018\/10\/debora_noal.jpg","datePublished":"2018-10-27T00:34:20+00:00","breadcrumb":{"@id":"https:\/\/www.cidademarketing.com.br\/marketing\/2018\/10\/26\/o-diario-de-uma-psicologa-sem-fronteiras\/#breadcrumb"},"inLanguage":"pt-BR","potentialAction":[{"@type":"ReadAction","target":["https:\/\/www.cidademarketing.com.br\/marketing\/2018\/10\/26\/o-diario-de-uma-psicologa-sem-fronteiras\/"]}]},{"@type":"ImageObject","inLanguage":"pt-BR","@id":"https:\/\/www.cidademarketing.com.br\/marketing\/2018\/10\/26\/o-diario-de-uma-psicologa-sem-fronteiras\/#primaryimage","url":"https:\/\/www.cidademarketing.com.br\/marketing\/wp-content\/uploads\/2018\/10\/debora_noal.jpg","contentUrl":"https:\/\/www.cidademarketing.com.br\/marketing\/wp-content\/uploads\/2018\/10\/debora_noal.jpg","width":860,"height":1024},{"@type":"BreadcrumbList","@id":"https:\/\/www.cidademarketing.com.br\/marketing\/2018\/10\/26\/o-diario-de-uma-psicologa-sem-fronteiras\/#breadcrumb","itemListElement":[{"@type":"ListItem","position":1,"name":"In\u00edcio","item":"https:\/\/www.cidademarketing.com.br\/marketing\/"},{"@type":"ListItem","position":2,"name":"O di\u00e1rio de uma psic\u00f3loga sem fronteiras"}]},{"@type":"WebSite","@id":"https:\/\/www.cidademarketing.com.br\/marketing\/#website","url":"https:\/\/www.cidademarketing.com.br\/marketing\/","name":"CidadeMarketing","description":"Somos um ve\u00edculo de comunica\u00e7\u00e3o de destaque no Brasil, reconhecido por conte\u00fados nos segmentos de marketing, empreendedorismo e inova\u00e7\u00e3o.","publisher":{"@id":"https:\/\/www.cidademarketing.com.br\/marketing\/#organization"},"alternateName":"CidadeMarketing","potentialAction":[{"@type":"SearchAction","target":{"@type":"EntryPoint","urlTemplate":"https:\/\/www.cidademarketing.com.br\/marketing\/?s={search_term_string}"},"query-input":{"@type":"PropertyValueSpecification","valueRequired":true,"valueName":"search_term_string"}}],"inLanguage":"pt-BR"},{"@type":"Organization","@id":"https:\/\/www.cidademarketing.com.br\/marketing\/#organization","name":"CidadeMarketing","alternateName":"CidadeMarketing","url":"https:\/\/www.cidademarketing.com.br\/marketing\/","logo":{"@type":"ImageObject","inLanguage":"pt-BR","@id":"https:\/\/www.cidademarketing.com.br\/marketing\/#\/schema\/logo\/image\/","url":"https:\/\/www.cidademarketing.com.br\/marketing\/wp-content\/uploads\/2020\/01\/cidademarketing_marca_mobile.png","contentUrl":"https:\/\/www.cidademarketing.com.br\/marketing\/wp-content\/uploads\/2020\/01\/cidademarketing_marca_mobile.png","width":230,"height":92,"caption":"CidadeMarketing"},"image":{"@id":"https:\/\/www.cidademarketing.com.br\/marketing\/#\/schema\/logo\/image\/"},"sameAs":["https:\/\/www.facebook.com\/portalcidademarketing","https:\/\/x.com\/CidadeMarketing","https:\/\/www.instagram.com\/cidademarketing\/"]},{"@type":"Person","@id":"https:\/\/www.cidademarketing.com.br\/marketing\/#\/schema\/person\/02daff9f18bd9378c9e01eb6b2db155f","name":"Thales Brand\u00e3o","image":{"@type":"ImageObject","inLanguage":"pt-BR","@id":"https:\/\/secure.gravatar.com\/avatar\/7ca3206950207cc3cb48feec56a8a7898741ab725c368d99d5d7a5a50aab80c6?s=96&d=mm&r=g","url":"https:\/\/secure.gravatar.com\/avatar\/7ca3206950207cc3cb48feec56a8a7898741ab725c368d99d5d7a5a50aab80c6?s=96&d=mm&r=g","contentUrl":"https:\/\/secure.gravatar.com\/avatar\/7ca3206950207cc3cb48feec56a8a7898741ab725c368d99d5d7a5a50aab80c6?s=96&d=mm&r=g","caption":"Thales Brand\u00e3o"},"description":"Editor Executivo do Portal CidadeMarketing.com.br &gt; Mestre em Comunica\u00e7\u00e3o e Sociedade pela Universidade Federal de Sergipe. Possui MBA Executivo em Administra\u00e7\u00e3o com \u00eanfase em Marketing pela Funda\u00e7\u00e3o Get\u00falio Vargas - Rio de Janeiro. Consultor, Palestrante e Pesquisador sobre Empreendedorismo, Marketing, Redes Sociais e Neg\u00f3cios Digitais. Professor, Palestrante TedxTalks e Campus Party. Twitter: @ThalesBrandao","sameAs":["http:\/\/www.mandacaru.com.br","https:\/\/www.facebook.com\/thalesbrandao","http:\/\/www.instagram.com.br\/thalesbrandaoferreira","https:\/\/www.linkedin.com\/in\/thales-brand\u00e3o-3948609\/","https:\/\/x.com\/http:\/\/www.twitter.com\/thalesbrandao"],"url":"https:\/\/www.cidademarketing.com.br\/marketing\/author\/thalesbrandao\/"}]}},"amp_enabled":true,"_links":{"self":[{"href":"https:\/\/www.cidademarketing.com.br\/marketing\/wp-json\/wp\/v2\/posts\/2824","targetHints":{"allow":["GET"]}}],"collection":[{"href":"https:\/\/www.cidademarketing.com.br\/marketing\/wp-json\/wp\/v2\/posts"}],"about":[{"href":"https:\/\/www.cidademarketing.com.br\/marketing\/wp-json\/wp\/v2\/types\/post"}],"author":[{"embeddable":true,"href":"https:\/\/www.cidademarketing.com.br\/marketing\/wp-json\/wp\/v2\/users\/1"}],"replies":[{"embeddable":true,"href":"https:\/\/www.cidademarketing.com.br\/marketing\/wp-json\/wp\/v2\/comments?post=2824"}],"version-history":[{"count":1,"href":"https:\/\/www.cidademarketing.com.br\/marketing\/wp-json\/wp\/v2\/posts\/2824\/revisions"}],"predecessor-version":[{"id":2826,"href":"https:\/\/www.cidademarketing.com.br\/marketing\/wp-json\/wp\/v2\/posts\/2824\/revisions\/2826"}],"wp:featuredmedia":[{"embeddable":true,"href":"https:\/\/www.cidademarketing.com.br\/marketing\/wp-json\/wp\/v2\/media\/2825"}],"wp:attachment":[{"href":"https:\/\/www.cidademarketing.com.br\/marketing\/wp-json\/wp\/v2\/media?parent=2824"}],"wp:term":[{"taxonomy":"category","embeddable":true,"href":"https:\/\/www.cidademarketing.com.br\/marketing\/wp-json\/wp\/v2\/categories?post=2824"},{"taxonomy":"post_tag","embeddable":true,"href":"https:\/\/www.cidademarketing.com.br\/marketing\/wp-json\/wp\/v2\/tags?post=2824"}],"curies":[{"name":"wp","href":"https:\/\/api.w.org\/{rel}","templated":true}]}}