{"id":2814,"date":"2018-10-26T16:35:43","date_gmt":"2018-10-26T19:35:43","guid":{"rendered":"http:\/\/www.cidademarketing.com.br\/marketing\/?p=2814"},"modified":"2018-10-26T16:35:43","modified_gmt":"2018-10-26T19:35:43","slug":"veiculos-da-ebc-realizam-especial-caiu-no-enem-com-dicas-e-comentarios-sobre-as-provas","status":"publish","type":"post","link":"https:\/\/www.cidademarketing.com.br\/marketing\/2018\/10\/26\/veiculos-da-ebc-realizam-especial-caiu-no-enem-com-dicas-e-comentarios-sobre-as-provas\/","title":{"rendered":"Ve\u00edculos da EBC realizam especial &#8220;Caiu no Enem&#8221; com dicas e coment\u00e1rios sobre as provas"},"content":{"rendered":"<p class=\"m7051279229781848500gmail-standard\" style=\"margin: 0cm; margin-bottom: .0001pt;\"><span style=\"font-size: 10.0pt; font-family: 'Verdana',sans-serif;\">Pelo quinto ano seguido, os ve\u00edculos da <b>Empresa Brasil de Comunica\u00e7\u00e3o (EBC) <\/b>acompanham o <b>Exame Nacional do Ensino M\u00e9dio <\/b>com o especial <b>Caiu no Enem<\/b> que tem a participa\u00e7\u00e3o de professores ao vivo nos domingos de aplica\u00e7\u00e3o das provas. A produ\u00e7\u00e3o tamb\u00e9m traz edi\u00e7\u00f5es pr\u00e9vias com orienta\u00e7\u00f5es para os estudantes nas semanas que antecedem a avalia\u00e7\u00e3o, pela segunda vez consecutiva.<\/span><\/p>\n<p class=\"m7051279229781848500gmail-standard\" style=\"margin: 0cm; margin-bottom: .0001pt;\"><span style=\"font-size: 10.0pt; font-family: 'Verdana',sans-serif;\">\u00a0<\/span><\/p>\n<p class=\"m7051279229781848500gmail-standard\" style=\"margin: 0cm; margin-bottom: .0001pt;\"><span style=\"font-size: 10.0pt; font-family: 'Verdana',sans-serif;\">A atra\u00e7\u00e3o com dicas dos professores vai ao ar nas ter\u00e7as-feiras, dias 30 de outubro e 6 de novembro, \u00e0s 21h15, em edi\u00e7\u00f5es com trinta minutos. Nessa ocasi\u00e3o, os convidados apresentam as \u00faltimas dicas para os alunos se prepararem para o exame. <\/span><\/p>\n<p class=\"m7051279229781848500gmail-standard\" style=\"margin: 0cm; margin-bottom: .0001pt;\"><span style=\"font-size: 10.0pt; font-family: 'Verdana',sans-serif;\">\u00a0<\/span><\/p>\n<p class=\"m7051279229781848500gmail-standard\" style=\"margin: 0cm; margin-bottom: .0001pt;\"><span style=\"font-size: 10.0pt; font-family: 'Verdana',sans-serif;\">J\u00e1 nos domingos, dias 4 e 11 de novembro, \u00e0s 20h30, ap\u00f3s a realiza\u00e7\u00e3o das provas, os especialistas analisam as quest\u00f5es propostas. Os professores comentam a avalia\u00e7\u00e3o, destacam quais foram os principais temas cobrados e apontam as surpresas do exame em programas com 1 hora de dura\u00e7\u00e3o.<\/span><\/p>\n<p class=\"m7051279229781848500gmail-standard\" style=\"margin: 0cm; margin-bottom: .0001pt;\"><span style=\"font-size: 10.0pt; font-family: 'Verdana',sans-serif;\">\u00a0<\/span><\/p>\n<p class=\"m7051279229781848500gmail-standard\" style=\"margin: 0cm; margin-bottom: .0001pt;\"><span style=\"font-size: 10.0pt; font-family: 'Verdana',sans-serif;\">Interprogramas com informa\u00e7\u00f5es importantes sobre o Enem j\u00e1 est\u00e3o sendo veiculados durante a programa\u00e7\u00e3o di\u00e1ria da <b>TV Brasil<\/b> complementando a a\u00e7\u00e3o. Recomenda\u00e7\u00f5es para a v\u00e9spera e para o dia da prova, rela\u00e7\u00e3o de documentos necess\u00e1rios e itens proibidos, al\u00e9m de dicas para a reda\u00e7\u00e3o est\u00e3o entre os assuntos abordados nesses programetes.<\/span><\/p>\n<p class=\"m7051279229781848500gmail-standard\" style=\"margin: 0cm; margin-bottom: .0001pt;\"><span style=\"font-size: 10.0pt; font-family: 'Verdana',sans-serif;\">\u00a0<\/span><\/p>\n<p class=\"m7051279229781848500gmail-standard\" style=\"margin: 0cm; margin-bottom: .0001pt;\"><span style=\"font-size: 10.0pt; font-family: 'Verdana',sans-serif;\">O especial <b>Caiu no Enem<\/b> ser\u00e1 transmitido ao vivo simultaneamente na <b>TV Brasil<\/b> e pelas <b>R\u00e1dios Nacional FM de Bras\u00edlia<\/b> 96.1 Mhz, <b>Nacional AM de Bras\u00edlia<\/b> 980KHz e <b>MEC AM do Rio de Janeiro<\/b> 800 kHz. <\/span><\/p>\n<p class=\"m7051279229781848500gmail-standard\" style=\"margin: 0cm; margin-bottom: .0001pt;\"><span style=\"font-size: 10.0pt; font-family: 'Verdana',sans-serif;\">\u00a0<\/span><\/p>\n<p class=\"m7051279229781848500gmail-standard\" style=\"margin: 0cm; margin-bottom: .0001pt;\">\n<figure id=\"attachment_2816\" aria-describedby=\"caption-attachment-2816\" style=\"width: 1546px\" class=\"wp-caption aligncenter\"><img fetchpriority=\"high\" decoding=\"async\" class=\"size-full wp-image-2816\" src=\"http:\/\/www.cidademarketing.com.br\/marketing\/wp-content\/uploads\/2018\/10\/Caiu_no_Enem_02_Credito_Wilson_Dias_Agencia_Brasil.jpg\" alt=\"\" width=\"1546\" height=\"1031\" srcset=\"https:\/\/www.cidademarketing.com.br\/marketing\/wp-content\/uploads\/2018\/10\/Caiu_no_Enem_02_Credito_Wilson_Dias_Agencia_Brasil.jpg 1546w, https:\/\/www.cidademarketing.com.br\/marketing\/wp-content\/uploads\/2018\/10\/Caiu_no_Enem_02_Credito_Wilson_Dias_Agencia_Brasil-300x200.jpg 300w, https:\/\/www.cidademarketing.com.br\/marketing\/wp-content\/uploads\/2018\/10\/Caiu_no_Enem_02_Credito_Wilson_Dias_Agencia_Brasil-768x512.jpg 768w, https:\/\/www.cidademarketing.com.br\/marketing\/wp-content\/uploads\/2018\/10\/Caiu_no_Enem_02_Credito_Wilson_Dias_Agencia_Brasil-1024x683.jpg 1024w, https:\/\/www.cidademarketing.com.br\/marketing\/wp-content\/uploads\/2018\/10\/Caiu_no_Enem_02_Credito_Wilson_Dias_Agencia_Brasil-630x420.jpg 630w, https:\/\/www.cidademarketing.com.br\/marketing\/wp-content\/uploads\/2018\/10\/Caiu_no_Enem_02_Credito_Wilson_Dias_Agencia_Brasil-640x427.jpg 640w, https:\/\/www.cidademarketing.com.br\/marketing\/wp-content\/uploads\/2018\/10\/Caiu_no_Enem_02_Credito_Wilson_Dias_Agencia_Brasil-681x454.jpg 681w\" sizes=\"(max-width: 1546px) 100vw, 1546px\" \/><figcaption id=\"caption-attachment-2816\" class=\"wp-caption-text\">Bras\u00edlia &#8211; Acontece no Teatro Ulysses Guimar\u00e3es, o Aul\u00e3o Solid\u00e1rio ENEM 2017. organizado pelo col\u00e9gio Olimpo (Wilson Dias\/Ag\u00eancia Brasil)<\/figcaption><\/figure>\n<p>&nbsp;<\/p>\n<p class=\"m7051279229781848500gmail-standard\" style=\"margin: 0cm; margin-bottom: .0001pt;\"><span style=\"font-size: 10.0pt; font-family: 'Verdana',sans-serif;\">\u00a0<\/span><\/p>\n<p class=\"m7051279229781848500gmail-standard\" style=\"margin: 0cm; margin-bottom: .0001pt;\"><b><span style=\"font-size: 10.0pt; font-family: 'Verdana',sans-serif;\">Intera\u00e7\u00e3o nas redes sociais<\/span><\/b><\/p>\n<p class=\"m7051279229781848500gmail-standard\" style=\"margin: 0cm; margin-bottom: .0001pt;\"><span style=\"font-size: 10.0pt; font-family: 'Verdana',sans-serif;\">\u00a0<\/span><\/p>\n<p class=\"m7051279229781848500gmail-standard\" style=\"margin: 0cm; margin-bottom: .0001pt;\"><span style=\"font-size: 10.0pt; font-family: 'Verdana',sans-serif;\">A jornalista <b>Karina Cardoso<\/b> apresenta as quatro edi\u00e7\u00f5es do programa. O p\u00fablico pode participar do especial <b>Caiu no Enem<\/b> em tempo real.<\/span><\/p>\n<p class=\"m7051279229781848500gmail-standard\" style=\"margin: 0cm; margin-bottom: .0001pt;\"><span style=\"font-size: 10.0pt; font-family: 'Verdana',sans-serif;\">\u00a0<\/span><\/p>\n<p class=\"m7051279229781848500gmail-standard\" style=\"margin: 0cm; margin-bottom: .0001pt;\"><span style=\"font-size: 10.0pt; font-family: 'Verdana',sans-serif;\">Ao longo de toda a programa\u00e7\u00e3o, os estudantes podem enviar d\u00favidas e coment\u00e1rios para os professores por meio da hashtag #CaiuNoEnem nos perfis da TV Brasil nas redes sociais. Mais informa\u00e7\u00f5es est\u00e3o dispon\u00edveis na p\u00e1gina <a href=\"http:\/\/www.ebc.com.br\/enem\" target=\"_blank\" rel=\"noopener\">http:\/\/www.ebc.com.br\/enem<\/a>.<\/span><\/p>\n<p class=\"m7051279229781848500gmail-standard\" style=\"margin: 0cm; margin-bottom: .0001pt;\"><span style=\"font-size: 10.0pt; font-family: 'Verdana',sans-serif;\">\u00a0<\/span><\/p>\n<p class=\"m7051279229781848500gmail-standard\" style=\"margin: 0cm; margin-bottom: .0001pt;\"><span style=\"font-size: 10.0pt; font-family: 'Verdana',sans-serif;\">\u00a0<\/span><\/p>\n<p class=\"m7051279229781848500gmail-standard\" style=\"margin: 0cm; margin-bottom: .0001pt;\"><b><span style=\"font-size: 10.0pt; font-family: 'Verdana',sans-serif;\">Escolha profissional e uso da nota do Enem<\/span><\/b><\/p>\n<p class=\"m7051279229781848500gmail-standard\" style=\"margin: 0cm; margin-bottom: .0001pt;\"><span style=\"font-size: 10.0pt; font-family: 'Verdana',sans-serif;\">\u00a0<\/span><\/p>\n<p class=\"m7051279229781848500gmail-standard\" style=\"margin: 0cm; margin-bottom: .0001pt;\"><span style=\"font-size: 10.0pt; font-family: 'Verdana',sans-serif;\">Al\u00e9m dos coment\u00e1rios sobre a prova, no programa do segundo domingo (11\/11), o <b>Caiu no Enem<\/b> ter\u00e1 um bloco dedicado a orientar estudantes sobre profiss\u00f5es e poss\u00edveis usos da nota do Enem. Para esta etapa, o especial conta com a psic\u00f3loga Samantha Couto Rodrigues e a especialista em carreiras La\u00eds Santos Alves.<\/span><\/p>\n<p class=\"m7051279229781848500gmail-standard\" style=\"margin: 0cm; margin-bottom: .0001pt;\"><span style=\"font-size: 10.0pt; font-family: 'Verdana',sans-serif;\">\u00a0<\/span><\/p>\n<p class=\"m7051279229781848500gmail-standard\" style=\"margin: 0cm; margin-bottom: .0001pt;\"><span style=\"font-size: 10.0pt; font-family: 'Verdana',sans-serif;\">O exame seleciona os estudantes para vagas no ensino superior p\u00fablico pelo Sistema de Sele\u00e7\u00e3o Unificada (Sisu), para bolsas de estudo em institui\u00e7\u00f5es privadas pelo Programa Universidade para Todos (ProUni) e para vagas no Fundo de Financiamento Estudantil (Fies).<\/span><\/p>\n<p class=\"m7051279229781848500gmail-standard\" style=\"margin: 0cm; margin-bottom: .0001pt;\"><span style=\"font-size: 10.0pt; font-family: 'Verdana',sans-serif;\">\u00a0<\/span><\/p>\n<p class=\"m7051279229781848500gmail-standard\" style=\"margin: 0cm; margin-bottom: .0001pt;\"><span style=\"font-size: 10.0pt; font-family: 'Verdana',sans-serif;\">\u00a0<\/span><\/p>\n<p class=\"m7051279229781848500gmail-standard\" style=\"margin: 0cm; margin-bottom: .0001pt;\"><b><span style=\"font-size: 10.0pt; font-family: 'Verdana',sans-serif;\">Provas<\/span><\/b><\/p>\n<p class=\"m7051279229781848500gmail-standard\" style=\"margin: 0cm; margin-bottom: .0001pt;\"><span style=\"font-size: 10.0pt; font-family: 'Verdana',sans-serif;\">\u00a0<\/span><\/p>\n<p class=\"m7051279229781848500gmail-standard\" style=\"margin: 0cm; margin-bottom: .0001pt;\"><span style=\"font-size: 10.0pt; font-family: 'Verdana',sans-serif;\">Nos dois primeiros domingos de novembro, dias 4 e 11, mais de 5,5 milh\u00f5es de candidatos realizam em todo o pa\u00eds as provas do Exame Nacional do Ensino M\u00e9dio em cerca de de 1,7 mil cidades.<\/span><\/p>\n<p class=\"m7051279229781848500gmail-standard\" style=\"margin: 0cm; margin-bottom: .0001pt;\"><span style=\"font-size: 10.0pt; font-family: 'Verdana',sans-serif;\">\u00a0<\/span><\/p>\n<p class=\"m7051279229781848500gmail-standard\" style=\"margin: 0cm; margin-bottom: .0001pt;\"><span style=\"font-size: 10.0pt; font-family: 'Verdana',sans-serif;\">No dia 4 de novembro, os estudantes encaram 45 quest\u00f5es de ci\u00eancias humanas e suas tecnologias que envolvem conhecimentos de hist\u00f3ria, geografia e sociologia. Tamb\u00e9m devem resolver 45 quest\u00f5es de linguagens, c\u00f3digos e suas tecnologias, al\u00e9m de redigir uma reda\u00e7\u00e3o. Essa primeira prova tem cinco horas e meia de dura\u00e7\u00e3o.<\/span><\/p>\n<p class=\"m7051279229781848500gmail-standard\" style=\"margin: 0cm; margin-bottom: .0001pt;\"><span style=\"font-size: 10.0pt; font-family: 'Verdana',sans-serif;\">\u00a0<\/span><\/p>\n<p class=\"m7051279229781848500gmail-standard\" style=\"margin: 0cm; margin-bottom: .0001pt;\"><span style=\"font-size: 10.0pt; font-family: 'Verdana',sans-serif;\">J\u00e1 na semana seguinte, no dia 11 de novembro, os concorrentes ter\u00e3o cinco horas e meia para fazer as 45 quest\u00f5es de matem\u00e1tica e mais 45 de ci\u00eancias da natureza que contemplam o aprendizado em disciplinas como f\u00edsica, qu\u00edmica e biologia.<\/span><\/p>\n<p class=\"m7051279229781848500gmail-standard\" style=\"margin: 0cm; margin-bottom: .0001pt;\"><span style=\"font-size: 10.0pt; font-family: 'Verdana',sans-serif;\">\u00a0<\/span><\/p>\n<p class=\"m7051279229781848500gmail-standard\" style=\"margin: 0cm; margin-bottom: .0001pt;\"><span style=\"font-size: 10.0pt; font-family: 'Verdana',sans-serif;\">\u00a0<\/span><\/p>\n<p class=\"m7051279229781848500gmail-standard\" style=\"margin: 0cm; margin-bottom: .0001pt;\"><b><span style=\"font-size: 10.0pt; font-family: 'Verdana',sans-serif;\">Alerta para o hor\u00e1rio das provas<\/span><\/b><\/p>\n<p class=\"m7051279229781848500gmail-standard\" style=\"margin: 0cm; margin-bottom: .0001pt;\"><span style=\"font-size: 10.0pt; font-family: 'Verdana',sans-serif;\">\u00a0<\/span><\/p>\n<p class=\"m7051279229781848500gmail-standard\" style=\"margin: 0cm; margin-bottom: .0001pt;\"><span style=\"font-size: 10.0pt; font-family: 'Verdana',sans-serif;\">O primeiro dia do Enem coincide com o in\u00edcio do hor\u00e1rio de ver\u00e3o. A aplica\u00e7\u00e3o do exame segue o hor\u00e1rio de Bras\u00edlia. Nos dois dias de prova, os port\u00f5es sempre abrem \u00e0s 12h e fecham \u00e0s 13h. A avalia\u00e7\u00e3o come\u00e7a \u00e0s 13h30. Os estudantes devem ficar atentos para verificar na localidade onde moram o hor\u00e1rio exato do exame.<\/span><\/p>\n<p class=\"m7051279229781848500gmail-standard\" style=\"margin: 0cm; margin-bottom: .0001pt;\"><span style=\"font-size: 10.0pt; font-family: 'Verdana',sans-serif;\">\u00a0<\/span><\/p>\n<p class=\"m7051279229781848500gmail-standard\" style=\"margin: 0cm; margin-bottom: .0001pt;\"><span style=\"font-size: 10.0pt; font-family: 'Verdana',sans-serif;\">\u00a0<\/span><\/p>\n<p class=\"m7051279229781848500gmail-standard\" style=\"margin: 0cm; margin-bottom: .0001pt;\"><b><span style=\"font-size: 10.0pt; font-family: 'Verdana',sans-serif;\">Servi\u00e7o:<\/span><\/b><\/p>\n<p class=\"m7051279229781848500gmail-standard\" style=\"margin: 0cm; margin-bottom: .0001pt;\"><span style=\"font-size: 10.0pt; font-family: 'Verdana',sans-serif;\">Caiu no Enem<\/span><\/p>\n<p class=\"m7051279229781848500gmail-standard\" style=\"margin: 0cm; margin-bottom: .0001pt;\"><span style=\"font-size: 10.0pt; font-family: 'Verdana',sans-serif;\">Dicas: ter\u00e7as-feiras, dias 30 de outubro e 6 de novembro, \u00e0s 21h15<\/span><\/p>\n<p class=\"m7051279229781848500gmail-standard\" style=\"margin: 0cm; margin-bottom: .0001pt;\"><span style=\"font-size: 10.0pt; font-family: 'Verdana',sans-serif;\">Coment\u00e1rios das provas: domingos, dias 5 e 12 de novembro, \u00e0s 20h30<\/span><\/p>\n<p class=\"m7051279229781848500gmail-standard\" style=\"margin: 0cm; margin-bottom: .0001pt;\"><span style=\"font-size: 10.0pt; font-family: 'Verdana',sans-serif;\">TV Brasil<\/span><\/p>\n<p class=\"m7051279229781848500gmail-standard\" style=\"margin: 0cm; margin-bottom: .0001pt;\"><span style=\"font-size: 10.0pt; font-family: 'Verdana',sans-serif;\">Facebook da emissora: <a href=\"https:\/\/www.facebook.com\/tvbrasil\" target=\"_blank\" rel=\"noopener\">https:\/\/www.facebook.com\/tvbrasil<\/a><\/span><\/p>\n<p class=\"m7051279229781848500gmail-standard\" style=\"margin: 0cm; margin-bottom: .0001pt;\"><span style=\"font-size: 10.0pt; font-family: 'Verdana',sans-serif;\">Twitter da emissora: <a href=\"https:\/\/twitter.com\/tvbrasil\" target=\"_blank\" rel=\"noopener\">https:\/\/twitter.com\/tvbrasil<\/a><\/span><\/p>\n<p class=\"m7051279229781848500gmail-standard\" style=\"margin: 0cm; margin-bottom: .0001pt;\"><span style=\"font-size: 10.0pt; font-family: 'Verdana',sans-serif;\">Youtube da emissora: <a href=\"https:\/\/www.youtube.com\/user\/tvbrasil\" target=\"_blank\" rel=\"noopener\">https:\/\/www.youtube.com\/user\/tvbrasil<\/a><\/span><\/p>\n<p class=\"m7051279229781848500gmail-standard\" style=\"margin: 0cm; margin-bottom: .0001pt;\"><span style=\"font-size: 10.0pt; font-family: 'Verdana',sans-serif;\">Webtv: <a href=\"http:\/\/tvbrasil.ebc.com.br\/webtv\" target=\"_blank\" rel=\"noopener\">http:\/\/tvbrasil.ebc.com.br\/webtv<\/a><\/span><\/p>\n<p class=\"m7051279229781848500gmail-standard\" style=\"margin: 0cm; margin-bottom: .0001pt;\"><span style=\"font-size: 10.0pt; font-family: 'Verdana',sans-serif;\">R\u00e1dio Nacional FM de Bras\u00edlia 96.1 Mhz<\/span><\/p>\n<p class=\"m7051279229781848500gmail-standard\" style=\"margin: 0cm; margin-bottom: .0001pt;\"><span style=\"font-size: 10.0pt; font-family: 'Verdana',sans-serif;\">R\u00e1dio Nacional AM de Bras\u00edlia 980KHz<\/span><\/p>\n<p class=\"m7051279229781848500gmail-standard\" style=\"margin: 0cm; margin-bottom: .0001pt;\"><span style=\"font-size: 10.0pt; font-family: 'Verdana',sans-serif;\">R\u00e1dio MEC AM do Rio de Janeiro 800 kHz<\/span><\/p>\n","protected":false},"excerpt":{"rendered":"<p>Pelo quinto ano seguido, os ve\u00edculos da Empresa Brasil de Comunica\u00e7\u00e3o (EBC) acompanham o Exame Nacional do Ensino M\u00e9dio com o especial Caiu no Enem que tem a participa\u00e7\u00e3o de professores ao vivo nos domingos de aplica\u00e7\u00e3o das provas. A produ\u00e7\u00e3o tamb\u00e9m traz edi\u00e7\u00f5es pr\u00e9vias com orienta\u00e7\u00f5es para os estudantes nas semanas que antecedem a [&hellip;]<\/p>\n","protected":false},"author":1,"featured_media":2815,"comment_status":"open","ping_status":"open","sticky":false,"template":"","format":"standard","meta":{"tdm_status":"","tdm_grid_status":"","footnotes":""},"categories":[6],"tags":[394,621,380],"class_list":["post-2814","post","type-post","status-publish","format-standard","has-post-thumbnail","hentry","category-noticias","tag-ebc","tag-enem","tag-tv-brasil"],"yoast_head":"<!-- This site is optimized with the Yoast SEO plugin v27.5 - https:\/\/yoast.com\/product\/yoast-seo-wordpress\/ -->\n<title>Ve\u00edculos da EBC realizam especial &quot;Caiu no Enem&quot; com dicas e coment\u00e1rios sobre as provas - CidadeMarketing<\/title>\n<meta name=\"robots\" content=\"index, follow, max-snippet:-1, max-image-preview:large, max-video-preview:-1\" \/>\n<link rel=\"canonical\" href=\"https:\/\/www.cidademarketing.com.br\/marketing\/2018\/10\/26\/veiculos-da-ebc-realizam-especial-caiu-no-enem-com-dicas-e-comentarios-sobre-as-provas\/\" \/>\n<meta property=\"og:locale\" content=\"pt_BR\" \/>\n<meta property=\"og:type\" content=\"article\" \/>\n<meta property=\"og:title\" content=\"Ve\u00edculos da EBC realizam especial &quot;Caiu no Enem&quot; com dicas e coment\u00e1rios sobre as provas - CidadeMarketing\" \/>\n<meta property=\"og:description\" content=\"Pelo quinto ano seguido, os ve\u00edculos da Empresa Brasil de Comunica\u00e7\u00e3o (EBC) acompanham o Exame Nacional do Ensino M\u00e9dio com o especial Caiu no Enem que tem a participa\u00e7\u00e3o de professores ao vivo nos domingos de aplica\u00e7\u00e3o das provas. A produ\u00e7\u00e3o tamb\u00e9m traz edi\u00e7\u00f5es pr\u00e9vias com orienta\u00e7\u00f5es para os estudantes nas semanas que antecedem a [&hellip;]\" \/>\n<meta property=\"og:url\" content=\"https:\/\/www.cidademarketing.com.br\/marketing\/2018\/10\/26\/veiculos-da-ebc-realizam-especial-caiu-no-enem-com-dicas-e-comentarios-sobre-as-provas\/\" \/>\n<meta property=\"og:site_name\" content=\"CidadeMarketing\" \/>\n<meta property=\"article:publisher\" content=\"https:\/\/www.facebook.com\/portalcidademarketing\" \/>\n<meta property=\"article:author\" content=\"https:\/\/www.facebook.com\/thalesbrandao\" \/>\n<meta property=\"article:published_time\" content=\"2018-10-26T19:35:43+00:00\" \/>\n<meta property=\"og:image\" content=\"https:\/\/www.cidademarketing.com.br\/marketing\/wp-content\/uploads\/2018\/10\/Caiu_no_Enem_Karina_Cardoso_02_Divulgacao_TV_Brasil.jpg\" \/>\n\t<meta property=\"og:image:width\" content=\"1920\" \/>\n\t<meta property=\"og:image:height\" content=\"1080\" \/>\n\t<meta property=\"og:image:type\" content=\"image\/jpeg\" \/>\n<meta name=\"author\" content=\"Thales Brand\u00e3o\" \/>\n<meta name=\"twitter:card\" content=\"summary_large_image\" \/>\n<meta name=\"twitter:creator\" content=\"@http:\/\/www.twitter.com\/thalesbrandao\" \/>\n<meta name=\"twitter:site\" content=\"@CidadeMarketing\" \/>\n<meta name=\"twitter:label1\" content=\"Escrito por\" \/>\n\t<meta name=\"twitter:data1\" content=\"Thales Brand\u00e3o\" \/>\n\t<meta name=\"twitter:label2\" content=\"Est. tempo de leitura\" \/>\n\t<meta name=\"twitter:data2\" content=\"4 minutos\" \/>\n<script type=\"application\/ld+json\" class=\"yoast-schema-graph\">{\"@context\":\"https:\\\/\\\/schema.org\",\"@graph\":[{\"@type\":\"Article\",\"@id\":\"https:\\\/\\\/www.cidademarketing.com.br\\\/marketing\\\/2018\\\/10\\\/26\\\/veiculos-da-ebc-realizam-especial-caiu-no-enem-com-dicas-e-comentarios-sobre-as-provas\\\/#article\",\"isPartOf\":{\"@id\":\"https:\\\/\\\/www.cidademarketing.com.br\\\/marketing\\\/2018\\\/10\\\/26\\\/veiculos-da-ebc-realizam-especial-caiu-no-enem-com-dicas-e-comentarios-sobre-as-provas\\\/\"},\"author\":{\"name\":\"Thales Brand\u00e3o\",\"@id\":\"https:\\\/\\\/www.cidademarketing.com.br\\\/marketing\\\/#\\\/schema\\\/person\\\/02daff9f18bd9378c9e01eb6b2db155f\"},\"headline\":\"Ve\u00edculos da EBC realizam especial &#8220;Caiu no Enem&#8221; com dicas e coment\u00e1rios sobre as provas\",\"datePublished\":\"2018-10-26T19:35:43+00:00\",\"mainEntityOfPage\":{\"@id\":\"https:\\\/\\\/www.cidademarketing.com.br\\\/marketing\\\/2018\\\/10\\\/26\\\/veiculos-da-ebc-realizam-especial-caiu-no-enem-com-dicas-e-comentarios-sobre-as-provas\\\/\"},\"wordCount\":794,\"commentCount\":0,\"publisher\":{\"@id\":\"https:\\\/\\\/www.cidademarketing.com.br\\\/marketing\\\/#organization\"},\"image\":{\"@id\":\"https:\\\/\\\/www.cidademarketing.com.br\\\/marketing\\\/2018\\\/10\\\/26\\\/veiculos-da-ebc-realizam-especial-caiu-no-enem-com-dicas-e-comentarios-sobre-as-provas\\\/#primaryimage\"},\"thumbnailUrl\":\"https:\\\/\\\/www.cidademarketing.com.br\\\/marketing\\\/wp-content\\\/uploads\\\/2018\\\/10\\\/Caiu_no_Enem_Karina_Cardoso_02_Divulgacao_TV_Brasil.jpg\",\"keywords\":[\"EBC\",\"Enem\",\"TV Brasil\"],\"articleSection\":[\"Not\u00edcias\"],\"inLanguage\":\"pt-BR\",\"potentialAction\":[{\"@type\":\"CommentAction\",\"name\":\"Comment\",\"target\":[\"https:\\\/\\\/www.cidademarketing.com.br\\\/marketing\\\/2018\\\/10\\\/26\\\/veiculos-da-ebc-realizam-especial-caiu-no-enem-com-dicas-e-comentarios-sobre-as-provas\\\/#respond\"]}]},{\"@type\":\"WebPage\",\"@id\":\"https:\\\/\\\/www.cidademarketing.com.br\\\/marketing\\\/2018\\\/10\\\/26\\\/veiculos-da-ebc-realizam-especial-caiu-no-enem-com-dicas-e-comentarios-sobre-as-provas\\\/\",\"url\":\"https:\\\/\\\/www.cidademarketing.com.br\\\/marketing\\\/2018\\\/10\\\/26\\\/veiculos-da-ebc-realizam-especial-caiu-no-enem-com-dicas-e-comentarios-sobre-as-provas\\\/\",\"name\":\"Ve\u00edculos da EBC realizam especial \\\"Caiu no Enem\\\" com dicas e coment\u00e1rios sobre as provas - CidadeMarketing\",\"isPartOf\":{\"@id\":\"https:\\\/\\\/www.cidademarketing.com.br\\\/marketing\\\/#website\"},\"primaryImageOfPage\":{\"@id\":\"https:\\\/\\\/www.cidademarketing.com.br\\\/marketing\\\/2018\\\/10\\\/26\\\/veiculos-da-ebc-realizam-especial-caiu-no-enem-com-dicas-e-comentarios-sobre-as-provas\\\/#primaryimage\"},\"image\":{\"@id\":\"https:\\\/\\\/www.cidademarketing.com.br\\\/marketing\\\/2018\\\/10\\\/26\\\/veiculos-da-ebc-realizam-especial-caiu-no-enem-com-dicas-e-comentarios-sobre-as-provas\\\/#primaryimage\"},\"thumbnailUrl\":\"https:\\\/\\\/www.cidademarketing.com.br\\\/marketing\\\/wp-content\\\/uploads\\\/2018\\\/10\\\/Caiu_no_Enem_Karina_Cardoso_02_Divulgacao_TV_Brasil.jpg\",\"datePublished\":\"2018-10-26T19:35:43+00:00\",\"breadcrumb\":{\"@id\":\"https:\\\/\\\/www.cidademarketing.com.br\\\/marketing\\\/2018\\\/10\\\/26\\\/veiculos-da-ebc-realizam-especial-caiu-no-enem-com-dicas-e-comentarios-sobre-as-provas\\\/#breadcrumb\"},\"inLanguage\":\"pt-BR\",\"potentialAction\":[{\"@type\":\"ReadAction\",\"target\":[\"https:\\\/\\\/www.cidademarketing.com.br\\\/marketing\\\/2018\\\/10\\\/26\\\/veiculos-da-ebc-realizam-especial-caiu-no-enem-com-dicas-e-comentarios-sobre-as-provas\\\/\"]}]},{\"@type\":\"ImageObject\",\"inLanguage\":\"pt-BR\",\"@id\":\"https:\\\/\\\/www.cidademarketing.com.br\\\/marketing\\\/2018\\\/10\\\/26\\\/veiculos-da-ebc-realizam-especial-caiu-no-enem-com-dicas-e-comentarios-sobre-as-provas\\\/#primaryimage\",\"url\":\"https:\\\/\\\/www.cidademarketing.com.br\\\/marketing\\\/wp-content\\\/uploads\\\/2018\\\/10\\\/Caiu_no_Enem_Karina_Cardoso_02_Divulgacao_TV_Brasil.jpg\",\"contentUrl\":\"https:\\\/\\\/www.cidademarketing.com.br\\\/marketing\\\/wp-content\\\/uploads\\\/2018\\\/10\\\/Caiu_no_Enem_Karina_Cardoso_02_Divulgacao_TV_Brasil.jpg\",\"width\":1920,\"height\":1080,\"caption\":\"Reprodu\u00e7\u00e3o\\\/Divulga\u00e7\u00e3o TV Brasil\"},{\"@type\":\"BreadcrumbList\",\"@id\":\"https:\\\/\\\/www.cidademarketing.com.br\\\/marketing\\\/2018\\\/10\\\/26\\\/veiculos-da-ebc-realizam-especial-caiu-no-enem-com-dicas-e-comentarios-sobre-as-provas\\\/#breadcrumb\",\"itemListElement\":[{\"@type\":\"ListItem\",\"position\":1,\"name\":\"In\u00edcio\",\"item\":\"https:\\\/\\\/www.cidademarketing.com.br\\\/marketing\\\/\"},{\"@type\":\"ListItem\",\"position\":2,\"name\":\"Ve\u00edculos da EBC realizam especial &#8220;Caiu no Enem&#8221; com dicas e coment\u00e1rios sobre as provas\"}]},{\"@type\":\"WebSite\",\"@id\":\"https:\\\/\\\/www.cidademarketing.com.br\\\/marketing\\\/#website\",\"url\":\"https:\\\/\\\/www.cidademarketing.com.br\\\/marketing\\\/\",\"name\":\"CidadeMarketing\",\"description\":\"Somos um ve\u00edculo de comunica\u00e7\u00e3o de destaque no Brasil, reconhecido por conte\u00fados nos segmentos de marketing, empreendedorismo e inova\u00e7\u00e3o.\",\"publisher\":{\"@id\":\"https:\\\/\\\/www.cidademarketing.com.br\\\/marketing\\\/#organization\"},\"alternateName\":\"CidadeMarketing\",\"potentialAction\":[{\"@type\":\"SearchAction\",\"target\":{\"@type\":\"EntryPoint\",\"urlTemplate\":\"https:\\\/\\\/www.cidademarketing.com.br\\\/marketing\\\/?s={search_term_string}\"},\"query-input\":{\"@type\":\"PropertyValueSpecification\",\"valueRequired\":true,\"valueName\":\"search_term_string\"}}],\"inLanguage\":\"pt-BR\"},{\"@type\":\"Organization\",\"@id\":\"https:\\\/\\\/www.cidademarketing.com.br\\\/marketing\\\/#organization\",\"name\":\"CidadeMarketing\",\"alternateName\":\"CidadeMarketing\",\"url\":\"https:\\\/\\\/www.cidademarketing.com.br\\\/marketing\\\/\",\"logo\":{\"@type\":\"ImageObject\",\"inLanguage\":\"pt-BR\",\"@id\":\"https:\\\/\\\/www.cidademarketing.com.br\\\/marketing\\\/#\\\/schema\\\/logo\\\/image\\\/\",\"url\":\"https:\\\/\\\/www.cidademarketing.com.br\\\/marketing\\\/wp-content\\\/uploads\\\/2020\\\/01\\\/cidademarketing_marca_mobile.png\",\"contentUrl\":\"https:\\\/\\\/www.cidademarketing.com.br\\\/marketing\\\/wp-content\\\/uploads\\\/2020\\\/01\\\/cidademarketing_marca_mobile.png\",\"width\":230,\"height\":92,\"caption\":\"CidadeMarketing\"},\"image\":{\"@id\":\"https:\\\/\\\/www.cidademarketing.com.br\\\/marketing\\\/#\\\/schema\\\/logo\\\/image\\\/\"},\"sameAs\":[\"https:\\\/\\\/www.facebook.com\\\/portalcidademarketing\",\"https:\\\/\\\/x.com\\\/CidadeMarketing\",\"https:\\\/\\\/www.instagram.com\\\/cidademarketing\\\/\"]},{\"@type\":\"Person\",\"@id\":\"https:\\\/\\\/www.cidademarketing.com.br\\\/marketing\\\/#\\\/schema\\\/person\\\/02daff9f18bd9378c9e01eb6b2db155f\",\"name\":\"Thales Brand\u00e3o\",\"image\":{\"@type\":\"ImageObject\",\"inLanguage\":\"pt-BR\",\"@id\":\"https:\\\/\\\/secure.gravatar.com\\\/avatar\\\/7ca3206950207cc3cb48feec56a8a7898741ab725c368d99d5d7a5a50aab80c6?s=96&d=mm&r=g\",\"url\":\"https:\\\/\\\/secure.gravatar.com\\\/avatar\\\/7ca3206950207cc3cb48feec56a8a7898741ab725c368d99d5d7a5a50aab80c6?s=96&d=mm&r=g\",\"contentUrl\":\"https:\\\/\\\/secure.gravatar.com\\\/avatar\\\/7ca3206950207cc3cb48feec56a8a7898741ab725c368d99d5d7a5a50aab80c6?s=96&d=mm&r=g\",\"caption\":\"Thales Brand\u00e3o\"},\"description\":\"Editor Executivo do Portal CidadeMarketing.com.br &gt; Mestre em Comunica\u00e7\u00e3o e Sociedade pela Universidade Federal de Sergipe. Possui MBA Executivo em Administra\u00e7\u00e3o com \u00eanfase em Marketing pela Funda\u00e7\u00e3o Get\u00falio Vargas - Rio de Janeiro. Consultor, Palestrante e Pesquisador sobre Empreendedorismo, Marketing, Redes Sociais e Neg\u00f3cios Digitais. Professor, Palestrante TedxTalks e Campus Party. Twitter: @ThalesBrandao\",\"sameAs\":[\"http:\\\/\\\/www.mandacaru.com.br\",\"https:\\\/\\\/www.facebook.com\\\/thalesbrandao\",\"http:\\\/\\\/www.instagram.com.br\\\/thalesbrandaoferreira\",\"https:\\\/\\\/www.linkedin.com\\\/in\\\/thales-brand\u00e3o-3948609\\\/\",\"https:\\\/\\\/x.com\\\/http:\\\/\\\/www.twitter.com\\\/thalesbrandao\"],\"url\":\"https:\\\/\\\/www.cidademarketing.com.br\\\/marketing\\\/author\\\/thalesbrandao\\\/\"}]}<\/script>\n<!-- \/ Yoast SEO plugin. -->","yoast_head_json":{"title":"Ve\u00edculos da EBC realizam especial \"Caiu no Enem\" com dicas e coment\u00e1rios sobre as provas - CidadeMarketing","robots":{"index":"index","follow":"follow","max-snippet":"max-snippet:-1","max-image-preview":"max-image-preview:large","max-video-preview":"max-video-preview:-1"},"canonical":"https:\/\/www.cidademarketing.com.br\/marketing\/2018\/10\/26\/veiculos-da-ebc-realizam-especial-caiu-no-enem-com-dicas-e-comentarios-sobre-as-provas\/","og_locale":"pt_BR","og_type":"article","og_title":"Ve\u00edculos da EBC realizam especial \"Caiu no Enem\" com dicas e coment\u00e1rios sobre as provas - CidadeMarketing","og_description":"Pelo quinto ano seguido, os ve\u00edculos da Empresa Brasil de Comunica\u00e7\u00e3o (EBC) acompanham o Exame Nacional do Ensino M\u00e9dio com o especial Caiu no Enem que tem a participa\u00e7\u00e3o de professores ao vivo nos domingos de aplica\u00e7\u00e3o das provas. A produ\u00e7\u00e3o tamb\u00e9m traz edi\u00e7\u00f5es pr\u00e9vias com orienta\u00e7\u00f5es para os estudantes nas semanas que antecedem a [&hellip;]","og_url":"https:\/\/www.cidademarketing.com.br\/marketing\/2018\/10\/26\/veiculos-da-ebc-realizam-especial-caiu-no-enem-com-dicas-e-comentarios-sobre-as-provas\/","og_site_name":"CidadeMarketing","article_publisher":"https:\/\/www.facebook.com\/portalcidademarketing","article_author":"https:\/\/www.facebook.com\/thalesbrandao","article_published_time":"2018-10-26T19:35:43+00:00","og_image":[{"width":1920,"height":1080,"url":"https:\/\/www.cidademarketing.com.br\/marketing\/wp-content\/uploads\/2018\/10\/Caiu_no_Enem_Karina_Cardoso_02_Divulgacao_TV_Brasil.jpg","type":"image\/jpeg"}],"author":"Thales Brand\u00e3o","twitter_card":"summary_large_image","twitter_creator":"@http:\/\/www.twitter.com\/thalesbrandao","twitter_site":"@CidadeMarketing","twitter_misc":{"Escrito por":"Thales Brand\u00e3o","Est. tempo de leitura":"4 minutos"},"schema":{"@context":"https:\/\/schema.org","@graph":[{"@type":"Article","@id":"https:\/\/www.cidademarketing.com.br\/marketing\/2018\/10\/26\/veiculos-da-ebc-realizam-especial-caiu-no-enem-com-dicas-e-comentarios-sobre-as-provas\/#article","isPartOf":{"@id":"https:\/\/www.cidademarketing.com.br\/marketing\/2018\/10\/26\/veiculos-da-ebc-realizam-especial-caiu-no-enem-com-dicas-e-comentarios-sobre-as-provas\/"},"author":{"name":"Thales Brand\u00e3o","@id":"https:\/\/www.cidademarketing.com.br\/marketing\/#\/schema\/person\/02daff9f18bd9378c9e01eb6b2db155f"},"headline":"Ve\u00edculos da EBC realizam especial &#8220;Caiu no Enem&#8221; com dicas e coment\u00e1rios sobre as provas","datePublished":"2018-10-26T19:35:43+00:00","mainEntityOfPage":{"@id":"https:\/\/www.cidademarketing.com.br\/marketing\/2018\/10\/26\/veiculos-da-ebc-realizam-especial-caiu-no-enem-com-dicas-e-comentarios-sobre-as-provas\/"},"wordCount":794,"commentCount":0,"publisher":{"@id":"https:\/\/www.cidademarketing.com.br\/marketing\/#organization"},"image":{"@id":"https:\/\/www.cidademarketing.com.br\/marketing\/2018\/10\/26\/veiculos-da-ebc-realizam-especial-caiu-no-enem-com-dicas-e-comentarios-sobre-as-provas\/#primaryimage"},"thumbnailUrl":"https:\/\/www.cidademarketing.com.br\/marketing\/wp-content\/uploads\/2018\/10\/Caiu_no_Enem_Karina_Cardoso_02_Divulgacao_TV_Brasil.jpg","keywords":["EBC","Enem","TV Brasil"],"articleSection":["Not\u00edcias"],"inLanguage":"pt-BR","potentialAction":[{"@type":"CommentAction","name":"Comment","target":["https:\/\/www.cidademarketing.com.br\/marketing\/2018\/10\/26\/veiculos-da-ebc-realizam-especial-caiu-no-enem-com-dicas-e-comentarios-sobre-as-provas\/#respond"]}]},{"@type":"WebPage","@id":"https:\/\/www.cidademarketing.com.br\/marketing\/2018\/10\/26\/veiculos-da-ebc-realizam-especial-caiu-no-enem-com-dicas-e-comentarios-sobre-as-provas\/","url":"https:\/\/www.cidademarketing.com.br\/marketing\/2018\/10\/26\/veiculos-da-ebc-realizam-especial-caiu-no-enem-com-dicas-e-comentarios-sobre-as-provas\/","name":"Ve\u00edculos da EBC realizam especial \"Caiu no Enem\" com dicas e coment\u00e1rios sobre as provas - CidadeMarketing","isPartOf":{"@id":"https:\/\/www.cidademarketing.com.br\/marketing\/#website"},"primaryImageOfPage":{"@id":"https:\/\/www.cidademarketing.com.br\/marketing\/2018\/10\/26\/veiculos-da-ebc-realizam-especial-caiu-no-enem-com-dicas-e-comentarios-sobre-as-provas\/#primaryimage"},"image":{"@id":"https:\/\/www.cidademarketing.com.br\/marketing\/2018\/10\/26\/veiculos-da-ebc-realizam-especial-caiu-no-enem-com-dicas-e-comentarios-sobre-as-provas\/#primaryimage"},"thumbnailUrl":"https:\/\/www.cidademarketing.com.br\/marketing\/wp-content\/uploads\/2018\/10\/Caiu_no_Enem_Karina_Cardoso_02_Divulgacao_TV_Brasil.jpg","datePublished":"2018-10-26T19:35:43+00:00","breadcrumb":{"@id":"https:\/\/www.cidademarketing.com.br\/marketing\/2018\/10\/26\/veiculos-da-ebc-realizam-especial-caiu-no-enem-com-dicas-e-comentarios-sobre-as-provas\/#breadcrumb"},"inLanguage":"pt-BR","potentialAction":[{"@type":"ReadAction","target":["https:\/\/www.cidademarketing.com.br\/marketing\/2018\/10\/26\/veiculos-da-ebc-realizam-especial-caiu-no-enem-com-dicas-e-comentarios-sobre-as-provas\/"]}]},{"@type":"ImageObject","inLanguage":"pt-BR","@id":"https:\/\/www.cidademarketing.com.br\/marketing\/2018\/10\/26\/veiculos-da-ebc-realizam-especial-caiu-no-enem-com-dicas-e-comentarios-sobre-as-provas\/#primaryimage","url":"https:\/\/www.cidademarketing.com.br\/marketing\/wp-content\/uploads\/2018\/10\/Caiu_no_Enem_Karina_Cardoso_02_Divulgacao_TV_Brasil.jpg","contentUrl":"https:\/\/www.cidademarketing.com.br\/marketing\/wp-content\/uploads\/2018\/10\/Caiu_no_Enem_Karina_Cardoso_02_Divulgacao_TV_Brasil.jpg","width":1920,"height":1080,"caption":"Reprodu\u00e7\u00e3o\/Divulga\u00e7\u00e3o TV Brasil"},{"@type":"BreadcrumbList","@id":"https:\/\/www.cidademarketing.com.br\/marketing\/2018\/10\/26\/veiculos-da-ebc-realizam-especial-caiu-no-enem-com-dicas-e-comentarios-sobre-as-provas\/#breadcrumb","itemListElement":[{"@type":"ListItem","position":1,"name":"In\u00edcio","item":"https:\/\/www.cidademarketing.com.br\/marketing\/"},{"@type":"ListItem","position":2,"name":"Ve\u00edculos da EBC realizam especial &#8220;Caiu no Enem&#8221; com dicas e coment\u00e1rios sobre as provas"}]},{"@type":"WebSite","@id":"https:\/\/www.cidademarketing.com.br\/marketing\/#website","url":"https:\/\/www.cidademarketing.com.br\/marketing\/","name":"CidadeMarketing","description":"Somos um ve\u00edculo de comunica\u00e7\u00e3o de destaque no Brasil, reconhecido por conte\u00fados nos segmentos de marketing, empreendedorismo e inova\u00e7\u00e3o.","publisher":{"@id":"https:\/\/www.cidademarketing.com.br\/marketing\/#organization"},"alternateName":"CidadeMarketing","potentialAction":[{"@type":"SearchAction","target":{"@type":"EntryPoint","urlTemplate":"https:\/\/www.cidademarketing.com.br\/marketing\/?s={search_term_string}"},"query-input":{"@type":"PropertyValueSpecification","valueRequired":true,"valueName":"search_term_string"}}],"inLanguage":"pt-BR"},{"@type":"Organization","@id":"https:\/\/www.cidademarketing.com.br\/marketing\/#organization","name":"CidadeMarketing","alternateName":"CidadeMarketing","url":"https:\/\/www.cidademarketing.com.br\/marketing\/","logo":{"@type":"ImageObject","inLanguage":"pt-BR","@id":"https:\/\/www.cidademarketing.com.br\/marketing\/#\/schema\/logo\/image\/","url":"https:\/\/www.cidademarketing.com.br\/marketing\/wp-content\/uploads\/2020\/01\/cidademarketing_marca_mobile.png","contentUrl":"https:\/\/www.cidademarketing.com.br\/marketing\/wp-content\/uploads\/2020\/01\/cidademarketing_marca_mobile.png","width":230,"height":92,"caption":"CidadeMarketing"},"image":{"@id":"https:\/\/www.cidademarketing.com.br\/marketing\/#\/schema\/logo\/image\/"},"sameAs":["https:\/\/www.facebook.com\/portalcidademarketing","https:\/\/x.com\/CidadeMarketing","https:\/\/www.instagram.com\/cidademarketing\/"]},{"@type":"Person","@id":"https:\/\/www.cidademarketing.com.br\/marketing\/#\/schema\/person\/02daff9f18bd9378c9e01eb6b2db155f","name":"Thales Brand\u00e3o","image":{"@type":"ImageObject","inLanguage":"pt-BR","@id":"https:\/\/secure.gravatar.com\/avatar\/7ca3206950207cc3cb48feec56a8a7898741ab725c368d99d5d7a5a50aab80c6?s=96&d=mm&r=g","url":"https:\/\/secure.gravatar.com\/avatar\/7ca3206950207cc3cb48feec56a8a7898741ab725c368d99d5d7a5a50aab80c6?s=96&d=mm&r=g","contentUrl":"https:\/\/secure.gravatar.com\/avatar\/7ca3206950207cc3cb48feec56a8a7898741ab725c368d99d5d7a5a50aab80c6?s=96&d=mm&r=g","caption":"Thales Brand\u00e3o"},"description":"Editor Executivo do Portal CidadeMarketing.com.br &gt; Mestre em Comunica\u00e7\u00e3o e Sociedade pela Universidade Federal de Sergipe. Possui MBA Executivo em Administra\u00e7\u00e3o com \u00eanfase em Marketing pela Funda\u00e7\u00e3o Get\u00falio Vargas - Rio de Janeiro. Consultor, Palestrante e Pesquisador sobre Empreendedorismo, Marketing, Redes Sociais e Neg\u00f3cios Digitais. Professor, Palestrante TedxTalks e Campus Party. Twitter: @ThalesBrandao","sameAs":["http:\/\/www.mandacaru.com.br","https:\/\/www.facebook.com\/thalesbrandao","http:\/\/www.instagram.com.br\/thalesbrandaoferreira","https:\/\/www.linkedin.com\/in\/thales-brand\u00e3o-3948609\/","https:\/\/x.com\/http:\/\/www.twitter.com\/thalesbrandao"],"url":"https:\/\/www.cidademarketing.com.br\/marketing\/author\/thalesbrandao\/"}]}},"amp_enabled":true,"_links":{"self":[{"href":"https:\/\/www.cidademarketing.com.br\/marketing\/wp-json\/wp\/v2\/posts\/2814","targetHints":{"allow":["GET"]}}],"collection":[{"href":"https:\/\/www.cidademarketing.com.br\/marketing\/wp-json\/wp\/v2\/posts"}],"about":[{"href":"https:\/\/www.cidademarketing.com.br\/marketing\/wp-json\/wp\/v2\/types\/post"}],"author":[{"embeddable":true,"href":"https:\/\/www.cidademarketing.com.br\/marketing\/wp-json\/wp\/v2\/users\/1"}],"replies":[{"embeddable":true,"href":"https:\/\/www.cidademarketing.com.br\/marketing\/wp-json\/wp\/v2\/comments?post=2814"}],"version-history":[{"count":1,"href":"https:\/\/www.cidademarketing.com.br\/marketing\/wp-json\/wp\/v2\/posts\/2814\/revisions"}],"predecessor-version":[{"id":2817,"href":"https:\/\/www.cidademarketing.com.br\/marketing\/wp-json\/wp\/v2\/posts\/2814\/revisions\/2817"}],"wp:featuredmedia":[{"embeddable":true,"href":"https:\/\/www.cidademarketing.com.br\/marketing\/wp-json\/wp\/v2\/media\/2815"}],"wp:attachment":[{"href":"https:\/\/www.cidademarketing.com.br\/marketing\/wp-json\/wp\/v2\/media?parent=2814"}],"wp:term":[{"taxonomy":"category","embeddable":true,"href":"https:\/\/www.cidademarketing.com.br\/marketing\/wp-json\/wp\/v2\/categories?post=2814"},{"taxonomy":"post_tag","embeddable":true,"href":"https:\/\/www.cidademarketing.com.br\/marketing\/wp-json\/wp\/v2\/tags?post=2814"}],"curies":[{"name":"wp","href":"https:\/\/api.w.org\/{rel}","templated":true}]}}