{"id":28081,"date":"2021-08-29T14:59:21","date_gmt":"2021-08-29T17:59:21","guid":{"rendered":"https:\/\/www.cidademarketing.com.br\/marketing\/?p=28081"},"modified":"2021-08-29T14:59:24","modified_gmt":"2021-08-29T17:59:24","slug":"radio-nacional-fm-celebra-aniversario-de-45-anos","status":"publish","type":"post","link":"https:\/\/www.cidademarketing.com.br\/marketing\/2021\/08\/29\/radio-nacional-fm-celebra-aniversario-de-45-anos\/","title":{"rendered":"R\u00e1dio Nacional FM celebra anivers\u00e1rio de 45 anos"},"content":{"rendered":"\n<p>A primeira r\u00e1dio FM de Bras\u00edlia, a R\u00e1dio Nacional FM, completa 45 anos no dia 29 de agosto. Para a comemora\u00e7\u00e3o, os ouvintes poder\u00e3o conferir mensagens de artistas e de ouvintes durante a programa\u00e7\u00e3o. O Mem\u00f3ria Musical do dia tamb\u00e9m ser\u00e1 especial. \u00c0s 11h, o programa conversar\u00e1 com o fundador da r\u00e1dio, Eduardo Fajardo, sobre m\u00fasicas que o marcaram ao longo da vida.<\/p>\n\n\n\n<p>Essencialmente musical, h\u00e1 45 anos a programa\u00e7\u00e3o da Nacional FM \u00e9 sin\u00f4nimo de m\u00fasica brasileira de qualidade. MPB tradicional e contempor\u00e2nea, m\u00fasica instrumental, novos talentos e a m\u00fasica de artistas de Bras\u00edlia. A r\u00e1dio tamb\u00e9m mistura informa\u00e7\u00e3o e cultura do mundo \u00e0 suas atra\u00e7\u00f5es, como em Na Trilha da Hist\u00f3ria, Templo do Rock, Tanto Mar e Nossa Am\u00e9rica.<\/p>\n\n\n\n<p>O Gerente Executivo de R\u00e1dios da Empresa Brasil de Comunica\u00e7\u00e3o (EBC), Luciano Seixas, destaca a import\u00e2ncia e a representatividade da Nacional FM nestes 45 anos. \u201cA R\u00e1dio Nacional FM \u00e9 a primeira FM de Bras\u00edlia e desde os anos 1970 tem identidade e proximidade com o p\u00fablico ouvinte, sendo refer\u00eancia nas pautas culturais e musicais da capital do Brasil. Festejamos seu anivers\u00e1rio no momento em que retomamos diversos programas e preparamos novidades na programa\u00e7\u00e3o\u201d.<br><br><strong>Festival de M\u00fasica<\/strong><\/p>\n\n\n\n<p>A hist\u00f3ria musical de Bras\u00edlia passa pela Nacional. Desde 2009, a emissora realiza o Festival de M\u00fasica da R\u00e1dio Nacional, um dos mais importantes eventos para a promo\u00e7\u00e3o da cultura local. Em 2021, foram 445 inscri\u00e7\u00f5es de compositores de Bras\u00edlia e entorno que ser\u00e3o premiados nas seguintes categorias: Melhor M\u00fasica com Letra, Melhor M\u00fasica Instrumental, Melhor Int\u00e9rprete Vocal, Melhor Int\u00e9rprete Instrumental, Melhor Letra, Melhor Arranjo e as premia\u00e7\u00f5es de M\u00fasica Mais Votada na Internet e Melhor Torcida.<\/p>\n\n\n\n<p>E de 23 de setembro a 27 de novembro, voc\u00ea poder\u00e1 votar nas m\u00fasicas classificadas do Festival! As m\u00fasicas selecionadas ser\u00e3o executadas na programa\u00e7\u00e3o da Nacional FM.<\/p>\n\n\n\n<p>Acesse <a href=\"https:\/\/radios.ebc.com.br\/nacionalfmbrasilia\">https:\/\/radios.ebc.com.br\/nacionalfmbrasilia<\/a> e vote na sua preferida! A m\u00fasica mais votada na internet j\u00e1 estar\u00e1 classificada entre as 12 finalistas do Festival.&nbsp;<\/p>\n\n\n\n<p><strong>R\u00e1dio Nacional no Spotify&nbsp;<\/strong><br><br>Confira o melhor da m\u00fasica brasileira em onze playlists para voc\u00ea ouvir onde e quando quiser: MPB, pop, sertanejo raiz ou universit\u00e1rio, forr\u00f3, rock, samba, pagode e as can\u00e7\u00f5es originais dos vencedores das quatro \u00faltimas edi\u00e7\u00f5es do Festival de M\u00fasica Nacional.&nbsp;Acesse o perfil da R\u00e1dio Nacional no Spotify para escutar a sele\u00e7\u00e3o de ritmos e sons que tocam na Nacional FM:<\/p>\n\n\n\n<p>Ou\u00e7a tamb\u00e9m pela internet em <a href=\"http:\/\/radios.ebc.com.br\/nacionalfmbrasilia\" target=\"_blank\" rel=\"noreferrer noopener\">radios.ebc.com.br\/nacionalfmbrasilia<\/a> ou no aplicativo R\u00e1dios EBC.<\/p>\n","protected":false},"excerpt":{"rendered":"<p>A primeira r\u00e1dio FM de Bras\u00edlia, a R\u00e1dio Nacional FM, completa 45 anos no dia 29 de agosto. Para a comemora\u00e7\u00e3o, os ouvintes poder\u00e3o conferir mensagens de artistas e de ouvintes durante a programa\u00e7\u00e3o. O Mem\u00f3ria Musical do dia tamb\u00e9m ser\u00e1 especial. \u00c0s 11h, o programa conversar\u00e1 com o fundador da r\u00e1dio, Eduardo Fajardo, sobre [&hellip;]<\/p>\n","protected":false},"author":1,"featured_media":28083,"comment_status":"open","ping_status":"open","sticky":false,"template":"","format":"standard","meta":{"tdm_status":"","tdm_grid_status":"","footnotes":""},"categories":[6],"tags":[33,28,4417],"class_list":["post-28081","post","type-post","status-publish","format-standard","has-post-thumbnail","hentry","category-noticias","tag-estrategia","tag-marketing","tag-radio-nacional-fm"],"yoast_head":"<!-- This site is optimized with the Yoast SEO plugin v27.5 - https:\/\/yoast.com\/product\/yoast-seo-wordpress\/ -->\n<title>R\u00e1dio Nacional FM celebra anivers\u00e1rio de 45 anos - CidadeMarketing<\/title>\n<meta name=\"robots\" content=\"index, follow, max-snippet:-1, max-image-preview:large, max-video-preview:-1\" \/>\n<link rel=\"canonical\" href=\"https:\/\/www.cidademarketing.com.br\/marketing\/2021\/08\/29\/radio-nacional-fm-celebra-aniversario-de-45-anos\/\" \/>\n<meta property=\"og:locale\" content=\"pt_BR\" \/>\n<meta property=\"og:type\" content=\"article\" \/>\n<meta property=\"og:title\" content=\"R\u00e1dio Nacional FM celebra anivers\u00e1rio de 45 anos - CidadeMarketing\" \/>\n<meta property=\"og:description\" content=\"A primeira r\u00e1dio FM de Bras\u00edlia, a R\u00e1dio Nacional FM, completa 45 anos no dia 29 de agosto. Para a comemora\u00e7\u00e3o, os ouvintes poder\u00e3o conferir mensagens de artistas e de ouvintes durante a programa\u00e7\u00e3o. O Mem\u00f3ria Musical do dia tamb\u00e9m ser\u00e1 especial. \u00c0s 11h, o programa conversar\u00e1 com o fundador da r\u00e1dio, Eduardo Fajardo, sobre [&hellip;]\" \/>\n<meta property=\"og:url\" content=\"https:\/\/www.cidademarketing.com.br\/marketing\/2021\/08\/29\/radio-nacional-fm-celebra-aniversario-de-45-anos\/\" \/>\n<meta property=\"og:site_name\" content=\"CidadeMarketing\" \/>\n<meta property=\"article:publisher\" content=\"https:\/\/www.facebook.com\/portalcidademarketing\" \/>\n<meta property=\"article:author\" content=\"https:\/\/www.facebook.com\/thalesbrandao\" \/>\n<meta property=\"article:published_time\" content=\"2021-08-29T17:59:21+00:00\" \/>\n<meta property=\"article:modified_time\" content=\"2021-08-29T17:59:24+00:00\" \/>\n<meta property=\"og:image\" content=\"https:\/\/www.cidademarketing.com.br\/marketing\/wp-content\/uploads\/2021\/08\/Radio-Nacional-45-anos-EBC-divulgacao.jpg\" \/>\n\t<meta property=\"og:image:width\" content=\"500\" \/>\n\t<meta property=\"og:image:height\" content=\"250\" \/>\n\t<meta property=\"og:image:type\" content=\"image\/jpeg\" \/>\n<meta name=\"author\" content=\"Thales Brand\u00e3o\" \/>\n<meta name=\"twitter:card\" content=\"summary_large_image\" \/>\n<meta name=\"twitter:creator\" content=\"@http:\/\/www.twitter.com\/thalesbrandao\" \/>\n<meta name=\"twitter:site\" content=\"@CidadeMarketing\" \/>\n<meta name=\"twitter:label1\" content=\"Escrito por\" \/>\n\t<meta name=\"twitter:data1\" content=\"Thales Brand\u00e3o\" \/>\n\t<meta name=\"twitter:label2\" content=\"Est. tempo de leitura\" \/>\n\t<meta name=\"twitter:data2\" content=\"2 minutos\" \/>\n<script type=\"application\/ld+json\" class=\"yoast-schema-graph\">{\"@context\":\"https:\\\/\\\/schema.org\",\"@graph\":[{\"@type\":\"Article\",\"@id\":\"https:\\\/\\\/www.cidademarketing.com.br\\\/marketing\\\/2021\\\/08\\\/29\\\/radio-nacional-fm-celebra-aniversario-de-45-anos\\\/#article\",\"isPartOf\":{\"@id\":\"https:\\\/\\\/www.cidademarketing.com.br\\\/marketing\\\/2021\\\/08\\\/29\\\/radio-nacional-fm-celebra-aniversario-de-45-anos\\\/\"},\"author\":{\"name\":\"Thales Brand\u00e3o\",\"@id\":\"https:\\\/\\\/www.cidademarketing.com.br\\\/marketing\\\/#\\\/schema\\\/person\\\/02daff9f18bd9378c9e01eb6b2db155f\"},\"headline\":\"R\u00e1dio Nacional FM celebra anivers\u00e1rio de 45 anos\",\"datePublished\":\"2021-08-29T17:59:21+00:00\",\"dateModified\":\"2021-08-29T17:59:24+00:00\",\"mainEntityOfPage\":{\"@id\":\"https:\\\/\\\/www.cidademarketing.com.br\\\/marketing\\\/2021\\\/08\\\/29\\\/radio-nacional-fm-celebra-aniversario-de-45-anos\\\/\"},\"wordCount\":471,\"commentCount\":0,\"publisher\":{\"@id\":\"https:\\\/\\\/www.cidademarketing.com.br\\\/marketing\\\/#organization\"},\"image\":{\"@id\":\"https:\\\/\\\/www.cidademarketing.com.br\\\/marketing\\\/2021\\\/08\\\/29\\\/radio-nacional-fm-celebra-aniversario-de-45-anos\\\/#primaryimage\"},\"thumbnailUrl\":\"https:\\\/\\\/www.cidademarketing.com.br\\\/marketing\\\/wp-content\\\/uploads\\\/2021\\\/08\\\/Radio-Nacional-45-anos-EBC-divulgacao.jpg\",\"keywords\":[\"estrat\u00e9gia\",\"marketing\",\"R\u00e1dio Nacional FM\"],\"articleSection\":[\"Not\u00edcias\"],\"inLanguage\":\"pt-BR\",\"potentialAction\":[{\"@type\":\"CommentAction\",\"name\":\"Comment\",\"target\":[\"https:\\\/\\\/www.cidademarketing.com.br\\\/marketing\\\/2021\\\/08\\\/29\\\/radio-nacional-fm-celebra-aniversario-de-45-anos\\\/#respond\"]}]},{\"@type\":\"WebPage\",\"@id\":\"https:\\\/\\\/www.cidademarketing.com.br\\\/marketing\\\/2021\\\/08\\\/29\\\/radio-nacional-fm-celebra-aniversario-de-45-anos\\\/\",\"url\":\"https:\\\/\\\/www.cidademarketing.com.br\\\/marketing\\\/2021\\\/08\\\/29\\\/radio-nacional-fm-celebra-aniversario-de-45-anos\\\/\",\"name\":\"R\u00e1dio Nacional FM celebra anivers\u00e1rio de 45 anos - CidadeMarketing\",\"isPartOf\":{\"@id\":\"https:\\\/\\\/www.cidademarketing.com.br\\\/marketing\\\/#website\"},\"primaryImageOfPage\":{\"@id\":\"https:\\\/\\\/www.cidademarketing.com.br\\\/marketing\\\/2021\\\/08\\\/29\\\/radio-nacional-fm-celebra-aniversario-de-45-anos\\\/#primaryimage\"},\"image\":{\"@id\":\"https:\\\/\\\/www.cidademarketing.com.br\\\/marketing\\\/2021\\\/08\\\/29\\\/radio-nacional-fm-celebra-aniversario-de-45-anos\\\/#primaryimage\"},\"thumbnailUrl\":\"https:\\\/\\\/www.cidademarketing.com.br\\\/marketing\\\/wp-content\\\/uploads\\\/2021\\\/08\\\/Radio-Nacional-45-anos-EBC-divulgacao.jpg\",\"datePublished\":\"2021-08-29T17:59:21+00:00\",\"dateModified\":\"2021-08-29T17:59:24+00:00\",\"breadcrumb\":{\"@id\":\"https:\\\/\\\/www.cidademarketing.com.br\\\/marketing\\\/2021\\\/08\\\/29\\\/radio-nacional-fm-celebra-aniversario-de-45-anos\\\/#breadcrumb\"},\"inLanguage\":\"pt-BR\",\"potentialAction\":[{\"@type\":\"ReadAction\",\"target\":[\"https:\\\/\\\/www.cidademarketing.com.br\\\/marketing\\\/2021\\\/08\\\/29\\\/radio-nacional-fm-celebra-aniversario-de-45-anos\\\/\"]}]},{\"@type\":\"ImageObject\",\"inLanguage\":\"pt-BR\",\"@id\":\"https:\\\/\\\/www.cidademarketing.com.br\\\/marketing\\\/2021\\\/08\\\/29\\\/radio-nacional-fm-celebra-aniversario-de-45-anos\\\/#primaryimage\",\"url\":\"https:\\\/\\\/www.cidademarketing.com.br\\\/marketing\\\/wp-content\\\/uploads\\\/2021\\\/08\\\/Radio-Nacional-45-anos-EBC-divulgacao.jpg\",\"contentUrl\":\"https:\\\/\\\/www.cidademarketing.com.br\\\/marketing\\\/wp-content\\\/uploads\\\/2021\\\/08\\\/Radio-Nacional-45-anos-EBC-divulgacao.jpg\",\"width\":500,\"height\":250},{\"@type\":\"BreadcrumbList\",\"@id\":\"https:\\\/\\\/www.cidademarketing.com.br\\\/marketing\\\/2021\\\/08\\\/29\\\/radio-nacional-fm-celebra-aniversario-de-45-anos\\\/#breadcrumb\",\"itemListElement\":[{\"@type\":\"ListItem\",\"position\":1,\"name\":\"In\u00edcio\",\"item\":\"https:\\\/\\\/www.cidademarketing.com.br\\\/marketing\\\/\"},{\"@type\":\"ListItem\",\"position\":2,\"name\":\"R\u00e1dio Nacional FM celebra anivers\u00e1rio de 45 anos\"}]},{\"@type\":\"WebSite\",\"@id\":\"https:\\\/\\\/www.cidademarketing.com.br\\\/marketing\\\/#website\",\"url\":\"https:\\\/\\\/www.cidademarketing.com.br\\\/marketing\\\/\",\"name\":\"CidadeMarketing\",\"description\":\"Somos um ve\u00edculo de comunica\u00e7\u00e3o de destaque no Brasil, reconhecido por conte\u00fados nos segmentos de marketing, empreendedorismo e inova\u00e7\u00e3o.\",\"publisher\":{\"@id\":\"https:\\\/\\\/www.cidademarketing.com.br\\\/marketing\\\/#organization\"},\"alternateName\":\"CidadeMarketing\",\"potentialAction\":[{\"@type\":\"SearchAction\",\"target\":{\"@type\":\"EntryPoint\",\"urlTemplate\":\"https:\\\/\\\/www.cidademarketing.com.br\\\/marketing\\\/?s={search_term_string}\"},\"query-input\":{\"@type\":\"PropertyValueSpecification\",\"valueRequired\":true,\"valueName\":\"search_term_string\"}}],\"inLanguage\":\"pt-BR\"},{\"@type\":\"Organization\",\"@id\":\"https:\\\/\\\/www.cidademarketing.com.br\\\/marketing\\\/#organization\",\"name\":\"CidadeMarketing\",\"alternateName\":\"CidadeMarketing\",\"url\":\"https:\\\/\\\/www.cidademarketing.com.br\\\/marketing\\\/\",\"logo\":{\"@type\":\"ImageObject\",\"inLanguage\":\"pt-BR\",\"@id\":\"https:\\\/\\\/www.cidademarketing.com.br\\\/marketing\\\/#\\\/schema\\\/logo\\\/image\\\/\",\"url\":\"https:\\\/\\\/www.cidademarketing.com.br\\\/marketing\\\/wp-content\\\/uploads\\\/2020\\\/01\\\/cidademarketing_marca_mobile.png\",\"contentUrl\":\"https:\\\/\\\/www.cidademarketing.com.br\\\/marketing\\\/wp-content\\\/uploads\\\/2020\\\/01\\\/cidademarketing_marca_mobile.png\",\"width\":230,\"height\":92,\"caption\":\"CidadeMarketing\"},\"image\":{\"@id\":\"https:\\\/\\\/www.cidademarketing.com.br\\\/marketing\\\/#\\\/schema\\\/logo\\\/image\\\/\"},\"sameAs\":[\"https:\\\/\\\/www.facebook.com\\\/portalcidademarketing\",\"https:\\\/\\\/x.com\\\/CidadeMarketing\",\"https:\\\/\\\/www.instagram.com\\\/cidademarketing\\\/\"]},{\"@type\":\"Person\",\"@id\":\"https:\\\/\\\/www.cidademarketing.com.br\\\/marketing\\\/#\\\/schema\\\/person\\\/02daff9f18bd9378c9e01eb6b2db155f\",\"name\":\"Thales Brand\u00e3o\",\"image\":{\"@type\":\"ImageObject\",\"inLanguage\":\"pt-BR\",\"@id\":\"https:\\\/\\\/secure.gravatar.com\\\/avatar\\\/7ca3206950207cc3cb48feec56a8a7898741ab725c368d99d5d7a5a50aab80c6?s=96&d=mm&r=g\",\"url\":\"https:\\\/\\\/secure.gravatar.com\\\/avatar\\\/7ca3206950207cc3cb48feec56a8a7898741ab725c368d99d5d7a5a50aab80c6?s=96&d=mm&r=g\",\"contentUrl\":\"https:\\\/\\\/secure.gravatar.com\\\/avatar\\\/7ca3206950207cc3cb48feec56a8a7898741ab725c368d99d5d7a5a50aab80c6?s=96&d=mm&r=g\",\"caption\":\"Thales Brand\u00e3o\"},\"description\":\"Editor Executivo do Portal CidadeMarketing.com.br &gt; Mestre em Comunica\u00e7\u00e3o e Sociedade pela Universidade Federal de Sergipe. Possui MBA Executivo em Administra\u00e7\u00e3o com \u00eanfase em Marketing pela Funda\u00e7\u00e3o Get\u00falio Vargas - Rio de Janeiro. Consultor, Palestrante e Pesquisador sobre Empreendedorismo, Marketing, Redes Sociais e Neg\u00f3cios Digitais. Professor, Palestrante TedxTalks e Campus Party. Twitter: @ThalesBrandao\",\"sameAs\":[\"http:\\\/\\\/www.mandacaru.com.br\",\"https:\\\/\\\/www.facebook.com\\\/thalesbrandao\",\"http:\\\/\\\/www.instagram.com.br\\\/thalesbrandaoferreira\",\"https:\\\/\\\/www.linkedin.com\\\/in\\\/thales-brand\u00e3o-3948609\\\/\",\"https:\\\/\\\/x.com\\\/http:\\\/\\\/www.twitter.com\\\/thalesbrandao\"],\"url\":\"https:\\\/\\\/www.cidademarketing.com.br\\\/marketing\\\/author\\\/thalesbrandao\\\/\"}]}<\/script>\n<!-- \/ Yoast SEO plugin. -->","yoast_head_json":{"title":"R\u00e1dio Nacional FM celebra anivers\u00e1rio de 45 anos - CidadeMarketing","robots":{"index":"index","follow":"follow","max-snippet":"max-snippet:-1","max-image-preview":"max-image-preview:large","max-video-preview":"max-video-preview:-1"},"canonical":"https:\/\/www.cidademarketing.com.br\/marketing\/2021\/08\/29\/radio-nacional-fm-celebra-aniversario-de-45-anos\/","og_locale":"pt_BR","og_type":"article","og_title":"R\u00e1dio Nacional FM celebra anivers\u00e1rio de 45 anos - CidadeMarketing","og_description":"A primeira r\u00e1dio FM de Bras\u00edlia, a R\u00e1dio Nacional FM, completa 45 anos no dia 29 de agosto. Para a comemora\u00e7\u00e3o, os ouvintes poder\u00e3o conferir mensagens de artistas e de ouvintes durante a programa\u00e7\u00e3o. O Mem\u00f3ria Musical do dia tamb\u00e9m ser\u00e1 especial. \u00c0s 11h, o programa conversar\u00e1 com o fundador da r\u00e1dio, Eduardo Fajardo, sobre [&hellip;]","og_url":"https:\/\/www.cidademarketing.com.br\/marketing\/2021\/08\/29\/radio-nacional-fm-celebra-aniversario-de-45-anos\/","og_site_name":"CidadeMarketing","article_publisher":"https:\/\/www.facebook.com\/portalcidademarketing","article_author":"https:\/\/www.facebook.com\/thalesbrandao","article_published_time":"2021-08-29T17:59:21+00:00","article_modified_time":"2021-08-29T17:59:24+00:00","og_image":[{"width":500,"height":250,"url":"https:\/\/www.cidademarketing.com.br\/marketing\/wp-content\/uploads\/2021\/08\/Radio-Nacional-45-anos-EBC-divulgacao.jpg","type":"image\/jpeg"}],"author":"Thales Brand\u00e3o","twitter_card":"summary_large_image","twitter_creator":"@http:\/\/www.twitter.com\/thalesbrandao","twitter_site":"@CidadeMarketing","twitter_misc":{"Escrito por":"Thales Brand\u00e3o","Est. tempo de leitura":"2 minutos"},"schema":{"@context":"https:\/\/schema.org","@graph":[{"@type":"Article","@id":"https:\/\/www.cidademarketing.com.br\/marketing\/2021\/08\/29\/radio-nacional-fm-celebra-aniversario-de-45-anos\/#article","isPartOf":{"@id":"https:\/\/www.cidademarketing.com.br\/marketing\/2021\/08\/29\/radio-nacional-fm-celebra-aniversario-de-45-anos\/"},"author":{"name":"Thales Brand\u00e3o","@id":"https:\/\/www.cidademarketing.com.br\/marketing\/#\/schema\/person\/02daff9f18bd9378c9e01eb6b2db155f"},"headline":"R\u00e1dio Nacional FM celebra anivers\u00e1rio de 45 anos","datePublished":"2021-08-29T17:59:21+00:00","dateModified":"2021-08-29T17:59:24+00:00","mainEntityOfPage":{"@id":"https:\/\/www.cidademarketing.com.br\/marketing\/2021\/08\/29\/radio-nacional-fm-celebra-aniversario-de-45-anos\/"},"wordCount":471,"commentCount":0,"publisher":{"@id":"https:\/\/www.cidademarketing.com.br\/marketing\/#organization"},"image":{"@id":"https:\/\/www.cidademarketing.com.br\/marketing\/2021\/08\/29\/radio-nacional-fm-celebra-aniversario-de-45-anos\/#primaryimage"},"thumbnailUrl":"https:\/\/www.cidademarketing.com.br\/marketing\/wp-content\/uploads\/2021\/08\/Radio-Nacional-45-anos-EBC-divulgacao.jpg","keywords":["estrat\u00e9gia","marketing","R\u00e1dio Nacional FM"],"articleSection":["Not\u00edcias"],"inLanguage":"pt-BR","potentialAction":[{"@type":"CommentAction","name":"Comment","target":["https:\/\/www.cidademarketing.com.br\/marketing\/2021\/08\/29\/radio-nacional-fm-celebra-aniversario-de-45-anos\/#respond"]}]},{"@type":"WebPage","@id":"https:\/\/www.cidademarketing.com.br\/marketing\/2021\/08\/29\/radio-nacional-fm-celebra-aniversario-de-45-anos\/","url":"https:\/\/www.cidademarketing.com.br\/marketing\/2021\/08\/29\/radio-nacional-fm-celebra-aniversario-de-45-anos\/","name":"R\u00e1dio Nacional FM celebra anivers\u00e1rio de 45 anos - CidadeMarketing","isPartOf":{"@id":"https:\/\/www.cidademarketing.com.br\/marketing\/#website"},"primaryImageOfPage":{"@id":"https:\/\/www.cidademarketing.com.br\/marketing\/2021\/08\/29\/radio-nacional-fm-celebra-aniversario-de-45-anos\/#primaryimage"},"image":{"@id":"https:\/\/www.cidademarketing.com.br\/marketing\/2021\/08\/29\/radio-nacional-fm-celebra-aniversario-de-45-anos\/#primaryimage"},"thumbnailUrl":"https:\/\/www.cidademarketing.com.br\/marketing\/wp-content\/uploads\/2021\/08\/Radio-Nacional-45-anos-EBC-divulgacao.jpg","datePublished":"2021-08-29T17:59:21+00:00","dateModified":"2021-08-29T17:59:24+00:00","breadcrumb":{"@id":"https:\/\/www.cidademarketing.com.br\/marketing\/2021\/08\/29\/radio-nacional-fm-celebra-aniversario-de-45-anos\/#breadcrumb"},"inLanguage":"pt-BR","potentialAction":[{"@type":"ReadAction","target":["https:\/\/www.cidademarketing.com.br\/marketing\/2021\/08\/29\/radio-nacional-fm-celebra-aniversario-de-45-anos\/"]}]},{"@type":"ImageObject","inLanguage":"pt-BR","@id":"https:\/\/www.cidademarketing.com.br\/marketing\/2021\/08\/29\/radio-nacional-fm-celebra-aniversario-de-45-anos\/#primaryimage","url":"https:\/\/www.cidademarketing.com.br\/marketing\/wp-content\/uploads\/2021\/08\/Radio-Nacional-45-anos-EBC-divulgacao.jpg","contentUrl":"https:\/\/www.cidademarketing.com.br\/marketing\/wp-content\/uploads\/2021\/08\/Radio-Nacional-45-anos-EBC-divulgacao.jpg","width":500,"height":250},{"@type":"BreadcrumbList","@id":"https:\/\/www.cidademarketing.com.br\/marketing\/2021\/08\/29\/radio-nacional-fm-celebra-aniversario-de-45-anos\/#breadcrumb","itemListElement":[{"@type":"ListItem","position":1,"name":"In\u00edcio","item":"https:\/\/www.cidademarketing.com.br\/marketing\/"},{"@type":"ListItem","position":2,"name":"R\u00e1dio Nacional FM celebra anivers\u00e1rio de 45 anos"}]},{"@type":"WebSite","@id":"https:\/\/www.cidademarketing.com.br\/marketing\/#website","url":"https:\/\/www.cidademarketing.com.br\/marketing\/","name":"CidadeMarketing","description":"Somos um ve\u00edculo de comunica\u00e7\u00e3o de destaque no Brasil, reconhecido por conte\u00fados nos segmentos de marketing, empreendedorismo e inova\u00e7\u00e3o.","publisher":{"@id":"https:\/\/www.cidademarketing.com.br\/marketing\/#organization"},"alternateName":"CidadeMarketing","potentialAction":[{"@type":"SearchAction","target":{"@type":"EntryPoint","urlTemplate":"https:\/\/www.cidademarketing.com.br\/marketing\/?s={search_term_string}"},"query-input":{"@type":"PropertyValueSpecification","valueRequired":true,"valueName":"search_term_string"}}],"inLanguage":"pt-BR"},{"@type":"Organization","@id":"https:\/\/www.cidademarketing.com.br\/marketing\/#organization","name":"CidadeMarketing","alternateName":"CidadeMarketing","url":"https:\/\/www.cidademarketing.com.br\/marketing\/","logo":{"@type":"ImageObject","inLanguage":"pt-BR","@id":"https:\/\/www.cidademarketing.com.br\/marketing\/#\/schema\/logo\/image\/","url":"https:\/\/www.cidademarketing.com.br\/marketing\/wp-content\/uploads\/2020\/01\/cidademarketing_marca_mobile.png","contentUrl":"https:\/\/www.cidademarketing.com.br\/marketing\/wp-content\/uploads\/2020\/01\/cidademarketing_marca_mobile.png","width":230,"height":92,"caption":"CidadeMarketing"},"image":{"@id":"https:\/\/www.cidademarketing.com.br\/marketing\/#\/schema\/logo\/image\/"},"sameAs":["https:\/\/www.facebook.com\/portalcidademarketing","https:\/\/x.com\/CidadeMarketing","https:\/\/www.instagram.com\/cidademarketing\/"]},{"@type":"Person","@id":"https:\/\/www.cidademarketing.com.br\/marketing\/#\/schema\/person\/02daff9f18bd9378c9e01eb6b2db155f","name":"Thales Brand\u00e3o","image":{"@type":"ImageObject","inLanguage":"pt-BR","@id":"https:\/\/secure.gravatar.com\/avatar\/7ca3206950207cc3cb48feec56a8a7898741ab725c368d99d5d7a5a50aab80c6?s=96&d=mm&r=g","url":"https:\/\/secure.gravatar.com\/avatar\/7ca3206950207cc3cb48feec56a8a7898741ab725c368d99d5d7a5a50aab80c6?s=96&d=mm&r=g","contentUrl":"https:\/\/secure.gravatar.com\/avatar\/7ca3206950207cc3cb48feec56a8a7898741ab725c368d99d5d7a5a50aab80c6?s=96&d=mm&r=g","caption":"Thales Brand\u00e3o"},"description":"Editor Executivo do Portal CidadeMarketing.com.br &gt; Mestre em Comunica\u00e7\u00e3o e Sociedade pela Universidade Federal de Sergipe. Possui MBA Executivo em Administra\u00e7\u00e3o com \u00eanfase em Marketing pela Funda\u00e7\u00e3o Get\u00falio Vargas - Rio de Janeiro. Consultor, Palestrante e Pesquisador sobre Empreendedorismo, Marketing, Redes Sociais e Neg\u00f3cios Digitais. Professor, Palestrante TedxTalks e Campus Party. Twitter: @ThalesBrandao","sameAs":["http:\/\/www.mandacaru.com.br","https:\/\/www.facebook.com\/thalesbrandao","http:\/\/www.instagram.com.br\/thalesbrandaoferreira","https:\/\/www.linkedin.com\/in\/thales-brand\u00e3o-3948609\/","https:\/\/x.com\/http:\/\/www.twitter.com\/thalesbrandao"],"url":"https:\/\/www.cidademarketing.com.br\/marketing\/author\/thalesbrandao\/"}]}},"amp_enabled":true,"_links":{"self":[{"href":"https:\/\/www.cidademarketing.com.br\/marketing\/wp-json\/wp\/v2\/posts\/28081","targetHints":{"allow":["GET"]}}],"collection":[{"href":"https:\/\/www.cidademarketing.com.br\/marketing\/wp-json\/wp\/v2\/posts"}],"about":[{"href":"https:\/\/www.cidademarketing.com.br\/marketing\/wp-json\/wp\/v2\/types\/post"}],"author":[{"embeddable":true,"href":"https:\/\/www.cidademarketing.com.br\/marketing\/wp-json\/wp\/v2\/users\/1"}],"replies":[{"embeddable":true,"href":"https:\/\/www.cidademarketing.com.br\/marketing\/wp-json\/wp\/v2\/comments?post=28081"}],"version-history":[{"count":1,"href":"https:\/\/www.cidademarketing.com.br\/marketing\/wp-json\/wp\/v2\/posts\/28081\/revisions"}],"predecessor-version":[{"id":28084,"href":"https:\/\/www.cidademarketing.com.br\/marketing\/wp-json\/wp\/v2\/posts\/28081\/revisions\/28084"}],"wp:featuredmedia":[{"embeddable":true,"href":"https:\/\/www.cidademarketing.com.br\/marketing\/wp-json\/wp\/v2\/media\/28083"}],"wp:attachment":[{"href":"https:\/\/www.cidademarketing.com.br\/marketing\/wp-json\/wp\/v2\/media?parent=28081"}],"wp:term":[{"taxonomy":"category","embeddable":true,"href":"https:\/\/www.cidademarketing.com.br\/marketing\/wp-json\/wp\/v2\/categories?post=28081"},{"taxonomy":"post_tag","embeddable":true,"href":"https:\/\/www.cidademarketing.com.br\/marketing\/wp-json\/wp\/v2\/tags?post=28081"}],"curies":[{"name":"wp","href":"https:\/\/api.w.org\/{rel}","templated":true}]}}