{"id":27851,"date":"2021-08-26T09:20:24","date_gmt":"2021-08-26T12:20:24","guid":{"rendered":"https:\/\/www.cidademarketing.com.br\/marketing\/?p=27851"},"modified":"2021-08-26T09:45:07","modified_gmt":"2021-08-26T12:45:07","slug":"serie-documental-de-mala-e-cuia-ganha-nova-exibicao-na-tv-brasil","status":"publish","type":"post","link":"https:\/\/www.cidademarketing.com.br\/marketing\/2021\/08\/26\/serie-documental-de-mala-e-cuia-ganha-nova-exibicao-na-tv-brasil\/","title":{"rendered":"S\u00e9rie documental De Mala e Cuia ganha nova exibi\u00e7\u00e3o na TV Brasil"},"content":{"rendered":"\n<p>Incentivar a descoberta sobre as origens familiares de forma l\u00fadica e divertida. Esse \u00e9 o mote da produ\u00e7\u00e3o documental <strong>De Mala e Cuia<\/strong>, s\u00e9rie para a garotada que volta \u00e0 programa\u00e7\u00e3o da <strong>TV Brasil<\/strong> neste s\u00e1bado (28), \u00e0s 11h45. Indicada para assistir e se emocionar com os entes queridos, a produ\u00e7\u00e3o valoriza o conv\u00edvio das novas e antigas gera\u00e7\u00f5es.<\/p>\n\n\n\n<p>O programa entra no ar logo ap\u00f3s o seriado ficcional in\u00e9dito <strong>Queimamufa<\/strong>, exibido \u00e0s 11h30. Ambos t\u00eam edi\u00e7\u00f5es semanais aos s\u00e1bados, na telinha da emissora p\u00fablica, na faixa<strong> TV Brasil Animada<\/strong>, sess\u00e3o voltada ao p\u00fablico infantojuvenil. As duas atra\u00e7\u00f5es foram realizadas pela produtora <strong>Giros Filmes<\/strong>.<\/p>\n\n\n\n<p>Com 13 epis\u00f3dios de 13 minutos, <strong>De Mala e Cuia<\/strong> acompanha a jornada de crian\u00e7as em viagens pelo pa\u00eds para conhecer as hist\u00f3rias e as tradi\u00e7\u00f5es da terra natal de seus av\u00f3s migrantes. De um jeito leve e estimulante, os pequenos aprendem e se interessam em vivenciar mais as suas pr\u00f3prias origens.<\/p>\n\n\n\n<p><\/p>\n\n\n\n<figure class=\"wp-block-gallery columns-3 is-cropped wp-block-gallery-1 is-layout-flex wp-block-gallery-is-layout-flex\"><ul class=\"blocks-gallery-grid\"><li class=\"blocks-gallery-item\"><figure><img fetchpriority=\"high\" decoding=\"async\" width=\"1024\" height=\"576\" src=\"https:\/\/www.cidademarketing.com.br\/marketing\/wp-content\/uploads\/2021\/08\/De_Mala_e_Cuia_Vovo_Marcos_e_Bento_no_segundo_episodio_em_Maria_Farinha_PE_03_Credito_Giros_Filmes-1024x576.jpg\" alt=\"\" data-id=\"27862\" data-full-url=\"https:\/\/www.cidademarketing.com.br\/marketing\/wp-content\/uploads\/2021\/08\/De_Mala_e_Cuia_Vovo_Marcos_e_Bento_no_segundo_episodio_em_Maria_Farinha_PE_03_Credito_Giros_Filmes.jpg\" data-link=\"https:\/\/www.cidademarketing.com.br\/marketing\/?attachment_id=27862\" class=\"wp-image-27862\" srcset=\"https:\/\/www.cidademarketing.com.br\/marketing\/wp-content\/uploads\/2021\/08\/De_Mala_e_Cuia_Vovo_Marcos_e_Bento_no_segundo_episodio_em_Maria_Farinha_PE_03_Credito_Giros_Filmes-1024x576.jpg 1024w, https:\/\/www.cidademarketing.com.br\/marketing\/wp-content\/uploads\/2021\/08\/De_Mala_e_Cuia_Vovo_Marcos_e_Bento_no_segundo_episodio_em_Maria_Farinha_PE_03_Credito_Giros_Filmes-300x169.jpg 300w, https:\/\/www.cidademarketing.com.br\/marketing\/wp-content\/uploads\/2021\/08\/De_Mala_e_Cuia_Vovo_Marcos_e_Bento_no_segundo_episodio_em_Maria_Farinha_PE_03_Credito_Giros_Filmes-768x432.jpg 768w, https:\/\/www.cidademarketing.com.br\/marketing\/wp-content\/uploads\/2021\/08\/De_Mala_e_Cuia_Vovo_Marcos_e_Bento_no_segundo_episodio_em_Maria_Farinha_PE_03_Credito_Giros_Filmes-747x420.jpg 747w, https:\/\/www.cidademarketing.com.br\/marketing\/wp-content\/uploads\/2021\/08\/De_Mala_e_Cuia_Vovo_Marcos_e_Bento_no_segundo_episodio_em_Maria_Farinha_PE_03_Credito_Giros_Filmes-640x360.jpg 640w, https:\/\/www.cidademarketing.com.br\/marketing\/wp-content\/uploads\/2021\/08\/De_Mala_e_Cuia_Vovo_Marcos_e_Bento_no_segundo_episodio_em_Maria_Farinha_PE_03_Credito_Giros_Filmes-681x383.jpg 681w, https:\/\/www.cidademarketing.com.br\/marketing\/wp-content\/uploads\/2021\/08\/De_Mala_e_Cuia_Vovo_Marcos_e_Bento_no_segundo_episodio_em_Maria_Farinha_PE_03_Credito_Giros_Filmes.jpg 1280w\" sizes=\"(max-width: 1024px) 100vw, 1024px\" \/><figcaption class=\"blocks-gallery-item__caption\">Cr\u00e9dito: Giros Filmes<\/figcaption><\/figure><\/li><li class=\"blocks-gallery-item\"><figure><img decoding=\"async\" width=\"1024\" height=\"576\" src=\"https:\/\/www.cidademarketing.com.br\/marketing\/wp-content\/uploads\/2021\/08\/De_Mala_e_Cuia_Vovo_Marcos_e_Bento_no_segundo_episodio_em_Maria_Farinha_PE_02_Credito_Giros_Filmes-1024x576.jpg\" alt=\"\" data-id=\"27861\" data-full-url=\"https:\/\/www.cidademarketing.com.br\/marketing\/wp-content\/uploads\/2021\/08\/De_Mala_e_Cuia_Vovo_Marcos_e_Bento_no_segundo_episodio_em_Maria_Farinha_PE_02_Credito_Giros_Filmes.jpg\" data-link=\"https:\/\/www.cidademarketing.com.br\/marketing\/?attachment_id=27861\" class=\"wp-image-27861\" srcset=\"https:\/\/www.cidademarketing.com.br\/marketing\/wp-content\/uploads\/2021\/08\/De_Mala_e_Cuia_Vovo_Marcos_e_Bento_no_segundo_episodio_em_Maria_Farinha_PE_02_Credito_Giros_Filmes-1024x576.jpg 1024w, https:\/\/www.cidademarketing.com.br\/marketing\/wp-content\/uploads\/2021\/08\/De_Mala_e_Cuia_Vovo_Marcos_e_Bento_no_segundo_episodio_em_Maria_Farinha_PE_02_Credito_Giros_Filmes-300x169.jpg 300w, https:\/\/www.cidademarketing.com.br\/marketing\/wp-content\/uploads\/2021\/08\/De_Mala_e_Cuia_Vovo_Marcos_e_Bento_no_segundo_episodio_em_Maria_Farinha_PE_02_Credito_Giros_Filmes-768x432.jpg 768w, https:\/\/www.cidademarketing.com.br\/marketing\/wp-content\/uploads\/2021\/08\/De_Mala_e_Cuia_Vovo_Marcos_e_Bento_no_segundo_episodio_em_Maria_Farinha_PE_02_Credito_Giros_Filmes-747x420.jpg 747w, https:\/\/www.cidademarketing.com.br\/marketing\/wp-content\/uploads\/2021\/08\/De_Mala_e_Cuia_Vovo_Marcos_e_Bento_no_segundo_episodio_em_Maria_Farinha_PE_02_Credito_Giros_Filmes-640x360.jpg 640w, https:\/\/www.cidademarketing.com.br\/marketing\/wp-content\/uploads\/2021\/08\/De_Mala_e_Cuia_Vovo_Marcos_e_Bento_no_segundo_episodio_em_Maria_Farinha_PE_02_Credito_Giros_Filmes-681x383.jpg 681w, https:\/\/www.cidademarketing.com.br\/marketing\/wp-content\/uploads\/2021\/08\/De_Mala_e_Cuia_Vovo_Marcos_e_Bento_no_segundo_episodio_em_Maria_Farinha_PE_02_Credito_Giros_Filmes.jpg 1280w\" sizes=\"(max-width: 1024px) 100vw, 1024px\" \/><figcaption class=\"blocks-gallery-item__caption\">Cr\u00e9dito: Giros Filmes<\/figcaption><\/figure><\/li><li class=\"blocks-gallery-item\"><figure><img decoding=\"async\" width=\"1024\" height=\"576\" src=\"https:\/\/www.cidademarketing.com.br\/marketing\/wp-content\/uploads\/2021\/08\/De_Mala_e_Cuia_Vovo_Marcos_e_Bento_no_segundo_episodio_em_Maria_Farinha_PE_01_Credito_Giros_Filmes-1024x576.jpg\" alt=\"\" data-id=\"27860\" data-full-url=\"https:\/\/www.cidademarketing.com.br\/marketing\/wp-content\/uploads\/2021\/08\/De_Mala_e_Cuia_Vovo_Marcos_e_Bento_no_segundo_episodio_em_Maria_Farinha_PE_01_Credito_Giros_Filmes.jpg\" data-link=\"https:\/\/www.cidademarketing.com.br\/marketing\/?attachment_id=27860\" class=\"wp-image-27860\" srcset=\"https:\/\/www.cidademarketing.com.br\/marketing\/wp-content\/uploads\/2021\/08\/De_Mala_e_Cuia_Vovo_Marcos_e_Bento_no_segundo_episodio_em_Maria_Farinha_PE_01_Credito_Giros_Filmes-1024x576.jpg 1024w, https:\/\/www.cidademarketing.com.br\/marketing\/wp-content\/uploads\/2021\/08\/De_Mala_e_Cuia_Vovo_Marcos_e_Bento_no_segundo_episodio_em_Maria_Farinha_PE_01_Credito_Giros_Filmes-300x169.jpg 300w, https:\/\/www.cidademarketing.com.br\/marketing\/wp-content\/uploads\/2021\/08\/De_Mala_e_Cuia_Vovo_Marcos_e_Bento_no_segundo_episodio_em_Maria_Farinha_PE_01_Credito_Giros_Filmes-768x432.jpg 768w, https:\/\/www.cidademarketing.com.br\/marketing\/wp-content\/uploads\/2021\/08\/De_Mala_e_Cuia_Vovo_Marcos_e_Bento_no_segundo_episodio_em_Maria_Farinha_PE_01_Credito_Giros_Filmes-747x420.jpg 747w, https:\/\/www.cidademarketing.com.br\/marketing\/wp-content\/uploads\/2021\/08\/De_Mala_e_Cuia_Vovo_Marcos_e_Bento_no_segundo_episodio_em_Maria_Farinha_PE_01_Credito_Giros_Filmes-640x360.jpg 640w, https:\/\/www.cidademarketing.com.br\/marketing\/wp-content\/uploads\/2021\/08\/De_Mala_e_Cuia_Vovo_Marcos_e_Bento_no_segundo_episodio_em_Maria_Farinha_PE_01_Credito_Giros_Filmes-681x383.jpg 681w, https:\/\/www.cidademarketing.com.br\/marketing\/wp-content\/uploads\/2021\/08\/De_Mala_e_Cuia_Vovo_Marcos_e_Bento_no_segundo_episodio_em_Maria_Farinha_PE_01_Credito_Giros_Filmes.jpg 1280w\" sizes=\"(max-width: 1024px) 100vw, 1024px\" \/><figcaption class=\"blocks-gallery-item__caption\">Cr\u00e9dito: Giros Filmes<\/figcaption><\/figure><\/li><li class=\"blocks-gallery-item\"><figure><img loading=\"lazy\" decoding=\"async\" width=\"1024\" height=\"576\" src=\"https:\/\/www.cidademarketing.com.br\/marketing\/wp-content\/uploads\/2021\/08\/De_Mala_e_Cuia_Maria_Jose_curte_a_companhia_dos_netos_Credito_Giros_Filmes-1024x576.jpg\" alt=\"\" data-id=\"27859\" data-full-url=\"https:\/\/www.cidademarketing.com.br\/marketing\/wp-content\/uploads\/2021\/08\/De_Mala_e_Cuia_Maria_Jose_curte_a_companhia_dos_netos_Credito_Giros_Filmes.jpg\" data-link=\"https:\/\/www.cidademarketing.com.br\/marketing\/?attachment_id=27859\" class=\"wp-image-27859\" srcset=\"https:\/\/www.cidademarketing.com.br\/marketing\/wp-content\/uploads\/2021\/08\/De_Mala_e_Cuia_Maria_Jose_curte_a_companhia_dos_netos_Credito_Giros_Filmes-1024x576.jpg 1024w, https:\/\/www.cidademarketing.com.br\/marketing\/wp-content\/uploads\/2021\/08\/De_Mala_e_Cuia_Maria_Jose_curte_a_companhia_dos_netos_Credito_Giros_Filmes-300x169.jpg 300w, https:\/\/www.cidademarketing.com.br\/marketing\/wp-content\/uploads\/2021\/08\/De_Mala_e_Cuia_Maria_Jose_curte_a_companhia_dos_netos_Credito_Giros_Filmes-768x432.jpg 768w, https:\/\/www.cidademarketing.com.br\/marketing\/wp-content\/uploads\/2021\/08\/De_Mala_e_Cuia_Maria_Jose_curte_a_companhia_dos_netos_Credito_Giros_Filmes-1536x864.jpg 1536w, https:\/\/www.cidademarketing.com.br\/marketing\/wp-content\/uploads\/2021\/08\/De_Mala_e_Cuia_Maria_Jose_curte_a_companhia_dos_netos_Credito_Giros_Filmes-747x420.jpg 747w, https:\/\/www.cidademarketing.com.br\/marketing\/wp-content\/uploads\/2021\/08\/De_Mala_e_Cuia_Maria_Jose_curte_a_companhia_dos_netos_Credito_Giros_Filmes-640x360.jpg 640w, https:\/\/www.cidademarketing.com.br\/marketing\/wp-content\/uploads\/2021\/08\/De_Mala_e_Cuia_Maria_Jose_curte_a_companhia_dos_netos_Credito_Giros_Filmes-681x383.jpg 681w, https:\/\/www.cidademarketing.com.br\/marketing\/wp-content\/uploads\/2021\/08\/De_Mala_e_Cuia_Maria_Jose_curte_a_companhia_dos_netos_Credito_Giros_Filmes.jpg 1696w\" sizes=\"(max-width: 1024px) 100vw, 1024px\" \/><figcaption class=\"blocks-gallery-item__caption\">Cr\u00e9dito: Giros Filmes<\/figcaption><\/figure><\/li><li class=\"blocks-gallery-item\"><figure><img loading=\"lazy\" decoding=\"async\" width=\"1024\" height=\"576\" src=\"https:\/\/www.cidademarketing.com.br\/marketing\/wp-content\/uploads\/2021\/08\/De_Mala_e_Cuia_Maria_Eduarda_com_avo_Valderico_no_terceiro_episodio_em_Araguari_MG_03_Credito_Giros_Filmes-1024x576.jpg\" alt=\"\" data-id=\"27858\" data-full-url=\"https:\/\/www.cidademarketing.com.br\/marketing\/wp-content\/uploads\/2021\/08\/De_Mala_e_Cuia_Maria_Eduarda_com_avo_Valderico_no_terceiro_episodio_em_Araguari_MG_03_Credito_Giros_Filmes.jpg\" data-link=\"https:\/\/www.cidademarketing.com.br\/marketing\/?attachment_id=27858\" class=\"wp-image-27858\" srcset=\"https:\/\/www.cidademarketing.com.br\/marketing\/wp-content\/uploads\/2021\/08\/De_Mala_e_Cuia_Maria_Eduarda_com_avo_Valderico_no_terceiro_episodio_em_Araguari_MG_03_Credito_Giros_Filmes-1024x576.jpg 1024w, https:\/\/www.cidademarketing.com.br\/marketing\/wp-content\/uploads\/2021\/08\/De_Mala_e_Cuia_Maria_Eduarda_com_avo_Valderico_no_terceiro_episodio_em_Araguari_MG_03_Credito_Giros_Filmes-300x169.jpg 300w, https:\/\/www.cidademarketing.com.br\/marketing\/wp-content\/uploads\/2021\/08\/De_Mala_e_Cuia_Maria_Eduarda_com_avo_Valderico_no_terceiro_episodio_em_Araguari_MG_03_Credito_Giros_Filmes-768x432.jpg 768w, https:\/\/www.cidademarketing.com.br\/marketing\/wp-content\/uploads\/2021\/08\/De_Mala_e_Cuia_Maria_Eduarda_com_avo_Valderico_no_terceiro_episodio_em_Araguari_MG_03_Credito_Giros_Filmes-747x420.jpg 747w, https:\/\/www.cidademarketing.com.br\/marketing\/wp-content\/uploads\/2021\/08\/De_Mala_e_Cuia_Maria_Eduarda_com_avo_Valderico_no_terceiro_episodio_em_Araguari_MG_03_Credito_Giros_Filmes-640x360.jpg 640w, https:\/\/www.cidademarketing.com.br\/marketing\/wp-content\/uploads\/2021\/08\/De_Mala_e_Cuia_Maria_Eduarda_com_avo_Valderico_no_terceiro_episodio_em_Araguari_MG_03_Credito_Giros_Filmes-681x383.jpg 681w, https:\/\/www.cidademarketing.com.br\/marketing\/wp-content\/uploads\/2021\/08\/De_Mala_e_Cuia_Maria_Eduarda_com_avo_Valderico_no_terceiro_episodio_em_Araguari_MG_03_Credito_Giros_Filmes.jpg 1280w\" sizes=\"(max-width: 1024px) 100vw, 1024px\" \/><figcaption class=\"blocks-gallery-item__caption\">Cr\u00e9dito: Giros Filmes<\/figcaption><\/figure><\/li><li class=\"blocks-gallery-item\"><figure><img loading=\"lazy\" decoding=\"async\" width=\"1024\" height=\"576\" src=\"https:\/\/www.cidademarketing.com.br\/marketing\/wp-content\/uploads\/2021\/08\/De_Mala_e_Cuia_Maria_Eduarda_com_avo_Valderico_no_terceiro_episodio_em_Araguari_MG_02_Credito_Giros_Filmes-1024x576.jpg\" alt=\"\" data-id=\"27857\" data-full-url=\"https:\/\/www.cidademarketing.com.br\/marketing\/wp-content\/uploads\/2021\/08\/De_Mala_e_Cuia_Maria_Eduarda_com_avo_Valderico_no_terceiro_episodio_em_Araguari_MG_02_Credito_Giros_Filmes.jpg\" data-link=\"https:\/\/www.cidademarketing.com.br\/marketing\/?attachment_id=27857\" class=\"wp-image-27857\" srcset=\"https:\/\/www.cidademarketing.com.br\/marketing\/wp-content\/uploads\/2021\/08\/De_Mala_e_Cuia_Maria_Eduarda_com_avo_Valderico_no_terceiro_episodio_em_Araguari_MG_02_Credito_Giros_Filmes-1024x576.jpg 1024w, https:\/\/www.cidademarketing.com.br\/marketing\/wp-content\/uploads\/2021\/08\/De_Mala_e_Cuia_Maria_Eduarda_com_avo_Valderico_no_terceiro_episodio_em_Araguari_MG_02_Credito_Giros_Filmes-300x169.jpg 300w, https:\/\/www.cidademarketing.com.br\/marketing\/wp-content\/uploads\/2021\/08\/De_Mala_e_Cuia_Maria_Eduarda_com_avo_Valderico_no_terceiro_episodio_em_Araguari_MG_02_Credito_Giros_Filmes-768x432.jpg 768w, https:\/\/www.cidademarketing.com.br\/marketing\/wp-content\/uploads\/2021\/08\/De_Mala_e_Cuia_Maria_Eduarda_com_avo_Valderico_no_terceiro_episodio_em_Araguari_MG_02_Credito_Giros_Filmes-747x420.jpg 747w, https:\/\/www.cidademarketing.com.br\/marketing\/wp-content\/uploads\/2021\/08\/De_Mala_e_Cuia_Maria_Eduarda_com_avo_Valderico_no_terceiro_episodio_em_Araguari_MG_02_Credito_Giros_Filmes-640x360.jpg 640w, https:\/\/www.cidademarketing.com.br\/marketing\/wp-content\/uploads\/2021\/08\/De_Mala_e_Cuia_Maria_Eduarda_com_avo_Valderico_no_terceiro_episodio_em_Araguari_MG_02_Credito_Giros_Filmes-681x383.jpg 681w, https:\/\/www.cidademarketing.com.br\/marketing\/wp-content\/uploads\/2021\/08\/De_Mala_e_Cuia_Maria_Eduarda_com_avo_Valderico_no_terceiro_episodio_em_Araguari_MG_02_Credito_Giros_Filmes.jpg 1280w\" sizes=\"(max-width: 1024px) 100vw, 1024px\" \/><figcaption class=\"blocks-gallery-item__caption\">Cr\u00e9dito: Giros Filmes<\/figcaption><\/figure><\/li><li class=\"blocks-gallery-item\"><figure><img loading=\"lazy\" decoding=\"async\" width=\"1024\" height=\"576\" src=\"https:\/\/www.cidademarketing.com.br\/marketing\/wp-content\/uploads\/2021\/08\/De_Mala_e_Cuia_Maria_Eduarda_com_avo_Valderico_no_terceiro_episodio_em_Araguari_MG_01_Credito_Giros_Filmes-1024x576.jpg\" alt=\"\" data-id=\"27856\" data-full-url=\"https:\/\/www.cidademarketing.com.br\/marketing\/wp-content\/uploads\/2021\/08\/De_Mala_e_Cuia_Maria_Eduarda_com_avo_Valderico_no_terceiro_episodio_em_Araguari_MG_01_Credito_Giros_Filmes.jpg\" data-link=\"https:\/\/www.cidademarketing.com.br\/marketing\/?attachment_id=27856\" class=\"wp-image-27856\" srcset=\"https:\/\/www.cidademarketing.com.br\/marketing\/wp-content\/uploads\/2021\/08\/De_Mala_e_Cuia_Maria_Eduarda_com_avo_Valderico_no_terceiro_episodio_em_Araguari_MG_01_Credito_Giros_Filmes-1024x576.jpg 1024w, https:\/\/www.cidademarketing.com.br\/marketing\/wp-content\/uploads\/2021\/08\/De_Mala_e_Cuia_Maria_Eduarda_com_avo_Valderico_no_terceiro_episodio_em_Araguari_MG_01_Credito_Giros_Filmes-300x169.jpg 300w, https:\/\/www.cidademarketing.com.br\/marketing\/wp-content\/uploads\/2021\/08\/De_Mala_e_Cuia_Maria_Eduarda_com_avo_Valderico_no_terceiro_episodio_em_Araguari_MG_01_Credito_Giros_Filmes-768x432.jpg 768w, https:\/\/www.cidademarketing.com.br\/marketing\/wp-content\/uploads\/2021\/08\/De_Mala_e_Cuia_Maria_Eduarda_com_avo_Valderico_no_terceiro_episodio_em_Araguari_MG_01_Credito_Giros_Filmes-747x420.jpg 747w, https:\/\/www.cidademarketing.com.br\/marketing\/wp-content\/uploads\/2021\/08\/De_Mala_e_Cuia_Maria_Eduarda_com_avo_Valderico_no_terceiro_episodio_em_Araguari_MG_01_Credito_Giros_Filmes-640x360.jpg 640w, https:\/\/www.cidademarketing.com.br\/marketing\/wp-content\/uploads\/2021\/08\/De_Mala_e_Cuia_Maria_Eduarda_com_avo_Valderico_no_terceiro_episodio_em_Araguari_MG_01_Credito_Giros_Filmes-681x383.jpg 681w, https:\/\/www.cidademarketing.com.br\/marketing\/wp-content\/uploads\/2021\/08\/De_Mala_e_Cuia_Maria_Eduarda_com_avo_Valderico_no_terceiro_episodio_em_Araguari_MG_01_Credito_Giros_Filmes.jpg 1280w\" sizes=\"(max-width: 1024px) 100vw, 1024px\" \/><figcaption class=\"blocks-gallery-item__caption\">Cr\u00e9dito: Giros Filmes<\/figcaption><\/figure><\/li><li class=\"blocks-gallery-item\"><figure><img loading=\"lazy\" decoding=\"async\" width=\"1024\" height=\"576\" src=\"https:\/\/www.cidademarketing.com.br\/marketing\/wp-content\/uploads\/2021\/08\/De_Mala_e_Cuia_Julia_e_Maria_Clara_vao_a_feita_com_a_avo_Maria_Credito_Giros_Filmes-1024x576.jpg\" alt=\"\" data-id=\"27855\" data-full-url=\"https:\/\/www.cidademarketing.com.br\/marketing\/wp-content\/uploads\/2021\/08\/De_Mala_e_Cuia_Julia_e_Maria_Clara_vao_a_feita_com_a_avo_Maria_Credito_Giros_Filmes.jpg\" data-link=\"https:\/\/www.cidademarketing.com.br\/marketing\/?attachment_id=27855\" class=\"wp-image-27855\" srcset=\"https:\/\/www.cidademarketing.com.br\/marketing\/wp-content\/uploads\/2021\/08\/De_Mala_e_Cuia_Julia_e_Maria_Clara_vao_a_feita_com_a_avo_Maria_Credito_Giros_Filmes-1024x576.jpg 1024w, https:\/\/www.cidademarketing.com.br\/marketing\/wp-content\/uploads\/2021\/08\/De_Mala_e_Cuia_Julia_e_Maria_Clara_vao_a_feita_com_a_avo_Maria_Credito_Giros_Filmes-300x169.jpg 300w, https:\/\/www.cidademarketing.com.br\/marketing\/wp-content\/uploads\/2021\/08\/De_Mala_e_Cuia_Julia_e_Maria_Clara_vao_a_feita_com_a_avo_Maria_Credito_Giros_Filmes-768x432.jpg 768w, https:\/\/www.cidademarketing.com.br\/marketing\/wp-content\/uploads\/2021\/08\/De_Mala_e_Cuia_Julia_e_Maria_Clara_vao_a_feita_com_a_avo_Maria_Credito_Giros_Filmes-747x420.jpg 747w, https:\/\/www.cidademarketing.com.br\/marketing\/wp-content\/uploads\/2021\/08\/De_Mala_e_Cuia_Julia_e_Maria_Clara_vao_a_feita_com_a_avo_Maria_Credito_Giros_Filmes-640x360.jpg 640w, https:\/\/www.cidademarketing.com.br\/marketing\/wp-content\/uploads\/2021\/08\/De_Mala_e_Cuia_Julia_e_Maria_Clara_vao_a_feita_com_a_avo_Maria_Credito_Giros_Filmes-681x383.jpg 681w, https:\/\/www.cidademarketing.com.br\/marketing\/wp-content\/uploads\/2021\/08\/De_Mala_e_Cuia_Julia_e_Maria_Clara_vao_a_feita_com_a_avo_Maria_Credito_Giros_Filmes.jpg 1280w\" sizes=\"(max-width: 1024px) 100vw, 1024px\" \/><figcaption class=\"blocks-gallery-item__caption\">Cr\u00e9dito: Giros Filmes<\/figcaption><\/figure><\/li><\/ul><\/figure>\n\n\n\n<p><\/p>\n\n\n\n<p><strong>Experi\u00eancias na terra natal da fam\u00edlia<\/strong><\/p>\n\n\n\n<p>Na s\u00e9rie, crian\u00e7as nascidas e criadas em grandes centros urbanos visitam a cidade natal de seus av\u00f3s, que migraram em busca de melhores condi\u00e7\u00f5es de vida. Com uma proposta curiosa, <strong>De Mala e Cuia<\/strong> sugere que esses jovens fa\u00e7am o caminho inverso ao de seus av\u00f3s, descobrindo as ra\u00edzes da fam\u00edlia.<\/p>\n\n\n\n<p>Em cada epis\u00f3dio, os personagens s\u00e3o envolvidos pelas hist\u00f3rias dos av\u00f3s que relembram sua inf\u00e2ncia. Juntos, av\u00f3s e netos saboreiam os gostos t\u00edpicos de cada regi\u00e3o. Os pequenos aprendem as brincadeiras que contagiavam a molecada antigamente e que ainda hoje rendem \u00f3timas risadas entre as gera\u00e7\u00f5es.<\/p>\n\n\n\n<p>A produ\u00e7\u00e3o apresentada pela TV Brasil vai at\u00e9 13 munic\u00edpios das regi\u00f5es Nordeste, Sudeste, Centro-Oeste e Sul do pa\u00eds. Os destinos das viagens em fam\u00edlia s\u00e3o Itabaiana (Sergipe), Maria Farinha (Pernambuco), Araguari (Minas Gerais), Nova P\u00e1dua (Rio Grande do Sul), Cabaceiras (Para\u00edba), Congonhal (Minas Gerais), Umirim (Cear\u00e1), Salvador (Bahia), Recife (Pernambuco), Cuiab\u00e1 (Mato Grosso), Moreno (Pernambuco), Caxias (Maranh\u00e3o) e Garanhuns (Pernambuco). &nbsp;<\/p>\n\n\n\n<p><strong>Primeira viagem da s\u00e9rie<\/strong><\/p>\n\n\n\n<p>A edi\u00e7\u00e3o que marca o in\u00edcio do seriado De Mala e Cuia re\u00fane uma av\u00f3 nordestina e duas netas de S\u00e3o Paulo. Maria Clara e J\u00falia, com 9 e 10 anos, fazem uma jornada de seu estado at\u00e9 a cidade sergipana de Itabaiana, munic\u00edpio onde nasceu sua av\u00f3, Maria Jos\u00e9, de 54 anos.<\/p>\n\n\n\n<p>No decorrer desse epis\u00f3dio da s\u00e9rie, a velhinha revela \u00e0s netas hist\u00f3rias da sua inf\u00e2ncia e compartilha curiosidades que as meninas jamais sonharam. Essa viagem do presente ao passado mescla encanto, emo\u00e7\u00f5es e muita imagina\u00e7\u00e3o.<\/p>\n\n\n\n<p>A av\u00f3 conta que saiu de Itabaiana aos 14 anos para construir a vida em S\u00e3o Paulo, mas voltou \u00e0 cidade natal para curtir a aposentadoria. As duas netinhas paulistas morrem de saudade da av\u00f3 desde que ela se mudou.<\/p>\n\n\n\n<p>O reencontro \u00e9 cheio de emo\u00e7\u00e3o, brincadeiras e descobertas. A produ\u00e7\u00e3o exibida pela TV Brasil mostra um passeio pela feira livre de Itabaiana, com direito a frutas que s\u00f3 existem no Nordeste. Tamb\u00e9m acompanha a experi\u00eancia de plantar mudas e ensina a fazer bonecas com espigas de milho.<\/p>\n\n\n\n<p><strong>Sobre a sess\u00e3o TV Brasil Animada<\/strong><\/p>\n\n\n\n<p>Refer\u00eancia de conte\u00fado para crian\u00e7as na televis\u00e3o aberta, a TV Brasil \u00e9 uma das principais janelas para desenhos e anima\u00e7\u00f5es nacionais. Em sua grade, a emissora p\u00fablica refor\u00e7a valores como a n\u00e3o viol\u00eancia e a toler\u00e2ncia \u00e0s diferen\u00e7as. Desde o come\u00e7o de 2021 a programa\u00e7\u00e3o da faixa <strong>TV Brasil Animada<\/strong> apresenta novidades para a garotada.<\/p>\n\n\n\n<p>Com mais de 20 horas semanais de produ\u00e7\u00e3o audiovisual voltada para crian\u00e7as e adolescentes, a TVBrasil Animada oferece uma sess\u00e3o di\u00e1ria com mais de tr\u00eas horas de dura\u00e7\u00e3o com s\u00e9ries e desenhos para jovens de todas as idades. O conte\u00fado vai ar de segunda a sexta, de 8h15 ao meio-dia. Aos s\u00e1bados, os pequenos tamb\u00e9m podem conferir atra\u00e7\u00f5es para sua faixa et\u00e1ria entre 10h e 13h30.<\/p>\n\n\n\n<p>A programa\u00e7\u00e3o para crian\u00e7as e jovens oferecida pela emissora p\u00fablica tem vantagens para toda a fam\u00edlia como a aus\u00eancia de publicidade que incentive o consumismo. Parceira de produ\u00e7\u00f5es independentes, a TV Brasil tem a tradi\u00e7\u00e3o de fomentar produ\u00e7\u00f5es infantis de qualidade.<\/p>\n\n\n\n<p>Muitas anima\u00e7\u00f5es de sucesso no pa\u00eds e no exterior est\u00e3o acess\u00edveis na grade do canal como O Show da Luna!, Tain\u00e1 e os Guardi\u00f5es da Natureza, Mytikah, Al\u00e9m da Lenda e Bela Criativa. Entre as s\u00e9ries em live-action, as atra\u00e7\u00f5es s\u00e3o produ\u00e7\u00f5es consagradas como Pablo, Detetives do Pr\u00e9dio Azul e Valentins.<\/p>\n\n\n\n<p><strong>Ao vivo e on demand<\/strong><\/p>\n\n\n\n<p>Acompanhe a programa\u00e7\u00e3o da TV Brasil pelo canal aberto, TV por assinatura e parab\u00f3lica. Sintonize: <a href=\"http:\/\/tvbrasil.ebc.com.br\/comosintonizar\" target=\"_blank\" rel=\"noreferrer noopener\">tvbrasil.ebc.com.br\/comosintonizar<\/a>.<\/p>\n\n\n\n<p>Seus programas favoritos est\u00e3o no TV Brasil Play, pelo site <a href=\"http:\/\/play.ebc.com.br\/\" target=\"_blank\" rel=\"noreferrer noopener\">play.ebc.com.br<\/a> ou por aplicativo no smartphone. O app pode ser baixado gratuitamente e est\u00e1 dispon\u00edvel para Android e iOS. Assista tamb\u00e9m pela WebTV: <a href=\"http:\/\/tvbrasil.ebc.com.br\/webtv\" target=\"_blank\" rel=\"noreferrer noopener\">tvbrasil.ebc.com.br\/webtv<\/a>.<\/p>\n\n\n\n<p><strong>Ficha T\u00e9cnica<\/strong><\/p>\n\n\n\n<p>Produtora: Giros Filmes<\/p>\n\n\n\n<p>Dire\u00e7\u00e3o-geral: Belisario Franca<\/p>\n\n\n\n<p>Dire\u00e7\u00e3o: Vin\u00edcius Reis<\/p>\n\n\n\n<p>Pesquisa e Roteiro: M\u00e1rcia Bittencourt<\/p>\n\n\n\n<p>Pa\u00eds: Brasil<\/p>\n\n\n\n<p>Ano: 2017<\/p>\n\n\n\n<p>Epis\u00f3dios: 13<\/p>\n\n\n\n<p>Dura\u00e7\u00e3o: 13 minutos<\/p>\n\n\n\n<p>G\u00eanero: Documental<\/p>\n\n\n\n<p>Classifica\u00e7\u00e3o indicativa: Livre<\/p>\n\n\n\n<p><strong>Servi\u00e7o<\/strong><\/p>\n\n\n\n<p><strong>De Mala e Cuia<\/strong> \u2013 s\u00e1bado, dia 28\/8, \u00e0s 11h45, na TV Brasil<\/p>\n\n\n\n<p><strong>TV Brasil Animada<\/strong> &#8211; segunda a sexta, das 8h15 ao meio-dia; e aos s\u00e1bados, das 10h \u00e0s 13h30<\/p>\n","protected":false},"excerpt":{"rendered":"<p>Incentivar a descoberta sobre as origens familiares de forma l\u00fadica e divertida. Esse \u00e9 o mote da produ\u00e7\u00e3o documental De Mala e Cuia, s\u00e9rie para a garotada que volta \u00e0 programa\u00e7\u00e3o da TV Brasil neste s\u00e1bado (28), \u00e0s 11h45. Indicada para assistir e se emocionar com os entes queridos, a produ\u00e7\u00e3o valoriza o conv\u00edvio das [&hellip;]<\/p>\n","protected":false},"author":1,"featured_media":27854,"comment_status":"open","ping_status":"open","sticky":false,"template":"","format":"standard","meta":{"tdm_status":"","tdm_grid_status":"","footnotes":""},"categories":[6],"tags":[308,836,28,380],"class_list":["post-27851","post","type-post","status-publish","format-standard","has-post-thumbnail","hentry","category-noticias","tag-comunicacao","tag-filme","tag-marketing","tag-tv-brasil"],"yoast_head":"<!-- This site is optimized with the Yoast SEO plugin v27.5 - https:\/\/yoast.com\/product\/yoast-seo-wordpress\/ -->\n<title>S\u00e9rie documental De Mala e Cuia ganha nova exibi\u00e7\u00e3o na TV Brasil - CidadeMarketing<\/title>\n<meta name=\"robots\" content=\"index, follow, max-snippet:-1, max-image-preview:large, max-video-preview:-1\" \/>\n<link rel=\"canonical\" href=\"https:\/\/www.cidademarketing.com.br\/marketing\/2021\/08\/26\/serie-documental-de-mala-e-cuia-ganha-nova-exibicao-na-tv-brasil\/\" \/>\n<meta property=\"og:locale\" content=\"pt_BR\" \/>\n<meta property=\"og:type\" content=\"article\" \/>\n<meta property=\"og:title\" content=\"S\u00e9rie documental De Mala e Cuia ganha nova exibi\u00e7\u00e3o na TV Brasil - CidadeMarketing\" \/>\n<meta property=\"og:description\" content=\"Incentivar a descoberta sobre as origens familiares de forma l\u00fadica e divertida. Esse \u00e9 o mote da produ\u00e7\u00e3o documental De Mala e Cuia, s\u00e9rie para a garotada que volta \u00e0 programa\u00e7\u00e3o da TV Brasil neste s\u00e1bado (28), \u00e0s 11h45. Indicada para assistir e se emocionar com os entes queridos, a produ\u00e7\u00e3o valoriza o conv\u00edvio das [&hellip;]\" \/>\n<meta property=\"og:url\" content=\"https:\/\/www.cidademarketing.com.br\/marketing\/2021\/08\/26\/serie-documental-de-mala-e-cuia-ganha-nova-exibicao-na-tv-brasil\/\" \/>\n<meta property=\"og:site_name\" content=\"CidadeMarketing\" \/>\n<meta property=\"article:publisher\" content=\"https:\/\/www.facebook.com\/portalcidademarketing\" \/>\n<meta property=\"article:author\" content=\"https:\/\/www.facebook.com\/thalesbrandao\" \/>\n<meta property=\"article:published_time\" content=\"2021-08-26T12:20:24+00:00\" \/>\n<meta property=\"article:modified_time\" content=\"2021-08-26T12:45:07+00:00\" \/>\n<meta property=\"og:image\" content=\"https:\/\/www.cidademarketing.com.br\/marketing\/wp-content\/uploads\/2021\/08\/De_Mala_e_Cuia_Identidade_visual_Credito_Giros_Filmes.jpg\" \/>\n\t<meta property=\"og:image:width\" content=\"1600\" \/>\n\t<meta property=\"og:image:height\" content=\"1200\" \/>\n\t<meta property=\"og:image:type\" content=\"image\/jpeg\" \/>\n<meta name=\"author\" content=\"Thales Brand\u00e3o\" \/>\n<meta name=\"twitter:card\" content=\"summary_large_image\" \/>\n<meta name=\"twitter:creator\" content=\"@http:\/\/www.twitter.com\/thalesbrandao\" \/>\n<meta name=\"twitter:site\" content=\"@CidadeMarketing\" \/>\n<meta name=\"twitter:label1\" content=\"Escrito por\" \/>\n\t<meta name=\"twitter:data1\" content=\"Thales Brand\u00e3o\" \/>\n\t<meta name=\"twitter:label2\" content=\"Est. tempo de leitura\" \/>\n\t<meta name=\"twitter:data2\" content=\"5 minutos\" \/>\n<script type=\"application\/ld+json\" class=\"yoast-schema-graph\">{\"@context\":\"https:\\\/\\\/schema.org\",\"@graph\":[{\"@type\":\"Article\",\"@id\":\"https:\\\/\\\/www.cidademarketing.com.br\\\/marketing\\\/2021\\\/08\\\/26\\\/serie-documental-de-mala-e-cuia-ganha-nova-exibicao-na-tv-brasil\\\/#article\",\"isPartOf\":{\"@id\":\"https:\\\/\\\/www.cidademarketing.com.br\\\/marketing\\\/2021\\\/08\\\/26\\\/serie-documental-de-mala-e-cuia-ganha-nova-exibicao-na-tv-brasil\\\/\"},\"author\":{\"name\":\"Thales Brand\u00e3o\",\"@id\":\"https:\\\/\\\/www.cidademarketing.com.br\\\/marketing\\\/#\\\/schema\\\/person\\\/02daff9f18bd9378c9e01eb6b2db155f\"},\"headline\":\"S\u00e9rie documental De Mala e Cuia ganha nova exibi\u00e7\u00e3o na TV Brasil\",\"datePublished\":\"2021-08-26T12:20:24+00:00\",\"dateModified\":\"2021-08-26T12:45:07+00:00\",\"mainEntityOfPage\":{\"@id\":\"https:\\\/\\\/www.cidademarketing.com.br\\\/marketing\\\/2021\\\/08\\\/26\\\/serie-documental-de-mala-e-cuia-ganha-nova-exibicao-na-tv-brasil\\\/\"},\"wordCount\":1007,\"commentCount\":0,\"publisher\":{\"@id\":\"https:\\\/\\\/www.cidademarketing.com.br\\\/marketing\\\/#organization\"},\"image\":{\"@id\":\"https:\\\/\\\/www.cidademarketing.com.br\\\/marketing\\\/2021\\\/08\\\/26\\\/serie-documental-de-mala-e-cuia-ganha-nova-exibicao-na-tv-brasil\\\/#primaryimage\"},\"thumbnailUrl\":\"https:\\\/\\\/www.cidademarketing.com.br\\\/marketing\\\/wp-content\\\/uploads\\\/2021\\\/08\\\/De_Mala_e_Cuia_Identidade_visual_Credito_Giros_Filmes.jpg\",\"keywords\":[\"comunica\u00e7\u00e3o\",\"filme\",\"marketing\",\"TV Brasil\"],\"articleSection\":[\"Not\u00edcias\"],\"inLanguage\":\"pt-BR\",\"potentialAction\":[{\"@type\":\"CommentAction\",\"name\":\"Comment\",\"target\":[\"https:\\\/\\\/www.cidademarketing.com.br\\\/marketing\\\/2021\\\/08\\\/26\\\/serie-documental-de-mala-e-cuia-ganha-nova-exibicao-na-tv-brasil\\\/#respond\"]}]},{\"@type\":\"WebPage\",\"@id\":\"https:\\\/\\\/www.cidademarketing.com.br\\\/marketing\\\/2021\\\/08\\\/26\\\/serie-documental-de-mala-e-cuia-ganha-nova-exibicao-na-tv-brasil\\\/\",\"url\":\"https:\\\/\\\/www.cidademarketing.com.br\\\/marketing\\\/2021\\\/08\\\/26\\\/serie-documental-de-mala-e-cuia-ganha-nova-exibicao-na-tv-brasil\\\/\",\"name\":\"S\u00e9rie documental De Mala e Cuia ganha nova exibi\u00e7\u00e3o na TV Brasil - CidadeMarketing\",\"isPartOf\":{\"@id\":\"https:\\\/\\\/www.cidademarketing.com.br\\\/marketing\\\/#website\"},\"primaryImageOfPage\":{\"@id\":\"https:\\\/\\\/www.cidademarketing.com.br\\\/marketing\\\/2021\\\/08\\\/26\\\/serie-documental-de-mala-e-cuia-ganha-nova-exibicao-na-tv-brasil\\\/#primaryimage\"},\"image\":{\"@id\":\"https:\\\/\\\/www.cidademarketing.com.br\\\/marketing\\\/2021\\\/08\\\/26\\\/serie-documental-de-mala-e-cuia-ganha-nova-exibicao-na-tv-brasil\\\/#primaryimage\"},\"thumbnailUrl\":\"https:\\\/\\\/www.cidademarketing.com.br\\\/marketing\\\/wp-content\\\/uploads\\\/2021\\\/08\\\/De_Mala_e_Cuia_Identidade_visual_Credito_Giros_Filmes.jpg\",\"datePublished\":\"2021-08-26T12:20:24+00:00\",\"dateModified\":\"2021-08-26T12:45:07+00:00\",\"breadcrumb\":{\"@id\":\"https:\\\/\\\/www.cidademarketing.com.br\\\/marketing\\\/2021\\\/08\\\/26\\\/serie-documental-de-mala-e-cuia-ganha-nova-exibicao-na-tv-brasil\\\/#breadcrumb\"},\"inLanguage\":\"pt-BR\",\"potentialAction\":[{\"@type\":\"ReadAction\",\"target\":[\"https:\\\/\\\/www.cidademarketing.com.br\\\/marketing\\\/2021\\\/08\\\/26\\\/serie-documental-de-mala-e-cuia-ganha-nova-exibicao-na-tv-brasil\\\/\"]}]},{\"@type\":\"ImageObject\",\"inLanguage\":\"pt-BR\",\"@id\":\"https:\\\/\\\/www.cidademarketing.com.br\\\/marketing\\\/2021\\\/08\\\/26\\\/serie-documental-de-mala-e-cuia-ganha-nova-exibicao-na-tv-brasil\\\/#primaryimage\",\"url\":\"https:\\\/\\\/www.cidademarketing.com.br\\\/marketing\\\/wp-content\\\/uploads\\\/2021\\\/08\\\/De_Mala_e_Cuia_Identidade_visual_Credito_Giros_Filmes.jpg\",\"contentUrl\":\"https:\\\/\\\/www.cidademarketing.com.br\\\/marketing\\\/wp-content\\\/uploads\\\/2021\\\/08\\\/De_Mala_e_Cuia_Identidade_visual_Credito_Giros_Filmes.jpg\",\"width\":1600,\"height\":1200,\"caption\":\"Cr\u00e9dito: Giros Filmes\"},{\"@type\":\"BreadcrumbList\",\"@id\":\"https:\\\/\\\/www.cidademarketing.com.br\\\/marketing\\\/2021\\\/08\\\/26\\\/serie-documental-de-mala-e-cuia-ganha-nova-exibicao-na-tv-brasil\\\/#breadcrumb\",\"itemListElement\":[{\"@type\":\"ListItem\",\"position\":1,\"name\":\"In\u00edcio\",\"item\":\"https:\\\/\\\/www.cidademarketing.com.br\\\/marketing\\\/\"},{\"@type\":\"ListItem\",\"position\":2,\"name\":\"S\u00e9rie documental De Mala e Cuia ganha nova exibi\u00e7\u00e3o na TV Brasil\"}]},{\"@type\":\"WebSite\",\"@id\":\"https:\\\/\\\/www.cidademarketing.com.br\\\/marketing\\\/#website\",\"url\":\"https:\\\/\\\/www.cidademarketing.com.br\\\/marketing\\\/\",\"name\":\"CidadeMarketing\",\"description\":\"Somos um ve\u00edculo de comunica\u00e7\u00e3o de destaque no Brasil, reconhecido por conte\u00fados nos segmentos de marketing, empreendedorismo e inova\u00e7\u00e3o.\",\"publisher\":{\"@id\":\"https:\\\/\\\/www.cidademarketing.com.br\\\/marketing\\\/#organization\"},\"alternateName\":\"CidadeMarketing\",\"potentialAction\":[{\"@type\":\"SearchAction\",\"target\":{\"@type\":\"EntryPoint\",\"urlTemplate\":\"https:\\\/\\\/www.cidademarketing.com.br\\\/marketing\\\/?s={search_term_string}\"},\"query-input\":{\"@type\":\"PropertyValueSpecification\",\"valueRequired\":true,\"valueName\":\"search_term_string\"}}],\"inLanguage\":\"pt-BR\"},{\"@type\":\"Organization\",\"@id\":\"https:\\\/\\\/www.cidademarketing.com.br\\\/marketing\\\/#organization\",\"name\":\"CidadeMarketing\",\"alternateName\":\"CidadeMarketing\",\"url\":\"https:\\\/\\\/www.cidademarketing.com.br\\\/marketing\\\/\",\"logo\":{\"@type\":\"ImageObject\",\"inLanguage\":\"pt-BR\",\"@id\":\"https:\\\/\\\/www.cidademarketing.com.br\\\/marketing\\\/#\\\/schema\\\/logo\\\/image\\\/\",\"url\":\"https:\\\/\\\/www.cidademarketing.com.br\\\/marketing\\\/wp-content\\\/uploads\\\/2020\\\/01\\\/cidademarketing_marca_mobile.png\",\"contentUrl\":\"https:\\\/\\\/www.cidademarketing.com.br\\\/marketing\\\/wp-content\\\/uploads\\\/2020\\\/01\\\/cidademarketing_marca_mobile.png\",\"width\":230,\"height\":92,\"caption\":\"CidadeMarketing\"},\"image\":{\"@id\":\"https:\\\/\\\/www.cidademarketing.com.br\\\/marketing\\\/#\\\/schema\\\/logo\\\/image\\\/\"},\"sameAs\":[\"https:\\\/\\\/www.facebook.com\\\/portalcidademarketing\",\"https:\\\/\\\/x.com\\\/CidadeMarketing\",\"https:\\\/\\\/www.instagram.com\\\/cidademarketing\\\/\"]},{\"@type\":\"Person\",\"@id\":\"https:\\\/\\\/www.cidademarketing.com.br\\\/marketing\\\/#\\\/schema\\\/person\\\/02daff9f18bd9378c9e01eb6b2db155f\",\"name\":\"Thales Brand\u00e3o\",\"image\":{\"@type\":\"ImageObject\",\"inLanguage\":\"pt-BR\",\"@id\":\"https:\\\/\\\/secure.gravatar.com\\\/avatar\\\/7ca3206950207cc3cb48feec56a8a7898741ab725c368d99d5d7a5a50aab80c6?s=96&d=mm&r=g\",\"url\":\"https:\\\/\\\/secure.gravatar.com\\\/avatar\\\/7ca3206950207cc3cb48feec56a8a7898741ab725c368d99d5d7a5a50aab80c6?s=96&d=mm&r=g\",\"contentUrl\":\"https:\\\/\\\/secure.gravatar.com\\\/avatar\\\/7ca3206950207cc3cb48feec56a8a7898741ab725c368d99d5d7a5a50aab80c6?s=96&d=mm&r=g\",\"caption\":\"Thales Brand\u00e3o\"},\"description\":\"Editor Executivo do Portal CidadeMarketing.com.br &gt; Mestre em Comunica\u00e7\u00e3o e Sociedade pela Universidade Federal de Sergipe. Possui MBA Executivo em Administra\u00e7\u00e3o com \u00eanfase em Marketing pela Funda\u00e7\u00e3o Get\u00falio Vargas - Rio de Janeiro. Consultor, Palestrante e Pesquisador sobre Empreendedorismo, Marketing, Redes Sociais e Neg\u00f3cios Digitais. Professor, Palestrante TedxTalks e Campus Party. Twitter: @ThalesBrandao\",\"sameAs\":[\"http:\\\/\\\/www.mandacaru.com.br\",\"https:\\\/\\\/www.facebook.com\\\/thalesbrandao\",\"http:\\\/\\\/www.instagram.com.br\\\/thalesbrandaoferreira\",\"https:\\\/\\\/www.linkedin.com\\\/in\\\/thales-brand\u00e3o-3948609\\\/\",\"https:\\\/\\\/x.com\\\/http:\\\/\\\/www.twitter.com\\\/thalesbrandao\"],\"url\":\"https:\\\/\\\/www.cidademarketing.com.br\\\/marketing\\\/author\\\/thalesbrandao\\\/\"}]}<\/script>\n<!-- \/ Yoast SEO plugin. -->","yoast_head_json":{"title":"S\u00e9rie documental De Mala e Cuia ganha nova exibi\u00e7\u00e3o na TV Brasil - CidadeMarketing","robots":{"index":"index","follow":"follow","max-snippet":"max-snippet:-1","max-image-preview":"max-image-preview:large","max-video-preview":"max-video-preview:-1"},"canonical":"https:\/\/www.cidademarketing.com.br\/marketing\/2021\/08\/26\/serie-documental-de-mala-e-cuia-ganha-nova-exibicao-na-tv-brasil\/","og_locale":"pt_BR","og_type":"article","og_title":"S\u00e9rie documental De Mala e Cuia ganha nova exibi\u00e7\u00e3o na TV Brasil - CidadeMarketing","og_description":"Incentivar a descoberta sobre as origens familiares de forma l\u00fadica e divertida. Esse \u00e9 o mote da produ\u00e7\u00e3o documental De Mala e Cuia, s\u00e9rie para a garotada que volta \u00e0 programa\u00e7\u00e3o da TV Brasil neste s\u00e1bado (28), \u00e0s 11h45. Indicada para assistir e se emocionar com os entes queridos, a produ\u00e7\u00e3o valoriza o conv\u00edvio das [&hellip;]","og_url":"https:\/\/www.cidademarketing.com.br\/marketing\/2021\/08\/26\/serie-documental-de-mala-e-cuia-ganha-nova-exibicao-na-tv-brasil\/","og_site_name":"CidadeMarketing","article_publisher":"https:\/\/www.facebook.com\/portalcidademarketing","article_author":"https:\/\/www.facebook.com\/thalesbrandao","article_published_time":"2021-08-26T12:20:24+00:00","article_modified_time":"2021-08-26T12:45:07+00:00","og_image":[{"width":1600,"height":1200,"url":"https:\/\/www.cidademarketing.com.br\/marketing\/wp-content\/uploads\/2021\/08\/De_Mala_e_Cuia_Identidade_visual_Credito_Giros_Filmes.jpg","type":"image\/jpeg"}],"author":"Thales Brand\u00e3o","twitter_card":"summary_large_image","twitter_creator":"@http:\/\/www.twitter.com\/thalesbrandao","twitter_site":"@CidadeMarketing","twitter_misc":{"Escrito por":"Thales Brand\u00e3o","Est. tempo de leitura":"5 minutos"},"schema":{"@context":"https:\/\/schema.org","@graph":[{"@type":"Article","@id":"https:\/\/www.cidademarketing.com.br\/marketing\/2021\/08\/26\/serie-documental-de-mala-e-cuia-ganha-nova-exibicao-na-tv-brasil\/#article","isPartOf":{"@id":"https:\/\/www.cidademarketing.com.br\/marketing\/2021\/08\/26\/serie-documental-de-mala-e-cuia-ganha-nova-exibicao-na-tv-brasil\/"},"author":{"name":"Thales Brand\u00e3o","@id":"https:\/\/www.cidademarketing.com.br\/marketing\/#\/schema\/person\/02daff9f18bd9378c9e01eb6b2db155f"},"headline":"S\u00e9rie documental De Mala e Cuia ganha nova exibi\u00e7\u00e3o na TV Brasil","datePublished":"2021-08-26T12:20:24+00:00","dateModified":"2021-08-26T12:45:07+00:00","mainEntityOfPage":{"@id":"https:\/\/www.cidademarketing.com.br\/marketing\/2021\/08\/26\/serie-documental-de-mala-e-cuia-ganha-nova-exibicao-na-tv-brasil\/"},"wordCount":1007,"commentCount":0,"publisher":{"@id":"https:\/\/www.cidademarketing.com.br\/marketing\/#organization"},"image":{"@id":"https:\/\/www.cidademarketing.com.br\/marketing\/2021\/08\/26\/serie-documental-de-mala-e-cuia-ganha-nova-exibicao-na-tv-brasil\/#primaryimage"},"thumbnailUrl":"https:\/\/www.cidademarketing.com.br\/marketing\/wp-content\/uploads\/2021\/08\/De_Mala_e_Cuia_Identidade_visual_Credito_Giros_Filmes.jpg","keywords":["comunica\u00e7\u00e3o","filme","marketing","TV Brasil"],"articleSection":["Not\u00edcias"],"inLanguage":"pt-BR","potentialAction":[{"@type":"CommentAction","name":"Comment","target":["https:\/\/www.cidademarketing.com.br\/marketing\/2021\/08\/26\/serie-documental-de-mala-e-cuia-ganha-nova-exibicao-na-tv-brasil\/#respond"]}]},{"@type":"WebPage","@id":"https:\/\/www.cidademarketing.com.br\/marketing\/2021\/08\/26\/serie-documental-de-mala-e-cuia-ganha-nova-exibicao-na-tv-brasil\/","url":"https:\/\/www.cidademarketing.com.br\/marketing\/2021\/08\/26\/serie-documental-de-mala-e-cuia-ganha-nova-exibicao-na-tv-brasil\/","name":"S\u00e9rie documental De Mala e Cuia ganha nova exibi\u00e7\u00e3o na TV Brasil - CidadeMarketing","isPartOf":{"@id":"https:\/\/www.cidademarketing.com.br\/marketing\/#website"},"primaryImageOfPage":{"@id":"https:\/\/www.cidademarketing.com.br\/marketing\/2021\/08\/26\/serie-documental-de-mala-e-cuia-ganha-nova-exibicao-na-tv-brasil\/#primaryimage"},"image":{"@id":"https:\/\/www.cidademarketing.com.br\/marketing\/2021\/08\/26\/serie-documental-de-mala-e-cuia-ganha-nova-exibicao-na-tv-brasil\/#primaryimage"},"thumbnailUrl":"https:\/\/www.cidademarketing.com.br\/marketing\/wp-content\/uploads\/2021\/08\/De_Mala_e_Cuia_Identidade_visual_Credito_Giros_Filmes.jpg","datePublished":"2021-08-26T12:20:24+00:00","dateModified":"2021-08-26T12:45:07+00:00","breadcrumb":{"@id":"https:\/\/www.cidademarketing.com.br\/marketing\/2021\/08\/26\/serie-documental-de-mala-e-cuia-ganha-nova-exibicao-na-tv-brasil\/#breadcrumb"},"inLanguage":"pt-BR","potentialAction":[{"@type":"ReadAction","target":["https:\/\/www.cidademarketing.com.br\/marketing\/2021\/08\/26\/serie-documental-de-mala-e-cuia-ganha-nova-exibicao-na-tv-brasil\/"]}]},{"@type":"ImageObject","inLanguage":"pt-BR","@id":"https:\/\/www.cidademarketing.com.br\/marketing\/2021\/08\/26\/serie-documental-de-mala-e-cuia-ganha-nova-exibicao-na-tv-brasil\/#primaryimage","url":"https:\/\/www.cidademarketing.com.br\/marketing\/wp-content\/uploads\/2021\/08\/De_Mala_e_Cuia_Identidade_visual_Credito_Giros_Filmes.jpg","contentUrl":"https:\/\/www.cidademarketing.com.br\/marketing\/wp-content\/uploads\/2021\/08\/De_Mala_e_Cuia_Identidade_visual_Credito_Giros_Filmes.jpg","width":1600,"height":1200,"caption":"Cr\u00e9dito: Giros Filmes"},{"@type":"BreadcrumbList","@id":"https:\/\/www.cidademarketing.com.br\/marketing\/2021\/08\/26\/serie-documental-de-mala-e-cuia-ganha-nova-exibicao-na-tv-brasil\/#breadcrumb","itemListElement":[{"@type":"ListItem","position":1,"name":"In\u00edcio","item":"https:\/\/www.cidademarketing.com.br\/marketing\/"},{"@type":"ListItem","position":2,"name":"S\u00e9rie documental De Mala e Cuia ganha nova exibi\u00e7\u00e3o na TV Brasil"}]},{"@type":"WebSite","@id":"https:\/\/www.cidademarketing.com.br\/marketing\/#website","url":"https:\/\/www.cidademarketing.com.br\/marketing\/","name":"CidadeMarketing","description":"Somos um ve\u00edculo de comunica\u00e7\u00e3o de destaque no Brasil, reconhecido por conte\u00fados nos segmentos de marketing, empreendedorismo e inova\u00e7\u00e3o.","publisher":{"@id":"https:\/\/www.cidademarketing.com.br\/marketing\/#organization"},"alternateName":"CidadeMarketing","potentialAction":[{"@type":"SearchAction","target":{"@type":"EntryPoint","urlTemplate":"https:\/\/www.cidademarketing.com.br\/marketing\/?s={search_term_string}"},"query-input":{"@type":"PropertyValueSpecification","valueRequired":true,"valueName":"search_term_string"}}],"inLanguage":"pt-BR"},{"@type":"Organization","@id":"https:\/\/www.cidademarketing.com.br\/marketing\/#organization","name":"CidadeMarketing","alternateName":"CidadeMarketing","url":"https:\/\/www.cidademarketing.com.br\/marketing\/","logo":{"@type":"ImageObject","inLanguage":"pt-BR","@id":"https:\/\/www.cidademarketing.com.br\/marketing\/#\/schema\/logo\/image\/","url":"https:\/\/www.cidademarketing.com.br\/marketing\/wp-content\/uploads\/2020\/01\/cidademarketing_marca_mobile.png","contentUrl":"https:\/\/www.cidademarketing.com.br\/marketing\/wp-content\/uploads\/2020\/01\/cidademarketing_marca_mobile.png","width":230,"height":92,"caption":"CidadeMarketing"},"image":{"@id":"https:\/\/www.cidademarketing.com.br\/marketing\/#\/schema\/logo\/image\/"},"sameAs":["https:\/\/www.facebook.com\/portalcidademarketing","https:\/\/x.com\/CidadeMarketing","https:\/\/www.instagram.com\/cidademarketing\/"]},{"@type":"Person","@id":"https:\/\/www.cidademarketing.com.br\/marketing\/#\/schema\/person\/02daff9f18bd9378c9e01eb6b2db155f","name":"Thales Brand\u00e3o","image":{"@type":"ImageObject","inLanguage":"pt-BR","@id":"https:\/\/secure.gravatar.com\/avatar\/7ca3206950207cc3cb48feec56a8a7898741ab725c368d99d5d7a5a50aab80c6?s=96&d=mm&r=g","url":"https:\/\/secure.gravatar.com\/avatar\/7ca3206950207cc3cb48feec56a8a7898741ab725c368d99d5d7a5a50aab80c6?s=96&d=mm&r=g","contentUrl":"https:\/\/secure.gravatar.com\/avatar\/7ca3206950207cc3cb48feec56a8a7898741ab725c368d99d5d7a5a50aab80c6?s=96&d=mm&r=g","caption":"Thales Brand\u00e3o"},"description":"Editor Executivo do Portal CidadeMarketing.com.br &gt; Mestre em Comunica\u00e7\u00e3o e Sociedade pela Universidade Federal de Sergipe. Possui MBA Executivo em Administra\u00e7\u00e3o com \u00eanfase em Marketing pela Funda\u00e7\u00e3o Get\u00falio Vargas - Rio de Janeiro. Consultor, Palestrante e Pesquisador sobre Empreendedorismo, Marketing, Redes Sociais e Neg\u00f3cios Digitais. Professor, Palestrante TedxTalks e Campus Party. Twitter: @ThalesBrandao","sameAs":["http:\/\/www.mandacaru.com.br","https:\/\/www.facebook.com\/thalesbrandao","http:\/\/www.instagram.com.br\/thalesbrandaoferreira","https:\/\/www.linkedin.com\/in\/thales-brand\u00e3o-3948609\/","https:\/\/x.com\/http:\/\/www.twitter.com\/thalesbrandao"],"url":"https:\/\/www.cidademarketing.com.br\/marketing\/author\/thalesbrandao\/"}]}},"amp_enabled":true,"_links":{"self":[{"href":"https:\/\/www.cidademarketing.com.br\/marketing\/wp-json\/wp\/v2\/posts\/27851","targetHints":{"allow":["GET"]}}],"collection":[{"href":"https:\/\/www.cidademarketing.com.br\/marketing\/wp-json\/wp\/v2\/posts"}],"about":[{"href":"https:\/\/www.cidademarketing.com.br\/marketing\/wp-json\/wp\/v2\/types\/post"}],"author":[{"embeddable":true,"href":"https:\/\/www.cidademarketing.com.br\/marketing\/wp-json\/wp\/v2\/users\/1"}],"replies":[{"embeddable":true,"href":"https:\/\/www.cidademarketing.com.br\/marketing\/wp-json\/wp\/v2\/comments?post=27851"}],"version-history":[{"count":1,"href":"https:\/\/www.cidademarketing.com.br\/marketing\/wp-json\/wp\/v2\/posts\/27851\/revisions"}],"predecessor-version":[{"id":27863,"href":"https:\/\/www.cidademarketing.com.br\/marketing\/wp-json\/wp\/v2\/posts\/27851\/revisions\/27863"}],"wp:featuredmedia":[{"embeddable":true,"href":"https:\/\/www.cidademarketing.com.br\/marketing\/wp-json\/wp\/v2\/media\/27854"}],"wp:attachment":[{"href":"https:\/\/www.cidademarketing.com.br\/marketing\/wp-json\/wp\/v2\/media?parent=27851"}],"wp:term":[{"taxonomy":"category","embeddable":true,"href":"https:\/\/www.cidademarketing.com.br\/marketing\/wp-json\/wp\/v2\/categories?post=27851"},{"taxonomy":"post_tag","embeddable":true,"href":"https:\/\/www.cidademarketing.com.br\/marketing\/wp-json\/wp\/v2\/tags?post=27851"}],"curies":[{"name":"wp","href":"https:\/\/api.w.org\/{rel}","templated":true}]}}