{"id":27842,"date":"2021-08-25T21:39:36","date_gmt":"2021-08-26T00:39:36","guid":{"rendered":"https:\/\/www.cidademarketing.com.br\/marketing\/?p=27842"},"modified":"2021-08-25T21:39:37","modified_gmt":"2021-08-26T00:39:37","slug":"johnson-controls-nomeia-francois-mandeville-para-liderar-desenvolvimento-corporativo-e-impulsionar-estrategia-de-fusoes-e-aquisicoes","status":"publish","type":"post","link":"https:\/\/www.cidademarketing.com.br\/marketing\/2021\/08\/25\/johnson-controls-nomeia-francois-mandeville-para-liderar-desenvolvimento-corporativo-e-impulsionar-estrategia-de-fusoes-e-aquisicoes\/","title":{"rendered":"Johnson Controls nomeia Fran\u00e7ois Mandeville para liderar Desenvolvimento Corporativo e impulsionar estrat\u00e9gia de fus\u00f5es e aquisi\u00e7\u00f5es"},"content":{"rendered":"\n<p>A Johnson Controls (NYSE: JCI), l\u00edder global em edifica\u00e7\u00f5es inteligentes, saud\u00e1veis \u200b\u200be sustent\u00e1veis, anunciou hoje que Fran\u00e7ois Mandeville ingressou na empresa como diretor de Desenvolvimento Corporativo. Mandeville ter\u00e1 um papel de lideran\u00e7a na sele\u00e7\u00e3o, execu\u00e7\u00e3o e integra\u00e7\u00e3o de fus\u00f5es e aquisi\u00e7\u00f5es que promovem a estrat\u00e9gia de crescimento de neg\u00f3cios da empresa.<\/p>\n\n\n\n<p>Mandeville se reportar\u00e1 ao vice-presidente executivo e CFO da Johnson Controls, Olivier Leonetti, e trabalhar\u00e1 com Scott Simon, vice-presidente de desenvolvimento corporativo, para uma transi\u00e7\u00e3o tranquila, enquanto Simon continua a apoiar Leonetti em uma s\u00e9rie de atividades estrat\u00e9gicas ao longo deste ano fiscal.<\/p>\n\n\n\n<p>&#8220;Estou muito animado com as habilidades, experi\u00eancia e paix\u00e3o que Fran\u00e7ois traz para a Johnson Controls \u00e0 medida que continuamos a avan\u00e7ar em nossa estrat\u00e9gia de crescimento, aproveitando as boas oportunidades de mercado e ajudando nossos clientes a cumprir metas importantes de sustentabilidade e descarboniza\u00e7\u00e3o&#8221;, afirmou Leonetti. &#8220;A Johnson Controls est\u00e1 liderando a transforma\u00e7\u00e3o digital para Edifica\u00e7\u00f5es Inteligentes, e Fran\u00e7ois est\u00e1 idealmente posicionado para encontrar e garantir as melhores oportunidades para continuarmos cumprindo esse dever com nossos clientes.&#8221;<\/p>\n\n\n\n<p>Mandeville est\u00e1 baseado na sede da empresa na Am\u00e9rica do Norte em Milwaukee, Wisconsin, respons\u00e1vel pela equipe global de desenvolvimento corporativo global, incluindo a defini\u00e7\u00e3o da dire\u00e7\u00e3o, estrat\u00e9gia e governan\u00e7a para a fun\u00e7\u00e3o.<\/p>\n\n\n\n<p>Antes de ingressar na Johnson Controls, Mandeville trabalhou mais recentemente na Danaher Corporation como vice-presidente s\u00eanior de desenvolvimento de neg\u00f3cios para a plataforma de ci\u00eancias biol\u00f3gicas da empresa. Nessa fun\u00e7\u00e3o, ele foi respons\u00e1vel por criar estrat\u00e9gias vencedoras que moldaram o crescimento org\u00e2nico e inorg\u00e2nico do neg\u00f3cio de US$ 2,2 bilh\u00f5es em 2011 para mais de US$ 15 bilh\u00f5es em 2021.<\/p>\n\n\n\n<p>Antes de sua carreira na Danaher, ele trabalhou 25 anos na Agilent Technologies (um spin-off da Hewlett-Packard Company), liderando equipes de P&amp;D, incuba\u00e7\u00e3o de novos neg\u00f3cios, identifica\u00e7\u00e3o de objetivos de M&amp;A e integra\u00e7\u00e3o em v\u00e1rios setores, incluindo testes de telecomunica\u00e7\u00f5es, impress\u00e3o e an\u00e1lise qu\u00edmica. Mandeville \u00e9 bacharel em Engenharia El\u00e9trica pela Escola Polit\u00e9cnica de Montreal, Canad\u00e1.<\/p>\n","protected":false},"excerpt":{"rendered":"<p>A Johnson Controls (NYSE: JCI), l\u00edder global em edifica\u00e7\u00f5es inteligentes, saud\u00e1veis \u200b\u200be sustent\u00e1veis, anunciou hoje que Fran\u00e7ois Mandeville ingressou na empresa como diretor de Desenvolvimento Corporativo. Mandeville ter\u00e1 um papel de lideran\u00e7a na sele\u00e7\u00e3o, execu\u00e7\u00e3o e integra\u00e7\u00e3o de fus\u00f5es e aquisi\u00e7\u00f5es que promovem a estrat\u00e9gia de crescimento de neg\u00f3cios da empresa. Mandeville se reportar\u00e1 ao [&hellip;]<\/p>\n","protected":false},"author":1,"featured_media":27843,"comment_status":"open","ping_status":"open","sticky":false,"template":"","format":"standard","meta":{"tdm_status":"","tdm_grid_status":"","footnotes":""},"categories":[6],"tags":[251,4386,28,282],"class_list":["post-27842","post","type-post","status-publish","format-standard","has-post-thumbnail","hentry","category-noticias","tag-carreira","tag-johnson-controls","tag-marketing","tag-pessoas"],"yoast_head":"<!-- This site is optimized with the Yoast SEO plugin v27.5 - https:\/\/yoast.com\/product\/yoast-seo-wordpress\/ -->\n<title>Johnson Controls nomeia Fran\u00e7ois Mandeville para liderar Desenvolvimento Corporativo e impulsionar estrat\u00e9gia de fus\u00f5es e aquisi\u00e7\u00f5es - CidadeMarketing<\/title>\n<meta name=\"robots\" content=\"index, follow, max-snippet:-1, max-image-preview:large, max-video-preview:-1\" \/>\n<link rel=\"canonical\" href=\"https:\/\/www.cidademarketing.com.br\/marketing\/2021\/08\/25\/johnson-controls-nomeia-francois-mandeville-para-liderar-desenvolvimento-corporativo-e-impulsionar-estrategia-de-fusoes-e-aquisicoes\/\" \/>\n<meta property=\"og:locale\" content=\"pt_BR\" \/>\n<meta property=\"og:type\" content=\"article\" \/>\n<meta property=\"og:title\" content=\"Johnson Controls nomeia Fran\u00e7ois Mandeville para liderar Desenvolvimento Corporativo e impulsionar estrat\u00e9gia de fus\u00f5es e aquisi\u00e7\u00f5es - CidadeMarketing\" \/>\n<meta property=\"og:description\" content=\"A Johnson Controls (NYSE: JCI), l\u00edder global em edifica\u00e7\u00f5es inteligentes, saud\u00e1veis \u200b\u200be sustent\u00e1veis, anunciou hoje que Fran\u00e7ois Mandeville ingressou na empresa como diretor de Desenvolvimento Corporativo. Mandeville ter\u00e1 um papel de lideran\u00e7a na sele\u00e7\u00e3o, execu\u00e7\u00e3o e integra\u00e7\u00e3o de fus\u00f5es e aquisi\u00e7\u00f5es que promovem a estrat\u00e9gia de crescimento de neg\u00f3cios da empresa. Mandeville se reportar\u00e1 ao [&hellip;]\" \/>\n<meta property=\"og:url\" content=\"https:\/\/www.cidademarketing.com.br\/marketing\/2021\/08\/25\/johnson-controls-nomeia-francois-mandeville-para-liderar-desenvolvimento-corporativo-e-impulsionar-estrategia-de-fusoes-e-aquisicoes\/\" \/>\n<meta property=\"og:site_name\" content=\"CidadeMarketing\" \/>\n<meta property=\"article:publisher\" content=\"https:\/\/www.facebook.com\/portalcidademarketing\" \/>\n<meta property=\"article:author\" content=\"https:\/\/www.facebook.com\/thalesbrandao\" \/>\n<meta property=\"article:published_time\" content=\"2021-08-26T00:39:36+00:00\" \/>\n<meta property=\"article:modified_time\" content=\"2021-08-26T00:39:37+00:00\" \/>\n<meta property=\"og:image\" content=\"https:\/\/www.cidademarketing.com.br\/marketing\/wp-content\/uploads\/2021\/08\/johnson_controls.png\" \/>\n\t<meta property=\"og:image:width\" content=\"625\" \/>\n\t<meta property=\"og:image:height\" content=\"625\" \/>\n\t<meta property=\"og:image:type\" content=\"image\/png\" \/>\n<meta name=\"author\" content=\"Thales Brand\u00e3o\" \/>\n<meta name=\"twitter:card\" content=\"summary_large_image\" \/>\n<meta name=\"twitter:creator\" content=\"@http:\/\/www.twitter.com\/thalesbrandao\" \/>\n<meta name=\"twitter:site\" content=\"@CidadeMarketing\" \/>\n<meta name=\"twitter:label1\" content=\"Escrito por\" \/>\n\t<meta name=\"twitter:data1\" content=\"Thales Brand\u00e3o\" \/>\n\t<meta name=\"twitter:label2\" content=\"Est. tempo de leitura\" \/>\n\t<meta name=\"twitter:data2\" content=\"2 minutos\" \/>\n<script type=\"application\/ld+json\" class=\"yoast-schema-graph\">{\"@context\":\"https:\\\/\\\/schema.org\",\"@graph\":[{\"@type\":\"Article\",\"@id\":\"https:\\\/\\\/www.cidademarketing.com.br\\\/marketing\\\/2021\\\/08\\\/25\\\/johnson-controls-nomeia-francois-mandeville-para-liderar-desenvolvimento-corporativo-e-impulsionar-estrategia-de-fusoes-e-aquisicoes\\\/#article\",\"isPartOf\":{\"@id\":\"https:\\\/\\\/www.cidademarketing.com.br\\\/marketing\\\/2021\\\/08\\\/25\\\/johnson-controls-nomeia-francois-mandeville-para-liderar-desenvolvimento-corporativo-e-impulsionar-estrategia-de-fusoes-e-aquisicoes\\\/\"},\"author\":{\"name\":\"Thales Brand\u00e3o\",\"@id\":\"https:\\\/\\\/www.cidademarketing.com.br\\\/marketing\\\/#\\\/schema\\\/person\\\/02daff9f18bd9378c9e01eb6b2db155f\"},\"headline\":\"Johnson Controls nomeia Fran\u00e7ois Mandeville para liderar Desenvolvimento Corporativo e impulsionar estrat\u00e9gia de fus\u00f5es e aquisi\u00e7\u00f5es\",\"datePublished\":\"2021-08-26T00:39:36+00:00\",\"dateModified\":\"2021-08-26T00:39:37+00:00\",\"mainEntityOfPage\":{\"@id\":\"https:\\\/\\\/www.cidademarketing.com.br\\\/marketing\\\/2021\\\/08\\\/25\\\/johnson-controls-nomeia-francois-mandeville-para-liderar-desenvolvimento-corporativo-e-impulsionar-estrategia-de-fusoes-e-aquisicoes\\\/\"},\"wordCount\":393,\"commentCount\":0,\"publisher\":{\"@id\":\"https:\\\/\\\/www.cidademarketing.com.br\\\/marketing\\\/#organization\"},\"image\":{\"@id\":\"https:\\\/\\\/www.cidademarketing.com.br\\\/marketing\\\/2021\\\/08\\\/25\\\/johnson-controls-nomeia-francois-mandeville-para-liderar-desenvolvimento-corporativo-e-impulsionar-estrategia-de-fusoes-e-aquisicoes\\\/#primaryimage\"},\"thumbnailUrl\":\"https:\\\/\\\/www.cidademarketing.com.br\\\/marketing\\\/wp-content\\\/uploads\\\/2021\\\/08\\\/johnson_controls.png\",\"keywords\":[\"carreira\",\"Johnson Controls\",\"marketing\",\"pessoas\"],\"articleSection\":[\"Not\u00edcias\"],\"inLanguage\":\"pt-BR\",\"potentialAction\":[{\"@type\":\"CommentAction\",\"name\":\"Comment\",\"target\":[\"https:\\\/\\\/www.cidademarketing.com.br\\\/marketing\\\/2021\\\/08\\\/25\\\/johnson-controls-nomeia-francois-mandeville-para-liderar-desenvolvimento-corporativo-e-impulsionar-estrategia-de-fusoes-e-aquisicoes\\\/#respond\"]}]},{\"@type\":\"WebPage\",\"@id\":\"https:\\\/\\\/www.cidademarketing.com.br\\\/marketing\\\/2021\\\/08\\\/25\\\/johnson-controls-nomeia-francois-mandeville-para-liderar-desenvolvimento-corporativo-e-impulsionar-estrategia-de-fusoes-e-aquisicoes\\\/\",\"url\":\"https:\\\/\\\/www.cidademarketing.com.br\\\/marketing\\\/2021\\\/08\\\/25\\\/johnson-controls-nomeia-francois-mandeville-para-liderar-desenvolvimento-corporativo-e-impulsionar-estrategia-de-fusoes-e-aquisicoes\\\/\",\"name\":\"Johnson Controls nomeia Fran\u00e7ois Mandeville para liderar Desenvolvimento Corporativo e impulsionar estrat\u00e9gia de fus\u00f5es e aquisi\u00e7\u00f5es - CidadeMarketing\",\"isPartOf\":{\"@id\":\"https:\\\/\\\/www.cidademarketing.com.br\\\/marketing\\\/#website\"},\"primaryImageOfPage\":{\"@id\":\"https:\\\/\\\/www.cidademarketing.com.br\\\/marketing\\\/2021\\\/08\\\/25\\\/johnson-controls-nomeia-francois-mandeville-para-liderar-desenvolvimento-corporativo-e-impulsionar-estrategia-de-fusoes-e-aquisicoes\\\/#primaryimage\"},\"image\":{\"@id\":\"https:\\\/\\\/www.cidademarketing.com.br\\\/marketing\\\/2021\\\/08\\\/25\\\/johnson-controls-nomeia-francois-mandeville-para-liderar-desenvolvimento-corporativo-e-impulsionar-estrategia-de-fusoes-e-aquisicoes\\\/#primaryimage\"},\"thumbnailUrl\":\"https:\\\/\\\/www.cidademarketing.com.br\\\/marketing\\\/wp-content\\\/uploads\\\/2021\\\/08\\\/johnson_controls.png\",\"datePublished\":\"2021-08-26T00:39:36+00:00\",\"dateModified\":\"2021-08-26T00:39:37+00:00\",\"breadcrumb\":{\"@id\":\"https:\\\/\\\/www.cidademarketing.com.br\\\/marketing\\\/2021\\\/08\\\/25\\\/johnson-controls-nomeia-francois-mandeville-para-liderar-desenvolvimento-corporativo-e-impulsionar-estrategia-de-fusoes-e-aquisicoes\\\/#breadcrumb\"},\"inLanguage\":\"pt-BR\",\"potentialAction\":[{\"@type\":\"ReadAction\",\"target\":[\"https:\\\/\\\/www.cidademarketing.com.br\\\/marketing\\\/2021\\\/08\\\/25\\\/johnson-controls-nomeia-francois-mandeville-para-liderar-desenvolvimento-corporativo-e-impulsionar-estrategia-de-fusoes-e-aquisicoes\\\/\"]}]},{\"@type\":\"ImageObject\",\"inLanguage\":\"pt-BR\",\"@id\":\"https:\\\/\\\/www.cidademarketing.com.br\\\/marketing\\\/2021\\\/08\\\/25\\\/johnson-controls-nomeia-francois-mandeville-para-liderar-desenvolvimento-corporativo-e-impulsionar-estrategia-de-fusoes-e-aquisicoes\\\/#primaryimage\",\"url\":\"https:\\\/\\\/www.cidademarketing.com.br\\\/marketing\\\/wp-content\\\/uploads\\\/2021\\\/08\\\/johnson_controls.png\",\"contentUrl\":\"https:\\\/\\\/www.cidademarketing.com.br\\\/marketing\\\/wp-content\\\/uploads\\\/2021\\\/08\\\/johnson_controls.png\",\"width\":625,\"height\":625},{\"@type\":\"BreadcrumbList\",\"@id\":\"https:\\\/\\\/www.cidademarketing.com.br\\\/marketing\\\/2021\\\/08\\\/25\\\/johnson-controls-nomeia-francois-mandeville-para-liderar-desenvolvimento-corporativo-e-impulsionar-estrategia-de-fusoes-e-aquisicoes\\\/#breadcrumb\",\"itemListElement\":[{\"@type\":\"ListItem\",\"position\":1,\"name\":\"In\u00edcio\",\"item\":\"https:\\\/\\\/www.cidademarketing.com.br\\\/marketing\\\/\"},{\"@type\":\"ListItem\",\"position\":2,\"name\":\"Johnson Controls nomeia Fran\u00e7ois Mandeville para liderar Desenvolvimento Corporativo e impulsionar estrat\u00e9gia de fus\u00f5es e aquisi\u00e7\u00f5es\"}]},{\"@type\":\"WebSite\",\"@id\":\"https:\\\/\\\/www.cidademarketing.com.br\\\/marketing\\\/#website\",\"url\":\"https:\\\/\\\/www.cidademarketing.com.br\\\/marketing\\\/\",\"name\":\"CidadeMarketing\",\"description\":\"Somos um ve\u00edculo de comunica\u00e7\u00e3o de destaque no Brasil, reconhecido por conte\u00fados nos segmentos de marketing, empreendedorismo e inova\u00e7\u00e3o.\",\"publisher\":{\"@id\":\"https:\\\/\\\/www.cidademarketing.com.br\\\/marketing\\\/#organization\"},\"alternateName\":\"CidadeMarketing\",\"potentialAction\":[{\"@type\":\"SearchAction\",\"target\":{\"@type\":\"EntryPoint\",\"urlTemplate\":\"https:\\\/\\\/www.cidademarketing.com.br\\\/marketing\\\/?s={search_term_string}\"},\"query-input\":{\"@type\":\"PropertyValueSpecification\",\"valueRequired\":true,\"valueName\":\"search_term_string\"}}],\"inLanguage\":\"pt-BR\"},{\"@type\":\"Organization\",\"@id\":\"https:\\\/\\\/www.cidademarketing.com.br\\\/marketing\\\/#organization\",\"name\":\"CidadeMarketing\",\"alternateName\":\"CidadeMarketing\",\"url\":\"https:\\\/\\\/www.cidademarketing.com.br\\\/marketing\\\/\",\"logo\":{\"@type\":\"ImageObject\",\"inLanguage\":\"pt-BR\",\"@id\":\"https:\\\/\\\/www.cidademarketing.com.br\\\/marketing\\\/#\\\/schema\\\/logo\\\/image\\\/\",\"url\":\"https:\\\/\\\/www.cidademarketing.com.br\\\/marketing\\\/wp-content\\\/uploads\\\/2020\\\/01\\\/cidademarketing_marca_mobile.png\",\"contentUrl\":\"https:\\\/\\\/www.cidademarketing.com.br\\\/marketing\\\/wp-content\\\/uploads\\\/2020\\\/01\\\/cidademarketing_marca_mobile.png\",\"width\":230,\"height\":92,\"caption\":\"CidadeMarketing\"},\"image\":{\"@id\":\"https:\\\/\\\/www.cidademarketing.com.br\\\/marketing\\\/#\\\/schema\\\/logo\\\/image\\\/\"},\"sameAs\":[\"https:\\\/\\\/www.facebook.com\\\/portalcidademarketing\",\"https:\\\/\\\/x.com\\\/CidadeMarketing\",\"https:\\\/\\\/www.instagram.com\\\/cidademarketing\\\/\"]},{\"@type\":\"Person\",\"@id\":\"https:\\\/\\\/www.cidademarketing.com.br\\\/marketing\\\/#\\\/schema\\\/person\\\/02daff9f18bd9378c9e01eb6b2db155f\",\"name\":\"Thales Brand\u00e3o\",\"image\":{\"@type\":\"ImageObject\",\"inLanguage\":\"pt-BR\",\"@id\":\"https:\\\/\\\/secure.gravatar.com\\\/avatar\\\/7ca3206950207cc3cb48feec56a8a7898741ab725c368d99d5d7a5a50aab80c6?s=96&d=mm&r=g\",\"url\":\"https:\\\/\\\/secure.gravatar.com\\\/avatar\\\/7ca3206950207cc3cb48feec56a8a7898741ab725c368d99d5d7a5a50aab80c6?s=96&d=mm&r=g\",\"contentUrl\":\"https:\\\/\\\/secure.gravatar.com\\\/avatar\\\/7ca3206950207cc3cb48feec56a8a7898741ab725c368d99d5d7a5a50aab80c6?s=96&d=mm&r=g\",\"caption\":\"Thales Brand\u00e3o\"},\"description\":\"Editor Executivo do Portal CidadeMarketing.com.br &gt; Mestre em Comunica\u00e7\u00e3o e Sociedade pela Universidade Federal de Sergipe. Possui MBA Executivo em Administra\u00e7\u00e3o com \u00eanfase em Marketing pela Funda\u00e7\u00e3o Get\u00falio Vargas - Rio de Janeiro. Consultor, Palestrante e Pesquisador sobre Empreendedorismo, Marketing, Redes Sociais e Neg\u00f3cios Digitais. Professor, Palestrante TedxTalks e Campus Party. Twitter: @ThalesBrandao\",\"sameAs\":[\"http:\\\/\\\/www.mandacaru.com.br\",\"https:\\\/\\\/www.facebook.com\\\/thalesbrandao\",\"http:\\\/\\\/www.instagram.com.br\\\/thalesbrandaoferreira\",\"https:\\\/\\\/www.linkedin.com\\\/in\\\/thales-brand\u00e3o-3948609\\\/\",\"https:\\\/\\\/x.com\\\/http:\\\/\\\/www.twitter.com\\\/thalesbrandao\"],\"url\":\"https:\\\/\\\/www.cidademarketing.com.br\\\/marketing\\\/author\\\/thalesbrandao\\\/\"}]}<\/script>\n<!-- \/ Yoast SEO plugin. -->","yoast_head_json":{"title":"Johnson Controls nomeia Fran\u00e7ois Mandeville para liderar Desenvolvimento Corporativo e impulsionar estrat\u00e9gia de fus\u00f5es e aquisi\u00e7\u00f5es - CidadeMarketing","robots":{"index":"index","follow":"follow","max-snippet":"max-snippet:-1","max-image-preview":"max-image-preview:large","max-video-preview":"max-video-preview:-1"},"canonical":"https:\/\/www.cidademarketing.com.br\/marketing\/2021\/08\/25\/johnson-controls-nomeia-francois-mandeville-para-liderar-desenvolvimento-corporativo-e-impulsionar-estrategia-de-fusoes-e-aquisicoes\/","og_locale":"pt_BR","og_type":"article","og_title":"Johnson Controls nomeia Fran\u00e7ois Mandeville para liderar Desenvolvimento Corporativo e impulsionar estrat\u00e9gia de fus\u00f5es e aquisi\u00e7\u00f5es - CidadeMarketing","og_description":"A Johnson Controls (NYSE: JCI), l\u00edder global em edifica\u00e7\u00f5es inteligentes, saud\u00e1veis \u200b\u200be sustent\u00e1veis, anunciou hoje que Fran\u00e7ois Mandeville ingressou na empresa como diretor de Desenvolvimento Corporativo. Mandeville ter\u00e1 um papel de lideran\u00e7a na sele\u00e7\u00e3o, execu\u00e7\u00e3o e integra\u00e7\u00e3o de fus\u00f5es e aquisi\u00e7\u00f5es que promovem a estrat\u00e9gia de crescimento de neg\u00f3cios da empresa. Mandeville se reportar\u00e1 ao [&hellip;]","og_url":"https:\/\/www.cidademarketing.com.br\/marketing\/2021\/08\/25\/johnson-controls-nomeia-francois-mandeville-para-liderar-desenvolvimento-corporativo-e-impulsionar-estrategia-de-fusoes-e-aquisicoes\/","og_site_name":"CidadeMarketing","article_publisher":"https:\/\/www.facebook.com\/portalcidademarketing","article_author":"https:\/\/www.facebook.com\/thalesbrandao","article_published_time":"2021-08-26T00:39:36+00:00","article_modified_time":"2021-08-26T00:39:37+00:00","og_image":[{"width":625,"height":625,"url":"https:\/\/www.cidademarketing.com.br\/marketing\/wp-content\/uploads\/2021\/08\/johnson_controls.png","type":"image\/png"}],"author":"Thales Brand\u00e3o","twitter_card":"summary_large_image","twitter_creator":"@http:\/\/www.twitter.com\/thalesbrandao","twitter_site":"@CidadeMarketing","twitter_misc":{"Escrito por":"Thales Brand\u00e3o","Est. tempo de leitura":"2 minutos"},"schema":{"@context":"https:\/\/schema.org","@graph":[{"@type":"Article","@id":"https:\/\/www.cidademarketing.com.br\/marketing\/2021\/08\/25\/johnson-controls-nomeia-francois-mandeville-para-liderar-desenvolvimento-corporativo-e-impulsionar-estrategia-de-fusoes-e-aquisicoes\/#article","isPartOf":{"@id":"https:\/\/www.cidademarketing.com.br\/marketing\/2021\/08\/25\/johnson-controls-nomeia-francois-mandeville-para-liderar-desenvolvimento-corporativo-e-impulsionar-estrategia-de-fusoes-e-aquisicoes\/"},"author":{"name":"Thales Brand\u00e3o","@id":"https:\/\/www.cidademarketing.com.br\/marketing\/#\/schema\/person\/02daff9f18bd9378c9e01eb6b2db155f"},"headline":"Johnson Controls nomeia Fran\u00e7ois Mandeville para liderar Desenvolvimento Corporativo e impulsionar estrat\u00e9gia de fus\u00f5es e aquisi\u00e7\u00f5es","datePublished":"2021-08-26T00:39:36+00:00","dateModified":"2021-08-26T00:39:37+00:00","mainEntityOfPage":{"@id":"https:\/\/www.cidademarketing.com.br\/marketing\/2021\/08\/25\/johnson-controls-nomeia-francois-mandeville-para-liderar-desenvolvimento-corporativo-e-impulsionar-estrategia-de-fusoes-e-aquisicoes\/"},"wordCount":393,"commentCount":0,"publisher":{"@id":"https:\/\/www.cidademarketing.com.br\/marketing\/#organization"},"image":{"@id":"https:\/\/www.cidademarketing.com.br\/marketing\/2021\/08\/25\/johnson-controls-nomeia-francois-mandeville-para-liderar-desenvolvimento-corporativo-e-impulsionar-estrategia-de-fusoes-e-aquisicoes\/#primaryimage"},"thumbnailUrl":"https:\/\/www.cidademarketing.com.br\/marketing\/wp-content\/uploads\/2021\/08\/johnson_controls.png","keywords":["carreira","Johnson Controls","marketing","pessoas"],"articleSection":["Not\u00edcias"],"inLanguage":"pt-BR","potentialAction":[{"@type":"CommentAction","name":"Comment","target":["https:\/\/www.cidademarketing.com.br\/marketing\/2021\/08\/25\/johnson-controls-nomeia-francois-mandeville-para-liderar-desenvolvimento-corporativo-e-impulsionar-estrategia-de-fusoes-e-aquisicoes\/#respond"]}]},{"@type":"WebPage","@id":"https:\/\/www.cidademarketing.com.br\/marketing\/2021\/08\/25\/johnson-controls-nomeia-francois-mandeville-para-liderar-desenvolvimento-corporativo-e-impulsionar-estrategia-de-fusoes-e-aquisicoes\/","url":"https:\/\/www.cidademarketing.com.br\/marketing\/2021\/08\/25\/johnson-controls-nomeia-francois-mandeville-para-liderar-desenvolvimento-corporativo-e-impulsionar-estrategia-de-fusoes-e-aquisicoes\/","name":"Johnson Controls nomeia Fran\u00e7ois Mandeville para liderar Desenvolvimento Corporativo e impulsionar estrat\u00e9gia de fus\u00f5es e aquisi\u00e7\u00f5es - CidadeMarketing","isPartOf":{"@id":"https:\/\/www.cidademarketing.com.br\/marketing\/#website"},"primaryImageOfPage":{"@id":"https:\/\/www.cidademarketing.com.br\/marketing\/2021\/08\/25\/johnson-controls-nomeia-francois-mandeville-para-liderar-desenvolvimento-corporativo-e-impulsionar-estrategia-de-fusoes-e-aquisicoes\/#primaryimage"},"image":{"@id":"https:\/\/www.cidademarketing.com.br\/marketing\/2021\/08\/25\/johnson-controls-nomeia-francois-mandeville-para-liderar-desenvolvimento-corporativo-e-impulsionar-estrategia-de-fusoes-e-aquisicoes\/#primaryimage"},"thumbnailUrl":"https:\/\/www.cidademarketing.com.br\/marketing\/wp-content\/uploads\/2021\/08\/johnson_controls.png","datePublished":"2021-08-26T00:39:36+00:00","dateModified":"2021-08-26T00:39:37+00:00","breadcrumb":{"@id":"https:\/\/www.cidademarketing.com.br\/marketing\/2021\/08\/25\/johnson-controls-nomeia-francois-mandeville-para-liderar-desenvolvimento-corporativo-e-impulsionar-estrategia-de-fusoes-e-aquisicoes\/#breadcrumb"},"inLanguage":"pt-BR","potentialAction":[{"@type":"ReadAction","target":["https:\/\/www.cidademarketing.com.br\/marketing\/2021\/08\/25\/johnson-controls-nomeia-francois-mandeville-para-liderar-desenvolvimento-corporativo-e-impulsionar-estrategia-de-fusoes-e-aquisicoes\/"]}]},{"@type":"ImageObject","inLanguage":"pt-BR","@id":"https:\/\/www.cidademarketing.com.br\/marketing\/2021\/08\/25\/johnson-controls-nomeia-francois-mandeville-para-liderar-desenvolvimento-corporativo-e-impulsionar-estrategia-de-fusoes-e-aquisicoes\/#primaryimage","url":"https:\/\/www.cidademarketing.com.br\/marketing\/wp-content\/uploads\/2021\/08\/johnson_controls.png","contentUrl":"https:\/\/www.cidademarketing.com.br\/marketing\/wp-content\/uploads\/2021\/08\/johnson_controls.png","width":625,"height":625},{"@type":"BreadcrumbList","@id":"https:\/\/www.cidademarketing.com.br\/marketing\/2021\/08\/25\/johnson-controls-nomeia-francois-mandeville-para-liderar-desenvolvimento-corporativo-e-impulsionar-estrategia-de-fusoes-e-aquisicoes\/#breadcrumb","itemListElement":[{"@type":"ListItem","position":1,"name":"In\u00edcio","item":"https:\/\/www.cidademarketing.com.br\/marketing\/"},{"@type":"ListItem","position":2,"name":"Johnson Controls nomeia Fran\u00e7ois Mandeville para liderar Desenvolvimento Corporativo e impulsionar estrat\u00e9gia de fus\u00f5es e aquisi\u00e7\u00f5es"}]},{"@type":"WebSite","@id":"https:\/\/www.cidademarketing.com.br\/marketing\/#website","url":"https:\/\/www.cidademarketing.com.br\/marketing\/","name":"CidadeMarketing","description":"Somos um ve\u00edculo de comunica\u00e7\u00e3o de destaque no Brasil, reconhecido por conte\u00fados nos segmentos de marketing, empreendedorismo e inova\u00e7\u00e3o.","publisher":{"@id":"https:\/\/www.cidademarketing.com.br\/marketing\/#organization"},"alternateName":"CidadeMarketing","potentialAction":[{"@type":"SearchAction","target":{"@type":"EntryPoint","urlTemplate":"https:\/\/www.cidademarketing.com.br\/marketing\/?s={search_term_string}"},"query-input":{"@type":"PropertyValueSpecification","valueRequired":true,"valueName":"search_term_string"}}],"inLanguage":"pt-BR"},{"@type":"Organization","@id":"https:\/\/www.cidademarketing.com.br\/marketing\/#organization","name":"CidadeMarketing","alternateName":"CidadeMarketing","url":"https:\/\/www.cidademarketing.com.br\/marketing\/","logo":{"@type":"ImageObject","inLanguage":"pt-BR","@id":"https:\/\/www.cidademarketing.com.br\/marketing\/#\/schema\/logo\/image\/","url":"https:\/\/www.cidademarketing.com.br\/marketing\/wp-content\/uploads\/2020\/01\/cidademarketing_marca_mobile.png","contentUrl":"https:\/\/www.cidademarketing.com.br\/marketing\/wp-content\/uploads\/2020\/01\/cidademarketing_marca_mobile.png","width":230,"height":92,"caption":"CidadeMarketing"},"image":{"@id":"https:\/\/www.cidademarketing.com.br\/marketing\/#\/schema\/logo\/image\/"},"sameAs":["https:\/\/www.facebook.com\/portalcidademarketing","https:\/\/x.com\/CidadeMarketing","https:\/\/www.instagram.com\/cidademarketing\/"]},{"@type":"Person","@id":"https:\/\/www.cidademarketing.com.br\/marketing\/#\/schema\/person\/02daff9f18bd9378c9e01eb6b2db155f","name":"Thales Brand\u00e3o","image":{"@type":"ImageObject","inLanguage":"pt-BR","@id":"https:\/\/secure.gravatar.com\/avatar\/7ca3206950207cc3cb48feec56a8a7898741ab725c368d99d5d7a5a50aab80c6?s=96&d=mm&r=g","url":"https:\/\/secure.gravatar.com\/avatar\/7ca3206950207cc3cb48feec56a8a7898741ab725c368d99d5d7a5a50aab80c6?s=96&d=mm&r=g","contentUrl":"https:\/\/secure.gravatar.com\/avatar\/7ca3206950207cc3cb48feec56a8a7898741ab725c368d99d5d7a5a50aab80c6?s=96&d=mm&r=g","caption":"Thales Brand\u00e3o"},"description":"Editor Executivo do Portal CidadeMarketing.com.br &gt; Mestre em Comunica\u00e7\u00e3o e Sociedade pela Universidade Federal de Sergipe. Possui MBA Executivo em Administra\u00e7\u00e3o com \u00eanfase em Marketing pela Funda\u00e7\u00e3o Get\u00falio Vargas - Rio de Janeiro. Consultor, Palestrante e Pesquisador sobre Empreendedorismo, Marketing, Redes Sociais e Neg\u00f3cios Digitais. Professor, Palestrante TedxTalks e Campus Party. Twitter: @ThalesBrandao","sameAs":["http:\/\/www.mandacaru.com.br","https:\/\/www.facebook.com\/thalesbrandao","http:\/\/www.instagram.com.br\/thalesbrandaoferreira","https:\/\/www.linkedin.com\/in\/thales-brand\u00e3o-3948609\/","https:\/\/x.com\/http:\/\/www.twitter.com\/thalesbrandao"],"url":"https:\/\/www.cidademarketing.com.br\/marketing\/author\/thalesbrandao\/"}]}},"amp_enabled":true,"_links":{"self":[{"href":"https:\/\/www.cidademarketing.com.br\/marketing\/wp-json\/wp\/v2\/posts\/27842","targetHints":{"allow":["GET"]}}],"collection":[{"href":"https:\/\/www.cidademarketing.com.br\/marketing\/wp-json\/wp\/v2\/posts"}],"about":[{"href":"https:\/\/www.cidademarketing.com.br\/marketing\/wp-json\/wp\/v2\/types\/post"}],"author":[{"embeddable":true,"href":"https:\/\/www.cidademarketing.com.br\/marketing\/wp-json\/wp\/v2\/users\/1"}],"replies":[{"embeddable":true,"href":"https:\/\/www.cidademarketing.com.br\/marketing\/wp-json\/wp\/v2\/comments?post=27842"}],"version-history":[{"count":1,"href":"https:\/\/www.cidademarketing.com.br\/marketing\/wp-json\/wp\/v2\/posts\/27842\/revisions"}],"predecessor-version":[{"id":27844,"href":"https:\/\/www.cidademarketing.com.br\/marketing\/wp-json\/wp\/v2\/posts\/27842\/revisions\/27844"}],"wp:featuredmedia":[{"embeddable":true,"href":"https:\/\/www.cidademarketing.com.br\/marketing\/wp-json\/wp\/v2\/media\/27843"}],"wp:attachment":[{"href":"https:\/\/www.cidademarketing.com.br\/marketing\/wp-json\/wp\/v2\/media?parent=27842"}],"wp:term":[{"taxonomy":"category","embeddable":true,"href":"https:\/\/www.cidademarketing.com.br\/marketing\/wp-json\/wp\/v2\/categories?post=27842"},{"taxonomy":"post_tag","embeddable":true,"href":"https:\/\/www.cidademarketing.com.br\/marketing\/wp-json\/wp\/v2\/tags?post=27842"}],"curies":[{"name":"wp","href":"https:\/\/api.w.org\/{rel}","templated":true}]}}