{"id":27831,"date":"2021-08-25T20:45:25","date_gmt":"2021-08-25T23:45:25","guid":{"rendered":"https:\/\/www.cidademarketing.com.br\/marketing\/?p=27831"},"modified":"2021-08-25T20:45:28","modified_gmt":"2021-08-25T23:45:28","slug":"kimberly-clark-anuncia-parceria-com-projeto-transpor","status":"publish","type":"post","link":"https:\/\/www.cidademarketing.com.br\/marketing\/2021\/08\/25\/kimberly-clark-anuncia-parceria-com-projeto-transpor\/","title":{"rendered":"Kimberly-Clark anuncia parceria com Projeto Transpor"},"content":{"rendered":"\n<p>A Kimberly-Clark, multinacional norte-americana de produtos de higiene pessoal, acaba de anunciar parceria com o Projeto Transpor, consultoria sem fins lucrativos que tem a miss\u00e3o de aumentar a empregabilidade de profissionais trans e incentivar a diversidade nas empresas. Por meio da parceria, a companhia pretende contratar pessoas transg\u00eanero, <em>n\u00e3o bin\u00e1rias e intersexuais<\/em>, al\u00e9m de capacitar os colaboradores para receber e acolher esses profissionais.<\/p>\n\n\n\n<p>O Transpor oferece consultorias de posicionamento profissional gratuita para pessoas trans, em que s\u00e3o abordados temas como elabora\u00e7\u00e3o de curr\u00edculos, prepara\u00e7\u00e3o para entrevistas de emprego e orienta\u00e7\u00f5es para utiliza\u00e7\u00e3o do LinkedIn. Ap\u00f3s o per\u00edodo de capacita\u00e7\u00e3o, o projeto continua fazendo um acompanhamento com os profissionais, a fim de direcion\u00e1-los a recrutamentos de companhias parceiras que melhor se enquadrem ao seu perfil.<\/p>\n\n\n\n<p>Essa \u00e9 mais uma iniciativa da Kimberly-Clark, que tem como um de seus pilares promover a inclus\u00e3o e a diversidade em seu quadro de colaboradores. Em 2021, a companhia tamb\u00e9m se tornou signat\u00e1ria do F\u00f3rum de Empresas e Direitos LGBTI+, assumindo dez compromissos&nbsp;em prol&nbsp;dos direitos da comunidade LGBTI+&nbsp;que expressam o entendimento sobre o papel das empresas e uma agenda de trabalho.&nbsp;Os objetivos, que s\u00e3o assumidos pela presid\u00eancia e pelos executivos da companhia, buscam promover a igualdade e&nbsp;direcionar as empresas&nbsp;para o enfrentamento da&nbsp;discrimina\u00e7\u00e3o,&nbsp;aperfei\u00e7oamento da gest\u00e3o e amplia\u00e7\u00e3o do di\u00e1logo para os p\u00fablicos internos e externos.&nbsp;&nbsp;<\/p>\n\n\n\n<p>A companhia tamb\u00e9m tem comit\u00eas exclusivos para discutir outros temas de diversidade. Al\u00e9m do pilar LGBTQIA+, h\u00e1 grupos dedicados aos temas G\u00eanero, Gera\u00e7\u00f5es, PCD e Ra\u00e7as.&nbsp;Os&nbsp;grupos&nbsp;s\u00e3o&nbsp;formados voluntariamente por colaboradores de diversas \u00e1reas da empresa&nbsp;e&nbsp;t\u00eam uma m\u00e9dia de 12 horas de dedica\u00e7\u00e3o por m\u00eas para desenvolver e implementar a\u00e7\u00f5es dedicadas a cada tema.&nbsp;<\/p>\n\n\n\n<p><strong>Outras parcerias<\/strong> \u2013 Para fortalecer&nbsp;e desenvolver&nbsp;cada um dos pilares de diversidade e inclus\u00e3o, a&nbsp;Kimberly-Clark&nbsp;vem buscando parceiros que podem contribuir para evolu\u00e7\u00e3o e amplia\u00e7\u00e3o dos temas internamente. Desde&nbsp;2012,&nbsp;a companhia \u00e9 parceira da ONU Mulheres e em&nbsp;2016&nbsp;se juntou&nbsp;\u00e0 plataforma Movimento Mulher 360 (MM360), formada por organiza\u00e7\u00f5es comprometidas em promover a equidade de g\u00eanero e o aumento da participa\u00e7\u00e3o feminina no ambiente corporativo, nas comunidades e na cadeia de valores. A parceria consiste em sistematizar e difundir pr\u00e1ticas que permitam o avan\u00e7o do desenvolvimento econ\u00f4mico e profissional do p\u00fablico feminino interno.&nbsp;<\/p>\n\n\n\n<p>A iniciativa, ao lado de programas pr\u00f3prios como o Women in Leadership, que auxilia na prospec\u00e7\u00e3o de candidatas em processos seletivos, trouxe grandes avan\u00e7os em equidade de g\u00eanero dentro da companhia, sobretudo em cargos de lideran\u00e7a. Atualmente, cerca de 43% das posi\u00e7\u00f5es gerenciais nos neg\u00f3cios da K-C no Brasil s\u00e3o ocupadas por mulheres.<\/p>\n\n\n\n<p>A Kimberly-Clark possui tamb\u00e9m uma parceria com a Maturi, consultoria especializada em fomentar a presen\u00e7a de pessoas mais maduras no mercado de trabalho. Al\u00e9m de um diagn\u00f3stico para compreender a percep\u00e7\u00e3o do p\u00fablico interno sobre o tema, periodicamente a Maturi tamb\u00e9m realiza palestras de sensibiliza\u00e7\u00e3o e workshops com as lideran\u00e7as da companhia para aprofundar ainda mais o debate e tra\u00e7ar os pr\u00f3ximos passos.<\/p>\n\n\n\n<p>A companhia assumiu ainda os dez compromissos da Iniciativa Empresarial pela Igualdade Racial, movimento que busca a supera\u00e7\u00e3o do racismo no ambiente corporativo e em toda a sua cadeia de valor. Entre os focos da iniciativa est\u00e1 a promo\u00e7\u00e3o de programas perenes, em diversas frentes, com objetivos e metas institucionalizados visando a promo\u00e7\u00e3o da diversidade.&nbsp;&nbsp;&nbsp;<\/p>\n","protected":false},"excerpt":{"rendered":"<p>A Kimberly-Clark, multinacional norte-americana de produtos de higiene pessoal, acaba de anunciar parceria com o Projeto Transpor, consultoria sem fins lucrativos que tem a miss\u00e3o de aumentar a empregabilidade de profissionais trans e incentivar a diversidade nas empresas. Por meio da parceria, a companhia pretende contratar pessoas transg\u00eanero, n\u00e3o bin\u00e1rias e intersexuais, al\u00e9m de capacitar [&hellip;]<\/p>\n","protected":false},"author":1,"featured_media":18976,"comment_status":"open","ping_status":"open","sticky":false,"template":"","format":"standard","meta":{"tdm_status":"","tdm_grid_status":"","footnotes":""},"categories":[6],"tags":[269,28,177,235],"class_list":["post-27831","post","type-post","status-publish","format-standard","has-post-thumbnail","hentry","category-noticias","tag-kimberly-clark-brasil","tag-marketing","tag-marketing-social","tag-parceria"],"yoast_head":"<!-- This site is optimized with the Yoast SEO plugin v27.5 - https:\/\/yoast.com\/product\/yoast-seo-wordpress\/ -->\n<title>Kimberly-Clark anuncia parceria com Projeto Transpor - CidadeMarketing<\/title>\n<meta name=\"robots\" content=\"index, follow, max-snippet:-1, max-image-preview:large, max-video-preview:-1\" \/>\n<link rel=\"canonical\" href=\"https:\/\/www.cidademarketing.com.br\/marketing\/2021\/08\/25\/kimberly-clark-anuncia-parceria-com-projeto-transpor\/\" \/>\n<meta property=\"og:locale\" content=\"pt_BR\" \/>\n<meta property=\"og:type\" content=\"article\" \/>\n<meta property=\"og:title\" content=\"Kimberly-Clark anuncia parceria com Projeto Transpor - CidadeMarketing\" \/>\n<meta property=\"og:description\" content=\"A Kimberly-Clark, multinacional norte-americana de produtos de higiene pessoal, acaba de anunciar parceria com o Projeto Transpor, consultoria sem fins lucrativos que tem a miss\u00e3o de aumentar a empregabilidade de profissionais trans e incentivar a diversidade nas empresas. Por meio da parceria, a companhia pretende contratar pessoas transg\u00eanero, n\u00e3o bin\u00e1rias e intersexuais, al\u00e9m de capacitar [&hellip;]\" \/>\n<meta property=\"og:url\" content=\"https:\/\/www.cidademarketing.com.br\/marketing\/2021\/08\/25\/kimberly-clark-anuncia-parceria-com-projeto-transpor\/\" \/>\n<meta property=\"og:site_name\" content=\"CidadeMarketing\" \/>\n<meta property=\"article:publisher\" content=\"https:\/\/www.facebook.com\/portalcidademarketing\" \/>\n<meta property=\"article:author\" content=\"https:\/\/www.facebook.com\/thalesbrandao\" \/>\n<meta property=\"article:published_time\" content=\"2021-08-25T23:45:25+00:00\" \/>\n<meta property=\"article:modified_time\" content=\"2021-08-25T23:45:28+00:00\" \/>\n<meta property=\"og:image\" content=\"https:\/\/www.cidademarketing.com.br\/marketing\/wp-content\/uploads\/2020\/09\/kimberly-clark.jpg\" \/>\n\t<meta property=\"og:image:width\" content=\"1400\" \/>\n\t<meta property=\"og:image:height\" content=\"980\" \/>\n\t<meta property=\"og:image:type\" content=\"image\/jpeg\" \/>\n<meta name=\"author\" content=\"Thales Brand\u00e3o\" \/>\n<meta name=\"twitter:card\" content=\"summary_large_image\" \/>\n<meta name=\"twitter:creator\" content=\"@http:\/\/www.twitter.com\/thalesbrandao\" \/>\n<meta name=\"twitter:site\" content=\"@CidadeMarketing\" \/>\n<meta name=\"twitter:label1\" content=\"Escrito por\" \/>\n\t<meta name=\"twitter:data1\" content=\"Thales Brand\u00e3o\" \/>\n\t<meta name=\"twitter:label2\" content=\"Est. tempo de leitura\" \/>\n\t<meta name=\"twitter:data2\" content=\"3 minutos\" \/>\n<script type=\"application\/ld+json\" class=\"yoast-schema-graph\">{\"@context\":\"https:\\\/\\\/schema.org\",\"@graph\":[{\"@type\":\"Article\",\"@id\":\"https:\\\/\\\/www.cidademarketing.com.br\\\/marketing\\\/2021\\\/08\\\/25\\\/kimberly-clark-anuncia-parceria-com-projeto-transpor\\\/#article\",\"isPartOf\":{\"@id\":\"https:\\\/\\\/www.cidademarketing.com.br\\\/marketing\\\/2021\\\/08\\\/25\\\/kimberly-clark-anuncia-parceria-com-projeto-transpor\\\/\"},\"author\":{\"name\":\"Thales Brand\u00e3o\",\"@id\":\"https:\\\/\\\/www.cidademarketing.com.br\\\/marketing\\\/#\\\/schema\\\/person\\\/02daff9f18bd9378c9e01eb6b2db155f\"},\"headline\":\"Kimberly-Clark anuncia parceria com Projeto Transpor\",\"datePublished\":\"2021-08-25T23:45:25+00:00\",\"dateModified\":\"2021-08-25T23:45:28+00:00\",\"mainEntityOfPage\":{\"@id\":\"https:\\\/\\\/www.cidademarketing.com.br\\\/marketing\\\/2021\\\/08\\\/25\\\/kimberly-clark-anuncia-parceria-com-projeto-transpor\\\/\"},\"wordCount\":649,\"commentCount\":0,\"publisher\":{\"@id\":\"https:\\\/\\\/www.cidademarketing.com.br\\\/marketing\\\/#organization\"},\"image\":{\"@id\":\"https:\\\/\\\/www.cidademarketing.com.br\\\/marketing\\\/2021\\\/08\\\/25\\\/kimberly-clark-anuncia-parceria-com-projeto-transpor\\\/#primaryimage\"},\"thumbnailUrl\":\"https:\\\/\\\/www.cidademarketing.com.br\\\/marketing\\\/wp-content\\\/uploads\\\/2020\\\/09\\\/kimberly-clark.jpg\",\"keywords\":[\"Kimberly-Clark Brasil\",\"marketing\",\"marketing social\",\"parceria\"],\"articleSection\":[\"Not\u00edcias\"],\"inLanguage\":\"pt-BR\",\"potentialAction\":[{\"@type\":\"CommentAction\",\"name\":\"Comment\",\"target\":[\"https:\\\/\\\/www.cidademarketing.com.br\\\/marketing\\\/2021\\\/08\\\/25\\\/kimberly-clark-anuncia-parceria-com-projeto-transpor\\\/#respond\"]}]},{\"@type\":\"WebPage\",\"@id\":\"https:\\\/\\\/www.cidademarketing.com.br\\\/marketing\\\/2021\\\/08\\\/25\\\/kimberly-clark-anuncia-parceria-com-projeto-transpor\\\/\",\"url\":\"https:\\\/\\\/www.cidademarketing.com.br\\\/marketing\\\/2021\\\/08\\\/25\\\/kimberly-clark-anuncia-parceria-com-projeto-transpor\\\/\",\"name\":\"Kimberly-Clark anuncia parceria com Projeto Transpor - CidadeMarketing\",\"isPartOf\":{\"@id\":\"https:\\\/\\\/www.cidademarketing.com.br\\\/marketing\\\/#website\"},\"primaryImageOfPage\":{\"@id\":\"https:\\\/\\\/www.cidademarketing.com.br\\\/marketing\\\/2021\\\/08\\\/25\\\/kimberly-clark-anuncia-parceria-com-projeto-transpor\\\/#primaryimage\"},\"image\":{\"@id\":\"https:\\\/\\\/www.cidademarketing.com.br\\\/marketing\\\/2021\\\/08\\\/25\\\/kimberly-clark-anuncia-parceria-com-projeto-transpor\\\/#primaryimage\"},\"thumbnailUrl\":\"https:\\\/\\\/www.cidademarketing.com.br\\\/marketing\\\/wp-content\\\/uploads\\\/2020\\\/09\\\/kimberly-clark.jpg\",\"datePublished\":\"2021-08-25T23:45:25+00:00\",\"dateModified\":\"2021-08-25T23:45:28+00:00\",\"breadcrumb\":{\"@id\":\"https:\\\/\\\/www.cidademarketing.com.br\\\/marketing\\\/2021\\\/08\\\/25\\\/kimberly-clark-anuncia-parceria-com-projeto-transpor\\\/#breadcrumb\"},\"inLanguage\":\"pt-BR\",\"potentialAction\":[{\"@type\":\"ReadAction\",\"target\":[\"https:\\\/\\\/www.cidademarketing.com.br\\\/marketing\\\/2021\\\/08\\\/25\\\/kimberly-clark-anuncia-parceria-com-projeto-transpor\\\/\"]}]},{\"@type\":\"ImageObject\",\"inLanguage\":\"pt-BR\",\"@id\":\"https:\\\/\\\/www.cidademarketing.com.br\\\/marketing\\\/2021\\\/08\\\/25\\\/kimberly-clark-anuncia-parceria-com-projeto-transpor\\\/#primaryimage\",\"url\":\"https:\\\/\\\/www.cidademarketing.com.br\\\/marketing\\\/wp-content\\\/uploads\\\/2020\\\/09\\\/kimberly-clark.jpg\",\"contentUrl\":\"https:\\\/\\\/www.cidademarketing.com.br\\\/marketing\\\/wp-content\\\/uploads\\\/2020\\\/09\\\/kimberly-clark.jpg\",\"width\":1400,\"height\":980},{\"@type\":\"BreadcrumbList\",\"@id\":\"https:\\\/\\\/www.cidademarketing.com.br\\\/marketing\\\/2021\\\/08\\\/25\\\/kimberly-clark-anuncia-parceria-com-projeto-transpor\\\/#breadcrumb\",\"itemListElement\":[{\"@type\":\"ListItem\",\"position\":1,\"name\":\"In\u00edcio\",\"item\":\"https:\\\/\\\/www.cidademarketing.com.br\\\/marketing\\\/\"},{\"@type\":\"ListItem\",\"position\":2,\"name\":\"Kimberly-Clark anuncia parceria com Projeto Transpor\"}]},{\"@type\":\"WebSite\",\"@id\":\"https:\\\/\\\/www.cidademarketing.com.br\\\/marketing\\\/#website\",\"url\":\"https:\\\/\\\/www.cidademarketing.com.br\\\/marketing\\\/\",\"name\":\"CidadeMarketing\",\"description\":\"Somos um ve\u00edculo de comunica\u00e7\u00e3o de destaque no Brasil, reconhecido por conte\u00fados nos segmentos de marketing, empreendedorismo e inova\u00e7\u00e3o.\",\"publisher\":{\"@id\":\"https:\\\/\\\/www.cidademarketing.com.br\\\/marketing\\\/#organization\"},\"alternateName\":\"CidadeMarketing\",\"potentialAction\":[{\"@type\":\"SearchAction\",\"target\":{\"@type\":\"EntryPoint\",\"urlTemplate\":\"https:\\\/\\\/www.cidademarketing.com.br\\\/marketing\\\/?s={search_term_string}\"},\"query-input\":{\"@type\":\"PropertyValueSpecification\",\"valueRequired\":true,\"valueName\":\"search_term_string\"}}],\"inLanguage\":\"pt-BR\"},{\"@type\":\"Organization\",\"@id\":\"https:\\\/\\\/www.cidademarketing.com.br\\\/marketing\\\/#organization\",\"name\":\"CidadeMarketing\",\"alternateName\":\"CidadeMarketing\",\"url\":\"https:\\\/\\\/www.cidademarketing.com.br\\\/marketing\\\/\",\"logo\":{\"@type\":\"ImageObject\",\"inLanguage\":\"pt-BR\",\"@id\":\"https:\\\/\\\/www.cidademarketing.com.br\\\/marketing\\\/#\\\/schema\\\/logo\\\/image\\\/\",\"url\":\"https:\\\/\\\/www.cidademarketing.com.br\\\/marketing\\\/wp-content\\\/uploads\\\/2020\\\/01\\\/cidademarketing_marca_mobile.png\",\"contentUrl\":\"https:\\\/\\\/www.cidademarketing.com.br\\\/marketing\\\/wp-content\\\/uploads\\\/2020\\\/01\\\/cidademarketing_marca_mobile.png\",\"width\":230,\"height\":92,\"caption\":\"CidadeMarketing\"},\"image\":{\"@id\":\"https:\\\/\\\/www.cidademarketing.com.br\\\/marketing\\\/#\\\/schema\\\/logo\\\/image\\\/\"},\"sameAs\":[\"https:\\\/\\\/www.facebook.com\\\/portalcidademarketing\",\"https:\\\/\\\/x.com\\\/CidadeMarketing\",\"https:\\\/\\\/www.instagram.com\\\/cidademarketing\\\/\"]},{\"@type\":\"Person\",\"@id\":\"https:\\\/\\\/www.cidademarketing.com.br\\\/marketing\\\/#\\\/schema\\\/person\\\/02daff9f18bd9378c9e01eb6b2db155f\",\"name\":\"Thales Brand\u00e3o\",\"image\":{\"@type\":\"ImageObject\",\"inLanguage\":\"pt-BR\",\"@id\":\"https:\\\/\\\/secure.gravatar.com\\\/avatar\\\/7ca3206950207cc3cb48feec56a8a7898741ab725c368d99d5d7a5a50aab80c6?s=96&d=mm&r=g\",\"url\":\"https:\\\/\\\/secure.gravatar.com\\\/avatar\\\/7ca3206950207cc3cb48feec56a8a7898741ab725c368d99d5d7a5a50aab80c6?s=96&d=mm&r=g\",\"contentUrl\":\"https:\\\/\\\/secure.gravatar.com\\\/avatar\\\/7ca3206950207cc3cb48feec56a8a7898741ab725c368d99d5d7a5a50aab80c6?s=96&d=mm&r=g\",\"caption\":\"Thales Brand\u00e3o\"},\"description\":\"Editor Executivo do Portal CidadeMarketing.com.br &gt; Mestre em Comunica\u00e7\u00e3o e Sociedade pela Universidade Federal de Sergipe. Possui MBA Executivo em Administra\u00e7\u00e3o com \u00eanfase em Marketing pela Funda\u00e7\u00e3o Get\u00falio Vargas - Rio de Janeiro. Consultor, Palestrante e Pesquisador sobre Empreendedorismo, Marketing, Redes Sociais e Neg\u00f3cios Digitais. Professor, Palestrante TedxTalks e Campus Party. Twitter: @ThalesBrandao\",\"sameAs\":[\"http:\\\/\\\/www.mandacaru.com.br\",\"https:\\\/\\\/www.facebook.com\\\/thalesbrandao\",\"http:\\\/\\\/www.instagram.com.br\\\/thalesbrandaoferreira\",\"https:\\\/\\\/www.linkedin.com\\\/in\\\/thales-brand\u00e3o-3948609\\\/\",\"https:\\\/\\\/x.com\\\/http:\\\/\\\/www.twitter.com\\\/thalesbrandao\"],\"url\":\"https:\\\/\\\/www.cidademarketing.com.br\\\/marketing\\\/author\\\/thalesbrandao\\\/\"}]}<\/script>\n<!-- \/ Yoast SEO plugin. -->","yoast_head_json":{"title":"Kimberly-Clark anuncia parceria com Projeto Transpor - CidadeMarketing","robots":{"index":"index","follow":"follow","max-snippet":"max-snippet:-1","max-image-preview":"max-image-preview:large","max-video-preview":"max-video-preview:-1"},"canonical":"https:\/\/www.cidademarketing.com.br\/marketing\/2021\/08\/25\/kimberly-clark-anuncia-parceria-com-projeto-transpor\/","og_locale":"pt_BR","og_type":"article","og_title":"Kimberly-Clark anuncia parceria com Projeto Transpor - CidadeMarketing","og_description":"A Kimberly-Clark, multinacional norte-americana de produtos de higiene pessoal, acaba de anunciar parceria com o Projeto Transpor, consultoria sem fins lucrativos que tem a miss\u00e3o de aumentar a empregabilidade de profissionais trans e incentivar a diversidade nas empresas. Por meio da parceria, a companhia pretende contratar pessoas transg\u00eanero, n\u00e3o bin\u00e1rias e intersexuais, al\u00e9m de capacitar [&hellip;]","og_url":"https:\/\/www.cidademarketing.com.br\/marketing\/2021\/08\/25\/kimberly-clark-anuncia-parceria-com-projeto-transpor\/","og_site_name":"CidadeMarketing","article_publisher":"https:\/\/www.facebook.com\/portalcidademarketing","article_author":"https:\/\/www.facebook.com\/thalesbrandao","article_published_time":"2021-08-25T23:45:25+00:00","article_modified_time":"2021-08-25T23:45:28+00:00","og_image":[{"width":1400,"height":980,"url":"https:\/\/www.cidademarketing.com.br\/marketing\/wp-content\/uploads\/2020\/09\/kimberly-clark.jpg","type":"image\/jpeg"}],"author":"Thales Brand\u00e3o","twitter_card":"summary_large_image","twitter_creator":"@http:\/\/www.twitter.com\/thalesbrandao","twitter_site":"@CidadeMarketing","twitter_misc":{"Escrito por":"Thales Brand\u00e3o","Est. tempo de leitura":"3 minutos"},"schema":{"@context":"https:\/\/schema.org","@graph":[{"@type":"Article","@id":"https:\/\/www.cidademarketing.com.br\/marketing\/2021\/08\/25\/kimberly-clark-anuncia-parceria-com-projeto-transpor\/#article","isPartOf":{"@id":"https:\/\/www.cidademarketing.com.br\/marketing\/2021\/08\/25\/kimberly-clark-anuncia-parceria-com-projeto-transpor\/"},"author":{"name":"Thales Brand\u00e3o","@id":"https:\/\/www.cidademarketing.com.br\/marketing\/#\/schema\/person\/02daff9f18bd9378c9e01eb6b2db155f"},"headline":"Kimberly-Clark anuncia parceria com Projeto Transpor","datePublished":"2021-08-25T23:45:25+00:00","dateModified":"2021-08-25T23:45:28+00:00","mainEntityOfPage":{"@id":"https:\/\/www.cidademarketing.com.br\/marketing\/2021\/08\/25\/kimberly-clark-anuncia-parceria-com-projeto-transpor\/"},"wordCount":649,"commentCount":0,"publisher":{"@id":"https:\/\/www.cidademarketing.com.br\/marketing\/#organization"},"image":{"@id":"https:\/\/www.cidademarketing.com.br\/marketing\/2021\/08\/25\/kimberly-clark-anuncia-parceria-com-projeto-transpor\/#primaryimage"},"thumbnailUrl":"https:\/\/www.cidademarketing.com.br\/marketing\/wp-content\/uploads\/2020\/09\/kimberly-clark.jpg","keywords":["Kimberly-Clark Brasil","marketing","marketing social","parceria"],"articleSection":["Not\u00edcias"],"inLanguage":"pt-BR","potentialAction":[{"@type":"CommentAction","name":"Comment","target":["https:\/\/www.cidademarketing.com.br\/marketing\/2021\/08\/25\/kimberly-clark-anuncia-parceria-com-projeto-transpor\/#respond"]}]},{"@type":"WebPage","@id":"https:\/\/www.cidademarketing.com.br\/marketing\/2021\/08\/25\/kimberly-clark-anuncia-parceria-com-projeto-transpor\/","url":"https:\/\/www.cidademarketing.com.br\/marketing\/2021\/08\/25\/kimberly-clark-anuncia-parceria-com-projeto-transpor\/","name":"Kimberly-Clark anuncia parceria com Projeto Transpor - CidadeMarketing","isPartOf":{"@id":"https:\/\/www.cidademarketing.com.br\/marketing\/#website"},"primaryImageOfPage":{"@id":"https:\/\/www.cidademarketing.com.br\/marketing\/2021\/08\/25\/kimberly-clark-anuncia-parceria-com-projeto-transpor\/#primaryimage"},"image":{"@id":"https:\/\/www.cidademarketing.com.br\/marketing\/2021\/08\/25\/kimberly-clark-anuncia-parceria-com-projeto-transpor\/#primaryimage"},"thumbnailUrl":"https:\/\/www.cidademarketing.com.br\/marketing\/wp-content\/uploads\/2020\/09\/kimberly-clark.jpg","datePublished":"2021-08-25T23:45:25+00:00","dateModified":"2021-08-25T23:45:28+00:00","breadcrumb":{"@id":"https:\/\/www.cidademarketing.com.br\/marketing\/2021\/08\/25\/kimberly-clark-anuncia-parceria-com-projeto-transpor\/#breadcrumb"},"inLanguage":"pt-BR","potentialAction":[{"@type":"ReadAction","target":["https:\/\/www.cidademarketing.com.br\/marketing\/2021\/08\/25\/kimberly-clark-anuncia-parceria-com-projeto-transpor\/"]}]},{"@type":"ImageObject","inLanguage":"pt-BR","@id":"https:\/\/www.cidademarketing.com.br\/marketing\/2021\/08\/25\/kimberly-clark-anuncia-parceria-com-projeto-transpor\/#primaryimage","url":"https:\/\/www.cidademarketing.com.br\/marketing\/wp-content\/uploads\/2020\/09\/kimberly-clark.jpg","contentUrl":"https:\/\/www.cidademarketing.com.br\/marketing\/wp-content\/uploads\/2020\/09\/kimberly-clark.jpg","width":1400,"height":980},{"@type":"BreadcrumbList","@id":"https:\/\/www.cidademarketing.com.br\/marketing\/2021\/08\/25\/kimberly-clark-anuncia-parceria-com-projeto-transpor\/#breadcrumb","itemListElement":[{"@type":"ListItem","position":1,"name":"In\u00edcio","item":"https:\/\/www.cidademarketing.com.br\/marketing\/"},{"@type":"ListItem","position":2,"name":"Kimberly-Clark anuncia parceria com Projeto Transpor"}]},{"@type":"WebSite","@id":"https:\/\/www.cidademarketing.com.br\/marketing\/#website","url":"https:\/\/www.cidademarketing.com.br\/marketing\/","name":"CidadeMarketing","description":"Somos um ve\u00edculo de comunica\u00e7\u00e3o de destaque no Brasil, reconhecido por conte\u00fados nos segmentos de marketing, empreendedorismo e inova\u00e7\u00e3o.","publisher":{"@id":"https:\/\/www.cidademarketing.com.br\/marketing\/#organization"},"alternateName":"CidadeMarketing","potentialAction":[{"@type":"SearchAction","target":{"@type":"EntryPoint","urlTemplate":"https:\/\/www.cidademarketing.com.br\/marketing\/?s={search_term_string}"},"query-input":{"@type":"PropertyValueSpecification","valueRequired":true,"valueName":"search_term_string"}}],"inLanguage":"pt-BR"},{"@type":"Organization","@id":"https:\/\/www.cidademarketing.com.br\/marketing\/#organization","name":"CidadeMarketing","alternateName":"CidadeMarketing","url":"https:\/\/www.cidademarketing.com.br\/marketing\/","logo":{"@type":"ImageObject","inLanguage":"pt-BR","@id":"https:\/\/www.cidademarketing.com.br\/marketing\/#\/schema\/logo\/image\/","url":"https:\/\/www.cidademarketing.com.br\/marketing\/wp-content\/uploads\/2020\/01\/cidademarketing_marca_mobile.png","contentUrl":"https:\/\/www.cidademarketing.com.br\/marketing\/wp-content\/uploads\/2020\/01\/cidademarketing_marca_mobile.png","width":230,"height":92,"caption":"CidadeMarketing"},"image":{"@id":"https:\/\/www.cidademarketing.com.br\/marketing\/#\/schema\/logo\/image\/"},"sameAs":["https:\/\/www.facebook.com\/portalcidademarketing","https:\/\/x.com\/CidadeMarketing","https:\/\/www.instagram.com\/cidademarketing\/"]},{"@type":"Person","@id":"https:\/\/www.cidademarketing.com.br\/marketing\/#\/schema\/person\/02daff9f18bd9378c9e01eb6b2db155f","name":"Thales Brand\u00e3o","image":{"@type":"ImageObject","inLanguage":"pt-BR","@id":"https:\/\/secure.gravatar.com\/avatar\/7ca3206950207cc3cb48feec56a8a7898741ab725c368d99d5d7a5a50aab80c6?s=96&d=mm&r=g","url":"https:\/\/secure.gravatar.com\/avatar\/7ca3206950207cc3cb48feec56a8a7898741ab725c368d99d5d7a5a50aab80c6?s=96&d=mm&r=g","contentUrl":"https:\/\/secure.gravatar.com\/avatar\/7ca3206950207cc3cb48feec56a8a7898741ab725c368d99d5d7a5a50aab80c6?s=96&d=mm&r=g","caption":"Thales Brand\u00e3o"},"description":"Editor Executivo do Portal CidadeMarketing.com.br &gt; Mestre em Comunica\u00e7\u00e3o e Sociedade pela Universidade Federal de Sergipe. Possui MBA Executivo em Administra\u00e7\u00e3o com \u00eanfase em Marketing pela Funda\u00e7\u00e3o Get\u00falio Vargas - Rio de Janeiro. Consultor, Palestrante e Pesquisador sobre Empreendedorismo, Marketing, Redes Sociais e Neg\u00f3cios Digitais. Professor, Palestrante TedxTalks e Campus Party. Twitter: @ThalesBrandao","sameAs":["http:\/\/www.mandacaru.com.br","https:\/\/www.facebook.com\/thalesbrandao","http:\/\/www.instagram.com.br\/thalesbrandaoferreira","https:\/\/www.linkedin.com\/in\/thales-brand\u00e3o-3948609\/","https:\/\/x.com\/http:\/\/www.twitter.com\/thalesbrandao"],"url":"https:\/\/www.cidademarketing.com.br\/marketing\/author\/thalesbrandao\/"}]}},"amp_enabled":true,"_links":{"self":[{"href":"https:\/\/www.cidademarketing.com.br\/marketing\/wp-json\/wp\/v2\/posts\/27831","targetHints":{"allow":["GET"]}}],"collection":[{"href":"https:\/\/www.cidademarketing.com.br\/marketing\/wp-json\/wp\/v2\/posts"}],"about":[{"href":"https:\/\/www.cidademarketing.com.br\/marketing\/wp-json\/wp\/v2\/types\/post"}],"author":[{"embeddable":true,"href":"https:\/\/www.cidademarketing.com.br\/marketing\/wp-json\/wp\/v2\/users\/1"}],"replies":[{"embeddable":true,"href":"https:\/\/www.cidademarketing.com.br\/marketing\/wp-json\/wp\/v2\/comments?post=27831"}],"version-history":[{"count":1,"href":"https:\/\/www.cidademarketing.com.br\/marketing\/wp-json\/wp\/v2\/posts\/27831\/revisions"}],"predecessor-version":[{"id":27832,"href":"https:\/\/www.cidademarketing.com.br\/marketing\/wp-json\/wp\/v2\/posts\/27831\/revisions\/27832"}],"wp:featuredmedia":[{"embeddable":true,"href":"https:\/\/www.cidademarketing.com.br\/marketing\/wp-json\/wp\/v2\/media\/18976"}],"wp:attachment":[{"href":"https:\/\/www.cidademarketing.com.br\/marketing\/wp-json\/wp\/v2\/media?parent=27831"}],"wp:term":[{"taxonomy":"category","embeddable":true,"href":"https:\/\/www.cidademarketing.com.br\/marketing\/wp-json\/wp\/v2\/categories?post=27831"},{"taxonomy":"post_tag","embeddable":true,"href":"https:\/\/www.cidademarketing.com.br\/marketing\/wp-json\/wp\/v2\/tags?post=27831"}],"curies":[{"name":"wp","href":"https:\/\/api.w.org\/{rel}","templated":true}]}}