{"id":27797,"date":"2021-08-24T09:44:32","date_gmt":"2021-08-24T12:44:32","guid":{"rendered":"https:\/\/www.cidademarketing.com.br\/marketing\/?p=27797"},"modified":"2021-08-24T09:44:35","modified_gmt":"2021-08-24T12:44:35","slug":"motorola-edge-20-motorola-edge-20-pro-e-motorola-edge-20-lite-comecam-a-ser-vendidos-no-brasil","status":"publish","type":"post","link":"https:\/\/www.cidademarketing.com.br\/marketing\/2021\/08\/24\/motorola-edge-20-motorola-edge-20-pro-e-motorola-edge-20-lite-comecam-a-ser-vendidos-no-brasil\/","title":{"rendered":"motorola edge 20, motorola edge 20 pro e motorola edge 20 lite come\u00e7am a ser vendidos no Brasil"},"content":{"rendered":"\n<p>Os aguardados smartphones da fam\u00edlia motorola edge j\u00e1 est\u00e3o dispon\u00edveis no Brasil. Os consumidores brasileiros poder\u00e3o adquirir o<strong> motorola edge 20, motorola edge 20 pro<\/strong> e o<strong> motorola<\/strong> <strong>edge 20 lite <\/strong>na loja online da Motorola, nos principais varejistas e em operadoras de todo o pa\u00eds. A segunda gera\u00e7\u00e3o da linha premium da Motorola chega ao mercado com c\u00e2meras e processadores mais poderosos, o primeiro zoom no estilo perisc\u00f3pio da empresa, displays com tecnologia OLED, taxa de atualiza\u00e7\u00e3o de tela avan\u00e7ada e carregamento de bateria super r\u00e1pido.\u00a0<\/p>\n\n\n\n<p>No design, os tr\u00eas smartphones possuem um acabamento premium, materiais e cores sofisticados, sendo o <strong>motorola edge 20<\/strong> um dos smartphones mais finos do mercado com apenas 6,99 mm de espessura.<\/p>\n\n\n\n<p>Os novos motorola edge trazem as novas experi\u00eancias da plataforma Ready For1, agora com conex\u00e3o sem fio e compatibilidade com PC. Os tr\u00eas modelos chegam ao mercado com Android 11\u2122, incluindo duas atualiza\u00e7\u00f5es garantidas, al\u00e9m de upgrades de seguran\u00e7a bimestrais por dois anos.&nbsp;<\/p>\n\n\n\n<p>As c\u00e2meras da fam\u00edlia motorola edge trazem o que h\u00e1 de mais avan\u00e7ado em tecnologia. Os tr\u00eas modelos s\u00e3o equipados com sensores de 108 MP, e contam com novas ferramentas, como a superc\u00e2mera lenta dispon\u00edvel no <strong>motorola edge 20 pro <\/strong>e no<strong> motorola edge 20<\/strong>, que grava 960 frames de alta defini\u00e7\u00e3o por segundo. O modo Captura Dupla permite gravar v\u00eddeos ou tirar fotos com as duas c\u00e2meras simultaneamente (frontal e traseira), entre outras funcionalidades de \u00faltima gera\u00e7\u00e3o.<\/p>\n\n\n\n<p>O <strong>motorola<\/strong> <strong>edge 20 pro <\/strong>tem pre\u00e7o sugerido de R$ 4.999, e est\u00e1 dispon\u00edvel nas cores azul e branco. O <strong>motorola edge 20<\/strong> chega com o pre\u00e7o sugerido de R$ 3.999, dispon\u00edvel nas cores preto e branco. J\u00e1 o <strong>motorola edge 20 lite <\/strong>tem pre\u00e7o de R$ 2.999, dispon\u00edvel nas cores grafite e verde.&nbsp;<\/p>\n\n\n\n<p><strong>motorola edge 20 pro<\/strong><\/p>\n\n\n\n<p>O <strong>motorola edge 20 pro<\/strong> traz uma c\u00e2mera principal de 108 MP, com um dos maiores sensores de c\u00e2mera de todos os tempos no formato \u00f3ptico de 1\/1,5\u201d. Com tecnologia Ultra Pixel voc\u00ea tem uma sensibilidade \u00e0 luz 9 vezes maior, resultando em fotos n\u00edtidas e cheias de vida mesmo em ambientes com baixa luminosidade. A terceira c\u00e2mera do <strong>motorola edge 20 pro <\/strong>possui o primeiro sensor telefoto no estilo perisc\u00f3pio, que proporciona clareza superior a uma dist\u00e2ncia cinco vezes maior. Al\u00e9m disso, o modelo conta com o Super Zoom de 50 vezes, sensor h\u00edbrido ultra-wide e macro. O <strong>motorola edge 20 pro&nbsp; <\/strong>\u00e9 ainda o primeiro smartphone da Motorola a fazer grava\u00e7\u00e3o de v\u00eddeo com resolu\u00e7\u00e3o de 8K.<\/p>\n\n\n\n<p>A marca tamb\u00e9m oferece taxa de atualiza\u00e7\u00e3o de tela de 144 Hz, a mais alta dispon\u00edvel hoje no mercado, que aprimora a experi\u00eancia de jogos. O <strong>motorola edge 20 pro<\/strong> vem com <em>display<\/em> Max Vision de 6,7 polegadas e tecnologia OLED. A tela oferece cores de 10 bits, com espa\u00e7o de cores DCI-P3, de acordo com padr\u00f5es HDR10+. Ou seja, \u00e9 poss\u00edvel ver mais de um bilh\u00e3o de cores v\u00edvidas e brilhantes na tela.<\/p>\n\n\n\n<p>O <strong>motorola edge 20 pro<\/strong> vem com o processador Qualcomm\u00ae Snapdragon\u2122 870, compat\u00edvel com a tecnologia 5G3 e Wi-Fi 64. O armazenamento interno \u00e9 de 256 GB5 e 12 GB de mem\u00f3ria RAM de \u00faltima gera\u00e7\u00e3o. A autonomia de bateria6 \u00e9 de mais de 30 horas, com a possibilidade de uma carga r\u00e1pida de nove horas de energia em apenas 10 minutos7.<\/p>\n\n\n\n<p><strong>motorola edge 20<\/strong><\/p>\n\n\n\n<p>O <strong>motorola edge 20<\/strong> \u00e9 um dos produtos compat\u00edvel com a tecnologia 5G3 com design mais finos do Brasil8, com apenas 6,99 mm de espessura. Esse dispositivo possui o um sensor principal de 108 MP com tecnologia Ultra Pixel, sensor h\u00edbrido ultra-wide e macro, al\u00e9m de uma lente telefoto Super Zoom de 30 vezes que proporciona imagens incr\u00edveis visualizadas em uma tela de 6,7 polegadas com tecnologia OLED, com taxa de atualiza\u00e7\u00e3o de 144 Hz. O <strong>motorola edge 20<\/strong> vem com um processador Qualcomm\u00ae Snapdragon\u2122 778G e suporta tamb\u00e9m a tecnologia Wi-Fi 6e4.<\/p>\n\n\n\n<p>O <strong>motorola edge 20 <\/strong>suporta mais de um dia inteiro sem recarregar com sua bateria de 4.000 mAh6, e, se for preciso uma carga r\u00e1pida, o TurboPower\u2122 30 oferece oito horas de uso em apenas 10 minutos7. Conta com 128 GB5 de armazenamento interno e 8 GB de mem\u00f3ria RAM de \u00faltima gera\u00e7\u00e3o.<\/p>\n\n\n\n<p><strong>motorola edge 20 lite<\/strong><\/p>\n\n\n\n<p>Com o <strong>motorola edge 20 lite<\/strong>, o usu\u00e1rio pode tirar fotos supern\u00edtidas utilizando o sensor principal de 108 MP9 com tecnologia Ultra Pixel ou explorar as possibilidades do sensor h\u00edbrido ultra-wide e macro. A experi\u00eancia de entretenimento fica completa com a tela OLED de 6,7 polegadas e a taxa de atualiza\u00e7\u00e3o de 90 Hz.&nbsp;<\/p>\n\n\n\n<p>O <strong>motorola edge 20 lite<\/strong> oferece um chipset MediaTek eficiente em termos de gerenciamento de energia e 6 GB de mem\u00f3ria RAM de \u00faltima gera\u00e7\u00e3o. A bateria de 5.000 mAh proporciona at\u00e9 dois dias de uso com apenas uma carga6. E o TurboPower\u2122 30 oferece 12 horas de uso ap\u00f3s apenas 10 minutos na tomada7. O modelo tamb\u00e9m \u00e9 compat\u00edvel com a tecnologia 5G3.<\/p>\n\n\n\n<p><strong>Ready For<\/strong><\/p>\n\n\n\n<p>A plataforma de software Ready For1 agora conta com conex\u00e3o sem fio e compatibilidade com PC. Ficou ainda mais f\u00e1cil do que nunca curtir a experi\u00eancia dos jogos do celular ou visualizar uma v\u00eddeo-chamada em uma tela grande, al\u00e9m de utilizar outros aplicativos na tela do computador. A nova funcionalidade Ready For PC1 permite acessar os aplicativos do celular e os arquivos no computador na mesma tela. O Ready For1 Sem Fio \u00e9 compat\u00edvel com o <strong>motorola edge 20 pro<\/strong> e <strong>motorola edge 20<\/strong>, e o Ready For1 com cabo HDMI \/ USB-C, funciona no <strong>motorola edge 20 pro<\/strong>.<\/p>\n\n\n\n<p>Estes dispositivos s\u00e3o protegidos por ThinkShield for mobile, que oferece prote\u00e7\u00e3o de seguran\u00e7a adicional. Recursos essenciais tamb\u00e9m podem ser atualizados via&nbsp; Play Store, que nos permite proporcionar atualiza\u00e7\u00f5es chave com maior frequ\u00eancia.&nbsp;<\/p>\n\n\n\n<p><strong>Avisos Legais<\/strong><\/p>\n\n\n\n<p><em>Certas caracter\u00edsticas, funcionalidades e especifica\u00e7\u00f5es de produto podem depender de rede e est\u00e3o sujeitas a termos, condi\u00e7\u00f5es e taxas adicionais. Todas est\u00e3o sujeitas a altera\u00e7\u00e3o sem aviso pr\u00e9vio. MOTOROLA, o Logotipo Estilizado M, Moto e a fam\u00edlia MOTO de marcas s\u00e3o marcas registradas da Motorola Trademark Holdings, LLC. LENOVO e THINKSHIELD s\u00e3o marcas da Lenovo. Qualcomm Snapdragon \u00e9 um produto da Qualcomm Technologies, Inc. e\/ou suas subsidi\u00e1rias. Qualcomm e Snapdragon s\u00e3o marcas de Qualcomm Incorporated, registradas nos Estados Unidos e em outros pa\u00edses. Wi-Fi \u00e9 uma marca registrada de Wi-Fi Alliance. USB Type-C\u00ae e USB-C\u00ae s\u00e3o marcas registradas do USB Implementers Forum. GOOGLE e Android s\u00e3o marcas registradas de Google LLC. Todas as outras marcas s\u00e3o propriedade de seus respectivos titulares.\u00a9 2021 Motorola Mobility LLC. Todos os direitos reservados.<\/em><\/p>\n\n\n\n<ol class=\"wp-block-list\" type=\"1\"><li><em>(Motorola edge 20 pro) Ready For conex\u00e3o com fio necessita de um cabo USB-C\u00ae habilitado para v\u00eddeo (3.1 ou superior), ou um adaptador USB-C\u00ae para HDMI; a TV ou o monitor deve ter entrada de v\u00eddeo USB-C\u00ae ou entrada HDMI, caso seja utilizado o adaptador. (Motorola edge 20 pro e Motorola edge 20) Ready For conex\u00e3o sem fio \u00e9 compat\u00edvel com TV que suporta espelhamento de tela atrav\u00e9s do Miracast com smartphone Android. (Motorola edge 20 pro, Motorola edge 20 e Motorola edge 20 lite) Ready For PC est\u00e1 dispon\u00edvel para alguns dispositivos e para o Windows 10. Acesse a p\u00e1gina de perguntas frequentes para ver a lista completa de dispositivos e softwares compat\u00edveis.&nbsp; \u00c9 necess\u00e1rio baixar o app no computador. Para que o computador e o dispositivo m\u00f3vel se conectem sem fio, eles precisam compartilhar o mesmo ponto de acesso Wi-Fi. Caso contr\u00e1rio, ser\u00e1 necess\u00e1rio usar um cabo USB-C para conect\u00e1-los.<\/em><\/li><li><em>\u00c1udio Zoom \u00e9 ativado apenas com zoom de ao menos 2X.<\/em><\/li><li><em>Aparelho compat\u00edvel com a tecnologia 5G (frequ\u00eancias descritas na p\u00e1gina do produto). Requer SIM (chip) com servi\u00e7o 5G habilitado. Consulte as operadoras sobre planos de servi\u00e7o, prazos e disponibilidade da tecnologia 5G. A disponibilidade da rede e bandas de opera\u00e7\u00e3o suportadas pelo dispositivo est\u00e3o sujeitas a varia\u00e7\u00e3o dependendo do pa\u00eds, do provedor de rede e do plano de dados contratado pelo usu\u00e1rio.<\/em><\/li><li><em>O Wi-Fi 6 exige um roteador de Wi-Fi 6 compat\u00edvel vendido separadamente e um plano que pode variar conforme a localiza\u00e7\u00e3o<\/em>.<\/li><li><em>O armazenamento dispon\u00edvel ao usu\u00e1rio \u00e9 menor devido ao software pr\u00e9-carregado, ao sistema operacional e a outras fun\u00e7\u00f5es, que consomem parte dessa capacidade, e est\u00e1 sujeito a mudan\u00e7a sem aviso pr\u00e9vio por causa das atualiza\u00e7\u00f5es do software. Informa\u00e7\u00f5es referentes ao armazenamento dispon\u00edvel podem ser encontradas na p\u00e1gina do produto em motorola.com.br.<\/em><\/li><li><em>Todas as informa\u00e7\u00f5es referentes \u00e0 dura\u00e7\u00e3o da bateria s\u00e3o estimativas e baseiam-se em um perfil m\u00e9dio de uso misto (que inclui utiliza\u00e7\u00e3o e tempo de espera) em redes com cobertura excelente. A performance real da bateria pode variar e depende de muitos fatores, tais como intensidade de sinal, configura\u00e7\u00e3o da rede, configura\u00e7\u00f5es do dispositivo, temperatura, condi\u00e7\u00f5es da bateria e padr\u00f5es de uso.<\/em><\/li><li><em>A bateria deve estar substancialmente esgotada; a taxa de carregamento diminui \u00e0 medida que o carregamento avan\u00e7a. Todas as informa\u00e7\u00f5es referentes \u00e0 dura\u00e7\u00e3o da bateria s\u00e3o estimativas e baseiam-se em um perfil m\u00e9dio de uso misto (que inclui utiliza\u00e7\u00e3o e tempo de espera) em redes com cobertura excelente. A performance real da bateria pode variar e depende de muitos fatores, tais como intensidade do sinal, configura\u00e7\u00e3o da rede, configura\u00e7\u00f5es do dispositivo, temperatura, condi\u00e7\u00f5es da bateria e padr\u00f5es de uso.<\/em><\/li><li><em>A espessura do motorola edge 20 \u00e9 de 6,99 mm configurando o design ultrafino, inferior aos produtos convencionais da mesma categoria, que possuem no m\u00e1ximo 7,8 mm, lan\u00e7ados e homologados na ANATEL at\u00e9 agosto de 2021.<\/em><\/li><li><em>O sensor de 108 MP combina 9 pixels em 1 \u00fanico pixel maior para uma foto com resolu\u00e7\u00e3o de 12 MP.<\/em><\/li><\/ol>\n","protected":false},"excerpt":{"rendered":"<p>Os aguardados smartphones da fam\u00edlia motorola edge j\u00e1 est\u00e3o dispon\u00edveis no Brasil. Os consumidores brasileiros poder\u00e3o adquirir o motorola edge 20, motorola edge 20 pro e o motorola edge 20 lite na loja online da Motorola, nos principais varejistas e em operadoras de todo o pa\u00eds. A segunda gera\u00e7\u00e3o da linha premium da Motorola chega [&hellip;]<\/p>\n","protected":false},"author":1,"featured_media":27798,"comment_status":"open","ping_status":"open","sticky":false,"template":"","format":"standard","meta":{"tdm_status":"","tdm_grid_status":"","footnotes":""},"categories":[6],"tags":[147,293,28,2775],"class_list":["post-27797","post","type-post","status-publish","format-standard","has-post-thumbnail","hentry","category-noticias","tag-brasil","tag-inovacao","tag-marketing","tag-motorola"],"yoast_head":"<!-- This site is optimized with the Yoast SEO plugin v27.5 - https:\/\/yoast.com\/product\/yoast-seo-wordpress\/ -->\n<title>motorola edge 20, motorola edge 20 pro e motorola edge 20 lite come\u00e7am a ser vendidos no Brasil - CidadeMarketing<\/title>\n<meta name=\"robots\" content=\"index, follow, max-snippet:-1, max-image-preview:large, max-video-preview:-1\" \/>\n<link rel=\"canonical\" href=\"https:\/\/www.cidademarketing.com.br\/marketing\/2021\/08\/24\/motorola-edge-20-motorola-edge-20-pro-e-motorola-edge-20-lite-comecam-a-ser-vendidos-no-brasil\/\" \/>\n<meta property=\"og:locale\" content=\"pt_BR\" \/>\n<meta property=\"og:type\" content=\"article\" \/>\n<meta property=\"og:title\" content=\"motorola edge 20, motorola edge 20 pro e motorola edge 20 lite come\u00e7am a ser vendidos no Brasil - CidadeMarketing\" \/>\n<meta property=\"og:description\" content=\"Os aguardados smartphones da fam\u00edlia motorola edge j\u00e1 est\u00e3o dispon\u00edveis no Brasil. Os consumidores brasileiros poder\u00e3o adquirir o motorola edge 20, motorola edge 20 pro e o motorola edge 20 lite na loja online da Motorola, nos principais varejistas e em operadoras de todo o pa\u00eds. A segunda gera\u00e7\u00e3o da linha premium da Motorola chega [&hellip;]\" \/>\n<meta property=\"og:url\" content=\"https:\/\/www.cidademarketing.com.br\/marketing\/2021\/08\/24\/motorola-edge-20-motorola-edge-20-pro-e-motorola-edge-20-lite-comecam-a-ser-vendidos-no-brasil\/\" \/>\n<meta property=\"og:site_name\" content=\"CidadeMarketing\" \/>\n<meta property=\"article:publisher\" content=\"https:\/\/www.facebook.com\/portalcidademarketing\" \/>\n<meta property=\"article:author\" content=\"https:\/\/www.facebook.com\/thalesbrandao\" \/>\n<meta property=\"article:published_time\" content=\"2021-08-24T12:44:32+00:00\" \/>\n<meta property=\"article:modified_time\" content=\"2021-08-24T12:44:35+00:00\" \/>\n<meta property=\"og:image\" content=\"https:\/\/www.cidademarketing.com.br\/marketing\/wp-content\/uploads\/2021\/08\/motorola_edge.jpg\" \/>\n\t<meta property=\"og:image:width\" content=\"341\" \/>\n\t<meta property=\"og:image:height\" content=\"512\" \/>\n\t<meta property=\"og:image:type\" content=\"image\/jpeg\" \/>\n<meta name=\"author\" content=\"Thales Brand\u00e3o\" \/>\n<meta name=\"twitter:card\" content=\"summary_large_image\" \/>\n<meta name=\"twitter:creator\" content=\"@http:\/\/www.twitter.com\/thalesbrandao\" \/>\n<meta name=\"twitter:site\" content=\"@CidadeMarketing\" \/>\n<meta name=\"twitter:label1\" content=\"Escrito por\" \/>\n\t<meta name=\"twitter:data1\" content=\"Thales Brand\u00e3o\" \/>\n\t<meta name=\"twitter:label2\" content=\"Est. tempo de leitura\" \/>\n\t<meta name=\"twitter:data2\" content=\"8 minutos\" \/>\n<script type=\"application\/ld+json\" class=\"yoast-schema-graph\">{\"@context\":\"https:\\\/\\\/schema.org\",\"@graph\":[{\"@type\":\"Article\",\"@id\":\"https:\\\/\\\/www.cidademarketing.com.br\\\/marketing\\\/2021\\\/08\\\/24\\\/motorola-edge-20-motorola-edge-20-pro-e-motorola-edge-20-lite-comecam-a-ser-vendidos-no-brasil\\\/#article\",\"isPartOf\":{\"@id\":\"https:\\\/\\\/www.cidademarketing.com.br\\\/marketing\\\/2021\\\/08\\\/24\\\/motorola-edge-20-motorola-edge-20-pro-e-motorola-edge-20-lite-comecam-a-ser-vendidos-no-brasil\\\/\"},\"author\":{\"name\":\"Thales Brand\u00e3o\",\"@id\":\"https:\\\/\\\/www.cidademarketing.com.br\\\/marketing\\\/#\\\/schema\\\/person\\\/02daff9f18bd9378c9e01eb6b2db155f\"},\"headline\":\"motorola edge 20, motorola edge 20 pro e motorola edge 20 lite come\u00e7am a ser vendidos no Brasil\",\"datePublished\":\"2021-08-24T12:44:32+00:00\",\"dateModified\":\"2021-08-24T12:44:35+00:00\",\"mainEntityOfPage\":{\"@id\":\"https:\\\/\\\/www.cidademarketing.com.br\\\/marketing\\\/2021\\\/08\\\/24\\\/motorola-edge-20-motorola-edge-20-pro-e-motorola-edge-20-lite-comecam-a-ser-vendidos-no-brasil\\\/\"},\"wordCount\":1671,\"commentCount\":0,\"publisher\":{\"@id\":\"https:\\\/\\\/www.cidademarketing.com.br\\\/marketing\\\/#organization\"},\"image\":{\"@id\":\"https:\\\/\\\/www.cidademarketing.com.br\\\/marketing\\\/2021\\\/08\\\/24\\\/motorola-edge-20-motorola-edge-20-pro-e-motorola-edge-20-lite-comecam-a-ser-vendidos-no-brasil\\\/#primaryimage\"},\"thumbnailUrl\":\"https:\\\/\\\/www.cidademarketing.com.br\\\/marketing\\\/wp-content\\\/uploads\\\/2021\\\/08\\\/motorola_edge.jpg\",\"keywords\":[\"Brasil\",\"inova\u00e7\u00e3o\",\"marketing\",\"motorola\"],\"articleSection\":[\"Not\u00edcias\"],\"inLanguage\":\"pt-BR\",\"potentialAction\":[{\"@type\":\"CommentAction\",\"name\":\"Comment\",\"target\":[\"https:\\\/\\\/www.cidademarketing.com.br\\\/marketing\\\/2021\\\/08\\\/24\\\/motorola-edge-20-motorola-edge-20-pro-e-motorola-edge-20-lite-comecam-a-ser-vendidos-no-brasil\\\/#respond\"]}]},{\"@type\":\"WebPage\",\"@id\":\"https:\\\/\\\/www.cidademarketing.com.br\\\/marketing\\\/2021\\\/08\\\/24\\\/motorola-edge-20-motorola-edge-20-pro-e-motorola-edge-20-lite-comecam-a-ser-vendidos-no-brasil\\\/\",\"url\":\"https:\\\/\\\/www.cidademarketing.com.br\\\/marketing\\\/2021\\\/08\\\/24\\\/motorola-edge-20-motorola-edge-20-pro-e-motorola-edge-20-lite-comecam-a-ser-vendidos-no-brasil\\\/\",\"name\":\"motorola edge 20, motorola edge 20 pro e motorola edge 20 lite come\u00e7am a ser vendidos no Brasil - CidadeMarketing\",\"isPartOf\":{\"@id\":\"https:\\\/\\\/www.cidademarketing.com.br\\\/marketing\\\/#website\"},\"primaryImageOfPage\":{\"@id\":\"https:\\\/\\\/www.cidademarketing.com.br\\\/marketing\\\/2021\\\/08\\\/24\\\/motorola-edge-20-motorola-edge-20-pro-e-motorola-edge-20-lite-comecam-a-ser-vendidos-no-brasil\\\/#primaryimage\"},\"image\":{\"@id\":\"https:\\\/\\\/www.cidademarketing.com.br\\\/marketing\\\/2021\\\/08\\\/24\\\/motorola-edge-20-motorola-edge-20-pro-e-motorola-edge-20-lite-comecam-a-ser-vendidos-no-brasil\\\/#primaryimage\"},\"thumbnailUrl\":\"https:\\\/\\\/www.cidademarketing.com.br\\\/marketing\\\/wp-content\\\/uploads\\\/2021\\\/08\\\/motorola_edge.jpg\",\"datePublished\":\"2021-08-24T12:44:32+00:00\",\"dateModified\":\"2021-08-24T12:44:35+00:00\",\"breadcrumb\":{\"@id\":\"https:\\\/\\\/www.cidademarketing.com.br\\\/marketing\\\/2021\\\/08\\\/24\\\/motorola-edge-20-motorola-edge-20-pro-e-motorola-edge-20-lite-comecam-a-ser-vendidos-no-brasil\\\/#breadcrumb\"},\"inLanguage\":\"pt-BR\",\"potentialAction\":[{\"@type\":\"ReadAction\",\"target\":[\"https:\\\/\\\/www.cidademarketing.com.br\\\/marketing\\\/2021\\\/08\\\/24\\\/motorola-edge-20-motorola-edge-20-pro-e-motorola-edge-20-lite-comecam-a-ser-vendidos-no-brasil\\\/\"]}]},{\"@type\":\"ImageObject\",\"inLanguage\":\"pt-BR\",\"@id\":\"https:\\\/\\\/www.cidademarketing.com.br\\\/marketing\\\/2021\\\/08\\\/24\\\/motorola-edge-20-motorola-edge-20-pro-e-motorola-edge-20-lite-comecam-a-ser-vendidos-no-brasil\\\/#primaryimage\",\"url\":\"https:\\\/\\\/www.cidademarketing.com.br\\\/marketing\\\/wp-content\\\/uploads\\\/2021\\\/08\\\/motorola_edge.jpg\",\"contentUrl\":\"https:\\\/\\\/www.cidademarketing.com.br\\\/marketing\\\/wp-content\\\/uploads\\\/2021\\\/08\\\/motorola_edge.jpg\",\"width\":341,\"height\":512,\"caption\":\"Divulga\u00e7\u00e3o\"},{\"@type\":\"BreadcrumbList\",\"@id\":\"https:\\\/\\\/www.cidademarketing.com.br\\\/marketing\\\/2021\\\/08\\\/24\\\/motorola-edge-20-motorola-edge-20-pro-e-motorola-edge-20-lite-comecam-a-ser-vendidos-no-brasil\\\/#breadcrumb\",\"itemListElement\":[{\"@type\":\"ListItem\",\"position\":1,\"name\":\"In\u00edcio\",\"item\":\"https:\\\/\\\/www.cidademarketing.com.br\\\/marketing\\\/\"},{\"@type\":\"ListItem\",\"position\":2,\"name\":\"motorola edge 20, motorola edge 20 pro e motorola edge 20 lite come\u00e7am a ser vendidos no Brasil\"}]},{\"@type\":\"WebSite\",\"@id\":\"https:\\\/\\\/www.cidademarketing.com.br\\\/marketing\\\/#website\",\"url\":\"https:\\\/\\\/www.cidademarketing.com.br\\\/marketing\\\/\",\"name\":\"CidadeMarketing\",\"description\":\"Somos um ve\u00edculo de comunica\u00e7\u00e3o de destaque no Brasil, reconhecido por conte\u00fados nos segmentos de marketing, empreendedorismo e inova\u00e7\u00e3o.\",\"publisher\":{\"@id\":\"https:\\\/\\\/www.cidademarketing.com.br\\\/marketing\\\/#organization\"},\"alternateName\":\"CidadeMarketing\",\"potentialAction\":[{\"@type\":\"SearchAction\",\"target\":{\"@type\":\"EntryPoint\",\"urlTemplate\":\"https:\\\/\\\/www.cidademarketing.com.br\\\/marketing\\\/?s={search_term_string}\"},\"query-input\":{\"@type\":\"PropertyValueSpecification\",\"valueRequired\":true,\"valueName\":\"search_term_string\"}}],\"inLanguage\":\"pt-BR\"},{\"@type\":\"Organization\",\"@id\":\"https:\\\/\\\/www.cidademarketing.com.br\\\/marketing\\\/#organization\",\"name\":\"CidadeMarketing\",\"alternateName\":\"CidadeMarketing\",\"url\":\"https:\\\/\\\/www.cidademarketing.com.br\\\/marketing\\\/\",\"logo\":{\"@type\":\"ImageObject\",\"inLanguage\":\"pt-BR\",\"@id\":\"https:\\\/\\\/www.cidademarketing.com.br\\\/marketing\\\/#\\\/schema\\\/logo\\\/image\\\/\",\"url\":\"https:\\\/\\\/www.cidademarketing.com.br\\\/marketing\\\/wp-content\\\/uploads\\\/2020\\\/01\\\/cidademarketing_marca_mobile.png\",\"contentUrl\":\"https:\\\/\\\/www.cidademarketing.com.br\\\/marketing\\\/wp-content\\\/uploads\\\/2020\\\/01\\\/cidademarketing_marca_mobile.png\",\"width\":230,\"height\":92,\"caption\":\"CidadeMarketing\"},\"image\":{\"@id\":\"https:\\\/\\\/www.cidademarketing.com.br\\\/marketing\\\/#\\\/schema\\\/logo\\\/image\\\/\"},\"sameAs\":[\"https:\\\/\\\/www.facebook.com\\\/portalcidademarketing\",\"https:\\\/\\\/x.com\\\/CidadeMarketing\",\"https:\\\/\\\/www.instagram.com\\\/cidademarketing\\\/\"]},{\"@type\":\"Person\",\"@id\":\"https:\\\/\\\/www.cidademarketing.com.br\\\/marketing\\\/#\\\/schema\\\/person\\\/02daff9f18bd9378c9e01eb6b2db155f\",\"name\":\"Thales Brand\u00e3o\",\"image\":{\"@type\":\"ImageObject\",\"inLanguage\":\"pt-BR\",\"@id\":\"https:\\\/\\\/secure.gravatar.com\\\/avatar\\\/7ca3206950207cc3cb48feec56a8a7898741ab725c368d99d5d7a5a50aab80c6?s=96&d=mm&r=g\",\"url\":\"https:\\\/\\\/secure.gravatar.com\\\/avatar\\\/7ca3206950207cc3cb48feec56a8a7898741ab725c368d99d5d7a5a50aab80c6?s=96&d=mm&r=g\",\"contentUrl\":\"https:\\\/\\\/secure.gravatar.com\\\/avatar\\\/7ca3206950207cc3cb48feec56a8a7898741ab725c368d99d5d7a5a50aab80c6?s=96&d=mm&r=g\",\"caption\":\"Thales Brand\u00e3o\"},\"description\":\"Editor Executivo do Portal CidadeMarketing.com.br &gt; Mestre em Comunica\u00e7\u00e3o e Sociedade pela Universidade Federal de Sergipe. Possui MBA Executivo em Administra\u00e7\u00e3o com \u00eanfase em Marketing pela Funda\u00e7\u00e3o Get\u00falio Vargas - Rio de Janeiro. Consultor, Palestrante e Pesquisador sobre Empreendedorismo, Marketing, Redes Sociais e Neg\u00f3cios Digitais. Professor, Palestrante TedxTalks e Campus Party. Twitter: @ThalesBrandao\",\"sameAs\":[\"http:\\\/\\\/www.mandacaru.com.br\",\"https:\\\/\\\/www.facebook.com\\\/thalesbrandao\",\"http:\\\/\\\/www.instagram.com.br\\\/thalesbrandaoferreira\",\"https:\\\/\\\/www.linkedin.com\\\/in\\\/thales-brand\u00e3o-3948609\\\/\",\"https:\\\/\\\/x.com\\\/http:\\\/\\\/www.twitter.com\\\/thalesbrandao\"],\"url\":\"https:\\\/\\\/www.cidademarketing.com.br\\\/marketing\\\/author\\\/thalesbrandao\\\/\"}]}<\/script>\n<!-- \/ Yoast SEO plugin. -->","yoast_head_json":{"title":"motorola edge 20, motorola edge 20 pro e motorola edge 20 lite come\u00e7am a ser vendidos no Brasil - CidadeMarketing","robots":{"index":"index","follow":"follow","max-snippet":"max-snippet:-1","max-image-preview":"max-image-preview:large","max-video-preview":"max-video-preview:-1"},"canonical":"https:\/\/www.cidademarketing.com.br\/marketing\/2021\/08\/24\/motorola-edge-20-motorola-edge-20-pro-e-motorola-edge-20-lite-comecam-a-ser-vendidos-no-brasil\/","og_locale":"pt_BR","og_type":"article","og_title":"motorola edge 20, motorola edge 20 pro e motorola edge 20 lite come\u00e7am a ser vendidos no Brasil - CidadeMarketing","og_description":"Os aguardados smartphones da fam\u00edlia motorola edge j\u00e1 est\u00e3o dispon\u00edveis no Brasil. Os consumidores brasileiros poder\u00e3o adquirir o motorola edge 20, motorola edge 20 pro e o motorola edge 20 lite na loja online da Motorola, nos principais varejistas e em operadoras de todo o pa\u00eds. A segunda gera\u00e7\u00e3o da linha premium da Motorola chega [&hellip;]","og_url":"https:\/\/www.cidademarketing.com.br\/marketing\/2021\/08\/24\/motorola-edge-20-motorola-edge-20-pro-e-motorola-edge-20-lite-comecam-a-ser-vendidos-no-brasil\/","og_site_name":"CidadeMarketing","article_publisher":"https:\/\/www.facebook.com\/portalcidademarketing","article_author":"https:\/\/www.facebook.com\/thalesbrandao","article_published_time":"2021-08-24T12:44:32+00:00","article_modified_time":"2021-08-24T12:44:35+00:00","og_image":[{"width":341,"height":512,"url":"https:\/\/www.cidademarketing.com.br\/marketing\/wp-content\/uploads\/2021\/08\/motorola_edge.jpg","type":"image\/jpeg"}],"author":"Thales Brand\u00e3o","twitter_card":"summary_large_image","twitter_creator":"@http:\/\/www.twitter.com\/thalesbrandao","twitter_site":"@CidadeMarketing","twitter_misc":{"Escrito por":"Thales Brand\u00e3o","Est. tempo de leitura":"8 minutos"},"schema":{"@context":"https:\/\/schema.org","@graph":[{"@type":"Article","@id":"https:\/\/www.cidademarketing.com.br\/marketing\/2021\/08\/24\/motorola-edge-20-motorola-edge-20-pro-e-motorola-edge-20-lite-comecam-a-ser-vendidos-no-brasil\/#article","isPartOf":{"@id":"https:\/\/www.cidademarketing.com.br\/marketing\/2021\/08\/24\/motorola-edge-20-motorola-edge-20-pro-e-motorola-edge-20-lite-comecam-a-ser-vendidos-no-brasil\/"},"author":{"name":"Thales Brand\u00e3o","@id":"https:\/\/www.cidademarketing.com.br\/marketing\/#\/schema\/person\/02daff9f18bd9378c9e01eb6b2db155f"},"headline":"motorola edge 20, motorola edge 20 pro e motorola edge 20 lite come\u00e7am a ser vendidos no Brasil","datePublished":"2021-08-24T12:44:32+00:00","dateModified":"2021-08-24T12:44:35+00:00","mainEntityOfPage":{"@id":"https:\/\/www.cidademarketing.com.br\/marketing\/2021\/08\/24\/motorola-edge-20-motorola-edge-20-pro-e-motorola-edge-20-lite-comecam-a-ser-vendidos-no-brasil\/"},"wordCount":1671,"commentCount":0,"publisher":{"@id":"https:\/\/www.cidademarketing.com.br\/marketing\/#organization"},"image":{"@id":"https:\/\/www.cidademarketing.com.br\/marketing\/2021\/08\/24\/motorola-edge-20-motorola-edge-20-pro-e-motorola-edge-20-lite-comecam-a-ser-vendidos-no-brasil\/#primaryimage"},"thumbnailUrl":"https:\/\/www.cidademarketing.com.br\/marketing\/wp-content\/uploads\/2021\/08\/motorola_edge.jpg","keywords":["Brasil","inova\u00e7\u00e3o","marketing","motorola"],"articleSection":["Not\u00edcias"],"inLanguage":"pt-BR","potentialAction":[{"@type":"CommentAction","name":"Comment","target":["https:\/\/www.cidademarketing.com.br\/marketing\/2021\/08\/24\/motorola-edge-20-motorola-edge-20-pro-e-motorola-edge-20-lite-comecam-a-ser-vendidos-no-brasil\/#respond"]}]},{"@type":"WebPage","@id":"https:\/\/www.cidademarketing.com.br\/marketing\/2021\/08\/24\/motorola-edge-20-motorola-edge-20-pro-e-motorola-edge-20-lite-comecam-a-ser-vendidos-no-brasil\/","url":"https:\/\/www.cidademarketing.com.br\/marketing\/2021\/08\/24\/motorola-edge-20-motorola-edge-20-pro-e-motorola-edge-20-lite-comecam-a-ser-vendidos-no-brasil\/","name":"motorola edge 20, motorola edge 20 pro e motorola edge 20 lite come\u00e7am a ser vendidos no Brasil - CidadeMarketing","isPartOf":{"@id":"https:\/\/www.cidademarketing.com.br\/marketing\/#website"},"primaryImageOfPage":{"@id":"https:\/\/www.cidademarketing.com.br\/marketing\/2021\/08\/24\/motorola-edge-20-motorola-edge-20-pro-e-motorola-edge-20-lite-comecam-a-ser-vendidos-no-brasil\/#primaryimage"},"image":{"@id":"https:\/\/www.cidademarketing.com.br\/marketing\/2021\/08\/24\/motorola-edge-20-motorola-edge-20-pro-e-motorola-edge-20-lite-comecam-a-ser-vendidos-no-brasil\/#primaryimage"},"thumbnailUrl":"https:\/\/www.cidademarketing.com.br\/marketing\/wp-content\/uploads\/2021\/08\/motorola_edge.jpg","datePublished":"2021-08-24T12:44:32+00:00","dateModified":"2021-08-24T12:44:35+00:00","breadcrumb":{"@id":"https:\/\/www.cidademarketing.com.br\/marketing\/2021\/08\/24\/motorola-edge-20-motorola-edge-20-pro-e-motorola-edge-20-lite-comecam-a-ser-vendidos-no-brasil\/#breadcrumb"},"inLanguage":"pt-BR","potentialAction":[{"@type":"ReadAction","target":["https:\/\/www.cidademarketing.com.br\/marketing\/2021\/08\/24\/motorola-edge-20-motorola-edge-20-pro-e-motorola-edge-20-lite-comecam-a-ser-vendidos-no-brasil\/"]}]},{"@type":"ImageObject","inLanguage":"pt-BR","@id":"https:\/\/www.cidademarketing.com.br\/marketing\/2021\/08\/24\/motorola-edge-20-motorola-edge-20-pro-e-motorola-edge-20-lite-comecam-a-ser-vendidos-no-brasil\/#primaryimage","url":"https:\/\/www.cidademarketing.com.br\/marketing\/wp-content\/uploads\/2021\/08\/motorola_edge.jpg","contentUrl":"https:\/\/www.cidademarketing.com.br\/marketing\/wp-content\/uploads\/2021\/08\/motorola_edge.jpg","width":341,"height":512,"caption":"Divulga\u00e7\u00e3o"},{"@type":"BreadcrumbList","@id":"https:\/\/www.cidademarketing.com.br\/marketing\/2021\/08\/24\/motorola-edge-20-motorola-edge-20-pro-e-motorola-edge-20-lite-comecam-a-ser-vendidos-no-brasil\/#breadcrumb","itemListElement":[{"@type":"ListItem","position":1,"name":"In\u00edcio","item":"https:\/\/www.cidademarketing.com.br\/marketing\/"},{"@type":"ListItem","position":2,"name":"motorola edge 20, motorola edge 20 pro e motorola edge 20 lite come\u00e7am a ser vendidos no Brasil"}]},{"@type":"WebSite","@id":"https:\/\/www.cidademarketing.com.br\/marketing\/#website","url":"https:\/\/www.cidademarketing.com.br\/marketing\/","name":"CidadeMarketing","description":"Somos um ve\u00edculo de comunica\u00e7\u00e3o de destaque no Brasil, reconhecido por conte\u00fados nos segmentos de marketing, empreendedorismo e inova\u00e7\u00e3o.","publisher":{"@id":"https:\/\/www.cidademarketing.com.br\/marketing\/#organization"},"alternateName":"CidadeMarketing","potentialAction":[{"@type":"SearchAction","target":{"@type":"EntryPoint","urlTemplate":"https:\/\/www.cidademarketing.com.br\/marketing\/?s={search_term_string}"},"query-input":{"@type":"PropertyValueSpecification","valueRequired":true,"valueName":"search_term_string"}}],"inLanguage":"pt-BR"},{"@type":"Organization","@id":"https:\/\/www.cidademarketing.com.br\/marketing\/#organization","name":"CidadeMarketing","alternateName":"CidadeMarketing","url":"https:\/\/www.cidademarketing.com.br\/marketing\/","logo":{"@type":"ImageObject","inLanguage":"pt-BR","@id":"https:\/\/www.cidademarketing.com.br\/marketing\/#\/schema\/logo\/image\/","url":"https:\/\/www.cidademarketing.com.br\/marketing\/wp-content\/uploads\/2020\/01\/cidademarketing_marca_mobile.png","contentUrl":"https:\/\/www.cidademarketing.com.br\/marketing\/wp-content\/uploads\/2020\/01\/cidademarketing_marca_mobile.png","width":230,"height":92,"caption":"CidadeMarketing"},"image":{"@id":"https:\/\/www.cidademarketing.com.br\/marketing\/#\/schema\/logo\/image\/"},"sameAs":["https:\/\/www.facebook.com\/portalcidademarketing","https:\/\/x.com\/CidadeMarketing","https:\/\/www.instagram.com\/cidademarketing\/"]},{"@type":"Person","@id":"https:\/\/www.cidademarketing.com.br\/marketing\/#\/schema\/person\/02daff9f18bd9378c9e01eb6b2db155f","name":"Thales Brand\u00e3o","image":{"@type":"ImageObject","inLanguage":"pt-BR","@id":"https:\/\/secure.gravatar.com\/avatar\/7ca3206950207cc3cb48feec56a8a7898741ab725c368d99d5d7a5a50aab80c6?s=96&d=mm&r=g","url":"https:\/\/secure.gravatar.com\/avatar\/7ca3206950207cc3cb48feec56a8a7898741ab725c368d99d5d7a5a50aab80c6?s=96&d=mm&r=g","contentUrl":"https:\/\/secure.gravatar.com\/avatar\/7ca3206950207cc3cb48feec56a8a7898741ab725c368d99d5d7a5a50aab80c6?s=96&d=mm&r=g","caption":"Thales Brand\u00e3o"},"description":"Editor Executivo do Portal CidadeMarketing.com.br &gt; Mestre em Comunica\u00e7\u00e3o e Sociedade pela Universidade Federal de Sergipe. Possui MBA Executivo em Administra\u00e7\u00e3o com \u00eanfase em Marketing pela Funda\u00e7\u00e3o Get\u00falio Vargas - Rio de Janeiro. Consultor, Palestrante e Pesquisador sobre Empreendedorismo, Marketing, Redes Sociais e Neg\u00f3cios Digitais. Professor, Palestrante TedxTalks e Campus Party. Twitter: @ThalesBrandao","sameAs":["http:\/\/www.mandacaru.com.br","https:\/\/www.facebook.com\/thalesbrandao","http:\/\/www.instagram.com.br\/thalesbrandaoferreira","https:\/\/www.linkedin.com\/in\/thales-brand\u00e3o-3948609\/","https:\/\/x.com\/http:\/\/www.twitter.com\/thalesbrandao"],"url":"https:\/\/www.cidademarketing.com.br\/marketing\/author\/thalesbrandao\/"}]}},"amp_enabled":true,"_links":{"self":[{"href":"https:\/\/www.cidademarketing.com.br\/marketing\/wp-json\/wp\/v2\/posts\/27797","targetHints":{"allow":["GET"]}}],"collection":[{"href":"https:\/\/www.cidademarketing.com.br\/marketing\/wp-json\/wp\/v2\/posts"}],"about":[{"href":"https:\/\/www.cidademarketing.com.br\/marketing\/wp-json\/wp\/v2\/types\/post"}],"author":[{"embeddable":true,"href":"https:\/\/www.cidademarketing.com.br\/marketing\/wp-json\/wp\/v2\/users\/1"}],"replies":[{"embeddable":true,"href":"https:\/\/www.cidademarketing.com.br\/marketing\/wp-json\/wp\/v2\/comments?post=27797"}],"version-history":[{"count":1,"href":"https:\/\/www.cidademarketing.com.br\/marketing\/wp-json\/wp\/v2\/posts\/27797\/revisions"}],"predecessor-version":[{"id":27799,"href":"https:\/\/www.cidademarketing.com.br\/marketing\/wp-json\/wp\/v2\/posts\/27797\/revisions\/27799"}],"wp:featuredmedia":[{"embeddable":true,"href":"https:\/\/www.cidademarketing.com.br\/marketing\/wp-json\/wp\/v2\/media\/27798"}],"wp:attachment":[{"href":"https:\/\/www.cidademarketing.com.br\/marketing\/wp-json\/wp\/v2\/media?parent=27797"}],"wp:term":[{"taxonomy":"category","embeddable":true,"href":"https:\/\/www.cidademarketing.com.br\/marketing\/wp-json\/wp\/v2\/categories?post=27797"},{"taxonomy":"post_tag","embeddable":true,"href":"https:\/\/www.cidademarketing.com.br\/marketing\/wp-json\/wp\/v2\/tags?post=27797"}],"curies":[{"name":"wp","href":"https:\/\/api.w.org\/{rel}","templated":true}]}}