{"id":27774,"date":"2021-08-23T22:46:00","date_gmt":"2021-08-24T01:46:00","guid":{"rendered":"https:\/\/www.cidademarketing.com.br\/marketing\/?p=27774"},"modified":"2021-08-23T22:48:10","modified_gmt":"2021-08-24T01:48:10","slug":"ipea-lanca-edicao-especial-sobre-a-pandemia-e-temas-sociais","status":"publish","type":"post","link":"https:\/\/www.cidademarketing.com.br\/marketing\/2021\/08\/23\/ipea-lanca-edicao-especial-sobre-a-pandemia-e-temas-sociais\/","title":{"rendered":"Ipea lan\u00e7a edi\u00e7\u00e3o especial sobre a pandemia e temas sociais"},"content":{"rendered":"\n<p>Os impactos da pandemia de Covid-19 na sociedade brasileira foram amplamente discutidos, na tarde desta segunda-feira (28), durante o webinar de lan\u00e7amento da edi\u00e7\u00e3o 28 do Boletim de Pol\u00edticas Sociais (BPS). Promovido pelo Instituto de Pesquisa Econ\u00f4mica Aplicada (Ipea), o boletim, composto por dez cap\u00edtulos, foi debatido pela pesquisadora e coordenadora do BPS Luana Pinheiro, pela professora da Faculdade de Direito da Universidade de Bras\u00edlia (UnB) D\u00e9bora Diniz e pelo professor do Instituto de Economia da Universidade Estadual de Campinas (Unicamp) Eduardo Fagnani.<\/p>\n\n\n\n<p>Na avalia\u00e7\u00e3o da diretora da Diretoria de Estudos e Pol\u00edticas Sociais (Disoc), Lenita Turchi, o BPS 28 \u00e9 resultado de uma constru\u00e7\u00e3o coletiva, como deve ser toda \u00e1rea do conhecimento. \u201cO boletim, que este ano completa 21 anos de exist\u00eancia, \u00e9 uma elabora\u00e7\u00e3o conjunta que n\u00e3o s\u00f3 podemos avaliar, como tamb\u00e9m acompanhar o impacto da pandemia de covid-19 nas diferentes dimens\u00f5es do social. Nesse momento, toda a equipe se debru\u00e7ou em um tema que o mundo inteiro est\u00e1 vivendo. Vejo essa s\u00e9rie como uma forma de pensar novos caminhos para o social, para refletir sobre novas agendas\u201d, declarou.<\/p>\n\n\n\n<p>Luana Sim\u00f5es, coordenadora do boletim, fez um agradecimento a todos os pesquisadores do Ipea que trabalharam para que na publica\u00e7\u00e3o. \u201cForam mais de 40 pesquisadores que se envolveram ao longo do processo, trabalhando no segundo semestre do ano passado e no primeiro semestre de 2021 na produ\u00e7\u00e3o desses textos. Foram analisados os embates da pandemia em dez \u00e1reas setoriais, em uma publica\u00e7\u00e3o de mais de 600 p\u00e1ginas e mais tr\u00eas notas t\u00e9cnicas que discutiram outros aspectos relacionados \u00e0 crise sanit\u00e1ria\u201d, explicou.<\/p>\n\n\n\n<p>De acordo com Luana, \u00e9 dif\u00edcil saber ao certo o n\u00famero de mortos da pandemia no Brasil, mas somente pelos dados oficiais s\u00e3o 575 mil fam\u00edlias enlutadas sofrendo a perda de um ente querido. \u201cFoi um meteoro que caiu sobre todos e abriu uma cratera que levou a um aumento da pobreza, da fome, da perda, da perda de renda e tem feito sofrer muitas pessoas pelos seus impactos econ\u00f4micos. S\u00e3o milh\u00f5es de pessoas, que n\u00e3o s\u00f3 perderam entes pr\u00f3ximos, como perderam seus meios de sobreviv\u00eancia\u201d, avaliou.<\/p>\n\n\n\n<p>Um dos cap\u00edtulos da publica\u00e7\u00e3o destacado por Luana Sim\u00f5es no evento se refere aos idosos, em que foi considerado o impacto da morte dos idosos durante a pandemia, que, al\u00e9m da perda familiar sentimental, provocou uma queda significativa na renda dessas fam\u00edlias. \u201cMuitos idosos eram respons\u00e1veis por manter economicamente suas fam\u00edlias, garantiam o sustento a partir de uma renda que vinha de um conjunto de pol\u00edticas de assist\u00eancia social, como aposentadoria, BPC. Quando eles morrem, essas fam\u00edlias v\u00e3o sofrer com o aumento da pobreza e da fome\u201d, comentou.<\/p>\n\n\n\n<p>Luana ressaltou que \u00e9 importante analisar ainda o impacto da reforma previdenci\u00e1ria em rela\u00e7\u00e3o \u00e0s pens\u00f5es por morte. Segundo a pesquisadora, as pens\u00f5es foram muito alteradas na reforma e, durante a pandemia, o quadro que se viu foi de mortalidade maior entre os homens na covid-19. \u201cEnt\u00e3o, podemos imaginar que muitas mulheres perderam seus companheiros nesse per\u00edodo e, com eles, sua fonte de renda tamb\u00e9m. Com isso, quais s\u00e3o os impactos que essa mudan\u00e7a no benef\u00edcio de pens\u00e3o por morte, oriunda da reforma previdenci\u00e1ria de 2019, ocasionou na pandemia?\u201d, questionou.<\/p>\n\n\n\n<p>Em sua interven\u00e7\u00e3o, a professora da UnB D\u00e9bora Diniz afirmou que, em rela\u00e7\u00e3o ao direito dos povos ind\u00edgenas, a pandemia mostra que h\u00e1 um \u201cmenosprezo\u201d aos pequenos n\u00fameros. \u201cEsse \u00e9 um dos grandes desafios de uma democracia, que acredita na diversidade e se compromete com a prote\u00e7\u00e3o de sua menor diversidade, que \u00e9 n\u00e3o se confundir quando os eventos s\u00e3o de uma magnitude que nos silencia. Seja por um menosprezo pelos pequenos n\u00fameros ou por um menosprezo por aquilo que se tem dificuldade de nomear\u201d, declarou.<\/p>\n\n\n\n<p>D\u00e9bora prosseguiu em suas an\u00e1lises sobre o BPS no cap\u00edtulo de Desigualdades Raciais e classificou como \u201climitado\u201d o enfrentamento dessas pol\u00edticas voltadas para o combate das desigualdades de ra\u00e7a. \u201cO racismo que nos antecede, nos acompanha em uma longa dura\u00e7\u00e3o. Por\u00e9m, o trabalho reconhece dois avan\u00e7os que considero muito importantes, que s\u00e3o a Lei do Trabalho Dom\u00e9stico e a Lei das Cotas nas Universidades. Ambos t\u00eam impactos duradouros na transforma\u00e7\u00e3o da desigualdade racial\u201d, considerou.<\/p>\n\n\n\n<p>J\u00e1 o professor da Unicamp Eduardo Fagnani disse que, nos diversos cap\u00edtulos do BPS, \u00e9 poss\u00edvel identificar restri\u00e7\u00f5es financeiras, com o desmonte de arranjos institucionais, e isso inclui quest\u00f5es dos povos ind\u00edgenas, desenvolvimento rural, igualdade racial, igualdade de g\u00eanero e cultura.<\/p>\n\n\n\n<p>O professor Fagnani apontou algumas quest\u00f5es referentes ao cap\u00edtulo da Previd\u00eancia Social, do BPS. \u201cO documento faz uma an\u00e1lise do ano de 2019, quando foram feitas as reformas da previd\u00eancia. Especialmente na parte do Regime Geral da Previd\u00eancia Social, sempre me posicionei contr\u00e1rio \u00e0 reforma, uma vez que tentou-se estabelecer regras de pa\u00edses desenvolvidos em um pa\u00eds que \u00e9 um dos mais desiguais do mundo\u201d, disse.<\/p>\n\n\n\n<p>Para o professor, o que se observou pela leitura dos dados foi que, em 2019, n\u00e3o houve, no caso da previd\u00eancia social, uma redu\u00e7\u00e3o da cobertura. \u201cA perda de cobertura n\u00e3o se refletiu at\u00e9 2019. Minha quest\u00e3o, que esse documento ainda n\u00e3o mostra, \u00e9 entender o que aconteceu a partir de 2020 e 2021. As restri\u00e7\u00f5es da cobertura j\u00e1 ocorreriam em fun\u00e7\u00e3o das novas regras que foram impostas, dificultando progressivamente o acesso aos novos direitos, \u00e0s novas aposentadorias\u201d, aventou.<\/p>\n\n\n\n<p><a rel=\"noreferrer noopener\" href=\"https:\/\/www.ipea.gov.br\/portal\/index.php?option=com_content&amp;view=article&amp;id=37679&amp;Itemid=9\" target=\"_blank\">Acesse a edi\u00e7\u00e3o 28 do Boletim de Pol\u00edticas Sociais.<\/a><\/p>\n\n\n\n<p><\/p>\n\n\n\n<p>CidadeMarketing com informa\u00e7\u00f5es do <a href=\"https:\/\/www.ipea.gov.br\/portal\/index.php?option=com_content&amp;view=article&amp;id=38401&amp;catid=10&amp;Itemid=9\" data-type=\"URL\" data-id=\"https:\/\/www.ipea.gov.br\/portal\/index.php?option=com_content&amp;view=article&amp;id=38401&amp;catid=10&amp;Itemid=9\" target=\"_blank\" rel=\"noreferrer noopener\">Ipea<\/a>.<\/p>\n","protected":false},"excerpt":{"rendered":"<p>Os impactos da pandemia de Covid-19 na sociedade brasileira foram amplamente discutidos, na tarde desta segunda-feira (28), durante o webinar de lan\u00e7amento da edi\u00e7\u00e3o 28 do Boletim de Pol\u00edticas Sociais (BPS). Promovido pelo Instituto de Pesquisa Econ\u00f4mica Aplicada (Ipea), o boletim, composto por dez cap\u00edtulos, foi debatido pela pesquisadora e coordenadora do BPS Luana Pinheiro, [&hellip;]<\/p>\n","protected":false},"author":1,"featured_media":25143,"comment_status":"open","ping_status":"open","sticky":false,"template":"","format":"standard","meta":{"tdm_status":"","tdm_grid_status":"","footnotes":""},"categories":[6,1],"tags":[566,28,2935,58],"class_list":["post-27774","post","type-post","status-publish","format-standard","has-post-thumbnail","hentry","category-noticias","category-pesquisademercado","tag-ipea","tag-marketing","tag-pandemia","tag-pesquisa-de-mercado"],"yoast_head":"<!-- This site is optimized with the Yoast SEO plugin v27.5 - https:\/\/yoast.com\/product\/yoast-seo-wordpress\/ -->\n<title>Ipea lan\u00e7a edi\u00e7\u00e3o especial sobre a pandemia e temas sociais - CidadeMarketing<\/title>\n<meta name=\"robots\" content=\"index, follow, max-snippet:-1, max-image-preview:large, max-video-preview:-1\" \/>\n<link rel=\"canonical\" href=\"https:\/\/www.cidademarketing.com.br\/marketing\/2021\/08\/23\/ipea-lanca-edicao-especial-sobre-a-pandemia-e-temas-sociais\/\" \/>\n<meta property=\"og:locale\" content=\"pt_BR\" \/>\n<meta property=\"og:type\" content=\"article\" \/>\n<meta property=\"og:title\" content=\"Ipea lan\u00e7a edi\u00e7\u00e3o especial sobre a pandemia e temas sociais - CidadeMarketing\" \/>\n<meta property=\"og:description\" content=\"Os impactos da pandemia de Covid-19 na sociedade brasileira foram amplamente discutidos, na tarde desta segunda-feira (28), durante o webinar de lan\u00e7amento da edi\u00e7\u00e3o 28 do Boletim de Pol\u00edticas Sociais (BPS). Promovido pelo Instituto de Pesquisa Econ\u00f4mica Aplicada (Ipea), o boletim, composto por dez cap\u00edtulos, foi debatido pela pesquisadora e coordenadora do BPS Luana Pinheiro, [&hellip;]\" \/>\n<meta property=\"og:url\" content=\"https:\/\/www.cidademarketing.com.br\/marketing\/2021\/08\/23\/ipea-lanca-edicao-especial-sobre-a-pandemia-e-temas-sociais\/\" \/>\n<meta property=\"og:site_name\" content=\"CidadeMarketing\" \/>\n<meta property=\"article:publisher\" content=\"https:\/\/www.facebook.com\/portalcidademarketing\" \/>\n<meta property=\"article:author\" content=\"https:\/\/www.facebook.com\/thalesbrandao\" \/>\n<meta property=\"article:published_time\" content=\"2021-08-24T01:46:00+00:00\" \/>\n<meta property=\"article:modified_time\" content=\"2021-08-24T01:48:10+00:00\" \/>\n<meta property=\"og:image\" content=\"https:\/\/www.cidademarketing.com.br\/marketing\/wp-content\/uploads\/2021\/07\/ipea_marca.png\" \/>\n\t<meta property=\"og:image:width\" content=\"477\" \/>\n\t<meta property=\"og:image:height\" content=\"477\" \/>\n\t<meta property=\"og:image:type\" content=\"image\/png\" \/>\n<meta name=\"author\" content=\"Thales Brand\u00e3o\" \/>\n<meta name=\"twitter:card\" content=\"summary_large_image\" \/>\n<meta name=\"twitter:creator\" content=\"@http:\/\/www.twitter.com\/thalesbrandao\" \/>\n<meta name=\"twitter:site\" content=\"@CidadeMarketing\" \/>\n<meta name=\"twitter:label1\" content=\"Escrito por\" \/>\n\t<meta name=\"twitter:data1\" content=\"Thales Brand\u00e3o\" \/>\n\t<meta name=\"twitter:label2\" content=\"Est. tempo de leitura\" \/>\n\t<meta name=\"twitter:data2\" content=\"5 minutos\" \/>\n<script type=\"application\/ld+json\" class=\"yoast-schema-graph\">{\"@context\":\"https:\\\/\\\/schema.org\",\"@graph\":[{\"@type\":\"Article\",\"@id\":\"https:\\\/\\\/www.cidademarketing.com.br\\\/marketing\\\/2021\\\/08\\\/23\\\/ipea-lanca-edicao-especial-sobre-a-pandemia-e-temas-sociais\\\/#article\",\"isPartOf\":{\"@id\":\"https:\\\/\\\/www.cidademarketing.com.br\\\/marketing\\\/2021\\\/08\\\/23\\\/ipea-lanca-edicao-especial-sobre-a-pandemia-e-temas-sociais\\\/\"},\"author\":{\"name\":\"Thales Brand\u00e3o\",\"@id\":\"https:\\\/\\\/www.cidademarketing.com.br\\\/marketing\\\/#\\\/schema\\\/person\\\/02daff9f18bd9378c9e01eb6b2db155f\"},\"headline\":\"Ipea lan\u00e7a edi\u00e7\u00e3o especial sobre a pandemia e temas sociais\",\"datePublished\":\"2021-08-24T01:46:00+00:00\",\"dateModified\":\"2021-08-24T01:48:10+00:00\",\"mainEntityOfPage\":{\"@id\":\"https:\\\/\\\/www.cidademarketing.com.br\\\/marketing\\\/2021\\\/08\\\/23\\\/ipea-lanca-edicao-especial-sobre-a-pandemia-e-temas-sociais\\\/\"},\"wordCount\":978,\"commentCount\":0,\"publisher\":{\"@id\":\"https:\\\/\\\/www.cidademarketing.com.br\\\/marketing\\\/#organization\"},\"image\":{\"@id\":\"https:\\\/\\\/www.cidademarketing.com.br\\\/marketing\\\/2021\\\/08\\\/23\\\/ipea-lanca-edicao-especial-sobre-a-pandemia-e-temas-sociais\\\/#primaryimage\"},\"thumbnailUrl\":\"https:\\\/\\\/www.cidademarketing.com.br\\\/marketing\\\/wp-content\\\/uploads\\\/2021\\\/07\\\/ipea_marca.png\",\"keywords\":[\"IPEA\",\"marketing\",\"pandemia\",\"pesquisa de mercado\"],\"articleSection\":[\"Not\u00edcias\",\"Pesquisa de Mercado\"],\"inLanguage\":\"pt-BR\",\"potentialAction\":[{\"@type\":\"CommentAction\",\"name\":\"Comment\",\"target\":[\"https:\\\/\\\/www.cidademarketing.com.br\\\/marketing\\\/2021\\\/08\\\/23\\\/ipea-lanca-edicao-especial-sobre-a-pandemia-e-temas-sociais\\\/#respond\"]}]},{\"@type\":\"WebPage\",\"@id\":\"https:\\\/\\\/www.cidademarketing.com.br\\\/marketing\\\/2021\\\/08\\\/23\\\/ipea-lanca-edicao-especial-sobre-a-pandemia-e-temas-sociais\\\/\",\"url\":\"https:\\\/\\\/www.cidademarketing.com.br\\\/marketing\\\/2021\\\/08\\\/23\\\/ipea-lanca-edicao-especial-sobre-a-pandemia-e-temas-sociais\\\/\",\"name\":\"Ipea lan\u00e7a edi\u00e7\u00e3o especial sobre a pandemia e temas sociais - CidadeMarketing\",\"isPartOf\":{\"@id\":\"https:\\\/\\\/www.cidademarketing.com.br\\\/marketing\\\/#website\"},\"primaryImageOfPage\":{\"@id\":\"https:\\\/\\\/www.cidademarketing.com.br\\\/marketing\\\/2021\\\/08\\\/23\\\/ipea-lanca-edicao-especial-sobre-a-pandemia-e-temas-sociais\\\/#primaryimage\"},\"image\":{\"@id\":\"https:\\\/\\\/www.cidademarketing.com.br\\\/marketing\\\/2021\\\/08\\\/23\\\/ipea-lanca-edicao-especial-sobre-a-pandemia-e-temas-sociais\\\/#primaryimage\"},\"thumbnailUrl\":\"https:\\\/\\\/www.cidademarketing.com.br\\\/marketing\\\/wp-content\\\/uploads\\\/2021\\\/07\\\/ipea_marca.png\",\"datePublished\":\"2021-08-24T01:46:00+00:00\",\"dateModified\":\"2021-08-24T01:48:10+00:00\",\"breadcrumb\":{\"@id\":\"https:\\\/\\\/www.cidademarketing.com.br\\\/marketing\\\/2021\\\/08\\\/23\\\/ipea-lanca-edicao-especial-sobre-a-pandemia-e-temas-sociais\\\/#breadcrumb\"},\"inLanguage\":\"pt-BR\",\"potentialAction\":[{\"@type\":\"ReadAction\",\"target\":[\"https:\\\/\\\/www.cidademarketing.com.br\\\/marketing\\\/2021\\\/08\\\/23\\\/ipea-lanca-edicao-especial-sobre-a-pandemia-e-temas-sociais\\\/\"]}]},{\"@type\":\"ImageObject\",\"inLanguage\":\"pt-BR\",\"@id\":\"https:\\\/\\\/www.cidademarketing.com.br\\\/marketing\\\/2021\\\/08\\\/23\\\/ipea-lanca-edicao-especial-sobre-a-pandemia-e-temas-sociais\\\/#primaryimage\",\"url\":\"https:\\\/\\\/www.cidademarketing.com.br\\\/marketing\\\/wp-content\\\/uploads\\\/2021\\\/07\\\/ipea_marca.png\",\"contentUrl\":\"https:\\\/\\\/www.cidademarketing.com.br\\\/marketing\\\/wp-content\\\/uploads\\\/2021\\\/07\\\/ipea_marca.png\",\"width\":477,\"height\":477},{\"@type\":\"BreadcrumbList\",\"@id\":\"https:\\\/\\\/www.cidademarketing.com.br\\\/marketing\\\/2021\\\/08\\\/23\\\/ipea-lanca-edicao-especial-sobre-a-pandemia-e-temas-sociais\\\/#breadcrumb\",\"itemListElement\":[{\"@type\":\"ListItem\",\"position\":1,\"name\":\"In\u00edcio\",\"item\":\"https:\\\/\\\/www.cidademarketing.com.br\\\/marketing\\\/\"},{\"@type\":\"ListItem\",\"position\":2,\"name\":\"Ipea lan\u00e7a edi\u00e7\u00e3o especial sobre a pandemia e temas sociais\"}]},{\"@type\":\"WebSite\",\"@id\":\"https:\\\/\\\/www.cidademarketing.com.br\\\/marketing\\\/#website\",\"url\":\"https:\\\/\\\/www.cidademarketing.com.br\\\/marketing\\\/\",\"name\":\"CidadeMarketing\",\"description\":\"Somos um ve\u00edculo de comunica\u00e7\u00e3o de destaque no Brasil, reconhecido por conte\u00fados nos segmentos de marketing, empreendedorismo e inova\u00e7\u00e3o.\",\"publisher\":{\"@id\":\"https:\\\/\\\/www.cidademarketing.com.br\\\/marketing\\\/#organization\"},\"alternateName\":\"CidadeMarketing\",\"potentialAction\":[{\"@type\":\"SearchAction\",\"target\":{\"@type\":\"EntryPoint\",\"urlTemplate\":\"https:\\\/\\\/www.cidademarketing.com.br\\\/marketing\\\/?s={search_term_string}\"},\"query-input\":{\"@type\":\"PropertyValueSpecification\",\"valueRequired\":true,\"valueName\":\"search_term_string\"}}],\"inLanguage\":\"pt-BR\"},{\"@type\":\"Organization\",\"@id\":\"https:\\\/\\\/www.cidademarketing.com.br\\\/marketing\\\/#organization\",\"name\":\"CidadeMarketing\",\"alternateName\":\"CidadeMarketing\",\"url\":\"https:\\\/\\\/www.cidademarketing.com.br\\\/marketing\\\/\",\"logo\":{\"@type\":\"ImageObject\",\"inLanguage\":\"pt-BR\",\"@id\":\"https:\\\/\\\/www.cidademarketing.com.br\\\/marketing\\\/#\\\/schema\\\/logo\\\/image\\\/\",\"url\":\"https:\\\/\\\/www.cidademarketing.com.br\\\/marketing\\\/wp-content\\\/uploads\\\/2020\\\/01\\\/cidademarketing_marca_mobile.png\",\"contentUrl\":\"https:\\\/\\\/www.cidademarketing.com.br\\\/marketing\\\/wp-content\\\/uploads\\\/2020\\\/01\\\/cidademarketing_marca_mobile.png\",\"width\":230,\"height\":92,\"caption\":\"CidadeMarketing\"},\"image\":{\"@id\":\"https:\\\/\\\/www.cidademarketing.com.br\\\/marketing\\\/#\\\/schema\\\/logo\\\/image\\\/\"},\"sameAs\":[\"https:\\\/\\\/www.facebook.com\\\/portalcidademarketing\",\"https:\\\/\\\/x.com\\\/CidadeMarketing\",\"https:\\\/\\\/www.instagram.com\\\/cidademarketing\\\/\"]},{\"@type\":\"Person\",\"@id\":\"https:\\\/\\\/www.cidademarketing.com.br\\\/marketing\\\/#\\\/schema\\\/person\\\/02daff9f18bd9378c9e01eb6b2db155f\",\"name\":\"Thales Brand\u00e3o\",\"image\":{\"@type\":\"ImageObject\",\"inLanguage\":\"pt-BR\",\"@id\":\"https:\\\/\\\/secure.gravatar.com\\\/avatar\\\/7ca3206950207cc3cb48feec56a8a7898741ab725c368d99d5d7a5a50aab80c6?s=96&d=mm&r=g\",\"url\":\"https:\\\/\\\/secure.gravatar.com\\\/avatar\\\/7ca3206950207cc3cb48feec56a8a7898741ab725c368d99d5d7a5a50aab80c6?s=96&d=mm&r=g\",\"contentUrl\":\"https:\\\/\\\/secure.gravatar.com\\\/avatar\\\/7ca3206950207cc3cb48feec56a8a7898741ab725c368d99d5d7a5a50aab80c6?s=96&d=mm&r=g\",\"caption\":\"Thales Brand\u00e3o\"},\"description\":\"Editor Executivo do Portal CidadeMarketing.com.br &gt; Mestre em Comunica\u00e7\u00e3o e Sociedade pela Universidade Federal de Sergipe. Possui MBA Executivo em Administra\u00e7\u00e3o com \u00eanfase em Marketing pela Funda\u00e7\u00e3o Get\u00falio Vargas - Rio de Janeiro. Consultor, Palestrante e Pesquisador sobre Empreendedorismo, Marketing, Redes Sociais e Neg\u00f3cios Digitais. Professor, Palestrante TedxTalks e Campus Party. Twitter: @ThalesBrandao\",\"sameAs\":[\"http:\\\/\\\/www.mandacaru.com.br\",\"https:\\\/\\\/www.facebook.com\\\/thalesbrandao\",\"http:\\\/\\\/www.instagram.com.br\\\/thalesbrandaoferreira\",\"https:\\\/\\\/www.linkedin.com\\\/in\\\/thales-brand\u00e3o-3948609\\\/\",\"https:\\\/\\\/x.com\\\/http:\\\/\\\/www.twitter.com\\\/thalesbrandao\"],\"url\":\"https:\\\/\\\/www.cidademarketing.com.br\\\/marketing\\\/author\\\/thalesbrandao\\\/\"}]}<\/script>\n<!-- \/ Yoast SEO plugin. -->","yoast_head_json":{"title":"Ipea lan\u00e7a edi\u00e7\u00e3o especial sobre a pandemia e temas sociais - CidadeMarketing","robots":{"index":"index","follow":"follow","max-snippet":"max-snippet:-1","max-image-preview":"max-image-preview:large","max-video-preview":"max-video-preview:-1"},"canonical":"https:\/\/www.cidademarketing.com.br\/marketing\/2021\/08\/23\/ipea-lanca-edicao-especial-sobre-a-pandemia-e-temas-sociais\/","og_locale":"pt_BR","og_type":"article","og_title":"Ipea lan\u00e7a edi\u00e7\u00e3o especial sobre a pandemia e temas sociais - CidadeMarketing","og_description":"Os impactos da pandemia de Covid-19 na sociedade brasileira foram amplamente discutidos, na tarde desta segunda-feira (28), durante o webinar de lan\u00e7amento da edi\u00e7\u00e3o 28 do Boletim de Pol\u00edticas Sociais (BPS). Promovido pelo Instituto de Pesquisa Econ\u00f4mica Aplicada (Ipea), o boletim, composto por dez cap\u00edtulos, foi debatido pela pesquisadora e coordenadora do BPS Luana Pinheiro, [&hellip;]","og_url":"https:\/\/www.cidademarketing.com.br\/marketing\/2021\/08\/23\/ipea-lanca-edicao-especial-sobre-a-pandemia-e-temas-sociais\/","og_site_name":"CidadeMarketing","article_publisher":"https:\/\/www.facebook.com\/portalcidademarketing","article_author":"https:\/\/www.facebook.com\/thalesbrandao","article_published_time":"2021-08-24T01:46:00+00:00","article_modified_time":"2021-08-24T01:48:10+00:00","og_image":[{"width":477,"height":477,"url":"https:\/\/www.cidademarketing.com.br\/marketing\/wp-content\/uploads\/2021\/07\/ipea_marca.png","type":"image\/png"}],"author":"Thales Brand\u00e3o","twitter_card":"summary_large_image","twitter_creator":"@http:\/\/www.twitter.com\/thalesbrandao","twitter_site":"@CidadeMarketing","twitter_misc":{"Escrito por":"Thales Brand\u00e3o","Est. tempo de leitura":"5 minutos"},"schema":{"@context":"https:\/\/schema.org","@graph":[{"@type":"Article","@id":"https:\/\/www.cidademarketing.com.br\/marketing\/2021\/08\/23\/ipea-lanca-edicao-especial-sobre-a-pandemia-e-temas-sociais\/#article","isPartOf":{"@id":"https:\/\/www.cidademarketing.com.br\/marketing\/2021\/08\/23\/ipea-lanca-edicao-especial-sobre-a-pandemia-e-temas-sociais\/"},"author":{"name":"Thales Brand\u00e3o","@id":"https:\/\/www.cidademarketing.com.br\/marketing\/#\/schema\/person\/02daff9f18bd9378c9e01eb6b2db155f"},"headline":"Ipea lan\u00e7a edi\u00e7\u00e3o especial sobre a pandemia e temas sociais","datePublished":"2021-08-24T01:46:00+00:00","dateModified":"2021-08-24T01:48:10+00:00","mainEntityOfPage":{"@id":"https:\/\/www.cidademarketing.com.br\/marketing\/2021\/08\/23\/ipea-lanca-edicao-especial-sobre-a-pandemia-e-temas-sociais\/"},"wordCount":978,"commentCount":0,"publisher":{"@id":"https:\/\/www.cidademarketing.com.br\/marketing\/#organization"},"image":{"@id":"https:\/\/www.cidademarketing.com.br\/marketing\/2021\/08\/23\/ipea-lanca-edicao-especial-sobre-a-pandemia-e-temas-sociais\/#primaryimage"},"thumbnailUrl":"https:\/\/www.cidademarketing.com.br\/marketing\/wp-content\/uploads\/2021\/07\/ipea_marca.png","keywords":["IPEA","marketing","pandemia","pesquisa de mercado"],"articleSection":["Not\u00edcias","Pesquisa de Mercado"],"inLanguage":"pt-BR","potentialAction":[{"@type":"CommentAction","name":"Comment","target":["https:\/\/www.cidademarketing.com.br\/marketing\/2021\/08\/23\/ipea-lanca-edicao-especial-sobre-a-pandemia-e-temas-sociais\/#respond"]}]},{"@type":"WebPage","@id":"https:\/\/www.cidademarketing.com.br\/marketing\/2021\/08\/23\/ipea-lanca-edicao-especial-sobre-a-pandemia-e-temas-sociais\/","url":"https:\/\/www.cidademarketing.com.br\/marketing\/2021\/08\/23\/ipea-lanca-edicao-especial-sobre-a-pandemia-e-temas-sociais\/","name":"Ipea lan\u00e7a edi\u00e7\u00e3o especial sobre a pandemia e temas sociais - CidadeMarketing","isPartOf":{"@id":"https:\/\/www.cidademarketing.com.br\/marketing\/#website"},"primaryImageOfPage":{"@id":"https:\/\/www.cidademarketing.com.br\/marketing\/2021\/08\/23\/ipea-lanca-edicao-especial-sobre-a-pandemia-e-temas-sociais\/#primaryimage"},"image":{"@id":"https:\/\/www.cidademarketing.com.br\/marketing\/2021\/08\/23\/ipea-lanca-edicao-especial-sobre-a-pandemia-e-temas-sociais\/#primaryimage"},"thumbnailUrl":"https:\/\/www.cidademarketing.com.br\/marketing\/wp-content\/uploads\/2021\/07\/ipea_marca.png","datePublished":"2021-08-24T01:46:00+00:00","dateModified":"2021-08-24T01:48:10+00:00","breadcrumb":{"@id":"https:\/\/www.cidademarketing.com.br\/marketing\/2021\/08\/23\/ipea-lanca-edicao-especial-sobre-a-pandemia-e-temas-sociais\/#breadcrumb"},"inLanguage":"pt-BR","potentialAction":[{"@type":"ReadAction","target":["https:\/\/www.cidademarketing.com.br\/marketing\/2021\/08\/23\/ipea-lanca-edicao-especial-sobre-a-pandemia-e-temas-sociais\/"]}]},{"@type":"ImageObject","inLanguage":"pt-BR","@id":"https:\/\/www.cidademarketing.com.br\/marketing\/2021\/08\/23\/ipea-lanca-edicao-especial-sobre-a-pandemia-e-temas-sociais\/#primaryimage","url":"https:\/\/www.cidademarketing.com.br\/marketing\/wp-content\/uploads\/2021\/07\/ipea_marca.png","contentUrl":"https:\/\/www.cidademarketing.com.br\/marketing\/wp-content\/uploads\/2021\/07\/ipea_marca.png","width":477,"height":477},{"@type":"BreadcrumbList","@id":"https:\/\/www.cidademarketing.com.br\/marketing\/2021\/08\/23\/ipea-lanca-edicao-especial-sobre-a-pandemia-e-temas-sociais\/#breadcrumb","itemListElement":[{"@type":"ListItem","position":1,"name":"In\u00edcio","item":"https:\/\/www.cidademarketing.com.br\/marketing\/"},{"@type":"ListItem","position":2,"name":"Ipea lan\u00e7a edi\u00e7\u00e3o especial sobre a pandemia e temas sociais"}]},{"@type":"WebSite","@id":"https:\/\/www.cidademarketing.com.br\/marketing\/#website","url":"https:\/\/www.cidademarketing.com.br\/marketing\/","name":"CidadeMarketing","description":"Somos um ve\u00edculo de comunica\u00e7\u00e3o de destaque no Brasil, reconhecido por conte\u00fados nos segmentos de marketing, empreendedorismo e inova\u00e7\u00e3o.","publisher":{"@id":"https:\/\/www.cidademarketing.com.br\/marketing\/#organization"},"alternateName":"CidadeMarketing","potentialAction":[{"@type":"SearchAction","target":{"@type":"EntryPoint","urlTemplate":"https:\/\/www.cidademarketing.com.br\/marketing\/?s={search_term_string}"},"query-input":{"@type":"PropertyValueSpecification","valueRequired":true,"valueName":"search_term_string"}}],"inLanguage":"pt-BR"},{"@type":"Organization","@id":"https:\/\/www.cidademarketing.com.br\/marketing\/#organization","name":"CidadeMarketing","alternateName":"CidadeMarketing","url":"https:\/\/www.cidademarketing.com.br\/marketing\/","logo":{"@type":"ImageObject","inLanguage":"pt-BR","@id":"https:\/\/www.cidademarketing.com.br\/marketing\/#\/schema\/logo\/image\/","url":"https:\/\/www.cidademarketing.com.br\/marketing\/wp-content\/uploads\/2020\/01\/cidademarketing_marca_mobile.png","contentUrl":"https:\/\/www.cidademarketing.com.br\/marketing\/wp-content\/uploads\/2020\/01\/cidademarketing_marca_mobile.png","width":230,"height":92,"caption":"CidadeMarketing"},"image":{"@id":"https:\/\/www.cidademarketing.com.br\/marketing\/#\/schema\/logo\/image\/"},"sameAs":["https:\/\/www.facebook.com\/portalcidademarketing","https:\/\/x.com\/CidadeMarketing","https:\/\/www.instagram.com\/cidademarketing\/"]},{"@type":"Person","@id":"https:\/\/www.cidademarketing.com.br\/marketing\/#\/schema\/person\/02daff9f18bd9378c9e01eb6b2db155f","name":"Thales Brand\u00e3o","image":{"@type":"ImageObject","inLanguage":"pt-BR","@id":"https:\/\/secure.gravatar.com\/avatar\/7ca3206950207cc3cb48feec56a8a7898741ab725c368d99d5d7a5a50aab80c6?s=96&d=mm&r=g","url":"https:\/\/secure.gravatar.com\/avatar\/7ca3206950207cc3cb48feec56a8a7898741ab725c368d99d5d7a5a50aab80c6?s=96&d=mm&r=g","contentUrl":"https:\/\/secure.gravatar.com\/avatar\/7ca3206950207cc3cb48feec56a8a7898741ab725c368d99d5d7a5a50aab80c6?s=96&d=mm&r=g","caption":"Thales Brand\u00e3o"},"description":"Editor Executivo do Portal CidadeMarketing.com.br &gt; Mestre em Comunica\u00e7\u00e3o e Sociedade pela Universidade Federal de Sergipe. Possui MBA Executivo em Administra\u00e7\u00e3o com \u00eanfase em Marketing pela Funda\u00e7\u00e3o Get\u00falio Vargas - Rio de Janeiro. Consultor, Palestrante e Pesquisador sobre Empreendedorismo, Marketing, Redes Sociais e Neg\u00f3cios Digitais. Professor, Palestrante TedxTalks e Campus Party. Twitter: @ThalesBrandao","sameAs":["http:\/\/www.mandacaru.com.br","https:\/\/www.facebook.com\/thalesbrandao","http:\/\/www.instagram.com.br\/thalesbrandaoferreira","https:\/\/www.linkedin.com\/in\/thales-brand\u00e3o-3948609\/","https:\/\/x.com\/http:\/\/www.twitter.com\/thalesbrandao"],"url":"https:\/\/www.cidademarketing.com.br\/marketing\/author\/thalesbrandao\/"}]}},"amp_enabled":true,"_links":{"self":[{"href":"https:\/\/www.cidademarketing.com.br\/marketing\/wp-json\/wp\/v2\/posts\/27774","targetHints":{"allow":["GET"]}}],"collection":[{"href":"https:\/\/www.cidademarketing.com.br\/marketing\/wp-json\/wp\/v2\/posts"}],"about":[{"href":"https:\/\/www.cidademarketing.com.br\/marketing\/wp-json\/wp\/v2\/types\/post"}],"author":[{"embeddable":true,"href":"https:\/\/www.cidademarketing.com.br\/marketing\/wp-json\/wp\/v2\/users\/1"}],"replies":[{"embeddable":true,"href":"https:\/\/www.cidademarketing.com.br\/marketing\/wp-json\/wp\/v2\/comments?post=27774"}],"version-history":[{"count":2,"href":"https:\/\/www.cidademarketing.com.br\/marketing\/wp-json\/wp\/v2\/posts\/27774\/revisions"}],"predecessor-version":[{"id":27776,"href":"https:\/\/www.cidademarketing.com.br\/marketing\/wp-json\/wp\/v2\/posts\/27774\/revisions\/27776"}],"wp:featuredmedia":[{"embeddable":true,"href":"https:\/\/www.cidademarketing.com.br\/marketing\/wp-json\/wp\/v2\/media\/25143"}],"wp:attachment":[{"href":"https:\/\/www.cidademarketing.com.br\/marketing\/wp-json\/wp\/v2\/media?parent=27774"}],"wp:term":[{"taxonomy":"category","embeddable":true,"href":"https:\/\/www.cidademarketing.com.br\/marketing\/wp-json\/wp\/v2\/categories?post=27774"},{"taxonomy":"post_tag","embeddable":true,"href":"https:\/\/www.cidademarketing.com.br\/marketing\/wp-json\/wp\/v2\/tags?post=27774"}],"curies":[{"name":"wp","href":"https:\/\/api.w.org\/{rel}","templated":true}]}}