{"id":27617,"date":"2021-08-20T15:55:20","date_gmt":"2021-08-20T18:55:20","guid":{"rendered":"https:\/\/www.cidademarketing.com.br\/marketing\/?p=27617"},"modified":"2021-08-20T15:56:29","modified_gmt":"2021-08-20T18:56:29","slug":"luciano-huck-manda-primeiro-video-autografo-de-seu-livro-para-lu-do-magalu","status":"publish","type":"post","link":"https:\/\/www.cidademarketing.com.br\/marketing\/2021\/08\/20\/luciano-huck-manda-primeiro-video-autografo-de-seu-livro-para-lu-do-magalu\/","title":{"rendered":"Luciano Huck manda primeiro v\u00eddeo-aut\u00f3grafo de seu livro para Lu, do Magalu"},"content":{"rendered":"\n<p>A partir do dia 20 de agosto, est\u00e1 dispon\u00edvel nos canais digitais do Magalu o livro <em>De Porta em Porta<\/em>, no qual o apresentador Luciano Huck re\u00fane mem\u00f3rias pessoais, aprendizados e conversas vivenciadas em mais de 20 anos de carreira. Em a\u00e7\u00e3o publicit\u00e1ria in\u00e9dita para o lan\u00e7amento, Huck gravar\u00e1 um aut\u00f3grafo em formato de v\u00eddeo para os clientes que comprarem o livro pelos canais digitais do Magalu. O v\u00eddeo-aut\u00f3grafo, em estoque limitado, ser\u00e1 personalizado para o leitor que comprar ou ganhar a obra.\u00a0<\/p>\n\n\n\n<p><\/p>\n\n\n\n<figure class=\"wp-block-video\"><video height=\"960\" style=\"aspect-ratio: 540 \/ 960;\" width=\"540\" controls src=\"https:\/\/www.cidademarketing.com.br\/marketing\/wp-content\/uploads\/2021\/08\/De-Porta-em-Porta.mp4\"><\/video><\/figure>\n\n\n\n<p><\/p>\n\n\n\n<p>Para o lan\u00e7amento da a\u00e7\u00e3o, Luciano Huck gravou o primeiro v\u00eddeo-aut\u00f3grafo para a Lu, influenciadora virtual do Magalu. \u201cA parceria com a Polen faz parte da estrat\u00e9gia de buzz,&nbsp; que ter\u00e1 nossa&nbsp; influenciadora virtual como protagonista e abrir\u00e1 espa\u00e7o para explorarmos um conceito in\u00e9dito, no Super App Magalu, para lan\u00e7amento de livros\u201d, afirma Pedro Alvim, gerente s\u00eanior de Marca e Redes Sociais do Magalu.<\/p>\n\n\n\n<p>A a\u00e7\u00e3o \u00e9 uma parceria da Polen, uma emotion tech (empresa de tecnologia especializada em criar emo\u00e7\u00f5es) e o Magalu. Para receber o v\u00eddeo-aut\u00f3grafo, quem comprar o livro pelo site do Magazine Luiza dever\u00e1 acessar o link <a href=\"https:\/\/polen.me\/produtos\/de-porta-em-porta\" target=\"_blank\" rel=\"noreferrer noopener\">https:\/\/polen.me\/produtos\/de-porta-em-porta<\/a> e validar o c\u00f3digo, recebido por e-mail, at\u00e9 o dia 31 de agosto de 2021. Ap\u00f3s a valida\u00e7\u00e3o, o leitor receber\u00e1 o v\u00eddeo-aut\u00f3grafo do autor por meio da plataforma Polen, conforme o regulamento. \u201cNosso objetivo \u00e9 criar emo\u00e7\u00e3o por meio da tecnologia. Vamos permitir que o Luciano Huck emocione 500 f\u00e3s com uma mensagem de agradecimento pela compra de seu livro. Ele vai gravar os v\u00eddeos um a um, falando diretamente a cada leitor\u201d, diz Sobhan Daliry, CEO e fundador da Polen. Atualmente, a plataforma conta com a participa\u00e7\u00e3o de celebridades como Luccas Neto, Cid Moreira, Preta Gil e Fernanda Gentil.<\/p>\n","protected":false},"excerpt":{"rendered":"<p>A partir do dia 20 de agosto, est\u00e1 dispon\u00edvel nos canais digitais do Magalu o livro De Porta em Porta, no qual o apresentador Luciano Huck re\u00fane mem\u00f3rias pessoais, aprendizados e conversas vivenciadas em mais de 20 anos de carreira. Em a\u00e7\u00e3o publicit\u00e1ria in\u00e9dita para o lan\u00e7amento, Huck gravar\u00e1 um aut\u00f3grafo em formato de v\u00eddeo [&hellip;]<\/p>\n","protected":false},"author":1,"featured_media":27618,"comment_status":"open","ping_status":"open","sticky":false,"template":"","format":"standard","meta":{"tdm_status":"","tdm_grid_status":"","footnotes":""},"categories":[11,6],"tags":[33,480,2577,740,28],"class_list":["post-27617","post","type-post","status-publish","format-standard","has-post-thumbnail","hentry","category-digital","category-noticias","tag-estrategia","tag-luciano-huck","tag-magalu","tag-magazine-luiza","tag-marketing"],"yoast_head":"<!-- This site is optimized with the Yoast SEO plugin v27.4 - https:\/\/yoast.com\/product\/yoast-seo-wordpress\/ -->\n<title>Luciano Huck manda primeiro v\u00eddeo-aut\u00f3grafo de seu livro para Lu, do Magalu - CidadeMarketing<\/title>\n<meta name=\"robots\" content=\"index, follow, max-snippet:-1, max-image-preview:large, max-video-preview:-1\" \/>\n<link rel=\"canonical\" href=\"https:\/\/www.cidademarketing.com.br\/marketing\/2021\/08\/20\/luciano-huck-manda-primeiro-video-autografo-de-seu-livro-para-lu-do-magalu\/\" \/>\n<meta property=\"og:locale\" content=\"pt_BR\" \/>\n<meta property=\"og:type\" content=\"article\" \/>\n<meta property=\"og:title\" content=\"Luciano Huck manda primeiro v\u00eddeo-aut\u00f3grafo de seu livro para Lu, do Magalu - CidadeMarketing\" \/>\n<meta property=\"og:description\" content=\"A partir do dia 20 de agosto, est\u00e1 dispon\u00edvel nos canais digitais do Magalu o livro De Porta em Porta, no qual o apresentador Luciano Huck re\u00fane mem\u00f3rias pessoais, aprendizados e conversas vivenciadas em mais de 20 anos de carreira. Em a\u00e7\u00e3o publicit\u00e1ria in\u00e9dita para o lan\u00e7amento, Huck gravar\u00e1 um aut\u00f3grafo em formato de v\u00eddeo [&hellip;]\" \/>\n<meta property=\"og:url\" content=\"https:\/\/www.cidademarketing.com.br\/marketing\/2021\/08\/20\/luciano-huck-manda-primeiro-video-autografo-de-seu-livro-para-lu-do-magalu\/\" \/>\n<meta property=\"og:site_name\" content=\"CidadeMarketing\" \/>\n<meta property=\"article:publisher\" content=\"https:\/\/www.facebook.com\/portalcidademarketing\" \/>\n<meta property=\"article:author\" content=\"https:\/\/www.facebook.com\/thalesbrandao\" \/>\n<meta property=\"article:published_time\" content=\"2021-08-20T18:55:20+00:00\" \/>\n<meta property=\"article:modified_time\" content=\"2021-08-20T18:56:29+00:00\" \/>\n<meta property=\"og:image\" content=\"https:\/\/www.cidademarketing.com.br\/marketing\/wp-content\/uploads\/2021\/08\/luciano_huck_deportaemporta.jpg\" \/>\n\t<meta property=\"og:image:width\" content=\"617\" \/>\n\t<meta property=\"og:image:height\" content=\"463\" \/>\n\t<meta property=\"og:image:type\" content=\"image\/jpeg\" \/>\n<meta name=\"author\" content=\"Thales Brand\u00e3o\" \/>\n<meta name=\"twitter:card\" content=\"summary_large_image\" \/>\n<meta name=\"twitter:creator\" content=\"@http:\/\/www.twitter.com\/thalesbrandao\" \/>\n<meta name=\"twitter:site\" content=\"@CidadeMarketing\" \/>\n<meta name=\"twitter:label1\" content=\"Escrito por\" \/>\n\t<meta name=\"twitter:data1\" content=\"Thales Brand\u00e3o\" \/>\n\t<meta name=\"twitter:label2\" content=\"Est. tempo de leitura\" \/>\n\t<meta name=\"twitter:data2\" content=\"2 minutos\" \/>\n<script type=\"application\/ld+json\" class=\"yoast-schema-graph\">{\"@context\":\"https:\\\/\\\/schema.org\",\"@graph\":[{\"@type\":\"Article\",\"@id\":\"https:\\\/\\\/www.cidademarketing.com.br\\\/marketing\\\/2021\\\/08\\\/20\\\/luciano-huck-manda-primeiro-video-autografo-de-seu-livro-para-lu-do-magalu\\\/#article\",\"isPartOf\":{\"@id\":\"https:\\\/\\\/www.cidademarketing.com.br\\\/marketing\\\/2021\\\/08\\\/20\\\/luciano-huck-manda-primeiro-video-autografo-de-seu-livro-para-lu-do-magalu\\\/\"},\"author\":{\"name\":\"Thales Brand\u00e3o\",\"@id\":\"https:\\\/\\\/www.cidademarketing.com.br\\\/marketing\\\/#\\\/schema\\\/person\\\/02daff9f18bd9378c9e01eb6b2db155f\"},\"headline\":\"Luciano Huck manda primeiro v\u00eddeo-aut\u00f3grafo de seu livro para Lu, do Magalu\",\"datePublished\":\"2021-08-20T18:55:20+00:00\",\"dateModified\":\"2021-08-20T18:56:29+00:00\",\"mainEntityOfPage\":{\"@id\":\"https:\\\/\\\/www.cidademarketing.com.br\\\/marketing\\\/2021\\\/08\\\/20\\\/luciano-huck-manda-primeiro-video-autografo-de-seu-livro-para-lu-do-magalu\\\/\"},\"wordCount\":332,\"commentCount\":0,\"publisher\":{\"@id\":\"https:\\\/\\\/www.cidademarketing.com.br\\\/marketing\\\/#organization\"},\"image\":{\"@id\":\"https:\\\/\\\/www.cidademarketing.com.br\\\/marketing\\\/2021\\\/08\\\/20\\\/luciano-huck-manda-primeiro-video-autografo-de-seu-livro-para-lu-do-magalu\\\/#primaryimage\"},\"thumbnailUrl\":\"https:\\\/\\\/www.cidademarketing.com.br\\\/marketing\\\/wp-content\\\/uploads\\\/2021\\\/08\\\/luciano_huck_deportaemporta.jpg\",\"keywords\":[\"estrat\u00e9gia\",\"Luciano Huck\",\"Magalu\",\"Magazine Luiza\",\"marketing\"],\"articleSection\":[\"Digital\",\"Not\u00edcias\"],\"inLanguage\":\"pt-BR\",\"potentialAction\":[{\"@type\":\"CommentAction\",\"name\":\"Comment\",\"target\":[\"https:\\\/\\\/www.cidademarketing.com.br\\\/marketing\\\/2021\\\/08\\\/20\\\/luciano-huck-manda-primeiro-video-autografo-de-seu-livro-para-lu-do-magalu\\\/#respond\"]}]},{\"@type\":\"WebPage\",\"@id\":\"https:\\\/\\\/www.cidademarketing.com.br\\\/marketing\\\/2021\\\/08\\\/20\\\/luciano-huck-manda-primeiro-video-autografo-de-seu-livro-para-lu-do-magalu\\\/\",\"url\":\"https:\\\/\\\/www.cidademarketing.com.br\\\/marketing\\\/2021\\\/08\\\/20\\\/luciano-huck-manda-primeiro-video-autografo-de-seu-livro-para-lu-do-magalu\\\/\",\"name\":\"Luciano Huck manda primeiro v\u00eddeo-aut\u00f3grafo de seu livro para Lu, do Magalu - CidadeMarketing\",\"isPartOf\":{\"@id\":\"https:\\\/\\\/www.cidademarketing.com.br\\\/marketing\\\/#website\"},\"primaryImageOfPage\":{\"@id\":\"https:\\\/\\\/www.cidademarketing.com.br\\\/marketing\\\/2021\\\/08\\\/20\\\/luciano-huck-manda-primeiro-video-autografo-de-seu-livro-para-lu-do-magalu\\\/#primaryimage\"},\"image\":{\"@id\":\"https:\\\/\\\/www.cidademarketing.com.br\\\/marketing\\\/2021\\\/08\\\/20\\\/luciano-huck-manda-primeiro-video-autografo-de-seu-livro-para-lu-do-magalu\\\/#primaryimage\"},\"thumbnailUrl\":\"https:\\\/\\\/www.cidademarketing.com.br\\\/marketing\\\/wp-content\\\/uploads\\\/2021\\\/08\\\/luciano_huck_deportaemporta.jpg\",\"datePublished\":\"2021-08-20T18:55:20+00:00\",\"dateModified\":\"2021-08-20T18:56:29+00:00\",\"breadcrumb\":{\"@id\":\"https:\\\/\\\/www.cidademarketing.com.br\\\/marketing\\\/2021\\\/08\\\/20\\\/luciano-huck-manda-primeiro-video-autografo-de-seu-livro-para-lu-do-magalu\\\/#breadcrumb\"},\"inLanguage\":\"pt-BR\",\"potentialAction\":[{\"@type\":\"ReadAction\",\"target\":[\"https:\\\/\\\/www.cidademarketing.com.br\\\/marketing\\\/2021\\\/08\\\/20\\\/luciano-huck-manda-primeiro-video-autografo-de-seu-livro-para-lu-do-magalu\\\/\"]}]},{\"@type\":\"ImageObject\",\"inLanguage\":\"pt-BR\",\"@id\":\"https:\\\/\\\/www.cidademarketing.com.br\\\/marketing\\\/2021\\\/08\\\/20\\\/luciano-huck-manda-primeiro-video-autografo-de-seu-livro-para-lu-do-magalu\\\/#primaryimage\",\"url\":\"https:\\\/\\\/www.cidademarketing.com.br\\\/marketing\\\/wp-content\\\/uploads\\\/2021\\\/08\\\/luciano_huck_deportaemporta.jpg\",\"contentUrl\":\"https:\\\/\\\/www.cidademarketing.com.br\\\/marketing\\\/wp-content\\\/uploads\\\/2021\\\/08\\\/luciano_huck_deportaemporta.jpg\",\"width\":617,\"height\":463},{\"@type\":\"BreadcrumbList\",\"@id\":\"https:\\\/\\\/www.cidademarketing.com.br\\\/marketing\\\/2021\\\/08\\\/20\\\/luciano-huck-manda-primeiro-video-autografo-de-seu-livro-para-lu-do-magalu\\\/#breadcrumb\",\"itemListElement\":[{\"@type\":\"ListItem\",\"position\":1,\"name\":\"In\u00edcio\",\"item\":\"https:\\\/\\\/www.cidademarketing.com.br\\\/marketing\\\/\"},{\"@type\":\"ListItem\",\"position\":2,\"name\":\"Luciano Huck manda primeiro v\u00eddeo-aut\u00f3grafo de seu livro para Lu, do Magalu\"}]},{\"@type\":\"WebSite\",\"@id\":\"https:\\\/\\\/www.cidademarketing.com.br\\\/marketing\\\/#website\",\"url\":\"https:\\\/\\\/www.cidademarketing.com.br\\\/marketing\\\/\",\"name\":\"CidadeMarketing\",\"description\":\"Somos um ve\u00edculo de comunica\u00e7\u00e3o de destaque no Brasil, reconhecido por conte\u00fados nos segmentos de marketing, empreendedorismo e inova\u00e7\u00e3o.\",\"publisher\":{\"@id\":\"https:\\\/\\\/www.cidademarketing.com.br\\\/marketing\\\/#organization\"},\"alternateName\":\"CidadeMarketing\",\"potentialAction\":[{\"@type\":\"SearchAction\",\"target\":{\"@type\":\"EntryPoint\",\"urlTemplate\":\"https:\\\/\\\/www.cidademarketing.com.br\\\/marketing\\\/?s={search_term_string}\"},\"query-input\":{\"@type\":\"PropertyValueSpecification\",\"valueRequired\":true,\"valueName\":\"search_term_string\"}}],\"inLanguage\":\"pt-BR\"},{\"@type\":\"Organization\",\"@id\":\"https:\\\/\\\/www.cidademarketing.com.br\\\/marketing\\\/#organization\",\"name\":\"CidadeMarketing\",\"alternateName\":\"CidadeMarketing\",\"url\":\"https:\\\/\\\/www.cidademarketing.com.br\\\/marketing\\\/\",\"logo\":{\"@type\":\"ImageObject\",\"inLanguage\":\"pt-BR\",\"@id\":\"https:\\\/\\\/www.cidademarketing.com.br\\\/marketing\\\/#\\\/schema\\\/logo\\\/image\\\/\",\"url\":\"https:\\\/\\\/www.cidademarketing.com.br\\\/marketing\\\/wp-content\\\/uploads\\\/2020\\\/01\\\/cidademarketing_marca_mobile.png\",\"contentUrl\":\"https:\\\/\\\/www.cidademarketing.com.br\\\/marketing\\\/wp-content\\\/uploads\\\/2020\\\/01\\\/cidademarketing_marca_mobile.png\",\"width\":230,\"height\":92,\"caption\":\"CidadeMarketing\"},\"image\":{\"@id\":\"https:\\\/\\\/www.cidademarketing.com.br\\\/marketing\\\/#\\\/schema\\\/logo\\\/image\\\/\"},\"sameAs\":[\"https:\\\/\\\/www.facebook.com\\\/portalcidademarketing\",\"https:\\\/\\\/x.com\\\/CidadeMarketing\",\"https:\\\/\\\/www.instagram.com\\\/cidademarketing\\\/\"]},{\"@type\":\"Person\",\"@id\":\"https:\\\/\\\/www.cidademarketing.com.br\\\/marketing\\\/#\\\/schema\\\/person\\\/02daff9f18bd9378c9e01eb6b2db155f\",\"name\":\"Thales Brand\u00e3o\",\"image\":{\"@type\":\"ImageObject\",\"inLanguage\":\"pt-BR\",\"@id\":\"https:\\\/\\\/secure.gravatar.com\\\/avatar\\\/7ca3206950207cc3cb48feec56a8a7898741ab725c368d99d5d7a5a50aab80c6?s=96&d=mm&r=g\",\"url\":\"https:\\\/\\\/secure.gravatar.com\\\/avatar\\\/7ca3206950207cc3cb48feec56a8a7898741ab725c368d99d5d7a5a50aab80c6?s=96&d=mm&r=g\",\"contentUrl\":\"https:\\\/\\\/secure.gravatar.com\\\/avatar\\\/7ca3206950207cc3cb48feec56a8a7898741ab725c368d99d5d7a5a50aab80c6?s=96&d=mm&r=g\",\"caption\":\"Thales Brand\u00e3o\"},\"description\":\"Editor Executivo do Portal CidadeMarketing.com.br &gt; Mestre em Comunica\u00e7\u00e3o e Sociedade pela Universidade Federal de Sergipe. Possui MBA Executivo em Administra\u00e7\u00e3o com \u00eanfase em Marketing pela Funda\u00e7\u00e3o Get\u00falio Vargas - Rio de Janeiro. Consultor, Palestrante e Pesquisador sobre Empreendedorismo, Marketing, Redes Sociais e Neg\u00f3cios Digitais. Professor, Palestrante TedxTalks e Campus Party. Twitter: @ThalesBrandao\",\"sameAs\":[\"http:\\\/\\\/www.mandacaru.com.br\",\"https:\\\/\\\/www.facebook.com\\\/thalesbrandao\",\"http:\\\/\\\/www.instagram.com.br\\\/thalesbrandaoferreira\",\"https:\\\/\\\/www.linkedin.com\\\/in\\\/thales-brand\u00e3o-3948609\\\/\",\"https:\\\/\\\/x.com\\\/http:\\\/\\\/www.twitter.com\\\/thalesbrandao\"],\"url\":\"https:\\\/\\\/www.cidademarketing.com.br\\\/marketing\\\/author\\\/thalesbrandao\\\/\"}]}<\/script>\n<!-- \/ Yoast SEO plugin. -->","yoast_head_json":{"title":"Luciano Huck manda primeiro v\u00eddeo-aut\u00f3grafo de seu livro para Lu, do Magalu - CidadeMarketing","robots":{"index":"index","follow":"follow","max-snippet":"max-snippet:-1","max-image-preview":"max-image-preview:large","max-video-preview":"max-video-preview:-1"},"canonical":"https:\/\/www.cidademarketing.com.br\/marketing\/2021\/08\/20\/luciano-huck-manda-primeiro-video-autografo-de-seu-livro-para-lu-do-magalu\/","og_locale":"pt_BR","og_type":"article","og_title":"Luciano Huck manda primeiro v\u00eddeo-aut\u00f3grafo de seu livro para Lu, do Magalu - CidadeMarketing","og_description":"A partir do dia 20 de agosto, est\u00e1 dispon\u00edvel nos canais digitais do Magalu o livro De Porta em Porta, no qual o apresentador Luciano Huck re\u00fane mem\u00f3rias pessoais, aprendizados e conversas vivenciadas em mais de 20 anos de carreira. Em a\u00e7\u00e3o publicit\u00e1ria in\u00e9dita para o lan\u00e7amento, Huck gravar\u00e1 um aut\u00f3grafo em formato de v\u00eddeo [&hellip;]","og_url":"https:\/\/www.cidademarketing.com.br\/marketing\/2021\/08\/20\/luciano-huck-manda-primeiro-video-autografo-de-seu-livro-para-lu-do-magalu\/","og_site_name":"CidadeMarketing","article_publisher":"https:\/\/www.facebook.com\/portalcidademarketing","article_author":"https:\/\/www.facebook.com\/thalesbrandao","article_published_time":"2021-08-20T18:55:20+00:00","article_modified_time":"2021-08-20T18:56:29+00:00","og_image":[{"width":617,"height":463,"url":"https:\/\/www.cidademarketing.com.br\/marketing\/wp-content\/uploads\/2021\/08\/luciano_huck_deportaemporta.jpg","type":"image\/jpeg"}],"author":"Thales Brand\u00e3o","twitter_card":"summary_large_image","twitter_creator":"@http:\/\/www.twitter.com\/thalesbrandao","twitter_site":"@CidadeMarketing","twitter_misc":{"Escrito por":"Thales Brand\u00e3o","Est. tempo de leitura":"2 minutos"},"schema":{"@context":"https:\/\/schema.org","@graph":[{"@type":"Article","@id":"https:\/\/www.cidademarketing.com.br\/marketing\/2021\/08\/20\/luciano-huck-manda-primeiro-video-autografo-de-seu-livro-para-lu-do-magalu\/#article","isPartOf":{"@id":"https:\/\/www.cidademarketing.com.br\/marketing\/2021\/08\/20\/luciano-huck-manda-primeiro-video-autografo-de-seu-livro-para-lu-do-magalu\/"},"author":{"name":"Thales Brand\u00e3o","@id":"https:\/\/www.cidademarketing.com.br\/marketing\/#\/schema\/person\/02daff9f18bd9378c9e01eb6b2db155f"},"headline":"Luciano Huck manda primeiro v\u00eddeo-aut\u00f3grafo de seu livro para Lu, do Magalu","datePublished":"2021-08-20T18:55:20+00:00","dateModified":"2021-08-20T18:56:29+00:00","mainEntityOfPage":{"@id":"https:\/\/www.cidademarketing.com.br\/marketing\/2021\/08\/20\/luciano-huck-manda-primeiro-video-autografo-de-seu-livro-para-lu-do-magalu\/"},"wordCount":332,"commentCount":0,"publisher":{"@id":"https:\/\/www.cidademarketing.com.br\/marketing\/#organization"},"image":{"@id":"https:\/\/www.cidademarketing.com.br\/marketing\/2021\/08\/20\/luciano-huck-manda-primeiro-video-autografo-de-seu-livro-para-lu-do-magalu\/#primaryimage"},"thumbnailUrl":"https:\/\/www.cidademarketing.com.br\/marketing\/wp-content\/uploads\/2021\/08\/luciano_huck_deportaemporta.jpg","keywords":["estrat\u00e9gia","Luciano Huck","Magalu","Magazine Luiza","marketing"],"articleSection":["Digital","Not\u00edcias"],"inLanguage":"pt-BR","potentialAction":[{"@type":"CommentAction","name":"Comment","target":["https:\/\/www.cidademarketing.com.br\/marketing\/2021\/08\/20\/luciano-huck-manda-primeiro-video-autografo-de-seu-livro-para-lu-do-magalu\/#respond"]}]},{"@type":"WebPage","@id":"https:\/\/www.cidademarketing.com.br\/marketing\/2021\/08\/20\/luciano-huck-manda-primeiro-video-autografo-de-seu-livro-para-lu-do-magalu\/","url":"https:\/\/www.cidademarketing.com.br\/marketing\/2021\/08\/20\/luciano-huck-manda-primeiro-video-autografo-de-seu-livro-para-lu-do-magalu\/","name":"Luciano Huck manda primeiro v\u00eddeo-aut\u00f3grafo de seu livro para Lu, do Magalu - CidadeMarketing","isPartOf":{"@id":"https:\/\/www.cidademarketing.com.br\/marketing\/#website"},"primaryImageOfPage":{"@id":"https:\/\/www.cidademarketing.com.br\/marketing\/2021\/08\/20\/luciano-huck-manda-primeiro-video-autografo-de-seu-livro-para-lu-do-magalu\/#primaryimage"},"image":{"@id":"https:\/\/www.cidademarketing.com.br\/marketing\/2021\/08\/20\/luciano-huck-manda-primeiro-video-autografo-de-seu-livro-para-lu-do-magalu\/#primaryimage"},"thumbnailUrl":"https:\/\/www.cidademarketing.com.br\/marketing\/wp-content\/uploads\/2021\/08\/luciano_huck_deportaemporta.jpg","datePublished":"2021-08-20T18:55:20+00:00","dateModified":"2021-08-20T18:56:29+00:00","breadcrumb":{"@id":"https:\/\/www.cidademarketing.com.br\/marketing\/2021\/08\/20\/luciano-huck-manda-primeiro-video-autografo-de-seu-livro-para-lu-do-magalu\/#breadcrumb"},"inLanguage":"pt-BR","potentialAction":[{"@type":"ReadAction","target":["https:\/\/www.cidademarketing.com.br\/marketing\/2021\/08\/20\/luciano-huck-manda-primeiro-video-autografo-de-seu-livro-para-lu-do-magalu\/"]}]},{"@type":"ImageObject","inLanguage":"pt-BR","@id":"https:\/\/www.cidademarketing.com.br\/marketing\/2021\/08\/20\/luciano-huck-manda-primeiro-video-autografo-de-seu-livro-para-lu-do-magalu\/#primaryimage","url":"https:\/\/www.cidademarketing.com.br\/marketing\/wp-content\/uploads\/2021\/08\/luciano_huck_deportaemporta.jpg","contentUrl":"https:\/\/www.cidademarketing.com.br\/marketing\/wp-content\/uploads\/2021\/08\/luciano_huck_deportaemporta.jpg","width":617,"height":463},{"@type":"BreadcrumbList","@id":"https:\/\/www.cidademarketing.com.br\/marketing\/2021\/08\/20\/luciano-huck-manda-primeiro-video-autografo-de-seu-livro-para-lu-do-magalu\/#breadcrumb","itemListElement":[{"@type":"ListItem","position":1,"name":"In\u00edcio","item":"https:\/\/www.cidademarketing.com.br\/marketing\/"},{"@type":"ListItem","position":2,"name":"Luciano Huck manda primeiro v\u00eddeo-aut\u00f3grafo de seu livro para Lu, do Magalu"}]},{"@type":"WebSite","@id":"https:\/\/www.cidademarketing.com.br\/marketing\/#website","url":"https:\/\/www.cidademarketing.com.br\/marketing\/","name":"CidadeMarketing","description":"Somos um ve\u00edculo de comunica\u00e7\u00e3o de destaque no Brasil, reconhecido por conte\u00fados nos segmentos de marketing, empreendedorismo e inova\u00e7\u00e3o.","publisher":{"@id":"https:\/\/www.cidademarketing.com.br\/marketing\/#organization"},"alternateName":"CidadeMarketing","potentialAction":[{"@type":"SearchAction","target":{"@type":"EntryPoint","urlTemplate":"https:\/\/www.cidademarketing.com.br\/marketing\/?s={search_term_string}"},"query-input":{"@type":"PropertyValueSpecification","valueRequired":true,"valueName":"search_term_string"}}],"inLanguage":"pt-BR"},{"@type":"Organization","@id":"https:\/\/www.cidademarketing.com.br\/marketing\/#organization","name":"CidadeMarketing","alternateName":"CidadeMarketing","url":"https:\/\/www.cidademarketing.com.br\/marketing\/","logo":{"@type":"ImageObject","inLanguage":"pt-BR","@id":"https:\/\/www.cidademarketing.com.br\/marketing\/#\/schema\/logo\/image\/","url":"https:\/\/www.cidademarketing.com.br\/marketing\/wp-content\/uploads\/2020\/01\/cidademarketing_marca_mobile.png","contentUrl":"https:\/\/www.cidademarketing.com.br\/marketing\/wp-content\/uploads\/2020\/01\/cidademarketing_marca_mobile.png","width":230,"height":92,"caption":"CidadeMarketing"},"image":{"@id":"https:\/\/www.cidademarketing.com.br\/marketing\/#\/schema\/logo\/image\/"},"sameAs":["https:\/\/www.facebook.com\/portalcidademarketing","https:\/\/x.com\/CidadeMarketing","https:\/\/www.instagram.com\/cidademarketing\/"]},{"@type":"Person","@id":"https:\/\/www.cidademarketing.com.br\/marketing\/#\/schema\/person\/02daff9f18bd9378c9e01eb6b2db155f","name":"Thales Brand\u00e3o","image":{"@type":"ImageObject","inLanguage":"pt-BR","@id":"https:\/\/secure.gravatar.com\/avatar\/7ca3206950207cc3cb48feec56a8a7898741ab725c368d99d5d7a5a50aab80c6?s=96&d=mm&r=g","url":"https:\/\/secure.gravatar.com\/avatar\/7ca3206950207cc3cb48feec56a8a7898741ab725c368d99d5d7a5a50aab80c6?s=96&d=mm&r=g","contentUrl":"https:\/\/secure.gravatar.com\/avatar\/7ca3206950207cc3cb48feec56a8a7898741ab725c368d99d5d7a5a50aab80c6?s=96&d=mm&r=g","caption":"Thales Brand\u00e3o"},"description":"Editor Executivo do Portal CidadeMarketing.com.br &gt; Mestre em Comunica\u00e7\u00e3o e Sociedade pela Universidade Federal de Sergipe. Possui MBA Executivo em Administra\u00e7\u00e3o com \u00eanfase em Marketing pela Funda\u00e7\u00e3o Get\u00falio Vargas - Rio de Janeiro. Consultor, Palestrante e Pesquisador sobre Empreendedorismo, Marketing, Redes Sociais e Neg\u00f3cios Digitais. Professor, Palestrante TedxTalks e Campus Party. Twitter: @ThalesBrandao","sameAs":["http:\/\/www.mandacaru.com.br","https:\/\/www.facebook.com\/thalesbrandao","http:\/\/www.instagram.com.br\/thalesbrandaoferreira","https:\/\/www.linkedin.com\/in\/thales-brand\u00e3o-3948609\/","https:\/\/x.com\/http:\/\/www.twitter.com\/thalesbrandao"],"url":"https:\/\/www.cidademarketing.com.br\/marketing\/author\/thalesbrandao\/"}]}},"amp_enabled":true,"_links":{"self":[{"href":"https:\/\/www.cidademarketing.com.br\/marketing\/wp-json\/wp\/v2\/posts\/27617","targetHints":{"allow":["GET"]}}],"collection":[{"href":"https:\/\/www.cidademarketing.com.br\/marketing\/wp-json\/wp\/v2\/posts"}],"about":[{"href":"https:\/\/www.cidademarketing.com.br\/marketing\/wp-json\/wp\/v2\/types\/post"}],"author":[{"embeddable":true,"href":"https:\/\/www.cidademarketing.com.br\/marketing\/wp-json\/wp\/v2\/users\/1"}],"replies":[{"embeddable":true,"href":"https:\/\/www.cidademarketing.com.br\/marketing\/wp-json\/wp\/v2\/comments?post=27617"}],"version-history":[{"count":1,"href":"https:\/\/www.cidademarketing.com.br\/marketing\/wp-json\/wp\/v2\/posts\/27617\/revisions"}],"predecessor-version":[{"id":27620,"href":"https:\/\/www.cidademarketing.com.br\/marketing\/wp-json\/wp\/v2\/posts\/27617\/revisions\/27620"}],"wp:featuredmedia":[{"embeddable":true,"href":"https:\/\/www.cidademarketing.com.br\/marketing\/wp-json\/wp\/v2\/media\/27618"}],"wp:attachment":[{"href":"https:\/\/www.cidademarketing.com.br\/marketing\/wp-json\/wp\/v2\/media?parent=27617"}],"wp:term":[{"taxonomy":"category","embeddable":true,"href":"https:\/\/www.cidademarketing.com.br\/marketing\/wp-json\/wp\/v2\/categories?post=27617"},{"taxonomy":"post_tag","embeddable":true,"href":"https:\/\/www.cidademarketing.com.br\/marketing\/wp-json\/wp\/v2\/tags?post=27617"}],"curies":[{"name":"wp","href":"https:\/\/api.w.org\/{rel}","templated":true}]}}