{"id":27545,"date":"2021-08-19T13:15:06","date_gmt":"2021-08-19T16:15:06","guid":{"rendered":"https:\/\/www.cidademarketing.com.br\/marketing\/?p=27545"},"modified":"2021-08-19T13:15:09","modified_gmt":"2021-08-19T16:15:09","slug":"michel-foucault-obra-de-um-homem-em-transformacao-e-tema-de-filme-inedito","status":"publish","type":"post","link":"https:\/\/www.cidademarketing.com.br\/marketing\/2021\/08\/19\/michel-foucault-obra-de-um-homem-em-transformacao-e-tema-de-filme-inedito\/","title":{"rendered":"Michel Foucault: obra de um homem em transforma\u00e7\u00e3o \u00e9 tema de filme in\u00e9dito"},"content":{"rendered":"\n<p>\u201cEscrever \u00e9 se transformar, \u00e9 se desprender de si mesmo, renunciar a si mesmo. Se eu j\u00e1 soubesse aonde estava indo, eu n\u00e3o escreveria\u201d: tais palavras, ditas por Michel Foucault, resumem o desenvolvimento de sua pr\u00f3pria obra. Essas transforma\u00e7\u00f5es parecem fazer parte de sua escrita filos\u00f3fica, que lan\u00e7ou um olhar investigativo sobre mecanismos de coer\u00e7\u00e3o e de puni\u00e7\u00e3o da sociedade, sobre a loucura, a sexualidade e outros assuntos. Para esclarecer os meandros de um pensamento plural, o document\u00e1rio \u201c<strong>Foucault Contra Ele Mesmo<\/strong>\u201d, que estreia no <strong>Curta!<\/strong>, se debru\u00e7a nos livros desse grande fil\u00f3sofo do s\u00e9culo XX.<\/p>\n\n\n\n<p>O filme mostra como as reflex\u00f5es de Foucault sobre temas relacionados a poder, controle social e as fun\u00e7\u00f5es dos intelectuais na sociedade v\u00e3o mudando de acordo com o momento e a perspectiva adotada por ele. Seus pensamentos, em muitos momentos, s\u00e3o conflitantes entre si, mas tamb\u00e9m configuram uma esp\u00e9cie de di\u00e1logo entre ideias, como se Foucault estivesse sempre buscando um caminho alternativo ao que ele j\u00e1 havia tra\u00e7ado, nunca consolidando uma vis\u00e3o definitiva sobre seus objetos de estudo \u2014 e sobre si mesmo.<\/p>\n\n\n\n<p>Atrav\u00e9s de um rico acervo de fotos e v\u00eddeos, o document\u00e1rio mostra Foucault ora como ativista pol\u00edtico, ora como fil\u00f3sofo; em paralelo, Geoffroy de Lagasnerie, Arlette Farge, Didier Eribon, Georges Didi-Huberman e Leo Bersani \u2014 todos estudiosos da obra foucaultiana \u2014 analisam livros, como \u201cVigiar e Punir\u201d e \u201cA Vontade de Saber\u201d, e comentam passagens de trajet\u00f3ria de Foucault desde a juventude at\u00e9 a sua morte, em 1984.&nbsp;<\/p>\n\n\n\n<p>\u201c<strong>Foucault Contra Ele Mesmo<\/strong>\u201d, dirigido por Fran\u00e7ois Caillat, \u00e9 uma produ\u00e7\u00e3o da The Factory, Arte France e INA, que chega ao Brasil com exclusividade atrav\u00e9s do Grupo Curta!. O document\u00e1rio j\u00e1 est\u00e1 dispon\u00edvel no <strong>Curta!On<\/strong>, o streaming do NOW\/NET, ou em curtaon.com.br. <strong>A estreia no canal Curta! \u00e9 na Quinta do Pensamento, 19 de agosto, \u00e0s 23h.<\/strong><\/p>\n\n\n\n<p>Fil\u00f3sofo e professor da USP, Paulo Arantes protagoniza epis\u00f3dio de \u2018Incertezas Cr\u00edticas\u2019<\/p>\n\n\n\n<p>O segundo epis\u00f3dio da terceira temporada de \u201c<strong>Incertezas Cr\u00edticas<\/strong>\u201d, que estreia com exclusividade no canal Curta!, \u00e9 protagonizado por Paulo Arantes, fil\u00f3sofo, escritor e professor de Filosofia da USP (Universidade de S\u00e3o Paulo). No programa, ele fala sobre a import\u00e2ncia de uma forma\u00e7\u00e3o voltada para a compreens\u00e3o da literatura e da filosofia no Brasil.<\/p>\n\n\n\n<p>Arantes tamb\u00e9m explica as origens e os aspectos sociol\u00f3gicos de uma nova direita que vem se formando no mundo: \u201cEles op\u00f5em uma outra concep\u00e7\u00e3o da Hist\u00f3ria, que a v\u00ea n\u00e3o como um progresso, uma Hist\u00f3ria ascensional de emancipa\u00e7\u00e3o e liberdades que se acumulam e s\u00e3o consolidadas; mas como uma Hist\u00f3ria perene de desgra\u00e7a, de infelicidade, de desmoraliza\u00e7\u00e3o\u201d.<\/p>\n\n\n\n<p>Dedicada a expor o pensamento de intelectuais brasileiros, a terceira temporada da s\u00e9rie \u201c<strong>Incertezas Cr\u00edticas<\/strong>\u201d, de Daniel Augusto, tamb\u00e9m est\u00e1 dispon\u00edvel no <strong>Curta!On<\/strong>, streaming no NOW da NET\/Claro ou em curtaon.com.br. Essa nova leva de epis\u00f3dios in\u00e9ditos traz as reflex\u00f5es de 13 pensadores: Christian Dunker, Djamila Ribeiro, Eduardo Viveiros de Castro, Ismail Xavier, Jos\u00e9 Arthur Giannotti, Jos\u00e9 Miguel Wisnik, Maria Rita Kehl, Marilena Chaui, Olg\u00e1ria Matos, Paulo Arantes, Peter P\u00e1l Pelbart, Raquel Rolnik e Renato Janine Ribeiro. <em><strong>A exibi\u00e7\u00e3o \u00e9 na Quinta do Pensamento, 19 de agosto, \u00e0s&nbsp;20h30.<\/strong><\/em><\/p>\n\n\n\n<p><strong><u>Quinta do Pensamento (Literatura, Filosofia, Psicologia, Antropologia) \u2013 19\/08<\/u><\/strong><\/p>\n\n\n\n<p><strong>20h30 \u2013 \u201cIncertezas Cr\u00edticas\u201d (S\u00e9rie \u2013 3\u00aa temporada) \u2013 Ep. \u201cPaulo Arantes\u201d<br><\/strong>Paulo Arantes \u00e9 professor de Filosofia na USP e autor de diversos livros. No seu programa, ele fala sobre a import\u00e2ncia da ideia de forma\u00e7\u00e3o para a compreens\u00e3o da literatura e da filosofia no Brasil. Al\u00e9m disso, fala sobre a origem intelectual da nova direita no mundo. <strong>Dire\u00e7\u00e3o:<\/strong> Daniel Augusto. <strong>Dura\u00e7\u00e3o: <\/strong>26 min. <strong>Classifica\u00e7\u00e3o: <\/strong>14 anos. <strong>Hor\u00e1rios alternativos: <\/strong>\u00a020 de agosto, sexta-feira, \u00e0s 00h30 e \u00e0s 14h30; 21 de agosto, s\u00e1bado, \u00e0s 18h35; 22 de agosto, domingo, \u00e0s 10h00.<\/p>\n\n\n\n<p><\/p>\n\n\n\n<figure class=\"wp-block-embed is-type-video is-provider-youtube wp-block-embed-youtube wp-embed-aspect-16-9 wp-has-aspect-ratio\"><div class=\"wp-block-embed__wrapper\">\n<div class=\"youtube-embed\" data-video_id=\"IjLjH4EZ98c\"><iframe title=\"Incertezas Cr\u00edticas - 3\u00aa Temporada (promo)curtinha\" width=\"640\" height=\"360\" src=\"https:\/\/www.youtube.com\/embed\/IjLjH4EZ98c?feature=oembed&#038;enablejsapi=1\" frameborder=\"0\" allow=\"accelerometer; autoplay; clipboard-write; encrypted-media; gyroscope; picture-in-picture; web-share\" referrerpolicy=\"strict-origin-when-cross-origin\" allowfullscreen><\/iframe><\/div>\n<\/div><\/figure>\n\n\n\n<p><\/p>\n\n\n\n<p><strong>23h \u2013 \u201cFoucault Contra Ele Mesmo\u201d (Document\u00e1rio)<br><\/strong>O filme destaca as m\u00faltiplas e contrastadas facetas da obra e da vida de Michael Foucault, desde sua chegada a Paris no final dos anos 1940, quando o jovem provinciano ingressa na \u00c9cole Normale Sup\u00e9rieure, at\u00e9 1984, quando o pensador mundialmente conhecido morre bruscamente, v\u00edtima da AIDS. &#8220;Foucault contra ele mesmo&#8221; mostra como um dos maiores pensadores do s\u00e9culo XX fez quest\u00e3o de nunca consolidar uma vis\u00e3o definitiva dele mesmo e de sua obra.<\/p>\n\n\n\n<p><\/p>\n\n\n\n<figure class=\"wp-block-embed is-type-video is-provider-youtube wp-block-embed-youtube wp-embed-aspect-16-9 wp-has-aspect-ratio\"><div class=\"wp-block-embed__wrapper\">\n<div class=\"youtube-embed\" data-video_id=\"BJfqjBXY0tQ\"><iframe title=\"Foucault contra ele mesmo (promo)\" width=\"640\" height=\"360\" src=\"https:\/\/www.youtube.com\/embed\/BJfqjBXY0tQ?feature=oembed&#038;enablejsapi=1\" frameborder=\"0\" allow=\"accelerometer; autoplay; clipboard-write; encrypted-media; gyroscope; picture-in-picture; web-share\" referrerpolicy=\"strict-origin-when-cross-origin\" allowfullscreen><\/iframe><\/div>\n<\/div><\/figure>\n\n\n\n<p><\/p>\n\n\n\n<p><strong><u>Sexta da Sociedade (Hist\u00f3ria Pol\u00edtica, Sociologia e Meio Ambiente) -20\/08<\/u><\/strong><\/p>\n\n\n\n<p><strong>23h \u2013 \u201cO Voto: A Hist\u00f3ria das Sufragistas\u201d (Document\u00e1rio em quatro partes) \u2013 Epis\u00f3dio 4<br><\/strong>O quarto epis\u00f3dio da s\u00e9rie continua a examinar a crescente disputa sobre estrat\u00e9gias e t\u00e1ticas das sufragistas nos Estados Unidos. Parte delas estava determinada a seguir um curso moderado e trabalhar dentro do sistema pol\u00edtico, enquanto outra empregava m\u00e9todos de protesto cada vez mais conflituosos e controversos.\u00a0<strong>Diretor<\/strong>: Michelle Ferrari.\u00a0<strong>Dura\u00e7\u00e3o<\/strong>: 52 min.\u00a0<strong>Classifica\u00e7\u00e3o<\/strong>: 12 anos.\u00a0<strong>Hor\u00e1rios alternativos:<\/strong> 21 de agosto, s\u00e1bado, \u00e0s 03h e \u00e0s 12h; 22 de agosto, domingo, \u00e0s 18h; 23 de agosto, segunda-feira, \u00e0s 17h.<\/p>\n\n\n\n<p><\/p>\n\n\n\n<figure class=\"wp-block-embed is-type-video is-provider-youtube wp-block-embed-youtube wp-embed-aspect-16-9 wp-has-aspect-ratio\"><div class=\"wp-block-embed__wrapper\">\n<div class=\"youtube-embed\" data-video_id=\"q2X5OBhNICw\"><iframe title=\"O VOTO: A HIST\u00d3RIA DAS SUFRAGISTAS (promo)\" width=\"640\" height=\"360\" src=\"https:\/\/www.youtube.com\/embed\/q2X5OBhNICw?feature=oembed&#038;enablejsapi=1\" frameborder=\"0\" allow=\"accelerometer; autoplay; clipboard-write; encrypted-media; gyroscope; picture-in-picture; web-share\" referrerpolicy=\"strict-origin-when-cross-origin\" allowfullscreen><\/iframe><\/div>\n<\/div><\/figure>\n\n\n\n<p><\/p>\n\n\n\n<p><strong><u>S\u00e1bado \u2013 21\/08<\/u><\/strong><\/p>\n\n\n\n<p><strong>22h30 \u2013 \u201cUma\u00a0noite\u00a0em\u00a067\u201d (Document\u00e1rio)<br><\/strong>Final do III Festival da M\u00fasica Popular Brasileira da TV Record, 21 de outubro de 1967: entre os candidatos aos principais pr\u00eamios, figuram Chico Buarque de Holanda, Caetano Veloso, Gilberto Gil e Mutantes, Roberto Carlos, Edu Lobo e S\u00e9rgio Ricardo, protagonista do infame epis\u00f3dio da destrui\u00e7\u00e3o de seu viol\u00e3o no palco. Com imagens de arquivo e apresenta\u00e7\u00f5es de m\u00fasicas hoje cl\u00e1ssicas, o filme registra o momento do Tropicalismo, os rachas art\u00edsticos e pol\u00edticos na \u00e9poca da ditadura e a consagra\u00e7\u00e3o de nomes que se tornaram \u00eddolos.\u00a0\u00a0<strong>Diretores:\u00a0<\/strong>Renato Terra e Ricardo Calil.\u00a0<strong>Dura\u00e7\u00e3o:\u00a0<\/strong>85 min.\u00a0<strong>Classifica\u00e7\u00e3o:<\/strong>\u00a0Livre.\u00a0<\/p>\n\n\n\n<figure class=\"wp-block-embed is-type-video is-provider-youtube wp-block-embed-youtube wp-embed-aspect-16-9 wp-has-aspect-ratio\"><div class=\"wp-block-embed__wrapper\">\n<div class=\"youtube-embed\" data-video_id=\"CBg-5w-9-fE\"><iframe title=\"Uma Noite em 67\" width=\"640\" height=\"360\" src=\"https:\/\/www.youtube.com\/embed\/CBg-5w-9-fE?feature=oembed&#038;enablejsapi=1\" frameborder=\"0\" allow=\"accelerometer; autoplay; clipboard-write; encrypted-media; gyroscope; picture-in-picture; web-share\" referrerpolicy=\"strict-origin-when-cross-origin\" allowfullscreen><\/iframe><\/div>\n<\/div><\/figure>\n\n\n\n<p><\/p>\n\n\n\n<p><strong><u>Domingo \u2013 22\/08<\/u><\/strong><\/p>\n\n\n\n<p><strong>19h10 \u2013<\/strong>\u00a0\u201c<strong>Democracia em Preto e Branco\u201d (Document\u00e1rio)<\/strong>Tendo como pano de fundo o lend\u00e1rio movimento\u00a0Democracia\u00a0Corinthiana, o nascimento das bandas de rock brasileiras\u00a0e\u00a0a campanha das Diretas J\u00e1, \u201cDemocracia\u00a0em\u00a0Preto\u00a0e\u00a0Branco\u201d mostra, com locu\u00e7\u00e3o de Rita Lee,\u00a0como o esporte, a pol\u00edtica\u00a0e\u00a0a m\u00fasica se encontraram para mudar o rumo da hist\u00f3ria do pa\u00eds nos anos 1980.\u00a0 Entre os entrevistados, est\u00e3o S\u00f3crates, Walter Casagrande, os ex-presidentes Lula\u00a0e\u00a0Fernando Henrique Cardoso, Marcelo Rubens Paiva, Marcelo Tas, Edgar Scandurra, Frejat, Serginho Groisman\u00a0e\u00a0Paulo Miklos.\u00a0<strong>Diretora:<\/strong>\u00a0Eliza Capai.\u00a0<strong>Dura\u00e7\u00e3o:<\/strong>\u00a094 min.\u00a0<strong>Classifica\u00e7\u00e3o:<\/strong>\u00a010 anos.\u00a0<strong>Hor\u00e1rios alternativos:<\/strong>\u00a023 de agosto, segunda-feira, 15h20.<\/p>\n\n\n\n<figure class=\"wp-block-embed is-type-video is-provider-youtube wp-block-embed-youtube wp-embed-aspect-16-9 wp-has-aspect-ratio\"><div class=\"wp-block-embed__wrapper\">\n<div class=\"youtube-embed\" data-video_id=\"QvXnkTRB8Tg\"><iframe title=\"Democracia em preto e branco (promo)\" width=\"640\" height=\"360\" src=\"https:\/\/www.youtube.com\/embed\/QvXnkTRB8Tg?feature=oembed&#038;enablejsapi=1\" frameborder=\"0\" allow=\"accelerometer; autoplay; clipboard-write; encrypted-media; gyroscope; picture-in-picture; web-share\" referrerpolicy=\"strict-origin-when-cross-origin\" allowfullscreen><\/iframe><\/div>\n<\/div><\/figure>\n\n\n\n<p><\/p>\n\n\n\n<p><\/p>\n","protected":false},"excerpt":{"rendered":"<p>\u201cEscrever \u00e9 se transformar, \u00e9 se desprender de si mesmo, renunciar a si mesmo. Se eu j\u00e1 soubesse aonde estava indo, eu n\u00e3o escreveria\u201d: tais palavras, ditas por Michel Foucault, resumem o desenvolvimento de sua pr\u00f3pria obra. Essas transforma\u00e7\u00f5es parecem fazer parte de sua escrita filos\u00f3fica, que lan\u00e7ou um olhar investigativo sobre mecanismos de coer\u00e7\u00e3o [&hellip;]<\/p>\n","protected":false},"author":1,"featured_media":27546,"comment_status":"open","ping_status":"open","sticky":false,"template":"","format":"standard","meta":{"tdm_status":"","tdm_grid_status":"","footnotes":""},"categories":[6],"tags":[3320,33,836,28,408],"class_list":["post-27545","post","type-post","status-publish","format-standard","has-post-thumbnail","hentry","category-noticias","tag-curta-2","tag-estrategia","tag-filme","tag-marketing","tag-tv"],"yoast_head":"<!-- This site is optimized with the Yoast SEO plugin v27.5 - https:\/\/yoast.com\/product\/yoast-seo-wordpress\/ -->\n<title>Michel Foucault: obra de um homem em transforma\u00e7\u00e3o \u00e9 tema de filme in\u00e9dito - CidadeMarketing<\/title>\n<meta name=\"robots\" content=\"index, follow, max-snippet:-1, max-image-preview:large, max-video-preview:-1\" \/>\n<link rel=\"canonical\" href=\"https:\/\/www.cidademarketing.com.br\/marketing\/2021\/08\/19\/michel-foucault-obra-de-um-homem-em-transformacao-e-tema-de-filme-inedito\/\" \/>\n<meta property=\"og:locale\" content=\"pt_BR\" \/>\n<meta property=\"og:type\" content=\"article\" \/>\n<meta property=\"og:title\" content=\"Michel Foucault: obra de um homem em transforma\u00e7\u00e3o \u00e9 tema de filme in\u00e9dito - CidadeMarketing\" \/>\n<meta property=\"og:description\" content=\"\u201cEscrever \u00e9 se transformar, \u00e9 se desprender de si mesmo, renunciar a si mesmo. Se eu j\u00e1 soubesse aonde estava indo, eu n\u00e3o escreveria\u201d: tais palavras, ditas por Michel Foucault, resumem o desenvolvimento de sua pr\u00f3pria obra. Essas transforma\u00e7\u00f5es parecem fazer parte de sua escrita filos\u00f3fica, que lan\u00e7ou um olhar investigativo sobre mecanismos de coer\u00e7\u00e3o [&hellip;]\" \/>\n<meta property=\"og:url\" content=\"https:\/\/www.cidademarketing.com.br\/marketing\/2021\/08\/19\/michel-foucault-obra-de-um-homem-em-transformacao-e-tema-de-filme-inedito\/\" \/>\n<meta property=\"og:site_name\" content=\"CidadeMarketing\" \/>\n<meta property=\"article:publisher\" content=\"https:\/\/www.facebook.com\/portalcidademarketing\" \/>\n<meta property=\"article:author\" content=\"https:\/\/www.facebook.com\/thalesbrandao\" \/>\n<meta property=\"article:published_time\" content=\"2021-08-19T16:15:06+00:00\" \/>\n<meta property=\"article:modified_time\" content=\"2021-08-19T16:15:09+00:00\" \/>\n<meta property=\"og:image\" content=\"https:\/\/www.cidademarketing.com.br\/marketing\/wp-content\/uploads\/2021\/08\/foucault_michel_filme.png\" \/>\n\t<meta property=\"og:image:width\" content=\"1920\" \/>\n\t<meta property=\"og:image:height\" content=\"1080\" \/>\n\t<meta property=\"og:image:type\" content=\"image\/png\" \/>\n<meta name=\"author\" content=\"Thales Brand\u00e3o\" \/>\n<meta name=\"twitter:card\" content=\"summary_large_image\" \/>\n<meta name=\"twitter:creator\" content=\"@http:\/\/www.twitter.com\/thalesbrandao\" \/>\n<meta name=\"twitter:site\" content=\"@CidadeMarketing\" \/>\n<meta name=\"twitter:label1\" content=\"Escrito por\" \/>\n\t<meta name=\"twitter:data1\" content=\"Thales Brand\u00e3o\" \/>\n\t<meta name=\"twitter:label2\" content=\"Est. tempo de leitura\" \/>\n\t<meta name=\"twitter:data2\" content=\"6 minutos\" \/>\n<script type=\"application\/ld+json\" class=\"yoast-schema-graph\">{\"@context\":\"https:\\\/\\\/schema.org\",\"@graph\":[{\"@type\":\"Article\",\"@id\":\"https:\\\/\\\/www.cidademarketing.com.br\\\/marketing\\\/2021\\\/08\\\/19\\\/michel-foucault-obra-de-um-homem-em-transformacao-e-tema-de-filme-inedito\\\/#article\",\"isPartOf\":{\"@id\":\"https:\\\/\\\/www.cidademarketing.com.br\\\/marketing\\\/2021\\\/08\\\/19\\\/michel-foucault-obra-de-um-homem-em-transformacao-e-tema-de-filme-inedito\\\/\"},\"author\":{\"name\":\"Thales Brand\u00e3o\",\"@id\":\"https:\\\/\\\/www.cidademarketing.com.br\\\/marketing\\\/#\\\/schema\\\/person\\\/02daff9f18bd9378c9e01eb6b2db155f\"},\"headline\":\"Michel Foucault: obra de um homem em transforma\u00e7\u00e3o \u00e9 tema de filme in\u00e9dito\",\"datePublished\":\"2021-08-19T16:15:06+00:00\",\"dateModified\":\"2021-08-19T16:15:09+00:00\",\"mainEntityOfPage\":{\"@id\":\"https:\\\/\\\/www.cidademarketing.com.br\\\/marketing\\\/2021\\\/08\\\/19\\\/michel-foucault-obra-de-um-homem-em-transformacao-e-tema-de-filme-inedito\\\/\"},\"wordCount\":1174,\"commentCount\":0,\"publisher\":{\"@id\":\"https:\\\/\\\/www.cidademarketing.com.br\\\/marketing\\\/#organization\"},\"image\":{\"@id\":\"https:\\\/\\\/www.cidademarketing.com.br\\\/marketing\\\/2021\\\/08\\\/19\\\/michel-foucault-obra-de-um-homem-em-transformacao-e-tema-de-filme-inedito\\\/#primaryimage\"},\"thumbnailUrl\":\"https:\\\/\\\/www.cidademarketing.com.br\\\/marketing\\\/wp-content\\\/uploads\\\/2021\\\/08\\\/foucault_michel_filme.png\",\"keywords\":[\"Curta!\",\"estrat\u00e9gia\",\"filme\",\"marketing\",\"TV\"],\"articleSection\":[\"Not\u00edcias\"],\"inLanguage\":\"pt-BR\",\"potentialAction\":[{\"@type\":\"CommentAction\",\"name\":\"Comment\",\"target\":[\"https:\\\/\\\/www.cidademarketing.com.br\\\/marketing\\\/2021\\\/08\\\/19\\\/michel-foucault-obra-de-um-homem-em-transformacao-e-tema-de-filme-inedito\\\/#respond\"]}]},{\"@type\":\"WebPage\",\"@id\":\"https:\\\/\\\/www.cidademarketing.com.br\\\/marketing\\\/2021\\\/08\\\/19\\\/michel-foucault-obra-de-um-homem-em-transformacao-e-tema-de-filme-inedito\\\/\",\"url\":\"https:\\\/\\\/www.cidademarketing.com.br\\\/marketing\\\/2021\\\/08\\\/19\\\/michel-foucault-obra-de-um-homem-em-transformacao-e-tema-de-filme-inedito\\\/\",\"name\":\"Michel Foucault: obra de um homem em transforma\u00e7\u00e3o \u00e9 tema de filme in\u00e9dito - CidadeMarketing\",\"isPartOf\":{\"@id\":\"https:\\\/\\\/www.cidademarketing.com.br\\\/marketing\\\/#website\"},\"primaryImageOfPage\":{\"@id\":\"https:\\\/\\\/www.cidademarketing.com.br\\\/marketing\\\/2021\\\/08\\\/19\\\/michel-foucault-obra-de-um-homem-em-transformacao-e-tema-de-filme-inedito\\\/#primaryimage\"},\"image\":{\"@id\":\"https:\\\/\\\/www.cidademarketing.com.br\\\/marketing\\\/2021\\\/08\\\/19\\\/michel-foucault-obra-de-um-homem-em-transformacao-e-tema-de-filme-inedito\\\/#primaryimage\"},\"thumbnailUrl\":\"https:\\\/\\\/www.cidademarketing.com.br\\\/marketing\\\/wp-content\\\/uploads\\\/2021\\\/08\\\/foucault_michel_filme.png\",\"datePublished\":\"2021-08-19T16:15:06+00:00\",\"dateModified\":\"2021-08-19T16:15:09+00:00\",\"breadcrumb\":{\"@id\":\"https:\\\/\\\/www.cidademarketing.com.br\\\/marketing\\\/2021\\\/08\\\/19\\\/michel-foucault-obra-de-um-homem-em-transformacao-e-tema-de-filme-inedito\\\/#breadcrumb\"},\"inLanguage\":\"pt-BR\",\"potentialAction\":[{\"@type\":\"ReadAction\",\"target\":[\"https:\\\/\\\/www.cidademarketing.com.br\\\/marketing\\\/2021\\\/08\\\/19\\\/michel-foucault-obra-de-um-homem-em-transformacao-e-tema-de-filme-inedito\\\/\"]}]},{\"@type\":\"ImageObject\",\"inLanguage\":\"pt-BR\",\"@id\":\"https:\\\/\\\/www.cidademarketing.com.br\\\/marketing\\\/2021\\\/08\\\/19\\\/michel-foucault-obra-de-um-homem-em-transformacao-e-tema-de-filme-inedito\\\/#primaryimage\",\"url\":\"https:\\\/\\\/www.cidademarketing.com.br\\\/marketing\\\/wp-content\\\/uploads\\\/2021\\\/08\\\/foucault_michel_filme.png\",\"contentUrl\":\"https:\\\/\\\/www.cidademarketing.com.br\\\/marketing\\\/wp-content\\\/uploads\\\/2021\\\/08\\\/foucault_michel_filme.png\",\"width\":1920,\"height\":1080,\"caption\":\"Michel Foucault em imagem de arquivo exibida no filme \u201cFoucault Contra Ele Mesmo\u201d (Cr\u00e9dito: Divulga\u00e7\u00e3o\\\/Curta!)\"},{\"@type\":\"BreadcrumbList\",\"@id\":\"https:\\\/\\\/www.cidademarketing.com.br\\\/marketing\\\/2021\\\/08\\\/19\\\/michel-foucault-obra-de-um-homem-em-transformacao-e-tema-de-filme-inedito\\\/#breadcrumb\",\"itemListElement\":[{\"@type\":\"ListItem\",\"position\":1,\"name\":\"In\u00edcio\",\"item\":\"https:\\\/\\\/www.cidademarketing.com.br\\\/marketing\\\/\"},{\"@type\":\"ListItem\",\"position\":2,\"name\":\"Michel Foucault: obra de um homem em transforma\u00e7\u00e3o \u00e9 tema de filme in\u00e9dito\"}]},{\"@type\":\"WebSite\",\"@id\":\"https:\\\/\\\/www.cidademarketing.com.br\\\/marketing\\\/#website\",\"url\":\"https:\\\/\\\/www.cidademarketing.com.br\\\/marketing\\\/\",\"name\":\"CidadeMarketing\",\"description\":\"Somos um ve\u00edculo de comunica\u00e7\u00e3o de destaque no Brasil, reconhecido por conte\u00fados nos segmentos de marketing, empreendedorismo e inova\u00e7\u00e3o.\",\"publisher\":{\"@id\":\"https:\\\/\\\/www.cidademarketing.com.br\\\/marketing\\\/#organization\"},\"alternateName\":\"CidadeMarketing\",\"potentialAction\":[{\"@type\":\"SearchAction\",\"target\":{\"@type\":\"EntryPoint\",\"urlTemplate\":\"https:\\\/\\\/www.cidademarketing.com.br\\\/marketing\\\/?s={search_term_string}\"},\"query-input\":{\"@type\":\"PropertyValueSpecification\",\"valueRequired\":true,\"valueName\":\"search_term_string\"}}],\"inLanguage\":\"pt-BR\"},{\"@type\":\"Organization\",\"@id\":\"https:\\\/\\\/www.cidademarketing.com.br\\\/marketing\\\/#organization\",\"name\":\"CidadeMarketing\",\"alternateName\":\"CidadeMarketing\",\"url\":\"https:\\\/\\\/www.cidademarketing.com.br\\\/marketing\\\/\",\"logo\":{\"@type\":\"ImageObject\",\"inLanguage\":\"pt-BR\",\"@id\":\"https:\\\/\\\/www.cidademarketing.com.br\\\/marketing\\\/#\\\/schema\\\/logo\\\/image\\\/\",\"url\":\"https:\\\/\\\/www.cidademarketing.com.br\\\/marketing\\\/wp-content\\\/uploads\\\/2020\\\/01\\\/cidademarketing_marca_mobile.png\",\"contentUrl\":\"https:\\\/\\\/www.cidademarketing.com.br\\\/marketing\\\/wp-content\\\/uploads\\\/2020\\\/01\\\/cidademarketing_marca_mobile.png\",\"width\":230,\"height\":92,\"caption\":\"CidadeMarketing\"},\"image\":{\"@id\":\"https:\\\/\\\/www.cidademarketing.com.br\\\/marketing\\\/#\\\/schema\\\/logo\\\/image\\\/\"},\"sameAs\":[\"https:\\\/\\\/www.facebook.com\\\/portalcidademarketing\",\"https:\\\/\\\/x.com\\\/CidadeMarketing\",\"https:\\\/\\\/www.instagram.com\\\/cidademarketing\\\/\"]},{\"@type\":\"Person\",\"@id\":\"https:\\\/\\\/www.cidademarketing.com.br\\\/marketing\\\/#\\\/schema\\\/person\\\/02daff9f18bd9378c9e01eb6b2db155f\",\"name\":\"Thales Brand\u00e3o\",\"image\":{\"@type\":\"ImageObject\",\"inLanguage\":\"pt-BR\",\"@id\":\"https:\\\/\\\/secure.gravatar.com\\\/avatar\\\/7ca3206950207cc3cb48feec56a8a7898741ab725c368d99d5d7a5a50aab80c6?s=96&d=mm&r=g\",\"url\":\"https:\\\/\\\/secure.gravatar.com\\\/avatar\\\/7ca3206950207cc3cb48feec56a8a7898741ab725c368d99d5d7a5a50aab80c6?s=96&d=mm&r=g\",\"contentUrl\":\"https:\\\/\\\/secure.gravatar.com\\\/avatar\\\/7ca3206950207cc3cb48feec56a8a7898741ab725c368d99d5d7a5a50aab80c6?s=96&d=mm&r=g\",\"caption\":\"Thales Brand\u00e3o\"},\"description\":\"Editor Executivo do Portal CidadeMarketing.com.br &gt; Mestre em Comunica\u00e7\u00e3o e Sociedade pela Universidade Federal de Sergipe. Possui MBA Executivo em Administra\u00e7\u00e3o com \u00eanfase em Marketing pela Funda\u00e7\u00e3o Get\u00falio Vargas - Rio de Janeiro. Consultor, Palestrante e Pesquisador sobre Empreendedorismo, Marketing, Redes Sociais e Neg\u00f3cios Digitais. Professor, Palestrante TedxTalks e Campus Party. Twitter: @ThalesBrandao\",\"sameAs\":[\"http:\\\/\\\/www.mandacaru.com.br\",\"https:\\\/\\\/www.facebook.com\\\/thalesbrandao\",\"http:\\\/\\\/www.instagram.com.br\\\/thalesbrandaoferreira\",\"https:\\\/\\\/www.linkedin.com\\\/in\\\/thales-brand\u00e3o-3948609\\\/\",\"https:\\\/\\\/x.com\\\/http:\\\/\\\/www.twitter.com\\\/thalesbrandao\"],\"url\":\"https:\\\/\\\/www.cidademarketing.com.br\\\/marketing\\\/author\\\/thalesbrandao\\\/\"}]}<\/script>\n<!-- \/ Yoast SEO plugin. -->","yoast_head_json":{"title":"Michel Foucault: obra de um homem em transforma\u00e7\u00e3o \u00e9 tema de filme in\u00e9dito - CidadeMarketing","robots":{"index":"index","follow":"follow","max-snippet":"max-snippet:-1","max-image-preview":"max-image-preview:large","max-video-preview":"max-video-preview:-1"},"canonical":"https:\/\/www.cidademarketing.com.br\/marketing\/2021\/08\/19\/michel-foucault-obra-de-um-homem-em-transformacao-e-tema-de-filme-inedito\/","og_locale":"pt_BR","og_type":"article","og_title":"Michel Foucault: obra de um homem em transforma\u00e7\u00e3o \u00e9 tema de filme in\u00e9dito - CidadeMarketing","og_description":"\u201cEscrever \u00e9 se transformar, \u00e9 se desprender de si mesmo, renunciar a si mesmo. Se eu j\u00e1 soubesse aonde estava indo, eu n\u00e3o escreveria\u201d: tais palavras, ditas por Michel Foucault, resumem o desenvolvimento de sua pr\u00f3pria obra. Essas transforma\u00e7\u00f5es parecem fazer parte de sua escrita filos\u00f3fica, que lan\u00e7ou um olhar investigativo sobre mecanismos de coer\u00e7\u00e3o [&hellip;]","og_url":"https:\/\/www.cidademarketing.com.br\/marketing\/2021\/08\/19\/michel-foucault-obra-de-um-homem-em-transformacao-e-tema-de-filme-inedito\/","og_site_name":"CidadeMarketing","article_publisher":"https:\/\/www.facebook.com\/portalcidademarketing","article_author":"https:\/\/www.facebook.com\/thalesbrandao","article_published_time":"2021-08-19T16:15:06+00:00","article_modified_time":"2021-08-19T16:15:09+00:00","og_image":[{"width":1920,"height":1080,"url":"https:\/\/www.cidademarketing.com.br\/marketing\/wp-content\/uploads\/2021\/08\/foucault_michel_filme.png","type":"image\/png"}],"author":"Thales Brand\u00e3o","twitter_card":"summary_large_image","twitter_creator":"@http:\/\/www.twitter.com\/thalesbrandao","twitter_site":"@CidadeMarketing","twitter_misc":{"Escrito por":"Thales Brand\u00e3o","Est. tempo de leitura":"6 minutos"},"schema":{"@context":"https:\/\/schema.org","@graph":[{"@type":"Article","@id":"https:\/\/www.cidademarketing.com.br\/marketing\/2021\/08\/19\/michel-foucault-obra-de-um-homem-em-transformacao-e-tema-de-filme-inedito\/#article","isPartOf":{"@id":"https:\/\/www.cidademarketing.com.br\/marketing\/2021\/08\/19\/michel-foucault-obra-de-um-homem-em-transformacao-e-tema-de-filme-inedito\/"},"author":{"name":"Thales Brand\u00e3o","@id":"https:\/\/www.cidademarketing.com.br\/marketing\/#\/schema\/person\/02daff9f18bd9378c9e01eb6b2db155f"},"headline":"Michel Foucault: obra de um homem em transforma\u00e7\u00e3o \u00e9 tema de filme in\u00e9dito","datePublished":"2021-08-19T16:15:06+00:00","dateModified":"2021-08-19T16:15:09+00:00","mainEntityOfPage":{"@id":"https:\/\/www.cidademarketing.com.br\/marketing\/2021\/08\/19\/michel-foucault-obra-de-um-homem-em-transformacao-e-tema-de-filme-inedito\/"},"wordCount":1174,"commentCount":0,"publisher":{"@id":"https:\/\/www.cidademarketing.com.br\/marketing\/#organization"},"image":{"@id":"https:\/\/www.cidademarketing.com.br\/marketing\/2021\/08\/19\/michel-foucault-obra-de-um-homem-em-transformacao-e-tema-de-filme-inedito\/#primaryimage"},"thumbnailUrl":"https:\/\/www.cidademarketing.com.br\/marketing\/wp-content\/uploads\/2021\/08\/foucault_michel_filme.png","keywords":["Curta!","estrat\u00e9gia","filme","marketing","TV"],"articleSection":["Not\u00edcias"],"inLanguage":"pt-BR","potentialAction":[{"@type":"CommentAction","name":"Comment","target":["https:\/\/www.cidademarketing.com.br\/marketing\/2021\/08\/19\/michel-foucault-obra-de-um-homem-em-transformacao-e-tema-de-filme-inedito\/#respond"]}]},{"@type":"WebPage","@id":"https:\/\/www.cidademarketing.com.br\/marketing\/2021\/08\/19\/michel-foucault-obra-de-um-homem-em-transformacao-e-tema-de-filme-inedito\/","url":"https:\/\/www.cidademarketing.com.br\/marketing\/2021\/08\/19\/michel-foucault-obra-de-um-homem-em-transformacao-e-tema-de-filme-inedito\/","name":"Michel Foucault: obra de um homem em transforma\u00e7\u00e3o \u00e9 tema de filme in\u00e9dito - CidadeMarketing","isPartOf":{"@id":"https:\/\/www.cidademarketing.com.br\/marketing\/#website"},"primaryImageOfPage":{"@id":"https:\/\/www.cidademarketing.com.br\/marketing\/2021\/08\/19\/michel-foucault-obra-de-um-homem-em-transformacao-e-tema-de-filme-inedito\/#primaryimage"},"image":{"@id":"https:\/\/www.cidademarketing.com.br\/marketing\/2021\/08\/19\/michel-foucault-obra-de-um-homem-em-transformacao-e-tema-de-filme-inedito\/#primaryimage"},"thumbnailUrl":"https:\/\/www.cidademarketing.com.br\/marketing\/wp-content\/uploads\/2021\/08\/foucault_michel_filme.png","datePublished":"2021-08-19T16:15:06+00:00","dateModified":"2021-08-19T16:15:09+00:00","breadcrumb":{"@id":"https:\/\/www.cidademarketing.com.br\/marketing\/2021\/08\/19\/michel-foucault-obra-de-um-homem-em-transformacao-e-tema-de-filme-inedito\/#breadcrumb"},"inLanguage":"pt-BR","potentialAction":[{"@type":"ReadAction","target":["https:\/\/www.cidademarketing.com.br\/marketing\/2021\/08\/19\/michel-foucault-obra-de-um-homem-em-transformacao-e-tema-de-filme-inedito\/"]}]},{"@type":"ImageObject","inLanguage":"pt-BR","@id":"https:\/\/www.cidademarketing.com.br\/marketing\/2021\/08\/19\/michel-foucault-obra-de-um-homem-em-transformacao-e-tema-de-filme-inedito\/#primaryimage","url":"https:\/\/www.cidademarketing.com.br\/marketing\/wp-content\/uploads\/2021\/08\/foucault_michel_filme.png","contentUrl":"https:\/\/www.cidademarketing.com.br\/marketing\/wp-content\/uploads\/2021\/08\/foucault_michel_filme.png","width":1920,"height":1080,"caption":"Michel Foucault em imagem de arquivo exibida no filme \u201cFoucault Contra Ele Mesmo\u201d (Cr\u00e9dito: Divulga\u00e7\u00e3o\/Curta!)"},{"@type":"BreadcrumbList","@id":"https:\/\/www.cidademarketing.com.br\/marketing\/2021\/08\/19\/michel-foucault-obra-de-um-homem-em-transformacao-e-tema-de-filme-inedito\/#breadcrumb","itemListElement":[{"@type":"ListItem","position":1,"name":"In\u00edcio","item":"https:\/\/www.cidademarketing.com.br\/marketing\/"},{"@type":"ListItem","position":2,"name":"Michel Foucault: obra de um homem em transforma\u00e7\u00e3o \u00e9 tema de filme in\u00e9dito"}]},{"@type":"WebSite","@id":"https:\/\/www.cidademarketing.com.br\/marketing\/#website","url":"https:\/\/www.cidademarketing.com.br\/marketing\/","name":"CidadeMarketing","description":"Somos um ve\u00edculo de comunica\u00e7\u00e3o de destaque no Brasil, reconhecido por conte\u00fados nos segmentos de marketing, empreendedorismo e inova\u00e7\u00e3o.","publisher":{"@id":"https:\/\/www.cidademarketing.com.br\/marketing\/#organization"},"alternateName":"CidadeMarketing","potentialAction":[{"@type":"SearchAction","target":{"@type":"EntryPoint","urlTemplate":"https:\/\/www.cidademarketing.com.br\/marketing\/?s={search_term_string}"},"query-input":{"@type":"PropertyValueSpecification","valueRequired":true,"valueName":"search_term_string"}}],"inLanguage":"pt-BR"},{"@type":"Organization","@id":"https:\/\/www.cidademarketing.com.br\/marketing\/#organization","name":"CidadeMarketing","alternateName":"CidadeMarketing","url":"https:\/\/www.cidademarketing.com.br\/marketing\/","logo":{"@type":"ImageObject","inLanguage":"pt-BR","@id":"https:\/\/www.cidademarketing.com.br\/marketing\/#\/schema\/logo\/image\/","url":"https:\/\/www.cidademarketing.com.br\/marketing\/wp-content\/uploads\/2020\/01\/cidademarketing_marca_mobile.png","contentUrl":"https:\/\/www.cidademarketing.com.br\/marketing\/wp-content\/uploads\/2020\/01\/cidademarketing_marca_mobile.png","width":230,"height":92,"caption":"CidadeMarketing"},"image":{"@id":"https:\/\/www.cidademarketing.com.br\/marketing\/#\/schema\/logo\/image\/"},"sameAs":["https:\/\/www.facebook.com\/portalcidademarketing","https:\/\/x.com\/CidadeMarketing","https:\/\/www.instagram.com\/cidademarketing\/"]},{"@type":"Person","@id":"https:\/\/www.cidademarketing.com.br\/marketing\/#\/schema\/person\/02daff9f18bd9378c9e01eb6b2db155f","name":"Thales Brand\u00e3o","image":{"@type":"ImageObject","inLanguage":"pt-BR","@id":"https:\/\/secure.gravatar.com\/avatar\/7ca3206950207cc3cb48feec56a8a7898741ab725c368d99d5d7a5a50aab80c6?s=96&d=mm&r=g","url":"https:\/\/secure.gravatar.com\/avatar\/7ca3206950207cc3cb48feec56a8a7898741ab725c368d99d5d7a5a50aab80c6?s=96&d=mm&r=g","contentUrl":"https:\/\/secure.gravatar.com\/avatar\/7ca3206950207cc3cb48feec56a8a7898741ab725c368d99d5d7a5a50aab80c6?s=96&d=mm&r=g","caption":"Thales Brand\u00e3o"},"description":"Editor Executivo do Portal CidadeMarketing.com.br &gt; Mestre em Comunica\u00e7\u00e3o e Sociedade pela Universidade Federal de Sergipe. Possui MBA Executivo em Administra\u00e7\u00e3o com \u00eanfase em Marketing pela Funda\u00e7\u00e3o Get\u00falio Vargas - Rio de Janeiro. Consultor, Palestrante e Pesquisador sobre Empreendedorismo, Marketing, Redes Sociais e Neg\u00f3cios Digitais. Professor, Palestrante TedxTalks e Campus Party. Twitter: @ThalesBrandao","sameAs":["http:\/\/www.mandacaru.com.br","https:\/\/www.facebook.com\/thalesbrandao","http:\/\/www.instagram.com.br\/thalesbrandaoferreira","https:\/\/www.linkedin.com\/in\/thales-brand\u00e3o-3948609\/","https:\/\/x.com\/http:\/\/www.twitter.com\/thalesbrandao"],"url":"https:\/\/www.cidademarketing.com.br\/marketing\/author\/thalesbrandao\/"}]}},"amp_enabled":true,"_links":{"self":[{"href":"https:\/\/www.cidademarketing.com.br\/marketing\/wp-json\/wp\/v2\/posts\/27545","targetHints":{"allow":["GET"]}}],"collection":[{"href":"https:\/\/www.cidademarketing.com.br\/marketing\/wp-json\/wp\/v2\/posts"}],"about":[{"href":"https:\/\/www.cidademarketing.com.br\/marketing\/wp-json\/wp\/v2\/types\/post"}],"author":[{"embeddable":true,"href":"https:\/\/www.cidademarketing.com.br\/marketing\/wp-json\/wp\/v2\/users\/1"}],"replies":[{"embeddable":true,"href":"https:\/\/www.cidademarketing.com.br\/marketing\/wp-json\/wp\/v2\/comments?post=27545"}],"version-history":[{"count":1,"href":"https:\/\/www.cidademarketing.com.br\/marketing\/wp-json\/wp\/v2\/posts\/27545\/revisions"}],"predecessor-version":[{"id":27547,"href":"https:\/\/www.cidademarketing.com.br\/marketing\/wp-json\/wp\/v2\/posts\/27545\/revisions\/27547"}],"wp:featuredmedia":[{"embeddable":true,"href":"https:\/\/www.cidademarketing.com.br\/marketing\/wp-json\/wp\/v2\/media\/27546"}],"wp:attachment":[{"href":"https:\/\/www.cidademarketing.com.br\/marketing\/wp-json\/wp\/v2\/media?parent=27545"}],"wp:term":[{"taxonomy":"category","embeddable":true,"href":"https:\/\/www.cidademarketing.com.br\/marketing\/wp-json\/wp\/v2\/categories?post=27545"},{"taxonomy":"post_tag","embeddable":true,"href":"https:\/\/www.cidademarketing.com.br\/marketing\/wp-json\/wp\/v2\/tags?post=27545"}],"curies":[{"name":"wp","href":"https:\/\/api.w.org\/{rel}","templated":true}]}}