{"id":27489,"date":"2021-08-17T20:40:18","date_gmt":"2021-08-17T23:40:18","guid":{"rendered":"https:\/\/www.cidademarketing.com.br\/marketing\/?p=27489"},"modified":"2021-08-17T20:40:21","modified_gmt":"2021-08-17T23:40:21","slug":"grupo-movile-abre-inscricoes-para-programa-de-estagios-e-treinees-no-brasil","status":"publish","type":"post","link":"https:\/\/www.cidademarketing.com.br\/marketing\/2021\/08\/17\/grupo-movile-abre-inscricoes-para-programa-de-estagios-e-treinees-no-brasil\/","title":{"rendered":"Grupo Movile abre inscri\u00e7\u00f5es para programa de est\u00e1gios e treinees no Brasil"},"content":{"rendered":"\n<p>Com o objetivo de acelerar a estrat\u00e9gia de recrutamento de jovens talentosos e diversos, o Grupo Movile, ecossistema de empresas de tecnologia l\u00edder na Am\u00e9rica Latina, anuncia que as inscri\u00e7\u00f5es para a nova edi\u00e7\u00e3o do Mobile Dream &#8211; programa de est\u00e1gio e jovens talentos, est\u00e3o abertas a partir de hoje (16). A princ\u00edpio, s\u00e3o mais de 100 vagas, para diferentes \u00e1reas de atua\u00e7\u00e3o, em diversas empresas do Grupo, dentre elas: iFood, PlayKids, Afterverse, MovilePay e Zoop. Vale indicar que, caso a quantidade de pessoas candidatas que se encaixem no perfil do programa ultrapasse este n\u00famero, a contrata\u00e7\u00e3o ser\u00e1 realizada mesmo assim, a fim de que todos os talentos sejam absorvidos.<\/p>\n\n\n\n<p>Como na edi\u00e7\u00e3o anterior, todo o processo seletivo acontecer\u00e1 de maneira virtual e, neste ano, as pessoas selecionadas ter\u00e3o a possibilidade de atuar no regime de trabalho remoto. Ao todo o processo ser\u00e1 dividido em oito etapas. A partir da quinta fase do processo, que \u00e9 realizada ao vivo, aos participantes que n\u00e3o possu\u00edrem estrutura necess\u00e1ria, o Grupo disponibilizar\u00e1 suporte \u00e0 internet, ferramentas de trabalho (como computadores, fones de ouvido, teclados) e espa\u00e7os em coworkings.<\/p>\n\n\n\n<p>As pessoas&nbsp; contratadas ter\u00e3o acesso a um programa de acelera\u00e7\u00e3o com dura\u00e7\u00e3o de um ano com diversos treinamentos, cursos e mentorias com o time de especialistas das empresas do Grupo Movile, e poder\u00e3o usufruir de bolsas integrais de estudos para aprender e desenvolver o ingl\u00eas \u2e3a que n\u00e3o \u00e9 um requisito para participar do processo.<\/p>\n\n\n\n<p>De acordo com Nathalya Nascimento, Coordenadora de Talent Acquisition da Movile, o Mobile Dream 2022 ressalta a estrat\u00e9gia do Grupo Movile em adotar processos de recrutamento mais humanizados e que valorizem a diversidade: \u201cNosso foco \u00e9 conquistar talentos que agreguem e estejam alinhados \u00e0 cultura do Grupo Movile. No Mobile Dream buscamos proporcionar uma experi\u00eancia marcante e de muito desenvolvimento para todos os inscritos. Durante todo o processo as pessoas candidatas&nbsp; ter\u00e3o acesso a diversos cursos e conte\u00fados com foco em carreira, e tamb\u00e9m ficam livres para trocar experi\u00eancias com outras pessoas candidatas e colaboradores do ecossistema do Grupo Movile\u201d, afirma.&nbsp;<\/p>\n\n\n\n<p><strong>Metodologia<\/strong><\/p>\n\n\n\n<p>Todo o processo seletivo ser\u00e1 conduzido totalmente \u00e0s cegas, ocultando informa\u00e7\u00f5es que possam gerar vieses, e com foco em entender os objetivos profissionais e as principais caracter\u00edsticas dos participantes. \u201cEstamos utilizando a tecnologia a nosso favor. Criamos a Nathy, um <em>bot<\/em> que ser\u00e1 respons\u00e1vel por conduzir todas as etapas online do processo seletivo, gerando uma experi\u00eancia melhor para todas as pessoas candidatas. Al\u00e9m disso, ao final do processo, as pessoas aprovadas poder\u00e3o receber uma proposta de trabalho de mais de uma empresa do Grupo Movile, ficando a crit\u00e9rio de cada uma escolher onde iniciar a carreira\u201d, explica Nathalya.<\/p>\n\n\n\n<p><strong>Case de sucesso<\/strong><\/p>\n\n\n\n<p>O Mobile Dream se tornou case para o Grupo Movile. Segundo dados da empresa, na \u00faltima turma, de 2021, foram contratados mais de 180 talentos. Desses profissionais, cerca de 55% s\u00e3o mulheres, 40% intitulados pretos e pardos e 32% pertencentes \u00e0 comunidade LGBTQIA+. O programa tamb\u00e9m se tornou refer\u00eancia internacional em contrata\u00e7\u00e3o de diversidade no evento Early Stage do TechCrunch.<\/p>\n\n\n\n<p>O Mobile Dream 2022 conta com vagas em tecnologia, marketing, finan\u00e7as, log\u00edstica e recursos humanos, entre outras.<strong>Servi\u00e7o<\/strong><\/p>\n\n\n\n<p><strong>Mobile Dream 2022<\/strong><\/p>\n\n\n\n<p><strong>Inscri\u00e7\u00f5es:<\/strong> de 16 de agosto a 26 de setembro no <a href=\"https:\/\/www.movile.com.br\/mobiledream2022\" target=\"_blank\" rel=\"noreferrer noopener\">site do programa<\/a><\/p>\n\n\n\n<p><strong>Pr\u00e9-requisitos:<\/strong><\/p>\n\n\n\n<ul class=\"wp-block-list\"><li>Para o <strong>Internship<\/strong>:<ul><li>Estar cursando o ensino superior<\/li><li>Disponibilidade para estagiar pelo menos at\u00e9 dezembro de 2022<\/li><\/ul><\/li><li>Para o <strong>Mobile Dream Talent<\/strong><ul><li>Ter se formado entre janeiro de 2016 e dezembro de 2021<\/li><li>Ter pelo menos 1 ano de experi\u00eancia profissional em qualquer \u00e1rea<\/li><\/ul><\/li><\/ul>\n","protected":false},"excerpt":{"rendered":"<p>Com o objetivo de acelerar a estrat\u00e9gia de recrutamento de jovens talentosos e diversos, o Grupo Movile, ecossistema de empresas de tecnologia l\u00edder na Am\u00e9rica Latina, anuncia que as inscri\u00e7\u00f5es para a nova edi\u00e7\u00e3o do Mobile Dream &#8211; programa de est\u00e1gio e jovens talentos, est\u00e3o abertas a partir de hoje (16). A princ\u00edpio, s\u00e3o mais [&hellip;]<\/p>\n","protected":false},"author":1,"featured_media":27490,"comment_status":"open","ping_status":"open","sticky":false,"template":"","format":"standard","meta":{"tdm_status":"","tdm_grid_status":"","footnotes":""},"categories":[11,6],"tags":[33,4340,293,28,185],"class_list":["post-27489","post","type-post","status-publish","format-standard","has-post-thumbnail","hentry","category-digital","category-noticias","tag-estrategia","tag-grupo-movile","tag-inovacao","tag-marketing","tag-tecnologia"],"yoast_head":"<!-- This site is optimized with the Yoast SEO plugin v27.5 - https:\/\/yoast.com\/product\/yoast-seo-wordpress\/ -->\n<title>Grupo Movile abre inscri\u00e7\u00f5es para programa de est\u00e1gios e treinees no Brasil - CidadeMarketing<\/title>\n<meta name=\"robots\" content=\"index, follow, max-snippet:-1, max-image-preview:large, max-video-preview:-1\" \/>\n<link rel=\"canonical\" href=\"https:\/\/www.cidademarketing.com.br\/marketing\/2021\/08\/17\/grupo-movile-abre-inscricoes-para-programa-de-estagios-e-treinees-no-brasil\/\" \/>\n<meta property=\"og:locale\" content=\"pt_BR\" \/>\n<meta property=\"og:type\" content=\"article\" \/>\n<meta property=\"og:title\" content=\"Grupo Movile abre inscri\u00e7\u00f5es para programa de est\u00e1gios e treinees no Brasil - CidadeMarketing\" \/>\n<meta property=\"og:description\" content=\"Com o objetivo de acelerar a estrat\u00e9gia de recrutamento de jovens talentosos e diversos, o Grupo Movile, ecossistema de empresas de tecnologia l\u00edder na Am\u00e9rica Latina, anuncia que as inscri\u00e7\u00f5es para a nova edi\u00e7\u00e3o do Mobile Dream &#8211; programa de est\u00e1gio e jovens talentos, est\u00e3o abertas a partir de hoje (16). A princ\u00edpio, s\u00e3o mais [&hellip;]\" \/>\n<meta property=\"og:url\" content=\"https:\/\/www.cidademarketing.com.br\/marketing\/2021\/08\/17\/grupo-movile-abre-inscricoes-para-programa-de-estagios-e-treinees-no-brasil\/\" \/>\n<meta property=\"og:site_name\" content=\"CidadeMarketing\" \/>\n<meta property=\"article:publisher\" content=\"https:\/\/www.facebook.com\/portalcidademarketing\" \/>\n<meta property=\"article:author\" content=\"https:\/\/www.facebook.com\/thalesbrandao\" \/>\n<meta property=\"article:published_time\" content=\"2021-08-17T23:40:18+00:00\" \/>\n<meta property=\"article:modified_time\" content=\"2021-08-17T23:40:21+00:00\" \/>\n<meta property=\"og:image\" content=\"https:\/\/www.cidademarketing.com.br\/marketing\/wp-content\/uploads\/2021\/08\/Movile-Mobile-Dream-2022.png\" \/>\n\t<meta property=\"og:image:width\" content=\"1200\" \/>\n\t<meta property=\"og:image:height\" content=\"1200\" \/>\n\t<meta property=\"og:image:type\" content=\"image\/png\" \/>\n<meta name=\"author\" content=\"Thales Brand\u00e3o\" \/>\n<meta name=\"twitter:card\" content=\"summary_large_image\" \/>\n<meta name=\"twitter:creator\" content=\"@http:\/\/www.twitter.com\/thalesbrandao\" \/>\n<meta name=\"twitter:site\" content=\"@CidadeMarketing\" \/>\n<meta name=\"twitter:label1\" content=\"Escrito por\" \/>\n\t<meta name=\"twitter:data1\" content=\"Thales Brand\u00e3o\" \/>\n\t<meta name=\"twitter:label2\" content=\"Est. tempo de leitura\" \/>\n\t<meta name=\"twitter:data2\" content=\"3 minutos\" \/>\n<script type=\"application\/ld+json\" class=\"yoast-schema-graph\">{\"@context\":\"https:\\\/\\\/schema.org\",\"@graph\":[{\"@type\":\"Article\",\"@id\":\"https:\\\/\\\/www.cidademarketing.com.br\\\/marketing\\\/2021\\\/08\\\/17\\\/grupo-movile-abre-inscricoes-para-programa-de-estagios-e-treinees-no-brasil\\\/#article\",\"isPartOf\":{\"@id\":\"https:\\\/\\\/www.cidademarketing.com.br\\\/marketing\\\/2021\\\/08\\\/17\\\/grupo-movile-abre-inscricoes-para-programa-de-estagios-e-treinees-no-brasil\\\/\"},\"author\":{\"name\":\"Thales Brand\u00e3o\",\"@id\":\"https:\\\/\\\/www.cidademarketing.com.br\\\/marketing\\\/#\\\/schema\\\/person\\\/02daff9f18bd9378c9e01eb6b2db155f\"},\"headline\":\"Grupo Movile abre inscri\u00e7\u00f5es para programa de est\u00e1gios e treinees no Brasil\",\"datePublished\":\"2021-08-17T23:40:18+00:00\",\"dateModified\":\"2021-08-17T23:40:21+00:00\",\"mainEntityOfPage\":{\"@id\":\"https:\\\/\\\/www.cidademarketing.com.br\\\/marketing\\\/2021\\\/08\\\/17\\\/grupo-movile-abre-inscricoes-para-programa-de-estagios-e-treinees-no-brasil\\\/\"},\"wordCount\":623,\"commentCount\":0,\"publisher\":{\"@id\":\"https:\\\/\\\/www.cidademarketing.com.br\\\/marketing\\\/#organization\"},\"image\":{\"@id\":\"https:\\\/\\\/www.cidademarketing.com.br\\\/marketing\\\/2021\\\/08\\\/17\\\/grupo-movile-abre-inscricoes-para-programa-de-estagios-e-treinees-no-brasil\\\/#primaryimage\"},\"thumbnailUrl\":\"https:\\\/\\\/www.cidademarketing.com.br\\\/marketing\\\/wp-content\\\/uploads\\\/2021\\\/08\\\/Movile-Mobile-Dream-2022.png\",\"keywords\":[\"estrat\u00e9gia\",\"Grupo Movile\",\"inova\u00e7\u00e3o\",\"marketing\",\"tecnologia\"],\"articleSection\":[\"Digital\",\"Not\u00edcias\"],\"inLanguage\":\"pt-BR\",\"potentialAction\":[{\"@type\":\"CommentAction\",\"name\":\"Comment\",\"target\":[\"https:\\\/\\\/www.cidademarketing.com.br\\\/marketing\\\/2021\\\/08\\\/17\\\/grupo-movile-abre-inscricoes-para-programa-de-estagios-e-treinees-no-brasil\\\/#respond\"]}]},{\"@type\":\"WebPage\",\"@id\":\"https:\\\/\\\/www.cidademarketing.com.br\\\/marketing\\\/2021\\\/08\\\/17\\\/grupo-movile-abre-inscricoes-para-programa-de-estagios-e-treinees-no-brasil\\\/\",\"url\":\"https:\\\/\\\/www.cidademarketing.com.br\\\/marketing\\\/2021\\\/08\\\/17\\\/grupo-movile-abre-inscricoes-para-programa-de-estagios-e-treinees-no-brasil\\\/\",\"name\":\"Grupo Movile abre inscri\u00e7\u00f5es para programa de est\u00e1gios e treinees no Brasil - CidadeMarketing\",\"isPartOf\":{\"@id\":\"https:\\\/\\\/www.cidademarketing.com.br\\\/marketing\\\/#website\"},\"primaryImageOfPage\":{\"@id\":\"https:\\\/\\\/www.cidademarketing.com.br\\\/marketing\\\/2021\\\/08\\\/17\\\/grupo-movile-abre-inscricoes-para-programa-de-estagios-e-treinees-no-brasil\\\/#primaryimage\"},\"image\":{\"@id\":\"https:\\\/\\\/www.cidademarketing.com.br\\\/marketing\\\/2021\\\/08\\\/17\\\/grupo-movile-abre-inscricoes-para-programa-de-estagios-e-treinees-no-brasil\\\/#primaryimage\"},\"thumbnailUrl\":\"https:\\\/\\\/www.cidademarketing.com.br\\\/marketing\\\/wp-content\\\/uploads\\\/2021\\\/08\\\/Movile-Mobile-Dream-2022.png\",\"datePublished\":\"2021-08-17T23:40:18+00:00\",\"dateModified\":\"2021-08-17T23:40:21+00:00\",\"breadcrumb\":{\"@id\":\"https:\\\/\\\/www.cidademarketing.com.br\\\/marketing\\\/2021\\\/08\\\/17\\\/grupo-movile-abre-inscricoes-para-programa-de-estagios-e-treinees-no-brasil\\\/#breadcrumb\"},\"inLanguage\":\"pt-BR\",\"potentialAction\":[{\"@type\":\"ReadAction\",\"target\":[\"https:\\\/\\\/www.cidademarketing.com.br\\\/marketing\\\/2021\\\/08\\\/17\\\/grupo-movile-abre-inscricoes-para-programa-de-estagios-e-treinees-no-brasil\\\/\"]}]},{\"@type\":\"ImageObject\",\"inLanguage\":\"pt-BR\",\"@id\":\"https:\\\/\\\/www.cidademarketing.com.br\\\/marketing\\\/2021\\\/08\\\/17\\\/grupo-movile-abre-inscricoes-para-programa-de-estagios-e-treinees-no-brasil\\\/#primaryimage\",\"url\":\"https:\\\/\\\/www.cidademarketing.com.br\\\/marketing\\\/wp-content\\\/uploads\\\/2021\\\/08\\\/Movile-Mobile-Dream-2022.png\",\"contentUrl\":\"https:\\\/\\\/www.cidademarketing.com.br\\\/marketing\\\/wp-content\\\/uploads\\\/2021\\\/08\\\/Movile-Mobile-Dream-2022.png\",\"width\":1200,\"height\":1200,\"caption\":\"Divulga\u00e7\u00e3o\"},{\"@type\":\"BreadcrumbList\",\"@id\":\"https:\\\/\\\/www.cidademarketing.com.br\\\/marketing\\\/2021\\\/08\\\/17\\\/grupo-movile-abre-inscricoes-para-programa-de-estagios-e-treinees-no-brasil\\\/#breadcrumb\",\"itemListElement\":[{\"@type\":\"ListItem\",\"position\":1,\"name\":\"In\u00edcio\",\"item\":\"https:\\\/\\\/www.cidademarketing.com.br\\\/marketing\\\/\"},{\"@type\":\"ListItem\",\"position\":2,\"name\":\"Grupo Movile abre inscri\u00e7\u00f5es para programa de est\u00e1gios e treinees no Brasil\"}]},{\"@type\":\"WebSite\",\"@id\":\"https:\\\/\\\/www.cidademarketing.com.br\\\/marketing\\\/#website\",\"url\":\"https:\\\/\\\/www.cidademarketing.com.br\\\/marketing\\\/\",\"name\":\"CidadeMarketing\",\"description\":\"Somos um ve\u00edculo de comunica\u00e7\u00e3o de destaque no Brasil, reconhecido por conte\u00fados nos segmentos de marketing, empreendedorismo e inova\u00e7\u00e3o.\",\"publisher\":{\"@id\":\"https:\\\/\\\/www.cidademarketing.com.br\\\/marketing\\\/#organization\"},\"alternateName\":\"CidadeMarketing\",\"potentialAction\":[{\"@type\":\"SearchAction\",\"target\":{\"@type\":\"EntryPoint\",\"urlTemplate\":\"https:\\\/\\\/www.cidademarketing.com.br\\\/marketing\\\/?s={search_term_string}\"},\"query-input\":{\"@type\":\"PropertyValueSpecification\",\"valueRequired\":true,\"valueName\":\"search_term_string\"}}],\"inLanguage\":\"pt-BR\"},{\"@type\":\"Organization\",\"@id\":\"https:\\\/\\\/www.cidademarketing.com.br\\\/marketing\\\/#organization\",\"name\":\"CidadeMarketing\",\"alternateName\":\"CidadeMarketing\",\"url\":\"https:\\\/\\\/www.cidademarketing.com.br\\\/marketing\\\/\",\"logo\":{\"@type\":\"ImageObject\",\"inLanguage\":\"pt-BR\",\"@id\":\"https:\\\/\\\/www.cidademarketing.com.br\\\/marketing\\\/#\\\/schema\\\/logo\\\/image\\\/\",\"url\":\"https:\\\/\\\/www.cidademarketing.com.br\\\/marketing\\\/wp-content\\\/uploads\\\/2020\\\/01\\\/cidademarketing_marca_mobile.png\",\"contentUrl\":\"https:\\\/\\\/www.cidademarketing.com.br\\\/marketing\\\/wp-content\\\/uploads\\\/2020\\\/01\\\/cidademarketing_marca_mobile.png\",\"width\":230,\"height\":92,\"caption\":\"CidadeMarketing\"},\"image\":{\"@id\":\"https:\\\/\\\/www.cidademarketing.com.br\\\/marketing\\\/#\\\/schema\\\/logo\\\/image\\\/\"},\"sameAs\":[\"https:\\\/\\\/www.facebook.com\\\/portalcidademarketing\",\"https:\\\/\\\/x.com\\\/CidadeMarketing\",\"https:\\\/\\\/www.instagram.com\\\/cidademarketing\\\/\"]},{\"@type\":\"Person\",\"@id\":\"https:\\\/\\\/www.cidademarketing.com.br\\\/marketing\\\/#\\\/schema\\\/person\\\/02daff9f18bd9378c9e01eb6b2db155f\",\"name\":\"Thales Brand\u00e3o\",\"image\":{\"@type\":\"ImageObject\",\"inLanguage\":\"pt-BR\",\"@id\":\"https:\\\/\\\/secure.gravatar.com\\\/avatar\\\/7ca3206950207cc3cb48feec56a8a7898741ab725c368d99d5d7a5a50aab80c6?s=96&d=mm&r=g\",\"url\":\"https:\\\/\\\/secure.gravatar.com\\\/avatar\\\/7ca3206950207cc3cb48feec56a8a7898741ab725c368d99d5d7a5a50aab80c6?s=96&d=mm&r=g\",\"contentUrl\":\"https:\\\/\\\/secure.gravatar.com\\\/avatar\\\/7ca3206950207cc3cb48feec56a8a7898741ab725c368d99d5d7a5a50aab80c6?s=96&d=mm&r=g\",\"caption\":\"Thales Brand\u00e3o\"},\"description\":\"Editor Executivo do Portal CidadeMarketing.com.br &gt; Mestre em Comunica\u00e7\u00e3o e Sociedade pela Universidade Federal de Sergipe. Possui MBA Executivo em Administra\u00e7\u00e3o com \u00eanfase em Marketing pela Funda\u00e7\u00e3o Get\u00falio Vargas - Rio de Janeiro. Consultor, Palestrante e Pesquisador sobre Empreendedorismo, Marketing, Redes Sociais e Neg\u00f3cios Digitais. Professor, Palestrante TedxTalks e Campus Party. Twitter: @ThalesBrandao\",\"sameAs\":[\"http:\\\/\\\/www.mandacaru.com.br\",\"https:\\\/\\\/www.facebook.com\\\/thalesbrandao\",\"http:\\\/\\\/www.instagram.com.br\\\/thalesbrandaoferreira\",\"https:\\\/\\\/www.linkedin.com\\\/in\\\/thales-brand\u00e3o-3948609\\\/\",\"https:\\\/\\\/x.com\\\/http:\\\/\\\/www.twitter.com\\\/thalesbrandao\"],\"url\":\"https:\\\/\\\/www.cidademarketing.com.br\\\/marketing\\\/author\\\/thalesbrandao\\\/\"}]}<\/script>\n<!-- \/ Yoast SEO plugin. -->","yoast_head_json":{"title":"Grupo Movile abre inscri\u00e7\u00f5es para programa de est\u00e1gios e treinees no Brasil - CidadeMarketing","robots":{"index":"index","follow":"follow","max-snippet":"max-snippet:-1","max-image-preview":"max-image-preview:large","max-video-preview":"max-video-preview:-1"},"canonical":"https:\/\/www.cidademarketing.com.br\/marketing\/2021\/08\/17\/grupo-movile-abre-inscricoes-para-programa-de-estagios-e-treinees-no-brasil\/","og_locale":"pt_BR","og_type":"article","og_title":"Grupo Movile abre inscri\u00e7\u00f5es para programa de est\u00e1gios e treinees no Brasil - CidadeMarketing","og_description":"Com o objetivo de acelerar a estrat\u00e9gia de recrutamento de jovens talentosos e diversos, o Grupo Movile, ecossistema de empresas de tecnologia l\u00edder na Am\u00e9rica Latina, anuncia que as inscri\u00e7\u00f5es para a nova edi\u00e7\u00e3o do Mobile Dream &#8211; programa de est\u00e1gio e jovens talentos, est\u00e3o abertas a partir de hoje (16). A princ\u00edpio, s\u00e3o mais [&hellip;]","og_url":"https:\/\/www.cidademarketing.com.br\/marketing\/2021\/08\/17\/grupo-movile-abre-inscricoes-para-programa-de-estagios-e-treinees-no-brasil\/","og_site_name":"CidadeMarketing","article_publisher":"https:\/\/www.facebook.com\/portalcidademarketing","article_author":"https:\/\/www.facebook.com\/thalesbrandao","article_published_time":"2021-08-17T23:40:18+00:00","article_modified_time":"2021-08-17T23:40:21+00:00","og_image":[{"width":1200,"height":1200,"url":"https:\/\/www.cidademarketing.com.br\/marketing\/wp-content\/uploads\/2021\/08\/Movile-Mobile-Dream-2022.png","type":"image\/png"}],"author":"Thales Brand\u00e3o","twitter_card":"summary_large_image","twitter_creator":"@http:\/\/www.twitter.com\/thalesbrandao","twitter_site":"@CidadeMarketing","twitter_misc":{"Escrito por":"Thales Brand\u00e3o","Est. tempo de leitura":"3 minutos"},"schema":{"@context":"https:\/\/schema.org","@graph":[{"@type":"Article","@id":"https:\/\/www.cidademarketing.com.br\/marketing\/2021\/08\/17\/grupo-movile-abre-inscricoes-para-programa-de-estagios-e-treinees-no-brasil\/#article","isPartOf":{"@id":"https:\/\/www.cidademarketing.com.br\/marketing\/2021\/08\/17\/grupo-movile-abre-inscricoes-para-programa-de-estagios-e-treinees-no-brasil\/"},"author":{"name":"Thales Brand\u00e3o","@id":"https:\/\/www.cidademarketing.com.br\/marketing\/#\/schema\/person\/02daff9f18bd9378c9e01eb6b2db155f"},"headline":"Grupo Movile abre inscri\u00e7\u00f5es para programa de est\u00e1gios e treinees no Brasil","datePublished":"2021-08-17T23:40:18+00:00","dateModified":"2021-08-17T23:40:21+00:00","mainEntityOfPage":{"@id":"https:\/\/www.cidademarketing.com.br\/marketing\/2021\/08\/17\/grupo-movile-abre-inscricoes-para-programa-de-estagios-e-treinees-no-brasil\/"},"wordCount":623,"commentCount":0,"publisher":{"@id":"https:\/\/www.cidademarketing.com.br\/marketing\/#organization"},"image":{"@id":"https:\/\/www.cidademarketing.com.br\/marketing\/2021\/08\/17\/grupo-movile-abre-inscricoes-para-programa-de-estagios-e-treinees-no-brasil\/#primaryimage"},"thumbnailUrl":"https:\/\/www.cidademarketing.com.br\/marketing\/wp-content\/uploads\/2021\/08\/Movile-Mobile-Dream-2022.png","keywords":["estrat\u00e9gia","Grupo Movile","inova\u00e7\u00e3o","marketing","tecnologia"],"articleSection":["Digital","Not\u00edcias"],"inLanguage":"pt-BR","potentialAction":[{"@type":"CommentAction","name":"Comment","target":["https:\/\/www.cidademarketing.com.br\/marketing\/2021\/08\/17\/grupo-movile-abre-inscricoes-para-programa-de-estagios-e-treinees-no-brasil\/#respond"]}]},{"@type":"WebPage","@id":"https:\/\/www.cidademarketing.com.br\/marketing\/2021\/08\/17\/grupo-movile-abre-inscricoes-para-programa-de-estagios-e-treinees-no-brasil\/","url":"https:\/\/www.cidademarketing.com.br\/marketing\/2021\/08\/17\/grupo-movile-abre-inscricoes-para-programa-de-estagios-e-treinees-no-brasil\/","name":"Grupo Movile abre inscri\u00e7\u00f5es para programa de est\u00e1gios e treinees no Brasil - CidadeMarketing","isPartOf":{"@id":"https:\/\/www.cidademarketing.com.br\/marketing\/#website"},"primaryImageOfPage":{"@id":"https:\/\/www.cidademarketing.com.br\/marketing\/2021\/08\/17\/grupo-movile-abre-inscricoes-para-programa-de-estagios-e-treinees-no-brasil\/#primaryimage"},"image":{"@id":"https:\/\/www.cidademarketing.com.br\/marketing\/2021\/08\/17\/grupo-movile-abre-inscricoes-para-programa-de-estagios-e-treinees-no-brasil\/#primaryimage"},"thumbnailUrl":"https:\/\/www.cidademarketing.com.br\/marketing\/wp-content\/uploads\/2021\/08\/Movile-Mobile-Dream-2022.png","datePublished":"2021-08-17T23:40:18+00:00","dateModified":"2021-08-17T23:40:21+00:00","breadcrumb":{"@id":"https:\/\/www.cidademarketing.com.br\/marketing\/2021\/08\/17\/grupo-movile-abre-inscricoes-para-programa-de-estagios-e-treinees-no-brasil\/#breadcrumb"},"inLanguage":"pt-BR","potentialAction":[{"@type":"ReadAction","target":["https:\/\/www.cidademarketing.com.br\/marketing\/2021\/08\/17\/grupo-movile-abre-inscricoes-para-programa-de-estagios-e-treinees-no-brasil\/"]}]},{"@type":"ImageObject","inLanguage":"pt-BR","@id":"https:\/\/www.cidademarketing.com.br\/marketing\/2021\/08\/17\/grupo-movile-abre-inscricoes-para-programa-de-estagios-e-treinees-no-brasil\/#primaryimage","url":"https:\/\/www.cidademarketing.com.br\/marketing\/wp-content\/uploads\/2021\/08\/Movile-Mobile-Dream-2022.png","contentUrl":"https:\/\/www.cidademarketing.com.br\/marketing\/wp-content\/uploads\/2021\/08\/Movile-Mobile-Dream-2022.png","width":1200,"height":1200,"caption":"Divulga\u00e7\u00e3o"},{"@type":"BreadcrumbList","@id":"https:\/\/www.cidademarketing.com.br\/marketing\/2021\/08\/17\/grupo-movile-abre-inscricoes-para-programa-de-estagios-e-treinees-no-brasil\/#breadcrumb","itemListElement":[{"@type":"ListItem","position":1,"name":"In\u00edcio","item":"https:\/\/www.cidademarketing.com.br\/marketing\/"},{"@type":"ListItem","position":2,"name":"Grupo Movile abre inscri\u00e7\u00f5es para programa de est\u00e1gios e treinees no Brasil"}]},{"@type":"WebSite","@id":"https:\/\/www.cidademarketing.com.br\/marketing\/#website","url":"https:\/\/www.cidademarketing.com.br\/marketing\/","name":"CidadeMarketing","description":"Somos um ve\u00edculo de comunica\u00e7\u00e3o de destaque no Brasil, reconhecido por conte\u00fados nos segmentos de marketing, empreendedorismo e inova\u00e7\u00e3o.","publisher":{"@id":"https:\/\/www.cidademarketing.com.br\/marketing\/#organization"},"alternateName":"CidadeMarketing","potentialAction":[{"@type":"SearchAction","target":{"@type":"EntryPoint","urlTemplate":"https:\/\/www.cidademarketing.com.br\/marketing\/?s={search_term_string}"},"query-input":{"@type":"PropertyValueSpecification","valueRequired":true,"valueName":"search_term_string"}}],"inLanguage":"pt-BR"},{"@type":"Organization","@id":"https:\/\/www.cidademarketing.com.br\/marketing\/#organization","name":"CidadeMarketing","alternateName":"CidadeMarketing","url":"https:\/\/www.cidademarketing.com.br\/marketing\/","logo":{"@type":"ImageObject","inLanguage":"pt-BR","@id":"https:\/\/www.cidademarketing.com.br\/marketing\/#\/schema\/logo\/image\/","url":"https:\/\/www.cidademarketing.com.br\/marketing\/wp-content\/uploads\/2020\/01\/cidademarketing_marca_mobile.png","contentUrl":"https:\/\/www.cidademarketing.com.br\/marketing\/wp-content\/uploads\/2020\/01\/cidademarketing_marca_mobile.png","width":230,"height":92,"caption":"CidadeMarketing"},"image":{"@id":"https:\/\/www.cidademarketing.com.br\/marketing\/#\/schema\/logo\/image\/"},"sameAs":["https:\/\/www.facebook.com\/portalcidademarketing","https:\/\/x.com\/CidadeMarketing","https:\/\/www.instagram.com\/cidademarketing\/"]},{"@type":"Person","@id":"https:\/\/www.cidademarketing.com.br\/marketing\/#\/schema\/person\/02daff9f18bd9378c9e01eb6b2db155f","name":"Thales Brand\u00e3o","image":{"@type":"ImageObject","inLanguage":"pt-BR","@id":"https:\/\/secure.gravatar.com\/avatar\/7ca3206950207cc3cb48feec56a8a7898741ab725c368d99d5d7a5a50aab80c6?s=96&d=mm&r=g","url":"https:\/\/secure.gravatar.com\/avatar\/7ca3206950207cc3cb48feec56a8a7898741ab725c368d99d5d7a5a50aab80c6?s=96&d=mm&r=g","contentUrl":"https:\/\/secure.gravatar.com\/avatar\/7ca3206950207cc3cb48feec56a8a7898741ab725c368d99d5d7a5a50aab80c6?s=96&d=mm&r=g","caption":"Thales Brand\u00e3o"},"description":"Editor Executivo do Portal CidadeMarketing.com.br &gt; Mestre em Comunica\u00e7\u00e3o e Sociedade pela Universidade Federal de Sergipe. Possui MBA Executivo em Administra\u00e7\u00e3o com \u00eanfase em Marketing pela Funda\u00e7\u00e3o Get\u00falio Vargas - Rio de Janeiro. Consultor, Palestrante e Pesquisador sobre Empreendedorismo, Marketing, Redes Sociais e Neg\u00f3cios Digitais. Professor, Palestrante TedxTalks e Campus Party. Twitter: @ThalesBrandao","sameAs":["http:\/\/www.mandacaru.com.br","https:\/\/www.facebook.com\/thalesbrandao","http:\/\/www.instagram.com.br\/thalesbrandaoferreira","https:\/\/www.linkedin.com\/in\/thales-brand\u00e3o-3948609\/","https:\/\/x.com\/http:\/\/www.twitter.com\/thalesbrandao"],"url":"https:\/\/www.cidademarketing.com.br\/marketing\/author\/thalesbrandao\/"}]}},"amp_enabled":true,"_links":{"self":[{"href":"https:\/\/www.cidademarketing.com.br\/marketing\/wp-json\/wp\/v2\/posts\/27489","targetHints":{"allow":["GET"]}}],"collection":[{"href":"https:\/\/www.cidademarketing.com.br\/marketing\/wp-json\/wp\/v2\/posts"}],"about":[{"href":"https:\/\/www.cidademarketing.com.br\/marketing\/wp-json\/wp\/v2\/types\/post"}],"author":[{"embeddable":true,"href":"https:\/\/www.cidademarketing.com.br\/marketing\/wp-json\/wp\/v2\/users\/1"}],"replies":[{"embeddable":true,"href":"https:\/\/www.cidademarketing.com.br\/marketing\/wp-json\/wp\/v2\/comments?post=27489"}],"version-history":[{"count":1,"href":"https:\/\/www.cidademarketing.com.br\/marketing\/wp-json\/wp\/v2\/posts\/27489\/revisions"}],"predecessor-version":[{"id":27491,"href":"https:\/\/www.cidademarketing.com.br\/marketing\/wp-json\/wp\/v2\/posts\/27489\/revisions\/27491"}],"wp:featuredmedia":[{"embeddable":true,"href":"https:\/\/www.cidademarketing.com.br\/marketing\/wp-json\/wp\/v2\/media\/27490"}],"wp:attachment":[{"href":"https:\/\/www.cidademarketing.com.br\/marketing\/wp-json\/wp\/v2\/media?parent=27489"}],"wp:term":[{"taxonomy":"category","embeddable":true,"href":"https:\/\/www.cidademarketing.com.br\/marketing\/wp-json\/wp\/v2\/categories?post=27489"},{"taxonomy":"post_tag","embeddable":true,"href":"https:\/\/www.cidademarketing.com.br\/marketing\/wp-json\/wp\/v2\/tags?post=27489"}],"curies":[{"name":"wp","href":"https:\/\/api.w.org\/{rel}","templated":true}]}}